{"id":8723,"date":"2021-09-22T00:01:00","date_gmt":"2021-09-21T23:01:00","guid":{"rendered":"https:\/\/lasentinelle.dz\/?p=8723"},"modified":"2021-09-21T17:36:20","modified_gmt":"2021-09-21T16:36:20","slug":"le-parlement-vote-une-motion-de-censure-contre-le-gouvernement-quelle-sortie-de-crise-en-libye","status":"publish","type":"post","link":"https:\/\/lasentinelle.dz\/index.php\/2021\/09\/22\/le-parlement-vote-une-motion-de-censure-contre-le-gouvernement-quelle-sortie-de-crise-en-libye\/","title":{"rendered":"Le Parlement vote une motion de censure contre le gouvernement : Quelle sortie de crise en Libye ?"},"content":{"rendered":"\n<p>La situation semble se compliquer en Libye qui conna\u00eet de nouvelles dissensions politiques provoqu\u00e9es par le parlement de Tobrouk. Quelques jours apr\u00e8s la ratification d\u2019une loi \u00e9lectorale controvers\u00e9e, voil\u00e0 que le parlement libyen d\u00e9cide de voter une motion de censure contre le gouvernement d\u2019union nationale issue du Forum de dialogue interlibyen, mena\u00e7ant encore plus le processus de transition qui doit aboutir \u00e0 des \u00e9lections le 24 d\u00e9cembre prochain.<\/p>\n\n\n\n<p>En effet, le Parlement libyen a vot\u00e9 hier une motion de censure contre le gouvernement de transition du Premier ministre Abdelhamid Dbeibah, \u00e0 trois mois d&rsquo;un double scrutin crucial cens\u00e9 sortir le pays d&rsquo;une d\u00e9cennie de chaos.&nbsp; Cette motion a \u00e9t\u00e9 vot\u00e9e par 89 d\u00e9put\u00e9s sur les 113 pr\u00e9sents, a pr\u00e9cis\u00e9 le porte-parole du Parlement bas\u00e9 \u00e0 Tobrouk (Est), moins de deux semaines apr\u00e8s la ratification d&rsquo;une loi \u00e9lectorale controvers\u00e9e ayant provoqu\u00e9 une mont\u00e9e des tensions entre les camps rivaux dans le pays.<\/p>\n\n\n\n<p>Le vote a eu lieu lors d&rsquo;une s\u00e9ance \u00e0 huis clos en pr\u00e9sence du pr\u00e9sident du Parlement Aguila Saleh, un un alli\u00e9 du mar\u00e9chal Khalifa Haftar. Le Haut Conseil d&rsquo;Etat libyen (HCE), instance faisant office de S\u00e9nat bas\u00e9e \u00e0 Tripoli (Ouest), a rapidement r\u00e9agi d\u00e9clarant son \u00ab\u00a0rejet de la proc\u00e9dure\u00a0\u00bb, consid\u00e9rant cette d\u00e9marche comme \u00ab\u00a0nulle\u00a0\u00bb et \u00ab\u00a0en violation de la D\u00e9claration constitutionnelle et de l&rsquo;accord politique\u00a0\u00bb de 2015. Pour sa part, le gouvernement libyen n&rsquo;a pas comment\u00e9 l&rsquo;annonce de la Chambre des repr\u00e9sentants jusqu&rsquo;\u00e0 la mi-journ\u00e9e.<\/p>\n\n\n\n<p>Le vote de la motion de censure intervient quelques jours apr\u00e8s la ratification d\u2019une loi \u00e9lectorale controvers\u00e9e qui a exacerb\u00e9 les tensions entre les parties en conflit. La ratification le 9 septembre d&rsquo;une loi \u00e9lectorale \u2013 pr\u00e9sum\u00e9e taill\u00e9e sur mesure Khalifa Haftar \u2013 a provoqu\u00e9 une mont\u00e9e des tensions \u00e0 trois mois du double scrutin crucial.Non soumis \u00e0 un vote et sign\u00e9 par Aguila Saleh, le texte a \u00e9t\u00e9 accueilli par un d\u00e9luge de critiques de d\u00e9put\u00e9s et d&rsquo;autres instances \u00e9cart\u00e9es du processus l\u00e9gislatif.Le Haut Conseil d&rsquo;\u00c9tat libyena propos\u00e9 pour sa part lundi un report d&rsquo;au moins un an du scrutin pr\u00e9sidentiel, faute de consensus sur la loi \u00e9lectorale.<\/p>\n\n\n\n<p>Il est cependant clair que les \u00e9lections, aux c\u00f4t\u00e9s du retrait des mercenaires et des forces \u00e9trang\u00e8res de Libye sont la seule issue pour une sortie de crise en Libye. Un processus qui doit \u00e9galement \u00eatre adoss\u00e9e \u00e0 une d\u00e9marche de r\u00e9conciliation nationale.<\/p>\n\n\n\n<p>La Libye tente de s&rsquo;extraire d&rsquo;une d\u00e9cennie de violences depuis la chute du r\u00e9gime de Mouammar Kadhafi en 2011, un chaos marqu\u00e9 ces derni\u00e8res ann\u00e9es par l&rsquo;existence de pouvoirs rivaux dans l&rsquo;Est et l&rsquo;Ouest.Apr\u00e8s la fin des combats \u00e0 l&rsquo;\u00e9t\u00e9 2020, un gouvernement unifi\u00e9 et transitoire dirig\u00e9 par Abdelhamid Dbeibah a \u00e9t\u00e9 form\u00e9 en mars, sous l&rsquo;\u00e9gide de l&rsquo;ONU, pour mener la transition d&rsquo;ici des \u00e9lections l\u00e9gislatives et pr\u00e9sidentielles pr\u00e9vues le 24 d\u00e9cembre.<\/p>\n\n\n\n<p>En d\u00e9cembre, l&rsquo;ONU estimait \u00e0 quelque 20 000 le nombre de mercenaires et combattants \u00e9trangers en Libye.<\/p>\n\n\n\n<p><strong>R.I.<\/strong><\/p>\n","protected":false},"excerpt":{"rendered":"<p>La situation semble se compliquer en Libye qui conna\u00eet de nouvelles dissensions politiques provoqu\u00e9es par le parlement de Tobrouk. Quelques<\/p>\n","protected":false},"author":3,"featured_media":8745,"comment_status":"open","ping_status":"closed","sticky":false,"template":"","format":"standard","meta":{"colormag_page_container_layout":"default_layout","colormag_page_sidebar_layout":"default_layout","om_disable_all_campaigns":false,"_monsterinsights_skip_tracking":false,"_monsterinsights_sitenote_active":false,"_monsterinsights_sitenote_note":"","_monsterinsights_sitenote_category":0,"footnotes":"","_wpscppro_dont_share_socialmedia":false,"_wpscppro_custom_social_share_image":0,"_facebook_share_type":"","_twitter_share_type":"","_linkedin_share_type":"","_pinterest_share_type":"","_linkedin_share_type_page":"","_instagram_share_type":"","_medium_share_type":"","_threads_share_type":"","_google_business_share_type":"","_selected_social_profile":[],"_wpsp_enable_custom_social_template":false,"_wpsp_social_scheduling":{"enabled":false,"datetime":null,"platforms":[],"status":"template_only","dateOption":"today","timeOption":"now","customDays":"","customHours":"","customDate":"","customTime":"","schedulingType":"absolute"},"_wpsp_active_default_template":true},"categories":[37],"tags":[],"class_list":["post-8723","post","type-post","status-publish","format-standard","has-post-thumbnail","hentry","category-monde"],"aioseo_notices":[],"yoast_head":"<!-- This site is optimized with the Yoast SEO plugin v27.5 - https:\/\/yoast.com\/product\/yoast-seo-wordpress\/ -->\n<title>Le Parlement vote une motion de censure contre le gouvernement : Quelle sortie de crise en Libye ? - La Sentinelle<\/title>\n<meta name=\"robots\" content=\"index, follow, max-snippet:-1, max-image-preview:large, max-video-preview:-1\" \/>\n<link rel=\"canonical\" href=\"https:\/\/lasentinelle.dz\/index.php\/2021\/09\/22\/le-parlement-vote-une-motion-de-censure-contre-le-gouvernement-quelle-sortie-de-crise-en-libye\/\" \/>\n<meta property=\"og:locale\" content=\"fr_FR\" \/>\n<meta property=\"og:type\" content=\"article\" \/>\n<meta property=\"og:title\" content=\"Le Parlement vote une motion de censure contre le gouvernement : Quelle sortie de crise en Libye ? - La Sentinelle\" \/>\n<meta property=\"og:description\" content=\"La situation semble se compliquer en Libye qui conna\u00eet de nouvelles dissensions politiques provoqu\u00e9es par le parlement de Tobrouk. Quelques\" \/>\n<meta property=\"og:url\" content=\"https:\/\/lasentinelle.dz\/index.php\/2021\/09\/22\/le-parlement-vote-une-motion-de-censure-contre-le-gouvernement-quelle-sortie-de-crise-en-libye\/\" \/>\n<meta property=\"og:site_name\" content=\"La Sentinelle\" \/>\n<meta property=\"article:publisher\" content=\"https:\/\/www.facebook.com\/La-Sentinelle-104059864394773\" \/>\n<meta property=\"article:published_time\" content=\"2021-09-21T23:01:00+00:00\" \/>\n<meta property=\"og:image\" content=\"https:\/\/lasentinelle.dz\/wp-content\/uploads\/2021\/09\/aguila-saleh.jpeg\" \/>\n\t<meta property=\"og:image:width\" content=\"620\" \/>\n\t<meta property=\"og:image:height\" content=\"413\" \/>\n\t<meta property=\"og:image:type\" content=\"image\/jpeg\" \/>\n<meta name=\"author\" content=\"La Sentinelle\" \/>\n<meta name=\"twitter:card\" content=\"summary_large_image\" \/>\n<meta name=\"twitter:label1\" content=\"\u00c9crit par\" \/>\n\t<meta name=\"twitter:data1\" content=\"La Sentinelle\" \/>\n\t<meta name=\"twitter:label2\" content=\"Dur\u00e9e de lecture estim\u00e9e\" \/>\n\t<meta name=\"twitter:data2\" content=\"3 minutes\" \/>\n<script type=\"application\/ld+json\" class=\"yoast-schema-graph\">{\"@context\":\"https:\\\/\\\/schema.org\",\"@graph\":[{\"@type\":\"Article\",\"@id\":\"https:\\\/\\\/lasentinelle.dz\\\/index.php\\\/2021\\\/09\\\/22\\\/le-parlement-vote-une-motion-de-censure-contre-le-gouvernement-quelle-sortie-de-crise-en-libye\\\/#article\",\"isPartOf\":{\"@id\":\"https:\\\/\\\/lasentinelle.dz\\\/index.php\\\/2021\\\/09\\\/22\\\/le-parlement-vote-une-motion-de-censure-contre-le-gouvernement-quelle-sortie-de-crise-en-libye\\\/\"},\"author\":{\"name\":\"La Sentinelle\",\"@id\":\"https:\\\/\\\/lasentinelle.dz\\\/#\\\/schema\\\/person\\\/d865044e22e70a75174ce8bcad3acfb3\"},\"headline\":\"Le Parlement vote une motion de censure contre le gouvernement : Quelle sortie de crise en Libye ?\",\"datePublished\":\"2021-09-21T23:01:00+00:00\",\"mainEntityOfPage\":{\"@id\":\"https:\\\/\\\/lasentinelle.dz\\\/index.php\\\/2021\\\/09\\\/22\\\/le-parlement-vote-une-motion-de-censure-contre-le-gouvernement-quelle-sortie-de-crise-en-libye\\\/\"},\"wordCount\":562,\"commentCount\":0,\"publisher\":{\"@id\":\"https:\\\/\\\/lasentinelle.dz\\\/#organization\"},\"image\":{\"@id\":\"https:\\\/\\\/lasentinelle.dz\\\/index.php\\\/2021\\\/09\\\/22\\\/le-parlement-vote-une-motion-de-censure-contre-le-gouvernement-quelle-sortie-de-crise-en-libye\\\/#primaryimage\"},\"thumbnailUrl\":\"https:\\\/\\\/lasentinelle.dz\\\/wp-content\\\/uploads\\\/2021\\\/09\\\/aguila-saleh.jpeg\",\"articleSection\":[\"Monde\"],\"inLanguage\":\"fr-FR\",\"potentialAction\":[{\"@type\":\"CommentAction\",\"name\":\"Comment\",\"target\":[\"https:\\\/\\\/lasentinelle.dz\\\/index.php\\\/2021\\\/09\\\/22\\\/le-parlement-vote-une-motion-de-censure-contre-le-gouvernement-quelle-sortie-de-crise-en-libye\\\/#respond\"]}]},{\"@type\":\"WebPage\",\"@id\":\"https:\\\/\\\/lasentinelle.dz\\\/index.php\\\/2021\\\/09\\\/22\\\/le-parlement-vote-une-motion-de-censure-contre-le-gouvernement-quelle-sortie-de-crise-en-libye\\\/\",\"url\":\"https:\\\/\\\/lasentinelle.dz\\\/index.php\\\/2021\\\/09\\\/22\\\/le-parlement-vote-une-motion-de-censure-contre-le-gouvernement-quelle-sortie-de-crise-en-libye\\\/\",\"name\":\"Le Parlement vote une motion de censure contre le gouvernement : Quelle sortie de crise en Libye ? - La Sentinelle\",\"isPartOf\":{\"@id\":\"https:\\\/\\\/lasentinelle.dz\\\/#website\"},\"primaryImageOfPage\":{\"@id\":\"https:\\\/\\\/lasentinelle.dz\\\/index.php\\\/2021\\\/09\\\/22\\\/le-parlement-vote-une-motion-de-censure-contre-le-gouvernement-quelle-sortie-de-crise-en-libye\\\/#primaryimage\"},\"image\":{\"@id\":\"https:\\\/\\\/lasentinelle.dz\\\/index.php\\\/2021\\\/09\\\/22\\\/le-parlement-vote-une-motion-de-censure-contre-le-gouvernement-quelle-sortie-de-crise-en-libye\\\/#primaryimage\"},\"thumbnailUrl\":\"https:\\\/\\\/lasentinelle.dz\\\/wp-content\\\/uploads\\\/2021\\\/09\\\/aguila-saleh.jpeg\",\"datePublished\":\"2021-09-21T23:01:00+00:00\",\"breadcrumb\":{\"@id\":\"https:\\\/\\\/lasentinelle.dz\\\/index.php\\\/2021\\\/09\\\/22\\\/le-parlement-vote-une-motion-de-censure-contre-le-gouvernement-quelle-sortie-de-crise-en-libye\\\/#breadcrumb\"},\"inLanguage\":\"fr-FR\",\"potentialAction\":[{\"@type\":\"ReadAction\",\"target\":[\"https:\\\/\\\/lasentinelle.dz\\\/index.php\\\/2021\\\/09\\\/22\\\/le-parlement-vote-une-motion-de-censure-contre-le-gouvernement-quelle-sortie-de-crise-en-libye\\\/\"]}]},{\"@type\":\"ImageObject\",\"inLanguage\":\"fr-FR\",\"@id\":\"https:\\\/\\\/lasentinelle.dz\\\/index.php\\\/2021\\\/09\\\/22\\\/le-parlement-vote-une-motion-de-censure-contre-le-gouvernement-quelle-sortie-de-crise-en-libye\\\/#primaryimage\",\"url\":\"https:\\\/\\\/lasentinelle.dz\\\/wp-content\\\/uploads\\\/2021\\\/09\\\/aguila-saleh.jpeg\",\"contentUrl\":\"https:\\\/\\\/lasentinelle.dz\\\/wp-content\\\/uploads\\\/2021\\\/09\\\/aguila-saleh.jpeg\",\"width\":620,\"height\":413},{\"@type\":\"BreadcrumbList\",\"@id\":\"https:\\\/\\\/lasentinelle.dz\\\/index.php\\\/2021\\\/09\\\/22\\\/le-parlement-vote-une-motion-de-censure-contre-le-gouvernement-quelle-sortie-de-crise-en-libye\\\/#breadcrumb\",\"itemListElement\":[{\"@type\":\"ListItem\",\"position\":1,\"name\":\"Accueil\",\"item\":\"https:\\\/\\\/lasentinelle.dz\\\/\"},{\"@type\":\"ListItem\",\"position\":2,\"name\":\"Le Parlement vote une motion de censure contre le gouvernement : Quelle sortie de crise en Libye ?\"}]},{\"@type\":\"WebSite\",\"@id\":\"https:\\\/\\\/lasentinelle.dz\\\/#website\",\"url\":\"https:\\\/\\\/lasentinelle.dz\\\/\",\"name\":\"La Sentinelle\",\"description\":\"Quotidien national d&#039;information\",\"publisher\":{\"@id\":\"https:\\\/\\\/lasentinelle.dz\\\/#organization\"},\"potentialAction\":[{\"@type\":\"SearchAction\",\"target\":{\"@type\":\"EntryPoint\",\"urlTemplate\":\"https:\\\/\\\/lasentinelle.dz\\\/?s={search_term_string}\"},\"query-input\":{\"@type\":\"PropertyValueSpecification\",\"valueRequired\":true,\"valueName\":\"search_term_string\"}}],\"inLanguage\":\"fr-FR\"},{\"@type\":\"Organization\",\"@id\":\"https:\\\/\\\/lasentinelle.dz\\\/#organization\",\"name\":\"Quotidien La Sentinelle\",\"url\":\"https:\\\/\\\/lasentinelle.dz\\\/\",\"logo\":{\"@type\":\"ImageObject\",\"inLanguage\":\"fr-FR\",\"@id\":\"https:\\\/\\\/lasentinelle.dz\\\/#\\\/schema\\\/logo\\\/image\\\/\",\"url\":\"https:\\\/\\\/lasentinelle.dz\\\/wp-content\\\/uploads\\\/2021\\\/09\\\/logo-sentinelleSLOGAN-1.png\",\"contentUrl\":\"https:\\\/\\\/lasentinelle.dz\\\/wp-content\\\/uploads\\\/2021\\\/09\\\/logo-sentinelleSLOGAN-1.png\",\"width\":615,\"height\":142,\"caption\":\"Quotidien La Sentinelle\"},\"image\":{\"@id\":\"https:\\\/\\\/lasentinelle.dz\\\/#\\\/schema\\\/logo\\\/image\\\/\"},\"sameAs\":[\"https:\\\/\\\/www.facebook.com\\\/La-Sentinelle-104059864394773\"]},{\"@type\":\"Person\",\"@id\":\"https:\\\/\\\/lasentinelle.dz\\\/#\\\/schema\\\/person\\\/d865044e22e70a75174ce8bcad3acfb3\",\"name\":\"La Sentinelle\",\"image\":{\"@type\":\"ImageObject\",\"inLanguage\":\"fr-FR\",\"@id\":\"https:\\\/\\\/secure.gravatar.com\\\/avatar\\\/57de8e5d4b15d43fb361a71fbb36338450fe67865b528a43dd10ef7c51a20392?s=96&d=mm&r=g\",\"url\":\"https:\\\/\\\/secure.gravatar.com\\\/avatar\\\/57de8e5d4b15d43fb361a71fbb36338450fe67865b528a43dd10ef7c51a20392?s=96&d=mm&r=g\",\"contentUrl\":\"https:\\\/\\\/secure.gravatar.com\\\/avatar\\\/57de8e5d4b15d43fb361a71fbb36338450fe67865b528a43dd10ef7c51a20392?s=96&d=mm&r=g\",\"caption\":\"La Sentinelle\"},\"sameAs\":[\"http:\\\/\\\/www.lasentinelle.dz\"],\"url\":\"https:\\\/\\\/lasentinelle.dz\\\/author\\\/redaction\\\/\"}]}<\/script>\n<!-- \/ Yoast SEO plugin. -->","yoast_head_json":{"title":"Le Parlement vote une motion de censure contre le gouvernement : Quelle sortie de crise en Libye ? - La Sentinelle","robots":{"index":"index","follow":"follow","max-snippet":"max-snippet:-1","max-image-preview":"max-image-preview:large","max-video-preview":"max-video-preview:-1"},"canonical":"https:\/\/lasentinelle.dz\/index.php\/2021\/09\/22\/le-parlement-vote-une-motion-de-censure-contre-le-gouvernement-quelle-sortie-de-crise-en-libye\/","og_locale":"fr_FR","og_type":"article","og_title":"Le Parlement vote une motion de censure contre le gouvernement : Quelle sortie de crise en Libye ? - La Sentinelle","og_description":"La situation semble se compliquer en Libye qui conna\u00eet de nouvelles dissensions politiques provoqu\u00e9es par le parlement de Tobrouk. Quelques","og_url":"https:\/\/lasentinelle.dz\/index.php\/2021\/09\/22\/le-parlement-vote-une-motion-de-censure-contre-le-gouvernement-quelle-sortie-de-crise-en-libye\/","og_site_name":"La Sentinelle","article_publisher":"https:\/\/www.facebook.com\/La-Sentinelle-104059864394773","article_published_time":"2021-09-21T23:01:00+00:00","og_image":[{"width":620,"height":413,"url":"https:\/\/lasentinelle.dz\/wp-content\/uploads\/2021\/09\/aguila-saleh.jpeg","type":"image\/jpeg"}],"author":"La Sentinelle","twitter_card":"summary_large_image","twitter_misc":{"\u00c9crit par":"La Sentinelle","Dur\u00e9e de lecture estim\u00e9e":"3 minutes"},"schema":{"@context":"https:\/\/schema.org","@graph":[{"@type":"Article","@id":"https:\/\/lasentinelle.dz\/index.php\/2021\/09\/22\/le-parlement-vote-une-motion-de-censure-contre-le-gouvernement-quelle-sortie-de-crise-en-libye\/#article","isPartOf":{"@id":"https:\/\/lasentinelle.dz\/index.php\/2021\/09\/22\/le-parlement-vote-une-motion-de-censure-contre-le-gouvernement-quelle-sortie-de-crise-en-libye\/"},"author":{"name":"La Sentinelle","@id":"https:\/\/lasentinelle.dz\/#\/schema\/person\/d865044e22e70a75174ce8bcad3acfb3"},"headline":"Le Parlement vote une motion de censure contre le gouvernement : Quelle sortie de crise en Libye ?","datePublished":"2021-09-21T23:01:00+00:00","mainEntityOfPage":{"@id":"https:\/\/lasentinelle.dz\/index.php\/2021\/09\/22\/le-parlement-vote-une-motion-de-censure-contre-le-gouvernement-quelle-sortie-de-crise-en-libye\/"},"wordCount":562,"commentCount":0,"publisher":{"@id":"https:\/\/lasentinelle.dz\/#organization"},"image":{"@id":"https:\/\/lasentinelle.dz\/index.php\/2021\/09\/22\/le-parlement-vote-une-motion-de-censure-contre-le-gouvernement-quelle-sortie-de-crise-en-libye\/#primaryimage"},"thumbnailUrl":"https:\/\/lasentinelle.dz\/wp-content\/uploads\/2021\/09\/aguila-saleh.jpeg","articleSection":["Monde"],"inLanguage":"fr-FR","potentialAction":[{"@type":"CommentAction","name":"Comment","target":["https:\/\/lasentinelle.dz\/index.php\/2021\/09\/22\/le-parlement-vote-une-motion-de-censure-contre-le-gouvernement-quelle-sortie-de-crise-en-libye\/#respond"]}]},{"@type":"WebPage","@id":"https:\/\/lasentinelle.dz\/index.php\/2021\/09\/22\/le-parlement-vote-une-motion-de-censure-contre-le-gouvernement-quelle-sortie-de-crise-en-libye\/","url":"https:\/\/lasentinelle.dz\/index.php\/2021\/09\/22\/le-parlement-vote-une-motion-de-censure-contre-le-gouvernement-quelle-sortie-de-crise-en-libye\/","name":"Le Parlement vote une motion de censure contre le gouvernement : Quelle sortie de crise en Libye ? - La Sentinelle","isPartOf":{"@id":"https:\/\/lasentinelle.dz\/#website"},"primaryImageOfPage":{"@id":"https:\/\/lasentinelle.dz\/index.php\/2021\/09\/22\/le-parlement-vote-une-motion-de-censure-contre-le-gouvernement-quelle-sortie-de-crise-en-libye\/#primaryimage"},"image":{"@id":"https:\/\/lasentinelle.dz\/index.php\/2021\/09\/22\/le-parlement-vote-une-motion-de-censure-contre-le-gouvernement-quelle-sortie-de-crise-en-libye\/#primaryimage"},"thumbnailUrl":"https:\/\/lasentinelle.dz\/wp-content\/uploads\/2021\/09\/aguila-saleh.jpeg","datePublished":"2021-09-21T23:01:00+00:00","breadcrumb":{"@id":"https:\/\/lasentinelle.dz\/index.php\/2021\/09\/22\/le-parlement-vote-une-motion-de-censure-contre-le-gouvernement-quelle-sortie-de-crise-en-libye\/#breadcrumb"},"inLanguage":"fr-FR","potentialAction":[{"@type":"ReadAction","target":["https:\/\/lasentinelle.dz\/index.php\/2021\/09\/22\/le-parlement-vote-une-motion-de-censure-contre-le-gouvernement-quelle-sortie-de-crise-en-libye\/"]}]},{"@type":"ImageObject","inLanguage":"fr-FR","@id":"https:\/\/lasentinelle.dz\/index.php\/2021\/09\/22\/le-parlement-vote-une-motion-de-censure-contre-le-gouvernement-quelle-sortie-de-crise-en-libye\/#primaryimage","url":"https:\/\/lasentinelle.dz\/wp-content\/uploads\/2021\/09\/aguila-saleh.jpeg","contentUrl":"https:\/\/lasentinelle.dz\/wp-content\/uploads\/2021\/09\/aguila-saleh.jpeg","width":620,"height":413},{"@type":"BreadcrumbList","@id":"https:\/\/lasentinelle.dz\/index.php\/2021\/09\/22\/le-parlement-vote-une-motion-de-censure-contre-le-gouvernement-quelle-sortie-de-crise-en-libye\/#breadcrumb","itemListElement":[{"@type":"ListItem","position":1,"name":"Accueil","item":"https:\/\/lasentinelle.dz\/"},{"@type":"ListItem","position":2,"name":"Le Parlement vote une motion de censure contre le gouvernement : Quelle sortie de crise en Libye ?"}]},{"@type":"WebSite","@id":"https:\/\/lasentinelle.dz\/#website","url":"https:\/\/lasentinelle.dz\/","name":"La Sentinelle","description":"Quotidien national d&#039;information","publisher":{"@id":"https:\/\/lasentinelle.dz\/#organization"},"potentialAction":[{"@type":"SearchAction","target":{"@type":"EntryPoint","urlTemplate":"https:\/\/lasentinelle.dz\/?s={search_term_string}"},"query-input":{"@type":"PropertyValueSpecification","valueRequired":true,"valueName":"search_term_string"}}],"inLanguage":"fr-FR"},{"@type":"Organization","@id":"https:\/\/lasentinelle.dz\/#organization","name":"Quotidien La Sentinelle","url":"https:\/\/lasentinelle.dz\/","logo":{"@type":"ImageObject","inLanguage":"fr-FR","@id":"https:\/\/lasentinelle.dz\/#\/schema\/logo\/image\/","url":"https:\/\/lasentinelle.dz\/wp-content\/uploads\/2021\/09\/logo-sentinelleSLOGAN-1.png","contentUrl":"https:\/\/lasentinelle.dz\/wp-content\/uploads\/2021\/09\/logo-sentinelleSLOGAN-1.png","width":615,"height":142,"caption":"Quotidien La Sentinelle"},"image":{"@id":"https:\/\/lasentinelle.dz\/#\/schema\/logo\/image\/"},"sameAs":["https:\/\/www.facebook.com\/La-Sentinelle-104059864394773"]},{"@type":"Person","@id":"https:\/\/lasentinelle.dz\/#\/schema\/person\/d865044e22e70a75174ce8bcad3acfb3","name":"La Sentinelle","image":{"@type":"ImageObject","inLanguage":"fr-FR","@id":"https:\/\/secure.gravatar.com\/avatar\/57de8e5d4b15d43fb361a71fbb36338450fe67865b528a43dd10ef7c51a20392?s=96&d=mm&r=g","url":"https:\/\/secure.gravatar.com\/avatar\/57de8e5d4b15d43fb361a71fbb36338450fe67865b528a43dd10ef7c51a20392?s=96&d=mm&r=g","contentUrl":"https:\/\/secure.gravatar.com\/avatar\/57de8e5d4b15d43fb361a71fbb36338450fe67865b528a43dd10ef7c51a20392?s=96&d=mm&r=g","caption":"La Sentinelle"},"sameAs":["http:\/\/www.lasentinelle.dz"],"url":"https:\/\/lasentinelle.dz\/author\/redaction\/"}]}},"_links":{"self":[{"href":"https:\/\/lasentinelle.dz\/index.php\/wp-json\/wp\/v2\/posts\/8723","targetHints":{"allow":["GET"]}}],"collection":[{"href":"https:\/\/lasentinelle.dz\/index.php\/wp-json\/wp\/v2\/posts"}],"about":[{"href":"https:\/\/lasentinelle.dz\/index.php\/wp-json\/wp\/v2\/types\/post"}],"author":[{"embeddable":true,"href":"https:\/\/lasentinelle.dz\/index.php\/wp-json\/wp\/v2\/users\/3"}],"replies":[{"embeddable":true,"href":"https:\/\/lasentinelle.dz\/index.php\/wp-json\/wp\/v2\/comments?post=8723"}],"version-history":[{"count":1,"href":"https:\/\/lasentinelle.dz\/index.php\/wp-json\/wp\/v2\/posts\/8723\/revisions"}],"predecessor-version":[{"id":8746,"href":"https:\/\/lasentinelle.dz\/index.php\/wp-json\/wp\/v2\/posts\/8723\/revisions\/8746"}],"wp:featuredmedia":[{"embeddable":true,"href":"https:\/\/lasentinelle.dz\/index.php\/wp-json\/wp\/v2\/media\/8745"}],"wp:attachment":[{"href":"https:\/\/lasentinelle.dz\/index.php\/wp-json\/wp\/v2\/media?parent=8723"}],"wp:term":[{"taxonomy":"category","embeddable":true,"href":"https:\/\/lasentinelle.dz\/index.php\/wp-json\/wp\/v2\/categories?post=8723"},{"taxonomy":"post_tag","embeddable":true,"href":"https:\/\/lasentinelle.dz\/index.php\/wp-json\/wp\/v2\/tags?post=8723"}],"curies":[{"name":"wp","href":"https:\/\/api.w.org\/{rel}","templated":true}]}}