{"id":8759,"date":"2021-09-22T00:01:00","date_gmt":"2021-09-21T23:01:00","guid":{"rendered":"https:\/\/lasentinelle.dz\/?p=8759"},"modified":"2021-09-21T19:53:24","modified_gmt":"2021-09-21T18:53:24","slug":"sahara-occidental-les-mensonges-de-la-propagande-makhzenienne-mis-a-nu","status":"publish","type":"post","link":"https:\/\/lasentinelle.dz\/index.php\/2021\/09\/22\/sahara-occidental-les-mensonges-de-la-propagande-makhzenienne-mis-a-nu\/","title":{"rendered":"Sahara occidental : Les mensonges de la propagande makhzenienne mis \u00e0 nu"},"content":{"rendered":"\n<p>En perte de vitesse sur le plan diplomatique, le Makhzen recourt aux mensonges et \u00e0 la propagande dans une vaine tentative d\u2019\u00e9corner la l\u00e9gitimit\u00e9 de la cause sahraouie et de s\u2019en prendre \u00e0 l\u2019Alg\u00e9rie, en essayant de transposer les tensions au Moyen-Orient au Maghreb. Des mensonges auxquels, l&rsquo;envoy\u00e9 sp\u00e9cial charg\u00e9 de la question du Sahara occidental et des pays du Maghreb, Amar Belani a r\u00e9pondu. Dans un entretien \u00e0 l\u2019APS, Amar Belani a point\u00e9 du doigt hier les \u00ab\u00a0mensonges\u00a0\u00bb et la \u00ab\u00a0manipulation grossi\u00e8re\u00a0\u00bb de l&rsquo;ambassadeur du Maroc \u00e0 Gen\u00e8ve apr\u00e8s ses propos au sujet d&rsquo;une pr\u00e9tendue \u00ab\u00a0pr\u00e9sence d&rsquo;instructeurs du Hezbollah dans les camps de r\u00e9fugi\u00e9s \u00e0 Tindouf\u00a0\u00bb.\u00a0\u00bbL&rsquo;\u00e9toffe de certains diplomates marocains est un tissu de mensonges qu&rsquo;ils tricotent inlassablement, notamment lorsqu&rsquo;ils sont accul\u00e9s par les appels pressants \u00e9manant des groupes de soutien \u00e0 la cause juste du peuple du Sahara occidental\u00a0\u00bb, a d\u00e9clar\u00e9 Amar Belani \u00e0 l&rsquo;APS en r\u00e9action \u00e0 une lettre adress\u00e9e, le 14 septembre courant, par l&rsquo;ambassadeur du Maroc \u00e0 la 48\u00e8me session du Conseil des droits de l&rsquo;Homme \u00e0 Gen\u00e8ve.\u00a0\u00bbL&rsquo;ambassadeur marocain (Omar Zniber NDLR), tout comme son pr\u00e9d\u00e9cesseur, sont des stakhanovistes de la manipulation grossi\u00e8re. Ils sont pass\u00e9s maitres dans l&rsquo;art de recycler les mensonges \u00e9hont\u00e9s de leur ministre qui avait invent\u00e9 de toutes pi\u00e8ces, en mai 2018, la fable grotesque des instructeurs du Hezbollah, celle-ci avait \u00e9t\u00e9 d\u00e9construite et d\u00e9mentie dans les faits\u00a0\u00bb, affirme le diplomate alg\u00e9rien.\u00a0\u00bbL&rsquo;on se souvient que le royaume du Maroc \u00e9tait \u00e0 la recherche d&rsquo;un pr\u00e9texte, pour annoncer la rupture des relations diplomatiques avec un pays du Moyen-Orient et engranger ainsi des dividendes aupr\u00e8s de certains partenaires r\u00e9gionaux et extrar\u00e9gionaux\u00a0\u00bb, signale-t-il.\u00a0\u00bbTout ceci pour dire que la corde du mensonge est courte, que les propos de l&rsquo;ambassadeur marocain sont sans int\u00e9r\u00eat et que la mobilisation \u00e0 Gen\u00e8ve va prendre de l&rsquo;ampleur pour d\u00e9noncer la r\u00e9pression, les violations m\u00e9thodiques et d\u00e9lib\u00e9r\u00e9es des droits de l&rsquo;Homme dans les territoires occup\u00e9s du Sahara occidental\u00a0\u00bb, a conclu Amar Belani.<\/p>\n\n\n\n<p>Notons que le repr\u00e9sentant du Front Polisario aux Nations unies, responsable de la coordination avec la Minurso, Sidi Mohammed Ammar, a pour sa part d\u00e9menti les contrev\u00e9rit\u00e9s du Maroc concernant les \u00e9lections sommaires tenues r\u00e9cemment dans les r\u00e9gions sahraouies occup\u00e9es, a indiqu\u00e9 l&rsquo;Agence de presse sahraouie (SPS).Dans une lettre envoy\u00e9e au Secr\u00e9taire g\u00e9n\u00e9ral de l&rsquo;ONU Antonio Gut\u00e9ress, M. Mohamed Ammar a relev\u00e9 les contrev\u00e9rit\u00e9s contenues dans le message du d\u00e9l\u00e9gu\u00e9 du Maroc aupr\u00e8s des Nations unies concernant les \u00e9lections tenues par son pays dans les territoires sahraouis soumis \u00e0 son occupation ill\u00e9gale, affirmant qu&rsquo;elles visaient \u00e0 imposer la politique du fait accompli.\u00a0\u00bbComme \u00e0 l&rsquo;accoutum\u00e9e, l&rsquo;Etat d&rsquo;occupation marocaine a employ\u00e9 en vue de mettre en \u0153uvre sa mascarade \u00e9lectorale dans les territoires occup\u00e9es du Sahara occidental de grands nombres de colons marocains qui se sont d\u00e9plac\u00e9s ill\u00e9galement dans le territoire depuis le d\u00e9but de l&rsquo;occupation le 31 octobre 1975, ce qui est une violation flagrante des r\u00e8gles \u00e9l\u00e9mentaires&nbsp; du Droit humanitaire international et des d\u00e9cisions y aff\u00e9rentes des Nations unies\u00a0\u00bbLe diplomate a averti que le silence des Nations unies et de la soci\u00e9t\u00e9 civile, ainsi que leur passivit\u00e9 \u00ab\u00a0n&rsquo;encouragent pas seulement l&rsquo;Etat d&rsquo;occupation marocaine \u00e0 poursuivre impun\u00e9ment des tentatives d&rsquo;imposer son occupation ill\u00e9gale par la force de parties du Sahara occidental, mais expose au danger la paix et la stabilit\u00e9 dans toute la r\u00e9gion\u00a0\u00bb.Le diplomate a appel\u00e9 les Nations unies et la soci\u00e9t\u00e9 civile \u00e0 mettre en \u0153uvre leur engagement annonc\u00e9 \u00e0 maintes reprises, quant \u00e0 une solution pacifique, juste et durable au Sahara occidental, et \u00e0 prendre des mesures concr\u00e8tes en vue de permettre au peuple sahraoui d&rsquo;exercer son droit imprescriptible \u00e0 l&rsquo;autod\u00e9termination et \u00e0 l&rsquo;ind\u00e9pendance, avec libert\u00e9 et d\u00e9mocratie.<\/p>\n\n\n\n<p>R.N.<\/p>\n","protected":false},"excerpt":{"rendered":"<p>En perte de vitesse sur le plan diplomatique, le Makhzen recourt aux mensonges et \u00e0 la propagande dans une vaine<\/p>\n","protected":false},"author":3,"featured_media":8760,"comment_status":"open","ping_status":"closed","sticky":false,"template":"","format":"standard","meta":{"colormag_page_container_layout":"default_layout","colormag_page_sidebar_layout":"default_layout","om_disable_all_campaigns":false,"_monsterinsights_skip_tracking":false,"_monsterinsights_sitenote_active":false,"_monsterinsights_sitenote_note":"","_monsterinsights_sitenote_category":0,"footnotes":"","_wpscppro_dont_share_socialmedia":false,"_wpscppro_custom_social_share_image":0,"_facebook_share_type":"","_twitter_share_type":"","_linkedin_share_type":"","_pinterest_share_type":"","_linkedin_share_type_page":"","_instagram_share_type":"","_medium_share_type":"","_threads_share_type":"","_google_business_share_type":"","_selected_social_profile":[],"_wpsp_enable_custom_social_template":false,"_wpsp_social_scheduling":{"enabled":false,"datetime":null,"platforms":[],"status":"template_only","dateOption":"today","timeOption":"now","customDays":"","customHours":"","customDate":"","customTime":"","schedulingType":"absolute"},"_wpsp_active_default_template":true},"categories":[27],"tags":[],"class_list":["post-8759","post","type-post","status-publish","format-standard","has-post-thumbnail","hentry","category-actualite"],"aioseo_notices":[],"yoast_head":"<!-- This site is optimized with the Yoast SEO plugin v27.5 - https:\/\/yoast.com\/product\/yoast-seo-wordpress\/ -->\n<title>Sahara occidental : Les mensonges de la propagande makhzenienne mis \u00e0 nu - La Sentinelle<\/title>\n<meta name=\"robots\" content=\"index, follow, max-snippet:-1, max-image-preview:large, max-video-preview:-1\" \/>\n<link rel=\"canonical\" href=\"https:\/\/lasentinelle.dz\/index.php\/2021\/09\/22\/sahara-occidental-les-mensonges-de-la-propagande-makhzenienne-mis-a-nu\/\" \/>\n<meta property=\"og:locale\" content=\"fr_FR\" \/>\n<meta property=\"og:type\" content=\"article\" \/>\n<meta property=\"og:title\" content=\"Sahara occidental : Les mensonges de la propagande makhzenienne mis \u00e0 nu - La Sentinelle\" \/>\n<meta property=\"og:description\" content=\"En perte de vitesse sur le plan diplomatique, le Makhzen recourt aux mensonges et \u00e0 la propagande dans une vaine\" \/>\n<meta property=\"og:url\" content=\"https:\/\/lasentinelle.dz\/index.php\/2021\/09\/22\/sahara-occidental-les-mensonges-de-la-propagande-makhzenienne-mis-a-nu\/\" \/>\n<meta property=\"og:site_name\" content=\"La Sentinelle\" \/>\n<meta property=\"article:publisher\" content=\"https:\/\/www.facebook.com\/La-Sentinelle-104059864394773\" \/>\n<meta property=\"article:published_time\" content=\"2021-09-21T23:01:00+00:00\" \/>\n<meta property=\"og:image\" content=\"https:\/\/lasentinelle.dz\/wp-content\/uploads\/2021\/09\/image_2021-09-21_195318.png\" \/>\n\t<meta property=\"og:image:width\" content=\"745\" \/>\n\t<meta property=\"og:image:height\" content=\"470\" \/>\n\t<meta property=\"og:image:type\" content=\"image\/png\" \/>\n<meta name=\"author\" content=\"La Sentinelle\" \/>\n<meta name=\"twitter:card\" content=\"summary_large_image\" \/>\n<meta name=\"twitter:label1\" content=\"\u00c9crit par\" \/>\n\t<meta name=\"twitter:data1\" content=\"La Sentinelle\" \/>\n\t<meta name=\"twitter:label2\" content=\"Dur\u00e9e de lecture estim\u00e9e\" \/>\n\t<meta name=\"twitter:data2\" content=\"3 minutes\" \/>\n<script type=\"application\/ld+json\" class=\"yoast-schema-graph\">{\"@context\":\"https:\\\/\\\/schema.org\",\"@graph\":[{\"@type\":\"Article\",\"@id\":\"https:\\\/\\\/lasentinelle.dz\\\/index.php\\\/2021\\\/09\\\/22\\\/sahara-occidental-les-mensonges-de-la-propagande-makhzenienne-mis-a-nu\\\/#article\",\"isPartOf\":{\"@id\":\"https:\\\/\\\/lasentinelle.dz\\\/index.php\\\/2021\\\/09\\\/22\\\/sahara-occidental-les-mensonges-de-la-propagande-makhzenienne-mis-a-nu\\\/\"},\"author\":{\"name\":\"La Sentinelle\",\"@id\":\"https:\\\/\\\/lasentinelle.dz\\\/#\\\/schema\\\/person\\\/d865044e22e70a75174ce8bcad3acfb3\"},\"headline\":\"Sahara occidental : Les mensonges de la propagande makhzenienne mis \u00e0 nu\",\"datePublished\":\"2021-09-21T23:01:00+00:00\",\"mainEntityOfPage\":{\"@id\":\"https:\\\/\\\/lasentinelle.dz\\\/index.php\\\/2021\\\/09\\\/22\\\/sahara-occidental-les-mensonges-de-la-propagande-makhzenienne-mis-a-nu\\\/\"},\"wordCount\":708,\"commentCount\":0,\"publisher\":{\"@id\":\"https:\\\/\\\/lasentinelle.dz\\\/#organization\"},\"image\":{\"@id\":\"https:\\\/\\\/lasentinelle.dz\\\/index.php\\\/2021\\\/09\\\/22\\\/sahara-occidental-les-mensonges-de-la-propagande-makhzenienne-mis-a-nu\\\/#primaryimage\"},\"thumbnailUrl\":\"https:\\\/\\\/lasentinelle.dz\\\/wp-content\\\/uploads\\\/2021\\\/09\\\/image_2021-09-21_195318.png\",\"articleSection\":[\"Actualit\u00e9\"],\"inLanguage\":\"fr-FR\",\"potentialAction\":[{\"@type\":\"CommentAction\",\"name\":\"Comment\",\"target\":[\"https:\\\/\\\/lasentinelle.dz\\\/index.php\\\/2021\\\/09\\\/22\\\/sahara-occidental-les-mensonges-de-la-propagande-makhzenienne-mis-a-nu\\\/#respond\"]}]},{\"@type\":\"WebPage\",\"@id\":\"https:\\\/\\\/lasentinelle.dz\\\/index.php\\\/2021\\\/09\\\/22\\\/sahara-occidental-les-mensonges-de-la-propagande-makhzenienne-mis-a-nu\\\/\",\"url\":\"https:\\\/\\\/lasentinelle.dz\\\/index.php\\\/2021\\\/09\\\/22\\\/sahara-occidental-les-mensonges-de-la-propagande-makhzenienne-mis-a-nu\\\/\",\"name\":\"Sahara occidental : Les mensonges de la propagande makhzenienne mis \u00e0 nu - La Sentinelle\",\"isPartOf\":{\"@id\":\"https:\\\/\\\/lasentinelle.dz\\\/#website\"},\"primaryImageOfPage\":{\"@id\":\"https:\\\/\\\/lasentinelle.dz\\\/index.php\\\/2021\\\/09\\\/22\\\/sahara-occidental-les-mensonges-de-la-propagande-makhzenienne-mis-a-nu\\\/#primaryimage\"},\"image\":{\"@id\":\"https:\\\/\\\/lasentinelle.dz\\\/index.php\\\/2021\\\/09\\\/22\\\/sahara-occidental-les-mensonges-de-la-propagande-makhzenienne-mis-a-nu\\\/#primaryimage\"},\"thumbnailUrl\":\"https:\\\/\\\/lasentinelle.dz\\\/wp-content\\\/uploads\\\/2021\\\/09\\\/image_2021-09-21_195318.png\",\"datePublished\":\"2021-09-21T23:01:00+00:00\",\"breadcrumb\":{\"@id\":\"https:\\\/\\\/lasentinelle.dz\\\/index.php\\\/2021\\\/09\\\/22\\\/sahara-occidental-les-mensonges-de-la-propagande-makhzenienne-mis-a-nu\\\/#breadcrumb\"},\"inLanguage\":\"fr-FR\",\"potentialAction\":[{\"@type\":\"ReadAction\",\"target\":[\"https:\\\/\\\/lasentinelle.dz\\\/index.php\\\/2021\\\/09\\\/22\\\/sahara-occidental-les-mensonges-de-la-propagande-makhzenienne-mis-a-nu\\\/\"]}]},{\"@type\":\"ImageObject\",\"inLanguage\":\"fr-FR\",\"@id\":\"https:\\\/\\\/lasentinelle.dz\\\/index.php\\\/2021\\\/09\\\/22\\\/sahara-occidental-les-mensonges-de-la-propagande-makhzenienne-mis-a-nu\\\/#primaryimage\",\"url\":\"https:\\\/\\\/lasentinelle.dz\\\/wp-content\\\/uploads\\\/2021\\\/09\\\/image_2021-09-21_195318.png\",\"contentUrl\":\"https:\\\/\\\/lasentinelle.dz\\\/wp-content\\\/uploads\\\/2021\\\/09\\\/image_2021-09-21_195318.png\",\"width\":745,\"height\":470},{\"@type\":\"BreadcrumbList\",\"@id\":\"https:\\\/\\\/lasentinelle.dz\\\/index.php\\\/2021\\\/09\\\/22\\\/sahara-occidental-les-mensonges-de-la-propagande-makhzenienne-mis-a-nu\\\/#breadcrumb\",\"itemListElement\":[{\"@type\":\"ListItem\",\"position\":1,\"name\":\"Accueil\",\"item\":\"https:\\\/\\\/lasentinelle.dz\\\/\"},{\"@type\":\"ListItem\",\"position\":2,\"name\":\"Sahara occidental : Les mensonges de la propagande makhzenienne mis \u00e0 nu\"}]},{\"@type\":\"WebSite\",\"@id\":\"https:\\\/\\\/lasentinelle.dz\\\/#website\",\"url\":\"https:\\\/\\\/lasentinelle.dz\\\/\",\"name\":\"La Sentinelle\",\"description\":\"Quotidien national d&#039;information\",\"publisher\":{\"@id\":\"https:\\\/\\\/lasentinelle.dz\\\/#organization\"},\"potentialAction\":[{\"@type\":\"SearchAction\",\"target\":{\"@type\":\"EntryPoint\",\"urlTemplate\":\"https:\\\/\\\/lasentinelle.dz\\\/?s={search_term_string}\"},\"query-input\":{\"@type\":\"PropertyValueSpecification\",\"valueRequired\":true,\"valueName\":\"search_term_string\"}}],\"inLanguage\":\"fr-FR\"},{\"@type\":\"Organization\",\"@id\":\"https:\\\/\\\/lasentinelle.dz\\\/#organization\",\"name\":\"Quotidien La Sentinelle\",\"url\":\"https:\\\/\\\/lasentinelle.dz\\\/\",\"logo\":{\"@type\":\"ImageObject\",\"inLanguage\":\"fr-FR\",\"@id\":\"https:\\\/\\\/lasentinelle.dz\\\/#\\\/schema\\\/logo\\\/image\\\/\",\"url\":\"https:\\\/\\\/lasentinelle.dz\\\/wp-content\\\/uploads\\\/2021\\\/09\\\/logo-sentinelleSLOGAN-1.png\",\"contentUrl\":\"https:\\\/\\\/lasentinelle.dz\\\/wp-content\\\/uploads\\\/2021\\\/09\\\/logo-sentinelleSLOGAN-1.png\",\"width\":615,\"height\":142,\"caption\":\"Quotidien La Sentinelle\"},\"image\":{\"@id\":\"https:\\\/\\\/lasentinelle.dz\\\/#\\\/schema\\\/logo\\\/image\\\/\"},\"sameAs\":[\"https:\\\/\\\/www.facebook.com\\\/La-Sentinelle-104059864394773\"]},{\"@type\":\"Person\",\"@id\":\"https:\\\/\\\/lasentinelle.dz\\\/#\\\/schema\\\/person\\\/d865044e22e70a75174ce8bcad3acfb3\",\"name\":\"La Sentinelle\",\"image\":{\"@type\":\"ImageObject\",\"inLanguage\":\"fr-FR\",\"@id\":\"https:\\\/\\\/secure.gravatar.com\\\/avatar\\\/57de8e5d4b15d43fb361a71fbb36338450fe67865b528a43dd10ef7c51a20392?s=96&d=mm&r=g\",\"url\":\"https:\\\/\\\/secure.gravatar.com\\\/avatar\\\/57de8e5d4b15d43fb361a71fbb36338450fe67865b528a43dd10ef7c51a20392?s=96&d=mm&r=g\",\"contentUrl\":\"https:\\\/\\\/secure.gravatar.com\\\/avatar\\\/57de8e5d4b15d43fb361a71fbb36338450fe67865b528a43dd10ef7c51a20392?s=96&d=mm&r=g\",\"caption\":\"La Sentinelle\"},\"sameAs\":[\"http:\\\/\\\/www.lasentinelle.dz\"],\"url\":\"https:\\\/\\\/lasentinelle.dz\\\/author\\\/redaction\\\/\"}]}<\/script>\n<!-- \/ Yoast SEO plugin. -->","yoast_head_json":{"title":"Sahara occidental : Les mensonges de la propagande makhzenienne mis \u00e0 nu - La Sentinelle","robots":{"index":"index","follow":"follow","max-snippet":"max-snippet:-1","max-image-preview":"max-image-preview:large","max-video-preview":"max-video-preview:-1"},"canonical":"https:\/\/lasentinelle.dz\/index.php\/2021\/09\/22\/sahara-occidental-les-mensonges-de-la-propagande-makhzenienne-mis-a-nu\/","og_locale":"fr_FR","og_type":"article","og_title":"Sahara occidental : Les mensonges de la propagande makhzenienne mis \u00e0 nu - La Sentinelle","og_description":"En perte de vitesse sur le plan diplomatique, le Makhzen recourt aux mensonges et \u00e0 la propagande dans une vaine","og_url":"https:\/\/lasentinelle.dz\/index.php\/2021\/09\/22\/sahara-occidental-les-mensonges-de-la-propagande-makhzenienne-mis-a-nu\/","og_site_name":"La Sentinelle","article_publisher":"https:\/\/www.facebook.com\/La-Sentinelle-104059864394773","article_published_time":"2021-09-21T23:01:00+00:00","og_image":[{"width":745,"height":470,"url":"https:\/\/lasentinelle.dz\/wp-content\/uploads\/2021\/09\/image_2021-09-21_195318.png","type":"image\/png"}],"author":"La Sentinelle","twitter_card":"summary_large_image","twitter_misc":{"\u00c9crit par":"La Sentinelle","Dur\u00e9e de lecture estim\u00e9e":"3 minutes"},"schema":{"@context":"https:\/\/schema.org","@graph":[{"@type":"Article","@id":"https:\/\/lasentinelle.dz\/index.php\/2021\/09\/22\/sahara-occidental-les-mensonges-de-la-propagande-makhzenienne-mis-a-nu\/#article","isPartOf":{"@id":"https:\/\/lasentinelle.dz\/index.php\/2021\/09\/22\/sahara-occidental-les-mensonges-de-la-propagande-makhzenienne-mis-a-nu\/"},"author":{"name":"La Sentinelle","@id":"https:\/\/lasentinelle.dz\/#\/schema\/person\/d865044e22e70a75174ce8bcad3acfb3"},"headline":"Sahara occidental : Les mensonges de la propagande makhzenienne mis \u00e0 nu","datePublished":"2021-09-21T23:01:00+00:00","mainEntityOfPage":{"@id":"https:\/\/lasentinelle.dz\/index.php\/2021\/09\/22\/sahara-occidental-les-mensonges-de-la-propagande-makhzenienne-mis-a-nu\/"},"wordCount":708,"commentCount":0,"publisher":{"@id":"https:\/\/lasentinelle.dz\/#organization"},"image":{"@id":"https:\/\/lasentinelle.dz\/index.php\/2021\/09\/22\/sahara-occidental-les-mensonges-de-la-propagande-makhzenienne-mis-a-nu\/#primaryimage"},"thumbnailUrl":"https:\/\/lasentinelle.dz\/wp-content\/uploads\/2021\/09\/image_2021-09-21_195318.png","articleSection":["Actualit\u00e9"],"inLanguage":"fr-FR","potentialAction":[{"@type":"CommentAction","name":"Comment","target":["https:\/\/lasentinelle.dz\/index.php\/2021\/09\/22\/sahara-occidental-les-mensonges-de-la-propagande-makhzenienne-mis-a-nu\/#respond"]}]},{"@type":"WebPage","@id":"https:\/\/lasentinelle.dz\/index.php\/2021\/09\/22\/sahara-occidental-les-mensonges-de-la-propagande-makhzenienne-mis-a-nu\/","url":"https:\/\/lasentinelle.dz\/index.php\/2021\/09\/22\/sahara-occidental-les-mensonges-de-la-propagande-makhzenienne-mis-a-nu\/","name":"Sahara occidental : Les mensonges de la propagande makhzenienne mis \u00e0 nu - La Sentinelle","isPartOf":{"@id":"https:\/\/lasentinelle.dz\/#website"},"primaryImageOfPage":{"@id":"https:\/\/lasentinelle.dz\/index.php\/2021\/09\/22\/sahara-occidental-les-mensonges-de-la-propagande-makhzenienne-mis-a-nu\/#primaryimage"},"image":{"@id":"https:\/\/lasentinelle.dz\/index.php\/2021\/09\/22\/sahara-occidental-les-mensonges-de-la-propagande-makhzenienne-mis-a-nu\/#primaryimage"},"thumbnailUrl":"https:\/\/lasentinelle.dz\/wp-content\/uploads\/2021\/09\/image_2021-09-21_195318.png","datePublished":"2021-09-21T23:01:00+00:00","breadcrumb":{"@id":"https:\/\/lasentinelle.dz\/index.php\/2021\/09\/22\/sahara-occidental-les-mensonges-de-la-propagande-makhzenienne-mis-a-nu\/#breadcrumb"},"inLanguage":"fr-FR","potentialAction":[{"@type":"ReadAction","target":["https:\/\/lasentinelle.dz\/index.php\/2021\/09\/22\/sahara-occidental-les-mensonges-de-la-propagande-makhzenienne-mis-a-nu\/"]}]},{"@type":"ImageObject","inLanguage":"fr-FR","@id":"https:\/\/lasentinelle.dz\/index.php\/2021\/09\/22\/sahara-occidental-les-mensonges-de-la-propagande-makhzenienne-mis-a-nu\/#primaryimage","url":"https:\/\/lasentinelle.dz\/wp-content\/uploads\/2021\/09\/image_2021-09-21_195318.png","contentUrl":"https:\/\/lasentinelle.dz\/wp-content\/uploads\/2021\/09\/image_2021-09-21_195318.png","width":745,"height":470},{"@type":"BreadcrumbList","@id":"https:\/\/lasentinelle.dz\/index.php\/2021\/09\/22\/sahara-occidental-les-mensonges-de-la-propagande-makhzenienne-mis-a-nu\/#breadcrumb","itemListElement":[{"@type":"ListItem","position":1,"name":"Accueil","item":"https:\/\/lasentinelle.dz\/"},{"@type":"ListItem","position":2,"name":"Sahara occidental : Les mensonges de la propagande makhzenienne mis \u00e0 nu"}]},{"@type":"WebSite","@id":"https:\/\/lasentinelle.dz\/#website","url":"https:\/\/lasentinelle.dz\/","name":"La Sentinelle","description":"Quotidien national d&#039;information","publisher":{"@id":"https:\/\/lasentinelle.dz\/#organization"},"potentialAction":[{"@type":"SearchAction","target":{"@type":"EntryPoint","urlTemplate":"https:\/\/lasentinelle.dz\/?s={search_term_string}"},"query-input":{"@type":"PropertyValueSpecification","valueRequired":true,"valueName":"search_term_string"}}],"inLanguage":"fr-FR"},{"@type":"Organization","@id":"https:\/\/lasentinelle.dz\/#organization","name":"Quotidien La Sentinelle","url":"https:\/\/lasentinelle.dz\/","logo":{"@type":"ImageObject","inLanguage":"fr-FR","@id":"https:\/\/lasentinelle.dz\/#\/schema\/logo\/image\/","url":"https:\/\/lasentinelle.dz\/wp-content\/uploads\/2021\/09\/logo-sentinelleSLOGAN-1.png","contentUrl":"https:\/\/lasentinelle.dz\/wp-content\/uploads\/2021\/09\/logo-sentinelleSLOGAN-1.png","width":615,"height":142,"caption":"Quotidien La Sentinelle"},"image":{"@id":"https:\/\/lasentinelle.dz\/#\/schema\/logo\/image\/"},"sameAs":["https:\/\/www.facebook.com\/La-Sentinelle-104059864394773"]},{"@type":"Person","@id":"https:\/\/lasentinelle.dz\/#\/schema\/person\/d865044e22e70a75174ce8bcad3acfb3","name":"La Sentinelle","image":{"@type":"ImageObject","inLanguage":"fr-FR","@id":"https:\/\/secure.gravatar.com\/avatar\/57de8e5d4b15d43fb361a71fbb36338450fe67865b528a43dd10ef7c51a20392?s=96&d=mm&r=g","url":"https:\/\/secure.gravatar.com\/avatar\/57de8e5d4b15d43fb361a71fbb36338450fe67865b528a43dd10ef7c51a20392?s=96&d=mm&r=g","contentUrl":"https:\/\/secure.gravatar.com\/avatar\/57de8e5d4b15d43fb361a71fbb36338450fe67865b528a43dd10ef7c51a20392?s=96&d=mm&r=g","caption":"La Sentinelle"},"sameAs":["http:\/\/www.lasentinelle.dz"],"url":"https:\/\/lasentinelle.dz\/author\/redaction\/"}]}},"_links":{"self":[{"href":"https:\/\/lasentinelle.dz\/index.php\/wp-json\/wp\/v2\/posts\/8759","targetHints":{"allow":["GET"]}}],"collection":[{"href":"https:\/\/lasentinelle.dz\/index.php\/wp-json\/wp\/v2\/posts"}],"about":[{"href":"https:\/\/lasentinelle.dz\/index.php\/wp-json\/wp\/v2\/types\/post"}],"author":[{"embeddable":true,"href":"https:\/\/lasentinelle.dz\/index.php\/wp-json\/wp\/v2\/users\/3"}],"replies":[{"embeddable":true,"href":"https:\/\/lasentinelle.dz\/index.php\/wp-json\/wp\/v2\/comments?post=8759"}],"version-history":[{"count":1,"href":"https:\/\/lasentinelle.dz\/index.php\/wp-json\/wp\/v2\/posts\/8759\/revisions"}],"predecessor-version":[{"id":8761,"href":"https:\/\/lasentinelle.dz\/index.php\/wp-json\/wp\/v2\/posts\/8759\/revisions\/8761"}],"wp:featuredmedia":[{"embeddable":true,"href":"https:\/\/lasentinelle.dz\/index.php\/wp-json\/wp\/v2\/media\/8760"}],"wp:attachment":[{"href":"https:\/\/lasentinelle.dz\/index.php\/wp-json\/wp\/v2\/media?parent=8759"}],"wp:term":[{"taxonomy":"category","embeddable":true,"href":"https:\/\/lasentinelle.dz\/index.php\/wp-json\/wp\/v2\/categories?post=8759"},{"taxonomy":"post_tag","embeddable":true,"href":"https:\/\/lasentinelle.dz\/index.php\/wp-json\/wp\/v2\/tags?post=8759"}],"curies":[{"name":"wp","href":"https:\/\/api.w.org\/{rel}","templated":true}]}}