{"id":880,"date":"2021-07-12T13:43:59","date_gmt":"2021-07-12T12:43:59","guid":{"rendered":"https:\/\/lasentinelle.dz\/?p=880"},"modified":"2021-07-12T15:27:42","modified_gmt":"2021-07-12T14:27:42","slug":"acceleration-de-la-cadence-de-vaccination-4-millions-de-doses-prochainement-receptionnees","status":"publish","type":"post","link":"https:\/\/lasentinelle.dz\/index.php\/2021\/07\/12\/acceleration-de-la-cadence-de-vaccination-4-millions-de-doses-prochainement-receptionnees\/","title":{"rendered":"Acc\u00e9l\u00e9ration de la cadence de vaccination \/ 4 millions de doses prochainement r\u00e9ceptionn\u00e9es"},"content":{"rendered":"\n<p>Le ministre de la Sant\u00e9, Pr Abderrahmane Benbouzid a, annonc\u00e9 hier la r\u00e9ception de pas moins de 4 millions de doses de vaccin, au cours des tous prochains jours.<\/p>\n\n\n\n<p>En marge d\u2019une visite qui l\u2019a conduit dans diverses structures sanitaires de la Capitale, le ministre a indiqu\u00e9 que l\u2019Alg\u00e9rie s\u2019appr\u00eatait \u00e0 r\u00e9ceptionner \u00ab&nbsp;dimanche&nbsp;\u00bb (hier, NDLR), &amp;,6 millions de doses de vaccins, en attendant de recevoir 2,4 millions de doses suppl\u00e9mentaires, d\u00e8s la semaine prochaine. Des livraisons qui permettront d\u2019ailleurs d\u2019acc\u00e9l\u00e9rer la cadence de vaccination. Dans ce contexte, le Pr Benbouzid a tenu, une nouvelle fois \u00e0 rassurer, quant \u00e0 l\u2019efficacit\u00e9 des vaccin acquis par l\u2019Alg\u00e9rie.<\/p>\n\n\n\n<p>Il est utile de rappeler dans ce contexte que le ministre a appel\u00e9, la veille au soir, lors de son intervention dans une \u00e9mission de la T\u00e9l\u00e9vision nationale, les Alg\u00e9riens \u00e0 adh\u00e9rer \u00e0 la campagne de vaccination, pour laquelle les autorit\u00e9s du pays ont mobilis\u00e9 tous les moyens et en ouvrant des espaces de proximit\u00e9s et des \u00e9quipes mobiles dans les zones enclav\u00e9es ; assurant que \u00ab le vaccin est disponible pour tous \u00bb. Il a d\u2019ailleurs insist\u00e9, au cours la m\u00eame intervention, sur l\u2019efficacit\u00e9 des vaccins acquis par l\u2019Alg\u00e9rie, a assur\u00e9 que ces vaccins n\u2019ont pr\u00e9sent\u00e9 \u00ab aucun effet secondaire dangereux chez ceux ayant b\u00e9n\u00e9fici\u00e9 de cette op\u00e9ration selon les r\u00e9sultats du Centre national de la veille pharmaceutique \u00bb.<\/p>\n\n\n\n<p>Le ministre de la sant\u00e9 estime que le but recherch\u00e9 \u00e0 travers les campagnes de communication et d\u2019information pour encourager le citoyen \u00e0 se faire vacciner, ne se limite pas \u00e0 la lutte contre cette situation sanitaire qui pr\u00e9vaut dans le pays mais pour mettre fin \u00e0 certaines id\u00e9es qu\u2019il qualifie \u00ab d\u2019erron\u00e9e \u00bb et qui circulent sur les r\u00e9seaux sociaux.<\/p>\n\n\n\n<p>Concernant le code barre (QR) du vaccin anti covid celui sera disponible \u00ab au cours des prochains mois sur la plate forme num\u00e9rique \u00bb, indiquant que \u00ab ce code barre sera mentionn\u00e9 sur la carte de vaccination pour permettre aux citoyens de le pr\u00e9senter lors des diff\u00e9rentes activit\u00e9s organis\u00e9es afin de r\u00e9duire la propagation du virus \u00bb.<\/p>\n\n\n\n<p>En ce qui concerne la tendance haussi\u00e8re de la pand\u00e9mie du covid observ\u00e9e ces derniers jours dans le pays, dont le nombre de cas d\u00e9passe la barre des huit cents par jour ce qui fait craindre une saturation en mati\u00e8re de besoins en lits , le ministre de la Sant\u00e9, de la Population et de la R\u00e9forme hospitali\u00e8re a indiqu\u00e9 samedi que \u00ab la question ne se pose pas en terme de nombre de lits, mais le v\u00e9ritable probl\u00e8me r\u00e9side d\u00e9sormais dans la difficult\u00e9 de r\u00e9pondre aux besoins en d\u2019oxyg\u00e8ne du nombre croissant des personnes atteintes \u00bb, soulignant \u00ab l\u2019urgence d\u2019une \u00e9tude sur cette situation pour y rem\u00e9dier \u00bb.Il mettra en garde contre les facteurs pouvant acc\u00e9l\u00e9rer la hausse des cas de contamination comme les c\u00e9l\u00e9brations des f\u00eates de mariages ou les rassemblements qui \u00ab risquent d\u2019aggraver la situation \u00bb en cette p\u00e9riode qu\u2019il qualifie de \u00ab tr\u00e8s d\u00e9licate \u00bb r\u00e9it\u00e9rant son appel en direction de citoyens \u00e0 se faire vacciner et \u00e0 \u00e9viter les visites familiales durant les f\u00eates de l\u2019aid el kebir en plus du respect des gestes barri\u00e8res et le port de masque. De son cot\u00e9, le professeur Fawzi Derar directeur g\u00e9n\u00e9ral de l\u2019institut Pasteur d\u2019Alg\u00e9rie (IPA) a fait savoir que le variant \u00ab Alpha \u00bb est plus r\u00e9pandu en Alg\u00e9rie avec un taux de 50%, indiquant que le variant Delta tr\u00e8s r\u00e9pandu dans plusieurs pays, n\u2019est pr\u00e9sent qu\u2019\u00e0 2,67% en Alg\u00e9rie ou 31 cas ont \u00e9t\u00e9 enregistr\u00e9 par l\u2019IPA.<\/p>\n\n\n\n<p>Boubekeur Amrani<\/p>\n","protected":false},"excerpt":{"rendered":"<p>Le ministre de la Sant\u00e9, Pr Abderrahmane Benbouzid a, annonc\u00e9 hier la r\u00e9ception de pas moins de 4 millions de<\/p>\n","protected":false},"author":3,"featured_media":901,"comment_status":"open","ping_status":"closed","sticky":false,"template":"","format":"standard","meta":{"colormag_page_container_layout":"default_layout","colormag_page_sidebar_layout":"default_layout","om_disable_all_campaigns":false,"_monsterinsights_skip_tracking":false,"_monsterinsights_sitenote_active":false,"_monsterinsights_sitenote_note":"","_monsterinsights_sitenote_category":0,"footnotes":"","_wpscppro_dont_share_socialmedia":false,"_wpscppro_custom_social_share_image":0,"_facebook_share_type":"","_twitter_share_type":"","_linkedin_share_type":"","_pinterest_share_type":"","_linkedin_share_type_page":"","_instagram_share_type":"","_medium_share_type":"","_threads_share_type":"","_google_business_share_type":"","_selected_social_profile":[],"_wpsp_enable_custom_social_template":false,"_wpsp_social_scheduling":{"enabled":false,"datetime":null,"platforms":[],"status":"template_only","dateOption":"today","timeOption":"now","customDays":"","customHours":"","customDate":"","customTime":"","schedulingType":"absolute"},"_wpsp_active_default_template":true},"categories":[52,27],"tags":[],"class_list":["post-880","post","type-post","status-publish","format-standard","has-post-thumbnail","hentry","category-a-la-une","category-actualite"],"aioseo_notices":[],"yoast_head":"<!-- This site is optimized with the Yoast SEO plugin v27.4 - https:\/\/yoast.com\/product\/yoast-seo-wordpress\/ -->\n<title>Acc\u00e9l\u00e9ration de la cadence de vaccination \/ 4 millions de doses prochainement r\u00e9ceptionn\u00e9es - La Sentinelle<\/title>\n<meta name=\"robots\" content=\"index, follow, max-snippet:-1, max-image-preview:large, max-video-preview:-1\" \/>\n<link rel=\"canonical\" href=\"https:\/\/lasentinelle.dz\/index.php\/2021\/07\/12\/acceleration-de-la-cadence-de-vaccination-4-millions-de-doses-prochainement-receptionnees\/\" \/>\n<meta property=\"og:locale\" content=\"fr_FR\" \/>\n<meta property=\"og:type\" content=\"article\" \/>\n<meta property=\"og:title\" content=\"Acc\u00e9l\u00e9ration de la cadence de vaccination \/ 4 millions de doses prochainement r\u00e9ceptionn\u00e9es - La Sentinelle\" \/>\n<meta property=\"og:description\" content=\"Le ministre de la Sant\u00e9, Pr Abderrahmane Benbouzid a, annonc\u00e9 hier la r\u00e9ception de pas moins de 4 millions de\" \/>\n<meta property=\"og:url\" content=\"https:\/\/lasentinelle.dz\/index.php\/2021\/07\/12\/acceleration-de-la-cadence-de-vaccination-4-millions-de-doses-prochainement-receptionnees\/\" \/>\n<meta property=\"og:site_name\" content=\"La Sentinelle\" \/>\n<meta property=\"article:publisher\" content=\"https:\/\/www.facebook.com\/La-Sentinelle-104059864394773\" \/>\n<meta property=\"article:published_time\" content=\"2021-07-12T12:43:59+00:00\" \/>\n<meta property=\"article:modified_time\" content=\"2021-07-12T14:27:42+00:00\" \/>\n<meta property=\"og:image\" content=\"https:\/\/lasentinelle.dz\/wp-content\/uploads\/2021\/07\/benbouzid-ministre-de-la-sante\u0301-00-1.png\" \/>\n\t<meta property=\"og:image:width\" content=\"678\" \/>\n\t<meta property=\"og:image:height\" content=\"836\" \/>\n\t<meta property=\"og:image:type\" content=\"image\/png\" \/>\n<meta name=\"author\" content=\"La Sentinelle\" \/>\n<meta name=\"twitter:card\" content=\"summary_large_image\" \/>\n<meta name=\"twitter:label1\" content=\"\u00c9crit par\" \/>\n\t<meta name=\"twitter:data1\" content=\"La Sentinelle\" \/>\n\t<meta name=\"twitter:label2\" content=\"Dur\u00e9e de lecture estim\u00e9e\" \/>\n\t<meta name=\"twitter:data2\" content=\"3 minutes\" \/>\n<script type=\"application\/ld+json\" class=\"yoast-schema-graph\">{\"@context\":\"https:\\\/\\\/schema.org\",\"@graph\":[{\"@type\":\"Article\",\"@id\":\"https:\\\/\\\/lasentinelle.dz\\\/index.php\\\/2021\\\/07\\\/12\\\/acceleration-de-la-cadence-de-vaccination-4-millions-de-doses-prochainement-receptionnees\\\/#article\",\"isPartOf\":{\"@id\":\"https:\\\/\\\/lasentinelle.dz\\\/index.php\\\/2021\\\/07\\\/12\\\/acceleration-de-la-cadence-de-vaccination-4-millions-de-doses-prochainement-receptionnees\\\/\"},\"author\":{\"name\":\"La Sentinelle\",\"@id\":\"https:\\\/\\\/lasentinelle.dz\\\/#\\\/schema\\\/person\\\/d865044e22e70a75174ce8bcad3acfb3\"},\"headline\":\"Acc\u00e9l\u00e9ration de la cadence de vaccination \\\/ 4 millions de doses prochainement r\u00e9ceptionn\u00e9es\",\"datePublished\":\"2021-07-12T12:43:59+00:00\",\"dateModified\":\"2021-07-12T14:27:42+00:00\",\"mainEntityOfPage\":{\"@id\":\"https:\\\/\\\/lasentinelle.dz\\\/index.php\\\/2021\\\/07\\\/12\\\/acceleration-de-la-cadence-de-vaccination-4-millions-de-doses-prochainement-receptionnees\\\/\"},\"wordCount\":661,\"commentCount\":0,\"publisher\":{\"@id\":\"https:\\\/\\\/lasentinelle.dz\\\/#organization\"},\"image\":{\"@id\":\"https:\\\/\\\/lasentinelle.dz\\\/index.php\\\/2021\\\/07\\\/12\\\/acceleration-de-la-cadence-de-vaccination-4-millions-de-doses-prochainement-receptionnees\\\/#primaryimage\"},\"thumbnailUrl\":\"https:\\\/\\\/lasentinelle.dz\\\/wp-content\\\/uploads\\\/2021\\\/07\\\/benbouzid-ministre-de-la-sante\u0301-00-1.png\",\"articleSection\":[\"\u00c0 la Une\",\"Actualit\u00e9\"],\"inLanguage\":\"fr-FR\",\"potentialAction\":[{\"@type\":\"CommentAction\",\"name\":\"Comment\",\"target\":[\"https:\\\/\\\/lasentinelle.dz\\\/index.php\\\/2021\\\/07\\\/12\\\/acceleration-de-la-cadence-de-vaccination-4-millions-de-doses-prochainement-receptionnees\\\/#respond\"]}]},{\"@type\":\"WebPage\",\"@id\":\"https:\\\/\\\/lasentinelle.dz\\\/index.php\\\/2021\\\/07\\\/12\\\/acceleration-de-la-cadence-de-vaccination-4-millions-de-doses-prochainement-receptionnees\\\/\",\"url\":\"https:\\\/\\\/lasentinelle.dz\\\/index.php\\\/2021\\\/07\\\/12\\\/acceleration-de-la-cadence-de-vaccination-4-millions-de-doses-prochainement-receptionnees\\\/\",\"name\":\"Acc\u00e9l\u00e9ration de la cadence de vaccination \\\/ 4 millions de doses prochainement r\u00e9ceptionn\u00e9es - La Sentinelle\",\"isPartOf\":{\"@id\":\"https:\\\/\\\/lasentinelle.dz\\\/#website\"},\"primaryImageOfPage\":{\"@id\":\"https:\\\/\\\/lasentinelle.dz\\\/index.php\\\/2021\\\/07\\\/12\\\/acceleration-de-la-cadence-de-vaccination-4-millions-de-doses-prochainement-receptionnees\\\/#primaryimage\"},\"image\":{\"@id\":\"https:\\\/\\\/lasentinelle.dz\\\/index.php\\\/2021\\\/07\\\/12\\\/acceleration-de-la-cadence-de-vaccination-4-millions-de-doses-prochainement-receptionnees\\\/#primaryimage\"},\"thumbnailUrl\":\"https:\\\/\\\/lasentinelle.dz\\\/wp-content\\\/uploads\\\/2021\\\/07\\\/benbouzid-ministre-de-la-sante\u0301-00-1.png\",\"datePublished\":\"2021-07-12T12:43:59+00:00\",\"dateModified\":\"2021-07-12T14:27:42+00:00\",\"breadcrumb\":{\"@id\":\"https:\\\/\\\/lasentinelle.dz\\\/index.php\\\/2021\\\/07\\\/12\\\/acceleration-de-la-cadence-de-vaccination-4-millions-de-doses-prochainement-receptionnees\\\/#breadcrumb\"},\"inLanguage\":\"fr-FR\",\"potentialAction\":[{\"@type\":\"ReadAction\",\"target\":[\"https:\\\/\\\/lasentinelle.dz\\\/index.php\\\/2021\\\/07\\\/12\\\/acceleration-de-la-cadence-de-vaccination-4-millions-de-doses-prochainement-receptionnees\\\/\"]}]},{\"@type\":\"ImageObject\",\"inLanguage\":\"fr-FR\",\"@id\":\"https:\\\/\\\/lasentinelle.dz\\\/index.php\\\/2021\\\/07\\\/12\\\/acceleration-de-la-cadence-de-vaccination-4-millions-de-doses-prochainement-receptionnees\\\/#primaryimage\",\"url\":\"https:\\\/\\\/lasentinelle.dz\\\/wp-content\\\/uploads\\\/2021\\\/07\\\/benbouzid-ministre-de-la-sante\u0301-00-1.png\",\"contentUrl\":\"https:\\\/\\\/lasentinelle.dz\\\/wp-content\\\/uploads\\\/2021\\\/07\\\/benbouzid-ministre-de-la-sante\u0301-00-1.png\",\"width\":678,\"height\":836},{\"@type\":\"BreadcrumbList\",\"@id\":\"https:\\\/\\\/lasentinelle.dz\\\/index.php\\\/2021\\\/07\\\/12\\\/acceleration-de-la-cadence-de-vaccination-4-millions-de-doses-prochainement-receptionnees\\\/#breadcrumb\",\"itemListElement\":[{\"@type\":\"ListItem\",\"position\":1,\"name\":\"Accueil\",\"item\":\"https:\\\/\\\/lasentinelle.dz\\\/\"},{\"@type\":\"ListItem\",\"position\":2,\"name\":\"Acc\u00e9l\u00e9ration de la cadence de vaccination \\\/ 4 millions de doses prochainement r\u00e9ceptionn\u00e9es\"}]},{\"@type\":\"WebSite\",\"@id\":\"https:\\\/\\\/lasentinelle.dz\\\/#website\",\"url\":\"https:\\\/\\\/lasentinelle.dz\\\/\",\"name\":\"La Sentinelle\",\"description\":\"Quotidien national d&#039;information\",\"publisher\":{\"@id\":\"https:\\\/\\\/lasentinelle.dz\\\/#organization\"},\"potentialAction\":[{\"@type\":\"SearchAction\",\"target\":{\"@type\":\"EntryPoint\",\"urlTemplate\":\"https:\\\/\\\/lasentinelle.dz\\\/?s={search_term_string}\"},\"query-input\":{\"@type\":\"PropertyValueSpecification\",\"valueRequired\":true,\"valueName\":\"search_term_string\"}}],\"inLanguage\":\"fr-FR\"},{\"@type\":\"Organization\",\"@id\":\"https:\\\/\\\/lasentinelle.dz\\\/#organization\",\"name\":\"Quotidien La Sentinelle\",\"url\":\"https:\\\/\\\/lasentinelle.dz\\\/\",\"logo\":{\"@type\":\"ImageObject\",\"inLanguage\":\"fr-FR\",\"@id\":\"https:\\\/\\\/lasentinelle.dz\\\/#\\\/schema\\\/logo\\\/image\\\/\",\"url\":\"https:\\\/\\\/lasentinelle.dz\\\/wp-content\\\/uploads\\\/2021\\\/09\\\/logo-sentinelleSLOGAN-1.png\",\"contentUrl\":\"https:\\\/\\\/lasentinelle.dz\\\/wp-content\\\/uploads\\\/2021\\\/09\\\/logo-sentinelleSLOGAN-1.png\",\"width\":615,\"height\":142,\"caption\":\"Quotidien La Sentinelle\"},\"image\":{\"@id\":\"https:\\\/\\\/lasentinelle.dz\\\/#\\\/schema\\\/logo\\\/image\\\/\"},\"sameAs\":[\"https:\\\/\\\/www.facebook.com\\\/La-Sentinelle-104059864394773\"]},{\"@type\":\"Person\",\"@id\":\"https:\\\/\\\/lasentinelle.dz\\\/#\\\/schema\\\/person\\\/d865044e22e70a75174ce8bcad3acfb3\",\"name\":\"La Sentinelle\",\"image\":{\"@type\":\"ImageObject\",\"inLanguage\":\"fr-FR\",\"@id\":\"https:\\\/\\\/secure.gravatar.com\\\/avatar\\\/57de8e5d4b15d43fb361a71fbb36338450fe67865b528a43dd10ef7c51a20392?s=96&d=mm&r=g\",\"url\":\"https:\\\/\\\/secure.gravatar.com\\\/avatar\\\/57de8e5d4b15d43fb361a71fbb36338450fe67865b528a43dd10ef7c51a20392?s=96&d=mm&r=g\",\"contentUrl\":\"https:\\\/\\\/secure.gravatar.com\\\/avatar\\\/57de8e5d4b15d43fb361a71fbb36338450fe67865b528a43dd10ef7c51a20392?s=96&d=mm&r=g\",\"caption\":\"La Sentinelle\"},\"sameAs\":[\"http:\\\/\\\/www.lasentinelle.dz\"],\"url\":\"https:\\\/\\\/lasentinelle.dz\\\/author\\\/redaction\\\/\"}]}<\/script>\n<!-- \/ Yoast SEO plugin. -->","yoast_head_json":{"title":"Acc\u00e9l\u00e9ration de la cadence de vaccination \/ 4 millions de doses prochainement r\u00e9ceptionn\u00e9es - La Sentinelle","robots":{"index":"index","follow":"follow","max-snippet":"max-snippet:-1","max-image-preview":"max-image-preview:large","max-video-preview":"max-video-preview:-1"},"canonical":"https:\/\/lasentinelle.dz\/index.php\/2021\/07\/12\/acceleration-de-la-cadence-de-vaccination-4-millions-de-doses-prochainement-receptionnees\/","og_locale":"fr_FR","og_type":"article","og_title":"Acc\u00e9l\u00e9ration de la cadence de vaccination \/ 4 millions de doses prochainement r\u00e9ceptionn\u00e9es - La Sentinelle","og_description":"Le ministre de la Sant\u00e9, Pr Abderrahmane Benbouzid a, annonc\u00e9 hier la r\u00e9ception de pas moins de 4 millions de","og_url":"https:\/\/lasentinelle.dz\/index.php\/2021\/07\/12\/acceleration-de-la-cadence-de-vaccination-4-millions-de-doses-prochainement-receptionnees\/","og_site_name":"La Sentinelle","article_publisher":"https:\/\/www.facebook.com\/La-Sentinelle-104059864394773","article_published_time":"2021-07-12T12:43:59+00:00","article_modified_time":"2021-07-12T14:27:42+00:00","og_image":[{"width":678,"height":836,"url":"https:\/\/lasentinelle.dz\/wp-content\/uploads\/2021\/07\/benbouzid-ministre-de-la-sante\u0301-00-1.png","type":"image\/png"}],"author":"La Sentinelle","twitter_card":"summary_large_image","twitter_misc":{"\u00c9crit par":"La Sentinelle","Dur\u00e9e de lecture estim\u00e9e":"3 minutes"},"schema":{"@context":"https:\/\/schema.org","@graph":[{"@type":"Article","@id":"https:\/\/lasentinelle.dz\/index.php\/2021\/07\/12\/acceleration-de-la-cadence-de-vaccination-4-millions-de-doses-prochainement-receptionnees\/#article","isPartOf":{"@id":"https:\/\/lasentinelle.dz\/index.php\/2021\/07\/12\/acceleration-de-la-cadence-de-vaccination-4-millions-de-doses-prochainement-receptionnees\/"},"author":{"name":"La Sentinelle","@id":"https:\/\/lasentinelle.dz\/#\/schema\/person\/d865044e22e70a75174ce8bcad3acfb3"},"headline":"Acc\u00e9l\u00e9ration de la cadence de vaccination \/ 4 millions de doses prochainement r\u00e9ceptionn\u00e9es","datePublished":"2021-07-12T12:43:59+00:00","dateModified":"2021-07-12T14:27:42+00:00","mainEntityOfPage":{"@id":"https:\/\/lasentinelle.dz\/index.php\/2021\/07\/12\/acceleration-de-la-cadence-de-vaccination-4-millions-de-doses-prochainement-receptionnees\/"},"wordCount":661,"commentCount":0,"publisher":{"@id":"https:\/\/lasentinelle.dz\/#organization"},"image":{"@id":"https:\/\/lasentinelle.dz\/index.php\/2021\/07\/12\/acceleration-de-la-cadence-de-vaccination-4-millions-de-doses-prochainement-receptionnees\/#primaryimage"},"thumbnailUrl":"https:\/\/lasentinelle.dz\/wp-content\/uploads\/2021\/07\/benbouzid-ministre-de-la-sante\u0301-00-1.png","articleSection":["\u00c0 la Une","Actualit\u00e9"],"inLanguage":"fr-FR","potentialAction":[{"@type":"CommentAction","name":"Comment","target":["https:\/\/lasentinelle.dz\/index.php\/2021\/07\/12\/acceleration-de-la-cadence-de-vaccination-4-millions-de-doses-prochainement-receptionnees\/#respond"]}]},{"@type":"WebPage","@id":"https:\/\/lasentinelle.dz\/index.php\/2021\/07\/12\/acceleration-de-la-cadence-de-vaccination-4-millions-de-doses-prochainement-receptionnees\/","url":"https:\/\/lasentinelle.dz\/index.php\/2021\/07\/12\/acceleration-de-la-cadence-de-vaccination-4-millions-de-doses-prochainement-receptionnees\/","name":"Acc\u00e9l\u00e9ration de la cadence de vaccination \/ 4 millions de doses prochainement r\u00e9ceptionn\u00e9es - La Sentinelle","isPartOf":{"@id":"https:\/\/lasentinelle.dz\/#website"},"primaryImageOfPage":{"@id":"https:\/\/lasentinelle.dz\/index.php\/2021\/07\/12\/acceleration-de-la-cadence-de-vaccination-4-millions-de-doses-prochainement-receptionnees\/#primaryimage"},"image":{"@id":"https:\/\/lasentinelle.dz\/index.php\/2021\/07\/12\/acceleration-de-la-cadence-de-vaccination-4-millions-de-doses-prochainement-receptionnees\/#primaryimage"},"thumbnailUrl":"https:\/\/lasentinelle.dz\/wp-content\/uploads\/2021\/07\/benbouzid-ministre-de-la-sante\u0301-00-1.png","datePublished":"2021-07-12T12:43:59+00:00","dateModified":"2021-07-12T14:27:42+00:00","breadcrumb":{"@id":"https:\/\/lasentinelle.dz\/index.php\/2021\/07\/12\/acceleration-de-la-cadence-de-vaccination-4-millions-de-doses-prochainement-receptionnees\/#breadcrumb"},"inLanguage":"fr-FR","potentialAction":[{"@type":"ReadAction","target":["https:\/\/lasentinelle.dz\/index.php\/2021\/07\/12\/acceleration-de-la-cadence-de-vaccination-4-millions-de-doses-prochainement-receptionnees\/"]}]},{"@type":"ImageObject","inLanguage":"fr-FR","@id":"https:\/\/lasentinelle.dz\/index.php\/2021\/07\/12\/acceleration-de-la-cadence-de-vaccination-4-millions-de-doses-prochainement-receptionnees\/#primaryimage","url":"https:\/\/lasentinelle.dz\/wp-content\/uploads\/2021\/07\/benbouzid-ministre-de-la-sante\u0301-00-1.png","contentUrl":"https:\/\/lasentinelle.dz\/wp-content\/uploads\/2021\/07\/benbouzid-ministre-de-la-sante\u0301-00-1.png","width":678,"height":836},{"@type":"BreadcrumbList","@id":"https:\/\/lasentinelle.dz\/index.php\/2021\/07\/12\/acceleration-de-la-cadence-de-vaccination-4-millions-de-doses-prochainement-receptionnees\/#breadcrumb","itemListElement":[{"@type":"ListItem","position":1,"name":"Accueil","item":"https:\/\/lasentinelle.dz\/"},{"@type":"ListItem","position":2,"name":"Acc\u00e9l\u00e9ration de la cadence de vaccination \/ 4 millions de doses prochainement r\u00e9ceptionn\u00e9es"}]},{"@type":"WebSite","@id":"https:\/\/lasentinelle.dz\/#website","url":"https:\/\/lasentinelle.dz\/","name":"La Sentinelle","description":"Quotidien national d&#039;information","publisher":{"@id":"https:\/\/lasentinelle.dz\/#organization"},"potentialAction":[{"@type":"SearchAction","target":{"@type":"EntryPoint","urlTemplate":"https:\/\/lasentinelle.dz\/?s={search_term_string}"},"query-input":{"@type":"PropertyValueSpecification","valueRequired":true,"valueName":"search_term_string"}}],"inLanguage":"fr-FR"},{"@type":"Organization","@id":"https:\/\/lasentinelle.dz\/#organization","name":"Quotidien La Sentinelle","url":"https:\/\/lasentinelle.dz\/","logo":{"@type":"ImageObject","inLanguage":"fr-FR","@id":"https:\/\/lasentinelle.dz\/#\/schema\/logo\/image\/","url":"https:\/\/lasentinelle.dz\/wp-content\/uploads\/2021\/09\/logo-sentinelleSLOGAN-1.png","contentUrl":"https:\/\/lasentinelle.dz\/wp-content\/uploads\/2021\/09\/logo-sentinelleSLOGAN-1.png","width":615,"height":142,"caption":"Quotidien La Sentinelle"},"image":{"@id":"https:\/\/lasentinelle.dz\/#\/schema\/logo\/image\/"},"sameAs":["https:\/\/www.facebook.com\/La-Sentinelle-104059864394773"]},{"@type":"Person","@id":"https:\/\/lasentinelle.dz\/#\/schema\/person\/d865044e22e70a75174ce8bcad3acfb3","name":"La Sentinelle","image":{"@type":"ImageObject","inLanguage":"fr-FR","@id":"https:\/\/secure.gravatar.com\/avatar\/57de8e5d4b15d43fb361a71fbb36338450fe67865b528a43dd10ef7c51a20392?s=96&d=mm&r=g","url":"https:\/\/secure.gravatar.com\/avatar\/57de8e5d4b15d43fb361a71fbb36338450fe67865b528a43dd10ef7c51a20392?s=96&d=mm&r=g","contentUrl":"https:\/\/secure.gravatar.com\/avatar\/57de8e5d4b15d43fb361a71fbb36338450fe67865b528a43dd10ef7c51a20392?s=96&d=mm&r=g","caption":"La Sentinelle"},"sameAs":["http:\/\/www.lasentinelle.dz"],"url":"https:\/\/lasentinelle.dz\/author\/redaction\/"}]}},"_links":{"self":[{"href":"https:\/\/lasentinelle.dz\/index.php\/wp-json\/wp\/v2\/posts\/880","targetHints":{"allow":["GET"]}}],"collection":[{"href":"https:\/\/lasentinelle.dz\/index.php\/wp-json\/wp\/v2\/posts"}],"about":[{"href":"https:\/\/lasentinelle.dz\/index.php\/wp-json\/wp\/v2\/types\/post"}],"author":[{"embeddable":true,"href":"https:\/\/lasentinelle.dz\/index.php\/wp-json\/wp\/v2\/users\/3"}],"replies":[{"embeddable":true,"href":"https:\/\/lasentinelle.dz\/index.php\/wp-json\/wp\/v2\/comments?post=880"}],"version-history":[{"count":1,"href":"https:\/\/lasentinelle.dz\/index.php\/wp-json\/wp\/v2\/posts\/880\/revisions"}],"predecessor-version":[{"id":883,"href":"https:\/\/lasentinelle.dz\/index.php\/wp-json\/wp\/v2\/posts\/880\/revisions\/883"}],"wp:featuredmedia":[{"embeddable":true,"href":"https:\/\/lasentinelle.dz\/index.php\/wp-json\/wp\/v2\/media\/901"}],"wp:attachment":[{"href":"https:\/\/lasentinelle.dz\/index.php\/wp-json\/wp\/v2\/media?parent=880"}],"wp:term":[{"taxonomy":"category","embeddable":true,"href":"https:\/\/lasentinelle.dz\/index.php\/wp-json\/wp\/v2\/categories?post=880"},{"taxonomy":"post_tag","embeddable":true,"href":"https:\/\/lasentinelle.dz\/index.php\/wp-json\/wp\/v2\/tags?post=880"}],"curies":[{"name":"wp","href":"https:\/\/api.w.org\/{rel}","templated":true}]}}