{"id":881,"date":"2021-07-12T13:57:50","date_gmt":"2021-07-12T12:57:50","guid":{"rendered":"https:\/\/lasentinelle.dz\/?p=881"},"modified":"2021-07-12T13:58:01","modified_gmt":"2021-07-12T12:58:01","slug":"nouveau-drame-routier-a-ghardaia-lhecatombe-continue","status":"publish","type":"post","link":"https:\/\/lasentinelle.dz\/index.php\/2021\/07\/12\/nouveau-drame-routier-a-ghardaia-lhecatombe-continue\/","title":{"rendered":"Nouveau drame routier \u00e0 Gharda\u00efa \/ L\u2019h\u00e9catombe continue !"},"content":{"rendered":"\n<p>Le terrorisme routier continue \u00e0 faire des victimes et \u00e0 endeuiller les familles alg\u00e9riennes. Vingt-quatre \u00e0 peine apr\u00e8s l\u2019accident mortel de Constantine, voil\u00e0 une nouvelle collision entre un bus de transport de voyageurs et un camion fait une dizaine de morts \u00e0 Gharda\u00efa. Samedi soir, vers 21 h 45, un bus de transport de voyageurs est entr\u00e9 en collision avec un camion au niveau de la d\u00e9viation de la commune de Bounoura dans la wilaya de Gharda\u00efa.Neuf personnes ont trouv\u00e9 la mort et 50 autres ont \u00e9t\u00e9 bless\u00e9es, dans cet accident.<\/p>\n\n\n\n<p>Il faut noter que pas moins de 28 personnes ont \u00e9t\u00e9 tu\u00e9es dans deux accidents similaires dans les wilayas de Constantine et de Bordj Badji Mokhtar, entre vendredi et samedi.<\/p>\n\n\n\n<p>\u00c0 Constantine, une collision entre un camion et un bus de transport de voyageurs dans la localit\u00e9 d\u2019Oued Ourezg relevant de la commune de Beni H\u2019midane vendredi soira fait 19 morts selon les chiffres actualis\u00e9s et communiqu\u00e9s hier par le groupement territorial de la Gendarmerie nationale dans un communiqu\u00e9.Le m\u00eame document a soulign\u00e9 que le nombre de personnes d\u00e9c\u00e9d\u00e9es dans la collision meurtri\u00e8re qui s\u2019est produite, vendredi au lieudit Oued Ouerzag dans la commune de Beni H\u2019midane, s\u2019\u00e9l\u00e8ve \u00e0 19 (11 femmes, 7 enfants et un homme) apr\u00e8s le d\u00e9c\u00e8s d\u2019une fillette \u00e2g\u00e9e de 8 ans, ajoutant que \u00ab\u00a0le nombre des bless\u00e9s est de 9 actuellement\u00a0\u00bb.<\/p>\n\n\n\n<p>Il faut noter dans ce contexte que le conducteur du camion-remorque auteur impliqu\u00e9 dans cet accident a \u00e9t\u00e9 plac\u00e9 en garde \u00e0 vue, en attendant le parach\u00e8vement de l&rsquo;enqu\u00eate pr\u00e9liminaire et la pr\u00e9sentation des parties devant le tribunal de Zighoud Youcef. Selon un communiqu\u00e9 du procureur de la R\u00e9publique pr\u00e8s le m\u00eame tribunal, l&rsquo;enqu\u00eate pr\u00e9liminaire \u00ab\u00a0se poursuit toujours\u00a0\u00bb au niveau de la brigade territoriale de la Gendarmerie nationale de Beni H\u2019midene, a pr\u00e9cis\u00e9 samedi la m\u00eame source.Le conducteur d&rsquo;un camion-remorque, \u00e2g\u00e9 de 59 ans, et qui \u00e9tait charg\u00e9 de graviers, venant de Constantine vers Jijel a perdu le contr\u00f4le de son v\u00e9hicule qui roulait \u00e0 grande vitesse, suite \u00e0 l&rsquo;arr\u00eat du syst\u00e8me de freinage, entrant en collision avec unbus de transport des voyageurs qui venait de Jijel vers Constantine, selon la m\u00eame source.Les victimes ont \u00e9t\u00e9 transf\u00e9r\u00e9es au Centre hospitalo-universitaire (CHU) Ibn Badis.Concernant les d\u00e9c\u00e8s, 17 permis d&rsquo;inhumation ont \u00e9t\u00e9 d\u00e9livr\u00e9s par le tribunal de Zighoud Youcef, tandis que la victime (B.S) a \u00e9t\u00e9 transf\u00e9r\u00e9e \u00e0 la clinique de Grarem Gouga (Mila). Une correspondance a \u00e9t\u00e9 adress\u00e9e au parquet du tribunal de Mila pour obtenir un permis d&rsquo;inhumation, a ajout\u00e9 la m\u00eame source.Seize des victimes de l\u2019accident ont \u00e9t\u00e9 inhum\u00e9es samedi au cimeti\u00e8re de Zouitna dans la commune de Hamma Bouziane.L\u2019enterrement a eu lieu en pr\u00e9sence des autorit\u00e9s locales, civiles et militaires, et une foule nombreuse notamment des proches et des citoyens venus accompagner les victimes \u00e0 leur derni\u00e8re demeure.<\/p>\n\n\n\n<p>Vendredi soir, un autre drame routier s\u2019est produit A Bordj Badji Mokhtar dans l\u2019extr\u00eame sud de pays faisant neuf morts et un bless\u00e9. L\u2019accident eu lieu suite \u00e0 une collision entre un v\u00e9hicule Toyota 4\u00d74 et un camion au niveau de laRn\u00b0 6 \u00e0 22 h 55.<\/p>\n\n\n\n<p><strong>ChokriHafed<\/strong><\/p>\n","protected":false},"excerpt":{"rendered":"<p>Le terrorisme routier continue \u00e0 faire des victimes et \u00e0 endeuiller les familles alg\u00e9riennes. Vingt-quatre \u00e0 peine apr\u00e8s l\u2019accident mortel<\/p>\n","protected":false},"author":3,"featured_media":755,"comment_status":"open","ping_status":"closed","sticky":false,"template":"","format":"standard","meta":{"colormag_page_container_layout":"default_layout","colormag_page_sidebar_layout":"default_layout","om_disable_all_campaigns":false,"_monsterinsights_skip_tracking":false,"_monsterinsights_sitenote_active":false,"_monsterinsights_sitenote_note":"","_monsterinsights_sitenote_category":0,"footnotes":"","_wpscppro_dont_share_socialmedia":false,"_wpscppro_custom_social_share_image":0,"_facebook_share_type":"","_twitter_share_type":"","_linkedin_share_type":"","_pinterest_share_type":"","_linkedin_share_type_page":"","_instagram_share_type":"","_medium_share_type":"","_threads_share_type":"","_google_business_share_type":"","_selected_social_profile":[],"_wpsp_enable_custom_social_template":false,"_wpsp_social_scheduling":{"enabled":false,"datetime":null,"platforms":[],"status":"template_only","dateOption":"today","timeOption":"now","customDays":"","customHours":"","customDate":"","customTime":"","schedulingType":"absolute"},"_wpsp_active_default_template":true},"categories":[27],"tags":[],"class_list":["post-881","post","type-post","status-publish","format-standard","has-post-thumbnail","hentry","category-actualite"],"aioseo_notices":[],"yoast_head":"<!-- This site is optimized with the Yoast SEO plugin v27.4 - https:\/\/yoast.com\/product\/yoast-seo-wordpress\/ -->\n<title>Nouveau drame routier \u00e0 Gharda\u00efa \/ L\u2019h\u00e9catombe continue ! - La Sentinelle<\/title>\n<meta name=\"robots\" content=\"index, follow, max-snippet:-1, max-image-preview:large, max-video-preview:-1\" \/>\n<link rel=\"canonical\" href=\"https:\/\/lasentinelle.dz\/index.php\/2021\/07\/12\/nouveau-drame-routier-a-ghardaia-lhecatombe-continue\/\" \/>\n<meta property=\"og:locale\" content=\"fr_FR\" \/>\n<meta property=\"og:type\" content=\"article\" \/>\n<meta property=\"og:title\" content=\"Nouveau drame routier \u00e0 Gharda\u00efa \/ L\u2019h\u00e9catombe continue ! - La Sentinelle\" \/>\n<meta property=\"og:description\" content=\"Le terrorisme routier continue \u00e0 faire des victimes et \u00e0 endeuiller les familles alg\u00e9riennes. Vingt-quatre \u00e0 peine apr\u00e8s l\u2019accident mortel\" \/>\n<meta property=\"og:url\" content=\"https:\/\/lasentinelle.dz\/index.php\/2021\/07\/12\/nouveau-drame-routier-a-ghardaia-lhecatombe-continue\/\" \/>\n<meta property=\"og:site_name\" content=\"La Sentinelle\" \/>\n<meta property=\"article:publisher\" content=\"https:\/\/www.facebook.com\/La-Sentinelle-104059864394773\" \/>\n<meta property=\"article:published_time\" content=\"2021-07-12T12:57:50+00:00\" \/>\n<meta property=\"article:modified_time\" content=\"2021-07-12T12:58:01+00:00\" \/>\n<meta property=\"og:image\" content=\"https:\/\/lasentinelle.dz\/wp-content\/uploads\/2021\/07\/accident-de-la-route.jpeg\" \/>\n\t<meta property=\"og:image:width\" content=\"1200\" \/>\n\t<meta property=\"og:image:height\" content=\"675\" \/>\n\t<meta property=\"og:image:type\" content=\"image\/jpeg\" \/>\n<meta name=\"author\" content=\"La Sentinelle\" \/>\n<meta name=\"twitter:card\" content=\"summary_large_image\" \/>\n<meta name=\"twitter:label1\" content=\"\u00c9crit par\" \/>\n\t<meta name=\"twitter:data1\" content=\"La Sentinelle\" \/>\n\t<meta name=\"twitter:label2\" content=\"Dur\u00e9e de lecture estim\u00e9e\" \/>\n\t<meta name=\"twitter:data2\" content=\"3 minutes\" \/>\n<script type=\"application\/ld+json\" class=\"yoast-schema-graph\">{\"@context\":\"https:\\\/\\\/schema.org\",\"@graph\":[{\"@type\":\"Article\",\"@id\":\"https:\\\/\\\/lasentinelle.dz\\\/index.php\\\/2021\\\/07\\\/12\\\/nouveau-drame-routier-a-ghardaia-lhecatombe-continue\\\/#article\",\"isPartOf\":{\"@id\":\"https:\\\/\\\/lasentinelle.dz\\\/index.php\\\/2021\\\/07\\\/12\\\/nouveau-drame-routier-a-ghardaia-lhecatombe-continue\\\/\"},\"author\":{\"name\":\"La Sentinelle\",\"@id\":\"https:\\\/\\\/lasentinelle.dz\\\/#\\\/schema\\\/person\\\/d865044e22e70a75174ce8bcad3acfb3\"},\"headline\":\"Nouveau drame routier \u00e0 Gharda\u00efa \\\/ L\u2019h\u00e9catombe continue !\",\"datePublished\":\"2021-07-12T12:57:50+00:00\",\"dateModified\":\"2021-07-12T12:58:01+00:00\",\"mainEntityOfPage\":{\"@id\":\"https:\\\/\\\/lasentinelle.dz\\\/index.php\\\/2021\\\/07\\\/12\\\/nouveau-drame-routier-a-ghardaia-lhecatombe-continue\\\/\"},\"wordCount\":575,\"commentCount\":0,\"publisher\":{\"@id\":\"https:\\\/\\\/lasentinelle.dz\\\/#organization\"},\"image\":{\"@id\":\"https:\\\/\\\/lasentinelle.dz\\\/index.php\\\/2021\\\/07\\\/12\\\/nouveau-drame-routier-a-ghardaia-lhecatombe-continue\\\/#primaryimage\"},\"thumbnailUrl\":\"https:\\\/\\\/lasentinelle.dz\\\/wp-content\\\/uploads\\\/2021\\\/07\\\/accident-de-la-route.jpeg\",\"articleSection\":[\"Actualit\u00e9\"],\"inLanguage\":\"fr-FR\",\"potentialAction\":[{\"@type\":\"CommentAction\",\"name\":\"Comment\",\"target\":[\"https:\\\/\\\/lasentinelle.dz\\\/index.php\\\/2021\\\/07\\\/12\\\/nouveau-drame-routier-a-ghardaia-lhecatombe-continue\\\/#respond\"]}]},{\"@type\":\"WebPage\",\"@id\":\"https:\\\/\\\/lasentinelle.dz\\\/index.php\\\/2021\\\/07\\\/12\\\/nouveau-drame-routier-a-ghardaia-lhecatombe-continue\\\/\",\"url\":\"https:\\\/\\\/lasentinelle.dz\\\/index.php\\\/2021\\\/07\\\/12\\\/nouveau-drame-routier-a-ghardaia-lhecatombe-continue\\\/\",\"name\":\"Nouveau drame routier \u00e0 Gharda\u00efa \\\/ L\u2019h\u00e9catombe continue ! - La Sentinelle\",\"isPartOf\":{\"@id\":\"https:\\\/\\\/lasentinelle.dz\\\/#website\"},\"primaryImageOfPage\":{\"@id\":\"https:\\\/\\\/lasentinelle.dz\\\/index.php\\\/2021\\\/07\\\/12\\\/nouveau-drame-routier-a-ghardaia-lhecatombe-continue\\\/#primaryimage\"},\"image\":{\"@id\":\"https:\\\/\\\/lasentinelle.dz\\\/index.php\\\/2021\\\/07\\\/12\\\/nouveau-drame-routier-a-ghardaia-lhecatombe-continue\\\/#primaryimage\"},\"thumbnailUrl\":\"https:\\\/\\\/lasentinelle.dz\\\/wp-content\\\/uploads\\\/2021\\\/07\\\/accident-de-la-route.jpeg\",\"datePublished\":\"2021-07-12T12:57:50+00:00\",\"dateModified\":\"2021-07-12T12:58:01+00:00\",\"breadcrumb\":{\"@id\":\"https:\\\/\\\/lasentinelle.dz\\\/index.php\\\/2021\\\/07\\\/12\\\/nouveau-drame-routier-a-ghardaia-lhecatombe-continue\\\/#breadcrumb\"},\"inLanguage\":\"fr-FR\",\"potentialAction\":[{\"@type\":\"ReadAction\",\"target\":[\"https:\\\/\\\/lasentinelle.dz\\\/index.php\\\/2021\\\/07\\\/12\\\/nouveau-drame-routier-a-ghardaia-lhecatombe-continue\\\/\"]}]},{\"@type\":\"ImageObject\",\"inLanguage\":\"fr-FR\",\"@id\":\"https:\\\/\\\/lasentinelle.dz\\\/index.php\\\/2021\\\/07\\\/12\\\/nouveau-drame-routier-a-ghardaia-lhecatombe-continue\\\/#primaryimage\",\"url\":\"https:\\\/\\\/lasentinelle.dz\\\/wp-content\\\/uploads\\\/2021\\\/07\\\/accident-de-la-route.jpeg\",\"contentUrl\":\"https:\\\/\\\/lasentinelle.dz\\\/wp-content\\\/uploads\\\/2021\\\/07\\\/accident-de-la-route.jpeg\",\"width\":1200,\"height\":675},{\"@type\":\"BreadcrumbList\",\"@id\":\"https:\\\/\\\/lasentinelle.dz\\\/index.php\\\/2021\\\/07\\\/12\\\/nouveau-drame-routier-a-ghardaia-lhecatombe-continue\\\/#breadcrumb\",\"itemListElement\":[{\"@type\":\"ListItem\",\"position\":1,\"name\":\"Accueil\",\"item\":\"https:\\\/\\\/lasentinelle.dz\\\/\"},{\"@type\":\"ListItem\",\"position\":2,\"name\":\"Nouveau drame routier \u00e0 Gharda\u00efa \\\/ L\u2019h\u00e9catombe continue !\"}]},{\"@type\":\"WebSite\",\"@id\":\"https:\\\/\\\/lasentinelle.dz\\\/#website\",\"url\":\"https:\\\/\\\/lasentinelle.dz\\\/\",\"name\":\"La Sentinelle\",\"description\":\"Quotidien national d&#039;information\",\"publisher\":{\"@id\":\"https:\\\/\\\/lasentinelle.dz\\\/#organization\"},\"potentialAction\":[{\"@type\":\"SearchAction\",\"target\":{\"@type\":\"EntryPoint\",\"urlTemplate\":\"https:\\\/\\\/lasentinelle.dz\\\/?s={search_term_string}\"},\"query-input\":{\"@type\":\"PropertyValueSpecification\",\"valueRequired\":true,\"valueName\":\"search_term_string\"}}],\"inLanguage\":\"fr-FR\"},{\"@type\":\"Organization\",\"@id\":\"https:\\\/\\\/lasentinelle.dz\\\/#organization\",\"name\":\"Quotidien La Sentinelle\",\"url\":\"https:\\\/\\\/lasentinelle.dz\\\/\",\"logo\":{\"@type\":\"ImageObject\",\"inLanguage\":\"fr-FR\",\"@id\":\"https:\\\/\\\/lasentinelle.dz\\\/#\\\/schema\\\/logo\\\/image\\\/\",\"url\":\"https:\\\/\\\/lasentinelle.dz\\\/wp-content\\\/uploads\\\/2021\\\/09\\\/logo-sentinelleSLOGAN-1.png\",\"contentUrl\":\"https:\\\/\\\/lasentinelle.dz\\\/wp-content\\\/uploads\\\/2021\\\/09\\\/logo-sentinelleSLOGAN-1.png\",\"width\":615,\"height\":142,\"caption\":\"Quotidien La Sentinelle\"},\"image\":{\"@id\":\"https:\\\/\\\/lasentinelle.dz\\\/#\\\/schema\\\/logo\\\/image\\\/\"},\"sameAs\":[\"https:\\\/\\\/www.facebook.com\\\/La-Sentinelle-104059864394773\"]},{\"@type\":\"Person\",\"@id\":\"https:\\\/\\\/lasentinelle.dz\\\/#\\\/schema\\\/person\\\/d865044e22e70a75174ce8bcad3acfb3\",\"name\":\"La Sentinelle\",\"image\":{\"@type\":\"ImageObject\",\"inLanguage\":\"fr-FR\",\"@id\":\"https:\\\/\\\/secure.gravatar.com\\\/avatar\\\/57de8e5d4b15d43fb361a71fbb36338450fe67865b528a43dd10ef7c51a20392?s=96&d=mm&r=g\",\"url\":\"https:\\\/\\\/secure.gravatar.com\\\/avatar\\\/57de8e5d4b15d43fb361a71fbb36338450fe67865b528a43dd10ef7c51a20392?s=96&d=mm&r=g\",\"contentUrl\":\"https:\\\/\\\/secure.gravatar.com\\\/avatar\\\/57de8e5d4b15d43fb361a71fbb36338450fe67865b528a43dd10ef7c51a20392?s=96&d=mm&r=g\",\"caption\":\"La Sentinelle\"},\"sameAs\":[\"http:\\\/\\\/www.lasentinelle.dz\"],\"url\":\"https:\\\/\\\/lasentinelle.dz\\\/author\\\/redaction\\\/\"}]}<\/script>\n<!-- \/ Yoast SEO plugin. -->","yoast_head_json":{"title":"Nouveau drame routier \u00e0 Gharda\u00efa \/ L\u2019h\u00e9catombe continue ! - La Sentinelle","robots":{"index":"index","follow":"follow","max-snippet":"max-snippet:-1","max-image-preview":"max-image-preview:large","max-video-preview":"max-video-preview:-1"},"canonical":"https:\/\/lasentinelle.dz\/index.php\/2021\/07\/12\/nouveau-drame-routier-a-ghardaia-lhecatombe-continue\/","og_locale":"fr_FR","og_type":"article","og_title":"Nouveau drame routier \u00e0 Gharda\u00efa \/ L\u2019h\u00e9catombe continue ! - La Sentinelle","og_description":"Le terrorisme routier continue \u00e0 faire des victimes et \u00e0 endeuiller les familles alg\u00e9riennes. Vingt-quatre \u00e0 peine apr\u00e8s l\u2019accident mortel","og_url":"https:\/\/lasentinelle.dz\/index.php\/2021\/07\/12\/nouveau-drame-routier-a-ghardaia-lhecatombe-continue\/","og_site_name":"La Sentinelle","article_publisher":"https:\/\/www.facebook.com\/La-Sentinelle-104059864394773","article_published_time":"2021-07-12T12:57:50+00:00","article_modified_time":"2021-07-12T12:58:01+00:00","og_image":[{"width":1200,"height":675,"url":"https:\/\/lasentinelle.dz\/wp-content\/uploads\/2021\/07\/accident-de-la-route.jpeg","type":"image\/jpeg"}],"author":"La Sentinelle","twitter_card":"summary_large_image","twitter_misc":{"\u00c9crit par":"La Sentinelle","Dur\u00e9e de lecture estim\u00e9e":"3 minutes"},"schema":{"@context":"https:\/\/schema.org","@graph":[{"@type":"Article","@id":"https:\/\/lasentinelle.dz\/index.php\/2021\/07\/12\/nouveau-drame-routier-a-ghardaia-lhecatombe-continue\/#article","isPartOf":{"@id":"https:\/\/lasentinelle.dz\/index.php\/2021\/07\/12\/nouveau-drame-routier-a-ghardaia-lhecatombe-continue\/"},"author":{"name":"La Sentinelle","@id":"https:\/\/lasentinelle.dz\/#\/schema\/person\/d865044e22e70a75174ce8bcad3acfb3"},"headline":"Nouveau drame routier \u00e0 Gharda\u00efa \/ L\u2019h\u00e9catombe continue !","datePublished":"2021-07-12T12:57:50+00:00","dateModified":"2021-07-12T12:58:01+00:00","mainEntityOfPage":{"@id":"https:\/\/lasentinelle.dz\/index.php\/2021\/07\/12\/nouveau-drame-routier-a-ghardaia-lhecatombe-continue\/"},"wordCount":575,"commentCount":0,"publisher":{"@id":"https:\/\/lasentinelle.dz\/#organization"},"image":{"@id":"https:\/\/lasentinelle.dz\/index.php\/2021\/07\/12\/nouveau-drame-routier-a-ghardaia-lhecatombe-continue\/#primaryimage"},"thumbnailUrl":"https:\/\/lasentinelle.dz\/wp-content\/uploads\/2021\/07\/accident-de-la-route.jpeg","articleSection":["Actualit\u00e9"],"inLanguage":"fr-FR","potentialAction":[{"@type":"CommentAction","name":"Comment","target":["https:\/\/lasentinelle.dz\/index.php\/2021\/07\/12\/nouveau-drame-routier-a-ghardaia-lhecatombe-continue\/#respond"]}]},{"@type":"WebPage","@id":"https:\/\/lasentinelle.dz\/index.php\/2021\/07\/12\/nouveau-drame-routier-a-ghardaia-lhecatombe-continue\/","url":"https:\/\/lasentinelle.dz\/index.php\/2021\/07\/12\/nouveau-drame-routier-a-ghardaia-lhecatombe-continue\/","name":"Nouveau drame routier \u00e0 Gharda\u00efa \/ L\u2019h\u00e9catombe continue ! - La Sentinelle","isPartOf":{"@id":"https:\/\/lasentinelle.dz\/#website"},"primaryImageOfPage":{"@id":"https:\/\/lasentinelle.dz\/index.php\/2021\/07\/12\/nouveau-drame-routier-a-ghardaia-lhecatombe-continue\/#primaryimage"},"image":{"@id":"https:\/\/lasentinelle.dz\/index.php\/2021\/07\/12\/nouveau-drame-routier-a-ghardaia-lhecatombe-continue\/#primaryimage"},"thumbnailUrl":"https:\/\/lasentinelle.dz\/wp-content\/uploads\/2021\/07\/accident-de-la-route.jpeg","datePublished":"2021-07-12T12:57:50+00:00","dateModified":"2021-07-12T12:58:01+00:00","breadcrumb":{"@id":"https:\/\/lasentinelle.dz\/index.php\/2021\/07\/12\/nouveau-drame-routier-a-ghardaia-lhecatombe-continue\/#breadcrumb"},"inLanguage":"fr-FR","potentialAction":[{"@type":"ReadAction","target":["https:\/\/lasentinelle.dz\/index.php\/2021\/07\/12\/nouveau-drame-routier-a-ghardaia-lhecatombe-continue\/"]}]},{"@type":"ImageObject","inLanguage":"fr-FR","@id":"https:\/\/lasentinelle.dz\/index.php\/2021\/07\/12\/nouveau-drame-routier-a-ghardaia-lhecatombe-continue\/#primaryimage","url":"https:\/\/lasentinelle.dz\/wp-content\/uploads\/2021\/07\/accident-de-la-route.jpeg","contentUrl":"https:\/\/lasentinelle.dz\/wp-content\/uploads\/2021\/07\/accident-de-la-route.jpeg","width":1200,"height":675},{"@type":"BreadcrumbList","@id":"https:\/\/lasentinelle.dz\/index.php\/2021\/07\/12\/nouveau-drame-routier-a-ghardaia-lhecatombe-continue\/#breadcrumb","itemListElement":[{"@type":"ListItem","position":1,"name":"Accueil","item":"https:\/\/lasentinelle.dz\/"},{"@type":"ListItem","position":2,"name":"Nouveau drame routier \u00e0 Gharda\u00efa \/ L\u2019h\u00e9catombe continue !"}]},{"@type":"WebSite","@id":"https:\/\/lasentinelle.dz\/#website","url":"https:\/\/lasentinelle.dz\/","name":"La Sentinelle","description":"Quotidien national d&#039;information","publisher":{"@id":"https:\/\/lasentinelle.dz\/#organization"},"potentialAction":[{"@type":"SearchAction","target":{"@type":"EntryPoint","urlTemplate":"https:\/\/lasentinelle.dz\/?s={search_term_string}"},"query-input":{"@type":"PropertyValueSpecification","valueRequired":true,"valueName":"search_term_string"}}],"inLanguage":"fr-FR"},{"@type":"Organization","@id":"https:\/\/lasentinelle.dz\/#organization","name":"Quotidien La Sentinelle","url":"https:\/\/lasentinelle.dz\/","logo":{"@type":"ImageObject","inLanguage":"fr-FR","@id":"https:\/\/lasentinelle.dz\/#\/schema\/logo\/image\/","url":"https:\/\/lasentinelle.dz\/wp-content\/uploads\/2021\/09\/logo-sentinelleSLOGAN-1.png","contentUrl":"https:\/\/lasentinelle.dz\/wp-content\/uploads\/2021\/09\/logo-sentinelleSLOGAN-1.png","width":615,"height":142,"caption":"Quotidien La Sentinelle"},"image":{"@id":"https:\/\/lasentinelle.dz\/#\/schema\/logo\/image\/"},"sameAs":["https:\/\/www.facebook.com\/La-Sentinelle-104059864394773"]},{"@type":"Person","@id":"https:\/\/lasentinelle.dz\/#\/schema\/person\/d865044e22e70a75174ce8bcad3acfb3","name":"La Sentinelle","image":{"@type":"ImageObject","inLanguage":"fr-FR","@id":"https:\/\/secure.gravatar.com\/avatar\/57de8e5d4b15d43fb361a71fbb36338450fe67865b528a43dd10ef7c51a20392?s=96&d=mm&r=g","url":"https:\/\/secure.gravatar.com\/avatar\/57de8e5d4b15d43fb361a71fbb36338450fe67865b528a43dd10ef7c51a20392?s=96&d=mm&r=g","contentUrl":"https:\/\/secure.gravatar.com\/avatar\/57de8e5d4b15d43fb361a71fbb36338450fe67865b528a43dd10ef7c51a20392?s=96&d=mm&r=g","caption":"La Sentinelle"},"sameAs":["http:\/\/www.lasentinelle.dz"],"url":"https:\/\/lasentinelle.dz\/author\/redaction\/"}]}},"_links":{"self":[{"href":"https:\/\/lasentinelle.dz\/index.php\/wp-json\/wp\/v2\/posts\/881","targetHints":{"allow":["GET"]}}],"collection":[{"href":"https:\/\/lasentinelle.dz\/index.php\/wp-json\/wp\/v2\/posts"}],"about":[{"href":"https:\/\/lasentinelle.dz\/index.php\/wp-json\/wp\/v2\/types\/post"}],"author":[{"embeddable":true,"href":"https:\/\/lasentinelle.dz\/index.php\/wp-json\/wp\/v2\/users\/3"}],"replies":[{"embeddable":true,"href":"https:\/\/lasentinelle.dz\/index.php\/wp-json\/wp\/v2\/comments?post=881"}],"version-history":[{"count":1,"href":"https:\/\/lasentinelle.dz\/index.php\/wp-json\/wp\/v2\/posts\/881\/revisions"}],"predecessor-version":[{"id":884,"href":"https:\/\/lasentinelle.dz\/index.php\/wp-json\/wp\/v2\/posts\/881\/revisions\/884"}],"wp:featuredmedia":[{"embeddable":true,"href":"https:\/\/lasentinelle.dz\/index.php\/wp-json\/wp\/v2\/media\/755"}],"wp:attachment":[{"href":"https:\/\/lasentinelle.dz\/index.php\/wp-json\/wp\/v2\/media?parent=881"}],"wp:term":[{"taxonomy":"category","embeddable":true,"href":"https:\/\/lasentinelle.dz\/index.php\/wp-json\/wp\/v2\/categories?post=881"},{"taxonomy":"post_tag","embeddable":true,"href":"https:\/\/lasentinelle.dz\/index.php\/wp-json\/wp\/v2\/tags?post=881"}],"curies":[{"name":"wp","href":"https:\/\/api.w.org\/{rel}","templated":true}]}}