{"id":8825,"date":"2021-09-23T00:01:00","date_gmt":"2021-09-22T23:01:00","guid":{"rendered":"https:\/\/lasentinelle.dz\/?p=8825"},"modified":"2021-09-22T16:16:44","modified_gmt":"2021-09-22T15:16:44","slug":"annaba-13-nouveaux-etablissements-scolaires-receptionnes","status":"publish","type":"post","link":"https:\/\/lasentinelle.dz\/index.php\/2021\/09\/23\/annaba-13-nouveaux-etablissements-scolaires-receptionnes\/","title":{"rendered":"Annaba : 13 nouveaux \u00e9tablissements scolaires r\u00e9ceptionn\u00e9s"},"content":{"rendered":"\n<p>La direction de l\u2019\u00e9ducation et la wilaya d\u2019Annaba ont tout mis en \u0153uvre pour r\u00e9ussir la rentr\u00e9e scolaire de ce 21 septembre 2021. Cette rentr\u00e9e, qui intervient toujours dans des conditions particuli\u00e8res, a vu le retour en classes de 152.130 \u00e9l\u00e8ves tous paliers confondus, encore en pleine pand\u00e9mie du coronavirus. Dans ce contexte, les acteurs en charge du secteur de l\u2019\u00e9ducation dans la wilaya d\u2019Annaba ont pris toutes les dispositions afin d\u2019assurer la reprise scolaire, dans les 400 \u00e9tablissements scolaires \u00e0 travers les 12 communes de la wilaya. \u00c0 ce titre, on d\u00e9nombre 238 \u00e9tablissements primaires,&nbsp; 90 CEM et&nbsp; 40 lyc\u00e9es, avec la mise en service de 13 nouvelles infrastructures d&rsquo;\u00e9ducation, fra\u00eechement r\u00e9ceptionn\u00e9es pour totaliser les 400 \u00e9tablissements scolaires tous paliers confondus, pour cette ann\u00e9e scolaires 2021\/2022. Selon les pr\u00e9cisions apport\u00e9es par le premier responsable de la wilaya d\u2019Annaba, Djamel Eddine Berrimi, ces&nbsp; nouveaux \u00e9tablissements auront \u00e0 d\u00e9sengorger la surcharge des classes, notamment dans le primaire, qui a b\u00e9n\u00e9fici\u00e9 de groupes scolaires, notamment dans les zones enclav\u00e9es.&nbsp; Au-del\u00e0, le chef de l\u2019ex\u00e9cutif local a fait \u00e9tat de l\u2019entr\u00e9e en service de nouveaux \u00e9tablissements scolaires, pour le second et le troisi\u00e8me palier notamment, au niveau des nouveaux p\u00f4les urbains, Draa Errich et El Kalitoussa, Kherraza, Ain El Berda entre autres. Dans le m\u00eame contexte, d\u2019autres infrastructures d&rsquo;\u00e9ducation sont en cours de r\u00e9alisation&nbsp; et pourraient entrer en services avant la fin du 1er semestre&nbsp; de l\u2019ann\u00e9e en cours. S\u2019agissant de l\u2019approche sanitaire, anti-Covid-19, la direction de l\u2019\u00e9ducation de la wilaya d\u2019Annaba a adopt\u00e9 un protocole sanitaire rigoureux au sein des classes. Selon les pr\u00e9cisions apport\u00e9es par la direction de l\u2019\u00e9ducation nationale \u00e0 Annaba, toutes les dispositions et mesures ont \u00e9t\u00e9 mises en place, afin de pr\u00e9server la sant\u00e9 des \u00e9l\u00e8ves, contre toutes contamination au Covid-19 et ses variants. En attendant la vaccination des enfants (\u00e9l\u00e8ves) de plus de 12 ans, le port de la bavette, l\u2019usage du gel hydroalcoolique et la distanciation physique demeurent la premi\u00e8re r\u00e8gle \u00e0 respecter dans tous les \u00e9tablissements scolaires.&nbsp; Outre, la mise en place&nbsp; d\u2019actions pr\u00e9ventives et de gestes barri\u00e8res contre le Covid-19, qui prend en compte le nombre d\u2019\u00e9l\u00e8ves par classe, le volume horaire est l\u2019autre d\u00e9fi que doit relever la direction de l\u2019\u00e9ducation \u00e0 Annaba. \u00c0 priori, c\u2019est le m\u00eame syst\u00e8me de groupe qui est adopt\u00e9 pour les cours dans la wilaya d\u2019Annaba, qui selon la direction de l\u2019\u00e9ducation, n\u2019a pas chang\u00e9 par rapport \u00e0 l\u2019ann\u00e9e \u00e9coul\u00e9e. S\u2019agissant&nbsp; de la poursuite de l&rsquo;op\u00e9ration de vaccination au profit du personnel de l&rsquo;\u00e9ducation, la direction de l\u2019\u00e9ducation et celle de la sant\u00e9 entre autres, ont \u00e0 travers les \u00e9tablissements scolaires de la wilaya d\u2019Annaba, d\u00e9gag\u00e9 les espaces devant recevoir les \u00e9quipes m\u00e9dicales et param\u00e9dicales, charg\u00e9s de la vaccination du personnel de l\u2019\u00e9ducation. Une action qui s\u2019inscrit dans le cadre de l\u2019application des instructions du pr\u00e9sident de la R\u00e9publique Abdelmadjid Tebboune, qui, rappelons-le, avait insist\u00e9 lors du dernier conseil des ministres sur\u2019\u2019 l\u2019imp\u00e9ratif\u2019\u2019 de vacciner tout le personnel du secteur de l&rsquo;Education nationale. \u00c0 cet effet, et bien que la vaccination se poursuit \u00e0 un rythme soutenu, il demeure n\u00e9anmoins que, des m\u00e9decins seront mobilis\u00e9s dans les \u00e9tablissements scolaires pour vacciner le personnel. Une op\u00e9ration, pour laquelle, les responsables locaux de la wilaya d\u2019Annaba, ont enchain\u00e9 les r\u00e9unions afin d\u2019\u00e9viter tout cafouillage. En ce sens,&nbsp; une carte de vaccination a \u00e9t\u00e9 \u00e9labor\u00e9e pour la vaccination du personnel de l\u2019\u00e9ducation, en coordination avec la direction de la Sant\u00e9 publique (DSP) d\u2019Annaba les directeurs d\u2019\u00e9tablissements scolaires,&nbsp; afin d\u2019\u0153uvrer au bon d\u00e9roulement de la vaccination dans les \u00e9tablissements scolaires de la wilaya d\u2019Annaba.<\/p>\n\n\n\n<p><strong>Sofia Chahine&nbsp;<\/strong><\/p>\n","protected":false},"excerpt":{"rendered":"<p>La direction de l\u2019\u00e9ducation et la wilaya d\u2019Annaba ont tout mis en \u0153uvre pour r\u00e9ussir la rentr\u00e9e scolaire de ce<\/p>\n","protected":false},"author":3,"featured_media":8862,"comment_status":"open","ping_status":"closed","sticky":false,"template":"","format":"standard","meta":{"colormag_page_container_layout":"default_layout","colormag_page_sidebar_layout":"default_layout","om_disable_all_campaigns":false,"_monsterinsights_skip_tracking":false,"_monsterinsights_sitenote_active":false,"_monsterinsights_sitenote_note":"","_monsterinsights_sitenote_category":0,"footnotes":"","_wpscppro_dont_share_socialmedia":false,"_wpscppro_custom_social_share_image":0,"_facebook_share_type":"","_twitter_share_type":"","_linkedin_share_type":"","_pinterest_share_type":"","_linkedin_share_type_page":"","_instagram_share_type":"","_medium_share_type":"","_threads_share_type":"","_google_business_share_type":"","_selected_social_profile":[],"_wpsp_enable_custom_social_template":false,"_wpsp_social_scheduling":{"enabled":false,"datetime":null,"platforms":[],"status":"template_only","dateOption":"today","timeOption":"now","customDays":"","customHours":"","customDate":"","customTime":"","schedulingType":"absolute"},"_wpsp_active_default_template":true},"categories":[31],"tags":[],"class_list":["post-8825","post","type-post","status-publish","format-standard","has-post-thumbnail","hentry","category-regions"],"aioseo_notices":[],"yoast_head":"<!-- This site is optimized with the Yoast SEO plugin v27.4 - https:\/\/yoast.com\/product\/yoast-seo-wordpress\/ -->\n<title>Annaba : 13 nouveaux \u00e9tablissements scolaires r\u00e9ceptionn\u00e9s - La Sentinelle<\/title>\n<meta name=\"robots\" content=\"index, follow, max-snippet:-1, max-image-preview:large, max-video-preview:-1\" \/>\n<link rel=\"canonical\" href=\"https:\/\/lasentinelle.dz\/index.php\/2021\/09\/23\/annaba-13-nouveaux-etablissements-scolaires-receptionnes\/\" \/>\n<meta property=\"og:locale\" content=\"fr_FR\" \/>\n<meta property=\"og:type\" content=\"article\" \/>\n<meta property=\"og:title\" content=\"Annaba : 13 nouveaux \u00e9tablissements scolaires r\u00e9ceptionn\u00e9s - La Sentinelle\" \/>\n<meta property=\"og:description\" content=\"La direction de l\u2019\u00e9ducation et la wilaya d\u2019Annaba ont tout mis en \u0153uvre pour r\u00e9ussir la rentr\u00e9e scolaire de ce\" \/>\n<meta property=\"og:url\" content=\"https:\/\/lasentinelle.dz\/index.php\/2021\/09\/23\/annaba-13-nouveaux-etablissements-scolaires-receptionnes\/\" \/>\n<meta property=\"og:site_name\" content=\"La Sentinelle\" \/>\n<meta property=\"article:publisher\" content=\"https:\/\/www.facebook.com\/La-Sentinelle-104059864394773\" \/>\n<meta property=\"article:published_time\" content=\"2021-09-22T23:01:00+00:00\" \/>\n<meta property=\"og:image\" content=\"https:\/\/lasentinelle.dz\/wp-content\/uploads\/2021\/09\/image_2021-09-22_161520.png\" \/>\n\t<meta property=\"og:image:width\" content=\"620\" \/>\n\t<meta property=\"og:image:height\" content=\"413\" \/>\n\t<meta property=\"og:image:type\" content=\"image\/png\" \/>\n<meta name=\"author\" content=\"La Sentinelle\" \/>\n<meta name=\"twitter:card\" content=\"summary_large_image\" \/>\n<meta name=\"twitter:label1\" content=\"\u00c9crit par\" \/>\n\t<meta name=\"twitter:data1\" content=\"La Sentinelle\" \/>\n\t<meta name=\"twitter:label2\" content=\"Dur\u00e9e de lecture estim\u00e9e\" \/>\n\t<meta name=\"twitter:data2\" content=\"3 minutes\" \/>\n<script type=\"application\/ld+json\" class=\"yoast-schema-graph\">{\"@context\":\"https:\\\/\\\/schema.org\",\"@graph\":[{\"@type\":\"Article\",\"@id\":\"https:\\\/\\\/lasentinelle.dz\\\/index.php\\\/2021\\\/09\\\/23\\\/annaba-13-nouveaux-etablissements-scolaires-receptionnes\\\/#article\",\"isPartOf\":{\"@id\":\"https:\\\/\\\/lasentinelle.dz\\\/index.php\\\/2021\\\/09\\\/23\\\/annaba-13-nouveaux-etablissements-scolaires-receptionnes\\\/\"},\"author\":{\"name\":\"La Sentinelle\",\"@id\":\"https:\\\/\\\/lasentinelle.dz\\\/#\\\/schema\\\/person\\\/d865044e22e70a75174ce8bcad3acfb3\"},\"headline\":\"Annaba : 13 nouveaux \u00e9tablissements scolaires r\u00e9ceptionn\u00e9s\",\"datePublished\":\"2021-09-22T23:01:00+00:00\",\"mainEntityOfPage\":{\"@id\":\"https:\\\/\\\/lasentinelle.dz\\\/index.php\\\/2021\\\/09\\\/23\\\/annaba-13-nouveaux-etablissements-scolaires-receptionnes\\\/\"},\"wordCount\":689,\"commentCount\":0,\"publisher\":{\"@id\":\"https:\\\/\\\/lasentinelle.dz\\\/#organization\"},\"image\":{\"@id\":\"https:\\\/\\\/lasentinelle.dz\\\/index.php\\\/2021\\\/09\\\/23\\\/annaba-13-nouveaux-etablissements-scolaires-receptionnes\\\/#primaryimage\"},\"thumbnailUrl\":\"https:\\\/\\\/lasentinelle.dz\\\/wp-content\\\/uploads\\\/2021\\\/09\\\/image_2021-09-22_161520.png\",\"articleSection\":[\"R\u00e9gions\"],\"inLanguage\":\"fr-FR\",\"potentialAction\":[{\"@type\":\"CommentAction\",\"name\":\"Comment\",\"target\":[\"https:\\\/\\\/lasentinelle.dz\\\/index.php\\\/2021\\\/09\\\/23\\\/annaba-13-nouveaux-etablissements-scolaires-receptionnes\\\/#respond\"]}]},{\"@type\":\"WebPage\",\"@id\":\"https:\\\/\\\/lasentinelle.dz\\\/index.php\\\/2021\\\/09\\\/23\\\/annaba-13-nouveaux-etablissements-scolaires-receptionnes\\\/\",\"url\":\"https:\\\/\\\/lasentinelle.dz\\\/index.php\\\/2021\\\/09\\\/23\\\/annaba-13-nouveaux-etablissements-scolaires-receptionnes\\\/\",\"name\":\"Annaba : 13 nouveaux \u00e9tablissements scolaires r\u00e9ceptionn\u00e9s - La Sentinelle\",\"isPartOf\":{\"@id\":\"https:\\\/\\\/lasentinelle.dz\\\/#website\"},\"primaryImageOfPage\":{\"@id\":\"https:\\\/\\\/lasentinelle.dz\\\/index.php\\\/2021\\\/09\\\/23\\\/annaba-13-nouveaux-etablissements-scolaires-receptionnes\\\/#primaryimage\"},\"image\":{\"@id\":\"https:\\\/\\\/lasentinelle.dz\\\/index.php\\\/2021\\\/09\\\/23\\\/annaba-13-nouveaux-etablissements-scolaires-receptionnes\\\/#primaryimage\"},\"thumbnailUrl\":\"https:\\\/\\\/lasentinelle.dz\\\/wp-content\\\/uploads\\\/2021\\\/09\\\/image_2021-09-22_161520.png\",\"datePublished\":\"2021-09-22T23:01:00+00:00\",\"breadcrumb\":{\"@id\":\"https:\\\/\\\/lasentinelle.dz\\\/index.php\\\/2021\\\/09\\\/23\\\/annaba-13-nouveaux-etablissements-scolaires-receptionnes\\\/#breadcrumb\"},\"inLanguage\":\"fr-FR\",\"potentialAction\":[{\"@type\":\"ReadAction\",\"target\":[\"https:\\\/\\\/lasentinelle.dz\\\/index.php\\\/2021\\\/09\\\/23\\\/annaba-13-nouveaux-etablissements-scolaires-receptionnes\\\/\"]}]},{\"@type\":\"ImageObject\",\"inLanguage\":\"fr-FR\",\"@id\":\"https:\\\/\\\/lasentinelle.dz\\\/index.php\\\/2021\\\/09\\\/23\\\/annaba-13-nouveaux-etablissements-scolaires-receptionnes\\\/#primaryimage\",\"url\":\"https:\\\/\\\/lasentinelle.dz\\\/wp-content\\\/uploads\\\/2021\\\/09\\\/image_2021-09-22_161520.png\",\"contentUrl\":\"https:\\\/\\\/lasentinelle.dz\\\/wp-content\\\/uploads\\\/2021\\\/09\\\/image_2021-09-22_161520.png\",\"width\":620,\"height\":413},{\"@type\":\"BreadcrumbList\",\"@id\":\"https:\\\/\\\/lasentinelle.dz\\\/index.php\\\/2021\\\/09\\\/23\\\/annaba-13-nouveaux-etablissements-scolaires-receptionnes\\\/#breadcrumb\",\"itemListElement\":[{\"@type\":\"ListItem\",\"position\":1,\"name\":\"Accueil\",\"item\":\"https:\\\/\\\/lasentinelle.dz\\\/\"},{\"@type\":\"ListItem\",\"position\":2,\"name\":\"Annaba : 13 nouveaux \u00e9tablissements scolaires r\u00e9ceptionn\u00e9s\"}]},{\"@type\":\"WebSite\",\"@id\":\"https:\\\/\\\/lasentinelle.dz\\\/#website\",\"url\":\"https:\\\/\\\/lasentinelle.dz\\\/\",\"name\":\"La Sentinelle\",\"description\":\"Quotidien national d&#039;information\",\"publisher\":{\"@id\":\"https:\\\/\\\/lasentinelle.dz\\\/#organization\"},\"potentialAction\":[{\"@type\":\"SearchAction\",\"target\":{\"@type\":\"EntryPoint\",\"urlTemplate\":\"https:\\\/\\\/lasentinelle.dz\\\/?s={search_term_string}\"},\"query-input\":{\"@type\":\"PropertyValueSpecification\",\"valueRequired\":true,\"valueName\":\"search_term_string\"}}],\"inLanguage\":\"fr-FR\"},{\"@type\":\"Organization\",\"@id\":\"https:\\\/\\\/lasentinelle.dz\\\/#organization\",\"name\":\"Quotidien La Sentinelle\",\"url\":\"https:\\\/\\\/lasentinelle.dz\\\/\",\"logo\":{\"@type\":\"ImageObject\",\"inLanguage\":\"fr-FR\",\"@id\":\"https:\\\/\\\/lasentinelle.dz\\\/#\\\/schema\\\/logo\\\/image\\\/\",\"url\":\"https:\\\/\\\/lasentinelle.dz\\\/wp-content\\\/uploads\\\/2021\\\/09\\\/logo-sentinelleSLOGAN-1.png\",\"contentUrl\":\"https:\\\/\\\/lasentinelle.dz\\\/wp-content\\\/uploads\\\/2021\\\/09\\\/logo-sentinelleSLOGAN-1.png\",\"width\":615,\"height\":142,\"caption\":\"Quotidien La Sentinelle\"},\"image\":{\"@id\":\"https:\\\/\\\/lasentinelle.dz\\\/#\\\/schema\\\/logo\\\/image\\\/\"},\"sameAs\":[\"https:\\\/\\\/www.facebook.com\\\/La-Sentinelle-104059864394773\"]},{\"@type\":\"Person\",\"@id\":\"https:\\\/\\\/lasentinelle.dz\\\/#\\\/schema\\\/person\\\/d865044e22e70a75174ce8bcad3acfb3\",\"name\":\"La Sentinelle\",\"image\":{\"@type\":\"ImageObject\",\"inLanguage\":\"fr-FR\",\"@id\":\"https:\\\/\\\/secure.gravatar.com\\\/avatar\\\/57de8e5d4b15d43fb361a71fbb36338450fe67865b528a43dd10ef7c51a20392?s=96&d=mm&r=g\",\"url\":\"https:\\\/\\\/secure.gravatar.com\\\/avatar\\\/57de8e5d4b15d43fb361a71fbb36338450fe67865b528a43dd10ef7c51a20392?s=96&d=mm&r=g\",\"contentUrl\":\"https:\\\/\\\/secure.gravatar.com\\\/avatar\\\/57de8e5d4b15d43fb361a71fbb36338450fe67865b528a43dd10ef7c51a20392?s=96&d=mm&r=g\",\"caption\":\"La Sentinelle\"},\"sameAs\":[\"http:\\\/\\\/www.lasentinelle.dz\"],\"url\":\"https:\\\/\\\/lasentinelle.dz\\\/author\\\/redaction\\\/\"}]}<\/script>\n<!-- \/ Yoast SEO plugin. -->","yoast_head_json":{"title":"Annaba : 13 nouveaux \u00e9tablissements scolaires r\u00e9ceptionn\u00e9s - La Sentinelle","robots":{"index":"index","follow":"follow","max-snippet":"max-snippet:-1","max-image-preview":"max-image-preview:large","max-video-preview":"max-video-preview:-1"},"canonical":"https:\/\/lasentinelle.dz\/index.php\/2021\/09\/23\/annaba-13-nouveaux-etablissements-scolaires-receptionnes\/","og_locale":"fr_FR","og_type":"article","og_title":"Annaba : 13 nouveaux \u00e9tablissements scolaires r\u00e9ceptionn\u00e9s - La Sentinelle","og_description":"La direction de l\u2019\u00e9ducation et la wilaya d\u2019Annaba ont tout mis en \u0153uvre pour r\u00e9ussir la rentr\u00e9e scolaire de ce","og_url":"https:\/\/lasentinelle.dz\/index.php\/2021\/09\/23\/annaba-13-nouveaux-etablissements-scolaires-receptionnes\/","og_site_name":"La Sentinelle","article_publisher":"https:\/\/www.facebook.com\/La-Sentinelle-104059864394773","article_published_time":"2021-09-22T23:01:00+00:00","og_image":[{"width":620,"height":413,"url":"https:\/\/lasentinelle.dz\/wp-content\/uploads\/2021\/09\/image_2021-09-22_161520.png","type":"image\/png"}],"author":"La Sentinelle","twitter_card":"summary_large_image","twitter_misc":{"\u00c9crit par":"La Sentinelle","Dur\u00e9e de lecture estim\u00e9e":"3 minutes"},"schema":{"@context":"https:\/\/schema.org","@graph":[{"@type":"Article","@id":"https:\/\/lasentinelle.dz\/index.php\/2021\/09\/23\/annaba-13-nouveaux-etablissements-scolaires-receptionnes\/#article","isPartOf":{"@id":"https:\/\/lasentinelle.dz\/index.php\/2021\/09\/23\/annaba-13-nouveaux-etablissements-scolaires-receptionnes\/"},"author":{"name":"La Sentinelle","@id":"https:\/\/lasentinelle.dz\/#\/schema\/person\/d865044e22e70a75174ce8bcad3acfb3"},"headline":"Annaba : 13 nouveaux \u00e9tablissements scolaires r\u00e9ceptionn\u00e9s","datePublished":"2021-09-22T23:01:00+00:00","mainEntityOfPage":{"@id":"https:\/\/lasentinelle.dz\/index.php\/2021\/09\/23\/annaba-13-nouveaux-etablissements-scolaires-receptionnes\/"},"wordCount":689,"commentCount":0,"publisher":{"@id":"https:\/\/lasentinelle.dz\/#organization"},"image":{"@id":"https:\/\/lasentinelle.dz\/index.php\/2021\/09\/23\/annaba-13-nouveaux-etablissements-scolaires-receptionnes\/#primaryimage"},"thumbnailUrl":"https:\/\/lasentinelle.dz\/wp-content\/uploads\/2021\/09\/image_2021-09-22_161520.png","articleSection":["R\u00e9gions"],"inLanguage":"fr-FR","potentialAction":[{"@type":"CommentAction","name":"Comment","target":["https:\/\/lasentinelle.dz\/index.php\/2021\/09\/23\/annaba-13-nouveaux-etablissements-scolaires-receptionnes\/#respond"]}]},{"@type":"WebPage","@id":"https:\/\/lasentinelle.dz\/index.php\/2021\/09\/23\/annaba-13-nouveaux-etablissements-scolaires-receptionnes\/","url":"https:\/\/lasentinelle.dz\/index.php\/2021\/09\/23\/annaba-13-nouveaux-etablissements-scolaires-receptionnes\/","name":"Annaba : 13 nouveaux \u00e9tablissements scolaires r\u00e9ceptionn\u00e9s - La Sentinelle","isPartOf":{"@id":"https:\/\/lasentinelle.dz\/#website"},"primaryImageOfPage":{"@id":"https:\/\/lasentinelle.dz\/index.php\/2021\/09\/23\/annaba-13-nouveaux-etablissements-scolaires-receptionnes\/#primaryimage"},"image":{"@id":"https:\/\/lasentinelle.dz\/index.php\/2021\/09\/23\/annaba-13-nouveaux-etablissements-scolaires-receptionnes\/#primaryimage"},"thumbnailUrl":"https:\/\/lasentinelle.dz\/wp-content\/uploads\/2021\/09\/image_2021-09-22_161520.png","datePublished":"2021-09-22T23:01:00+00:00","breadcrumb":{"@id":"https:\/\/lasentinelle.dz\/index.php\/2021\/09\/23\/annaba-13-nouveaux-etablissements-scolaires-receptionnes\/#breadcrumb"},"inLanguage":"fr-FR","potentialAction":[{"@type":"ReadAction","target":["https:\/\/lasentinelle.dz\/index.php\/2021\/09\/23\/annaba-13-nouveaux-etablissements-scolaires-receptionnes\/"]}]},{"@type":"ImageObject","inLanguage":"fr-FR","@id":"https:\/\/lasentinelle.dz\/index.php\/2021\/09\/23\/annaba-13-nouveaux-etablissements-scolaires-receptionnes\/#primaryimage","url":"https:\/\/lasentinelle.dz\/wp-content\/uploads\/2021\/09\/image_2021-09-22_161520.png","contentUrl":"https:\/\/lasentinelle.dz\/wp-content\/uploads\/2021\/09\/image_2021-09-22_161520.png","width":620,"height":413},{"@type":"BreadcrumbList","@id":"https:\/\/lasentinelle.dz\/index.php\/2021\/09\/23\/annaba-13-nouveaux-etablissements-scolaires-receptionnes\/#breadcrumb","itemListElement":[{"@type":"ListItem","position":1,"name":"Accueil","item":"https:\/\/lasentinelle.dz\/"},{"@type":"ListItem","position":2,"name":"Annaba : 13 nouveaux \u00e9tablissements scolaires r\u00e9ceptionn\u00e9s"}]},{"@type":"WebSite","@id":"https:\/\/lasentinelle.dz\/#website","url":"https:\/\/lasentinelle.dz\/","name":"La Sentinelle","description":"Quotidien national d&#039;information","publisher":{"@id":"https:\/\/lasentinelle.dz\/#organization"},"potentialAction":[{"@type":"SearchAction","target":{"@type":"EntryPoint","urlTemplate":"https:\/\/lasentinelle.dz\/?s={search_term_string}"},"query-input":{"@type":"PropertyValueSpecification","valueRequired":true,"valueName":"search_term_string"}}],"inLanguage":"fr-FR"},{"@type":"Organization","@id":"https:\/\/lasentinelle.dz\/#organization","name":"Quotidien La Sentinelle","url":"https:\/\/lasentinelle.dz\/","logo":{"@type":"ImageObject","inLanguage":"fr-FR","@id":"https:\/\/lasentinelle.dz\/#\/schema\/logo\/image\/","url":"https:\/\/lasentinelle.dz\/wp-content\/uploads\/2021\/09\/logo-sentinelleSLOGAN-1.png","contentUrl":"https:\/\/lasentinelle.dz\/wp-content\/uploads\/2021\/09\/logo-sentinelleSLOGAN-1.png","width":615,"height":142,"caption":"Quotidien La Sentinelle"},"image":{"@id":"https:\/\/lasentinelle.dz\/#\/schema\/logo\/image\/"},"sameAs":["https:\/\/www.facebook.com\/La-Sentinelle-104059864394773"]},{"@type":"Person","@id":"https:\/\/lasentinelle.dz\/#\/schema\/person\/d865044e22e70a75174ce8bcad3acfb3","name":"La Sentinelle","image":{"@type":"ImageObject","inLanguage":"fr-FR","@id":"https:\/\/secure.gravatar.com\/avatar\/57de8e5d4b15d43fb361a71fbb36338450fe67865b528a43dd10ef7c51a20392?s=96&d=mm&r=g","url":"https:\/\/secure.gravatar.com\/avatar\/57de8e5d4b15d43fb361a71fbb36338450fe67865b528a43dd10ef7c51a20392?s=96&d=mm&r=g","contentUrl":"https:\/\/secure.gravatar.com\/avatar\/57de8e5d4b15d43fb361a71fbb36338450fe67865b528a43dd10ef7c51a20392?s=96&d=mm&r=g","caption":"La Sentinelle"},"sameAs":["http:\/\/www.lasentinelle.dz"],"url":"https:\/\/lasentinelle.dz\/author\/redaction\/"}]}},"_links":{"self":[{"href":"https:\/\/lasentinelle.dz\/index.php\/wp-json\/wp\/v2\/posts\/8825","targetHints":{"allow":["GET"]}}],"collection":[{"href":"https:\/\/lasentinelle.dz\/index.php\/wp-json\/wp\/v2\/posts"}],"about":[{"href":"https:\/\/lasentinelle.dz\/index.php\/wp-json\/wp\/v2\/types\/post"}],"author":[{"embeddable":true,"href":"https:\/\/lasentinelle.dz\/index.php\/wp-json\/wp\/v2\/users\/3"}],"replies":[{"embeddable":true,"href":"https:\/\/lasentinelle.dz\/index.php\/wp-json\/wp\/v2\/comments?post=8825"}],"version-history":[{"count":1,"href":"https:\/\/lasentinelle.dz\/index.php\/wp-json\/wp\/v2\/posts\/8825\/revisions"}],"predecessor-version":[{"id":8863,"href":"https:\/\/lasentinelle.dz\/index.php\/wp-json\/wp\/v2\/posts\/8825\/revisions\/8863"}],"wp:featuredmedia":[{"embeddable":true,"href":"https:\/\/lasentinelle.dz\/index.php\/wp-json\/wp\/v2\/media\/8862"}],"wp:attachment":[{"href":"https:\/\/lasentinelle.dz\/index.php\/wp-json\/wp\/v2\/media?parent=8825"}],"wp:term":[{"taxonomy":"category","embeddable":true,"href":"https:\/\/lasentinelle.dz\/index.php\/wp-json\/wp\/v2\/categories?post=8825"},{"taxonomy":"post_tag","embeddable":true,"href":"https:\/\/lasentinelle.dz\/index.php\/wp-json\/wp\/v2\/tags?post=8825"}],"curies":[{"name":"wp","href":"https:\/\/api.w.org\/{rel}","templated":true}]}}