{"id":8830,"date":"2021-09-23T00:01:00","date_gmt":"2021-09-22T23:01:00","guid":{"rendered":"https:\/\/lasentinelle.dz\/?p=8830"},"modified":"2021-09-22T15:41:15","modified_gmt":"2021-09-22T14:41:15","slug":"parthenon-du-cinema-pour-tom-hanks-los-angeles-ouvre-son-musee-des-oscars","status":"publish","type":"post","link":"https:\/\/lasentinelle.dz\/index.php\/2021\/09\/23\/parthenon-du-cinema-pour-tom-hanks-los-angeles-ouvre-son-musee-des-oscars\/","title":{"rendered":"\u00ab Parth\u00e9non \u00bb du cin\u00e9ma pour Tom Hanks : Los Angeles ouvre son mus\u00e9e des Oscars"},"content":{"rendered":"\n<p>Los Angeles a enfin un mus\u00e9e enti\u00e8rement consacr\u00e9 au cin\u00e9ma qui a fait sa renomm\u00e9e, et il \u00e9tait plus que temps, a lanc\u00e9 Tom Hanks mardi en accueillant la presse pour une d\u00e9couverte du mus\u00e9e des Oscars, avant son ouverture la semaine prochaine.La ville a beau accueillir les studios d&rsquo;Hollywood et compter des dizaines de mus\u00e9es sur diff\u00e9rents sujets, des sciences naturelles aux selfies, elle n&rsquo;en avait jusqu&rsquo;\u00e0 pr\u00e9sent aucun consacr\u00e9 au septi\u00e8me art.Apr\u00e8s des d\u00e9cennies d&rsquo;atermoiements, le mus\u00e9e des Oscars ouvre au public le 30 septembre. \u00ab\u00a0C&rsquo;est important pour Los Angeles d&rsquo;avoir un mus\u00e9e du film\u00a0\u00bb, insiste Tom Hanks, membre du conseil d&rsquo;administration du mus\u00e9e et lui-m\u00eame titulaire de deux Oscars.\u00a0\u00bbNous savons tous que des films sont faits partout dans le monde, et ils sont formidables. Il y a d&rsquo;autres villes avec des mus\u00e9es du cin\u00e9ma. Mais, avec tout le respect que je leur dois, ce mus\u00e9e cr\u00e9\u00e9 \u00e0 Los Angeles par l&rsquo;Acad\u00e9mie des Oscars doit vraiment \u00eatre le Parth\u00e9non du genre\u00a0\u00bb, a-t-il estim\u00e9.Le mus\u00e9e, situ\u00e9 dans l&rsquo;ouest de la ville, sera le plus grand mus\u00e9e consacr\u00e9 au cin\u00e9ma en Am\u00e9rique du Nord.Il a vu le jour gr\u00e2ce \u00e0 quelque 390 millions de dollars donn\u00e9s par des institutions hollywoodiennes comme Disney, Warner ou Netflix, et a \u00e9t\u00e9 con\u00e7u par le c\u00e9l\u00e8bre architecte Renzo Piano, qui a notamment contribu\u00e9 au Centre Pompidou \u00e0 Paris.C&rsquo;est un ancien grand magasin datant des ann\u00e9es 1930 qu&rsquo;il a converti pour accueillir les principales galeries du mus\u00e9e. Il y a adjoint une sph\u00e8re m\u00e9tallique abritant le cin\u00e9ma David Geffen et ses 1.000 places, qui semble planer au-dessus de la cour du mus\u00e9e.\u00a0\u00bbN&rsquo;appelez pas \u00e7a l&rsquo;Etoile noire!\u00a0\u00bb, a plaisant\u00e9 Renzo Piano, en allusion aux films de l&rsquo;univers de Star Wars. \u00ab\u00a0Appelez-l\u00e0 un zeppelin. Un zeppelin pour vous emmener dans un autre monde\u00a0\u00bb, a ajout\u00e9 l&rsquo;architecte de 84 ans. Le mus\u00e9e pr\u00e9sente au visiteur un large tour d&rsquo;horizon du cin\u00e9ma mondial, depuis ses balbutiements \u00e0 la fin du 19e si\u00e8cle jusqu&rsquo;\u00e0 nos jours. Parmi les tr\u00e9sors embl\u00e9matiques qui y sont expos\u00e9s, figurent les costumes de Dracula, un orque du \u00ab\u00a0Seigneur des Anneaux\u00a0\u00bb, l&rsquo;amphibien de \u00ab\u00a0La Forme de l&rsquo;Eau\u00a0\u00bb et les l\u00e9gendaires dro\u00efdes de Star Wars, C-3PO et R2-D2.On trouve aussi des pi\u00e8ces plus anciennes, comme la luge \u00ab\u00a0Rosebud\u00a0\u00bb du film \u00ab\u00a0Citizen Kane\u00a0\u00bb, consid\u00e9r\u00e9 comme l&rsquo;un des plus grands chefs d&rsquo;oeuvre du cin\u00e9ma.Seules trois luges avaient \u00e9t\u00e9 construites pour les besoins du tournage. Le r\u00e9alisateur Orson Welles n&rsquo;\u00e9tait pas satisfait de la premi\u00e8re prise dans laquelle la luge se consume dans la chaudi\u00e8re et a voulu recommencer cette sc\u00e8ne, qui cl\u00f4ture le film. Seul le troisi\u00e8me exemplaire a donc surv\u00e9cu.L&rsquo;espace r\u00e9serv\u00e9 aux expositions temporaires va ouvrir avec des oeuvres du roi des films d&rsquo;animation japonais, Hayao Miyazaki, dont un \u00ab\u00a0tunnel d&rsquo;arbres\u00a0\u00bb inspir\u00e9 par son classique \u00ab\u00a0Mon voisin Totoro\u00a0\u00bb et menant le visiteur vers des ch\u00e2teaux volants et autres esquisses pr\u00e9paratoires.\u00a0\u00bbNous voulons faire conna\u00eetre \u00e0 travers nos galeries la diversit\u00e9 des histoires internationales de la cr\u00e9ation cin\u00e9matographique\u00a0\u00bb, a d\u00e9clar\u00e9 \u00e0 l&rsquo;AFP le directeur du mus\u00e9e, Bill Kramer.<\/p>\n\n\n\n<p>AFP<\/p>\n","protected":false},"excerpt":{"rendered":"<p>Los Angeles a enfin un mus\u00e9e enti\u00e8rement consacr\u00e9 au cin\u00e9ma qui a fait sa renomm\u00e9e, et il \u00e9tait plus que<\/p>\n","protected":false},"author":3,"featured_media":8842,"comment_status":"open","ping_status":"closed","sticky":false,"template":"","format":"standard","meta":{"colormag_page_container_layout":"default_layout","colormag_page_sidebar_layout":"default_layout","om_disable_all_campaigns":false,"_monsterinsights_skip_tracking":false,"_monsterinsights_sitenote_active":false,"_monsterinsights_sitenote_note":"","_monsterinsights_sitenote_category":0,"footnotes":"","_wpscppro_dont_share_socialmedia":false,"_wpscppro_custom_social_share_image":0,"_facebook_share_type":"","_twitter_share_type":"","_linkedin_share_type":"","_pinterest_share_type":"","_linkedin_share_type_page":"","_instagram_share_type":"","_medium_share_type":"","_threads_share_type":"","_google_business_share_type":"","_selected_social_profile":[],"_wpsp_enable_custom_social_template":false,"_wpsp_social_scheduling":{"enabled":false,"datetime":null,"platforms":[],"status":"template_only","dateOption":"today","timeOption":"now","customDays":"","customHours":"","customDate":"","customTime":"","schedulingType":"absolute"},"_wpsp_active_default_template":true},"categories":[36],"tags":[],"class_list":["post-8830","post","type-post","status-publish","format-standard","has-post-thumbnail","hentry","category-culture"],"aioseo_notices":[],"yoast_head":"<!-- This site is optimized with the Yoast SEO plugin v27.5 - https:\/\/yoast.com\/product\/yoast-seo-wordpress\/ -->\n<title>\u00ab Parth\u00e9non \u00bb du cin\u00e9ma pour Tom Hanks : Los Angeles ouvre son mus\u00e9e des Oscars - La Sentinelle<\/title>\n<meta name=\"robots\" content=\"index, follow, max-snippet:-1, max-image-preview:large, max-video-preview:-1\" \/>\n<link rel=\"canonical\" href=\"https:\/\/lasentinelle.dz\/index.php\/2021\/09\/23\/parthenon-du-cinema-pour-tom-hanks-los-angeles-ouvre-son-musee-des-oscars\/\" \/>\n<meta property=\"og:locale\" content=\"fr_FR\" \/>\n<meta property=\"og:type\" content=\"article\" \/>\n<meta property=\"og:title\" content=\"\u00ab Parth\u00e9non \u00bb du cin\u00e9ma pour Tom Hanks : Los Angeles ouvre son mus\u00e9e des Oscars - La Sentinelle\" \/>\n<meta property=\"og:description\" content=\"Los Angeles a enfin un mus\u00e9e enti\u00e8rement consacr\u00e9 au cin\u00e9ma qui a fait sa renomm\u00e9e, et il \u00e9tait plus que\" \/>\n<meta property=\"og:url\" content=\"https:\/\/lasentinelle.dz\/index.php\/2021\/09\/23\/parthenon-du-cinema-pour-tom-hanks-los-angeles-ouvre-son-musee-des-oscars\/\" \/>\n<meta property=\"og:site_name\" content=\"La Sentinelle\" \/>\n<meta property=\"article:publisher\" content=\"https:\/\/www.facebook.com\/La-Sentinelle-104059864394773\" \/>\n<meta property=\"article:published_time\" content=\"2021-09-22T23:01:00+00:00\" \/>\n<meta property=\"og:image\" content=\"https:\/\/lasentinelle.dz\/wp-content\/uploads\/2021\/09\/image_2021-09-22_154029-1024x512.png\" \/>\n\t<meta property=\"og:image:width\" content=\"1024\" \/>\n\t<meta property=\"og:image:height\" content=\"512\" \/>\n\t<meta property=\"og:image:type\" content=\"image\/png\" \/>\n<meta name=\"author\" content=\"La Sentinelle\" \/>\n<meta name=\"twitter:card\" content=\"summary_large_image\" \/>\n<meta name=\"twitter:label1\" content=\"\u00c9crit par\" \/>\n\t<meta name=\"twitter:data1\" content=\"La Sentinelle\" \/>\n\t<meta name=\"twitter:label2\" content=\"Dur\u00e9e de lecture estim\u00e9e\" \/>\n\t<meta name=\"twitter:data2\" content=\"3 minutes\" \/>\n<script type=\"application\/ld+json\" class=\"yoast-schema-graph\">{\"@context\":\"https:\\\/\\\/schema.org\",\"@graph\":[{\"@type\":\"Article\",\"@id\":\"https:\\\/\\\/lasentinelle.dz\\\/index.php\\\/2021\\\/09\\\/23\\\/parthenon-du-cinema-pour-tom-hanks-los-angeles-ouvre-son-musee-des-oscars\\\/#article\",\"isPartOf\":{\"@id\":\"https:\\\/\\\/lasentinelle.dz\\\/index.php\\\/2021\\\/09\\\/23\\\/parthenon-du-cinema-pour-tom-hanks-los-angeles-ouvre-son-musee-des-oscars\\\/\"},\"author\":{\"name\":\"La Sentinelle\",\"@id\":\"https:\\\/\\\/lasentinelle.dz\\\/#\\\/schema\\\/person\\\/d865044e22e70a75174ce8bcad3acfb3\"},\"headline\":\"\u00ab Parth\u00e9non \u00bb du cin\u00e9ma pour Tom Hanks : Los Angeles ouvre son mus\u00e9e des Oscars\",\"datePublished\":\"2021-09-22T23:01:00+00:00\",\"mainEntityOfPage\":{\"@id\":\"https:\\\/\\\/lasentinelle.dz\\\/index.php\\\/2021\\\/09\\\/23\\\/parthenon-du-cinema-pour-tom-hanks-los-angeles-ouvre-son-musee-des-oscars\\\/\"},\"wordCount\":605,\"commentCount\":0,\"publisher\":{\"@id\":\"https:\\\/\\\/lasentinelle.dz\\\/#organization\"},\"image\":{\"@id\":\"https:\\\/\\\/lasentinelle.dz\\\/index.php\\\/2021\\\/09\\\/23\\\/parthenon-du-cinema-pour-tom-hanks-los-angeles-ouvre-son-musee-des-oscars\\\/#primaryimage\"},\"thumbnailUrl\":\"https:\\\/\\\/lasentinelle.dz\\\/wp-content\\\/uploads\\\/2021\\\/09\\\/image_2021-09-22_154029.png\",\"articleSection\":[\"Culture\"],\"inLanguage\":\"fr-FR\",\"potentialAction\":[{\"@type\":\"CommentAction\",\"name\":\"Comment\",\"target\":[\"https:\\\/\\\/lasentinelle.dz\\\/index.php\\\/2021\\\/09\\\/23\\\/parthenon-du-cinema-pour-tom-hanks-los-angeles-ouvre-son-musee-des-oscars\\\/#respond\"]}]},{\"@type\":\"WebPage\",\"@id\":\"https:\\\/\\\/lasentinelle.dz\\\/index.php\\\/2021\\\/09\\\/23\\\/parthenon-du-cinema-pour-tom-hanks-los-angeles-ouvre-son-musee-des-oscars\\\/\",\"url\":\"https:\\\/\\\/lasentinelle.dz\\\/index.php\\\/2021\\\/09\\\/23\\\/parthenon-du-cinema-pour-tom-hanks-los-angeles-ouvre-son-musee-des-oscars\\\/\",\"name\":\"\u00ab Parth\u00e9non \u00bb du cin\u00e9ma pour Tom Hanks : Los Angeles ouvre son mus\u00e9e des Oscars - La Sentinelle\",\"isPartOf\":{\"@id\":\"https:\\\/\\\/lasentinelle.dz\\\/#website\"},\"primaryImageOfPage\":{\"@id\":\"https:\\\/\\\/lasentinelle.dz\\\/index.php\\\/2021\\\/09\\\/23\\\/parthenon-du-cinema-pour-tom-hanks-los-angeles-ouvre-son-musee-des-oscars\\\/#primaryimage\"},\"image\":{\"@id\":\"https:\\\/\\\/lasentinelle.dz\\\/index.php\\\/2021\\\/09\\\/23\\\/parthenon-du-cinema-pour-tom-hanks-los-angeles-ouvre-son-musee-des-oscars\\\/#primaryimage\"},\"thumbnailUrl\":\"https:\\\/\\\/lasentinelle.dz\\\/wp-content\\\/uploads\\\/2021\\\/09\\\/image_2021-09-22_154029.png\",\"datePublished\":\"2021-09-22T23:01:00+00:00\",\"breadcrumb\":{\"@id\":\"https:\\\/\\\/lasentinelle.dz\\\/index.php\\\/2021\\\/09\\\/23\\\/parthenon-du-cinema-pour-tom-hanks-los-angeles-ouvre-son-musee-des-oscars\\\/#breadcrumb\"},\"inLanguage\":\"fr-FR\",\"potentialAction\":[{\"@type\":\"ReadAction\",\"target\":[\"https:\\\/\\\/lasentinelle.dz\\\/index.php\\\/2021\\\/09\\\/23\\\/parthenon-du-cinema-pour-tom-hanks-los-angeles-ouvre-son-musee-des-oscars\\\/\"]}]},{\"@type\":\"ImageObject\",\"inLanguage\":\"fr-FR\",\"@id\":\"https:\\\/\\\/lasentinelle.dz\\\/index.php\\\/2021\\\/09\\\/23\\\/parthenon-du-cinema-pour-tom-hanks-los-angeles-ouvre-son-musee-des-oscars\\\/#primaryimage\",\"url\":\"https:\\\/\\\/lasentinelle.dz\\\/wp-content\\\/uploads\\\/2021\\\/09\\\/image_2021-09-22_154029.png\",\"contentUrl\":\"https:\\\/\\\/lasentinelle.dz\\\/wp-content\\\/uploads\\\/2021\\\/09\\\/image_2021-09-22_154029.png\",\"width\":1920,\"height\":960},{\"@type\":\"BreadcrumbList\",\"@id\":\"https:\\\/\\\/lasentinelle.dz\\\/index.php\\\/2021\\\/09\\\/23\\\/parthenon-du-cinema-pour-tom-hanks-los-angeles-ouvre-son-musee-des-oscars\\\/#breadcrumb\",\"itemListElement\":[{\"@type\":\"ListItem\",\"position\":1,\"name\":\"Accueil\",\"item\":\"https:\\\/\\\/lasentinelle.dz\\\/\"},{\"@type\":\"ListItem\",\"position\":2,\"name\":\"\u00ab Parth\u00e9non \u00bb du cin\u00e9ma pour Tom Hanks : Los Angeles ouvre son mus\u00e9e des Oscars\"}]},{\"@type\":\"WebSite\",\"@id\":\"https:\\\/\\\/lasentinelle.dz\\\/#website\",\"url\":\"https:\\\/\\\/lasentinelle.dz\\\/\",\"name\":\"La Sentinelle\",\"description\":\"Quotidien national d&#039;information\",\"publisher\":{\"@id\":\"https:\\\/\\\/lasentinelle.dz\\\/#organization\"},\"potentialAction\":[{\"@type\":\"SearchAction\",\"target\":{\"@type\":\"EntryPoint\",\"urlTemplate\":\"https:\\\/\\\/lasentinelle.dz\\\/?s={search_term_string}\"},\"query-input\":{\"@type\":\"PropertyValueSpecification\",\"valueRequired\":true,\"valueName\":\"search_term_string\"}}],\"inLanguage\":\"fr-FR\"},{\"@type\":\"Organization\",\"@id\":\"https:\\\/\\\/lasentinelle.dz\\\/#organization\",\"name\":\"Quotidien La Sentinelle\",\"url\":\"https:\\\/\\\/lasentinelle.dz\\\/\",\"logo\":{\"@type\":\"ImageObject\",\"inLanguage\":\"fr-FR\",\"@id\":\"https:\\\/\\\/lasentinelle.dz\\\/#\\\/schema\\\/logo\\\/image\\\/\",\"url\":\"https:\\\/\\\/lasentinelle.dz\\\/wp-content\\\/uploads\\\/2021\\\/09\\\/logo-sentinelleSLOGAN-1.png\",\"contentUrl\":\"https:\\\/\\\/lasentinelle.dz\\\/wp-content\\\/uploads\\\/2021\\\/09\\\/logo-sentinelleSLOGAN-1.png\",\"width\":615,\"height\":142,\"caption\":\"Quotidien La Sentinelle\"},\"image\":{\"@id\":\"https:\\\/\\\/lasentinelle.dz\\\/#\\\/schema\\\/logo\\\/image\\\/\"},\"sameAs\":[\"https:\\\/\\\/www.facebook.com\\\/La-Sentinelle-104059864394773\"]},{\"@type\":\"Person\",\"@id\":\"https:\\\/\\\/lasentinelle.dz\\\/#\\\/schema\\\/person\\\/d865044e22e70a75174ce8bcad3acfb3\",\"name\":\"La Sentinelle\",\"image\":{\"@type\":\"ImageObject\",\"inLanguage\":\"fr-FR\",\"@id\":\"https:\\\/\\\/secure.gravatar.com\\\/avatar\\\/57de8e5d4b15d43fb361a71fbb36338450fe67865b528a43dd10ef7c51a20392?s=96&d=mm&r=g\",\"url\":\"https:\\\/\\\/secure.gravatar.com\\\/avatar\\\/57de8e5d4b15d43fb361a71fbb36338450fe67865b528a43dd10ef7c51a20392?s=96&d=mm&r=g\",\"contentUrl\":\"https:\\\/\\\/secure.gravatar.com\\\/avatar\\\/57de8e5d4b15d43fb361a71fbb36338450fe67865b528a43dd10ef7c51a20392?s=96&d=mm&r=g\",\"caption\":\"La Sentinelle\"},\"sameAs\":[\"http:\\\/\\\/www.lasentinelle.dz\"],\"url\":\"https:\\\/\\\/lasentinelle.dz\\\/author\\\/redaction\\\/\"}]}<\/script>\n<!-- \/ Yoast SEO plugin. -->","yoast_head_json":{"title":"\u00ab Parth\u00e9non \u00bb du cin\u00e9ma pour Tom Hanks : Los Angeles ouvre son mus\u00e9e des Oscars - La Sentinelle","robots":{"index":"index","follow":"follow","max-snippet":"max-snippet:-1","max-image-preview":"max-image-preview:large","max-video-preview":"max-video-preview:-1"},"canonical":"https:\/\/lasentinelle.dz\/index.php\/2021\/09\/23\/parthenon-du-cinema-pour-tom-hanks-los-angeles-ouvre-son-musee-des-oscars\/","og_locale":"fr_FR","og_type":"article","og_title":"\u00ab Parth\u00e9non \u00bb du cin\u00e9ma pour Tom Hanks : Los Angeles ouvre son mus\u00e9e des Oscars - La Sentinelle","og_description":"Los Angeles a enfin un mus\u00e9e enti\u00e8rement consacr\u00e9 au cin\u00e9ma qui a fait sa renomm\u00e9e, et il \u00e9tait plus que","og_url":"https:\/\/lasentinelle.dz\/index.php\/2021\/09\/23\/parthenon-du-cinema-pour-tom-hanks-los-angeles-ouvre-son-musee-des-oscars\/","og_site_name":"La Sentinelle","article_publisher":"https:\/\/www.facebook.com\/La-Sentinelle-104059864394773","article_published_time":"2021-09-22T23:01:00+00:00","og_image":[{"width":1024,"height":512,"url":"https:\/\/lasentinelle.dz\/wp-content\/uploads\/2021\/09\/image_2021-09-22_154029-1024x512.png","type":"image\/png"}],"author":"La Sentinelle","twitter_card":"summary_large_image","twitter_misc":{"\u00c9crit par":"La Sentinelle","Dur\u00e9e de lecture estim\u00e9e":"3 minutes"},"schema":{"@context":"https:\/\/schema.org","@graph":[{"@type":"Article","@id":"https:\/\/lasentinelle.dz\/index.php\/2021\/09\/23\/parthenon-du-cinema-pour-tom-hanks-los-angeles-ouvre-son-musee-des-oscars\/#article","isPartOf":{"@id":"https:\/\/lasentinelle.dz\/index.php\/2021\/09\/23\/parthenon-du-cinema-pour-tom-hanks-los-angeles-ouvre-son-musee-des-oscars\/"},"author":{"name":"La Sentinelle","@id":"https:\/\/lasentinelle.dz\/#\/schema\/person\/d865044e22e70a75174ce8bcad3acfb3"},"headline":"\u00ab Parth\u00e9non \u00bb du cin\u00e9ma pour Tom Hanks : Los Angeles ouvre son mus\u00e9e des Oscars","datePublished":"2021-09-22T23:01:00+00:00","mainEntityOfPage":{"@id":"https:\/\/lasentinelle.dz\/index.php\/2021\/09\/23\/parthenon-du-cinema-pour-tom-hanks-los-angeles-ouvre-son-musee-des-oscars\/"},"wordCount":605,"commentCount":0,"publisher":{"@id":"https:\/\/lasentinelle.dz\/#organization"},"image":{"@id":"https:\/\/lasentinelle.dz\/index.php\/2021\/09\/23\/parthenon-du-cinema-pour-tom-hanks-los-angeles-ouvre-son-musee-des-oscars\/#primaryimage"},"thumbnailUrl":"https:\/\/lasentinelle.dz\/wp-content\/uploads\/2021\/09\/image_2021-09-22_154029.png","articleSection":["Culture"],"inLanguage":"fr-FR","potentialAction":[{"@type":"CommentAction","name":"Comment","target":["https:\/\/lasentinelle.dz\/index.php\/2021\/09\/23\/parthenon-du-cinema-pour-tom-hanks-los-angeles-ouvre-son-musee-des-oscars\/#respond"]}]},{"@type":"WebPage","@id":"https:\/\/lasentinelle.dz\/index.php\/2021\/09\/23\/parthenon-du-cinema-pour-tom-hanks-los-angeles-ouvre-son-musee-des-oscars\/","url":"https:\/\/lasentinelle.dz\/index.php\/2021\/09\/23\/parthenon-du-cinema-pour-tom-hanks-los-angeles-ouvre-son-musee-des-oscars\/","name":"\u00ab Parth\u00e9non \u00bb du cin\u00e9ma pour Tom Hanks : Los Angeles ouvre son mus\u00e9e des Oscars - La Sentinelle","isPartOf":{"@id":"https:\/\/lasentinelle.dz\/#website"},"primaryImageOfPage":{"@id":"https:\/\/lasentinelle.dz\/index.php\/2021\/09\/23\/parthenon-du-cinema-pour-tom-hanks-los-angeles-ouvre-son-musee-des-oscars\/#primaryimage"},"image":{"@id":"https:\/\/lasentinelle.dz\/index.php\/2021\/09\/23\/parthenon-du-cinema-pour-tom-hanks-los-angeles-ouvre-son-musee-des-oscars\/#primaryimage"},"thumbnailUrl":"https:\/\/lasentinelle.dz\/wp-content\/uploads\/2021\/09\/image_2021-09-22_154029.png","datePublished":"2021-09-22T23:01:00+00:00","breadcrumb":{"@id":"https:\/\/lasentinelle.dz\/index.php\/2021\/09\/23\/parthenon-du-cinema-pour-tom-hanks-los-angeles-ouvre-son-musee-des-oscars\/#breadcrumb"},"inLanguage":"fr-FR","potentialAction":[{"@type":"ReadAction","target":["https:\/\/lasentinelle.dz\/index.php\/2021\/09\/23\/parthenon-du-cinema-pour-tom-hanks-los-angeles-ouvre-son-musee-des-oscars\/"]}]},{"@type":"ImageObject","inLanguage":"fr-FR","@id":"https:\/\/lasentinelle.dz\/index.php\/2021\/09\/23\/parthenon-du-cinema-pour-tom-hanks-los-angeles-ouvre-son-musee-des-oscars\/#primaryimage","url":"https:\/\/lasentinelle.dz\/wp-content\/uploads\/2021\/09\/image_2021-09-22_154029.png","contentUrl":"https:\/\/lasentinelle.dz\/wp-content\/uploads\/2021\/09\/image_2021-09-22_154029.png","width":1920,"height":960},{"@type":"BreadcrumbList","@id":"https:\/\/lasentinelle.dz\/index.php\/2021\/09\/23\/parthenon-du-cinema-pour-tom-hanks-los-angeles-ouvre-son-musee-des-oscars\/#breadcrumb","itemListElement":[{"@type":"ListItem","position":1,"name":"Accueil","item":"https:\/\/lasentinelle.dz\/"},{"@type":"ListItem","position":2,"name":"\u00ab Parth\u00e9non \u00bb du cin\u00e9ma pour Tom Hanks : Los Angeles ouvre son mus\u00e9e des Oscars"}]},{"@type":"WebSite","@id":"https:\/\/lasentinelle.dz\/#website","url":"https:\/\/lasentinelle.dz\/","name":"La Sentinelle","description":"Quotidien national d&#039;information","publisher":{"@id":"https:\/\/lasentinelle.dz\/#organization"},"potentialAction":[{"@type":"SearchAction","target":{"@type":"EntryPoint","urlTemplate":"https:\/\/lasentinelle.dz\/?s={search_term_string}"},"query-input":{"@type":"PropertyValueSpecification","valueRequired":true,"valueName":"search_term_string"}}],"inLanguage":"fr-FR"},{"@type":"Organization","@id":"https:\/\/lasentinelle.dz\/#organization","name":"Quotidien La Sentinelle","url":"https:\/\/lasentinelle.dz\/","logo":{"@type":"ImageObject","inLanguage":"fr-FR","@id":"https:\/\/lasentinelle.dz\/#\/schema\/logo\/image\/","url":"https:\/\/lasentinelle.dz\/wp-content\/uploads\/2021\/09\/logo-sentinelleSLOGAN-1.png","contentUrl":"https:\/\/lasentinelle.dz\/wp-content\/uploads\/2021\/09\/logo-sentinelleSLOGAN-1.png","width":615,"height":142,"caption":"Quotidien La Sentinelle"},"image":{"@id":"https:\/\/lasentinelle.dz\/#\/schema\/logo\/image\/"},"sameAs":["https:\/\/www.facebook.com\/La-Sentinelle-104059864394773"]},{"@type":"Person","@id":"https:\/\/lasentinelle.dz\/#\/schema\/person\/d865044e22e70a75174ce8bcad3acfb3","name":"La Sentinelle","image":{"@type":"ImageObject","inLanguage":"fr-FR","@id":"https:\/\/secure.gravatar.com\/avatar\/57de8e5d4b15d43fb361a71fbb36338450fe67865b528a43dd10ef7c51a20392?s=96&d=mm&r=g","url":"https:\/\/secure.gravatar.com\/avatar\/57de8e5d4b15d43fb361a71fbb36338450fe67865b528a43dd10ef7c51a20392?s=96&d=mm&r=g","contentUrl":"https:\/\/secure.gravatar.com\/avatar\/57de8e5d4b15d43fb361a71fbb36338450fe67865b528a43dd10ef7c51a20392?s=96&d=mm&r=g","caption":"La Sentinelle"},"sameAs":["http:\/\/www.lasentinelle.dz"],"url":"https:\/\/lasentinelle.dz\/author\/redaction\/"}]}},"_links":{"self":[{"href":"https:\/\/lasentinelle.dz\/index.php\/wp-json\/wp\/v2\/posts\/8830","targetHints":{"allow":["GET"]}}],"collection":[{"href":"https:\/\/lasentinelle.dz\/index.php\/wp-json\/wp\/v2\/posts"}],"about":[{"href":"https:\/\/lasentinelle.dz\/index.php\/wp-json\/wp\/v2\/types\/post"}],"author":[{"embeddable":true,"href":"https:\/\/lasentinelle.dz\/index.php\/wp-json\/wp\/v2\/users\/3"}],"replies":[{"embeddable":true,"href":"https:\/\/lasentinelle.dz\/index.php\/wp-json\/wp\/v2\/comments?post=8830"}],"version-history":[{"count":1,"href":"https:\/\/lasentinelle.dz\/index.php\/wp-json\/wp\/v2\/posts\/8830\/revisions"}],"predecessor-version":[{"id":8843,"href":"https:\/\/lasentinelle.dz\/index.php\/wp-json\/wp\/v2\/posts\/8830\/revisions\/8843"}],"wp:featuredmedia":[{"embeddable":true,"href":"https:\/\/lasentinelle.dz\/index.php\/wp-json\/wp\/v2\/media\/8842"}],"wp:attachment":[{"href":"https:\/\/lasentinelle.dz\/index.php\/wp-json\/wp\/v2\/media?parent=8830"}],"wp:term":[{"taxonomy":"category","embeddable":true,"href":"https:\/\/lasentinelle.dz\/index.php\/wp-json\/wp\/v2\/categories?post=8830"},{"taxonomy":"post_tag","embeddable":true,"href":"https:\/\/lasentinelle.dz\/index.php\/wp-json\/wp\/v2\/tags?post=8830"}],"curies":[{"name":"wp","href":"https:\/\/api.w.org\/{rel}","templated":true}]}}