{"id":8834,"date":"2021-09-23T00:01:00","date_gmt":"2021-09-22T23:01:00","guid":{"rendered":"https:\/\/lasentinelle.dz\/?p=8834"},"modified":"2021-09-22T15:39:38","modified_gmt":"2021-09-22T14:39:38","slug":"streaming-netflix-acquiert-la-compagnie-gerant-les-droits-de-roald-dahl","status":"publish","type":"post","link":"https:\/\/lasentinelle.dz\/index.php\/2021\/09\/23\/streaming-netflix-acquiert-la-compagnie-gerant-les-droits-de-roald-dahl\/","title":{"rendered":"Streaming : Netflix acquiert la compagnie g\u00e9rant les droits de Roald Dahl"},"content":{"rendered":"\n<p>Netflix a annonc\u00e9 hoer l&rsquo;acquisition de la compagnie g\u00e9rant les droits du g\u00e9ant de la litt\u00e9rature jeunesse Roald Dahl, auteur notamment du roman \u00ab\u00a0Charlie et la chocolaterie\u00a0\u00bb, un classique adapt\u00e9 deux fois au cin\u00e9ma. Ce rachat, dont le montant n&rsquo;a pas \u00e9t\u00e9 d\u00e9voil\u00e9, s&rsquo;appuie sur un partenariat initi\u00e9 il y a trois ans entre la plateforme am\u00e9ricaine de streaming et les h\u00e9ritiers de l&rsquo;\u00e9crivain britannique, qui a vendu plus de 300 millions de livres dans le monde, traduits dans 63 langues. En novembre 2018, Netflix avait annonc\u00e9 qu&rsquo;il allait adapter en s\u00e9ries anim\u00e9es les grands succ\u00e8s de Roald Dahl, dans le cadre de cette coop\u00e9ration. TaikaWaititi, r\u00e9alisateur n\u00e9o-z\u00e9landais oscaris\u00e9 (\u00ab\u00a0Jojo Rabbit\u00a0\u00bb), travaille actuellement sur une premi\u00e8re s\u00e9rie inspir\u00e9e du monde de \u00ab\u00a0Charlie et la chocolaterie\u00a0\u00bb. Avec le rachat de la Roald Dahl Story Company (RDSC), dirig\u00e9e par le petit-fils de l&rsquo;auteur, Luke Kelly, Netflix annonce qu&rsquo;il va aller plus loin avec des projets d&rsquo;\u00e9dition, de jeux, de th\u00e9\u00e2tre et produits d\u00e9riv\u00e9s. Autre illustration de la popularit\u00e9 toujours intacte du romancier quelque trente ans apr\u00e8s sa mort: les \u00e9ditions fran\u00e7aises Gallimard publient jeudi un recueil de plus de 1.500 pages de nouvelles, romans et r\u00e9cits du prolifique \u00e9crivain britannique, dans la collection Quarto. Intitul\u00e9 \u00ab\u00a0Contes de l&rsquo;inattendu\u00a0\u00bb, il contient des \u00ab\u00a0textes moins connus\u00a0\u00bb, mais gr\u00e2ce auxquels \u00ab\u00a0on ne cesse de fr\u00e9mir et de rire\u00a0\u00bb, selon la pr\u00e9sentation de l&rsquo;\u00e9diteur.N\u00e9 au Pays de Galles de parents norv\u00e9giens, Roald Dahl (1916-1990) a acquis une renomm\u00e9e mondiale avec ses romans pour la jeunesse (\u00ab\u00a0Matilda\u00a0\u00bb, \u00ab\u00a0Sacr\u00e9es sorci\u00e8res\u00a0\u00bb), une vingtaine de contes baroques o\u00f9 les adultes ont souvent le mauvais r\u00f4le, et ses souvenirs d&rsquo;enfance.<\/p>\n\n\n\n<p>AFP<\/p>\n","protected":false},"excerpt":{"rendered":"<p>Netflix a annonc\u00e9 hoer l&rsquo;acquisition de la compagnie g\u00e9rant les droits du g\u00e9ant de la litt\u00e9rature jeunesse Roald Dahl, auteur<\/p>\n","protected":false},"author":3,"featured_media":8840,"comment_status":"open","ping_status":"closed","sticky":false,"template":"","format":"standard","meta":{"colormag_page_container_layout":"default_layout","colormag_page_sidebar_layout":"default_layout","om_disable_all_campaigns":false,"_monsterinsights_skip_tracking":false,"_monsterinsights_sitenote_active":false,"_monsterinsights_sitenote_note":"","_monsterinsights_sitenote_category":0,"footnotes":"","_wpscppro_dont_share_socialmedia":false,"_wpscppro_custom_social_share_image":0,"_facebook_share_type":"","_twitter_share_type":"","_linkedin_share_type":"","_pinterest_share_type":"","_linkedin_share_type_page":"","_instagram_share_type":"","_medium_share_type":"","_threads_share_type":"","_google_business_share_type":"","_selected_social_profile":[],"_wpsp_enable_custom_social_template":false,"_wpsp_social_scheduling":{"enabled":false,"datetime":null,"platforms":[],"status":"template_only","dateOption":"today","timeOption":"now","customDays":"","customHours":"","customDate":"","customTime":"","schedulingType":"absolute"},"_wpsp_active_default_template":true},"categories":[36],"tags":[],"class_list":["post-8834","post","type-post","status-publish","format-standard","has-post-thumbnail","hentry","category-culture"],"aioseo_notices":[],"yoast_head":"<!-- This site is optimized with the Yoast SEO plugin v27.5 - https:\/\/yoast.com\/product\/yoast-seo-wordpress\/ -->\n<title>Streaming : Netflix acquiert la compagnie g\u00e9rant les droits de Roald Dahl - La Sentinelle<\/title>\n<meta name=\"robots\" content=\"index, follow, max-snippet:-1, max-image-preview:large, max-video-preview:-1\" \/>\n<link rel=\"canonical\" href=\"https:\/\/lasentinelle.dz\/index.php\/2021\/09\/23\/streaming-netflix-acquiert-la-compagnie-gerant-les-droits-de-roald-dahl\/\" \/>\n<meta property=\"og:locale\" content=\"fr_FR\" \/>\n<meta property=\"og:type\" content=\"article\" \/>\n<meta property=\"og:title\" content=\"Streaming : Netflix acquiert la compagnie g\u00e9rant les droits de Roald Dahl - La Sentinelle\" \/>\n<meta property=\"og:description\" content=\"Netflix a annonc\u00e9 hoer l&rsquo;acquisition de la compagnie g\u00e9rant les droits du g\u00e9ant de la litt\u00e9rature jeunesse Roald Dahl, auteur\" \/>\n<meta property=\"og:url\" content=\"https:\/\/lasentinelle.dz\/index.php\/2021\/09\/23\/streaming-netflix-acquiert-la-compagnie-gerant-les-droits-de-roald-dahl\/\" \/>\n<meta property=\"og:site_name\" content=\"La Sentinelle\" \/>\n<meta property=\"article:publisher\" content=\"https:\/\/www.facebook.com\/La-Sentinelle-104059864394773\" \/>\n<meta property=\"article:published_time\" content=\"2021-09-22T23:01:00+00:00\" \/>\n<meta property=\"og:image\" content=\"https:\/\/lasentinelle.dz\/wp-content\/uploads\/2021\/09\/image_2021-09-22_153926.png\" \/>\n\t<meta property=\"og:image:width\" content=\"1024\" \/>\n\t<meta property=\"og:image:height\" content=\"768\" \/>\n\t<meta property=\"og:image:type\" content=\"image\/png\" \/>\n<meta name=\"author\" content=\"La Sentinelle\" \/>\n<meta name=\"twitter:card\" content=\"summary_large_image\" \/>\n<meta name=\"twitter:label1\" content=\"\u00c9crit par\" \/>\n\t<meta name=\"twitter:data1\" content=\"La Sentinelle\" \/>\n\t<meta name=\"twitter:label2\" content=\"Dur\u00e9e de lecture estim\u00e9e\" \/>\n\t<meta name=\"twitter:data2\" content=\"2 minutes\" \/>\n<script type=\"application\/ld+json\" class=\"yoast-schema-graph\">{\"@context\":\"https:\\\/\\\/schema.org\",\"@graph\":[{\"@type\":\"Article\",\"@id\":\"https:\\\/\\\/lasentinelle.dz\\\/index.php\\\/2021\\\/09\\\/23\\\/streaming-netflix-acquiert-la-compagnie-gerant-les-droits-de-roald-dahl\\\/#article\",\"isPartOf\":{\"@id\":\"https:\\\/\\\/lasentinelle.dz\\\/index.php\\\/2021\\\/09\\\/23\\\/streaming-netflix-acquiert-la-compagnie-gerant-les-droits-de-roald-dahl\\\/\"},\"author\":{\"name\":\"La Sentinelle\",\"@id\":\"https:\\\/\\\/lasentinelle.dz\\\/#\\\/schema\\\/person\\\/d865044e22e70a75174ce8bcad3acfb3\"},\"headline\":\"Streaming : Netflix acquiert la compagnie g\u00e9rant les droits de Roald Dahl\",\"datePublished\":\"2021-09-22T23:01:00+00:00\",\"mainEntityOfPage\":{\"@id\":\"https:\\\/\\\/lasentinelle.dz\\\/index.php\\\/2021\\\/09\\\/23\\\/streaming-netflix-acquiert-la-compagnie-gerant-les-droits-de-roald-dahl\\\/\"},\"wordCount\":322,\"commentCount\":0,\"publisher\":{\"@id\":\"https:\\\/\\\/lasentinelle.dz\\\/#organization\"},\"image\":{\"@id\":\"https:\\\/\\\/lasentinelle.dz\\\/index.php\\\/2021\\\/09\\\/23\\\/streaming-netflix-acquiert-la-compagnie-gerant-les-droits-de-roald-dahl\\\/#primaryimage\"},\"thumbnailUrl\":\"https:\\\/\\\/lasentinelle.dz\\\/wp-content\\\/uploads\\\/2021\\\/09\\\/image_2021-09-22_153926.png\",\"articleSection\":[\"Culture\"],\"inLanguage\":\"fr-FR\",\"potentialAction\":[{\"@type\":\"CommentAction\",\"name\":\"Comment\",\"target\":[\"https:\\\/\\\/lasentinelle.dz\\\/index.php\\\/2021\\\/09\\\/23\\\/streaming-netflix-acquiert-la-compagnie-gerant-les-droits-de-roald-dahl\\\/#respond\"]}]},{\"@type\":\"WebPage\",\"@id\":\"https:\\\/\\\/lasentinelle.dz\\\/index.php\\\/2021\\\/09\\\/23\\\/streaming-netflix-acquiert-la-compagnie-gerant-les-droits-de-roald-dahl\\\/\",\"url\":\"https:\\\/\\\/lasentinelle.dz\\\/index.php\\\/2021\\\/09\\\/23\\\/streaming-netflix-acquiert-la-compagnie-gerant-les-droits-de-roald-dahl\\\/\",\"name\":\"Streaming : Netflix acquiert la compagnie g\u00e9rant les droits de Roald Dahl - La Sentinelle\",\"isPartOf\":{\"@id\":\"https:\\\/\\\/lasentinelle.dz\\\/#website\"},\"primaryImageOfPage\":{\"@id\":\"https:\\\/\\\/lasentinelle.dz\\\/index.php\\\/2021\\\/09\\\/23\\\/streaming-netflix-acquiert-la-compagnie-gerant-les-droits-de-roald-dahl\\\/#primaryimage\"},\"image\":{\"@id\":\"https:\\\/\\\/lasentinelle.dz\\\/index.php\\\/2021\\\/09\\\/23\\\/streaming-netflix-acquiert-la-compagnie-gerant-les-droits-de-roald-dahl\\\/#primaryimage\"},\"thumbnailUrl\":\"https:\\\/\\\/lasentinelle.dz\\\/wp-content\\\/uploads\\\/2021\\\/09\\\/image_2021-09-22_153926.png\",\"datePublished\":\"2021-09-22T23:01:00+00:00\",\"breadcrumb\":{\"@id\":\"https:\\\/\\\/lasentinelle.dz\\\/index.php\\\/2021\\\/09\\\/23\\\/streaming-netflix-acquiert-la-compagnie-gerant-les-droits-de-roald-dahl\\\/#breadcrumb\"},\"inLanguage\":\"fr-FR\",\"potentialAction\":[{\"@type\":\"ReadAction\",\"target\":[\"https:\\\/\\\/lasentinelle.dz\\\/index.php\\\/2021\\\/09\\\/23\\\/streaming-netflix-acquiert-la-compagnie-gerant-les-droits-de-roald-dahl\\\/\"]}]},{\"@type\":\"ImageObject\",\"inLanguage\":\"fr-FR\",\"@id\":\"https:\\\/\\\/lasentinelle.dz\\\/index.php\\\/2021\\\/09\\\/23\\\/streaming-netflix-acquiert-la-compagnie-gerant-les-droits-de-roald-dahl\\\/#primaryimage\",\"url\":\"https:\\\/\\\/lasentinelle.dz\\\/wp-content\\\/uploads\\\/2021\\\/09\\\/image_2021-09-22_153926.png\",\"contentUrl\":\"https:\\\/\\\/lasentinelle.dz\\\/wp-content\\\/uploads\\\/2021\\\/09\\\/image_2021-09-22_153926.png\",\"width\":1024,\"height\":768},{\"@type\":\"BreadcrumbList\",\"@id\":\"https:\\\/\\\/lasentinelle.dz\\\/index.php\\\/2021\\\/09\\\/23\\\/streaming-netflix-acquiert-la-compagnie-gerant-les-droits-de-roald-dahl\\\/#breadcrumb\",\"itemListElement\":[{\"@type\":\"ListItem\",\"position\":1,\"name\":\"Accueil\",\"item\":\"https:\\\/\\\/lasentinelle.dz\\\/\"},{\"@type\":\"ListItem\",\"position\":2,\"name\":\"Streaming : Netflix acquiert la compagnie g\u00e9rant les droits de Roald Dahl\"}]},{\"@type\":\"WebSite\",\"@id\":\"https:\\\/\\\/lasentinelle.dz\\\/#website\",\"url\":\"https:\\\/\\\/lasentinelle.dz\\\/\",\"name\":\"La Sentinelle\",\"description\":\"Quotidien national d&#039;information\",\"publisher\":{\"@id\":\"https:\\\/\\\/lasentinelle.dz\\\/#organization\"},\"potentialAction\":[{\"@type\":\"SearchAction\",\"target\":{\"@type\":\"EntryPoint\",\"urlTemplate\":\"https:\\\/\\\/lasentinelle.dz\\\/?s={search_term_string}\"},\"query-input\":{\"@type\":\"PropertyValueSpecification\",\"valueRequired\":true,\"valueName\":\"search_term_string\"}}],\"inLanguage\":\"fr-FR\"},{\"@type\":\"Organization\",\"@id\":\"https:\\\/\\\/lasentinelle.dz\\\/#organization\",\"name\":\"Quotidien La Sentinelle\",\"url\":\"https:\\\/\\\/lasentinelle.dz\\\/\",\"logo\":{\"@type\":\"ImageObject\",\"inLanguage\":\"fr-FR\",\"@id\":\"https:\\\/\\\/lasentinelle.dz\\\/#\\\/schema\\\/logo\\\/image\\\/\",\"url\":\"https:\\\/\\\/lasentinelle.dz\\\/wp-content\\\/uploads\\\/2021\\\/09\\\/logo-sentinelleSLOGAN-1.png\",\"contentUrl\":\"https:\\\/\\\/lasentinelle.dz\\\/wp-content\\\/uploads\\\/2021\\\/09\\\/logo-sentinelleSLOGAN-1.png\",\"width\":615,\"height\":142,\"caption\":\"Quotidien La Sentinelle\"},\"image\":{\"@id\":\"https:\\\/\\\/lasentinelle.dz\\\/#\\\/schema\\\/logo\\\/image\\\/\"},\"sameAs\":[\"https:\\\/\\\/www.facebook.com\\\/La-Sentinelle-104059864394773\"]},{\"@type\":\"Person\",\"@id\":\"https:\\\/\\\/lasentinelle.dz\\\/#\\\/schema\\\/person\\\/d865044e22e70a75174ce8bcad3acfb3\",\"name\":\"La Sentinelle\",\"image\":{\"@type\":\"ImageObject\",\"inLanguage\":\"fr-FR\",\"@id\":\"https:\\\/\\\/secure.gravatar.com\\\/avatar\\\/57de8e5d4b15d43fb361a71fbb36338450fe67865b528a43dd10ef7c51a20392?s=96&d=mm&r=g\",\"url\":\"https:\\\/\\\/secure.gravatar.com\\\/avatar\\\/57de8e5d4b15d43fb361a71fbb36338450fe67865b528a43dd10ef7c51a20392?s=96&d=mm&r=g\",\"contentUrl\":\"https:\\\/\\\/secure.gravatar.com\\\/avatar\\\/57de8e5d4b15d43fb361a71fbb36338450fe67865b528a43dd10ef7c51a20392?s=96&d=mm&r=g\",\"caption\":\"La Sentinelle\"},\"sameAs\":[\"http:\\\/\\\/www.lasentinelle.dz\"],\"url\":\"https:\\\/\\\/lasentinelle.dz\\\/author\\\/redaction\\\/\"}]}<\/script>\n<!-- \/ Yoast SEO plugin. -->","yoast_head_json":{"title":"Streaming : Netflix acquiert la compagnie g\u00e9rant les droits de Roald Dahl - La Sentinelle","robots":{"index":"index","follow":"follow","max-snippet":"max-snippet:-1","max-image-preview":"max-image-preview:large","max-video-preview":"max-video-preview:-1"},"canonical":"https:\/\/lasentinelle.dz\/index.php\/2021\/09\/23\/streaming-netflix-acquiert-la-compagnie-gerant-les-droits-de-roald-dahl\/","og_locale":"fr_FR","og_type":"article","og_title":"Streaming : Netflix acquiert la compagnie g\u00e9rant les droits de Roald Dahl - La Sentinelle","og_description":"Netflix a annonc\u00e9 hoer l&rsquo;acquisition de la compagnie g\u00e9rant les droits du g\u00e9ant de la litt\u00e9rature jeunesse Roald Dahl, auteur","og_url":"https:\/\/lasentinelle.dz\/index.php\/2021\/09\/23\/streaming-netflix-acquiert-la-compagnie-gerant-les-droits-de-roald-dahl\/","og_site_name":"La Sentinelle","article_publisher":"https:\/\/www.facebook.com\/La-Sentinelle-104059864394773","article_published_time":"2021-09-22T23:01:00+00:00","og_image":[{"width":1024,"height":768,"url":"https:\/\/lasentinelle.dz\/wp-content\/uploads\/2021\/09\/image_2021-09-22_153926.png","type":"image\/png"}],"author":"La Sentinelle","twitter_card":"summary_large_image","twitter_misc":{"\u00c9crit par":"La Sentinelle","Dur\u00e9e de lecture estim\u00e9e":"2 minutes"},"schema":{"@context":"https:\/\/schema.org","@graph":[{"@type":"Article","@id":"https:\/\/lasentinelle.dz\/index.php\/2021\/09\/23\/streaming-netflix-acquiert-la-compagnie-gerant-les-droits-de-roald-dahl\/#article","isPartOf":{"@id":"https:\/\/lasentinelle.dz\/index.php\/2021\/09\/23\/streaming-netflix-acquiert-la-compagnie-gerant-les-droits-de-roald-dahl\/"},"author":{"name":"La Sentinelle","@id":"https:\/\/lasentinelle.dz\/#\/schema\/person\/d865044e22e70a75174ce8bcad3acfb3"},"headline":"Streaming : Netflix acquiert la compagnie g\u00e9rant les droits de Roald Dahl","datePublished":"2021-09-22T23:01:00+00:00","mainEntityOfPage":{"@id":"https:\/\/lasentinelle.dz\/index.php\/2021\/09\/23\/streaming-netflix-acquiert-la-compagnie-gerant-les-droits-de-roald-dahl\/"},"wordCount":322,"commentCount":0,"publisher":{"@id":"https:\/\/lasentinelle.dz\/#organization"},"image":{"@id":"https:\/\/lasentinelle.dz\/index.php\/2021\/09\/23\/streaming-netflix-acquiert-la-compagnie-gerant-les-droits-de-roald-dahl\/#primaryimage"},"thumbnailUrl":"https:\/\/lasentinelle.dz\/wp-content\/uploads\/2021\/09\/image_2021-09-22_153926.png","articleSection":["Culture"],"inLanguage":"fr-FR","potentialAction":[{"@type":"CommentAction","name":"Comment","target":["https:\/\/lasentinelle.dz\/index.php\/2021\/09\/23\/streaming-netflix-acquiert-la-compagnie-gerant-les-droits-de-roald-dahl\/#respond"]}]},{"@type":"WebPage","@id":"https:\/\/lasentinelle.dz\/index.php\/2021\/09\/23\/streaming-netflix-acquiert-la-compagnie-gerant-les-droits-de-roald-dahl\/","url":"https:\/\/lasentinelle.dz\/index.php\/2021\/09\/23\/streaming-netflix-acquiert-la-compagnie-gerant-les-droits-de-roald-dahl\/","name":"Streaming : Netflix acquiert la compagnie g\u00e9rant les droits de Roald Dahl - La Sentinelle","isPartOf":{"@id":"https:\/\/lasentinelle.dz\/#website"},"primaryImageOfPage":{"@id":"https:\/\/lasentinelle.dz\/index.php\/2021\/09\/23\/streaming-netflix-acquiert-la-compagnie-gerant-les-droits-de-roald-dahl\/#primaryimage"},"image":{"@id":"https:\/\/lasentinelle.dz\/index.php\/2021\/09\/23\/streaming-netflix-acquiert-la-compagnie-gerant-les-droits-de-roald-dahl\/#primaryimage"},"thumbnailUrl":"https:\/\/lasentinelle.dz\/wp-content\/uploads\/2021\/09\/image_2021-09-22_153926.png","datePublished":"2021-09-22T23:01:00+00:00","breadcrumb":{"@id":"https:\/\/lasentinelle.dz\/index.php\/2021\/09\/23\/streaming-netflix-acquiert-la-compagnie-gerant-les-droits-de-roald-dahl\/#breadcrumb"},"inLanguage":"fr-FR","potentialAction":[{"@type":"ReadAction","target":["https:\/\/lasentinelle.dz\/index.php\/2021\/09\/23\/streaming-netflix-acquiert-la-compagnie-gerant-les-droits-de-roald-dahl\/"]}]},{"@type":"ImageObject","inLanguage":"fr-FR","@id":"https:\/\/lasentinelle.dz\/index.php\/2021\/09\/23\/streaming-netflix-acquiert-la-compagnie-gerant-les-droits-de-roald-dahl\/#primaryimage","url":"https:\/\/lasentinelle.dz\/wp-content\/uploads\/2021\/09\/image_2021-09-22_153926.png","contentUrl":"https:\/\/lasentinelle.dz\/wp-content\/uploads\/2021\/09\/image_2021-09-22_153926.png","width":1024,"height":768},{"@type":"BreadcrumbList","@id":"https:\/\/lasentinelle.dz\/index.php\/2021\/09\/23\/streaming-netflix-acquiert-la-compagnie-gerant-les-droits-de-roald-dahl\/#breadcrumb","itemListElement":[{"@type":"ListItem","position":1,"name":"Accueil","item":"https:\/\/lasentinelle.dz\/"},{"@type":"ListItem","position":2,"name":"Streaming : Netflix acquiert la compagnie g\u00e9rant les droits de Roald Dahl"}]},{"@type":"WebSite","@id":"https:\/\/lasentinelle.dz\/#website","url":"https:\/\/lasentinelle.dz\/","name":"La Sentinelle","description":"Quotidien national d&#039;information","publisher":{"@id":"https:\/\/lasentinelle.dz\/#organization"},"potentialAction":[{"@type":"SearchAction","target":{"@type":"EntryPoint","urlTemplate":"https:\/\/lasentinelle.dz\/?s={search_term_string}"},"query-input":{"@type":"PropertyValueSpecification","valueRequired":true,"valueName":"search_term_string"}}],"inLanguage":"fr-FR"},{"@type":"Organization","@id":"https:\/\/lasentinelle.dz\/#organization","name":"Quotidien La Sentinelle","url":"https:\/\/lasentinelle.dz\/","logo":{"@type":"ImageObject","inLanguage":"fr-FR","@id":"https:\/\/lasentinelle.dz\/#\/schema\/logo\/image\/","url":"https:\/\/lasentinelle.dz\/wp-content\/uploads\/2021\/09\/logo-sentinelleSLOGAN-1.png","contentUrl":"https:\/\/lasentinelle.dz\/wp-content\/uploads\/2021\/09\/logo-sentinelleSLOGAN-1.png","width":615,"height":142,"caption":"Quotidien La Sentinelle"},"image":{"@id":"https:\/\/lasentinelle.dz\/#\/schema\/logo\/image\/"},"sameAs":["https:\/\/www.facebook.com\/La-Sentinelle-104059864394773"]},{"@type":"Person","@id":"https:\/\/lasentinelle.dz\/#\/schema\/person\/d865044e22e70a75174ce8bcad3acfb3","name":"La Sentinelle","image":{"@type":"ImageObject","inLanguage":"fr-FR","@id":"https:\/\/secure.gravatar.com\/avatar\/57de8e5d4b15d43fb361a71fbb36338450fe67865b528a43dd10ef7c51a20392?s=96&d=mm&r=g","url":"https:\/\/secure.gravatar.com\/avatar\/57de8e5d4b15d43fb361a71fbb36338450fe67865b528a43dd10ef7c51a20392?s=96&d=mm&r=g","contentUrl":"https:\/\/secure.gravatar.com\/avatar\/57de8e5d4b15d43fb361a71fbb36338450fe67865b528a43dd10ef7c51a20392?s=96&d=mm&r=g","caption":"La Sentinelle"},"sameAs":["http:\/\/www.lasentinelle.dz"],"url":"https:\/\/lasentinelle.dz\/author\/redaction\/"}]}},"_links":{"self":[{"href":"https:\/\/lasentinelle.dz\/index.php\/wp-json\/wp\/v2\/posts\/8834","targetHints":{"allow":["GET"]}}],"collection":[{"href":"https:\/\/lasentinelle.dz\/index.php\/wp-json\/wp\/v2\/posts"}],"about":[{"href":"https:\/\/lasentinelle.dz\/index.php\/wp-json\/wp\/v2\/types\/post"}],"author":[{"embeddable":true,"href":"https:\/\/lasentinelle.dz\/index.php\/wp-json\/wp\/v2\/users\/3"}],"replies":[{"embeddable":true,"href":"https:\/\/lasentinelle.dz\/index.php\/wp-json\/wp\/v2\/comments?post=8834"}],"version-history":[{"count":1,"href":"https:\/\/lasentinelle.dz\/index.php\/wp-json\/wp\/v2\/posts\/8834\/revisions"}],"predecessor-version":[{"id":8841,"href":"https:\/\/lasentinelle.dz\/index.php\/wp-json\/wp\/v2\/posts\/8834\/revisions\/8841"}],"wp:featuredmedia":[{"embeddable":true,"href":"https:\/\/lasentinelle.dz\/index.php\/wp-json\/wp\/v2\/media\/8840"}],"wp:attachment":[{"href":"https:\/\/lasentinelle.dz\/index.php\/wp-json\/wp\/v2\/media?parent=8834"}],"wp:term":[{"taxonomy":"category","embeddable":true,"href":"https:\/\/lasentinelle.dz\/index.php\/wp-json\/wp\/v2\/categories?post=8834"},{"taxonomy":"post_tag","embeddable":true,"href":"https:\/\/lasentinelle.dz\/index.php\/wp-json\/wp\/v2\/tags?post=8834"}],"curies":[{"name":"wp","href":"https:\/\/api.w.org\/{rel}","templated":true}]}}