{"id":88552,"date":"2026-05-31T20:57:14","date_gmt":"2026-05-31T19:57:14","guid":{"rendered":"https:\/\/lasentinelle.dz\/?p=88552"},"modified":"2026-05-31T20:57:18","modified_gmt":"2026-05-31T19:57:18","slug":"education-nationale-les-inscriptions-en-1re-annee-primaire-prolongees-jusquau-13-juin","status":"publish","type":"post","link":"https:\/\/lasentinelle.dz\/index.php\/2026\/05\/31\/education-nationale-les-inscriptions-en-1re-annee-primaire-prolongees-jusquau-13-juin\/","title":{"rendered":"\u00c9ducation nationale : les inscriptions en 1re ann\u00e9e primaire prolong\u00e9es jusqu&rsquo;au 13 juin"},"content":{"rendered":"\n<p class=\"wp-block-paragraph\"><\/p>\n\n\n\n<p class=\"wp-block-paragraph\">Le minist\u00e8re de l&rsquo;\u00c9ducation nationale a annonc\u00e9 ce dimanche la prolongation de la p\u00e9riode d&rsquo;inscription en premi\u00e8re ann\u00e9e du primaire pour l&rsquo;ann\u00e9e scolaire 2026-2027. Les parents dont les enfants sont n\u00e9s entre le 1er janvier et le 31 d\u00e9cembre 2020 et qui n&rsquo;ont pas finalis\u00e9 la d\u00e9marche dans les d\u00e9lais initiaux ont d\u00e9sormais jusqu&rsquo;au 13 juin 2026 pour r\u00e9gulariser la situation. Le minist\u00e8re pr\u00e9cise que les inscriptions se font exclusivement en ligne, via l&rsquo;espace d\u00e9di\u00e9 aux parents sur le syst\u00e8me informatique du secteur, accessible \u00e0 l&rsquo;adresse awlyaa.education.dz, selon les m\u00eames modalit\u00e9s et proc\u00e9dures d\u00e9j\u00e0 en vigueur. Aucune d\u00e9rogation de proc\u00e9dure n&rsquo;est pr\u00e9vue : seul le d\u00e9lai change.<\/p>\n\n\n\n<p class=\"wp-block-paragraph\">R.N.<\/p>\n","protected":false},"excerpt":{"rendered":"<p>Le minist\u00e8re de l&rsquo;\u00c9ducation nationale a annonc\u00e9 ce dimanche la prolongation de la p\u00e9riode d&rsquo;inscription en premi\u00e8re ann\u00e9e du primaire<\/p>\n","protected":false},"author":6,"featured_media":19196,"comment_status":"open","ping_status":"closed","sticky":false,"template":"","format":"standard","meta":{"colormag_page_container_layout":"default_layout","colormag_page_sidebar_layout":"default_layout","om_disable_all_campaigns":false,"_monsterinsights_skip_tracking":false,"footnotes":"","_wpscppro_dont_share_socialmedia":false,"_wpscppro_custom_social_share_image":0,"_facebook_share_type":"default","_twitter_share_type":"default","_linkedin_share_type":"default","_pinterest_share_type":"default","_linkedin_share_type_page":"","_instagram_share_type":"default","_medium_share_type":"default","_threads_share_type":"default","_google_business_share_type":"default","_bluesky_share_type":"","_mastodon_share_type":"","_selected_social_profile":[],"_wpsp_enable_custom_social_template":false,"_wpsp_social_scheduling":{"enabled":false,"datetime":null,"platforms":[],"status":"template_only","dateOption":"today","timeOption":"now","customDays":"","customHours":"","customDate":"","customTime":"","schedulingType":"absolute"},"_wpsp_active_default_template":true},"categories":[27],"tags":[],"class_list":["post-88552","post","type-post","status-publish","format-standard","has-post-thumbnail","hentry","category-actualite"],"aioseo_notices":[],"aioseo_head":"\n\t\t<!-- All in One SEO 5.0.0.1 - aioseo.com -->\n\t<meta name=\"description\" content=\"Le minist\u00e8re de l&#039;\u00c9ducation nationale a annonc\u00e9 ce dimanche la prolongation de la p\u00e9riode d&#039;inscription en premi\u00e8re ann\u00e9e du primaire pour l&#039;ann\u00e9e scolaire 2026-2027. Les parents dont les enfants sont n\u00e9s entre le 1er janvier et le 31 d\u00e9cembre 2020 et qui n&#039;ont pas finalis\u00e9 la d\u00e9marche dans les d\u00e9lais initiaux ont d\u00e9sormais jusqu&#039;au 13\" \/>\n\t<meta name=\"robots\" content=\"max-image-preview:large\" \/>\n\t<meta name=\"author\" content=\"admin\"\/>\n\t<link rel=\"canonical\" href=\"https:\/\/lasentinelle.dz\/index.php\/2026\/05\/31\/education-nationale-les-inscriptions-en-1re-annee-primaire-prolongees-jusquau-13-juin\/\" \/>\n\t<meta name=\"generator\" content=\"All in One SEO (AIOSEO) 5.0.0.1\" \/>\n\t\t<meta property=\"og:locale\" content=\"fr_FR\" \/>\n\t\t<meta property=\"og:site_name\" content=\"La Sentinelle - Quotidien national d&#039;information\" \/>\n\t\t<meta property=\"og:type\" content=\"article\" \/>\n\t\t<meta property=\"og:title\" content=\"\u00c9ducation nationale : les inscriptions en 1re ann\u00e9e primaire prolong\u00e9es jusqu\u2019au 13 juin - La Sentinelle\" \/>\n\t\t<meta property=\"og:description\" content=\"Le minist\u00e8re de l&#039;\u00c9ducation nationale a annonc\u00e9 ce dimanche la prolongation de la p\u00e9riode d&#039;inscription en premi\u00e8re ann\u00e9e du primaire pour l&#039;ann\u00e9e scolaire 2026-2027. Les parents dont les enfants sont n\u00e9s entre le 1er janvier et le 31 d\u00e9cembre 2020 et qui n&#039;ont pas finalis\u00e9 la d\u00e9marche dans les d\u00e9lais initiaux ont d\u00e9sormais jusqu&#039;au 13\" \/>\n\t\t<meta property=\"og:url\" content=\"https:\/\/lasentinelle.dz\/index.php\/2026\/05\/31\/education-nationale-les-inscriptions-en-1re-annee-primaire-prolongees-jusquau-13-juin\/\" \/>\n\t\t<meta property=\"og:image\" content=\"https:\/\/lasentinelle.dz\/wp-content\/uploads\/2021\/09\/cropped-la-sentinelle-earth-golden-anima-5.gif\" \/>\n\t\t<meta property=\"og:image:secure_url\" content=\"https:\/\/lasentinelle.dz\/wp-content\/uploads\/2021\/09\/cropped-la-sentinelle-earth-golden-anima-5.gif\" \/>\n\t\t<meta property=\"og:image:width\" content=\"450\" \/>\n\t\t<meta property=\"og:image:height\" content=\"213\" \/>\n\t\t<meta property=\"article:published_time\" content=\"2026-05-31T19:57:14+00:00\" \/>\n\t\t<meta property=\"article:modified_time\" content=\"2026-05-31T19:57:18+00:00\" \/>\n\t\t<meta property=\"article:publisher\" content=\"https:\/\/www.facebook.com\/azzedine.lasentinelle.1\" \/>\n\t\t<meta name=\"twitter:card\" content=\"summary_large_image\" \/>\n\t\t<meta name=\"twitter:title\" content=\"\u00c9ducation nationale : les inscriptions en 1re ann\u00e9e primaire prolong\u00e9es jusqu\u2019au 13 juin - La Sentinelle\" \/>\n\t\t<meta name=\"twitter:description\" content=\"Le minist\u00e8re de l&#039;\u00c9ducation nationale a annonc\u00e9 ce dimanche la prolongation de la p\u00e9riode d&#039;inscription en premi\u00e8re ann\u00e9e du primaire pour l&#039;ann\u00e9e scolaire 2026-2027. Les parents dont les enfants sont n\u00e9s entre le 1er janvier et le 31 d\u00e9cembre 2020 et qui n&#039;ont pas finalis\u00e9 la d\u00e9marche dans les d\u00e9lais initiaux ont d\u00e9sormais jusqu&#039;au 13\" \/>\n\t\t<meta name=\"twitter:image\" content=\"https:\/\/lasentinelle.dz\/wp-content\/uploads\/2021\/09\/cropped-la-sentinelle-earth-golden-anima-5.gif\" \/>\n\t\t<script type=\"application\/ld+json\" class=\"aioseo-schema\">\n\t\t\t{\"@context\":\"https:\\\/\\\/schema.org\",\"@graph\":[{\"@type\":\"BlogPosting\",\"@id\":\"https:\\\/\\\/lasentinelle.dz\\\/index.php\\\/2026\\\/05\\\/31\\\/education-nationale-les-inscriptions-en-1re-annee-primaire-prolongees-jusquau-13-juin\\\/#blogposting\",\"name\":\"\\u00c9ducation nationale : les inscriptions en 1re ann\\u00e9e primaire prolong\\u00e9es jusqu\\u2019au 13 juin - La Sentinelle\",\"headline\":\"\\u00c9ducation nationale : les inscriptions en 1re ann\\u00e9e primaire prolong\\u00e9es jusqu&rsquo;au 13 juin\",\"author\":{\"@id\":\"https:\\\/\\\/lasentinelle.dz\\\/author\\\/admin\\\/#author\"},\"publisher\":{\"@id\":\"https:\\\/\\\/lasentinelle.dz\\\/#organization\"},\"image\":{\"@type\":\"ImageObject\",\"url\":\"https:\\\/\\\/lasentinelle.dz\\\/wp-content\\\/uploads\\\/2022\\\/03\\\/education.png\",\"width\":1491,\"height\":900},\"datePublished\":\"2026-05-31T20:57:14+01:00\",\"dateModified\":\"2026-05-31T20:57:18+01:00\",\"inLanguage\":\"fr-FR\",\"mainEntityOfPage\":{\"@id\":\"https:\\\/\\\/lasentinelle.dz\\\/index.php\\\/2026\\\/05\\\/31\\\/education-nationale-les-inscriptions-en-1re-annee-primaire-prolongees-jusquau-13-juin\\\/#webpage\"},\"isPartOf\":{\"@id\":\"https:\\\/\\\/lasentinelle.dz\\\/index.php\\\/2026\\\/05\\\/31\\\/education-nationale-les-inscriptions-en-1re-annee-primaire-prolongees-jusquau-13-juin\\\/#webpage\"},\"articleSection\":\"Actualit\\u00e9\"},{\"@type\":\"BreadcrumbList\",\"@id\":\"https:\\\/\\\/lasentinelle.dz\\\/index.php\\\/2026\\\/05\\\/31\\\/education-nationale-les-inscriptions-en-1re-annee-primaire-prolongees-jusquau-13-juin\\\/#breadcrumblist\",\"itemListElement\":[{\"@type\":\"ListItem\",\"@id\":\"https:\\\/\\\/lasentinelle.dz#listItem\",\"position\":1,\"name\":\"Home\",\"item\":\"https:\\\/\\\/lasentinelle.dz\",\"nextItem\":{\"@type\":\"ListItem\",\"@id\":\"https:\\\/\\\/lasentinelle.dz\\\/index.php\\\/category\\\/actualite\\\/#listItem\",\"name\":\"Actualit\\u00e9\"}},{\"@type\":\"ListItem\",\"@id\":\"https:\\\/\\\/lasentinelle.dz\\\/index.php\\\/category\\\/actualite\\\/#listItem\",\"position\":2,\"name\":\"Actualit\\u00e9\",\"item\":\"https:\\\/\\\/lasentinelle.dz\\\/index.php\\\/category\\\/actualite\\\/\",\"nextItem\":{\"@type\":\"ListItem\",\"@id\":\"https:\\\/\\\/lasentinelle.dz\\\/index.php\\\/2026\\\/05\\\/31\\\/education-nationale-les-inscriptions-en-1re-annee-primaire-prolongees-jusquau-13-juin\\\/#listItem\",\"name\":\"\\u00c9ducation nationale : les inscriptions en 1re ann\\u00e9e primaire prolong\\u00e9es jusqu&rsquo;au 13 juin\"},\"previousItem\":{\"@type\":\"ListItem\",\"@id\":\"https:\\\/\\\/lasentinelle.dz#listItem\",\"name\":\"Home\"}},{\"@type\":\"ListItem\",\"@id\":\"https:\\\/\\\/lasentinelle.dz\\\/index.php\\\/2026\\\/05\\\/31\\\/education-nationale-les-inscriptions-en-1re-annee-primaire-prolongees-jusquau-13-juin\\\/#listItem\",\"position\":3,\"name\":\"\\u00c9ducation nationale : les inscriptions en 1re ann\\u00e9e primaire prolong\\u00e9es jusqu&rsquo;au 13 juin\",\"previousItem\":{\"@type\":\"ListItem\",\"@id\":\"https:\\\/\\\/lasentinelle.dz\\\/index.php\\\/category\\\/actualite\\\/#listItem\",\"name\":\"Actualit\\u00e9\"}}]},{\"@type\":\"Organization\",\"@id\":\"https:\\\/\\\/lasentinelle.dz\\\/#organization\",\"name\":\"La Sentinelle La Sentinelle\",\"description\":\"Quotidien national d'information\",\"url\":\"https:\\\/\\\/lasentinelle.dz\\\/\",\"logo\":{\"@type\":\"ImageObject\",\"url\":\"https:\\\/\\\/lasentinelle.dz\\\/wp-content\\\/uploads\\\/2021\\\/09\\\/cropped-la-sentinelle-earth-golden-anima-5.gif\",\"@id\":\"https:\\\/\\\/lasentinelle.dz\\\/index.php\\\/2026\\\/05\\\/31\\\/education-nationale-les-inscriptions-en-1re-annee-primaire-prolongees-jusquau-13-juin\\\/#organizationLogo\",\"width\":450,\"height\":213},\"image\":{\"@id\":\"https:\\\/\\\/lasentinelle.dz\\\/index.php\\\/2026\\\/05\\\/31\\\/education-nationale-les-inscriptions-en-1re-annee-primaire-prolongees-jusquau-13-juin\\\/#organizationLogo\"},\"sameAs\":[\"https:\\\/\\\/www.facebook.com\\\/azzedine.lasentinelle.1\"]},{\"@type\":\"Person\",\"@id\":\"https:\\\/\\\/lasentinelle.dz\\\/author\\\/admin\\\/#author\",\"url\":\"https:\\\/\\\/lasentinelle.dz\\\/author\\\/admin\\\/\",\"name\":\"admin\",\"image\":{\"@type\":\"ImageObject\",\"@id\":\"https:\\\/\\\/lasentinelle.dz\\\/index.php\\\/2026\\\/05\\\/31\\\/education-nationale-les-inscriptions-en-1re-annee-primaire-prolongees-jusquau-13-juin\\\/#authorImage\",\"url\":\"https:\\\/\\\/secure.gravatar.com\\\/avatar\\\/4c81fed838786e9b53f540bf46533e750f5d292099ae3b66cfc6fb1982e29df7?s=96&d=mm&r=g\",\"width\":96,\"height\":96,\"caption\":\"admin\"}},{\"@type\":\"WebPage\",\"@id\":\"https:\\\/\\\/lasentinelle.dz\\\/index.php\\\/2026\\\/05\\\/31\\\/education-nationale-les-inscriptions-en-1re-annee-primaire-prolongees-jusquau-13-juin\\\/#webpage\",\"url\":\"https:\\\/\\\/lasentinelle.dz\\\/index.php\\\/2026\\\/05\\\/31\\\/education-nationale-les-inscriptions-en-1re-annee-primaire-prolongees-jusquau-13-juin\\\/\",\"name\":\"\\u00c9ducation nationale : les inscriptions en 1re ann\\u00e9e primaire prolong\\u00e9es jusqu\\u2019au 13 juin - La Sentinelle\",\"description\":\"Le minist\\u00e8re de l'\\u00c9ducation nationale a annonc\\u00e9 ce dimanche la prolongation de la p\\u00e9riode d'inscription en premi\\u00e8re ann\\u00e9e du primaire pour l'ann\\u00e9e scolaire 2026-2027. Les parents dont les enfants sont n\\u00e9s entre le 1er janvier et le 31 d\\u00e9cembre 2020 et qui n'ont pas finalis\\u00e9 la d\\u00e9marche dans les d\\u00e9lais initiaux ont d\\u00e9sormais jusqu'au 13\",\"inLanguage\":\"fr-FR\",\"isPartOf\":{\"@id\":\"https:\\\/\\\/lasentinelle.dz\\\/#website\"},\"breadcrumb\":{\"@id\":\"https:\\\/\\\/lasentinelle.dz\\\/index.php\\\/2026\\\/05\\\/31\\\/education-nationale-les-inscriptions-en-1re-annee-primaire-prolongees-jusquau-13-juin\\\/#breadcrumblist\"},\"author\":{\"@id\":\"https:\\\/\\\/lasentinelle.dz\\\/author\\\/admin\\\/#author\"},\"creator\":{\"@id\":\"https:\\\/\\\/lasentinelle.dz\\\/author\\\/admin\\\/#author\"},\"image\":{\"@type\":\"ImageObject\",\"url\":\"https:\\\/\\\/lasentinelle.dz\\\/wp-content\\\/uploads\\\/2022\\\/03\\\/education.png\",\"@id\":\"https:\\\/\\\/lasentinelle.dz\\\/index.php\\\/2026\\\/05\\\/31\\\/education-nationale-les-inscriptions-en-1re-annee-primaire-prolongees-jusquau-13-juin\\\/#mainImage\",\"width\":1491,\"height\":900},\"primaryImageOfPage\":{\"@id\":\"https:\\\/\\\/lasentinelle.dz\\\/index.php\\\/2026\\\/05\\\/31\\\/education-nationale-les-inscriptions-en-1re-annee-primaire-prolongees-jusquau-13-juin\\\/#mainImage\"},\"datePublished\":\"2026-05-31T20:57:14+01:00\",\"dateModified\":\"2026-05-31T20:57:18+01:00\"},{\"@type\":\"WebSite\",\"@id\":\"https:\\\/\\\/lasentinelle.dz\\\/#website\",\"url\":\"https:\\\/\\\/lasentinelle.dz\\\/\",\"name\":\"La Sentinelle\",\"description\":\"Quotidien national d'information\",\"inLanguage\":\"fr-FR\",\"publisher\":{\"@id\":\"https:\\\/\\\/lasentinelle.dz\\\/#organization\"}}]}\n\t\t<\/script>\n\t\t<!-- All in One SEO -->\n\n","aioseo_head_json":{"title":"\u00c9ducation nationale : les inscriptions en 1re ann\u00e9e primaire prolong\u00e9es jusqu\u2019au 13 juin - La Sentinelle","description":"Le minist\u00e8re de l'\u00c9ducation nationale a annonc\u00e9 ce dimanche la prolongation de la p\u00e9riode d'inscription en premi\u00e8re ann\u00e9e du primaire pour l'ann\u00e9e scolaire 2026-2027. Les parents dont les enfants sont n\u00e9s entre le 1er janvier et le 31 d\u00e9cembre 2020 et qui n'ont pas finalis\u00e9 la d\u00e9marche dans les d\u00e9lais initiaux ont d\u00e9sormais jusqu'au 13","canonical_url":"https:\/\/lasentinelle.dz\/index.php\/2026\/05\/31\/education-nationale-les-inscriptions-en-1re-annee-primaire-prolongees-jusquau-13-juin\/","robots":"max-image-preview:large","keywords":"","webmasterTools":{"miscellaneous":""},"schema":{"@context":"https:\/\/schema.org","@graph":[{"@type":"BlogPosting","@id":"https:\/\/lasentinelle.dz\/index.php\/2026\/05\/31\/education-nationale-les-inscriptions-en-1re-annee-primaire-prolongees-jusquau-13-juin\/#blogposting","name":"\u00c9ducation nationale : les inscriptions en 1re ann\u00e9e primaire prolong\u00e9es jusqu\u2019au 13 juin - La Sentinelle","headline":"\u00c9ducation nationale : les inscriptions en 1re ann\u00e9e primaire prolong\u00e9es jusqu&rsquo;au 13 juin","author":{"@id":"https:\/\/lasentinelle.dz\/author\/admin\/#author"},"publisher":{"@id":"https:\/\/lasentinelle.dz\/#organization"},"image":{"@type":"ImageObject","url":"https:\/\/lasentinelle.dz\/wp-content\/uploads\/2022\/03\/education.png","width":1491,"height":900},"datePublished":"2026-05-31T20:57:14+01:00","dateModified":"2026-05-31T20:57:18+01:00","inLanguage":"fr-FR","mainEntityOfPage":{"@id":"https:\/\/lasentinelle.dz\/index.php\/2026\/05\/31\/education-nationale-les-inscriptions-en-1re-annee-primaire-prolongees-jusquau-13-juin\/#webpage"},"isPartOf":{"@id":"https:\/\/lasentinelle.dz\/index.php\/2026\/05\/31\/education-nationale-les-inscriptions-en-1re-annee-primaire-prolongees-jusquau-13-juin\/#webpage"},"articleSection":"Actualit\u00e9"},{"@type":"BreadcrumbList","@id":"https:\/\/lasentinelle.dz\/index.php\/2026\/05\/31\/education-nationale-les-inscriptions-en-1re-annee-primaire-prolongees-jusquau-13-juin\/#breadcrumblist","itemListElement":[{"@type":"ListItem","@id":"https:\/\/lasentinelle.dz#listItem","position":1,"name":"Home","item":"https:\/\/lasentinelle.dz","nextItem":{"@type":"ListItem","@id":"https:\/\/lasentinelle.dz\/index.php\/category\/actualite\/#listItem","name":"Actualit\u00e9"}},{"@type":"ListItem","@id":"https:\/\/lasentinelle.dz\/index.php\/category\/actualite\/#listItem","position":2,"name":"Actualit\u00e9","item":"https:\/\/lasentinelle.dz\/index.php\/category\/actualite\/","nextItem":{"@type":"ListItem","@id":"https:\/\/lasentinelle.dz\/index.php\/2026\/05\/31\/education-nationale-les-inscriptions-en-1re-annee-primaire-prolongees-jusquau-13-juin\/#listItem","name":"\u00c9ducation nationale : les inscriptions en 1re ann\u00e9e primaire prolong\u00e9es jusqu&rsquo;au 13 juin"},"previousItem":{"@type":"ListItem","@id":"https:\/\/lasentinelle.dz#listItem","name":"Home"}},{"@type":"ListItem","@id":"https:\/\/lasentinelle.dz\/index.php\/2026\/05\/31\/education-nationale-les-inscriptions-en-1re-annee-primaire-prolongees-jusquau-13-juin\/#listItem","position":3,"name":"\u00c9ducation nationale : les inscriptions en 1re ann\u00e9e primaire prolong\u00e9es jusqu&rsquo;au 13 juin","previousItem":{"@type":"ListItem","@id":"https:\/\/lasentinelle.dz\/index.php\/category\/actualite\/#listItem","name":"Actualit\u00e9"}}]},{"@type":"Organization","@id":"https:\/\/lasentinelle.dz\/#organization","name":"La Sentinelle La Sentinelle","description":"Quotidien national d'information","url":"https:\/\/lasentinelle.dz\/","logo":{"@type":"ImageObject","url":"https:\/\/lasentinelle.dz\/wp-content\/uploads\/2021\/09\/cropped-la-sentinelle-earth-golden-anima-5.gif","@id":"https:\/\/lasentinelle.dz\/index.php\/2026\/05\/31\/education-nationale-les-inscriptions-en-1re-annee-primaire-prolongees-jusquau-13-juin\/#organizationLogo","width":450,"height":213},"image":{"@id":"https:\/\/lasentinelle.dz\/index.php\/2026\/05\/31\/education-nationale-les-inscriptions-en-1re-annee-primaire-prolongees-jusquau-13-juin\/#organizationLogo"},"sameAs":["https:\/\/www.facebook.com\/azzedine.lasentinelle.1"]},{"@type":"Person","@id":"https:\/\/lasentinelle.dz\/author\/admin\/#author","url":"https:\/\/lasentinelle.dz\/author\/admin\/","name":"admin","image":{"@type":"ImageObject","@id":"https:\/\/lasentinelle.dz\/index.php\/2026\/05\/31\/education-nationale-les-inscriptions-en-1re-annee-primaire-prolongees-jusquau-13-juin\/#authorImage","url":"https:\/\/secure.gravatar.com\/avatar\/4c81fed838786e9b53f540bf46533e750f5d292099ae3b66cfc6fb1982e29df7?s=96&d=mm&r=g","width":96,"height":96,"caption":"admin"}},{"@type":"WebPage","@id":"https:\/\/lasentinelle.dz\/index.php\/2026\/05\/31\/education-nationale-les-inscriptions-en-1re-annee-primaire-prolongees-jusquau-13-juin\/#webpage","url":"https:\/\/lasentinelle.dz\/index.php\/2026\/05\/31\/education-nationale-les-inscriptions-en-1re-annee-primaire-prolongees-jusquau-13-juin\/","name":"\u00c9ducation nationale : les inscriptions en 1re ann\u00e9e primaire prolong\u00e9es jusqu\u2019au 13 juin - La Sentinelle","description":"Le minist\u00e8re de l'\u00c9ducation nationale a annonc\u00e9 ce dimanche la prolongation de la p\u00e9riode d'inscription en premi\u00e8re ann\u00e9e du primaire pour l'ann\u00e9e scolaire 2026-2027. Les parents dont les enfants sont n\u00e9s entre le 1er janvier et le 31 d\u00e9cembre 2020 et qui n'ont pas finalis\u00e9 la d\u00e9marche dans les d\u00e9lais initiaux ont d\u00e9sormais jusqu'au 13","inLanguage":"fr-FR","isPartOf":{"@id":"https:\/\/lasentinelle.dz\/#website"},"breadcrumb":{"@id":"https:\/\/lasentinelle.dz\/index.php\/2026\/05\/31\/education-nationale-les-inscriptions-en-1re-annee-primaire-prolongees-jusquau-13-juin\/#breadcrumblist"},"author":{"@id":"https:\/\/lasentinelle.dz\/author\/admin\/#author"},"creator":{"@id":"https:\/\/lasentinelle.dz\/author\/admin\/#author"},"image":{"@type":"ImageObject","url":"https:\/\/lasentinelle.dz\/wp-content\/uploads\/2022\/03\/education.png","@id":"https:\/\/lasentinelle.dz\/index.php\/2026\/05\/31\/education-nationale-les-inscriptions-en-1re-annee-primaire-prolongees-jusquau-13-juin\/#mainImage","width":1491,"height":900},"primaryImageOfPage":{"@id":"https:\/\/lasentinelle.dz\/index.php\/2026\/05\/31\/education-nationale-les-inscriptions-en-1re-annee-primaire-prolongees-jusquau-13-juin\/#mainImage"},"datePublished":"2026-05-31T20:57:14+01:00","dateModified":"2026-05-31T20:57:18+01:00"},{"@type":"WebSite","@id":"https:\/\/lasentinelle.dz\/#website","url":"https:\/\/lasentinelle.dz\/","name":"La Sentinelle","description":"Quotidien national d'information","inLanguage":"fr-FR","publisher":{"@id":"https:\/\/lasentinelle.dz\/#organization"}}]},"og:locale":"fr_FR","og:site_name":"La Sentinelle - Quotidien national d'information","og:type":"article","og:title":"\u00c9ducation nationale : les inscriptions en 1re ann\u00e9e primaire prolong\u00e9es jusqu\u2019au 13 juin - La Sentinelle","og:description":"Le minist\u00e8re de l'\u00c9ducation nationale a annonc\u00e9 ce dimanche la prolongation de la p\u00e9riode d'inscription en premi\u00e8re ann\u00e9e du primaire pour l'ann\u00e9e scolaire 2026-2027. Les parents dont les enfants sont n\u00e9s entre le 1er janvier et le 31 d\u00e9cembre 2020 et qui n'ont pas finalis\u00e9 la d\u00e9marche dans les d\u00e9lais initiaux ont d\u00e9sormais jusqu'au 13","og:url":"https:\/\/lasentinelle.dz\/index.php\/2026\/05\/31\/education-nationale-les-inscriptions-en-1re-annee-primaire-prolongees-jusquau-13-juin\/","og:image":"https:\/\/lasentinelle.dz\/wp-content\/uploads\/2021\/09\/cropped-la-sentinelle-earth-golden-anima-5.gif","og:image:secure_url":"https:\/\/lasentinelle.dz\/wp-content\/uploads\/2021\/09\/cropped-la-sentinelle-earth-golden-anima-5.gif","og:image:width":450,"og:image:height":213,"article:published_time":"2026-05-31T19:57:14+00:00","article:modified_time":"2026-05-31T19:57:18+00:00","article:publisher":"https:\/\/www.facebook.com\/azzedine.lasentinelle.1","twitter:card":"summary_large_image","twitter:title":"\u00c9ducation nationale : les inscriptions en 1re ann\u00e9e primaire prolong\u00e9es jusqu\u2019au 13 juin - La Sentinelle","twitter:description":"Le minist\u00e8re de l'\u00c9ducation nationale a annonc\u00e9 ce dimanche la prolongation de la p\u00e9riode d'inscription en premi\u00e8re ann\u00e9e du primaire pour l'ann\u00e9e scolaire 2026-2027. Les parents dont les enfants sont n\u00e9s entre le 1er janvier et le 31 d\u00e9cembre 2020 et qui n'ont pas finalis\u00e9 la d\u00e9marche dans les d\u00e9lais initiaux ont d\u00e9sormais jusqu'au 13","twitter:image":"https:\/\/lasentinelle.dz\/wp-content\/uploads\/2021\/09\/cropped-la-sentinelle-earth-golden-anima-5.gif"},"aioseo_meta_data":{"post_id":"88552","title":null,"description":null,"keywords":null,"keyphrases":{"focus":{"keyphrase":"","score":0,"analysis":{"keyphraseInTitle":{"score":0,"maxScore":9,"error":1}}},"additional":[]},"primary_term":null,"canonical_url":null,"og_title":null,"og_description":null,"og_object_type":"default","og_image_type":"default","og_image_url":null,"og_image_width":null,"og_image_height":null,"og_image_custom_url":null,"og_image_custom_fields":null,"og_video":"","og_custom_url":null,"og_article_section":null,"og_article_tags":null,"twitter_use_og":false,"twitter_card":"default","twitter_image_type":"default","twitter_image_url":null,"twitter_image_custom_url":null,"twitter_image_custom_fields":null,"twitter_title":null,"twitter_description":null,"schema":{"blockGraphs":[],"customGraphs":[],"default":{"data":{"Article":[],"Course":[],"Dataset":[],"FAQPage":[],"Movie":[],"Person":[],"Product":[],"ProductReview":[],"Car":[],"Recipe":[],"Service":[],"SoftwareApplication":[],"WebPage":[]},"graphName":"BlogPosting","isEnabled":true},"graphs":[]},"schema_type":"default","schema_type_options":null,"pillar_content":false,"robots_default":true,"robots_noindex":false,"robots_noarchive":false,"robots_nosnippet":false,"robots_nofollow":false,"robots_noimageindex":false,"robots_noodp":false,"robots_notranslate":false,"robots_max_snippet":"-1","robots_max_videopreview":"-1","robots_max_imagepreview":"large","priority":null,"frequency":"default","local_seo":null,"breadcrumb_settings":null,"limit_modified_date":false,"ai":{"faqs":[],"keyPoints":[],"schemas":[],"titles":[],"descriptions":[],"socialPosts":{"email":[],"linkedin":[],"twitter":[],"facebook":[],"instagram":[]}},"created":"2026-05-31 19:57:18","updated":"2026-05-31 20:42:02","focus_keyword":null,"additional_keywords":null,"truseo_locale":null,"seo_analyzer_scan_date":null},"aioseo_breadcrumb":"<div class=\"aioseo-breadcrumbs\"><span class=\"aioseo-breadcrumb\">\n\t\t\t<a href=\"https:\/\/lasentinelle.dz\" title=\"Home\">Home<\/a>\n\t\t<\/span><span class=\"aioseo-breadcrumb-separator\">&raquo;<\/span><span class=\"aioseo-breadcrumb\">\n\t\t\t<a href=\"https:\/\/lasentinelle.dz\/index.php\/category\/actualite\/\" title=\"Actualit\u00e9\">Actualit\u00e9<\/a>\n\t\t<\/span><span class=\"aioseo-breadcrumb-separator\">&raquo;<\/span><span class=\"aioseo-breadcrumb\">\n\t\t\t\u00c9ducation nationale : les inscriptions en 1re ann\u00e9e primaire prolong\u00e9es jusqu\u2019au 13 juin\n\t\t<\/span><\/div>","aioseo_breadcrumb_json":[{"label":"Home","link":"https:\/\/lasentinelle.dz"},{"label":"Actualit\u00e9","link":"https:\/\/lasentinelle.dz\/index.php\/category\/actualite\/"},{"label":"\u00c9ducation nationale : les inscriptions en 1re ann\u00e9e primaire prolong\u00e9es jusqu&rsquo;au 13 juin","link":"https:\/\/lasentinelle.dz\/index.php\/2026\/05\/31\/education-nationale-les-inscriptions-en-1re-annee-primaire-prolongees-jusquau-13-juin\/"}],"yoast_head":"<!-- This site is optimized with the Yoast SEO plugin v28.4 - https:\/\/yoast.com\/product\/yoast-seo-wordpress\/ -->\n<title>\u00c9ducation nationale : les inscriptions en 1re ann\u00e9e primaire prolong\u00e9es jusqu&rsquo;au 13 juin - La Sentinelle<\/title>\n<meta name=\"robots\" content=\"index, follow, max-snippet:-1, max-image-preview:large, max-video-preview:-1\" \/>\n<link rel=\"canonical\" href=\"https:\/\/lasentinelle.dz\/index.php\/2026\/05\/31\/education-nationale-les-inscriptions-en-1re-annee-primaire-prolongees-jusquau-13-juin\/\" \/>\n<meta property=\"og:locale\" content=\"fr_FR\" \/>\n<meta property=\"og:type\" content=\"article\" \/>\n<meta property=\"og:title\" content=\"\u00c9ducation nationale : les inscriptions en 1re ann\u00e9e primaire prolong\u00e9es jusqu&rsquo;au 13 juin - La Sentinelle\" \/>\n<meta property=\"og:description\" content=\"Le minist\u00e8re de l&rsquo;\u00c9ducation nationale a annonc\u00e9 ce dimanche la prolongation de la p\u00e9riode d&rsquo;inscription en premi\u00e8re ann\u00e9e du primaire\" \/>\n<meta property=\"og:url\" content=\"https:\/\/lasentinelle.dz\/index.php\/2026\/05\/31\/education-nationale-les-inscriptions-en-1re-annee-primaire-prolongees-jusquau-13-juin\/\" \/>\n<meta property=\"og:site_name\" content=\"La Sentinelle\" \/>\n<meta property=\"article:publisher\" content=\"https:\/\/www.facebook.com\/La-Sentinelle-104059864394773\" \/>\n<meta property=\"article:published_time\" content=\"2026-05-31T19:57:14+00:00\" \/>\n<meta property=\"article:modified_time\" content=\"2026-05-31T19:57:18+00:00\" \/>\n<meta property=\"og:image\" content=\"https:\/\/lasentinelle.dz\/wp-content\/uploads\/2022\/03\/education.png\" \/>\n\t<meta property=\"og:image:width\" content=\"1491\" \/>\n\t<meta property=\"og:image:height\" content=\"900\" \/>\n\t<meta property=\"og:image:type\" content=\"image\/png\" \/>\n<meta name=\"author\" content=\"admin\" \/>\n<meta name=\"twitter:card\" content=\"summary_large_image\" \/>\n<meta name=\"twitter:label1\" content=\"\u00c9crit par\" \/>\n\t<meta name=\"twitter:data1\" content=\"admin\" \/>\n\t<meta name=\"twitter:label2\" content=\"Dur\u00e9e de lecture estim\u00e9e\" \/>\n\t<meta name=\"twitter:data2\" content=\"1 minute\" \/>\n<script type=\"application\/ld+json\" class=\"yoast-schema-graph\">{\"@context\":\"https:\\\/\\\/schema.org\",\"@graph\":[{\"@type\":\"Article\",\"@id\":\"https:\\\/\\\/lasentinelle.dz\\\/index.php\\\/2026\\\/05\\\/31\\\/education-nationale-les-inscriptions-en-1re-annee-primaire-prolongees-jusquau-13-juin\\\/#article\",\"isPartOf\":{\"@id\":\"https:\\\/\\\/lasentinelle.dz\\\/index.php\\\/2026\\\/05\\\/31\\\/education-nationale-les-inscriptions-en-1re-annee-primaire-prolongees-jusquau-13-juin\\\/\"},\"author\":{\"name\":\"admin\",\"@id\":\"https:\\\/\\\/lasentinelle.dz\\\/#\\\/schema\\\/person\\\/729ee0024f24e0b8c5ec17232f8e8b41\"},\"headline\":\"\u00c9ducation nationale : les inscriptions en 1re ann\u00e9e primaire prolong\u00e9es jusqu&rsquo;au 13 juin\",\"datePublished\":\"2026-05-31T19:57:14+00:00\",\"dateModified\":\"2026-05-31T19:57:18+00:00\",\"mainEntityOfPage\":{\"@id\":\"https:\\\/\\\/lasentinelle.dz\\\/index.php\\\/2026\\\/05\\\/31\\\/education-nationale-les-inscriptions-en-1re-annee-primaire-prolongees-jusquau-13-juin\\\/\"},\"wordCount\":151,\"commentCount\":0,\"publisher\":{\"@id\":\"https:\\\/\\\/lasentinelle.dz\\\/#organization\"},\"image\":{\"@id\":\"https:\\\/\\\/lasentinelle.dz\\\/index.php\\\/2026\\\/05\\\/31\\\/education-nationale-les-inscriptions-en-1re-annee-primaire-prolongees-jusquau-13-juin\\\/#primaryimage\"},\"thumbnailUrl\":\"https:\\\/\\\/lasentinelle.dz\\\/wp-content\\\/uploads\\\/2022\\\/03\\\/education.png\",\"articleSection\":[\"Actualit\u00e9\"],\"inLanguage\":\"fr-FR\",\"potentialAction\":[{\"@type\":\"CommentAction\",\"name\":\"Comment\",\"target\":[\"https:\\\/\\\/lasentinelle.dz\\\/index.php\\\/2026\\\/05\\\/31\\\/education-nationale-les-inscriptions-en-1re-annee-primaire-prolongees-jusquau-13-juin\\\/#respond\"]}]},{\"@type\":\"WebPage\",\"@id\":\"https:\\\/\\\/lasentinelle.dz\\\/index.php\\\/2026\\\/05\\\/31\\\/education-nationale-les-inscriptions-en-1re-annee-primaire-prolongees-jusquau-13-juin\\\/\",\"url\":\"https:\\\/\\\/lasentinelle.dz\\\/index.php\\\/2026\\\/05\\\/31\\\/education-nationale-les-inscriptions-en-1re-annee-primaire-prolongees-jusquau-13-juin\\\/\",\"name\":\"\u00c9ducation nationale : les inscriptions en 1re ann\u00e9e primaire prolong\u00e9es jusqu&rsquo;au 13 juin - La Sentinelle\",\"isPartOf\":{\"@id\":\"https:\\\/\\\/lasentinelle.dz\\\/#website\"},\"primaryImageOfPage\":{\"@id\":\"https:\\\/\\\/lasentinelle.dz\\\/index.php\\\/2026\\\/05\\\/31\\\/education-nationale-les-inscriptions-en-1re-annee-primaire-prolongees-jusquau-13-juin\\\/#primaryimage\"},\"image\":{\"@id\":\"https:\\\/\\\/lasentinelle.dz\\\/index.php\\\/2026\\\/05\\\/31\\\/education-nationale-les-inscriptions-en-1re-annee-primaire-prolongees-jusquau-13-juin\\\/#primaryimage\"},\"thumbnailUrl\":\"https:\\\/\\\/lasentinelle.dz\\\/wp-content\\\/uploads\\\/2022\\\/03\\\/education.png\",\"datePublished\":\"2026-05-31T19:57:14+00:00\",\"dateModified\":\"2026-05-31T19:57:18+00:00\",\"breadcrumb\":{\"@id\":\"https:\\\/\\\/lasentinelle.dz\\\/index.php\\\/2026\\\/05\\\/31\\\/education-nationale-les-inscriptions-en-1re-annee-primaire-prolongees-jusquau-13-juin\\\/#breadcrumb\"},\"inLanguage\":\"fr-FR\",\"potentialAction\":[{\"@type\":\"ReadAction\",\"target\":[\"https:\\\/\\\/lasentinelle.dz\\\/index.php\\\/2026\\\/05\\\/31\\\/education-nationale-les-inscriptions-en-1re-annee-primaire-prolongees-jusquau-13-juin\\\/\"]}]},{\"@type\":\"ImageObject\",\"inLanguage\":\"fr-FR\",\"@id\":\"https:\\\/\\\/lasentinelle.dz\\\/index.php\\\/2026\\\/05\\\/31\\\/education-nationale-les-inscriptions-en-1re-annee-primaire-prolongees-jusquau-13-juin\\\/#primaryimage\",\"url\":\"https:\\\/\\\/lasentinelle.dz\\\/wp-content\\\/uploads\\\/2022\\\/03\\\/education.png\",\"contentUrl\":\"https:\\\/\\\/lasentinelle.dz\\\/wp-content\\\/uploads\\\/2022\\\/03\\\/education.png\",\"width\":1491,\"height\":900},{\"@type\":\"BreadcrumbList\",\"@id\":\"https:\\\/\\\/lasentinelle.dz\\\/index.php\\\/2026\\\/05\\\/31\\\/education-nationale-les-inscriptions-en-1re-annee-primaire-prolongees-jusquau-13-juin\\\/#breadcrumb\",\"itemListElement\":[{\"@type\":\"ListItem\",\"position\":1,\"name\":\"Accueil\",\"item\":\"https:\\\/\\\/lasentinelle.dz\\\/\"},{\"@type\":\"ListItem\",\"position\":2,\"name\":\"\u00c9ducation nationale : les inscriptions en 1re ann\u00e9e primaire prolong\u00e9es jusqu&rsquo;au 13 juin\"}]},{\"@type\":\"WebSite\",\"@id\":\"https:\\\/\\\/lasentinelle.dz\\\/#website\",\"url\":\"https:\\\/\\\/lasentinelle.dz\\\/\",\"name\":\"La Sentinelle\",\"description\":\"Quotidien national d&#039;information\",\"publisher\":{\"@id\":\"https:\\\/\\\/lasentinelle.dz\\\/#organization\"},\"potentialAction\":[{\"@type\":\"SearchAction\",\"target\":{\"@type\":\"EntryPoint\",\"urlTemplate\":\"https:\\\/\\\/lasentinelle.dz\\\/?s={search_term_string}\"},\"query-input\":{\"@type\":\"PropertyValueSpecification\",\"valueRequired\":true,\"valueName\":\"search_term_string\"}}],\"inLanguage\":\"fr-FR\"},{\"@type\":\"Organization\",\"@id\":\"https:\\\/\\\/lasentinelle.dz\\\/#organization\",\"name\":\"Quotidien La Sentinelle\",\"url\":\"https:\\\/\\\/lasentinelle.dz\\\/\",\"logo\":{\"@type\":\"ImageObject\",\"inLanguage\":\"fr-FR\",\"@id\":\"https:\\\/\\\/lasentinelle.dz\\\/#\\\/schema\\\/logo\\\/image\\\/\",\"url\":\"https:\\\/\\\/lasentinelle.dz\\\/wp-content\\\/uploads\\\/2021\\\/09\\\/logo-sentinelleSLOGAN-1.png\",\"contentUrl\":\"https:\\\/\\\/lasentinelle.dz\\\/wp-content\\\/uploads\\\/2021\\\/09\\\/logo-sentinelleSLOGAN-1.png\",\"width\":615,\"height\":142,\"caption\":\"Quotidien La Sentinelle\"},\"image\":{\"@id\":\"https:\\\/\\\/lasentinelle.dz\\\/#\\\/schema\\\/logo\\\/image\\\/\"},\"sameAs\":[\"https:\\\/\\\/www.facebook.com\\\/La-Sentinelle-104059864394773\"]},{\"@type\":\"Person\",\"@id\":\"https:\\\/\\\/lasentinelle.dz\\\/#\\\/schema\\\/person\\\/729ee0024f24e0b8c5ec17232f8e8b41\",\"name\":\"admin\",\"image\":{\"@type\":\"ImageObject\",\"inLanguage\":\"fr-FR\",\"@id\":\"https:\\\/\\\/secure.gravatar.com\\\/avatar\\\/4c81fed838786e9b53f540bf46533e750f5d292099ae3b66cfc6fb1982e29df7?s=96&d=mm&r=g\",\"url\":\"https:\\\/\\\/secure.gravatar.com\\\/avatar\\\/4c81fed838786e9b53f540bf46533e750f5d292099ae3b66cfc6fb1982e29df7?s=96&d=mm&r=g\",\"contentUrl\":\"https:\\\/\\\/secure.gravatar.com\\\/avatar\\\/4c81fed838786e9b53f540bf46533e750f5d292099ae3b66cfc6fb1982e29df7?s=96&d=mm&r=g\",\"caption\":\"admin\"},\"description\":\"admin\",\"url\":\"https:\\\/\\\/lasentinelle.dz\\\/author\\\/admin\\\/\"}]}<\/script>\n<!-- \/ Yoast SEO plugin. -->","yoast_head_json":{"title":"\u00c9ducation nationale : les inscriptions en 1re ann\u00e9e primaire prolong\u00e9es jusqu&rsquo;au 13 juin - La Sentinelle","robots":{"index":"index","follow":"follow","max-snippet":"max-snippet:-1","max-image-preview":"max-image-preview:large","max-video-preview":"max-video-preview:-1"},"canonical":"https:\/\/lasentinelle.dz\/index.php\/2026\/05\/31\/education-nationale-les-inscriptions-en-1re-annee-primaire-prolongees-jusquau-13-juin\/","og_locale":"fr_FR","og_type":"article","og_title":"\u00c9ducation nationale : les inscriptions en 1re ann\u00e9e primaire prolong\u00e9es jusqu&rsquo;au 13 juin - La Sentinelle","og_description":"Le minist\u00e8re de l&rsquo;\u00c9ducation nationale a annonc\u00e9 ce dimanche la prolongation de la p\u00e9riode d&rsquo;inscription en premi\u00e8re ann\u00e9e du primaire","og_url":"https:\/\/lasentinelle.dz\/index.php\/2026\/05\/31\/education-nationale-les-inscriptions-en-1re-annee-primaire-prolongees-jusquau-13-juin\/","og_site_name":"La Sentinelle","article_publisher":"https:\/\/www.facebook.com\/La-Sentinelle-104059864394773","article_published_time":"2026-05-31T19:57:14+00:00","article_modified_time":"2026-05-31T19:57:18+00:00","og_image":[{"width":1491,"height":900,"url":"https:\/\/lasentinelle.dz\/wp-content\/uploads\/2022\/03\/education.png","type":"image\/png"}],"author":"admin","twitter_card":"summary_large_image","twitter_misc":{"\u00c9crit par":"admin","Dur\u00e9e de lecture estim\u00e9e":"1 minute"},"schema":{"@context":"https:\/\/schema.org","@graph":[{"@type":"Article","@id":"https:\/\/lasentinelle.dz\/index.php\/2026\/05\/31\/education-nationale-les-inscriptions-en-1re-annee-primaire-prolongees-jusquau-13-juin\/#article","isPartOf":{"@id":"https:\/\/lasentinelle.dz\/index.php\/2026\/05\/31\/education-nationale-les-inscriptions-en-1re-annee-primaire-prolongees-jusquau-13-juin\/"},"author":{"name":"admin","@id":"https:\/\/lasentinelle.dz\/#\/schema\/person\/729ee0024f24e0b8c5ec17232f8e8b41"},"headline":"\u00c9ducation nationale : les inscriptions en 1re ann\u00e9e primaire prolong\u00e9es jusqu&rsquo;au 13 juin","datePublished":"2026-05-31T19:57:14+00:00","dateModified":"2026-05-31T19:57:18+00:00","mainEntityOfPage":{"@id":"https:\/\/lasentinelle.dz\/index.php\/2026\/05\/31\/education-nationale-les-inscriptions-en-1re-annee-primaire-prolongees-jusquau-13-juin\/"},"wordCount":151,"commentCount":0,"publisher":{"@id":"https:\/\/lasentinelle.dz\/#organization"},"image":{"@id":"https:\/\/lasentinelle.dz\/index.php\/2026\/05\/31\/education-nationale-les-inscriptions-en-1re-annee-primaire-prolongees-jusquau-13-juin\/#primaryimage"},"thumbnailUrl":"https:\/\/lasentinelle.dz\/wp-content\/uploads\/2022\/03\/education.png","articleSection":["Actualit\u00e9"],"inLanguage":"fr-FR","potentialAction":[{"@type":"CommentAction","name":"Comment","target":["https:\/\/lasentinelle.dz\/index.php\/2026\/05\/31\/education-nationale-les-inscriptions-en-1re-annee-primaire-prolongees-jusquau-13-juin\/#respond"]}]},{"@type":"WebPage","@id":"https:\/\/lasentinelle.dz\/index.php\/2026\/05\/31\/education-nationale-les-inscriptions-en-1re-annee-primaire-prolongees-jusquau-13-juin\/","url":"https:\/\/lasentinelle.dz\/index.php\/2026\/05\/31\/education-nationale-les-inscriptions-en-1re-annee-primaire-prolongees-jusquau-13-juin\/","name":"\u00c9ducation nationale : les inscriptions en 1re ann\u00e9e primaire prolong\u00e9es jusqu&rsquo;au 13 juin - La Sentinelle","isPartOf":{"@id":"https:\/\/lasentinelle.dz\/#website"},"primaryImageOfPage":{"@id":"https:\/\/lasentinelle.dz\/index.php\/2026\/05\/31\/education-nationale-les-inscriptions-en-1re-annee-primaire-prolongees-jusquau-13-juin\/#primaryimage"},"image":{"@id":"https:\/\/lasentinelle.dz\/index.php\/2026\/05\/31\/education-nationale-les-inscriptions-en-1re-annee-primaire-prolongees-jusquau-13-juin\/#primaryimage"},"thumbnailUrl":"https:\/\/lasentinelle.dz\/wp-content\/uploads\/2022\/03\/education.png","datePublished":"2026-05-31T19:57:14+00:00","dateModified":"2026-05-31T19:57:18+00:00","breadcrumb":{"@id":"https:\/\/lasentinelle.dz\/index.php\/2026\/05\/31\/education-nationale-les-inscriptions-en-1re-annee-primaire-prolongees-jusquau-13-juin\/#breadcrumb"},"inLanguage":"fr-FR","potentialAction":[{"@type":"ReadAction","target":["https:\/\/lasentinelle.dz\/index.php\/2026\/05\/31\/education-nationale-les-inscriptions-en-1re-annee-primaire-prolongees-jusquau-13-juin\/"]}]},{"@type":"ImageObject","inLanguage":"fr-FR","@id":"https:\/\/lasentinelle.dz\/index.php\/2026\/05\/31\/education-nationale-les-inscriptions-en-1re-annee-primaire-prolongees-jusquau-13-juin\/#primaryimage","url":"https:\/\/lasentinelle.dz\/wp-content\/uploads\/2022\/03\/education.png","contentUrl":"https:\/\/lasentinelle.dz\/wp-content\/uploads\/2022\/03\/education.png","width":1491,"height":900},{"@type":"BreadcrumbList","@id":"https:\/\/lasentinelle.dz\/index.php\/2026\/05\/31\/education-nationale-les-inscriptions-en-1re-annee-primaire-prolongees-jusquau-13-juin\/#breadcrumb","itemListElement":[{"@type":"ListItem","position":1,"name":"Accueil","item":"https:\/\/lasentinelle.dz\/"},{"@type":"ListItem","position":2,"name":"\u00c9ducation nationale : les inscriptions en 1re ann\u00e9e primaire prolong\u00e9es jusqu&rsquo;au 13 juin"}]},{"@type":"WebSite","@id":"https:\/\/lasentinelle.dz\/#website","url":"https:\/\/lasentinelle.dz\/","name":"La Sentinelle","description":"Quotidien national d&#039;information","publisher":{"@id":"https:\/\/lasentinelle.dz\/#organization"},"potentialAction":[{"@type":"SearchAction","target":{"@type":"EntryPoint","urlTemplate":"https:\/\/lasentinelle.dz\/?s={search_term_string}"},"query-input":{"@type":"PropertyValueSpecification","valueRequired":true,"valueName":"search_term_string"}}],"inLanguage":"fr-FR"},{"@type":"Organization","@id":"https:\/\/lasentinelle.dz\/#organization","name":"Quotidien La Sentinelle","url":"https:\/\/lasentinelle.dz\/","logo":{"@type":"ImageObject","inLanguage":"fr-FR","@id":"https:\/\/lasentinelle.dz\/#\/schema\/logo\/image\/","url":"https:\/\/lasentinelle.dz\/wp-content\/uploads\/2021\/09\/logo-sentinelleSLOGAN-1.png","contentUrl":"https:\/\/lasentinelle.dz\/wp-content\/uploads\/2021\/09\/logo-sentinelleSLOGAN-1.png","width":615,"height":142,"caption":"Quotidien La Sentinelle"},"image":{"@id":"https:\/\/lasentinelle.dz\/#\/schema\/logo\/image\/"},"sameAs":["https:\/\/www.facebook.com\/La-Sentinelle-104059864394773"]},{"@type":"Person","@id":"https:\/\/lasentinelle.dz\/#\/schema\/person\/729ee0024f24e0b8c5ec17232f8e8b41","name":"admin","image":{"@type":"ImageObject","inLanguage":"fr-FR","@id":"https:\/\/secure.gravatar.com\/avatar\/4c81fed838786e9b53f540bf46533e750f5d292099ae3b66cfc6fb1982e29df7?s=96&d=mm&r=g","url":"https:\/\/secure.gravatar.com\/avatar\/4c81fed838786e9b53f540bf46533e750f5d292099ae3b66cfc6fb1982e29df7?s=96&d=mm&r=g","contentUrl":"https:\/\/secure.gravatar.com\/avatar\/4c81fed838786e9b53f540bf46533e750f5d292099ae3b66cfc6fb1982e29df7?s=96&d=mm&r=g","caption":"admin"},"description":"admin","url":"https:\/\/lasentinelle.dz\/author\/admin\/"}]}},"_links":{"self":[{"href":"https:\/\/lasentinelle.dz\/index.php\/wp-json\/wp\/v2\/posts\/88552","targetHints":{"allow":["GET"]}}],"collection":[{"href":"https:\/\/lasentinelle.dz\/index.php\/wp-json\/wp\/v2\/posts"}],"about":[{"href":"https:\/\/lasentinelle.dz\/index.php\/wp-json\/wp\/v2\/types\/post"}],"author":[{"embeddable":true,"href":"https:\/\/lasentinelle.dz\/index.php\/wp-json\/wp\/v2\/users\/6"}],"replies":[{"embeddable":true,"href":"https:\/\/lasentinelle.dz\/index.php\/wp-json\/wp\/v2\/comments?post=88552"}],"version-history":[{"count":2,"href":"https:\/\/lasentinelle.dz\/index.php\/wp-json\/wp\/v2\/posts\/88552\/revisions"}],"predecessor-version":[{"id":88554,"href":"https:\/\/lasentinelle.dz\/index.php\/wp-json\/wp\/v2\/posts\/88552\/revisions\/88554"}],"wp:featuredmedia":[{"embeddable":true,"href":"https:\/\/lasentinelle.dz\/index.php\/wp-json\/wp\/v2\/media\/19196"}],"wp:attachment":[{"href":"https:\/\/lasentinelle.dz\/index.php\/wp-json\/wp\/v2\/media?parent=88552"}],"wp:term":[{"taxonomy":"category","embeddable":true,"href":"https:\/\/lasentinelle.dz\/index.php\/wp-json\/wp\/v2\/categories?post=88552"},{"taxonomy":"post_tag","embeddable":true,"href":"https:\/\/lasentinelle.dz\/index.php\/wp-json\/wp\/v2\/tags?post=88552"}],"curies":[{"name":"wp","href":"https:\/\/api.w.org\/{rel}","templated":true}]}}