{"id":88608,"date":"2026-05-31T21:32:46","date_gmt":"2026-05-31T20:32:46","guid":{"rendered":"https:\/\/lasentinelle.dz\/?p=88608"},"modified":"2026-05-31T21:32:48","modified_gmt":"2026-05-31T20:32:48","slug":"protection-de-lenfance-un-dispositif-qui-setend-des-angles-morts-qui-persistent","status":"publish","type":"post","link":"https:\/\/lasentinelle.dz\/index.php\/2026\/05\/31\/protection-de-lenfance-un-dispositif-qui-setend-des-angles-morts-qui-persistent\/","title":{"rendered":"Protection de l&rsquo;enfance\u00a0: Un dispositif qui s&rsquo;\u00e9tend, des angles morts qui persistent"},"content":{"rendered":"\n<p class=\"wp-block-paragraph\">La veille de la Journ\u00e9e internationale de l&rsquo;enfance, c\u00e9l\u00e9br\u00e9e chaque 1er juin, A\u00efda Mecheri, cheffe d&rsquo;\u00e9tudes \u00e0 la direction de l&rsquo;enfance de l&rsquo;Organe national de protection et de promotion de l&rsquo;enfance (ONPPE), \u00e9tait l&rsquo;invit\u00e9e de la Cha\u00eene 3 de la Radio alg\u00e9rienne. Ton mesur\u00e9, propos pr\u00e9cis. Elle ne cherche pas \u00e0 vendre un bilan. Elle pose un constat et un manque.<\/p>\n\n\n\n<p class=\"wp-block-paragraph\">Le manque, c&rsquo;est celui d&rsquo;un cadre f\u00e9d\u00e9rateur. Toutes les institutions concern\u00e9es \u2014 sant\u00e9, justice, \u00e9ducation, services sociaux \u2014 travaillent, mais pas toujours ensemble, pas toujours avec les m\u00eames outils ni le m\u00eame langage. \u00abAujourd&rsquo;hui, parler de tout \u00e7a dans un environnement cadre qui englobe tous les professionnels qui travaillent autour de la probl\u00e9matique de l&rsquo;enfant devient une n\u00e9cessit\u00e9\u00bb, a-t-elle dit. Elle ajoute, avec une formulation qui r\u00e9sume assez bien la philosophie qui devrait gouverner n&rsquo;importe quel syst\u00e8me de protection : \u00abUn arr\u00eat important pour qu&rsquo;on puisse tout simplement dire que chaque enfant ouvre droit \u00e0 la protection, \u00e0 l&rsquo;\u00e9ducation, \u00e0 la sant\u00e9, \u00e0 la participation, \u00e0 un environnement s\u00fbr qui lui permet de s&rsquo;\u00e9panouir le plus normalement possible, et ce, \u00e0 l&rsquo;instar de tous les enfants \u00e0 travers le monde.\u00bb Ce n&rsquo;est pas une d\u00e9claration de principe. C&rsquo;est un programme de travail.<\/p>\n\n\n\n<p class=\"wp-block-paragraph\">Cette ann\u00e9e, les festivit\u00e9s officielles se tiendront \u00e0 Tissemsilt, une wilaya de l&rsquo;int\u00e9rieur choisie d\u00e9lib\u00e9r\u00e9ment par l&rsquo;ONPPE. \u00abChanger de wilaya chaque ann\u00e9e nous permet de voir les sp\u00e9cificit\u00e9s de chaque r\u00e9gion du pays. \u00c7a nous permet \u00e9galement de travailler, de renforcer les liens, d&rsquo;actualiser les donn\u00e9es et les connaissances\u00bb, explique Mecheri. Derri\u00e8re l&rsquo;aspect festif, l&rsquo;enjeu est surtout op\u00e9rationnel : rencontrer les professionnels locaux, mesurer l&rsquo;\u00e9cart entre les ressources disponibles et les besoins r\u00e9els, repartir avec un \u00e9tat des lieux actualis\u00e9.<\/p>\n\n\n\n<p class=\"wp-block-paragraph\">Un des acquis concrets mis en avant dans l&rsquo;entretien est le num\u00e9ro vert 1111, ouvert aux signalements depuis 2018. Ce qui a chang\u00e9 depuis son lancement, c&rsquo;est son public. Les enfants l&rsquo;utilisent, certes \u2014 mais les adultes aussi, et pas toujours pour des cas d&rsquo;urgence au sens strict. Beaucoup d&rsquo;appels viennent de parents dans des situations de divorce, de s\u00e9paration, de disparition d&rsquo;un enfant, qui cherchent une information sur la garde ou la kafala. Ce glissement \u2014 d&rsquo;un outil de signalement vers quelque chose de plus proche d&rsquo;une ligne d&rsquo;orientation familiale \u2014 r\u00e9v\u00e8le un besoin que les institutions n&rsquo;avaient peut-\u00eatre pas anticip\u00e9.<\/p>\n\n\n\n<p class=\"wp-block-paragraph\">Sur le terrain scolaire, Mecheri mentionne une collaboration avec le minist\u00e8re de l&rsquo;\u00c9ducation nationale autour de la d\u00e9tection pr\u00e9coce des enfants consommateurs de drogues. Le cadre est celui du signalement protecteur, pas de la sanction. Un point \u00e0 noter, m\u00eame si l&rsquo;intervenante ne d\u00e9veloppe pas les modalit\u00e9s concr\u00e8tes de ce dispositif.<\/p>\n\n\n\n<p class=\"wp-block-paragraph\">Les deux derniers sujets abord\u00e9s sont les plus pr\u00e9occupants. Le cyberharc\u00e8lement d&rsquo;abord : l&rsquo;ONPPE a mis en place une cellule de veille cybern\u00e9tique, ce qui est une r\u00e9ponse institutionnelle \u00e0 un probl\u00e8me r\u00e9el, mais qui suppose des moyens humains et techniques que l&rsquo;entretien ne d\u00e9taille pas. Et puis l&rsquo;intelligence artificielle. Sur ce point, Mecheri est directe : des pr\u00e9dateurs utilisent des outils d&rsquo;IA pour modifier leur voix, leur apparence, leur identit\u00e9 num\u00e9rique, afin de tromper, harceler ou menacer des enfants. Elle insiste sur la n\u00e9cessit\u00e9 d&rsquo;alerter parents et enfants \u00e0 ces techniques. Ce n&rsquo;est pas une menace abstraite. Elle existe, elle \u00e9volue vite, et les dispositifs de protection peinent \u00e0 suivre le rythme.<\/p>\n\n\n\n<p class=\"wp-block-paragraph\">Au final, le syst\u00e8me alg\u00e9rien de protection de l&rsquo;enfance a pos\u00e9 des fondations \u2014 num\u00e9ro vert, organe d\u00e9di\u00e9, partenariats sectoriels \u2014 mais que la coh\u00e9rence entre les acteurs reste le chantier principal. B\u00e2tir un environnement-cadre, comme le formule Mecheri, c&rsquo;est l&rsquo;\u00e9tape d&rsquo;apr\u00e8s. Celle qui transforme des dispositifs parall\u00e8les en un filet r\u00e9ellement protecteur.<\/p>\n\n\n\n<p class=\"wp-block-paragraph\"><em>Lyna Larbi<\/em><\/p>\n","protected":false},"excerpt":{"rendered":"<p>La veille de la Journ\u00e9e internationale de l&rsquo;enfance, c\u00e9l\u00e9br\u00e9e chaque 1er juin, A\u00efda Mecheri, cheffe d&rsquo;\u00e9tudes \u00e0 la direction de<\/p>\n","protected":false},"author":6,"featured_media":76772,"comment_status":"open","ping_status":"closed","sticky":false,"template":"","format":"standard","meta":{"colormag_page_container_layout":"default_layout","colormag_page_sidebar_layout":"default_layout","om_disable_all_campaigns":false,"_monsterinsights_skip_tracking":false,"footnotes":"","_wpscppro_dont_share_socialmedia":false,"_wpscppro_custom_social_share_image":0,"_facebook_share_type":"default","_twitter_share_type":"default","_linkedin_share_type":"default","_pinterest_share_type":"default","_linkedin_share_type_page":"","_instagram_share_type":"default","_medium_share_type":"default","_threads_share_type":"default","_google_business_share_type":"default","_bluesky_share_type":"","_mastodon_share_type":"","_selected_social_profile":[],"_wpsp_enable_custom_social_template":false,"_wpsp_social_scheduling":{"enabled":false,"datetime":null,"platforms":[],"status":"template_only","dateOption":"today","timeOption":"now","customDays":"","customHours":"","customDate":"","customTime":"","schedulingType":"absolute"},"_wpsp_active_default_template":true},"categories":[27],"tags":[],"class_list":["post-88608","post","type-post","status-publish","format-standard","has-post-thumbnail","hentry","category-actualite"],"aioseo_notices":[],"aioseo_head":"\n\t\t<!-- All in One SEO 5.0.0.1 - aioseo.com -->\n\t<meta name=\"description\" content=\"La veille de la Journ\u00e9e internationale de l&#039;enfance, c\u00e9l\u00e9br\u00e9e chaque 1er juin, A\u00efda Mecheri, cheffe d&#039;\u00e9tudes \u00e0 la direction de l&#039;enfance de l&#039;Organe national de protection et de promotion de l&#039;enfance (ONPPE), \u00e9tait l&#039;invit\u00e9e de la Cha\u00eene 3 de la Radio alg\u00e9rienne. Ton mesur\u00e9, propos pr\u00e9cis. Elle ne cherche pas \u00e0 vendre un bilan. Elle\" \/>\n\t<meta name=\"robots\" content=\"max-image-preview:large\" \/>\n\t<meta name=\"author\" content=\"admin\"\/>\n\t<link rel=\"canonical\" href=\"https:\/\/lasentinelle.dz\/index.php\/2026\/05\/31\/protection-de-lenfance-un-dispositif-qui-setend-des-angles-morts-qui-persistent\/\" \/>\n\t<meta name=\"generator\" content=\"All in One SEO (AIOSEO) 5.0.0.1\" \/>\n\t\t<meta property=\"og:locale\" content=\"fr_FR\" \/>\n\t\t<meta property=\"og:site_name\" content=\"La Sentinelle - Quotidien national d&#039;information\" \/>\n\t\t<meta property=\"og:type\" content=\"article\" \/>\n\t\t<meta property=\"og:title\" content=\"Protection de l\u2019enfance : Un dispositif qui s\u2019\u00e9tend, des angles morts qui persistent - La Sentinelle\" \/>\n\t\t<meta property=\"og:description\" content=\"La veille de la Journ\u00e9e internationale de l&#039;enfance, c\u00e9l\u00e9br\u00e9e chaque 1er juin, A\u00efda Mecheri, cheffe d&#039;\u00e9tudes \u00e0 la direction de l&#039;enfance de l&#039;Organe national de protection et de promotion de l&#039;enfance (ONPPE), \u00e9tait l&#039;invit\u00e9e de la Cha\u00eene 3 de la Radio alg\u00e9rienne. Ton mesur\u00e9, propos pr\u00e9cis. Elle ne cherche pas \u00e0 vendre un bilan. Elle\" \/>\n\t\t<meta property=\"og:url\" content=\"https:\/\/lasentinelle.dz\/index.php\/2026\/05\/31\/protection-de-lenfance-un-dispositif-qui-setend-des-angles-morts-qui-persistent\/\" \/>\n\t\t<meta property=\"og:image\" content=\"https:\/\/lasentinelle.dz\/wp-content\/uploads\/2021\/09\/cropped-la-sentinelle-earth-golden-anima-5.gif\" \/>\n\t\t<meta property=\"og:image:secure_url\" content=\"https:\/\/lasentinelle.dz\/wp-content\/uploads\/2021\/09\/cropped-la-sentinelle-earth-golden-anima-5.gif\" \/>\n\t\t<meta property=\"og:image:width\" content=\"450\" \/>\n\t\t<meta property=\"og:image:height\" content=\"213\" \/>\n\t\t<meta property=\"article:published_time\" content=\"2026-05-31T20:32:46+00:00\" \/>\n\t\t<meta property=\"article:modified_time\" content=\"2026-05-31T20:32:48+00:00\" \/>\n\t\t<meta property=\"article:publisher\" content=\"https:\/\/www.facebook.com\/azzedine.lasentinelle.1\" \/>\n\t\t<meta name=\"twitter:card\" content=\"summary_large_image\" \/>\n\t\t<meta name=\"twitter:title\" content=\"Protection de l\u2019enfance : Un dispositif qui s\u2019\u00e9tend, des angles morts qui persistent - La Sentinelle\" \/>\n\t\t<meta name=\"twitter:description\" content=\"La veille de la Journ\u00e9e internationale de l&#039;enfance, c\u00e9l\u00e9br\u00e9e chaque 1er juin, A\u00efda Mecheri, cheffe d&#039;\u00e9tudes \u00e0 la direction de l&#039;enfance de l&#039;Organe national de protection et de promotion de l&#039;enfance (ONPPE), \u00e9tait l&#039;invit\u00e9e de la Cha\u00eene 3 de la Radio alg\u00e9rienne. Ton mesur\u00e9, propos pr\u00e9cis. Elle ne cherche pas \u00e0 vendre un bilan. Elle\" \/>\n\t\t<meta name=\"twitter:image\" content=\"https:\/\/lasentinelle.dz\/wp-content\/uploads\/2021\/09\/cropped-la-sentinelle-earth-golden-anima-5.gif\" \/>\n\t\t<script type=\"application\/ld+json\" class=\"aioseo-schema\">\n\t\t\t{\"@context\":\"https:\\\/\\\/schema.org\",\"@graph\":[{\"@type\":\"BlogPosting\",\"@id\":\"https:\\\/\\\/lasentinelle.dz\\\/index.php\\\/2026\\\/05\\\/31\\\/protection-de-lenfance-un-dispositif-qui-setend-des-angles-morts-qui-persistent\\\/#blogposting\",\"name\":\"Protection de l\\u2019enfance : Un dispositif qui s\\u2019\\u00e9tend, des angles morts qui persistent - La Sentinelle\",\"headline\":\"Protection de l&rsquo;enfance\\u00a0: Un dispositif qui s&rsquo;\\u00e9tend, des angles morts qui persistent\",\"author\":{\"@id\":\"https:\\\/\\\/lasentinelle.dz\\\/author\\\/admin\\\/#author\"},\"publisher\":{\"@id\":\"https:\\\/\\\/lasentinelle.dz\\\/#organization\"},\"image\":{\"@type\":\"ImageObject\",\"url\":\"https:\\\/\\\/lasentinelle.dz\\\/wp-content\\\/uploads\\\/2025\\\/11\\\/enfants-ecran.jpg\",\"width\":1200,\"height\":899},\"datePublished\":\"2026-05-31T21:32:46+01:00\",\"dateModified\":\"2026-05-31T21:32:48+01:00\",\"inLanguage\":\"fr-FR\",\"mainEntityOfPage\":{\"@id\":\"https:\\\/\\\/lasentinelle.dz\\\/index.php\\\/2026\\\/05\\\/31\\\/protection-de-lenfance-un-dispositif-qui-setend-des-angles-morts-qui-persistent\\\/#webpage\"},\"isPartOf\":{\"@id\":\"https:\\\/\\\/lasentinelle.dz\\\/index.php\\\/2026\\\/05\\\/31\\\/protection-de-lenfance-un-dispositif-qui-setend-des-angles-morts-qui-persistent\\\/#webpage\"},\"articleSection\":\"Actualit\\u00e9\"},{\"@type\":\"BreadcrumbList\",\"@id\":\"https:\\\/\\\/lasentinelle.dz\\\/index.php\\\/2026\\\/05\\\/31\\\/protection-de-lenfance-un-dispositif-qui-setend-des-angles-morts-qui-persistent\\\/#breadcrumblist\",\"itemListElement\":[{\"@type\":\"ListItem\",\"@id\":\"https:\\\/\\\/lasentinelle.dz#listItem\",\"position\":1,\"name\":\"Home\",\"item\":\"https:\\\/\\\/lasentinelle.dz\",\"nextItem\":{\"@type\":\"ListItem\",\"@id\":\"https:\\\/\\\/lasentinelle.dz\\\/index.php\\\/category\\\/actualite\\\/#listItem\",\"name\":\"Actualit\\u00e9\"}},{\"@type\":\"ListItem\",\"@id\":\"https:\\\/\\\/lasentinelle.dz\\\/index.php\\\/category\\\/actualite\\\/#listItem\",\"position\":2,\"name\":\"Actualit\\u00e9\",\"item\":\"https:\\\/\\\/lasentinelle.dz\\\/index.php\\\/category\\\/actualite\\\/\",\"nextItem\":{\"@type\":\"ListItem\",\"@id\":\"https:\\\/\\\/lasentinelle.dz\\\/index.php\\\/2026\\\/05\\\/31\\\/protection-de-lenfance-un-dispositif-qui-setend-des-angles-morts-qui-persistent\\\/#listItem\",\"name\":\"Protection de l&rsquo;enfance\\u00a0: Un dispositif qui s&rsquo;\\u00e9tend, des angles morts qui persistent\"},\"previousItem\":{\"@type\":\"ListItem\",\"@id\":\"https:\\\/\\\/lasentinelle.dz#listItem\",\"name\":\"Home\"}},{\"@type\":\"ListItem\",\"@id\":\"https:\\\/\\\/lasentinelle.dz\\\/index.php\\\/2026\\\/05\\\/31\\\/protection-de-lenfance-un-dispositif-qui-setend-des-angles-morts-qui-persistent\\\/#listItem\",\"position\":3,\"name\":\"Protection de l&rsquo;enfance\\u00a0: Un dispositif qui s&rsquo;\\u00e9tend, des angles morts qui persistent\",\"previousItem\":{\"@type\":\"ListItem\",\"@id\":\"https:\\\/\\\/lasentinelle.dz\\\/index.php\\\/category\\\/actualite\\\/#listItem\",\"name\":\"Actualit\\u00e9\"}}]},{\"@type\":\"Organization\",\"@id\":\"https:\\\/\\\/lasentinelle.dz\\\/#organization\",\"name\":\"La Sentinelle La Sentinelle\",\"description\":\"Quotidien national d'information\",\"url\":\"https:\\\/\\\/lasentinelle.dz\\\/\",\"logo\":{\"@type\":\"ImageObject\",\"url\":\"https:\\\/\\\/lasentinelle.dz\\\/wp-content\\\/uploads\\\/2021\\\/09\\\/cropped-la-sentinelle-earth-golden-anima-5.gif\",\"@id\":\"https:\\\/\\\/lasentinelle.dz\\\/index.php\\\/2026\\\/05\\\/31\\\/protection-de-lenfance-un-dispositif-qui-setend-des-angles-morts-qui-persistent\\\/#organizationLogo\",\"width\":450,\"height\":213},\"image\":{\"@id\":\"https:\\\/\\\/lasentinelle.dz\\\/index.php\\\/2026\\\/05\\\/31\\\/protection-de-lenfance-un-dispositif-qui-setend-des-angles-morts-qui-persistent\\\/#organizationLogo\"},\"sameAs\":[\"https:\\\/\\\/www.facebook.com\\\/azzedine.lasentinelle.1\"]},{\"@type\":\"Person\",\"@id\":\"https:\\\/\\\/lasentinelle.dz\\\/author\\\/admin\\\/#author\",\"url\":\"https:\\\/\\\/lasentinelle.dz\\\/author\\\/admin\\\/\",\"name\":\"admin\",\"image\":{\"@type\":\"ImageObject\",\"@id\":\"https:\\\/\\\/lasentinelle.dz\\\/index.php\\\/2026\\\/05\\\/31\\\/protection-de-lenfance-un-dispositif-qui-setend-des-angles-morts-qui-persistent\\\/#authorImage\",\"url\":\"https:\\\/\\\/secure.gravatar.com\\\/avatar\\\/4c81fed838786e9b53f540bf46533e750f5d292099ae3b66cfc6fb1982e29df7?s=96&d=mm&r=g\",\"width\":96,\"height\":96,\"caption\":\"admin\"}},{\"@type\":\"WebPage\",\"@id\":\"https:\\\/\\\/lasentinelle.dz\\\/index.php\\\/2026\\\/05\\\/31\\\/protection-de-lenfance-un-dispositif-qui-setend-des-angles-morts-qui-persistent\\\/#webpage\",\"url\":\"https:\\\/\\\/lasentinelle.dz\\\/index.php\\\/2026\\\/05\\\/31\\\/protection-de-lenfance-un-dispositif-qui-setend-des-angles-morts-qui-persistent\\\/\",\"name\":\"Protection de l\\u2019enfance : Un dispositif qui s\\u2019\\u00e9tend, des angles morts qui persistent - La Sentinelle\",\"description\":\"La veille de la Journ\\u00e9e internationale de l'enfance, c\\u00e9l\\u00e9br\\u00e9e chaque 1er juin, A\\u00efda Mecheri, cheffe d'\\u00e9tudes \\u00e0 la direction de l'enfance de l'Organe national de protection et de promotion de l'enfance (ONPPE), \\u00e9tait l'invit\\u00e9e de la Cha\\u00eene 3 de la Radio alg\\u00e9rienne. Ton mesur\\u00e9, propos pr\\u00e9cis. Elle ne cherche pas \\u00e0 vendre un bilan. Elle\",\"inLanguage\":\"fr-FR\",\"isPartOf\":{\"@id\":\"https:\\\/\\\/lasentinelle.dz\\\/#website\"},\"breadcrumb\":{\"@id\":\"https:\\\/\\\/lasentinelle.dz\\\/index.php\\\/2026\\\/05\\\/31\\\/protection-de-lenfance-un-dispositif-qui-setend-des-angles-morts-qui-persistent\\\/#breadcrumblist\"},\"author\":{\"@id\":\"https:\\\/\\\/lasentinelle.dz\\\/author\\\/admin\\\/#author\"},\"creator\":{\"@id\":\"https:\\\/\\\/lasentinelle.dz\\\/author\\\/admin\\\/#author\"},\"image\":{\"@type\":\"ImageObject\",\"url\":\"https:\\\/\\\/lasentinelle.dz\\\/wp-content\\\/uploads\\\/2025\\\/11\\\/enfants-ecran.jpg\",\"@id\":\"https:\\\/\\\/lasentinelle.dz\\\/index.php\\\/2026\\\/05\\\/31\\\/protection-de-lenfance-un-dispositif-qui-setend-des-angles-morts-qui-persistent\\\/#mainImage\",\"width\":1200,\"height\":899},\"primaryImageOfPage\":{\"@id\":\"https:\\\/\\\/lasentinelle.dz\\\/index.php\\\/2026\\\/05\\\/31\\\/protection-de-lenfance-un-dispositif-qui-setend-des-angles-morts-qui-persistent\\\/#mainImage\"},\"datePublished\":\"2026-05-31T21:32:46+01:00\",\"dateModified\":\"2026-05-31T21:32:48+01:00\"},{\"@type\":\"WebSite\",\"@id\":\"https:\\\/\\\/lasentinelle.dz\\\/#website\",\"url\":\"https:\\\/\\\/lasentinelle.dz\\\/\",\"name\":\"La Sentinelle\",\"description\":\"Quotidien national d'information\",\"inLanguage\":\"fr-FR\",\"publisher\":{\"@id\":\"https:\\\/\\\/lasentinelle.dz\\\/#organization\"}}]}\n\t\t<\/script>\n\t\t<!-- All in One SEO -->\n\n","aioseo_head_json":{"title":"Protection de l\u2019enfance : Un dispositif qui s\u2019\u00e9tend, des angles morts qui persistent - La Sentinelle","description":"La veille de la Journ\u00e9e internationale de l'enfance, c\u00e9l\u00e9br\u00e9e chaque 1er juin, A\u00efda Mecheri, cheffe d'\u00e9tudes \u00e0 la direction de l'enfance de l'Organe national de protection et de promotion de l'enfance (ONPPE), \u00e9tait l'invit\u00e9e de la Cha\u00eene 3 de la Radio alg\u00e9rienne. Ton mesur\u00e9, propos pr\u00e9cis. Elle ne cherche pas \u00e0 vendre un bilan. Elle","canonical_url":"https:\/\/lasentinelle.dz\/index.php\/2026\/05\/31\/protection-de-lenfance-un-dispositif-qui-setend-des-angles-morts-qui-persistent\/","robots":"max-image-preview:large","keywords":"","webmasterTools":{"miscellaneous":""},"schema":{"@context":"https:\/\/schema.org","@graph":[{"@type":"BlogPosting","@id":"https:\/\/lasentinelle.dz\/index.php\/2026\/05\/31\/protection-de-lenfance-un-dispositif-qui-setend-des-angles-morts-qui-persistent\/#blogposting","name":"Protection de l\u2019enfance : Un dispositif qui s\u2019\u00e9tend, des angles morts qui persistent - La Sentinelle","headline":"Protection de l&rsquo;enfance\u00a0: Un dispositif qui s&rsquo;\u00e9tend, des angles morts qui persistent","author":{"@id":"https:\/\/lasentinelle.dz\/author\/admin\/#author"},"publisher":{"@id":"https:\/\/lasentinelle.dz\/#organization"},"image":{"@type":"ImageObject","url":"https:\/\/lasentinelle.dz\/wp-content\/uploads\/2025\/11\/enfants-ecran.jpg","width":1200,"height":899},"datePublished":"2026-05-31T21:32:46+01:00","dateModified":"2026-05-31T21:32:48+01:00","inLanguage":"fr-FR","mainEntityOfPage":{"@id":"https:\/\/lasentinelle.dz\/index.php\/2026\/05\/31\/protection-de-lenfance-un-dispositif-qui-setend-des-angles-morts-qui-persistent\/#webpage"},"isPartOf":{"@id":"https:\/\/lasentinelle.dz\/index.php\/2026\/05\/31\/protection-de-lenfance-un-dispositif-qui-setend-des-angles-morts-qui-persistent\/#webpage"},"articleSection":"Actualit\u00e9"},{"@type":"BreadcrumbList","@id":"https:\/\/lasentinelle.dz\/index.php\/2026\/05\/31\/protection-de-lenfance-un-dispositif-qui-setend-des-angles-morts-qui-persistent\/#breadcrumblist","itemListElement":[{"@type":"ListItem","@id":"https:\/\/lasentinelle.dz#listItem","position":1,"name":"Home","item":"https:\/\/lasentinelle.dz","nextItem":{"@type":"ListItem","@id":"https:\/\/lasentinelle.dz\/index.php\/category\/actualite\/#listItem","name":"Actualit\u00e9"}},{"@type":"ListItem","@id":"https:\/\/lasentinelle.dz\/index.php\/category\/actualite\/#listItem","position":2,"name":"Actualit\u00e9","item":"https:\/\/lasentinelle.dz\/index.php\/category\/actualite\/","nextItem":{"@type":"ListItem","@id":"https:\/\/lasentinelle.dz\/index.php\/2026\/05\/31\/protection-de-lenfance-un-dispositif-qui-setend-des-angles-morts-qui-persistent\/#listItem","name":"Protection de l&rsquo;enfance\u00a0: Un dispositif qui s&rsquo;\u00e9tend, des angles morts qui persistent"},"previousItem":{"@type":"ListItem","@id":"https:\/\/lasentinelle.dz#listItem","name":"Home"}},{"@type":"ListItem","@id":"https:\/\/lasentinelle.dz\/index.php\/2026\/05\/31\/protection-de-lenfance-un-dispositif-qui-setend-des-angles-morts-qui-persistent\/#listItem","position":3,"name":"Protection de l&rsquo;enfance\u00a0: Un dispositif qui s&rsquo;\u00e9tend, des angles morts qui persistent","previousItem":{"@type":"ListItem","@id":"https:\/\/lasentinelle.dz\/index.php\/category\/actualite\/#listItem","name":"Actualit\u00e9"}}]},{"@type":"Organization","@id":"https:\/\/lasentinelle.dz\/#organization","name":"La Sentinelle La Sentinelle","description":"Quotidien national d'information","url":"https:\/\/lasentinelle.dz\/","logo":{"@type":"ImageObject","url":"https:\/\/lasentinelle.dz\/wp-content\/uploads\/2021\/09\/cropped-la-sentinelle-earth-golden-anima-5.gif","@id":"https:\/\/lasentinelle.dz\/index.php\/2026\/05\/31\/protection-de-lenfance-un-dispositif-qui-setend-des-angles-morts-qui-persistent\/#organizationLogo","width":450,"height":213},"image":{"@id":"https:\/\/lasentinelle.dz\/index.php\/2026\/05\/31\/protection-de-lenfance-un-dispositif-qui-setend-des-angles-morts-qui-persistent\/#organizationLogo"},"sameAs":["https:\/\/www.facebook.com\/azzedine.lasentinelle.1"]},{"@type":"Person","@id":"https:\/\/lasentinelle.dz\/author\/admin\/#author","url":"https:\/\/lasentinelle.dz\/author\/admin\/","name":"admin","image":{"@type":"ImageObject","@id":"https:\/\/lasentinelle.dz\/index.php\/2026\/05\/31\/protection-de-lenfance-un-dispositif-qui-setend-des-angles-morts-qui-persistent\/#authorImage","url":"https:\/\/secure.gravatar.com\/avatar\/4c81fed838786e9b53f540bf46533e750f5d292099ae3b66cfc6fb1982e29df7?s=96&d=mm&r=g","width":96,"height":96,"caption":"admin"}},{"@type":"WebPage","@id":"https:\/\/lasentinelle.dz\/index.php\/2026\/05\/31\/protection-de-lenfance-un-dispositif-qui-setend-des-angles-morts-qui-persistent\/#webpage","url":"https:\/\/lasentinelle.dz\/index.php\/2026\/05\/31\/protection-de-lenfance-un-dispositif-qui-setend-des-angles-morts-qui-persistent\/","name":"Protection de l\u2019enfance : Un dispositif qui s\u2019\u00e9tend, des angles morts qui persistent - La Sentinelle","description":"La veille de la Journ\u00e9e internationale de l'enfance, c\u00e9l\u00e9br\u00e9e chaque 1er juin, A\u00efda Mecheri, cheffe d'\u00e9tudes \u00e0 la direction de l'enfance de l'Organe national de protection et de promotion de l'enfance (ONPPE), \u00e9tait l'invit\u00e9e de la Cha\u00eene 3 de la Radio alg\u00e9rienne. Ton mesur\u00e9, propos pr\u00e9cis. Elle ne cherche pas \u00e0 vendre un bilan. Elle","inLanguage":"fr-FR","isPartOf":{"@id":"https:\/\/lasentinelle.dz\/#website"},"breadcrumb":{"@id":"https:\/\/lasentinelle.dz\/index.php\/2026\/05\/31\/protection-de-lenfance-un-dispositif-qui-setend-des-angles-morts-qui-persistent\/#breadcrumblist"},"author":{"@id":"https:\/\/lasentinelle.dz\/author\/admin\/#author"},"creator":{"@id":"https:\/\/lasentinelle.dz\/author\/admin\/#author"},"image":{"@type":"ImageObject","url":"https:\/\/lasentinelle.dz\/wp-content\/uploads\/2025\/11\/enfants-ecran.jpg","@id":"https:\/\/lasentinelle.dz\/index.php\/2026\/05\/31\/protection-de-lenfance-un-dispositif-qui-setend-des-angles-morts-qui-persistent\/#mainImage","width":1200,"height":899},"primaryImageOfPage":{"@id":"https:\/\/lasentinelle.dz\/index.php\/2026\/05\/31\/protection-de-lenfance-un-dispositif-qui-setend-des-angles-morts-qui-persistent\/#mainImage"},"datePublished":"2026-05-31T21:32:46+01:00","dateModified":"2026-05-31T21:32:48+01:00"},{"@type":"WebSite","@id":"https:\/\/lasentinelle.dz\/#website","url":"https:\/\/lasentinelle.dz\/","name":"La Sentinelle","description":"Quotidien national d'information","inLanguage":"fr-FR","publisher":{"@id":"https:\/\/lasentinelle.dz\/#organization"}}]},"og:locale":"fr_FR","og:site_name":"La Sentinelle - Quotidien national d'information","og:type":"article","og:title":"Protection de l\u2019enfance : Un dispositif qui s\u2019\u00e9tend, des angles morts qui persistent - La Sentinelle","og:description":"La veille de la Journ\u00e9e internationale de l'enfance, c\u00e9l\u00e9br\u00e9e chaque 1er juin, A\u00efda Mecheri, cheffe d'\u00e9tudes \u00e0 la direction de l'enfance de l'Organe national de protection et de promotion de l'enfance (ONPPE), \u00e9tait l'invit\u00e9e de la Cha\u00eene 3 de la Radio alg\u00e9rienne. Ton mesur\u00e9, propos pr\u00e9cis. Elle ne cherche pas \u00e0 vendre un bilan. Elle","og:url":"https:\/\/lasentinelle.dz\/index.php\/2026\/05\/31\/protection-de-lenfance-un-dispositif-qui-setend-des-angles-morts-qui-persistent\/","og:image":"https:\/\/lasentinelle.dz\/wp-content\/uploads\/2021\/09\/cropped-la-sentinelle-earth-golden-anima-5.gif","og:image:secure_url":"https:\/\/lasentinelle.dz\/wp-content\/uploads\/2021\/09\/cropped-la-sentinelle-earth-golden-anima-5.gif","og:image:width":450,"og:image:height":213,"article:published_time":"2026-05-31T20:32:46+00:00","article:modified_time":"2026-05-31T20:32:48+00:00","article:publisher":"https:\/\/www.facebook.com\/azzedine.lasentinelle.1","twitter:card":"summary_large_image","twitter:title":"Protection de l\u2019enfance : Un dispositif qui s\u2019\u00e9tend, des angles morts qui persistent - La Sentinelle","twitter:description":"La veille de la Journ\u00e9e internationale de l'enfance, c\u00e9l\u00e9br\u00e9e chaque 1er juin, A\u00efda Mecheri, cheffe d'\u00e9tudes \u00e0 la direction de l'enfance de l'Organe national de protection et de promotion de l'enfance (ONPPE), \u00e9tait l'invit\u00e9e de la Cha\u00eene 3 de la Radio alg\u00e9rienne. Ton mesur\u00e9, propos pr\u00e9cis. Elle ne cherche pas \u00e0 vendre un bilan. Elle","twitter:image":"https:\/\/lasentinelle.dz\/wp-content\/uploads\/2021\/09\/cropped-la-sentinelle-earth-golden-anima-5.gif"},"aioseo_meta_data":{"post_id":"88608","title":null,"description":null,"keywords":null,"keyphrases":{"focus":{"keyphrase":"","score":0,"analysis":{"keyphraseInTitle":{"score":0,"maxScore":9,"error":1}}},"additional":[]},"primary_term":null,"canonical_url":null,"og_title":null,"og_description":null,"og_object_type":"default","og_image_type":"default","og_image_url":null,"og_image_width":null,"og_image_height":null,"og_image_custom_url":null,"og_image_custom_fields":null,"og_video":"","og_custom_url":null,"og_article_section":null,"og_article_tags":null,"twitter_use_og":false,"twitter_card":"default","twitter_image_type":"default","twitter_image_url":null,"twitter_image_custom_url":null,"twitter_image_custom_fields":null,"twitter_title":null,"twitter_description":null,"schema":{"blockGraphs":[],"customGraphs":[],"default":{"data":{"Article":[],"Course":[],"Dataset":[],"FAQPage":[],"Movie":[],"Person":[],"Product":[],"ProductReview":[],"Car":[],"Recipe":[],"Service":[],"SoftwareApplication":[],"WebPage":[]},"graphName":"BlogPosting","isEnabled":true},"graphs":[]},"schema_type":"default","schema_type_options":null,"pillar_content":false,"robots_default":true,"robots_noindex":false,"robots_noarchive":false,"robots_nosnippet":false,"robots_nofollow":false,"robots_noimageindex":false,"robots_noodp":false,"robots_notranslate":false,"robots_max_snippet":"-1","robots_max_videopreview":"-1","robots_max_imagepreview":"large","priority":null,"frequency":"default","local_seo":null,"breadcrumb_settings":null,"limit_modified_date":false,"ai":{"faqs":[],"keyPoints":[],"schemas":[],"titles":[],"descriptions":[],"socialPosts":{"email":[],"linkedin":[],"twitter":[],"facebook":[],"instagram":[]}},"created":"2026-05-31 20:32:48","updated":"2026-05-31 20:44:15","focus_keyword":null,"additional_keywords":null,"truseo_locale":null,"seo_analyzer_scan_date":null},"aioseo_breadcrumb":"<div class=\"aioseo-breadcrumbs\"><span class=\"aioseo-breadcrumb\">\n\t\t\t<a href=\"https:\/\/lasentinelle.dz\" title=\"Home\">Home<\/a>\n\t\t<\/span><span class=\"aioseo-breadcrumb-separator\">&raquo;<\/span><span class=\"aioseo-breadcrumb\">\n\t\t\t<a href=\"https:\/\/lasentinelle.dz\/index.php\/category\/actualite\/\" title=\"Actualit\u00e9\">Actualit\u00e9<\/a>\n\t\t<\/span><span class=\"aioseo-breadcrumb-separator\">&raquo;<\/span><span class=\"aioseo-breadcrumb\">\n\t\t\tProtection de l\u2019enfance : Un dispositif qui s\u2019\u00e9tend, des angles morts qui persistent\n\t\t<\/span><\/div>","aioseo_breadcrumb_json":[{"label":"Home","link":"https:\/\/lasentinelle.dz"},{"label":"Actualit\u00e9","link":"https:\/\/lasentinelle.dz\/index.php\/category\/actualite\/"},{"label":"Protection de l&rsquo;enfance\u00a0: Un dispositif qui s&rsquo;\u00e9tend, des angles morts qui persistent","link":"https:\/\/lasentinelle.dz\/index.php\/2026\/05\/31\/protection-de-lenfance-un-dispositif-qui-setend-des-angles-morts-qui-persistent\/"}],"yoast_head":"<!-- This site is optimized with the Yoast SEO plugin v28.4 - https:\/\/yoast.com\/product\/yoast-seo-wordpress\/ -->\n<title>Protection de l&rsquo;enfance\u00a0: Un dispositif qui s&rsquo;\u00e9tend, des angles morts qui persistent - La Sentinelle<\/title>\n<meta name=\"robots\" content=\"index, follow, max-snippet:-1, max-image-preview:large, max-video-preview:-1\" \/>\n<link rel=\"canonical\" href=\"https:\/\/lasentinelle.dz\/index.php\/2026\/05\/31\/protection-de-lenfance-un-dispositif-qui-setend-des-angles-morts-qui-persistent\/\" \/>\n<meta property=\"og:locale\" content=\"fr_FR\" \/>\n<meta property=\"og:type\" content=\"article\" \/>\n<meta property=\"og:title\" content=\"Protection de l&rsquo;enfance\u00a0: Un dispositif qui s&rsquo;\u00e9tend, des angles morts qui persistent - La Sentinelle\" \/>\n<meta property=\"og:description\" content=\"La veille de la Journ\u00e9e internationale de l&rsquo;enfance, c\u00e9l\u00e9br\u00e9e chaque 1er juin, A\u00efda Mecheri, cheffe d&rsquo;\u00e9tudes \u00e0 la direction de\" \/>\n<meta property=\"og:url\" content=\"https:\/\/lasentinelle.dz\/index.php\/2026\/05\/31\/protection-de-lenfance-un-dispositif-qui-setend-des-angles-morts-qui-persistent\/\" \/>\n<meta property=\"og:site_name\" content=\"La Sentinelle\" \/>\n<meta property=\"article:publisher\" content=\"https:\/\/www.facebook.com\/La-Sentinelle-104059864394773\" \/>\n<meta property=\"article:published_time\" content=\"2026-05-31T20:32:46+00:00\" \/>\n<meta property=\"article:modified_time\" content=\"2026-05-31T20:32:48+00:00\" \/>\n<meta property=\"og:image\" content=\"https:\/\/lasentinelle.dz\/wp-content\/uploads\/2025\/11\/enfants-ecran.jpg\" \/>\n\t<meta property=\"og:image:width\" content=\"1200\" \/>\n\t<meta property=\"og:image:height\" content=\"899\" \/>\n\t<meta property=\"og:image:type\" content=\"image\/jpeg\" \/>\n<meta name=\"author\" content=\"admin\" \/>\n<meta name=\"twitter:card\" content=\"summary_large_image\" \/>\n<meta name=\"twitter:label1\" content=\"\u00c9crit par\" \/>\n\t<meta name=\"twitter:data1\" content=\"admin\" \/>\n\t<meta name=\"twitter:label2\" content=\"Dur\u00e9e de lecture estim\u00e9e\" \/>\n\t<meta name=\"twitter:data2\" content=\"4 minutes\" \/>\n<script type=\"application\/ld+json\" class=\"yoast-schema-graph\">{\"@context\":\"https:\\\/\\\/schema.org\",\"@graph\":[{\"@type\":\"Article\",\"@id\":\"https:\\\/\\\/lasentinelle.dz\\\/index.php\\\/2026\\\/05\\\/31\\\/protection-de-lenfance-un-dispositif-qui-setend-des-angles-morts-qui-persistent\\\/#article\",\"isPartOf\":{\"@id\":\"https:\\\/\\\/lasentinelle.dz\\\/index.php\\\/2026\\\/05\\\/31\\\/protection-de-lenfance-un-dispositif-qui-setend-des-angles-morts-qui-persistent\\\/\"},\"author\":{\"name\":\"admin\",\"@id\":\"https:\\\/\\\/lasentinelle.dz\\\/#\\\/schema\\\/person\\\/729ee0024f24e0b8c5ec17232f8e8b41\"},\"headline\":\"Protection de l&rsquo;enfance\u00a0: Un dispositif qui s&rsquo;\u00e9tend, des angles morts qui persistent\",\"datePublished\":\"2026-05-31T20:32:46+00:00\",\"dateModified\":\"2026-05-31T20:32:48+00:00\",\"mainEntityOfPage\":{\"@id\":\"https:\\\/\\\/lasentinelle.dz\\\/index.php\\\/2026\\\/05\\\/31\\\/protection-de-lenfance-un-dispositif-qui-setend-des-angles-morts-qui-persistent\\\/\"},\"wordCount\":705,\"commentCount\":0,\"publisher\":{\"@id\":\"https:\\\/\\\/lasentinelle.dz\\\/#organization\"},\"image\":{\"@id\":\"https:\\\/\\\/lasentinelle.dz\\\/index.php\\\/2026\\\/05\\\/31\\\/protection-de-lenfance-un-dispositif-qui-setend-des-angles-morts-qui-persistent\\\/#primaryimage\"},\"thumbnailUrl\":\"https:\\\/\\\/lasentinelle.dz\\\/wp-content\\\/uploads\\\/2025\\\/11\\\/enfants-ecran.jpg\",\"articleSection\":[\"Actualit\u00e9\"],\"inLanguage\":\"fr-FR\",\"potentialAction\":[{\"@type\":\"CommentAction\",\"name\":\"Comment\",\"target\":[\"https:\\\/\\\/lasentinelle.dz\\\/index.php\\\/2026\\\/05\\\/31\\\/protection-de-lenfance-un-dispositif-qui-setend-des-angles-morts-qui-persistent\\\/#respond\"]}]},{\"@type\":\"WebPage\",\"@id\":\"https:\\\/\\\/lasentinelle.dz\\\/index.php\\\/2026\\\/05\\\/31\\\/protection-de-lenfance-un-dispositif-qui-setend-des-angles-morts-qui-persistent\\\/\",\"url\":\"https:\\\/\\\/lasentinelle.dz\\\/index.php\\\/2026\\\/05\\\/31\\\/protection-de-lenfance-un-dispositif-qui-setend-des-angles-morts-qui-persistent\\\/\",\"name\":\"Protection de l&rsquo;enfance\u00a0: Un dispositif qui s&rsquo;\u00e9tend, des angles morts qui persistent - La Sentinelle\",\"isPartOf\":{\"@id\":\"https:\\\/\\\/lasentinelle.dz\\\/#website\"},\"primaryImageOfPage\":{\"@id\":\"https:\\\/\\\/lasentinelle.dz\\\/index.php\\\/2026\\\/05\\\/31\\\/protection-de-lenfance-un-dispositif-qui-setend-des-angles-morts-qui-persistent\\\/#primaryimage\"},\"image\":{\"@id\":\"https:\\\/\\\/lasentinelle.dz\\\/index.php\\\/2026\\\/05\\\/31\\\/protection-de-lenfance-un-dispositif-qui-setend-des-angles-morts-qui-persistent\\\/#primaryimage\"},\"thumbnailUrl\":\"https:\\\/\\\/lasentinelle.dz\\\/wp-content\\\/uploads\\\/2025\\\/11\\\/enfants-ecran.jpg\",\"datePublished\":\"2026-05-31T20:32:46+00:00\",\"dateModified\":\"2026-05-31T20:32:48+00:00\",\"breadcrumb\":{\"@id\":\"https:\\\/\\\/lasentinelle.dz\\\/index.php\\\/2026\\\/05\\\/31\\\/protection-de-lenfance-un-dispositif-qui-setend-des-angles-morts-qui-persistent\\\/#breadcrumb\"},\"inLanguage\":\"fr-FR\",\"potentialAction\":[{\"@type\":\"ReadAction\",\"target\":[\"https:\\\/\\\/lasentinelle.dz\\\/index.php\\\/2026\\\/05\\\/31\\\/protection-de-lenfance-un-dispositif-qui-setend-des-angles-morts-qui-persistent\\\/\"]}]},{\"@type\":\"ImageObject\",\"inLanguage\":\"fr-FR\",\"@id\":\"https:\\\/\\\/lasentinelle.dz\\\/index.php\\\/2026\\\/05\\\/31\\\/protection-de-lenfance-un-dispositif-qui-setend-des-angles-morts-qui-persistent\\\/#primaryimage\",\"url\":\"https:\\\/\\\/lasentinelle.dz\\\/wp-content\\\/uploads\\\/2025\\\/11\\\/enfants-ecran.jpg\",\"contentUrl\":\"https:\\\/\\\/lasentinelle.dz\\\/wp-content\\\/uploads\\\/2025\\\/11\\\/enfants-ecran.jpg\",\"width\":1200,\"height\":899},{\"@type\":\"BreadcrumbList\",\"@id\":\"https:\\\/\\\/lasentinelle.dz\\\/index.php\\\/2026\\\/05\\\/31\\\/protection-de-lenfance-un-dispositif-qui-setend-des-angles-morts-qui-persistent\\\/#breadcrumb\",\"itemListElement\":[{\"@type\":\"ListItem\",\"position\":1,\"name\":\"Accueil\",\"item\":\"https:\\\/\\\/lasentinelle.dz\\\/\"},{\"@type\":\"ListItem\",\"position\":2,\"name\":\"Protection de l&rsquo;enfance\u00a0: Un dispositif qui s&rsquo;\u00e9tend, des angles morts qui persistent\"}]},{\"@type\":\"WebSite\",\"@id\":\"https:\\\/\\\/lasentinelle.dz\\\/#website\",\"url\":\"https:\\\/\\\/lasentinelle.dz\\\/\",\"name\":\"La Sentinelle\",\"description\":\"Quotidien national d&#039;information\",\"publisher\":{\"@id\":\"https:\\\/\\\/lasentinelle.dz\\\/#organization\"},\"potentialAction\":[{\"@type\":\"SearchAction\",\"target\":{\"@type\":\"EntryPoint\",\"urlTemplate\":\"https:\\\/\\\/lasentinelle.dz\\\/?s={search_term_string}\"},\"query-input\":{\"@type\":\"PropertyValueSpecification\",\"valueRequired\":true,\"valueName\":\"search_term_string\"}}],\"inLanguage\":\"fr-FR\"},{\"@type\":\"Organization\",\"@id\":\"https:\\\/\\\/lasentinelle.dz\\\/#organization\",\"name\":\"Quotidien La Sentinelle\",\"url\":\"https:\\\/\\\/lasentinelle.dz\\\/\",\"logo\":{\"@type\":\"ImageObject\",\"inLanguage\":\"fr-FR\",\"@id\":\"https:\\\/\\\/lasentinelle.dz\\\/#\\\/schema\\\/logo\\\/image\\\/\",\"url\":\"https:\\\/\\\/lasentinelle.dz\\\/wp-content\\\/uploads\\\/2021\\\/09\\\/logo-sentinelleSLOGAN-1.png\",\"contentUrl\":\"https:\\\/\\\/lasentinelle.dz\\\/wp-content\\\/uploads\\\/2021\\\/09\\\/logo-sentinelleSLOGAN-1.png\",\"width\":615,\"height\":142,\"caption\":\"Quotidien La Sentinelle\"},\"image\":{\"@id\":\"https:\\\/\\\/lasentinelle.dz\\\/#\\\/schema\\\/logo\\\/image\\\/\"},\"sameAs\":[\"https:\\\/\\\/www.facebook.com\\\/La-Sentinelle-104059864394773\"]},{\"@type\":\"Person\",\"@id\":\"https:\\\/\\\/lasentinelle.dz\\\/#\\\/schema\\\/person\\\/729ee0024f24e0b8c5ec17232f8e8b41\",\"name\":\"admin\",\"image\":{\"@type\":\"ImageObject\",\"inLanguage\":\"fr-FR\",\"@id\":\"https:\\\/\\\/secure.gravatar.com\\\/avatar\\\/4c81fed838786e9b53f540bf46533e750f5d292099ae3b66cfc6fb1982e29df7?s=96&d=mm&r=g\",\"url\":\"https:\\\/\\\/secure.gravatar.com\\\/avatar\\\/4c81fed838786e9b53f540bf46533e750f5d292099ae3b66cfc6fb1982e29df7?s=96&d=mm&r=g\",\"contentUrl\":\"https:\\\/\\\/secure.gravatar.com\\\/avatar\\\/4c81fed838786e9b53f540bf46533e750f5d292099ae3b66cfc6fb1982e29df7?s=96&d=mm&r=g\",\"caption\":\"admin\"},\"description\":\"admin\",\"url\":\"https:\\\/\\\/lasentinelle.dz\\\/author\\\/admin\\\/\"}]}<\/script>\n<!-- \/ Yoast SEO plugin. -->","yoast_head_json":{"title":"Protection de l&rsquo;enfance\u00a0: Un dispositif qui s&rsquo;\u00e9tend, des angles morts qui persistent - La Sentinelle","robots":{"index":"index","follow":"follow","max-snippet":"max-snippet:-1","max-image-preview":"max-image-preview:large","max-video-preview":"max-video-preview:-1"},"canonical":"https:\/\/lasentinelle.dz\/index.php\/2026\/05\/31\/protection-de-lenfance-un-dispositif-qui-setend-des-angles-morts-qui-persistent\/","og_locale":"fr_FR","og_type":"article","og_title":"Protection de l&rsquo;enfance\u00a0: Un dispositif qui s&rsquo;\u00e9tend, des angles morts qui persistent - La Sentinelle","og_description":"La veille de la Journ\u00e9e internationale de l&rsquo;enfance, c\u00e9l\u00e9br\u00e9e chaque 1er juin, A\u00efda Mecheri, cheffe d&rsquo;\u00e9tudes \u00e0 la direction de","og_url":"https:\/\/lasentinelle.dz\/index.php\/2026\/05\/31\/protection-de-lenfance-un-dispositif-qui-setend-des-angles-morts-qui-persistent\/","og_site_name":"La Sentinelle","article_publisher":"https:\/\/www.facebook.com\/La-Sentinelle-104059864394773","article_published_time":"2026-05-31T20:32:46+00:00","article_modified_time":"2026-05-31T20:32:48+00:00","og_image":[{"width":1200,"height":899,"url":"https:\/\/lasentinelle.dz\/wp-content\/uploads\/2025\/11\/enfants-ecran.jpg","type":"image\/jpeg"}],"author":"admin","twitter_card":"summary_large_image","twitter_misc":{"\u00c9crit par":"admin","Dur\u00e9e de lecture estim\u00e9e":"4 minutes"},"schema":{"@context":"https:\/\/schema.org","@graph":[{"@type":"Article","@id":"https:\/\/lasentinelle.dz\/index.php\/2026\/05\/31\/protection-de-lenfance-un-dispositif-qui-setend-des-angles-morts-qui-persistent\/#article","isPartOf":{"@id":"https:\/\/lasentinelle.dz\/index.php\/2026\/05\/31\/protection-de-lenfance-un-dispositif-qui-setend-des-angles-morts-qui-persistent\/"},"author":{"name":"admin","@id":"https:\/\/lasentinelle.dz\/#\/schema\/person\/729ee0024f24e0b8c5ec17232f8e8b41"},"headline":"Protection de l&rsquo;enfance\u00a0: Un dispositif qui s&rsquo;\u00e9tend, des angles morts qui persistent","datePublished":"2026-05-31T20:32:46+00:00","dateModified":"2026-05-31T20:32:48+00:00","mainEntityOfPage":{"@id":"https:\/\/lasentinelle.dz\/index.php\/2026\/05\/31\/protection-de-lenfance-un-dispositif-qui-setend-des-angles-morts-qui-persistent\/"},"wordCount":705,"commentCount":0,"publisher":{"@id":"https:\/\/lasentinelle.dz\/#organization"},"image":{"@id":"https:\/\/lasentinelle.dz\/index.php\/2026\/05\/31\/protection-de-lenfance-un-dispositif-qui-setend-des-angles-morts-qui-persistent\/#primaryimage"},"thumbnailUrl":"https:\/\/lasentinelle.dz\/wp-content\/uploads\/2025\/11\/enfants-ecran.jpg","articleSection":["Actualit\u00e9"],"inLanguage":"fr-FR","potentialAction":[{"@type":"CommentAction","name":"Comment","target":["https:\/\/lasentinelle.dz\/index.php\/2026\/05\/31\/protection-de-lenfance-un-dispositif-qui-setend-des-angles-morts-qui-persistent\/#respond"]}]},{"@type":"WebPage","@id":"https:\/\/lasentinelle.dz\/index.php\/2026\/05\/31\/protection-de-lenfance-un-dispositif-qui-setend-des-angles-morts-qui-persistent\/","url":"https:\/\/lasentinelle.dz\/index.php\/2026\/05\/31\/protection-de-lenfance-un-dispositif-qui-setend-des-angles-morts-qui-persistent\/","name":"Protection de l&rsquo;enfance\u00a0: Un dispositif qui s&rsquo;\u00e9tend, des angles morts qui persistent - La Sentinelle","isPartOf":{"@id":"https:\/\/lasentinelle.dz\/#website"},"primaryImageOfPage":{"@id":"https:\/\/lasentinelle.dz\/index.php\/2026\/05\/31\/protection-de-lenfance-un-dispositif-qui-setend-des-angles-morts-qui-persistent\/#primaryimage"},"image":{"@id":"https:\/\/lasentinelle.dz\/index.php\/2026\/05\/31\/protection-de-lenfance-un-dispositif-qui-setend-des-angles-morts-qui-persistent\/#primaryimage"},"thumbnailUrl":"https:\/\/lasentinelle.dz\/wp-content\/uploads\/2025\/11\/enfants-ecran.jpg","datePublished":"2026-05-31T20:32:46+00:00","dateModified":"2026-05-31T20:32:48+00:00","breadcrumb":{"@id":"https:\/\/lasentinelle.dz\/index.php\/2026\/05\/31\/protection-de-lenfance-un-dispositif-qui-setend-des-angles-morts-qui-persistent\/#breadcrumb"},"inLanguage":"fr-FR","potentialAction":[{"@type":"ReadAction","target":["https:\/\/lasentinelle.dz\/index.php\/2026\/05\/31\/protection-de-lenfance-un-dispositif-qui-setend-des-angles-morts-qui-persistent\/"]}]},{"@type":"ImageObject","inLanguage":"fr-FR","@id":"https:\/\/lasentinelle.dz\/index.php\/2026\/05\/31\/protection-de-lenfance-un-dispositif-qui-setend-des-angles-morts-qui-persistent\/#primaryimage","url":"https:\/\/lasentinelle.dz\/wp-content\/uploads\/2025\/11\/enfants-ecran.jpg","contentUrl":"https:\/\/lasentinelle.dz\/wp-content\/uploads\/2025\/11\/enfants-ecran.jpg","width":1200,"height":899},{"@type":"BreadcrumbList","@id":"https:\/\/lasentinelle.dz\/index.php\/2026\/05\/31\/protection-de-lenfance-un-dispositif-qui-setend-des-angles-morts-qui-persistent\/#breadcrumb","itemListElement":[{"@type":"ListItem","position":1,"name":"Accueil","item":"https:\/\/lasentinelle.dz\/"},{"@type":"ListItem","position":2,"name":"Protection de l&rsquo;enfance\u00a0: Un dispositif qui s&rsquo;\u00e9tend, des angles morts qui persistent"}]},{"@type":"WebSite","@id":"https:\/\/lasentinelle.dz\/#website","url":"https:\/\/lasentinelle.dz\/","name":"La Sentinelle","description":"Quotidien national d&#039;information","publisher":{"@id":"https:\/\/lasentinelle.dz\/#organization"},"potentialAction":[{"@type":"SearchAction","target":{"@type":"EntryPoint","urlTemplate":"https:\/\/lasentinelle.dz\/?s={search_term_string}"},"query-input":{"@type":"PropertyValueSpecification","valueRequired":true,"valueName":"search_term_string"}}],"inLanguage":"fr-FR"},{"@type":"Organization","@id":"https:\/\/lasentinelle.dz\/#organization","name":"Quotidien La Sentinelle","url":"https:\/\/lasentinelle.dz\/","logo":{"@type":"ImageObject","inLanguage":"fr-FR","@id":"https:\/\/lasentinelle.dz\/#\/schema\/logo\/image\/","url":"https:\/\/lasentinelle.dz\/wp-content\/uploads\/2021\/09\/logo-sentinelleSLOGAN-1.png","contentUrl":"https:\/\/lasentinelle.dz\/wp-content\/uploads\/2021\/09\/logo-sentinelleSLOGAN-1.png","width":615,"height":142,"caption":"Quotidien La Sentinelle"},"image":{"@id":"https:\/\/lasentinelle.dz\/#\/schema\/logo\/image\/"},"sameAs":["https:\/\/www.facebook.com\/La-Sentinelle-104059864394773"]},{"@type":"Person","@id":"https:\/\/lasentinelle.dz\/#\/schema\/person\/729ee0024f24e0b8c5ec17232f8e8b41","name":"admin","image":{"@type":"ImageObject","inLanguage":"fr-FR","@id":"https:\/\/secure.gravatar.com\/avatar\/4c81fed838786e9b53f540bf46533e750f5d292099ae3b66cfc6fb1982e29df7?s=96&d=mm&r=g","url":"https:\/\/secure.gravatar.com\/avatar\/4c81fed838786e9b53f540bf46533e750f5d292099ae3b66cfc6fb1982e29df7?s=96&d=mm&r=g","contentUrl":"https:\/\/secure.gravatar.com\/avatar\/4c81fed838786e9b53f540bf46533e750f5d292099ae3b66cfc6fb1982e29df7?s=96&d=mm&r=g","caption":"admin"},"description":"admin","url":"https:\/\/lasentinelle.dz\/author\/admin\/"}]}},"_links":{"self":[{"href":"https:\/\/lasentinelle.dz\/index.php\/wp-json\/wp\/v2\/posts\/88608","targetHints":{"allow":["GET"]}}],"collection":[{"href":"https:\/\/lasentinelle.dz\/index.php\/wp-json\/wp\/v2\/posts"}],"about":[{"href":"https:\/\/lasentinelle.dz\/index.php\/wp-json\/wp\/v2\/types\/post"}],"author":[{"embeddable":true,"href":"https:\/\/lasentinelle.dz\/index.php\/wp-json\/wp\/v2\/users\/6"}],"replies":[{"embeddable":true,"href":"https:\/\/lasentinelle.dz\/index.php\/wp-json\/wp\/v2\/comments?post=88608"}],"version-history":[{"count":2,"href":"https:\/\/lasentinelle.dz\/index.php\/wp-json\/wp\/v2\/posts\/88608\/revisions"}],"predecessor-version":[{"id":88610,"href":"https:\/\/lasentinelle.dz\/index.php\/wp-json\/wp\/v2\/posts\/88608\/revisions\/88610"}],"wp:featuredmedia":[{"embeddable":true,"href":"https:\/\/lasentinelle.dz\/index.php\/wp-json\/wp\/v2\/media\/76772"}],"wp:attachment":[{"href":"https:\/\/lasentinelle.dz\/index.php\/wp-json\/wp\/v2\/media?parent=88608"}],"wp:term":[{"taxonomy":"category","embeddable":true,"href":"https:\/\/lasentinelle.dz\/index.php\/wp-json\/wp\/v2\/categories?post=88608"},{"taxonomy":"post_tag","embeddable":true,"href":"https:\/\/lasentinelle.dz\/index.php\/wp-json\/wp\/v2\/tags?post=88608"}],"curies":[{"name":"wp","href":"https:\/\/api.w.org\/{rel}","templated":true}]}}