{"id":8880,"date":"2021-09-23T00:01:00","date_gmt":"2021-09-22T23:01:00","guid":{"rendered":"https:\/\/lasentinelle.dz\/?p=8880"},"modified":"2021-09-22T18:42:14","modified_gmt":"2021-09-22T17:42:14","slug":"covid-19-les-activites-medicales-reprennent-apres-desinfection-des-services","status":"publish","type":"post","link":"https:\/\/lasentinelle.dz\/index.php\/2021\/09\/23\/covid-19-les-activites-medicales-reprennent-apres-desinfection-des-services\/","title":{"rendered":"Covid-19 : Les activit\u00e9s m\u00e9dicales reprennent apr\u00e8s d\u00e9sinfection des services"},"content":{"rendered":"\n<p>Les activit\u00e9s m\u00e9dicales dans les h\u00f4pitaux ont repris suite au recul des cas Covid-19 enregistr\u00e9s ces derni\u00e8res semaines et apr\u00e8s avoir men\u00e9 une large op\u00e9ration de d\u00e9sinfection et de st\u00e9rilisation, a fait savoir hier \u00e0 l\u2019APS le directeur g\u00e9n\u00e9ral des services sanitaires au minist\u00e8re, Pr. Lyes Rehal qui a rappel\u00e9 qu\u2019 en septembre 2020 et devant la hausse des contaminations \u00e0 la Covid-19 enregistr\u00e9es dans le pays, le minist\u00e8re de la Sant\u00e9 avait \u00e9mis une note invitant les \u00e9tablissements hospitaliers \u00e0 suspendre toutes les activit\u00e9s m\u00e9dicales. Tributaire du recul des contaminations, la d\u00e9cision de reprise doit \u00eatre prise en fonction des sp\u00e9cificit\u00e9s de chaque \u00e9tablissement, explique-t-on dans la m\u00eame note o\u00f9 il \u00e9tait pr\u00e9cis\u00e9 que le minist\u00e8re avait donn\u00e9 les&nbsp; \u00a0\u00bb instructions n\u00e9cessaires pour g\u00e9rer la crise en cas d&rsquo;augmentation ou de recul des contaminations, les comit\u00e9s locaux, les conseils scientifiques et les \u00e9tablissements hospitaliers devant g\u00e9rer la situation pand\u00e9mique en fonction des cas enregistr\u00e9s et de la sp\u00e9cificit\u00e9 de leurs activit\u00e9s\u00a0\u00bb.<\/p>\n\n\n\n<p>Pour sa part, le Pr. Rachid Belhadj, directeur des activit\u00e9s m\u00e9dicales et param\u00e9dicales dira que les comit\u00e9s scientifiques de l&rsquo;EHU Mustapha-Pacha ont d\u00e9cid\u00e9 de la reprise de toutes les activit\u00e9s m\u00e9dicales suspendues au niveau de cet \u00e9tablissement, et ce apr\u00e8s avoir constat\u00e9 une stabilisation des infections au coronavirus. Le m\u00eame responsable regrettera toutefois que malgr\u00e9 les orientations, certains patients atteints de maladies chroniques, de maladies auto-immunes et de scl\u00e9rose en plaques ont \u00e9t\u00e9 contraints de se tourner vers le secteur priv\u00e9 apr\u00e8s la reconversion des diff\u00e9rents services dans les h\u00f4pitaux en services covid. Mais, explique-t-il, m\u00eame si les personnels ont \u00e9t\u00e9 exclusivement mobilis\u00e9s pour la prise en charge des patients atteints de covid-19 au d\u00e9triment des autres activit\u00e9s m\u00e9dicales, l&rsquo;EHU a ouvert le service d&rsquo;orthop\u00e9die exceptionnellement durant l&rsquo;A\u00efd El-Adha pour prendre en charge les blessures r\u00e9sultant de l&rsquo;immolation du mouton.<\/p>\n\n\n\n<p>Regrettant que certains membres du personnel ne soient pas encore vaccin\u00e9s, Pr Belhadj a fait savoir que&nbsp; la campagne de vaccination a repris&nbsp; au niveau de trois services mais le taux de vaccination n\u2019est que de 20% seulement avec h\u00e9las le&nbsp; risque d&rsquo;entraver les activit\u00e9s de l&rsquo;\u00e9tablissement en cas de nouvelle vague qui pourrait les toucher. Aussi, apr\u00e8s l&rsquo;am\u00e9lioration de la situation \u00e9pid\u00e9miologique, les responsables de l&rsquo;\u00e9tablissement comptent reprendre progressivement toutes les activit\u00e9s. De son c\u00f4t\u00e9, l&rsquo;Etablissement public hospitalier (EPH) de Z\u00e9ralda a repris \u00ab\u00a0toutes les activit\u00e9s assur\u00e9es d&rsquo;ordinaire ont repris \u00e0 l&rsquo;instar de la m\u00e9decine interne, la chirurgie maxillo-faciale, selon son directeur g\u00e9n\u00e9ral M. Moussa Zeghdoudi qui a relev\u00e9 que les services de gyn\u00e9cologie obst\u00e9trique, de p\u00e9diatrie et de chirurgie g\u00e9n\u00e9rale \u00e9taient op\u00e9rationnels durant le pic des contaminations covid-19.<\/p>\n\n\n\n<p>Enfin, l&rsquo;EHU \u00ab\u00a0Nafissa Hamoud\u00a0\u00bb (ex Parnet), quant \u00e0 lui, avait repris ses activit\u00e9s et commenc\u00e9, depuis pr\u00e8s d&rsquo;une semaine, la r\u00e9ception des patients. \u00c0 titre d&rsquo;exemple, les services d&rsquo;ophtalmologie et de n\u00e9phrologie qui ont programm\u00e9 des patients n\u00e9cessitant une op\u00e9ration de greffe de la corn\u00e9e et d&rsquo;un rein, en sus des autres consultations m\u00e9dicales, a fait savoir sa directrice g\u00e9n\u00e9rale, Keltoum Zahi.<\/p>\n\n\n\n<p>Kamel&nbsp;Nait Amor<\/p>\n","protected":false},"excerpt":{"rendered":"<p>Les activit\u00e9s m\u00e9dicales dans les h\u00f4pitaux ont repris suite au recul des cas Covid-19 enregistr\u00e9s ces derni\u00e8res semaines et apr\u00e8s<\/p>\n","protected":false},"author":3,"featured_media":8887,"comment_status":"open","ping_status":"closed","sticky":false,"template":"","format":"standard","meta":{"colormag_page_container_layout":"default_layout","colormag_page_sidebar_layout":"default_layout","om_disable_all_campaigns":false,"_monsterinsights_skip_tracking":false,"_monsterinsights_sitenote_active":false,"_monsterinsights_sitenote_note":"","_monsterinsights_sitenote_category":0,"footnotes":"","_wpscppro_dont_share_socialmedia":false,"_wpscppro_custom_social_share_image":0,"_facebook_share_type":"","_twitter_share_type":"","_linkedin_share_type":"","_pinterest_share_type":"","_linkedin_share_type_page":"","_instagram_share_type":"","_medium_share_type":"","_threads_share_type":"","_google_business_share_type":"","_selected_social_profile":[],"_wpsp_enable_custom_social_template":false,"_wpsp_social_scheduling":{"enabled":false,"datetime":null,"platforms":[],"status":"template_only","dateOption":"today","timeOption":"now","customDays":"","customHours":"","customDate":"","customTime":"","schedulingType":"absolute"},"_wpsp_active_default_template":true},"categories":[27],"tags":[],"class_list":["post-8880","post","type-post","status-publish","format-standard","has-post-thumbnail","hentry","category-actualite"],"aioseo_notices":[],"yoast_head":"<!-- This site is optimized with the Yoast SEO plugin v27.5 - https:\/\/yoast.com\/product\/yoast-seo-wordpress\/ -->\n<title>Covid-19 : Les activit\u00e9s m\u00e9dicales reprennent apr\u00e8s d\u00e9sinfection des services - La Sentinelle<\/title>\n<meta name=\"robots\" content=\"index, follow, max-snippet:-1, max-image-preview:large, max-video-preview:-1\" \/>\n<link rel=\"canonical\" href=\"https:\/\/lasentinelle.dz\/index.php\/2021\/09\/23\/covid-19-les-activites-medicales-reprennent-apres-desinfection-des-services\/\" \/>\n<meta property=\"og:locale\" content=\"fr_FR\" \/>\n<meta property=\"og:type\" content=\"article\" \/>\n<meta property=\"og:title\" content=\"Covid-19 : Les activit\u00e9s m\u00e9dicales reprennent apr\u00e8s d\u00e9sinfection des services - La Sentinelle\" \/>\n<meta property=\"og:description\" content=\"Les activit\u00e9s m\u00e9dicales dans les h\u00f4pitaux ont repris suite au recul des cas Covid-19 enregistr\u00e9s ces derni\u00e8res semaines et apr\u00e8s\" \/>\n<meta property=\"og:url\" content=\"https:\/\/lasentinelle.dz\/index.php\/2021\/09\/23\/covid-19-les-activites-medicales-reprennent-apres-desinfection-des-services\/\" \/>\n<meta property=\"og:site_name\" content=\"La Sentinelle\" \/>\n<meta property=\"article:publisher\" content=\"https:\/\/www.facebook.com\/La-Sentinelle-104059864394773\" \/>\n<meta property=\"article:published_time\" content=\"2021-09-22T23:01:00+00:00\" \/>\n<meta property=\"og:image\" content=\"https:\/\/lasentinelle.dz\/wp-content\/uploads\/2021\/09\/image_2021-09-22_184207.png\" \/>\n\t<meta property=\"og:image:width\" content=\"580\" \/>\n\t<meta property=\"og:image:height\" content=\"387\" \/>\n\t<meta property=\"og:image:type\" content=\"image\/png\" \/>\n<meta name=\"author\" content=\"La Sentinelle\" \/>\n<meta name=\"twitter:card\" content=\"summary_large_image\" \/>\n<meta name=\"twitter:label1\" content=\"\u00c9crit par\" \/>\n\t<meta name=\"twitter:data1\" content=\"La Sentinelle\" \/>\n\t<meta name=\"twitter:label2\" content=\"Dur\u00e9e de lecture estim\u00e9e\" \/>\n\t<meta name=\"twitter:data2\" content=\"3 minutes\" \/>\n<script type=\"application\/ld+json\" class=\"yoast-schema-graph\">{\"@context\":\"https:\\\/\\\/schema.org\",\"@graph\":[{\"@type\":\"Article\",\"@id\":\"https:\\\/\\\/lasentinelle.dz\\\/index.php\\\/2021\\\/09\\\/23\\\/covid-19-les-activites-medicales-reprennent-apres-desinfection-des-services\\\/#article\",\"isPartOf\":{\"@id\":\"https:\\\/\\\/lasentinelle.dz\\\/index.php\\\/2021\\\/09\\\/23\\\/covid-19-les-activites-medicales-reprennent-apres-desinfection-des-services\\\/\"},\"author\":{\"name\":\"La Sentinelle\",\"@id\":\"https:\\\/\\\/lasentinelle.dz\\\/#\\\/schema\\\/person\\\/d865044e22e70a75174ce8bcad3acfb3\"},\"headline\":\"Covid-19 : Les activit\u00e9s m\u00e9dicales reprennent apr\u00e8s d\u00e9sinfection des services\",\"datePublished\":\"2021-09-22T23:01:00+00:00\",\"mainEntityOfPage\":{\"@id\":\"https:\\\/\\\/lasentinelle.dz\\\/index.php\\\/2021\\\/09\\\/23\\\/covid-19-les-activites-medicales-reprennent-apres-desinfection-des-services\\\/\"},\"wordCount\":607,\"commentCount\":0,\"publisher\":{\"@id\":\"https:\\\/\\\/lasentinelle.dz\\\/#organization\"},\"image\":{\"@id\":\"https:\\\/\\\/lasentinelle.dz\\\/index.php\\\/2021\\\/09\\\/23\\\/covid-19-les-activites-medicales-reprennent-apres-desinfection-des-services\\\/#primaryimage\"},\"thumbnailUrl\":\"https:\\\/\\\/lasentinelle.dz\\\/wp-content\\\/uploads\\\/2021\\\/09\\\/image_2021-09-22_184207.png\",\"articleSection\":[\"Actualit\u00e9\"],\"inLanguage\":\"fr-FR\",\"potentialAction\":[{\"@type\":\"CommentAction\",\"name\":\"Comment\",\"target\":[\"https:\\\/\\\/lasentinelle.dz\\\/index.php\\\/2021\\\/09\\\/23\\\/covid-19-les-activites-medicales-reprennent-apres-desinfection-des-services\\\/#respond\"]}]},{\"@type\":\"WebPage\",\"@id\":\"https:\\\/\\\/lasentinelle.dz\\\/index.php\\\/2021\\\/09\\\/23\\\/covid-19-les-activites-medicales-reprennent-apres-desinfection-des-services\\\/\",\"url\":\"https:\\\/\\\/lasentinelle.dz\\\/index.php\\\/2021\\\/09\\\/23\\\/covid-19-les-activites-medicales-reprennent-apres-desinfection-des-services\\\/\",\"name\":\"Covid-19 : Les activit\u00e9s m\u00e9dicales reprennent apr\u00e8s d\u00e9sinfection des services - La Sentinelle\",\"isPartOf\":{\"@id\":\"https:\\\/\\\/lasentinelle.dz\\\/#website\"},\"primaryImageOfPage\":{\"@id\":\"https:\\\/\\\/lasentinelle.dz\\\/index.php\\\/2021\\\/09\\\/23\\\/covid-19-les-activites-medicales-reprennent-apres-desinfection-des-services\\\/#primaryimage\"},\"image\":{\"@id\":\"https:\\\/\\\/lasentinelle.dz\\\/index.php\\\/2021\\\/09\\\/23\\\/covid-19-les-activites-medicales-reprennent-apres-desinfection-des-services\\\/#primaryimage\"},\"thumbnailUrl\":\"https:\\\/\\\/lasentinelle.dz\\\/wp-content\\\/uploads\\\/2021\\\/09\\\/image_2021-09-22_184207.png\",\"datePublished\":\"2021-09-22T23:01:00+00:00\",\"breadcrumb\":{\"@id\":\"https:\\\/\\\/lasentinelle.dz\\\/index.php\\\/2021\\\/09\\\/23\\\/covid-19-les-activites-medicales-reprennent-apres-desinfection-des-services\\\/#breadcrumb\"},\"inLanguage\":\"fr-FR\",\"potentialAction\":[{\"@type\":\"ReadAction\",\"target\":[\"https:\\\/\\\/lasentinelle.dz\\\/index.php\\\/2021\\\/09\\\/23\\\/covid-19-les-activites-medicales-reprennent-apres-desinfection-des-services\\\/\"]}]},{\"@type\":\"ImageObject\",\"inLanguage\":\"fr-FR\",\"@id\":\"https:\\\/\\\/lasentinelle.dz\\\/index.php\\\/2021\\\/09\\\/23\\\/covid-19-les-activites-medicales-reprennent-apres-desinfection-des-services\\\/#primaryimage\",\"url\":\"https:\\\/\\\/lasentinelle.dz\\\/wp-content\\\/uploads\\\/2021\\\/09\\\/image_2021-09-22_184207.png\",\"contentUrl\":\"https:\\\/\\\/lasentinelle.dz\\\/wp-content\\\/uploads\\\/2021\\\/09\\\/image_2021-09-22_184207.png\",\"width\":580,\"height\":387},{\"@type\":\"BreadcrumbList\",\"@id\":\"https:\\\/\\\/lasentinelle.dz\\\/index.php\\\/2021\\\/09\\\/23\\\/covid-19-les-activites-medicales-reprennent-apres-desinfection-des-services\\\/#breadcrumb\",\"itemListElement\":[{\"@type\":\"ListItem\",\"position\":1,\"name\":\"Accueil\",\"item\":\"https:\\\/\\\/lasentinelle.dz\\\/\"},{\"@type\":\"ListItem\",\"position\":2,\"name\":\"Covid-19 : Les activit\u00e9s m\u00e9dicales reprennent apr\u00e8s d\u00e9sinfection des services\"}]},{\"@type\":\"WebSite\",\"@id\":\"https:\\\/\\\/lasentinelle.dz\\\/#website\",\"url\":\"https:\\\/\\\/lasentinelle.dz\\\/\",\"name\":\"La Sentinelle\",\"description\":\"Quotidien national d&#039;information\",\"publisher\":{\"@id\":\"https:\\\/\\\/lasentinelle.dz\\\/#organization\"},\"potentialAction\":[{\"@type\":\"SearchAction\",\"target\":{\"@type\":\"EntryPoint\",\"urlTemplate\":\"https:\\\/\\\/lasentinelle.dz\\\/?s={search_term_string}\"},\"query-input\":{\"@type\":\"PropertyValueSpecification\",\"valueRequired\":true,\"valueName\":\"search_term_string\"}}],\"inLanguage\":\"fr-FR\"},{\"@type\":\"Organization\",\"@id\":\"https:\\\/\\\/lasentinelle.dz\\\/#organization\",\"name\":\"Quotidien La Sentinelle\",\"url\":\"https:\\\/\\\/lasentinelle.dz\\\/\",\"logo\":{\"@type\":\"ImageObject\",\"inLanguage\":\"fr-FR\",\"@id\":\"https:\\\/\\\/lasentinelle.dz\\\/#\\\/schema\\\/logo\\\/image\\\/\",\"url\":\"https:\\\/\\\/lasentinelle.dz\\\/wp-content\\\/uploads\\\/2021\\\/09\\\/logo-sentinelleSLOGAN-1.png\",\"contentUrl\":\"https:\\\/\\\/lasentinelle.dz\\\/wp-content\\\/uploads\\\/2021\\\/09\\\/logo-sentinelleSLOGAN-1.png\",\"width\":615,\"height\":142,\"caption\":\"Quotidien La Sentinelle\"},\"image\":{\"@id\":\"https:\\\/\\\/lasentinelle.dz\\\/#\\\/schema\\\/logo\\\/image\\\/\"},\"sameAs\":[\"https:\\\/\\\/www.facebook.com\\\/La-Sentinelle-104059864394773\"]},{\"@type\":\"Person\",\"@id\":\"https:\\\/\\\/lasentinelle.dz\\\/#\\\/schema\\\/person\\\/d865044e22e70a75174ce8bcad3acfb3\",\"name\":\"La Sentinelle\",\"image\":{\"@type\":\"ImageObject\",\"inLanguage\":\"fr-FR\",\"@id\":\"https:\\\/\\\/secure.gravatar.com\\\/avatar\\\/57de8e5d4b15d43fb361a71fbb36338450fe67865b528a43dd10ef7c51a20392?s=96&d=mm&r=g\",\"url\":\"https:\\\/\\\/secure.gravatar.com\\\/avatar\\\/57de8e5d4b15d43fb361a71fbb36338450fe67865b528a43dd10ef7c51a20392?s=96&d=mm&r=g\",\"contentUrl\":\"https:\\\/\\\/secure.gravatar.com\\\/avatar\\\/57de8e5d4b15d43fb361a71fbb36338450fe67865b528a43dd10ef7c51a20392?s=96&d=mm&r=g\",\"caption\":\"La Sentinelle\"},\"sameAs\":[\"http:\\\/\\\/www.lasentinelle.dz\"],\"url\":\"https:\\\/\\\/lasentinelle.dz\\\/author\\\/redaction\\\/\"}]}<\/script>\n<!-- \/ Yoast SEO plugin. -->","yoast_head_json":{"title":"Covid-19 : Les activit\u00e9s m\u00e9dicales reprennent apr\u00e8s d\u00e9sinfection des services - La Sentinelle","robots":{"index":"index","follow":"follow","max-snippet":"max-snippet:-1","max-image-preview":"max-image-preview:large","max-video-preview":"max-video-preview:-1"},"canonical":"https:\/\/lasentinelle.dz\/index.php\/2021\/09\/23\/covid-19-les-activites-medicales-reprennent-apres-desinfection-des-services\/","og_locale":"fr_FR","og_type":"article","og_title":"Covid-19 : Les activit\u00e9s m\u00e9dicales reprennent apr\u00e8s d\u00e9sinfection des services - La Sentinelle","og_description":"Les activit\u00e9s m\u00e9dicales dans les h\u00f4pitaux ont repris suite au recul des cas Covid-19 enregistr\u00e9s ces derni\u00e8res semaines et apr\u00e8s","og_url":"https:\/\/lasentinelle.dz\/index.php\/2021\/09\/23\/covid-19-les-activites-medicales-reprennent-apres-desinfection-des-services\/","og_site_name":"La Sentinelle","article_publisher":"https:\/\/www.facebook.com\/La-Sentinelle-104059864394773","article_published_time":"2021-09-22T23:01:00+00:00","og_image":[{"width":580,"height":387,"url":"https:\/\/lasentinelle.dz\/wp-content\/uploads\/2021\/09\/image_2021-09-22_184207.png","type":"image\/png"}],"author":"La Sentinelle","twitter_card":"summary_large_image","twitter_misc":{"\u00c9crit par":"La Sentinelle","Dur\u00e9e de lecture estim\u00e9e":"3 minutes"},"schema":{"@context":"https:\/\/schema.org","@graph":[{"@type":"Article","@id":"https:\/\/lasentinelle.dz\/index.php\/2021\/09\/23\/covid-19-les-activites-medicales-reprennent-apres-desinfection-des-services\/#article","isPartOf":{"@id":"https:\/\/lasentinelle.dz\/index.php\/2021\/09\/23\/covid-19-les-activites-medicales-reprennent-apres-desinfection-des-services\/"},"author":{"name":"La Sentinelle","@id":"https:\/\/lasentinelle.dz\/#\/schema\/person\/d865044e22e70a75174ce8bcad3acfb3"},"headline":"Covid-19 : Les activit\u00e9s m\u00e9dicales reprennent apr\u00e8s d\u00e9sinfection des services","datePublished":"2021-09-22T23:01:00+00:00","mainEntityOfPage":{"@id":"https:\/\/lasentinelle.dz\/index.php\/2021\/09\/23\/covid-19-les-activites-medicales-reprennent-apres-desinfection-des-services\/"},"wordCount":607,"commentCount":0,"publisher":{"@id":"https:\/\/lasentinelle.dz\/#organization"},"image":{"@id":"https:\/\/lasentinelle.dz\/index.php\/2021\/09\/23\/covid-19-les-activites-medicales-reprennent-apres-desinfection-des-services\/#primaryimage"},"thumbnailUrl":"https:\/\/lasentinelle.dz\/wp-content\/uploads\/2021\/09\/image_2021-09-22_184207.png","articleSection":["Actualit\u00e9"],"inLanguage":"fr-FR","potentialAction":[{"@type":"CommentAction","name":"Comment","target":["https:\/\/lasentinelle.dz\/index.php\/2021\/09\/23\/covid-19-les-activites-medicales-reprennent-apres-desinfection-des-services\/#respond"]}]},{"@type":"WebPage","@id":"https:\/\/lasentinelle.dz\/index.php\/2021\/09\/23\/covid-19-les-activites-medicales-reprennent-apres-desinfection-des-services\/","url":"https:\/\/lasentinelle.dz\/index.php\/2021\/09\/23\/covid-19-les-activites-medicales-reprennent-apres-desinfection-des-services\/","name":"Covid-19 : Les activit\u00e9s m\u00e9dicales reprennent apr\u00e8s d\u00e9sinfection des services - La Sentinelle","isPartOf":{"@id":"https:\/\/lasentinelle.dz\/#website"},"primaryImageOfPage":{"@id":"https:\/\/lasentinelle.dz\/index.php\/2021\/09\/23\/covid-19-les-activites-medicales-reprennent-apres-desinfection-des-services\/#primaryimage"},"image":{"@id":"https:\/\/lasentinelle.dz\/index.php\/2021\/09\/23\/covid-19-les-activites-medicales-reprennent-apres-desinfection-des-services\/#primaryimage"},"thumbnailUrl":"https:\/\/lasentinelle.dz\/wp-content\/uploads\/2021\/09\/image_2021-09-22_184207.png","datePublished":"2021-09-22T23:01:00+00:00","breadcrumb":{"@id":"https:\/\/lasentinelle.dz\/index.php\/2021\/09\/23\/covid-19-les-activites-medicales-reprennent-apres-desinfection-des-services\/#breadcrumb"},"inLanguage":"fr-FR","potentialAction":[{"@type":"ReadAction","target":["https:\/\/lasentinelle.dz\/index.php\/2021\/09\/23\/covid-19-les-activites-medicales-reprennent-apres-desinfection-des-services\/"]}]},{"@type":"ImageObject","inLanguage":"fr-FR","@id":"https:\/\/lasentinelle.dz\/index.php\/2021\/09\/23\/covid-19-les-activites-medicales-reprennent-apres-desinfection-des-services\/#primaryimage","url":"https:\/\/lasentinelle.dz\/wp-content\/uploads\/2021\/09\/image_2021-09-22_184207.png","contentUrl":"https:\/\/lasentinelle.dz\/wp-content\/uploads\/2021\/09\/image_2021-09-22_184207.png","width":580,"height":387},{"@type":"BreadcrumbList","@id":"https:\/\/lasentinelle.dz\/index.php\/2021\/09\/23\/covid-19-les-activites-medicales-reprennent-apres-desinfection-des-services\/#breadcrumb","itemListElement":[{"@type":"ListItem","position":1,"name":"Accueil","item":"https:\/\/lasentinelle.dz\/"},{"@type":"ListItem","position":2,"name":"Covid-19 : Les activit\u00e9s m\u00e9dicales reprennent apr\u00e8s d\u00e9sinfection des services"}]},{"@type":"WebSite","@id":"https:\/\/lasentinelle.dz\/#website","url":"https:\/\/lasentinelle.dz\/","name":"La Sentinelle","description":"Quotidien national d&#039;information","publisher":{"@id":"https:\/\/lasentinelle.dz\/#organization"},"potentialAction":[{"@type":"SearchAction","target":{"@type":"EntryPoint","urlTemplate":"https:\/\/lasentinelle.dz\/?s={search_term_string}"},"query-input":{"@type":"PropertyValueSpecification","valueRequired":true,"valueName":"search_term_string"}}],"inLanguage":"fr-FR"},{"@type":"Organization","@id":"https:\/\/lasentinelle.dz\/#organization","name":"Quotidien La Sentinelle","url":"https:\/\/lasentinelle.dz\/","logo":{"@type":"ImageObject","inLanguage":"fr-FR","@id":"https:\/\/lasentinelle.dz\/#\/schema\/logo\/image\/","url":"https:\/\/lasentinelle.dz\/wp-content\/uploads\/2021\/09\/logo-sentinelleSLOGAN-1.png","contentUrl":"https:\/\/lasentinelle.dz\/wp-content\/uploads\/2021\/09\/logo-sentinelleSLOGAN-1.png","width":615,"height":142,"caption":"Quotidien La Sentinelle"},"image":{"@id":"https:\/\/lasentinelle.dz\/#\/schema\/logo\/image\/"},"sameAs":["https:\/\/www.facebook.com\/La-Sentinelle-104059864394773"]},{"@type":"Person","@id":"https:\/\/lasentinelle.dz\/#\/schema\/person\/d865044e22e70a75174ce8bcad3acfb3","name":"La Sentinelle","image":{"@type":"ImageObject","inLanguage":"fr-FR","@id":"https:\/\/secure.gravatar.com\/avatar\/57de8e5d4b15d43fb361a71fbb36338450fe67865b528a43dd10ef7c51a20392?s=96&d=mm&r=g","url":"https:\/\/secure.gravatar.com\/avatar\/57de8e5d4b15d43fb361a71fbb36338450fe67865b528a43dd10ef7c51a20392?s=96&d=mm&r=g","contentUrl":"https:\/\/secure.gravatar.com\/avatar\/57de8e5d4b15d43fb361a71fbb36338450fe67865b528a43dd10ef7c51a20392?s=96&d=mm&r=g","caption":"La Sentinelle"},"sameAs":["http:\/\/www.lasentinelle.dz"],"url":"https:\/\/lasentinelle.dz\/author\/redaction\/"}]}},"_links":{"self":[{"href":"https:\/\/lasentinelle.dz\/index.php\/wp-json\/wp\/v2\/posts\/8880","targetHints":{"allow":["GET"]}}],"collection":[{"href":"https:\/\/lasentinelle.dz\/index.php\/wp-json\/wp\/v2\/posts"}],"about":[{"href":"https:\/\/lasentinelle.dz\/index.php\/wp-json\/wp\/v2\/types\/post"}],"author":[{"embeddable":true,"href":"https:\/\/lasentinelle.dz\/index.php\/wp-json\/wp\/v2\/users\/3"}],"replies":[{"embeddable":true,"href":"https:\/\/lasentinelle.dz\/index.php\/wp-json\/wp\/v2\/comments?post=8880"}],"version-history":[{"count":1,"href":"https:\/\/lasentinelle.dz\/index.php\/wp-json\/wp\/v2\/posts\/8880\/revisions"}],"predecessor-version":[{"id":8888,"href":"https:\/\/lasentinelle.dz\/index.php\/wp-json\/wp\/v2\/posts\/8880\/revisions\/8888"}],"wp:featuredmedia":[{"embeddable":true,"href":"https:\/\/lasentinelle.dz\/index.php\/wp-json\/wp\/v2\/media\/8887"}],"wp:attachment":[{"href":"https:\/\/lasentinelle.dz\/index.php\/wp-json\/wp\/v2\/media?parent=8880"}],"wp:term":[{"taxonomy":"category","embeddable":true,"href":"https:\/\/lasentinelle.dz\/index.php\/wp-json\/wp\/v2\/categories?post=8880"},{"taxonomy":"post_tag","embeddable":true,"href":"https:\/\/lasentinelle.dz\/index.php\/wp-json\/wp\/v2\/tags?post=8880"}],"curies":[{"name":"wp","href":"https:\/\/api.w.org\/{rel}","templated":true}]}}