{"id":88812,"date":"2026-06-03T22:04:31","date_gmt":"2026-06-03T21:04:31","guid":{"rendered":"https:\/\/lasentinelle.dz\/?p=88812"},"modified":"2026-06-03T22:04:34","modified_gmt":"2026-06-03T21:04:34","slug":"incendie-au-siege-du-ministere-de-leducation-tous-les-services-fonctionnent-normalement","status":"publish","type":"post","link":"https:\/\/lasentinelle.dz\/index.php\/2026\/06\/03\/incendie-au-siege-du-ministere-de-leducation-tous-les-services-fonctionnent-normalement\/","title":{"rendered":"Incendie au si\u00e8ge du minist\u00e8re de l&rsquo;Education : tous les services fonctionnent normalement"},"content":{"rendered":"\n<p class=\"wp-block-paragraph\">Le minist\u00e8re de l&rsquo;Education nationale a indiqu\u00e9, mercredi dans un communiqu\u00e9, que tous ses services fonctionnent normalement sans que l&rsquo;incendie survenu mardi soir dans son b\u00e2timent n&rsquo;ait eu la moindre incidence sur leurs activit\u00e9s. \u00ab\u00a0L&rsquo;incendie qui s&rsquo;est d\u00e9clar\u00e9, mardi soir \u00e0 19h08, \u00e0 la suite d&rsquo;une \u00e9tincelle \u00e9lectrique dans le salon d&rsquo;honneur du minist\u00e8re, a \u00e9t\u00e9 totalement ma\u00eetris\u00e9 gr\u00e2ce \u00e0 l&rsquo;intervention imm\u00e9diate des services de la Protection civile\u00a0\u00bb, pr\u00e9cise la m\u00eame source. Dans son communiqu\u00e9, le minist\u00e8re a tenu \u00e0 rassurer l&rsquo;ensemble des citoyennes et citoyens, la communaut\u00e9 du secteur, les \u00e9l\u00e8ves et leurs parents en affirmant que \u00ab\u00a0tous ses services fonctionnent normalement sans la moindre incidence\u00a0\u00bb. Le minist\u00e8re a \u00e9galement adress\u00e9 ses remerciements et exprim\u00e9 sa gratitude aux services de la Protection civile et de la S\u00fbret\u00e9 nationale, ainsi qu&rsquo;\u00e0 toutes les autorit\u00e9s qui ont contribu\u00e9 \u00e0 l&rsquo;intervention rapide et efficace pour \u00e9teindre l&rsquo;incendie et s\u00e9curiser le si\u00e8ge, saluant \u00ab\u00a0le sens \u00e9lev\u00e9 des responsabilit\u00e9s et la coordination rigoureuse relev\u00e9s tout au long de l&rsquo;intervention\u00a0\u00bb, conclut le communiqu\u00e9.<\/p>\n\n\n\n<p class=\"wp-block-paragraph\">APS<\/p>\n","protected":false},"excerpt":{"rendered":"<p>Le minist\u00e8re de l&rsquo;Education nationale a indiqu\u00e9, mercredi dans un communiqu\u00e9, que tous ses services fonctionnent normalement sans que l&rsquo;incendie<\/p>\n","protected":false},"author":6,"featured_media":88813,"comment_status":"open","ping_status":"closed","sticky":false,"template":"","format":"standard","meta":{"colormag_page_container_layout":"default_layout","colormag_page_sidebar_layout":"default_layout","om_disable_all_campaigns":false,"_monsterinsights_skip_tracking":false,"footnotes":"","_wpscppro_dont_share_socialmedia":false,"_wpscppro_custom_social_share_image":0,"_facebook_share_type":"default","_twitter_share_type":"default","_linkedin_share_type":"default","_pinterest_share_type":"default","_linkedin_share_type_page":"","_instagram_share_type":"default","_medium_share_type":"default","_threads_share_type":"default","_google_business_share_type":"default","_bluesky_share_type":"","_mastodon_share_type":"","_selected_social_profile":[],"_wpsp_enable_custom_social_template":false,"_wpsp_social_scheduling":{"enabled":false,"datetime":null,"platforms":[],"status":"template_only","dateOption":"today","timeOption":"now","customDays":"","customHours":"","customDate":"","customTime":"","schedulingType":"absolute"},"_wpsp_active_default_template":true},"categories":[27],"tags":[],"class_list":["post-88812","post","type-post","status-publish","format-standard","has-post-thumbnail","hentry","category-actualite"],"aioseo_notices":[],"aioseo_head":"\n\t\t<!-- All in One SEO 5.0.0.1 - aioseo.com -->\n\t<meta name=\"description\" content=\"Le minist\u00e8re de l&#039;Education nationale a indiqu\u00e9, mercredi dans un communiqu\u00e9, que tous ses services fonctionnent normalement sans que l&#039;incendie survenu mardi soir dans son b\u00e2timent n&#039;ait eu la moindre incidence sur leurs activit\u00e9s. &quot;L&#039;incendie qui s&#039;est d\u00e9clar\u00e9, mardi soir \u00e0 19h08, \u00e0 la suite d&#039;une \u00e9tincelle \u00e9lectrique dans le salon d&#039;honneur du minist\u00e8re, a\" \/>\n\t<meta name=\"robots\" content=\"max-image-preview:large\" \/>\n\t<meta name=\"author\" content=\"admin\"\/>\n\t<link rel=\"canonical\" href=\"https:\/\/lasentinelle.dz\/index.php\/2026\/06\/03\/incendie-au-siege-du-ministere-de-leducation-tous-les-services-fonctionnent-normalement\/\" \/>\n\t<meta name=\"generator\" content=\"All in One SEO (AIOSEO) 5.0.0.1\" \/>\n\t\t<meta property=\"og:locale\" content=\"fr_FR\" \/>\n\t\t<meta property=\"og:site_name\" content=\"La Sentinelle - Quotidien national d&#039;information\" \/>\n\t\t<meta property=\"og:type\" content=\"article\" \/>\n\t\t<meta property=\"og:title\" content=\"Incendie au si\u00e8ge du minist\u00e8re de l\u2019Education : tous les services fonctionnent normalement - La Sentinelle\" \/>\n\t\t<meta property=\"og:description\" content=\"Le minist\u00e8re de l&#039;Education nationale a indiqu\u00e9, mercredi dans un communiqu\u00e9, que tous ses services fonctionnent normalement sans que l&#039;incendie survenu mardi soir dans son b\u00e2timent n&#039;ait eu la moindre incidence sur leurs activit\u00e9s. &quot;L&#039;incendie qui s&#039;est d\u00e9clar\u00e9, mardi soir \u00e0 19h08, \u00e0 la suite d&#039;une \u00e9tincelle \u00e9lectrique dans le salon d&#039;honneur du minist\u00e8re, a\" \/>\n\t\t<meta property=\"og:url\" content=\"https:\/\/lasentinelle.dz\/index.php\/2026\/06\/03\/incendie-au-siege-du-ministere-de-leducation-tous-les-services-fonctionnent-normalement\/\" \/>\n\t\t<meta property=\"og:image\" content=\"https:\/\/lasentinelle.dz\/wp-content\/uploads\/2021\/09\/cropped-la-sentinelle-earth-golden-anima-5.gif\" \/>\n\t\t<meta property=\"og:image:secure_url\" content=\"https:\/\/lasentinelle.dz\/wp-content\/uploads\/2021\/09\/cropped-la-sentinelle-earth-golden-anima-5.gif\" \/>\n\t\t<meta property=\"og:image:width\" content=\"450\" \/>\n\t\t<meta property=\"og:image:height\" content=\"213\" \/>\n\t\t<meta property=\"article:published_time\" content=\"2026-06-03T21:04:31+00:00\" \/>\n\t\t<meta property=\"article:modified_time\" content=\"2026-06-03T21:04:34+00:00\" \/>\n\t\t<meta property=\"article:publisher\" content=\"https:\/\/www.facebook.com\/azzedine.lasentinelle.1\" \/>\n\t\t<meta name=\"twitter:card\" content=\"summary_large_image\" \/>\n\t\t<meta name=\"twitter:title\" content=\"Incendie au si\u00e8ge du minist\u00e8re de l\u2019Education : tous les services fonctionnent normalement - La Sentinelle\" \/>\n\t\t<meta name=\"twitter:description\" content=\"Le minist\u00e8re de l&#039;Education nationale a indiqu\u00e9, mercredi dans un communiqu\u00e9, que tous ses services fonctionnent normalement sans que l&#039;incendie survenu mardi soir dans son b\u00e2timent n&#039;ait eu la moindre incidence sur leurs activit\u00e9s. &quot;L&#039;incendie qui s&#039;est d\u00e9clar\u00e9, mardi soir \u00e0 19h08, \u00e0 la suite d&#039;une \u00e9tincelle \u00e9lectrique dans le salon d&#039;honneur du minist\u00e8re, a\" \/>\n\t\t<meta name=\"twitter:image\" content=\"https:\/\/lasentinelle.dz\/wp-content\/uploads\/2021\/09\/cropped-la-sentinelle-earth-golden-anima-5.gif\" \/>\n\t\t<script type=\"application\/ld+json\" class=\"aioseo-schema\">\n\t\t\t{\"@context\":\"https:\\\/\\\/schema.org\",\"@graph\":[{\"@type\":\"BlogPosting\",\"@id\":\"https:\\\/\\\/lasentinelle.dz\\\/index.php\\\/2026\\\/06\\\/03\\\/incendie-au-siege-du-ministere-de-leducation-tous-les-services-fonctionnent-normalement\\\/#blogposting\",\"name\":\"Incendie au si\\u00e8ge du minist\\u00e8re de l\\u2019Education : tous les services fonctionnent normalement - La Sentinelle\",\"headline\":\"Incendie au si\\u00e8ge du minist\\u00e8re de l&rsquo;Education : tous les services fonctionnent normalement\",\"author\":{\"@id\":\"https:\\\/\\\/lasentinelle.dz\\\/author\\\/admin\\\/#author\"},\"publisher\":{\"@id\":\"https:\\\/\\\/lasentinelle.dz\\\/#organization\"},\"image\":{\"@type\":\"ImageObject\",\"url\":\"https:\\\/\\\/lasentinelle.dz\\\/wp-content\\\/uploads\\\/2026\\\/06\\\/ministere-Education-incendie.jpg\",\"width\":778,\"height\":449},\"datePublished\":\"2026-06-03T22:04:31+01:00\",\"dateModified\":\"2026-06-03T22:04:34+01:00\",\"inLanguage\":\"fr-FR\",\"mainEntityOfPage\":{\"@id\":\"https:\\\/\\\/lasentinelle.dz\\\/index.php\\\/2026\\\/06\\\/03\\\/incendie-au-siege-du-ministere-de-leducation-tous-les-services-fonctionnent-normalement\\\/#webpage\"},\"isPartOf\":{\"@id\":\"https:\\\/\\\/lasentinelle.dz\\\/index.php\\\/2026\\\/06\\\/03\\\/incendie-au-siege-du-ministere-de-leducation-tous-les-services-fonctionnent-normalement\\\/#webpage\"},\"articleSection\":\"Actualit\\u00e9\"},{\"@type\":\"BreadcrumbList\",\"@id\":\"https:\\\/\\\/lasentinelle.dz\\\/index.php\\\/2026\\\/06\\\/03\\\/incendie-au-siege-du-ministere-de-leducation-tous-les-services-fonctionnent-normalement\\\/#breadcrumblist\",\"itemListElement\":[{\"@type\":\"ListItem\",\"@id\":\"https:\\\/\\\/lasentinelle.dz#listItem\",\"position\":1,\"name\":\"Home\",\"item\":\"https:\\\/\\\/lasentinelle.dz\",\"nextItem\":{\"@type\":\"ListItem\",\"@id\":\"https:\\\/\\\/lasentinelle.dz\\\/index.php\\\/category\\\/actualite\\\/#listItem\",\"name\":\"Actualit\\u00e9\"}},{\"@type\":\"ListItem\",\"@id\":\"https:\\\/\\\/lasentinelle.dz\\\/index.php\\\/category\\\/actualite\\\/#listItem\",\"position\":2,\"name\":\"Actualit\\u00e9\",\"item\":\"https:\\\/\\\/lasentinelle.dz\\\/index.php\\\/category\\\/actualite\\\/\",\"nextItem\":{\"@type\":\"ListItem\",\"@id\":\"https:\\\/\\\/lasentinelle.dz\\\/index.php\\\/2026\\\/06\\\/03\\\/incendie-au-siege-du-ministere-de-leducation-tous-les-services-fonctionnent-normalement\\\/#listItem\",\"name\":\"Incendie au si\\u00e8ge du minist\\u00e8re de l&rsquo;Education : tous les services fonctionnent normalement\"},\"previousItem\":{\"@type\":\"ListItem\",\"@id\":\"https:\\\/\\\/lasentinelle.dz#listItem\",\"name\":\"Home\"}},{\"@type\":\"ListItem\",\"@id\":\"https:\\\/\\\/lasentinelle.dz\\\/index.php\\\/2026\\\/06\\\/03\\\/incendie-au-siege-du-ministere-de-leducation-tous-les-services-fonctionnent-normalement\\\/#listItem\",\"position\":3,\"name\":\"Incendie au si\\u00e8ge du minist\\u00e8re de l&rsquo;Education : tous les services fonctionnent normalement\",\"previousItem\":{\"@type\":\"ListItem\",\"@id\":\"https:\\\/\\\/lasentinelle.dz\\\/index.php\\\/category\\\/actualite\\\/#listItem\",\"name\":\"Actualit\\u00e9\"}}]},{\"@type\":\"Organization\",\"@id\":\"https:\\\/\\\/lasentinelle.dz\\\/#organization\",\"name\":\"La Sentinelle La Sentinelle\",\"description\":\"Quotidien national d'information\",\"url\":\"https:\\\/\\\/lasentinelle.dz\\\/\",\"logo\":{\"@type\":\"ImageObject\",\"url\":\"https:\\\/\\\/lasentinelle.dz\\\/wp-content\\\/uploads\\\/2021\\\/09\\\/cropped-la-sentinelle-earth-golden-anima-5.gif\",\"@id\":\"https:\\\/\\\/lasentinelle.dz\\\/index.php\\\/2026\\\/06\\\/03\\\/incendie-au-siege-du-ministere-de-leducation-tous-les-services-fonctionnent-normalement\\\/#organizationLogo\",\"width\":450,\"height\":213},\"image\":{\"@id\":\"https:\\\/\\\/lasentinelle.dz\\\/index.php\\\/2026\\\/06\\\/03\\\/incendie-au-siege-du-ministere-de-leducation-tous-les-services-fonctionnent-normalement\\\/#organizationLogo\"},\"sameAs\":[\"https:\\\/\\\/www.facebook.com\\\/azzedine.lasentinelle.1\"]},{\"@type\":\"Person\",\"@id\":\"https:\\\/\\\/lasentinelle.dz\\\/author\\\/admin\\\/#author\",\"url\":\"https:\\\/\\\/lasentinelle.dz\\\/author\\\/admin\\\/\",\"name\":\"admin\",\"image\":{\"@type\":\"ImageObject\",\"@id\":\"https:\\\/\\\/lasentinelle.dz\\\/index.php\\\/2026\\\/06\\\/03\\\/incendie-au-siege-du-ministere-de-leducation-tous-les-services-fonctionnent-normalement\\\/#authorImage\",\"url\":\"https:\\\/\\\/secure.gravatar.com\\\/avatar\\\/4c81fed838786e9b53f540bf46533e750f5d292099ae3b66cfc6fb1982e29df7?s=96&d=mm&r=g\",\"width\":96,\"height\":96,\"caption\":\"admin\"}},{\"@type\":\"WebPage\",\"@id\":\"https:\\\/\\\/lasentinelle.dz\\\/index.php\\\/2026\\\/06\\\/03\\\/incendie-au-siege-du-ministere-de-leducation-tous-les-services-fonctionnent-normalement\\\/#webpage\",\"url\":\"https:\\\/\\\/lasentinelle.dz\\\/index.php\\\/2026\\\/06\\\/03\\\/incendie-au-siege-du-ministere-de-leducation-tous-les-services-fonctionnent-normalement\\\/\",\"name\":\"Incendie au si\\u00e8ge du minist\\u00e8re de l\\u2019Education : tous les services fonctionnent normalement - La Sentinelle\",\"description\":\"Le minist\\u00e8re de l'Education nationale a indiqu\\u00e9, mercredi dans un communiqu\\u00e9, que tous ses services fonctionnent normalement sans que l'incendie survenu mardi soir dans son b\\u00e2timent n'ait eu la moindre incidence sur leurs activit\\u00e9s. \\\"L'incendie qui s'est d\\u00e9clar\\u00e9, mardi soir \\u00e0 19h08, \\u00e0 la suite d'une \\u00e9tincelle \\u00e9lectrique dans le salon d'honneur du minist\\u00e8re, a\",\"inLanguage\":\"fr-FR\",\"isPartOf\":{\"@id\":\"https:\\\/\\\/lasentinelle.dz\\\/#website\"},\"breadcrumb\":{\"@id\":\"https:\\\/\\\/lasentinelle.dz\\\/index.php\\\/2026\\\/06\\\/03\\\/incendie-au-siege-du-ministere-de-leducation-tous-les-services-fonctionnent-normalement\\\/#breadcrumblist\"},\"author\":{\"@id\":\"https:\\\/\\\/lasentinelle.dz\\\/author\\\/admin\\\/#author\"},\"creator\":{\"@id\":\"https:\\\/\\\/lasentinelle.dz\\\/author\\\/admin\\\/#author\"},\"image\":{\"@type\":\"ImageObject\",\"url\":\"https:\\\/\\\/lasentinelle.dz\\\/wp-content\\\/uploads\\\/2026\\\/06\\\/ministere-Education-incendie.jpg\",\"@id\":\"https:\\\/\\\/lasentinelle.dz\\\/index.php\\\/2026\\\/06\\\/03\\\/incendie-au-siege-du-ministere-de-leducation-tous-les-services-fonctionnent-normalement\\\/#mainImage\",\"width\":778,\"height\":449},\"primaryImageOfPage\":{\"@id\":\"https:\\\/\\\/lasentinelle.dz\\\/index.php\\\/2026\\\/06\\\/03\\\/incendie-au-siege-du-ministere-de-leducation-tous-les-services-fonctionnent-normalement\\\/#mainImage\"},\"datePublished\":\"2026-06-03T22:04:31+01:00\",\"dateModified\":\"2026-06-03T22:04:34+01:00\"},{\"@type\":\"WebSite\",\"@id\":\"https:\\\/\\\/lasentinelle.dz\\\/#website\",\"url\":\"https:\\\/\\\/lasentinelle.dz\\\/\",\"name\":\"La Sentinelle\",\"description\":\"Quotidien national d'information\",\"inLanguage\":\"fr-FR\",\"publisher\":{\"@id\":\"https:\\\/\\\/lasentinelle.dz\\\/#organization\"}}]}\n\t\t<\/script>\n\t\t<!-- All in One SEO -->\n\n","aioseo_head_json":{"title":"Incendie au si\u00e8ge du minist\u00e8re de l\u2019Education : tous les services fonctionnent normalement - La Sentinelle","description":"Le minist\u00e8re de l'Education nationale a indiqu\u00e9, mercredi dans un communiqu\u00e9, que tous ses services fonctionnent normalement sans que l'incendie survenu mardi soir dans son b\u00e2timent n'ait eu la moindre incidence sur leurs activit\u00e9s. \"L'incendie qui s'est d\u00e9clar\u00e9, mardi soir \u00e0 19h08, \u00e0 la suite d'une \u00e9tincelle \u00e9lectrique dans le salon d'honneur du minist\u00e8re, a","canonical_url":"https:\/\/lasentinelle.dz\/index.php\/2026\/06\/03\/incendie-au-siege-du-ministere-de-leducation-tous-les-services-fonctionnent-normalement\/","robots":"max-image-preview:large","keywords":"","webmasterTools":{"miscellaneous":""},"schema":{"@context":"https:\/\/schema.org","@graph":[{"@type":"BlogPosting","@id":"https:\/\/lasentinelle.dz\/index.php\/2026\/06\/03\/incendie-au-siege-du-ministere-de-leducation-tous-les-services-fonctionnent-normalement\/#blogposting","name":"Incendie au si\u00e8ge du minist\u00e8re de l\u2019Education : tous les services fonctionnent normalement - La Sentinelle","headline":"Incendie au si\u00e8ge du minist\u00e8re de l&rsquo;Education : tous les services fonctionnent normalement","author":{"@id":"https:\/\/lasentinelle.dz\/author\/admin\/#author"},"publisher":{"@id":"https:\/\/lasentinelle.dz\/#organization"},"image":{"@type":"ImageObject","url":"https:\/\/lasentinelle.dz\/wp-content\/uploads\/2026\/06\/ministere-Education-incendie.jpg","width":778,"height":449},"datePublished":"2026-06-03T22:04:31+01:00","dateModified":"2026-06-03T22:04:34+01:00","inLanguage":"fr-FR","mainEntityOfPage":{"@id":"https:\/\/lasentinelle.dz\/index.php\/2026\/06\/03\/incendie-au-siege-du-ministere-de-leducation-tous-les-services-fonctionnent-normalement\/#webpage"},"isPartOf":{"@id":"https:\/\/lasentinelle.dz\/index.php\/2026\/06\/03\/incendie-au-siege-du-ministere-de-leducation-tous-les-services-fonctionnent-normalement\/#webpage"},"articleSection":"Actualit\u00e9"},{"@type":"BreadcrumbList","@id":"https:\/\/lasentinelle.dz\/index.php\/2026\/06\/03\/incendie-au-siege-du-ministere-de-leducation-tous-les-services-fonctionnent-normalement\/#breadcrumblist","itemListElement":[{"@type":"ListItem","@id":"https:\/\/lasentinelle.dz#listItem","position":1,"name":"Home","item":"https:\/\/lasentinelle.dz","nextItem":{"@type":"ListItem","@id":"https:\/\/lasentinelle.dz\/index.php\/category\/actualite\/#listItem","name":"Actualit\u00e9"}},{"@type":"ListItem","@id":"https:\/\/lasentinelle.dz\/index.php\/category\/actualite\/#listItem","position":2,"name":"Actualit\u00e9","item":"https:\/\/lasentinelle.dz\/index.php\/category\/actualite\/","nextItem":{"@type":"ListItem","@id":"https:\/\/lasentinelle.dz\/index.php\/2026\/06\/03\/incendie-au-siege-du-ministere-de-leducation-tous-les-services-fonctionnent-normalement\/#listItem","name":"Incendie au si\u00e8ge du minist\u00e8re de l&rsquo;Education : tous les services fonctionnent normalement"},"previousItem":{"@type":"ListItem","@id":"https:\/\/lasentinelle.dz#listItem","name":"Home"}},{"@type":"ListItem","@id":"https:\/\/lasentinelle.dz\/index.php\/2026\/06\/03\/incendie-au-siege-du-ministere-de-leducation-tous-les-services-fonctionnent-normalement\/#listItem","position":3,"name":"Incendie au si\u00e8ge du minist\u00e8re de l&rsquo;Education : tous les services fonctionnent normalement","previousItem":{"@type":"ListItem","@id":"https:\/\/lasentinelle.dz\/index.php\/category\/actualite\/#listItem","name":"Actualit\u00e9"}}]},{"@type":"Organization","@id":"https:\/\/lasentinelle.dz\/#organization","name":"La Sentinelle La Sentinelle","description":"Quotidien national d'information","url":"https:\/\/lasentinelle.dz\/","logo":{"@type":"ImageObject","url":"https:\/\/lasentinelle.dz\/wp-content\/uploads\/2021\/09\/cropped-la-sentinelle-earth-golden-anima-5.gif","@id":"https:\/\/lasentinelle.dz\/index.php\/2026\/06\/03\/incendie-au-siege-du-ministere-de-leducation-tous-les-services-fonctionnent-normalement\/#organizationLogo","width":450,"height":213},"image":{"@id":"https:\/\/lasentinelle.dz\/index.php\/2026\/06\/03\/incendie-au-siege-du-ministere-de-leducation-tous-les-services-fonctionnent-normalement\/#organizationLogo"},"sameAs":["https:\/\/www.facebook.com\/azzedine.lasentinelle.1"]},{"@type":"Person","@id":"https:\/\/lasentinelle.dz\/author\/admin\/#author","url":"https:\/\/lasentinelle.dz\/author\/admin\/","name":"admin","image":{"@type":"ImageObject","@id":"https:\/\/lasentinelle.dz\/index.php\/2026\/06\/03\/incendie-au-siege-du-ministere-de-leducation-tous-les-services-fonctionnent-normalement\/#authorImage","url":"https:\/\/secure.gravatar.com\/avatar\/4c81fed838786e9b53f540bf46533e750f5d292099ae3b66cfc6fb1982e29df7?s=96&d=mm&r=g","width":96,"height":96,"caption":"admin"}},{"@type":"WebPage","@id":"https:\/\/lasentinelle.dz\/index.php\/2026\/06\/03\/incendie-au-siege-du-ministere-de-leducation-tous-les-services-fonctionnent-normalement\/#webpage","url":"https:\/\/lasentinelle.dz\/index.php\/2026\/06\/03\/incendie-au-siege-du-ministere-de-leducation-tous-les-services-fonctionnent-normalement\/","name":"Incendie au si\u00e8ge du minist\u00e8re de l\u2019Education : tous les services fonctionnent normalement - La Sentinelle","description":"Le minist\u00e8re de l'Education nationale a indiqu\u00e9, mercredi dans un communiqu\u00e9, que tous ses services fonctionnent normalement sans que l'incendie survenu mardi soir dans son b\u00e2timent n'ait eu la moindre incidence sur leurs activit\u00e9s. \"L'incendie qui s'est d\u00e9clar\u00e9, mardi soir \u00e0 19h08, \u00e0 la suite d'une \u00e9tincelle \u00e9lectrique dans le salon d'honneur du minist\u00e8re, a","inLanguage":"fr-FR","isPartOf":{"@id":"https:\/\/lasentinelle.dz\/#website"},"breadcrumb":{"@id":"https:\/\/lasentinelle.dz\/index.php\/2026\/06\/03\/incendie-au-siege-du-ministere-de-leducation-tous-les-services-fonctionnent-normalement\/#breadcrumblist"},"author":{"@id":"https:\/\/lasentinelle.dz\/author\/admin\/#author"},"creator":{"@id":"https:\/\/lasentinelle.dz\/author\/admin\/#author"},"image":{"@type":"ImageObject","url":"https:\/\/lasentinelle.dz\/wp-content\/uploads\/2026\/06\/ministere-Education-incendie.jpg","@id":"https:\/\/lasentinelle.dz\/index.php\/2026\/06\/03\/incendie-au-siege-du-ministere-de-leducation-tous-les-services-fonctionnent-normalement\/#mainImage","width":778,"height":449},"primaryImageOfPage":{"@id":"https:\/\/lasentinelle.dz\/index.php\/2026\/06\/03\/incendie-au-siege-du-ministere-de-leducation-tous-les-services-fonctionnent-normalement\/#mainImage"},"datePublished":"2026-06-03T22:04:31+01:00","dateModified":"2026-06-03T22:04:34+01:00"},{"@type":"WebSite","@id":"https:\/\/lasentinelle.dz\/#website","url":"https:\/\/lasentinelle.dz\/","name":"La Sentinelle","description":"Quotidien national d'information","inLanguage":"fr-FR","publisher":{"@id":"https:\/\/lasentinelle.dz\/#organization"}}]},"og:locale":"fr_FR","og:site_name":"La Sentinelle - Quotidien national d'information","og:type":"article","og:title":"Incendie au si\u00e8ge du minist\u00e8re de l\u2019Education : tous les services fonctionnent normalement - La Sentinelle","og:description":"Le minist\u00e8re de l'Education nationale a indiqu\u00e9, mercredi dans un communiqu\u00e9, que tous ses services fonctionnent normalement sans que l'incendie survenu mardi soir dans son b\u00e2timent n'ait eu la moindre incidence sur leurs activit\u00e9s. &quot;L'incendie qui s'est d\u00e9clar\u00e9, mardi soir \u00e0 19h08, \u00e0 la suite d'une \u00e9tincelle \u00e9lectrique dans le salon d'honneur du minist\u00e8re, a","og:url":"https:\/\/lasentinelle.dz\/index.php\/2026\/06\/03\/incendie-au-siege-du-ministere-de-leducation-tous-les-services-fonctionnent-normalement\/","og:image":"https:\/\/lasentinelle.dz\/wp-content\/uploads\/2021\/09\/cropped-la-sentinelle-earth-golden-anima-5.gif","og:image:secure_url":"https:\/\/lasentinelle.dz\/wp-content\/uploads\/2021\/09\/cropped-la-sentinelle-earth-golden-anima-5.gif","og:image:width":450,"og:image:height":213,"article:published_time":"2026-06-03T21:04:31+00:00","article:modified_time":"2026-06-03T21:04:34+00:00","article:publisher":"https:\/\/www.facebook.com\/azzedine.lasentinelle.1","twitter:card":"summary_large_image","twitter:title":"Incendie au si\u00e8ge du minist\u00e8re de l\u2019Education : tous les services fonctionnent normalement - La Sentinelle","twitter:description":"Le minist\u00e8re de l'Education nationale a indiqu\u00e9, mercredi dans un communiqu\u00e9, que tous ses services fonctionnent normalement sans que l'incendie survenu mardi soir dans son b\u00e2timent n'ait eu la moindre incidence sur leurs activit\u00e9s. &quot;L'incendie qui s'est d\u00e9clar\u00e9, mardi soir \u00e0 19h08, \u00e0 la suite d'une \u00e9tincelle \u00e9lectrique dans le salon d'honneur du minist\u00e8re, a","twitter:image":"https:\/\/lasentinelle.dz\/wp-content\/uploads\/2021\/09\/cropped-la-sentinelle-earth-golden-anima-5.gif"},"aioseo_meta_data":{"post_id":"88812","title":null,"description":null,"keywords":null,"keyphrases":{"focus":{"keyphrase":"","score":0,"analysis":{"keyphraseInTitle":{"score":0,"maxScore":9,"error":1}}},"additional":[]},"primary_term":null,"canonical_url":null,"og_title":null,"og_description":null,"og_object_type":"default","og_image_type":"default","og_image_url":null,"og_image_width":null,"og_image_height":null,"og_image_custom_url":null,"og_image_custom_fields":null,"og_video":"","og_custom_url":null,"og_article_section":null,"og_article_tags":null,"twitter_use_og":false,"twitter_card":"default","twitter_image_type":"default","twitter_image_url":null,"twitter_image_custom_url":null,"twitter_image_custom_fields":null,"twitter_title":null,"twitter_description":null,"schema":{"blockGraphs":[],"customGraphs":[],"default":{"data":{"Article":[],"Course":[],"Dataset":[],"FAQPage":[],"Movie":[],"Person":[],"Product":[],"ProductReview":[],"Car":[],"Recipe":[],"Service":[],"SoftwareApplication":[],"WebPage":[]},"graphName":"BlogPosting","isEnabled":true},"graphs":[]},"schema_type":"default","schema_type_options":null,"pillar_content":false,"robots_default":true,"robots_noindex":false,"robots_noarchive":false,"robots_nosnippet":false,"robots_nofollow":false,"robots_noimageindex":false,"robots_noodp":false,"robots_notranslate":false,"robots_max_snippet":"-1","robots_max_videopreview":"-1","robots_max_imagepreview":"large","priority":null,"frequency":"default","local_seo":null,"breadcrumb_settings":null,"limit_modified_date":false,"ai":{"faqs":[],"keyPoints":[],"schemas":[],"titles":[],"descriptions":[],"socialPosts":{"email":[],"linkedin":[],"twitter":[],"facebook":[],"instagram":[]}},"created":"2026-06-03 21:04:34","updated":"2026-06-03 21:05:09","focus_keyword":null,"additional_keywords":null,"truseo_locale":null,"seo_analyzer_scan_date":null},"aioseo_breadcrumb":"<div class=\"aioseo-breadcrumbs\"><span class=\"aioseo-breadcrumb\">\n\t\t\t<a href=\"https:\/\/lasentinelle.dz\" title=\"Home\">Home<\/a>\n\t\t<\/span><span class=\"aioseo-breadcrumb-separator\">&raquo;<\/span><span class=\"aioseo-breadcrumb\">\n\t\t\t<a href=\"https:\/\/lasentinelle.dz\/index.php\/category\/actualite\/\" title=\"Actualit\u00e9\">Actualit\u00e9<\/a>\n\t\t<\/span><span class=\"aioseo-breadcrumb-separator\">&raquo;<\/span><span class=\"aioseo-breadcrumb\">\n\t\t\tIncendie au si\u00e8ge du minist\u00e8re de l\u2019Education : tous les services fonctionnent normalement\n\t\t<\/span><\/div>","aioseo_breadcrumb_json":[{"label":"Home","link":"https:\/\/lasentinelle.dz"},{"label":"Actualit\u00e9","link":"https:\/\/lasentinelle.dz\/index.php\/category\/actualite\/"},{"label":"Incendie au si\u00e8ge du minist\u00e8re de l&rsquo;Education : tous les services fonctionnent normalement","link":"https:\/\/lasentinelle.dz\/index.php\/2026\/06\/03\/incendie-au-siege-du-ministere-de-leducation-tous-les-services-fonctionnent-normalement\/"}],"yoast_head":"<!-- This site is optimized with the Yoast SEO plugin v28.4 - https:\/\/yoast.com\/product\/yoast-seo-wordpress\/ -->\n<title>Incendie au si\u00e8ge du minist\u00e8re de l&rsquo;Education : tous les services fonctionnent normalement - La Sentinelle<\/title>\n<meta name=\"robots\" content=\"index, follow, max-snippet:-1, max-image-preview:large, max-video-preview:-1\" \/>\n<link rel=\"canonical\" href=\"https:\/\/lasentinelle.dz\/index.php\/2026\/06\/03\/incendie-au-siege-du-ministere-de-leducation-tous-les-services-fonctionnent-normalement\/\" \/>\n<meta property=\"og:locale\" content=\"fr_FR\" \/>\n<meta property=\"og:type\" content=\"article\" \/>\n<meta property=\"og:title\" content=\"Incendie au si\u00e8ge du minist\u00e8re de l&rsquo;Education : tous les services fonctionnent normalement - La Sentinelle\" \/>\n<meta property=\"og:description\" content=\"Le minist\u00e8re de l&rsquo;Education nationale a indiqu\u00e9, mercredi dans un communiqu\u00e9, que tous ses services fonctionnent normalement sans que l&rsquo;incendie\" \/>\n<meta property=\"og:url\" content=\"https:\/\/lasentinelle.dz\/index.php\/2026\/06\/03\/incendie-au-siege-du-ministere-de-leducation-tous-les-services-fonctionnent-normalement\/\" \/>\n<meta property=\"og:site_name\" content=\"La Sentinelle\" \/>\n<meta property=\"article:publisher\" content=\"https:\/\/www.facebook.com\/La-Sentinelle-104059864394773\" \/>\n<meta property=\"article:published_time\" content=\"2026-06-03T21:04:31+00:00\" \/>\n<meta property=\"article:modified_time\" content=\"2026-06-03T21:04:34+00:00\" \/>\n<meta property=\"og:image\" content=\"https:\/\/lasentinelle.dz\/wp-content\/uploads\/2026\/06\/ministere-Education-incendie.jpg\" \/>\n\t<meta property=\"og:image:width\" content=\"778\" \/>\n\t<meta property=\"og:image:height\" content=\"449\" \/>\n\t<meta property=\"og:image:type\" content=\"image\/jpeg\" \/>\n<meta name=\"author\" content=\"admin\" \/>\n<meta name=\"twitter:card\" content=\"summary_large_image\" \/>\n<meta name=\"twitter:label1\" content=\"\u00c9crit par\" \/>\n\t<meta name=\"twitter:data1\" content=\"admin\" \/>\n\t<meta name=\"twitter:label2\" content=\"Dur\u00e9e de lecture estim\u00e9e\" \/>\n\t<meta name=\"twitter:data2\" content=\"2 minutes\" \/>\n<script type=\"application\/ld+json\" class=\"yoast-schema-graph\">{\"@context\":\"https:\\\/\\\/schema.org\",\"@graph\":[{\"@type\":\"Article\",\"@id\":\"https:\\\/\\\/lasentinelle.dz\\\/index.php\\\/2026\\\/06\\\/03\\\/incendie-au-siege-du-ministere-de-leducation-tous-les-services-fonctionnent-normalement\\\/#article\",\"isPartOf\":{\"@id\":\"https:\\\/\\\/lasentinelle.dz\\\/index.php\\\/2026\\\/06\\\/03\\\/incendie-au-siege-du-ministere-de-leducation-tous-les-services-fonctionnent-normalement\\\/\"},\"author\":{\"name\":\"admin\",\"@id\":\"https:\\\/\\\/lasentinelle.dz\\\/#\\\/schema\\\/person\\\/729ee0024f24e0b8c5ec17232f8e8b41\"},\"headline\":\"Incendie au si\u00e8ge du minist\u00e8re de l&rsquo;Education : tous les services fonctionnent normalement\",\"datePublished\":\"2026-06-03T21:04:31+00:00\",\"dateModified\":\"2026-06-03T21:04:34+00:00\",\"mainEntityOfPage\":{\"@id\":\"https:\\\/\\\/lasentinelle.dz\\\/index.php\\\/2026\\\/06\\\/03\\\/incendie-au-siege-du-ministere-de-leducation-tous-les-services-fonctionnent-normalement\\\/\"},\"wordCount\":211,\"commentCount\":0,\"publisher\":{\"@id\":\"https:\\\/\\\/lasentinelle.dz\\\/#organization\"},\"image\":{\"@id\":\"https:\\\/\\\/lasentinelle.dz\\\/index.php\\\/2026\\\/06\\\/03\\\/incendie-au-siege-du-ministere-de-leducation-tous-les-services-fonctionnent-normalement\\\/#primaryimage\"},\"thumbnailUrl\":\"https:\\\/\\\/lasentinelle.dz\\\/wp-content\\\/uploads\\\/2026\\\/06\\\/ministere-Education-incendie.jpg\",\"articleSection\":[\"Actualit\u00e9\"],\"inLanguage\":\"fr-FR\",\"potentialAction\":[{\"@type\":\"CommentAction\",\"name\":\"Comment\",\"target\":[\"https:\\\/\\\/lasentinelle.dz\\\/index.php\\\/2026\\\/06\\\/03\\\/incendie-au-siege-du-ministere-de-leducation-tous-les-services-fonctionnent-normalement\\\/#respond\"]}]},{\"@type\":\"WebPage\",\"@id\":\"https:\\\/\\\/lasentinelle.dz\\\/index.php\\\/2026\\\/06\\\/03\\\/incendie-au-siege-du-ministere-de-leducation-tous-les-services-fonctionnent-normalement\\\/\",\"url\":\"https:\\\/\\\/lasentinelle.dz\\\/index.php\\\/2026\\\/06\\\/03\\\/incendie-au-siege-du-ministere-de-leducation-tous-les-services-fonctionnent-normalement\\\/\",\"name\":\"Incendie au si\u00e8ge du minist\u00e8re de l&rsquo;Education : tous les services fonctionnent normalement - La Sentinelle\",\"isPartOf\":{\"@id\":\"https:\\\/\\\/lasentinelle.dz\\\/#website\"},\"primaryImageOfPage\":{\"@id\":\"https:\\\/\\\/lasentinelle.dz\\\/index.php\\\/2026\\\/06\\\/03\\\/incendie-au-siege-du-ministere-de-leducation-tous-les-services-fonctionnent-normalement\\\/#primaryimage\"},\"image\":{\"@id\":\"https:\\\/\\\/lasentinelle.dz\\\/index.php\\\/2026\\\/06\\\/03\\\/incendie-au-siege-du-ministere-de-leducation-tous-les-services-fonctionnent-normalement\\\/#primaryimage\"},\"thumbnailUrl\":\"https:\\\/\\\/lasentinelle.dz\\\/wp-content\\\/uploads\\\/2026\\\/06\\\/ministere-Education-incendie.jpg\",\"datePublished\":\"2026-06-03T21:04:31+00:00\",\"dateModified\":\"2026-06-03T21:04:34+00:00\",\"breadcrumb\":{\"@id\":\"https:\\\/\\\/lasentinelle.dz\\\/index.php\\\/2026\\\/06\\\/03\\\/incendie-au-siege-du-ministere-de-leducation-tous-les-services-fonctionnent-normalement\\\/#breadcrumb\"},\"inLanguage\":\"fr-FR\",\"potentialAction\":[{\"@type\":\"ReadAction\",\"target\":[\"https:\\\/\\\/lasentinelle.dz\\\/index.php\\\/2026\\\/06\\\/03\\\/incendie-au-siege-du-ministere-de-leducation-tous-les-services-fonctionnent-normalement\\\/\"]}]},{\"@type\":\"ImageObject\",\"inLanguage\":\"fr-FR\",\"@id\":\"https:\\\/\\\/lasentinelle.dz\\\/index.php\\\/2026\\\/06\\\/03\\\/incendie-au-siege-du-ministere-de-leducation-tous-les-services-fonctionnent-normalement\\\/#primaryimage\",\"url\":\"https:\\\/\\\/lasentinelle.dz\\\/wp-content\\\/uploads\\\/2026\\\/06\\\/ministere-Education-incendie.jpg\",\"contentUrl\":\"https:\\\/\\\/lasentinelle.dz\\\/wp-content\\\/uploads\\\/2026\\\/06\\\/ministere-Education-incendie.jpg\",\"width\":778,\"height\":449},{\"@type\":\"BreadcrumbList\",\"@id\":\"https:\\\/\\\/lasentinelle.dz\\\/index.php\\\/2026\\\/06\\\/03\\\/incendie-au-siege-du-ministere-de-leducation-tous-les-services-fonctionnent-normalement\\\/#breadcrumb\",\"itemListElement\":[{\"@type\":\"ListItem\",\"position\":1,\"name\":\"Accueil\",\"item\":\"https:\\\/\\\/lasentinelle.dz\\\/\"},{\"@type\":\"ListItem\",\"position\":2,\"name\":\"Incendie au si\u00e8ge du minist\u00e8re de l&rsquo;Education : tous les services fonctionnent normalement\"}]},{\"@type\":\"WebSite\",\"@id\":\"https:\\\/\\\/lasentinelle.dz\\\/#website\",\"url\":\"https:\\\/\\\/lasentinelle.dz\\\/\",\"name\":\"La Sentinelle\",\"description\":\"Quotidien national d&#039;information\",\"publisher\":{\"@id\":\"https:\\\/\\\/lasentinelle.dz\\\/#organization\"},\"potentialAction\":[{\"@type\":\"SearchAction\",\"target\":{\"@type\":\"EntryPoint\",\"urlTemplate\":\"https:\\\/\\\/lasentinelle.dz\\\/?s={search_term_string}\"},\"query-input\":{\"@type\":\"PropertyValueSpecification\",\"valueRequired\":true,\"valueName\":\"search_term_string\"}}],\"inLanguage\":\"fr-FR\"},{\"@type\":\"Organization\",\"@id\":\"https:\\\/\\\/lasentinelle.dz\\\/#organization\",\"name\":\"Quotidien La Sentinelle\",\"url\":\"https:\\\/\\\/lasentinelle.dz\\\/\",\"logo\":{\"@type\":\"ImageObject\",\"inLanguage\":\"fr-FR\",\"@id\":\"https:\\\/\\\/lasentinelle.dz\\\/#\\\/schema\\\/logo\\\/image\\\/\",\"url\":\"https:\\\/\\\/lasentinelle.dz\\\/wp-content\\\/uploads\\\/2021\\\/09\\\/logo-sentinelleSLOGAN-1.png\",\"contentUrl\":\"https:\\\/\\\/lasentinelle.dz\\\/wp-content\\\/uploads\\\/2021\\\/09\\\/logo-sentinelleSLOGAN-1.png\",\"width\":615,\"height\":142,\"caption\":\"Quotidien La Sentinelle\"},\"image\":{\"@id\":\"https:\\\/\\\/lasentinelle.dz\\\/#\\\/schema\\\/logo\\\/image\\\/\"},\"sameAs\":[\"https:\\\/\\\/www.facebook.com\\\/La-Sentinelle-104059864394773\"]},{\"@type\":\"Person\",\"@id\":\"https:\\\/\\\/lasentinelle.dz\\\/#\\\/schema\\\/person\\\/729ee0024f24e0b8c5ec17232f8e8b41\",\"name\":\"admin\",\"image\":{\"@type\":\"ImageObject\",\"inLanguage\":\"fr-FR\",\"@id\":\"https:\\\/\\\/secure.gravatar.com\\\/avatar\\\/4c81fed838786e9b53f540bf46533e750f5d292099ae3b66cfc6fb1982e29df7?s=96&d=mm&r=g\",\"url\":\"https:\\\/\\\/secure.gravatar.com\\\/avatar\\\/4c81fed838786e9b53f540bf46533e750f5d292099ae3b66cfc6fb1982e29df7?s=96&d=mm&r=g\",\"contentUrl\":\"https:\\\/\\\/secure.gravatar.com\\\/avatar\\\/4c81fed838786e9b53f540bf46533e750f5d292099ae3b66cfc6fb1982e29df7?s=96&d=mm&r=g\",\"caption\":\"admin\"},\"description\":\"admin\",\"url\":\"https:\\\/\\\/lasentinelle.dz\\\/author\\\/admin\\\/\"}]}<\/script>\n<!-- \/ Yoast SEO plugin. -->","yoast_head_json":{"title":"Incendie au si\u00e8ge du minist\u00e8re de l&rsquo;Education : tous les services fonctionnent normalement - La Sentinelle","robots":{"index":"index","follow":"follow","max-snippet":"max-snippet:-1","max-image-preview":"max-image-preview:large","max-video-preview":"max-video-preview:-1"},"canonical":"https:\/\/lasentinelle.dz\/index.php\/2026\/06\/03\/incendie-au-siege-du-ministere-de-leducation-tous-les-services-fonctionnent-normalement\/","og_locale":"fr_FR","og_type":"article","og_title":"Incendie au si\u00e8ge du minist\u00e8re de l&rsquo;Education : tous les services fonctionnent normalement - La Sentinelle","og_description":"Le minist\u00e8re de l&rsquo;Education nationale a indiqu\u00e9, mercredi dans un communiqu\u00e9, que tous ses services fonctionnent normalement sans que l&rsquo;incendie","og_url":"https:\/\/lasentinelle.dz\/index.php\/2026\/06\/03\/incendie-au-siege-du-ministere-de-leducation-tous-les-services-fonctionnent-normalement\/","og_site_name":"La Sentinelle","article_publisher":"https:\/\/www.facebook.com\/La-Sentinelle-104059864394773","article_published_time":"2026-06-03T21:04:31+00:00","article_modified_time":"2026-06-03T21:04:34+00:00","og_image":[{"width":778,"height":449,"url":"https:\/\/lasentinelle.dz\/wp-content\/uploads\/2026\/06\/ministere-Education-incendie.jpg","type":"image\/jpeg"}],"author":"admin","twitter_card":"summary_large_image","twitter_misc":{"\u00c9crit par":"admin","Dur\u00e9e de lecture estim\u00e9e":"2 minutes"},"schema":{"@context":"https:\/\/schema.org","@graph":[{"@type":"Article","@id":"https:\/\/lasentinelle.dz\/index.php\/2026\/06\/03\/incendie-au-siege-du-ministere-de-leducation-tous-les-services-fonctionnent-normalement\/#article","isPartOf":{"@id":"https:\/\/lasentinelle.dz\/index.php\/2026\/06\/03\/incendie-au-siege-du-ministere-de-leducation-tous-les-services-fonctionnent-normalement\/"},"author":{"name":"admin","@id":"https:\/\/lasentinelle.dz\/#\/schema\/person\/729ee0024f24e0b8c5ec17232f8e8b41"},"headline":"Incendie au si\u00e8ge du minist\u00e8re de l&rsquo;Education : tous les services fonctionnent normalement","datePublished":"2026-06-03T21:04:31+00:00","dateModified":"2026-06-03T21:04:34+00:00","mainEntityOfPage":{"@id":"https:\/\/lasentinelle.dz\/index.php\/2026\/06\/03\/incendie-au-siege-du-ministere-de-leducation-tous-les-services-fonctionnent-normalement\/"},"wordCount":211,"commentCount":0,"publisher":{"@id":"https:\/\/lasentinelle.dz\/#organization"},"image":{"@id":"https:\/\/lasentinelle.dz\/index.php\/2026\/06\/03\/incendie-au-siege-du-ministere-de-leducation-tous-les-services-fonctionnent-normalement\/#primaryimage"},"thumbnailUrl":"https:\/\/lasentinelle.dz\/wp-content\/uploads\/2026\/06\/ministere-Education-incendie.jpg","articleSection":["Actualit\u00e9"],"inLanguage":"fr-FR","potentialAction":[{"@type":"CommentAction","name":"Comment","target":["https:\/\/lasentinelle.dz\/index.php\/2026\/06\/03\/incendie-au-siege-du-ministere-de-leducation-tous-les-services-fonctionnent-normalement\/#respond"]}]},{"@type":"WebPage","@id":"https:\/\/lasentinelle.dz\/index.php\/2026\/06\/03\/incendie-au-siege-du-ministere-de-leducation-tous-les-services-fonctionnent-normalement\/","url":"https:\/\/lasentinelle.dz\/index.php\/2026\/06\/03\/incendie-au-siege-du-ministere-de-leducation-tous-les-services-fonctionnent-normalement\/","name":"Incendie au si\u00e8ge du minist\u00e8re de l&rsquo;Education : tous les services fonctionnent normalement - La Sentinelle","isPartOf":{"@id":"https:\/\/lasentinelle.dz\/#website"},"primaryImageOfPage":{"@id":"https:\/\/lasentinelle.dz\/index.php\/2026\/06\/03\/incendie-au-siege-du-ministere-de-leducation-tous-les-services-fonctionnent-normalement\/#primaryimage"},"image":{"@id":"https:\/\/lasentinelle.dz\/index.php\/2026\/06\/03\/incendie-au-siege-du-ministere-de-leducation-tous-les-services-fonctionnent-normalement\/#primaryimage"},"thumbnailUrl":"https:\/\/lasentinelle.dz\/wp-content\/uploads\/2026\/06\/ministere-Education-incendie.jpg","datePublished":"2026-06-03T21:04:31+00:00","dateModified":"2026-06-03T21:04:34+00:00","breadcrumb":{"@id":"https:\/\/lasentinelle.dz\/index.php\/2026\/06\/03\/incendie-au-siege-du-ministere-de-leducation-tous-les-services-fonctionnent-normalement\/#breadcrumb"},"inLanguage":"fr-FR","potentialAction":[{"@type":"ReadAction","target":["https:\/\/lasentinelle.dz\/index.php\/2026\/06\/03\/incendie-au-siege-du-ministere-de-leducation-tous-les-services-fonctionnent-normalement\/"]}]},{"@type":"ImageObject","inLanguage":"fr-FR","@id":"https:\/\/lasentinelle.dz\/index.php\/2026\/06\/03\/incendie-au-siege-du-ministere-de-leducation-tous-les-services-fonctionnent-normalement\/#primaryimage","url":"https:\/\/lasentinelle.dz\/wp-content\/uploads\/2026\/06\/ministere-Education-incendie.jpg","contentUrl":"https:\/\/lasentinelle.dz\/wp-content\/uploads\/2026\/06\/ministere-Education-incendie.jpg","width":778,"height":449},{"@type":"BreadcrumbList","@id":"https:\/\/lasentinelle.dz\/index.php\/2026\/06\/03\/incendie-au-siege-du-ministere-de-leducation-tous-les-services-fonctionnent-normalement\/#breadcrumb","itemListElement":[{"@type":"ListItem","position":1,"name":"Accueil","item":"https:\/\/lasentinelle.dz\/"},{"@type":"ListItem","position":2,"name":"Incendie au si\u00e8ge du minist\u00e8re de l&rsquo;Education : tous les services fonctionnent normalement"}]},{"@type":"WebSite","@id":"https:\/\/lasentinelle.dz\/#website","url":"https:\/\/lasentinelle.dz\/","name":"La Sentinelle","description":"Quotidien national d&#039;information","publisher":{"@id":"https:\/\/lasentinelle.dz\/#organization"},"potentialAction":[{"@type":"SearchAction","target":{"@type":"EntryPoint","urlTemplate":"https:\/\/lasentinelle.dz\/?s={search_term_string}"},"query-input":{"@type":"PropertyValueSpecification","valueRequired":true,"valueName":"search_term_string"}}],"inLanguage":"fr-FR"},{"@type":"Organization","@id":"https:\/\/lasentinelle.dz\/#organization","name":"Quotidien La Sentinelle","url":"https:\/\/lasentinelle.dz\/","logo":{"@type":"ImageObject","inLanguage":"fr-FR","@id":"https:\/\/lasentinelle.dz\/#\/schema\/logo\/image\/","url":"https:\/\/lasentinelle.dz\/wp-content\/uploads\/2021\/09\/logo-sentinelleSLOGAN-1.png","contentUrl":"https:\/\/lasentinelle.dz\/wp-content\/uploads\/2021\/09\/logo-sentinelleSLOGAN-1.png","width":615,"height":142,"caption":"Quotidien La Sentinelle"},"image":{"@id":"https:\/\/lasentinelle.dz\/#\/schema\/logo\/image\/"},"sameAs":["https:\/\/www.facebook.com\/La-Sentinelle-104059864394773"]},{"@type":"Person","@id":"https:\/\/lasentinelle.dz\/#\/schema\/person\/729ee0024f24e0b8c5ec17232f8e8b41","name":"admin","image":{"@type":"ImageObject","inLanguage":"fr-FR","@id":"https:\/\/secure.gravatar.com\/avatar\/4c81fed838786e9b53f540bf46533e750f5d292099ae3b66cfc6fb1982e29df7?s=96&d=mm&r=g","url":"https:\/\/secure.gravatar.com\/avatar\/4c81fed838786e9b53f540bf46533e750f5d292099ae3b66cfc6fb1982e29df7?s=96&d=mm&r=g","contentUrl":"https:\/\/secure.gravatar.com\/avatar\/4c81fed838786e9b53f540bf46533e750f5d292099ae3b66cfc6fb1982e29df7?s=96&d=mm&r=g","caption":"admin"},"description":"admin","url":"https:\/\/lasentinelle.dz\/author\/admin\/"}]}},"_links":{"self":[{"href":"https:\/\/lasentinelle.dz\/index.php\/wp-json\/wp\/v2\/posts\/88812","targetHints":{"allow":["GET"]}}],"collection":[{"href":"https:\/\/lasentinelle.dz\/index.php\/wp-json\/wp\/v2\/posts"}],"about":[{"href":"https:\/\/lasentinelle.dz\/index.php\/wp-json\/wp\/v2\/types\/post"}],"author":[{"embeddable":true,"href":"https:\/\/lasentinelle.dz\/index.php\/wp-json\/wp\/v2\/users\/6"}],"replies":[{"embeddable":true,"href":"https:\/\/lasentinelle.dz\/index.php\/wp-json\/wp\/v2\/comments?post=88812"}],"version-history":[{"count":2,"href":"https:\/\/lasentinelle.dz\/index.php\/wp-json\/wp\/v2\/posts\/88812\/revisions"}],"predecessor-version":[{"id":88815,"href":"https:\/\/lasentinelle.dz\/index.php\/wp-json\/wp\/v2\/posts\/88812\/revisions\/88815"}],"wp:featuredmedia":[{"embeddable":true,"href":"https:\/\/lasentinelle.dz\/index.php\/wp-json\/wp\/v2\/media\/88813"}],"wp:attachment":[{"href":"https:\/\/lasentinelle.dz\/index.php\/wp-json\/wp\/v2\/media?parent=88812"}],"wp:term":[{"taxonomy":"category","embeddable":true,"href":"https:\/\/lasentinelle.dz\/index.php\/wp-json\/wp\/v2\/categories?post=88812"},{"taxonomy":"post_tag","embeddable":true,"href":"https:\/\/lasentinelle.dz\/index.php\/wp-json\/wp\/v2\/tags?post=88812"}],"curies":[{"name":"wp","href":"https:\/\/api.w.org\/{rel}","templated":true}]}}