{"id":8893,"date":"2021-09-23T00:05:00","date_gmt":"2021-09-22T23:05:00","guid":{"rendered":"https:\/\/lasentinelle.dz\/?p=8893"},"modified":"2021-09-22T20:13:26","modified_gmt":"2021-09-22T19:13:26","slug":"haut-conseil-de-securite-fermeture-de-lespace-aerien-pour-tous-les-aeronefs-marocains","status":"publish","type":"post","link":"https:\/\/lasentinelle.dz\/index.php\/2021\/09\/23\/haut-conseil-de-securite-fermeture-de-lespace-aerien-pour-tous-les-aeronefs-marocains\/","title":{"rendered":"Haut Conseil de s\u00e9curit\u00e9 : Fermeture de l\u2019espace a\u00e9rien pour tous les a\u00e9ronefs marocains"},"content":{"rendered":"\n<p>Le pr\u00e9sident de la R\u00e9publique, Abdelmadjid Tebboune a d\u00e9cid\u00e9 hier de la fermeture totale de l\u2019espace a\u00e9rien avec le Maroc. Le pr\u00e9sident de la R\u00e9publique et chef supr\u00eames des Forces arm\u00e9es a pr\u00e9sid\u00e9 hier une r\u00e9union du Haut Conseil de s\u00e9curit\u00e9. Une r\u00e9union consacr\u00e9e, selon un communiqu\u00e9 de la pr\u00e9sidence de la R\u00e9publique de l\u2019\u00e9volution de la situation aux fronti\u00e8res Ouest avec le Maroc. Une situation marqu\u00e9e par la multiplication des provocations de la part du Makhzen. Ainsi et \u00ab&nbsp;face \u00e0 la poursuite des provocations et des actes hostiles du c\u00f4t\u00e9 marocain, le Haut Conseil de s\u00e9curit\u00e9 a d\u00e9cid\u00e9 de fermer imm\u00e9diatement l&rsquo;espace a\u00e9rien alg\u00e9rien \u00e0 tous les a\u00e9ronefs civils et militaires marocains, ainsi qu&rsquo;\u00e0 ceux portant un num\u00e9ro d&rsquo;immatriculation marocain&nbsp;\u00bb et ce, depuis hier, a pr\u00e9cis\u00e9 la pr\u00e9sidence de la R\u00e9publique.<\/p>\n\n\n\n<p>Il est vrai que le r\u00e9gime marocain, accul\u00e9 par les \u00e9checs diplomatiques successifs sur le dossier du Sahara occidental, a intensifi\u00e9 sa propagande et multipli\u00e9 les assertions mensong\u00e8res, dans le seul objectif d\u2019impliquer son alli\u00e9 sioniste et de lui fournir les arguments afin de l\u2019impliquer dans un nouveau conflit dans la r\u00e9gion du Maghreb. C\u2019est justement dans cet objectif que l&rsquo;ambassadeur du r\u00e9gime marocain \u00e0 Gen\u00e8ve a eu l\u2019outrecuidance de tenir des propos mensongers quant au sujet d&rsquo;une pr\u00e9tendue \u00ab&nbsp;pr\u00e9sence d&rsquo;instructeurs du Hezbollah dans les camps de r\u00e9fugi\u00e9s \u00e0 Tindouf&nbsp;\u00bb. Au-del\u00e0 du ridicule de ces assertions venant de la part d\u2019un r\u00e9gime qui finance et accueille sur son territoire des camps d\u2019entrainement de terroristes, cette nouvelle attaque vise l\u2019objectif vain de porter atteinte \u00e0 l\u2019action humanitaire au sein des camps de r\u00e9fugi\u00e9s de Tindouf. Des attaques qui se multiplient d\u2019ailleurs.<\/p>\n\n\n\n<p>Pour rappel, l&rsquo;envoy\u00e9 sp\u00e9cial charg\u00e9 de la question du Sahara occidental et des pays du Maghreb, Amar Belani a point\u00e9 du doigt mardi, \u00ab&nbsp;\u00ab&nbsp;l&rsquo;\u00e9toffe de certains diplomates marocains est un tissu de mensonges qu&rsquo;ils tricotent inlassablement, notamment lorsqu&rsquo;ils sont accul\u00e9s par les appels pressants \u00e9manant des groupes de soutien \u00e0 la cause juste du peuple du Sahara occidental&nbsp;\u00bb. \u00ab&nbsp;L&rsquo;ambassadeur marocain (Omar Zniber NDLR), tout comme son pr\u00e9d\u00e9cesseur, sont des stakhanovistes de la manipulation grossi\u00e8re. Ils sont pass\u00e9s maitres dans l&rsquo;art de recycler les mensonges \u00e9hont\u00e9s de leur ministre qui avait invent\u00e9 de toutes pi\u00e8ces, en mai 2018, la fable grotesque des instructeurs du Hezbollah, celle-ci avait \u00e9t\u00e9 d\u00e9construite et d\u00e9mentie dans les faits\u00a0\u00bb, a affirm\u00e9 le diplomate alg\u00e9rien.<\/p>\n\n\n\n<p>Pour sa part, le Repr\u00e9sentant permanent d&rsquo;Alg\u00e9rie \u00e0 Gen\u00e8ve, l&rsquo;Ambassadeur Lazhar Soualem a us\u00e9 hier de son droit de r\u00e9ponse en r\u00e9action aux all\u00e9gations mensong\u00e8res d&rsquo;une ONG italienne sur de pr\u00e9tendues \u00ab\u00a0exactions\u00a0\u00bb commises par le Front Polisario \u00e0 l&rsquo;encontre d&rsquo;opposants dans les camps de Tindouf. \u00ab&nbsp;Dans leur inqualifiable propos ou l&rsquo;approximation le dispute \u00e0 l&rsquo;invective et qui rappelle point par point et \u00e0 la virgule pr\u00e8s, l&rsquo;esprit de celles des sessions pr\u00e9c\u00e9dentes et encore plus les diatribes des ann\u00e9es d&rsquo;avant, ces repr\u00e9sentants se sont pr\u00e9sent\u00e9s comme les charg\u00e9s de mission besogneux d&rsquo;une entreprise dont la d\u00e9construction, chaque jour met \u00e0 nu, le caract\u00e8re \u00e9hont\u00e9 et attentatoire \u00e0 la dignit\u00e9 des hommes et \u00e0 la libert\u00e9 des peuples&nbsp;\u00bb, a assur\u00e9 M. Soualem.Le diplomate a qualifi\u00e9 \u00ab\u00a0Il Cenacolo\u00a0\u00bb d'\u00a0\u00bborganisation non gouvernementale aux origines douteuses\u00a0\u00bb et \u00ab\u00a0dont les repr\u00e9sentants du jour ont reni\u00e9 les ancestrales origines de leurs identit\u00e9s et la charge immat\u00e9rielle de leur m\u00e9moire\u00a0\u00bb.<\/p>\n\n\n\n<p>Chokri Hafed<\/p>\n","protected":false},"excerpt":{"rendered":"<p>Le pr\u00e9sident de la R\u00e9publique, Abdelmadjid Tebboune a d\u00e9cid\u00e9 hier de la fermeture totale de l\u2019espace a\u00e9rien avec le Maroc.<\/p>\n","protected":false},"author":3,"featured_media":8904,"comment_status":"open","ping_status":"closed","sticky":false,"template":"","format":"standard","meta":{"colormag_page_container_layout":"default_layout","colormag_page_sidebar_layout":"default_layout","om_disable_all_campaigns":false,"_monsterinsights_skip_tracking":false,"_monsterinsights_sitenote_active":false,"_monsterinsights_sitenote_note":"","_monsterinsights_sitenote_category":0,"footnotes":"","_wpscppro_dont_share_socialmedia":false,"_wpscppro_custom_social_share_image":0,"_facebook_share_type":"","_twitter_share_type":"","_linkedin_share_type":"","_pinterest_share_type":"","_linkedin_share_type_page":"","_instagram_share_type":"","_medium_share_type":"","_threads_share_type":"","_google_business_share_type":"","_selected_social_profile":[],"_wpsp_enable_custom_social_template":false,"_wpsp_social_scheduling":{"enabled":false,"datetime":null,"platforms":[],"status":"template_only","dateOption":"today","timeOption":"now","customDays":"","customHours":"","customDate":"","customTime":"","schedulingType":"absolute"},"_wpsp_active_default_template":true},"categories":[52,27],"tags":[],"class_list":["post-8893","post","type-post","status-publish","format-standard","has-post-thumbnail","hentry","category-a-la-une","category-actualite"],"aioseo_notices":[],"yoast_head":"<!-- This site is optimized with the Yoast SEO plugin v27.5 - https:\/\/yoast.com\/product\/yoast-seo-wordpress\/ -->\n<title>Haut Conseil de s\u00e9curit\u00e9 : Fermeture de l\u2019espace a\u00e9rien pour tous les a\u00e9ronefs marocains - La Sentinelle<\/title>\n<meta name=\"robots\" content=\"index, follow, max-snippet:-1, max-image-preview:large, max-video-preview:-1\" \/>\n<link rel=\"canonical\" href=\"https:\/\/lasentinelle.dz\/index.php\/2021\/09\/23\/haut-conseil-de-securite-fermeture-de-lespace-aerien-pour-tous-les-aeronefs-marocains\/\" \/>\n<meta property=\"og:locale\" content=\"fr_FR\" \/>\n<meta property=\"og:type\" content=\"article\" \/>\n<meta property=\"og:title\" content=\"Haut Conseil de s\u00e9curit\u00e9 : Fermeture de l\u2019espace a\u00e9rien pour tous les a\u00e9ronefs marocains - La Sentinelle\" \/>\n<meta property=\"og:description\" content=\"Le pr\u00e9sident de la R\u00e9publique, Abdelmadjid Tebboune a d\u00e9cid\u00e9 hier de la fermeture totale de l\u2019espace a\u00e9rien avec le Maroc.\" \/>\n<meta property=\"og:url\" content=\"https:\/\/lasentinelle.dz\/index.php\/2021\/09\/23\/haut-conseil-de-securite-fermeture-de-lespace-aerien-pour-tous-les-aeronefs-marocains\/\" \/>\n<meta property=\"og:site_name\" content=\"La Sentinelle\" \/>\n<meta property=\"article:publisher\" content=\"https:\/\/www.facebook.com\/La-Sentinelle-104059864394773\" \/>\n<meta property=\"article:published_time\" content=\"2021-09-22T23:05:00+00:00\" \/>\n<meta property=\"og:image\" content=\"https:\/\/lasentinelle.dz\/wp-content\/uploads\/2021\/09\/haut-conseil-de-securite.jpeg\" \/>\n\t<meta property=\"og:image:width\" content=\"1600\" \/>\n\t<meta property=\"og:image:height\" content=\"1067\" \/>\n\t<meta property=\"og:image:type\" content=\"image\/jpeg\" \/>\n<meta name=\"author\" content=\"La Sentinelle\" \/>\n<meta name=\"twitter:card\" content=\"summary_large_image\" \/>\n<meta name=\"twitter:label1\" content=\"\u00c9crit par\" \/>\n\t<meta name=\"twitter:data1\" content=\"La Sentinelle\" \/>\n\t<meta name=\"twitter:label2\" content=\"Dur\u00e9e de lecture estim\u00e9e\" \/>\n\t<meta name=\"twitter:data2\" content=\"3 minutes\" \/>\n<script type=\"application\/ld+json\" class=\"yoast-schema-graph\">{\"@context\":\"https:\\\/\\\/schema.org\",\"@graph\":[{\"@type\":\"Article\",\"@id\":\"https:\\\/\\\/lasentinelle.dz\\\/index.php\\\/2021\\\/09\\\/23\\\/haut-conseil-de-securite-fermeture-de-lespace-aerien-pour-tous-les-aeronefs-marocains\\\/#article\",\"isPartOf\":{\"@id\":\"https:\\\/\\\/lasentinelle.dz\\\/index.php\\\/2021\\\/09\\\/23\\\/haut-conseil-de-securite-fermeture-de-lespace-aerien-pour-tous-les-aeronefs-marocains\\\/\"},\"author\":{\"name\":\"La Sentinelle\",\"@id\":\"https:\\\/\\\/lasentinelle.dz\\\/#\\\/schema\\\/person\\\/d865044e22e70a75174ce8bcad3acfb3\"},\"headline\":\"Haut Conseil de s\u00e9curit\u00e9 : Fermeture de l\u2019espace a\u00e9rien pour tous les a\u00e9ronefs marocains\",\"datePublished\":\"2021-09-22T23:05:00+00:00\",\"mainEntityOfPage\":{\"@id\":\"https:\\\/\\\/lasentinelle.dz\\\/index.php\\\/2021\\\/09\\\/23\\\/haut-conseil-de-securite-fermeture-de-lespace-aerien-pour-tous-les-aeronefs-marocains\\\/\"},\"wordCount\":665,\"commentCount\":0,\"publisher\":{\"@id\":\"https:\\\/\\\/lasentinelle.dz\\\/#organization\"},\"image\":{\"@id\":\"https:\\\/\\\/lasentinelle.dz\\\/index.php\\\/2021\\\/09\\\/23\\\/haut-conseil-de-securite-fermeture-de-lespace-aerien-pour-tous-les-aeronefs-marocains\\\/#primaryimage\"},\"thumbnailUrl\":\"https:\\\/\\\/lasentinelle.dz\\\/wp-content\\\/uploads\\\/2021\\\/09\\\/haut-conseil-de-securite.jpeg\",\"articleSection\":[\"\u00c0 la Une\",\"Actualit\u00e9\"],\"inLanguage\":\"fr-FR\",\"potentialAction\":[{\"@type\":\"CommentAction\",\"name\":\"Comment\",\"target\":[\"https:\\\/\\\/lasentinelle.dz\\\/index.php\\\/2021\\\/09\\\/23\\\/haut-conseil-de-securite-fermeture-de-lespace-aerien-pour-tous-les-aeronefs-marocains\\\/#respond\"]}]},{\"@type\":\"WebPage\",\"@id\":\"https:\\\/\\\/lasentinelle.dz\\\/index.php\\\/2021\\\/09\\\/23\\\/haut-conseil-de-securite-fermeture-de-lespace-aerien-pour-tous-les-aeronefs-marocains\\\/\",\"url\":\"https:\\\/\\\/lasentinelle.dz\\\/index.php\\\/2021\\\/09\\\/23\\\/haut-conseil-de-securite-fermeture-de-lespace-aerien-pour-tous-les-aeronefs-marocains\\\/\",\"name\":\"Haut Conseil de s\u00e9curit\u00e9 : Fermeture de l\u2019espace a\u00e9rien pour tous les a\u00e9ronefs marocains - La Sentinelle\",\"isPartOf\":{\"@id\":\"https:\\\/\\\/lasentinelle.dz\\\/#website\"},\"primaryImageOfPage\":{\"@id\":\"https:\\\/\\\/lasentinelle.dz\\\/index.php\\\/2021\\\/09\\\/23\\\/haut-conseil-de-securite-fermeture-de-lespace-aerien-pour-tous-les-aeronefs-marocains\\\/#primaryimage\"},\"image\":{\"@id\":\"https:\\\/\\\/lasentinelle.dz\\\/index.php\\\/2021\\\/09\\\/23\\\/haut-conseil-de-securite-fermeture-de-lespace-aerien-pour-tous-les-aeronefs-marocains\\\/#primaryimage\"},\"thumbnailUrl\":\"https:\\\/\\\/lasentinelle.dz\\\/wp-content\\\/uploads\\\/2021\\\/09\\\/haut-conseil-de-securite.jpeg\",\"datePublished\":\"2021-09-22T23:05:00+00:00\",\"breadcrumb\":{\"@id\":\"https:\\\/\\\/lasentinelle.dz\\\/index.php\\\/2021\\\/09\\\/23\\\/haut-conseil-de-securite-fermeture-de-lespace-aerien-pour-tous-les-aeronefs-marocains\\\/#breadcrumb\"},\"inLanguage\":\"fr-FR\",\"potentialAction\":[{\"@type\":\"ReadAction\",\"target\":[\"https:\\\/\\\/lasentinelle.dz\\\/index.php\\\/2021\\\/09\\\/23\\\/haut-conseil-de-securite-fermeture-de-lespace-aerien-pour-tous-les-aeronefs-marocains\\\/\"]}]},{\"@type\":\"ImageObject\",\"inLanguage\":\"fr-FR\",\"@id\":\"https:\\\/\\\/lasentinelle.dz\\\/index.php\\\/2021\\\/09\\\/23\\\/haut-conseil-de-securite-fermeture-de-lespace-aerien-pour-tous-les-aeronefs-marocains\\\/#primaryimage\",\"url\":\"https:\\\/\\\/lasentinelle.dz\\\/wp-content\\\/uploads\\\/2021\\\/09\\\/haut-conseil-de-securite.jpeg\",\"contentUrl\":\"https:\\\/\\\/lasentinelle.dz\\\/wp-content\\\/uploads\\\/2021\\\/09\\\/haut-conseil-de-securite.jpeg\",\"width\":1600,\"height\":1067},{\"@type\":\"BreadcrumbList\",\"@id\":\"https:\\\/\\\/lasentinelle.dz\\\/index.php\\\/2021\\\/09\\\/23\\\/haut-conseil-de-securite-fermeture-de-lespace-aerien-pour-tous-les-aeronefs-marocains\\\/#breadcrumb\",\"itemListElement\":[{\"@type\":\"ListItem\",\"position\":1,\"name\":\"Accueil\",\"item\":\"https:\\\/\\\/lasentinelle.dz\\\/\"},{\"@type\":\"ListItem\",\"position\":2,\"name\":\"Haut Conseil de s\u00e9curit\u00e9 : Fermeture de l\u2019espace a\u00e9rien pour tous les a\u00e9ronefs marocains\"}]},{\"@type\":\"WebSite\",\"@id\":\"https:\\\/\\\/lasentinelle.dz\\\/#website\",\"url\":\"https:\\\/\\\/lasentinelle.dz\\\/\",\"name\":\"La Sentinelle\",\"description\":\"Quotidien national d&#039;information\",\"publisher\":{\"@id\":\"https:\\\/\\\/lasentinelle.dz\\\/#organization\"},\"potentialAction\":[{\"@type\":\"SearchAction\",\"target\":{\"@type\":\"EntryPoint\",\"urlTemplate\":\"https:\\\/\\\/lasentinelle.dz\\\/?s={search_term_string}\"},\"query-input\":{\"@type\":\"PropertyValueSpecification\",\"valueRequired\":true,\"valueName\":\"search_term_string\"}}],\"inLanguage\":\"fr-FR\"},{\"@type\":\"Organization\",\"@id\":\"https:\\\/\\\/lasentinelle.dz\\\/#organization\",\"name\":\"Quotidien La Sentinelle\",\"url\":\"https:\\\/\\\/lasentinelle.dz\\\/\",\"logo\":{\"@type\":\"ImageObject\",\"inLanguage\":\"fr-FR\",\"@id\":\"https:\\\/\\\/lasentinelle.dz\\\/#\\\/schema\\\/logo\\\/image\\\/\",\"url\":\"https:\\\/\\\/lasentinelle.dz\\\/wp-content\\\/uploads\\\/2021\\\/09\\\/logo-sentinelleSLOGAN-1.png\",\"contentUrl\":\"https:\\\/\\\/lasentinelle.dz\\\/wp-content\\\/uploads\\\/2021\\\/09\\\/logo-sentinelleSLOGAN-1.png\",\"width\":615,\"height\":142,\"caption\":\"Quotidien La Sentinelle\"},\"image\":{\"@id\":\"https:\\\/\\\/lasentinelle.dz\\\/#\\\/schema\\\/logo\\\/image\\\/\"},\"sameAs\":[\"https:\\\/\\\/www.facebook.com\\\/La-Sentinelle-104059864394773\"]},{\"@type\":\"Person\",\"@id\":\"https:\\\/\\\/lasentinelle.dz\\\/#\\\/schema\\\/person\\\/d865044e22e70a75174ce8bcad3acfb3\",\"name\":\"La Sentinelle\",\"image\":{\"@type\":\"ImageObject\",\"inLanguage\":\"fr-FR\",\"@id\":\"https:\\\/\\\/secure.gravatar.com\\\/avatar\\\/57de8e5d4b15d43fb361a71fbb36338450fe67865b528a43dd10ef7c51a20392?s=96&d=mm&r=g\",\"url\":\"https:\\\/\\\/secure.gravatar.com\\\/avatar\\\/57de8e5d4b15d43fb361a71fbb36338450fe67865b528a43dd10ef7c51a20392?s=96&d=mm&r=g\",\"contentUrl\":\"https:\\\/\\\/secure.gravatar.com\\\/avatar\\\/57de8e5d4b15d43fb361a71fbb36338450fe67865b528a43dd10ef7c51a20392?s=96&d=mm&r=g\",\"caption\":\"La Sentinelle\"},\"sameAs\":[\"http:\\\/\\\/www.lasentinelle.dz\"],\"url\":\"https:\\\/\\\/lasentinelle.dz\\\/author\\\/redaction\\\/\"}]}<\/script>\n<!-- \/ Yoast SEO plugin. -->","yoast_head_json":{"title":"Haut Conseil de s\u00e9curit\u00e9 : Fermeture de l\u2019espace a\u00e9rien pour tous les a\u00e9ronefs marocains - La Sentinelle","robots":{"index":"index","follow":"follow","max-snippet":"max-snippet:-1","max-image-preview":"max-image-preview:large","max-video-preview":"max-video-preview:-1"},"canonical":"https:\/\/lasentinelle.dz\/index.php\/2021\/09\/23\/haut-conseil-de-securite-fermeture-de-lespace-aerien-pour-tous-les-aeronefs-marocains\/","og_locale":"fr_FR","og_type":"article","og_title":"Haut Conseil de s\u00e9curit\u00e9 : Fermeture de l\u2019espace a\u00e9rien pour tous les a\u00e9ronefs marocains - La Sentinelle","og_description":"Le pr\u00e9sident de la R\u00e9publique, Abdelmadjid Tebboune a d\u00e9cid\u00e9 hier de la fermeture totale de l\u2019espace a\u00e9rien avec le Maroc.","og_url":"https:\/\/lasentinelle.dz\/index.php\/2021\/09\/23\/haut-conseil-de-securite-fermeture-de-lespace-aerien-pour-tous-les-aeronefs-marocains\/","og_site_name":"La Sentinelle","article_publisher":"https:\/\/www.facebook.com\/La-Sentinelle-104059864394773","article_published_time":"2021-09-22T23:05:00+00:00","og_image":[{"width":1600,"height":1067,"url":"https:\/\/lasentinelle.dz\/wp-content\/uploads\/2021\/09\/haut-conseil-de-securite.jpeg","type":"image\/jpeg"}],"author":"La Sentinelle","twitter_card":"summary_large_image","twitter_misc":{"\u00c9crit par":"La Sentinelle","Dur\u00e9e de lecture estim\u00e9e":"3 minutes"},"schema":{"@context":"https:\/\/schema.org","@graph":[{"@type":"Article","@id":"https:\/\/lasentinelle.dz\/index.php\/2021\/09\/23\/haut-conseil-de-securite-fermeture-de-lespace-aerien-pour-tous-les-aeronefs-marocains\/#article","isPartOf":{"@id":"https:\/\/lasentinelle.dz\/index.php\/2021\/09\/23\/haut-conseil-de-securite-fermeture-de-lespace-aerien-pour-tous-les-aeronefs-marocains\/"},"author":{"name":"La Sentinelle","@id":"https:\/\/lasentinelle.dz\/#\/schema\/person\/d865044e22e70a75174ce8bcad3acfb3"},"headline":"Haut Conseil de s\u00e9curit\u00e9 : Fermeture de l\u2019espace a\u00e9rien pour tous les a\u00e9ronefs marocains","datePublished":"2021-09-22T23:05:00+00:00","mainEntityOfPage":{"@id":"https:\/\/lasentinelle.dz\/index.php\/2021\/09\/23\/haut-conseil-de-securite-fermeture-de-lespace-aerien-pour-tous-les-aeronefs-marocains\/"},"wordCount":665,"commentCount":0,"publisher":{"@id":"https:\/\/lasentinelle.dz\/#organization"},"image":{"@id":"https:\/\/lasentinelle.dz\/index.php\/2021\/09\/23\/haut-conseil-de-securite-fermeture-de-lespace-aerien-pour-tous-les-aeronefs-marocains\/#primaryimage"},"thumbnailUrl":"https:\/\/lasentinelle.dz\/wp-content\/uploads\/2021\/09\/haut-conseil-de-securite.jpeg","articleSection":["\u00c0 la Une","Actualit\u00e9"],"inLanguage":"fr-FR","potentialAction":[{"@type":"CommentAction","name":"Comment","target":["https:\/\/lasentinelle.dz\/index.php\/2021\/09\/23\/haut-conseil-de-securite-fermeture-de-lespace-aerien-pour-tous-les-aeronefs-marocains\/#respond"]}]},{"@type":"WebPage","@id":"https:\/\/lasentinelle.dz\/index.php\/2021\/09\/23\/haut-conseil-de-securite-fermeture-de-lespace-aerien-pour-tous-les-aeronefs-marocains\/","url":"https:\/\/lasentinelle.dz\/index.php\/2021\/09\/23\/haut-conseil-de-securite-fermeture-de-lespace-aerien-pour-tous-les-aeronefs-marocains\/","name":"Haut Conseil de s\u00e9curit\u00e9 : Fermeture de l\u2019espace a\u00e9rien pour tous les a\u00e9ronefs marocains - La Sentinelle","isPartOf":{"@id":"https:\/\/lasentinelle.dz\/#website"},"primaryImageOfPage":{"@id":"https:\/\/lasentinelle.dz\/index.php\/2021\/09\/23\/haut-conseil-de-securite-fermeture-de-lespace-aerien-pour-tous-les-aeronefs-marocains\/#primaryimage"},"image":{"@id":"https:\/\/lasentinelle.dz\/index.php\/2021\/09\/23\/haut-conseil-de-securite-fermeture-de-lespace-aerien-pour-tous-les-aeronefs-marocains\/#primaryimage"},"thumbnailUrl":"https:\/\/lasentinelle.dz\/wp-content\/uploads\/2021\/09\/haut-conseil-de-securite.jpeg","datePublished":"2021-09-22T23:05:00+00:00","breadcrumb":{"@id":"https:\/\/lasentinelle.dz\/index.php\/2021\/09\/23\/haut-conseil-de-securite-fermeture-de-lespace-aerien-pour-tous-les-aeronefs-marocains\/#breadcrumb"},"inLanguage":"fr-FR","potentialAction":[{"@type":"ReadAction","target":["https:\/\/lasentinelle.dz\/index.php\/2021\/09\/23\/haut-conseil-de-securite-fermeture-de-lespace-aerien-pour-tous-les-aeronefs-marocains\/"]}]},{"@type":"ImageObject","inLanguage":"fr-FR","@id":"https:\/\/lasentinelle.dz\/index.php\/2021\/09\/23\/haut-conseil-de-securite-fermeture-de-lespace-aerien-pour-tous-les-aeronefs-marocains\/#primaryimage","url":"https:\/\/lasentinelle.dz\/wp-content\/uploads\/2021\/09\/haut-conseil-de-securite.jpeg","contentUrl":"https:\/\/lasentinelle.dz\/wp-content\/uploads\/2021\/09\/haut-conseil-de-securite.jpeg","width":1600,"height":1067},{"@type":"BreadcrumbList","@id":"https:\/\/lasentinelle.dz\/index.php\/2021\/09\/23\/haut-conseil-de-securite-fermeture-de-lespace-aerien-pour-tous-les-aeronefs-marocains\/#breadcrumb","itemListElement":[{"@type":"ListItem","position":1,"name":"Accueil","item":"https:\/\/lasentinelle.dz\/"},{"@type":"ListItem","position":2,"name":"Haut Conseil de s\u00e9curit\u00e9 : Fermeture de l\u2019espace a\u00e9rien pour tous les a\u00e9ronefs marocains"}]},{"@type":"WebSite","@id":"https:\/\/lasentinelle.dz\/#website","url":"https:\/\/lasentinelle.dz\/","name":"La Sentinelle","description":"Quotidien national d&#039;information","publisher":{"@id":"https:\/\/lasentinelle.dz\/#organization"},"potentialAction":[{"@type":"SearchAction","target":{"@type":"EntryPoint","urlTemplate":"https:\/\/lasentinelle.dz\/?s={search_term_string}"},"query-input":{"@type":"PropertyValueSpecification","valueRequired":true,"valueName":"search_term_string"}}],"inLanguage":"fr-FR"},{"@type":"Organization","@id":"https:\/\/lasentinelle.dz\/#organization","name":"Quotidien La Sentinelle","url":"https:\/\/lasentinelle.dz\/","logo":{"@type":"ImageObject","inLanguage":"fr-FR","@id":"https:\/\/lasentinelle.dz\/#\/schema\/logo\/image\/","url":"https:\/\/lasentinelle.dz\/wp-content\/uploads\/2021\/09\/logo-sentinelleSLOGAN-1.png","contentUrl":"https:\/\/lasentinelle.dz\/wp-content\/uploads\/2021\/09\/logo-sentinelleSLOGAN-1.png","width":615,"height":142,"caption":"Quotidien La Sentinelle"},"image":{"@id":"https:\/\/lasentinelle.dz\/#\/schema\/logo\/image\/"},"sameAs":["https:\/\/www.facebook.com\/La-Sentinelle-104059864394773"]},{"@type":"Person","@id":"https:\/\/lasentinelle.dz\/#\/schema\/person\/d865044e22e70a75174ce8bcad3acfb3","name":"La Sentinelle","image":{"@type":"ImageObject","inLanguage":"fr-FR","@id":"https:\/\/secure.gravatar.com\/avatar\/57de8e5d4b15d43fb361a71fbb36338450fe67865b528a43dd10ef7c51a20392?s=96&d=mm&r=g","url":"https:\/\/secure.gravatar.com\/avatar\/57de8e5d4b15d43fb361a71fbb36338450fe67865b528a43dd10ef7c51a20392?s=96&d=mm&r=g","contentUrl":"https:\/\/secure.gravatar.com\/avatar\/57de8e5d4b15d43fb361a71fbb36338450fe67865b528a43dd10ef7c51a20392?s=96&d=mm&r=g","caption":"La Sentinelle"},"sameAs":["http:\/\/www.lasentinelle.dz"],"url":"https:\/\/lasentinelle.dz\/author\/redaction\/"}]}},"_links":{"self":[{"href":"https:\/\/lasentinelle.dz\/index.php\/wp-json\/wp\/v2\/posts\/8893","targetHints":{"allow":["GET"]}}],"collection":[{"href":"https:\/\/lasentinelle.dz\/index.php\/wp-json\/wp\/v2\/posts"}],"about":[{"href":"https:\/\/lasentinelle.dz\/index.php\/wp-json\/wp\/v2\/types\/post"}],"author":[{"embeddable":true,"href":"https:\/\/lasentinelle.dz\/index.php\/wp-json\/wp\/v2\/users\/3"}],"replies":[{"embeddable":true,"href":"https:\/\/lasentinelle.dz\/index.php\/wp-json\/wp\/v2\/comments?post=8893"}],"version-history":[{"count":1,"href":"https:\/\/lasentinelle.dz\/index.php\/wp-json\/wp\/v2\/posts\/8893\/revisions"}],"predecessor-version":[{"id":8905,"href":"https:\/\/lasentinelle.dz\/index.php\/wp-json\/wp\/v2\/posts\/8893\/revisions\/8905"}],"wp:featuredmedia":[{"embeddable":true,"href":"https:\/\/lasentinelle.dz\/index.php\/wp-json\/wp\/v2\/media\/8904"}],"wp:attachment":[{"href":"https:\/\/lasentinelle.dz\/index.php\/wp-json\/wp\/v2\/media?parent=8893"}],"wp:term":[{"taxonomy":"category","embeddable":true,"href":"https:\/\/lasentinelle.dz\/index.php\/wp-json\/wp\/v2\/categories?post=8893"},{"taxonomy":"post_tag","embeddable":true,"href":"https:\/\/lasentinelle.dz\/index.php\/wp-json\/wp\/v2\/tags?post=8893"}],"curies":[{"name":"wp","href":"https:\/\/api.w.org\/{rel}","templated":true}]}}