{"id":8946,"date":"2021-09-25T00:01:00","date_gmt":"2021-09-24T23:01:00","guid":{"rendered":"https:\/\/lasentinelle.dz\/?p=8946"},"modified":"2021-09-24T15:01:31","modified_gmt":"2021-09-24T14:01:31","slug":"ancien-attaquant-de-la-jsmb-et-de-la-jsk-rachid-dali-tire-sa-reverence","status":"publish","type":"post","link":"https:\/\/lasentinelle.dz\/index.php\/2021\/09\/25\/ancien-attaquant-de-la-jsmb-et-de-la-jsk-rachid-dali-tire-sa-reverence\/","title":{"rendered":"Ancien attaquant de la JSMB et de la JSK : Rachid Dali tire sa r\u00e9v\u00e9rence"},"content":{"rendered":"\n<p>L\u2019ancien baroudeur de la JSM Bejaia, de la JS Kabylie et de l&rsquo;Equipe nationale, Rachid Dali, a tir\u00e9 sa r\u00e9v\u00e9rence, jeudi apr\u00e8s-midi \u00e0 Bejaia, apr\u00e8s une longue maladie. Il s&rsquo;est \u00e9teint dans sa maison malgr\u00e9 tous les soins dont il a \u00e9t\u00e9 entour\u00e9, notamment un s\u00e9jour m\u00e9dical de plusieurs mois en France. Ces derni\u00e8res ann\u00e9es, il semblait visiblement affect\u00e9, marchant difficilement parlant peu et faisait de rares apparitions, notamment au mythique \u00ab\u00a0caf\u00e9 Cintra\u00a0\u00bb, fief des amoureux de la JSMB, lesquels c\u00e9l\u00e9braient \u00e0 leur fa\u00e7on chacune de ses apparitions. Il \u00e9tait leur idole et leur porte flambeau. Au-del\u00e0 de cette image d&rsquo;Epinal, Rachid \u00e9tait plus que \u00e7a. C\u2019\u00e9tait le beau gosse, le gar\u00e7on aux yeux bleu, le s\u00e9ducteur et surtout le boute-en-train, toujours pr\u00eat \u00e0 sortir une anecdote, une blague pour semer la bonhomie et la joie dans son entourage. Rachid Dali est venu au football en 1964, paradoxalement comme gardien de but. Mais rapidement, il s&rsquo;installe au poste d\u2019avant-centre, aid\u00e9 par son entraineur Mustapha Labdouci, qui d\u00e9c\u00e8le pr\u00e9cocement en lui les qualit\u00e9s d\u2019un attaquant de pointe hors pair. Et depuis, il n&rsquo;a eu de cesse de briller, d\u2019autant qu\u2019il avait une maitrise tout aussi pr\u00e9coce de ses deux pieds, doubl\u00e9e d\u2019une puissance de tir rare. Il \u00e9tait encore dans la cat\u00e9gorie des Juniors. Du reste, il s\u2019est encore perfectionne, en allant jouer en France avec l\u2019\u00e9quipe de \u00ab\u00a0Moulin 3\u00a0\u00bb \u00e9voluant en 3eme division fran\u00e7aise o\u00f9 il a r\u00e9gal\u00e9 les spectateurs toute une saison. A terme, il rentre au bercail et rejoint le compartiment d\u2019attaque de la JSMB qu\u2019il n\u2019a plus quitt\u00e9 qu\u2019en 1972 o\u00f9 il a rejoint la JSK. Entre temps, son club de c\u0153ur a successivement, gr\u00e2ce \u00e0 son apport, a acc\u00e9d\u00e9 en r\u00e9gionale puis en nationale 2. Et C\u2019est durant cette m\u00eame ann\u00e9e, alors qu\u2019il \u00e9voluait en N\u00b011, qu\u2019il f\u00fbt convoqu\u00e9 en Equipe nationale et enchain\u00e9, du 2 d\u00e9cembre au 11 mai 1975, pas moins de 29 buts. A l\u2019\u00e9vidence, c\u2019est \u00e0 la JSK qu\u2019il a explos\u00e9, remportant&nbsp; trois (3) championnats d&rsquo;Alg\u00e9rie (1973,1974 et 1977), une Coupe d\u2019Alg\u00e9rie (1977) et finaliste de la Coupe du Maghreb des clubs champions. Un palmar\u00e8s \u00e9loquent qui en dit sur son potentiel et son parcours. M\u00eame apr\u00e8s son retour \u00e0 Bejaia sans s\u2019impliquer directement dans la vie de son club f\u00e9tiche la JSMB, il a continu\u00e9 \u00e0 donner ses conseils et \u00e0 aider ses dirigeants \u00e0 surmonter les difficult\u00e9s en pr\u00eachant surtout la bonne par ole. Aujourd\u2019hui il tire sa r\u00e9v\u00e9rence en infligeant une peine incommensurable \u00e0 tous les amoureux du football. Mais il restera \u00e0 jamais vivant dans leur esprit. C\u2019est un homme \u00e9ternel.<\/p>\n\n\n\n<h2 class=\"wp-block-heading\">APS<\/h2>\n\n\n\n<p><\/p>\n","protected":false},"excerpt":{"rendered":"<p>L\u2019ancien baroudeur de la JSM Bejaia, de la JS Kabylie et de l&rsquo;Equipe nationale, Rachid Dali, a tir\u00e9 sa r\u00e9v\u00e9rence,<\/p>\n","protected":false},"author":3,"featured_media":8949,"comment_status":"open","ping_status":"closed","sticky":false,"template":"","format":"standard","meta":{"colormag_page_container_layout":"default_layout","colormag_page_sidebar_layout":"default_layout","om_disable_all_campaigns":false,"_monsterinsights_skip_tracking":false,"_monsterinsights_sitenote_active":false,"_monsterinsights_sitenote_note":"","_monsterinsights_sitenote_category":0,"footnotes":"","_wpscppro_dont_share_socialmedia":false,"_wpscppro_custom_social_share_image":0,"_facebook_share_type":"","_twitter_share_type":"","_linkedin_share_type":"","_pinterest_share_type":"","_linkedin_share_type_page":"","_instagram_share_type":"","_medium_share_type":"","_threads_share_type":"","_google_business_share_type":"","_selected_social_profile":[],"_wpsp_enable_custom_social_template":false,"_wpsp_social_scheduling":{"enabled":false,"datetime":null,"platforms":[],"status":"template_only","dateOption":"today","timeOption":"now","customDays":"","customHours":"","customDate":"","customTime":"","schedulingType":"absolute"},"_wpsp_active_default_template":true},"categories":[33],"tags":[],"class_list":["post-8946","post","type-post","status-publish","format-standard","has-post-thumbnail","hentry","category-sports"],"aioseo_notices":[],"yoast_head":"<!-- This site is optimized with the Yoast SEO plugin v27.5 - https:\/\/yoast.com\/product\/yoast-seo-wordpress\/ -->\n<title>Ancien attaquant de la JSMB et de la JSK : Rachid Dali tire sa r\u00e9v\u00e9rence - La Sentinelle<\/title>\n<meta name=\"robots\" content=\"index, follow, max-snippet:-1, max-image-preview:large, max-video-preview:-1\" \/>\n<link rel=\"canonical\" href=\"https:\/\/lasentinelle.dz\/index.php\/2021\/09\/25\/ancien-attaquant-de-la-jsmb-et-de-la-jsk-rachid-dali-tire-sa-reverence\/\" \/>\n<meta property=\"og:locale\" content=\"fr_FR\" \/>\n<meta property=\"og:type\" content=\"article\" \/>\n<meta property=\"og:title\" content=\"Ancien attaquant de la JSMB et de la JSK : Rachid Dali tire sa r\u00e9v\u00e9rence - La Sentinelle\" \/>\n<meta property=\"og:description\" content=\"L\u2019ancien baroudeur de la JSM Bejaia, de la JS Kabylie et de l&rsquo;Equipe nationale, Rachid Dali, a tir\u00e9 sa r\u00e9v\u00e9rence,\" \/>\n<meta property=\"og:url\" content=\"https:\/\/lasentinelle.dz\/index.php\/2021\/09\/25\/ancien-attaquant-de-la-jsmb-et-de-la-jsk-rachid-dali-tire-sa-reverence\/\" \/>\n<meta property=\"og:site_name\" content=\"La Sentinelle\" \/>\n<meta property=\"article:publisher\" content=\"https:\/\/www.facebook.com\/La-Sentinelle-104059864394773\" \/>\n<meta property=\"article:published_time\" content=\"2021-09-24T23:01:00+00:00\" \/>\n<meta property=\"og:image\" content=\"https:\/\/lasentinelle.dz\/wp-content\/uploads\/2021\/09\/dali.jpg\" \/>\n\t<meta property=\"og:image:width\" content=\"720\" \/>\n\t<meta property=\"og:image:height\" content=\"960\" \/>\n\t<meta property=\"og:image:type\" content=\"image\/jpeg\" \/>\n<meta name=\"author\" content=\"La Sentinelle\" \/>\n<meta name=\"twitter:card\" content=\"summary_large_image\" \/>\n<meta name=\"twitter:label1\" content=\"\u00c9crit par\" \/>\n\t<meta name=\"twitter:data1\" content=\"La Sentinelle\" \/>\n\t<meta name=\"twitter:label2\" content=\"Dur\u00e9e de lecture estim\u00e9e\" \/>\n\t<meta name=\"twitter:data2\" content=\"2 minutes\" \/>\n<script type=\"application\/ld+json\" class=\"yoast-schema-graph\">{\"@context\":\"https:\\\/\\\/schema.org\",\"@graph\":[{\"@type\":\"Article\",\"@id\":\"https:\\\/\\\/lasentinelle.dz\\\/index.php\\\/2021\\\/09\\\/25\\\/ancien-attaquant-de-la-jsmb-et-de-la-jsk-rachid-dali-tire-sa-reverence\\\/#article\",\"isPartOf\":{\"@id\":\"https:\\\/\\\/lasentinelle.dz\\\/index.php\\\/2021\\\/09\\\/25\\\/ancien-attaquant-de-la-jsmb-et-de-la-jsk-rachid-dali-tire-sa-reverence\\\/\"},\"author\":{\"name\":\"La Sentinelle\",\"@id\":\"https:\\\/\\\/lasentinelle.dz\\\/#\\\/schema\\\/person\\\/d865044e22e70a75174ce8bcad3acfb3\"},\"headline\":\"Ancien attaquant de la JSMB et de la JSK : Rachid Dali tire sa r\u00e9v\u00e9rence\",\"datePublished\":\"2021-09-24T23:01:00+00:00\",\"mainEntityOfPage\":{\"@id\":\"https:\\\/\\\/lasentinelle.dz\\\/index.php\\\/2021\\\/09\\\/25\\\/ancien-attaquant-de-la-jsmb-et-de-la-jsk-rachid-dali-tire-sa-reverence\\\/\"},\"wordCount\":498,\"commentCount\":0,\"publisher\":{\"@id\":\"https:\\\/\\\/lasentinelle.dz\\\/#organization\"},\"image\":{\"@id\":\"https:\\\/\\\/lasentinelle.dz\\\/index.php\\\/2021\\\/09\\\/25\\\/ancien-attaquant-de-la-jsmb-et-de-la-jsk-rachid-dali-tire-sa-reverence\\\/#primaryimage\"},\"thumbnailUrl\":\"https:\\\/\\\/lasentinelle.dz\\\/wp-content\\\/uploads\\\/2021\\\/09\\\/dali.jpg\",\"articleSection\":[\"Sports\"],\"inLanguage\":\"fr-FR\",\"potentialAction\":[{\"@type\":\"CommentAction\",\"name\":\"Comment\",\"target\":[\"https:\\\/\\\/lasentinelle.dz\\\/index.php\\\/2021\\\/09\\\/25\\\/ancien-attaquant-de-la-jsmb-et-de-la-jsk-rachid-dali-tire-sa-reverence\\\/#respond\"]}]},{\"@type\":\"WebPage\",\"@id\":\"https:\\\/\\\/lasentinelle.dz\\\/index.php\\\/2021\\\/09\\\/25\\\/ancien-attaquant-de-la-jsmb-et-de-la-jsk-rachid-dali-tire-sa-reverence\\\/\",\"url\":\"https:\\\/\\\/lasentinelle.dz\\\/index.php\\\/2021\\\/09\\\/25\\\/ancien-attaquant-de-la-jsmb-et-de-la-jsk-rachid-dali-tire-sa-reverence\\\/\",\"name\":\"Ancien attaquant de la JSMB et de la JSK : Rachid Dali tire sa r\u00e9v\u00e9rence - La Sentinelle\",\"isPartOf\":{\"@id\":\"https:\\\/\\\/lasentinelle.dz\\\/#website\"},\"primaryImageOfPage\":{\"@id\":\"https:\\\/\\\/lasentinelle.dz\\\/index.php\\\/2021\\\/09\\\/25\\\/ancien-attaquant-de-la-jsmb-et-de-la-jsk-rachid-dali-tire-sa-reverence\\\/#primaryimage\"},\"image\":{\"@id\":\"https:\\\/\\\/lasentinelle.dz\\\/index.php\\\/2021\\\/09\\\/25\\\/ancien-attaquant-de-la-jsmb-et-de-la-jsk-rachid-dali-tire-sa-reverence\\\/#primaryimage\"},\"thumbnailUrl\":\"https:\\\/\\\/lasentinelle.dz\\\/wp-content\\\/uploads\\\/2021\\\/09\\\/dali.jpg\",\"datePublished\":\"2021-09-24T23:01:00+00:00\",\"breadcrumb\":{\"@id\":\"https:\\\/\\\/lasentinelle.dz\\\/index.php\\\/2021\\\/09\\\/25\\\/ancien-attaquant-de-la-jsmb-et-de-la-jsk-rachid-dali-tire-sa-reverence\\\/#breadcrumb\"},\"inLanguage\":\"fr-FR\",\"potentialAction\":[{\"@type\":\"ReadAction\",\"target\":[\"https:\\\/\\\/lasentinelle.dz\\\/index.php\\\/2021\\\/09\\\/25\\\/ancien-attaquant-de-la-jsmb-et-de-la-jsk-rachid-dali-tire-sa-reverence\\\/\"]}]},{\"@type\":\"ImageObject\",\"inLanguage\":\"fr-FR\",\"@id\":\"https:\\\/\\\/lasentinelle.dz\\\/index.php\\\/2021\\\/09\\\/25\\\/ancien-attaquant-de-la-jsmb-et-de-la-jsk-rachid-dali-tire-sa-reverence\\\/#primaryimage\",\"url\":\"https:\\\/\\\/lasentinelle.dz\\\/wp-content\\\/uploads\\\/2021\\\/09\\\/dali.jpg\",\"contentUrl\":\"https:\\\/\\\/lasentinelle.dz\\\/wp-content\\\/uploads\\\/2021\\\/09\\\/dali.jpg\",\"width\":720,\"height\":960},{\"@type\":\"BreadcrumbList\",\"@id\":\"https:\\\/\\\/lasentinelle.dz\\\/index.php\\\/2021\\\/09\\\/25\\\/ancien-attaquant-de-la-jsmb-et-de-la-jsk-rachid-dali-tire-sa-reverence\\\/#breadcrumb\",\"itemListElement\":[{\"@type\":\"ListItem\",\"position\":1,\"name\":\"Accueil\",\"item\":\"https:\\\/\\\/lasentinelle.dz\\\/\"},{\"@type\":\"ListItem\",\"position\":2,\"name\":\"Ancien attaquant de la JSMB et de la JSK : Rachid Dali tire sa r\u00e9v\u00e9rence\"}]},{\"@type\":\"WebSite\",\"@id\":\"https:\\\/\\\/lasentinelle.dz\\\/#website\",\"url\":\"https:\\\/\\\/lasentinelle.dz\\\/\",\"name\":\"La Sentinelle\",\"description\":\"Quotidien national d&#039;information\",\"publisher\":{\"@id\":\"https:\\\/\\\/lasentinelle.dz\\\/#organization\"},\"potentialAction\":[{\"@type\":\"SearchAction\",\"target\":{\"@type\":\"EntryPoint\",\"urlTemplate\":\"https:\\\/\\\/lasentinelle.dz\\\/?s={search_term_string}\"},\"query-input\":{\"@type\":\"PropertyValueSpecification\",\"valueRequired\":true,\"valueName\":\"search_term_string\"}}],\"inLanguage\":\"fr-FR\"},{\"@type\":\"Organization\",\"@id\":\"https:\\\/\\\/lasentinelle.dz\\\/#organization\",\"name\":\"Quotidien La Sentinelle\",\"url\":\"https:\\\/\\\/lasentinelle.dz\\\/\",\"logo\":{\"@type\":\"ImageObject\",\"inLanguage\":\"fr-FR\",\"@id\":\"https:\\\/\\\/lasentinelle.dz\\\/#\\\/schema\\\/logo\\\/image\\\/\",\"url\":\"https:\\\/\\\/lasentinelle.dz\\\/wp-content\\\/uploads\\\/2021\\\/09\\\/logo-sentinelleSLOGAN-1.png\",\"contentUrl\":\"https:\\\/\\\/lasentinelle.dz\\\/wp-content\\\/uploads\\\/2021\\\/09\\\/logo-sentinelleSLOGAN-1.png\",\"width\":615,\"height\":142,\"caption\":\"Quotidien La Sentinelle\"},\"image\":{\"@id\":\"https:\\\/\\\/lasentinelle.dz\\\/#\\\/schema\\\/logo\\\/image\\\/\"},\"sameAs\":[\"https:\\\/\\\/www.facebook.com\\\/La-Sentinelle-104059864394773\"]},{\"@type\":\"Person\",\"@id\":\"https:\\\/\\\/lasentinelle.dz\\\/#\\\/schema\\\/person\\\/d865044e22e70a75174ce8bcad3acfb3\",\"name\":\"La Sentinelle\",\"image\":{\"@type\":\"ImageObject\",\"inLanguage\":\"fr-FR\",\"@id\":\"https:\\\/\\\/secure.gravatar.com\\\/avatar\\\/57de8e5d4b15d43fb361a71fbb36338450fe67865b528a43dd10ef7c51a20392?s=96&d=mm&r=g\",\"url\":\"https:\\\/\\\/secure.gravatar.com\\\/avatar\\\/57de8e5d4b15d43fb361a71fbb36338450fe67865b528a43dd10ef7c51a20392?s=96&d=mm&r=g\",\"contentUrl\":\"https:\\\/\\\/secure.gravatar.com\\\/avatar\\\/57de8e5d4b15d43fb361a71fbb36338450fe67865b528a43dd10ef7c51a20392?s=96&d=mm&r=g\",\"caption\":\"La Sentinelle\"},\"sameAs\":[\"http:\\\/\\\/www.lasentinelle.dz\"],\"url\":\"https:\\\/\\\/lasentinelle.dz\\\/author\\\/redaction\\\/\"}]}<\/script>\n<!-- \/ Yoast SEO plugin. -->","yoast_head_json":{"title":"Ancien attaquant de la JSMB et de la JSK : Rachid Dali tire sa r\u00e9v\u00e9rence - La Sentinelle","robots":{"index":"index","follow":"follow","max-snippet":"max-snippet:-1","max-image-preview":"max-image-preview:large","max-video-preview":"max-video-preview:-1"},"canonical":"https:\/\/lasentinelle.dz\/index.php\/2021\/09\/25\/ancien-attaquant-de-la-jsmb-et-de-la-jsk-rachid-dali-tire-sa-reverence\/","og_locale":"fr_FR","og_type":"article","og_title":"Ancien attaquant de la JSMB et de la JSK : Rachid Dali tire sa r\u00e9v\u00e9rence - La Sentinelle","og_description":"L\u2019ancien baroudeur de la JSM Bejaia, de la JS Kabylie et de l&rsquo;Equipe nationale, Rachid Dali, a tir\u00e9 sa r\u00e9v\u00e9rence,","og_url":"https:\/\/lasentinelle.dz\/index.php\/2021\/09\/25\/ancien-attaquant-de-la-jsmb-et-de-la-jsk-rachid-dali-tire-sa-reverence\/","og_site_name":"La Sentinelle","article_publisher":"https:\/\/www.facebook.com\/La-Sentinelle-104059864394773","article_published_time":"2021-09-24T23:01:00+00:00","og_image":[{"width":720,"height":960,"url":"https:\/\/lasentinelle.dz\/wp-content\/uploads\/2021\/09\/dali.jpg","type":"image\/jpeg"}],"author":"La Sentinelle","twitter_card":"summary_large_image","twitter_misc":{"\u00c9crit par":"La Sentinelle","Dur\u00e9e de lecture estim\u00e9e":"2 minutes"},"schema":{"@context":"https:\/\/schema.org","@graph":[{"@type":"Article","@id":"https:\/\/lasentinelle.dz\/index.php\/2021\/09\/25\/ancien-attaquant-de-la-jsmb-et-de-la-jsk-rachid-dali-tire-sa-reverence\/#article","isPartOf":{"@id":"https:\/\/lasentinelle.dz\/index.php\/2021\/09\/25\/ancien-attaquant-de-la-jsmb-et-de-la-jsk-rachid-dali-tire-sa-reverence\/"},"author":{"name":"La Sentinelle","@id":"https:\/\/lasentinelle.dz\/#\/schema\/person\/d865044e22e70a75174ce8bcad3acfb3"},"headline":"Ancien attaquant de la JSMB et de la JSK : Rachid Dali tire sa r\u00e9v\u00e9rence","datePublished":"2021-09-24T23:01:00+00:00","mainEntityOfPage":{"@id":"https:\/\/lasentinelle.dz\/index.php\/2021\/09\/25\/ancien-attaquant-de-la-jsmb-et-de-la-jsk-rachid-dali-tire-sa-reverence\/"},"wordCount":498,"commentCount":0,"publisher":{"@id":"https:\/\/lasentinelle.dz\/#organization"},"image":{"@id":"https:\/\/lasentinelle.dz\/index.php\/2021\/09\/25\/ancien-attaquant-de-la-jsmb-et-de-la-jsk-rachid-dali-tire-sa-reverence\/#primaryimage"},"thumbnailUrl":"https:\/\/lasentinelle.dz\/wp-content\/uploads\/2021\/09\/dali.jpg","articleSection":["Sports"],"inLanguage":"fr-FR","potentialAction":[{"@type":"CommentAction","name":"Comment","target":["https:\/\/lasentinelle.dz\/index.php\/2021\/09\/25\/ancien-attaquant-de-la-jsmb-et-de-la-jsk-rachid-dali-tire-sa-reverence\/#respond"]}]},{"@type":"WebPage","@id":"https:\/\/lasentinelle.dz\/index.php\/2021\/09\/25\/ancien-attaquant-de-la-jsmb-et-de-la-jsk-rachid-dali-tire-sa-reverence\/","url":"https:\/\/lasentinelle.dz\/index.php\/2021\/09\/25\/ancien-attaquant-de-la-jsmb-et-de-la-jsk-rachid-dali-tire-sa-reverence\/","name":"Ancien attaquant de la JSMB et de la JSK : Rachid Dali tire sa r\u00e9v\u00e9rence - La Sentinelle","isPartOf":{"@id":"https:\/\/lasentinelle.dz\/#website"},"primaryImageOfPage":{"@id":"https:\/\/lasentinelle.dz\/index.php\/2021\/09\/25\/ancien-attaquant-de-la-jsmb-et-de-la-jsk-rachid-dali-tire-sa-reverence\/#primaryimage"},"image":{"@id":"https:\/\/lasentinelle.dz\/index.php\/2021\/09\/25\/ancien-attaquant-de-la-jsmb-et-de-la-jsk-rachid-dali-tire-sa-reverence\/#primaryimage"},"thumbnailUrl":"https:\/\/lasentinelle.dz\/wp-content\/uploads\/2021\/09\/dali.jpg","datePublished":"2021-09-24T23:01:00+00:00","breadcrumb":{"@id":"https:\/\/lasentinelle.dz\/index.php\/2021\/09\/25\/ancien-attaquant-de-la-jsmb-et-de-la-jsk-rachid-dali-tire-sa-reverence\/#breadcrumb"},"inLanguage":"fr-FR","potentialAction":[{"@type":"ReadAction","target":["https:\/\/lasentinelle.dz\/index.php\/2021\/09\/25\/ancien-attaquant-de-la-jsmb-et-de-la-jsk-rachid-dali-tire-sa-reverence\/"]}]},{"@type":"ImageObject","inLanguage":"fr-FR","@id":"https:\/\/lasentinelle.dz\/index.php\/2021\/09\/25\/ancien-attaquant-de-la-jsmb-et-de-la-jsk-rachid-dali-tire-sa-reverence\/#primaryimage","url":"https:\/\/lasentinelle.dz\/wp-content\/uploads\/2021\/09\/dali.jpg","contentUrl":"https:\/\/lasentinelle.dz\/wp-content\/uploads\/2021\/09\/dali.jpg","width":720,"height":960},{"@type":"BreadcrumbList","@id":"https:\/\/lasentinelle.dz\/index.php\/2021\/09\/25\/ancien-attaquant-de-la-jsmb-et-de-la-jsk-rachid-dali-tire-sa-reverence\/#breadcrumb","itemListElement":[{"@type":"ListItem","position":1,"name":"Accueil","item":"https:\/\/lasentinelle.dz\/"},{"@type":"ListItem","position":2,"name":"Ancien attaquant de la JSMB et de la JSK : Rachid Dali tire sa r\u00e9v\u00e9rence"}]},{"@type":"WebSite","@id":"https:\/\/lasentinelle.dz\/#website","url":"https:\/\/lasentinelle.dz\/","name":"La Sentinelle","description":"Quotidien national d&#039;information","publisher":{"@id":"https:\/\/lasentinelle.dz\/#organization"},"potentialAction":[{"@type":"SearchAction","target":{"@type":"EntryPoint","urlTemplate":"https:\/\/lasentinelle.dz\/?s={search_term_string}"},"query-input":{"@type":"PropertyValueSpecification","valueRequired":true,"valueName":"search_term_string"}}],"inLanguage":"fr-FR"},{"@type":"Organization","@id":"https:\/\/lasentinelle.dz\/#organization","name":"Quotidien La Sentinelle","url":"https:\/\/lasentinelle.dz\/","logo":{"@type":"ImageObject","inLanguage":"fr-FR","@id":"https:\/\/lasentinelle.dz\/#\/schema\/logo\/image\/","url":"https:\/\/lasentinelle.dz\/wp-content\/uploads\/2021\/09\/logo-sentinelleSLOGAN-1.png","contentUrl":"https:\/\/lasentinelle.dz\/wp-content\/uploads\/2021\/09\/logo-sentinelleSLOGAN-1.png","width":615,"height":142,"caption":"Quotidien La Sentinelle"},"image":{"@id":"https:\/\/lasentinelle.dz\/#\/schema\/logo\/image\/"},"sameAs":["https:\/\/www.facebook.com\/La-Sentinelle-104059864394773"]},{"@type":"Person","@id":"https:\/\/lasentinelle.dz\/#\/schema\/person\/d865044e22e70a75174ce8bcad3acfb3","name":"La Sentinelle","image":{"@type":"ImageObject","inLanguage":"fr-FR","@id":"https:\/\/secure.gravatar.com\/avatar\/57de8e5d4b15d43fb361a71fbb36338450fe67865b528a43dd10ef7c51a20392?s=96&d=mm&r=g","url":"https:\/\/secure.gravatar.com\/avatar\/57de8e5d4b15d43fb361a71fbb36338450fe67865b528a43dd10ef7c51a20392?s=96&d=mm&r=g","contentUrl":"https:\/\/secure.gravatar.com\/avatar\/57de8e5d4b15d43fb361a71fbb36338450fe67865b528a43dd10ef7c51a20392?s=96&d=mm&r=g","caption":"La Sentinelle"},"sameAs":["http:\/\/www.lasentinelle.dz"],"url":"https:\/\/lasentinelle.dz\/author\/redaction\/"}]}},"_links":{"self":[{"href":"https:\/\/lasentinelle.dz\/index.php\/wp-json\/wp\/v2\/posts\/8946","targetHints":{"allow":["GET"]}}],"collection":[{"href":"https:\/\/lasentinelle.dz\/index.php\/wp-json\/wp\/v2\/posts"}],"about":[{"href":"https:\/\/lasentinelle.dz\/index.php\/wp-json\/wp\/v2\/types\/post"}],"author":[{"embeddable":true,"href":"https:\/\/lasentinelle.dz\/index.php\/wp-json\/wp\/v2\/users\/3"}],"replies":[{"embeddable":true,"href":"https:\/\/lasentinelle.dz\/index.php\/wp-json\/wp\/v2\/comments?post=8946"}],"version-history":[{"count":1,"href":"https:\/\/lasentinelle.dz\/index.php\/wp-json\/wp\/v2\/posts\/8946\/revisions"}],"predecessor-version":[{"id":8950,"href":"https:\/\/lasentinelle.dz\/index.php\/wp-json\/wp\/v2\/posts\/8946\/revisions\/8950"}],"wp:featuredmedia":[{"embeddable":true,"href":"https:\/\/lasentinelle.dz\/index.php\/wp-json\/wp\/v2\/media\/8949"}],"wp:attachment":[{"href":"https:\/\/lasentinelle.dz\/index.php\/wp-json\/wp\/v2\/media?parent=8946"}],"wp:term":[{"taxonomy":"category","embeddable":true,"href":"https:\/\/lasentinelle.dz\/index.php\/wp-json\/wp\/v2\/categories?post=8946"},{"taxonomy":"post_tag","embeddable":true,"href":"https:\/\/lasentinelle.dz\/index.php\/wp-json\/wp\/v2\/tags?post=8946"}],"curies":[{"name":"wp","href":"https:\/\/api.w.org\/{rel}","templated":true}]}}