{"id":895,"date":"2021-07-12T15:15:15","date_gmt":"2021-07-12T14:15:15","guid":{"rendered":"https:\/\/lasentinelle.dz\/?p=895"},"modified":"2021-07-12T15:15:59","modified_gmt":"2021-07-12T14:15:59","slug":"annoncee-par-lambassadeur-dalgerie-en-france-prochaine-exposition-specifique-de-produits-algeriens-a-paris","status":"publish","type":"post","link":"https:\/\/lasentinelle.dz\/index.php\/2021\/07\/12\/annoncee-par-lambassadeur-dalgerie-en-france-prochaine-exposition-specifique-de-produits-algeriens-a-paris\/","title":{"rendered":"Annonc\u00e9e par l\u2019ambassadeur d\u2019Alg\u00e9rie en France \/ Prochaine exposition sp\u00e9cifique de produits alg\u00e9riens \u00e0 Paris"},"content":{"rendered":"\n<p>L&rsquo;ambassadeur d&rsquo;Alg\u00e9rie en France, Mohamed-Antar Daoud a annonc\u00e9 l&rsquo;organisation, d\u00e8s la rentr\u00e9e sociale prochaine, de la premi\u00e8re exposition sp\u00e9cifique des produits alg\u00e9riens \u00e0 Paris, selon un communiqu\u00e9 de l&rsquo;ambassade.Cette manifestation \u00e9conomique sera organis\u00e9e, \u00ab\u00a0si les conditions sanitaires le permettent\u00a0\u00bb, en collaboration avec le minist\u00e8re du Commerce et la Soci\u00e9t\u00e9 alg\u00e9rienne des foires et des exportations (Safex), a pr\u00e9cis\u00e9 M. Daoud lors d&rsquo;une journ\u00e9e d&rsquo;\u00e9change, sous le th\u00e8me : \u00ab\u00a0ma diaspora est magnifique\u00a0\u00bb, \u00e0 l&rsquo;occasion de la tenue vendredi, au si\u00e8ge de l&rsquo;ambassade d&rsquo;Alg\u00e9rie \u00e0 Paris, de l&rsquo;Assembl\u00e9e g\u00e9n\u00e9rale mixte de la Chambre alg\u00e9rienne de commerce et d&rsquo;industrie en France (CACI-en-France).L&rsquo;objectif de l&rsquo;\u00e9v\u00e8nement, a-t-il soulign\u00e9, est de parvenir \u00e0 la cr\u00e9ation d&rsquo;un hub pour le placement du produit national sur les march\u00e9s fran\u00e7ais et europ\u00e9en et cibler aussi bien la diaspora alg\u00e9rienne que les citoyens de ces pays.Raison pour laquelle, a pr\u00e9cis\u00e9 l&rsquo;ambassadeur, \u00ab\u00a0la CACI-en-France est appel\u00e9e \u00e0 d\u00e9passer le stade de l&rsquo;hexagone pour devenir une CACI internationale, s&rsquo;\u00e9largissant ainsi au reste du monde, en concertation avec la Chambre alg\u00e9rienne du commerce et d&rsquo;industrie d&rsquo;Alger\u00a0\u00bb.Dans son allocution, l&rsquo;ambassadeur a tenu \u00e9galement \u00e0 rappeler les efforts consentis par l&rsquo;Alg\u00e9rie pour limiter les effets n\u00e9gatifs de la pand\u00e9mie de Covid-19 et poursuivre la feuille de route trac\u00e9e pour \u00ab\u00a0le renouveau \u00e9conomique\u00a0\u00bb.Il a, \u00e0 cet \u00e9gard, mis en exergue les orientations du pr\u00e9sident de la R\u00e9publique, M. Abdelmadjid Tebboune, pour la consolidation du processus de redynamisation des secteurs porteurs, \u00e0 l&rsquo;instar de l&rsquo;agriculture, la p\u00eache moderne, l&rsquo;agroalimentaire, la production pharmaceutique, la transition \u00e9nerg\u00e9tique et les fili\u00e8res industrielles et mini\u00e8res.Soulignant l&rsquo;importance de la dimension humaine en tant que vecteur de raffermissement des relations \u00e9conomiques alg\u00e9ro-fran\u00e7aises, le diplomate alg\u00e9rien, s&rsquo;est dit convaincu, que \u00ab\u00a0notre communaut\u00e9, de par sa vitalit\u00e9 et sa diversit\u00e9, saura participer largement et qualitativement au d\u00e9veloppement des projets d&rsquo;investissement et des opportunit\u00e9s d&rsquo;affaires\u00a0\u00bb.<\/p>\n\n\n\n<p>Au terme de son intervention, M. Daoud a invit\u00e9 les membres de la CACI-en-France \u00e0 s&rsquo;investir pleinement pour la r\u00e9ussite du plan de relance \u00e9conomique 2020-2024 et \u00e0 contribuer davantage \u00e0 la promotion des produits alg\u00e9riens \u00e0 l&rsquo;international.Pr\u00e9sid\u00e9 par l&rsquo;ambassadeur d&rsquo;Alg\u00e9rie \u00e0 Paris, la journ\u00e9e d&rsquo;\u00e9change \u00ab\u00a0ma diaspora est magnifique\u00a0\u00bb a \u00e9t\u00e9 consacr\u00e9e aux projets initi\u00e9s par les membres de la CACI-en-France, en vue de promouvoir les \u00e9changes bilat\u00e9raux entre l&rsquo;Alg\u00e9rie et la France et renforcer la coop\u00e9ration bilat\u00e9rale sur la base d&rsquo;un partenariat gagnant-gagnant.Cette rencontre qui s&rsquo;est d\u00e9roul\u00e9e dans le sillage de la double comm\u00e9moration du 59\u00e8me anniversaire du recouvrement de l&rsquo;Ind\u00e9pendance nationale et de la f\u00eate de la Jeunesse, a \u00e9t\u00e9 l&rsquo;occasion de se recueillir \u00e0 la m\u00e9moire des valeureux martyrs.Elle a permis \u00e9galement de r\u00e9it\u00e9rer la d\u00e9termination des hautes autorit\u00e9s du pays de mener \u00e0 terme le processus de r\u00e9forme visant l&rsquo;instauration de l&rsquo;Alg\u00e9rie Nouvelle. APS&nbsp;&nbsp;&nbsp;&nbsp;&nbsp;<\/p>\n","protected":false},"excerpt":{"rendered":"<p>L&rsquo;ambassadeur d&rsquo;Alg\u00e9rie en France, Mohamed-Antar Daoud a annonc\u00e9 l&rsquo;organisation, d\u00e8s la rentr\u00e9e sociale prochaine, de la premi\u00e8re exposition sp\u00e9cifique des<\/p>\n","protected":false},"author":3,"featured_media":0,"comment_status":"open","ping_status":"closed","sticky":false,"template":"","format":"standard","meta":{"colormag_page_container_layout":"default_layout","colormag_page_sidebar_layout":"default_layout","om_disable_all_campaigns":false,"_monsterinsights_skip_tracking":false,"_monsterinsights_sitenote_active":false,"_monsterinsights_sitenote_note":"","_monsterinsights_sitenote_category":0,"footnotes":"","_wpscppro_dont_share_socialmedia":false,"_wpscppro_custom_social_share_image":0,"_facebook_share_type":"","_twitter_share_type":"","_linkedin_share_type":"","_pinterest_share_type":"","_linkedin_share_type_page":"","_instagram_share_type":"","_medium_share_type":"","_threads_share_type":"","_google_business_share_type":"","_selected_social_profile":[],"_wpsp_enable_custom_social_template":false,"_wpsp_social_scheduling":{"enabled":false,"datetime":null,"platforms":[],"status":"template_only","dateOption":"today","timeOption":"now","customDays":"","customHours":"","customDate":"","customTime":"","schedulingType":"absolute"},"_wpsp_active_default_template":true},"categories":[27],"tags":[],"class_list":["post-895","post","type-post","status-publish","format-standard","hentry","category-actualite"],"aioseo_notices":[],"yoast_head":"<!-- This site is optimized with the Yoast SEO plugin v27.5 - https:\/\/yoast.com\/product\/yoast-seo-wordpress\/ -->\n<title>Annonc\u00e9e par l\u2019ambassadeur d\u2019Alg\u00e9rie en France \/ Prochaine exposition sp\u00e9cifique de produits alg\u00e9riens \u00e0 Paris - La Sentinelle<\/title>\n<meta name=\"robots\" content=\"index, follow, max-snippet:-1, max-image-preview:large, max-video-preview:-1\" \/>\n<link rel=\"canonical\" href=\"https:\/\/lasentinelle.dz\/index.php\/2021\/07\/12\/annoncee-par-lambassadeur-dalgerie-en-france-prochaine-exposition-specifique-de-produits-algeriens-a-paris\/\" \/>\n<meta property=\"og:locale\" content=\"fr_FR\" \/>\n<meta property=\"og:type\" content=\"article\" \/>\n<meta property=\"og:title\" content=\"Annonc\u00e9e par l\u2019ambassadeur d\u2019Alg\u00e9rie en France \/ Prochaine exposition sp\u00e9cifique de produits alg\u00e9riens \u00e0 Paris - La Sentinelle\" \/>\n<meta property=\"og:description\" content=\"L&rsquo;ambassadeur d&rsquo;Alg\u00e9rie en France, Mohamed-Antar Daoud a annonc\u00e9 l&rsquo;organisation, d\u00e8s la rentr\u00e9e sociale prochaine, de la premi\u00e8re exposition sp\u00e9cifique des\" \/>\n<meta property=\"og:url\" content=\"https:\/\/lasentinelle.dz\/index.php\/2021\/07\/12\/annoncee-par-lambassadeur-dalgerie-en-france-prochaine-exposition-specifique-de-produits-algeriens-a-paris\/\" \/>\n<meta property=\"og:site_name\" content=\"La Sentinelle\" \/>\n<meta property=\"article:publisher\" content=\"https:\/\/www.facebook.com\/La-Sentinelle-104059864394773\" \/>\n<meta property=\"article:published_time\" content=\"2021-07-12T14:15:15+00:00\" \/>\n<meta property=\"article:modified_time\" content=\"2021-07-12T14:15:59+00:00\" \/>\n<meta name=\"author\" content=\"La Sentinelle\" \/>\n<meta name=\"twitter:card\" content=\"summary_large_image\" \/>\n<meta name=\"twitter:label1\" content=\"\u00c9crit par\" \/>\n\t<meta name=\"twitter:data1\" content=\"La Sentinelle\" \/>\n\t<meta name=\"twitter:label2\" content=\"Dur\u00e9e de lecture estim\u00e9e\" \/>\n\t<meta name=\"twitter:data2\" content=\"2 minutes\" \/>\n<script type=\"application\/ld+json\" class=\"yoast-schema-graph\">{\"@context\":\"https:\\\/\\\/schema.org\",\"@graph\":[{\"@type\":\"Article\",\"@id\":\"https:\\\/\\\/lasentinelle.dz\\\/index.php\\\/2021\\\/07\\\/12\\\/annoncee-par-lambassadeur-dalgerie-en-france-prochaine-exposition-specifique-de-produits-algeriens-a-paris\\\/#article\",\"isPartOf\":{\"@id\":\"https:\\\/\\\/lasentinelle.dz\\\/index.php\\\/2021\\\/07\\\/12\\\/annoncee-par-lambassadeur-dalgerie-en-france-prochaine-exposition-specifique-de-produits-algeriens-a-paris\\\/\"},\"author\":{\"name\":\"La Sentinelle\",\"@id\":\"https:\\\/\\\/lasentinelle.dz\\\/#\\\/schema\\\/person\\\/d865044e22e70a75174ce8bcad3acfb3\"},\"headline\":\"Annonc\u00e9e par l\u2019ambassadeur d\u2019Alg\u00e9rie en France \\\/ Prochaine exposition sp\u00e9cifique de produits alg\u00e9riens \u00e0 Paris\",\"datePublished\":\"2021-07-12T14:15:15+00:00\",\"dateModified\":\"2021-07-12T14:15:59+00:00\",\"mainEntityOfPage\":{\"@id\":\"https:\\\/\\\/lasentinelle.dz\\\/index.php\\\/2021\\\/07\\\/12\\\/annoncee-par-lambassadeur-dalgerie-en-france-prochaine-exposition-specifique-de-produits-algeriens-a-paris\\\/\"},\"wordCount\":573,\"commentCount\":0,\"publisher\":{\"@id\":\"https:\\\/\\\/lasentinelle.dz\\\/#organization\"},\"articleSection\":[\"Actualit\u00e9\"],\"inLanguage\":\"fr-FR\",\"potentialAction\":[{\"@type\":\"CommentAction\",\"name\":\"Comment\",\"target\":[\"https:\\\/\\\/lasentinelle.dz\\\/index.php\\\/2021\\\/07\\\/12\\\/annoncee-par-lambassadeur-dalgerie-en-france-prochaine-exposition-specifique-de-produits-algeriens-a-paris\\\/#respond\"]}]},{\"@type\":\"WebPage\",\"@id\":\"https:\\\/\\\/lasentinelle.dz\\\/index.php\\\/2021\\\/07\\\/12\\\/annoncee-par-lambassadeur-dalgerie-en-france-prochaine-exposition-specifique-de-produits-algeriens-a-paris\\\/\",\"url\":\"https:\\\/\\\/lasentinelle.dz\\\/index.php\\\/2021\\\/07\\\/12\\\/annoncee-par-lambassadeur-dalgerie-en-france-prochaine-exposition-specifique-de-produits-algeriens-a-paris\\\/\",\"name\":\"Annonc\u00e9e par l\u2019ambassadeur d\u2019Alg\u00e9rie en France \\\/ Prochaine exposition sp\u00e9cifique de produits alg\u00e9riens \u00e0 Paris - La Sentinelle\",\"isPartOf\":{\"@id\":\"https:\\\/\\\/lasentinelle.dz\\\/#website\"},\"datePublished\":\"2021-07-12T14:15:15+00:00\",\"dateModified\":\"2021-07-12T14:15:59+00:00\",\"breadcrumb\":{\"@id\":\"https:\\\/\\\/lasentinelle.dz\\\/index.php\\\/2021\\\/07\\\/12\\\/annoncee-par-lambassadeur-dalgerie-en-france-prochaine-exposition-specifique-de-produits-algeriens-a-paris\\\/#breadcrumb\"},\"inLanguage\":\"fr-FR\",\"potentialAction\":[{\"@type\":\"ReadAction\",\"target\":[\"https:\\\/\\\/lasentinelle.dz\\\/index.php\\\/2021\\\/07\\\/12\\\/annoncee-par-lambassadeur-dalgerie-en-france-prochaine-exposition-specifique-de-produits-algeriens-a-paris\\\/\"]}]},{\"@type\":\"BreadcrumbList\",\"@id\":\"https:\\\/\\\/lasentinelle.dz\\\/index.php\\\/2021\\\/07\\\/12\\\/annoncee-par-lambassadeur-dalgerie-en-france-prochaine-exposition-specifique-de-produits-algeriens-a-paris\\\/#breadcrumb\",\"itemListElement\":[{\"@type\":\"ListItem\",\"position\":1,\"name\":\"Accueil\",\"item\":\"https:\\\/\\\/lasentinelle.dz\\\/\"},{\"@type\":\"ListItem\",\"position\":2,\"name\":\"Annonc\u00e9e par l\u2019ambassadeur d\u2019Alg\u00e9rie en France \\\/ Prochaine exposition sp\u00e9cifique de produits alg\u00e9riens \u00e0 Paris\"}]},{\"@type\":\"WebSite\",\"@id\":\"https:\\\/\\\/lasentinelle.dz\\\/#website\",\"url\":\"https:\\\/\\\/lasentinelle.dz\\\/\",\"name\":\"La Sentinelle\",\"description\":\"Quotidien national d&#039;information\",\"publisher\":{\"@id\":\"https:\\\/\\\/lasentinelle.dz\\\/#organization\"},\"potentialAction\":[{\"@type\":\"SearchAction\",\"target\":{\"@type\":\"EntryPoint\",\"urlTemplate\":\"https:\\\/\\\/lasentinelle.dz\\\/?s={search_term_string}\"},\"query-input\":{\"@type\":\"PropertyValueSpecification\",\"valueRequired\":true,\"valueName\":\"search_term_string\"}}],\"inLanguage\":\"fr-FR\"},{\"@type\":\"Organization\",\"@id\":\"https:\\\/\\\/lasentinelle.dz\\\/#organization\",\"name\":\"Quotidien La Sentinelle\",\"url\":\"https:\\\/\\\/lasentinelle.dz\\\/\",\"logo\":{\"@type\":\"ImageObject\",\"inLanguage\":\"fr-FR\",\"@id\":\"https:\\\/\\\/lasentinelle.dz\\\/#\\\/schema\\\/logo\\\/image\\\/\",\"url\":\"https:\\\/\\\/lasentinelle.dz\\\/wp-content\\\/uploads\\\/2021\\\/09\\\/logo-sentinelleSLOGAN-1.png\",\"contentUrl\":\"https:\\\/\\\/lasentinelle.dz\\\/wp-content\\\/uploads\\\/2021\\\/09\\\/logo-sentinelleSLOGAN-1.png\",\"width\":615,\"height\":142,\"caption\":\"Quotidien La Sentinelle\"},\"image\":{\"@id\":\"https:\\\/\\\/lasentinelle.dz\\\/#\\\/schema\\\/logo\\\/image\\\/\"},\"sameAs\":[\"https:\\\/\\\/www.facebook.com\\\/La-Sentinelle-104059864394773\"]},{\"@type\":\"Person\",\"@id\":\"https:\\\/\\\/lasentinelle.dz\\\/#\\\/schema\\\/person\\\/d865044e22e70a75174ce8bcad3acfb3\",\"name\":\"La Sentinelle\",\"image\":{\"@type\":\"ImageObject\",\"inLanguage\":\"fr-FR\",\"@id\":\"https:\\\/\\\/secure.gravatar.com\\\/avatar\\\/57de8e5d4b15d43fb361a71fbb36338450fe67865b528a43dd10ef7c51a20392?s=96&d=mm&r=g\",\"url\":\"https:\\\/\\\/secure.gravatar.com\\\/avatar\\\/57de8e5d4b15d43fb361a71fbb36338450fe67865b528a43dd10ef7c51a20392?s=96&d=mm&r=g\",\"contentUrl\":\"https:\\\/\\\/secure.gravatar.com\\\/avatar\\\/57de8e5d4b15d43fb361a71fbb36338450fe67865b528a43dd10ef7c51a20392?s=96&d=mm&r=g\",\"caption\":\"La Sentinelle\"},\"sameAs\":[\"http:\\\/\\\/www.lasentinelle.dz\"],\"url\":\"https:\\\/\\\/lasentinelle.dz\\\/author\\\/redaction\\\/\"}]}<\/script>\n<!-- \/ Yoast SEO plugin. -->","yoast_head_json":{"title":"Annonc\u00e9e par l\u2019ambassadeur d\u2019Alg\u00e9rie en France \/ Prochaine exposition sp\u00e9cifique de produits alg\u00e9riens \u00e0 Paris - La Sentinelle","robots":{"index":"index","follow":"follow","max-snippet":"max-snippet:-1","max-image-preview":"max-image-preview:large","max-video-preview":"max-video-preview:-1"},"canonical":"https:\/\/lasentinelle.dz\/index.php\/2021\/07\/12\/annoncee-par-lambassadeur-dalgerie-en-france-prochaine-exposition-specifique-de-produits-algeriens-a-paris\/","og_locale":"fr_FR","og_type":"article","og_title":"Annonc\u00e9e par l\u2019ambassadeur d\u2019Alg\u00e9rie en France \/ Prochaine exposition sp\u00e9cifique de produits alg\u00e9riens \u00e0 Paris - La Sentinelle","og_description":"L&rsquo;ambassadeur d&rsquo;Alg\u00e9rie en France, Mohamed-Antar Daoud a annonc\u00e9 l&rsquo;organisation, d\u00e8s la rentr\u00e9e sociale prochaine, de la premi\u00e8re exposition sp\u00e9cifique des","og_url":"https:\/\/lasentinelle.dz\/index.php\/2021\/07\/12\/annoncee-par-lambassadeur-dalgerie-en-france-prochaine-exposition-specifique-de-produits-algeriens-a-paris\/","og_site_name":"La Sentinelle","article_publisher":"https:\/\/www.facebook.com\/La-Sentinelle-104059864394773","article_published_time":"2021-07-12T14:15:15+00:00","article_modified_time":"2021-07-12T14:15:59+00:00","author":"La Sentinelle","twitter_card":"summary_large_image","twitter_misc":{"\u00c9crit par":"La Sentinelle","Dur\u00e9e de lecture estim\u00e9e":"2 minutes"},"schema":{"@context":"https:\/\/schema.org","@graph":[{"@type":"Article","@id":"https:\/\/lasentinelle.dz\/index.php\/2021\/07\/12\/annoncee-par-lambassadeur-dalgerie-en-france-prochaine-exposition-specifique-de-produits-algeriens-a-paris\/#article","isPartOf":{"@id":"https:\/\/lasentinelle.dz\/index.php\/2021\/07\/12\/annoncee-par-lambassadeur-dalgerie-en-france-prochaine-exposition-specifique-de-produits-algeriens-a-paris\/"},"author":{"name":"La Sentinelle","@id":"https:\/\/lasentinelle.dz\/#\/schema\/person\/d865044e22e70a75174ce8bcad3acfb3"},"headline":"Annonc\u00e9e par l\u2019ambassadeur d\u2019Alg\u00e9rie en France \/ Prochaine exposition sp\u00e9cifique de produits alg\u00e9riens \u00e0 Paris","datePublished":"2021-07-12T14:15:15+00:00","dateModified":"2021-07-12T14:15:59+00:00","mainEntityOfPage":{"@id":"https:\/\/lasentinelle.dz\/index.php\/2021\/07\/12\/annoncee-par-lambassadeur-dalgerie-en-france-prochaine-exposition-specifique-de-produits-algeriens-a-paris\/"},"wordCount":573,"commentCount":0,"publisher":{"@id":"https:\/\/lasentinelle.dz\/#organization"},"articleSection":["Actualit\u00e9"],"inLanguage":"fr-FR","potentialAction":[{"@type":"CommentAction","name":"Comment","target":["https:\/\/lasentinelle.dz\/index.php\/2021\/07\/12\/annoncee-par-lambassadeur-dalgerie-en-france-prochaine-exposition-specifique-de-produits-algeriens-a-paris\/#respond"]}]},{"@type":"WebPage","@id":"https:\/\/lasentinelle.dz\/index.php\/2021\/07\/12\/annoncee-par-lambassadeur-dalgerie-en-france-prochaine-exposition-specifique-de-produits-algeriens-a-paris\/","url":"https:\/\/lasentinelle.dz\/index.php\/2021\/07\/12\/annoncee-par-lambassadeur-dalgerie-en-france-prochaine-exposition-specifique-de-produits-algeriens-a-paris\/","name":"Annonc\u00e9e par l\u2019ambassadeur d\u2019Alg\u00e9rie en France \/ Prochaine exposition sp\u00e9cifique de produits alg\u00e9riens \u00e0 Paris - La Sentinelle","isPartOf":{"@id":"https:\/\/lasentinelle.dz\/#website"},"datePublished":"2021-07-12T14:15:15+00:00","dateModified":"2021-07-12T14:15:59+00:00","breadcrumb":{"@id":"https:\/\/lasentinelle.dz\/index.php\/2021\/07\/12\/annoncee-par-lambassadeur-dalgerie-en-france-prochaine-exposition-specifique-de-produits-algeriens-a-paris\/#breadcrumb"},"inLanguage":"fr-FR","potentialAction":[{"@type":"ReadAction","target":["https:\/\/lasentinelle.dz\/index.php\/2021\/07\/12\/annoncee-par-lambassadeur-dalgerie-en-france-prochaine-exposition-specifique-de-produits-algeriens-a-paris\/"]}]},{"@type":"BreadcrumbList","@id":"https:\/\/lasentinelle.dz\/index.php\/2021\/07\/12\/annoncee-par-lambassadeur-dalgerie-en-france-prochaine-exposition-specifique-de-produits-algeriens-a-paris\/#breadcrumb","itemListElement":[{"@type":"ListItem","position":1,"name":"Accueil","item":"https:\/\/lasentinelle.dz\/"},{"@type":"ListItem","position":2,"name":"Annonc\u00e9e par l\u2019ambassadeur d\u2019Alg\u00e9rie en France \/ Prochaine exposition sp\u00e9cifique de produits alg\u00e9riens \u00e0 Paris"}]},{"@type":"WebSite","@id":"https:\/\/lasentinelle.dz\/#website","url":"https:\/\/lasentinelle.dz\/","name":"La Sentinelle","description":"Quotidien national d&#039;information","publisher":{"@id":"https:\/\/lasentinelle.dz\/#organization"},"potentialAction":[{"@type":"SearchAction","target":{"@type":"EntryPoint","urlTemplate":"https:\/\/lasentinelle.dz\/?s={search_term_string}"},"query-input":{"@type":"PropertyValueSpecification","valueRequired":true,"valueName":"search_term_string"}}],"inLanguage":"fr-FR"},{"@type":"Organization","@id":"https:\/\/lasentinelle.dz\/#organization","name":"Quotidien La Sentinelle","url":"https:\/\/lasentinelle.dz\/","logo":{"@type":"ImageObject","inLanguage":"fr-FR","@id":"https:\/\/lasentinelle.dz\/#\/schema\/logo\/image\/","url":"https:\/\/lasentinelle.dz\/wp-content\/uploads\/2021\/09\/logo-sentinelleSLOGAN-1.png","contentUrl":"https:\/\/lasentinelle.dz\/wp-content\/uploads\/2021\/09\/logo-sentinelleSLOGAN-1.png","width":615,"height":142,"caption":"Quotidien La Sentinelle"},"image":{"@id":"https:\/\/lasentinelle.dz\/#\/schema\/logo\/image\/"},"sameAs":["https:\/\/www.facebook.com\/La-Sentinelle-104059864394773"]},{"@type":"Person","@id":"https:\/\/lasentinelle.dz\/#\/schema\/person\/d865044e22e70a75174ce8bcad3acfb3","name":"La Sentinelle","image":{"@type":"ImageObject","inLanguage":"fr-FR","@id":"https:\/\/secure.gravatar.com\/avatar\/57de8e5d4b15d43fb361a71fbb36338450fe67865b528a43dd10ef7c51a20392?s=96&d=mm&r=g","url":"https:\/\/secure.gravatar.com\/avatar\/57de8e5d4b15d43fb361a71fbb36338450fe67865b528a43dd10ef7c51a20392?s=96&d=mm&r=g","contentUrl":"https:\/\/secure.gravatar.com\/avatar\/57de8e5d4b15d43fb361a71fbb36338450fe67865b528a43dd10ef7c51a20392?s=96&d=mm&r=g","caption":"La Sentinelle"},"sameAs":["http:\/\/www.lasentinelle.dz"],"url":"https:\/\/lasentinelle.dz\/author\/redaction\/"}]}},"_links":{"self":[{"href":"https:\/\/lasentinelle.dz\/index.php\/wp-json\/wp\/v2\/posts\/895","targetHints":{"allow":["GET"]}}],"collection":[{"href":"https:\/\/lasentinelle.dz\/index.php\/wp-json\/wp\/v2\/posts"}],"about":[{"href":"https:\/\/lasentinelle.dz\/index.php\/wp-json\/wp\/v2\/types\/post"}],"author":[{"embeddable":true,"href":"https:\/\/lasentinelle.dz\/index.php\/wp-json\/wp\/v2\/users\/3"}],"replies":[{"embeddable":true,"href":"https:\/\/lasentinelle.dz\/index.php\/wp-json\/wp\/v2\/comments?post=895"}],"version-history":[{"count":1,"href":"https:\/\/lasentinelle.dz\/index.php\/wp-json\/wp\/v2\/posts\/895\/revisions"}],"predecessor-version":[{"id":896,"href":"https:\/\/lasentinelle.dz\/index.php\/wp-json\/wp\/v2\/posts\/895\/revisions\/896"}],"wp:attachment":[{"href":"https:\/\/lasentinelle.dz\/index.php\/wp-json\/wp\/v2\/media?parent=895"}],"wp:term":[{"taxonomy":"category","embeddable":true,"href":"https:\/\/lasentinelle.dz\/index.php\/wp-json\/wp\/v2\/categories?post=895"},{"taxonomy":"post_tag","embeddable":true,"href":"https:\/\/lasentinelle.dz\/index.php\/wp-json\/wp\/v2\/tags?post=895"}],"curies":[{"name":"wp","href":"https:\/\/api.w.org\/{rel}","templated":true}]}}