{"id":900,"date":"2021-07-12T15:26:31","date_gmt":"2021-07-12T14:26:31","guid":{"rendered":"https:\/\/lasentinelle.dz\/?p=900"},"modified":"2021-07-12T18:20:48","modified_gmt":"2021-07-12T17:20:48","slug":"sonlegaz-un-systeme-interne-dalerte-contre-la-corruption","status":"publish","type":"post","link":"https:\/\/lasentinelle.dz\/index.php\/2021\/07\/12\/sonlegaz-un-systeme-interne-dalerte-contre-la-corruption\/","title":{"rendered":"Sonelgaz \/ Un syst\u00e8me interne d\u2019alerte contre la corruption"},"content":{"rendered":"\n<p>Le groupe Sonelgaz pr\u00e9voit de mettre en place un syst\u00e8me interne d\u2019alerte pour la lutte contre la corruption et renforcer l\u2019\u00e9thique professionnelle au sein de ses diff\u00e9rentes filiales.<\/p>\n\n\n\n<p>C\u2019est ce qu\u2019a annonc\u00e9, hier, le PDG du groupe \u00e9nerg\u00e9tique national, Chaher Boulakheras lors d\u2019une journ\u00e9e d\u2019\u00e9tudes sur le renforcement de la probit\u00e9 dans le secteur \u00e9conomique, organis\u00e9e \u00e0 Alger par l\u2019Organe national de la lutte et de pr\u00e9vention contre la corruption (ONLPC). Plus explicite, le premier responsable du groupe Sonelgaz a soulign\u00e9 que \u00abce syst\u00e8me d\u2019alerte permettra de collecter les rapports \u00e9labor\u00e9s par les employ\u00e9s se rapportant \u00e0 l\u2019existence de comportements ou de positions contraires aux r\u00e8gles de bonne conduite \u00e9tablies par l\u2019entreprise\u00bb, ajoutant dans la foul\u00e9e que \u00abnotre groupe est entrain de d\u00e9velopper un plan des risques qui facilitera davantage l\u2019identification, l\u2019analyse et le classement des risques par ordre de priorit\u00e9 en mati\u00e8re de menaces ext\u00e9rieures dont l\u2019objectif est la corruption\u00bb.Continuant sur sa lanc\u00e9e, il a indiqu\u00e9 que \u00abnotre groupe a adopt\u00e9 une palette de proc\u00e9dures r\u00e9glementaires notamment en terme de march\u00e9s publics qui ont contribu\u00e9 efficacement dans la lutte contre certaines pratiques immorales et ill\u00e9gales\u00bb, r\u00e9v\u00e9lant que \u00able groupe Sonelgaz a opt\u00e9 d\u00e9lib\u00e9r\u00e9ment pour l\u2019adoption d\u2019une charte d\u2019\u00e9thique professionnelle afin de cr\u00e9er une synergie entre les comportements de nos agents et les d\u00e9cisions adopt\u00e9es par l\u2019entreprise et par l\u00e0 m\u00eame renforcer la confiance avec les diff\u00e9rents acteurs du service public\u00bb. Cette d\u00e9marche vise \u00e0 lutter essentiellement, selon la m\u00eame source, contre toutes formes de corruption, de dilapidation, de n\u00e9potisme et d\u2019utilisation frauduleuse des deniers publics afin d\u2019instaurer \u00abune bonne gouvernance \u00bb telle que souhait\u00e9 par les pouvoirs publics, dira-t-il. Le patron de la Sonelgaz a rappel\u00e9, \u00e9galement, que l\u2019entreprise a instaur\u00e9 unr\u00e8glement int\u00e9rieur permettant de sanctionner les agents et employ\u00e9s ind\u00e9licats qui enfreignent le code de l\u2019\u00e9thique professionnelle ainsi que la cr\u00e9ation d\u2019une direction juridique charg\u00e9e principalement du suivi et de la gestion des risques li\u00e9s \u00e0 la corruption. Il a estim\u00e9 que \u00ab\u00a0la transaction avec des millions de clients et de partenaires \u00e9conomiques, financiers et industriels ainsi que l&rsquo;interaction continue avec la soci\u00e9t\u00e9, constituent une opportunit\u00e9 et un d\u00e9fi en m\u00eame temps\u00a0\u00bb.<\/p>\n\n\n\n<p>Par ailleurs, le directeur des relations bilat\u00e9rales africaines au minist\u00e8re des Affaires \u00e9trang\u00e8res et de la Communaut\u00e9 nationale \u00e0 l\u2019\u00e9tranger, Sa\u00efd Maindi a affirm\u00e9 que \u00abl\u2019Alg\u00e9rie a \u00e9t\u00e9 un acteur actif et une force de proposition dans les n\u00e9gociations qui ont abouti \u00e0, l\u2019adoption des conventions r\u00e9gionales et internationales de lutte contre la corruption et elle continue toujours de travailler en vue de renforcer la coop\u00e9ration internationale dans ce domaine surtout en Afrique o\u00f9 la corruption constitue un obstacle r\u00e9el au d\u00e9veloppement \u00e9conomique des pays du continent\u00bb.A cet effet, le Pr\u00e9sident de la R\u00e9publique, M. Abdelmadjid Tebboune a consid\u00e9r\u00e9 la lutte contre la corruption parmi les priorit\u00e9s de son programme, selon lui, en donnant \u00abdes instructions fermes pour mettre un terme aux fl\u00e9au de l\u2019\u00e9vasion fiscale et du blanchiment d\u2019argent\u00bb.Un engagement qui est largement partag\u00e9 par les diff\u00e9rents acteurs impliqu\u00e9 dans la lutte contre la corruption dont Tarek Tkour, pr\u00e9sident de l\u2019ONLPCqui a plaid\u00e9 en faveur d\u2019un syst\u00e8me national compl\u00e9mentaire et coh\u00e9rent dans ce domaine afin de \u00abmettre en \u0153uvre la strat\u00e9gie nationale de lutte contre ce fl\u00e9au et d\u2019am\u00e9liorer le classement de l\u2019Alg\u00e9rie sur le plan international\u00bb.<\/p>\n\n\n\n<p><strong>Fai\u00e7al Bedjaoui<\/strong><\/p>\n","protected":false},"excerpt":{"rendered":"<p>Le groupe Sonelgaz pr\u00e9voit de mettre en place un syst\u00e8me interne d\u2019alerte pour la lutte contre la corruption et renforcer<\/p>\n","protected":false},"author":2,"featured_media":903,"comment_status":"open","ping_status":"closed","sticky":false,"template":"","format":"standard","meta":{"colormag_page_container_layout":"default_layout","colormag_page_sidebar_layout":"default_layout","om_disable_all_campaigns":false,"_monsterinsights_skip_tracking":false,"_monsterinsights_sitenote_active":false,"_monsterinsights_sitenote_note":"","_monsterinsights_sitenote_category":0,"footnotes":"","_wpscppro_dont_share_socialmedia":false,"_wpscppro_custom_social_share_image":0,"_facebook_share_type":"","_twitter_share_type":"","_linkedin_share_type":"","_pinterest_share_type":"","_linkedin_share_type_page":"","_instagram_share_type":"","_medium_share_type":"","_threads_share_type":"","_google_business_share_type":"","_selected_social_profile":[],"_wpsp_enable_custom_social_template":false,"_wpsp_social_scheduling":{"enabled":false,"datetime":null,"platforms":[],"status":"template_only","dateOption":"today","timeOption":"now","customDays":"","customHours":"","customDate":"","customTime":"","schedulingType":"absolute"},"_wpsp_active_default_template":true},"categories":[52,27],"tags":[],"class_list":["post-900","post","type-post","status-publish","format-standard","has-post-thumbnail","hentry","category-a-la-une","category-actualite"],"aioseo_notices":[],"yoast_head":"<!-- This site is optimized with the Yoast SEO plugin v27.5 - https:\/\/yoast.com\/product\/yoast-seo-wordpress\/ -->\n<title>Sonelgaz \/ Un syst\u00e8me interne d\u2019alerte contre la corruption - La Sentinelle<\/title>\n<meta name=\"robots\" content=\"index, follow, max-snippet:-1, max-image-preview:large, max-video-preview:-1\" \/>\n<link rel=\"canonical\" href=\"https:\/\/lasentinelle.dz\/index.php\/2021\/07\/12\/sonlegaz-un-systeme-interne-dalerte-contre-la-corruption\/\" \/>\n<meta property=\"og:locale\" content=\"fr_FR\" \/>\n<meta property=\"og:type\" content=\"article\" \/>\n<meta property=\"og:title\" content=\"Sonelgaz \/ Un syst\u00e8me interne d\u2019alerte contre la corruption - La Sentinelle\" \/>\n<meta property=\"og:description\" content=\"Le groupe Sonelgaz pr\u00e9voit de mettre en place un syst\u00e8me interne d\u2019alerte pour la lutte contre la corruption et renforcer\" \/>\n<meta property=\"og:url\" content=\"https:\/\/lasentinelle.dz\/index.php\/2021\/07\/12\/sonlegaz-un-systeme-interne-dalerte-contre-la-corruption\/\" \/>\n<meta property=\"og:site_name\" content=\"La Sentinelle\" \/>\n<meta property=\"article:publisher\" content=\"https:\/\/www.facebook.com\/La-Sentinelle-104059864394773\" \/>\n<meta property=\"article:published_time\" content=\"2021-07-12T14:26:31+00:00\" \/>\n<meta property=\"article:modified_time\" content=\"2021-07-12T17:20:48+00:00\" \/>\n<meta property=\"og:image\" content=\"https:\/\/lasentinelle.dz\/wp-content\/uploads\/2021\/07\/sonlegaz-pdg.png\" \/>\n\t<meta property=\"og:image:width\" content=\"960\" \/>\n\t<meta property=\"og:image:height\" content=\"600\" \/>\n\t<meta property=\"og:image:type\" content=\"image\/png\" \/>\n<meta name=\"author\" content=\"Azzedine Belferag\" \/>\n<meta name=\"twitter:card\" content=\"summary_large_image\" \/>\n<meta name=\"twitter:label1\" content=\"\u00c9crit par\" \/>\n\t<meta name=\"twitter:data1\" content=\"Azzedine Belferag\" \/>\n\t<meta name=\"twitter:label2\" content=\"Dur\u00e9e de lecture estim\u00e9e\" \/>\n\t<meta name=\"twitter:data2\" content=\"3 minutes\" \/>\n<script type=\"application\/ld+json\" class=\"yoast-schema-graph\">{\"@context\":\"https:\\\/\\\/schema.org\",\"@graph\":[{\"@type\":\"Article\",\"@id\":\"https:\\\/\\\/lasentinelle.dz\\\/index.php\\\/2021\\\/07\\\/12\\\/sonlegaz-un-systeme-interne-dalerte-contre-la-corruption\\\/#article\",\"isPartOf\":{\"@id\":\"https:\\\/\\\/lasentinelle.dz\\\/index.php\\\/2021\\\/07\\\/12\\\/sonlegaz-un-systeme-interne-dalerte-contre-la-corruption\\\/\"},\"author\":{\"name\":\"Azzedine Belferag\",\"@id\":\"https:\\\/\\\/lasentinelle.dz\\\/#\\\/schema\\\/person\\\/e22c868643946ece5f328ac9d185b29f\"},\"headline\":\"Sonelgaz \\\/ Un syst\u00e8me interne d\u2019alerte contre la corruption\",\"datePublished\":\"2021-07-12T14:26:31+00:00\",\"dateModified\":\"2021-07-12T17:20:48+00:00\",\"mainEntityOfPage\":{\"@id\":\"https:\\\/\\\/lasentinelle.dz\\\/index.php\\\/2021\\\/07\\\/12\\\/sonlegaz-un-systeme-interne-dalerte-contre-la-corruption\\\/\"},\"wordCount\":650,\"commentCount\":0,\"publisher\":{\"@id\":\"https:\\\/\\\/lasentinelle.dz\\\/#organization\"},\"image\":{\"@id\":\"https:\\\/\\\/lasentinelle.dz\\\/index.php\\\/2021\\\/07\\\/12\\\/sonlegaz-un-systeme-interne-dalerte-contre-la-corruption\\\/#primaryimage\"},\"thumbnailUrl\":\"https:\\\/\\\/lasentinelle.dz\\\/wp-content\\\/uploads\\\/2021\\\/07\\\/sonlegaz-pdg.png\",\"articleSection\":[\"\u00c0 la Une\",\"Actualit\u00e9\"],\"inLanguage\":\"fr-FR\",\"potentialAction\":[{\"@type\":\"CommentAction\",\"name\":\"Comment\",\"target\":[\"https:\\\/\\\/lasentinelle.dz\\\/index.php\\\/2021\\\/07\\\/12\\\/sonlegaz-un-systeme-interne-dalerte-contre-la-corruption\\\/#respond\"]}]},{\"@type\":\"WebPage\",\"@id\":\"https:\\\/\\\/lasentinelle.dz\\\/index.php\\\/2021\\\/07\\\/12\\\/sonlegaz-un-systeme-interne-dalerte-contre-la-corruption\\\/\",\"url\":\"https:\\\/\\\/lasentinelle.dz\\\/index.php\\\/2021\\\/07\\\/12\\\/sonlegaz-un-systeme-interne-dalerte-contre-la-corruption\\\/\",\"name\":\"Sonelgaz \\\/ Un syst\u00e8me interne d\u2019alerte contre la corruption - La Sentinelle\",\"isPartOf\":{\"@id\":\"https:\\\/\\\/lasentinelle.dz\\\/#website\"},\"primaryImageOfPage\":{\"@id\":\"https:\\\/\\\/lasentinelle.dz\\\/index.php\\\/2021\\\/07\\\/12\\\/sonlegaz-un-systeme-interne-dalerte-contre-la-corruption\\\/#primaryimage\"},\"image\":{\"@id\":\"https:\\\/\\\/lasentinelle.dz\\\/index.php\\\/2021\\\/07\\\/12\\\/sonlegaz-un-systeme-interne-dalerte-contre-la-corruption\\\/#primaryimage\"},\"thumbnailUrl\":\"https:\\\/\\\/lasentinelle.dz\\\/wp-content\\\/uploads\\\/2021\\\/07\\\/sonlegaz-pdg.png\",\"datePublished\":\"2021-07-12T14:26:31+00:00\",\"dateModified\":\"2021-07-12T17:20:48+00:00\",\"breadcrumb\":{\"@id\":\"https:\\\/\\\/lasentinelle.dz\\\/index.php\\\/2021\\\/07\\\/12\\\/sonlegaz-un-systeme-interne-dalerte-contre-la-corruption\\\/#breadcrumb\"},\"inLanguage\":\"fr-FR\",\"potentialAction\":[{\"@type\":\"ReadAction\",\"target\":[\"https:\\\/\\\/lasentinelle.dz\\\/index.php\\\/2021\\\/07\\\/12\\\/sonlegaz-un-systeme-interne-dalerte-contre-la-corruption\\\/\"]}]},{\"@type\":\"ImageObject\",\"inLanguage\":\"fr-FR\",\"@id\":\"https:\\\/\\\/lasentinelle.dz\\\/index.php\\\/2021\\\/07\\\/12\\\/sonlegaz-un-systeme-interne-dalerte-contre-la-corruption\\\/#primaryimage\",\"url\":\"https:\\\/\\\/lasentinelle.dz\\\/wp-content\\\/uploads\\\/2021\\\/07\\\/sonlegaz-pdg.png\",\"contentUrl\":\"https:\\\/\\\/lasentinelle.dz\\\/wp-content\\\/uploads\\\/2021\\\/07\\\/sonlegaz-pdg.png\",\"width\":960,\"height\":600},{\"@type\":\"BreadcrumbList\",\"@id\":\"https:\\\/\\\/lasentinelle.dz\\\/index.php\\\/2021\\\/07\\\/12\\\/sonlegaz-un-systeme-interne-dalerte-contre-la-corruption\\\/#breadcrumb\",\"itemListElement\":[{\"@type\":\"ListItem\",\"position\":1,\"name\":\"Accueil\",\"item\":\"https:\\\/\\\/lasentinelle.dz\\\/\"},{\"@type\":\"ListItem\",\"position\":2,\"name\":\"Sonelgaz \\\/ Un syst\u00e8me interne d\u2019alerte contre la corruption\"}]},{\"@type\":\"WebSite\",\"@id\":\"https:\\\/\\\/lasentinelle.dz\\\/#website\",\"url\":\"https:\\\/\\\/lasentinelle.dz\\\/\",\"name\":\"La Sentinelle\",\"description\":\"Quotidien national d&#039;information\",\"publisher\":{\"@id\":\"https:\\\/\\\/lasentinelle.dz\\\/#organization\"},\"potentialAction\":[{\"@type\":\"SearchAction\",\"target\":{\"@type\":\"EntryPoint\",\"urlTemplate\":\"https:\\\/\\\/lasentinelle.dz\\\/?s={search_term_string}\"},\"query-input\":{\"@type\":\"PropertyValueSpecification\",\"valueRequired\":true,\"valueName\":\"search_term_string\"}}],\"inLanguage\":\"fr-FR\"},{\"@type\":\"Organization\",\"@id\":\"https:\\\/\\\/lasentinelle.dz\\\/#organization\",\"name\":\"Quotidien La Sentinelle\",\"url\":\"https:\\\/\\\/lasentinelle.dz\\\/\",\"logo\":{\"@type\":\"ImageObject\",\"inLanguage\":\"fr-FR\",\"@id\":\"https:\\\/\\\/lasentinelle.dz\\\/#\\\/schema\\\/logo\\\/image\\\/\",\"url\":\"https:\\\/\\\/lasentinelle.dz\\\/wp-content\\\/uploads\\\/2021\\\/09\\\/logo-sentinelleSLOGAN-1.png\",\"contentUrl\":\"https:\\\/\\\/lasentinelle.dz\\\/wp-content\\\/uploads\\\/2021\\\/09\\\/logo-sentinelleSLOGAN-1.png\",\"width\":615,\"height\":142,\"caption\":\"Quotidien La Sentinelle\"},\"image\":{\"@id\":\"https:\\\/\\\/lasentinelle.dz\\\/#\\\/schema\\\/logo\\\/image\\\/\"},\"sameAs\":[\"https:\\\/\\\/www.facebook.com\\\/La-Sentinelle-104059864394773\"]},{\"@type\":\"Person\",\"@id\":\"https:\\\/\\\/lasentinelle.dz\\\/#\\\/schema\\\/person\\\/e22c868643946ece5f328ac9d185b29f\",\"name\":\"Azzedine Belferag\",\"image\":{\"@type\":\"ImageObject\",\"inLanguage\":\"fr-FR\",\"@id\":\"https:\\\/\\\/secure.gravatar.com\\\/avatar\\\/767ecc3bfcf23cd6d0dae1705f124feb13a88fded1daa56498e4fb3aa3fc36a1?s=96&d=mm&r=g\",\"url\":\"https:\\\/\\\/secure.gravatar.com\\\/avatar\\\/767ecc3bfcf23cd6d0dae1705f124feb13a88fded1daa56498e4fb3aa3fc36a1?s=96&d=mm&r=g\",\"contentUrl\":\"https:\\\/\\\/secure.gravatar.com\\\/avatar\\\/767ecc3bfcf23cd6d0dae1705f124feb13a88fded1daa56498e4fb3aa3fc36a1?s=96&d=mm&r=g\",\"caption\":\"Azzedine Belferag\"},\"sameAs\":[\"http:\\\/\\\/www.lasentinelle.dz\"],\"url\":\"https:\\\/\\\/lasentinelle.dz\\\/author\\\/belferag\\\/\"}]}<\/script>\n<!-- \/ Yoast SEO plugin. -->","yoast_head_json":{"title":"Sonelgaz \/ Un syst\u00e8me interne d\u2019alerte contre la corruption - La Sentinelle","robots":{"index":"index","follow":"follow","max-snippet":"max-snippet:-1","max-image-preview":"max-image-preview:large","max-video-preview":"max-video-preview:-1"},"canonical":"https:\/\/lasentinelle.dz\/index.php\/2021\/07\/12\/sonlegaz-un-systeme-interne-dalerte-contre-la-corruption\/","og_locale":"fr_FR","og_type":"article","og_title":"Sonelgaz \/ Un syst\u00e8me interne d\u2019alerte contre la corruption - La Sentinelle","og_description":"Le groupe Sonelgaz pr\u00e9voit de mettre en place un syst\u00e8me interne d\u2019alerte pour la lutte contre la corruption et renforcer","og_url":"https:\/\/lasentinelle.dz\/index.php\/2021\/07\/12\/sonlegaz-un-systeme-interne-dalerte-contre-la-corruption\/","og_site_name":"La Sentinelle","article_publisher":"https:\/\/www.facebook.com\/La-Sentinelle-104059864394773","article_published_time":"2021-07-12T14:26:31+00:00","article_modified_time":"2021-07-12T17:20:48+00:00","og_image":[{"width":960,"height":600,"url":"https:\/\/lasentinelle.dz\/wp-content\/uploads\/2021\/07\/sonlegaz-pdg.png","type":"image\/png"}],"author":"Azzedine Belferag","twitter_card":"summary_large_image","twitter_misc":{"\u00c9crit par":"Azzedine Belferag","Dur\u00e9e de lecture estim\u00e9e":"3 minutes"},"schema":{"@context":"https:\/\/schema.org","@graph":[{"@type":"Article","@id":"https:\/\/lasentinelle.dz\/index.php\/2021\/07\/12\/sonlegaz-un-systeme-interne-dalerte-contre-la-corruption\/#article","isPartOf":{"@id":"https:\/\/lasentinelle.dz\/index.php\/2021\/07\/12\/sonlegaz-un-systeme-interne-dalerte-contre-la-corruption\/"},"author":{"name":"Azzedine Belferag","@id":"https:\/\/lasentinelle.dz\/#\/schema\/person\/e22c868643946ece5f328ac9d185b29f"},"headline":"Sonelgaz \/ Un syst\u00e8me interne d\u2019alerte contre la corruption","datePublished":"2021-07-12T14:26:31+00:00","dateModified":"2021-07-12T17:20:48+00:00","mainEntityOfPage":{"@id":"https:\/\/lasentinelle.dz\/index.php\/2021\/07\/12\/sonlegaz-un-systeme-interne-dalerte-contre-la-corruption\/"},"wordCount":650,"commentCount":0,"publisher":{"@id":"https:\/\/lasentinelle.dz\/#organization"},"image":{"@id":"https:\/\/lasentinelle.dz\/index.php\/2021\/07\/12\/sonlegaz-un-systeme-interne-dalerte-contre-la-corruption\/#primaryimage"},"thumbnailUrl":"https:\/\/lasentinelle.dz\/wp-content\/uploads\/2021\/07\/sonlegaz-pdg.png","articleSection":["\u00c0 la Une","Actualit\u00e9"],"inLanguage":"fr-FR","potentialAction":[{"@type":"CommentAction","name":"Comment","target":["https:\/\/lasentinelle.dz\/index.php\/2021\/07\/12\/sonlegaz-un-systeme-interne-dalerte-contre-la-corruption\/#respond"]}]},{"@type":"WebPage","@id":"https:\/\/lasentinelle.dz\/index.php\/2021\/07\/12\/sonlegaz-un-systeme-interne-dalerte-contre-la-corruption\/","url":"https:\/\/lasentinelle.dz\/index.php\/2021\/07\/12\/sonlegaz-un-systeme-interne-dalerte-contre-la-corruption\/","name":"Sonelgaz \/ Un syst\u00e8me interne d\u2019alerte contre la corruption - La Sentinelle","isPartOf":{"@id":"https:\/\/lasentinelle.dz\/#website"},"primaryImageOfPage":{"@id":"https:\/\/lasentinelle.dz\/index.php\/2021\/07\/12\/sonlegaz-un-systeme-interne-dalerte-contre-la-corruption\/#primaryimage"},"image":{"@id":"https:\/\/lasentinelle.dz\/index.php\/2021\/07\/12\/sonlegaz-un-systeme-interne-dalerte-contre-la-corruption\/#primaryimage"},"thumbnailUrl":"https:\/\/lasentinelle.dz\/wp-content\/uploads\/2021\/07\/sonlegaz-pdg.png","datePublished":"2021-07-12T14:26:31+00:00","dateModified":"2021-07-12T17:20:48+00:00","breadcrumb":{"@id":"https:\/\/lasentinelle.dz\/index.php\/2021\/07\/12\/sonlegaz-un-systeme-interne-dalerte-contre-la-corruption\/#breadcrumb"},"inLanguage":"fr-FR","potentialAction":[{"@type":"ReadAction","target":["https:\/\/lasentinelle.dz\/index.php\/2021\/07\/12\/sonlegaz-un-systeme-interne-dalerte-contre-la-corruption\/"]}]},{"@type":"ImageObject","inLanguage":"fr-FR","@id":"https:\/\/lasentinelle.dz\/index.php\/2021\/07\/12\/sonlegaz-un-systeme-interne-dalerte-contre-la-corruption\/#primaryimage","url":"https:\/\/lasentinelle.dz\/wp-content\/uploads\/2021\/07\/sonlegaz-pdg.png","contentUrl":"https:\/\/lasentinelle.dz\/wp-content\/uploads\/2021\/07\/sonlegaz-pdg.png","width":960,"height":600},{"@type":"BreadcrumbList","@id":"https:\/\/lasentinelle.dz\/index.php\/2021\/07\/12\/sonlegaz-un-systeme-interne-dalerte-contre-la-corruption\/#breadcrumb","itemListElement":[{"@type":"ListItem","position":1,"name":"Accueil","item":"https:\/\/lasentinelle.dz\/"},{"@type":"ListItem","position":2,"name":"Sonelgaz \/ Un syst\u00e8me interne d\u2019alerte contre la corruption"}]},{"@type":"WebSite","@id":"https:\/\/lasentinelle.dz\/#website","url":"https:\/\/lasentinelle.dz\/","name":"La Sentinelle","description":"Quotidien national d&#039;information","publisher":{"@id":"https:\/\/lasentinelle.dz\/#organization"},"potentialAction":[{"@type":"SearchAction","target":{"@type":"EntryPoint","urlTemplate":"https:\/\/lasentinelle.dz\/?s={search_term_string}"},"query-input":{"@type":"PropertyValueSpecification","valueRequired":true,"valueName":"search_term_string"}}],"inLanguage":"fr-FR"},{"@type":"Organization","@id":"https:\/\/lasentinelle.dz\/#organization","name":"Quotidien La Sentinelle","url":"https:\/\/lasentinelle.dz\/","logo":{"@type":"ImageObject","inLanguage":"fr-FR","@id":"https:\/\/lasentinelle.dz\/#\/schema\/logo\/image\/","url":"https:\/\/lasentinelle.dz\/wp-content\/uploads\/2021\/09\/logo-sentinelleSLOGAN-1.png","contentUrl":"https:\/\/lasentinelle.dz\/wp-content\/uploads\/2021\/09\/logo-sentinelleSLOGAN-1.png","width":615,"height":142,"caption":"Quotidien La Sentinelle"},"image":{"@id":"https:\/\/lasentinelle.dz\/#\/schema\/logo\/image\/"},"sameAs":["https:\/\/www.facebook.com\/La-Sentinelle-104059864394773"]},{"@type":"Person","@id":"https:\/\/lasentinelle.dz\/#\/schema\/person\/e22c868643946ece5f328ac9d185b29f","name":"Azzedine Belferag","image":{"@type":"ImageObject","inLanguage":"fr-FR","@id":"https:\/\/secure.gravatar.com\/avatar\/767ecc3bfcf23cd6d0dae1705f124feb13a88fded1daa56498e4fb3aa3fc36a1?s=96&d=mm&r=g","url":"https:\/\/secure.gravatar.com\/avatar\/767ecc3bfcf23cd6d0dae1705f124feb13a88fded1daa56498e4fb3aa3fc36a1?s=96&d=mm&r=g","contentUrl":"https:\/\/secure.gravatar.com\/avatar\/767ecc3bfcf23cd6d0dae1705f124feb13a88fded1daa56498e4fb3aa3fc36a1?s=96&d=mm&r=g","caption":"Azzedine Belferag"},"sameAs":["http:\/\/www.lasentinelle.dz"],"url":"https:\/\/lasentinelle.dz\/author\/belferag\/"}]}},"_links":{"self":[{"href":"https:\/\/lasentinelle.dz\/index.php\/wp-json\/wp\/v2\/posts\/900","targetHints":{"allow":["GET"]}}],"collection":[{"href":"https:\/\/lasentinelle.dz\/index.php\/wp-json\/wp\/v2\/posts"}],"about":[{"href":"https:\/\/lasentinelle.dz\/index.php\/wp-json\/wp\/v2\/types\/post"}],"author":[{"embeddable":true,"href":"https:\/\/lasentinelle.dz\/index.php\/wp-json\/wp\/v2\/users\/2"}],"replies":[{"embeddable":true,"href":"https:\/\/lasentinelle.dz\/index.php\/wp-json\/wp\/v2\/comments?post=900"}],"version-history":[{"count":2,"href":"https:\/\/lasentinelle.dz\/index.php\/wp-json\/wp\/v2\/posts\/900\/revisions"}],"predecessor-version":[{"id":1001,"href":"https:\/\/lasentinelle.dz\/index.php\/wp-json\/wp\/v2\/posts\/900\/revisions\/1001"}],"wp:featuredmedia":[{"embeddable":true,"href":"https:\/\/lasentinelle.dz\/index.php\/wp-json\/wp\/v2\/media\/903"}],"wp:attachment":[{"href":"https:\/\/lasentinelle.dz\/index.php\/wp-json\/wp\/v2\/media?parent=900"}],"wp:term":[{"taxonomy":"category","embeddable":true,"href":"https:\/\/lasentinelle.dz\/index.php\/wp-json\/wp\/v2\/categories?post=900"},{"taxonomy":"post_tag","embeddable":true,"href":"https:\/\/lasentinelle.dz\/index.php\/wp-json\/wp\/v2\/tags?post=900"}],"curies":[{"name":"wp","href":"https:\/\/api.w.org\/{rel}","templated":true}]}}