{"id":9008,"date":"2021-09-25T00:01:00","date_gmt":"2021-09-24T23:01:00","guid":{"rendered":"https:\/\/lasentinelle.dz\/?p=9008"},"modified":"2021-09-24T18:13:04","modified_gmt":"2021-09-24T17:13:04","slug":"rentree-sociale-la-sensibilisation-sintensifie","status":"publish","type":"post","link":"https:\/\/lasentinelle.dz\/index.php\/2021\/09\/25\/rentree-sociale-la-sensibilisation-sintensifie\/","title":{"rendered":"Rentr\u00e9e sociale : La sensibilisation s\u2019intensifie"},"content":{"rendered":"\n<p>La vaccination contre le Covid 19 est une \u00ab n\u00e9cessit\u00e9 morale, civile et de solidarit\u00e9 \u00bb, a affirm\u00e9 jeudi le ministre de l\u2019Education Nationale, Abdelhakim Belabed, qui pr\u00e9cisait en marge d&rsquo;une r\u00e9union intersectorielle tenue dans le cadre de la campagne nationale de vaccination contre le coronavirus que la campagne \u00ab se poursuit \u00e0 travers les 1.433 unit\u00e9s de d\u00e9pistage r\u00e9partis \u00e0 travers le pays, les 41 centres de m\u00e9decine du travail et 16 centres m\u00e9dicaux des \u0153uvres sociales du personnel de&nbsp; l&rsquo;\u00e9ducation et enregistre une affluence des employ\u00e9s du secteur, notamment apr\u00e8s leur reprise \u00bb.Depuis la rentr\u00e9e scolaire mardi dernier, les m\u00e9decins sont mobilis\u00e9s dans tous les \u00e9tablissements scolaires \u00e0 travers le pays pour la vaccination du personnel de l&rsquo;\u00e9ducation, apr\u00e8s consultation du Premier minist\u00e8re, et ce en coordination avec le minist\u00e8re, a fait savoir Belabed qui a rappel\u00e9 l\u2019instruction du pr\u00e9sident de la R\u00e9publique, Abdelmadjid Tebboune qui avait insist\u00e9, lors de la derni\u00e8re r\u00e9union du Conseil des ministres, sur l\u2019imp\u00e9ratif de vacciner le personnel du secteur de l&rsquo;Education nationale contre la pand\u00e9mie du coronavirus (Covid-19).Pas loin du secteur de l\u2019Education, le secteur de l\u2019Enseignement sup\u00e9rieur conna\u00eet lui aussi la m\u00eame cadence de vaccination du personnel contre le Covid 19. Dans cette optique, le ministre de l&rsquo;Enseignement sup\u00e9rieur et de la Recherche scientifique, Abdelbaki Benziane, a, lors d&rsquo;une r\u00e9union d&rsquo;\u00e9valuation de la campagne de vaccination, tenue jeudi au minist\u00e8re de la Sant\u00e9, avec les repr\u00e9sentants de plusieurs secteurs concern\u00e9s par la rentr\u00e9e sociale et de la formation, appel\u00e9 les partenaires sociaux \u00e0 contribuer \u00e0 la sensibilisation \u00e0 la campagne vaccinale contre le Covid-19 au profit des \u00e9tudiants, des enseignants et de l&rsquo;ensemble du personnel universitaire pour permettre \u00e0 l&rsquo;Universit\u00e9 de reprendre ses activit\u00e9s habituelles.La campagne vaccinale contre le Covid-19 est l&rsquo;affaire de toute la famille du secteur de l&rsquo;enseignement sup\u00e9rieur et de la recherche scientifique, a-t-il estim\u00e9 tout en insistant sur la n\u00e9cessit\u00e9 que \u00ab tout un chacun fasse preuve de sagesse pour que l&rsquo;Universit\u00e9 puisse reprendre ses activit\u00e9s habituelles \u00bb. Les premi\u00e8res analyses de l&rsquo;op\u00e9ration, lanc\u00e9e dans le secteur le 15 juillet 2021, \u00ab\u00a0font ressortir l&rsquo;engouement des enseignants et du personnel universitaire pour la vaccination d\u00e8s le d\u00e9but\u00a0\u00bb mais, d\u00e9plore-t-il, les \u00e9tudiants ont \u00e9t\u00e9 moins nombreux \u00e0 se faire vacciner, probablement parce qu&rsquo;ils ont fait leurs inscriptions \u00e0 distance comme l&rsquo;exige le protocole sanitaire mis en place.De leur cot\u00e9, les personnels du secteur de la formation professionnelle ont \u00e9t\u00e9 appel\u00e9s par le ministre de tutelle \u00e0 affluer vers les centres de vaccination contre la Covid-19, avant la rentr\u00e9e de la formation professionnelle pr\u00e9vue le 5 octobre prochain. M. Merabi a en effet&nbsp; affirm\u00e9 lors d&rsquo;une r\u00e9union d&rsquo;\u00e9valuation de la campagne de vaccination tenue au si\u00e8ge du minist\u00e8re de la Sant\u00e9, en pr\u00e9sence de plusieurs minist\u00e8res concern\u00e9s par la rentr\u00e9e professionnelle et sociale,&nbsp; que \u00ab\u00a0le secteur de la formation et de l&rsquo;enseignement professionnels a lanc\u00e9 un programme sanitaire contre la pand\u00e9mie (Covid-19) au sein de ses \u00e9tablissements\u00a0\u00bb.Faisant savoir qu\u2019\u00e0 cet effet \u00ab\u00a0une cellule de recensement et de suivi a \u00e9t\u00e9 install\u00e9e au niveau des \u00e9tablissements de formation qui assure la vaccination des personnels et cadres du secteur, et ce en application des mesures pr\u00e9ventives et du protocole sanitaire en vigueur\u00a0\u00bb, le ministre de la Formation professionnelle a appel\u00e9 les responsables de son secteur \u00ab\u00a0\u00e0 intensifier les campagnes m\u00e9diatiques et de sensibilisation \u00e0 l&rsquo;op\u00e9ration en faveur de 46 000 employ\u00e9s \u00e0 l&rsquo;\u00e9chelle nationale et plus de 1200 \u00e9tablissements de formation apr\u00e8s les instructions re\u00e7ues de l&rsquo;administration centrale, assurant le suivi de l&rsquo;op\u00e9ration par le directeur de wilaya\u00a0\u00bb.<\/p>\n\n\n\n<p><strong>Kamel Nait Ameur<\/strong><\/p>\n","protected":false},"excerpt":{"rendered":"<p>La vaccination contre le Covid 19 est une \u00ab n\u00e9cessit\u00e9 morale, civile et de solidarit\u00e9 \u00bb, a affirm\u00e9 jeudi le<\/p>\n","protected":false},"author":3,"featured_media":9011,"comment_status":"open","ping_status":"closed","sticky":false,"template":"","format":"standard","meta":{"colormag_page_container_layout":"default_layout","colormag_page_sidebar_layout":"default_layout","om_disable_all_campaigns":false,"_monsterinsights_skip_tracking":false,"_monsterinsights_sitenote_active":false,"_monsterinsights_sitenote_note":"","_monsterinsights_sitenote_category":0,"footnotes":"","_wpscppro_dont_share_socialmedia":false,"_wpscppro_custom_social_share_image":0,"_facebook_share_type":"","_twitter_share_type":"","_linkedin_share_type":"","_pinterest_share_type":"","_linkedin_share_type_page":"","_instagram_share_type":"","_medium_share_type":"","_threads_share_type":"","_google_business_share_type":"","_selected_social_profile":[],"_wpsp_enable_custom_social_template":false,"_wpsp_social_scheduling":{"enabled":false,"datetime":null,"platforms":[],"status":"template_only","dateOption":"today","timeOption":"now","customDays":"","customHours":"","customDate":"","customTime":"","schedulingType":"absolute"},"_wpsp_active_default_template":true},"categories":[27],"tags":[],"class_list":["post-9008","post","type-post","status-publish","format-standard","has-post-thumbnail","hentry","category-actualite"],"aioseo_notices":[],"yoast_head":"<!-- This site is optimized with the Yoast SEO plugin v27.5 - https:\/\/yoast.com\/product\/yoast-seo-wordpress\/ -->\n<title>Rentr\u00e9e sociale : La sensibilisation s\u2019intensifie - La Sentinelle<\/title>\n<meta name=\"robots\" content=\"index, follow, max-snippet:-1, max-image-preview:large, max-video-preview:-1\" \/>\n<link rel=\"canonical\" href=\"https:\/\/lasentinelle.dz\/index.php\/2021\/09\/25\/rentree-sociale-la-sensibilisation-sintensifie\/\" \/>\n<meta property=\"og:locale\" content=\"fr_FR\" \/>\n<meta property=\"og:type\" content=\"article\" \/>\n<meta property=\"og:title\" content=\"Rentr\u00e9e sociale : La sensibilisation s\u2019intensifie - La Sentinelle\" \/>\n<meta property=\"og:description\" content=\"La vaccination contre le Covid 19 est une \u00ab n\u00e9cessit\u00e9 morale, civile et de solidarit\u00e9 \u00bb, a affirm\u00e9 jeudi le\" \/>\n<meta property=\"og:url\" content=\"https:\/\/lasentinelle.dz\/index.php\/2021\/09\/25\/rentree-sociale-la-sensibilisation-sintensifie\/\" \/>\n<meta property=\"og:site_name\" content=\"La Sentinelle\" \/>\n<meta property=\"article:publisher\" content=\"https:\/\/www.facebook.com\/La-Sentinelle-104059864394773\" \/>\n<meta property=\"article:published_time\" content=\"2021-09-24T23:01:00+00:00\" \/>\n<meta property=\"og:image\" content=\"https:\/\/lasentinelle.dz\/wp-content\/uploads\/2021\/09\/image_2021-09-24_181258.png\" \/>\n\t<meta property=\"og:image:width\" content=\"300\" \/>\n\t<meta property=\"og:image:height\" content=\"168\" \/>\n\t<meta property=\"og:image:type\" content=\"image\/png\" \/>\n<meta name=\"author\" content=\"La Sentinelle\" \/>\n<meta name=\"twitter:card\" content=\"summary_large_image\" \/>\n<meta name=\"twitter:label1\" content=\"\u00c9crit par\" \/>\n\t<meta name=\"twitter:data1\" content=\"La Sentinelle\" \/>\n\t<meta name=\"twitter:label2\" content=\"Dur\u00e9e de lecture estim\u00e9e\" \/>\n\t<meta name=\"twitter:data2\" content=\"3 minutes\" \/>\n<script type=\"application\/ld+json\" class=\"yoast-schema-graph\">{\"@context\":\"https:\\\/\\\/schema.org\",\"@graph\":[{\"@type\":\"Article\",\"@id\":\"https:\\\/\\\/lasentinelle.dz\\\/index.php\\\/2021\\\/09\\\/25\\\/rentree-sociale-la-sensibilisation-sintensifie\\\/#article\",\"isPartOf\":{\"@id\":\"https:\\\/\\\/lasentinelle.dz\\\/index.php\\\/2021\\\/09\\\/25\\\/rentree-sociale-la-sensibilisation-sintensifie\\\/\"},\"author\":{\"name\":\"La Sentinelle\",\"@id\":\"https:\\\/\\\/lasentinelle.dz\\\/#\\\/schema\\\/person\\\/d865044e22e70a75174ce8bcad3acfb3\"},\"headline\":\"Rentr\u00e9e sociale : La sensibilisation s\u2019intensifie\",\"datePublished\":\"2021-09-24T23:01:00+00:00\",\"mainEntityOfPage\":{\"@id\":\"https:\\\/\\\/lasentinelle.dz\\\/index.php\\\/2021\\\/09\\\/25\\\/rentree-sociale-la-sensibilisation-sintensifie\\\/\"},\"wordCount\":662,\"commentCount\":0,\"publisher\":{\"@id\":\"https:\\\/\\\/lasentinelle.dz\\\/#organization\"},\"image\":{\"@id\":\"https:\\\/\\\/lasentinelle.dz\\\/index.php\\\/2021\\\/09\\\/25\\\/rentree-sociale-la-sensibilisation-sintensifie\\\/#primaryimage\"},\"thumbnailUrl\":\"https:\\\/\\\/lasentinelle.dz\\\/wp-content\\\/uploads\\\/2021\\\/09\\\/image_2021-09-24_181258.png\",\"articleSection\":[\"Actualit\u00e9\"],\"inLanguage\":\"fr-FR\",\"potentialAction\":[{\"@type\":\"CommentAction\",\"name\":\"Comment\",\"target\":[\"https:\\\/\\\/lasentinelle.dz\\\/index.php\\\/2021\\\/09\\\/25\\\/rentree-sociale-la-sensibilisation-sintensifie\\\/#respond\"]}]},{\"@type\":\"WebPage\",\"@id\":\"https:\\\/\\\/lasentinelle.dz\\\/index.php\\\/2021\\\/09\\\/25\\\/rentree-sociale-la-sensibilisation-sintensifie\\\/\",\"url\":\"https:\\\/\\\/lasentinelle.dz\\\/index.php\\\/2021\\\/09\\\/25\\\/rentree-sociale-la-sensibilisation-sintensifie\\\/\",\"name\":\"Rentr\u00e9e sociale : La sensibilisation s\u2019intensifie - La Sentinelle\",\"isPartOf\":{\"@id\":\"https:\\\/\\\/lasentinelle.dz\\\/#website\"},\"primaryImageOfPage\":{\"@id\":\"https:\\\/\\\/lasentinelle.dz\\\/index.php\\\/2021\\\/09\\\/25\\\/rentree-sociale-la-sensibilisation-sintensifie\\\/#primaryimage\"},\"image\":{\"@id\":\"https:\\\/\\\/lasentinelle.dz\\\/index.php\\\/2021\\\/09\\\/25\\\/rentree-sociale-la-sensibilisation-sintensifie\\\/#primaryimage\"},\"thumbnailUrl\":\"https:\\\/\\\/lasentinelle.dz\\\/wp-content\\\/uploads\\\/2021\\\/09\\\/image_2021-09-24_181258.png\",\"datePublished\":\"2021-09-24T23:01:00+00:00\",\"breadcrumb\":{\"@id\":\"https:\\\/\\\/lasentinelle.dz\\\/index.php\\\/2021\\\/09\\\/25\\\/rentree-sociale-la-sensibilisation-sintensifie\\\/#breadcrumb\"},\"inLanguage\":\"fr-FR\",\"potentialAction\":[{\"@type\":\"ReadAction\",\"target\":[\"https:\\\/\\\/lasentinelle.dz\\\/index.php\\\/2021\\\/09\\\/25\\\/rentree-sociale-la-sensibilisation-sintensifie\\\/\"]}]},{\"@type\":\"ImageObject\",\"inLanguage\":\"fr-FR\",\"@id\":\"https:\\\/\\\/lasentinelle.dz\\\/index.php\\\/2021\\\/09\\\/25\\\/rentree-sociale-la-sensibilisation-sintensifie\\\/#primaryimage\",\"url\":\"https:\\\/\\\/lasentinelle.dz\\\/wp-content\\\/uploads\\\/2021\\\/09\\\/image_2021-09-24_181258.png\",\"contentUrl\":\"https:\\\/\\\/lasentinelle.dz\\\/wp-content\\\/uploads\\\/2021\\\/09\\\/image_2021-09-24_181258.png\",\"width\":300,\"height\":168},{\"@type\":\"BreadcrumbList\",\"@id\":\"https:\\\/\\\/lasentinelle.dz\\\/index.php\\\/2021\\\/09\\\/25\\\/rentree-sociale-la-sensibilisation-sintensifie\\\/#breadcrumb\",\"itemListElement\":[{\"@type\":\"ListItem\",\"position\":1,\"name\":\"Accueil\",\"item\":\"https:\\\/\\\/lasentinelle.dz\\\/\"},{\"@type\":\"ListItem\",\"position\":2,\"name\":\"Rentr\u00e9e sociale : La sensibilisation s\u2019intensifie\"}]},{\"@type\":\"WebSite\",\"@id\":\"https:\\\/\\\/lasentinelle.dz\\\/#website\",\"url\":\"https:\\\/\\\/lasentinelle.dz\\\/\",\"name\":\"La Sentinelle\",\"description\":\"Quotidien national d&#039;information\",\"publisher\":{\"@id\":\"https:\\\/\\\/lasentinelle.dz\\\/#organization\"},\"potentialAction\":[{\"@type\":\"SearchAction\",\"target\":{\"@type\":\"EntryPoint\",\"urlTemplate\":\"https:\\\/\\\/lasentinelle.dz\\\/?s={search_term_string}\"},\"query-input\":{\"@type\":\"PropertyValueSpecification\",\"valueRequired\":true,\"valueName\":\"search_term_string\"}}],\"inLanguage\":\"fr-FR\"},{\"@type\":\"Organization\",\"@id\":\"https:\\\/\\\/lasentinelle.dz\\\/#organization\",\"name\":\"Quotidien La Sentinelle\",\"url\":\"https:\\\/\\\/lasentinelle.dz\\\/\",\"logo\":{\"@type\":\"ImageObject\",\"inLanguage\":\"fr-FR\",\"@id\":\"https:\\\/\\\/lasentinelle.dz\\\/#\\\/schema\\\/logo\\\/image\\\/\",\"url\":\"https:\\\/\\\/lasentinelle.dz\\\/wp-content\\\/uploads\\\/2021\\\/09\\\/logo-sentinelleSLOGAN-1.png\",\"contentUrl\":\"https:\\\/\\\/lasentinelle.dz\\\/wp-content\\\/uploads\\\/2021\\\/09\\\/logo-sentinelleSLOGAN-1.png\",\"width\":615,\"height\":142,\"caption\":\"Quotidien La Sentinelle\"},\"image\":{\"@id\":\"https:\\\/\\\/lasentinelle.dz\\\/#\\\/schema\\\/logo\\\/image\\\/\"},\"sameAs\":[\"https:\\\/\\\/www.facebook.com\\\/La-Sentinelle-104059864394773\"]},{\"@type\":\"Person\",\"@id\":\"https:\\\/\\\/lasentinelle.dz\\\/#\\\/schema\\\/person\\\/d865044e22e70a75174ce8bcad3acfb3\",\"name\":\"La Sentinelle\",\"image\":{\"@type\":\"ImageObject\",\"inLanguage\":\"fr-FR\",\"@id\":\"https:\\\/\\\/secure.gravatar.com\\\/avatar\\\/57de8e5d4b15d43fb361a71fbb36338450fe67865b528a43dd10ef7c51a20392?s=96&d=mm&r=g\",\"url\":\"https:\\\/\\\/secure.gravatar.com\\\/avatar\\\/57de8e5d4b15d43fb361a71fbb36338450fe67865b528a43dd10ef7c51a20392?s=96&d=mm&r=g\",\"contentUrl\":\"https:\\\/\\\/secure.gravatar.com\\\/avatar\\\/57de8e5d4b15d43fb361a71fbb36338450fe67865b528a43dd10ef7c51a20392?s=96&d=mm&r=g\",\"caption\":\"La Sentinelle\"},\"sameAs\":[\"http:\\\/\\\/www.lasentinelle.dz\"],\"url\":\"https:\\\/\\\/lasentinelle.dz\\\/author\\\/redaction\\\/\"}]}<\/script>\n<!-- \/ Yoast SEO plugin. -->","yoast_head_json":{"title":"Rentr\u00e9e sociale : La sensibilisation s\u2019intensifie - La Sentinelle","robots":{"index":"index","follow":"follow","max-snippet":"max-snippet:-1","max-image-preview":"max-image-preview:large","max-video-preview":"max-video-preview:-1"},"canonical":"https:\/\/lasentinelle.dz\/index.php\/2021\/09\/25\/rentree-sociale-la-sensibilisation-sintensifie\/","og_locale":"fr_FR","og_type":"article","og_title":"Rentr\u00e9e sociale : La sensibilisation s\u2019intensifie - La Sentinelle","og_description":"La vaccination contre le Covid 19 est une \u00ab n\u00e9cessit\u00e9 morale, civile et de solidarit\u00e9 \u00bb, a affirm\u00e9 jeudi le","og_url":"https:\/\/lasentinelle.dz\/index.php\/2021\/09\/25\/rentree-sociale-la-sensibilisation-sintensifie\/","og_site_name":"La Sentinelle","article_publisher":"https:\/\/www.facebook.com\/La-Sentinelle-104059864394773","article_published_time":"2021-09-24T23:01:00+00:00","og_image":[{"width":300,"height":168,"url":"https:\/\/lasentinelle.dz\/wp-content\/uploads\/2021\/09\/image_2021-09-24_181258.png","type":"image\/png"}],"author":"La Sentinelle","twitter_card":"summary_large_image","twitter_misc":{"\u00c9crit par":"La Sentinelle","Dur\u00e9e de lecture estim\u00e9e":"3 minutes"},"schema":{"@context":"https:\/\/schema.org","@graph":[{"@type":"Article","@id":"https:\/\/lasentinelle.dz\/index.php\/2021\/09\/25\/rentree-sociale-la-sensibilisation-sintensifie\/#article","isPartOf":{"@id":"https:\/\/lasentinelle.dz\/index.php\/2021\/09\/25\/rentree-sociale-la-sensibilisation-sintensifie\/"},"author":{"name":"La Sentinelle","@id":"https:\/\/lasentinelle.dz\/#\/schema\/person\/d865044e22e70a75174ce8bcad3acfb3"},"headline":"Rentr\u00e9e sociale : La sensibilisation s\u2019intensifie","datePublished":"2021-09-24T23:01:00+00:00","mainEntityOfPage":{"@id":"https:\/\/lasentinelle.dz\/index.php\/2021\/09\/25\/rentree-sociale-la-sensibilisation-sintensifie\/"},"wordCount":662,"commentCount":0,"publisher":{"@id":"https:\/\/lasentinelle.dz\/#organization"},"image":{"@id":"https:\/\/lasentinelle.dz\/index.php\/2021\/09\/25\/rentree-sociale-la-sensibilisation-sintensifie\/#primaryimage"},"thumbnailUrl":"https:\/\/lasentinelle.dz\/wp-content\/uploads\/2021\/09\/image_2021-09-24_181258.png","articleSection":["Actualit\u00e9"],"inLanguage":"fr-FR","potentialAction":[{"@type":"CommentAction","name":"Comment","target":["https:\/\/lasentinelle.dz\/index.php\/2021\/09\/25\/rentree-sociale-la-sensibilisation-sintensifie\/#respond"]}]},{"@type":"WebPage","@id":"https:\/\/lasentinelle.dz\/index.php\/2021\/09\/25\/rentree-sociale-la-sensibilisation-sintensifie\/","url":"https:\/\/lasentinelle.dz\/index.php\/2021\/09\/25\/rentree-sociale-la-sensibilisation-sintensifie\/","name":"Rentr\u00e9e sociale : La sensibilisation s\u2019intensifie - La Sentinelle","isPartOf":{"@id":"https:\/\/lasentinelle.dz\/#website"},"primaryImageOfPage":{"@id":"https:\/\/lasentinelle.dz\/index.php\/2021\/09\/25\/rentree-sociale-la-sensibilisation-sintensifie\/#primaryimage"},"image":{"@id":"https:\/\/lasentinelle.dz\/index.php\/2021\/09\/25\/rentree-sociale-la-sensibilisation-sintensifie\/#primaryimage"},"thumbnailUrl":"https:\/\/lasentinelle.dz\/wp-content\/uploads\/2021\/09\/image_2021-09-24_181258.png","datePublished":"2021-09-24T23:01:00+00:00","breadcrumb":{"@id":"https:\/\/lasentinelle.dz\/index.php\/2021\/09\/25\/rentree-sociale-la-sensibilisation-sintensifie\/#breadcrumb"},"inLanguage":"fr-FR","potentialAction":[{"@type":"ReadAction","target":["https:\/\/lasentinelle.dz\/index.php\/2021\/09\/25\/rentree-sociale-la-sensibilisation-sintensifie\/"]}]},{"@type":"ImageObject","inLanguage":"fr-FR","@id":"https:\/\/lasentinelle.dz\/index.php\/2021\/09\/25\/rentree-sociale-la-sensibilisation-sintensifie\/#primaryimage","url":"https:\/\/lasentinelle.dz\/wp-content\/uploads\/2021\/09\/image_2021-09-24_181258.png","contentUrl":"https:\/\/lasentinelle.dz\/wp-content\/uploads\/2021\/09\/image_2021-09-24_181258.png","width":300,"height":168},{"@type":"BreadcrumbList","@id":"https:\/\/lasentinelle.dz\/index.php\/2021\/09\/25\/rentree-sociale-la-sensibilisation-sintensifie\/#breadcrumb","itemListElement":[{"@type":"ListItem","position":1,"name":"Accueil","item":"https:\/\/lasentinelle.dz\/"},{"@type":"ListItem","position":2,"name":"Rentr\u00e9e sociale : La sensibilisation s\u2019intensifie"}]},{"@type":"WebSite","@id":"https:\/\/lasentinelle.dz\/#website","url":"https:\/\/lasentinelle.dz\/","name":"La Sentinelle","description":"Quotidien national d&#039;information","publisher":{"@id":"https:\/\/lasentinelle.dz\/#organization"},"potentialAction":[{"@type":"SearchAction","target":{"@type":"EntryPoint","urlTemplate":"https:\/\/lasentinelle.dz\/?s={search_term_string}"},"query-input":{"@type":"PropertyValueSpecification","valueRequired":true,"valueName":"search_term_string"}}],"inLanguage":"fr-FR"},{"@type":"Organization","@id":"https:\/\/lasentinelle.dz\/#organization","name":"Quotidien La Sentinelle","url":"https:\/\/lasentinelle.dz\/","logo":{"@type":"ImageObject","inLanguage":"fr-FR","@id":"https:\/\/lasentinelle.dz\/#\/schema\/logo\/image\/","url":"https:\/\/lasentinelle.dz\/wp-content\/uploads\/2021\/09\/logo-sentinelleSLOGAN-1.png","contentUrl":"https:\/\/lasentinelle.dz\/wp-content\/uploads\/2021\/09\/logo-sentinelleSLOGAN-1.png","width":615,"height":142,"caption":"Quotidien La Sentinelle"},"image":{"@id":"https:\/\/lasentinelle.dz\/#\/schema\/logo\/image\/"},"sameAs":["https:\/\/www.facebook.com\/La-Sentinelle-104059864394773"]},{"@type":"Person","@id":"https:\/\/lasentinelle.dz\/#\/schema\/person\/d865044e22e70a75174ce8bcad3acfb3","name":"La Sentinelle","image":{"@type":"ImageObject","inLanguage":"fr-FR","@id":"https:\/\/secure.gravatar.com\/avatar\/57de8e5d4b15d43fb361a71fbb36338450fe67865b528a43dd10ef7c51a20392?s=96&d=mm&r=g","url":"https:\/\/secure.gravatar.com\/avatar\/57de8e5d4b15d43fb361a71fbb36338450fe67865b528a43dd10ef7c51a20392?s=96&d=mm&r=g","contentUrl":"https:\/\/secure.gravatar.com\/avatar\/57de8e5d4b15d43fb361a71fbb36338450fe67865b528a43dd10ef7c51a20392?s=96&d=mm&r=g","caption":"La Sentinelle"},"sameAs":["http:\/\/www.lasentinelle.dz"],"url":"https:\/\/lasentinelle.dz\/author\/redaction\/"}]}},"_links":{"self":[{"href":"https:\/\/lasentinelle.dz\/index.php\/wp-json\/wp\/v2\/posts\/9008","targetHints":{"allow":["GET"]}}],"collection":[{"href":"https:\/\/lasentinelle.dz\/index.php\/wp-json\/wp\/v2\/posts"}],"about":[{"href":"https:\/\/lasentinelle.dz\/index.php\/wp-json\/wp\/v2\/types\/post"}],"author":[{"embeddable":true,"href":"https:\/\/lasentinelle.dz\/index.php\/wp-json\/wp\/v2\/users\/3"}],"replies":[{"embeddable":true,"href":"https:\/\/lasentinelle.dz\/index.php\/wp-json\/wp\/v2\/comments?post=9008"}],"version-history":[{"count":1,"href":"https:\/\/lasentinelle.dz\/index.php\/wp-json\/wp\/v2\/posts\/9008\/revisions"}],"predecessor-version":[{"id":9012,"href":"https:\/\/lasentinelle.dz\/index.php\/wp-json\/wp\/v2\/posts\/9008\/revisions\/9012"}],"wp:featuredmedia":[{"embeddable":true,"href":"https:\/\/lasentinelle.dz\/index.php\/wp-json\/wp\/v2\/media\/9011"}],"wp:attachment":[{"href":"https:\/\/lasentinelle.dz\/index.php\/wp-json\/wp\/v2\/media?parent=9008"}],"wp:term":[{"taxonomy":"category","embeddable":true,"href":"https:\/\/lasentinelle.dz\/index.php\/wp-json\/wp\/v2\/categories?post=9008"},{"taxonomy":"post_tag","embeddable":true,"href":"https:\/\/lasentinelle.dz\/index.php\/wp-json\/wp\/v2\/tags?post=9008"}],"curies":[{"name":"wp","href":"https:\/\/api.w.org\/{rel}","templated":true}]}}