{"id":9049,"date":"2021-09-26T00:05:00","date_gmt":"2021-09-25T23:05:00","guid":{"rendered":"https:\/\/lasentinelle.dz\/?p=9049"},"modified":"2021-09-25T19:47:18","modified_gmt":"2021-09-25T18:47:18","slug":"disparites-de-developpement-persistent-dans-les-zones-dombre-les-investissements-publics-ont-manque-defficience","status":"publish","type":"post","link":"https:\/\/lasentinelle.dz\/index.php\/2021\/09\/26\/disparites-de-developpement-persistent-dans-les-zones-dombre-les-investissements-publics-ont-manque-defficience\/","title":{"rendered":"Disparit\u00e9s de d\u00e9veloppement persistent dans les zones d\u2019ombre : \u00abLes investissements publics ont manqu\u00e9 d\u2019efficience\u00bb"},"content":{"rendered":"\n<p>Le Premier ministre et ministre des Finances a soulign\u00e9 hier, lors de son intervention \u00e0 la r\u00e9union gouvernement-Walis que des disparit\u00e9s de d\u00e9veloppement persistaient dans les zones d\u2019ombre. Il met en avant le manque d\u2019efficience des investissements publics en raison de l\u2019absence d\u2019une approche du d\u00e9veloppement centr\u00e9e sur la wilaya et propose une nouvelle approche de d\u00e9veloppement int\u00e9gr\u00e9 qui s\u2019articule autour de trois axes.<\/p>\n\n\n\n<p>A\u00efmeneBenabderrahamanea dans ce sens soulign\u00e9 que l\u2019\u00c9tat a consenti d\u2019importants efforts financiers et d\u2019investissements publics dans le cadre des programmes communaux de d\u00e9veloppement et les programmes compl\u00e9mentaires pour les wilayas. Il a ainsi pr\u00e9cis\u00e9 que l\u2019\u00c9tat a mis en place unprogramme d&rsquo;investissement d&rsquo;une valeur de plus de 18 mille milliards de DA au cours de la derni\u00e8re d\u00e9cennie, dont 6.882,72 milliards de DA pour les wilayas, ce qui repr\u00e9sente 36,7% du programme d&rsquo;investissement public.Les programmes de d\u00e9veloppement communaux se sont \u00e9galement \u00e9lev\u00e9s \u00e0 877,84 milliards de DA, soit 12,8% de l&rsquo;enveloppe financi\u00e8re totale en faveur des collectivit\u00e9s&nbsp;locales. M\u00eame s\u2019il note que ces programmes et projets ont permis d&rsquo;enregistrer des r\u00e9sultats positifs en am\u00e9liorant le cadre de vie, en r\u00e9duisant les disparit\u00e9s et en compensant les d\u00e9ficits sectoriels enregistr\u00e9s, il soul\u00e8ve certaines lacunes. Le Premier ministre a ainsi expliqu\u00e9 que l&rsquo;analyse de certains indicateurs li\u00e9s aux ressources humaines, \u00e0 l&rsquo;\u00e9tendue de la scolarisation, aux infrastructures, \u00e0 la sant\u00e9, au degr\u00e9 de couverture \u00e9nerg\u00e9tique et au ch\u00f4mage, ainsi qu&rsquo;\u00e0 la disparit\u00e9 de d\u00e9veloppement dans les zones recul\u00e9s et les zones d&rsquo;ombre \u00bb, indique que les investissements publics manquaient d\u2019efficience en raison de l\u2019absence d\u2019une vision&nbsp; pour le d\u00e9veloppement des wilayas, ce qui a conduit \u00e0 la concentration des activit\u00e9s et au manque de ressources locales et \u00e0 l\u2019insuffisance d\u2019incitations \u00e0 l\u2019investissement.<\/p>\n\n\n\n<p>Il a ainsi mis en avant la nouvelle vision en mati\u00e8re de d\u00e9veloppement local int\u00e9gr\u00e9, lequel est, dit-il, au premier plan des pr\u00e9occupations des pouvoirs publics, dans l\u2019objectif, notamment de r\u00e9duire les disparit\u00e9s r\u00e9gionales et pr\u00e9server la coh\u00e9sion sociale.<\/p>\n\n\n\n<p>A cet \u00e9gard, il a rappel\u00e9 que les objectifs fix\u00e9s en mati\u00e8re de d\u00e9veloppement local en termes d\u2019avantages sociaux et \u00e9conomiques cibl\u00e9s s&rsquo;articulent autour de 3 axes principaux : le renforcement de l&rsquo;appareil administratif local, l&rsquo;accompagnement de la politique d&rsquo;\u00e9quilibre entre les wilayas et la satisfaction des besoins des citoyens.A cet \u00e9gard, il estime que les collectivit\u00e9s locales doivent faire progresser les zones rurales et stopper l&rsquo;exode rural, ma\u00eetriser le d\u00e9veloppement urbain, orienter les efforts de l&rsquo;Etat vers les communes d\u00e9favoris\u00e9es et inciter les collectivit\u00e9s locales \u00e0 subvenir \u00e0 leurs besoins par elles-m\u00eames.<\/p>\n\n\n\n<p><strong>Transfert des pr\u00e9rogatives vers les nouvelles wilayas<\/strong><\/p>\n\n\n\n<p>Pour sa part, le ministre de l\u2019int\u00e9rieur et des Collectivit\u00e9s Locales, Kamel Beldjoud a, lors de la m\u00eame r\u00e9union, fait savoir que le transfert des pr\u00e9rogatives vers les dix wilayas r\u00e9cemment cr\u00e9\u00e9s se poursuit afin de leur permettre d\u2019entamer l\u2019exercice de leurs missions avant le 31 du mois de d\u00e9cembre de l\u2019ann\u00e9e en cours. Tous les textes juridiques n\u00e9cessaires \u00e0 cette op\u00e9ration son fin pr\u00eats, a-t-il assur\u00e9 tout en pr\u00e9cisant que l\u2019Etat a mis sur pied toutes les infrastructures n\u00e9cessaires outre l\u2019enveloppe financi\u00e8re r\u00e9serv\u00e9e \u00e0 cet effet et dont le montant est estim\u00e9 \u00e0 trois milliards de dinars.<\/p>\n\n\n\n<p>S\u2019adressant aux walis, M. Beldjoud a par ailleurs mis l\u2019accent sur l\u2019imp\u00e9ratif d\u2019un suivi continu pour la concr\u00e9tisation de tous les projets de d\u00e9veloppement ainsi que la r\u00e9\u00e9valuation et le lancement des tous les projets encore non lanc\u00e9s. Le ministre de l\u2019Int\u00e9rieur a assur\u00e9 que, pour la concr\u00e9tisation de ces objectifs, l\u2019Etat a mobilis\u00e9 une enveloppe financi\u00e8re estim\u00e9e \u00e0 273 milliards de dinars. Un matelas financier mobilis\u00e9 pour notamment la r\u00e9alisation des projets prioritaires dans l\u2019optique de rattraper les retards de d\u00e9veloppement accus\u00e9 dans certaines r\u00e9gions du pays, explique-t-il.<\/p>\n\n\n\n<p>Toujours lors de son intervention devant les walis, le ministre de l\u2019Int\u00e9rieur et des Collectivit\u00e9s locales a fait savoir que le cadre juridique a \u00e9t\u00e9 compl\u00e8tement arrim\u00e9 \u00e0 la nouvelle Constitution. A cet effet, M. Beldjoud a ainsi assur\u00e9 que les projets de lois relatifs aux partis politiques et leur financement, aux associations, aux rassemblements et manifestations sot fin pr\u00eats.A rappeler que lors de son intervention \u00e0 l\u2019ouverture de cette troisi\u00e8me rencontre d gouvernement avec les walis, le pr\u00e9sident de la R\u00e9publique, M. Abdelmadjid Tebboune a estim\u00e9 que cette rencontre est une opportunit\u00e9 pour \u00ab\u00a0l&rsquo;\u00e9valuation, le redressement et la prospective\u00a0\u00bb.Le th\u00e8me retenu pour cette rencontre \u00ab\u00a0Relance \u00e9conomique, \u00e9quilibre r\u00e9gional et justice sociale\u00a0\u00bb, affirmait le pr\u00e9sident de la r\u00e9publique, se veut \u00ab\u00a0la quintessence de ces engagements\u00a0\u00bb pour r\u00e9pondre aux pr\u00e9occupations et aspirations des citoyens en mati\u00e8re de logement, d&#8217;emploi, de sant\u00e9 et d&rsquo;infrastructures en plus de l&rsquo;encouragement de l&rsquo;investissement, de la num\u00e9risation, de l&#8217;emploi des jeunes, de la cr\u00e9ation de richesse, du d\u00e9veloppement de l&rsquo;agriculture et de la transition \u00e9nerg\u00e9tique.Enfin, il est \u00e0 souligner que cette rencontre vise \u00e0 \u00e9valuer les politiques du d\u00e9veloppement socio-\u00e9conomique local, en se penchant&nbsp; sur les r\u00e9sultats atteints et en analysant les contraintes rencontr\u00e9es. Le gouvernement compte aussi sur cette derni\u00e8re pour assurer un travail de prospective sur les enseignements \u00e0 tirer et les moyens d\u2019acc\u00e9l\u00e9rer les mutations pour r\u00e9pondre \u00ab\u00a0efficacement\u00a0\u00bb aux besoins de la population et mettre les jalons d\u2019un d\u00e9veloppement local r\u00e9nov\u00e9. La rencontre a \u00e9galement pour objectif de lancer la r\u00e9flexion sur une nouvelle approche en mati\u00e8re de d\u00e9veloppement local qui doit ouvrir des perspectives pour la mise en place d\u2019un nouveau cadre de conception, de concertation, d\u2019ex\u00e9cution, de suivi et d\u2019\u00e9valuation des programmes de d\u00e9veloppement locaux.<\/p>\n\n\n\n<p><strong>Akli Amor<\/strong><\/p>\n","protected":false},"excerpt":{"rendered":"<p>Le Premier ministre et ministre des Finances a soulign\u00e9 hier, lors de son intervention \u00e0 la r\u00e9union gouvernement-Walis que des<\/p>\n","protected":false},"author":3,"featured_media":9148,"comment_status":"open","ping_status":"closed","sticky":false,"template":"","format":"standard","meta":{"colormag_page_container_layout":"default_layout","colormag_page_sidebar_layout":"default_layout","om_disable_all_campaigns":false,"_monsterinsights_skip_tracking":false,"_monsterinsights_sitenote_active":false,"_monsterinsights_sitenote_note":"","_monsterinsights_sitenote_category":0,"footnotes":"","_wpscppro_dont_share_socialmedia":false,"_wpscppro_custom_social_share_image":0,"_facebook_share_type":"","_twitter_share_type":"","_linkedin_share_type":"","_pinterest_share_type":"","_linkedin_share_type_page":"","_instagram_share_type":"","_medium_share_type":"","_threads_share_type":"","_google_business_share_type":"","_selected_social_profile":[],"_wpsp_enable_custom_social_template":false,"_wpsp_social_scheduling":{"enabled":false,"datetime":null,"platforms":[],"status":"template_only","dateOption":"today","timeOption":"now","customDays":"","customHours":"","customDate":"","customTime":"","schedulingType":"absolute"},"_wpsp_active_default_template":true},"categories":[52,27],"tags":[],"class_list":["post-9049","post","type-post","status-publish","format-standard","has-post-thumbnail","hentry","category-a-la-une","category-actualite"],"aioseo_notices":[],"yoast_head":"<!-- This site is optimized with the Yoast SEO plugin v27.5 - https:\/\/yoast.com\/product\/yoast-seo-wordpress\/ -->\n<title>Disparit\u00e9s de d\u00e9veloppement persistent dans les zones d\u2019ombre : \u00abLes investissements publics ont manqu\u00e9 d\u2019efficience\u00bb - La Sentinelle<\/title>\n<meta name=\"robots\" content=\"index, follow, max-snippet:-1, max-image-preview:large, max-video-preview:-1\" \/>\n<link rel=\"canonical\" href=\"https:\/\/lasentinelle.dz\/index.php\/2021\/09\/26\/disparites-de-developpement-persistent-dans-les-zones-dombre-les-investissements-publics-ont-manque-defficience\/\" \/>\n<meta property=\"og:locale\" content=\"fr_FR\" \/>\n<meta property=\"og:type\" content=\"article\" \/>\n<meta property=\"og:title\" content=\"Disparit\u00e9s de d\u00e9veloppement persistent dans les zones d\u2019ombre : \u00abLes investissements publics ont manqu\u00e9 d\u2019efficience\u00bb - La Sentinelle\" \/>\n<meta property=\"og:description\" content=\"Le Premier ministre et ministre des Finances a soulign\u00e9 hier, lors de son intervention \u00e0 la r\u00e9union gouvernement-Walis que des\" \/>\n<meta property=\"og:url\" content=\"https:\/\/lasentinelle.dz\/index.php\/2021\/09\/26\/disparites-de-developpement-persistent-dans-les-zones-dombre-les-investissements-publics-ont-manque-defficience\/\" \/>\n<meta property=\"og:site_name\" content=\"La Sentinelle\" \/>\n<meta property=\"article:publisher\" content=\"https:\/\/www.facebook.com\/La-Sentinelle-104059864394773\" \/>\n<meta property=\"article:published_time\" content=\"2021-09-25T23:05:00+00:00\" \/>\n<meta property=\"og:image\" content=\"https:\/\/lasentinelle.dz\/wp-content\/uploads\/2021\/09\/benabederrahmane.jpeg\" \/>\n\t<meta property=\"og:image:width\" content=\"1751\" \/>\n\t<meta property=\"og:image:height\" content=\"1714\" \/>\n\t<meta property=\"og:image:type\" content=\"image\/jpeg\" \/>\n<meta name=\"author\" content=\"La Sentinelle\" \/>\n<meta name=\"twitter:card\" content=\"summary_large_image\" \/>\n<meta name=\"twitter:label1\" content=\"\u00c9crit par\" \/>\n\t<meta name=\"twitter:data1\" content=\"La Sentinelle\" \/>\n\t<meta name=\"twitter:label2\" content=\"Dur\u00e9e de lecture estim\u00e9e\" \/>\n\t<meta name=\"twitter:data2\" content=\"4 minutes\" \/>\n<script type=\"application\/ld+json\" class=\"yoast-schema-graph\">{\"@context\":\"https:\\\/\\\/schema.org\",\"@graph\":[{\"@type\":\"Article\",\"@id\":\"https:\\\/\\\/lasentinelle.dz\\\/index.php\\\/2021\\\/09\\\/26\\\/disparites-de-developpement-persistent-dans-les-zones-dombre-les-investissements-publics-ont-manque-defficience\\\/#article\",\"isPartOf\":{\"@id\":\"https:\\\/\\\/lasentinelle.dz\\\/index.php\\\/2021\\\/09\\\/26\\\/disparites-de-developpement-persistent-dans-les-zones-dombre-les-investissements-publics-ont-manque-defficience\\\/\"},\"author\":{\"name\":\"La Sentinelle\",\"@id\":\"https:\\\/\\\/lasentinelle.dz\\\/#\\\/schema\\\/person\\\/d865044e22e70a75174ce8bcad3acfb3\"},\"headline\":\"Disparit\u00e9s de d\u00e9veloppement persistent dans les zones d\u2019ombre : \u00abLes investissements publics ont manqu\u00e9 d\u2019efficience\u00bb\",\"datePublished\":\"2021-09-25T23:05:00+00:00\",\"mainEntityOfPage\":{\"@id\":\"https:\\\/\\\/lasentinelle.dz\\\/index.php\\\/2021\\\/09\\\/26\\\/disparites-de-developpement-persistent-dans-les-zones-dombre-les-investissements-publics-ont-manque-defficience\\\/\"},\"wordCount\":1069,\"commentCount\":0,\"publisher\":{\"@id\":\"https:\\\/\\\/lasentinelle.dz\\\/#organization\"},\"image\":{\"@id\":\"https:\\\/\\\/lasentinelle.dz\\\/index.php\\\/2021\\\/09\\\/26\\\/disparites-de-developpement-persistent-dans-les-zones-dombre-les-investissements-publics-ont-manque-defficience\\\/#primaryimage\"},\"thumbnailUrl\":\"https:\\\/\\\/lasentinelle.dz\\\/wp-content\\\/uploads\\\/2021\\\/09\\\/benabederrahmane.jpeg\",\"articleSection\":[\"\u00c0 la Une\",\"Actualit\u00e9\"],\"inLanguage\":\"fr-FR\",\"potentialAction\":[{\"@type\":\"CommentAction\",\"name\":\"Comment\",\"target\":[\"https:\\\/\\\/lasentinelle.dz\\\/index.php\\\/2021\\\/09\\\/26\\\/disparites-de-developpement-persistent-dans-les-zones-dombre-les-investissements-publics-ont-manque-defficience\\\/#respond\"]}]},{\"@type\":\"WebPage\",\"@id\":\"https:\\\/\\\/lasentinelle.dz\\\/index.php\\\/2021\\\/09\\\/26\\\/disparites-de-developpement-persistent-dans-les-zones-dombre-les-investissements-publics-ont-manque-defficience\\\/\",\"url\":\"https:\\\/\\\/lasentinelle.dz\\\/index.php\\\/2021\\\/09\\\/26\\\/disparites-de-developpement-persistent-dans-les-zones-dombre-les-investissements-publics-ont-manque-defficience\\\/\",\"name\":\"Disparit\u00e9s de d\u00e9veloppement persistent dans les zones d\u2019ombre : \u00abLes investissements publics ont manqu\u00e9 d\u2019efficience\u00bb - La Sentinelle\",\"isPartOf\":{\"@id\":\"https:\\\/\\\/lasentinelle.dz\\\/#website\"},\"primaryImageOfPage\":{\"@id\":\"https:\\\/\\\/lasentinelle.dz\\\/index.php\\\/2021\\\/09\\\/26\\\/disparites-de-developpement-persistent-dans-les-zones-dombre-les-investissements-publics-ont-manque-defficience\\\/#primaryimage\"},\"image\":{\"@id\":\"https:\\\/\\\/lasentinelle.dz\\\/index.php\\\/2021\\\/09\\\/26\\\/disparites-de-developpement-persistent-dans-les-zones-dombre-les-investissements-publics-ont-manque-defficience\\\/#primaryimage\"},\"thumbnailUrl\":\"https:\\\/\\\/lasentinelle.dz\\\/wp-content\\\/uploads\\\/2021\\\/09\\\/benabederrahmane.jpeg\",\"datePublished\":\"2021-09-25T23:05:00+00:00\",\"breadcrumb\":{\"@id\":\"https:\\\/\\\/lasentinelle.dz\\\/index.php\\\/2021\\\/09\\\/26\\\/disparites-de-developpement-persistent-dans-les-zones-dombre-les-investissements-publics-ont-manque-defficience\\\/#breadcrumb\"},\"inLanguage\":\"fr-FR\",\"potentialAction\":[{\"@type\":\"ReadAction\",\"target\":[\"https:\\\/\\\/lasentinelle.dz\\\/index.php\\\/2021\\\/09\\\/26\\\/disparites-de-developpement-persistent-dans-les-zones-dombre-les-investissements-publics-ont-manque-defficience\\\/\"]}]},{\"@type\":\"ImageObject\",\"inLanguage\":\"fr-FR\",\"@id\":\"https:\\\/\\\/lasentinelle.dz\\\/index.php\\\/2021\\\/09\\\/26\\\/disparites-de-developpement-persistent-dans-les-zones-dombre-les-investissements-publics-ont-manque-defficience\\\/#primaryimage\",\"url\":\"https:\\\/\\\/lasentinelle.dz\\\/wp-content\\\/uploads\\\/2021\\\/09\\\/benabederrahmane.jpeg\",\"contentUrl\":\"https:\\\/\\\/lasentinelle.dz\\\/wp-content\\\/uploads\\\/2021\\\/09\\\/benabederrahmane.jpeg\",\"width\":1751,\"height\":1714},{\"@type\":\"BreadcrumbList\",\"@id\":\"https:\\\/\\\/lasentinelle.dz\\\/index.php\\\/2021\\\/09\\\/26\\\/disparites-de-developpement-persistent-dans-les-zones-dombre-les-investissements-publics-ont-manque-defficience\\\/#breadcrumb\",\"itemListElement\":[{\"@type\":\"ListItem\",\"position\":1,\"name\":\"Accueil\",\"item\":\"https:\\\/\\\/lasentinelle.dz\\\/\"},{\"@type\":\"ListItem\",\"position\":2,\"name\":\"Disparit\u00e9s de d\u00e9veloppement persistent dans les zones d\u2019ombre : \u00abLes investissements publics ont manqu\u00e9 d\u2019efficience\u00bb\"}]},{\"@type\":\"WebSite\",\"@id\":\"https:\\\/\\\/lasentinelle.dz\\\/#website\",\"url\":\"https:\\\/\\\/lasentinelle.dz\\\/\",\"name\":\"La Sentinelle\",\"description\":\"Quotidien national d&#039;information\",\"publisher\":{\"@id\":\"https:\\\/\\\/lasentinelle.dz\\\/#organization\"},\"potentialAction\":[{\"@type\":\"SearchAction\",\"target\":{\"@type\":\"EntryPoint\",\"urlTemplate\":\"https:\\\/\\\/lasentinelle.dz\\\/?s={search_term_string}\"},\"query-input\":{\"@type\":\"PropertyValueSpecification\",\"valueRequired\":true,\"valueName\":\"search_term_string\"}}],\"inLanguage\":\"fr-FR\"},{\"@type\":\"Organization\",\"@id\":\"https:\\\/\\\/lasentinelle.dz\\\/#organization\",\"name\":\"Quotidien La Sentinelle\",\"url\":\"https:\\\/\\\/lasentinelle.dz\\\/\",\"logo\":{\"@type\":\"ImageObject\",\"inLanguage\":\"fr-FR\",\"@id\":\"https:\\\/\\\/lasentinelle.dz\\\/#\\\/schema\\\/logo\\\/image\\\/\",\"url\":\"https:\\\/\\\/lasentinelle.dz\\\/wp-content\\\/uploads\\\/2021\\\/09\\\/logo-sentinelleSLOGAN-1.png\",\"contentUrl\":\"https:\\\/\\\/lasentinelle.dz\\\/wp-content\\\/uploads\\\/2021\\\/09\\\/logo-sentinelleSLOGAN-1.png\",\"width\":615,\"height\":142,\"caption\":\"Quotidien La Sentinelle\"},\"image\":{\"@id\":\"https:\\\/\\\/lasentinelle.dz\\\/#\\\/schema\\\/logo\\\/image\\\/\"},\"sameAs\":[\"https:\\\/\\\/www.facebook.com\\\/La-Sentinelle-104059864394773\"]},{\"@type\":\"Person\",\"@id\":\"https:\\\/\\\/lasentinelle.dz\\\/#\\\/schema\\\/person\\\/d865044e22e70a75174ce8bcad3acfb3\",\"name\":\"La Sentinelle\",\"image\":{\"@type\":\"ImageObject\",\"inLanguage\":\"fr-FR\",\"@id\":\"https:\\\/\\\/secure.gravatar.com\\\/avatar\\\/57de8e5d4b15d43fb361a71fbb36338450fe67865b528a43dd10ef7c51a20392?s=96&d=mm&r=g\",\"url\":\"https:\\\/\\\/secure.gravatar.com\\\/avatar\\\/57de8e5d4b15d43fb361a71fbb36338450fe67865b528a43dd10ef7c51a20392?s=96&d=mm&r=g\",\"contentUrl\":\"https:\\\/\\\/secure.gravatar.com\\\/avatar\\\/57de8e5d4b15d43fb361a71fbb36338450fe67865b528a43dd10ef7c51a20392?s=96&d=mm&r=g\",\"caption\":\"La Sentinelle\"},\"sameAs\":[\"http:\\\/\\\/www.lasentinelle.dz\"],\"url\":\"https:\\\/\\\/lasentinelle.dz\\\/author\\\/redaction\\\/\"}]}<\/script>\n<!-- \/ Yoast SEO plugin. -->","yoast_head_json":{"title":"Disparit\u00e9s de d\u00e9veloppement persistent dans les zones d\u2019ombre : \u00abLes investissements publics ont manqu\u00e9 d\u2019efficience\u00bb - La Sentinelle","robots":{"index":"index","follow":"follow","max-snippet":"max-snippet:-1","max-image-preview":"max-image-preview:large","max-video-preview":"max-video-preview:-1"},"canonical":"https:\/\/lasentinelle.dz\/index.php\/2021\/09\/26\/disparites-de-developpement-persistent-dans-les-zones-dombre-les-investissements-publics-ont-manque-defficience\/","og_locale":"fr_FR","og_type":"article","og_title":"Disparit\u00e9s de d\u00e9veloppement persistent dans les zones d\u2019ombre : \u00abLes investissements publics ont manqu\u00e9 d\u2019efficience\u00bb - La Sentinelle","og_description":"Le Premier ministre et ministre des Finances a soulign\u00e9 hier, lors de son intervention \u00e0 la r\u00e9union gouvernement-Walis que des","og_url":"https:\/\/lasentinelle.dz\/index.php\/2021\/09\/26\/disparites-de-developpement-persistent-dans-les-zones-dombre-les-investissements-publics-ont-manque-defficience\/","og_site_name":"La Sentinelle","article_publisher":"https:\/\/www.facebook.com\/La-Sentinelle-104059864394773","article_published_time":"2021-09-25T23:05:00+00:00","og_image":[{"width":1751,"height":1714,"url":"https:\/\/lasentinelle.dz\/wp-content\/uploads\/2021\/09\/benabederrahmane.jpeg","type":"image\/jpeg"}],"author":"La Sentinelle","twitter_card":"summary_large_image","twitter_misc":{"\u00c9crit par":"La Sentinelle","Dur\u00e9e de lecture estim\u00e9e":"4 minutes"},"schema":{"@context":"https:\/\/schema.org","@graph":[{"@type":"Article","@id":"https:\/\/lasentinelle.dz\/index.php\/2021\/09\/26\/disparites-de-developpement-persistent-dans-les-zones-dombre-les-investissements-publics-ont-manque-defficience\/#article","isPartOf":{"@id":"https:\/\/lasentinelle.dz\/index.php\/2021\/09\/26\/disparites-de-developpement-persistent-dans-les-zones-dombre-les-investissements-publics-ont-manque-defficience\/"},"author":{"name":"La Sentinelle","@id":"https:\/\/lasentinelle.dz\/#\/schema\/person\/d865044e22e70a75174ce8bcad3acfb3"},"headline":"Disparit\u00e9s de d\u00e9veloppement persistent dans les zones d\u2019ombre : \u00abLes investissements publics ont manqu\u00e9 d\u2019efficience\u00bb","datePublished":"2021-09-25T23:05:00+00:00","mainEntityOfPage":{"@id":"https:\/\/lasentinelle.dz\/index.php\/2021\/09\/26\/disparites-de-developpement-persistent-dans-les-zones-dombre-les-investissements-publics-ont-manque-defficience\/"},"wordCount":1069,"commentCount":0,"publisher":{"@id":"https:\/\/lasentinelle.dz\/#organization"},"image":{"@id":"https:\/\/lasentinelle.dz\/index.php\/2021\/09\/26\/disparites-de-developpement-persistent-dans-les-zones-dombre-les-investissements-publics-ont-manque-defficience\/#primaryimage"},"thumbnailUrl":"https:\/\/lasentinelle.dz\/wp-content\/uploads\/2021\/09\/benabederrahmane.jpeg","articleSection":["\u00c0 la Une","Actualit\u00e9"],"inLanguage":"fr-FR","potentialAction":[{"@type":"CommentAction","name":"Comment","target":["https:\/\/lasentinelle.dz\/index.php\/2021\/09\/26\/disparites-de-developpement-persistent-dans-les-zones-dombre-les-investissements-publics-ont-manque-defficience\/#respond"]}]},{"@type":"WebPage","@id":"https:\/\/lasentinelle.dz\/index.php\/2021\/09\/26\/disparites-de-developpement-persistent-dans-les-zones-dombre-les-investissements-publics-ont-manque-defficience\/","url":"https:\/\/lasentinelle.dz\/index.php\/2021\/09\/26\/disparites-de-developpement-persistent-dans-les-zones-dombre-les-investissements-publics-ont-manque-defficience\/","name":"Disparit\u00e9s de d\u00e9veloppement persistent dans les zones d\u2019ombre : \u00abLes investissements publics ont manqu\u00e9 d\u2019efficience\u00bb - La Sentinelle","isPartOf":{"@id":"https:\/\/lasentinelle.dz\/#website"},"primaryImageOfPage":{"@id":"https:\/\/lasentinelle.dz\/index.php\/2021\/09\/26\/disparites-de-developpement-persistent-dans-les-zones-dombre-les-investissements-publics-ont-manque-defficience\/#primaryimage"},"image":{"@id":"https:\/\/lasentinelle.dz\/index.php\/2021\/09\/26\/disparites-de-developpement-persistent-dans-les-zones-dombre-les-investissements-publics-ont-manque-defficience\/#primaryimage"},"thumbnailUrl":"https:\/\/lasentinelle.dz\/wp-content\/uploads\/2021\/09\/benabederrahmane.jpeg","datePublished":"2021-09-25T23:05:00+00:00","breadcrumb":{"@id":"https:\/\/lasentinelle.dz\/index.php\/2021\/09\/26\/disparites-de-developpement-persistent-dans-les-zones-dombre-les-investissements-publics-ont-manque-defficience\/#breadcrumb"},"inLanguage":"fr-FR","potentialAction":[{"@type":"ReadAction","target":["https:\/\/lasentinelle.dz\/index.php\/2021\/09\/26\/disparites-de-developpement-persistent-dans-les-zones-dombre-les-investissements-publics-ont-manque-defficience\/"]}]},{"@type":"ImageObject","inLanguage":"fr-FR","@id":"https:\/\/lasentinelle.dz\/index.php\/2021\/09\/26\/disparites-de-developpement-persistent-dans-les-zones-dombre-les-investissements-publics-ont-manque-defficience\/#primaryimage","url":"https:\/\/lasentinelle.dz\/wp-content\/uploads\/2021\/09\/benabederrahmane.jpeg","contentUrl":"https:\/\/lasentinelle.dz\/wp-content\/uploads\/2021\/09\/benabederrahmane.jpeg","width":1751,"height":1714},{"@type":"BreadcrumbList","@id":"https:\/\/lasentinelle.dz\/index.php\/2021\/09\/26\/disparites-de-developpement-persistent-dans-les-zones-dombre-les-investissements-publics-ont-manque-defficience\/#breadcrumb","itemListElement":[{"@type":"ListItem","position":1,"name":"Accueil","item":"https:\/\/lasentinelle.dz\/"},{"@type":"ListItem","position":2,"name":"Disparit\u00e9s de d\u00e9veloppement persistent dans les zones d\u2019ombre : \u00abLes investissements publics ont manqu\u00e9 d\u2019efficience\u00bb"}]},{"@type":"WebSite","@id":"https:\/\/lasentinelle.dz\/#website","url":"https:\/\/lasentinelle.dz\/","name":"La Sentinelle","description":"Quotidien national d&#039;information","publisher":{"@id":"https:\/\/lasentinelle.dz\/#organization"},"potentialAction":[{"@type":"SearchAction","target":{"@type":"EntryPoint","urlTemplate":"https:\/\/lasentinelle.dz\/?s={search_term_string}"},"query-input":{"@type":"PropertyValueSpecification","valueRequired":true,"valueName":"search_term_string"}}],"inLanguage":"fr-FR"},{"@type":"Organization","@id":"https:\/\/lasentinelle.dz\/#organization","name":"Quotidien La Sentinelle","url":"https:\/\/lasentinelle.dz\/","logo":{"@type":"ImageObject","inLanguage":"fr-FR","@id":"https:\/\/lasentinelle.dz\/#\/schema\/logo\/image\/","url":"https:\/\/lasentinelle.dz\/wp-content\/uploads\/2021\/09\/logo-sentinelleSLOGAN-1.png","contentUrl":"https:\/\/lasentinelle.dz\/wp-content\/uploads\/2021\/09\/logo-sentinelleSLOGAN-1.png","width":615,"height":142,"caption":"Quotidien La Sentinelle"},"image":{"@id":"https:\/\/lasentinelle.dz\/#\/schema\/logo\/image\/"},"sameAs":["https:\/\/www.facebook.com\/La-Sentinelle-104059864394773"]},{"@type":"Person","@id":"https:\/\/lasentinelle.dz\/#\/schema\/person\/d865044e22e70a75174ce8bcad3acfb3","name":"La Sentinelle","image":{"@type":"ImageObject","inLanguage":"fr-FR","@id":"https:\/\/secure.gravatar.com\/avatar\/57de8e5d4b15d43fb361a71fbb36338450fe67865b528a43dd10ef7c51a20392?s=96&d=mm&r=g","url":"https:\/\/secure.gravatar.com\/avatar\/57de8e5d4b15d43fb361a71fbb36338450fe67865b528a43dd10ef7c51a20392?s=96&d=mm&r=g","contentUrl":"https:\/\/secure.gravatar.com\/avatar\/57de8e5d4b15d43fb361a71fbb36338450fe67865b528a43dd10ef7c51a20392?s=96&d=mm&r=g","caption":"La Sentinelle"},"sameAs":["http:\/\/www.lasentinelle.dz"],"url":"https:\/\/lasentinelle.dz\/author\/redaction\/"}]}},"_links":{"self":[{"href":"https:\/\/lasentinelle.dz\/index.php\/wp-json\/wp\/v2\/posts\/9049","targetHints":{"allow":["GET"]}}],"collection":[{"href":"https:\/\/lasentinelle.dz\/index.php\/wp-json\/wp\/v2\/posts"}],"about":[{"href":"https:\/\/lasentinelle.dz\/index.php\/wp-json\/wp\/v2\/types\/post"}],"author":[{"embeddable":true,"href":"https:\/\/lasentinelle.dz\/index.php\/wp-json\/wp\/v2\/users\/3"}],"replies":[{"embeddable":true,"href":"https:\/\/lasentinelle.dz\/index.php\/wp-json\/wp\/v2\/comments?post=9049"}],"version-history":[{"count":1,"href":"https:\/\/lasentinelle.dz\/index.php\/wp-json\/wp\/v2\/posts\/9049\/revisions"}],"predecessor-version":[{"id":9144,"href":"https:\/\/lasentinelle.dz\/index.php\/wp-json\/wp\/v2\/posts\/9049\/revisions\/9144"}],"wp:featuredmedia":[{"embeddable":true,"href":"https:\/\/lasentinelle.dz\/index.php\/wp-json\/wp\/v2\/media\/9148"}],"wp:attachment":[{"href":"https:\/\/lasentinelle.dz\/index.php\/wp-json\/wp\/v2\/media?parent=9049"}],"wp:term":[{"taxonomy":"category","embeddable":true,"href":"https:\/\/lasentinelle.dz\/index.php\/wp-json\/wp\/v2\/categories?post=9049"},{"taxonomy":"post_tag","embeddable":true,"href":"https:\/\/lasentinelle.dz\/index.php\/wp-json\/wp\/v2\/tags?post=9049"}],"curies":[{"name":"wp","href":"https:\/\/api.w.org\/{rel}","templated":true}]}}