{"id":908,"date":"2021-07-12T15:54:06","date_gmt":"2021-07-12T14:54:06","guid":{"rendered":"https:\/\/lasentinelle.dz\/?p=908"},"modified":"2021-07-12T15:54:19","modified_gmt":"2021-07-12T14:54:19","slug":"alger-les-citernes-deau-envahissent-les-terrasses-et-balcons","status":"publish","type":"post","link":"https:\/\/lasentinelle.dz\/index.php\/2021\/07\/12\/alger-les-citernes-deau-envahissent-les-terrasses-et-balcons\/","title":{"rendered":"Alger \/ Les citernes d&rsquo;eau envahissent les terrasses et balcons"},"content":{"rendered":"\n<p>L&rsquo;installation de citernes d&rsquo;eau, toutes tailles et formes confondues, sur les terrasses et balcons des maisons est devenue un ph\u00e9nom\u00e8ne qui se propage au niveau des quartiers populaires et nouveaux des communes de la wilaya d&rsquo;Alger, un ph\u00e9nom\u00e8ne d\u00fb aux changements ayant r\u00e9cemment affect\u00e9 le programme de distribution d&rsquo;eau potable dans la wilaya.D\u00e8s la publication de la d\u00e9cision de la Soci\u00e9t\u00e9 des eaux et de l&rsquo;assainissement d&rsquo;Alger (SEAAL) portant mise en \u0153uvre d&rsquo;un programme d&rsquo;urgence pour la distribution d&rsquo;eau en raison de la rar\u00e9faction des ressources en eau, l&rsquo;op\u00e9ration de vente de citernes s&rsquo;est transform\u00e9e en \u00ab\u00a0commerce florissant\u00a0\u00bb pour les vendeurs en gros et en d\u00e9tail, de sorte que le citoyen s&rsquo;est retrouv\u00e9 \u00e0 la recherche du meilleur endroit dans son appartement pour installer une citerne qui lui \u00e9pargne la peine d&rsquo;attendre l&rsquo;eau du robinet, qui \u00ab\u00a0s&rsquo;\u00e9puise\u00a0\u00bb au plus fort de l&rsquo;\u00e9t\u00e9.<\/p>\n\n\n\n<p>Lors d&rsquo;une tourn\u00e9e dans plusieurs communes de la capitale, l&rsquo;APS a constat\u00e9 le pullulement \u00ab\u00a0remarquable\u00a0\u00bb des citernes d&rsquo;eau, y compris les barils de 100 litres sur les balcons des immeubles, auxquels les citoyens ont eu recours afin d&rsquo;att\u00e9nuer leurs souffrances dues \u00e0 la crise du stress hydrique, ce qui s&rsquo;est traduit n\u00e9gativement sur l&rsquo;aspect esth\u00e9tique de nombreux b\u00e2timents.Cette image \u00a0\u00bb d\u00e9figur\u00e9e\u00a0\u00bb se manifeste avec tous ses d\u00e9tails, dans les immeubles de la cit\u00e9 jouxtant Maqam Echahid dans la commune d&rsquo;El-Madania. Ainsi, le lotissement connu sous le nom cit\u00e9 \u00ab\u00a0Confort\u00a0\u00bb, d\u00e9j\u00e0 se caract\u00e9risant par la prolif\u00e9ration notable des paraboles sur les balcons et les terrasses, voit son image au cours des derniers jours, devenir encore plus d\u00e9figur\u00e9e, avec l&rsquo;introduction d&rsquo;un nouveau \u00e9l\u00e9ment induit par la crise de l&rsquo;eau, \u00e0 savoir des citernes vertes, bleues et m\u00e9talliques.<\/p>\n\n\n\n<p>Les maisons, les villas et les immeubles \u00e0 la cit\u00e9 des Annassers dans la commune de Kouba ne manquent pas aussi de ces citernes qui souvent sont en m\u00e9tal et install\u00e9es dans les maison individuelles. Les couleurs faisant leur apparition \u00e0 travers les immeubles de la cit\u00e9, m\u00eame si \u00e0 un degr\u00e9 moindre de ce qui se voit \u00e0 la cit\u00e9 \u00ab\u00a0Confort\u00a0\u00bb \u00e0 El-Madania et qui garde sa part de ce nouveau ph\u00e9nom\u00e8ne, elles s&rsquo;accentuent de fa\u00e7on progressive aussi dans la cit\u00e9 \u00ab\u00a0S\u00e2ada\u00a0\u00bb (ex-Salembier).La commune d&rsquo;Ain Na\u00e2dja, avec ses anciennes et nouvelles cit\u00e9s, en sus de sa banlieue repr\u00e9sent\u00e9e par les zones d&rsquo;extension urbaine qui imposent un mod\u00e8le d&rsquo;habitation dans lequel les citoyens recourent \u00e0 l&rsquo;esth\u00e9tique architecturelle de leurs maisons modernes, \u00e0 l&rsquo;instar de ce qui se voit \u00e0 la cit\u00e9 de Sefsafa (Sud-ouest de la commune), n&rsquo;est pas \u00e9pargn\u00e9e par la prolif\u00e9ration des citernes de tous types, volumes et couleurs, ce qui a d\u00e9figur\u00e9 l&rsquo;image esth\u00e9tique de ces cit\u00e9s.<\/p>\n\n\n\n<p>A la cit\u00e9 AADL de la m\u00eame commune, les habitants des \u00e9tages sup\u00e9rieurs ont d\u00fb s&rsquo;\u00e9quiper de diff\u00e9rents moyens de stockage d&rsquo;eau. Les jerricans bleus qui ont r\u00e9cemment fait leur apparition sur leurs balcons illustrent le calvaire qu&rsquo;ils vivent \u00e0 cause de la crise de l&rsquo;eau.M\u00eame constat dans les nouvelles cit\u00e9s de Ain Malha o\u00f9 les habitants des \u00e9tages sup\u00e9rieurs sont les plus impact\u00e9s par ces perturbations dans l&rsquo;alimentation en eau potable. Selon les habitants rencontr\u00e9s par l&rsquo;APS, ce probl\u00e8me ne date pas d&rsquo;aujourd&rsquo;hui.Dans la commune de Birtouta, les jerricans et les citernes se sont multipli\u00e9s au niveau des nouvelles cit\u00e9s.<\/p>\n\n\n\n<p>Pas loin de Birtouta, les habitants de l&rsquo;agglom\u00e9ration \u00ab\u00a0Hamoud Laroussi\u00a0\u00bb \u00e0 la commune de Kheraissia, plus pr\u00e9cis\u00e9ment \u00e0 la localit\u00e9 de \u00ab\u00a0Houch El Guazouz\u00a0\u00bb, souffrent d&rsquo;absence de l&rsquo;eau dans leurs robinets depuis plus de deux semaines, une situation qui a amen\u00e9 de nombreux foyers \u00e0 acheter des citernes pour les installer dans leurs maisons.S&rsquo;agissant du ph\u00e9nom\u00e8ne d&rsquo;installation des citernes dans les balcons des b\u00e2timents, le pr\u00e9sident du Club des risques majeurs, Pr. Abdelkrim Chelghoum a pr\u00e9cis\u00e9 \u00e0 l&rsquo;APS que cette installation \u00e9tait interdite par la loi car elle s&rsquo;inscrit dans le cadre de travaux de modification et d&rsquo;\u00e9largissement des b\u00e2timents.L&rsquo;installation d&rsquo;une citerne de 1.500 ou 3.000 litres signifie un poids de plus s&rsquo;\u00e9levant \u00e0 3 tonnes par b\u00e2timent ce qui constitue un danger en cas de tremblement de terre.<\/p>\n\n\n\n<p>APS<\/p>\n","protected":false},"excerpt":{"rendered":"<p>L&rsquo;installation de citernes d&rsquo;eau, toutes tailles et formes confondues, sur les terrasses et balcons des maisons est devenue un ph\u00e9nom\u00e8ne<\/p>\n","protected":false},"author":3,"featured_media":0,"comment_status":"open","ping_status":"closed","sticky":false,"template":"","format":"standard","meta":{"colormag_page_container_layout":"default_layout","colormag_page_sidebar_layout":"default_layout","om_disable_all_campaigns":false,"_monsterinsights_skip_tracking":false,"_monsterinsights_sitenote_active":false,"_monsterinsights_sitenote_note":"","_monsterinsights_sitenote_category":0,"footnotes":"","_wpscppro_dont_share_socialmedia":false,"_wpscppro_custom_social_share_image":0,"_facebook_share_type":"","_twitter_share_type":"","_linkedin_share_type":"","_pinterest_share_type":"","_linkedin_share_type_page":"","_instagram_share_type":"","_medium_share_type":"","_threads_share_type":"","_google_business_share_type":"","_selected_social_profile":[],"_wpsp_enable_custom_social_template":false,"_wpsp_social_scheduling":{"enabled":false,"datetime":null,"platforms":[],"status":"template_only","dateOption":"today","timeOption":"now","customDays":"","customHours":"","customDate":"","customTime":"","schedulingType":"absolute"},"_wpsp_active_default_template":true},"categories":[31],"tags":[],"class_list":["post-908","post","type-post","status-publish","format-standard","hentry","category-regions"],"aioseo_notices":[],"yoast_head":"<!-- This site is optimized with the Yoast SEO plugin v27.5 - https:\/\/yoast.com\/product\/yoast-seo-wordpress\/ -->\n<title>Alger \/ Les citernes d&#039;eau envahissent les terrasses et balcons - La Sentinelle<\/title>\n<meta name=\"robots\" content=\"index, follow, max-snippet:-1, max-image-preview:large, max-video-preview:-1\" \/>\n<link rel=\"canonical\" href=\"https:\/\/lasentinelle.dz\/index.php\/2021\/07\/12\/alger-les-citernes-deau-envahissent-les-terrasses-et-balcons\/\" \/>\n<meta property=\"og:locale\" content=\"fr_FR\" \/>\n<meta property=\"og:type\" content=\"article\" \/>\n<meta property=\"og:title\" content=\"Alger \/ Les citernes d&#039;eau envahissent les terrasses et balcons - La Sentinelle\" \/>\n<meta property=\"og:description\" content=\"L&rsquo;installation de citernes d&rsquo;eau, toutes tailles et formes confondues, sur les terrasses et balcons des maisons est devenue un ph\u00e9nom\u00e8ne\" \/>\n<meta property=\"og:url\" content=\"https:\/\/lasentinelle.dz\/index.php\/2021\/07\/12\/alger-les-citernes-deau-envahissent-les-terrasses-et-balcons\/\" \/>\n<meta property=\"og:site_name\" content=\"La Sentinelle\" \/>\n<meta property=\"article:publisher\" content=\"https:\/\/www.facebook.com\/La-Sentinelle-104059864394773\" \/>\n<meta property=\"article:published_time\" content=\"2021-07-12T14:54:06+00:00\" \/>\n<meta property=\"article:modified_time\" content=\"2021-07-12T14:54:19+00:00\" \/>\n<meta name=\"author\" content=\"La Sentinelle\" \/>\n<meta name=\"twitter:card\" content=\"summary_large_image\" \/>\n<meta name=\"twitter:label1\" content=\"\u00c9crit par\" \/>\n\t<meta name=\"twitter:data1\" content=\"La Sentinelle\" \/>\n\t<meta name=\"twitter:label2\" content=\"Dur\u00e9e de lecture estim\u00e9e\" \/>\n\t<meta name=\"twitter:data2\" content=\"3 minutes\" \/>\n<script type=\"application\/ld+json\" class=\"yoast-schema-graph\">{\"@context\":\"https:\\\/\\\/schema.org\",\"@graph\":[{\"@type\":\"Article\",\"@id\":\"https:\\\/\\\/lasentinelle.dz\\\/index.php\\\/2021\\\/07\\\/12\\\/alger-les-citernes-deau-envahissent-les-terrasses-et-balcons\\\/#article\",\"isPartOf\":{\"@id\":\"https:\\\/\\\/lasentinelle.dz\\\/index.php\\\/2021\\\/07\\\/12\\\/alger-les-citernes-deau-envahissent-les-terrasses-et-balcons\\\/\"},\"author\":{\"name\":\"La Sentinelle\",\"@id\":\"https:\\\/\\\/lasentinelle.dz\\\/#\\\/schema\\\/person\\\/d865044e22e70a75174ce8bcad3acfb3\"},\"headline\":\"Alger \\\/ Les citernes d&rsquo;eau envahissent les terrasses et balcons\",\"datePublished\":\"2021-07-12T14:54:06+00:00\",\"dateModified\":\"2021-07-12T14:54:19+00:00\",\"mainEntityOfPage\":{\"@id\":\"https:\\\/\\\/lasentinelle.dz\\\/index.php\\\/2021\\\/07\\\/12\\\/alger-les-citernes-deau-envahissent-les-terrasses-et-balcons\\\/\"},\"wordCount\":783,\"commentCount\":0,\"publisher\":{\"@id\":\"https:\\\/\\\/lasentinelle.dz\\\/#organization\"},\"articleSection\":[\"R\u00e9gions\"],\"inLanguage\":\"fr-FR\",\"potentialAction\":[{\"@type\":\"CommentAction\",\"name\":\"Comment\",\"target\":[\"https:\\\/\\\/lasentinelle.dz\\\/index.php\\\/2021\\\/07\\\/12\\\/alger-les-citernes-deau-envahissent-les-terrasses-et-balcons\\\/#respond\"]}]},{\"@type\":\"WebPage\",\"@id\":\"https:\\\/\\\/lasentinelle.dz\\\/index.php\\\/2021\\\/07\\\/12\\\/alger-les-citernes-deau-envahissent-les-terrasses-et-balcons\\\/\",\"url\":\"https:\\\/\\\/lasentinelle.dz\\\/index.php\\\/2021\\\/07\\\/12\\\/alger-les-citernes-deau-envahissent-les-terrasses-et-balcons\\\/\",\"name\":\"Alger \\\/ Les citernes d'eau envahissent les terrasses et balcons - La Sentinelle\",\"isPartOf\":{\"@id\":\"https:\\\/\\\/lasentinelle.dz\\\/#website\"},\"datePublished\":\"2021-07-12T14:54:06+00:00\",\"dateModified\":\"2021-07-12T14:54:19+00:00\",\"breadcrumb\":{\"@id\":\"https:\\\/\\\/lasentinelle.dz\\\/index.php\\\/2021\\\/07\\\/12\\\/alger-les-citernes-deau-envahissent-les-terrasses-et-balcons\\\/#breadcrumb\"},\"inLanguage\":\"fr-FR\",\"potentialAction\":[{\"@type\":\"ReadAction\",\"target\":[\"https:\\\/\\\/lasentinelle.dz\\\/index.php\\\/2021\\\/07\\\/12\\\/alger-les-citernes-deau-envahissent-les-terrasses-et-balcons\\\/\"]}]},{\"@type\":\"BreadcrumbList\",\"@id\":\"https:\\\/\\\/lasentinelle.dz\\\/index.php\\\/2021\\\/07\\\/12\\\/alger-les-citernes-deau-envahissent-les-terrasses-et-balcons\\\/#breadcrumb\",\"itemListElement\":[{\"@type\":\"ListItem\",\"position\":1,\"name\":\"Accueil\",\"item\":\"https:\\\/\\\/lasentinelle.dz\\\/\"},{\"@type\":\"ListItem\",\"position\":2,\"name\":\"Alger \\\/ Les citernes d&rsquo;eau envahissent les terrasses et balcons\"}]},{\"@type\":\"WebSite\",\"@id\":\"https:\\\/\\\/lasentinelle.dz\\\/#website\",\"url\":\"https:\\\/\\\/lasentinelle.dz\\\/\",\"name\":\"La Sentinelle\",\"description\":\"Quotidien national d&#039;information\",\"publisher\":{\"@id\":\"https:\\\/\\\/lasentinelle.dz\\\/#organization\"},\"potentialAction\":[{\"@type\":\"SearchAction\",\"target\":{\"@type\":\"EntryPoint\",\"urlTemplate\":\"https:\\\/\\\/lasentinelle.dz\\\/?s={search_term_string}\"},\"query-input\":{\"@type\":\"PropertyValueSpecification\",\"valueRequired\":true,\"valueName\":\"search_term_string\"}}],\"inLanguage\":\"fr-FR\"},{\"@type\":\"Organization\",\"@id\":\"https:\\\/\\\/lasentinelle.dz\\\/#organization\",\"name\":\"Quotidien La Sentinelle\",\"url\":\"https:\\\/\\\/lasentinelle.dz\\\/\",\"logo\":{\"@type\":\"ImageObject\",\"inLanguage\":\"fr-FR\",\"@id\":\"https:\\\/\\\/lasentinelle.dz\\\/#\\\/schema\\\/logo\\\/image\\\/\",\"url\":\"https:\\\/\\\/lasentinelle.dz\\\/wp-content\\\/uploads\\\/2021\\\/09\\\/logo-sentinelleSLOGAN-1.png\",\"contentUrl\":\"https:\\\/\\\/lasentinelle.dz\\\/wp-content\\\/uploads\\\/2021\\\/09\\\/logo-sentinelleSLOGAN-1.png\",\"width\":615,\"height\":142,\"caption\":\"Quotidien La Sentinelle\"},\"image\":{\"@id\":\"https:\\\/\\\/lasentinelle.dz\\\/#\\\/schema\\\/logo\\\/image\\\/\"},\"sameAs\":[\"https:\\\/\\\/www.facebook.com\\\/La-Sentinelle-104059864394773\"]},{\"@type\":\"Person\",\"@id\":\"https:\\\/\\\/lasentinelle.dz\\\/#\\\/schema\\\/person\\\/d865044e22e70a75174ce8bcad3acfb3\",\"name\":\"La Sentinelle\",\"image\":{\"@type\":\"ImageObject\",\"inLanguage\":\"fr-FR\",\"@id\":\"https:\\\/\\\/secure.gravatar.com\\\/avatar\\\/57de8e5d4b15d43fb361a71fbb36338450fe67865b528a43dd10ef7c51a20392?s=96&d=mm&r=g\",\"url\":\"https:\\\/\\\/secure.gravatar.com\\\/avatar\\\/57de8e5d4b15d43fb361a71fbb36338450fe67865b528a43dd10ef7c51a20392?s=96&d=mm&r=g\",\"contentUrl\":\"https:\\\/\\\/secure.gravatar.com\\\/avatar\\\/57de8e5d4b15d43fb361a71fbb36338450fe67865b528a43dd10ef7c51a20392?s=96&d=mm&r=g\",\"caption\":\"La Sentinelle\"},\"sameAs\":[\"http:\\\/\\\/www.lasentinelle.dz\"],\"url\":\"https:\\\/\\\/lasentinelle.dz\\\/author\\\/redaction\\\/\"}]}<\/script>\n<!-- \/ Yoast SEO plugin. -->","yoast_head_json":{"title":"Alger \/ Les citernes d'eau envahissent les terrasses et balcons - La Sentinelle","robots":{"index":"index","follow":"follow","max-snippet":"max-snippet:-1","max-image-preview":"max-image-preview:large","max-video-preview":"max-video-preview:-1"},"canonical":"https:\/\/lasentinelle.dz\/index.php\/2021\/07\/12\/alger-les-citernes-deau-envahissent-les-terrasses-et-balcons\/","og_locale":"fr_FR","og_type":"article","og_title":"Alger \/ Les citernes d'eau envahissent les terrasses et balcons - La Sentinelle","og_description":"L&rsquo;installation de citernes d&rsquo;eau, toutes tailles et formes confondues, sur les terrasses et balcons des maisons est devenue un ph\u00e9nom\u00e8ne","og_url":"https:\/\/lasentinelle.dz\/index.php\/2021\/07\/12\/alger-les-citernes-deau-envahissent-les-terrasses-et-balcons\/","og_site_name":"La Sentinelle","article_publisher":"https:\/\/www.facebook.com\/La-Sentinelle-104059864394773","article_published_time":"2021-07-12T14:54:06+00:00","article_modified_time":"2021-07-12T14:54:19+00:00","author":"La Sentinelle","twitter_card":"summary_large_image","twitter_misc":{"\u00c9crit par":"La Sentinelle","Dur\u00e9e de lecture estim\u00e9e":"3 minutes"},"schema":{"@context":"https:\/\/schema.org","@graph":[{"@type":"Article","@id":"https:\/\/lasentinelle.dz\/index.php\/2021\/07\/12\/alger-les-citernes-deau-envahissent-les-terrasses-et-balcons\/#article","isPartOf":{"@id":"https:\/\/lasentinelle.dz\/index.php\/2021\/07\/12\/alger-les-citernes-deau-envahissent-les-terrasses-et-balcons\/"},"author":{"name":"La Sentinelle","@id":"https:\/\/lasentinelle.dz\/#\/schema\/person\/d865044e22e70a75174ce8bcad3acfb3"},"headline":"Alger \/ Les citernes d&rsquo;eau envahissent les terrasses et balcons","datePublished":"2021-07-12T14:54:06+00:00","dateModified":"2021-07-12T14:54:19+00:00","mainEntityOfPage":{"@id":"https:\/\/lasentinelle.dz\/index.php\/2021\/07\/12\/alger-les-citernes-deau-envahissent-les-terrasses-et-balcons\/"},"wordCount":783,"commentCount":0,"publisher":{"@id":"https:\/\/lasentinelle.dz\/#organization"},"articleSection":["R\u00e9gions"],"inLanguage":"fr-FR","potentialAction":[{"@type":"CommentAction","name":"Comment","target":["https:\/\/lasentinelle.dz\/index.php\/2021\/07\/12\/alger-les-citernes-deau-envahissent-les-terrasses-et-balcons\/#respond"]}]},{"@type":"WebPage","@id":"https:\/\/lasentinelle.dz\/index.php\/2021\/07\/12\/alger-les-citernes-deau-envahissent-les-terrasses-et-balcons\/","url":"https:\/\/lasentinelle.dz\/index.php\/2021\/07\/12\/alger-les-citernes-deau-envahissent-les-terrasses-et-balcons\/","name":"Alger \/ Les citernes d'eau envahissent les terrasses et balcons - La Sentinelle","isPartOf":{"@id":"https:\/\/lasentinelle.dz\/#website"},"datePublished":"2021-07-12T14:54:06+00:00","dateModified":"2021-07-12T14:54:19+00:00","breadcrumb":{"@id":"https:\/\/lasentinelle.dz\/index.php\/2021\/07\/12\/alger-les-citernes-deau-envahissent-les-terrasses-et-balcons\/#breadcrumb"},"inLanguage":"fr-FR","potentialAction":[{"@type":"ReadAction","target":["https:\/\/lasentinelle.dz\/index.php\/2021\/07\/12\/alger-les-citernes-deau-envahissent-les-terrasses-et-balcons\/"]}]},{"@type":"BreadcrumbList","@id":"https:\/\/lasentinelle.dz\/index.php\/2021\/07\/12\/alger-les-citernes-deau-envahissent-les-terrasses-et-balcons\/#breadcrumb","itemListElement":[{"@type":"ListItem","position":1,"name":"Accueil","item":"https:\/\/lasentinelle.dz\/"},{"@type":"ListItem","position":2,"name":"Alger \/ Les citernes d&rsquo;eau envahissent les terrasses et balcons"}]},{"@type":"WebSite","@id":"https:\/\/lasentinelle.dz\/#website","url":"https:\/\/lasentinelle.dz\/","name":"La Sentinelle","description":"Quotidien national d&#039;information","publisher":{"@id":"https:\/\/lasentinelle.dz\/#organization"},"potentialAction":[{"@type":"SearchAction","target":{"@type":"EntryPoint","urlTemplate":"https:\/\/lasentinelle.dz\/?s={search_term_string}"},"query-input":{"@type":"PropertyValueSpecification","valueRequired":true,"valueName":"search_term_string"}}],"inLanguage":"fr-FR"},{"@type":"Organization","@id":"https:\/\/lasentinelle.dz\/#organization","name":"Quotidien La Sentinelle","url":"https:\/\/lasentinelle.dz\/","logo":{"@type":"ImageObject","inLanguage":"fr-FR","@id":"https:\/\/lasentinelle.dz\/#\/schema\/logo\/image\/","url":"https:\/\/lasentinelle.dz\/wp-content\/uploads\/2021\/09\/logo-sentinelleSLOGAN-1.png","contentUrl":"https:\/\/lasentinelle.dz\/wp-content\/uploads\/2021\/09\/logo-sentinelleSLOGAN-1.png","width":615,"height":142,"caption":"Quotidien La Sentinelle"},"image":{"@id":"https:\/\/lasentinelle.dz\/#\/schema\/logo\/image\/"},"sameAs":["https:\/\/www.facebook.com\/La-Sentinelle-104059864394773"]},{"@type":"Person","@id":"https:\/\/lasentinelle.dz\/#\/schema\/person\/d865044e22e70a75174ce8bcad3acfb3","name":"La Sentinelle","image":{"@type":"ImageObject","inLanguage":"fr-FR","@id":"https:\/\/secure.gravatar.com\/avatar\/57de8e5d4b15d43fb361a71fbb36338450fe67865b528a43dd10ef7c51a20392?s=96&d=mm&r=g","url":"https:\/\/secure.gravatar.com\/avatar\/57de8e5d4b15d43fb361a71fbb36338450fe67865b528a43dd10ef7c51a20392?s=96&d=mm&r=g","contentUrl":"https:\/\/secure.gravatar.com\/avatar\/57de8e5d4b15d43fb361a71fbb36338450fe67865b528a43dd10ef7c51a20392?s=96&d=mm&r=g","caption":"La Sentinelle"},"sameAs":["http:\/\/www.lasentinelle.dz"],"url":"https:\/\/lasentinelle.dz\/author\/redaction\/"}]}},"_links":{"self":[{"href":"https:\/\/lasentinelle.dz\/index.php\/wp-json\/wp\/v2\/posts\/908","targetHints":{"allow":["GET"]}}],"collection":[{"href":"https:\/\/lasentinelle.dz\/index.php\/wp-json\/wp\/v2\/posts"}],"about":[{"href":"https:\/\/lasentinelle.dz\/index.php\/wp-json\/wp\/v2\/types\/post"}],"author":[{"embeddable":true,"href":"https:\/\/lasentinelle.dz\/index.php\/wp-json\/wp\/v2\/users\/3"}],"replies":[{"embeddable":true,"href":"https:\/\/lasentinelle.dz\/index.php\/wp-json\/wp\/v2\/comments?post=908"}],"version-history":[{"count":1,"href":"https:\/\/lasentinelle.dz\/index.php\/wp-json\/wp\/v2\/posts\/908\/revisions"}],"predecessor-version":[{"id":910,"href":"https:\/\/lasentinelle.dz\/index.php\/wp-json\/wp\/v2\/posts\/908\/revisions\/910"}],"wp:attachment":[{"href":"https:\/\/lasentinelle.dz\/index.php\/wp-json\/wp\/v2\/media?parent=908"}],"wp:term":[{"taxonomy":"category","embeddable":true,"href":"https:\/\/lasentinelle.dz\/index.php\/wp-json\/wp\/v2\/categories?post=908"},{"taxonomy":"post_tag","embeddable":true,"href":"https:\/\/lasentinelle.dz\/index.php\/wp-json\/wp\/v2\/tags?post=908"}],"curies":[{"name":"wp","href":"https:\/\/api.w.org\/{rel}","templated":true}]}}