{"id":9101,"date":"2021-09-26T00:05:00","date_gmt":"2021-09-25T23:05:00","guid":{"rendered":"https:\/\/lasentinelle.dz\/?p=9101"},"modified":"2021-09-25T18:54:51","modified_gmt":"2021-09-25T17:54:51","slug":"recuperation-des-entreprises-mises-sous-sequestre-le-processus-accelere","status":"publish","type":"post","link":"https:\/\/lasentinelle.dz\/index.php\/2021\/09\/26\/recuperation-des-entreprises-mises-sous-sequestre-le-processus-accelere\/","title":{"rendered":"R\u00e9cup\u00e9ration des entreprises mises sous s\u00e9questre : Le processus acc\u00e9l\u00e9r\u00e9"},"content":{"rendered":"\n<p>Le ministre de l\u2019Industrie,Ahmed Zeghdar a annonc\u00e9, hier, \u00e0 Alger que la r\u00e9cup\u00e9ration des entreprises publiques en cessation d\u2019activit\u00e9s ou sous s\u00e9questre afin de reprendre leurs activit\u00e9s dans les plus brefs d\u00e9lais. &nbsp;Lors de son intervention \u00e0 la r\u00e9union Gouvernement-walis, Ahmed Zeghdar a d\u00e9clar\u00e9 que \u00ables activit\u00e9s des entreprises publiques et unit\u00e9s en arr\u00eat sont en cours de relance, outre l&rsquo;acc\u00e9l\u00e9ration de la r\u00e9cup\u00e9ration des soci\u00e9t\u00e9s sous s\u00e9questre pour qu&rsquo;elles puissent reprendre leurs activit\u00e9s dans les plus brefs d\u00e9lais\u00bb. Autrement dit, l\u2019Etat va relancer l\u2019activit\u00e9 de toutes les entreprises publiques en difficult\u00e9 et celles des entreprises priv\u00e9es qui ont \u00e9t\u00e9 mises sous s\u00e9questre judiciaire dans les affaires de corruption, \u00e0 l\u2019instar des soci\u00e9t\u00e9s du groupe ETRHB appartenant \u00e0 Ali Haddad, celles du groupe KOUGC des fr\u00e8res Koulinef, la soci\u00e9t\u00e9 Sovac de Mourad Eulmi, celles de Mahieddine Tahkout et du groupe agroalimentaire Amor Benamor, g\u00e9r\u00e9es actuellement par des administrateurs nomm\u00e9s par la Justice. Cette op\u00e9ration permettra, selon les sp\u00e9cialistes, de maintenir l\u2019activit\u00e9 et des milliers de poste d\u2019emploi de ces entreprises. Ces derni\u00e8res activent dans plusieurs dont l\u2019agroalimentaire, la construction, les travaux publics, l\u2019hydraulique, l\u2019automobile et les services.<\/p>\n\n\n\n<p><strong>Des contrats de performances pour les managers publics<\/strong><\/p>\n\n\n\n<p>Par ailleurs, le ministre de l\u2019Industrie a soulign\u00e9 que \u00ables contrats de performance et l&rsquo;obligation de r\u00e9sultats seront g\u00e9n\u00e9ralis\u00e9s au niveau des entreprises industrielles publiques en vue d&rsquo;am\u00e9liorer la gouvernance et activer le r\u00f4le de ces entreprises dans l&rsquo;\u00e9conomie nationale\u00bb. Intervenant sur le th\u00e8me \u00ab\u00a0Relance \u00e9conomique, \u00e9quilibre r\u00e9gional, justice sociale\u00a0\u00bb, Ahmed Zeghdar a relev\u00e9 que \u00able secteur industriel public fait face, dans le contexte \u00e9conomique actuel, \u00e0 de nombreuses difficult\u00e9s, d&rsquo;o\u00f9 la n\u00e9cessit\u00e9 d&rsquo;une r\u00e9vision de ses m\u00e9canismes en vue d&rsquo;activer son r\u00f4le dans l&rsquo;\u00e9conomie nationale, particuli\u00e8rement l&rsquo;industrie\u00bb. A cet effet, le ministre a annonc\u00e9 l\u2019adoption d&rsquo;une batterie de mesures, notamment la g\u00e9n\u00e9ralisation des contrats de performances, l&rsquo;obligation de r\u00e9sultat pour les dirigeants, outre le renforcement des conseils d&rsquo;administration de comp\u00e9tences pluridisciplinaires soumises \u00e0 une charte d\u00e9ontologique permettant ainsi d&rsquo;intensifier le contr\u00f4le et traiter les crises de mani\u00e8re proactive. Il s&rsquo;agit \u00e9galement d&rsquo;accorder davantage de flexibilit\u00e9 aux responsables dans la gestion des entreprises publiques \u00e9conomiques tout en lib\u00e9rant l&rsquo;esprit d&rsquo;initiative, pr\u00e9cise-t-il. Ceci dit, le minist\u00e8re de l&rsquo;Industrie \u0153uvre en coordination avec d&rsquo;autres secteurs \u00e0 la promotion de l&rsquo;exportation des produits industriels \u00e0 travers l&rsquo;am\u00e9lioration des bases logistiques et l&rsquo;accompagnement bancaire \u00e0 l&rsquo;\u00e9tranger des entreprises exportatrices. Et pour cause, M. Ahmed Zeghdar a \u00e9voqu\u00e9 les ateliers ouverts par son d\u00e9partement minist\u00e9riel pour la r\u00e9forme du cadre juridique et organisationnel r\u00e9gissant l&rsquo;investissement. L&rsquo;objectif \u00e9tant de pallier aux lacunes de la l\u00e9gislation actuelle et des difficult\u00e9s relatives \u00e0 l&rsquo;investissement, et parvenir partant \u00e0 am\u00e9liorer l&rsquo;attractivit\u00e9 de l&rsquo;Alg\u00e9rie aux investissements nationaux et \u00e9trangers. A ce propos, le ministre a r\u00e9v\u00e9l\u00e9 que son secteur avait propos\u00e9 \u00abun avant-projet d&rsquo;une nouvelle loi pour la promotion de l&rsquo;investissement reposant sur la concr\u00e9tisation de la libert\u00e9 d&rsquo;investissement, la simplification des proc\u00e9dures administratives, la facilitation de la cr\u00e9ation des entreprises, la garantie de la stabilit\u00e9 juridique\u00bb. A cela s\u2019ajoute, une restructuration des syst\u00e8mes des mesures incitatives bas\u00e9s sur la participation du projet d&rsquo;investissement dans le d\u00e9veloppement de l&rsquo;\u00e9conomie nationale. Plus explicite, le ministre a expliqu\u00e9 que \u00abce projet de loi a inclus la r\u00e9vision des missions et l&rsquo;organisation de l&rsquo;Agence nationale de d\u00e9veloppement de l&rsquo;investissement (ANDI) \u00e0 travers le renforcement de ses missions en l&rsquo;\u00e9rigeant en un v\u00e9ritable moteur pour attirer et orienter les investissements nationaux et \u00e9trangers en sus de la r\u00e9forme de son guichet unique pour fournir des services plus efficaces aux investisseurs\u00bb. Et d\u2019ajouter : \u00abcette nouvelle loi vise notamment la promotion des investissements et la cons\u00e9cration de la stabilit\u00e9 du syst\u00e8me juridique \u00e0 travers l&rsquo;interdiction des modifications r\u00e9p\u00e9t\u00e9es \u00e0 court terme, et ce, dans l&rsquo;objectif de permettre \u00e0 l&rsquo;investisseur de b\u00e9n\u00e9ficier d&rsquo;une vision prospective sur les court et moyen termes\u00bb.<\/p>\n\n\n\n<p>Concernant le foncier industriel destin\u00e9 \u00e0 l&rsquo;investissement, Ahmed Zeghdar a annonc\u00e9 l&rsquo;introduction de modifications \u00e0 son syst\u00e8me juridique afin de lever les obstacles et faire face aux cas de blocage que connait l&rsquo;op\u00e9ration d&rsquo;octroi et de gestion du foncier industriel. Cette modification passe essentiellement, selon le ministre, par l&rsquo;augmentation du niveau d&rsquo;offre du foncier industriel \u00e0 travers l&rsquo;acc\u00e9l\u00e9ration de l&rsquo;ach\u00e8vement des travaux d&rsquo;am\u00e9nagement du programme des 50 nouvelles zones industrielles \u00e0 travers le pays et la r\u00e9alisation de nouvelles zones industrielles dans les Hauts Plateaux et le Sud.<\/p>\n\n\n\n<p><strong>Fai\u00e7al Bedjaoui<\/strong><\/p>\n","protected":false},"excerpt":{"rendered":"<p>Le ministre de l\u2019Industrie,Ahmed Zeghdar a annonc\u00e9, hier, \u00e0 Alger que la r\u00e9cup\u00e9ration des entreprises publiques en cessation d\u2019activit\u00e9s ou<\/p>\n","protected":false},"author":3,"featured_media":9121,"comment_status":"open","ping_status":"closed","sticky":false,"template":"","format":"standard","meta":{"colormag_page_container_layout":"default_layout","colormag_page_sidebar_layout":"default_layout","om_disable_all_campaigns":false,"_monsterinsights_skip_tracking":false,"_monsterinsights_sitenote_active":false,"_monsterinsights_sitenote_note":"","_monsterinsights_sitenote_category":0,"footnotes":"","_wpscppro_dont_share_socialmedia":false,"_wpscppro_custom_social_share_image":0,"_facebook_share_type":"","_twitter_share_type":"","_linkedin_share_type":"","_pinterest_share_type":"","_linkedin_share_type_page":"","_instagram_share_type":"","_medium_share_type":"","_threads_share_type":"","_google_business_share_type":"","_selected_social_profile":[],"_wpsp_enable_custom_social_template":false,"_wpsp_social_scheduling":{"enabled":false,"datetime":null,"platforms":[],"status":"template_only","dateOption":"today","timeOption":"now","customDays":"","customHours":"","customDate":"","customTime":"","schedulingType":"absolute"},"_wpsp_active_default_template":true},"categories":[52,27],"tags":[],"class_list":["post-9101","post","type-post","status-publish","format-standard","has-post-thumbnail","hentry","category-a-la-une","category-actualite"],"aioseo_notices":[],"yoast_head":"<!-- This site is optimized with the Yoast SEO plugin v27.5 - https:\/\/yoast.com\/product\/yoast-seo-wordpress\/ -->\n<title>R\u00e9cup\u00e9ration des entreprises mises sous s\u00e9questre : Le processus acc\u00e9l\u00e9r\u00e9 - La Sentinelle<\/title>\n<meta name=\"robots\" content=\"index, follow, max-snippet:-1, max-image-preview:large, max-video-preview:-1\" \/>\n<link rel=\"canonical\" href=\"https:\/\/lasentinelle.dz\/index.php\/2021\/09\/26\/recuperation-des-entreprises-mises-sous-sequestre-le-processus-accelere\/\" \/>\n<meta property=\"og:locale\" content=\"fr_FR\" \/>\n<meta property=\"og:type\" content=\"article\" \/>\n<meta property=\"og:title\" content=\"R\u00e9cup\u00e9ration des entreprises mises sous s\u00e9questre : Le processus acc\u00e9l\u00e9r\u00e9 - La Sentinelle\" \/>\n<meta property=\"og:description\" content=\"Le ministre de l\u2019Industrie,Ahmed Zeghdar a annonc\u00e9, hier, \u00e0 Alger que la r\u00e9cup\u00e9ration des entreprises publiques en cessation d\u2019activit\u00e9s ou\" \/>\n<meta property=\"og:url\" content=\"https:\/\/lasentinelle.dz\/index.php\/2021\/09\/26\/recuperation-des-entreprises-mises-sous-sequestre-le-processus-accelere\/\" \/>\n<meta property=\"og:site_name\" content=\"La Sentinelle\" \/>\n<meta property=\"article:publisher\" content=\"https:\/\/www.facebook.com\/La-Sentinelle-104059864394773\" \/>\n<meta property=\"article:published_time\" content=\"2021-09-25T23:05:00+00:00\" \/>\n<meta property=\"og:image\" content=\"https:\/\/lasentinelle.dz\/wp-content\/uploads\/2021\/09\/ahmed-zeghdar.jpeg\" \/>\n\t<meta property=\"og:image:width\" content=\"640\" \/>\n\t<meta property=\"og:image:height\" content=\"386\" \/>\n\t<meta property=\"og:image:type\" content=\"image\/jpeg\" \/>\n<meta name=\"author\" content=\"La Sentinelle\" \/>\n<meta name=\"twitter:card\" content=\"summary_large_image\" \/>\n<meta name=\"twitter:label1\" content=\"\u00c9crit par\" \/>\n\t<meta name=\"twitter:data1\" content=\"La Sentinelle\" \/>\n\t<meta name=\"twitter:label2\" content=\"Dur\u00e9e de lecture estim\u00e9e\" \/>\n\t<meta name=\"twitter:data2\" content=\"4 minutes\" \/>\n<script type=\"application\/ld+json\" class=\"yoast-schema-graph\">{\"@context\":\"https:\\\/\\\/schema.org\",\"@graph\":[{\"@type\":\"Article\",\"@id\":\"https:\\\/\\\/lasentinelle.dz\\\/index.php\\\/2021\\\/09\\\/26\\\/recuperation-des-entreprises-mises-sous-sequestre-le-processus-accelere\\\/#article\",\"isPartOf\":{\"@id\":\"https:\\\/\\\/lasentinelle.dz\\\/index.php\\\/2021\\\/09\\\/26\\\/recuperation-des-entreprises-mises-sous-sequestre-le-processus-accelere\\\/\"},\"author\":{\"name\":\"La Sentinelle\",\"@id\":\"https:\\\/\\\/lasentinelle.dz\\\/#\\\/schema\\\/person\\\/d865044e22e70a75174ce8bcad3acfb3\"},\"headline\":\"R\u00e9cup\u00e9ration des entreprises mises sous s\u00e9questre : Le processus acc\u00e9l\u00e9r\u00e9\",\"datePublished\":\"2021-09-25T23:05:00+00:00\",\"mainEntityOfPage\":{\"@id\":\"https:\\\/\\\/lasentinelle.dz\\\/index.php\\\/2021\\\/09\\\/26\\\/recuperation-des-entreprises-mises-sous-sequestre-le-processus-accelere\\\/\"},\"wordCount\":872,\"commentCount\":0,\"publisher\":{\"@id\":\"https:\\\/\\\/lasentinelle.dz\\\/#organization\"},\"image\":{\"@id\":\"https:\\\/\\\/lasentinelle.dz\\\/index.php\\\/2021\\\/09\\\/26\\\/recuperation-des-entreprises-mises-sous-sequestre-le-processus-accelere\\\/#primaryimage\"},\"thumbnailUrl\":\"https:\\\/\\\/lasentinelle.dz\\\/wp-content\\\/uploads\\\/2021\\\/09\\\/ahmed-zeghdar.jpeg\",\"articleSection\":[\"\u00c0 la Une\",\"Actualit\u00e9\"],\"inLanguage\":\"fr-FR\",\"potentialAction\":[{\"@type\":\"CommentAction\",\"name\":\"Comment\",\"target\":[\"https:\\\/\\\/lasentinelle.dz\\\/index.php\\\/2021\\\/09\\\/26\\\/recuperation-des-entreprises-mises-sous-sequestre-le-processus-accelere\\\/#respond\"]}]},{\"@type\":\"WebPage\",\"@id\":\"https:\\\/\\\/lasentinelle.dz\\\/index.php\\\/2021\\\/09\\\/26\\\/recuperation-des-entreprises-mises-sous-sequestre-le-processus-accelere\\\/\",\"url\":\"https:\\\/\\\/lasentinelle.dz\\\/index.php\\\/2021\\\/09\\\/26\\\/recuperation-des-entreprises-mises-sous-sequestre-le-processus-accelere\\\/\",\"name\":\"R\u00e9cup\u00e9ration des entreprises mises sous s\u00e9questre : Le processus acc\u00e9l\u00e9r\u00e9 - La Sentinelle\",\"isPartOf\":{\"@id\":\"https:\\\/\\\/lasentinelle.dz\\\/#website\"},\"primaryImageOfPage\":{\"@id\":\"https:\\\/\\\/lasentinelle.dz\\\/index.php\\\/2021\\\/09\\\/26\\\/recuperation-des-entreprises-mises-sous-sequestre-le-processus-accelere\\\/#primaryimage\"},\"image\":{\"@id\":\"https:\\\/\\\/lasentinelle.dz\\\/index.php\\\/2021\\\/09\\\/26\\\/recuperation-des-entreprises-mises-sous-sequestre-le-processus-accelere\\\/#primaryimage\"},\"thumbnailUrl\":\"https:\\\/\\\/lasentinelle.dz\\\/wp-content\\\/uploads\\\/2021\\\/09\\\/ahmed-zeghdar.jpeg\",\"datePublished\":\"2021-09-25T23:05:00+00:00\",\"breadcrumb\":{\"@id\":\"https:\\\/\\\/lasentinelle.dz\\\/index.php\\\/2021\\\/09\\\/26\\\/recuperation-des-entreprises-mises-sous-sequestre-le-processus-accelere\\\/#breadcrumb\"},\"inLanguage\":\"fr-FR\",\"potentialAction\":[{\"@type\":\"ReadAction\",\"target\":[\"https:\\\/\\\/lasentinelle.dz\\\/index.php\\\/2021\\\/09\\\/26\\\/recuperation-des-entreprises-mises-sous-sequestre-le-processus-accelere\\\/\"]}]},{\"@type\":\"ImageObject\",\"inLanguage\":\"fr-FR\",\"@id\":\"https:\\\/\\\/lasentinelle.dz\\\/index.php\\\/2021\\\/09\\\/26\\\/recuperation-des-entreprises-mises-sous-sequestre-le-processus-accelere\\\/#primaryimage\",\"url\":\"https:\\\/\\\/lasentinelle.dz\\\/wp-content\\\/uploads\\\/2021\\\/09\\\/ahmed-zeghdar.jpeg\",\"contentUrl\":\"https:\\\/\\\/lasentinelle.dz\\\/wp-content\\\/uploads\\\/2021\\\/09\\\/ahmed-zeghdar.jpeg\",\"width\":640,\"height\":386},{\"@type\":\"BreadcrumbList\",\"@id\":\"https:\\\/\\\/lasentinelle.dz\\\/index.php\\\/2021\\\/09\\\/26\\\/recuperation-des-entreprises-mises-sous-sequestre-le-processus-accelere\\\/#breadcrumb\",\"itemListElement\":[{\"@type\":\"ListItem\",\"position\":1,\"name\":\"Accueil\",\"item\":\"https:\\\/\\\/lasentinelle.dz\\\/\"},{\"@type\":\"ListItem\",\"position\":2,\"name\":\"R\u00e9cup\u00e9ration des entreprises mises sous s\u00e9questre : Le processus acc\u00e9l\u00e9r\u00e9\"}]},{\"@type\":\"WebSite\",\"@id\":\"https:\\\/\\\/lasentinelle.dz\\\/#website\",\"url\":\"https:\\\/\\\/lasentinelle.dz\\\/\",\"name\":\"La Sentinelle\",\"description\":\"Quotidien national d&#039;information\",\"publisher\":{\"@id\":\"https:\\\/\\\/lasentinelle.dz\\\/#organization\"},\"potentialAction\":[{\"@type\":\"SearchAction\",\"target\":{\"@type\":\"EntryPoint\",\"urlTemplate\":\"https:\\\/\\\/lasentinelle.dz\\\/?s={search_term_string}\"},\"query-input\":{\"@type\":\"PropertyValueSpecification\",\"valueRequired\":true,\"valueName\":\"search_term_string\"}}],\"inLanguage\":\"fr-FR\"},{\"@type\":\"Organization\",\"@id\":\"https:\\\/\\\/lasentinelle.dz\\\/#organization\",\"name\":\"Quotidien La Sentinelle\",\"url\":\"https:\\\/\\\/lasentinelle.dz\\\/\",\"logo\":{\"@type\":\"ImageObject\",\"inLanguage\":\"fr-FR\",\"@id\":\"https:\\\/\\\/lasentinelle.dz\\\/#\\\/schema\\\/logo\\\/image\\\/\",\"url\":\"https:\\\/\\\/lasentinelle.dz\\\/wp-content\\\/uploads\\\/2021\\\/09\\\/logo-sentinelleSLOGAN-1.png\",\"contentUrl\":\"https:\\\/\\\/lasentinelle.dz\\\/wp-content\\\/uploads\\\/2021\\\/09\\\/logo-sentinelleSLOGAN-1.png\",\"width\":615,\"height\":142,\"caption\":\"Quotidien La Sentinelle\"},\"image\":{\"@id\":\"https:\\\/\\\/lasentinelle.dz\\\/#\\\/schema\\\/logo\\\/image\\\/\"},\"sameAs\":[\"https:\\\/\\\/www.facebook.com\\\/La-Sentinelle-104059864394773\"]},{\"@type\":\"Person\",\"@id\":\"https:\\\/\\\/lasentinelle.dz\\\/#\\\/schema\\\/person\\\/d865044e22e70a75174ce8bcad3acfb3\",\"name\":\"La Sentinelle\",\"image\":{\"@type\":\"ImageObject\",\"inLanguage\":\"fr-FR\",\"@id\":\"https:\\\/\\\/secure.gravatar.com\\\/avatar\\\/57de8e5d4b15d43fb361a71fbb36338450fe67865b528a43dd10ef7c51a20392?s=96&d=mm&r=g\",\"url\":\"https:\\\/\\\/secure.gravatar.com\\\/avatar\\\/57de8e5d4b15d43fb361a71fbb36338450fe67865b528a43dd10ef7c51a20392?s=96&d=mm&r=g\",\"contentUrl\":\"https:\\\/\\\/secure.gravatar.com\\\/avatar\\\/57de8e5d4b15d43fb361a71fbb36338450fe67865b528a43dd10ef7c51a20392?s=96&d=mm&r=g\",\"caption\":\"La Sentinelle\"},\"sameAs\":[\"http:\\\/\\\/www.lasentinelle.dz\"],\"url\":\"https:\\\/\\\/lasentinelle.dz\\\/author\\\/redaction\\\/\"}]}<\/script>\n<!-- \/ Yoast SEO plugin. -->","yoast_head_json":{"title":"R\u00e9cup\u00e9ration des entreprises mises sous s\u00e9questre : Le processus acc\u00e9l\u00e9r\u00e9 - La Sentinelle","robots":{"index":"index","follow":"follow","max-snippet":"max-snippet:-1","max-image-preview":"max-image-preview:large","max-video-preview":"max-video-preview:-1"},"canonical":"https:\/\/lasentinelle.dz\/index.php\/2021\/09\/26\/recuperation-des-entreprises-mises-sous-sequestre-le-processus-accelere\/","og_locale":"fr_FR","og_type":"article","og_title":"R\u00e9cup\u00e9ration des entreprises mises sous s\u00e9questre : Le processus acc\u00e9l\u00e9r\u00e9 - La Sentinelle","og_description":"Le ministre de l\u2019Industrie,Ahmed Zeghdar a annonc\u00e9, hier, \u00e0 Alger que la r\u00e9cup\u00e9ration des entreprises publiques en cessation d\u2019activit\u00e9s ou","og_url":"https:\/\/lasentinelle.dz\/index.php\/2021\/09\/26\/recuperation-des-entreprises-mises-sous-sequestre-le-processus-accelere\/","og_site_name":"La Sentinelle","article_publisher":"https:\/\/www.facebook.com\/La-Sentinelle-104059864394773","article_published_time":"2021-09-25T23:05:00+00:00","og_image":[{"width":640,"height":386,"url":"https:\/\/lasentinelle.dz\/wp-content\/uploads\/2021\/09\/ahmed-zeghdar.jpeg","type":"image\/jpeg"}],"author":"La Sentinelle","twitter_card":"summary_large_image","twitter_misc":{"\u00c9crit par":"La Sentinelle","Dur\u00e9e de lecture estim\u00e9e":"4 minutes"},"schema":{"@context":"https:\/\/schema.org","@graph":[{"@type":"Article","@id":"https:\/\/lasentinelle.dz\/index.php\/2021\/09\/26\/recuperation-des-entreprises-mises-sous-sequestre-le-processus-accelere\/#article","isPartOf":{"@id":"https:\/\/lasentinelle.dz\/index.php\/2021\/09\/26\/recuperation-des-entreprises-mises-sous-sequestre-le-processus-accelere\/"},"author":{"name":"La Sentinelle","@id":"https:\/\/lasentinelle.dz\/#\/schema\/person\/d865044e22e70a75174ce8bcad3acfb3"},"headline":"R\u00e9cup\u00e9ration des entreprises mises sous s\u00e9questre : Le processus acc\u00e9l\u00e9r\u00e9","datePublished":"2021-09-25T23:05:00+00:00","mainEntityOfPage":{"@id":"https:\/\/lasentinelle.dz\/index.php\/2021\/09\/26\/recuperation-des-entreprises-mises-sous-sequestre-le-processus-accelere\/"},"wordCount":872,"commentCount":0,"publisher":{"@id":"https:\/\/lasentinelle.dz\/#organization"},"image":{"@id":"https:\/\/lasentinelle.dz\/index.php\/2021\/09\/26\/recuperation-des-entreprises-mises-sous-sequestre-le-processus-accelere\/#primaryimage"},"thumbnailUrl":"https:\/\/lasentinelle.dz\/wp-content\/uploads\/2021\/09\/ahmed-zeghdar.jpeg","articleSection":["\u00c0 la Une","Actualit\u00e9"],"inLanguage":"fr-FR","potentialAction":[{"@type":"CommentAction","name":"Comment","target":["https:\/\/lasentinelle.dz\/index.php\/2021\/09\/26\/recuperation-des-entreprises-mises-sous-sequestre-le-processus-accelere\/#respond"]}]},{"@type":"WebPage","@id":"https:\/\/lasentinelle.dz\/index.php\/2021\/09\/26\/recuperation-des-entreprises-mises-sous-sequestre-le-processus-accelere\/","url":"https:\/\/lasentinelle.dz\/index.php\/2021\/09\/26\/recuperation-des-entreprises-mises-sous-sequestre-le-processus-accelere\/","name":"R\u00e9cup\u00e9ration des entreprises mises sous s\u00e9questre : Le processus acc\u00e9l\u00e9r\u00e9 - La Sentinelle","isPartOf":{"@id":"https:\/\/lasentinelle.dz\/#website"},"primaryImageOfPage":{"@id":"https:\/\/lasentinelle.dz\/index.php\/2021\/09\/26\/recuperation-des-entreprises-mises-sous-sequestre-le-processus-accelere\/#primaryimage"},"image":{"@id":"https:\/\/lasentinelle.dz\/index.php\/2021\/09\/26\/recuperation-des-entreprises-mises-sous-sequestre-le-processus-accelere\/#primaryimage"},"thumbnailUrl":"https:\/\/lasentinelle.dz\/wp-content\/uploads\/2021\/09\/ahmed-zeghdar.jpeg","datePublished":"2021-09-25T23:05:00+00:00","breadcrumb":{"@id":"https:\/\/lasentinelle.dz\/index.php\/2021\/09\/26\/recuperation-des-entreprises-mises-sous-sequestre-le-processus-accelere\/#breadcrumb"},"inLanguage":"fr-FR","potentialAction":[{"@type":"ReadAction","target":["https:\/\/lasentinelle.dz\/index.php\/2021\/09\/26\/recuperation-des-entreprises-mises-sous-sequestre-le-processus-accelere\/"]}]},{"@type":"ImageObject","inLanguage":"fr-FR","@id":"https:\/\/lasentinelle.dz\/index.php\/2021\/09\/26\/recuperation-des-entreprises-mises-sous-sequestre-le-processus-accelere\/#primaryimage","url":"https:\/\/lasentinelle.dz\/wp-content\/uploads\/2021\/09\/ahmed-zeghdar.jpeg","contentUrl":"https:\/\/lasentinelle.dz\/wp-content\/uploads\/2021\/09\/ahmed-zeghdar.jpeg","width":640,"height":386},{"@type":"BreadcrumbList","@id":"https:\/\/lasentinelle.dz\/index.php\/2021\/09\/26\/recuperation-des-entreprises-mises-sous-sequestre-le-processus-accelere\/#breadcrumb","itemListElement":[{"@type":"ListItem","position":1,"name":"Accueil","item":"https:\/\/lasentinelle.dz\/"},{"@type":"ListItem","position":2,"name":"R\u00e9cup\u00e9ration des entreprises mises sous s\u00e9questre : Le processus acc\u00e9l\u00e9r\u00e9"}]},{"@type":"WebSite","@id":"https:\/\/lasentinelle.dz\/#website","url":"https:\/\/lasentinelle.dz\/","name":"La Sentinelle","description":"Quotidien national d&#039;information","publisher":{"@id":"https:\/\/lasentinelle.dz\/#organization"},"potentialAction":[{"@type":"SearchAction","target":{"@type":"EntryPoint","urlTemplate":"https:\/\/lasentinelle.dz\/?s={search_term_string}"},"query-input":{"@type":"PropertyValueSpecification","valueRequired":true,"valueName":"search_term_string"}}],"inLanguage":"fr-FR"},{"@type":"Organization","@id":"https:\/\/lasentinelle.dz\/#organization","name":"Quotidien La Sentinelle","url":"https:\/\/lasentinelle.dz\/","logo":{"@type":"ImageObject","inLanguage":"fr-FR","@id":"https:\/\/lasentinelle.dz\/#\/schema\/logo\/image\/","url":"https:\/\/lasentinelle.dz\/wp-content\/uploads\/2021\/09\/logo-sentinelleSLOGAN-1.png","contentUrl":"https:\/\/lasentinelle.dz\/wp-content\/uploads\/2021\/09\/logo-sentinelleSLOGAN-1.png","width":615,"height":142,"caption":"Quotidien La Sentinelle"},"image":{"@id":"https:\/\/lasentinelle.dz\/#\/schema\/logo\/image\/"},"sameAs":["https:\/\/www.facebook.com\/La-Sentinelle-104059864394773"]},{"@type":"Person","@id":"https:\/\/lasentinelle.dz\/#\/schema\/person\/d865044e22e70a75174ce8bcad3acfb3","name":"La Sentinelle","image":{"@type":"ImageObject","inLanguage":"fr-FR","@id":"https:\/\/secure.gravatar.com\/avatar\/57de8e5d4b15d43fb361a71fbb36338450fe67865b528a43dd10ef7c51a20392?s=96&d=mm&r=g","url":"https:\/\/secure.gravatar.com\/avatar\/57de8e5d4b15d43fb361a71fbb36338450fe67865b528a43dd10ef7c51a20392?s=96&d=mm&r=g","contentUrl":"https:\/\/secure.gravatar.com\/avatar\/57de8e5d4b15d43fb361a71fbb36338450fe67865b528a43dd10ef7c51a20392?s=96&d=mm&r=g","caption":"La Sentinelle"},"sameAs":["http:\/\/www.lasentinelle.dz"],"url":"https:\/\/lasentinelle.dz\/author\/redaction\/"}]}},"_links":{"self":[{"href":"https:\/\/lasentinelle.dz\/index.php\/wp-json\/wp\/v2\/posts\/9101","targetHints":{"allow":["GET"]}}],"collection":[{"href":"https:\/\/lasentinelle.dz\/index.php\/wp-json\/wp\/v2\/posts"}],"about":[{"href":"https:\/\/lasentinelle.dz\/index.php\/wp-json\/wp\/v2\/types\/post"}],"author":[{"embeddable":true,"href":"https:\/\/lasentinelle.dz\/index.php\/wp-json\/wp\/v2\/users\/3"}],"replies":[{"embeddable":true,"href":"https:\/\/lasentinelle.dz\/index.php\/wp-json\/wp\/v2\/comments?post=9101"}],"version-history":[{"count":1,"href":"https:\/\/lasentinelle.dz\/index.php\/wp-json\/wp\/v2\/posts\/9101\/revisions"}],"predecessor-version":[{"id":9122,"href":"https:\/\/lasentinelle.dz\/index.php\/wp-json\/wp\/v2\/posts\/9101\/revisions\/9122"}],"wp:featuredmedia":[{"embeddable":true,"href":"https:\/\/lasentinelle.dz\/index.php\/wp-json\/wp\/v2\/media\/9121"}],"wp:attachment":[{"href":"https:\/\/lasentinelle.dz\/index.php\/wp-json\/wp\/v2\/media?parent=9101"}],"wp:term":[{"taxonomy":"category","embeddable":true,"href":"https:\/\/lasentinelle.dz\/index.php\/wp-json\/wp\/v2\/categories?post=9101"},{"taxonomy":"post_tag","embeddable":true,"href":"https:\/\/lasentinelle.dz\/index.php\/wp-json\/wp\/v2\/tags?post=9101"}],"curies":[{"name":"wp","href":"https:\/\/api.w.org\/{rel}","templated":true}]}}