{"id":911,"date":"2021-07-12T15:57:55","date_gmt":"2021-07-12T14:57:55","guid":{"rendered":"https:\/\/lasentinelle.dz\/?p=911"},"modified":"2021-07-12T15:58:30","modified_gmt":"2021-07-12T14:58:30","slug":"plages-de-lextreme-est-du-pays-une-destination-de-choix-pour-les-vacanciers","status":"publish","type":"post","link":"https:\/\/lasentinelle.dz\/index.php\/2021\/07\/12\/plages-de-lextreme-est-du-pays-une-destination-de-choix-pour-les-vacanciers\/","title":{"rendered":"Plages de l\u2019extr\u00eame Est du pays \/ Une destination de choix pour les vacanciers"},"content":{"rendered":"\n<p>Les wilayas du littoral extr\u00eame est, regroupant des villes d\u2019El Tarf et Annaba, attirent un important flux de vacanciers, venant de l\u2019int\u00e9rieur et du sud du pays, pour passer leurs vacances et go\u00fbter aux plaisirs revitalisants de la mer.<\/p>\n\n\n\n<p>Qu\u2019il s\u2019agisse de la plagede la Messida, Cap Rosa ou Lahnaya entre autres plages dans la wilaya d\u2019El Tarf ou sur les plages d\u2019Annaba, notamment \u00e0 Chapuis, Ain Achir, Toch, la grande plage de S\u00e9raidi et la baie Ouest \u00e0 Ch\u00e9taibi, une ambiance \u2018\u2019bon enfant\u2019\u2019 r\u00e8gne tous les jours. Les week-ends, les plages deux wilayas c\u00f4ti\u00e8res connaissent un v\u00e9ritable rush. Pour \u00e9chapper \u00e0 la canicule, des milliers de vacanciers en familles ou en groupes de copains, se ruent sur la fra\u00eecheur fr\u00e9missante des vagues pour s\u2019octroyer du repos et rompre avec la monotonie du quotidien, apr\u00e8s une ann\u00e9e de labeur et de stress occasionn\u00e9 par la pand\u00e9mie du coronavirus. Dans les wilayas d\u2019El Tarf et d\u2019Annaba, toutes les plages, en contrefort des montagnes verdoyantes, offrent aux visiteurs des paysages f\u00e9\u00e9riques en plus des commodit\u00e9s qui garantissent une journ\u00e9e de d\u00e9tente.Au sein d\u2019un dispositif sanitaire rigoureux, les r\u00e9sidences eth\u00f4tels sont bond\u00e9s d\u2019estivants. Il y r\u00e8gne une animation quasi permanente. D\u2019El Tarf \u00e0 Annaba, les plages offrentde jour comme de nuit un d\u00e9cor typiquement estival. L\u2019impressionnant rush de vacanciers traduit l\u2019engouement des vacanciers pour l\u2019\u00e9vasion et la d\u00e9tente. L\u2019impossibilit\u00e9 de partir en vacances \u00e0 l\u2019\u00e9tranger, en Tunisie notamment, accentue le flux d\u2019estivants des r\u00e9gions de l\u2019int\u00e9rieur et du sud du pays, vers les c\u00f4tes Est de l\u2019Alg\u00e9rie. \u00c0quelques jours de la c\u00e9l\u00e9bration de l&rsquo;A\u00efd El Adha, les premiers vacanciers de cette saison estivale ouverte officiellement, le 5 juillet, m\u00e8nent une course contre le temps. Lesv\u00e9hicules aux diff\u00e9rentes plaques min\u00e9ralogiques de diff\u00e9rentes wilayas, font les allers et retours entre les plages d\u2019El Tarf et Annaba et leurs wilayas de r\u00e9sidence.<\/p>\n\n\n\n<p>D\u00e8s la tomb\u00e9e de la nuit, les plages s\u2019animent avec les amateurs des veill\u00e9es en bord de meret les habitu\u00e9s de la rocadeavec la promenade des Anglais d\u2019Annaba. M\u00eame ambiance sur la corniche d&rsquo;El Kala o\u00f9, d\u00e8s les premi\u00e8res heures de nuit, des milliersde promeneurs investissent la corniche de la plage d\u2019El Mordjane. Les veill\u00e9es nocturnes sont identiquesdans la ville d\u2019El Kala et Annaba, o\u00f9 les espaces s\u2019animent telle une fourmili\u00e8re. Certains s\u2019attablent pour savourer une bonne pizza ou siroter un th\u00e9 avec quelques bouff\u00e9es de narguil\u00e9. D\u2019autres amateurs de la baignade nocturne, se livrent \u00e0 l\u2019\u00e9cume des vagues, sous les lumi\u00e8res du far du Cap de garde. Entre les uns et les autres, il y\u2019a ceux qui s\u2019adonnent \u00e0 leurs \u2018\u2019hobbies\u2019\u2019 pr\u00e9f\u00e9r\u00e9s, jeux de cartes, de dominos et autres passes temps. Les conversations familiales et conviviales des vacanciers venues \u00e9grener \u2018\u2019 le temps mort\u2019\u2019 s\u2019\u00e9ternisent pour ne finir qu\u2019\u00e0 des heures tardives, laissant place \u00e0 la qui\u00e9tude matinale qui reprend ses droits aussi bien dans les cit\u00e9s \u00e0 El Tarf qu\u2019\u00e0 Annaba. \u00c0 la lev\u00e9e du jour, les plages renouent progressivement leur animation habituelle.Les parasols prennent place pour mieux souligner le bleu de la mer et entre lesquels vient s\u2019incruster de fa\u00e7on p\u00e9remptoire l\u2019\u00e9clatante r\u00e9fraction du sable dor\u00e9. Une image offre du haut des collines de Cap Rosa dans la wilaya d\u2019El Tarf et du haut de la station baln\u00e9aire de S\u00e9ra\u00efdi \u00e0 Annaba, un spectacle magique. Sur les criques quelques groupuscules disparates d\u2019estivants, sans doute mordus de la p\u00eache \u00e0 la ligne, s\u2019offrent des moments de plaisir en jetant de mani\u00e8re it\u00e9rative l\u2019hame\u00e7on dans l\u2019espoir de r\u00e9aliser une belle prise.Ainsi, d\u2019El Tarf \u00e0 Annaba, les estivantssavourent leurs vacances dans cette partie de l\u2019extr\u00eame Est du pays. Des moments vivement attendus, apr\u00e8s que la pand\u00e9mie du coronavirusait g\u00e2ch\u00e9 la saison estivale de 2020, suite au confinement g\u00e9n\u00e9ral d\u00e9cr\u00e9t\u00e9 \u00e0 travers l\u2019ensemble du pays. En attendant l\u2019arriv\u00e9e des Ao\u00fbtiens, les villes c\u00f4ti\u00e8res de la wilaya d\u2019El Tarf et Annaba, demeurent une destination de choix pour des milliers de vacanciers.<\/p>\n\n\n\n<p><strong>Sofia Chahine<\/strong><\/p>\n","protected":false},"excerpt":{"rendered":"<p>Les wilayas du littoral extr\u00eame est, regroupant des villes d\u2019El Tarf et Annaba, attirent un important flux de vacanciers, venant<\/p>\n","protected":false},"author":2,"featured_media":912,"comment_status":"open","ping_status":"closed","sticky":false,"template":"","format":"standard","meta":{"colormag_page_container_layout":"default_layout","colormag_page_sidebar_layout":"default_layout","om_disable_all_campaigns":false,"_monsterinsights_skip_tracking":false,"_monsterinsights_sitenote_active":false,"_monsterinsights_sitenote_note":"","_monsterinsights_sitenote_category":0,"footnotes":"","_wpscppro_dont_share_socialmedia":false,"_wpscppro_custom_social_share_image":0,"_facebook_share_type":"","_twitter_share_type":"","_linkedin_share_type":"","_pinterest_share_type":"","_linkedin_share_type_page":"","_instagram_share_type":"","_medium_share_type":"","_threads_share_type":"","_google_business_share_type":"","_selected_social_profile":[],"_wpsp_enable_custom_social_template":false,"_wpsp_social_scheduling":{"enabled":false,"datetime":null,"platforms":[],"status":"template_only","dateOption":"today","timeOption":"now","customDays":"","customHours":"","customDate":"","customTime":"","schedulingType":"absolute"},"_wpsp_active_default_template":true},"categories":[31],"tags":[],"class_list":["post-911","post","type-post","status-publish","format-standard","has-post-thumbnail","hentry","category-regions"],"aioseo_notices":[],"yoast_head":"<!-- This site is optimized with the Yoast SEO plugin v27.4 - https:\/\/yoast.com\/product\/yoast-seo-wordpress\/ -->\n<title>Plages de l\u2019extr\u00eame Est du pays \/ Une destination de choix pour les vacanciers - La Sentinelle<\/title>\n<meta name=\"robots\" content=\"index, follow, max-snippet:-1, max-image-preview:large, max-video-preview:-1\" \/>\n<link rel=\"canonical\" href=\"https:\/\/lasentinelle.dz\/index.php\/2021\/07\/12\/plages-de-lextreme-est-du-pays-une-destination-de-choix-pour-les-vacanciers\/\" \/>\n<meta property=\"og:locale\" content=\"fr_FR\" \/>\n<meta property=\"og:type\" content=\"article\" \/>\n<meta property=\"og:title\" content=\"Plages de l\u2019extr\u00eame Est du pays \/ Une destination de choix pour les vacanciers - La Sentinelle\" \/>\n<meta property=\"og:description\" content=\"Les wilayas du littoral extr\u00eame est, regroupant des villes d\u2019El Tarf et Annaba, attirent un important flux de vacanciers, venant\" \/>\n<meta property=\"og:url\" content=\"https:\/\/lasentinelle.dz\/index.php\/2021\/07\/12\/plages-de-lextreme-est-du-pays-une-destination-de-choix-pour-les-vacanciers\/\" \/>\n<meta property=\"og:site_name\" content=\"La Sentinelle\" \/>\n<meta property=\"article:publisher\" content=\"https:\/\/www.facebook.com\/La-Sentinelle-104059864394773\" \/>\n<meta property=\"article:published_time\" content=\"2021-07-12T14:57:55+00:00\" \/>\n<meta property=\"article:modified_time\" content=\"2021-07-12T14:58:30+00:00\" \/>\n<meta property=\"og:image\" content=\"https:\/\/lasentinelle.dz\/wp-content\/uploads\/2021\/07\/el-kala.png\" \/>\n\t<meta property=\"og:image:width\" content=\"850\" \/>\n\t<meta property=\"og:image:height\" content=\"478\" \/>\n\t<meta property=\"og:image:type\" content=\"image\/png\" \/>\n<meta name=\"author\" content=\"Azzedine Belferag\" \/>\n<meta name=\"twitter:card\" content=\"summary_large_image\" \/>\n<meta name=\"twitter:label1\" content=\"\u00c9crit par\" \/>\n\t<meta name=\"twitter:data1\" content=\"Azzedine Belferag\" \/>\n\t<meta name=\"twitter:label2\" content=\"Dur\u00e9e de lecture estim\u00e9e\" \/>\n\t<meta name=\"twitter:data2\" content=\"3 minutes\" \/>\n<script type=\"application\/ld+json\" class=\"yoast-schema-graph\">{\"@context\":\"https:\\\/\\\/schema.org\",\"@graph\":[{\"@type\":\"Article\",\"@id\":\"https:\\\/\\\/lasentinelle.dz\\\/index.php\\\/2021\\\/07\\\/12\\\/plages-de-lextreme-est-du-pays-une-destination-de-choix-pour-les-vacanciers\\\/#article\",\"isPartOf\":{\"@id\":\"https:\\\/\\\/lasentinelle.dz\\\/index.php\\\/2021\\\/07\\\/12\\\/plages-de-lextreme-est-du-pays-une-destination-de-choix-pour-les-vacanciers\\\/\"},\"author\":{\"name\":\"Azzedine Belferag\",\"@id\":\"https:\\\/\\\/lasentinelle.dz\\\/#\\\/schema\\\/person\\\/e22c868643946ece5f328ac9d185b29f\"},\"headline\":\"Plages de l\u2019extr\u00eame Est du pays \\\/ Une destination de choix pour les vacanciers\",\"datePublished\":\"2021-07-12T14:57:55+00:00\",\"dateModified\":\"2021-07-12T14:58:30+00:00\",\"mainEntityOfPage\":{\"@id\":\"https:\\\/\\\/lasentinelle.dz\\\/index.php\\\/2021\\\/07\\\/12\\\/plages-de-lextreme-est-du-pays-une-destination-de-choix-pour-les-vacanciers\\\/\"},\"wordCount\":771,\"commentCount\":0,\"publisher\":{\"@id\":\"https:\\\/\\\/lasentinelle.dz\\\/#organization\"},\"image\":{\"@id\":\"https:\\\/\\\/lasentinelle.dz\\\/index.php\\\/2021\\\/07\\\/12\\\/plages-de-lextreme-est-du-pays-une-destination-de-choix-pour-les-vacanciers\\\/#primaryimage\"},\"thumbnailUrl\":\"https:\\\/\\\/lasentinelle.dz\\\/wp-content\\\/uploads\\\/2021\\\/07\\\/el-kala.png\",\"articleSection\":[\"R\u00e9gions\"],\"inLanguage\":\"fr-FR\",\"potentialAction\":[{\"@type\":\"CommentAction\",\"name\":\"Comment\",\"target\":[\"https:\\\/\\\/lasentinelle.dz\\\/index.php\\\/2021\\\/07\\\/12\\\/plages-de-lextreme-est-du-pays-une-destination-de-choix-pour-les-vacanciers\\\/#respond\"]}]},{\"@type\":\"WebPage\",\"@id\":\"https:\\\/\\\/lasentinelle.dz\\\/index.php\\\/2021\\\/07\\\/12\\\/plages-de-lextreme-est-du-pays-une-destination-de-choix-pour-les-vacanciers\\\/\",\"url\":\"https:\\\/\\\/lasentinelle.dz\\\/index.php\\\/2021\\\/07\\\/12\\\/plages-de-lextreme-est-du-pays-une-destination-de-choix-pour-les-vacanciers\\\/\",\"name\":\"Plages de l\u2019extr\u00eame Est du pays \\\/ Une destination de choix pour les vacanciers - La Sentinelle\",\"isPartOf\":{\"@id\":\"https:\\\/\\\/lasentinelle.dz\\\/#website\"},\"primaryImageOfPage\":{\"@id\":\"https:\\\/\\\/lasentinelle.dz\\\/index.php\\\/2021\\\/07\\\/12\\\/plages-de-lextreme-est-du-pays-une-destination-de-choix-pour-les-vacanciers\\\/#primaryimage\"},\"image\":{\"@id\":\"https:\\\/\\\/lasentinelle.dz\\\/index.php\\\/2021\\\/07\\\/12\\\/plages-de-lextreme-est-du-pays-une-destination-de-choix-pour-les-vacanciers\\\/#primaryimage\"},\"thumbnailUrl\":\"https:\\\/\\\/lasentinelle.dz\\\/wp-content\\\/uploads\\\/2021\\\/07\\\/el-kala.png\",\"datePublished\":\"2021-07-12T14:57:55+00:00\",\"dateModified\":\"2021-07-12T14:58:30+00:00\",\"breadcrumb\":{\"@id\":\"https:\\\/\\\/lasentinelle.dz\\\/index.php\\\/2021\\\/07\\\/12\\\/plages-de-lextreme-est-du-pays-une-destination-de-choix-pour-les-vacanciers\\\/#breadcrumb\"},\"inLanguage\":\"fr-FR\",\"potentialAction\":[{\"@type\":\"ReadAction\",\"target\":[\"https:\\\/\\\/lasentinelle.dz\\\/index.php\\\/2021\\\/07\\\/12\\\/plages-de-lextreme-est-du-pays-une-destination-de-choix-pour-les-vacanciers\\\/\"]}]},{\"@type\":\"ImageObject\",\"inLanguage\":\"fr-FR\",\"@id\":\"https:\\\/\\\/lasentinelle.dz\\\/index.php\\\/2021\\\/07\\\/12\\\/plages-de-lextreme-est-du-pays-une-destination-de-choix-pour-les-vacanciers\\\/#primaryimage\",\"url\":\"https:\\\/\\\/lasentinelle.dz\\\/wp-content\\\/uploads\\\/2021\\\/07\\\/el-kala.png\",\"contentUrl\":\"https:\\\/\\\/lasentinelle.dz\\\/wp-content\\\/uploads\\\/2021\\\/07\\\/el-kala.png\",\"width\":850,\"height\":478},{\"@type\":\"BreadcrumbList\",\"@id\":\"https:\\\/\\\/lasentinelle.dz\\\/index.php\\\/2021\\\/07\\\/12\\\/plages-de-lextreme-est-du-pays-une-destination-de-choix-pour-les-vacanciers\\\/#breadcrumb\",\"itemListElement\":[{\"@type\":\"ListItem\",\"position\":1,\"name\":\"Accueil\",\"item\":\"https:\\\/\\\/lasentinelle.dz\\\/\"},{\"@type\":\"ListItem\",\"position\":2,\"name\":\"Plages de l\u2019extr\u00eame Est du pays \\\/ Une destination de choix pour les vacanciers\"}]},{\"@type\":\"WebSite\",\"@id\":\"https:\\\/\\\/lasentinelle.dz\\\/#website\",\"url\":\"https:\\\/\\\/lasentinelle.dz\\\/\",\"name\":\"La Sentinelle\",\"description\":\"Quotidien national d&#039;information\",\"publisher\":{\"@id\":\"https:\\\/\\\/lasentinelle.dz\\\/#organization\"},\"potentialAction\":[{\"@type\":\"SearchAction\",\"target\":{\"@type\":\"EntryPoint\",\"urlTemplate\":\"https:\\\/\\\/lasentinelle.dz\\\/?s={search_term_string}\"},\"query-input\":{\"@type\":\"PropertyValueSpecification\",\"valueRequired\":true,\"valueName\":\"search_term_string\"}}],\"inLanguage\":\"fr-FR\"},{\"@type\":\"Organization\",\"@id\":\"https:\\\/\\\/lasentinelle.dz\\\/#organization\",\"name\":\"Quotidien La Sentinelle\",\"url\":\"https:\\\/\\\/lasentinelle.dz\\\/\",\"logo\":{\"@type\":\"ImageObject\",\"inLanguage\":\"fr-FR\",\"@id\":\"https:\\\/\\\/lasentinelle.dz\\\/#\\\/schema\\\/logo\\\/image\\\/\",\"url\":\"https:\\\/\\\/lasentinelle.dz\\\/wp-content\\\/uploads\\\/2021\\\/09\\\/logo-sentinelleSLOGAN-1.png\",\"contentUrl\":\"https:\\\/\\\/lasentinelle.dz\\\/wp-content\\\/uploads\\\/2021\\\/09\\\/logo-sentinelleSLOGAN-1.png\",\"width\":615,\"height\":142,\"caption\":\"Quotidien La Sentinelle\"},\"image\":{\"@id\":\"https:\\\/\\\/lasentinelle.dz\\\/#\\\/schema\\\/logo\\\/image\\\/\"},\"sameAs\":[\"https:\\\/\\\/www.facebook.com\\\/La-Sentinelle-104059864394773\"]},{\"@type\":\"Person\",\"@id\":\"https:\\\/\\\/lasentinelle.dz\\\/#\\\/schema\\\/person\\\/e22c868643946ece5f328ac9d185b29f\",\"name\":\"Azzedine Belferag\",\"image\":{\"@type\":\"ImageObject\",\"inLanguage\":\"fr-FR\",\"@id\":\"https:\\\/\\\/secure.gravatar.com\\\/avatar\\\/767ecc3bfcf23cd6d0dae1705f124feb13a88fded1daa56498e4fb3aa3fc36a1?s=96&d=mm&r=g\",\"url\":\"https:\\\/\\\/secure.gravatar.com\\\/avatar\\\/767ecc3bfcf23cd6d0dae1705f124feb13a88fded1daa56498e4fb3aa3fc36a1?s=96&d=mm&r=g\",\"contentUrl\":\"https:\\\/\\\/secure.gravatar.com\\\/avatar\\\/767ecc3bfcf23cd6d0dae1705f124feb13a88fded1daa56498e4fb3aa3fc36a1?s=96&d=mm&r=g\",\"caption\":\"Azzedine Belferag\"},\"sameAs\":[\"http:\\\/\\\/www.lasentinelle.dz\"],\"url\":\"https:\\\/\\\/lasentinelle.dz\\\/author\\\/belferag\\\/\"}]}<\/script>\n<!-- \/ Yoast SEO plugin. -->","yoast_head_json":{"title":"Plages de l\u2019extr\u00eame Est du pays \/ Une destination de choix pour les vacanciers - La Sentinelle","robots":{"index":"index","follow":"follow","max-snippet":"max-snippet:-1","max-image-preview":"max-image-preview:large","max-video-preview":"max-video-preview:-1"},"canonical":"https:\/\/lasentinelle.dz\/index.php\/2021\/07\/12\/plages-de-lextreme-est-du-pays-une-destination-de-choix-pour-les-vacanciers\/","og_locale":"fr_FR","og_type":"article","og_title":"Plages de l\u2019extr\u00eame Est du pays \/ Une destination de choix pour les vacanciers - La Sentinelle","og_description":"Les wilayas du littoral extr\u00eame est, regroupant des villes d\u2019El Tarf et Annaba, attirent un important flux de vacanciers, venant","og_url":"https:\/\/lasentinelle.dz\/index.php\/2021\/07\/12\/plages-de-lextreme-est-du-pays-une-destination-de-choix-pour-les-vacanciers\/","og_site_name":"La Sentinelle","article_publisher":"https:\/\/www.facebook.com\/La-Sentinelle-104059864394773","article_published_time":"2021-07-12T14:57:55+00:00","article_modified_time":"2021-07-12T14:58:30+00:00","og_image":[{"width":850,"height":478,"url":"https:\/\/lasentinelle.dz\/wp-content\/uploads\/2021\/07\/el-kala.png","type":"image\/png"}],"author":"Azzedine Belferag","twitter_card":"summary_large_image","twitter_misc":{"\u00c9crit par":"Azzedine Belferag","Dur\u00e9e de lecture estim\u00e9e":"3 minutes"},"schema":{"@context":"https:\/\/schema.org","@graph":[{"@type":"Article","@id":"https:\/\/lasentinelle.dz\/index.php\/2021\/07\/12\/plages-de-lextreme-est-du-pays-une-destination-de-choix-pour-les-vacanciers\/#article","isPartOf":{"@id":"https:\/\/lasentinelle.dz\/index.php\/2021\/07\/12\/plages-de-lextreme-est-du-pays-une-destination-de-choix-pour-les-vacanciers\/"},"author":{"name":"Azzedine Belferag","@id":"https:\/\/lasentinelle.dz\/#\/schema\/person\/e22c868643946ece5f328ac9d185b29f"},"headline":"Plages de l\u2019extr\u00eame Est du pays \/ Une destination de choix pour les vacanciers","datePublished":"2021-07-12T14:57:55+00:00","dateModified":"2021-07-12T14:58:30+00:00","mainEntityOfPage":{"@id":"https:\/\/lasentinelle.dz\/index.php\/2021\/07\/12\/plages-de-lextreme-est-du-pays-une-destination-de-choix-pour-les-vacanciers\/"},"wordCount":771,"commentCount":0,"publisher":{"@id":"https:\/\/lasentinelle.dz\/#organization"},"image":{"@id":"https:\/\/lasentinelle.dz\/index.php\/2021\/07\/12\/plages-de-lextreme-est-du-pays-une-destination-de-choix-pour-les-vacanciers\/#primaryimage"},"thumbnailUrl":"https:\/\/lasentinelle.dz\/wp-content\/uploads\/2021\/07\/el-kala.png","articleSection":["R\u00e9gions"],"inLanguage":"fr-FR","potentialAction":[{"@type":"CommentAction","name":"Comment","target":["https:\/\/lasentinelle.dz\/index.php\/2021\/07\/12\/plages-de-lextreme-est-du-pays-une-destination-de-choix-pour-les-vacanciers\/#respond"]}]},{"@type":"WebPage","@id":"https:\/\/lasentinelle.dz\/index.php\/2021\/07\/12\/plages-de-lextreme-est-du-pays-une-destination-de-choix-pour-les-vacanciers\/","url":"https:\/\/lasentinelle.dz\/index.php\/2021\/07\/12\/plages-de-lextreme-est-du-pays-une-destination-de-choix-pour-les-vacanciers\/","name":"Plages de l\u2019extr\u00eame Est du pays \/ Une destination de choix pour les vacanciers - La Sentinelle","isPartOf":{"@id":"https:\/\/lasentinelle.dz\/#website"},"primaryImageOfPage":{"@id":"https:\/\/lasentinelle.dz\/index.php\/2021\/07\/12\/plages-de-lextreme-est-du-pays-une-destination-de-choix-pour-les-vacanciers\/#primaryimage"},"image":{"@id":"https:\/\/lasentinelle.dz\/index.php\/2021\/07\/12\/plages-de-lextreme-est-du-pays-une-destination-de-choix-pour-les-vacanciers\/#primaryimage"},"thumbnailUrl":"https:\/\/lasentinelle.dz\/wp-content\/uploads\/2021\/07\/el-kala.png","datePublished":"2021-07-12T14:57:55+00:00","dateModified":"2021-07-12T14:58:30+00:00","breadcrumb":{"@id":"https:\/\/lasentinelle.dz\/index.php\/2021\/07\/12\/plages-de-lextreme-est-du-pays-une-destination-de-choix-pour-les-vacanciers\/#breadcrumb"},"inLanguage":"fr-FR","potentialAction":[{"@type":"ReadAction","target":["https:\/\/lasentinelle.dz\/index.php\/2021\/07\/12\/plages-de-lextreme-est-du-pays-une-destination-de-choix-pour-les-vacanciers\/"]}]},{"@type":"ImageObject","inLanguage":"fr-FR","@id":"https:\/\/lasentinelle.dz\/index.php\/2021\/07\/12\/plages-de-lextreme-est-du-pays-une-destination-de-choix-pour-les-vacanciers\/#primaryimage","url":"https:\/\/lasentinelle.dz\/wp-content\/uploads\/2021\/07\/el-kala.png","contentUrl":"https:\/\/lasentinelle.dz\/wp-content\/uploads\/2021\/07\/el-kala.png","width":850,"height":478},{"@type":"BreadcrumbList","@id":"https:\/\/lasentinelle.dz\/index.php\/2021\/07\/12\/plages-de-lextreme-est-du-pays-une-destination-de-choix-pour-les-vacanciers\/#breadcrumb","itemListElement":[{"@type":"ListItem","position":1,"name":"Accueil","item":"https:\/\/lasentinelle.dz\/"},{"@type":"ListItem","position":2,"name":"Plages de l\u2019extr\u00eame Est du pays \/ Une destination de choix pour les vacanciers"}]},{"@type":"WebSite","@id":"https:\/\/lasentinelle.dz\/#website","url":"https:\/\/lasentinelle.dz\/","name":"La Sentinelle","description":"Quotidien national d&#039;information","publisher":{"@id":"https:\/\/lasentinelle.dz\/#organization"},"potentialAction":[{"@type":"SearchAction","target":{"@type":"EntryPoint","urlTemplate":"https:\/\/lasentinelle.dz\/?s={search_term_string}"},"query-input":{"@type":"PropertyValueSpecification","valueRequired":true,"valueName":"search_term_string"}}],"inLanguage":"fr-FR"},{"@type":"Organization","@id":"https:\/\/lasentinelle.dz\/#organization","name":"Quotidien La Sentinelle","url":"https:\/\/lasentinelle.dz\/","logo":{"@type":"ImageObject","inLanguage":"fr-FR","@id":"https:\/\/lasentinelle.dz\/#\/schema\/logo\/image\/","url":"https:\/\/lasentinelle.dz\/wp-content\/uploads\/2021\/09\/logo-sentinelleSLOGAN-1.png","contentUrl":"https:\/\/lasentinelle.dz\/wp-content\/uploads\/2021\/09\/logo-sentinelleSLOGAN-1.png","width":615,"height":142,"caption":"Quotidien La Sentinelle"},"image":{"@id":"https:\/\/lasentinelle.dz\/#\/schema\/logo\/image\/"},"sameAs":["https:\/\/www.facebook.com\/La-Sentinelle-104059864394773"]},{"@type":"Person","@id":"https:\/\/lasentinelle.dz\/#\/schema\/person\/e22c868643946ece5f328ac9d185b29f","name":"Azzedine Belferag","image":{"@type":"ImageObject","inLanguage":"fr-FR","@id":"https:\/\/secure.gravatar.com\/avatar\/767ecc3bfcf23cd6d0dae1705f124feb13a88fded1daa56498e4fb3aa3fc36a1?s=96&d=mm&r=g","url":"https:\/\/secure.gravatar.com\/avatar\/767ecc3bfcf23cd6d0dae1705f124feb13a88fded1daa56498e4fb3aa3fc36a1?s=96&d=mm&r=g","contentUrl":"https:\/\/secure.gravatar.com\/avatar\/767ecc3bfcf23cd6d0dae1705f124feb13a88fded1daa56498e4fb3aa3fc36a1?s=96&d=mm&r=g","caption":"Azzedine Belferag"},"sameAs":["http:\/\/www.lasentinelle.dz"],"url":"https:\/\/lasentinelle.dz\/author\/belferag\/"}]}},"_links":{"self":[{"href":"https:\/\/lasentinelle.dz\/index.php\/wp-json\/wp\/v2\/posts\/911","targetHints":{"allow":["GET"]}}],"collection":[{"href":"https:\/\/lasentinelle.dz\/index.php\/wp-json\/wp\/v2\/posts"}],"about":[{"href":"https:\/\/lasentinelle.dz\/index.php\/wp-json\/wp\/v2\/types\/post"}],"author":[{"embeddable":true,"href":"https:\/\/lasentinelle.dz\/index.php\/wp-json\/wp\/v2\/users\/2"}],"replies":[{"embeddable":true,"href":"https:\/\/lasentinelle.dz\/index.php\/wp-json\/wp\/v2\/comments?post=911"}],"version-history":[{"count":1,"href":"https:\/\/lasentinelle.dz\/index.php\/wp-json\/wp\/v2\/posts\/911\/revisions"}],"predecessor-version":[{"id":913,"href":"https:\/\/lasentinelle.dz\/index.php\/wp-json\/wp\/v2\/posts\/911\/revisions\/913"}],"wp:featuredmedia":[{"embeddable":true,"href":"https:\/\/lasentinelle.dz\/index.php\/wp-json\/wp\/v2\/media\/912"}],"wp:attachment":[{"href":"https:\/\/lasentinelle.dz\/index.php\/wp-json\/wp\/v2\/media?parent=911"}],"wp:term":[{"taxonomy":"category","embeddable":true,"href":"https:\/\/lasentinelle.dz\/index.php\/wp-json\/wp\/v2\/categories?post=911"},{"taxonomy":"post_tag","embeddable":true,"href":"https:\/\/lasentinelle.dz\/index.php\/wp-json\/wp\/v2\/tags?post=911"}],"curies":[{"name":"wp","href":"https:\/\/api.w.org\/{rel}","templated":true}]}}