{"id":9115,"date":"2021-09-26T00:01:00","date_gmt":"2021-09-25T23:01:00","guid":{"rendered":"https:\/\/lasentinelle.dz\/?p=9115"},"modified":"2021-09-25T18:20:57","modified_gmt":"2021-09-25T17:20:57","slug":"secteur-pharmaceutique-les-engagements-de-lanpha","status":"publish","type":"post","link":"https:\/\/lasentinelle.dz\/index.php\/2021\/09\/26\/secteur-pharmaceutique-les-engagements-de-lanpha\/","title":{"rendered":"Secteur pharmaceutique : Les engagements de l\u2019ANPHA"},"content":{"rendered":"\n<p>L&rsquo;Association nationale des pharmaciens alg\u00e9riens (ANPHA) a renouvel\u00e9 hier son \u00ab\u00a0engagement\u00a0\u00bb \u00e0 poursuivre son implication dans les projets de d\u00e9veloppement du secteur pharmaceutique. Dans un communiqu\u00e9 rendu public \u00e0 l&rsquo;occasion de la Journ\u00e9e mondiale du pharmacien, l&rsquo;ANPHA a relev\u00e9 que la s\u00e9curit\u00e9 sanitaire aujourd&rsquo;hui consiste en \u00ab\u00a0la capacit\u00e9 d&rsquo;atteindre l&rsquo;autosuffisance en m\u00e9dicaments et en dispositifs m\u00e9dicaux, c&rsquo;est la capacit\u00e9 de fournir des services de sant\u00e9 de proximit\u00e9, c&rsquo;est la capacit\u00e9 \u00e0 g\u00e9rer les ressources et les \u00e9quipements hospitaliers, c&rsquo;est la capacit\u00e9 de d\u00e9pistage et de l&rsquo;analyse m\u00e9dicale et c&rsquo;est la capacit\u00e9 \u00e0 rechercher et d\u00e9velopper des protocoles th\u00e9rapeutiques et des vaccins qui sont autant de fonctions pharmaceutiques par excellence\u00a0\u00bb.L&rsquo;ANPHA a rappel\u00e9 ensuite ses propositions en la mati\u00e8re portant notamment sur une carte sanitaire reposant sur des \u00ab\u00a0fondements scientifiques et m\u00e9thodologiques modernes dans la r\u00e9partition des services de sant\u00e9 et l&rsquo;affectation de la ressource humaine, y compris les pharmacies priv\u00e9es, dont les modalit\u00e9s de r\u00e9partition et d&rsquo;installation doivent \u00eatre r\u00e9viser en fonction des donn\u00e9es \u00e9conomiques et d\u00e9mographiques et des services de sant\u00e9 exig\u00e9s du pharmacien et de la d\u00e9finition de ses fonctions r\u00e9glementaires\u00a0\u00bb.Le capital humain \u00e9tant la \u00ab\u00a0base de la r\u00e9ussite de chaque strat\u00e9gie\u00a0\u00bb, elle a mis l&rsquo;accent sur la n\u00e9cessit\u00e9 de \u00ab\u00a0r\u00e9orienter les objectifs de la formation universitaire du pharmacien et de l&rsquo;adapter aux exigences du syst\u00e8me de sant\u00e9, des postes p\u00e9dagogiques offerts selon un besoin et suivant une vision \u00e0 long terme et un nouveau cursus sp\u00e9cialis\u00e9 orient\u00e9 aux comp\u00e9tences recherch\u00e9es dans le secteur \u00e9conomique et sanitaire\u00a0\u00bb.\u00a0\u00bbAu lieu d&rsquo;\u00eatre un service de soutien et de gestion, les m\u00e9tiers modernes nous obligent \u00e0 passer \u00e0 un service ind\u00e9pendant d\u2019une dimension strat\u00e9gique, capable de d\u00e9velopper les services de gestion, d&rsquo;adaptation posologique et de contr\u00f4le de consommation, les services cliniques, la formulation et la pr\u00e9paration hospitali\u00e8re et la pharmacovigilance, un travail que nous avons lanc\u00e9 avec le minist\u00e8re de la Sant\u00e9 et de la R\u00e9forme hospitali\u00e8re pr\u00e9c\u00e9demment et reste un dossier de priorit\u00e9 pour nous \u00e0 l&rsquo;ANPHA\u00a0\u00bb, ajoute le communiqu\u00e9.L&rsquo;ANPHA a consid\u00e9r\u00e9 que \u00ab\u00a0renforcer la responsabilit\u00e9 pharmaceutique et l&rsquo;accompagner techniquement et juridiquement est plus que n\u00e9cessaire, tout en red\u00e9finissant les fonctions des \u00e9tablissements pharmaceutiques et les fonctions du pharmacien en leur sein\u00a0\u00bb.<\/p>\n\n\n\n<p>R.N.<\/p>\n","protected":false},"excerpt":{"rendered":"<p>L&rsquo;Association nationale des pharmaciens alg\u00e9riens (ANPHA) a renouvel\u00e9 hier son \u00ab\u00a0engagement\u00a0\u00bb \u00e0 poursuivre son implication dans les projets de d\u00e9veloppement<\/p>\n","protected":false},"author":3,"featured_media":9117,"comment_status":"open","ping_status":"closed","sticky":false,"template":"","format":"standard","meta":{"colormag_page_container_layout":"default_layout","colormag_page_sidebar_layout":"default_layout","om_disable_all_campaigns":false,"_monsterinsights_skip_tracking":false,"_monsterinsights_sitenote_active":false,"_monsterinsights_sitenote_note":"","_monsterinsights_sitenote_category":0,"footnotes":"","_wpscppro_dont_share_socialmedia":false,"_wpscppro_custom_social_share_image":0,"_facebook_share_type":"","_twitter_share_type":"","_linkedin_share_type":"","_pinterest_share_type":"","_linkedin_share_type_page":"","_instagram_share_type":"","_medium_share_type":"","_threads_share_type":"","_google_business_share_type":"","_selected_social_profile":[],"_wpsp_enable_custom_social_template":false,"_wpsp_social_scheduling":{"enabled":false,"datetime":null,"platforms":[],"status":"template_only","dateOption":"today","timeOption":"now","customDays":"","customHours":"","customDate":"","customTime":"","schedulingType":"absolute"},"_wpsp_active_default_template":true},"categories":[27],"tags":[],"class_list":["post-9115","post","type-post","status-publish","format-standard","has-post-thumbnail","hentry","category-actualite"],"aioseo_notices":[],"yoast_head":"<!-- This site is optimized with the Yoast SEO plugin v27.5 - https:\/\/yoast.com\/product\/yoast-seo-wordpress\/ -->\n<title>Secteur pharmaceutique : Les engagements de l\u2019ANPHA - La Sentinelle<\/title>\n<meta name=\"robots\" content=\"index, follow, max-snippet:-1, max-image-preview:large, max-video-preview:-1\" \/>\n<link rel=\"canonical\" href=\"https:\/\/lasentinelle.dz\/index.php\/2021\/09\/26\/secteur-pharmaceutique-les-engagements-de-lanpha\/\" \/>\n<meta property=\"og:locale\" content=\"fr_FR\" \/>\n<meta property=\"og:type\" content=\"article\" \/>\n<meta property=\"og:title\" content=\"Secteur pharmaceutique : Les engagements de l\u2019ANPHA - La Sentinelle\" \/>\n<meta property=\"og:description\" content=\"L&rsquo;Association nationale des pharmaciens alg\u00e9riens (ANPHA) a renouvel\u00e9 hier son \u00ab\u00a0engagement\u00a0\u00bb \u00e0 poursuivre son implication dans les projets de d\u00e9veloppement\" \/>\n<meta property=\"og:url\" content=\"https:\/\/lasentinelle.dz\/index.php\/2021\/09\/26\/secteur-pharmaceutique-les-engagements-de-lanpha\/\" \/>\n<meta property=\"og:site_name\" content=\"La Sentinelle\" \/>\n<meta property=\"article:publisher\" content=\"https:\/\/www.facebook.com\/La-Sentinelle-104059864394773\" \/>\n<meta property=\"article:published_time\" content=\"2021-09-25T23:01:00+00:00\" \/>\n<meta property=\"og:image\" content=\"https:\/\/lasentinelle.dz\/wp-content\/uploads\/2021\/09\/image_2021-09-25_182048.png\" \/>\n\t<meta property=\"og:image:width\" content=\"289\" \/>\n\t<meta property=\"og:image:height\" content=\"174\" \/>\n\t<meta property=\"og:image:type\" content=\"image\/png\" \/>\n<meta name=\"author\" content=\"La Sentinelle\" \/>\n<meta name=\"twitter:card\" content=\"summary_large_image\" \/>\n<meta name=\"twitter:label1\" content=\"\u00c9crit par\" \/>\n\t<meta name=\"twitter:data1\" content=\"La Sentinelle\" \/>\n\t<meta name=\"twitter:label2\" content=\"Dur\u00e9e de lecture estim\u00e9e\" \/>\n\t<meta name=\"twitter:data2\" content=\"2 minutes\" \/>\n<script type=\"application\/ld+json\" class=\"yoast-schema-graph\">{\"@context\":\"https:\\\/\\\/schema.org\",\"@graph\":[{\"@type\":\"Article\",\"@id\":\"https:\\\/\\\/lasentinelle.dz\\\/index.php\\\/2021\\\/09\\\/26\\\/secteur-pharmaceutique-les-engagements-de-lanpha\\\/#article\",\"isPartOf\":{\"@id\":\"https:\\\/\\\/lasentinelle.dz\\\/index.php\\\/2021\\\/09\\\/26\\\/secteur-pharmaceutique-les-engagements-de-lanpha\\\/\"},\"author\":{\"name\":\"La Sentinelle\",\"@id\":\"https:\\\/\\\/lasentinelle.dz\\\/#\\\/schema\\\/person\\\/d865044e22e70a75174ce8bcad3acfb3\"},\"headline\":\"Secteur pharmaceutique : Les engagements de l\u2019ANPHA\",\"datePublished\":\"2021-09-25T23:01:00+00:00\",\"mainEntityOfPage\":{\"@id\":\"https:\\\/\\\/lasentinelle.dz\\\/index.php\\\/2021\\\/09\\\/26\\\/secteur-pharmaceutique-les-engagements-de-lanpha\\\/\"},\"wordCount\":434,\"commentCount\":0,\"publisher\":{\"@id\":\"https:\\\/\\\/lasentinelle.dz\\\/#organization\"},\"image\":{\"@id\":\"https:\\\/\\\/lasentinelle.dz\\\/index.php\\\/2021\\\/09\\\/26\\\/secteur-pharmaceutique-les-engagements-de-lanpha\\\/#primaryimage\"},\"thumbnailUrl\":\"https:\\\/\\\/lasentinelle.dz\\\/wp-content\\\/uploads\\\/2021\\\/09\\\/image_2021-09-25_182048.png\",\"articleSection\":[\"Actualit\u00e9\"],\"inLanguage\":\"fr-FR\",\"potentialAction\":[{\"@type\":\"CommentAction\",\"name\":\"Comment\",\"target\":[\"https:\\\/\\\/lasentinelle.dz\\\/index.php\\\/2021\\\/09\\\/26\\\/secteur-pharmaceutique-les-engagements-de-lanpha\\\/#respond\"]}]},{\"@type\":\"WebPage\",\"@id\":\"https:\\\/\\\/lasentinelle.dz\\\/index.php\\\/2021\\\/09\\\/26\\\/secteur-pharmaceutique-les-engagements-de-lanpha\\\/\",\"url\":\"https:\\\/\\\/lasentinelle.dz\\\/index.php\\\/2021\\\/09\\\/26\\\/secteur-pharmaceutique-les-engagements-de-lanpha\\\/\",\"name\":\"Secteur pharmaceutique : Les engagements de l\u2019ANPHA - La Sentinelle\",\"isPartOf\":{\"@id\":\"https:\\\/\\\/lasentinelle.dz\\\/#website\"},\"primaryImageOfPage\":{\"@id\":\"https:\\\/\\\/lasentinelle.dz\\\/index.php\\\/2021\\\/09\\\/26\\\/secteur-pharmaceutique-les-engagements-de-lanpha\\\/#primaryimage\"},\"image\":{\"@id\":\"https:\\\/\\\/lasentinelle.dz\\\/index.php\\\/2021\\\/09\\\/26\\\/secteur-pharmaceutique-les-engagements-de-lanpha\\\/#primaryimage\"},\"thumbnailUrl\":\"https:\\\/\\\/lasentinelle.dz\\\/wp-content\\\/uploads\\\/2021\\\/09\\\/image_2021-09-25_182048.png\",\"datePublished\":\"2021-09-25T23:01:00+00:00\",\"breadcrumb\":{\"@id\":\"https:\\\/\\\/lasentinelle.dz\\\/index.php\\\/2021\\\/09\\\/26\\\/secteur-pharmaceutique-les-engagements-de-lanpha\\\/#breadcrumb\"},\"inLanguage\":\"fr-FR\",\"potentialAction\":[{\"@type\":\"ReadAction\",\"target\":[\"https:\\\/\\\/lasentinelle.dz\\\/index.php\\\/2021\\\/09\\\/26\\\/secteur-pharmaceutique-les-engagements-de-lanpha\\\/\"]}]},{\"@type\":\"ImageObject\",\"inLanguage\":\"fr-FR\",\"@id\":\"https:\\\/\\\/lasentinelle.dz\\\/index.php\\\/2021\\\/09\\\/26\\\/secteur-pharmaceutique-les-engagements-de-lanpha\\\/#primaryimage\",\"url\":\"https:\\\/\\\/lasentinelle.dz\\\/wp-content\\\/uploads\\\/2021\\\/09\\\/image_2021-09-25_182048.png\",\"contentUrl\":\"https:\\\/\\\/lasentinelle.dz\\\/wp-content\\\/uploads\\\/2021\\\/09\\\/image_2021-09-25_182048.png\",\"width\":289,\"height\":174},{\"@type\":\"BreadcrumbList\",\"@id\":\"https:\\\/\\\/lasentinelle.dz\\\/index.php\\\/2021\\\/09\\\/26\\\/secteur-pharmaceutique-les-engagements-de-lanpha\\\/#breadcrumb\",\"itemListElement\":[{\"@type\":\"ListItem\",\"position\":1,\"name\":\"Accueil\",\"item\":\"https:\\\/\\\/lasentinelle.dz\\\/\"},{\"@type\":\"ListItem\",\"position\":2,\"name\":\"Secteur pharmaceutique : Les engagements de l\u2019ANPHA\"}]},{\"@type\":\"WebSite\",\"@id\":\"https:\\\/\\\/lasentinelle.dz\\\/#website\",\"url\":\"https:\\\/\\\/lasentinelle.dz\\\/\",\"name\":\"La Sentinelle\",\"description\":\"Quotidien national d&#039;information\",\"publisher\":{\"@id\":\"https:\\\/\\\/lasentinelle.dz\\\/#organization\"},\"potentialAction\":[{\"@type\":\"SearchAction\",\"target\":{\"@type\":\"EntryPoint\",\"urlTemplate\":\"https:\\\/\\\/lasentinelle.dz\\\/?s={search_term_string}\"},\"query-input\":{\"@type\":\"PropertyValueSpecification\",\"valueRequired\":true,\"valueName\":\"search_term_string\"}}],\"inLanguage\":\"fr-FR\"},{\"@type\":\"Organization\",\"@id\":\"https:\\\/\\\/lasentinelle.dz\\\/#organization\",\"name\":\"Quotidien La Sentinelle\",\"url\":\"https:\\\/\\\/lasentinelle.dz\\\/\",\"logo\":{\"@type\":\"ImageObject\",\"inLanguage\":\"fr-FR\",\"@id\":\"https:\\\/\\\/lasentinelle.dz\\\/#\\\/schema\\\/logo\\\/image\\\/\",\"url\":\"https:\\\/\\\/lasentinelle.dz\\\/wp-content\\\/uploads\\\/2021\\\/09\\\/logo-sentinelleSLOGAN-1.png\",\"contentUrl\":\"https:\\\/\\\/lasentinelle.dz\\\/wp-content\\\/uploads\\\/2021\\\/09\\\/logo-sentinelleSLOGAN-1.png\",\"width\":615,\"height\":142,\"caption\":\"Quotidien La Sentinelle\"},\"image\":{\"@id\":\"https:\\\/\\\/lasentinelle.dz\\\/#\\\/schema\\\/logo\\\/image\\\/\"},\"sameAs\":[\"https:\\\/\\\/www.facebook.com\\\/La-Sentinelle-104059864394773\"]},{\"@type\":\"Person\",\"@id\":\"https:\\\/\\\/lasentinelle.dz\\\/#\\\/schema\\\/person\\\/d865044e22e70a75174ce8bcad3acfb3\",\"name\":\"La Sentinelle\",\"image\":{\"@type\":\"ImageObject\",\"inLanguage\":\"fr-FR\",\"@id\":\"https:\\\/\\\/secure.gravatar.com\\\/avatar\\\/57de8e5d4b15d43fb361a71fbb36338450fe67865b528a43dd10ef7c51a20392?s=96&d=mm&r=g\",\"url\":\"https:\\\/\\\/secure.gravatar.com\\\/avatar\\\/57de8e5d4b15d43fb361a71fbb36338450fe67865b528a43dd10ef7c51a20392?s=96&d=mm&r=g\",\"contentUrl\":\"https:\\\/\\\/secure.gravatar.com\\\/avatar\\\/57de8e5d4b15d43fb361a71fbb36338450fe67865b528a43dd10ef7c51a20392?s=96&d=mm&r=g\",\"caption\":\"La Sentinelle\"},\"sameAs\":[\"http:\\\/\\\/www.lasentinelle.dz\"],\"url\":\"https:\\\/\\\/lasentinelle.dz\\\/author\\\/redaction\\\/\"}]}<\/script>\n<!-- \/ Yoast SEO plugin. -->","yoast_head_json":{"title":"Secteur pharmaceutique : Les engagements de l\u2019ANPHA - La Sentinelle","robots":{"index":"index","follow":"follow","max-snippet":"max-snippet:-1","max-image-preview":"max-image-preview:large","max-video-preview":"max-video-preview:-1"},"canonical":"https:\/\/lasentinelle.dz\/index.php\/2021\/09\/26\/secteur-pharmaceutique-les-engagements-de-lanpha\/","og_locale":"fr_FR","og_type":"article","og_title":"Secteur pharmaceutique : Les engagements de l\u2019ANPHA - La Sentinelle","og_description":"L&rsquo;Association nationale des pharmaciens alg\u00e9riens (ANPHA) a renouvel\u00e9 hier son \u00ab\u00a0engagement\u00a0\u00bb \u00e0 poursuivre son implication dans les projets de d\u00e9veloppement","og_url":"https:\/\/lasentinelle.dz\/index.php\/2021\/09\/26\/secteur-pharmaceutique-les-engagements-de-lanpha\/","og_site_name":"La Sentinelle","article_publisher":"https:\/\/www.facebook.com\/La-Sentinelle-104059864394773","article_published_time":"2021-09-25T23:01:00+00:00","og_image":[{"width":289,"height":174,"url":"https:\/\/lasentinelle.dz\/wp-content\/uploads\/2021\/09\/image_2021-09-25_182048.png","type":"image\/png"}],"author":"La Sentinelle","twitter_card":"summary_large_image","twitter_misc":{"\u00c9crit par":"La Sentinelle","Dur\u00e9e de lecture estim\u00e9e":"2 minutes"},"schema":{"@context":"https:\/\/schema.org","@graph":[{"@type":"Article","@id":"https:\/\/lasentinelle.dz\/index.php\/2021\/09\/26\/secteur-pharmaceutique-les-engagements-de-lanpha\/#article","isPartOf":{"@id":"https:\/\/lasentinelle.dz\/index.php\/2021\/09\/26\/secteur-pharmaceutique-les-engagements-de-lanpha\/"},"author":{"name":"La Sentinelle","@id":"https:\/\/lasentinelle.dz\/#\/schema\/person\/d865044e22e70a75174ce8bcad3acfb3"},"headline":"Secteur pharmaceutique : Les engagements de l\u2019ANPHA","datePublished":"2021-09-25T23:01:00+00:00","mainEntityOfPage":{"@id":"https:\/\/lasentinelle.dz\/index.php\/2021\/09\/26\/secteur-pharmaceutique-les-engagements-de-lanpha\/"},"wordCount":434,"commentCount":0,"publisher":{"@id":"https:\/\/lasentinelle.dz\/#organization"},"image":{"@id":"https:\/\/lasentinelle.dz\/index.php\/2021\/09\/26\/secteur-pharmaceutique-les-engagements-de-lanpha\/#primaryimage"},"thumbnailUrl":"https:\/\/lasentinelle.dz\/wp-content\/uploads\/2021\/09\/image_2021-09-25_182048.png","articleSection":["Actualit\u00e9"],"inLanguage":"fr-FR","potentialAction":[{"@type":"CommentAction","name":"Comment","target":["https:\/\/lasentinelle.dz\/index.php\/2021\/09\/26\/secteur-pharmaceutique-les-engagements-de-lanpha\/#respond"]}]},{"@type":"WebPage","@id":"https:\/\/lasentinelle.dz\/index.php\/2021\/09\/26\/secteur-pharmaceutique-les-engagements-de-lanpha\/","url":"https:\/\/lasentinelle.dz\/index.php\/2021\/09\/26\/secteur-pharmaceutique-les-engagements-de-lanpha\/","name":"Secteur pharmaceutique : Les engagements de l\u2019ANPHA - La Sentinelle","isPartOf":{"@id":"https:\/\/lasentinelle.dz\/#website"},"primaryImageOfPage":{"@id":"https:\/\/lasentinelle.dz\/index.php\/2021\/09\/26\/secteur-pharmaceutique-les-engagements-de-lanpha\/#primaryimage"},"image":{"@id":"https:\/\/lasentinelle.dz\/index.php\/2021\/09\/26\/secteur-pharmaceutique-les-engagements-de-lanpha\/#primaryimage"},"thumbnailUrl":"https:\/\/lasentinelle.dz\/wp-content\/uploads\/2021\/09\/image_2021-09-25_182048.png","datePublished":"2021-09-25T23:01:00+00:00","breadcrumb":{"@id":"https:\/\/lasentinelle.dz\/index.php\/2021\/09\/26\/secteur-pharmaceutique-les-engagements-de-lanpha\/#breadcrumb"},"inLanguage":"fr-FR","potentialAction":[{"@type":"ReadAction","target":["https:\/\/lasentinelle.dz\/index.php\/2021\/09\/26\/secteur-pharmaceutique-les-engagements-de-lanpha\/"]}]},{"@type":"ImageObject","inLanguage":"fr-FR","@id":"https:\/\/lasentinelle.dz\/index.php\/2021\/09\/26\/secteur-pharmaceutique-les-engagements-de-lanpha\/#primaryimage","url":"https:\/\/lasentinelle.dz\/wp-content\/uploads\/2021\/09\/image_2021-09-25_182048.png","contentUrl":"https:\/\/lasentinelle.dz\/wp-content\/uploads\/2021\/09\/image_2021-09-25_182048.png","width":289,"height":174},{"@type":"BreadcrumbList","@id":"https:\/\/lasentinelle.dz\/index.php\/2021\/09\/26\/secteur-pharmaceutique-les-engagements-de-lanpha\/#breadcrumb","itemListElement":[{"@type":"ListItem","position":1,"name":"Accueil","item":"https:\/\/lasentinelle.dz\/"},{"@type":"ListItem","position":2,"name":"Secteur pharmaceutique : Les engagements de l\u2019ANPHA"}]},{"@type":"WebSite","@id":"https:\/\/lasentinelle.dz\/#website","url":"https:\/\/lasentinelle.dz\/","name":"La Sentinelle","description":"Quotidien national d&#039;information","publisher":{"@id":"https:\/\/lasentinelle.dz\/#organization"},"potentialAction":[{"@type":"SearchAction","target":{"@type":"EntryPoint","urlTemplate":"https:\/\/lasentinelle.dz\/?s={search_term_string}"},"query-input":{"@type":"PropertyValueSpecification","valueRequired":true,"valueName":"search_term_string"}}],"inLanguage":"fr-FR"},{"@type":"Organization","@id":"https:\/\/lasentinelle.dz\/#organization","name":"Quotidien La Sentinelle","url":"https:\/\/lasentinelle.dz\/","logo":{"@type":"ImageObject","inLanguage":"fr-FR","@id":"https:\/\/lasentinelle.dz\/#\/schema\/logo\/image\/","url":"https:\/\/lasentinelle.dz\/wp-content\/uploads\/2021\/09\/logo-sentinelleSLOGAN-1.png","contentUrl":"https:\/\/lasentinelle.dz\/wp-content\/uploads\/2021\/09\/logo-sentinelleSLOGAN-1.png","width":615,"height":142,"caption":"Quotidien La Sentinelle"},"image":{"@id":"https:\/\/lasentinelle.dz\/#\/schema\/logo\/image\/"},"sameAs":["https:\/\/www.facebook.com\/La-Sentinelle-104059864394773"]},{"@type":"Person","@id":"https:\/\/lasentinelle.dz\/#\/schema\/person\/d865044e22e70a75174ce8bcad3acfb3","name":"La Sentinelle","image":{"@type":"ImageObject","inLanguage":"fr-FR","@id":"https:\/\/secure.gravatar.com\/avatar\/57de8e5d4b15d43fb361a71fbb36338450fe67865b528a43dd10ef7c51a20392?s=96&d=mm&r=g","url":"https:\/\/secure.gravatar.com\/avatar\/57de8e5d4b15d43fb361a71fbb36338450fe67865b528a43dd10ef7c51a20392?s=96&d=mm&r=g","contentUrl":"https:\/\/secure.gravatar.com\/avatar\/57de8e5d4b15d43fb361a71fbb36338450fe67865b528a43dd10ef7c51a20392?s=96&d=mm&r=g","caption":"La Sentinelle"},"sameAs":["http:\/\/www.lasentinelle.dz"],"url":"https:\/\/lasentinelle.dz\/author\/redaction\/"}]}},"_links":{"self":[{"href":"https:\/\/lasentinelle.dz\/index.php\/wp-json\/wp\/v2\/posts\/9115","targetHints":{"allow":["GET"]}}],"collection":[{"href":"https:\/\/lasentinelle.dz\/index.php\/wp-json\/wp\/v2\/posts"}],"about":[{"href":"https:\/\/lasentinelle.dz\/index.php\/wp-json\/wp\/v2\/types\/post"}],"author":[{"embeddable":true,"href":"https:\/\/lasentinelle.dz\/index.php\/wp-json\/wp\/v2\/users\/3"}],"replies":[{"embeddable":true,"href":"https:\/\/lasentinelle.dz\/index.php\/wp-json\/wp\/v2\/comments?post=9115"}],"version-history":[{"count":1,"href":"https:\/\/lasentinelle.dz\/index.php\/wp-json\/wp\/v2\/posts\/9115\/revisions"}],"predecessor-version":[{"id":9118,"href":"https:\/\/lasentinelle.dz\/index.php\/wp-json\/wp\/v2\/posts\/9115\/revisions\/9118"}],"wp:featuredmedia":[{"embeddable":true,"href":"https:\/\/lasentinelle.dz\/index.php\/wp-json\/wp\/v2\/media\/9117"}],"wp:attachment":[{"href":"https:\/\/lasentinelle.dz\/index.php\/wp-json\/wp\/v2\/media?parent=9115"}],"wp:term":[{"taxonomy":"category","embeddable":true,"href":"https:\/\/lasentinelle.dz\/index.php\/wp-json\/wp\/v2\/categories?post=9115"},{"taxonomy":"post_tag","embeddable":true,"href":"https:\/\/lasentinelle.dz\/index.php\/wp-json\/wp\/v2\/tags?post=9115"}],"curies":[{"name":"wp","href":"https:\/\/api.w.org\/{rel}","templated":true}]}}