{"id":91334,"date":"2026-07-13T20:48:14","date_gmt":"2026-07-13T19:48:14","guid":{"rendered":"https:\/\/lasentinelle.dz\/?p=91334"},"modified":"2026-07-13T20:48:16","modified_gmt":"2026-07-13T19:48:16","slug":"can-2026-dames-les-vertes-relancent-la-machine-avant-le-sprint-final","status":"publish","type":"post","link":"https:\/\/lasentinelle.dz\/index.php\/2026\/07\/13\/can-2026-dames-les-vertes-relancent-la-machine-avant-le-sprint-final\/","title":{"rendered":"CAN-2026 dames\u00a0: Les \u00ab\u00a0Vertes\u00a0\u00bb relancent la machine avant le sprint final"},"content":{"rendered":"\n<p class=\"wp-block-paragraph\">La s\u00e9lection alg\u00e9rienne f\u00e9minine de football a repris le chemin des entra\u00eenements, dimanche \u00e0 Oran, \u00e0 l&rsquo;occasion de la premi\u00e8re phase de son stage de pr\u00e9paration \u00e0 la Coupe d&rsquo;Afrique des nations (CAN-2026), pr\u00e9vue au Maroc du 26 juillet au 16 ao\u00fbt prochains, a annonc\u00e9 lundi la F\u00e9d\u00e9ration alg\u00e9rienne de football (FAF) sur son site officiel.<\/p>\n\n\n\n<p class=\"wp-block-paragraph\">Sous la conduite du s\u00e9lectionneur national Farid Benstiti, le staff technique a mis en place, d\u00e8s la premi\u00e8re journ\u00e9e, un programme biquotidien sur le terrain annexe du stade Miloud-Hadefi d&rsquo;Oran. La s\u00e9ance matinale a \u00e9t\u00e9 consacr\u00e9e au travail physique, tandis que celle de l&rsquo;apr\u00e8s-midi a port\u00e9 sur le volet technico-tactique, une organisation qui traduit la volont\u00e9 du staff d&rsquo;installer d&#8217;embl\u00e9e un rythme de travail soutenu \u00e0 trois semaines du coup d&rsquo;envoi du tournoi continental.<\/p>\n\n\n\n<p class=\"wp-block-paragraph\">Ce regroupement oranais, qui doit s&rsquo;achever mardi, s&rsquo;inscrit dans la continuit\u00e9 d&rsquo;un long cycle de pr\u00e9paration entam\u00e9 par les partenaires de Lina Boussaha depuis le d\u00e9but de l&rsquo;ann\u00e9e. Les \u00ab\u00a0Vertes\u00a0\u00bb avaient en effet effectu\u00e9, en mars dernier, un stage qui se voulait initialement pr\u00e9comp\u00e9titif, dans la perspective d&rsquo;une CAN initialement pr\u00e9vue du 17 mars au 3 avril 2026, avant que l&rsquo;instance continentale ne d\u00e9cide de reporter la comp\u00e9tition, contraignant le staff technique national \u00e0 revoir son calendrier. Ce report a permis \u00e0 Farid Benstiti de multiplier les p\u00e9riodes de travail et de tester diff\u00e9rentes options tactiques et humaines avant d&rsquo;arr\u00eater sa liste d\u00e9finitive.<\/p>\n\n\n\n<p class=\"wp-block-paragraph\">Au terme du stage d&rsquo;Oran, la s\u00e9lection alg\u00e9rienne rejoindra le Centre technique national (CTN) de Sidi Moussa pour une deuxi\u00e8me phase de pr\u00e9paration, plus longue et davantage tourn\u00e9e vers la comp\u00e9tition. Les co\u00e9quipi\u00e8res de Lina Boussaha y avaient d&rsquo;ailleurs d\u00e9j\u00e0 entam\u00e9, lundi dernier, un pr\u00e9c\u00e9dent regroupement au m\u00eame endroit.<\/p>\n\n\n\n<p class=\"wp-block-paragraph\">Au cours de ce deuxi\u00e8me s\u00e9jour \u00e0 Sidi Moussa, les \u00ab\u00a0Vertes\u00a0\u00bb disputeront une rencontre d&rsquo;application face au CF Akbou, le 16 juillet, avant d&rsquo;encha\u00eener avec une double confrontation amicale face \u00e0 la Zambie, les 19 et 22 juillet 2026, au stade Mustapha-Tchaker de Blida. Ces trois joutes doivent permettre au staff technique national d&rsquo;apporter les derniers r\u00e9glages, tant sur le plan collectif qu&rsquo;individuel, avant le grand rendez-vous continental.<\/p>\n\n\n\n<p class=\"wp-block-paragraph\">Pour cette \u00e9ch\u00e9ance, Farid Benstiti a fait appel \u00e0 26 joueuses, appel\u00e9es \u00e0 d\u00e9fendre les couleurs nationales lors de la phase finale de la CAN, qui se tiendra du 26 juillet au 16 ao\u00fbt au Maroc. L&rsquo;Alg\u00e9rie, qui prendra part pour la 7e fois de son histoire \u00e0 la phase finale de la comp\u00e9tition continentale, a h\u00e9rit\u00e9 du groupe A, en compagnie du pays h\u00f4te marocain, du S\u00e9n\u00e9gal et du Kenya, un tirage relev\u00e9 qui promet une phase de poules disput\u00e9e.<\/p>\n\n\n\n<p class=\"wp-block-paragraph\">Lors de la pr\u00e9c\u00e9dente \u00e9dition, le coach national et ses joueuses avaient sign\u00e9 une performance historique en atteignant les quarts de finale, stade auquel elles s&rsquo;\u00e9taient inclin\u00e9es face au Ghana (0-0, 2 tab \u00e0 4), confirmant la progression continue du football f\u00e9minin alg\u00e9rien sur la sc\u00e8ne africaine. Les \u00ab\u00a0Vertes\u00a0\u00bb avaient obtenu leur billet pour cette CAN-2026 \u00e0 l&rsquo;issue d&rsquo;un double confrontation r\u00e9f\u00e9rence face au Cameroun, disput\u00e9e en octobre 2025, remport\u00e9e \u00e0 l&rsquo;aller \u00e0 Oran (2-1) puis confirm\u00e9e au retour \u00e0 Douala (1-0).<\/p>\n\n\n\n<p class=\"wp-block-paragraph\">Fortes de ce parcours qualificatif solide et de plusieurs mois de pr\u00e9paration \u00e9tal\u00e9s sur l&rsquo;ann\u00e9e, en d\u00e9pit du bouleversement de calendrier li\u00e9 au report de la comp\u00e9tition, les joueuses de Farid Benstiti abordent cette derni\u00e8re ligne droite avec l&rsquo;ambition de confirmer, voire d&rsquo;am\u00e9liorer, leur meilleure performance continentale r\u00e9alis\u00e9e lors de l&rsquo;\u00e9dition pr\u00e9c\u00e9dente.<\/p>\n\n\n\n<p class=\"wp-block-paragraph\">Moncef Dahleb<\/p>\n","protected":false},"excerpt":{"rendered":"<p>La s\u00e9lection alg\u00e9rienne f\u00e9minine de football a repris le chemin des entra\u00eenements, dimanche \u00e0 Oran, \u00e0 l&rsquo;occasion de la premi\u00e8re<\/p>\n","protected":false},"author":6,"featured_media":91335,"comment_status":"open","ping_status":"closed","sticky":false,"template":"","format":"standard","meta":{"colormag_page_container_layout":"default_layout","colormag_page_sidebar_layout":"default_layout","om_disable_all_campaigns":false,"_monsterinsights_skip_tracking":false,"footnotes":"","_wpscppro_dont_share_socialmedia":false,"_wpscppro_custom_social_share_image":0,"_facebook_share_type":"default","_twitter_share_type":"default","_linkedin_share_type":"default","_pinterest_share_type":"default","_linkedin_share_type_page":"","_instagram_share_type":"default","_medium_share_type":"default","_threads_share_type":"default","_google_business_share_type":"default","_bluesky_share_type":"","_mastodon_share_type":"","_selected_social_profile":[],"_wpsp_enable_custom_social_template":false,"_wpsp_social_scheduling":{"enabled":false,"datetime":null,"platforms":[],"status":"template_only","dateOption":"today","timeOption":"now","customDays":"","customHours":"","customDate":"","customTime":"","schedulingType":"absolute"},"_wpsp_active_default_template":true},"categories":[33],"tags":[],"class_list":["post-91334","post","type-post","status-publish","format-standard","has-post-thumbnail","hentry","category-sports"],"aioseo_notices":[],"aioseo_head":"\n\t\t<!-- All in One SEO 5.0.0.1 - aioseo.com -->\n\t<meta name=\"description\" content=\"La s\u00e9lection alg\u00e9rienne f\u00e9minine de football a repris le chemin des entra\u00eenements, dimanche \u00e0 Oran, \u00e0 l&#039;occasion de la premi\u00e8re phase de son stage de pr\u00e9paration \u00e0 la Coupe d&#039;Afrique des nations (CAN-2026), pr\u00e9vue au Maroc du 26 juillet au 16 ao\u00fbt prochains, a annonc\u00e9 lundi la F\u00e9d\u00e9ration alg\u00e9rienne de football (FAF) sur son site\" \/>\n\t<meta name=\"robots\" content=\"max-image-preview:large\" \/>\n\t<meta name=\"author\" content=\"admin\"\/>\n\t<link rel=\"canonical\" href=\"https:\/\/lasentinelle.dz\/index.php\/2026\/07\/13\/can-2026-dames-les-vertes-relancent-la-machine-avant-le-sprint-final\/\" \/>\n\t<meta name=\"generator\" content=\"All in One SEO (AIOSEO) 5.0.0.1\" \/>\n\t\t<meta property=\"og:locale\" content=\"fr_FR\" \/>\n\t\t<meta property=\"og:site_name\" content=\"La Sentinelle - Quotidien national d&#039;information\" \/>\n\t\t<meta property=\"og:type\" content=\"article\" \/>\n\t\t<meta property=\"og:title\" content=\"CAN-2026 dames : Les \u00ab Vertes \u00bb relancent la machine avant le sprint final - La Sentinelle\" \/>\n\t\t<meta property=\"og:description\" content=\"La s\u00e9lection alg\u00e9rienne f\u00e9minine de football a repris le chemin des entra\u00eenements, dimanche \u00e0 Oran, \u00e0 l&#039;occasion de la premi\u00e8re phase de son stage de pr\u00e9paration \u00e0 la Coupe d&#039;Afrique des nations (CAN-2026), pr\u00e9vue au Maroc du 26 juillet au 16 ao\u00fbt prochains, a annonc\u00e9 lundi la F\u00e9d\u00e9ration alg\u00e9rienne de football (FAF) sur son site\" \/>\n\t\t<meta property=\"og:url\" content=\"https:\/\/lasentinelle.dz\/index.php\/2026\/07\/13\/can-2026-dames-les-vertes-relancent-la-machine-avant-le-sprint-final\/\" \/>\n\t\t<meta property=\"og:image\" content=\"https:\/\/lasentinelle.dz\/wp-content\/uploads\/2021\/09\/cropped-la-sentinelle-earth-golden-anima-5.gif\" \/>\n\t\t<meta property=\"og:image:secure_url\" content=\"https:\/\/lasentinelle.dz\/wp-content\/uploads\/2021\/09\/cropped-la-sentinelle-earth-golden-anima-5.gif\" \/>\n\t\t<meta property=\"og:image:width\" content=\"450\" \/>\n\t\t<meta property=\"og:image:height\" content=\"213\" \/>\n\t\t<meta property=\"article:published_time\" content=\"2026-07-13T19:48:14+00:00\" \/>\n\t\t<meta property=\"article:modified_time\" content=\"2026-07-13T19:48:16+00:00\" \/>\n\t\t<meta property=\"article:publisher\" content=\"https:\/\/www.facebook.com\/azzedine.lasentinelle.1\" \/>\n\t\t<meta name=\"twitter:card\" content=\"summary_large_image\" \/>\n\t\t<meta name=\"twitter:title\" content=\"CAN-2026 dames : Les \u00ab Vertes \u00bb relancent la machine avant le sprint final - La Sentinelle\" \/>\n\t\t<meta name=\"twitter:description\" content=\"La s\u00e9lection alg\u00e9rienne f\u00e9minine de football a repris le chemin des entra\u00eenements, dimanche \u00e0 Oran, \u00e0 l&#039;occasion de la premi\u00e8re phase de son stage de pr\u00e9paration \u00e0 la Coupe d&#039;Afrique des nations (CAN-2026), pr\u00e9vue au Maroc du 26 juillet au 16 ao\u00fbt prochains, a annonc\u00e9 lundi la F\u00e9d\u00e9ration alg\u00e9rienne de football (FAF) sur son site\" \/>\n\t\t<meta name=\"twitter:image\" content=\"https:\/\/lasentinelle.dz\/wp-content\/uploads\/2021\/09\/cropped-la-sentinelle-earth-golden-anima-5.gif\" \/>\n\t\t<script type=\"application\/ld+json\" class=\"aioseo-schema\">\n\t\t\t{\"@context\":\"https:\\\/\\\/schema.org\",\"@graph\":[{\"@type\":\"BlogPosting\",\"@id\":\"https:\\\/\\\/lasentinelle.dz\\\/index.php\\\/2026\\\/07\\\/13\\\/can-2026-dames-les-vertes-relancent-la-machine-avant-le-sprint-final\\\/#blogposting\",\"name\":\"CAN-2026 dames : Les \\u00ab Vertes \\u00bb relancent la machine avant le sprint final - La Sentinelle\",\"headline\":\"CAN-2026 dames\\u00a0: Les \\u00ab\\u00a0Vertes\\u00a0\\u00bb relancent la machine avant le sprint final\",\"author\":{\"@id\":\"https:\\\/\\\/lasentinelle.dz\\\/author\\\/admin\\\/#author\"},\"publisher\":{\"@id\":\"https:\\\/\\\/lasentinelle.dz\\\/#organization\"},\"image\":{\"@type\":\"ImageObject\",\"url\":\"https:\\\/\\\/lasentinelle.dz\\\/wp-content\\\/uploads\\\/2026\\\/07\\\/vertes-1.jpeg\",\"width\":1984,\"height\":1417},\"datePublished\":\"2026-07-13T20:48:14+01:00\",\"dateModified\":\"2026-07-13T20:48:16+01:00\",\"inLanguage\":\"fr-FR\",\"mainEntityOfPage\":{\"@id\":\"https:\\\/\\\/lasentinelle.dz\\\/index.php\\\/2026\\\/07\\\/13\\\/can-2026-dames-les-vertes-relancent-la-machine-avant-le-sprint-final\\\/#webpage\"},\"isPartOf\":{\"@id\":\"https:\\\/\\\/lasentinelle.dz\\\/index.php\\\/2026\\\/07\\\/13\\\/can-2026-dames-les-vertes-relancent-la-machine-avant-le-sprint-final\\\/#webpage\"},\"articleSection\":\"Sports\"},{\"@type\":\"BreadcrumbList\",\"@id\":\"https:\\\/\\\/lasentinelle.dz\\\/index.php\\\/2026\\\/07\\\/13\\\/can-2026-dames-les-vertes-relancent-la-machine-avant-le-sprint-final\\\/#breadcrumblist\",\"itemListElement\":[{\"@type\":\"ListItem\",\"@id\":\"https:\\\/\\\/lasentinelle.dz#listItem\",\"position\":1,\"name\":\"Home\",\"item\":\"https:\\\/\\\/lasentinelle.dz\",\"nextItem\":{\"@type\":\"ListItem\",\"@id\":\"https:\\\/\\\/lasentinelle.dz\\\/index.php\\\/category\\\/sports\\\/#listItem\",\"name\":\"Sports\"}},{\"@type\":\"ListItem\",\"@id\":\"https:\\\/\\\/lasentinelle.dz\\\/index.php\\\/category\\\/sports\\\/#listItem\",\"position\":2,\"name\":\"Sports\",\"item\":\"https:\\\/\\\/lasentinelle.dz\\\/index.php\\\/category\\\/sports\\\/\",\"nextItem\":{\"@type\":\"ListItem\",\"@id\":\"https:\\\/\\\/lasentinelle.dz\\\/index.php\\\/2026\\\/07\\\/13\\\/can-2026-dames-les-vertes-relancent-la-machine-avant-le-sprint-final\\\/#listItem\",\"name\":\"CAN-2026 dames\\u00a0: Les \\u00ab\\u00a0Vertes\\u00a0\\u00bb relancent la machine avant le sprint final\"},\"previousItem\":{\"@type\":\"ListItem\",\"@id\":\"https:\\\/\\\/lasentinelle.dz#listItem\",\"name\":\"Home\"}},{\"@type\":\"ListItem\",\"@id\":\"https:\\\/\\\/lasentinelle.dz\\\/index.php\\\/2026\\\/07\\\/13\\\/can-2026-dames-les-vertes-relancent-la-machine-avant-le-sprint-final\\\/#listItem\",\"position\":3,\"name\":\"CAN-2026 dames\\u00a0: Les \\u00ab\\u00a0Vertes\\u00a0\\u00bb relancent la machine avant le sprint final\",\"previousItem\":{\"@type\":\"ListItem\",\"@id\":\"https:\\\/\\\/lasentinelle.dz\\\/index.php\\\/category\\\/sports\\\/#listItem\",\"name\":\"Sports\"}}]},{\"@type\":\"Organization\",\"@id\":\"https:\\\/\\\/lasentinelle.dz\\\/#organization\",\"name\":\"La Sentinelle La Sentinelle\",\"description\":\"Quotidien national d'information\",\"url\":\"https:\\\/\\\/lasentinelle.dz\\\/\",\"logo\":{\"@type\":\"ImageObject\",\"url\":\"https:\\\/\\\/lasentinelle.dz\\\/wp-content\\\/uploads\\\/2021\\\/09\\\/cropped-la-sentinelle-earth-golden-anima-5.gif\",\"@id\":\"https:\\\/\\\/lasentinelle.dz\\\/index.php\\\/2026\\\/07\\\/13\\\/can-2026-dames-les-vertes-relancent-la-machine-avant-le-sprint-final\\\/#organizationLogo\",\"width\":450,\"height\":213},\"image\":{\"@id\":\"https:\\\/\\\/lasentinelle.dz\\\/index.php\\\/2026\\\/07\\\/13\\\/can-2026-dames-les-vertes-relancent-la-machine-avant-le-sprint-final\\\/#organizationLogo\"},\"sameAs\":[\"https:\\\/\\\/www.facebook.com\\\/azzedine.lasentinelle.1\"]},{\"@type\":\"Person\",\"@id\":\"https:\\\/\\\/lasentinelle.dz\\\/author\\\/admin\\\/#author\",\"url\":\"https:\\\/\\\/lasentinelle.dz\\\/author\\\/admin\\\/\",\"name\":\"admin\",\"image\":{\"@type\":\"ImageObject\",\"@id\":\"https:\\\/\\\/lasentinelle.dz\\\/index.php\\\/2026\\\/07\\\/13\\\/can-2026-dames-les-vertes-relancent-la-machine-avant-le-sprint-final\\\/#authorImage\",\"url\":\"https:\\\/\\\/secure.gravatar.com\\\/avatar\\\/4c81fed838786e9b53f540bf46533e750f5d292099ae3b66cfc6fb1982e29df7?s=96&d=mm&r=g\",\"width\":96,\"height\":96,\"caption\":\"admin\"}},{\"@type\":\"WebPage\",\"@id\":\"https:\\\/\\\/lasentinelle.dz\\\/index.php\\\/2026\\\/07\\\/13\\\/can-2026-dames-les-vertes-relancent-la-machine-avant-le-sprint-final\\\/#webpage\",\"url\":\"https:\\\/\\\/lasentinelle.dz\\\/index.php\\\/2026\\\/07\\\/13\\\/can-2026-dames-les-vertes-relancent-la-machine-avant-le-sprint-final\\\/\",\"name\":\"CAN-2026 dames : Les \\u00ab Vertes \\u00bb relancent la machine avant le sprint final - La Sentinelle\",\"description\":\"La s\\u00e9lection alg\\u00e9rienne f\\u00e9minine de football a repris le chemin des entra\\u00eenements, dimanche \\u00e0 Oran, \\u00e0 l'occasion de la premi\\u00e8re phase de son stage de pr\\u00e9paration \\u00e0 la Coupe d'Afrique des nations (CAN-2026), pr\\u00e9vue au Maroc du 26 juillet au 16 ao\\u00fbt prochains, a annonc\\u00e9 lundi la F\\u00e9d\\u00e9ration alg\\u00e9rienne de football (FAF) sur son site\",\"inLanguage\":\"fr-FR\",\"isPartOf\":{\"@id\":\"https:\\\/\\\/lasentinelle.dz\\\/#website\"},\"breadcrumb\":{\"@id\":\"https:\\\/\\\/lasentinelle.dz\\\/index.php\\\/2026\\\/07\\\/13\\\/can-2026-dames-les-vertes-relancent-la-machine-avant-le-sprint-final\\\/#breadcrumblist\"},\"author\":{\"@id\":\"https:\\\/\\\/lasentinelle.dz\\\/author\\\/admin\\\/#author\"},\"creator\":{\"@id\":\"https:\\\/\\\/lasentinelle.dz\\\/author\\\/admin\\\/#author\"},\"image\":{\"@type\":\"ImageObject\",\"url\":\"https:\\\/\\\/lasentinelle.dz\\\/wp-content\\\/uploads\\\/2026\\\/07\\\/vertes-1.jpeg\",\"@id\":\"https:\\\/\\\/lasentinelle.dz\\\/index.php\\\/2026\\\/07\\\/13\\\/can-2026-dames-les-vertes-relancent-la-machine-avant-le-sprint-final\\\/#mainImage\",\"width\":1984,\"height\":1417},\"primaryImageOfPage\":{\"@id\":\"https:\\\/\\\/lasentinelle.dz\\\/index.php\\\/2026\\\/07\\\/13\\\/can-2026-dames-les-vertes-relancent-la-machine-avant-le-sprint-final\\\/#mainImage\"},\"datePublished\":\"2026-07-13T20:48:14+01:00\",\"dateModified\":\"2026-07-13T20:48:16+01:00\"},{\"@type\":\"WebSite\",\"@id\":\"https:\\\/\\\/lasentinelle.dz\\\/#website\",\"url\":\"https:\\\/\\\/lasentinelle.dz\\\/\",\"name\":\"La Sentinelle\",\"description\":\"Quotidien national d'information\",\"inLanguage\":\"fr-FR\",\"publisher\":{\"@id\":\"https:\\\/\\\/lasentinelle.dz\\\/#organization\"}}]}\n\t\t<\/script>\n\t\t<!-- All in One SEO -->\n\n","aioseo_head_json":{"title":"CAN-2026 dames : Les \u00ab Vertes \u00bb relancent la machine avant le sprint final - La Sentinelle","description":"La s\u00e9lection alg\u00e9rienne f\u00e9minine de football a repris le chemin des entra\u00eenements, dimanche \u00e0 Oran, \u00e0 l'occasion de la premi\u00e8re phase de son stage de pr\u00e9paration \u00e0 la Coupe d'Afrique des nations (CAN-2026), pr\u00e9vue au Maroc du 26 juillet au 16 ao\u00fbt prochains, a annonc\u00e9 lundi la F\u00e9d\u00e9ration alg\u00e9rienne de football (FAF) sur son site","canonical_url":"https:\/\/lasentinelle.dz\/index.php\/2026\/07\/13\/can-2026-dames-les-vertes-relancent-la-machine-avant-le-sprint-final\/","robots":"max-image-preview:large","keywords":"","webmasterTools":{"miscellaneous":""},"schema":{"@context":"https:\/\/schema.org","@graph":[{"@type":"BlogPosting","@id":"https:\/\/lasentinelle.dz\/index.php\/2026\/07\/13\/can-2026-dames-les-vertes-relancent-la-machine-avant-le-sprint-final\/#blogposting","name":"CAN-2026 dames : Les \u00ab Vertes \u00bb relancent la machine avant le sprint final - La Sentinelle","headline":"CAN-2026 dames\u00a0: Les \u00ab\u00a0Vertes\u00a0\u00bb relancent la machine avant le sprint final","author":{"@id":"https:\/\/lasentinelle.dz\/author\/admin\/#author"},"publisher":{"@id":"https:\/\/lasentinelle.dz\/#organization"},"image":{"@type":"ImageObject","url":"https:\/\/lasentinelle.dz\/wp-content\/uploads\/2026\/07\/vertes-1.jpeg","width":1984,"height":1417},"datePublished":"2026-07-13T20:48:14+01:00","dateModified":"2026-07-13T20:48:16+01:00","inLanguage":"fr-FR","mainEntityOfPage":{"@id":"https:\/\/lasentinelle.dz\/index.php\/2026\/07\/13\/can-2026-dames-les-vertes-relancent-la-machine-avant-le-sprint-final\/#webpage"},"isPartOf":{"@id":"https:\/\/lasentinelle.dz\/index.php\/2026\/07\/13\/can-2026-dames-les-vertes-relancent-la-machine-avant-le-sprint-final\/#webpage"},"articleSection":"Sports"},{"@type":"BreadcrumbList","@id":"https:\/\/lasentinelle.dz\/index.php\/2026\/07\/13\/can-2026-dames-les-vertes-relancent-la-machine-avant-le-sprint-final\/#breadcrumblist","itemListElement":[{"@type":"ListItem","@id":"https:\/\/lasentinelle.dz#listItem","position":1,"name":"Home","item":"https:\/\/lasentinelle.dz","nextItem":{"@type":"ListItem","@id":"https:\/\/lasentinelle.dz\/index.php\/category\/sports\/#listItem","name":"Sports"}},{"@type":"ListItem","@id":"https:\/\/lasentinelle.dz\/index.php\/category\/sports\/#listItem","position":2,"name":"Sports","item":"https:\/\/lasentinelle.dz\/index.php\/category\/sports\/","nextItem":{"@type":"ListItem","@id":"https:\/\/lasentinelle.dz\/index.php\/2026\/07\/13\/can-2026-dames-les-vertes-relancent-la-machine-avant-le-sprint-final\/#listItem","name":"CAN-2026 dames\u00a0: Les \u00ab\u00a0Vertes\u00a0\u00bb relancent la machine avant le sprint final"},"previousItem":{"@type":"ListItem","@id":"https:\/\/lasentinelle.dz#listItem","name":"Home"}},{"@type":"ListItem","@id":"https:\/\/lasentinelle.dz\/index.php\/2026\/07\/13\/can-2026-dames-les-vertes-relancent-la-machine-avant-le-sprint-final\/#listItem","position":3,"name":"CAN-2026 dames\u00a0: Les \u00ab\u00a0Vertes\u00a0\u00bb relancent la machine avant le sprint final","previousItem":{"@type":"ListItem","@id":"https:\/\/lasentinelle.dz\/index.php\/category\/sports\/#listItem","name":"Sports"}}]},{"@type":"Organization","@id":"https:\/\/lasentinelle.dz\/#organization","name":"La Sentinelle La Sentinelle","description":"Quotidien national d'information","url":"https:\/\/lasentinelle.dz\/","logo":{"@type":"ImageObject","url":"https:\/\/lasentinelle.dz\/wp-content\/uploads\/2021\/09\/cropped-la-sentinelle-earth-golden-anima-5.gif","@id":"https:\/\/lasentinelle.dz\/index.php\/2026\/07\/13\/can-2026-dames-les-vertes-relancent-la-machine-avant-le-sprint-final\/#organizationLogo","width":450,"height":213},"image":{"@id":"https:\/\/lasentinelle.dz\/index.php\/2026\/07\/13\/can-2026-dames-les-vertes-relancent-la-machine-avant-le-sprint-final\/#organizationLogo"},"sameAs":["https:\/\/www.facebook.com\/azzedine.lasentinelle.1"]},{"@type":"Person","@id":"https:\/\/lasentinelle.dz\/author\/admin\/#author","url":"https:\/\/lasentinelle.dz\/author\/admin\/","name":"admin","image":{"@type":"ImageObject","@id":"https:\/\/lasentinelle.dz\/index.php\/2026\/07\/13\/can-2026-dames-les-vertes-relancent-la-machine-avant-le-sprint-final\/#authorImage","url":"https:\/\/secure.gravatar.com\/avatar\/4c81fed838786e9b53f540bf46533e750f5d292099ae3b66cfc6fb1982e29df7?s=96&d=mm&r=g","width":96,"height":96,"caption":"admin"}},{"@type":"WebPage","@id":"https:\/\/lasentinelle.dz\/index.php\/2026\/07\/13\/can-2026-dames-les-vertes-relancent-la-machine-avant-le-sprint-final\/#webpage","url":"https:\/\/lasentinelle.dz\/index.php\/2026\/07\/13\/can-2026-dames-les-vertes-relancent-la-machine-avant-le-sprint-final\/","name":"CAN-2026 dames : Les \u00ab Vertes \u00bb relancent la machine avant le sprint final - La Sentinelle","description":"La s\u00e9lection alg\u00e9rienne f\u00e9minine de football a repris le chemin des entra\u00eenements, dimanche \u00e0 Oran, \u00e0 l'occasion de la premi\u00e8re phase de son stage de pr\u00e9paration \u00e0 la Coupe d'Afrique des nations (CAN-2026), pr\u00e9vue au Maroc du 26 juillet au 16 ao\u00fbt prochains, a annonc\u00e9 lundi la F\u00e9d\u00e9ration alg\u00e9rienne de football (FAF) sur son site","inLanguage":"fr-FR","isPartOf":{"@id":"https:\/\/lasentinelle.dz\/#website"},"breadcrumb":{"@id":"https:\/\/lasentinelle.dz\/index.php\/2026\/07\/13\/can-2026-dames-les-vertes-relancent-la-machine-avant-le-sprint-final\/#breadcrumblist"},"author":{"@id":"https:\/\/lasentinelle.dz\/author\/admin\/#author"},"creator":{"@id":"https:\/\/lasentinelle.dz\/author\/admin\/#author"},"image":{"@type":"ImageObject","url":"https:\/\/lasentinelle.dz\/wp-content\/uploads\/2026\/07\/vertes-1.jpeg","@id":"https:\/\/lasentinelle.dz\/index.php\/2026\/07\/13\/can-2026-dames-les-vertes-relancent-la-machine-avant-le-sprint-final\/#mainImage","width":1984,"height":1417},"primaryImageOfPage":{"@id":"https:\/\/lasentinelle.dz\/index.php\/2026\/07\/13\/can-2026-dames-les-vertes-relancent-la-machine-avant-le-sprint-final\/#mainImage"},"datePublished":"2026-07-13T20:48:14+01:00","dateModified":"2026-07-13T20:48:16+01:00"},{"@type":"WebSite","@id":"https:\/\/lasentinelle.dz\/#website","url":"https:\/\/lasentinelle.dz\/","name":"La Sentinelle","description":"Quotidien national d'information","inLanguage":"fr-FR","publisher":{"@id":"https:\/\/lasentinelle.dz\/#organization"}}]},"og:locale":"fr_FR","og:site_name":"La Sentinelle - Quotidien national d'information","og:type":"article","og:title":"CAN-2026 dames : Les \u00ab Vertes \u00bb relancent la machine avant le sprint final - La Sentinelle","og:description":"La s\u00e9lection alg\u00e9rienne f\u00e9minine de football a repris le chemin des entra\u00eenements, dimanche \u00e0 Oran, \u00e0 l'occasion de la premi\u00e8re phase de son stage de pr\u00e9paration \u00e0 la Coupe d'Afrique des nations (CAN-2026), pr\u00e9vue au Maroc du 26 juillet au 16 ao\u00fbt prochains, a annonc\u00e9 lundi la F\u00e9d\u00e9ration alg\u00e9rienne de football (FAF) sur son site","og:url":"https:\/\/lasentinelle.dz\/index.php\/2026\/07\/13\/can-2026-dames-les-vertes-relancent-la-machine-avant-le-sprint-final\/","og:image":"https:\/\/lasentinelle.dz\/wp-content\/uploads\/2021\/09\/cropped-la-sentinelle-earth-golden-anima-5.gif","og:image:secure_url":"https:\/\/lasentinelle.dz\/wp-content\/uploads\/2021\/09\/cropped-la-sentinelle-earth-golden-anima-5.gif","og:image:width":450,"og:image:height":213,"article:published_time":"2026-07-13T19:48:14+00:00","article:modified_time":"2026-07-13T19:48:16+00:00","article:publisher":"https:\/\/www.facebook.com\/azzedine.lasentinelle.1","twitter:card":"summary_large_image","twitter:title":"CAN-2026 dames : Les \u00ab Vertes \u00bb relancent la machine avant le sprint final - La Sentinelle","twitter:description":"La s\u00e9lection alg\u00e9rienne f\u00e9minine de football a repris le chemin des entra\u00eenements, dimanche \u00e0 Oran, \u00e0 l'occasion de la premi\u00e8re phase de son stage de pr\u00e9paration \u00e0 la Coupe d'Afrique des nations (CAN-2026), pr\u00e9vue au Maroc du 26 juillet au 16 ao\u00fbt prochains, a annonc\u00e9 lundi la F\u00e9d\u00e9ration alg\u00e9rienne de football (FAF) sur son site","twitter:image":"https:\/\/lasentinelle.dz\/wp-content\/uploads\/2021\/09\/cropped-la-sentinelle-earth-golden-anima-5.gif"},"aioseo_meta_data":{"post_id":"91334","title":null,"description":null,"keywords":null,"keyphrases":{"focus":{"keyphrase":"","score":0,"analysis":{"keyphraseInTitle":{"score":0,"maxScore":9,"error":1}}},"additional":[]},"primary_term":null,"canonical_url":null,"og_title":null,"og_description":null,"og_object_type":"default","og_image_type":"default","og_image_url":null,"og_image_width":null,"og_image_height":null,"og_image_custom_url":null,"og_image_custom_fields":null,"og_video":"","og_custom_url":null,"og_article_section":null,"og_article_tags":null,"twitter_use_og":false,"twitter_card":"default","twitter_image_type":"default","twitter_image_url":null,"twitter_image_custom_url":null,"twitter_image_custom_fields":null,"twitter_title":null,"twitter_description":null,"schema":{"blockGraphs":[],"customGraphs":[],"default":{"data":{"Article":[],"Course":[],"Dataset":[],"FAQPage":[],"Movie":[],"Person":[],"Product":[],"ProductReview":[],"Car":[],"Recipe":[],"Service":[],"SoftwareApplication":[],"WebPage":[]},"graphName":"BlogPosting","isEnabled":true},"graphs":[]},"schema_type":"default","schema_type_options":null,"pillar_content":false,"robots_default":true,"robots_noindex":false,"robots_noarchive":false,"robots_nosnippet":false,"robots_nofollow":false,"robots_noimageindex":false,"robots_noodp":false,"robots_notranslate":false,"robots_max_snippet":"-1","robots_max_videopreview":"-1","robots_max_imagepreview":"large","priority":null,"frequency":"default","local_seo":null,"breadcrumb_settings":null,"limit_modified_date":false,"ai":{"faqs":[],"keyPoints":[],"schemas":[],"titles":[],"descriptions":[],"socialPosts":{"email":[],"linkedin":[],"twitter":[],"facebook":[],"instagram":[]}},"created":"2026-07-13 19:48:17","updated":"2026-07-13 20:14:38","focus_keyword":null,"additional_keywords":null,"truseo_locale":null,"seo_analyzer_scan_date":null},"aioseo_breadcrumb":"<div class=\"aioseo-breadcrumbs\"><span class=\"aioseo-breadcrumb\">\n\t\t\t<a href=\"https:\/\/lasentinelle.dz\" title=\"Home\">Home<\/a>\n\t\t<\/span><span class=\"aioseo-breadcrumb-separator\">&raquo;<\/span><span class=\"aioseo-breadcrumb\">\n\t\t\t<a href=\"https:\/\/lasentinelle.dz\/index.php\/category\/sports\/\" title=\"Sports\">Sports<\/a>\n\t\t<\/span><span class=\"aioseo-breadcrumb-separator\">&raquo;<\/span><span class=\"aioseo-breadcrumb\">\n\t\t\tCAN-2026 dames : Les \u00ab Vertes \u00bb relancent la machine avant le sprint final\n\t\t<\/span><\/div>","aioseo_breadcrumb_json":[{"label":"Home","link":"https:\/\/lasentinelle.dz"},{"label":"Sports","link":"https:\/\/lasentinelle.dz\/index.php\/category\/sports\/"},{"label":"CAN-2026 dames\u00a0: Les \u00ab\u00a0Vertes\u00a0\u00bb relancent la machine avant le sprint final","link":"https:\/\/lasentinelle.dz\/index.php\/2026\/07\/13\/can-2026-dames-les-vertes-relancent-la-machine-avant-le-sprint-final\/"}],"yoast_head":"<!-- This site is optimized with the Yoast SEO plugin v28.3 - https:\/\/yoast.com\/product\/yoast-seo-wordpress\/ -->\n<title>CAN-2026 dames\u00a0: Les \u00ab\u00a0Vertes\u00a0\u00bb relancent la machine avant le sprint final - La Sentinelle<\/title>\n<meta name=\"robots\" content=\"index, follow, max-snippet:-1, max-image-preview:large, max-video-preview:-1\" \/>\n<link rel=\"canonical\" href=\"https:\/\/lasentinelle.dz\/index.php\/2026\/07\/13\/can-2026-dames-les-vertes-relancent-la-machine-avant-le-sprint-final\/\" \/>\n<meta property=\"og:locale\" content=\"fr_FR\" \/>\n<meta property=\"og:type\" content=\"article\" \/>\n<meta property=\"og:title\" content=\"CAN-2026 dames\u00a0: Les \u00ab\u00a0Vertes\u00a0\u00bb relancent la machine avant le sprint final - La Sentinelle\" \/>\n<meta property=\"og:description\" content=\"La s\u00e9lection alg\u00e9rienne f\u00e9minine de football a repris le chemin des entra\u00eenements, dimanche \u00e0 Oran, \u00e0 l&rsquo;occasion de la premi\u00e8re\" \/>\n<meta property=\"og:url\" content=\"https:\/\/lasentinelle.dz\/index.php\/2026\/07\/13\/can-2026-dames-les-vertes-relancent-la-machine-avant-le-sprint-final\/\" \/>\n<meta property=\"og:site_name\" content=\"La Sentinelle\" \/>\n<meta property=\"article:publisher\" content=\"https:\/\/www.facebook.com\/La-Sentinelle-104059864394773\" \/>\n<meta property=\"article:published_time\" content=\"2026-07-13T19:48:14+00:00\" \/>\n<meta property=\"article:modified_time\" content=\"2026-07-13T19:48:16+00:00\" \/>\n<meta property=\"og:image\" content=\"https:\/\/lasentinelle.dz\/wp-content\/uploads\/2026\/07\/vertes-1.jpeg\" \/>\n\t<meta property=\"og:image:width\" content=\"1984\" \/>\n\t<meta property=\"og:image:height\" content=\"1417\" \/>\n\t<meta property=\"og:image:type\" content=\"image\/jpeg\" \/>\n<meta name=\"author\" content=\"admin\" \/>\n<meta name=\"twitter:card\" content=\"summary_large_image\" \/>\n<meta name=\"twitter:label1\" content=\"\u00c9crit par\" \/>\n\t<meta name=\"twitter:data1\" content=\"admin\" \/>\n\t<meta name=\"twitter:label2\" content=\"Dur\u00e9e de lecture estim\u00e9e\" \/>\n\t<meta name=\"twitter:data2\" content=\"4 minutes\" \/>\n<script type=\"application\/ld+json\" class=\"yoast-schema-graph\">{\"@context\":\"https:\\\/\\\/schema.org\",\"@graph\":[{\"@type\":\"Article\",\"@id\":\"https:\\\/\\\/lasentinelle.dz\\\/index.php\\\/2026\\\/07\\\/13\\\/can-2026-dames-les-vertes-relancent-la-machine-avant-le-sprint-final\\\/#article\",\"isPartOf\":{\"@id\":\"https:\\\/\\\/lasentinelle.dz\\\/index.php\\\/2026\\\/07\\\/13\\\/can-2026-dames-les-vertes-relancent-la-machine-avant-le-sprint-final\\\/\"},\"author\":{\"name\":\"admin\",\"@id\":\"https:\\\/\\\/lasentinelle.dz\\\/#\\\/schema\\\/person\\\/729ee0024f24e0b8c5ec17232f8e8b41\"},\"headline\":\"CAN-2026 dames\u00a0: Les \u00ab\u00a0Vertes\u00a0\u00bb relancent la machine avant le sprint final\",\"datePublished\":\"2026-07-13T19:48:14+00:00\",\"dateModified\":\"2026-07-13T19:48:16+00:00\",\"mainEntityOfPage\":{\"@id\":\"https:\\\/\\\/lasentinelle.dz\\\/index.php\\\/2026\\\/07\\\/13\\\/can-2026-dames-les-vertes-relancent-la-machine-avant-le-sprint-final\\\/\"},\"wordCount\":656,\"commentCount\":0,\"publisher\":{\"@id\":\"https:\\\/\\\/lasentinelle.dz\\\/#organization\"},\"image\":{\"@id\":\"https:\\\/\\\/lasentinelle.dz\\\/index.php\\\/2026\\\/07\\\/13\\\/can-2026-dames-les-vertes-relancent-la-machine-avant-le-sprint-final\\\/#primaryimage\"},\"thumbnailUrl\":\"https:\\\/\\\/lasentinelle.dz\\\/wp-content\\\/uploads\\\/2026\\\/07\\\/vertes-1.jpeg\",\"articleSection\":[\"Sports\"],\"inLanguage\":\"fr-FR\",\"potentialAction\":[{\"@type\":\"CommentAction\",\"name\":\"Comment\",\"target\":[\"https:\\\/\\\/lasentinelle.dz\\\/index.php\\\/2026\\\/07\\\/13\\\/can-2026-dames-les-vertes-relancent-la-machine-avant-le-sprint-final\\\/#respond\"]}]},{\"@type\":\"WebPage\",\"@id\":\"https:\\\/\\\/lasentinelle.dz\\\/index.php\\\/2026\\\/07\\\/13\\\/can-2026-dames-les-vertes-relancent-la-machine-avant-le-sprint-final\\\/\",\"url\":\"https:\\\/\\\/lasentinelle.dz\\\/index.php\\\/2026\\\/07\\\/13\\\/can-2026-dames-les-vertes-relancent-la-machine-avant-le-sprint-final\\\/\",\"name\":\"CAN-2026 dames\u00a0: Les \u00ab\u00a0Vertes\u00a0\u00bb relancent la machine avant le sprint final - La Sentinelle\",\"isPartOf\":{\"@id\":\"https:\\\/\\\/lasentinelle.dz\\\/#website\"},\"primaryImageOfPage\":{\"@id\":\"https:\\\/\\\/lasentinelle.dz\\\/index.php\\\/2026\\\/07\\\/13\\\/can-2026-dames-les-vertes-relancent-la-machine-avant-le-sprint-final\\\/#primaryimage\"},\"image\":{\"@id\":\"https:\\\/\\\/lasentinelle.dz\\\/index.php\\\/2026\\\/07\\\/13\\\/can-2026-dames-les-vertes-relancent-la-machine-avant-le-sprint-final\\\/#primaryimage\"},\"thumbnailUrl\":\"https:\\\/\\\/lasentinelle.dz\\\/wp-content\\\/uploads\\\/2026\\\/07\\\/vertes-1.jpeg\",\"datePublished\":\"2026-07-13T19:48:14+00:00\",\"dateModified\":\"2026-07-13T19:48:16+00:00\",\"breadcrumb\":{\"@id\":\"https:\\\/\\\/lasentinelle.dz\\\/index.php\\\/2026\\\/07\\\/13\\\/can-2026-dames-les-vertes-relancent-la-machine-avant-le-sprint-final\\\/#breadcrumb\"},\"inLanguage\":\"fr-FR\",\"potentialAction\":[{\"@type\":\"ReadAction\",\"target\":[\"https:\\\/\\\/lasentinelle.dz\\\/index.php\\\/2026\\\/07\\\/13\\\/can-2026-dames-les-vertes-relancent-la-machine-avant-le-sprint-final\\\/\"]}]},{\"@type\":\"ImageObject\",\"inLanguage\":\"fr-FR\",\"@id\":\"https:\\\/\\\/lasentinelle.dz\\\/index.php\\\/2026\\\/07\\\/13\\\/can-2026-dames-les-vertes-relancent-la-machine-avant-le-sprint-final\\\/#primaryimage\",\"url\":\"https:\\\/\\\/lasentinelle.dz\\\/wp-content\\\/uploads\\\/2026\\\/07\\\/vertes-1.jpeg\",\"contentUrl\":\"https:\\\/\\\/lasentinelle.dz\\\/wp-content\\\/uploads\\\/2026\\\/07\\\/vertes-1.jpeg\",\"width\":1984,\"height\":1417},{\"@type\":\"BreadcrumbList\",\"@id\":\"https:\\\/\\\/lasentinelle.dz\\\/index.php\\\/2026\\\/07\\\/13\\\/can-2026-dames-les-vertes-relancent-la-machine-avant-le-sprint-final\\\/#breadcrumb\",\"itemListElement\":[{\"@type\":\"ListItem\",\"position\":1,\"name\":\"Accueil\",\"item\":\"https:\\\/\\\/lasentinelle.dz\\\/\"},{\"@type\":\"ListItem\",\"position\":2,\"name\":\"CAN-2026 dames\u00a0: Les \u00ab\u00a0Vertes\u00a0\u00bb relancent la machine avant le sprint final\"}]},{\"@type\":\"WebSite\",\"@id\":\"https:\\\/\\\/lasentinelle.dz\\\/#website\",\"url\":\"https:\\\/\\\/lasentinelle.dz\\\/\",\"name\":\"La Sentinelle\",\"description\":\"Quotidien national d&#039;information\",\"publisher\":{\"@id\":\"https:\\\/\\\/lasentinelle.dz\\\/#organization\"},\"potentialAction\":[{\"@type\":\"SearchAction\",\"target\":{\"@type\":\"EntryPoint\",\"urlTemplate\":\"https:\\\/\\\/lasentinelle.dz\\\/?s={search_term_string}\"},\"query-input\":{\"@type\":\"PropertyValueSpecification\",\"valueRequired\":true,\"valueName\":\"search_term_string\"}}],\"inLanguage\":\"fr-FR\"},{\"@type\":\"Organization\",\"@id\":\"https:\\\/\\\/lasentinelle.dz\\\/#organization\",\"name\":\"Quotidien La Sentinelle\",\"url\":\"https:\\\/\\\/lasentinelle.dz\\\/\",\"logo\":{\"@type\":\"ImageObject\",\"inLanguage\":\"fr-FR\",\"@id\":\"https:\\\/\\\/lasentinelle.dz\\\/#\\\/schema\\\/logo\\\/image\\\/\",\"url\":\"https:\\\/\\\/lasentinelle.dz\\\/wp-content\\\/uploads\\\/2021\\\/09\\\/logo-sentinelleSLOGAN-1.png\",\"contentUrl\":\"https:\\\/\\\/lasentinelle.dz\\\/wp-content\\\/uploads\\\/2021\\\/09\\\/logo-sentinelleSLOGAN-1.png\",\"width\":615,\"height\":142,\"caption\":\"Quotidien La Sentinelle\"},\"image\":{\"@id\":\"https:\\\/\\\/lasentinelle.dz\\\/#\\\/schema\\\/logo\\\/image\\\/\"},\"sameAs\":[\"https:\\\/\\\/www.facebook.com\\\/La-Sentinelle-104059864394773\"]},{\"@type\":\"Person\",\"@id\":\"https:\\\/\\\/lasentinelle.dz\\\/#\\\/schema\\\/person\\\/729ee0024f24e0b8c5ec17232f8e8b41\",\"name\":\"admin\",\"image\":{\"@type\":\"ImageObject\",\"inLanguage\":\"fr-FR\",\"@id\":\"https:\\\/\\\/secure.gravatar.com\\\/avatar\\\/4c81fed838786e9b53f540bf46533e750f5d292099ae3b66cfc6fb1982e29df7?s=96&d=mm&r=g\",\"url\":\"https:\\\/\\\/secure.gravatar.com\\\/avatar\\\/4c81fed838786e9b53f540bf46533e750f5d292099ae3b66cfc6fb1982e29df7?s=96&d=mm&r=g\",\"contentUrl\":\"https:\\\/\\\/secure.gravatar.com\\\/avatar\\\/4c81fed838786e9b53f540bf46533e750f5d292099ae3b66cfc6fb1982e29df7?s=96&d=mm&r=g\",\"caption\":\"admin\"},\"description\":\"admin\",\"url\":\"https:\\\/\\\/lasentinelle.dz\\\/author\\\/admin\\\/\"}]}<\/script>\n<!-- \/ Yoast SEO plugin. -->","yoast_head_json":{"title":"CAN-2026 dames\u00a0: Les \u00ab\u00a0Vertes\u00a0\u00bb relancent la machine avant le sprint final - La Sentinelle","robots":{"index":"index","follow":"follow","max-snippet":"max-snippet:-1","max-image-preview":"max-image-preview:large","max-video-preview":"max-video-preview:-1"},"canonical":"https:\/\/lasentinelle.dz\/index.php\/2026\/07\/13\/can-2026-dames-les-vertes-relancent-la-machine-avant-le-sprint-final\/","og_locale":"fr_FR","og_type":"article","og_title":"CAN-2026 dames\u00a0: Les \u00ab\u00a0Vertes\u00a0\u00bb relancent la machine avant le sprint final - La Sentinelle","og_description":"La s\u00e9lection alg\u00e9rienne f\u00e9minine de football a repris le chemin des entra\u00eenements, dimanche \u00e0 Oran, \u00e0 l&rsquo;occasion de la premi\u00e8re","og_url":"https:\/\/lasentinelle.dz\/index.php\/2026\/07\/13\/can-2026-dames-les-vertes-relancent-la-machine-avant-le-sprint-final\/","og_site_name":"La Sentinelle","article_publisher":"https:\/\/www.facebook.com\/La-Sentinelle-104059864394773","article_published_time":"2026-07-13T19:48:14+00:00","article_modified_time":"2026-07-13T19:48:16+00:00","og_image":[{"width":1984,"height":1417,"url":"https:\/\/lasentinelle.dz\/wp-content\/uploads\/2026\/07\/vertes-1.jpeg","type":"image\/jpeg"}],"author":"admin","twitter_card":"summary_large_image","twitter_misc":{"\u00c9crit par":"admin","Dur\u00e9e de lecture estim\u00e9e":"4 minutes"},"schema":{"@context":"https:\/\/schema.org","@graph":[{"@type":"Article","@id":"https:\/\/lasentinelle.dz\/index.php\/2026\/07\/13\/can-2026-dames-les-vertes-relancent-la-machine-avant-le-sprint-final\/#article","isPartOf":{"@id":"https:\/\/lasentinelle.dz\/index.php\/2026\/07\/13\/can-2026-dames-les-vertes-relancent-la-machine-avant-le-sprint-final\/"},"author":{"name":"admin","@id":"https:\/\/lasentinelle.dz\/#\/schema\/person\/729ee0024f24e0b8c5ec17232f8e8b41"},"headline":"CAN-2026 dames\u00a0: Les \u00ab\u00a0Vertes\u00a0\u00bb relancent la machine avant le sprint final","datePublished":"2026-07-13T19:48:14+00:00","dateModified":"2026-07-13T19:48:16+00:00","mainEntityOfPage":{"@id":"https:\/\/lasentinelle.dz\/index.php\/2026\/07\/13\/can-2026-dames-les-vertes-relancent-la-machine-avant-le-sprint-final\/"},"wordCount":656,"commentCount":0,"publisher":{"@id":"https:\/\/lasentinelle.dz\/#organization"},"image":{"@id":"https:\/\/lasentinelle.dz\/index.php\/2026\/07\/13\/can-2026-dames-les-vertes-relancent-la-machine-avant-le-sprint-final\/#primaryimage"},"thumbnailUrl":"https:\/\/lasentinelle.dz\/wp-content\/uploads\/2026\/07\/vertes-1.jpeg","articleSection":["Sports"],"inLanguage":"fr-FR","potentialAction":[{"@type":"CommentAction","name":"Comment","target":["https:\/\/lasentinelle.dz\/index.php\/2026\/07\/13\/can-2026-dames-les-vertes-relancent-la-machine-avant-le-sprint-final\/#respond"]}]},{"@type":"WebPage","@id":"https:\/\/lasentinelle.dz\/index.php\/2026\/07\/13\/can-2026-dames-les-vertes-relancent-la-machine-avant-le-sprint-final\/","url":"https:\/\/lasentinelle.dz\/index.php\/2026\/07\/13\/can-2026-dames-les-vertes-relancent-la-machine-avant-le-sprint-final\/","name":"CAN-2026 dames\u00a0: Les \u00ab\u00a0Vertes\u00a0\u00bb relancent la machine avant le sprint final - La Sentinelle","isPartOf":{"@id":"https:\/\/lasentinelle.dz\/#website"},"primaryImageOfPage":{"@id":"https:\/\/lasentinelle.dz\/index.php\/2026\/07\/13\/can-2026-dames-les-vertes-relancent-la-machine-avant-le-sprint-final\/#primaryimage"},"image":{"@id":"https:\/\/lasentinelle.dz\/index.php\/2026\/07\/13\/can-2026-dames-les-vertes-relancent-la-machine-avant-le-sprint-final\/#primaryimage"},"thumbnailUrl":"https:\/\/lasentinelle.dz\/wp-content\/uploads\/2026\/07\/vertes-1.jpeg","datePublished":"2026-07-13T19:48:14+00:00","dateModified":"2026-07-13T19:48:16+00:00","breadcrumb":{"@id":"https:\/\/lasentinelle.dz\/index.php\/2026\/07\/13\/can-2026-dames-les-vertes-relancent-la-machine-avant-le-sprint-final\/#breadcrumb"},"inLanguage":"fr-FR","potentialAction":[{"@type":"ReadAction","target":["https:\/\/lasentinelle.dz\/index.php\/2026\/07\/13\/can-2026-dames-les-vertes-relancent-la-machine-avant-le-sprint-final\/"]}]},{"@type":"ImageObject","inLanguage":"fr-FR","@id":"https:\/\/lasentinelle.dz\/index.php\/2026\/07\/13\/can-2026-dames-les-vertes-relancent-la-machine-avant-le-sprint-final\/#primaryimage","url":"https:\/\/lasentinelle.dz\/wp-content\/uploads\/2026\/07\/vertes-1.jpeg","contentUrl":"https:\/\/lasentinelle.dz\/wp-content\/uploads\/2026\/07\/vertes-1.jpeg","width":1984,"height":1417},{"@type":"BreadcrumbList","@id":"https:\/\/lasentinelle.dz\/index.php\/2026\/07\/13\/can-2026-dames-les-vertes-relancent-la-machine-avant-le-sprint-final\/#breadcrumb","itemListElement":[{"@type":"ListItem","position":1,"name":"Accueil","item":"https:\/\/lasentinelle.dz\/"},{"@type":"ListItem","position":2,"name":"CAN-2026 dames\u00a0: Les \u00ab\u00a0Vertes\u00a0\u00bb relancent la machine avant le sprint final"}]},{"@type":"WebSite","@id":"https:\/\/lasentinelle.dz\/#website","url":"https:\/\/lasentinelle.dz\/","name":"La Sentinelle","description":"Quotidien national d&#039;information","publisher":{"@id":"https:\/\/lasentinelle.dz\/#organization"},"potentialAction":[{"@type":"SearchAction","target":{"@type":"EntryPoint","urlTemplate":"https:\/\/lasentinelle.dz\/?s={search_term_string}"},"query-input":{"@type":"PropertyValueSpecification","valueRequired":true,"valueName":"search_term_string"}}],"inLanguage":"fr-FR"},{"@type":"Organization","@id":"https:\/\/lasentinelle.dz\/#organization","name":"Quotidien La Sentinelle","url":"https:\/\/lasentinelle.dz\/","logo":{"@type":"ImageObject","inLanguage":"fr-FR","@id":"https:\/\/lasentinelle.dz\/#\/schema\/logo\/image\/","url":"https:\/\/lasentinelle.dz\/wp-content\/uploads\/2021\/09\/logo-sentinelleSLOGAN-1.png","contentUrl":"https:\/\/lasentinelle.dz\/wp-content\/uploads\/2021\/09\/logo-sentinelleSLOGAN-1.png","width":615,"height":142,"caption":"Quotidien La Sentinelle"},"image":{"@id":"https:\/\/lasentinelle.dz\/#\/schema\/logo\/image\/"},"sameAs":["https:\/\/www.facebook.com\/La-Sentinelle-104059864394773"]},{"@type":"Person","@id":"https:\/\/lasentinelle.dz\/#\/schema\/person\/729ee0024f24e0b8c5ec17232f8e8b41","name":"admin","image":{"@type":"ImageObject","inLanguage":"fr-FR","@id":"https:\/\/secure.gravatar.com\/avatar\/4c81fed838786e9b53f540bf46533e750f5d292099ae3b66cfc6fb1982e29df7?s=96&d=mm&r=g","url":"https:\/\/secure.gravatar.com\/avatar\/4c81fed838786e9b53f540bf46533e750f5d292099ae3b66cfc6fb1982e29df7?s=96&d=mm&r=g","contentUrl":"https:\/\/secure.gravatar.com\/avatar\/4c81fed838786e9b53f540bf46533e750f5d292099ae3b66cfc6fb1982e29df7?s=96&d=mm&r=g","caption":"admin"},"description":"admin","url":"https:\/\/lasentinelle.dz\/author\/admin\/"}]}},"_links":{"self":[{"href":"https:\/\/lasentinelle.dz\/index.php\/wp-json\/wp\/v2\/posts\/91334","targetHints":{"allow":["GET"]}}],"collection":[{"href":"https:\/\/lasentinelle.dz\/index.php\/wp-json\/wp\/v2\/posts"}],"about":[{"href":"https:\/\/lasentinelle.dz\/index.php\/wp-json\/wp\/v2\/types\/post"}],"author":[{"embeddable":true,"href":"https:\/\/lasentinelle.dz\/index.php\/wp-json\/wp\/v2\/users\/6"}],"replies":[{"embeddable":true,"href":"https:\/\/lasentinelle.dz\/index.php\/wp-json\/wp\/v2\/comments?post=91334"}],"version-history":[{"count":2,"href":"https:\/\/lasentinelle.dz\/index.php\/wp-json\/wp\/v2\/posts\/91334\/revisions"}],"predecessor-version":[{"id":91337,"href":"https:\/\/lasentinelle.dz\/index.php\/wp-json\/wp\/v2\/posts\/91334\/revisions\/91337"}],"wp:featuredmedia":[{"embeddable":true,"href":"https:\/\/lasentinelle.dz\/index.php\/wp-json\/wp\/v2\/media\/91335"}],"wp:attachment":[{"href":"https:\/\/lasentinelle.dz\/index.php\/wp-json\/wp\/v2\/media?parent=91334"}],"wp:term":[{"taxonomy":"category","embeddable":true,"href":"https:\/\/lasentinelle.dz\/index.php\/wp-json\/wp\/v2\/categories?post=91334"},{"taxonomy":"post_tag","embeddable":true,"href":"https:\/\/lasentinelle.dz\/index.php\/wp-json\/wp\/v2\/tags?post=91334"}],"curies":[{"name":"wp","href":"https:\/\/api.w.org\/{rel}","templated":true}]}}