{"id":91516,"date":"2026-07-15T20:52:26","date_gmt":"2026-07-15T19:52:26","guid":{"rendered":"https:\/\/lasentinelle.dz\/?p=91516"},"modified":"2026-07-15T20:52:28","modified_gmt":"2026-07-15T19:52:28","slug":"mc-alger-azzedine-doukha-nouvel-entraineur-des-gardiens","status":"publish","type":"post","link":"https:\/\/lasentinelle.dz\/index.php\/2026\/07\/15\/mc-alger-azzedine-doukha-nouvel-entraineur-des-gardiens\/","title":{"rendered":"MC Alger\u00a0: Azzedine Doukha nouvel entra\u00eeneur des gardiens"},"content":{"rendered":"\n<p class=\"wp-block-paragraph\">Le MC Alg\u00e9rie, club champion d&rsquo;Alg\u00e9rie en titre, a annonc\u00e9 mardi la nomination de l&rsquo;ancien portier international Azzedine Doukha en tant que nouvel entra\u00eeneur des gardiens. Ag\u00e9 de 40 ans, Doukha int\u00e8gre ainsi le staff technique du Tunisien Khaled Benyahia, d\u00e9j\u00e0 compos\u00e9 de l&rsquo;entra\u00eeneur adjoint Karim Delhoum et du tandem de pr\u00e9parateurs physiques Yacine Bouacida &#8211; Ahmed Haddad. Pour rappel, Azeddine Doukha avait port\u00e9 les couleurs du MCA en tant que gardien de but pendant la saison 2008-2009 et il y revient cet \u00e9t\u00e9 en tant qu&rsquo;entra\u00eeneur. Il a \u00e9galement port\u00e9 les couleurs de plusieurs autres club en Alg\u00e9rie et \u00e0 l&rsquo;\u00e9tranger. En s\u00e9lection nationale, Doukha avait \u00e9t\u00e9 sacr\u00e9 champion d&rsquo;Afrique avec les Verts en 2019. La Direction mouloud\u00e9enne a nomm\u00e9 \u00e9galement l&rsquo;exp\u00e9riment\u00e9 Boualem Charef au poste de Directeur technique sportif du club (DTS), en attendant de finaliser d&rsquo;autres transferts, susceptibles de l&rsquo;aider \u00e0 atteindre ses objectif, aussi bien sur le plan national qu&rsquo;en Ligue des Champions. C\u00f4t\u00e9 effectif, le MCA a annonc\u00e9 le recrutement de quatre nouveaux joueurs jusqu&rsquo;ici, \u00e0 savoir : Siriman Konat\u00e9, Merouane Mehdaoui, Ben Ahmed Kohili et Mohamed Islam Abdelkader, alors que quatre autres op\u00e9rations sont en cours de finalisation, pour compl\u00e9ter l&rsquo;effectif en vue de la prochaine saison. Concernant les d\u00e9parts, le Mouloudia a confirm\u00e9 les lib\u00e9rations de Chamseddine Boubtache et Rostom Dendaoui. \u00ab\u00a0D&rsquo;autres dossiers sont en cours de traitement avec la volont\u00e9 de pr\u00e9server les int\u00e9r\u00eats du club\u00a0\u00bb, pr\u00e9cise le club. La direction a \u00e9galement annonc\u00e9 avoir trouv\u00e9 un accord avec le d\u00e9fenseur central Ayoub Ghazala et l&rsquo;attaquant Sofiane Bayazid pour la prolongation de leurs contrats, tout en poursuivant les discussions avec d&rsquo;autres cadres de l&rsquo;effectif, dans la perspective de rempiler et de pr\u00e9server ainsi l&rsquo;ossature de l&rsquo;\u00e9quipe. Enfin, c\u00f4t\u00e9 pr\u00e9paration d&rsquo;avant-saison, la direction alg\u00e9roise a jet\u00e9 son d\u00e9volu sur l&rsquo;Autriche, o\u00f9 elle a d\u00e9j\u00e0 programm\u00e9 deux matchs amicaux, contre les Sud-Africains Mamelodi Sundowns et Al-Hilal saoudien, respectivement les 25 et 29 juillet.<\/p>\n\n\n\n<p class=\"wp-block-paragraph\">APS<\/p>\n","protected":false},"excerpt":{"rendered":"<p>Le MC Alg\u00e9rie, club champion d&rsquo;Alg\u00e9rie en titre, a annonc\u00e9 mardi la nomination de l&rsquo;ancien portier international Azzedine Doukha en<\/p>\n","protected":false},"author":6,"featured_media":91517,"comment_status":"open","ping_status":"closed","sticky":false,"template":"","format":"standard","meta":{"colormag_page_container_layout":"default_layout","colormag_page_sidebar_layout":"default_layout","om_disable_all_campaigns":false,"_monsterinsights_skip_tracking":false,"footnotes":"","_wpscppro_dont_share_socialmedia":false,"_wpscppro_custom_social_share_image":0,"_facebook_share_type":"default","_twitter_share_type":"default","_linkedin_share_type":"default","_pinterest_share_type":"default","_linkedin_share_type_page":"","_instagram_share_type":"default","_medium_share_type":"default","_threads_share_type":"default","_google_business_share_type":"default","_bluesky_share_type":"","_mastodon_share_type":"","_selected_social_profile":[],"_wpsp_enable_custom_social_template":false,"_wpsp_social_scheduling":{"enabled":false,"datetime":null,"platforms":[],"status":"template_only","dateOption":"today","timeOption":"now","customDays":"","customHours":"","customDate":"","customTime":"","schedulingType":"absolute"},"_wpsp_active_default_template":true},"categories":[33],"tags":[],"class_list":["post-91516","post","type-post","status-publish","format-standard","has-post-thumbnail","hentry","category-sports"],"aioseo_notices":[],"aioseo_head":"\n\t\t<!-- All in One SEO 5.0.0.1 - aioseo.com -->\n\t<meta name=\"description\" content=\"Le MC Alg\u00e9rie, club champion d&#039;Alg\u00e9rie en titre, a annonc\u00e9 mardi la nomination de l&#039;ancien portier international Azzedine Doukha en tant que nouvel entra\u00eeneur des gardiens. Ag\u00e9 de 40 ans, Doukha int\u00e8gre ainsi le staff technique du Tunisien Khaled Benyahia, d\u00e9j\u00e0 compos\u00e9 de l&#039;entra\u00eeneur adjoint Karim Delhoum et du tandem de pr\u00e9parateurs physiques Yacine Bouacida\" \/>\n\t<meta name=\"robots\" content=\"max-image-preview:large\" \/>\n\t<meta name=\"author\" content=\"admin\"\/>\n\t<link rel=\"canonical\" href=\"https:\/\/lasentinelle.dz\/index.php\/2026\/07\/15\/mc-alger-azzedine-doukha-nouvel-entraineur-des-gardiens\/\" \/>\n\t<meta name=\"generator\" content=\"All in One SEO (AIOSEO) 5.0.0.1\" \/>\n\t\t<meta property=\"og:locale\" content=\"fr_FR\" \/>\n\t\t<meta property=\"og:site_name\" content=\"La Sentinelle - Quotidien national d&#039;information\" \/>\n\t\t<meta property=\"og:type\" content=\"article\" \/>\n\t\t<meta property=\"og:title\" content=\"MC Alger : Azzedine Doukha nouvel entra\u00eeneur des gardiens - La Sentinelle\" \/>\n\t\t<meta property=\"og:description\" content=\"Le MC Alg\u00e9rie, club champion d&#039;Alg\u00e9rie en titre, a annonc\u00e9 mardi la nomination de l&#039;ancien portier international Azzedine Doukha en tant que nouvel entra\u00eeneur des gardiens. Ag\u00e9 de 40 ans, Doukha int\u00e8gre ainsi le staff technique du Tunisien Khaled Benyahia, d\u00e9j\u00e0 compos\u00e9 de l&#039;entra\u00eeneur adjoint Karim Delhoum et du tandem de pr\u00e9parateurs physiques Yacine Bouacida\" \/>\n\t\t<meta property=\"og:url\" content=\"https:\/\/lasentinelle.dz\/index.php\/2026\/07\/15\/mc-alger-azzedine-doukha-nouvel-entraineur-des-gardiens\/\" \/>\n\t\t<meta property=\"og:image\" content=\"https:\/\/lasentinelle.dz\/wp-content\/uploads\/2021\/09\/cropped-la-sentinelle-earth-golden-anima-5.gif\" \/>\n\t\t<meta property=\"og:image:secure_url\" content=\"https:\/\/lasentinelle.dz\/wp-content\/uploads\/2021\/09\/cropped-la-sentinelle-earth-golden-anima-5.gif\" \/>\n\t\t<meta property=\"og:image:width\" content=\"450\" \/>\n\t\t<meta property=\"og:image:height\" content=\"213\" \/>\n\t\t<meta property=\"article:published_time\" content=\"2026-07-15T19:52:26+00:00\" \/>\n\t\t<meta property=\"article:modified_time\" content=\"2026-07-15T19:52:28+00:00\" \/>\n\t\t<meta property=\"article:publisher\" content=\"https:\/\/www.facebook.com\/azzedine.lasentinelle.1\" \/>\n\t\t<meta name=\"twitter:card\" content=\"summary_large_image\" \/>\n\t\t<meta name=\"twitter:title\" content=\"MC Alger : Azzedine Doukha nouvel entra\u00eeneur des gardiens - La Sentinelle\" \/>\n\t\t<meta name=\"twitter:description\" content=\"Le MC Alg\u00e9rie, club champion d&#039;Alg\u00e9rie en titre, a annonc\u00e9 mardi la nomination de l&#039;ancien portier international Azzedine Doukha en tant que nouvel entra\u00eeneur des gardiens. Ag\u00e9 de 40 ans, Doukha int\u00e8gre ainsi le staff technique du Tunisien Khaled Benyahia, d\u00e9j\u00e0 compos\u00e9 de l&#039;entra\u00eeneur adjoint Karim Delhoum et du tandem de pr\u00e9parateurs physiques Yacine Bouacida\" \/>\n\t\t<meta name=\"twitter:image\" content=\"https:\/\/lasentinelle.dz\/wp-content\/uploads\/2021\/09\/cropped-la-sentinelle-earth-golden-anima-5.gif\" \/>\n\t\t<script type=\"application\/ld+json\" class=\"aioseo-schema\">\n\t\t\t{\"@context\":\"https:\\\/\\\/schema.org\",\"@graph\":[{\"@type\":\"BlogPosting\",\"@id\":\"https:\\\/\\\/lasentinelle.dz\\\/index.php\\\/2026\\\/07\\\/15\\\/mc-alger-azzedine-doukha-nouvel-entraineur-des-gardiens\\\/#blogposting\",\"name\":\"MC Alger : Azzedine Doukha nouvel entra\\u00eeneur des gardiens - La Sentinelle\",\"headline\":\"MC Alger\\u00a0: Azzedine Doukha nouvel entra\\u00eeneur des gardiens\",\"author\":{\"@id\":\"https:\\\/\\\/lasentinelle.dz\\\/author\\\/admin\\\/#author\"},\"publisher\":{\"@id\":\"https:\\\/\\\/lasentinelle.dz\\\/#organization\"},\"image\":{\"@type\":\"ImageObject\",\"url\":\"https:\\\/\\\/lasentinelle.dz\\\/wp-content\\\/uploads\\\/2026\\\/07\\\/azzedine-doukha.jpeg\",\"width\":1505,\"height\":1033},\"datePublished\":\"2026-07-15T20:52:26+01:00\",\"dateModified\":\"2026-07-15T20:52:28+01:00\",\"inLanguage\":\"fr-FR\",\"mainEntityOfPage\":{\"@id\":\"https:\\\/\\\/lasentinelle.dz\\\/index.php\\\/2026\\\/07\\\/15\\\/mc-alger-azzedine-doukha-nouvel-entraineur-des-gardiens\\\/#webpage\"},\"isPartOf\":{\"@id\":\"https:\\\/\\\/lasentinelle.dz\\\/index.php\\\/2026\\\/07\\\/15\\\/mc-alger-azzedine-doukha-nouvel-entraineur-des-gardiens\\\/#webpage\"},\"articleSection\":\"Sports\"},{\"@type\":\"BreadcrumbList\",\"@id\":\"https:\\\/\\\/lasentinelle.dz\\\/index.php\\\/2026\\\/07\\\/15\\\/mc-alger-azzedine-doukha-nouvel-entraineur-des-gardiens\\\/#breadcrumblist\",\"itemListElement\":[{\"@type\":\"ListItem\",\"@id\":\"https:\\\/\\\/lasentinelle.dz#listItem\",\"position\":1,\"name\":\"Home\",\"item\":\"https:\\\/\\\/lasentinelle.dz\",\"nextItem\":{\"@type\":\"ListItem\",\"@id\":\"https:\\\/\\\/lasentinelle.dz\\\/index.php\\\/category\\\/sports\\\/#listItem\",\"name\":\"Sports\"}},{\"@type\":\"ListItem\",\"@id\":\"https:\\\/\\\/lasentinelle.dz\\\/index.php\\\/category\\\/sports\\\/#listItem\",\"position\":2,\"name\":\"Sports\",\"item\":\"https:\\\/\\\/lasentinelle.dz\\\/index.php\\\/category\\\/sports\\\/\",\"nextItem\":{\"@type\":\"ListItem\",\"@id\":\"https:\\\/\\\/lasentinelle.dz\\\/index.php\\\/2026\\\/07\\\/15\\\/mc-alger-azzedine-doukha-nouvel-entraineur-des-gardiens\\\/#listItem\",\"name\":\"MC Alger\\u00a0: Azzedine Doukha nouvel entra\\u00eeneur des gardiens\"},\"previousItem\":{\"@type\":\"ListItem\",\"@id\":\"https:\\\/\\\/lasentinelle.dz#listItem\",\"name\":\"Home\"}},{\"@type\":\"ListItem\",\"@id\":\"https:\\\/\\\/lasentinelle.dz\\\/index.php\\\/2026\\\/07\\\/15\\\/mc-alger-azzedine-doukha-nouvel-entraineur-des-gardiens\\\/#listItem\",\"position\":3,\"name\":\"MC Alger\\u00a0: Azzedine Doukha nouvel entra\\u00eeneur des gardiens\",\"previousItem\":{\"@type\":\"ListItem\",\"@id\":\"https:\\\/\\\/lasentinelle.dz\\\/index.php\\\/category\\\/sports\\\/#listItem\",\"name\":\"Sports\"}}]},{\"@type\":\"Organization\",\"@id\":\"https:\\\/\\\/lasentinelle.dz\\\/#organization\",\"name\":\"La Sentinelle La Sentinelle\",\"description\":\"Quotidien national d'information\",\"url\":\"https:\\\/\\\/lasentinelle.dz\\\/\",\"logo\":{\"@type\":\"ImageObject\",\"url\":\"https:\\\/\\\/lasentinelle.dz\\\/wp-content\\\/uploads\\\/2021\\\/09\\\/cropped-la-sentinelle-earth-golden-anima-5.gif\",\"@id\":\"https:\\\/\\\/lasentinelle.dz\\\/index.php\\\/2026\\\/07\\\/15\\\/mc-alger-azzedine-doukha-nouvel-entraineur-des-gardiens\\\/#organizationLogo\",\"width\":450,\"height\":213},\"image\":{\"@id\":\"https:\\\/\\\/lasentinelle.dz\\\/index.php\\\/2026\\\/07\\\/15\\\/mc-alger-azzedine-doukha-nouvel-entraineur-des-gardiens\\\/#organizationLogo\"},\"sameAs\":[\"https:\\\/\\\/www.facebook.com\\\/azzedine.lasentinelle.1\"]},{\"@type\":\"Person\",\"@id\":\"https:\\\/\\\/lasentinelle.dz\\\/author\\\/admin\\\/#author\",\"url\":\"https:\\\/\\\/lasentinelle.dz\\\/author\\\/admin\\\/\",\"name\":\"admin\",\"image\":{\"@type\":\"ImageObject\",\"@id\":\"https:\\\/\\\/lasentinelle.dz\\\/index.php\\\/2026\\\/07\\\/15\\\/mc-alger-azzedine-doukha-nouvel-entraineur-des-gardiens\\\/#authorImage\",\"url\":\"https:\\\/\\\/secure.gravatar.com\\\/avatar\\\/4c81fed838786e9b53f540bf46533e750f5d292099ae3b66cfc6fb1982e29df7?s=96&d=mm&r=g\",\"width\":96,\"height\":96,\"caption\":\"admin\"}},{\"@type\":\"WebPage\",\"@id\":\"https:\\\/\\\/lasentinelle.dz\\\/index.php\\\/2026\\\/07\\\/15\\\/mc-alger-azzedine-doukha-nouvel-entraineur-des-gardiens\\\/#webpage\",\"url\":\"https:\\\/\\\/lasentinelle.dz\\\/index.php\\\/2026\\\/07\\\/15\\\/mc-alger-azzedine-doukha-nouvel-entraineur-des-gardiens\\\/\",\"name\":\"MC Alger : Azzedine Doukha nouvel entra\\u00eeneur des gardiens - La Sentinelle\",\"description\":\"Le MC Alg\\u00e9rie, club champion d'Alg\\u00e9rie en titre, a annonc\\u00e9 mardi la nomination de l'ancien portier international Azzedine Doukha en tant que nouvel entra\\u00eeneur des gardiens. Ag\\u00e9 de 40 ans, Doukha int\\u00e8gre ainsi le staff technique du Tunisien Khaled Benyahia, d\\u00e9j\\u00e0 compos\\u00e9 de l'entra\\u00eeneur adjoint Karim Delhoum et du tandem de pr\\u00e9parateurs physiques Yacine Bouacida\",\"inLanguage\":\"fr-FR\",\"isPartOf\":{\"@id\":\"https:\\\/\\\/lasentinelle.dz\\\/#website\"},\"breadcrumb\":{\"@id\":\"https:\\\/\\\/lasentinelle.dz\\\/index.php\\\/2026\\\/07\\\/15\\\/mc-alger-azzedine-doukha-nouvel-entraineur-des-gardiens\\\/#breadcrumblist\"},\"author\":{\"@id\":\"https:\\\/\\\/lasentinelle.dz\\\/author\\\/admin\\\/#author\"},\"creator\":{\"@id\":\"https:\\\/\\\/lasentinelle.dz\\\/author\\\/admin\\\/#author\"},\"image\":{\"@type\":\"ImageObject\",\"url\":\"https:\\\/\\\/lasentinelle.dz\\\/wp-content\\\/uploads\\\/2026\\\/07\\\/azzedine-doukha.jpeg\",\"@id\":\"https:\\\/\\\/lasentinelle.dz\\\/index.php\\\/2026\\\/07\\\/15\\\/mc-alger-azzedine-doukha-nouvel-entraineur-des-gardiens\\\/#mainImage\",\"width\":1505,\"height\":1033},\"primaryImageOfPage\":{\"@id\":\"https:\\\/\\\/lasentinelle.dz\\\/index.php\\\/2026\\\/07\\\/15\\\/mc-alger-azzedine-doukha-nouvel-entraineur-des-gardiens\\\/#mainImage\"},\"datePublished\":\"2026-07-15T20:52:26+01:00\",\"dateModified\":\"2026-07-15T20:52:28+01:00\"},{\"@type\":\"WebSite\",\"@id\":\"https:\\\/\\\/lasentinelle.dz\\\/#website\",\"url\":\"https:\\\/\\\/lasentinelle.dz\\\/\",\"name\":\"La Sentinelle\",\"description\":\"Quotidien national d'information\",\"inLanguage\":\"fr-FR\",\"publisher\":{\"@id\":\"https:\\\/\\\/lasentinelle.dz\\\/#organization\"}}]}\n\t\t<\/script>\n\t\t<!-- All in One SEO -->\n\n","aioseo_head_json":{"title":"MC Alger : Azzedine Doukha nouvel entra\u00eeneur des gardiens - La Sentinelle","description":"Le MC Alg\u00e9rie, club champion d'Alg\u00e9rie en titre, a annonc\u00e9 mardi la nomination de l'ancien portier international Azzedine Doukha en tant que nouvel entra\u00eeneur des gardiens. Ag\u00e9 de 40 ans, Doukha int\u00e8gre ainsi le staff technique du Tunisien Khaled Benyahia, d\u00e9j\u00e0 compos\u00e9 de l'entra\u00eeneur adjoint Karim Delhoum et du tandem de pr\u00e9parateurs physiques Yacine Bouacida","canonical_url":"https:\/\/lasentinelle.dz\/index.php\/2026\/07\/15\/mc-alger-azzedine-doukha-nouvel-entraineur-des-gardiens\/","robots":"max-image-preview:large","keywords":"","webmasterTools":{"miscellaneous":""},"schema":{"@context":"https:\/\/schema.org","@graph":[{"@type":"BlogPosting","@id":"https:\/\/lasentinelle.dz\/index.php\/2026\/07\/15\/mc-alger-azzedine-doukha-nouvel-entraineur-des-gardiens\/#blogposting","name":"MC Alger : Azzedine Doukha nouvel entra\u00eeneur des gardiens - La Sentinelle","headline":"MC Alger\u00a0: Azzedine Doukha nouvel entra\u00eeneur des gardiens","author":{"@id":"https:\/\/lasentinelle.dz\/author\/admin\/#author"},"publisher":{"@id":"https:\/\/lasentinelle.dz\/#organization"},"image":{"@type":"ImageObject","url":"https:\/\/lasentinelle.dz\/wp-content\/uploads\/2026\/07\/azzedine-doukha.jpeg","width":1505,"height":1033},"datePublished":"2026-07-15T20:52:26+01:00","dateModified":"2026-07-15T20:52:28+01:00","inLanguage":"fr-FR","mainEntityOfPage":{"@id":"https:\/\/lasentinelle.dz\/index.php\/2026\/07\/15\/mc-alger-azzedine-doukha-nouvel-entraineur-des-gardiens\/#webpage"},"isPartOf":{"@id":"https:\/\/lasentinelle.dz\/index.php\/2026\/07\/15\/mc-alger-azzedine-doukha-nouvel-entraineur-des-gardiens\/#webpage"},"articleSection":"Sports"},{"@type":"BreadcrumbList","@id":"https:\/\/lasentinelle.dz\/index.php\/2026\/07\/15\/mc-alger-azzedine-doukha-nouvel-entraineur-des-gardiens\/#breadcrumblist","itemListElement":[{"@type":"ListItem","@id":"https:\/\/lasentinelle.dz#listItem","position":1,"name":"Home","item":"https:\/\/lasentinelle.dz","nextItem":{"@type":"ListItem","@id":"https:\/\/lasentinelle.dz\/index.php\/category\/sports\/#listItem","name":"Sports"}},{"@type":"ListItem","@id":"https:\/\/lasentinelle.dz\/index.php\/category\/sports\/#listItem","position":2,"name":"Sports","item":"https:\/\/lasentinelle.dz\/index.php\/category\/sports\/","nextItem":{"@type":"ListItem","@id":"https:\/\/lasentinelle.dz\/index.php\/2026\/07\/15\/mc-alger-azzedine-doukha-nouvel-entraineur-des-gardiens\/#listItem","name":"MC Alger\u00a0: Azzedine Doukha nouvel entra\u00eeneur des gardiens"},"previousItem":{"@type":"ListItem","@id":"https:\/\/lasentinelle.dz#listItem","name":"Home"}},{"@type":"ListItem","@id":"https:\/\/lasentinelle.dz\/index.php\/2026\/07\/15\/mc-alger-azzedine-doukha-nouvel-entraineur-des-gardiens\/#listItem","position":3,"name":"MC Alger\u00a0: Azzedine Doukha nouvel entra\u00eeneur des gardiens","previousItem":{"@type":"ListItem","@id":"https:\/\/lasentinelle.dz\/index.php\/category\/sports\/#listItem","name":"Sports"}}]},{"@type":"Organization","@id":"https:\/\/lasentinelle.dz\/#organization","name":"La Sentinelle La Sentinelle","description":"Quotidien national d'information","url":"https:\/\/lasentinelle.dz\/","logo":{"@type":"ImageObject","url":"https:\/\/lasentinelle.dz\/wp-content\/uploads\/2021\/09\/cropped-la-sentinelle-earth-golden-anima-5.gif","@id":"https:\/\/lasentinelle.dz\/index.php\/2026\/07\/15\/mc-alger-azzedine-doukha-nouvel-entraineur-des-gardiens\/#organizationLogo","width":450,"height":213},"image":{"@id":"https:\/\/lasentinelle.dz\/index.php\/2026\/07\/15\/mc-alger-azzedine-doukha-nouvel-entraineur-des-gardiens\/#organizationLogo"},"sameAs":["https:\/\/www.facebook.com\/azzedine.lasentinelle.1"]},{"@type":"Person","@id":"https:\/\/lasentinelle.dz\/author\/admin\/#author","url":"https:\/\/lasentinelle.dz\/author\/admin\/","name":"admin","image":{"@type":"ImageObject","@id":"https:\/\/lasentinelle.dz\/index.php\/2026\/07\/15\/mc-alger-azzedine-doukha-nouvel-entraineur-des-gardiens\/#authorImage","url":"https:\/\/secure.gravatar.com\/avatar\/4c81fed838786e9b53f540bf46533e750f5d292099ae3b66cfc6fb1982e29df7?s=96&d=mm&r=g","width":96,"height":96,"caption":"admin"}},{"@type":"WebPage","@id":"https:\/\/lasentinelle.dz\/index.php\/2026\/07\/15\/mc-alger-azzedine-doukha-nouvel-entraineur-des-gardiens\/#webpage","url":"https:\/\/lasentinelle.dz\/index.php\/2026\/07\/15\/mc-alger-azzedine-doukha-nouvel-entraineur-des-gardiens\/","name":"MC Alger : Azzedine Doukha nouvel entra\u00eeneur des gardiens - La Sentinelle","description":"Le MC Alg\u00e9rie, club champion d'Alg\u00e9rie en titre, a annonc\u00e9 mardi la nomination de l'ancien portier international Azzedine Doukha en tant que nouvel entra\u00eeneur des gardiens. Ag\u00e9 de 40 ans, Doukha int\u00e8gre ainsi le staff technique du Tunisien Khaled Benyahia, d\u00e9j\u00e0 compos\u00e9 de l'entra\u00eeneur adjoint Karim Delhoum et du tandem de pr\u00e9parateurs physiques Yacine Bouacida","inLanguage":"fr-FR","isPartOf":{"@id":"https:\/\/lasentinelle.dz\/#website"},"breadcrumb":{"@id":"https:\/\/lasentinelle.dz\/index.php\/2026\/07\/15\/mc-alger-azzedine-doukha-nouvel-entraineur-des-gardiens\/#breadcrumblist"},"author":{"@id":"https:\/\/lasentinelle.dz\/author\/admin\/#author"},"creator":{"@id":"https:\/\/lasentinelle.dz\/author\/admin\/#author"},"image":{"@type":"ImageObject","url":"https:\/\/lasentinelle.dz\/wp-content\/uploads\/2026\/07\/azzedine-doukha.jpeg","@id":"https:\/\/lasentinelle.dz\/index.php\/2026\/07\/15\/mc-alger-azzedine-doukha-nouvel-entraineur-des-gardiens\/#mainImage","width":1505,"height":1033},"primaryImageOfPage":{"@id":"https:\/\/lasentinelle.dz\/index.php\/2026\/07\/15\/mc-alger-azzedine-doukha-nouvel-entraineur-des-gardiens\/#mainImage"},"datePublished":"2026-07-15T20:52:26+01:00","dateModified":"2026-07-15T20:52:28+01:00"},{"@type":"WebSite","@id":"https:\/\/lasentinelle.dz\/#website","url":"https:\/\/lasentinelle.dz\/","name":"La Sentinelle","description":"Quotidien national d'information","inLanguage":"fr-FR","publisher":{"@id":"https:\/\/lasentinelle.dz\/#organization"}}]},"og:locale":"fr_FR","og:site_name":"La Sentinelle - Quotidien national d'information","og:type":"article","og:title":"MC Alger : Azzedine Doukha nouvel entra\u00eeneur des gardiens - La Sentinelle","og:description":"Le MC Alg\u00e9rie, club champion d'Alg\u00e9rie en titre, a annonc\u00e9 mardi la nomination de l'ancien portier international Azzedine Doukha en tant que nouvel entra\u00eeneur des gardiens. Ag\u00e9 de 40 ans, Doukha int\u00e8gre ainsi le staff technique du Tunisien Khaled Benyahia, d\u00e9j\u00e0 compos\u00e9 de l'entra\u00eeneur adjoint Karim Delhoum et du tandem de pr\u00e9parateurs physiques Yacine Bouacida","og:url":"https:\/\/lasentinelle.dz\/index.php\/2026\/07\/15\/mc-alger-azzedine-doukha-nouvel-entraineur-des-gardiens\/","og:image":"https:\/\/lasentinelle.dz\/wp-content\/uploads\/2021\/09\/cropped-la-sentinelle-earth-golden-anima-5.gif","og:image:secure_url":"https:\/\/lasentinelle.dz\/wp-content\/uploads\/2021\/09\/cropped-la-sentinelle-earth-golden-anima-5.gif","og:image:width":450,"og:image:height":213,"article:published_time":"2026-07-15T19:52:26+00:00","article:modified_time":"2026-07-15T19:52:28+00:00","article:publisher":"https:\/\/www.facebook.com\/azzedine.lasentinelle.1","twitter:card":"summary_large_image","twitter:title":"MC Alger : Azzedine Doukha nouvel entra\u00eeneur des gardiens - La Sentinelle","twitter:description":"Le MC Alg\u00e9rie, club champion d'Alg\u00e9rie en titre, a annonc\u00e9 mardi la nomination de l'ancien portier international Azzedine Doukha en tant que nouvel entra\u00eeneur des gardiens. Ag\u00e9 de 40 ans, Doukha int\u00e8gre ainsi le staff technique du Tunisien Khaled Benyahia, d\u00e9j\u00e0 compos\u00e9 de l'entra\u00eeneur adjoint Karim Delhoum et du tandem de pr\u00e9parateurs physiques Yacine Bouacida","twitter:image":"https:\/\/lasentinelle.dz\/wp-content\/uploads\/2021\/09\/cropped-la-sentinelle-earth-golden-anima-5.gif"},"aioseo_meta_data":{"post_id":"91516","title":null,"description":null,"keywords":null,"keyphrases":{"focus":{"keyphrase":"","score":0,"analysis":{"keyphraseInTitle":{"score":0,"maxScore":9,"error":1}}},"additional":[]},"primary_term":null,"canonical_url":null,"og_title":null,"og_description":null,"og_object_type":"default","og_image_type":"default","og_image_url":null,"og_image_width":null,"og_image_height":null,"og_image_custom_url":null,"og_image_custom_fields":null,"og_video":"","og_custom_url":null,"og_article_section":null,"og_article_tags":null,"twitter_use_og":false,"twitter_card":"default","twitter_image_type":"default","twitter_image_url":null,"twitter_image_custom_url":null,"twitter_image_custom_fields":null,"twitter_title":null,"twitter_description":null,"schema":{"blockGraphs":[],"customGraphs":[],"default":{"data":{"Article":[],"Course":[],"Dataset":[],"FAQPage":[],"Movie":[],"Person":[],"Product":[],"ProductReview":[],"Car":[],"Recipe":[],"Service":[],"SoftwareApplication":[],"WebPage":[]},"graphName":"BlogPosting","isEnabled":true},"graphs":[]},"schema_type":"default","schema_type_options":null,"pillar_content":false,"robots_default":true,"robots_noindex":false,"robots_noarchive":false,"robots_nosnippet":false,"robots_nofollow":false,"robots_noimageindex":false,"robots_noodp":false,"robots_notranslate":false,"robots_max_snippet":"-1","robots_max_videopreview":"-1","robots_max_imagepreview":"large","priority":null,"frequency":"default","local_seo":null,"breadcrumb_settings":null,"limit_modified_date":false,"ai":{"faqs":[],"keyPoints":[],"schemas":[],"titles":[],"descriptions":[],"socialPosts":{"email":[],"linkedin":[],"twitter":[],"facebook":[],"instagram":[]}},"created":"2026-07-15 19:52:28","updated":"2026-07-15 20:15:22","focus_keyword":null,"additional_keywords":null,"truseo_locale":null,"seo_analyzer_scan_date":null},"aioseo_breadcrumb":"<div class=\"aioseo-breadcrumbs\"><span class=\"aioseo-breadcrumb\">\n\t\t\t<a href=\"https:\/\/lasentinelle.dz\" title=\"Home\">Home<\/a>\n\t\t<\/span><span class=\"aioseo-breadcrumb-separator\">&raquo;<\/span><span class=\"aioseo-breadcrumb\">\n\t\t\t<a href=\"https:\/\/lasentinelle.dz\/index.php\/category\/sports\/\" title=\"Sports\">Sports<\/a>\n\t\t<\/span><span class=\"aioseo-breadcrumb-separator\">&raquo;<\/span><span class=\"aioseo-breadcrumb\">\n\t\t\tMC Alger : Azzedine Doukha nouvel entra\u00eeneur des gardiens\n\t\t<\/span><\/div>","aioseo_breadcrumb_json":[{"label":"Home","link":"https:\/\/lasentinelle.dz"},{"label":"Sports","link":"https:\/\/lasentinelle.dz\/index.php\/category\/sports\/"},{"label":"MC Alger\u00a0: Azzedine Doukha nouvel entra\u00eeneur des gardiens","link":"https:\/\/lasentinelle.dz\/index.php\/2026\/07\/15\/mc-alger-azzedine-doukha-nouvel-entraineur-des-gardiens\/"}],"yoast_head":"<!-- This site is optimized with the Yoast SEO plugin v28.3 - https:\/\/yoast.com\/product\/yoast-seo-wordpress\/ -->\n<title>MC Alger\u00a0: Azzedine Doukha nouvel entra\u00eeneur des gardiens - La Sentinelle<\/title>\n<meta name=\"robots\" content=\"index, follow, max-snippet:-1, max-image-preview:large, max-video-preview:-1\" \/>\n<link rel=\"canonical\" href=\"https:\/\/lasentinelle.dz\/index.php\/2026\/07\/15\/mc-alger-azzedine-doukha-nouvel-entraineur-des-gardiens\/\" \/>\n<meta property=\"og:locale\" content=\"fr_FR\" \/>\n<meta property=\"og:type\" content=\"article\" \/>\n<meta property=\"og:title\" content=\"MC Alger\u00a0: Azzedine Doukha nouvel entra\u00eeneur des gardiens - La Sentinelle\" \/>\n<meta property=\"og:description\" content=\"Le MC Alg\u00e9rie, club champion d&rsquo;Alg\u00e9rie en titre, a annonc\u00e9 mardi la nomination de l&rsquo;ancien portier international Azzedine Doukha en\" \/>\n<meta property=\"og:url\" content=\"https:\/\/lasentinelle.dz\/index.php\/2026\/07\/15\/mc-alger-azzedine-doukha-nouvel-entraineur-des-gardiens\/\" \/>\n<meta property=\"og:site_name\" content=\"La Sentinelle\" \/>\n<meta property=\"article:publisher\" content=\"https:\/\/www.facebook.com\/La-Sentinelle-104059864394773\" \/>\n<meta property=\"article:published_time\" content=\"2026-07-15T19:52:26+00:00\" \/>\n<meta property=\"article:modified_time\" content=\"2026-07-15T19:52:28+00:00\" \/>\n<meta property=\"og:image\" content=\"https:\/\/lasentinelle.dz\/wp-content\/uploads\/2026\/07\/azzedine-doukha.jpeg\" \/>\n\t<meta property=\"og:image:width\" content=\"1505\" \/>\n\t<meta property=\"og:image:height\" content=\"1033\" \/>\n\t<meta property=\"og:image:type\" content=\"image\/jpeg\" \/>\n<meta name=\"author\" content=\"admin\" \/>\n<meta name=\"twitter:card\" content=\"summary_large_image\" \/>\n<meta name=\"twitter:label1\" content=\"\u00c9crit par\" \/>\n\t<meta name=\"twitter:data1\" content=\"admin\" \/>\n\t<meta name=\"twitter:label2\" content=\"Dur\u00e9e de lecture estim\u00e9e\" \/>\n\t<meta name=\"twitter:data2\" content=\"2 minutes\" \/>\n<script type=\"application\/ld+json\" class=\"yoast-schema-graph\">{\"@context\":\"https:\\\/\\\/schema.org\",\"@graph\":[{\"@type\":\"Article\",\"@id\":\"https:\\\/\\\/lasentinelle.dz\\\/index.php\\\/2026\\\/07\\\/15\\\/mc-alger-azzedine-doukha-nouvel-entraineur-des-gardiens\\\/#article\",\"isPartOf\":{\"@id\":\"https:\\\/\\\/lasentinelle.dz\\\/index.php\\\/2026\\\/07\\\/15\\\/mc-alger-azzedine-doukha-nouvel-entraineur-des-gardiens\\\/\"},\"author\":{\"name\":\"admin\",\"@id\":\"https:\\\/\\\/lasentinelle.dz\\\/#\\\/schema\\\/person\\\/729ee0024f24e0b8c5ec17232f8e8b41\"},\"headline\":\"MC Alger\u00a0: Azzedine Doukha nouvel entra\u00eeneur des gardiens\",\"datePublished\":\"2026-07-15T19:52:26+00:00\",\"dateModified\":\"2026-07-15T19:52:28+00:00\",\"mainEntityOfPage\":{\"@id\":\"https:\\\/\\\/lasentinelle.dz\\\/index.php\\\/2026\\\/07\\\/15\\\/mc-alger-azzedine-doukha-nouvel-entraineur-des-gardiens\\\/\"},\"wordCount\":369,\"commentCount\":0,\"publisher\":{\"@id\":\"https:\\\/\\\/lasentinelle.dz\\\/#organization\"},\"image\":{\"@id\":\"https:\\\/\\\/lasentinelle.dz\\\/index.php\\\/2026\\\/07\\\/15\\\/mc-alger-azzedine-doukha-nouvel-entraineur-des-gardiens\\\/#primaryimage\"},\"thumbnailUrl\":\"https:\\\/\\\/lasentinelle.dz\\\/wp-content\\\/uploads\\\/2026\\\/07\\\/azzedine-doukha.jpeg\",\"articleSection\":[\"Sports\"],\"inLanguage\":\"fr-FR\",\"potentialAction\":[{\"@type\":\"CommentAction\",\"name\":\"Comment\",\"target\":[\"https:\\\/\\\/lasentinelle.dz\\\/index.php\\\/2026\\\/07\\\/15\\\/mc-alger-azzedine-doukha-nouvel-entraineur-des-gardiens\\\/#respond\"]}]},{\"@type\":\"WebPage\",\"@id\":\"https:\\\/\\\/lasentinelle.dz\\\/index.php\\\/2026\\\/07\\\/15\\\/mc-alger-azzedine-doukha-nouvel-entraineur-des-gardiens\\\/\",\"url\":\"https:\\\/\\\/lasentinelle.dz\\\/index.php\\\/2026\\\/07\\\/15\\\/mc-alger-azzedine-doukha-nouvel-entraineur-des-gardiens\\\/\",\"name\":\"MC Alger\u00a0: Azzedine Doukha nouvel entra\u00eeneur des gardiens - La Sentinelle\",\"isPartOf\":{\"@id\":\"https:\\\/\\\/lasentinelle.dz\\\/#website\"},\"primaryImageOfPage\":{\"@id\":\"https:\\\/\\\/lasentinelle.dz\\\/index.php\\\/2026\\\/07\\\/15\\\/mc-alger-azzedine-doukha-nouvel-entraineur-des-gardiens\\\/#primaryimage\"},\"image\":{\"@id\":\"https:\\\/\\\/lasentinelle.dz\\\/index.php\\\/2026\\\/07\\\/15\\\/mc-alger-azzedine-doukha-nouvel-entraineur-des-gardiens\\\/#primaryimage\"},\"thumbnailUrl\":\"https:\\\/\\\/lasentinelle.dz\\\/wp-content\\\/uploads\\\/2026\\\/07\\\/azzedine-doukha.jpeg\",\"datePublished\":\"2026-07-15T19:52:26+00:00\",\"dateModified\":\"2026-07-15T19:52:28+00:00\",\"breadcrumb\":{\"@id\":\"https:\\\/\\\/lasentinelle.dz\\\/index.php\\\/2026\\\/07\\\/15\\\/mc-alger-azzedine-doukha-nouvel-entraineur-des-gardiens\\\/#breadcrumb\"},\"inLanguage\":\"fr-FR\",\"potentialAction\":[{\"@type\":\"ReadAction\",\"target\":[\"https:\\\/\\\/lasentinelle.dz\\\/index.php\\\/2026\\\/07\\\/15\\\/mc-alger-azzedine-doukha-nouvel-entraineur-des-gardiens\\\/\"]}]},{\"@type\":\"ImageObject\",\"inLanguage\":\"fr-FR\",\"@id\":\"https:\\\/\\\/lasentinelle.dz\\\/index.php\\\/2026\\\/07\\\/15\\\/mc-alger-azzedine-doukha-nouvel-entraineur-des-gardiens\\\/#primaryimage\",\"url\":\"https:\\\/\\\/lasentinelle.dz\\\/wp-content\\\/uploads\\\/2026\\\/07\\\/azzedine-doukha.jpeg\",\"contentUrl\":\"https:\\\/\\\/lasentinelle.dz\\\/wp-content\\\/uploads\\\/2026\\\/07\\\/azzedine-doukha.jpeg\",\"width\":1505,\"height\":1033},{\"@type\":\"BreadcrumbList\",\"@id\":\"https:\\\/\\\/lasentinelle.dz\\\/index.php\\\/2026\\\/07\\\/15\\\/mc-alger-azzedine-doukha-nouvel-entraineur-des-gardiens\\\/#breadcrumb\",\"itemListElement\":[{\"@type\":\"ListItem\",\"position\":1,\"name\":\"Accueil\",\"item\":\"https:\\\/\\\/lasentinelle.dz\\\/\"},{\"@type\":\"ListItem\",\"position\":2,\"name\":\"MC Alger\u00a0: Azzedine Doukha nouvel entra\u00eeneur des gardiens\"}]},{\"@type\":\"WebSite\",\"@id\":\"https:\\\/\\\/lasentinelle.dz\\\/#website\",\"url\":\"https:\\\/\\\/lasentinelle.dz\\\/\",\"name\":\"La Sentinelle\",\"description\":\"Quotidien national d&#039;information\",\"publisher\":{\"@id\":\"https:\\\/\\\/lasentinelle.dz\\\/#organization\"},\"potentialAction\":[{\"@type\":\"SearchAction\",\"target\":{\"@type\":\"EntryPoint\",\"urlTemplate\":\"https:\\\/\\\/lasentinelle.dz\\\/?s={search_term_string}\"},\"query-input\":{\"@type\":\"PropertyValueSpecification\",\"valueRequired\":true,\"valueName\":\"search_term_string\"}}],\"inLanguage\":\"fr-FR\"},{\"@type\":\"Organization\",\"@id\":\"https:\\\/\\\/lasentinelle.dz\\\/#organization\",\"name\":\"Quotidien La Sentinelle\",\"url\":\"https:\\\/\\\/lasentinelle.dz\\\/\",\"logo\":{\"@type\":\"ImageObject\",\"inLanguage\":\"fr-FR\",\"@id\":\"https:\\\/\\\/lasentinelle.dz\\\/#\\\/schema\\\/logo\\\/image\\\/\",\"url\":\"https:\\\/\\\/lasentinelle.dz\\\/wp-content\\\/uploads\\\/2021\\\/09\\\/logo-sentinelleSLOGAN-1.png\",\"contentUrl\":\"https:\\\/\\\/lasentinelle.dz\\\/wp-content\\\/uploads\\\/2021\\\/09\\\/logo-sentinelleSLOGAN-1.png\",\"width\":615,\"height\":142,\"caption\":\"Quotidien La Sentinelle\"},\"image\":{\"@id\":\"https:\\\/\\\/lasentinelle.dz\\\/#\\\/schema\\\/logo\\\/image\\\/\"},\"sameAs\":[\"https:\\\/\\\/www.facebook.com\\\/La-Sentinelle-104059864394773\"]},{\"@type\":\"Person\",\"@id\":\"https:\\\/\\\/lasentinelle.dz\\\/#\\\/schema\\\/person\\\/729ee0024f24e0b8c5ec17232f8e8b41\",\"name\":\"admin\",\"image\":{\"@type\":\"ImageObject\",\"inLanguage\":\"fr-FR\",\"@id\":\"https:\\\/\\\/secure.gravatar.com\\\/avatar\\\/4c81fed838786e9b53f540bf46533e750f5d292099ae3b66cfc6fb1982e29df7?s=96&d=mm&r=g\",\"url\":\"https:\\\/\\\/secure.gravatar.com\\\/avatar\\\/4c81fed838786e9b53f540bf46533e750f5d292099ae3b66cfc6fb1982e29df7?s=96&d=mm&r=g\",\"contentUrl\":\"https:\\\/\\\/secure.gravatar.com\\\/avatar\\\/4c81fed838786e9b53f540bf46533e750f5d292099ae3b66cfc6fb1982e29df7?s=96&d=mm&r=g\",\"caption\":\"admin\"},\"description\":\"admin\",\"url\":\"https:\\\/\\\/lasentinelle.dz\\\/author\\\/admin\\\/\"}]}<\/script>\n<!-- \/ Yoast SEO plugin. -->","yoast_head_json":{"title":"MC Alger\u00a0: Azzedine Doukha nouvel entra\u00eeneur des gardiens - La Sentinelle","robots":{"index":"index","follow":"follow","max-snippet":"max-snippet:-1","max-image-preview":"max-image-preview:large","max-video-preview":"max-video-preview:-1"},"canonical":"https:\/\/lasentinelle.dz\/index.php\/2026\/07\/15\/mc-alger-azzedine-doukha-nouvel-entraineur-des-gardiens\/","og_locale":"fr_FR","og_type":"article","og_title":"MC Alger\u00a0: Azzedine Doukha nouvel entra\u00eeneur des gardiens - La Sentinelle","og_description":"Le MC Alg\u00e9rie, club champion d&rsquo;Alg\u00e9rie en titre, a annonc\u00e9 mardi la nomination de l&rsquo;ancien portier international Azzedine Doukha en","og_url":"https:\/\/lasentinelle.dz\/index.php\/2026\/07\/15\/mc-alger-azzedine-doukha-nouvel-entraineur-des-gardiens\/","og_site_name":"La Sentinelle","article_publisher":"https:\/\/www.facebook.com\/La-Sentinelle-104059864394773","article_published_time":"2026-07-15T19:52:26+00:00","article_modified_time":"2026-07-15T19:52:28+00:00","og_image":[{"width":1505,"height":1033,"url":"https:\/\/lasentinelle.dz\/wp-content\/uploads\/2026\/07\/azzedine-doukha.jpeg","type":"image\/jpeg"}],"author":"admin","twitter_card":"summary_large_image","twitter_misc":{"\u00c9crit par":"admin","Dur\u00e9e de lecture estim\u00e9e":"2 minutes"},"schema":{"@context":"https:\/\/schema.org","@graph":[{"@type":"Article","@id":"https:\/\/lasentinelle.dz\/index.php\/2026\/07\/15\/mc-alger-azzedine-doukha-nouvel-entraineur-des-gardiens\/#article","isPartOf":{"@id":"https:\/\/lasentinelle.dz\/index.php\/2026\/07\/15\/mc-alger-azzedine-doukha-nouvel-entraineur-des-gardiens\/"},"author":{"name":"admin","@id":"https:\/\/lasentinelle.dz\/#\/schema\/person\/729ee0024f24e0b8c5ec17232f8e8b41"},"headline":"MC Alger\u00a0: Azzedine Doukha nouvel entra\u00eeneur des gardiens","datePublished":"2026-07-15T19:52:26+00:00","dateModified":"2026-07-15T19:52:28+00:00","mainEntityOfPage":{"@id":"https:\/\/lasentinelle.dz\/index.php\/2026\/07\/15\/mc-alger-azzedine-doukha-nouvel-entraineur-des-gardiens\/"},"wordCount":369,"commentCount":0,"publisher":{"@id":"https:\/\/lasentinelle.dz\/#organization"},"image":{"@id":"https:\/\/lasentinelle.dz\/index.php\/2026\/07\/15\/mc-alger-azzedine-doukha-nouvel-entraineur-des-gardiens\/#primaryimage"},"thumbnailUrl":"https:\/\/lasentinelle.dz\/wp-content\/uploads\/2026\/07\/azzedine-doukha.jpeg","articleSection":["Sports"],"inLanguage":"fr-FR","potentialAction":[{"@type":"CommentAction","name":"Comment","target":["https:\/\/lasentinelle.dz\/index.php\/2026\/07\/15\/mc-alger-azzedine-doukha-nouvel-entraineur-des-gardiens\/#respond"]}]},{"@type":"WebPage","@id":"https:\/\/lasentinelle.dz\/index.php\/2026\/07\/15\/mc-alger-azzedine-doukha-nouvel-entraineur-des-gardiens\/","url":"https:\/\/lasentinelle.dz\/index.php\/2026\/07\/15\/mc-alger-azzedine-doukha-nouvel-entraineur-des-gardiens\/","name":"MC Alger\u00a0: Azzedine Doukha nouvel entra\u00eeneur des gardiens - La Sentinelle","isPartOf":{"@id":"https:\/\/lasentinelle.dz\/#website"},"primaryImageOfPage":{"@id":"https:\/\/lasentinelle.dz\/index.php\/2026\/07\/15\/mc-alger-azzedine-doukha-nouvel-entraineur-des-gardiens\/#primaryimage"},"image":{"@id":"https:\/\/lasentinelle.dz\/index.php\/2026\/07\/15\/mc-alger-azzedine-doukha-nouvel-entraineur-des-gardiens\/#primaryimage"},"thumbnailUrl":"https:\/\/lasentinelle.dz\/wp-content\/uploads\/2026\/07\/azzedine-doukha.jpeg","datePublished":"2026-07-15T19:52:26+00:00","dateModified":"2026-07-15T19:52:28+00:00","breadcrumb":{"@id":"https:\/\/lasentinelle.dz\/index.php\/2026\/07\/15\/mc-alger-azzedine-doukha-nouvel-entraineur-des-gardiens\/#breadcrumb"},"inLanguage":"fr-FR","potentialAction":[{"@type":"ReadAction","target":["https:\/\/lasentinelle.dz\/index.php\/2026\/07\/15\/mc-alger-azzedine-doukha-nouvel-entraineur-des-gardiens\/"]}]},{"@type":"ImageObject","inLanguage":"fr-FR","@id":"https:\/\/lasentinelle.dz\/index.php\/2026\/07\/15\/mc-alger-azzedine-doukha-nouvel-entraineur-des-gardiens\/#primaryimage","url":"https:\/\/lasentinelle.dz\/wp-content\/uploads\/2026\/07\/azzedine-doukha.jpeg","contentUrl":"https:\/\/lasentinelle.dz\/wp-content\/uploads\/2026\/07\/azzedine-doukha.jpeg","width":1505,"height":1033},{"@type":"BreadcrumbList","@id":"https:\/\/lasentinelle.dz\/index.php\/2026\/07\/15\/mc-alger-azzedine-doukha-nouvel-entraineur-des-gardiens\/#breadcrumb","itemListElement":[{"@type":"ListItem","position":1,"name":"Accueil","item":"https:\/\/lasentinelle.dz\/"},{"@type":"ListItem","position":2,"name":"MC Alger\u00a0: Azzedine Doukha nouvel entra\u00eeneur des gardiens"}]},{"@type":"WebSite","@id":"https:\/\/lasentinelle.dz\/#website","url":"https:\/\/lasentinelle.dz\/","name":"La Sentinelle","description":"Quotidien national d&#039;information","publisher":{"@id":"https:\/\/lasentinelle.dz\/#organization"},"potentialAction":[{"@type":"SearchAction","target":{"@type":"EntryPoint","urlTemplate":"https:\/\/lasentinelle.dz\/?s={search_term_string}"},"query-input":{"@type":"PropertyValueSpecification","valueRequired":true,"valueName":"search_term_string"}}],"inLanguage":"fr-FR"},{"@type":"Organization","@id":"https:\/\/lasentinelle.dz\/#organization","name":"Quotidien La Sentinelle","url":"https:\/\/lasentinelle.dz\/","logo":{"@type":"ImageObject","inLanguage":"fr-FR","@id":"https:\/\/lasentinelle.dz\/#\/schema\/logo\/image\/","url":"https:\/\/lasentinelle.dz\/wp-content\/uploads\/2021\/09\/logo-sentinelleSLOGAN-1.png","contentUrl":"https:\/\/lasentinelle.dz\/wp-content\/uploads\/2021\/09\/logo-sentinelleSLOGAN-1.png","width":615,"height":142,"caption":"Quotidien La Sentinelle"},"image":{"@id":"https:\/\/lasentinelle.dz\/#\/schema\/logo\/image\/"},"sameAs":["https:\/\/www.facebook.com\/La-Sentinelle-104059864394773"]},{"@type":"Person","@id":"https:\/\/lasentinelle.dz\/#\/schema\/person\/729ee0024f24e0b8c5ec17232f8e8b41","name":"admin","image":{"@type":"ImageObject","inLanguage":"fr-FR","@id":"https:\/\/secure.gravatar.com\/avatar\/4c81fed838786e9b53f540bf46533e750f5d292099ae3b66cfc6fb1982e29df7?s=96&d=mm&r=g","url":"https:\/\/secure.gravatar.com\/avatar\/4c81fed838786e9b53f540bf46533e750f5d292099ae3b66cfc6fb1982e29df7?s=96&d=mm&r=g","contentUrl":"https:\/\/secure.gravatar.com\/avatar\/4c81fed838786e9b53f540bf46533e750f5d292099ae3b66cfc6fb1982e29df7?s=96&d=mm&r=g","caption":"admin"},"description":"admin","url":"https:\/\/lasentinelle.dz\/author\/admin\/"}]}},"_links":{"self":[{"href":"https:\/\/lasentinelle.dz\/index.php\/wp-json\/wp\/v2\/posts\/91516","targetHints":{"allow":["GET"]}}],"collection":[{"href":"https:\/\/lasentinelle.dz\/index.php\/wp-json\/wp\/v2\/posts"}],"about":[{"href":"https:\/\/lasentinelle.dz\/index.php\/wp-json\/wp\/v2\/types\/post"}],"author":[{"embeddable":true,"href":"https:\/\/lasentinelle.dz\/index.php\/wp-json\/wp\/v2\/users\/6"}],"replies":[{"embeddable":true,"href":"https:\/\/lasentinelle.dz\/index.php\/wp-json\/wp\/v2\/comments?post=91516"}],"version-history":[{"count":1,"href":"https:\/\/lasentinelle.dz\/index.php\/wp-json\/wp\/v2\/posts\/91516\/revisions"}],"predecessor-version":[{"id":91518,"href":"https:\/\/lasentinelle.dz\/index.php\/wp-json\/wp\/v2\/posts\/91516\/revisions\/91518"}],"wp:featuredmedia":[{"embeddable":true,"href":"https:\/\/lasentinelle.dz\/index.php\/wp-json\/wp\/v2\/media\/91517"}],"wp:attachment":[{"href":"https:\/\/lasentinelle.dz\/index.php\/wp-json\/wp\/v2\/media?parent=91516"}],"wp:term":[{"taxonomy":"category","embeddable":true,"href":"https:\/\/lasentinelle.dz\/index.php\/wp-json\/wp\/v2\/categories?post=91516"},{"taxonomy":"post_tag","embeddable":true,"href":"https:\/\/lasentinelle.dz\/index.php\/wp-json\/wp\/v2\/tags?post=91516"}],"curies":[{"name":"wp","href":"https:\/\/api.w.org\/{rel}","templated":true}]}}