{"id":91549,"date":"2026-07-15T21:09:06","date_gmt":"2026-07-15T20:09:06","guid":{"rendered":"https:\/\/lasentinelle.dz\/?p=91549"},"modified":"2026-07-15T21:09:10","modified_gmt":"2026-07-15T20:09:10","slug":"africa-cdc-lalgerie-erigee-en-modele-de-souverainete-sanitaire-africaine","status":"publish","type":"post","link":"https:\/\/lasentinelle.dz\/index.php\/2026\/07\/15\/africa-cdc-lalgerie-erigee-en-modele-de-souverainete-sanitaire-africaine\/","title":{"rendered":"Africa CDC\u00a0: L&rsquo;Alg\u00e9rie \u00e9rig\u00e9e en mod\u00e8le de souverainet\u00e9 sanitaire africaine"},"content":{"rendered":"\n<p class=\"wp-block-paragraph\">L&rsquo;Alg\u00e9rie s&rsquo;impose comme une r\u00e9f\u00e9rence continentale en mati\u00e8re de s\u00e9curit\u00e9 sanitaire, capable de couvrir plus de 80% de ses besoins en produits de sant\u00e9 par sa production nationale. C&rsquo;est ce qu&rsquo;a affirm\u00e9 le directeur g\u00e9n\u00e9ral d&rsquo;Africa CDC (Centres africains de contr\u00f4le et de pr\u00e9vention des maladies), Jean Kaseya, lors d&rsquo;une d\u00e9claration accord\u00e9e \u00e0 l&rsquo;APS en marge d&rsquo;un atelier r\u00e9gional sur l&rsquo;\u00e9valuation des techniques de sant\u00e9, tenu lundi \u00e0 Alger. \u00ab\u00a0L&rsquo;Alg\u00e9rie est le seul pays en Afrique et l&rsquo;un des rares pays au monde \u00e0 fabriquer plus de 80% des produits de sant\u00e9 qu&rsquo;ils utilisent\u00a0\u00bb, a insist\u00e9 le responsable, pr\u00e9cisant avoir \u00e9tabli ce constat lors d&rsquo;une visite effectu\u00e9e dans le pays en novembre dernier. Une performance qu&rsquo;il attribue \u00e0 une v\u00e9ritable dynamique institutionnelle, forg\u00e9e au fil de plusieurs rencontres avec les autorit\u00e9s sanitaires du pays. \u00ab\u00a0J&rsquo;ai eu de tr\u00e8s bonnes r\u00e9unions avec le ministre de la Sant\u00e9 et avec le ministre de l&rsquo;Industrie pharmaceutique, et je peux vous dire que l&rsquo;Alg\u00e9rie est \u00e0 l&rsquo;avant-garde de tout ce qui est s\u00e9curit\u00e9 sanitaire\u00a0\u00bb, a-t-il soulign\u00e9, qualifiant le pays de mod\u00e8le \u00ab\u00a0pilote\u00a0\u00bb dans le domaine pharmaceutique sur le continent. Au-del\u00e0 de sa production nationale, M. Kaseya a mis en avant l&rsquo;engagement de l&rsquo;Alg\u00e9rie envers le reste du continent, tant sur le plan des produits pharmaceutiques que sur celui de l&rsquo;expertise humaine. \u00ab\u00a0L&rsquo;Alg\u00e9rie a un potentiel en ressources humaines incroyable\u00a0\u00bb, a-t-il fait valoir, avant d&rsquo;\u00e9tablir un lien direct entre cette coop\u00e9ration r\u00e9gionale et la souverainet\u00e9 sanitaire du pays lui-m\u00eame : \u00ab\u00a0En travaillant avec les pays africains, on parvient \u00e0 maitriser les \u00e9pid\u00e9mies l\u00e0 o\u00f9 elles sont et c&rsquo;est cela aussi qui fait la souverainet\u00e9 et la s\u00e9curit\u00e9 sanitaire de l&rsquo;Alg\u00e9rie\u00a0\u00bb, a-t-il soutenu.<\/p>\n\n\n\n<p class=\"wp-block-paragraph\">Le responsable d&rsquo;Africa CDC est \u00e9galement revenu sur la port\u00e9e de la conf\u00e9rence minist\u00e9rielle sur la production locale de m\u00e9dicaments et technologies de sant\u00e9, organis\u00e9e en novembre dernier \u00e0 Alger et \u00e0 l&rsquo;origine de la \u00ab\u00a0D\u00e9claration d&rsquo;Alger\u00a0\u00bb. Un \u00e9v\u00e9nement qu&rsquo;il pr\u00e9sente comme un tournant historique pour le continent car \u00ab\u00a0cela a \u00e9t\u00e9 la premi\u00e8re fois que l&rsquo;Afrique se r\u00e9veillait pour dire : nous voulons notre souverainet\u00e9 sanitaire\u00a0\u00bb, a-t-il d\u00e9clar\u00e9, ajoutant que cette m\u00eame th\u00e9matique avait fait l&rsquo;objet, ce m\u00eame jour, d&rsquo;un entretien d&rsquo;une heure avec le ministre alg\u00e9rien de l&rsquo;Industrie pharmaceutique, dont il a jug\u00e9 le bilan \u00ab\u00a0tr\u00e8s positif\u00a0\u00bb. Il a par ailleurs salu\u00e9 la cr\u00e9ation de ce minist\u00e8re, y voyant l&rsquo;illustration de \u00ab\u00a0toute la vision que le pr\u00e9sident de la R\u00e9publique (M. Abdelmadjid Tebboune) a par rapport \u00e0 ce domaine\u00a0\u00bb. Interrog\u00e9 sur l&rsquo;\u00e9pid\u00e9mie d&rsquo;Ebola qui s\u00e9vit actuellement sur le continent, M. Kaseya a fait \u00e9tat de plus de 700 d\u00e9c\u00e8s et de plus de 1 900 cas confirm\u00e9s \u00e0 ce jour. \u00ab\u00a0Je peux dire que la situation est s\u00e9rieuse mais on peut toujours la contr\u00f4ler\u00a0\u00bb, a-t-il temp\u00e9r\u00e9, remerciant au passage l&rsquo;Alg\u00e9rie pour son soutien, \u00ab\u00a0y compris le soutien financier qu&rsquo;elle a promis\u00a0\u00bb. Plus largement, le directeur g\u00e9n\u00e9ral d&rsquo;Africa CDC a estim\u00e9 que la situation sanitaire sur le continent progressait, malgr\u00e9 un sous-financement encore persistant des syst\u00e8mes de sant\u00e9 dans plusieurs pays africains. Il a toutefois not\u00e9 une prise de conscience croissante des Etats, y compris sur le plan financier, citant la mobilisation de 125 millions de dollars de fonds africains pour la seule riposte contre Ebola. \u00ab\u00a0C&rsquo;est la premi\u00e8re fois qu&rsquo;on parle d&rsquo;abord des financements africains avant de parler des financements ext\u00e9rieurs. Il y a une grosse prise de conscience\u00a0\u00bb, a-t-il conclu.<\/p>\n\n\n\n<p class=\"wp-block-paragraph\">R.N.<\/p>\n","protected":false},"excerpt":{"rendered":"<p>L&rsquo;Alg\u00e9rie s&rsquo;impose comme une r\u00e9f\u00e9rence continentale en mati\u00e8re de s\u00e9curit\u00e9 sanitaire, capable de couvrir plus de 80% de ses besoins<\/p>\n","protected":false},"author":6,"featured_media":0,"comment_status":"open","ping_status":"closed","sticky":false,"template":"","format":"standard","meta":{"colormag_page_container_layout":"default_layout","colormag_page_sidebar_layout":"default_layout","om_disable_all_campaigns":false,"_monsterinsights_skip_tracking":false,"footnotes":"","_wpscppro_dont_share_socialmedia":false,"_wpscppro_custom_social_share_image":0,"_facebook_share_type":"default","_twitter_share_type":"default","_linkedin_share_type":"default","_pinterest_share_type":"default","_linkedin_share_type_page":"","_instagram_share_type":"default","_medium_share_type":"default","_threads_share_type":"default","_google_business_share_type":"default","_bluesky_share_type":"","_mastodon_share_type":"","_selected_social_profile":[],"_wpsp_enable_custom_social_template":false,"_wpsp_social_scheduling":{"enabled":false,"datetime":null,"platforms":[],"status":"template_only","dateOption":"today","timeOption":"now","customDays":"","customHours":"","customDate":"","customTime":"","schedulingType":"absolute"},"_wpsp_active_default_template":true},"categories":[27],"tags":[],"class_list":["post-91549","post","type-post","status-publish","format-standard","hentry","category-actualite"],"aioseo_notices":[],"aioseo_head":"\n\t\t<!-- All in One SEO 5.0.0.1 - aioseo.com -->\n\t<meta name=\"description\" content=\"L&#039;Alg\u00e9rie s&#039;impose comme une r\u00e9f\u00e9rence continentale en mati\u00e8re de s\u00e9curit\u00e9 sanitaire, capable de couvrir plus de 80% de ses besoins en produits de sant\u00e9 par sa production nationale. C&#039;est ce qu&#039;a affirm\u00e9 le directeur g\u00e9n\u00e9ral d&#039;Africa CDC (Centres africains de contr\u00f4le et de pr\u00e9vention des maladies), Jean Kaseya, lors d&#039;une d\u00e9claration accord\u00e9e \u00e0 l&#039;APS en\" \/>\n\t<meta name=\"robots\" content=\"max-image-preview:large\" \/>\n\t<meta name=\"author\" content=\"admin\"\/>\n\t<link rel=\"canonical\" href=\"https:\/\/lasentinelle.dz\/index.php\/2026\/07\/15\/africa-cdc-lalgerie-erigee-en-modele-de-souverainete-sanitaire-africaine\/\" \/>\n\t<meta name=\"generator\" content=\"All in One SEO (AIOSEO) 5.0.0.1\" \/>\n\t\t<meta property=\"og:locale\" content=\"fr_FR\" \/>\n\t\t<meta property=\"og:site_name\" content=\"La Sentinelle - Quotidien national d&#039;information\" \/>\n\t\t<meta property=\"og:type\" content=\"article\" \/>\n\t\t<meta property=\"og:title\" content=\"Africa CDC : L\u2019Alg\u00e9rie \u00e9rig\u00e9e en mod\u00e8le de souverainet\u00e9 sanitaire africaine - La Sentinelle\" \/>\n\t\t<meta property=\"og:description\" content=\"L&#039;Alg\u00e9rie s&#039;impose comme une r\u00e9f\u00e9rence continentale en mati\u00e8re de s\u00e9curit\u00e9 sanitaire, capable de couvrir plus de 80% de ses besoins en produits de sant\u00e9 par sa production nationale. C&#039;est ce qu&#039;a affirm\u00e9 le directeur g\u00e9n\u00e9ral d&#039;Africa CDC (Centres africains de contr\u00f4le et de pr\u00e9vention des maladies), Jean Kaseya, lors d&#039;une d\u00e9claration accord\u00e9e \u00e0 l&#039;APS en\" \/>\n\t\t<meta property=\"og:url\" content=\"https:\/\/lasentinelle.dz\/index.php\/2026\/07\/15\/africa-cdc-lalgerie-erigee-en-modele-de-souverainete-sanitaire-africaine\/\" \/>\n\t\t<meta property=\"og:image\" content=\"https:\/\/lasentinelle.dz\/wp-content\/uploads\/2021\/09\/cropped-la-sentinelle-earth-golden-anima-5.gif\" \/>\n\t\t<meta property=\"og:image:secure_url\" content=\"https:\/\/lasentinelle.dz\/wp-content\/uploads\/2021\/09\/cropped-la-sentinelle-earth-golden-anima-5.gif\" \/>\n\t\t<meta property=\"og:image:width\" content=\"450\" \/>\n\t\t<meta property=\"og:image:height\" content=\"213\" \/>\n\t\t<meta property=\"article:published_time\" content=\"2026-07-15T20:09:06+00:00\" \/>\n\t\t<meta property=\"article:modified_time\" content=\"2026-07-15T20:09:10+00:00\" \/>\n\t\t<meta property=\"article:publisher\" content=\"https:\/\/www.facebook.com\/azzedine.lasentinelle.1\" \/>\n\t\t<meta name=\"twitter:card\" content=\"summary_large_image\" \/>\n\t\t<meta name=\"twitter:title\" content=\"Africa CDC : L\u2019Alg\u00e9rie \u00e9rig\u00e9e en mod\u00e8le de souverainet\u00e9 sanitaire africaine - La Sentinelle\" \/>\n\t\t<meta name=\"twitter:description\" content=\"L&#039;Alg\u00e9rie s&#039;impose comme une r\u00e9f\u00e9rence continentale en mati\u00e8re de s\u00e9curit\u00e9 sanitaire, capable de couvrir plus de 80% de ses besoins en produits de sant\u00e9 par sa production nationale. C&#039;est ce qu&#039;a affirm\u00e9 le directeur g\u00e9n\u00e9ral d&#039;Africa CDC (Centres africains de contr\u00f4le et de pr\u00e9vention des maladies), Jean Kaseya, lors d&#039;une d\u00e9claration accord\u00e9e \u00e0 l&#039;APS en\" \/>\n\t\t<meta name=\"twitter:image\" content=\"https:\/\/lasentinelle.dz\/wp-content\/uploads\/2021\/09\/cropped-la-sentinelle-earth-golden-anima-5.gif\" \/>\n\t\t<script type=\"application\/ld+json\" class=\"aioseo-schema\">\n\t\t\t{\"@context\":\"https:\\\/\\\/schema.org\",\"@graph\":[{\"@type\":\"BlogPosting\",\"@id\":\"https:\\\/\\\/lasentinelle.dz\\\/index.php\\\/2026\\\/07\\\/15\\\/africa-cdc-lalgerie-erigee-en-modele-de-souverainete-sanitaire-africaine\\\/#blogposting\",\"name\":\"Africa CDC : L\\u2019Alg\\u00e9rie \\u00e9rig\\u00e9e en mod\\u00e8le de souverainet\\u00e9 sanitaire africaine - La Sentinelle\",\"headline\":\"Africa CDC\\u00a0: L&rsquo;Alg\\u00e9rie \\u00e9rig\\u00e9e en mod\\u00e8le de souverainet\\u00e9 sanitaire africaine\",\"author\":{\"@id\":\"https:\\\/\\\/lasentinelle.dz\\\/author\\\/admin\\\/#author\"},\"publisher\":{\"@id\":\"https:\\\/\\\/lasentinelle.dz\\\/#organization\"},\"image\":{\"@type\":\"ImageObject\",\"url\":\"https:\\\/\\\/lasentinelle.dz\\\/wp-content\\\/uploads\\\/2021\\\/09\\\/cropped-la-sentinelle-earth-golden-anima-5.gif\",\"@id\":\"https:\\\/\\\/lasentinelle.dz\\\/#articleImage\",\"width\":450,\"height\":213},\"datePublished\":\"2026-07-15T21:09:06+01:00\",\"dateModified\":\"2026-07-15T21:09:10+01:00\",\"inLanguage\":\"fr-FR\",\"mainEntityOfPage\":{\"@id\":\"https:\\\/\\\/lasentinelle.dz\\\/index.php\\\/2026\\\/07\\\/15\\\/africa-cdc-lalgerie-erigee-en-modele-de-souverainete-sanitaire-africaine\\\/#webpage\"},\"isPartOf\":{\"@id\":\"https:\\\/\\\/lasentinelle.dz\\\/index.php\\\/2026\\\/07\\\/15\\\/africa-cdc-lalgerie-erigee-en-modele-de-souverainete-sanitaire-africaine\\\/#webpage\"},\"articleSection\":\"Actualit\\u00e9\"},{\"@type\":\"BreadcrumbList\",\"@id\":\"https:\\\/\\\/lasentinelle.dz\\\/index.php\\\/2026\\\/07\\\/15\\\/africa-cdc-lalgerie-erigee-en-modele-de-souverainete-sanitaire-africaine\\\/#breadcrumblist\",\"itemListElement\":[{\"@type\":\"ListItem\",\"@id\":\"https:\\\/\\\/lasentinelle.dz#listItem\",\"position\":1,\"name\":\"Home\",\"item\":\"https:\\\/\\\/lasentinelle.dz\",\"nextItem\":{\"@type\":\"ListItem\",\"@id\":\"https:\\\/\\\/lasentinelle.dz\\\/index.php\\\/category\\\/actualite\\\/#listItem\",\"name\":\"Actualit\\u00e9\"}},{\"@type\":\"ListItem\",\"@id\":\"https:\\\/\\\/lasentinelle.dz\\\/index.php\\\/category\\\/actualite\\\/#listItem\",\"position\":2,\"name\":\"Actualit\\u00e9\",\"item\":\"https:\\\/\\\/lasentinelle.dz\\\/index.php\\\/category\\\/actualite\\\/\",\"nextItem\":{\"@type\":\"ListItem\",\"@id\":\"https:\\\/\\\/lasentinelle.dz\\\/index.php\\\/2026\\\/07\\\/15\\\/africa-cdc-lalgerie-erigee-en-modele-de-souverainete-sanitaire-africaine\\\/#listItem\",\"name\":\"Africa CDC\\u00a0: L&rsquo;Alg\\u00e9rie \\u00e9rig\\u00e9e en mod\\u00e8le de souverainet\\u00e9 sanitaire africaine\"},\"previousItem\":{\"@type\":\"ListItem\",\"@id\":\"https:\\\/\\\/lasentinelle.dz#listItem\",\"name\":\"Home\"}},{\"@type\":\"ListItem\",\"@id\":\"https:\\\/\\\/lasentinelle.dz\\\/index.php\\\/2026\\\/07\\\/15\\\/africa-cdc-lalgerie-erigee-en-modele-de-souverainete-sanitaire-africaine\\\/#listItem\",\"position\":3,\"name\":\"Africa CDC\\u00a0: L&rsquo;Alg\\u00e9rie \\u00e9rig\\u00e9e en mod\\u00e8le de souverainet\\u00e9 sanitaire africaine\",\"previousItem\":{\"@type\":\"ListItem\",\"@id\":\"https:\\\/\\\/lasentinelle.dz\\\/index.php\\\/category\\\/actualite\\\/#listItem\",\"name\":\"Actualit\\u00e9\"}}]},{\"@type\":\"Organization\",\"@id\":\"https:\\\/\\\/lasentinelle.dz\\\/#organization\",\"name\":\"La Sentinelle La Sentinelle\",\"description\":\"Quotidien national d'information\",\"url\":\"https:\\\/\\\/lasentinelle.dz\\\/\",\"logo\":{\"@type\":\"ImageObject\",\"url\":\"https:\\\/\\\/lasentinelle.dz\\\/wp-content\\\/uploads\\\/2021\\\/09\\\/cropped-la-sentinelle-earth-golden-anima-5.gif\",\"@id\":\"https:\\\/\\\/lasentinelle.dz\\\/index.php\\\/2026\\\/07\\\/15\\\/africa-cdc-lalgerie-erigee-en-modele-de-souverainete-sanitaire-africaine\\\/#organizationLogo\",\"width\":450,\"height\":213},\"image\":{\"@id\":\"https:\\\/\\\/lasentinelle.dz\\\/index.php\\\/2026\\\/07\\\/15\\\/africa-cdc-lalgerie-erigee-en-modele-de-souverainete-sanitaire-africaine\\\/#organizationLogo\"},\"sameAs\":[\"https:\\\/\\\/www.facebook.com\\\/azzedine.lasentinelle.1\"]},{\"@type\":\"Person\",\"@id\":\"https:\\\/\\\/lasentinelle.dz\\\/author\\\/admin\\\/#author\",\"url\":\"https:\\\/\\\/lasentinelle.dz\\\/author\\\/admin\\\/\",\"name\":\"admin\",\"image\":{\"@type\":\"ImageObject\",\"@id\":\"https:\\\/\\\/lasentinelle.dz\\\/index.php\\\/2026\\\/07\\\/15\\\/africa-cdc-lalgerie-erigee-en-modele-de-souverainete-sanitaire-africaine\\\/#authorImage\",\"url\":\"https:\\\/\\\/secure.gravatar.com\\\/avatar\\\/4c81fed838786e9b53f540bf46533e750f5d292099ae3b66cfc6fb1982e29df7?s=96&d=mm&r=g\",\"width\":96,\"height\":96,\"caption\":\"admin\"}},{\"@type\":\"WebPage\",\"@id\":\"https:\\\/\\\/lasentinelle.dz\\\/index.php\\\/2026\\\/07\\\/15\\\/africa-cdc-lalgerie-erigee-en-modele-de-souverainete-sanitaire-africaine\\\/#webpage\",\"url\":\"https:\\\/\\\/lasentinelle.dz\\\/index.php\\\/2026\\\/07\\\/15\\\/africa-cdc-lalgerie-erigee-en-modele-de-souverainete-sanitaire-africaine\\\/\",\"name\":\"Africa CDC : L\\u2019Alg\\u00e9rie \\u00e9rig\\u00e9e en mod\\u00e8le de souverainet\\u00e9 sanitaire africaine - La Sentinelle\",\"description\":\"L'Alg\\u00e9rie s'impose comme une r\\u00e9f\\u00e9rence continentale en mati\\u00e8re de s\\u00e9curit\\u00e9 sanitaire, capable de couvrir plus de 80% de ses besoins en produits de sant\\u00e9 par sa production nationale. C'est ce qu'a affirm\\u00e9 le directeur g\\u00e9n\\u00e9ral d'Africa CDC (Centres africains de contr\\u00f4le et de pr\\u00e9vention des maladies), Jean Kaseya, lors d'une d\\u00e9claration accord\\u00e9e \\u00e0 l'APS en\",\"inLanguage\":\"fr-FR\",\"isPartOf\":{\"@id\":\"https:\\\/\\\/lasentinelle.dz\\\/#website\"},\"breadcrumb\":{\"@id\":\"https:\\\/\\\/lasentinelle.dz\\\/index.php\\\/2026\\\/07\\\/15\\\/africa-cdc-lalgerie-erigee-en-modele-de-souverainete-sanitaire-africaine\\\/#breadcrumblist\"},\"author\":{\"@id\":\"https:\\\/\\\/lasentinelle.dz\\\/author\\\/admin\\\/#author\"},\"creator\":{\"@id\":\"https:\\\/\\\/lasentinelle.dz\\\/author\\\/admin\\\/#author\"},\"datePublished\":\"2026-07-15T21:09:06+01:00\",\"dateModified\":\"2026-07-15T21:09:10+01:00\"},{\"@type\":\"WebSite\",\"@id\":\"https:\\\/\\\/lasentinelle.dz\\\/#website\",\"url\":\"https:\\\/\\\/lasentinelle.dz\\\/\",\"name\":\"La Sentinelle\",\"description\":\"Quotidien national d'information\",\"inLanguage\":\"fr-FR\",\"publisher\":{\"@id\":\"https:\\\/\\\/lasentinelle.dz\\\/#organization\"}}]}\n\t\t<\/script>\n\t\t<!-- All in One SEO -->\n\n","aioseo_head_json":{"title":"Africa CDC : L\u2019Alg\u00e9rie \u00e9rig\u00e9e en mod\u00e8le de souverainet\u00e9 sanitaire africaine - La Sentinelle","description":"L'Alg\u00e9rie s'impose comme une r\u00e9f\u00e9rence continentale en mati\u00e8re de s\u00e9curit\u00e9 sanitaire, capable de couvrir plus de 80% de ses besoins en produits de sant\u00e9 par sa production nationale. C'est ce qu'a affirm\u00e9 le directeur g\u00e9n\u00e9ral d'Africa CDC (Centres africains de contr\u00f4le et de pr\u00e9vention des maladies), Jean Kaseya, lors d'une d\u00e9claration accord\u00e9e \u00e0 l'APS en","canonical_url":"https:\/\/lasentinelle.dz\/index.php\/2026\/07\/15\/africa-cdc-lalgerie-erigee-en-modele-de-souverainete-sanitaire-africaine\/","robots":"max-image-preview:large","keywords":"","webmasterTools":{"miscellaneous":""},"schema":{"@context":"https:\/\/schema.org","@graph":[{"@type":"BlogPosting","@id":"https:\/\/lasentinelle.dz\/index.php\/2026\/07\/15\/africa-cdc-lalgerie-erigee-en-modele-de-souverainete-sanitaire-africaine\/#blogposting","name":"Africa CDC : L\u2019Alg\u00e9rie \u00e9rig\u00e9e en mod\u00e8le de souverainet\u00e9 sanitaire africaine - La Sentinelle","headline":"Africa CDC\u00a0: L&rsquo;Alg\u00e9rie \u00e9rig\u00e9e en mod\u00e8le de souverainet\u00e9 sanitaire africaine","author":{"@id":"https:\/\/lasentinelle.dz\/author\/admin\/#author"},"publisher":{"@id":"https:\/\/lasentinelle.dz\/#organization"},"image":{"@type":"ImageObject","url":"https:\/\/lasentinelle.dz\/wp-content\/uploads\/2021\/09\/cropped-la-sentinelle-earth-golden-anima-5.gif","@id":"https:\/\/lasentinelle.dz\/#articleImage","width":450,"height":213},"datePublished":"2026-07-15T21:09:06+01:00","dateModified":"2026-07-15T21:09:10+01:00","inLanguage":"fr-FR","mainEntityOfPage":{"@id":"https:\/\/lasentinelle.dz\/index.php\/2026\/07\/15\/africa-cdc-lalgerie-erigee-en-modele-de-souverainete-sanitaire-africaine\/#webpage"},"isPartOf":{"@id":"https:\/\/lasentinelle.dz\/index.php\/2026\/07\/15\/africa-cdc-lalgerie-erigee-en-modele-de-souverainete-sanitaire-africaine\/#webpage"},"articleSection":"Actualit\u00e9"},{"@type":"BreadcrumbList","@id":"https:\/\/lasentinelle.dz\/index.php\/2026\/07\/15\/africa-cdc-lalgerie-erigee-en-modele-de-souverainete-sanitaire-africaine\/#breadcrumblist","itemListElement":[{"@type":"ListItem","@id":"https:\/\/lasentinelle.dz#listItem","position":1,"name":"Home","item":"https:\/\/lasentinelle.dz","nextItem":{"@type":"ListItem","@id":"https:\/\/lasentinelle.dz\/index.php\/category\/actualite\/#listItem","name":"Actualit\u00e9"}},{"@type":"ListItem","@id":"https:\/\/lasentinelle.dz\/index.php\/category\/actualite\/#listItem","position":2,"name":"Actualit\u00e9","item":"https:\/\/lasentinelle.dz\/index.php\/category\/actualite\/","nextItem":{"@type":"ListItem","@id":"https:\/\/lasentinelle.dz\/index.php\/2026\/07\/15\/africa-cdc-lalgerie-erigee-en-modele-de-souverainete-sanitaire-africaine\/#listItem","name":"Africa CDC\u00a0: L&rsquo;Alg\u00e9rie \u00e9rig\u00e9e en mod\u00e8le de souverainet\u00e9 sanitaire africaine"},"previousItem":{"@type":"ListItem","@id":"https:\/\/lasentinelle.dz#listItem","name":"Home"}},{"@type":"ListItem","@id":"https:\/\/lasentinelle.dz\/index.php\/2026\/07\/15\/africa-cdc-lalgerie-erigee-en-modele-de-souverainete-sanitaire-africaine\/#listItem","position":3,"name":"Africa CDC\u00a0: L&rsquo;Alg\u00e9rie \u00e9rig\u00e9e en mod\u00e8le de souverainet\u00e9 sanitaire africaine","previousItem":{"@type":"ListItem","@id":"https:\/\/lasentinelle.dz\/index.php\/category\/actualite\/#listItem","name":"Actualit\u00e9"}}]},{"@type":"Organization","@id":"https:\/\/lasentinelle.dz\/#organization","name":"La Sentinelle La Sentinelle","description":"Quotidien national d'information","url":"https:\/\/lasentinelle.dz\/","logo":{"@type":"ImageObject","url":"https:\/\/lasentinelle.dz\/wp-content\/uploads\/2021\/09\/cropped-la-sentinelle-earth-golden-anima-5.gif","@id":"https:\/\/lasentinelle.dz\/index.php\/2026\/07\/15\/africa-cdc-lalgerie-erigee-en-modele-de-souverainete-sanitaire-africaine\/#organizationLogo","width":450,"height":213},"image":{"@id":"https:\/\/lasentinelle.dz\/index.php\/2026\/07\/15\/africa-cdc-lalgerie-erigee-en-modele-de-souverainete-sanitaire-africaine\/#organizationLogo"},"sameAs":["https:\/\/www.facebook.com\/azzedine.lasentinelle.1"]},{"@type":"Person","@id":"https:\/\/lasentinelle.dz\/author\/admin\/#author","url":"https:\/\/lasentinelle.dz\/author\/admin\/","name":"admin","image":{"@type":"ImageObject","@id":"https:\/\/lasentinelle.dz\/index.php\/2026\/07\/15\/africa-cdc-lalgerie-erigee-en-modele-de-souverainete-sanitaire-africaine\/#authorImage","url":"https:\/\/secure.gravatar.com\/avatar\/4c81fed838786e9b53f540bf46533e750f5d292099ae3b66cfc6fb1982e29df7?s=96&d=mm&r=g","width":96,"height":96,"caption":"admin"}},{"@type":"WebPage","@id":"https:\/\/lasentinelle.dz\/index.php\/2026\/07\/15\/africa-cdc-lalgerie-erigee-en-modele-de-souverainete-sanitaire-africaine\/#webpage","url":"https:\/\/lasentinelle.dz\/index.php\/2026\/07\/15\/africa-cdc-lalgerie-erigee-en-modele-de-souverainete-sanitaire-africaine\/","name":"Africa CDC : L\u2019Alg\u00e9rie \u00e9rig\u00e9e en mod\u00e8le de souverainet\u00e9 sanitaire africaine - La Sentinelle","description":"L'Alg\u00e9rie s'impose comme une r\u00e9f\u00e9rence continentale en mati\u00e8re de s\u00e9curit\u00e9 sanitaire, capable de couvrir plus de 80% de ses besoins en produits de sant\u00e9 par sa production nationale. C'est ce qu'a affirm\u00e9 le directeur g\u00e9n\u00e9ral d'Africa CDC (Centres africains de contr\u00f4le et de pr\u00e9vention des maladies), Jean Kaseya, lors d'une d\u00e9claration accord\u00e9e \u00e0 l'APS en","inLanguage":"fr-FR","isPartOf":{"@id":"https:\/\/lasentinelle.dz\/#website"},"breadcrumb":{"@id":"https:\/\/lasentinelle.dz\/index.php\/2026\/07\/15\/africa-cdc-lalgerie-erigee-en-modele-de-souverainete-sanitaire-africaine\/#breadcrumblist"},"author":{"@id":"https:\/\/lasentinelle.dz\/author\/admin\/#author"},"creator":{"@id":"https:\/\/lasentinelle.dz\/author\/admin\/#author"},"datePublished":"2026-07-15T21:09:06+01:00","dateModified":"2026-07-15T21:09:10+01:00"},{"@type":"WebSite","@id":"https:\/\/lasentinelle.dz\/#website","url":"https:\/\/lasentinelle.dz\/","name":"La Sentinelle","description":"Quotidien national d'information","inLanguage":"fr-FR","publisher":{"@id":"https:\/\/lasentinelle.dz\/#organization"}}]},"og:locale":"fr_FR","og:site_name":"La Sentinelle - Quotidien national d'information","og:type":"article","og:title":"Africa CDC : L\u2019Alg\u00e9rie \u00e9rig\u00e9e en mod\u00e8le de souverainet\u00e9 sanitaire africaine - La Sentinelle","og:description":"L'Alg\u00e9rie s'impose comme une r\u00e9f\u00e9rence continentale en mati\u00e8re de s\u00e9curit\u00e9 sanitaire, capable de couvrir plus de 80% de ses besoins en produits de sant\u00e9 par sa production nationale. C'est ce qu'a affirm\u00e9 le directeur g\u00e9n\u00e9ral d'Africa CDC (Centres africains de contr\u00f4le et de pr\u00e9vention des maladies), Jean Kaseya, lors d'une d\u00e9claration accord\u00e9e \u00e0 l'APS en","og:url":"https:\/\/lasentinelle.dz\/index.php\/2026\/07\/15\/africa-cdc-lalgerie-erigee-en-modele-de-souverainete-sanitaire-africaine\/","og:image":"https:\/\/lasentinelle.dz\/wp-content\/uploads\/2021\/09\/cropped-la-sentinelle-earth-golden-anima-5.gif","og:image:secure_url":"https:\/\/lasentinelle.dz\/wp-content\/uploads\/2021\/09\/cropped-la-sentinelle-earth-golden-anima-5.gif","og:image:width":450,"og:image:height":213,"article:published_time":"2026-07-15T20:09:06+00:00","article:modified_time":"2026-07-15T20:09:10+00:00","article:publisher":"https:\/\/www.facebook.com\/azzedine.lasentinelle.1","twitter:card":"summary_large_image","twitter:title":"Africa CDC : L\u2019Alg\u00e9rie \u00e9rig\u00e9e en mod\u00e8le de souverainet\u00e9 sanitaire africaine - La Sentinelle","twitter:description":"L'Alg\u00e9rie s'impose comme une r\u00e9f\u00e9rence continentale en mati\u00e8re de s\u00e9curit\u00e9 sanitaire, capable de couvrir plus de 80% de ses besoins en produits de sant\u00e9 par sa production nationale. C'est ce qu'a affirm\u00e9 le directeur g\u00e9n\u00e9ral d'Africa CDC (Centres africains de contr\u00f4le et de pr\u00e9vention des maladies), Jean Kaseya, lors d'une d\u00e9claration accord\u00e9e \u00e0 l'APS en","twitter:image":"https:\/\/lasentinelle.dz\/wp-content\/uploads\/2021\/09\/cropped-la-sentinelle-earth-golden-anima-5.gif"},"aioseo_meta_data":{"post_id":"91549","title":null,"description":null,"keywords":null,"keyphrases":{"focus":{"keyphrase":"","score":0,"analysis":{"keyphraseInTitle":{"score":0,"maxScore":9,"error":1}}},"additional":[]},"primary_term":null,"canonical_url":null,"og_title":null,"og_description":null,"og_object_type":"default","og_image_type":"default","og_image_url":null,"og_image_width":null,"og_image_height":null,"og_image_custom_url":null,"og_image_custom_fields":null,"og_video":"","og_custom_url":null,"og_article_section":null,"og_article_tags":null,"twitter_use_og":false,"twitter_card":"default","twitter_image_type":"default","twitter_image_url":null,"twitter_image_custom_url":null,"twitter_image_custom_fields":null,"twitter_title":null,"twitter_description":null,"schema":{"blockGraphs":[],"customGraphs":[],"default":{"data":{"Article":[],"Course":[],"Dataset":[],"FAQPage":[],"Movie":[],"Person":[],"Product":[],"ProductReview":[],"Car":[],"Recipe":[],"Service":[],"SoftwareApplication":[],"WebPage":[]},"graphName":"BlogPosting","isEnabled":true},"graphs":[]},"schema_type":"default","schema_type_options":null,"pillar_content":false,"robots_default":true,"robots_noindex":false,"robots_noarchive":false,"robots_nosnippet":false,"robots_nofollow":false,"robots_noimageindex":false,"robots_noodp":false,"robots_notranslate":false,"robots_max_snippet":"-1","robots_max_videopreview":"-1","robots_max_imagepreview":"large","priority":null,"frequency":"default","local_seo":null,"breadcrumb_settings":null,"limit_modified_date":false,"ai":{"faqs":[],"keyPoints":[],"schemas":[],"titles":[],"descriptions":[],"socialPosts":{"email":[],"linkedin":[],"twitter":[],"facebook":[],"instagram":[]}},"created":"2026-07-15 20:09:53","updated":"2026-07-15 20:17:32","focus_keyword":null,"additional_keywords":null,"truseo_locale":null,"seo_analyzer_scan_date":null},"aioseo_breadcrumb":"<div class=\"aioseo-breadcrumbs\"><span class=\"aioseo-breadcrumb\">\n\t\t\t<a href=\"https:\/\/lasentinelle.dz\" title=\"Home\">Home<\/a>\n\t\t<\/span><span class=\"aioseo-breadcrumb-separator\">&raquo;<\/span><span class=\"aioseo-breadcrumb\">\n\t\t\t<a href=\"https:\/\/lasentinelle.dz\/index.php\/category\/actualite\/\" title=\"Actualit\u00e9\">Actualit\u00e9<\/a>\n\t\t<\/span><span class=\"aioseo-breadcrumb-separator\">&raquo;<\/span><span class=\"aioseo-breadcrumb\">\n\t\t\tAfrica CDC : L\u2019Alg\u00e9rie \u00e9rig\u00e9e en mod\u00e8le de souverainet\u00e9 sanitaire africaine\n\t\t<\/span><\/div>","aioseo_breadcrumb_json":[{"label":"Home","link":"https:\/\/lasentinelle.dz"},{"label":"Actualit\u00e9","link":"https:\/\/lasentinelle.dz\/index.php\/category\/actualite\/"},{"label":"Africa CDC\u00a0: L&rsquo;Alg\u00e9rie \u00e9rig\u00e9e en mod\u00e8le de souverainet\u00e9 sanitaire africaine","link":"https:\/\/lasentinelle.dz\/index.php\/2026\/07\/15\/africa-cdc-lalgerie-erigee-en-modele-de-souverainete-sanitaire-africaine\/"}],"yoast_head":"<!-- This site is optimized with the Yoast SEO plugin v28.3 - https:\/\/yoast.com\/product\/yoast-seo-wordpress\/ -->\n<title>Africa CDC\u00a0: L&rsquo;Alg\u00e9rie \u00e9rig\u00e9e en mod\u00e8le de souverainet\u00e9 sanitaire africaine - La Sentinelle<\/title>\n<meta name=\"robots\" content=\"index, follow, max-snippet:-1, max-image-preview:large, max-video-preview:-1\" \/>\n<link rel=\"canonical\" href=\"https:\/\/lasentinelle.dz\/index.php\/2026\/07\/15\/africa-cdc-lalgerie-erigee-en-modele-de-souverainete-sanitaire-africaine\/\" \/>\n<meta property=\"og:locale\" content=\"fr_FR\" \/>\n<meta property=\"og:type\" content=\"article\" \/>\n<meta property=\"og:title\" content=\"Africa CDC\u00a0: L&rsquo;Alg\u00e9rie \u00e9rig\u00e9e en mod\u00e8le de souverainet\u00e9 sanitaire africaine - La Sentinelle\" \/>\n<meta property=\"og:description\" content=\"L&rsquo;Alg\u00e9rie s&rsquo;impose comme une r\u00e9f\u00e9rence continentale en mati\u00e8re de s\u00e9curit\u00e9 sanitaire, capable de couvrir plus de 80% de ses besoins\" \/>\n<meta property=\"og:url\" content=\"https:\/\/lasentinelle.dz\/index.php\/2026\/07\/15\/africa-cdc-lalgerie-erigee-en-modele-de-souverainete-sanitaire-africaine\/\" \/>\n<meta property=\"og:site_name\" content=\"La Sentinelle\" \/>\n<meta property=\"article:publisher\" content=\"https:\/\/www.facebook.com\/La-Sentinelle-104059864394773\" \/>\n<meta property=\"article:published_time\" content=\"2026-07-15T20:09:06+00:00\" \/>\n<meta property=\"article:modified_time\" content=\"2026-07-15T20:09:10+00:00\" \/>\n<meta name=\"author\" content=\"admin\" \/>\n<meta name=\"twitter:card\" content=\"summary_large_image\" \/>\n<meta name=\"twitter:label1\" content=\"\u00c9crit par\" \/>\n\t<meta name=\"twitter:data1\" content=\"admin\" \/>\n\t<meta name=\"twitter:label2\" content=\"Dur\u00e9e de lecture estim\u00e9e\" \/>\n\t<meta name=\"twitter:data2\" content=\"3 minutes\" \/>\n<script type=\"application\/ld+json\" class=\"yoast-schema-graph\">{\"@context\":\"https:\\\/\\\/schema.org\",\"@graph\":[{\"@type\":\"Article\",\"@id\":\"https:\\\/\\\/lasentinelle.dz\\\/index.php\\\/2026\\\/07\\\/15\\\/africa-cdc-lalgerie-erigee-en-modele-de-souverainete-sanitaire-africaine\\\/#article\",\"isPartOf\":{\"@id\":\"https:\\\/\\\/lasentinelle.dz\\\/index.php\\\/2026\\\/07\\\/15\\\/africa-cdc-lalgerie-erigee-en-modele-de-souverainete-sanitaire-africaine\\\/\"},\"author\":{\"name\":\"admin\",\"@id\":\"https:\\\/\\\/lasentinelle.dz\\\/#\\\/schema\\\/person\\\/729ee0024f24e0b8c5ec17232f8e8b41\"},\"headline\":\"Africa CDC\u00a0: L&rsquo;Alg\u00e9rie \u00e9rig\u00e9e en mod\u00e8le de souverainet\u00e9 sanitaire africaine\",\"datePublished\":\"2026-07-15T20:09:06+00:00\",\"dateModified\":\"2026-07-15T20:09:10+00:00\",\"mainEntityOfPage\":{\"@id\":\"https:\\\/\\\/lasentinelle.dz\\\/index.php\\\/2026\\\/07\\\/15\\\/africa-cdc-lalgerie-erigee-en-modele-de-souverainete-sanitaire-africaine\\\/\"},\"wordCount\":667,\"commentCount\":0,\"publisher\":{\"@id\":\"https:\\\/\\\/lasentinelle.dz\\\/#organization\"},\"articleSection\":[\"Actualit\u00e9\"],\"inLanguage\":\"fr-FR\",\"potentialAction\":[{\"@type\":\"CommentAction\",\"name\":\"Comment\",\"target\":[\"https:\\\/\\\/lasentinelle.dz\\\/index.php\\\/2026\\\/07\\\/15\\\/africa-cdc-lalgerie-erigee-en-modele-de-souverainete-sanitaire-africaine\\\/#respond\"]}]},{\"@type\":\"WebPage\",\"@id\":\"https:\\\/\\\/lasentinelle.dz\\\/index.php\\\/2026\\\/07\\\/15\\\/africa-cdc-lalgerie-erigee-en-modele-de-souverainete-sanitaire-africaine\\\/\",\"url\":\"https:\\\/\\\/lasentinelle.dz\\\/index.php\\\/2026\\\/07\\\/15\\\/africa-cdc-lalgerie-erigee-en-modele-de-souverainete-sanitaire-africaine\\\/\",\"name\":\"Africa CDC\u00a0: L&rsquo;Alg\u00e9rie \u00e9rig\u00e9e en mod\u00e8le de souverainet\u00e9 sanitaire africaine - La Sentinelle\",\"isPartOf\":{\"@id\":\"https:\\\/\\\/lasentinelle.dz\\\/#website\"},\"datePublished\":\"2026-07-15T20:09:06+00:00\",\"dateModified\":\"2026-07-15T20:09:10+00:00\",\"breadcrumb\":{\"@id\":\"https:\\\/\\\/lasentinelle.dz\\\/index.php\\\/2026\\\/07\\\/15\\\/africa-cdc-lalgerie-erigee-en-modele-de-souverainete-sanitaire-africaine\\\/#breadcrumb\"},\"inLanguage\":\"fr-FR\",\"potentialAction\":[{\"@type\":\"ReadAction\",\"target\":[\"https:\\\/\\\/lasentinelle.dz\\\/index.php\\\/2026\\\/07\\\/15\\\/africa-cdc-lalgerie-erigee-en-modele-de-souverainete-sanitaire-africaine\\\/\"]}]},{\"@type\":\"BreadcrumbList\",\"@id\":\"https:\\\/\\\/lasentinelle.dz\\\/index.php\\\/2026\\\/07\\\/15\\\/africa-cdc-lalgerie-erigee-en-modele-de-souverainete-sanitaire-africaine\\\/#breadcrumb\",\"itemListElement\":[{\"@type\":\"ListItem\",\"position\":1,\"name\":\"Accueil\",\"item\":\"https:\\\/\\\/lasentinelle.dz\\\/\"},{\"@type\":\"ListItem\",\"position\":2,\"name\":\"Africa CDC\u00a0: L&rsquo;Alg\u00e9rie \u00e9rig\u00e9e en mod\u00e8le de souverainet\u00e9 sanitaire africaine\"}]},{\"@type\":\"WebSite\",\"@id\":\"https:\\\/\\\/lasentinelle.dz\\\/#website\",\"url\":\"https:\\\/\\\/lasentinelle.dz\\\/\",\"name\":\"La Sentinelle\",\"description\":\"Quotidien national d&#039;information\",\"publisher\":{\"@id\":\"https:\\\/\\\/lasentinelle.dz\\\/#organization\"},\"potentialAction\":[{\"@type\":\"SearchAction\",\"target\":{\"@type\":\"EntryPoint\",\"urlTemplate\":\"https:\\\/\\\/lasentinelle.dz\\\/?s={search_term_string}\"},\"query-input\":{\"@type\":\"PropertyValueSpecification\",\"valueRequired\":true,\"valueName\":\"search_term_string\"}}],\"inLanguage\":\"fr-FR\"},{\"@type\":\"Organization\",\"@id\":\"https:\\\/\\\/lasentinelle.dz\\\/#organization\",\"name\":\"Quotidien La Sentinelle\",\"url\":\"https:\\\/\\\/lasentinelle.dz\\\/\",\"logo\":{\"@type\":\"ImageObject\",\"inLanguage\":\"fr-FR\",\"@id\":\"https:\\\/\\\/lasentinelle.dz\\\/#\\\/schema\\\/logo\\\/image\\\/\",\"url\":\"https:\\\/\\\/lasentinelle.dz\\\/wp-content\\\/uploads\\\/2021\\\/09\\\/logo-sentinelleSLOGAN-1.png\",\"contentUrl\":\"https:\\\/\\\/lasentinelle.dz\\\/wp-content\\\/uploads\\\/2021\\\/09\\\/logo-sentinelleSLOGAN-1.png\",\"width\":615,\"height\":142,\"caption\":\"Quotidien La Sentinelle\"},\"image\":{\"@id\":\"https:\\\/\\\/lasentinelle.dz\\\/#\\\/schema\\\/logo\\\/image\\\/\"},\"sameAs\":[\"https:\\\/\\\/www.facebook.com\\\/La-Sentinelle-104059864394773\"]},{\"@type\":\"Person\",\"@id\":\"https:\\\/\\\/lasentinelle.dz\\\/#\\\/schema\\\/person\\\/729ee0024f24e0b8c5ec17232f8e8b41\",\"name\":\"admin\",\"image\":{\"@type\":\"ImageObject\",\"inLanguage\":\"fr-FR\",\"@id\":\"https:\\\/\\\/secure.gravatar.com\\\/avatar\\\/4c81fed838786e9b53f540bf46533e750f5d292099ae3b66cfc6fb1982e29df7?s=96&d=mm&r=g\",\"url\":\"https:\\\/\\\/secure.gravatar.com\\\/avatar\\\/4c81fed838786e9b53f540bf46533e750f5d292099ae3b66cfc6fb1982e29df7?s=96&d=mm&r=g\",\"contentUrl\":\"https:\\\/\\\/secure.gravatar.com\\\/avatar\\\/4c81fed838786e9b53f540bf46533e750f5d292099ae3b66cfc6fb1982e29df7?s=96&d=mm&r=g\",\"caption\":\"admin\"},\"description\":\"admin\",\"url\":\"https:\\\/\\\/lasentinelle.dz\\\/author\\\/admin\\\/\"}]}<\/script>\n<!-- \/ Yoast SEO plugin. -->","yoast_head_json":{"title":"Africa CDC\u00a0: L&rsquo;Alg\u00e9rie \u00e9rig\u00e9e en mod\u00e8le de souverainet\u00e9 sanitaire africaine - La Sentinelle","robots":{"index":"index","follow":"follow","max-snippet":"max-snippet:-1","max-image-preview":"max-image-preview:large","max-video-preview":"max-video-preview:-1"},"canonical":"https:\/\/lasentinelle.dz\/index.php\/2026\/07\/15\/africa-cdc-lalgerie-erigee-en-modele-de-souverainete-sanitaire-africaine\/","og_locale":"fr_FR","og_type":"article","og_title":"Africa CDC\u00a0: L&rsquo;Alg\u00e9rie \u00e9rig\u00e9e en mod\u00e8le de souverainet\u00e9 sanitaire africaine - La Sentinelle","og_description":"L&rsquo;Alg\u00e9rie s&rsquo;impose comme une r\u00e9f\u00e9rence continentale en mati\u00e8re de s\u00e9curit\u00e9 sanitaire, capable de couvrir plus de 80% de ses besoins","og_url":"https:\/\/lasentinelle.dz\/index.php\/2026\/07\/15\/africa-cdc-lalgerie-erigee-en-modele-de-souverainete-sanitaire-africaine\/","og_site_name":"La Sentinelle","article_publisher":"https:\/\/www.facebook.com\/La-Sentinelle-104059864394773","article_published_time":"2026-07-15T20:09:06+00:00","article_modified_time":"2026-07-15T20:09:10+00:00","author":"admin","twitter_card":"summary_large_image","twitter_misc":{"\u00c9crit par":"admin","Dur\u00e9e de lecture estim\u00e9e":"3 minutes"},"schema":{"@context":"https:\/\/schema.org","@graph":[{"@type":"Article","@id":"https:\/\/lasentinelle.dz\/index.php\/2026\/07\/15\/africa-cdc-lalgerie-erigee-en-modele-de-souverainete-sanitaire-africaine\/#article","isPartOf":{"@id":"https:\/\/lasentinelle.dz\/index.php\/2026\/07\/15\/africa-cdc-lalgerie-erigee-en-modele-de-souverainete-sanitaire-africaine\/"},"author":{"name":"admin","@id":"https:\/\/lasentinelle.dz\/#\/schema\/person\/729ee0024f24e0b8c5ec17232f8e8b41"},"headline":"Africa CDC\u00a0: L&rsquo;Alg\u00e9rie \u00e9rig\u00e9e en mod\u00e8le de souverainet\u00e9 sanitaire africaine","datePublished":"2026-07-15T20:09:06+00:00","dateModified":"2026-07-15T20:09:10+00:00","mainEntityOfPage":{"@id":"https:\/\/lasentinelle.dz\/index.php\/2026\/07\/15\/africa-cdc-lalgerie-erigee-en-modele-de-souverainete-sanitaire-africaine\/"},"wordCount":667,"commentCount":0,"publisher":{"@id":"https:\/\/lasentinelle.dz\/#organization"},"articleSection":["Actualit\u00e9"],"inLanguage":"fr-FR","potentialAction":[{"@type":"CommentAction","name":"Comment","target":["https:\/\/lasentinelle.dz\/index.php\/2026\/07\/15\/africa-cdc-lalgerie-erigee-en-modele-de-souverainete-sanitaire-africaine\/#respond"]}]},{"@type":"WebPage","@id":"https:\/\/lasentinelle.dz\/index.php\/2026\/07\/15\/africa-cdc-lalgerie-erigee-en-modele-de-souverainete-sanitaire-africaine\/","url":"https:\/\/lasentinelle.dz\/index.php\/2026\/07\/15\/africa-cdc-lalgerie-erigee-en-modele-de-souverainete-sanitaire-africaine\/","name":"Africa CDC\u00a0: L&rsquo;Alg\u00e9rie \u00e9rig\u00e9e en mod\u00e8le de souverainet\u00e9 sanitaire africaine - La Sentinelle","isPartOf":{"@id":"https:\/\/lasentinelle.dz\/#website"},"datePublished":"2026-07-15T20:09:06+00:00","dateModified":"2026-07-15T20:09:10+00:00","breadcrumb":{"@id":"https:\/\/lasentinelle.dz\/index.php\/2026\/07\/15\/africa-cdc-lalgerie-erigee-en-modele-de-souverainete-sanitaire-africaine\/#breadcrumb"},"inLanguage":"fr-FR","potentialAction":[{"@type":"ReadAction","target":["https:\/\/lasentinelle.dz\/index.php\/2026\/07\/15\/africa-cdc-lalgerie-erigee-en-modele-de-souverainete-sanitaire-africaine\/"]}]},{"@type":"BreadcrumbList","@id":"https:\/\/lasentinelle.dz\/index.php\/2026\/07\/15\/africa-cdc-lalgerie-erigee-en-modele-de-souverainete-sanitaire-africaine\/#breadcrumb","itemListElement":[{"@type":"ListItem","position":1,"name":"Accueil","item":"https:\/\/lasentinelle.dz\/"},{"@type":"ListItem","position":2,"name":"Africa CDC\u00a0: L&rsquo;Alg\u00e9rie \u00e9rig\u00e9e en mod\u00e8le de souverainet\u00e9 sanitaire africaine"}]},{"@type":"WebSite","@id":"https:\/\/lasentinelle.dz\/#website","url":"https:\/\/lasentinelle.dz\/","name":"La Sentinelle","description":"Quotidien national d&#039;information","publisher":{"@id":"https:\/\/lasentinelle.dz\/#organization"},"potentialAction":[{"@type":"SearchAction","target":{"@type":"EntryPoint","urlTemplate":"https:\/\/lasentinelle.dz\/?s={search_term_string}"},"query-input":{"@type":"PropertyValueSpecification","valueRequired":true,"valueName":"search_term_string"}}],"inLanguage":"fr-FR"},{"@type":"Organization","@id":"https:\/\/lasentinelle.dz\/#organization","name":"Quotidien La Sentinelle","url":"https:\/\/lasentinelle.dz\/","logo":{"@type":"ImageObject","inLanguage":"fr-FR","@id":"https:\/\/lasentinelle.dz\/#\/schema\/logo\/image\/","url":"https:\/\/lasentinelle.dz\/wp-content\/uploads\/2021\/09\/logo-sentinelleSLOGAN-1.png","contentUrl":"https:\/\/lasentinelle.dz\/wp-content\/uploads\/2021\/09\/logo-sentinelleSLOGAN-1.png","width":615,"height":142,"caption":"Quotidien La Sentinelle"},"image":{"@id":"https:\/\/lasentinelle.dz\/#\/schema\/logo\/image\/"},"sameAs":["https:\/\/www.facebook.com\/La-Sentinelle-104059864394773"]},{"@type":"Person","@id":"https:\/\/lasentinelle.dz\/#\/schema\/person\/729ee0024f24e0b8c5ec17232f8e8b41","name":"admin","image":{"@type":"ImageObject","inLanguage":"fr-FR","@id":"https:\/\/secure.gravatar.com\/avatar\/4c81fed838786e9b53f540bf46533e750f5d292099ae3b66cfc6fb1982e29df7?s=96&d=mm&r=g","url":"https:\/\/secure.gravatar.com\/avatar\/4c81fed838786e9b53f540bf46533e750f5d292099ae3b66cfc6fb1982e29df7?s=96&d=mm&r=g","contentUrl":"https:\/\/secure.gravatar.com\/avatar\/4c81fed838786e9b53f540bf46533e750f5d292099ae3b66cfc6fb1982e29df7?s=96&d=mm&r=g","caption":"admin"},"description":"admin","url":"https:\/\/lasentinelle.dz\/author\/admin\/"}]}},"_links":{"self":[{"href":"https:\/\/lasentinelle.dz\/index.php\/wp-json\/wp\/v2\/posts\/91549","targetHints":{"allow":["GET"]}}],"collection":[{"href":"https:\/\/lasentinelle.dz\/index.php\/wp-json\/wp\/v2\/posts"}],"about":[{"href":"https:\/\/lasentinelle.dz\/index.php\/wp-json\/wp\/v2\/types\/post"}],"author":[{"embeddable":true,"href":"https:\/\/lasentinelle.dz\/index.php\/wp-json\/wp\/v2\/users\/6"}],"replies":[{"embeddable":true,"href":"https:\/\/lasentinelle.dz\/index.php\/wp-json\/wp\/v2\/comments?post=91549"}],"version-history":[{"count":2,"href":"https:\/\/lasentinelle.dz\/index.php\/wp-json\/wp\/v2\/posts\/91549\/revisions"}],"predecessor-version":[{"id":91551,"href":"https:\/\/lasentinelle.dz\/index.php\/wp-json\/wp\/v2\/posts\/91549\/revisions\/91551"}],"wp:attachment":[{"href":"https:\/\/lasentinelle.dz\/index.php\/wp-json\/wp\/v2\/media?parent=91549"}],"wp:term":[{"taxonomy":"category","embeddable":true,"href":"https:\/\/lasentinelle.dz\/index.php\/wp-json\/wp\/v2\/categories?post=91549"},{"taxonomy":"post_tag","embeddable":true,"href":"https:\/\/lasentinelle.dz\/index.php\/wp-json\/wp\/v2\/tags?post=91549"}],"curies":[{"name":"wp","href":"https:\/\/api.w.org\/{rel}","templated":true}]}}