{"id":91576,"date":"2026-07-18T20:10:35","date_gmt":"2026-07-18T19:10:35","guid":{"rendered":"https:\/\/lasentinelle.dz\/?p=91576"},"modified":"2026-07-18T20:10:38","modified_gmt":"2026-07-18T19:10:38","slug":"sante-plus-de-3-000-postes-ouverts-au-concours-daide-soignant","status":"publish","type":"post","link":"https:\/\/lasentinelle.dz\/index.php\/2026\/07\/18\/sante-plus-de-3-000-postes-ouverts-au-concours-daide-soignant\/","title":{"rendered":"Sant\u00e9 : plus de 3 000 postes ouverts au concours d&rsquo;aide-soignant"},"content":{"rendered":"\n<p class=\"wp-block-paragraph\">Le minist\u00e8re de la Sant\u00e9 a annonc\u00e9, samedi, l&rsquo;ouverture d&rsquo;un concours national sur \u00e9preuves pour l&rsquo;acc\u00e8s \u00e0 la formation sp\u00e9cialis\u00e9e d&rsquo;aide-soignant en sant\u00e9 publique, au titre de l&rsquo;ann\u00e9e 2026, avec 3 055 places p\u00e9dagogiques r\u00e9parties entre les services des urgences m\u00e9dico-chirurgicales de plusieurs wilayas du pays. Le niveau de troisi\u00e8me ann\u00e9e secondaire compl\u00e8te est exig\u00e9 pour se pr\u00e9senter \u00e0 ce concours, dont les inscriptions et le d\u00e9p\u00f4t des dossiers se feront via une plateforme num\u00e9rique d\u00e9di\u00e9e, avant le 20 ao\u00fbt 2026, les \u00e9preuves \u00e9tant pr\u00e9vues le 3 septembre 2026. Concernant la r\u00e9partition des postes, la wilaya de Constantine arrive en t\u00eate avec 135 postes, suivie d&rsquo;Oran avec 130 postes, puis d&rsquo;Alger avec 125 postes.<\/p>\n\n\n\n<p class=\"wp-block-paragraph\">R.N.<\/p>\n","protected":false},"excerpt":{"rendered":"<p>Le minist\u00e8re de la Sant\u00e9 a annonc\u00e9, samedi, l&rsquo;ouverture d&rsquo;un concours national sur \u00e9preuves pour l&rsquo;acc\u00e8s \u00e0 la formation sp\u00e9cialis\u00e9e<\/p>\n","protected":false},"author":6,"featured_media":76152,"comment_status":"open","ping_status":"closed","sticky":false,"template":"","format":"standard","meta":{"colormag_page_container_layout":"default_layout","colormag_page_sidebar_layout":"default_layout","om_disable_all_campaigns":false,"_monsterinsights_skip_tracking":false,"footnotes":"","_wpscppro_dont_share_socialmedia":false,"_wpscppro_custom_social_share_image":0,"_facebook_share_type":"default","_twitter_share_type":"default","_linkedin_share_type":"default","_pinterest_share_type":"default","_linkedin_share_type_page":"","_instagram_share_type":"default","_medium_share_type":"default","_threads_share_type":"default","_google_business_share_type":"default","_bluesky_share_type":"default","_mastodon_share_type":"","_selected_social_profile":[],"_wpsp_enable_custom_social_template":false,"_wpsp_social_scheduling":{"enabled":false,"datetime":null,"platforms":[],"status":"template_only","dateOption":"today","timeOption":"now","customDays":"","customHours":"","customDate":"","customTime":"","schedulingType":"absolute"},"_wpsp_active_default_template":true},"categories":[27],"tags":[],"class_list":["post-91576","post","type-post","status-publish","format-standard","has-post-thumbnail","hentry","category-actualite"],"aioseo_notices":[],"aioseo_head":"\n\t\t<!-- All in One SEO 5.0.0.1 - aioseo.com -->\n\t<meta name=\"description\" content=\"Le minist\u00e8re de la Sant\u00e9 a annonc\u00e9, samedi, l&#039;ouverture d&#039;un concours national sur \u00e9preuves pour l&#039;acc\u00e8s \u00e0 la formation sp\u00e9cialis\u00e9e d&#039;aide-soignant en sant\u00e9 publique, au titre de l&#039;ann\u00e9e 2026, avec 3 055 places p\u00e9dagogiques r\u00e9parties entre les services des urgences m\u00e9dico-chirurgicales de plusieurs wilayas du pays. Le niveau de troisi\u00e8me ann\u00e9e secondaire compl\u00e8te est exig\u00e9\" \/>\n\t<meta name=\"robots\" content=\"max-image-preview:large\" \/>\n\t<meta name=\"author\" content=\"admin\"\/>\n\t<link rel=\"canonical\" href=\"https:\/\/lasentinelle.dz\/index.php\/2026\/07\/18\/sante-plus-de-3-000-postes-ouverts-au-concours-daide-soignant\/\" \/>\n\t<meta name=\"generator\" content=\"All in One SEO (AIOSEO) 5.0.0.1\" \/>\n\t\t<meta property=\"og:locale\" content=\"fr_FR\" \/>\n\t\t<meta property=\"og:site_name\" content=\"La Sentinelle - Quotidien national d&#039;information\" \/>\n\t\t<meta property=\"og:type\" content=\"article\" \/>\n\t\t<meta property=\"og:title\" content=\"Sant\u00e9 : plus de 3 000 postes ouverts au concours d\u2019aide-soignant - La Sentinelle\" \/>\n\t\t<meta property=\"og:description\" content=\"Le minist\u00e8re de la Sant\u00e9 a annonc\u00e9, samedi, l&#039;ouverture d&#039;un concours national sur \u00e9preuves pour l&#039;acc\u00e8s \u00e0 la formation sp\u00e9cialis\u00e9e d&#039;aide-soignant en sant\u00e9 publique, au titre de l&#039;ann\u00e9e 2026, avec 3 055 places p\u00e9dagogiques r\u00e9parties entre les services des urgences m\u00e9dico-chirurgicales de plusieurs wilayas du pays. Le niveau de troisi\u00e8me ann\u00e9e secondaire compl\u00e8te est exig\u00e9\" \/>\n\t\t<meta property=\"og:url\" content=\"https:\/\/lasentinelle.dz\/index.php\/2026\/07\/18\/sante-plus-de-3-000-postes-ouverts-au-concours-daide-soignant\/\" \/>\n\t\t<meta property=\"og:image\" content=\"https:\/\/lasentinelle.dz\/wp-content\/uploads\/2021\/09\/cropped-la-sentinelle-earth-golden-anima-5.gif\" \/>\n\t\t<meta property=\"og:image:secure_url\" content=\"https:\/\/lasentinelle.dz\/wp-content\/uploads\/2021\/09\/cropped-la-sentinelle-earth-golden-anima-5.gif\" \/>\n\t\t<meta property=\"og:image:width\" content=\"450\" \/>\n\t\t<meta property=\"og:image:height\" content=\"213\" \/>\n\t\t<meta property=\"article:published_time\" content=\"2026-07-18T19:10:35+00:00\" \/>\n\t\t<meta property=\"article:modified_time\" content=\"2026-07-18T19:10:38+00:00\" \/>\n\t\t<meta property=\"article:publisher\" content=\"https:\/\/www.facebook.com\/azzedine.lasentinelle.1\" \/>\n\t\t<meta name=\"twitter:card\" content=\"summary_large_image\" \/>\n\t\t<meta name=\"twitter:title\" content=\"Sant\u00e9 : plus de 3 000 postes ouverts au concours d\u2019aide-soignant - La Sentinelle\" \/>\n\t\t<meta name=\"twitter:description\" content=\"Le minist\u00e8re de la Sant\u00e9 a annonc\u00e9, samedi, l&#039;ouverture d&#039;un concours national sur \u00e9preuves pour l&#039;acc\u00e8s \u00e0 la formation sp\u00e9cialis\u00e9e d&#039;aide-soignant en sant\u00e9 publique, au titre de l&#039;ann\u00e9e 2026, avec 3 055 places p\u00e9dagogiques r\u00e9parties entre les services des urgences m\u00e9dico-chirurgicales de plusieurs wilayas du pays. Le niveau de troisi\u00e8me ann\u00e9e secondaire compl\u00e8te est exig\u00e9\" \/>\n\t\t<meta name=\"twitter:image\" content=\"https:\/\/lasentinelle.dz\/wp-content\/uploads\/2021\/09\/cropped-la-sentinelle-earth-golden-anima-5.gif\" \/>\n\t\t<script type=\"application\/ld+json\" class=\"aioseo-schema\">\n\t\t\t{\"@context\":\"https:\\\/\\\/schema.org\",\"@graph\":[{\"@type\":\"BlogPosting\",\"@id\":\"https:\\\/\\\/lasentinelle.dz\\\/index.php\\\/2026\\\/07\\\/18\\\/sante-plus-de-3-000-postes-ouverts-au-concours-daide-soignant\\\/#blogposting\",\"name\":\"Sant\\u00e9 : plus de 3 000 postes ouverts au concours d\\u2019aide-soignant - La Sentinelle\",\"headline\":\"Sant\\u00e9 : plus de 3 000 postes ouverts au concours d&rsquo;aide-soignant\",\"author\":{\"@id\":\"https:\\\/\\\/lasentinelle.dz\\\/author\\\/admin\\\/#author\"},\"publisher\":{\"@id\":\"https:\\\/\\\/lasentinelle.dz\\\/#organization\"},\"image\":{\"@type\":\"ImageObject\",\"url\":\"https:\\\/\\\/lasentinelle.dz\\\/wp-content\\\/uploads\\\/2025\\\/11\\\/ministere-de-la-sante.jpeg\",\"width\":2048,\"height\":1536},\"datePublished\":\"2026-07-18T20:10:35+01:00\",\"dateModified\":\"2026-07-18T20:10:38+01:00\",\"inLanguage\":\"fr-FR\",\"mainEntityOfPage\":{\"@id\":\"https:\\\/\\\/lasentinelle.dz\\\/index.php\\\/2026\\\/07\\\/18\\\/sante-plus-de-3-000-postes-ouverts-au-concours-daide-soignant\\\/#webpage\"},\"isPartOf\":{\"@id\":\"https:\\\/\\\/lasentinelle.dz\\\/index.php\\\/2026\\\/07\\\/18\\\/sante-plus-de-3-000-postes-ouverts-au-concours-daide-soignant\\\/#webpage\"},\"articleSection\":\"Actualit\\u00e9\"},{\"@type\":\"BreadcrumbList\",\"@id\":\"https:\\\/\\\/lasentinelle.dz\\\/index.php\\\/2026\\\/07\\\/18\\\/sante-plus-de-3-000-postes-ouverts-au-concours-daide-soignant\\\/#breadcrumblist\",\"itemListElement\":[{\"@type\":\"ListItem\",\"@id\":\"https:\\\/\\\/lasentinelle.dz#listItem\",\"position\":1,\"name\":\"Home\",\"item\":\"https:\\\/\\\/lasentinelle.dz\",\"nextItem\":{\"@type\":\"ListItem\",\"@id\":\"https:\\\/\\\/lasentinelle.dz\\\/index.php\\\/category\\\/actualite\\\/#listItem\",\"name\":\"Actualit\\u00e9\"}},{\"@type\":\"ListItem\",\"@id\":\"https:\\\/\\\/lasentinelle.dz\\\/index.php\\\/category\\\/actualite\\\/#listItem\",\"position\":2,\"name\":\"Actualit\\u00e9\",\"item\":\"https:\\\/\\\/lasentinelle.dz\\\/index.php\\\/category\\\/actualite\\\/\",\"nextItem\":{\"@type\":\"ListItem\",\"@id\":\"https:\\\/\\\/lasentinelle.dz\\\/index.php\\\/2026\\\/07\\\/18\\\/sante-plus-de-3-000-postes-ouverts-au-concours-daide-soignant\\\/#listItem\",\"name\":\"Sant\\u00e9 : plus de 3 000 postes ouverts au concours d&rsquo;aide-soignant\"},\"previousItem\":{\"@type\":\"ListItem\",\"@id\":\"https:\\\/\\\/lasentinelle.dz#listItem\",\"name\":\"Home\"}},{\"@type\":\"ListItem\",\"@id\":\"https:\\\/\\\/lasentinelle.dz\\\/index.php\\\/2026\\\/07\\\/18\\\/sante-plus-de-3-000-postes-ouverts-au-concours-daide-soignant\\\/#listItem\",\"position\":3,\"name\":\"Sant\\u00e9 : plus de 3 000 postes ouverts au concours d&rsquo;aide-soignant\",\"previousItem\":{\"@type\":\"ListItem\",\"@id\":\"https:\\\/\\\/lasentinelle.dz\\\/index.php\\\/category\\\/actualite\\\/#listItem\",\"name\":\"Actualit\\u00e9\"}}]},{\"@type\":\"Organization\",\"@id\":\"https:\\\/\\\/lasentinelle.dz\\\/#organization\",\"name\":\"La Sentinelle La Sentinelle\",\"description\":\"Quotidien national d'information\",\"url\":\"https:\\\/\\\/lasentinelle.dz\\\/\",\"logo\":{\"@type\":\"ImageObject\",\"url\":\"https:\\\/\\\/lasentinelle.dz\\\/wp-content\\\/uploads\\\/2021\\\/09\\\/cropped-la-sentinelle-earth-golden-anima-5.gif\",\"@id\":\"https:\\\/\\\/lasentinelle.dz\\\/index.php\\\/2026\\\/07\\\/18\\\/sante-plus-de-3-000-postes-ouverts-au-concours-daide-soignant\\\/#organizationLogo\",\"width\":450,\"height\":213},\"image\":{\"@id\":\"https:\\\/\\\/lasentinelle.dz\\\/index.php\\\/2026\\\/07\\\/18\\\/sante-plus-de-3-000-postes-ouverts-au-concours-daide-soignant\\\/#organizationLogo\"},\"sameAs\":[\"https:\\\/\\\/www.facebook.com\\\/azzedine.lasentinelle.1\"]},{\"@type\":\"Person\",\"@id\":\"https:\\\/\\\/lasentinelle.dz\\\/author\\\/admin\\\/#author\",\"url\":\"https:\\\/\\\/lasentinelle.dz\\\/author\\\/admin\\\/\",\"name\":\"admin\",\"image\":{\"@type\":\"ImageObject\",\"@id\":\"https:\\\/\\\/lasentinelle.dz\\\/index.php\\\/2026\\\/07\\\/18\\\/sante-plus-de-3-000-postes-ouverts-au-concours-daide-soignant\\\/#authorImage\",\"url\":\"https:\\\/\\\/secure.gravatar.com\\\/avatar\\\/4c81fed838786e9b53f540bf46533e750f5d292099ae3b66cfc6fb1982e29df7?s=96&d=mm&r=g\",\"width\":96,\"height\":96,\"caption\":\"admin\"}},{\"@type\":\"WebPage\",\"@id\":\"https:\\\/\\\/lasentinelle.dz\\\/index.php\\\/2026\\\/07\\\/18\\\/sante-plus-de-3-000-postes-ouverts-au-concours-daide-soignant\\\/#webpage\",\"url\":\"https:\\\/\\\/lasentinelle.dz\\\/index.php\\\/2026\\\/07\\\/18\\\/sante-plus-de-3-000-postes-ouverts-au-concours-daide-soignant\\\/\",\"name\":\"Sant\\u00e9 : plus de 3 000 postes ouverts au concours d\\u2019aide-soignant - La Sentinelle\",\"description\":\"Le minist\\u00e8re de la Sant\\u00e9 a annonc\\u00e9, samedi, l'ouverture d'un concours national sur \\u00e9preuves pour l'acc\\u00e8s \\u00e0 la formation sp\\u00e9cialis\\u00e9e d'aide-soignant en sant\\u00e9 publique, au titre de l'ann\\u00e9e 2026, avec 3 055 places p\\u00e9dagogiques r\\u00e9parties entre les services des urgences m\\u00e9dico-chirurgicales de plusieurs wilayas du pays. Le niveau de troisi\\u00e8me ann\\u00e9e secondaire compl\\u00e8te est exig\\u00e9\",\"inLanguage\":\"fr-FR\",\"isPartOf\":{\"@id\":\"https:\\\/\\\/lasentinelle.dz\\\/#website\"},\"breadcrumb\":{\"@id\":\"https:\\\/\\\/lasentinelle.dz\\\/index.php\\\/2026\\\/07\\\/18\\\/sante-plus-de-3-000-postes-ouverts-au-concours-daide-soignant\\\/#breadcrumblist\"},\"author\":{\"@id\":\"https:\\\/\\\/lasentinelle.dz\\\/author\\\/admin\\\/#author\"},\"creator\":{\"@id\":\"https:\\\/\\\/lasentinelle.dz\\\/author\\\/admin\\\/#author\"},\"image\":{\"@type\":\"ImageObject\",\"url\":\"https:\\\/\\\/lasentinelle.dz\\\/wp-content\\\/uploads\\\/2025\\\/11\\\/ministere-de-la-sante.jpeg\",\"@id\":\"https:\\\/\\\/lasentinelle.dz\\\/index.php\\\/2026\\\/07\\\/18\\\/sante-plus-de-3-000-postes-ouverts-au-concours-daide-soignant\\\/#mainImage\",\"width\":2048,\"height\":1536},\"primaryImageOfPage\":{\"@id\":\"https:\\\/\\\/lasentinelle.dz\\\/index.php\\\/2026\\\/07\\\/18\\\/sante-plus-de-3-000-postes-ouverts-au-concours-daide-soignant\\\/#mainImage\"},\"datePublished\":\"2026-07-18T20:10:35+01:00\",\"dateModified\":\"2026-07-18T20:10:38+01:00\"},{\"@type\":\"WebSite\",\"@id\":\"https:\\\/\\\/lasentinelle.dz\\\/#website\",\"url\":\"https:\\\/\\\/lasentinelle.dz\\\/\",\"name\":\"La Sentinelle\",\"description\":\"Quotidien national d'information\",\"inLanguage\":\"fr-FR\",\"publisher\":{\"@id\":\"https:\\\/\\\/lasentinelle.dz\\\/#organization\"}}]}\n\t\t<\/script>\n\t\t<!-- All in One SEO -->\n\n","aioseo_head_json":{"title":"Sant\u00e9 : plus de 3 000 postes ouverts au concours d\u2019aide-soignant - La Sentinelle","description":"Le minist\u00e8re de la Sant\u00e9 a annonc\u00e9, samedi, l'ouverture d'un concours national sur \u00e9preuves pour l'acc\u00e8s \u00e0 la formation sp\u00e9cialis\u00e9e d'aide-soignant en sant\u00e9 publique, au titre de l'ann\u00e9e 2026, avec 3 055 places p\u00e9dagogiques r\u00e9parties entre les services des urgences m\u00e9dico-chirurgicales de plusieurs wilayas du pays. Le niveau de troisi\u00e8me ann\u00e9e secondaire compl\u00e8te est exig\u00e9","canonical_url":"https:\/\/lasentinelle.dz\/index.php\/2026\/07\/18\/sante-plus-de-3-000-postes-ouverts-au-concours-daide-soignant\/","robots":"max-image-preview:large","keywords":"","webmasterTools":{"miscellaneous":""},"schema":{"@context":"https:\/\/schema.org","@graph":[{"@type":"BlogPosting","@id":"https:\/\/lasentinelle.dz\/index.php\/2026\/07\/18\/sante-plus-de-3-000-postes-ouverts-au-concours-daide-soignant\/#blogposting","name":"Sant\u00e9 : plus de 3 000 postes ouverts au concours d\u2019aide-soignant - La Sentinelle","headline":"Sant\u00e9 : plus de 3 000 postes ouverts au concours d&rsquo;aide-soignant","author":{"@id":"https:\/\/lasentinelle.dz\/author\/admin\/#author"},"publisher":{"@id":"https:\/\/lasentinelle.dz\/#organization"},"image":{"@type":"ImageObject","url":"https:\/\/lasentinelle.dz\/wp-content\/uploads\/2025\/11\/ministere-de-la-sante.jpeg","width":2048,"height":1536},"datePublished":"2026-07-18T20:10:35+01:00","dateModified":"2026-07-18T20:10:38+01:00","inLanguage":"fr-FR","mainEntityOfPage":{"@id":"https:\/\/lasentinelle.dz\/index.php\/2026\/07\/18\/sante-plus-de-3-000-postes-ouverts-au-concours-daide-soignant\/#webpage"},"isPartOf":{"@id":"https:\/\/lasentinelle.dz\/index.php\/2026\/07\/18\/sante-plus-de-3-000-postes-ouverts-au-concours-daide-soignant\/#webpage"},"articleSection":"Actualit\u00e9"},{"@type":"BreadcrumbList","@id":"https:\/\/lasentinelle.dz\/index.php\/2026\/07\/18\/sante-plus-de-3-000-postes-ouverts-au-concours-daide-soignant\/#breadcrumblist","itemListElement":[{"@type":"ListItem","@id":"https:\/\/lasentinelle.dz#listItem","position":1,"name":"Home","item":"https:\/\/lasentinelle.dz","nextItem":{"@type":"ListItem","@id":"https:\/\/lasentinelle.dz\/index.php\/category\/actualite\/#listItem","name":"Actualit\u00e9"}},{"@type":"ListItem","@id":"https:\/\/lasentinelle.dz\/index.php\/category\/actualite\/#listItem","position":2,"name":"Actualit\u00e9","item":"https:\/\/lasentinelle.dz\/index.php\/category\/actualite\/","nextItem":{"@type":"ListItem","@id":"https:\/\/lasentinelle.dz\/index.php\/2026\/07\/18\/sante-plus-de-3-000-postes-ouverts-au-concours-daide-soignant\/#listItem","name":"Sant\u00e9 : plus de 3 000 postes ouverts au concours d&rsquo;aide-soignant"},"previousItem":{"@type":"ListItem","@id":"https:\/\/lasentinelle.dz#listItem","name":"Home"}},{"@type":"ListItem","@id":"https:\/\/lasentinelle.dz\/index.php\/2026\/07\/18\/sante-plus-de-3-000-postes-ouverts-au-concours-daide-soignant\/#listItem","position":3,"name":"Sant\u00e9 : plus de 3 000 postes ouverts au concours d&rsquo;aide-soignant","previousItem":{"@type":"ListItem","@id":"https:\/\/lasentinelle.dz\/index.php\/category\/actualite\/#listItem","name":"Actualit\u00e9"}}]},{"@type":"Organization","@id":"https:\/\/lasentinelle.dz\/#organization","name":"La Sentinelle La Sentinelle","description":"Quotidien national d'information","url":"https:\/\/lasentinelle.dz\/","logo":{"@type":"ImageObject","url":"https:\/\/lasentinelle.dz\/wp-content\/uploads\/2021\/09\/cropped-la-sentinelle-earth-golden-anima-5.gif","@id":"https:\/\/lasentinelle.dz\/index.php\/2026\/07\/18\/sante-plus-de-3-000-postes-ouverts-au-concours-daide-soignant\/#organizationLogo","width":450,"height":213},"image":{"@id":"https:\/\/lasentinelle.dz\/index.php\/2026\/07\/18\/sante-plus-de-3-000-postes-ouverts-au-concours-daide-soignant\/#organizationLogo"},"sameAs":["https:\/\/www.facebook.com\/azzedine.lasentinelle.1"]},{"@type":"Person","@id":"https:\/\/lasentinelle.dz\/author\/admin\/#author","url":"https:\/\/lasentinelle.dz\/author\/admin\/","name":"admin","image":{"@type":"ImageObject","@id":"https:\/\/lasentinelle.dz\/index.php\/2026\/07\/18\/sante-plus-de-3-000-postes-ouverts-au-concours-daide-soignant\/#authorImage","url":"https:\/\/secure.gravatar.com\/avatar\/4c81fed838786e9b53f540bf46533e750f5d292099ae3b66cfc6fb1982e29df7?s=96&d=mm&r=g","width":96,"height":96,"caption":"admin"}},{"@type":"WebPage","@id":"https:\/\/lasentinelle.dz\/index.php\/2026\/07\/18\/sante-plus-de-3-000-postes-ouverts-au-concours-daide-soignant\/#webpage","url":"https:\/\/lasentinelle.dz\/index.php\/2026\/07\/18\/sante-plus-de-3-000-postes-ouverts-au-concours-daide-soignant\/","name":"Sant\u00e9 : plus de 3 000 postes ouverts au concours d\u2019aide-soignant - La Sentinelle","description":"Le minist\u00e8re de la Sant\u00e9 a annonc\u00e9, samedi, l'ouverture d'un concours national sur \u00e9preuves pour l'acc\u00e8s \u00e0 la formation sp\u00e9cialis\u00e9e d'aide-soignant en sant\u00e9 publique, au titre de l'ann\u00e9e 2026, avec 3 055 places p\u00e9dagogiques r\u00e9parties entre les services des urgences m\u00e9dico-chirurgicales de plusieurs wilayas du pays. Le niveau de troisi\u00e8me ann\u00e9e secondaire compl\u00e8te est exig\u00e9","inLanguage":"fr-FR","isPartOf":{"@id":"https:\/\/lasentinelle.dz\/#website"},"breadcrumb":{"@id":"https:\/\/lasentinelle.dz\/index.php\/2026\/07\/18\/sante-plus-de-3-000-postes-ouverts-au-concours-daide-soignant\/#breadcrumblist"},"author":{"@id":"https:\/\/lasentinelle.dz\/author\/admin\/#author"},"creator":{"@id":"https:\/\/lasentinelle.dz\/author\/admin\/#author"},"image":{"@type":"ImageObject","url":"https:\/\/lasentinelle.dz\/wp-content\/uploads\/2025\/11\/ministere-de-la-sante.jpeg","@id":"https:\/\/lasentinelle.dz\/index.php\/2026\/07\/18\/sante-plus-de-3-000-postes-ouverts-au-concours-daide-soignant\/#mainImage","width":2048,"height":1536},"primaryImageOfPage":{"@id":"https:\/\/lasentinelle.dz\/index.php\/2026\/07\/18\/sante-plus-de-3-000-postes-ouverts-au-concours-daide-soignant\/#mainImage"},"datePublished":"2026-07-18T20:10:35+01:00","dateModified":"2026-07-18T20:10:38+01:00"},{"@type":"WebSite","@id":"https:\/\/lasentinelle.dz\/#website","url":"https:\/\/lasentinelle.dz\/","name":"La Sentinelle","description":"Quotidien national d'information","inLanguage":"fr-FR","publisher":{"@id":"https:\/\/lasentinelle.dz\/#organization"}}]},"og:locale":"fr_FR","og:site_name":"La Sentinelle - Quotidien national d'information","og:type":"article","og:title":"Sant\u00e9 : plus de 3 000 postes ouverts au concours d\u2019aide-soignant - La Sentinelle","og:description":"Le minist\u00e8re de la Sant\u00e9 a annonc\u00e9, samedi, l'ouverture d'un concours national sur \u00e9preuves pour l'acc\u00e8s \u00e0 la formation sp\u00e9cialis\u00e9e d'aide-soignant en sant\u00e9 publique, au titre de l'ann\u00e9e 2026, avec 3 055 places p\u00e9dagogiques r\u00e9parties entre les services des urgences m\u00e9dico-chirurgicales de plusieurs wilayas du pays. Le niveau de troisi\u00e8me ann\u00e9e secondaire compl\u00e8te est exig\u00e9","og:url":"https:\/\/lasentinelle.dz\/index.php\/2026\/07\/18\/sante-plus-de-3-000-postes-ouverts-au-concours-daide-soignant\/","og:image":"https:\/\/lasentinelle.dz\/wp-content\/uploads\/2021\/09\/cropped-la-sentinelle-earth-golden-anima-5.gif","og:image:secure_url":"https:\/\/lasentinelle.dz\/wp-content\/uploads\/2021\/09\/cropped-la-sentinelle-earth-golden-anima-5.gif","og:image:width":450,"og:image:height":213,"article:published_time":"2026-07-18T19:10:35+00:00","article:modified_time":"2026-07-18T19:10:38+00:00","article:publisher":"https:\/\/www.facebook.com\/azzedine.lasentinelle.1","twitter:card":"summary_large_image","twitter:title":"Sant\u00e9 : plus de 3 000 postes ouverts au concours d\u2019aide-soignant - La Sentinelle","twitter:description":"Le minist\u00e8re de la Sant\u00e9 a annonc\u00e9, samedi, l'ouverture d'un concours national sur \u00e9preuves pour l'acc\u00e8s \u00e0 la formation sp\u00e9cialis\u00e9e d'aide-soignant en sant\u00e9 publique, au titre de l'ann\u00e9e 2026, avec 3 055 places p\u00e9dagogiques r\u00e9parties entre les services des urgences m\u00e9dico-chirurgicales de plusieurs wilayas du pays. Le niveau de troisi\u00e8me ann\u00e9e secondaire compl\u00e8te est exig\u00e9","twitter:image":"https:\/\/lasentinelle.dz\/wp-content\/uploads\/2021\/09\/cropped-la-sentinelle-earth-golden-anima-5.gif"},"aioseo_meta_data":{"post_id":"91576","title":null,"description":null,"keywords":null,"keyphrases":{"focus":{"keyphrase":"","score":0,"analysis":{"keyphraseInTitle":{"score":0,"maxScore":9,"error":1}}},"additional":[]},"primary_term":null,"canonical_url":null,"og_title":null,"og_description":null,"og_object_type":"default","og_image_type":"default","og_image_url":null,"og_image_width":null,"og_image_height":null,"og_image_custom_url":null,"og_image_custom_fields":null,"og_video":"","og_custom_url":null,"og_article_section":null,"og_article_tags":null,"twitter_use_og":false,"twitter_card":"default","twitter_image_type":"default","twitter_image_url":null,"twitter_image_custom_url":null,"twitter_image_custom_fields":null,"twitter_title":null,"twitter_description":null,"schema":{"blockGraphs":[],"customGraphs":[],"default":{"data":{"Article":[],"Course":[],"Dataset":[],"FAQPage":[],"Movie":[],"Person":[],"Product":[],"ProductReview":[],"Car":[],"Recipe":[],"Service":[],"SoftwareApplication":[],"WebPage":[]},"graphName":"BlogPosting","isEnabled":true},"graphs":[]},"schema_type":"default","schema_type_options":null,"pillar_content":false,"robots_default":true,"robots_noindex":false,"robots_noarchive":false,"robots_nosnippet":false,"robots_nofollow":false,"robots_noimageindex":false,"robots_noodp":false,"robots_notranslate":false,"robots_max_snippet":"-1","robots_max_videopreview":"-1","robots_max_imagepreview":"large","priority":null,"frequency":"default","local_seo":null,"breadcrumb_settings":null,"limit_modified_date":false,"ai":{"faqs":[],"keyPoints":[],"schemas":[],"titles":[],"descriptions":[],"socialPosts":{"email":[],"linkedin":[],"twitter":[],"facebook":[],"instagram":[]}},"created":"2026-07-18 19:10:38","updated":"2026-07-18 20:18:05","focus_keyword":null,"additional_keywords":null,"truseo_locale":null,"seo_analyzer_scan_date":null},"aioseo_breadcrumb":"<div class=\"aioseo-breadcrumbs\"><span class=\"aioseo-breadcrumb\">\n\t\t\t<a href=\"https:\/\/lasentinelle.dz\" title=\"Home\">Home<\/a>\n\t\t<\/span><span class=\"aioseo-breadcrumb-separator\">&raquo;<\/span><span class=\"aioseo-breadcrumb\">\n\t\t\t<a href=\"https:\/\/lasentinelle.dz\/index.php\/category\/actualite\/\" title=\"Actualit\u00e9\">Actualit\u00e9<\/a>\n\t\t<\/span><span class=\"aioseo-breadcrumb-separator\">&raquo;<\/span><span class=\"aioseo-breadcrumb\">\n\t\t\tSant\u00e9 : plus de 3 000 postes ouverts au concours d\u2019aide-soignant\n\t\t<\/span><\/div>","aioseo_breadcrumb_json":[{"label":"Home","link":"https:\/\/lasentinelle.dz"},{"label":"Actualit\u00e9","link":"https:\/\/lasentinelle.dz\/index.php\/category\/actualite\/"},{"label":"Sant\u00e9 : plus de 3 000 postes ouverts au concours d&rsquo;aide-soignant","link":"https:\/\/lasentinelle.dz\/index.php\/2026\/07\/18\/sante-plus-de-3-000-postes-ouverts-au-concours-daide-soignant\/"}],"yoast_head":"<!-- This site is optimized with the Yoast SEO plugin v28.4 - https:\/\/yoast.com\/product\/yoast-seo-wordpress\/ -->\n<title>Sant\u00e9 : plus de 3 000 postes ouverts au concours d&rsquo;aide-soignant - La Sentinelle<\/title>\n<meta name=\"robots\" content=\"index, follow, max-snippet:-1, max-image-preview:large, max-video-preview:-1\" \/>\n<link rel=\"canonical\" href=\"https:\/\/lasentinelle.dz\/index.php\/2026\/07\/18\/sante-plus-de-3-000-postes-ouverts-au-concours-daide-soignant\/\" \/>\n<meta property=\"og:locale\" content=\"fr_FR\" \/>\n<meta property=\"og:type\" content=\"article\" \/>\n<meta property=\"og:title\" content=\"Sant\u00e9 : plus de 3 000 postes ouverts au concours d&rsquo;aide-soignant - La Sentinelle\" \/>\n<meta property=\"og:description\" content=\"Le minist\u00e8re de la Sant\u00e9 a annonc\u00e9, samedi, l&rsquo;ouverture d&rsquo;un concours national sur \u00e9preuves pour l&rsquo;acc\u00e8s \u00e0 la formation sp\u00e9cialis\u00e9e\" \/>\n<meta property=\"og:url\" content=\"https:\/\/lasentinelle.dz\/index.php\/2026\/07\/18\/sante-plus-de-3-000-postes-ouverts-au-concours-daide-soignant\/\" \/>\n<meta property=\"og:site_name\" content=\"La Sentinelle\" \/>\n<meta property=\"article:publisher\" content=\"https:\/\/www.facebook.com\/La-Sentinelle-104059864394773\" \/>\n<meta property=\"article:published_time\" content=\"2026-07-18T19:10:35+00:00\" \/>\n<meta property=\"article:modified_time\" content=\"2026-07-18T19:10:38+00:00\" \/>\n<meta property=\"og:image\" content=\"https:\/\/lasentinelle.dz\/wp-content\/uploads\/2025\/11\/ministere-de-la-sante.jpeg\" \/>\n\t<meta property=\"og:image:width\" content=\"2048\" \/>\n\t<meta property=\"og:image:height\" content=\"1536\" \/>\n\t<meta property=\"og:image:type\" content=\"image\/jpeg\" \/>\n<meta name=\"author\" content=\"admin\" \/>\n<meta name=\"twitter:card\" content=\"summary_large_image\" \/>\n<meta name=\"twitter:label1\" content=\"\u00c9crit par\" \/>\n\t<meta name=\"twitter:data1\" content=\"admin\" \/>\n\t<meta name=\"twitter:label2\" content=\"Dur\u00e9e de lecture estim\u00e9e\" \/>\n\t<meta name=\"twitter:data2\" content=\"1 minute\" \/>\n<script type=\"application\/ld+json\" class=\"yoast-schema-graph\">{\"@context\":\"https:\\\/\\\/schema.org\",\"@graph\":[{\"@type\":\"Article\",\"@id\":\"https:\\\/\\\/lasentinelle.dz\\\/index.php\\\/2026\\\/07\\\/18\\\/sante-plus-de-3-000-postes-ouverts-au-concours-daide-soignant\\\/#article\",\"isPartOf\":{\"@id\":\"https:\\\/\\\/lasentinelle.dz\\\/index.php\\\/2026\\\/07\\\/18\\\/sante-plus-de-3-000-postes-ouverts-au-concours-daide-soignant\\\/\"},\"author\":{\"name\":\"admin\",\"@id\":\"https:\\\/\\\/lasentinelle.dz\\\/#\\\/schema\\\/person\\\/729ee0024f24e0b8c5ec17232f8e8b41\"},\"headline\":\"Sant\u00e9 : plus de 3 000 postes ouverts au concours d&rsquo;aide-soignant\",\"datePublished\":\"2026-07-18T19:10:35+00:00\",\"dateModified\":\"2026-07-18T19:10:38+00:00\",\"mainEntityOfPage\":{\"@id\":\"https:\\\/\\\/lasentinelle.dz\\\/index.php\\\/2026\\\/07\\\/18\\\/sante-plus-de-3-000-postes-ouverts-au-concours-daide-soignant\\\/\"},\"wordCount\":142,\"commentCount\":0,\"publisher\":{\"@id\":\"https:\\\/\\\/lasentinelle.dz\\\/#organization\"},\"image\":{\"@id\":\"https:\\\/\\\/lasentinelle.dz\\\/index.php\\\/2026\\\/07\\\/18\\\/sante-plus-de-3-000-postes-ouverts-au-concours-daide-soignant\\\/#primaryimage\"},\"thumbnailUrl\":\"https:\\\/\\\/lasentinelle.dz\\\/wp-content\\\/uploads\\\/2025\\\/11\\\/ministere-de-la-sante.jpeg\",\"articleSection\":[\"Actualit\u00e9\"],\"inLanguage\":\"fr-FR\",\"potentialAction\":[{\"@type\":\"CommentAction\",\"name\":\"Comment\",\"target\":[\"https:\\\/\\\/lasentinelle.dz\\\/index.php\\\/2026\\\/07\\\/18\\\/sante-plus-de-3-000-postes-ouverts-au-concours-daide-soignant\\\/#respond\"]}]},{\"@type\":\"WebPage\",\"@id\":\"https:\\\/\\\/lasentinelle.dz\\\/index.php\\\/2026\\\/07\\\/18\\\/sante-plus-de-3-000-postes-ouverts-au-concours-daide-soignant\\\/\",\"url\":\"https:\\\/\\\/lasentinelle.dz\\\/index.php\\\/2026\\\/07\\\/18\\\/sante-plus-de-3-000-postes-ouverts-au-concours-daide-soignant\\\/\",\"name\":\"Sant\u00e9 : plus de 3 000 postes ouverts au concours d&rsquo;aide-soignant - La Sentinelle\",\"isPartOf\":{\"@id\":\"https:\\\/\\\/lasentinelle.dz\\\/#website\"},\"primaryImageOfPage\":{\"@id\":\"https:\\\/\\\/lasentinelle.dz\\\/index.php\\\/2026\\\/07\\\/18\\\/sante-plus-de-3-000-postes-ouverts-au-concours-daide-soignant\\\/#primaryimage\"},\"image\":{\"@id\":\"https:\\\/\\\/lasentinelle.dz\\\/index.php\\\/2026\\\/07\\\/18\\\/sante-plus-de-3-000-postes-ouverts-au-concours-daide-soignant\\\/#primaryimage\"},\"thumbnailUrl\":\"https:\\\/\\\/lasentinelle.dz\\\/wp-content\\\/uploads\\\/2025\\\/11\\\/ministere-de-la-sante.jpeg\",\"datePublished\":\"2026-07-18T19:10:35+00:00\",\"dateModified\":\"2026-07-18T19:10:38+00:00\",\"breadcrumb\":{\"@id\":\"https:\\\/\\\/lasentinelle.dz\\\/index.php\\\/2026\\\/07\\\/18\\\/sante-plus-de-3-000-postes-ouverts-au-concours-daide-soignant\\\/#breadcrumb\"},\"inLanguage\":\"fr-FR\",\"potentialAction\":[{\"@type\":\"ReadAction\",\"target\":[\"https:\\\/\\\/lasentinelle.dz\\\/index.php\\\/2026\\\/07\\\/18\\\/sante-plus-de-3-000-postes-ouverts-au-concours-daide-soignant\\\/\"]}]},{\"@type\":\"ImageObject\",\"inLanguage\":\"fr-FR\",\"@id\":\"https:\\\/\\\/lasentinelle.dz\\\/index.php\\\/2026\\\/07\\\/18\\\/sante-plus-de-3-000-postes-ouverts-au-concours-daide-soignant\\\/#primaryimage\",\"url\":\"https:\\\/\\\/lasentinelle.dz\\\/wp-content\\\/uploads\\\/2025\\\/11\\\/ministere-de-la-sante.jpeg\",\"contentUrl\":\"https:\\\/\\\/lasentinelle.dz\\\/wp-content\\\/uploads\\\/2025\\\/11\\\/ministere-de-la-sante.jpeg\",\"width\":2048,\"height\":1536},{\"@type\":\"BreadcrumbList\",\"@id\":\"https:\\\/\\\/lasentinelle.dz\\\/index.php\\\/2026\\\/07\\\/18\\\/sante-plus-de-3-000-postes-ouverts-au-concours-daide-soignant\\\/#breadcrumb\",\"itemListElement\":[{\"@type\":\"ListItem\",\"position\":1,\"name\":\"Accueil\",\"item\":\"https:\\\/\\\/lasentinelle.dz\\\/\"},{\"@type\":\"ListItem\",\"position\":2,\"name\":\"Sant\u00e9 : plus de 3 000 postes ouverts au concours d&rsquo;aide-soignant\"}]},{\"@type\":\"WebSite\",\"@id\":\"https:\\\/\\\/lasentinelle.dz\\\/#website\",\"url\":\"https:\\\/\\\/lasentinelle.dz\\\/\",\"name\":\"La Sentinelle\",\"description\":\"Quotidien national d&#039;information\",\"publisher\":{\"@id\":\"https:\\\/\\\/lasentinelle.dz\\\/#organization\"},\"potentialAction\":[{\"@type\":\"SearchAction\",\"target\":{\"@type\":\"EntryPoint\",\"urlTemplate\":\"https:\\\/\\\/lasentinelle.dz\\\/?s={search_term_string}\"},\"query-input\":{\"@type\":\"PropertyValueSpecification\",\"valueRequired\":true,\"valueName\":\"search_term_string\"}}],\"inLanguage\":\"fr-FR\"},{\"@type\":\"Organization\",\"@id\":\"https:\\\/\\\/lasentinelle.dz\\\/#organization\",\"name\":\"Quotidien La Sentinelle\",\"url\":\"https:\\\/\\\/lasentinelle.dz\\\/\",\"logo\":{\"@type\":\"ImageObject\",\"inLanguage\":\"fr-FR\",\"@id\":\"https:\\\/\\\/lasentinelle.dz\\\/#\\\/schema\\\/logo\\\/image\\\/\",\"url\":\"https:\\\/\\\/lasentinelle.dz\\\/wp-content\\\/uploads\\\/2021\\\/09\\\/logo-sentinelleSLOGAN-1.png\",\"contentUrl\":\"https:\\\/\\\/lasentinelle.dz\\\/wp-content\\\/uploads\\\/2021\\\/09\\\/logo-sentinelleSLOGAN-1.png\",\"width\":615,\"height\":142,\"caption\":\"Quotidien La Sentinelle\"},\"image\":{\"@id\":\"https:\\\/\\\/lasentinelle.dz\\\/#\\\/schema\\\/logo\\\/image\\\/\"},\"sameAs\":[\"https:\\\/\\\/www.facebook.com\\\/La-Sentinelle-104059864394773\"]},{\"@type\":\"Person\",\"@id\":\"https:\\\/\\\/lasentinelle.dz\\\/#\\\/schema\\\/person\\\/729ee0024f24e0b8c5ec17232f8e8b41\",\"name\":\"admin\",\"image\":{\"@type\":\"ImageObject\",\"inLanguage\":\"fr-FR\",\"@id\":\"https:\\\/\\\/secure.gravatar.com\\\/avatar\\\/4c81fed838786e9b53f540bf46533e750f5d292099ae3b66cfc6fb1982e29df7?s=96&d=mm&r=g\",\"url\":\"https:\\\/\\\/secure.gravatar.com\\\/avatar\\\/4c81fed838786e9b53f540bf46533e750f5d292099ae3b66cfc6fb1982e29df7?s=96&d=mm&r=g\",\"contentUrl\":\"https:\\\/\\\/secure.gravatar.com\\\/avatar\\\/4c81fed838786e9b53f540bf46533e750f5d292099ae3b66cfc6fb1982e29df7?s=96&d=mm&r=g\",\"caption\":\"admin\"},\"description\":\"admin\",\"url\":\"https:\\\/\\\/lasentinelle.dz\\\/author\\\/admin\\\/\"}]}<\/script>\n<!-- \/ Yoast SEO plugin. -->","yoast_head_json":{"title":"Sant\u00e9 : plus de 3 000 postes ouverts au concours d&rsquo;aide-soignant - La Sentinelle","robots":{"index":"index","follow":"follow","max-snippet":"max-snippet:-1","max-image-preview":"max-image-preview:large","max-video-preview":"max-video-preview:-1"},"canonical":"https:\/\/lasentinelle.dz\/index.php\/2026\/07\/18\/sante-plus-de-3-000-postes-ouverts-au-concours-daide-soignant\/","og_locale":"fr_FR","og_type":"article","og_title":"Sant\u00e9 : plus de 3 000 postes ouverts au concours d&rsquo;aide-soignant - La Sentinelle","og_description":"Le minist\u00e8re de la Sant\u00e9 a annonc\u00e9, samedi, l&rsquo;ouverture d&rsquo;un concours national sur \u00e9preuves pour l&rsquo;acc\u00e8s \u00e0 la formation sp\u00e9cialis\u00e9e","og_url":"https:\/\/lasentinelle.dz\/index.php\/2026\/07\/18\/sante-plus-de-3-000-postes-ouverts-au-concours-daide-soignant\/","og_site_name":"La Sentinelle","article_publisher":"https:\/\/www.facebook.com\/La-Sentinelle-104059864394773","article_published_time":"2026-07-18T19:10:35+00:00","article_modified_time":"2026-07-18T19:10:38+00:00","og_image":[{"width":2048,"height":1536,"url":"https:\/\/lasentinelle.dz\/wp-content\/uploads\/2025\/11\/ministere-de-la-sante.jpeg","type":"image\/jpeg"}],"author":"admin","twitter_card":"summary_large_image","twitter_misc":{"\u00c9crit par":"admin","Dur\u00e9e de lecture estim\u00e9e":"1 minute"},"schema":{"@context":"https:\/\/schema.org","@graph":[{"@type":"Article","@id":"https:\/\/lasentinelle.dz\/index.php\/2026\/07\/18\/sante-plus-de-3-000-postes-ouverts-au-concours-daide-soignant\/#article","isPartOf":{"@id":"https:\/\/lasentinelle.dz\/index.php\/2026\/07\/18\/sante-plus-de-3-000-postes-ouverts-au-concours-daide-soignant\/"},"author":{"name":"admin","@id":"https:\/\/lasentinelle.dz\/#\/schema\/person\/729ee0024f24e0b8c5ec17232f8e8b41"},"headline":"Sant\u00e9 : plus de 3 000 postes ouverts au concours d&rsquo;aide-soignant","datePublished":"2026-07-18T19:10:35+00:00","dateModified":"2026-07-18T19:10:38+00:00","mainEntityOfPage":{"@id":"https:\/\/lasentinelle.dz\/index.php\/2026\/07\/18\/sante-plus-de-3-000-postes-ouverts-au-concours-daide-soignant\/"},"wordCount":142,"commentCount":0,"publisher":{"@id":"https:\/\/lasentinelle.dz\/#organization"},"image":{"@id":"https:\/\/lasentinelle.dz\/index.php\/2026\/07\/18\/sante-plus-de-3-000-postes-ouverts-au-concours-daide-soignant\/#primaryimage"},"thumbnailUrl":"https:\/\/lasentinelle.dz\/wp-content\/uploads\/2025\/11\/ministere-de-la-sante.jpeg","articleSection":["Actualit\u00e9"],"inLanguage":"fr-FR","potentialAction":[{"@type":"CommentAction","name":"Comment","target":["https:\/\/lasentinelle.dz\/index.php\/2026\/07\/18\/sante-plus-de-3-000-postes-ouverts-au-concours-daide-soignant\/#respond"]}]},{"@type":"WebPage","@id":"https:\/\/lasentinelle.dz\/index.php\/2026\/07\/18\/sante-plus-de-3-000-postes-ouverts-au-concours-daide-soignant\/","url":"https:\/\/lasentinelle.dz\/index.php\/2026\/07\/18\/sante-plus-de-3-000-postes-ouverts-au-concours-daide-soignant\/","name":"Sant\u00e9 : plus de 3 000 postes ouverts au concours d&rsquo;aide-soignant - La Sentinelle","isPartOf":{"@id":"https:\/\/lasentinelle.dz\/#website"},"primaryImageOfPage":{"@id":"https:\/\/lasentinelle.dz\/index.php\/2026\/07\/18\/sante-plus-de-3-000-postes-ouverts-au-concours-daide-soignant\/#primaryimage"},"image":{"@id":"https:\/\/lasentinelle.dz\/index.php\/2026\/07\/18\/sante-plus-de-3-000-postes-ouverts-au-concours-daide-soignant\/#primaryimage"},"thumbnailUrl":"https:\/\/lasentinelle.dz\/wp-content\/uploads\/2025\/11\/ministere-de-la-sante.jpeg","datePublished":"2026-07-18T19:10:35+00:00","dateModified":"2026-07-18T19:10:38+00:00","breadcrumb":{"@id":"https:\/\/lasentinelle.dz\/index.php\/2026\/07\/18\/sante-plus-de-3-000-postes-ouverts-au-concours-daide-soignant\/#breadcrumb"},"inLanguage":"fr-FR","potentialAction":[{"@type":"ReadAction","target":["https:\/\/lasentinelle.dz\/index.php\/2026\/07\/18\/sante-plus-de-3-000-postes-ouverts-au-concours-daide-soignant\/"]}]},{"@type":"ImageObject","inLanguage":"fr-FR","@id":"https:\/\/lasentinelle.dz\/index.php\/2026\/07\/18\/sante-plus-de-3-000-postes-ouverts-au-concours-daide-soignant\/#primaryimage","url":"https:\/\/lasentinelle.dz\/wp-content\/uploads\/2025\/11\/ministere-de-la-sante.jpeg","contentUrl":"https:\/\/lasentinelle.dz\/wp-content\/uploads\/2025\/11\/ministere-de-la-sante.jpeg","width":2048,"height":1536},{"@type":"BreadcrumbList","@id":"https:\/\/lasentinelle.dz\/index.php\/2026\/07\/18\/sante-plus-de-3-000-postes-ouverts-au-concours-daide-soignant\/#breadcrumb","itemListElement":[{"@type":"ListItem","position":1,"name":"Accueil","item":"https:\/\/lasentinelle.dz\/"},{"@type":"ListItem","position":2,"name":"Sant\u00e9 : plus de 3 000 postes ouverts au concours d&rsquo;aide-soignant"}]},{"@type":"WebSite","@id":"https:\/\/lasentinelle.dz\/#website","url":"https:\/\/lasentinelle.dz\/","name":"La Sentinelle","description":"Quotidien national d&#039;information","publisher":{"@id":"https:\/\/lasentinelle.dz\/#organization"},"potentialAction":[{"@type":"SearchAction","target":{"@type":"EntryPoint","urlTemplate":"https:\/\/lasentinelle.dz\/?s={search_term_string}"},"query-input":{"@type":"PropertyValueSpecification","valueRequired":true,"valueName":"search_term_string"}}],"inLanguage":"fr-FR"},{"@type":"Organization","@id":"https:\/\/lasentinelle.dz\/#organization","name":"Quotidien La Sentinelle","url":"https:\/\/lasentinelle.dz\/","logo":{"@type":"ImageObject","inLanguage":"fr-FR","@id":"https:\/\/lasentinelle.dz\/#\/schema\/logo\/image\/","url":"https:\/\/lasentinelle.dz\/wp-content\/uploads\/2021\/09\/logo-sentinelleSLOGAN-1.png","contentUrl":"https:\/\/lasentinelle.dz\/wp-content\/uploads\/2021\/09\/logo-sentinelleSLOGAN-1.png","width":615,"height":142,"caption":"Quotidien La Sentinelle"},"image":{"@id":"https:\/\/lasentinelle.dz\/#\/schema\/logo\/image\/"},"sameAs":["https:\/\/www.facebook.com\/La-Sentinelle-104059864394773"]},{"@type":"Person","@id":"https:\/\/lasentinelle.dz\/#\/schema\/person\/729ee0024f24e0b8c5ec17232f8e8b41","name":"admin","image":{"@type":"ImageObject","inLanguage":"fr-FR","@id":"https:\/\/secure.gravatar.com\/avatar\/4c81fed838786e9b53f540bf46533e750f5d292099ae3b66cfc6fb1982e29df7?s=96&d=mm&r=g","url":"https:\/\/secure.gravatar.com\/avatar\/4c81fed838786e9b53f540bf46533e750f5d292099ae3b66cfc6fb1982e29df7?s=96&d=mm&r=g","contentUrl":"https:\/\/secure.gravatar.com\/avatar\/4c81fed838786e9b53f540bf46533e750f5d292099ae3b66cfc6fb1982e29df7?s=96&d=mm&r=g","caption":"admin"},"description":"admin","url":"https:\/\/lasentinelle.dz\/author\/admin\/"}]}},"_links":{"self":[{"href":"https:\/\/lasentinelle.dz\/index.php\/wp-json\/wp\/v2\/posts\/91576","targetHints":{"allow":["GET"]}}],"collection":[{"href":"https:\/\/lasentinelle.dz\/index.php\/wp-json\/wp\/v2\/posts"}],"about":[{"href":"https:\/\/lasentinelle.dz\/index.php\/wp-json\/wp\/v2\/types\/post"}],"author":[{"embeddable":true,"href":"https:\/\/lasentinelle.dz\/index.php\/wp-json\/wp\/v2\/users\/6"}],"replies":[{"embeddable":true,"href":"https:\/\/lasentinelle.dz\/index.php\/wp-json\/wp\/v2\/comments?post=91576"}],"version-history":[{"count":2,"href":"https:\/\/lasentinelle.dz\/index.php\/wp-json\/wp\/v2\/posts\/91576\/revisions"}],"predecessor-version":[{"id":91578,"href":"https:\/\/lasentinelle.dz\/index.php\/wp-json\/wp\/v2\/posts\/91576\/revisions\/91578"}],"wp:featuredmedia":[{"embeddable":true,"href":"https:\/\/lasentinelle.dz\/index.php\/wp-json\/wp\/v2\/media\/76152"}],"wp:attachment":[{"href":"https:\/\/lasentinelle.dz\/index.php\/wp-json\/wp\/v2\/media?parent=91576"}],"wp:term":[{"taxonomy":"category","embeddable":true,"href":"https:\/\/lasentinelle.dz\/index.php\/wp-json\/wp\/v2\/categories?post=91576"},{"taxonomy":"post_tag","embeddable":true,"href":"https:\/\/lasentinelle.dz\/index.php\/wp-json\/wp\/v2\/tags?post=91576"}],"curies":[{"name":"wp","href":"https:\/\/api.w.org\/{rel}","templated":true}]}}