{"id":917,"date":"2021-07-12T16:17:41","date_gmt":"2021-07-12T15:17:41","guid":{"rendered":"https:\/\/lasentinelle.dz\/?p=917"},"modified":"2021-07-12T16:17:53","modified_gmt":"2021-07-12T15:17:53","slug":"malgre-une-finale-de-la-coupe-de-la-caf-perdue-ne-pas-enterrer-cette-equipe-de-la-jsk","status":"publish","type":"post","link":"https:\/\/lasentinelle.dz\/index.php\/2021\/07\/12\/malgre-une-finale-de-la-coupe-de-la-caf-perdue-ne-pas-enterrer-cette-equipe-de-la-jsk\/","title":{"rendered":"Malgr\u00e9 une finale de la coupe de la CAF perdue \/ Ne pas enterrer cette \u00e9quipe de la JSK"},"content":{"rendered":"\n<p>Le club de la Kabylie a r\u00e9ussi l\u2019exploit de disputer la finale de la Coupe de la CAF, au moment o\u00f9 il traverse une crise financi\u00e8re sans pr\u00e9c\u00e9dent.<\/p>\n\n\n\n<p>Les Alg\u00e9riens avaient les yeux braqu\u00e9s vers le stade de l\u2019Amiti\u00e9 de Cotonou au B\u00e9nin, avec la finale de la Coupe de la CAF, opposant la JS Kabylie au Raja de Casablanca (Maroc). Une rencontre suivie avec attention et tension. Le d\u00e9but du match n\u2019a pas \u00e9t\u00e9 comme souhait\u00e9, avec deux buts encaiss\u00e9s dans le premier quart d\u2019heure (5\u2019 et 14\u2019). Lavagne, en col\u00e8re, a sermonn\u00e9 ses joueurs, qui ont ferm\u00e9 les espaces et limit\u00e9 les d\u00e9g\u00e2ts, jusqu\u2019\u00e0 la fin de la premi\u00e8re mi-temps. Dans le vestiaire, le coach fran\u00e7ais a revu sa copie et la r\u00e9ponse des joueurs a \u00e9t\u00e9 tr\u00e8s rapide, avec un but de Boulahya d\u00e8s la premi\u00e8re minute. La domination des Alg\u00e9riens \u00e9tait grande, mais elle s\u2019est av\u00e9r\u00e9e st\u00e9rile. Des occasions \u00e0 la pelle ont \u00e9t\u00e9 cr\u00e9\u00e9es, sans pour autant avoir la r\u00e9ussite qu\u2019il faut, jusqu\u2019au coup de sifflet final d\u2019un arbitre qui a \u00e9t\u00e9, de par les avis unanimes, correct. \u00ab On ne perd jamais, on apprend \u00bb, a \u00e9crit le coach Lavagne dans un tableau \u00e0 l\u2019h\u00f4tel, apr\u00e8s le retour de ses joueurs, abattus. Ce qu\u2019a \u00e9crit le coach est vrai, et c\u2019est aussi un message pour ses dirigeants. Comme pour dire qu\u2019il faut travailler dans la continuit\u00e9, afin de ne pas enterrer cette \u00e9quipe, qui a r\u00e9ussi au moment o\u00f9 personne ne s\u2019y attendait. Il ne faut pas, s\u2019accorde-t-on \u00e0 dire, marquer un point d\u2019arr\u00eat apr\u00e8s ce match, puisque la JSK, club aussi prestigieux qu\u2019il est, doit veiller, en conjuguant les efforts de tout le monde, pour retrouver la place qui lui sied. Les guerres claniques n\u2019ont pas lieu d\u2019\u00eatre dans un club qui a soulev\u00e9 le troph\u00e9e africain \u00e0 7 reprises d\u00e9j\u00e0. Le pr\u00e9sident Ch\u00e9rif Mellal, critiqu\u00e9 de toutes parts en raison de sa mani\u00e8re de g\u00e9rer plusieurs dossiers, a r\u00e9ussi \u00e0 r\u00e9pondre \u00e0 ses d\u00e9tracteurs, mais ces derniers avaient, dans quelques reproches, raison, notamment concernant la non-r\u00e9gularisation de la situation financi\u00e8re des joueurs. Fort heureusement que le coach Denis Lavagne a su trouver la formule ayant permis aux joueurs de ne pas voir cette crise financi\u00e8re influer n\u00e9gativement sur leur rendement sur le terrain. Preuveen est, apr\u00e8s la finale de la Coupe de la CAF, ils disputeront une autre finale de la Coupe de la Ligue professionnelle, alors qu\u2019ils sont toujours en course pour une place sur le podium, qualificative pour une comp\u00e9tition internationale la saison prochaine. Un bon projet est mis en marche, et les supporters esp\u00e8rent ne pas trouver d\u2019obstacles en cours de route.<\/p>\n\n\n\n<p>Abderrahim Mahious<\/p>\n","protected":false},"excerpt":{"rendered":"<p>Le club de la Kabylie a r\u00e9ussi l\u2019exploit de disputer la finale de la Coupe de la CAF, au moment<\/p>\n","protected":false},"author":3,"featured_media":918,"comment_status":"open","ping_status":"closed","sticky":false,"template":"","format":"standard","meta":{"colormag_page_container_layout":"default_layout","colormag_page_sidebar_layout":"default_layout","om_disable_all_campaigns":false,"_monsterinsights_skip_tracking":false,"_monsterinsights_sitenote_active":false,"_monsterinsights_sitenote_note":"","_monsterinsights_sitenote_category":0,"footnotes":"","_wpscppro_dont_share_socialmedia":false,"_wpscppro_custom_social_share_image":0,"_facebook_share_type":"","_twitter_share_type":"","_linkedin_share_type":"","_pinterest_share_type":"","_linkedin_share_type_page":"","_instagram_share_type":"","_medium_share_type":"","_threads_share_type":"","_google_business_share_type":"","_selected_social_profile":[],"_wpsp_enable_custom_social_template":false,"_wpsp_social_scheduling":{"enabled":false,"datetime":null,"platforms":[],"status":"template_only","dateOption":"today","timeOption":"now","customDays":"","customHours":"","customDate":"","customTime":"","schedulingType":"absolute"},"_wpsp_active_default_template":true},"categories":[33],"tags":[],"class_list":["post-917","post","type-post","status-publish","format-standard","has-post-thumbnail","hentry","category-sports"],"aioseo_notices":[],"yoast_head":"<!-- This site is optimized with the Yoast SEO plugin v27.5 - https:\/\/yoast.com\/product\/yoast-seo-wordpress\/ -->\n<title>Malgr\u00e9 une finale de la coupe de la CAF perdue \/ Ne pas enterrer cette \u00e9quipe de la JSK - La Sentinelle<\/title>\n<meta name=\"robots\" content=\"index, follow, max-snippet:-1, max-image-preview:large, max-video-preview:-1\" \/>\n<link rel=\"canonical\" href=\"https:\/\/lasentinelle.dz\/index.php\/2021\/07\/12\/malgre-une-finale-de-la-coupe-de-la-caf-perdue-ne-pas-enterrer-cette-equipe-de-la-jsk\/\" \/>\n<meta property=\"og:locale\" content=\"fr_FR\" \/>\n<meta property=\"og:type\" content=\"article\" \/>\n<meta property=\"og:title\" content=\"Malgr\u00e9 une finale de la coupe de la CAF perdue \/ Ne pas enterrer cette \u00e9quipe de la JSK - La Sentinelle\" \/>\n<meta property=\"og:description\" content=\"Le club de la Kabylie a r\u00e9ussi l\u2019exploit de disputer la finale de la Coupe de la CAF, au moment\" \/>\n<meta property=\"og:url\" content=\"https:\/\/lasentinelle.dz\/index.php\/2021\/07\/12\/malgre-une-finale-de-la-coupe-de-la-caf-perdue-ne-pas-enterrer-cette-equipe-de-la-jsk\/\" \/>\n<meta property=\"og:site_name\" content=\"La Sentinelle\" \/>\n<meta property=\"article:publisher\" content=\"https:\/\/www.facebook.com\/La-Sentinelle-104059864394773\" \/>\n<meta property=\"article:published_time\" content=\"2021-07-12T15:17:41+00:00\" \/>\n<meta property=\"article:modified_time\" content=\"2021-07-12T15:17:53+00:00\" \/>\n<meta property=\"og:image\" content=\"https:\/\/lasentinelle.dz\/wp-content\/uploads\/2021\/07\/jsk.png\" \/>\n\t<meta property=\"og:image:width\" content=\"850\" \/>\n\t<meta property=\"og:image:height\" content=\"567\" \/>\n\t<meta property=\"og:image:type\" content=\"image\/png\" \/>\n<meta name=\"author\" content=\"La Sentinelle\" \/>\n<meta name=\"twitter:card\" content=\"summary_large_image\" \/>\n<meta name=\"twitter:label1\" content=\"\u00c9crit par\" \/>\n\t<meta name=\"twitter:data1\" content=\"La Sentinelle\" \/>\n\t<meta name=\"twitter:label2\" content=\"Dur\u00e9e de lecture estim\u00e9e\" \/>\n\t<meta name=\"twitter:data2\" content=\"2 minutes\" \/>\n<script type=\"application\/ld+json\" class=\"yoast-schema-graph\">{\"@context\":\"https:\\\/\\\/schema.org\",\"@graph\":[{\"@type\":\"Article\",\"@id\":\"https:\\\/\\\/lasentinelle.dz\\\/index.php\\\/2021\\\/07\\\/12\\\/malgre-une-finale-de-la-coupe-de-la-caf-perdue-ne-pas-enterrer-cette-equipe-de-la-jsk\\\/#article\",\"isPartOf\":{\"@id\":\"https:\\\/\\\/lasentinelle.dz\\\/index.php\\\/2021\\\/07\\\/12\\\/malgre-une-finale-de-la-coupe-de-la-caf-perdue-ne-pas-enterrer-cette-equipe-de-la-jsk\\\/\"},\"author\":{\"name\":\"La Sentinelle\",\"@id\":\"https:\\\/\\\/lasentinelle.dz\\\/#\\\/schema\\\/person\\\/d865044e22e70a75174ce8bcad3acfb3\"},\"headline\":\"Malgr\u00e9 une finale de la coupe de la CAF perdue \\\/ Ne pas enterrer cette \u00e9quipe de la JSK\",\"datePublished\":\"2021-07-12T15:17:41+00:00\",\"dateModified\":\"2021-07-12T15:17:53+00:00\",\"mainEntityOfPage\":{\"@id\":\"https:\\\/\\\/lasentinelle.dz\\\/index.php\\\/2021\\\/07\\\/12\\\/malgre-une-finale-de-la-coupe-de-la-caf-perdue-ne-pas-enterrer-cette-equipe-de-la-jsk\\\/\"},\"wordCount\":517,\"commentCount\":0,\"publisher\":{\"@id\":\"https:\\\/\\\/lasentinelle.dz\\\/#organization\"},\"image\":{\"@id\":\"https:\\\/\\\/lasentinelle.dz\\\/index.php\\\/2021\\\/07\\\/12\\\/malgre-une-finale-de-la-coupe-de-la-caf-perdue-ne-pas-enterrer-cette-equipe-de-la-jsk\\\/#primaryimage\"},\"thumbnailUrl\":\"https:\\\/\\\/lasentinelle.dz\\\/wp-content\\\/uploads\\\/2021\\\/07\\\/jsk.png\",\"articleSection\":[\"Sports\"],\"inLanguage\":\"fr-FR\",\"potentialAction\":[{\"@type\":\"CommentAction\",\"name\":\"Comment\",\"target\":[\"https:\\\/\\\/lasentinelle.dz\\\/index.php\\\/2021\\\/07\\\/12\\\/malgre-une-finale-de-la-coupe-de-la-caf-perdue-ne-pas-enterrer-cette-equipe-de-la-jsk\\\/#respond\"]}]},{\"@type\":\"WebPage\",\"@id\":\"https:\\\/\\\/lasentinelle.dz\\\/index.php\\\/2021\\\/07\\\/12\\\/malgre-une-finale-de-la-coupe-de-la-caf-perdue-ne-pas-enterrer-cette-equipe-de-la-jsk\\\/\",\"url\":\"https:\\\/\\\/lasentinelle.dz\\\/index.php\\\/2021\\\/07\\\/12\\\/malgre-une-finale-de-la-coupe-de-la-caf-perdue-ne-pas-enterrer-cette-equipe-de-la-jsk\\\/\",\"name\":\"Malgr\u00e9 une finale de la coupe de la CAF perdue \\\/ Ne pas enterrer cette \u00e9quipe de la JSK - La Sentinelle\",\"isPartOf\":{\"@id\":\"https:\\\/\\\/lasentinelle.dz\\\/#website\"},\"primaryImageOfPage\":{\"@id\":\"https:\\\/\\\/lasentinelle.dz\\\/index.php\\\/2021\\\/07\\\/12\\\/malgre-une-finale-de-la-coupe-de-la-caf-perdue-ne-pas-enterrer-cette-equipe-de-la-jsk\\\/#primaryimage\"},\"image\":{\"@id\":\"https:\\\/\\\/lasentinelle.dz\\\/index.php\\\/2021\\\/07\\\/12\\\/malgre-une-finale-de-la-coupe-de-la-caf-perdue-ne-pas-enterrer-cette-equipe-de-la-jsk\\\/#primaryimage\"},\"thumbnailUrl\":\"https:\\\/\\\/lasentinelle.dz\\\/wp-content\\\/uploads\\\/2021\\\/07\\\/jsk.png\",\"datePublished\":\"2021-07-12T15:17:41+00:00\",\"dateModified\":\"2021-07-12T15:17:53+00:00\",\"breadcrumb\":{\"@id\":\"https:\\\/\\\/lasentinelle.dz\\\/index.php\\\/2021\\\/07\\\/12\\\/malgre-une-finale-de-la-coupe-de-la-caf-perdue-ne-pas-enterrer-cette-equipe-de-la-jsk\\\/#breadcrumb\"},\"inLanguage\":\"fr-FR\",\"potentialAction\":[{\"@type\":\"ReadAction\",\"target\":[\"https:\\\/\\\/lasentinelle.dz\\\/index.php\\\/2021\\\/07\\\/12\\\/malgre-une-finale-de-la-coupe-de-la-caf-perdue-ne-pas-enterrer-cette-equipe-de-la-jsk\\\/\"]}]},{\"@type\":\"ImageObject\",\"inLanguage\":\"fr-FR\",\"@id\":\"https:\\\/\\\/lasentinelle.dz\\\/index.php\\\/2021\\\/07\\\/12\\\/malgre-une-finale-de-la-coupe-de-la-caf-perdue-ne-pas-enterrer-cette-equipe-de-la-jsk\\\/#primaryimage\",\"url\":\"https:\\\/\\\/lasentinelle.dz\\\/wp-content\\\/uploads\\\/2021\\\/07\\\/jsk.png\",\"contentUrl\":\"https:\\\/\\\/lasentinelle.dz\\\/wp-content\\\/uploads\\\/2021\\\/07\\\/jsk.png\",\"width\":850,\"height\":567},{\"@type\":\"BreadcrumbList\",\"@id\":\"https:\\\/\\\/lasentinelle.dz\\\/index.php\\\/2021\\\/07\\\/12\\\/malgre-une-finale-de-la-coupe-de-la-caf-perdue-ne-pas-enterrer-cette-equipe-de-la-jsk\\\/#breadcrumb\",\"itemListElement\":[{\"@type\":\"ListItem\",\"position\":1,\"name\":\"Accueil\",\"item\":\"https:\\\/\\\/lasentinelle.dz\\\/\"},{\"@type\":\"ListItem\",\"position\":2,\"name\":\"Malgr\u00e9 une finale de la coupe de la CAF perdue \\\/ Ne pas enterrer cette \u00e9quipe de la JSK\"}]},{\"@type\":\"WebSite\",\"@id\":\"https:\\\/\\\/lasentinelle.dz\\\/#website\",\"url\":\"https:\\\/\\\/lasentinelle.dz\\\/\",\"name\":\"La Sentinelle\",\"description\":\"Quotidien national d&#039;information\",\"publisher\":{\"@id\":\"https:\\\/\\\/lasentinelle.dz\\\/#organization\"},\"potentialAction\":[{\"@type\":\"SearchAction\",\"target\":{\"@type\":\"EntryPoint\",\"urlTemplate\":\"https:\\\/\\\/lasentinelle.dz\\\/?s={search_term_string}\"},\"query-input\":{\"@type\":\"PropertyValueSpecification\",\"valueRequired\":true,\"valueName\":\"search_term_string\"}}],\"inLanguage\":\"fr-FR\"},{\"@type\":\"Organization\",\"@id\":\"https:\\\/\\\/lasentinelle.dz\\\/#organization\",\"name\":\"Quotidien La Sentinelle\",\"url\":\"https:\\\/\\\/lasentinelle.dz\\\/\",\"logo\":{\"@type\":\"ImageObject\",\"inLanguage\":\"fr-FR\",\"@id\":\"https:\\\/\\\/lasentinelle.dz\\\/#\\\/schema\\\/logo\\\/image\\\/\",\"url\":\"https:\\\/\\\/lasentinelle.dz\\\/wp-content\\\/uploads\\\/2021\\\/09\\\/logo-sentinelleSLOGAN-1.png\",\"contentUrl\":\"https:\\\/\\\/lasentinelle.dz\\\/wp-content\\\/uploads\\\/2021\\\/09\\\/logo-sentinelleSLOGAN-1.png\",\"width\":615,\"height\":142,\"caption\":\"Quotidien La Sentinelle\"},\"image\":{\"@id\":\"https:\\\/\\\/lasentinelle.dz\\\/#\\\/schema\\\/logo\\\/image\\\/\"},\"sameAs\":[\"https:\\\/\\\/www.facebook.com\\\/La-Sentinelle-104059864394773\"]},{\"@type\":\"Person\",\"@id\":\"https:\\\/\\\/lasentinelle.dz\\\/#\\\/schema\\\/person\\\/d865044e22e70a75174ce8bcad3acfb3\",\"name\":\"La Sentinelle\",\"image\":{\"@type\":\"ImageObject\",\"inLanguage\":\"fr-FR\",\"@id\":\"https:\\\/\\\/secure.gravatar.com\\\/avatar\\\/57de8e5d4b15d43fb361a71fbb36338450fe67865b528a43dd10ef7c51a20392?s=96&d=mm&r=g\",\"url\":\"https:\\\/\\\/secure.gravatar.com\\\/avatar\\\/57de8e5d4b15d43fb361a71fbb36338450fe67865b528a43dd10ef7c51a20392?s=96&d=mm&r=g\",\"contentUrl\":\"https:\\\/\\\/secure.gravatar.com\\\/avatar\\\/57de8e5d4b15d43fb361a71fbb36338450fe67865b528a43dd10ef7c51a20392?s=96&d=mm&r=g\",\"caption\":\"La Sentinelle\"},\"sameAs\":[\"http:\\\/\\\/www.lasentinelle.dz\"],\"url\":\"https:\\\/\\\/lasentinelle.dz\\\/author\\\/redaction\\\/\"}]}<\/script>\n<!-- \/ Yoast SEO plugin. -->","yoast_head_json":{"title":"Malgr\u00e9 une finale de la coupe de la CAF perdue \/ Ne pas enterrer cette \u00e9quipe de la JSK - La Sentinelle","robots":{"index":"index","follow":"follow","max-snippet":"max-snippet:-1","max-image-preview":"max-image-preview:large","max-video-preview":"max-video-preview:-1"},"canonical":"https:\/\/lasentinelle.dz\/index.php\/2021\/07\/12\/malgre-une-finale-de-la-coupe-de-la-caf-perdue-ne-pas-enterrer-cette-equipe-de-la-jsk\/","og_locale":"fr_FR","og_type":"article","og_title":"Malgr\u00e9 une finale de la coupe de la CAF perdue \/ Ne pas enterrer cette \u00e9quipe de la JSK - La Sentinelle","og_description":"Le club de la Kabylie a r\u00e9ussi l\u2019exploit de disputer la finale de la Coupe de la CAF, au moment","og_url":"https:\/\/lasentinelle.dz\/index.php\/2021\/07\/12\/malgre-une-finale-de-la-coupe-de-la-caf-perdue-ne-pas-enterrer-cette-equipe-de-la-jsk\/","og_site_name":"La Sentinelle","article_publisher":"https:\/\/www.facebook.com\/La-Sentinelle-104059864394773","article_published_time":"2021-07-12T15:17:41+00:00","article_modified_time":"2021-07-12T15:17:53+00:00","og_image":[{"width":850,"height":567,"url":"https:\/\/lasentinelle.dz\/wp-content\/uploads\/2021\/07\/jsk.png","type":"image\/png"}],"author":"La Sentinelle","twitter_card":"summary_large_image","twitter_misc":{"\u00c9crit par":"La Sentinelle","Dur\u00e9e de lecture estim\u00e9e":"2 minutes"},"schema":{"@context":"https:\/\/schema.org","@graph":[{"@type":"Article","@id":"https:\/\/lasentinelle.dz\/index.php\/2021\/07\/12\/malgre-une-finale-de-la-coupe-de-la-caf-perdue-ne-pas-enterrer-cette-equipe-de-la-jsk\/#article","isPartOf":{"@id":"https:\/\/lasentinelle.dz\/index.php\/2021\/07\/12\/malgre-une-finale-de-la-coupe-de-la-caf-perdue-ne-pas-enterrer-cette-equipe-de-la-jsk\/"},"author":{"name":"La Sentinelle","@id":"https:\/\/lasentinelle.dz\/#\/schema\/person\/d865044e22e70a75174ce8bcad3acfb3"},"headline":"Malgr\u00e9 une finale de la coupe de la CAF perdue \/ Ne pas enterrer cette \u00e9quipe de la JSK","datePublished":"2021-07-12T15:17:41+00:00","dateModified":"2021-07-12T15:17:53+00:00","mainEntityOfPage":{"@id":"https:\/\/lasentinelle.dz\/index.php\/2021\/07\/12\/malgre-une-finale-de-la-coupe-de-la-caf-perdue-ne-pas-enterrer-cette-equipe-de-la-jsk\/"},"wordCount":517,"commentCount":0,"publisher":{"@id":"https:\/\/lasentinelle.dz\/#organization"},"image":{"@id":"https:\/\/lasentinelle.dz\/index.php\/2021\/07\/12\/malgre-une-finale-de-la-coupe-de-la-caf-perdue-ne-pas-enterrer-cette-equipe-de-la-jsk\/#primaryimage"},"thumbnailUrl":"https:\/\/lasentinelle.dz\/wp-content\/uploads\/2021\/07\/jsk.png","articleSection":["Sports"],"inLanguage":"fr-FR","potentialAction":[{"@type":"CommentAction","name":"Comment","target":["https:\/\/lasentinelle.dz\/index.php\/2021\/07\/12\/malgre-une-finale-de-la-coupe-de-la-caf-perdue-ne-pas-enterrer-cette-equipe-de-la-jsk\/#respond"]}]},{"@type":"WebPage","@id":"https:\/\/lasentinelle.dz\/index.php\/2021\/07\/12\/malgre-une-finale-de-la-coupe-de-la-caf-perdue-ne-pas-enterrer-cette-equipe-de-la-jsk\/","url":"https:\/\/lasentinelle.dz\/index.php\/2021\/07\/12\/malgre-une-finale-de-la-coupe-de-la-caf-perdue-ne-pas-enterrer-cette-equipe-de-la-jsk\/","name":"Malgr\u00e9 une finale de la coupe de la CAF perdue \/ Ne pas enterrer cette \u00e9quipe de la JSK - La Sentinelle","isPartOf":{"@id":"https:\/\/lasentinelle.dz\/#website"},"primaryImageOfPage":{"@id":"https:\/\/lasentinelle.dz\/index.php\/2021\/07\/12\/malgre-une-finale-de-la-coupe-de-la-caf-perdue-ne-pas-enterrer-cette-equipe-de-la-jsk\/#primaryimage"},"image":{"@id":"https:\/\/lasentinelle.dz\/index.php\/2021\/07\/12\/malgre-une-finale-de-la-coupe-de-la-caf-perdue-ne-pas-enterrer-cette-equipe-de-la-jsk\/#primaryimage"},"thumbnailUrl":"https:\/\/lasentinelle.dz\/wp-content\/uploads\/2021\/07\/jsk.png","datePublished":"2021-07-12T15:17:41+00:00","dateModified":"2021-07-12T15:17:53+00:00","breadcrumb":{"@id":"https:\/\/lasentinelle.dz\/index.php\/2021\/07\/12\/malgre-une-finale-de-la-coupe-de-la-caf-perdue-ne-pas-enterrer-cette-equipe-de-la-jsk\/#breadcrumb"},"inLanguage":"fr-FR","potentialAction":[{"@type":"ReadAction","target":["https:\/\/lasentinelle.dz\/index.php\/2021\/07\/12\/malgre-une-finale-de-la-coupe-de-la-caf-perdue-ne-pas-enterrer-cette-equipe-de-la-jsk\/"]}]},{"@type":"ImageObject","inLanguage":"fr-FR","@id":"https:\/\/lasentinelle.dz\/index.php\/2021\/07\/12\/malgre-une-finale-de-la-coupe-de-la-caf-perdue-ne-pas-enterrer-cette-equipe-de-la-jsk\/#primaryimage","url":"https:\/\/lasentinelle.dz\/wp-content\/uploads\/2021\/07\/jsk.png","contentUrl":"https:\/\/lasentinelle.dz\/wp-content\/uploads\/2021\/07\/jsk.png","width":850,"height":567},{"@type":"BreadcrumbList","@id":"https:\/\/lasentinelle.dz\/index.php\/2021\/07\/12\/malgre-une-finale-de-la-coupe-de-la-caf-perdue-ne-pas-enterrer-cette-equipe-de-la-jsk\/#breadcrumb","itemListElement":[{"@type":"ListItem","position":1,"name":"Accueil","item":"https:\/\/lasentinelle.dz\/"},{"@type":"ListItem","position":2,"name":"Malgr\u00e9 une finale de la coupe de la CAF perdue \/ Ne pas enterrer cette \u00e9quipe de la JSK"}]},{"@type":"WebSite","@id":"https:\/\/lasentinelle.dz\/#website","url":"https:\/\/lasentinelle.dz\/","name":"La Sentinelle","description":"Quotidien national d&#039;information","publisher":{"@id":"https:\/\/lasentinelle.dz\/#organization"},"potentialAction":[{"@type":"SearchAction","target":{"@type":"EntryPoint","urlTemplate":"https:\/\/lasentinelle.dz\/?s={search_term_string}"},"query-input":{"@type":"PropertyValueSpecification","valueRequired":true,"valueName":"search_term_string"}}],"inLanguage":"fr-FR"},{"@type":"Organization","@id":"https:\/\/lasentinelle.dz\/#organization","name":"Quotidien La Sentinelle","url":"https:\/\/lasentinelle.dz\/","logo":{"@type":"ImageObject","inLanguage":"fr-FR","@id":"https:\/\/lasentinelle.dz\/#\/schema\/logo\/image\/","url":"https:\/\/lasentinelle.dz\/wp-content\/uploads\/2021\/09\/logo-sentinelleSLOGAN-1.png","contentUrl":"https:\/\/lasentinelle.dz\/wp-content\/uploads\/2021\/09\/logo-sentinelleSLOGAN-1.png","width":615,"height":142,"caption":"Quotidien La Sentinelle"},"image":{"@id":"https:\/\/lasentinelle.dz\/#\/schema\/logo\/image\/"},"sameAs":["https:\/\/www.facebook.com\/La-Sentinelle-104059864394773"]},{"@type":"Person","@id":"https:\/\/lasentinelle.dz\/#\/schema\/person\/d865044e22e70a75174ce8bcad3acfb3","name":"La Sentinelle","image":{"@type":"ImageObject","inLanguage":"fr-FR","@id":"https:\/\/secure.gravatar.com\/avatar\/57de8e5d4b15d43fb361a71fbb36338450fe67865b528a43dd10ef7c51a20392?s=96&d=mm&r=g","url":"https:\/\/secure.gravatar.com\/avatar\/57de8e5d4b15d43fb361a71fbb36338450fe67865b528a43dd10ef7c51a20392?s=96&d=mm&r=g","contentUrl":"https:\/\/secure.gravatar.com\/avatar\/57de8e5d4b15d43fb361a71fbb36338450fe67865b528a43dd10ef7c51a20392?s=96&d=mm&r=g","caption":"La Sentinelle"},"sameAs":["http:\/\/www.lasentinelle.dz"],"url":"https:\/\/lasentinelle.dz\/author\/redaction\/"}]}},"_links":{"self":[{"href":"https:\/\/lasentinelle.dz\/index.php\/wp-json\/wp\/v2\/posts\/917","targetHints":{"allow":["GET"]}}],"collection":[{"href":"https:\/\/lasentinelle.dz\/index.php\/wp-json\/wp\/v2\/posts"}],"about":[{"href":"https:\/\/lasentinelle.dz\/index.php\/wp-json\/wp\/v2\/types\/post"}],"author":[{"embeddable":true,"href":"https:\/\/lasentinelle.dz\/index.php\/wp-json\/wp\/v2\/users\/3"}],"replies":[{"embeddable":true,"href":"https:\/\/lasentinelle.dz\/index.php\/wp-json\/wp\/v2\/comments?post=917"}],"version-history":[{"count":1,"href":"https:\/\/lasentinelle.dz\/index.php\/wp-json\/wp\/v2\/posts\/917\/revisions"}],"predecessor-version":[{"id":919,"href":"https:\/\/lasentinelle.dz\/index.php\/wp-json\/wp\/v2\/posts\/917\/revisions\/919"}],"wp:featuredmedia":[{"embeddable":true,"href":"https:\/\/lasentinelle.dz\/index.php\/wp-json\/wp\/v2\/media\/918"}],"wp:attachment":[{"href":"https:\/\/lasentinelle.dz\/index.php\/wp-json\/wp\/v2\/media?parent=917"}],"wp:term":[{"taxonomy":"category","embeddable":true,"href":"https:\/\/lasentinelle.dz\/index.php\/wp-json\/wp\/v2\/categories?post=917"},{"taxonomy":"post_tag","embeddable":true,"href":"https:\/\/lasentinelle.dz\/index.php\/wp-json\/wp\/v2\/tags?post=917"}],"curies":[{"name":"wp","href":"https:\/\/api.w.org\/{rel}","templated":true}]}}