{"id":91708,"date":"2026-07-19T20:48:36","date_gmt":"2026-07-19T19:48:36","guid":{"rendered":"https:\/\/lasentinelle.dz\/?p=91708"},"modified":"2026-07-19T20:48:39","modified_gmt":"2026-07-19T19:48:39","slug":"om-himad-abdelli-evoque-son-etat-desprit-apres-une-saison-compliquee","status":"publish","type":"post","link":"https:\/\/lasentinelle.dz\/index.php\/2026\/07\/19\/om-himad-abdelli-evoque-son-etat-desprit-apres-une-saison-compliquee\/","title":{"rendered":"OM\u00a0: Himad Abdelli \u00e9voque son \u00e9tat d&rsquo;esprit apr\u00e8s une saison compliqu\u00e9e"},"content":{"rendered":"\n<p class=\"wp-block-paragraph\">Titulaire lors du match de pr\u00e9paration remport\u00e9 par l&rsquo;Olympique de Marseille face \u00e0 Yamoussoukro FC (3-0), l&rsquo;international alg\u00e9rien Himad Abdelli a livr\u00e9 quelques minutes encourageantes, samedi. Recrut\u00e9 lors du dernier mercato hivernal, le milieu de terrain n&rsquo;avait que peu profit\u00e9 du temps de jeu accord\u00e9 par l&rsquo;entra\u00eeneur Habib Beye durant la seconde partie de la saison \u00e9coul\u00e9e. Interrog\u00e9 sur ses sensations depuis la reprise de l&rsquo;entra\u00eenement, le joueur marseillais s&rsquo;est montr\u00e9 confiant quant \u00e0 sa capacit\u00e9 \u00e0 inverser la tendance . \u00ab Les premi\u00e8res sensations reviennent et sont meilleures que l&rsquo;ann\u00e9e derni\u00e8re, parce que je pense ne pas avoir montr\u00e9 ce que je valais. Je me pr\u00e9pare bien pour faire une bonne saison. \u00bb<\/p>\n\n\n\n<p class=\"wp-block-paragraph\">R.S.<\/p>\n","protected":false},"excerpt":{"rendered":"<p>Titulaire lors du match de pr\u00e9paration remport\u00e9 par l&rsquo;Olympique de Marseille face \u00e0 Yamoussoukro FC (3-0), l&rsquo;international alg\u00e9rien Himad Abdelli<\/p>\n","protected":false},"author":6,"featured_media":91709,"comment_status":"open","ping_status":"closed","sticky":false,"template":"","format":"standard","meta":{"colormag_page_container_layout":"default_layout","colormag_page_sidebar_layout":"default_layout","om_disable_all_campaigns":false,"_monsterinsights_skip_tracking":false,"footnotes":"","_wpscppro_dont_share_socialmedia":false,"_wpscppro_custom_social_share_image":0,"_facebook_share_type":"default","_twitter_share_type":"default","_linkedin_share_type":"default","_pinterest_share_type":"default","_linkedin_share_type_page":"","_instagram_share_type":"default","_medium_share_type":"default","_threads_share_type":"default","_google_business_share_type":"default","_bluesky_share_type":"default","_mastodon_share_type":"","_selected_social_profile":[],"_wpsp_enable_custom_social_template":false,"_wpsp_social_scheduling":{"enabled":false,"datetime":null,"platforms":[],"status":"template_only","dateOption":"today","timeOption":"now","customDays":"","customHours":"","customDate":"","customTime":"","schedulingType":"absolute"},"_wpsp_active_default_template":true},"categories":[33],"tags":[],"class_list":["post-91708","post","type-post","status-publish","format-standard","has-post-thumbnail","hentry","category-sports"],"aioseo_notices":[],"aioseo_head":"\n\t\t<!-- All in One SEO 5.0.0.1 - aioseo.com -->\n\t<meta name=\"description\" content=\"Titulaire lors du match de pr\u00e9paration remport\u00e9 par l&#039;Olympique de Marseille face \u00e0 Yamoussoukro FC (3-0), l&#039;international alg\u00e9rien Himad Abdelli a livr\u00e9 quelques minutes encourageantes, samedi. Recrut\u00e9 lors du dernier mercato hivernal, le milieu de terrain n&#039;avait que peu profit\u00e9 du temps de jeu accord\u00e9 par l&#039;entra\u00eeneur Habib Beye durant la seconde partie de la\" \/>\n\t<meta name=\"robots\" content=\"max-image-preview:large\" \/>\n\t<meta name=\"author\" content=\"admin\"\/>\n\t<link rel=\"canonical\" href=\"https:\/\/lasentinelle.dz\/index.php\/2026\/07\/19\/om-himad-abdelli-evoque-son-etat-desprit-apres-une-saison-compliquee\/\" \/>\n\t<meta name=\"generator\" content=\"All in One SEO (AIOSEO) 5.0.0.1\" \/>\n\t\t<meta property=\"og:locale\" content=\"fr_FR\" \/>\n\t\t<meta property=\"og:site_name\" content=\"La Sentinelle - Quotidien national d&#039;information\" \/>\n\t\t<meta property=\"og:type\" content=\"article\" \/>\n\t\t<meta property=\"og:title\" content=\"OM : Himad Abdelli \u00e9voque son \u00e9tat d\u2019esprit apr\u00e8s une saison compliqu\u00e9e - La Sentinelle\" \/>\n\t\t<meta property=\"og:description\" content=\"Titulaire lors du match de pr\u00e9paration remport\u00e9 par l&#039;Olympique de Marseille face \u00e0 Yamoussoukro FC (3-0), l&#039;international alg\u00e9rien Himad Abdelli a livr\u00e9 quelques minutes encourageantes, samedi. Recrut\u00e9 lors du dernier mercato hivernal, le milieu de terrain n&#039;avait que peu profit\u00e9 du temps de jeu accord\u00e9 par l&#039;entra\u00eeneur Habib Beye durant la seconde partie de la\" \/>\n\t\t<meta property=\"og:url\" content=\"https:\/\/lasentinelle.dz\/index.php\/2026\/07\/19\/om-himad-abdelli-evoque-son-etat-desprit-apres-une-saison-compliquee\/\" \/>\n\t\t<meta property=\"og:image\" content=\"https:\/\/lasentinelle.dz\/wp-content\/uploads\/2021\/09\/cropped-la-sentinelle-earth-golden-anima-5.gif\" \/>\n\t\t<meta property=\"og:image:secure_url\" content=\"https:\/\/lasentinelle.dz\/wp-content\/uploads\/2021\/09\/cropped-la-sentinelle-earth-golden-anima-5.gif\" \/>\n\t\t<meta property=\"og:image:width\" content=\"450\" \/>\n\t\t<meta property=\"og:image:height\" content=\"213\" \/>\n\t\t<meta property=\"article:published_time\" content=\"2026-07-19T19:48:36+00:00\" \/>\n\t\t<meta property=\"article:modified_time\" content=\"2026-07-19T19:48:39+00:00\" \/>\n\t\t<meta property=\"article:publisher\" content=\"https:\/\/www.facebook.com\/azzedine.lasentinelle.1\" \/>\n\t\t<meta name=\"twitter:card\" content=\"summary_large_image\" \/>\n\t\t<meta name=\"twitter:title\" content=\"OM : Himad Abdelli \u00e9voque son \u00e9tat d\u2019esprit apr\u00e8s une saison compliqu\u00e9e - La Sentinelle\" \/>\n\t\t<meta name=\"twitter:description\" content=\"Titulaire lors du match de pr\u00e9paration remport\u00e9 par l&#039;Olympique de Marseille face \u00e0 Yamoussoukro FC (3-0), l&#039;international alg\u00e9rien Himad Abdelli a livr\u00e9 quelques minutes encourageantes, samedi. Recrut\u00e9 lors du dernier mercato hivernal, le milieu de terrain n&#039;avait que peu profit\u00e9 du temps de jeu accord\u00e9 par l&#039;entra\u00eeneur Habib Beye durant la seconde partie de la\" \/>\n\t\t<meta name=\"twitter:image\" content=\"https:\/\/lasentinelle.dz\/wp-content\/uploads\/2021\/09\/cropped-la-sentinelle-earth-golden-anima-5.gif\" \/>\n\t\t<script type=\"application\/ld+json\" class=\"aioseo-schema\">\n\t\t\t{\"@context\":\"https:\\\/\\\/schema.org\",\"@graph\":[{\"@type\":\"BlogPosting\",\"@id\":\"https:\\\/\\\/lasentinelle.dz\\\/index.php\\\/2026\\\/07\\\/19\\\/om-himad-abdelli-evoque-son-etat-desprit-apres-une-saison-compliquee\\\/#blogposting\",\"name\":\"OM : Himad Abdelli \\u00e9voque son \\u00e9tat d\\u2019esprit apr\\u00e8s une saison compliqu\\u00e9e - La Sentinelle\",\"headline\":\"OM\\u00a0: Himad Abdelli \\u00e9voque son \\u00e9tat d&rsquo;esprit apr\\u00e8s une saison compliqu\\u00e9e\",\"author\":{\"@id\":\"https:\\\/\\\/lasentinelle.dz\\\/author\\\/admin\\\/#author\"},\"publisher\":{\"@id\":\"https:\\\/\\\/lasentinelle.dz\\\/#organization\"},\"image\":{\"@type\":\"ImageObject\",\"url\":\"https:\\\/\\\/lasentinelle.dz\\\/wp-content\\\/uploads\\\/2026\\\/07\\\/Abdelli.webp\",\"width\":600,\"height\":390},\"datePublished\":\"2026-07-19T20:48:36+01:00\",\"dateModified\":\"2026-07-19T20:48:39+01:00\",\"inLanguage\":\"fr-FR\",\"mainEntityOfPage\":{\"@id\":\"https:\\\/\\\/lasentinelle.dz\\\/index.php\\\/2026\\\/07\\\/19\\\/om-himad-abdelli-evoque-son-etat-desprit-apres-une-saison-compliquee\\\/#webpage\"},\"isPartOf\":{\"@id\":\"https:\\\/\\\/lasentinelle.dz\\\/index.php\\\/2026\\\/07\\\/19\\\/om-himad-abdelli-evoque-son-etat-desprit-apres-une-saison-compliquee\\\/#webpage\"},\"articleSection\":\"Sports\"},{\"@type\":\"BreadcrumbList\",\"@id\":\"https:\\\/\\\/lasentinelle.dz\\\/index.php\\\/2026\\\/07\\\/19\\\/om-himad-abdelli-evoque-son-etat-desprit-apres-une-saison-compliquee\\\/#breadcrumblist\",\"itemListElement\":[{\"@type\":\"ListItem\",\"@id\":\"https:\\\/\\\/lasentinelle.dz#listItem\",\"position\":1,\"name\":\"Home\",\"item\":\"https:\\\/\\\/lasentinelle.dz\",\"nextItem\":{\"@type\":\"ListItem\",\"@id\":\"https:\\\/\\\/lasentinelle.dz\\\/index.php\\\/category\\\/sports\\\/#listItem\",\"name\":\"Sports\"}},{\"@type\":\"ListItem\",\"@id\":\"https:\\\/\\\/lasentinelle.dz\\\/index.php\\\/category\\\/sports\\\/#listItem\",\"position\":2,\"name\":\"Sports\",\"item\":\"https:\\\/\\\/lasentinelle.dz\\\/index.php\\\/category\\\/sports\\\/\",\"nextItem\":{\"@type\":\"ListItem\",\"@id\":\"https:\\\/\\\/lasentinelle.dz\\\/index.php\\\/2026\\\/07\\\/19\\\/om-himad-abdelli-evoque-son-etat-desprit-apres-une-saison-compliquee\\\/#listItem\",\"name\":\"OM\\u00a0: Himad Abdelli \\u00e9voque son \\u00e9tat d&rsquo;esprit apr\\u00e8s une saison compliqu\\u00e9e\"},\"previousItem\":{\"@type\":\"ListItem\",\"@id\":\"https:\\\/\\\/lasentinelle.dz#listItem\",\"name\":\"Home\"}},{\"@type\":\"ListItem\",\"@id\":\"https:\\\/\\\/lasentinelle.dz\\\/index.php\\\/2026\\\/07\\\/19\\\/om-himad-abdelli-evoque-son-etat-desprit-apres-une-saison-compliquee\\\/#listItem\",\"position\":3,\"name\":\"OM\\u00a0: Himad Abdelli \\u00e9voque son \\u00e9tat d&rsquo;esprit apr\\u00e8s une saison compliqu\\u00e9e\",\"previousItem\":{\"@type\":\"ListItem\",\"@id\":\"https:\\\/\\\/lasentinelle.dz\\\/index.php\\\/category\\\/sports\\\/#listItem\",\"name\":\"Sports\"}}]},{\"@type\":\"Organization\",\"@id\":\"https:\\\/\\\/lasentinelle.dz\\\/#organization\",\"name\":\"La Sentinelle La Sentinelle\",\"description\":\"Quotidien national d'information\",\"url\":\"https:\\\/\\\/lasentinelle.dz\\\/\",\"logo\":{\"@type\":\"ImageObject\",\"url\":\"https:\\\/\\\/lasentinelle.dz\\\/wp-content\\\/uploads\\\/2021\\\/09\\\/cropped-la-sentinelle-earth-golden-anima-5.gif\",\"@id\":\"https:\\\/\\\/lasentinelle.dz\\\/index.php\\\/2026\\\/07\\\/19\\\/om-himad-abdelli-evoque-son-etat-desprit-apres-une-saison-compliquee\\\/#organizationLogo\",\"width\":450,\"height\":213},\"image\":{\"@id\":\"https:\\\/\\\/lasentinelle.dz\\\/index.php\\\/2026\\\/07\\\/19\\\/om-himad-abdelli-evoque-son-etat-desprit-apres-une-saison-compliquee\\\/#organizationLogo\"},\"sameAs\":[\"https:\\\/\\\/www.facebook.com\\\/azzedine.lasentinelle.1\"]},{\"@type\":\"Person\",\"@id\":\"https:\\\/\\\/lasentinelle.dz\\\/author\\\/admin\\\/#author\",\"url\":\"https:\\\/\\\/lasentinelle.dz\\\/author\\\/admin\\\/\",\"name\":\"admin\",\"image\":{\"@type\":\"ImageObject\",\"@id\":\"https:\\\/\\\/lasentinelle.dz\\\/index.php\\\/2026\\\/07\\\/19\\\/om-himad-abdelli-evoque-son-etat-desprit-apres-une-saison-compliquee\\\/#authorImage\",\"url\":\"https:\\\/\\\/secure.gravatar.com\\\/avatar\\\/4c81fed838786e9b53f540bf46533e750f5d292099ae3b66cfc6fb1982e29df7?s=96&d=mm&r=g\",\"width\":96,\"height\":96,\"caption\":\"admin\"}},{\"@type\":\"WebPage\",\"@id\":\"https:\\\/\\\/lasentinelle.dz\\\/index.php\\\/2026\\\/07\\\/19\\\/om-himad-abdelli-evoque-son-etat-desprit-apres-une-saison-compliquee\\\/#webpage\",\"url\":\"https:\\\/\\\/lasentinelle.dz\\\/index.php\\\/2026\\\/07\\\/19\\\/om-himad-abdelli-evoque-son-etat-desprit-apres-une-saison-compliquee\\\/\",\"name\":\"OM : Himad Abdelli \\u00e9voque son \\u00e9tat d\\u2019esprit apr\\u00e8s une saison compliqu\\u00e9e - La Sentinelle\",\"description\":\"Titulaire lors du match de pr\\u00e9paration remport\\u00e9 par l'Olympique de Marseille face \\u00e0 Yamoussoukro FC (3-0), l'international alg\\u00e9rien Himad Abdelli a livr\\u00e9 quelques minutes encourageantes, samedi. Recrut\\u00e9 lors du dernier mercato hivernal, le milieu de terrain n'avait que peu profit\\u00e9 du temps de jeu accord\\u00e9 par l'entra\\u00eeneur Habib Beye durant la seconde partie de la\",\"inLanguage\":\"fr-FR\",\"isPartOf\":{\"@id\":\"https:\\\/\\\/lasentinelle.dz\\\/#website\"},\"breadcrumb\":{\"@id\":\"https:\\\/\\\/lasentinelle.dz\\\/index.php\\\/2026\\\/07\\\/19\\\/om-himad-abdelli-evoque-son-etat-desprit-apres-une-saison-compliquee\\\/#breadcrumblist\"},\"author\":{\"@id\":\"https:\\\/\\\/lasentinelle.dz\\\/author\\\/admin\\\/#author\"},\"creator\":{\"@id\":\"https:\\\/\\\/lasentinelle.dz\\\/author\\\/admin\\\/#author\"},\"image\":{\"@type\":\"ImageObject\",\"url\":\"https:\\\/\\\/lasentinelle.dz\\\/wp-content\\\/uploads\\\/2026\\\/07\\\/Abdelli.webp\",\"@id\":\"https:\\\/\\\/lasentinelle.dz\\\/index.php\\\/2026\\\/07\\\/19\\\/om-himad-abdelli-evoque-son-etat-desprit-apres-une-saison-compliquee\\\/#mainImage\",\"width\":600,\"height\":390},\"primaryImageOfPage\":{\"@id\":\"https:\\\/\\\/lasentinelle.dz\\\/index.php\\\/2026\\\/07\\\/19\\\/om-himad-abdelli-evoque-son-etat-desprit-apres-une-saison-compliquee\\\/#mainImage\"},\"datePublished\":\"2026-07-19T20:48:36+01:00\",\"dateModified\":\"2026-07-19T20:48:39+01:00\"},{\"@type\":\"WebSite\",\"@id\":\"https:\\\/\\\/lasentinelle.dz\\\/#website\",\"url\":\"https:\\\/\\\/lasentinelle.dz\\\/\",\"name\":\"La Sentinelle\",\"description\":\"Quotidien national d'information\",\"inLanguage\":\"fr-FR\",\"publisher\":{\"@id\":\"https:\\\/\\\/lasentinelle.dz\\\/#organization\"}}]}\n\t\t<\/script>\n\t\t<!-- All in One SEO -->\n\n","aioseo_head_json":{"title":"OM : Himad Abdelli \u00e9voque son \u00e9tat d\u2019esprit apr\u00e8s une saison compliqu\u00e9e - La Sentinelle","description":"Titulaire lors du match de pr\u00e9paration remport\u00e9 par l'Olympique de Marseille face \u00e0 Yamoussoukro FC (3-0), l'international alg\u00e9rien Himad Abdelli a livr\u00e9 quelques minutes encourageantes, samedi. Recrut\u00e9 lors du dernier mercato hivernal, le milieu de terrain n'avait que peu profit\u00e9 du temps de jeu accord\u00e9 par l'entra\u00eeneur Habib Beye durant la seconde partie de la","canonical_url":"https:\/\/lasentinelle.dz\/index.php\/2026\/07\/19\/om-himad-abdelli-evoque-son-etat-desprit-apres-une-saison-compliquee\/","robots":"max-image-preview:large","keywords":"","webmasterTools":{"miscellaneous":""},"schema":{"@context":"https:\/\/schema.org","@graph":[{"@type":"BlogPosting","@id":"https:\/\/lasentinelle.dz\/index.php\/2026\/07\/19\/om-himad-abdelli-evoque-son-etat-desprit-apres-une-saison-compliquee\/#blogposting","name":"OM : Himad Abdelli \u00e9voque son \u00e9tat d\u2019esprit apr\u00e8s une saison compliqu\u00e9e - La Sentinelle","headline":"OM\u00a0: Himad Abdelli \u00e9voque son \u00e9tat d&rsquo;esprit apr\u00e8s une saison compliqu\u00e9e","author":{"@id":"https:\/\/lasentinelle.dz\/author\/admin\/#author"},"publisher":{"@id":"https:\/\/lasentinelle.dz\/#organization"},"image":{"@type":"ImageObject","url":"https:\/\/lasentinelle.dz\/wp-content\/uploads\/2026\/07\/Abdelli.webp","width":600,"height":390},"datePublished":"2026-07-19T20:48:36+01:00","dateModified":"2026-07-19T20:48:39+01:00","inLanguage":"fr-FR","mainEntityOfPage":{"@id":"https:\/\/lasentinelle.dz\/index.php\/2026\/07\/19\/om-himad-abdelli-evoque-son-etat-desprit-apres-une-saison-compliquee\/#webpage"},"isPartOf":{"@id":"https:\/\/lasentinelle.dz\/index.php\/2026\/07\/19\/om-himad-abdelli-evoque-son-etat-desprit-apres-une-saison-compliquee\/#webpage"},"articleSection":"Sports"},{"@type":"BreadcrumbList","@id":"https:\/\/lasentinelle.dz\/index.php\/2026\/07\/19\/om-himad-abdelli-evoque-son-etat-desprit-apres-une-saison-compliquee\/#breadcrumblist","itemListElement":[{"@type":"ListItem","@id":"https:\/\/lasentinelle.dz#listItem","position":1,"name":"Home","item":"https:\/\/lasentinelle.dz","nextItem":{"@type":"ListItem","@id":"https:\/\/lasentinelle.dz\/index.php\/category\/sports\/#listItem","name":"Sports"}},{"@type":"ListItem","@id":"https:\/\/lasentinelle.dz\/index.php\/category\/sports\/#listItem","position":2,"name":"Sports","item":"https:\/\/lasentinelle.dz\/index.php\/category\/sports\/","nextItem":{"@type":"ListItem","@id":"https:\/\/lasentinelle.dz\/index.php\/2026\/07\/19\/om-himad-abdelli-evoque-son-etat-desprit-apres-une-saison-compliquee\/#listItem","name":"OM\u00a0: Himad Abdelli \u00e9voque son \u00e9tat d&rsquo;esprit apr\u00e8s une saison compliqu\u00e9e"},"previousItem":{"@type":"ListItem","@id":"https:\/\/lasentinelle.dz#listItem","name":"Home"}},{"@type":"ListItem","@id":"https:\/\/lasentinelle.dz\/index.php\/2026\/07\/19\/om-himad-abdelli-evoque-son-etat-desprit-apres-une-saison-compliquee\/#listItem","position":3,"name":"OM\u00a0: Himad Abdelli \u00e9voque son \u00e9tat d&rsquo;esprit apr\u00e8s une saison compliqu\u00e9e","previousItem":{"@type":"ListItem","@id":"https:\/\/lasentinelle.dz\/index.php\/category\/sports\/#listItem","name":"Sports"}}]},{"@type":"Organization","@id":"https:\/\/lasentinelle.dz\/#organization","name":"La Sentinelle La Sentinelle","description":"Quotidien national d'information","url":"https:\/\/lasentinelle.dz\/","logo":{"@type":"ImageObject","url":"https:\/\/lasentinelle.dz\/wp-content\/uploads\/2021\/09\/cropped-la-sentinelle-earth-golden-anima-5.gif","@id":"https:\/\/lasentinelle.dz\/index.php\/2026\/07\/19\/om-himad-abdelli-evoque-son-etat-desprit-apres-une-saison-compliquee\/#organizationLogo","width":450,"height":213},"image":{"@id":"https:\/\/lasentinelle.dz\/index.php\/2026\/07\/19\/om-himad-abdelli-evoque-son-etat-desprit-apres-une-saison-compliquee\/#organizationLogo"},"sameAs":["https:\/\/www.facebook.com\/azzedine.lasentinelle.1"]},{"@type":"Person","@id":"https:\/\/lasentinelle.dz\/author\/admin\/#author","url":"https:\/\/lasentinelle.dz\/author\/admin\/","name":"admin","image":{"@type":"ImageObject","@id":"https:\/\/lasentinelle.dz\/index.php\/2026\/07\/19\/om-himad-abdelli-evoque-son-etat-desprit-apres-une-saison-compliquee\/#authorImage","url":"https:\/\/secure.gravatar.com\/avatar\/4c81fed838786e9b53f540bf46533e750f5d292099ae3b66cfc6fb1982e29df7?s=96&d=mm&r=g","width":96,"height":96,"caption":"admin"}},{"@type":"WebPage","@id":"https:\/\/lasentinelle.dz\/index.php\/2026\/07\/19\/om-himad-abdelli-evoque-son-etat-desprit-apres-une-saison-compliquee\/#webpage","url":"https:\/\/lasentinelle.dz\/index.php\/2026\/07\/19\/om-himad-abdelli-evoque-son-etat-desprit-apres-une-saison-compliquee\/","name":"OM : Himad Abdelli \u00e9voque son \u00e9tat d\u2019esprit apr\u00e8s une saison compliqu\u00e9e - La Sentinelle","description":"Titulaire lors du match de pr\u00e9paration remport\u00e9 par l'Olympique de Marseille face \u00e0 Yamoussoukro FC (3-0), l'international alg\u00e9rien Himad Abdelli a livr\u00e9 quelques minutes encourageantes, samedi. Recrut\u00e9 lors du dernier mercato hivernal, le milieu de terrain n'avait que peu profit\u00e9 du temps de jeu accord\u00e9 par l'entra\u00eeneur Habib Beye durant la seconde partie de la","inLanguage":"fr-FR","isPartOf":{"@id":"https:\/\/lasentinelle.dz\/#website"},"breadcrumb":{"@id":"https:\/\/lasentinelle.dz\/index.php\/2026\/07\/19\/om-himad-abdelli-evoque-son-etat-desprit-apres-une-saison-compliquee\/#breadcrumblist"},"author":{"@id":"https:\/\/lasentinelle.dz\/author\/admin\/#author"},"creator":{"@id":"https:\/\/lasentinelle.dz\/author\/admin\/#author"},"image":{"@type":"ImageObject","url":"https:\/\/lasentinelle.dz\/wp-content\/uploads\/2026\/07\/Abdelli.webp","@id":"https:\/\/lasentinelle.dz\/index.php\/2026\/07\/19\/om-himad-abdelli-evoque-son-etat-desprit-apres-une-saison-compliquee\/#mainImage","width":600,"height":390},"primaryImageOfPage":{"@id":"https:\/\/lasentinelle.dz\/index.php\/2026\/07\/19\/om-himad-abdelli-evoque-son-etat-desprit-apres-une-saison-compliquee\/#mainImage"},"datePublished":"2026-07-19T20:48:36+01:00","dateModified":"2026-07-19T20:48:39+01:00"},{"@type":"WebSite","@id":"https:\/\/lasentinelle.dz\/#website","url":"https:\/\/lasentinelle.dz\/","name":"La Sentinelle","description":"Quotidien national d'information","inLanguage":"fr-FR","publisher":{"@id":"https:\/\/lasentinelle.dz\/#organization"}}]},"og:locale":"fr_FR","og:site_name":"La Sentinelle - Quotidien national d'information","og:type":"article","og:title":"OM : Himad Abdelli \u00e9voque son \u00e9tat d\u2019esprit apr\u00e8s une saison compliqu\u00e9e - La Sentinelle","og:description":"Titulaire lors du match de pr\u00e9paration remport\u00e9 par l'Olympique de Marseille face \u00e0 Yamoussoukro FC (3-0), l'international alg\u00e9rien Himad Abdelli a livr\u00e9 quelques minutes encourageantes, samedi. Recrut\u00e9 lors du dernier mercato hivernal, le milieu de terrain n'avait que peu profit\u00e9 du temps de jeu accord\u00e9 par l'entra\u00eeneur Habib Beye durant la seconde partie de la","og:url":"https:\/\/lasentinelle.dz\/index.php\/2026\/07\/19\/om-himad-abdelli-evoque-son-etat-desprit-apres-une-saison-compliquee\/","og:image":"https:\/\/lasentinelle.dz\/wp-content\/uploads\/2021\/09\/cropped-la-sentinelle-earth-golden-anima-5.gif","og:image:secure_url":"https:\/\/lasentinelle.dz\/wp-content\/uploads\/2021\/09\/cropped-la-sentinelle-earth-golden-anima-5.gif","og:image:width":450,"og:image:height":213,"article:published_time":"2026-07-19T19:48:36+00:00","article:modified_time":"2026-07-19T19:48:39+00:00","article:publisher":"https:\/\/www.facebook.com\/azzedine.lasentinelle.1","twitter:card":"summary_large_image","twitter:title":"OM : Himad Abdelli \u00e9voque son \u00e9tat d\u2019esprit apr\u00e8s une saison compliqu\u00e9e - La Sentinelle","twitter:description":"Titulaire lors du match de pr\u00e9paration remport\u00e9 par l'Olympique de Marseille face \u00e0 Yamoussoukro FC (3-0), l'international alg\u00e9rien Himad Abdelli a livr\u00e9 quelques minutes encourageantes, samedi. Recrut\u00e9 lors du dernier mercato hivernal, le milieu de terrain n'avait que peu profit\u00e9 du temps de jeu accord\u00e9 par l'entra\u00eeneur Habib Beye durant la seconde partie de la","twitter:image":"https:\/\/lasentinelle.dz\/wp-content\/uploads\/2021\/09\/cropped-la-sentinelle-earth-golden-anima-5.gif"},"aioseo_meta_data":{"post_id":"91708","title":null,"description":null,"keywords":null,"keyphrases":{"focus":{"keyphrase":"","score":0,"analysis":{"keyphraseInTitle":{"score":0,"maxScore":9,"error":1}}},"additional":[]},"primary_term":null,"canonical_url":null,"og_title":null,"og_description":null,"og_object_type":"default","og_image_type":"default","og_image_url":null,"og_image_width":null,"og_image_height":null,"og_image_custom_url":null,"og_image_custom_fields":null,"og_video":"","og_custom_url":null,"og_article_section":null,"og_article_tags":null,"twitter_use_og":false,"twitter_card":"default","twitter_image_type":"default","twitter_image_url":null,"twitter_image_custom_url":null,"twitter_image_custom_fields":null,"twitter_title":null,"twitter_description":null,"schema":{"blockGraphs":[],"customGraphs":[],"default":{"data":{"Article":[],"Course":[],"Dataset":[],"FAQPage":[],"Movie":[],"Person":[],"Product":[],"ProductReview":[],"Car":[],"Recipe":[],"Service":[],"SoftwareApplication":[],"WebPage":[]},"graphName":"BlogPosting","isEnabled":true},"graphs":[]},"schema_type":"default","schema_type_options":null,"pillar_content":false,"robots_default":true,"robots_noindex":false,"robots_noarchive":false,"robots_nosnippet":false,"robots_nofollow":false,"robots_noimageindex":false,"robots_noodp":false,"robots_notranslate":false,"robots_max_snippet":"-1","robots_max_videopreview":"-1","robots_max_imagepreview":"large","priority":null,"frequency":"default","local_seo":null,"breadcrumb_settings":null,"limit_modified_date":false,"ai":{"faqs":[],"keyPoints":[],"schemas":[],"titles":[],"descriptions":[],"socialPosts":{"email":[],"linkedin":[],"twitter":[],"facebook":[],"instagram":[]}},"created":"2026-07-19 19:48:39","updated":"2026-07-19 21:06:24","focus_keyword":null,"additional_keywords":null,"truseo_locale":null,"seo_analyzer_scan_date":null},"aioseo_breadcrumb":"<div class=\"aioseo-breadcrumbs\"><span class=\"aioseo-breadcrumb\">\n\t\t\t<a href=\"https:\/\/lasentinelle.dz\" title=\"Home\">Home<\/a>\n\t\t<\/span><span class=\"aioseo-breadcrumb-separator\">&raquo;<\/span><span class=\"aioseo-breadcrumb\">\n\t\t\t<a href=\"https:\/\/lasentinelle.dz\/index.php\/category\/sports\/\" title=\"Sports\">Sports<\/a>\n\t\t<\/span><span class=\"aioseo-breadcrumb-separator\">&raquo;<\/span><span class=\"aioseo-breadcrumb\">\n\t\t\tOM : Himad Abdelli \u00e9voque son \u00e9tat d\u2019esprit apr\u00e8s une saison compliqu\u00e9e\n\t\t<\/span><\/div>","aioseo_breadcrumb_json":[{"label":"Home","link":"https:\/\/lasentinelle.dz"},{"label":"Sports","link":"https:\/\/lasentinelle.dz\/index.php\/category\/sports\/"},{"label":"OM\u00a0: Himad Abdelli \u00e9voque son \u00e9tat d&rsquo;esprit apr\u00e8s une saison compliqu\u00e9e","link":"https:\/\/lasentinelle.dz\/index.php\/2026\/07\/19\/om-himad-abdelli-evoque-son-etat-desprit-apres-une-saison-compliquee\/"}],"yoast_head":"<!-- This site is optimized with the Yoast SEO plugin v28.4 - https:\/\/yoast.com\/product\/yoast-seo-wordpress\/ -->\n<title>OM\u00a0: Himad Abdelli \u00e9voque son \u00e9tat d&rsquo;esprit apr\u00e8s une saison compliqu\u00e9e - La Sentinelle<\/title>\n<meta name=\"robots\" content=\"index, follow, max-snippet:-1, max-image-preview:large, max-video-preview:-1\" \/>\n<link rel=\"canonical\" href=\"https:\/\/lasentinelle.dz\/index.php\/2026\/07\/19\/om-himad-abdelli-evoque-son-etat-desprit-apres-une-saison-compliquee\/\" \/>\n<meta property=\"og:locale\" content=\"fr_FR\" \/>\n<meta property=\"og:type\" content=\"article\" \/>\n<meta property=\"og:title\" content=\"OM\u00a0: Himad Abdelli \u00e9voque son \u00e9tat d&rsquo;esprit apr\u00e8s une saison compliqu\u00e9e - La Sentinelle\" \/>\n<meta property=\"og:description\" content=\"Titulaire lors du match de pr\u00e9paration remport\u00e9 par l&rsquo;Olympique de Marseille face \u00e0 Yamoussoukro FC (3-0), l&rsquo;international alg\u00e9rien Himad Abdelli\" \/>\n<meta property=\"og:url\" content=\"https:\/\/lasentinelle.dz\/index.php\/2026\/07\/19\/om-himad-abdelli-evoque-son-etat-desprit-apres-une-saison-compliquee\/\" \/>\n<meta property=\"og:site_name\" content=\"La Sentinelle\" \/>\n<meta property=\"article:publisher\" content=\"https:\/\/www.facebook.com\/La-Sentinelle-104059864394773\" \/>\n<meta property=\"article:published_time\" content=\"2026-07-19T19:48:36+00:00\" \/>\n<meta property=\"article:modified_time\" content=\"2026-07-19T19:48:39+00:00\" \/>\n<meta property=\"og:image\" content=\"https:\/\/lasentinelle.dz\/wp-content\/uploads\/2026\/07\/Abdelli.webp\" \/>\n\t<meta property=\"og:image:width\" content=\"600\" \/>\n\t<meta property=\"og:image:height\" content=\"390\" \/>\n\t<meta property=\"og:image:type\" content=\"image\/webp\" \/>\n<meta name=\"author\" content=\"admin\" \/>\n<meta name=\"twitter:card\" content=\"summary_large_image\" \/>\n<meta name=\"twitter:label1\" content=\"\u00c9crit par\" \/>\n\t<meta name=\"twitter:data1\" content=\"admin\" \/>\n\t<meta name=\"twitter:label2\" content=\"Dur\u00e9e de lecture estim\u00e9e\" \/>\n\t<meta name=\"twitter:data2\" content=\"1 minute\" \/>\n<script type=\"application\/ld+json\" class=\"yoast-schema-graph\">{\"@context\":\"https:\\\/\\\/schema.org\",\"@graph\":[{\"@type\":\"Article\",\"@id\":\"https:\\\/\\\/lasentinelle.dz\\\/index.php\\\/2026\\\/07\\\/19\\\/om-himad-abdelli-evoque-son-etat-desprit-apres-une-saison-compliquee\\\/#article\",\"isPartOf\":{\"@id\":\"https:\\\/\\\/lasentinelle.dz\\\/index.php\\\/2026\\\/07\\\/19\\\/om-himad-abdelli-evoque-son-etat-desprit-apres-une-saison-compliquee\\\/\"},\"author\":{\"name\":\"admin\",\"@id\":\"https:\\\/\\\/lasentinelle.dz\\\/#\\\/schema\\\/person\\\/729ee0024f24e0b8c5ec17232f8e8b41\"},\"headline\":\"OM\u00a0: Himad Abdelli \u00e9voque son \u00e9tat d&rsquo;esprit apr\u00e8s une saison compliqu\u00e9e\",\"datePublished\":\"2026-07-19T19:48:36+00:00\",\"dateModified\":\"2026-07-19T19:48:39+00:00\",\"mainEntityOfPage\":{\"@id\":\"https:\\\/\\\/lasentinelle.dz\\\/index.php\\\/2026\\\/07\\\/19\\\/om-himad-abdelli-evoque-son-etat-desprit-apres-une-saison-compliquee\\\/\"},\"wordCount\":141,\"commentCount\":0,\"publisher\":{\"@id\":\"https:\\\/\\\/lasentinelle.dz\\\/#organization\"},\"image\":{\"@id\":\"https:\\\/\\\/lasentinelle.dz\\\/index.php\\\/2026\\\/07\\\/19\\\/om-himad-abdelli-evoque-son-etat-desprit-apres-une-saison-compliquee\\\/#primaryimage\"},\"thumbnailUrl\":\"https:\\\/\\\/lasentinelle.dz\\\/wp-content\\\/uploads\\\/2026\\\/07\\\/Abdelli.webp\",\"articleSection\":[\"Sports\"],\"inLanguage\":\"fr-FR\",\"potentialAction\":[{\"@type\":\"CommentAction\",\"name\":\"Comment\",\"target\":[\"https:\\\/\\\/lasentinelle.dz\\\/index.php\\\/2026\\\/07\\\/19\\\/om-himad-abdelli-evoque-son-etat-desprit-apres-une-saison-compliquee\\\/#respond\"]}]},{\"@type\":\"WebPage\",\"@id\":\"https:\\\/\\\/lasentinelle.dz\\\/index.php\\\/2026\\\/07\\\/19\\\/om-himad-abdelli-evoque-son-etat-desprit-apres-une-saison-compliquee\\\/\",\"url\":\"https:\\\/\\\/lasentinelle.dz\\\/index.php\\\/2026\\\/07\\\/19\\\/om-himad-abdelli-evoque-son-etat-desprit-apres-une-saison-compliquee\\\/\",\"name\":\"OM\u00a0: Himad Abdelli \u00e9voque son \u00e9tat d&rsquo;esprit apr\u00e8s une saison compliqu\u00e9e - La Sentinelle\",\"isPartOf\":{\"@id\":\"https:\\\/\\\/lasentinelle.dz\\\/#website\"},\"primaryImageOfPage\":{\"@id\":\"https:\\\/\\\/lasentinelle.dz\\\/index.php\\\/2026\\\/07\\\/19\\\/om-himad-abdelli-evoque-son-etat-desprit-apres-une-saison-compliquee\\\/#primaryimage\"},\"image\":{\"@id\":\"https:\\\/\\\/lasentinelle.dz\\\/index.php\\\/2026\\\/07\\\/19\\\/om-himad-abdelli-evoque-son-etat-desprit-apres-une-saison-compliquee\\\/#primaryimage\"},\"thumbnailUrl\":\"https:\\\/\\\/lasentinelle.dz\\\/wp-content\\\/uploads\\\/2026\\\/07\\\/Abdelli.webp\",\"datePublished\":\"2026-07-19T19:48:36+00:00\",\"dateModified\":\"2026-07-19T19:48:39+00:00\",\"breadcrumb\":{\"@id\":\"https:\\\/\\\/lasentinelle.dz\\\/index.php\\\/2026\\\/07\\\/19\\\/om-himad-abdelli-evoque-son-etat-desprit-apres-une-saison-compliquee\\\/#breadcrumb\"},\"inLanguage\":\"fr-FR\",\"potentialAction\":[{\"@type\":\"ReadAction\",\"target\":[\"https:\\\/\\\/lasentinelle.dz\\\/index.php\\\/2026\\\/07\\\/19\\\/om-himad-abdelli-evoque-son-etat-desprit-apres-une-saison-compliquee\\\/\"]}]},{\"@type\":\"ImageObject\",\"inLanguage\":\"fr-FR\",\"@id\":\"https:\\\/\\\/lasentinelle.dz\\\/index.php\\\/2026\\\/07\\\/19\\\/om-himad-abdelli-evoque-son-etat-desprit-apres-une-saison-compliquee\\\/#primaryimage\",\"url\":\"https:\\\/\\\/lasentinelle.dz\\\/wp-content\\\/uploads\\\/2026\\\/07\\\/Abdelli.webp\",\"contentUrl\":\"https:\\\/\\\/lasentinelle.dz\\\/wp-content\\\/uploads\\\/2026\\\/07\\\/Abdelli.webp\",\"width\":600,\"height\":390},{\"@type\":\"BreadcrumbList\",\"@id\":\"https:\\\/\\\/lasentinelle.dz\\\/index.php\\\/2026\\\/07\\\/19\\\/om-himad-abdelli-evoque-son-etat-desprit-apres-une-saison-compliquee\\\/#breadcrumb\",\"itemListElement\":[{\"@type\":\"ListItem\",\"position\":1,\"name\":\"Accueil\",\"item\":\"https:\\\/\\\/lasentinelle.dz\\\/\"},{\"@type\":\"ListItem\",\"position\":2,\"name\":\"OM\u00a0: Himad Abdelli \u00e9voque son \u00e9tat d&rsquo;esprit apr\u00e8s une saison compliqu\u00e9e\"}]},{\"@type\":\"WebSite\",\"@id\":\"https:\\\/\\\/lasentinelle.dz\\\/#website\",\"url\":\"https:\\\/\\\/lasentinelle.dz\\\/\",\"name\":\"La Sentinelle\",\"description\":\"Quotidien national d&#039;information\",\"publisher\":{\"@id\":\"https:\\\/\\\/lasentinelle.dz\\\/#organization\"},\"potentialAction\":[{\"@type\":\"SearchAction\",\"target\":{\"@type\":\"EntryPoint\",\"urlTemplate\":\"https:\\\/\\\/lasentinelle.dz\\\/?s={search_term_string}\"},\"query-input\":{\"@type\":\"PropertyValueSpecification\",\"valueRequired\":true,\"valueName\":\"search_term_string\"}}],\"inLanguage\":\"fr-FR\"},{\"@type\":\"Organization\",\"@id\":\"https:\\\/\\\/lasentinelle.dz\\\/#organization\",\"name\":\"Quotidien La Sentinelle\",\"url\":\"https:\\\/\\\/lasentinelle.dz\\\/\",\"logo\":{\"@type\":\"ImageObject\",\"inLanguage\":\"fr-FR\",\"@id\":\"https:\\\/\\\/lasentinelle.dz\\\/#\\\/schema\\\/logo\\\/image\\\/\",\"url\":\"https:\\\/\\\/lasentinelle.dz\\\/wp-content\\\/uploads\\\/2021\\\/09\\\/logo-sentinelleSLOGAN-1.png\",\"contentUrl\":\"https:\\\/\\\/lasentinelle.dz\\\/wp-content\\\/uploads\\\/2021\\\/09\\\/logo-sentinelleSLOGAN-1.png\",\"width\":615,\"height\":142,\"caption\":\"Quotidien La Sentinelle\"},\"image\":{\"@id\":\"https:\\\/\\\/lasentinelle.dz\\\/#\\\/schema\\\/logo\\\/image\\\/\"},\"sameAs\":[\"https:\\\/\\\/www.facebook.com\\\/La-Sentinelle-104059864394773\"]},{\"@type\":\"Person\",\"@id\":\"https:\\\/\\\/lasentinelle.dz\\\/#\\\/schema\\\/person\\\/729ee0024f24e0b8c5ec17232f8e8b41\",\"name\":\"admin\",\"image\":{\"@type\":\"ImageObject\",\"inLanguage\":\"fr-FR\",\"@id\":\"https:\\\/\\\/secure.gravatar.com\\\/avatar\\\/4c81fed838786e9b53f540bf46533e750f5d292099ae3b66cfc6fb1982e29df7?s=96&d=mm&r=g\",\"url\":\"https:\\\/\\\/secure.gravatar.com\\\/avatar\\\/4c81fed838786e9b53f540bf46533e750f5d292099ae3b66cfc6fb1982e29df7?s=96&d=mm&r=g\",\"contentUrl\":\"https:\\\/\\\/secure.gravatar.com\\\/avatar\\\/4c81fed838786e9b53f540bf46533e750f5d292099ae3b66cfc6fb1982e29df7?s=96&d=mm&r=g\",\"caption\":\"admin\"},\"description\":\"admin\",\"url\":\"https:\\\/\\\/lasentinelle.dz\\\/author\\\/admin\\\/\"}]}<\/script>\n<!-- \/ Yoast SEO plugin. -->","yoast_head_json":{"title":"OM\u00a0: Himad Abdelli \u00e9voque son \u00e9tat d&rsquo;esprit apr\u00e8s une saison compliqu\u00e9e - La Sentinelle","robots":{"index":"index","follow":"follow","max-snippet":"max-snippet:-1","max-image-preview":"max-image-preview:large","max-video-preview":"max-video-preview:-1"},"canonical":"https:\/\/lasentinelle.dz\/index.php\/2026\/07\/19\/om-himad-abdelli-evoque-son-etat-desprit-apres-une-saison-compliquee\/","og_locale":"fr_FR","og_type":"article","og_title":"OM\u00a0: Himad Abdelli \u00e9voque son \u00e9tat d&rsquo;esprit apr\u00e8s une saison compliqu\u00e9e - La Sentinelle","og_description":"Titulaire lors du match de pr\u00e9paration remport\u00e9 par l&rsquo;Olympique de Marseille face \u00e0 Yamoussoukro FC (3-0), l&rsquo;international alg\u00e9rien Himad Abdelli","og_url":"https:\/\/lasentinelle.dz\/index.php\/2026\/07\/19\/om-himad-abdelli-evoque-son-etat-desprit-apres-une-saison-compliquee\/","og_site_name":"La Sentinelle","article_publisher":"https:\/\/www.facebook.com\/La-Sentinelle-104059864394773","article_published_time":"2026-07-19T19:48:36+00:00","article_modified_time":"2026-07-19T19:48:39+00:00","og_image":[{"width":600,"height":390,"url":"https:\/\/lasentinelle.dz\/wp-content\/uploads\/2026\/07\/Abdelli.webp","type":"image\/webp"}],"author":"admin","twitter_card":"summary_large_image","twitter_misc":{"\u00c9crit par":"admin","Dur\u00e9e de lecture estim\u00e9e":"1 minute"},"schema":{"@context":"https:\/\/schema.org","@graph":[{"@type":"Article","@id":"https:\/\/lasentinelle.dz\/index.php\/2026\/07\/19\/om-himad-abdelli-evoque-son-etat-desprit-apres-une-saison-compliquee\/#article","isPartOf":{"@id":"https:\/\/lasentinelle.dz\/index.php\/2026\/07\/19\/om-himad-abdelli-evoque-son-etat-desprit-apres-une-saison-compliquee\/"},"author":{"name":"admin","@id":"https:\/\/lasentinelle.dz\/#\/schema\/person\/729ee0024f24e0b8c5ec17232f8e8b41"},"headline":"OM\u00a0: Himad Abdelli \u00e9voque son \u00e9tat d&rsquo;esprit apr\u00e8s une saison compliqu\u00e9e","datePublished":"2026-07-19T19:48:36+00:00","dateModified":"2026-07-19T19:48:39+00:00","mainEntityOfPage":{"@id":"https:\/\/lasentinelle.dz\/index.php\/2026\/07\/19\/om-himad-abdelli-evoque-son-etat-desprit-apres-une-saison-compliquee\/"},"wordCount":141,"commentCount":0,"publisher":{"@id":"https:\/\/lasentinelle.dz\/#organization"},"image":{"@id":"https:\/\/lasentinelle.dz\/index.php\/2026\/07\/19\/om-himad-abdelli-evoque-son-etat-desprit-apres-une-saison-compliquee\/#primaryimage"},"thumbnailUrl":"https:\/\/lasentinelle.dz\/wp-content\/uploads\/2026\/07\/Abdelli.webp","articleSection":["Sports"],"inLanguage":"fr-FR","potentialAction":[{"@type":"CommentAction","name":"Comment","target":["https:\/\/lasentinelle.dz\/index.php\/2026\/07\/19\/om-himad-abdelli-evoque-son-etat-desprit-apres-une-saison-compliquee\/#respond"]}]},{"@type":"WebPage","@id":"https:\/\/lasentinelle.dz\/index.php\/2026\/07\/19\/om-himad-abdelli-evoque-son-etat-desprit-apres-une-saison-compliquee\/","url":"https:\/\/lasentinelle.dz\/index.php\/2026\/07\/19\/om-himad-abdelli-evoque-son-etat-desprit-apres-une-saison-compliquee\/","name":"OM\u00a0: Himad Abdelli \u00e9voque son \u00e9tat d&rsquo;esprit apr\u00e8s une saison compliqu\u00e9e - La Sentinelle","isPartOf":{"@id":"https:\/\/lasentinelle.dz\/#website"},"primaryImageOfPage":{"@id":"https:\/\/lasentinelle.dz\/index.php\/2026\/07\/19\/om-himad-abdelli-evoque-son-etat-desprit-apres-une-saison-compliquee\/#primaryimage"},"image":{"@id":"https:\/\/lasentinelle.dz\/index.php\/2026\/07\/19\/om-himad-abdelli-evoque-son-etat-desprit-apres-une-saison-compliquee\/#primaryimage"},"thumbnailUrl":"https:\/\/lasentinelle.dz\/wp-content\/uploads\/2026\/07\/Abdelli.webp","datePublished":"2026-07-19T19:48:36+00:00","dateModified":"2026-07-19T19:48:39+00:00","breadcrumb":{"@id":"https:\/\/lasentinelle.dz\/index.php\/2026\/07\/19\/om-himad-abdelli-evoque-son-etat-desprit-apres-une-saison-compliquee\/#breadcrumb"},"inLanguage":"fr-FR","potentialAction":[{"@type":"ReadAction","target":["https:\/\/lasentinelle.dz\/index.php\/2026\/07\/19\/om-himad-abdelli-evoque-son-etat-desprit-apres-une-saison-compliquee\/"]}]},{"@type":"ImageObject","inLanguage":"fr-FR","@id":"https:\/\/lasentinelle.dz\/index.php\/2026\/07\/19\/om-himad-abdelli-evoque-son-etat-desprit-apres-une-saison-compliquee\/#primaryimage","url":"https:\/\/lasentinelle.dz\/wp-content\/uploads\/2026\/07\/Abdelli.webp","contentUrl":"https:\/\/lasentinelle.dz\/wp-content\/uploads\/2026\/07\/Abdelli.webp","width":600,"height":390},{"@type":"BreadcrumbList","@id":"https:\/\/lasentinelle.dz\/index.php\/2026\/07\/19\/om-himad-abdelli-evoque-son-etat-desprit-apres-une-saison-compliquee\/#breadcrumb","itemListElement":[{"@type":"ListItem","position":1,"name":"Accueil","item":"https:\/\/lasentinelle.dz\/"},{"@type":"ListItem","position":2,"name":"OM\u00a0: Himad Abdelli \u00e9voque son \u00e9tat d&rsquo;esprit apr\u00e8s une saison compliqu\u00e9e"}]},{"@type":"WebSite","@id":"https:\/\/lasentinelle.dz\/#website","url":"https:\/\/lasentinelle.dz\/","name":"La Sentinelle","description":"Quotidien national d&#039;information","publisher":{"@id":"https:\/\/lasentinelle.dz\/#organization"},"potentialAction":[{"@type":"SearchAction","target":{"@type":"EntryPoint","urlTemplate":"https:\/\/lasentinelle.dz\/?s={search_term_string}"},"query-input":{"@type":"PropertyValueSpecification","valueRequired":true,"valueName":"search_term_string"}}],"inLanguage":"fr-FR"},{"@type":"Organization","@id":"https:\/\/lasentinelle.dz\/#organization","name":"Quotidien La Sentinelle","url":"https:\/\/lasentinelle.dz\/","logo":{"@type":"ImageObject","inLanguage":"fr-FR","@id":"https:\/\/lasentinelle.dz\/#\/schema\/logo\/image\/","url":"https:\/\/lasentinelle.dz\/wp-content\/uploads\/2021\/09\/logo-sentinelleSLOGAN-1.png","contentUrl":"https:\/\/lasentinelle.dz\/wp-content\/uploads\/2021\/09\/logo-sentinelleSLOGAN-1.png","width":615,"height":142,"caption":"Quotidien La Sentinelle"},"image":{"@id":"https:\/\/lasentinelle.dz\/#\/schema\/logo\/image\/"},"sameAs":["https:\/\/www.facebook.com\/La-Sentinelle-104059864394773"]},{"@type":"Person","@id":"https:\/\/lasentinelle.dz\/#\/schema\/person\/729ee0024f24e0b8c5ec17232f8e8b41","name":"admin","image":{"@type":"ImageObject","inLanguage":"fr-FR","@id":"https:\/\/secure.gravatar.com\/avatar\/4c81fed838786e9b53f540bf46533e750f5d292099ae3b66cfc6fb1982e29df7?s=96&d=mm&r=g","url":"https:\/\/secure.gravatar.com\/avatar\/4c81fed838786e9b53f540bf46533e750f5d292099ae3b66cfc6fb1982e29df7?s=96&d=mm&r=g","contentUrl":"https:\/\/secure.gravatar.com\/avatar\/4c81fed838786e9b53f540bf46533e750f5d292099ae3b66cfc6fb1982e29df7?s=96&d=mm&r=g","caption":"admin"},"description":"admin","url":"https:\/\/lasentinelle.dz\/author\/admin\/"}]}},"_links":{"self":[{"href":"https:\/\/lasentinelle.dz\/index.php\/wp-json\/wp\/v2\/posts\/91708","targetHints":{"allow":["GET"]}}],"collection":[{"href":"https:\/\/lasentinelle.dz\/index.php\/wp-json\/wp\/v2\/posts"}],"about":[{"href":"https:\/\/lasentinelle.dz\/index.php\/wp-json\/wp\/v2\/types\/post"}],"author":[{"embeddable":true,"href":"https:\/\/lasentinelle.dz\/index.php\/wp-json\/wp\/v2\/users\/6"}],"replies":[{"embeddable":true,"href":"https:\/\/lasentinelle.dz\/index.php\/wp-json\/wp\/v2\/comments?post=91708"}],"version-history":[{"count":2,"href":"https:\/\/lasentinelle.dz\/index.php\/wp-json\/wp\/v2\/posts\/91708\/revisions"}],"predecessor-version":[{"id":91711,"href":"https:\/\/lasentinelle.dz\/index.php\/wp-json\/wp\/v2\/posts\/91708\/revisions\/91711"}],"wp:featuredmedia":[{"embeddable":true,"href":"https:\/\/lasentinelle.dz\/index.php\/wp-json\/wp\/v2\/media\/91709"}],"wp:attachment":[{"href":"https:\/\/lasentinelle.dz\/index.php\/wp-json\/wp\/v2\/media?parent=91708"}],"wp:term":[{"taxonomy":"category","embeddable":true,"href":"https:\/\/lasentinelle.dz\/index.php\/wp-json\/wp\/v2\/categories?post=91708"},{"taxonomy":"post_tag","embeddable":true,"href":"https:\/\/lasentinelle.dz\/index.php\/wp-json\/wp\/v2\/tags?post=91708"}],"curies":[{"name":"wp","href":"https:\/\/api.w.org\/{rel}","templated":true}]}}