{"id":91722,"date":"2026-07-19T20:52:47","date_gmt":"2026-07-19T19:52:47","guid":{"rendered":"https:\/\/lasentinelle.dz\/?p=91722"},"modified":"2026-07-19T20:52:48","modified_gmt":"2026-07-19T19:52:48","slug":"acceleration-du-developpement-de-lecosysteme-des-startups-annaba-consolide-son-statut-de-pole-entrepreneurial","status":"publish","type":"post","link":"https:\/\/lasentinelle.dz\/index.php\/2026\/07\/19\/acceleration-du-developpement-de-lecosysteme-des-startups-annaba-consolide-son-statut-de-pole-entrepreneurial\/","title":{"rendered":"Acc\u00e9l\u00e9ration du d\u00e9veloppement de l&rsquo;\u00e9cosyst\u00e8me des startups: Annaba consolide son statut de p\u00f4le entrepreneurial"},"content":{"rendered":"\n<p class=\"wp-block-paragraph\">Le d\u00e9veloppement de l&rsquo;\u00e9cosyst\u00e8me entrepreneurial se consolide \u00e0 Annaba. Port\u00e9e par la strat\u00e9gie nationale de diversification \u00e9conomique et de promotion de l&rsquo;innovation, la wilaya enregistre une dynamique encourageante en mati\u00e8re de cr\u00e9ation de startups et d&rsquo;accompagnement des porteurs de projets. Les dispositifs mis en place par les structures d&rsquo;appui commencent \u00e0 produire des r\u00e9sultats tangibles, aussi bien en mati\u00e8re de cr\u00e9ation d&rsquo;entreprises que d&#8217;emplois. Les chiffres pr\u00e9sent\u00e9s par l&rsquo;antenne locale de l&rsquo;Agence nationale d&rsquo;appui et de d\u00e9veloppement de l&rsquo;entrepreneuriat (NESDA) traduisent cette \u00e9volution. Entre octobre 2024 et juin 2026, pas moins de 227 dossiers de cr\u00e9ation d&rsquo;entreprises ont \u00e9t\u00e9 d\u00e9pos\u00e9s, dont 98 projets ont obtenu l&rsquo;aval des commissions de s\u00e9lection et 29 ont d\u00e9j\u00e0 b\u00e9n\u00e9fici\u00e9 d&rsquo;un financement, leur permettant d&rsquo;entamer leur phase de concr\u00e9tisation. Cette dynamique s&rsquo;appuie \u00e9galement sur le r\u00f4le croissant de l&rsquo;Universit\u00e9 Badji Mokhtar, devenue un v\u00e9ritable incubateur d&rsquo;id\u00e9es innovantes. Selon les responsables de l&rsquo;\u00e9tablissement, 683 projets sont actuellement accompagn\u00e9s au sein de l&rsquo;incubateur universitaire, tandis que 2 814 \u00e9tudiants y sont inscrits. Un engouement qui t\u00e9moigne de l&rsquo;ancrage progressif de la culture entrepreneuriale dans le milieu universitaire, encourag\u00e9e par les r\u00e9formes nationales visant \u00e0 rapprocher la recherche scientifique du monde \u00e9conomique. La Maison de l&rsquo;entrepreneuriat de l&rsquo;universit\u00e9 contribue \u00e9galement \u00e0 cette dynamique. Depuis sa cr\u00e9ation, elle a assur\u00e9 la formation de 932 \u00e9tudiants et dipl\u00f4m\u00e9s \u00e0 travers 28 sessions d\u00e9di\u00e9es \u00e0 la cr\u00e9ation et \u00e0 la gestion d&rsquo;entreprises. Au cours de la seule ann\u00e9e universitaire 2025-2026, 14 sessions ont permis \u00e0 482 \u00e9tudiants d&rsquo;acqu\u00e9rir les comp\u00e9tences n\u00e9cessaires pour transformer leurs id\u00e9es en projets viables.<\/p>\n\n\n\n<p class=\"wp-block-paragraph\">Au-del\u00e0 des statistiques, plusieurs r\u00e9ussites illustrent l&rsquo;efficacit\u00e9 de cet accompagnement. C&rsquo;est notamment le cas de Bilal Bourahla, fondateur d&rsquo;une entreprise sp\u00e9cialis\u00e9e dans le transport et la logistique. Soutenu par la NESDA, il a d\u00e9velopp\u00e9 une soci\u00e9t\u00e9 qui emploie aujourd&rsquo;hui plus de 300 personnes dans plusieurs r\u00e9gions du pays et s&rsquo;appuie sur des solutions num\u00e9riques pour optimiser la gestion de ses activit\u00e9s. L&rsquo;entreprise affiche d\u00e9sormais des ambitions de d\u00e9veloppement sur les march\u00e9s africains. Autre exemple, celui d&rsquo;Azzedine Aouassa, jeune ing\u00e9nieur originaire d&rsquo;A\u00efn Berda, titulaire d&rsquo;un master en productique m\u00e9canique. Gr\u00e2ce \u00e0 l&rsquo;accompagnement de l&rsquo;Universit\u00e9 Badji Mokhtar et des organismes d&rsquo;appui \u00e0 l&rsquo;entrepreneuriat, il a cr\u00e9\u00e9 une startup sp\u00e9cialis\u00e9e dans la conception et la fabrication de v\u00e9hicules amphibies. Son projet ambitionne de contribuer au d\u00e9veloppement de l&rsquo;industrie m\u00e9canique appliqu\u00e9e aux activit\u00e9s maritimes et au tourisme c\u00f4tier, avec des perspectives d&rsquo;extension vers les march\u00e9s internationaux. Ces parcours illustrent la nouvelle orientation des politiques publiques en faveur d&rsquo;une \u00e9conomie fond\u00e9e sur l&rsquo;innovation et les comp\u00e9tences. \u00c0 travers la multiplication des m\u00e9canismes d&rsquo;accompagnement, de financement et de formation, Annaba confirme progressivement son positionnement parmi les p\u00f4les \u00e9mergents de l&rsquo;entrepreneuriat en Alg\u00e9rie, o\u00f9 les startups apparaissent d\u00e9sormais comme un levier de cr\u00e9ation de richesse, de diversification \u00e9conomique et d&rsquo;insertion professionnelle des jeunes.<\/p>\n\n\n\n<p class=\"wp-block-paragraph\">S. Chahine<\/p>\n","protected":false},"excerpt":{"rendered":"<p>Le d\u00e9veloppement de l&rsquo;\u00e9cosyst\u00e8me entrepreneurial se consolide \u00e0 Annaba. Port\u00e9e par la strat\u00e9gie nationale de diversification \u00e9conomique et de promotion<\/p>\n","protected":false},"author":6,"featured_media":10678,"comment_status":"open","ping_status":"closed","sticky":false,"template":"","format":"standard","meta":{"colormag_page_container_layout":"default_layout","colormag_page_sidebar_layout":"default_layout","om_disable_all_campaigns":false,"_monsterinsights_skip_tracking":false,"footnotes":"","_wpscppro_dont_share_socialmedia":false,"_wpscppro_custom_social_share_image":0,"_facebook_share_type":"default","_twitter_share_type":"default","_linkedin_share_type":"default","_pinterest_share_type":"default","_linkedin_share_type_page":"","_instagram_share_type":"default","_medium_share_type":"default","_threads_share_type":"default","_google_business_share_type":"default","_bluesky_share_type":"default","_mastodon_share_type":"","_selected_social_profile":[],"_wpsp_enable_custom_social_template":false,"_wpsp_social_scheduling":{"enabled":false,"datetime":null,"platforms":[],"status":"template_only","dateOption":"today","timeOption":"now","customDays":"","customHours":"","customDate":"","customTime":"","schedulingType":"absolute"},"_wpsp_active_default_template":true},"categories":[31],"tags":[],"class_list":["post-91722","post","type-post","status-publish","format-standard","has-post-thumbnail","hentry","category-regions"],"aioseo_notices":[],"aioseo_head":"\n\t\t<!-- All in One SEO 5.0.0.1 - aioseo.com -->\n\t<meta name=\"description\" content=\"Le d\u00e9veloppement de l&#039;\u00e9cosyst\u00e8me entrepreneurial se consolide \u00e0 Annaba. Port\u00e9e par la strat\u00e9gie nationale de diversification \u00e9conomique et de promotion de l&#039;innovation, la wilaya enregistre une dynamique encourageante en mati\u00e8re de cr\u00e9ation de startups et d&#039;accompagnement des porteurs de projets. Les dispositifs mis en place par les structures d&#039;appui commencent \u00e0 produire des r\u00e9sultats tangibles,\" \/>\n\t<meta name=\"robots\" content=\"max-image-preview:large\" \/>\n\t<meta name=\"author\" content=\"admin\"\/>\n\t<link rel=\"canonical\" href=\"https:\/\/lasentinelle.dz\/index.php\/2026\/07\/19\/acceleration-du-developpement-de-lecosysteme-des-startups-annaba-consolide-son-statut-de-pole-entrepreneurial\/\" \/>\n\t<meta name=\"generator\" content=\"All in One SEO (AIOSEO) 5.0.0.1\" \/>\n\t\t<meta property=\"og:locale\" content=\"fr_FR\" \/>\n\t\t<meta property=\"og:site_name\" content=\"La Sentinelle - Quotidien national d&#039;information\" \/>\n\t\t<meta property=\"og:type\" content=\"article\" \/>\n\t\t<meta property=\"og:title\" content=\"Acc\u00e9l\u00e9ration du d\u00e9veloppement de l\u2019\u00e9cosyst\u00e8me des startups: Annaba consolide son statut de p\u00f4le entrepreneurial - La Sentinelle\" \/>\n\t\t<meta property=\"og:description\" content=\"Le d\u00e9veloppement de l&#039;\u00e9cosyst\u00e8me entrepreneurial se consolide \u00e0 Annaba. Port\u00e9e par la strat\u00e9gie nationale de diversification \u00e9conomique et de promotion de l&#039;innovation, la wilaya enregistre une dynamique encourageante en mati\u00e8re de cr\u00e9ation de startups et d&#039;accompagnement des porteurs de projets. Les dispositifs mis en place par les structures d&#039;appui commencent \u00e0 produire des r\u00e9sultats tangibles,\" \/>\n\t\t<meta property=\"og:url\" content=\"https:\/\/lasentinelle.dz\/index.php\/2026\/07\/19\/acceleration-du-developpement-de-lecosysteme-des-startups-annaba-consolide-son-statut-de-pole-entrepreneurial\/\" \/>\n\t\t<meta property=\"og:image\" content=\"https:\/\/lasentinelle.dz\/wp-content\/uploads\/2021\/09\/cropped-la-sentinelle-earth-golden-anima-5.gif\" \/>\n\t\t<meta property=\"og:image:secure_url\" content=\"https:\/\/lasentinelle.dz\/wp-content\/uploads\/2021\/09\/cropped-la-sentinelle-earth-golden-anima-5.gif\" \/>\n\t\t<meta property=\"og:image:width\" content=\"450\" \/>\n\t\t<meta property=\"og:image:height\" content=\"213\" \/>\n\t\t<meta property=\"article:published_time\" content=\"2026-07-19T19:52:47+00:00\" \/>\n\t\t<meta property=\"article:modified_time\" content=\"2026-07-19T19:52:48+00:00\" \/>\n\t\t<meta property=\"article:publisher\" content=\"https:\/\/www.facebook.com\/azzedine.lasentinelle.1\" \/>\n\t\t<meta name=\"twitter:card\" content=\"summary_large_image\" \/>\n\t\t<meta name=\"twitter:title\" content=\"Acc\u00e9l\u00e9ration du d\u00e9veloppement de l\u2019\u00e9cosyst\u00e8me des startups: Annaba consolide son statut de p\u00f4le entrepreneurial - La Sentinelle\" \/>\n\t\t<meta name=\"twitter:description\" content=\"Le d\u00e9veloppement de l&#039;\u00e9cosyst\u00e8me entrepreneurial se consolide \u00e0 Annaba. Port\u00e9e par la strat\u00e9gie nationale de diversification \u00e9conomique et de promotion de l&#039;innovation, la wilaya enregistre une dynamique encourageante en mati\u00e8re de cr\u00e9ation de startups et d&#039;accompagnement des porteurs de projets. Les dispositifs mis en place par les structures d&#039;appui commencent \u00e0 produire des r\u00e9sultats tangibles,\" \/>\n\t\t<meta name=\"twitter:image\" content=\"https:\/\/lasentinelle.dz\/wp-content\/uploads\/2021\/09\/cropped-la-sentinelle-earth-golden-anima-5.gif\" \/>\n\t\t<script type=\"application\/ld+json\" class=\"aioseo-schema\">\n\t\t\t{\"@context\":\"https:\\\/\\\/schema.org\",\"@graph\":[{\"@type\":\"BlogPosting\",\"@id\":\"https:\\\/\\\/lasentinelle.dz\\\/index.php\\\/2026\\\/07\\\/19\\\/acceleration-du-developpement-de-lecosysteme-des-startups-annaba-consolide-son-statut-de-pole-entrepreneurial\\\/#blogposting\",\"name\":\"Acc\\u00e9l\\u00e9ration du d\\u00e9veloppement de l\\u2019\\u00e9cosyst\\u00e8me des startups: Annaba consolide son statut de p\\u00f4le entrepreneurial - La Sentinelle\",\"headline\":\"Acc\\u00e9l\\u00e9ration du d\\u00e9veloppement de l&rsquo;\\u00e9cosyst\\u00e8me des startups: Annaba consolide son statut de p\\u00f4le entrepreneurial\",\"author\":{\"@id\":\"https:\\\/\\\/lasentinelle.dz\\\/author\\\/admin\\\/#author\"},\"publisher\":{\"@id\":\"https:\\\/\\\/lasentinelle.dz\\\/#organization\"},\"image\":{\"@type\":\"ImageObject\",\"url\":\"https:\\\/\\\/lasentinelle.dz\\\/wp-content\\\/uploads\\\/2021\\\/10\\\/startups.jpeg\",\"width\":512,\"height\":341},\"datePublished\":\"2026-07-19T20:52:47+01:00\",\"dateModified\":\"2026-07-19T20:52:48+01:00\",\"inLanguage\":\"fr-FR\",\"mainEntityOfPage\":{\"@id\":\"https:\\\/\\\/lasentinelle.dz\\\/index.php\\\/2026\\\/07\\\/19\\\/acceleration-du-developpement-de-lecosysteme-des-startups-annaba-consolide-son-statut-de-pole-entrepreneurial\\\/#webpage\"},\"isPartOf\":{\"@id\":\"https:\\\/\\\/lasentinelle.dz\\\/index.php\\\/2026\\\/07\\\/19\\\/acceleration-du-developpement-de-lecosysteme-des-startups-annaba-consolide-son-statut-de-pole-entrepreneurial\\\/#webpage\"},\"articleSection\":\"R\\u00e9gions\"},{\"@type\":\"BreadcrumbList\",\"@id\":\"https:\\\/\\\/lasentinelle.dz\\\/index.php\\\/2026\\\/07\\\/19\\\/acceleration-du-developpement-de-lecosysteme-des-startups-annaba-consolide-son-statut-de-pole-entrepreneurial\\\/#breadcrumblist\",\"itemListElement\":[{\"@type\":\"ListItem\",\"@id\":\"https:\\\/\\\/lasentinelle.dz#listItem\",\"position\":1,\"name\":\"Home\",\"item\":\"https:\\\/\\\/lasentinelle.dz\",\"nextItem\":{\"@type\":\"ListItem\",\"@id\":\"https:\\\/\\\/lasentinelle.dz\\\/index.php\\\/category\\\/regions\\\/#listItem\",\"name\":\"R\\u00e9gions\"}},{\"@type\":\"ListItem\",\"@id\":\"https:\\\/\\\/lasentinelle.dz\\\/index.php\\\/category\\\/regions\\\/#listItem\",\"position\":2,\"name\":\"R\\u00e9gions\",\"item\":\"https:\\\/\\\/lasentinelle.dz\\\/index.php\\\/category\\\/regions\\\/\",\"nextItem\":{\"@type\":\"ListItem\",\"@id\":\"https:\\\/\\\/lasentinelle.dz\\\/index.php\\\/2026\\\/07\\\/19\\\/acceleration-du-developpement-de-lecosysteme-des-startups-annaba-consolide-son-statut-de-pole-entrepreneurial\\\/#listItem\",\"name\":\"Acc\\u00e9l\\u00e9ration du d\\u00e9veloppement de l&rsquo;\\u00e9cosyst\\u00e8me des startups: Annaba consolide son statut de p\\u00f4le entrepreneurial\"},\"previousItem\":{\"@type\":\"ListItem\",\"@id\":\"https:\\\/\\\/lasentinelle.dz#listItem\",\"name\":\"Home\"}},{\"@type\":\"ListItem\",\"@id\":\"https:\\\/\\\/lasentinelle.dz\\\/index.php\\\/2026\\\/07\\\/19\\\/acceleration-du-developpement-de-lecosysteme-des-startups-annaba-consolide-son-statut-de-pole-entrepreneurial\\\/#listItem\",\"position\":3,\"name\":\"Acc\\u00e9l\\u00e9ration du d\\u00e9veloppement de l&rsquo;\\u00e9cosyst\\u00e8me des startups: Annaba consolide son statut de p\\u00f4le entrepreneurial\",\"previousItem\":{\"@type\":\"ListItem\",\"@id\":\"https:\\\/\\\/lasentinelle.dz\\\/index.php\\\/category\\\/regions\\\/#listItem\",\"name\":\"R\\u00e9gions\"}}]},{\"@type\":\"Organization\",\"@id\":\"https:\\\/\\\/lasentinelle.dz\\\/#organization\",\"name\":\"La Sentinelle La Sentinelle\",\"description\":\"Quotidien national d'information\",\"url\":\"https:\\\/\\\/lasentinelle.dz\\\/\",\"logo\":{\"@type\":\"ImageObject\",\"url\":\"https:\\\/\\\/lasentinelle.dz\\\/wp-content\\\/uploads\\\/2021\\\/09\\\/cropped-la-sentinelle-earth-golden-anima-5.gif\",\"@id\":\"https:\\\/\\\/lasentinelle.dz\\\/index.php\\\/2026\\\/07\\\/19\\\/acceleration-du-developpement-de-lecosysteme-des-startups-annaba-consolide-son-statut-de-pole-entrepreneurial\\\/#organizationLogo\",\"width\":450,\"height\":213},\"image\":{\"@id\":\"https:\\\/\\\/lasentinelle.dz\\\/index.php\\\/2026\\\/07\\\/19\\\/acceleration-du-developpement-de-lecosysteme-des-startups-annaba-consolide-son-statut-de-pole-entrepreneurial\\\/#organizationLogo\"},\"sameAs\":[\"https:\\\/\\\/www.facebook.com\\\/azzedine.lasentinelle.1\"]},{\"@type\":\"Person\",\"@id\":\"https:\\\/\\\/lasentinelle.dz\\\/author\\\/admin\\\/#author\",\"url\":\"https:\\\/\\\/lasentinelle.dz\\\/author\\\/admin\\\/\",\"name\":\"admin\",\"image\":{\"@type\":\"ImageObject\",\"@id\":\"https:\\\/\\\/lasentinelle.dz\\\/index.php\\\/2026\\\/07\\\/19\\\/acceleration-du-developpement-de-lecosysteme-des-startups-annaba-consolide-son-statut-de-pole-entrepreneurial\\\/#authorImage\",\"url\":\"https:\\\/\\\/secure.gravatar.com\\\/avatar\\\/4c81fed838786e9b53f540bf46533e750f5d292099ae3b66cfc6fb1982e29df7?s=96&d=mm&r=g\",\"width\":96,\"height\":96,\"caption\":\"admin\"}},{\"@type\":\"WebPage\",\"@id\":\"https:\\\/\\\/lasentinelle.dz\\\/index.php\\\/2026\\\/07\\\/19\\\/acceleration-du-developpement-de-lecosysteme-des-startups-annaba-consolide-son-statut-de-pole-entrepreneurial\\\/#webpage\",\"url\":\"https:\\\/\\\/lasentinelle.dz\\\/index.php\\\/2026\\\/07\\\/19\\\/acceleration-du-developpement-de-lecosysteme-des-startups-annaba-consolide-son-statut-de-pole-entrepreneurial\\\/\",\"name\":\"Acc\\u00e9l\\u00e9ration du d\\u00e9veloppement de l\\u2019\\u00e9cosyst\\u00e8me des startups: Annaba consolide son statut de p\\u00f4le entrepreneurial - La Sentinelle\",\"description\":\"Le d\\u00e9veloppement de l'\\u00e9cosyst\\u00e8me entrepreneurial se consolide \\u00e0 Annaba. Port\\u00e9e par la strat\\u00e9gie nationale de diversification \\u00e9conomique et de promotion de l'innovation, la wilaya enregistre une dynamique encourageante en mati\\u00e8re de cr\\u00e9ation de startups et d'accompagnement des porteurs de projets. Les dispositifs mis en place par les structures d'appui commencent \\u00e0 produire des r\\u00e9sultats tangibles,\",\"inLanguage\":\"fr-FR\",\"isPartOf\":{\"@id\":\"https:\\\/\\\/lasentinelle.dz\\\/#website\"},\"breadcrumb\":{\"@id\":\"https:\\\/\\\/lasentinelle.dz\\\/index.php\\\/2026\\\/07\\\/19\\\/acceleration-du-developpement-de-lecosysteme-des-startups-annaba-consolide-son-statut-de-pole-entrepreneurial\\\/#breadcrumblist\"},\"author\":{\"@id\":\"https:\\\/\\\/lasentinelle.dz\\\/author\\\/admin\\\/#author\"},\"creator\":{\"@id\":\"https:\\\/\\\/lasentinelle.dz\\\/author\\\/admin\\\/#author\"},\"image\":{\"@type\":\"ImageObject\",\"url\":\"https:\\\/\\\/lasentinelle.dz\\\/wp-content\\\/uploads\\\/2021\\\/10\\\/startups.jpeg\",\"@id\":\"https:\\\/\\\/lasentinelle.dz\\\/index.php\\\/2026\\\/07\\\/19\\\/acceleration-du-developpement-de-lecosysteme-des-startups-annaba-consolide-son-statut-de-pole-entrepreneurial\\\/#mainImage\",\"width\":512,\"height\":341},\"primaryImageOfPage\":{\"@id\":\"https:\\\/\\\/lasentinelle.dz\\\/index.php\\\/2026\\\/07\\\/19\\\/acceleration-du-developpement-de-lecosysteme-des-startups-annaba-consolide-son-statut-de-pole-entrepreneurial\\\/#mainImage\"},\"datePublished\":\"2026-07-19T20:52:47+01:00\",\"dateModified\":\"2026-07-19T20:52:48+01:00\"},{\"@type\":\"WebSite\",\"@id\":\"https:\\\/\\\/lasentinelle.dz\\\/#website\",\"url\":\"https:\\\/\\\/lasentinelle.dz\\\/\",\"name\":\"La Sentinelle\",\"description\":\"Quotidien national d'information\",\"inLanguage\":\"fr-FR\",\"publisher\":{\"@id\":\"https:\\\/\\\/lasentinelle.dz\\\/#organization\"}}]}\n\t\t<\/script>\n\t\t<!-- All in One SEO -->\n\n","aioseo_head_json":{"title":"Acc\u00e9l\u00e9ration du d\u00e9veloppement de l\u2019\u00e9cosyst\u00e8me des startups: Annaba consolide son statut de p\u00f4le entrepreneurial - La Sentinelle","description":"Le d\u00e9veloppement de l'\u00e9cosyst\u00e8me entrepreneurial se consolide \u00e0 Annaba. Port\u00e9e par la strat\u00e9gie nationale de diversification \u00e9conomique et de promotion de l'innovation, la wilaya enregistre une dynamique encourageante en mati\u00e8re de cr\u00e9ation de startups et d'accompagnement des porteurs de projets. Les dispositifs mis en place par les structures d'appui commencent \u00e0 produire des r\u00e9sultats tangibles,","canonical_url":"https:\/\/lasentinelle.dz\/index.php\/2026\/07\/19\/acceleration-du-developpement-de-lecosysteme-des-startups-annaba-consolide-son-statut-de-pole-entrepreneurial\/","robots":"max-image-preview:large","keywords":"","webmasterTools":{"miscellaneous":""},"schema":{"@context":"https:\/\/schema.org","@graph":[{"@type":"BlogPosting","@id":"https:\/\/lasentinelle.dz\/index.php\/2026\/07\/19\/acceleration-du-developpement-de-lecosysteme-des-startups-annaba-consolide-son-statut-de-pole-entrepreneurial\/#blogposting","name":"Acc\u00e9l\u00e9ration du d\u00e9veloppement de l\u2019\u00e9cosyst\u00e8me des startups: Annaba consolide son statut de p\u00f4le entrepreneurial - La Sentinelle","headline":"Acc\u00e9l\u00e9ration du d\u00e9veloppement de l&rsquo;\u00e9cosyst\u00e8me des startups: Annaba consolide son statut de p\u00f4le entrepreneurial","author":{"@id":"https:\/\/lasentinelle.dz\/author\/admin\/#author"},"publisher":{"@id":"https:\/\/lasentinelle.dz\/#organization"},"image":{"@type":"ImageObject","url":"https:\/\/lasentinelle.dz\/wp-content\/uploads\/2021\/10\/startups.jpeg","width":512,"height":341},"datePublished":"2026-07-19T20:52:47+01:00","dateModified":"2026-07-19T20:52:48+01:00","inLanguage":"fr-FR","mainEntityOfPage":{"@id":"https:\/\/lasentinelle.dz\/index.php\/2026\/07\/19\/acceleration-du-developpement-de-lecosysteme-des-startups-annaba-consolide-son-statut-de-pole-entrepreneurial\/#webpage"},"isPartOf":{"@id":"https:\/\/lasentinelle.dz\/index.php\/2026\/07\/19\/acceleration-du-developpement-de-lecosysteme-des-startups-annaba-consolide-son-statut-de-pole-entrepreneurial\/#webpage"},"articleSection":"R\u00e9gions"},{"@type":"BreadcrumbList","@id":"https:\/\/lasentinelle.dz\/index.php\/2026\/07\/19\/acceleration-du-developpement-de-lecosysteme-des-startups-annaba-consolide-son-statut-de-pole-entrepreneurial\/#breadcrumblist","itemListElement":[{"@type":"ListItem","@id":"https:\/\/lasentinelle.dz#listItem","position":1,"name":"Home","item":"https:\/\/lasentinelle.dz","nextItem":{"@type":"ListItem","@id":"https:\/\/lasentinelle.dz\/index.php\/category\/regions\/#listItem","name":"R\u00e9gions"}},{"@type":"ListItem","@id":"https:\/\/lasentinelle.dz\/index.php\/category\/regions\/#listItem","position":2,"name":"R\u00e9gions","item":"https:\/\/lasentinelle.dz\/index.php\/category\/regions\/","nextItem":{"@type":"ListItem","@id":"https:\/\/lasentinelle.dz\/index.php\/2026\/07\/19\/acceleration-du-developpement-de-lecosysteme-des-startups-annaba-consolide-son-statut-de-pole-entrepreneurial\/#listItem","name":"Acc\u00e9l\u00e9ration du d\u00e9veloppement de l&rsquo;\u00e9cosyst\u00e8me des startups: Annaba consolide son statut de p\u00f4le entrepreneurial"},"previousItem":{"@type":"ListItem","@id":"https:\/\/lasentinelle.dz#listItem","name":"Home"}},{"@type":"ListItem","@id":"https:\/\/lasentinelle.dz\/index.php\/2026\/07\/19\/acceleration-du-developpement-de-lecosysteme-des-startups-annaba-consolide-son-statut-de-pole-entrepreneurial\/#listItem","position":3,"name":"Acc\u00e9l\u00e9ration du d\u00e9veloppement de l&rsquo;\u00e9cosyst\u00e8me des startups: Annaba consolide son statut de p\u00f4le entrepreneurial","previousItem":{"@type":"ListItem","@id":"https:\/\/lasentinelle.dz\/index.php\/category\/regions\/#listItem","name":"R\u00e9gions"}}]},{"@type":"Organization","@id":"https:\/\/lasentinelle.dz\/#organization","name":"La Sentinelle La Sentinelle","description":"Quotidien national d'information","url":"https:\/\/lasentinelle.dz\/","logo":{"@type":"ImageObject","url":"https:\/\/lasentinelle.dz\/wp-content\/uploads\/2021\/09\/cropped-la-sentinelle-earth-golden-anima-5.gif","@id":"https:\/\/lasentinelle.dz\/index.php\/2026\/07\/19\/acceleration-du-developpement-de-lecosysteme-des-startups-annaba-consolide-son-statut-de-pole-entrepreneurial\/#organizationLogo","width":450,"height":213},"image":{"@id":"https:\/\/lasentinelle.dz\/index.php\/2026\/07\/19\/acceleration-du-developpement-de-lecosysteme-des-startups-annaba-consolide-son-statut-de-pole-entrepreneurial\/#organizationLogo"},"sameAs":["https:\/\/www.facebook.com\/azzedine.lasentinelle.1"]},{"@type":"Person","@id":"https:\/\/lasentinelle.dz\/author\/admin\/#author","url":"https:\/\/lasentinelle.dz\/author\/admin\/","name":"admin","image":{"@type":"ImageObject","@id":"https:\/\/lasentinelle.dz\/index.php\/2026\/07\/19\/acceleration-du-developpement-de-lecosysteme-des-startups-annaba-consolide-son-statut-de-pole-entrepreneurial\/#authorImage","url":"https:\/\/secure.gravatar.com\/avatar\/4c81fed838786e9b53f540bf46533e750f5d292099ae3b66cfc6fb1982e29df7?s=96&d=mm&r=g","width":96,"height":96,"caption":"admin"}},{"@type":"WebPage","@id":"https:\/\/lasentinelle.dz\/index.php\/2026\/07\/19\/acceleration-du-developpement-de-lecosysteme-des-startups-annaba-consolide-son-statut-de-pole-entrepreneurial\/#webpage","url":"https:\/\/lasentinelle.dz\/index.php\/2026\/07\/19\/acceleration-du-developpement-de-lecosysteme-des-startups-annaba-consolide-son-statut-de-pole-entrepreneurial\/","name":"Acc\u00e9l\u00e9ration du d\u00e9veloppement de l\u2019\u00e9cosyst\u00e8me des startups: Annaba consolide son statut de p\u00f4le entrepreneurial - La Sentinelle","description":"Le d\u00e9veloppement de l'\u00e9cosyst\u00e8me entrepreneurial se consolide \u00e0 Annaba. Port\u00e9e par la strat\u00e9gie nationale de diversification \u00e9conomique et de promotion de l'innovation, la wilaya enregistre une dynamique encourageante en mati\u00e8re de cr\u00e9ation de startups et d'accompagnement des porteurs de projets. Les dispositifs mis en place par les structures d'appui commencent \u00e0 produire des r\u00e9sultats tangibles,","inLanguage":"fr-FR","isPartOf":{"@id":"https:\/\/lasentinelle.dz\/#website"},"breadcrumb":{"@id":"https:\/\/lasentinelle.dz\/index.php\/2026\/07\/19\/acceleration-du-developpement-de-lecosysteme-des-startups-annaba-consolide-son-statut-de-pole-entrepreneurial\/#breadcrumblist"},"author":{"@id":"https:\/\/lasentinelle.dz\/author\/admin\/#author"},"creator":{"@id":"https:\/\/lasentinelle.dz\/author\/admin\/#author"},"image":{"@type":"ImageObject","url":"https:\/\/lasentinelle.dz\/wp-content\/uploads\/2021\/10\/startups.jpeg","@id":"https:\/\/lasentinelle.dz\/index.php\/2026\/07\/19\/acceleration-du-developpement-de-lecosysteme-des-startups-annaba-consolide-son-statut-de-pole-entrepreneurial\/#mainImage","width":512,"height":341},"primaryImageOfPage":{"@id":"https:\/\/lasentinelle.dz\/index.php\/2026\/07\/19\/acceleration-du-developpement-de-lecosysteme-des-startups-annaba-consolide-son-statut-de-pole-entrepreneurial\/#mainImage"},"datePublished":"2026-07-19T20:52:47+01:00","dateModified":"2026-07-19T20:52:48+01:00"},{"@type":"WebSite","@id":"https:\/\/lasentinelle.dz\/#website","url":"https:\/\/lasentinelle.dz\/","name":"La Sentinelle","description":"Quotidien national d'information","inLanguage":"fr-FR","publisher":{"@id":"https:\/\/lasentinelle.dz\/#organization"}}]},"og:locale":"fr_FR","og:site_name":"La Sentinelle - Quotidien national d'information","og:type":"article","og:title":"Acc\u00e9l\u00e9ration du d\u00e9veloppement de l\u2019\u00e9cosyst\u00e8me des startups: Annaba consolide son statut de p\u00f4le entrepreneurial - La Sentinelle","og:description":"Le d\u00e9veloppement de l'\u00e9cosyst\u00e8me entrepreneurial se consolide \u00e0 Annaba. Port\u00e9e par la strat\u00e9gie nationale de diversification \u00e9conomique et de promotion de l'innovation, la wilaya enregistre une dynamique encourageante en mati\u00e8re de cr\u00e9ation de startups et d'accompagnement des porteurs de projets. Les dispositifs mis en place par les structures d'appui commencent \u00e0 produire des r\u00e9sultats tangibles,","og:url":"https:\/\/lasentinelle.dz\/index.php\/2026\/07\/19\/acceleration-du-developpement-de-lecosysteme-des-startups-annaba-consolide-son-statut-de-pole-entrepreneurial\/","og:image":"https:\/\/lasentinelle.dz\/wp-content\/uploads\/2021\/09\/cropped-la-sentinelle-earth-golden-anima-5.gif","og:image:secure_url":"https:\/\/lasentinelle.dz\/wp-content\/uploads\/2021\/09\/cropped-la-sentinelle-earth-golden-anima-5.gif","og:image:width":450,"og:image:height":213,"article:published_time":"2026-07-19T19:52:47+00:00","article:modified_time":"2026-07-19T19:52:48+00:00","article:publisher":"https:\/\/www.facebook.com\/azzedine.lasentinelle.1","twitter:card":"summary_large_image","twitter:title":"Acc\u00e9l\u00e9ration du d\u00e9veloppement de l\u2019\u00e9cosyst\u00e8me des startups: Annaba consolide son statut de p\u00f4le entrepreneurial - La Sentinelle","twitter:description":"Le d\u00e9veloppement de l'\u00e9cosyst\u00e8me entrepreneurial se consolide \u00e0 Annaba. Port\u00e9e par la strat\u00e9gie nationale de diversification \u00e9conomique et de promotion de l'innovation, la wilaya enregistre une dynamique encourageante en mati\u00e8re de cr\u00e9ation de startups et d'accompagnement des porteurs de projets. Les dispositifs mis en place par les structures d'appui commencent \u00e0 produire des r\u00e9sultats tangibles,","twitter:image":"https:\/\/lasentinelle.dz\/wp-content\/uploads\/2021\/09\/cropped-la-sentinelle-earth-golden-anima-5.gif"},"aioseo_meta_data":{"post_id":"91722","title":null,"description":null,"keywords":null,"keyphrases":{"focus":{"keyphrase":"","score":0,"analysis":{"keyphraseInTitle":{"score":0,"maxScore":9,"error":1}}},"additional":[]},"primary_term":null,"canonical_url":null,"og_title":null,"og_description":null,"og_object_type":"default","og_image_type":"default","og_image_url":null,"og_image_width":null,"og_image_height":null,"og_image_custom_url":null,"og_image_custom_fields":null,"og_video":"","og_custom_url":null,"og_article_section":null,"og_article_tags":null,"twitter_use_og":false,"twitter_card":"default","twitter_image_type":"default","twitter_image_url":null,"twitter_image_custom_url":null,"twitter_image_custom_fields":null,"twitter_title":null,"twitter_description":null,"schema":{"blockGraphs":[],"customGraphs":[],"default":{"data":{"Article":[],"Course":[],"Dataset":[],"FAQPage":[],"Movie":[],"Person":[],"Product":[],"ProductReview":[],"Car":[],"Recipe":[],"Service":[],"SoftwareApplication":[],"WebPage":[]},"graphName":"BlogPosting","isEnabled":true},"graphs":[]},"schema_type":"default","schema_type_options":null,"pillar_content":false,"robots_default":true,"robots_noindex":false,"robots_noarchive":false,"robots_nosnippet":false,"robots_nofollow":false,"robots_noimageindex":false,"robots_noodp":false,"robots_notranslate":false,"robots_max_snippet":"-1","robots_max_videopreview":"-1","robots_max_imagepreview":"large","priority":null,"frequency":"default","local_seo":null,"breadcrumb_settings":null,"limit_modified_date":false,"ai":{"faqs":[],"keyPoints":[],"schemas":[],"titles":[],"descriptions":[],"socialPosts":{"email":[],"linkedin":[],"twitter":[],"facebook":[],"instagram":[]}},"created":"2026-07-19 19:52:49","updated":"2026-07-19 21:06:25","focus_keyword":null,"additional_keywords":null,"truseo_locale":null,"seo_analyzer_scan_date":null},"aioseo_breadcrumb":"<div class=\"aioseo-breadcrumbs\"><span class=\"aioseo-breadcrumb\">\n\t\t\t<a href=\"https:\/\/lasentinelle.dz\" title=\"Home\">Home<\/a>\n\t\t<\/span><span class=\"aioseo-breadcrumb-separator\">&raquo;<\/span><span class=\"aioseo-breadcrumb\">\n\t\t\t<a href=\"https:\/\/lasentinelle.dz\/index.php\/category\/regions\/\" title=\"R\u00e9gions\">R\u00e9gions<\/a>\n\t\t<\/span><span class=\"aioseo-breadcrumb-separator\">&raquo;<\/span><span class=\"aioseo-breadcrumb\">\n\t\t\tAcc\u00e9l\u00e9ration du d\u00e9veloppement de l\u2019\u00e9cosyst\u00e8me des startups: Annaba consolide son statut de p\u00f4le entrepreneurial\n\t\t<\/span><\/div>","aioseo_breadcrumb_json":[{"label":"Home","link":"https:\/\/lasentinelle.dz"},{"label":"R\u00e9gions","link":"https:\/\/lasentinelle.dz\/index.php\/category\/regions\/"},{"label":"Acc\u00e9l\u00e9ration du d\u00e9veloppement de l&rsquo;\u00e9cosyst\u00e8me des startups: Annaba consolide son statut de p\u00f4le entrepreneurial","link":"https:\/\/lasentinelle.dz\/index.php\/2026\/07\/19\/acceleration-du-developpement-de-lecosysteme-des-startups-annaba-consolide-son-statut-de-pole-entrepreneurial\/"}],"yoast_head":"<!-- This site is optimized with the Yoast SEO plugin v28.4 - https:\/\/yoast.com\/product\/yoast-seo-wordpress\/ -->\n<title>Acc\u00e9l\u00e9ration du d\u00e9veloppement de l&rsquo;\u00e9cosyst\u00e8me des startups: Annaba consolide son statut de p\u00f4le entrepreneurial - La Sentinelle<\/title>\n<meta name=\"robots\" content=\"index, follow, max-snippet:-1, max-image-preview:large, max-video-preview:-1\" \/>\n<link rel=\"canonical\" href=\"https:\/\/lasentinelle.dz\/index.php\/2026\/07\/19\/acceleration-du-developpement-de-lecosysteme-des-startups-annaba-consolide-son-statut-de-pole-entrepreneurial\/\" \/>\n<meta property=\"og:locale\" content=\"fr_FR\" \/>\n<meta property=\"og:type\" content=\"article\" \/>\n<meta property=\"og:title\" content=\"Acc\u00e9l\u00e9ration du d\u00e9veloppement de l&rsquo;\u00e9cosyst\u00e8me des startups: Annaba consolide son statut de p\u00f4le entrepreneurial - La Sentinelle\" \/>\n<meta property=\"og:description\" content=\"Le d\u00e9veloppement de l&rsquo;\u00e9cosyst\u00e8me entrepreneurial se consolide \u00e0 Annaba. Port\u00e9e par la strat\u00e9gie nationale de diversification \u00e9conomique et de promotion\" \/>\n<meta property=\"og:url\" content=\"https:\/\/lasentinelle.dz\/index.php\/2026\/07\/19\/acceleration-du-developpement-de-lecosysteme-des-startups-annaba-consolide-son-statut-de-pole-entrepreneurial\/\" \/>\n<meta property=\"og:site_name\" content=\"La Sentinelle\" \/>\n<meta property=\"article:publisher\" content=\"https:\/\/www.facebook.com\/La-Sentinelle-104059864394773\" \/>\n<meta property=\"article:published_time\" content=\"2026-07-19T19:52:47+00:00\" \/>\n<meta property=\"article:modified_time\" content=\"2026-07-19T19:52:48+00:00\" \/>\n<meta property=\"og:image\" content=\"https:\/\/lasentinelle.dz\/wp-content\/uploads\/2021\/10\/startups.jpeg\" \/>\n\t<meta property=\"og:image:width\" content=\"512\" \/>\n\t<meta property=\"og:image:height\" content=\"341\" \/>\n\t<meta property=\"og:image:type\" content=\"image\/jpeg\" \/>\n<meta name=\"author\" content=\"admin\" \/>\n<meta name=\"twitter:card\" content=\"summary_large_image\" \/>\n<meta name=\"twitter:label1\" content=\"\u00c9crit par\" \/>\n\t<meta name=\"twitter:data1\" content=\"admin\" \/>\n\t<meta name=\"twitter:label2\" content=\"Dur\u00e9e de lecture estim\u00e9e\" \/>\n\t<meta name=\"twitter:data2\" content=\"3 minutes\" \/>\n<script type=\"application\/ld+json\" class=\"yoast-schema-graph\">{\"@context\":\"https:\\\/\\\/schema.org\",\"@graph\":[{\"@type\":\"Article\",\"@id\":\"https:\\\/\\\/lasentinelle.dz\\\/index.php\\\/2026\\\/07\\\/19\\\/acceleration-du-developpement-de-lecosysteme-des-startups-annaba-consolide-son-statut-de-pole-entrepreneurial\\\/#article\",\"isPartOf\":{\"@id\":\"https:\\\/\\\/lasentinelle.dz\\\/index.php\\\/2026\\\/07\\\/19\\\/acceleration-du-developpement-de-lecosysteme-des-startups-annaba-consolide-son-statut-de-pole-entrepreneurial\\\/\"},\"author\":{\"name\":\"admin\",\"@id\":\"https:\\\/\\\/lasentinelle.dz\\\/#\\\/schema\\\/person\\\/729ee0024f24e0b8c5ec17232f8e8b41\"},\"headline\":\"Acc\u00e9l\u00e9ration du d\u00e9veloppement de l&rsquo;\u00e9cosyst\u00e8me des startups: Annaba consolide son statut de p\u00f4le entrepreneurial\",\"datePublished\":\"2026-07-19T19:52:47+00:00\",\"dateModified\":\"2026-07-19T19:52:48+00:00\",\"mainEntityOfPage\":{\"@id\":\"https:\\\/\\\/lasentinelle.dz\\\/index.php\\\/2026\\\/07\\\/19\\\/acceleration-du-developpement-de-lecosysteme-des-startups-annaba-consolide-son-statut-de-pole-entrepreneurial\\\/\"},\"wordCount\":575,\"commentCount\":0,\"publisher\":{\"@id\":\"https:\\\/\\\/lasentinelle.dz\\\/#organization\"},\"image\":{\"@id\":\"https:\\\/\\\/lasentinelle.dz\\\/index.php\\\/2026\\\/07\\\/19\\\/acceleration-du-developpement-de-lecosysteme-des-startups-annaba-consolide-son-statut-de-pole-entrepreneurial\\\/#primaryimage\"},\"thumbnailUrl\":\"https:\\\/\\\/lasentinelle.dz\\\/wp-content\\\/uploads\\\/2021\\\/10\\\/startups.jpeg\",\"articleSection\":[\"R\u00e9gions\"],\"inLanguage\":\"fr-FR\",\"potentialAction\":[{\"@type\":\"CommentAction\",\"name\":\"Comment\",\"target\":[\"https:\\\/\\\/lasentinelle.dz\\\/index.php\\\/2026\\\/07\\\/19\\\/acceleration-du-developpement-de-lecosysteme-des-startups-annaba-consolide-son-statut-de-pole-entrepreneurial\\\/#respond\"]}]},{\"@type\":\"WebPage\",\"@id\":\"https:\\\/\\\/lasentinelle.dz\\\/index.php\\\/2026\\\/07\\\/19\\\/acceleration-du-developpement-de-lecosysteme-des-startups-annaba-consolide-son-statut-de-pole-entrepreneurial\\\/\",\"url\":\"https:\\\/\\\/lasentinelle.dz\\\/index.php\\\/2026\\\/07\\\/19\\\/acceleration-du-developpement-de-lecosysteme-des-startups-annaba-consolide-son-statut-de-pole-entrepreneurial\\\/\",\"name\":\"Acc\u00e9l\u00e9ration du d\u00e9veloppement de l&rsquo;\u00e9cosyst\u00e8me des startups: Annaba consolide son statut de p\u00f4le entrepreneurial - La Sentinelle\",\"isPartOf\":{\"@id\":\"https:\\\/\\\/lasentinelle.dz\\\/#website\"},\"primaryImageOfPage\":{\"@id\":\"https:\\\/\\\/lasentinelle.dz\\\/index.php\\\/2026\\\/07\\\/19\\\/acceleration-du-developpement-de-lecosysteme-des-startups-annaba-consolide-son-statut-de-pole-entrepreneurial\\\/#primaryimage\"},\"image\":{\"@id\":\"https:\\\/\\\/lasentinelle.dz\\\/index.php\\\/2026\\\/07\\\/19\\\/acceleration-du-developpement-de-lecosysteme-des-startups-annaba-consolide-son-statut-de-pole-entrepreneurial\\\/#primaryimage\"},\"thumbnailUrl\":\"https:\\\/\\\/lasentinelle.dz\\\/wp-content\\\/uploads\\\/2021\\\/10\\\/startups.jpeg\",\"datePublished\":\"2026-07-19T19:52:47+00:00\",\"dateModified\":\"2026-07-19T19:52:48+00:00\",\"breadcrumb\":{\"@id\":\"https:\\\/\\\/lasentinelle.dz\\\/index.php\\\/2026\\\/07\\\/19\\\/acceleration-du-developpement-de-lecosysteme-des-startups-annaba-consolide-son-statut-de-pole-entrepreneurial\\\/#breadcrumb\"},\"inLanguage\":\"fr-FR\",\"potentialAction\":[{\"@type\":\"ReadAction\",\"target\":[\"https:\\\/\\\/lasentinelle.dz\\\/index.php\\\/2026\\\/07\\\/19\\\/acceleration-du-developpement-de-lecosysteme-des-startups-annaba-consolide-son-statut-de-pole-entrepreneurial\\\/\"]}]},{\"@type\":\"ImageObject\",\"inLanguage\":\"fr-FR\",\"@id\":\"https:\\\/\\\/lasentinelle.dz\\\/index.php\\\/2026\\\/07\\\/19\\\/acceleration-du-developpement-de-lecosysteme-des-startups-annaba-consolide-son-statut-de-pole-entrepreneurial\\\/#primaryimage\",\"url\":\"https:\\\/\\\/lasentinelle.dz\\\/wp-content\\\/uploads\\\/2021\\\/10\\\/startups.jpeg\",\"contentUrl\":\"https:\\\/\\\/lasentinelle.dz\\\/wp-content\\\/uploads\\\/2021\\\/10\\\/startups.jpeg\",\"width\":512,\"height\":341},{\"@type\":\"BreadcrumbList\",\"@id\":\"https:\\\/\\\/lasentinelle.dz\\\/index.php\\\/2026\\\/07\\\/19\\\/acceleration-du-developpement-de-lecosysteme-des-startups-annaba-consolide-son-statut-de-pole-entrepreneurial\\\/#breadcrumb\",\"itemListElement\":[{\"@type\":\"ListItem\",\"position\":1,\"name\":\"Accueil\",\"item\":\"https:\\\/\\\/lasentinelle.dz\\\/\"},{\"@type\":\"ListItem\",\"position\":2,\"name\":\"Acc\u00e9l\u00e9ration du d\u00e9veloppement de l&rsquo;\u00e9cosyst\u00e8me des startups: Annaba consolide son statut de p\u00f4le entrepreneurial\"}]},{\"@type\":\"WebSite\",\"@id\":\"https:\\\/\\\/lasentinelle.dz\\\/#website\",\"url\":\"https:\\\/\\\/lasentinelle.dz\\\/\",\"name\":\"La Sentinelle\",\"description\":\"Quotidien national d&#039;information\",\"publisher\":{\"@id\":\"https:\\\/\\\/lasentinelle.dz\\\/#organization\"},\"potentialAction\":[{\"@type\":\"SearchAction\",\"target\":{\"@type\":\"EntryPoint\",\"urlTemplate\":\"https:\\\/\\\/lasentinelle.dz\\\/?s={search_term_string}\"},\"query-input\":{\"@type\":\"PropertyValueSpecification\",\"valueRequired\":true,\"valueName\":\"search_term_string\"}}],\"inLanguage\":\"fr-FR\"},{\"@type\":\"Organization\",\"@id\":\"https:\\\/\\\/lasentinelle.dz\\\/#organization\",\"name\":\"Quotidien La Sentinelle\",\"url\":\"https:\\\/\\\/lasentinelle.dz\\\/\",\"logo\":{\"@type\":\"ImageObject\",\"inLanguage\":\"fr-FR\",\"@id\":\"https:\\\/\\\/lasentinelle.dz\\\/#\\\/schema\\\/logo\\\/image\\\/\",\"url\":\"https:\\\/\\\/lasentinelle.dz\\\/wp-content\\\/uploads\\\/2021\\\/09\\\/logo-sentinelleSLOGAN-1.png\",\"contentUrl\":\"https:\\\/\\\/lasentinelle.dz\\\/wp-content\\\/uploads\\\/2021\\\/09\\\/logo-sentinelleSLOGAN-1.png\",\"width\":615,\"height\":142,\"caption\":\"Quotidien La Sentinelle\"},\"image\":{\"@id\":\"https:\\\/\\\/lasentinelle.dz\\\/#\\\/schema\\\/logo\\\/image\\\/\"},\"sameAs\":[\"https:\\\/\\\/www.facebook.com\\\/La-Sentinelle-104059864394773\"]},{\"@type\":\"Person\",\"@id\":\"https:\\\/\\\/lasentinelle.dz\\\/#\\\/schema\\\/person\\\/729ee0024f24e0b8c5ec17232f8e8b41\",\"name\":\"admin\",\"image\":{\"@type\":\"ImageObject\",\"inLanguage\":\"fr-FR\",\"@id\":\"https:\\\/\\\/secure.gravatar.com\\\/avatar\\\/4c81fed838786e9b53f540bf46533e750f5d292099ae3b66cfc6fb1982e29df7?s=96&d=mm&r=g\",\"url\":\"https:\\\/\\\/secure.gravatar.com\\\/avatar\\\/4c81fed838786e9b53f540bf46533e750f5d292099ae3b66cfc6fb1982e29df7?s=96&d=mm&r=g\",\"contentUrl\":\"https:\\\/\\\/secure.gravatar.com\\\/avatar\\\/4c81fed838786e9b53f540bf46533e750f5d292099ae3b66cfc6fb1982e29df7?s=96&d=mm&r=g\",\"caption\":\"admin\"},\"description\":\"admin\",\"url\":\"https:\\\/\\\/lasentinelle.dz\\\/author\\\/admin\\\/\"}]}<\/script>\n<!-- \/ Yoast SEO plugin. -->","yoast_head_json":{"title":"Acc\u00e9l\u00e9ration du d\u00e9veloppement de l&rsquo;\u00e9cosyst\u00e8me des startups: Annaba consolide son statut de p\u00f4le entrepreneurial - La Sentinelle","robots":{"index":"index","follow":"follow","max-snippet":"max-snippet:-1","max-image-preview":"max-image-preview:large","max-video-preview":"max-video-preview:-1"},"canonical":"https:\/\/lasentinelle.dz\/index.php\/2026\/07\/19\/acceleration-du-developpement-de-lecosysteme-des-startups-annaba-consolide-son-statut-de-pole-entrepreneurial\/","og_locale":"fr_FR","og_type":"article","og_title":"Acc\u00e9l\u00e9ration du d\u00e9veloppement de l&rsquo;\u00e9cosyst\u00e8me des startups: Annaba consolide son statut de p\u00f4le entrepreneurial - La Sentinelle","og_description":"Le d\u00e9veloppement de l&rsquo;\u00e9cosyst\u00e8me entrepreneurial se consolide \u00e0 Annaba. Port\u00e9e par la strat\u00e9gie nationale de diversification \u00e9conomique et de promotion","og_url":"https:\/\/lasentinelle.dz\/index.php\/2026\/07\/19\/acceleration-du-developpement-de-lecosysteme-des-startups-annaba-consolide-son-statut-de-pole-entrepreneurial\/","og_site_name":"La Sentinelle","article_publisher":"https:\/\/www.facebook.com\/La-Sentinelle-104059864394773","article_published_time":"2026-07-19T19:52:47+00:00","article_modified_time":"2026-07-19T19:52:48+00:00","og_image":[{"width":512,"height":341,"url":"https:\/\/lasentinelle.dz\/wp-content\/uploads\/2021\/10\/startups.jpeg","type":"image\/jpeg"}],"author":"admin","twitter_card":"summary_large_image","twitter_misc":{"\u00c9crit par":"admin","Dur\u00e9e de lecture estim\u00e9e":"3 minutes"},"schema":{"@context":"https:\/\/schema.org","@graph":[{"@type":"Article","@id":"https:\/\/lasentinelle.dz\/index.php\/2026\/07\/19\/acceleration-du-developpement-de-lecosysteme-des-startups-annaba-consolide-son-statut-de-pole-entrepreneurial\/#article","isPartOf":{"@id":"https:\/\/lasentinelle.dz\/index.php\/2026\/07\/19\/acceleration-du-developpement-de-lecosysteme-des-startups-annaba-consolide-son-statut-de-pole-entrepreneurial\/"},"author":{"name":"admin","@id":"https:\/\/lasentinelle.dz\/#\/schema\/person\/729ee0024f24e0b8c5ec17232f8e8b41"},"headline":"Acc\u00e9l\u00e9ration du d\u00e9veloppement de l&rsquo;\u00e9cosyst\u00e8me des startups: Annaba consolide son statut de p\u00f4le entrepreneurial","datePublished":"2026-07-19T19:52:47+00:00","dateModified":"2026-07-19T19:52:48+00:00","mainEntityOfPage":{"@id":"https:\/\/lasentinelle.dz\/index.php\/2026\/07\/19\/acceleration-du-developpement-de-lecosysteme-des-startups-annaba-consolide-son-statut-de-pole-entrepreneurial\/"},"wordCount":575,"commentCount":0,"publisher":{"@id":"https:\/\/lasentinelle.dz\/#organization"},"image":{"@id":"https:\/\/lasentinelle.dz\/index.php\/2026\/07\/19\/acceleration-du-developpement-de-lecosysteme-des-startups-annaba-consolide-son-statut-de-pole-entrepreneurial\/#primaryimage"},"thumbnailUrl":"https:\/\/lasentinelle.dz\/wp-content\/uploads\/2021\/10\/startups.jpeg","articleSection":["R\u00e9gions"],"inLanguage":"fr-FR","potentialAction":[{"@type":"CommentAction","name":"Comment","target":["https:\/\/lasentinelle.dz\/index.php\/2026\/07\/19\/acceleration-du-developpement-de-lecosysteme-des-startups-annaba-consolide-son-statut-de-pole-entrepreneurial\/#respond"]}]},{"@type":"WebPage","@id":"https:\/\/lasentinelle.dz\/index.php\/2026\/07\/19\/acceleration-du-developpement-de-lecosysteme-des-startups-annaba-consolide-son-statut-de-pole-entrepreneurial\/","url":"https:\/\/lasentinelle.dz\/index.php\/2026\/07\/19\/acceleration-du-developpement-de-lecosysteme-des-startups-annaba-consolide-son-statut-de-pole-entrepreneurial\/","name":"Acc\u00e9l\u00e9ration du d\u00e9veloppement de l&rsquo;\u00e9cosyst\u00e8me des startups: Annaba consolide son statut de p\u00f4le entrepreneurial - La Sentinelle","isPartOf":{"@id":"https:\/\/lasentinelle.dz\/#website"},"primaryImageOfPage":{"@id":"https:\/\/lasentinelle.dz\/index.php\/2026\/07\/19\/acceleration-du-developpement-de-lecosysteme-des-startups-annaba-consolide-son-statut-de-pole-entrepreneurial\/#primaryimage"},"image":{"@id":"https:\/\/lasentinelle.dz\/index.php\/2026\/07\/19\/acceleration-du-developpement-de-lecosysteme-des-startups-annaba-consolide-son-statut-de-pole-entrepreneurial\/#primaryimage"},"thumbnailUrl":"https:\/\/lasentinelle.dz\/wp-content\/uploads\/2021\/10\/startups.jpeg","datePublished":"2026-07-19T19:52:47+00:00","dateModified":"2026-07-19T19:52:48+00:00","breadcrumb":{"@id":"https:\/\/lasentinelle.dz\/index.php\/2026\/07\/19\/acceleration-du-developpement-de-lecosysteme-des-startups-annaba-consolide-son-statut-de-pole-entrepreneurial\/#breadcrumb"},"inLanguage":"fr-FR","potentialAction":[{"@type":"ReadAction","target":["https:\/\/lasentinelle.dz\/index.php\/2026\/07\/19\/acceleration-du-developpement-de-lecosysteme-des-startups-annaba-consolide-son-statut-de-pole-entrepreneurial\/"]}]},{"@type":"ImageObject","inLanguage":"fr-FR","@id":"https:\/\/lasentinelle.dz\/index.php\/2026\/07\/19\/acceleration-du-developpement-de-lecosysteme-des-startups-annaba-consolide-son-statut-de-pole-entrepreneurial\/#primaryimage","url":"https:\/\/lasentinelle.dz\/wp-content\/uploads\/2021\/10\/startups.jpeg","contentUrl":"https:\/\/lasentinelle.dz\/wp-content\/uploads\/2021\/10\/startups.jpeg","width":512,"height":341},{"@type":"BreadcrumbList","@id":"https:\/\/lasentinelle.dz\/index.php\/2026\/07\/19\/acceleration-du-developpement-de-lecosysteme-des-startups-annaba-consolide-son-statut-de-pole-entrepreneurial\/#breadcrumb","itemListElement":[{"@type":"ListItem","position":1,"name":"Accueil","item":"https:\/\/lasentinelle.dz\/"},{"@type":"ListItem","position":2,"name":"Acc\u00e9l\u00e9ration du d\u00e9veloppement de l&rsquo;\u00e9cosyst\u00e8me des startups: Annaba consolide son statut de p\u00f4le entrepreneurial"}]},{"@type":"WebSite","@id":"https:\/\/lasentinelle.dz\/#website","url":"https:\/\/lasentinelle.dz\/","name":"La Sentinelle","description":"Quotidien national d&#039;information","publisher":{"@id":"https:\/\/lasentinelle.dz\/#organization"},"potentialAction":[{"@type":"SearchAction","target":{"@type":"EntryPoint","urlTemplate":"https:\/\/lasentinelle.dz\/?s={search_term_string}"},"query-input":{"@type":"PropertyValueSpecification","valueRequired":true,"valueName":"search_term_string"}}],"inLanguage":"fr-FR"},{"@type":"Organization","@id":"https:\/\/lasentinelle.dz\/#organization","name":"Quotidien La Sentinelle","url":"https:\/\/lasentinelle.dz\/","logo":{"@type":"ImageObject","inLanguage":"fr-FR","@id":"https:\/\/lasentinelle.dz\/#\/schema\/logo\/image\/","url":"https:\/\/lasentinelle.dz\/wp-content\/uploads\/2021\/09\/logo-sentinelleSLOGAN-1.png","contentUrl":"https:\/\/lasentinelle.dz\/wp-content\/uploads\/2021\/09\/logo-sentinelleSLOGAN-1.png","width":615,"height":142,"caption":"Quotidien La Sentinelle"},"image":{"@id":"https:\/\/lasentinelle.dz\/#\/schema\/logo\/image\/"},"sameAs":["https:\/\/www.facebook.com\/La-Sentinelle-104059864394773"]},{"@type":"Person","@id":"https:\/\/lasentinelle.dz\/#\/schema\/person\/729ee0024f24e0b8c5ec17232f8e8b41","name":"admin","image":{"@type":"ImageObject","inLanguage":"fr-FR","@id":"https:\/\/secure.gravatar.com\/avatar\/4c81fed838786e9b53f540bf46533e750f5d292099ae3b66cfc6fb1982e29df7?s=96&d=mm&r=g","url":"https:\/\/secure.gravatar.com\/avatar\/4c81fed838786e9b53f540bf46533e750f5d292099ae3b66cfc6fb1982e29df7?s=96&d=mm&r=g","contentUrl":"https:\/\/secure.gravatar.com\/avatar\/4c81fed838786e9b53f540bf46533e750f5d292099ae3b66cfc6fb1982e29df7?s=96&d=mm&r=g","caption":"admin"},"description":"admin","url":"https:\/\/lasentinelle.dz\/author\/admin\/"}]}},"_links":{"self":[{"href":"https:\/\/lasentinelle.dz\/index.php\/wp-json\/wp\/v2\/posts\/91722","targetHints":{"allow":["GET"]}}],"collection":[{"href":"https:\/\/lasentinelle.dz\/index.php\/wp-json\/wp\/v2\/posts"}],"about":[{"href":"https:\/\/lasentinelle.dz\/index.php\/wp-json\/wp\/v2\/types\/post"}],"author":[{"embeddable":true,"href":"https:\/\/lasentinelle.dz\/index.php\/wp-json\/wp\/v2\/users\/6"}],"replies":[{"embeddable":true,"href":"https:\/\/lasentinelle.dz\/index.php\/wp-json\/wp\/v2\/comments?post=91722"}],"version-history":[{"count":2,"href":"https:\/\/lasentinelle.dz\/index.php\/wp-json\/wp\/v2\/posts\/91722\/revisions"}],"predecessor-version":[{"id":91724,"href":"https:\/\/lasentinelle.dz\/index.php\/wp-json\/wp\/v2\/posts\/91722\/revisions\/91724"}],"wp:featuredmedia":[{"embeddable":true,"href":"https:\/\/lasentinelle.dz\/index.php\/wp-json\/wp\/v2\/media\/10678"}],"wp:attachment":[{"href":"https:\/\/lasentinelle.dz\/index.php\/wp-json\/wp\/v2\/media?parent=91722"}],"wp:term":[{"taxonomy":"category","embeddable":true,"href":"https:\/\/lasentinelle.dz\/index.php\/wp-json\/wp\/v2\/categories?post=91722"},{"taxonomy":"post_tag","embeddable":true,"href":"https:\/\/lasentinelle.dz\/index.php\/wp-json\/wp\/v2\/tags?post=91722"}],"curies":[{"name":"wp","href":"https:\/\/api.w.org\/{rel}","templated":true}]}}