{"id":9191,"date":"2021-09-27T00:01:00","date_gmt":"2021-09-26T23:01:00","guid":{"rendered":"https:\/\/lasentinelle.dz\/?p=9191"},"modified":"2021-09-26T14:46:20","modified_gmt":"2021-09-26T13:46:20","slug":"festival-international-espoirs-de-toulon-lalgerie-confirme-sa-participation","status":"publish","type":"post","link":"https:\/\/lasentinelle.dz\/index.php\/2021\/09\/27\/festival-international-espoirs-de-toulon-lalgerie-confirme-sa-participation\/","title":{"rendered":"Festival international Espoirs de Toulon: L\u2019Alg\u00e9rie confirme sa participation"},"content":{"rendered":"\n<p>Ce tournoi regroupera 12 \u00e9quipes r\u00e9parties en trois groupes de quatre.<\/p>\n\n\n\n<p>La s\u00e9lection alg\u00e9rienne des U20 de football prendra part au 48<sup>e<\/sup> tournoi Maurice Revello, plus connu par le Festival international Espoirs de Toulon, qui aura lieu du 29 mai au 12 juin 2022 dans le d\u00e9partement des Bouches-du-Rh\u00f4ne, dans le sud de la France, a indiqu\u00e9 samedi la F\u00e9d\u00e9ration alg\u00e9rienne de football (FAF). Ce tournoi est ouvert aux joueurs n\u00e9s en 2002, 2003 et 2004 afin de permettre aux f\u00e9d\u00e9rations de pr\u00e9parer les championnats continentaux en vue des diverses comp\u00e9titions de la FIFA ou des Jeux olympiques qui auront lieu en 2024 \u00e0 Paris. Le pr\u00e9sident du tournoi,&nbsp; Alain Revello, s&rsquo;est dit \u00ab&nbsp;tr\u00e8s honor\u00e9&nbsp;\u00bb d&rsquo;accueillir l&rsquo;\u00e9quipe nationale d\u2019Alg\u00e9rie des U20 afin de lui permettre de pr\u00e9parer de telles \u00e9ch\u00e9ances. Ce tournoi regroupera 12 \u00e9quipes r\u00e9parties en trois groupes de quatre. Les premiers de chaque groupe et le meilleur deuxi\u00e8me sont qualifi\u00e9s pour les demi-finales. Les \u00e9quipes non qualifi\u00e9es pour le carr\u00e9 final, disputeront un match de classement, ce qui donnera quatre \u00e0 cinq rencontres par \u00e9quipe. Entam\u00e9 en 1967, le tournoi de Toulon est devenu un rendez-vous important pour les s\u00e9lections Espoirs. Les \u00e9ditions 2020 et 2021 n\u2019ont pas eu lieu en raison de la crise de la Covid-19, alors que la derni\u00e8re, celle de 2019, a \u00e9t\u00e9 gagn\u00e9e par le Br\u00e9sil, alors qu&rsquo;auparavant l\u2019Angleterre avait align\u00e9 trois succ\u00e8s de rang (2016, 2017 et 2018). L\u2019Alg\u00e9rie avait pris part \u00e0 ce tournoi dans les ann\u00e9es 1980, avec, en 1983, une s\u00e9lection compos\u00e9e d\u2019une majorit\u00e9 de joueurs de l\u2019ex-club de la DNC Alger qui s\u2019est class\u00e9e 3<sup>e<\/sup> de son groupe derri\u00e8re le Br\u00e9sil et l\u2019Allemagne et devan\u00e7ant la Chine puis terminant 6<sup>e<\/sup> du tournoi, et occupant le m\u00eame rang en 1984, mais avec comme meilleur buteur de la comp\u00e9tition Meziane Zaghzi (5 r\u00e9alisations). Derni\u00e8rement, cette \u00e9quipe alg\u00e9rienne avait pris part \u00e0 la coupe arabe des nations en Egypte, avant de s\u2019incliner en finale face \u00e0 l\u2019Arabie saoudite. La direction technique nationale avait d\u00e9cid\u00e9 de maintenir le coach Mohamed Lac\u00e8te en poste afin de maintenir la stabilit\u00e9 au sein de cette \u00e9quipe, comme l\u2019avait fait savoir le premier responsable de ladite structure, Ameur Chafik.<\/p>\n\n\n\n<h3 class=\"wp-block-heading\">R. S.<\/h3>\n","protected":false},"excerpt":{"rendered":"<p>Ce tournoi regroupera 12 \u00e9quipes r\u00e9parties en trois groupes de quatre. La s\u00e9lection alg\u00e9rienne des U20 de football prendra part<\/p>\n","protected":false},"author":3,"featured_media":9195,"comment_status":"open","ping_status":"closed","sticky":false,"template":"","format":"standard","meta":{"colormag_page_container_layout":"default_layout","colormag_page_sidebar_layout":"default_layout","om_disable_all_campaigns":false,"_monsterinsights_skip_tracking":false,"_monsterinsights_sitenote_active":false,"_monsterinsights_sitenote_note":"","_monsterinsights_sitenote_category":0,"footnotes":"","_wpscppro_dont_share_socialmedia":false,"_wpscppro_custom_social_share_image":0,"_facebook_share_type":"","_twitter_share_type":"","_linkedin_share_type":"","_pinterest_share_type":"","_linkedin_share_type_page":"","_instagram_share_type":"","_medium_share_type":"","_threads_share_type":"","_google_business_share_type":"","_selected_social_profile":[],"_wpsp_enable_custom_social_template":false,"_wpsp_social_scheduling":{"enabled":false,"datetime":null,"platforms":[],"status":"template_only","dateOption":"today","timeOption":"now","customDays":"","customHours":"","customDate":"","customTime":"","schedulingType":"absolute"},"_wpsp_active_default_template":true},"categories":[33],"tags":[],"class_list":["post-9191","post","type-post","status-publish","format-standard","has-post-thumbnail","hentry","category-sports"],"aioseo_notices":[],"yoast_head":"<!-- This site is optimized with the Yoast SEO plugin v27.5 - https:\/\/yoast.com\/product\/yoast-seo-wordpress\/ -->\n<title>Festival international Espoirs de Toulon: L\u2019Alg\u00e9rie confirme sa participation - La Sentinelle<\/title>\n<meta name=\"robots\" content=\"index, follow, max-snippet:-1, max-image-preview:large, max-video-preview:-1\" \/>\n<link rel=\"canonical\" href=\"https:\/\/lasentinelle.dz\/index.php\/2021\/09\/27\/festival-international-espoirs-de-toulon-lalgerie-confirme-sa-participation\/\" \/>\n<meta property=\"og:locale\" content=\"fr_FR\" \/>\n<meta property=\"og:type\" content=\"article\" \/>\n<meta property=\"og:title\" content=\"Festival international Espoirs de Toulon: L\u2019Alg\u00e9rie confirme sa participation - La Sentinelle\" \/>\n<meta property=\"og:description\" content=\"Ce tournoi regroupera 12 \u00e9quipes r\u00e9parties en trois groupes de quatre. La s\u00e9lection alg\u00e9rienne des U20 de football prendra part\" \/>\n<meta property=\"og:url\" content=\"https:\/\/lasentinelle.dz\/index.php\/2021\/09\/27\/festival-international-espoirs-de-toulon-lalgerie-confirme-sa-participation\/\" \/>\n<meta property=\"og:site_name\" content=\"La Sentinelle\" \/>\n<meta property=\"article:publisher\" content=\"https:\/\/www.facebook.com\/La-Sentinelle-104059864394773\" \/>\n<meta property=\"article:published_time\" content=\"2021-09-26T23:01:00+00:00\" \/>\n<meta property=\"og:image\" content=\"https:\/\/lasentinelle.dz\/wp-content\/uploads\/2021\/09\/Algerie000.jpg\" \/>\n\t<meta property=\"og:image:width\" content=\"685\" \/>\n\t<meta property=\"og:image:height\" content=\"430\" \/>\n\t<meta property=\"og:image:type\" content=\"image\/jpeg\" \/>\n<meta name=\"author\" content=\"La Sentinelle\" \/>\n<meta name=\"twitter:card\" content=\"summary_large_image\" \/>\n<meta name=\"twitter:label1\" content=\"\u00c9crit par\" \/>\n\t<meta name=\"twitter:data1\" content=\"La Sentinelle\" \/>\n\t<meta name=\"twitter:label2\" content=\"Dur\u00e9e de lecture estim\u00e9e\" \/>\n\t<meta name=\"twitter:data2\" content=\"2 minutes\" \/>\n<script type=\"application\/ld+json\" class=\"yoast-schema-graph\">{\"@context\":\"https:\\\/\\\/schema.org\",\"@graph\":[{\"@type\":\"Article\",\"@id\":\"https:\\\/\\\/lasentinelle.dz\\\/index.php\\\/2021\\\/09\\\/27\\\/festival-international-espoirs-de-toulon-lalgerie-confirme-sa-participation\\\/#article\",\"isPartOf\":{\"@id\":\"https:\\\/\\\/lasentinelle.dz\\\/index.php\\\/2021\\\/09\\\/27\\\/festival-international-espoirs-de-toulon-lalgerie-confirme-sa-participation\\\/\"},\"author\":{\"name\":\"La Sentinelle\",\"@id\":\"https:\\\/\\\/lasentinelle.dz\\\/#\\\/schema\\\/person\\\/d865044e22e70a75174ce8bcad3acfb3\"},\"headline\":\"Festival international Espoirs de Toulon: L\u2019Alg\u00e9rie confirme sa participation\",\"datePublished\":\"2021-09-26T23:01:00+00:00\",\"mainEntityOfPage\":{\"@id\":\"https:\\\/\\\/lasentinelle.dz\\\/index.php\\\/2021\\\/09\\\/27\\\/festival-international-espoirs-de-toulon-lalgerie-confirme-sa-participation\\\/\"},\"wordCount\":411,\"commentCount\":0,\"publisher\":{\"@id\":\"https:\\\/\\\/lasentinelle.dz\\\/#organization\"},\"image\":{\"@id\":\"https:\\\/\\\/lasentinelle.dz\\\/index.php\\\/2021\\\/09\\\/27\\\/festival-international-espoirs-de-toulon-lalgerie-confirme-sa-participation\\\/#primaryimage\"},\"thumbnailUrl\":\"https:\\\/\\\/lasentinelle.dz\\\/wp-content\\\/uploads\\\/2021\\\/09\\\/Algerie000.jpg\",\"articleSection\":[\"Sports\"],\"inLanguage\":\"fr-FR\",\"potentialAction\":[{\"@type\":\"CommentAction\",\"name\":\"Comment\",\"target\":[\"https:\\\/\\\/lasentinelle.dz\\\/index.php\\\/2021\\\/09\\\/27\\\/festival-international-espoirs-de-toulon-lalgerie-confirme-sa-participation\\\/#respond\"]}]},{\"@type\":\"WebPage\",\"@id\":\"https:\\\/\\\/lasentinelle.dz\\\/index.php\\\/2021\\\/09\\\/27\\\/festival-international-espoirs-de-toulon-lalgerie-confirme-sa-participation\\\/\",\"url\":\"https:\\\/\\\/lasentinelle.dz\\\/index.php\\\/2021\\\/09\\\/27\\\/festival-international-espoirs-de-toulon-lalgerie-confirme-sa-participation\\\/\",\"name\":\"Festival international Espoirs de Toulon: L\u2019Alg\u00e9rie confirme sa participation - La Sentinelle\",\"isPartOf\":{\"@id\":\"https:\\\/\\\/lasentinelle.dz\\\/#website\"},\"primaryImageOfPage\":{\"@id\":\"https:\\\/\\\/lasentinelle.dz\\\/index.php\\\/2021\\\/09\\\/27\\\/festival-international-espoirs-de-toulon-lalgerie-confirme-sa-participation\\\/#primaryimage\"},\"image\":{\"@id\":\"https:\\\/\\\/lasentinelle.dz\\\/index.php\\\/2021\\\/09\\\/27\\\/festival-international-espoirs-de-toulon-lalgerie-confirme-sa-participation\\\/#primaryimage\"},\"thumbnailUrl\":\"https:\\\/\\\/lasentinelle.dz\\\/wp-content\\\/uploads\\\/2021\\\/09\\\/Algerie000.jpg\",\"datePublished\":\"2021-09-26T23:01:00+00:00\",\"breadcrumb\":{\"@id\":\"https:\\\/\\\/lasentinelle.dz\\\/index.php\\\/2021\\\/09\\\/27\\\/festival-international-espoirs-de-toulon-lalgerie-confirme-sa-participation\\\/#breadcrumb\"},\"inLanguage\":\"fr-FR\",\"potentialAction\":[{\"@type\":\"ReadAction\",\"target\":[\"https:\\\/\\\/lasentinelle.dz\\\/index.php\\\/2021\\\/09\\\/27\\\/festival-international-espoirs-de-toulon-lalgerie-confirme-sa-participation\\\/\"]}]},{\"@type\":\"ImageObject\",\"inLanguage\":\"fr-FR\",\"@id\":\"https:\\\/\\\/lasentinelle.dz\\\/index.php\\\/2021\\\/09\\\/27\\\/festival-international-espoirs-de-toulon-lalgerie-confirme-sa-participation\\\/#primaryimage\",\"url\":\"https:\\\/\\\/lasentinelle.dz\\\/wp-content\\\/uploads\\\/2021\\\/09\\\/Algerie000.jpg\",\"contentUrl\":\"https:\\\/\\\/lasentinelle.dz\\\/wp-content\\\/uploads\\\/2021\\\/09\\\/Algerie000.jpg\",\"width\":685,\"height\":430},{\"@type\":\"BreadcrumbList\",\"@id\":\"https:\\\/\\\/lasentinelle.dz\\\/index.php\\\/2021\\\/09\\\/27\\\/festival-international-espoirs-de-toulon-lalgerie-confirme-sa-participation\\\/#breadcrumb\",\"itemListElement\":[{\"@type\":\"ListItem\",\"position\":1,\"name\":\"Accueil\",\"item\":\"https:\\\/\\\/lasentinelle.dz\\\/\"},{\"@type\":\"ListItem\",\"position\":2,\"name\":\"Festival international Espoirs de Toulon: L\u2019Alg\u00e9rie confirme sa participation\"}]},{\"@type\":\"WebSite\",\"@id\":\"https:\\\/\\\/lasentinelle.dz\\\/#website\",\"url\":\"https:\\\/\\\/lasentinelle.dz\\\/\",\"name\":\"La Sentinelle\",\"description\":\"Quotidien national d&#039;information\",\"publisher\":{\"@id\":\"https:\\\/\\\/lasentinelle.dz\\\/#organization\"},\"potentialAction\":[{\"@type\":\"SearchAction\",\"target\":{\"@type\":\"EntryPoint\",\"urlTemplate\":\"https:\\\/\\\/lasentinelle.dz\\\/?s={search_term_string}\"},\"query-input\":{\"@type\":\"PropertyValueSpecification\",\"valueRequired\":true,\"valueName\":\"search_term_string\"}}],\"inLanguage\":\"fr-FR\"},{\"@type\":\"Organization\",\"@id\":\"https:\\\/\\\/lasentinelle.dz\\\/#organization\",\"name\":\"Quotidien La Sentinelle\",\"url\":\"https:\\\/\\\/lasentinelle.dz\\\/\",\"logo\":{\"@type\":\"ImageObject\",\"inLanguage\":\"fr-FR\",\"@id\":\"https:\\\/\\\/lasentinelle.dz\\\/#\\\/schema\\\/logo\\\/image\\\/\",\"url\":\"https:\\\/\\\/lasentinelle.dz\\\/wp-content\\\/uploads\\\/2021\\\/09\\\/logo-sentinelleSLOGAN-1.png\",\"contentUrl\":\"https:\\\/\\\/lasentinelle.dz\\\/wp-content\\\/uploads\\\/2021\\\/09\\\/logo-sentinelleSLOGAN-1.png\",\"width\":615,\"height\":142,\"caption\":\"Quotidien La Sentinelle\"},\"image\":{\"@id\":\"https:\\\/\\\/lasentinelle.dz\\\/#\\\/schema\\\/logo\\\/image\\\/\"},\"sameAs\":[\"https:\\\/\\\/www.facebook.com\\\/La-Sentinelle-104059864394773\"]},{\"@type\":\"Person\",\"@id\":\"https:\\\/\\\/lasentinelle.dz\\\/#\\\/schema\\\/person\\\/d865044e22e70a75174ce8bcad3acfb3\",\"name\":\"La Sentinelle\",\"image\":{\"@type\":\"ImageObject\",\"inLanguage\":\"fr-FR\",\"@id\":\"https:\\\/\\\/secure.gravatar.com\\\/avatar\\\/57de8e5d4b15d43fb361a71fbb36338450fe67865b528a43dd10ef7c51a20392?s=96&d=mm&r=g\",\"url\":\"https:\\\/\\\/secure.gravatar.com\\\/avatar\\\/57de8e5d4b15d43fb361a71fbb36338450fe67865b528a43dd10ef7c51a20392?s=96&d=mm&r=g\",\"contentUrl\":\"https:\\\/\\\/secure.gravatar.com\\\/avatar\\\/57de8e5d4b15d43fb361a71fbb36338450fe67865b528a43dd10ef7c51a20392?s=96&d=mm&r=g\",\"caption\":\"La Sentinelle\"},\"sameAs\":[\"http:\\\/\\\/www.lasentinelle.dz\"],\"url\":\"https:\\\/\\\/lasentinelle.dz\\\/author\\\/redaction\\\/\"}]}<\/script>\n<!-- \/ Yoast SEO plugin. -->","yoast_head_json":{"title":"Festival international Espoirs de Toulon: L\u2019Alg\u00e9rie confirme sa participation - La Sentinelle","robots":{"index":"index","follow":"follow","max-snippet":"max-snippet:-1","max-image-preview":"max-image-preview:large","max-video-preview":"max-video-preview:-1"},"canonical":"https:\/\/lasentinelle.dz\/index.php\/2021\/09\/27\/festival-international-espoirs-de-toulon-lalgerie-confirme-sa-participation\/","og_locale":"fr_FR","og_type":"article","og_title":"Festival international Espoirs de Toulon: L\u2019Alg\u00e9rie confirme sa participation - La Sentinelle","og_description":"Ce tournoi regroupera 12 \u00e9quipes r\u00e9parties en trois groupes de quatre. La s\u00e9lection alg\u00e9rienne des U20 de football prendra part","og_url":"https:\/\/lasentinelle.dz\/index.php\/2021\/09\/27\/festival-international-espoirs-de-toulon-lalgerie-confirme-sa-participation\/","og_site_name":"La Sentinelle","article_publisher":"https:\/\/www.facebook.com\/La-Sentinelle-104059864394773","article_published_time":"2021-09-26T23:01:00+00:00","og_image":[{"width":685,"height":430,"url":"https:\/\/lasentinelle.dz\/wp-content\/uploads\/2021\/09\/Algerie000.jpg","type":"image\/jpeg"}],"author":"La Sentinelle","twitter_card":"summary_large_image","twitter_misc":{"\u00c9crit par":"La Sentinelle","Dur\u00e9e de lecture estim\u00e9e":"2 minutes"},"schema":{"@context":"https:\/\/schema.org","@graph":[{"@type":"Article","@id":"https:\/\/lasentinelle.dz\/index.php\/2021\/09\/27\/festival-international-espoirs-de-toulon-lalgerie-confirme-sa-participation\/#article","isPartOf":{"@id":"https:\/\/lasentinelle.dz\/index.php\/2021\/09\/27\/festival-international-espoirs-de-toulon-lalgerie-confirme-sa-participation\/"},"author":{"name":"La Sentinelle","@id":"https:\/\/lasentinelle.dz\/#\/schema\/person\/d865044e22e70a75174ce8bcad3acfb3"},"headline":"Festival international Espoirs de Toulon: L\u2019Alg\u00e9rie confirme sa participation","datePublished":"2021-09-26T23:01:00+00:00","mainEntityOfPage":{"@id":"https:\/\/lasentinelle.dz\/index.php\/2021\/09\/27\/festival-international-espoirs-de-toulon-lalgerie-confirme-sa-participation\/"},"wordCount":411,"commentCount":0,"publisher":{"@id":"https:\/\/lasentinelle.dz\/#organization"},"image":{"@id":"https:\/\/lasentinelle.dz\/index.php\/2021\/09\/27\/festival-international-espoirs-de-toulon-lalgerie-confirme-sa-participation\/#primaryimage"},"thumbnailUrl":"https:\/\/lasentinelle.dz\/wp-content\/uploads\/2021\/09\/Algerie000.jpg","articleSection":["Sports"],"inLanguage":"fr-FR","potentialAction":[{"@type":"CommentAction","name":"Comment","target":["https:\/\/lasentinelle.dz\/index.php\/2021\/09\/27\/festival-international-espoirs-de-toulon-lalgerie-confirme-sa-participation\/#respond"]}]},{"@type":"WebPage","@id":"https:\/\/lasentinelle.dz\/index.php\/2021\/09\/27\/festival-international-espoirs-de-toulon-lalgerie-confirme-sa-participation\/","url":"https:\/\/lasentinelle.dz\/index.php\/2021\/09\/27\/festival-international-espoirs-de-toulon-lalgerie-confirme-sa-participation\/","name":"Festival international Espoirs de Toulon: L\u2019Alg\u00e9rie confirme sa participation - La Sentinelle","isPartOf":{"@id":"https:\/\/lasentinelle.dz\/#website"},"primaryImageOfPage":{"@id":"https:\/\/lasentinelle.dz\/index.php\/2021\/09\/27\/festival-international-espoirs-de-toulon-lalgerie-confirme-sa-participation\/#primaryimage"},"image":{"@id":"https:\/\/lasentinelle.dz\/index.php\/2021\/09\/27\/festival-international-espoirs-de-toulon-lalgerie-confirme-sa-participation\/#primaryimage"},"thumbnailUrl":"https:\/\/lasentinelle.dz\/wp-content\/uploads\/2021\/09\/Algerie000.jpg","datePublished":"2021-09-26T23:01:00+00:00","breadcrumb":{"@id":"https:\/\/lasentinelle.dz\/index.php\/2021\/09\/27\/festival-international-espoirs-de-toulon-lalgerie-confirme-sa-participation\/#breadcrumb"},"inLanguage":"fr-FR","potentialAction":[{"@type":"ReadAction","target":["https:\/\/lasentinelle.dz\/index.php\/2021\/09\/27\/festival-international-espoirs-de-toulon-lalgerie-confirme-sa-participation\/"]}]},{"@type":"ImageObject","inLanguage":"fr-FR","@id":"https:\/\/lasentinelle.dz\/index.php\/2021\/09\/27\/festival-international-espoirs-de-toulon-lalgerie-confirme-sa-participation\/#primaryimage","url":"https:\/\/lasentinelle.dz\/wp-content\/uploads\/2021\/09\/Algerie000.jpg","contentUrl":"https:\/\/lasentinelle.dz\/wp-content\/uploads\/2021\/09\/Algerie000.jpg","width":685,"height":430},{"@type":"BreadcrumbList","@id":"https:\/\/lasentinelle.dz\/index.php\/2021\/09\/27\/festival-international-espoirs-de-toulon-lalgerie-confirme-sa-participation\/#breadcrumb","itemListElement":[{"@type":"ListItem","position":1,"name":"Accueil","item":"https:\/\/lasentinelle.dz\/"},{"@type":"ListItem","position":2,"name":"Festival international Espoirs de Toulon: L\u2019Alg\u00e9rie confirme sa participation"}]},{"@type":"WebSite","@id":"https:\/\/lasentinelle.dz\/#website","url":"https:\/\/lasentinelle.dz\/","name":"La Sentinelle","description":"Quotidien national d&#039;information","publisher":{"@id":"https:\/\/lasentinelle.dz\/#organization"},"potentialAction":[{"@type":"SearchAction","target":{"@type":"EntryPoint","urlTemplate":"https:\/\/lasentinelle.dz\/?s={search_term_string}"},"query-input":{"@type":"PropertyValueSpecification","valueRequired":true,"valueName":"search_term_string"}}],"inLanguage":"fr-FR"},{"@type":"Organization","@id":"https:\/\/lasentinelle.dz\/#organization","name":"Quotidien La Sentinelle","url":"https:\/\/lasentinelle.dz\/","logo":{"@type":"ImageObject","inLanguage":"fr-FR","@id":"https:\/\/lasentinelle.dz\/#\/schema\/logo\/image\/","url":"https:\/\/lasentinelle.dz\/wp-content\/uploads\/2021\/09\/logo-sentinelleSLOGAN-1.png","contentUrl":"https:\/\/lasentinelle.dz\/wp-content\/uploads\/2021\/09\/logo-sentinelleSLOGAN-1.png","width":615,"height":142,"caption":"Quotidien La Sentinelle"},"image":{"@id":"https:\/\/lasentinelle.dz\/#\/schema\/logo\/image\/"},"sameAs":["https:\/\/www.facebook.com\/La-Sentinelle-104059864394773"]},{"@type":"Person","@id":"https:\/\/lasentinelle.dz\/#\/schema\/person\/d865044e22e70a75174ce8bcad3acfb3","name":"La Sentinelle","image":{"@type":"ImageObject","inLanguage":"fr-FR","@id":"https:\/\/secure.gravatar.com\/avatar\/57de8e5d4b15d43fb361a71fbb36338450fe67865b528a43dd10ef7c51a20392?s=96&d=mm&r=g","url":"https:\/\/secure.gravatar.com\/avatar\/57de8e5d4b15d43fb361a71fbb36338450fe67865b528a43dd10ef7c51a20392?s=96&d=mm&r=g","contentUrl":"https:\/\/secure.gravatar.com\/avatar\/57de8e5d4b15d43fb361a71fbb36338450fe67865b528a43dd10ef7c51a20392?s=96&d=mm&r=g","caption":"La Sentinelle"},"sameAs":["http:\/\/www.lasentinelle.dz"],"url":"https:\/\/lasentinelle.dz\/author\/redaction\/"}]}},"_links":{"self":[{"href":"https:\/\/lasentinelle.dz\/index.php\/wp-json\/wp\/v2\/posts\/9191","targetHints":{"allow":["GET"]}}],"collection":[{"href":"https:\/\/lasentinelle.dz\/index.php\/wp-json\/wp\/v2\/posts"}],"about":[{"href":"https:\/\/lasentinelle.dz\/index.php\/wp-json\/wp\/v2\/types\/post"}],"author":[{"embeddable":true,"href":"https:\/\/lasentinelle.dz\/index.php\/wp-json\/wp\/v2\/users\/3"}],"replies":[{"embeddable":true,"href":"https:\/\/lasentinelle.dz\/index.php\/wp-json\/wp\/v2\/comments?post=9191"}],"version-history":[{"count":1,"href":"https:\/\/lasentinelle.dz\/index.php\/wp-json\/wp\/v2\/posts\/9191\/revisions"}],"predecessor-version":[{"id":9196,"href":"https:\/\/lasentinelle.dz\/index.php\/wp-json\/wp\/v2\/posts\/9191\/revisions\/9196"}],"wp:featuredmedia":[{"embeddable":true,"href":"https:\/\/lasentinelle.dz\/index.php\/wp-json\/wp\/v2\/media\/9195"}],"wp:attachment":[{"href":"https:\/\/lasentinelle.dz\/index.php\/wp-json\/wp\/v2\/media?parent=9191"}],"wp:term":[{"taxonomy":"category","embeddable":true,"href":"https:\/\/lasentinelle.dz\/index.php\/wp-json\/wp\/v2\/categories?post=9191"},{"taxonomy":"post_tag","embeddable":true,"href":"https:\/\/lasentinelle.dz\/index.php\/wp-json\/wp\/v2\/tags?post=9191"}],"curies":[{"name":"wp","href":"https:\/\/api.w.org\/{rel}","templated":true}]}}