{"id":9199,"date":"2021-09-27T00:01:00","date_gmt":"2021-09-26T23:01:00","guid":{"rendered":"https:\/\/lasentinelle.dz\/?p=9199"},"modified":"2021-09-26T15:59:25","modified_gmt":"2021-09-26T14:59:25","slug":"ressources-en-eau-les-laureats-du-concours-national-du-meilleur-projet-de-recherche-connus","status":"publish","type":"post","link":"https:\/\/lasentinelle.dz\/index.php\/2021\/09\/27\/ressources-en-eau-les-laureats-du-concours-national-du-meilleur-projet-de-recherche-connus\/","title":{"rendered":"Ressources en eau: les laur\u00e9ats du concours national du meilleur projet de recherche connus"},"content":{"rendered":"\n<p>L&rsquo;Agence nationale de gestion int\u00e9gr\u00e9e des ressources en eau (AGIRE) proc\u00e9dera aujourd\u2019hui \u00e0 la remise des prix aux laur\u00e9ats du concours national du meilleur projet de recherche sous le th\u00e8me \u00ab\u00a0La recherche scientifique au service de l&rsquo;eau\u00a0\u00bb, a indiqu\u00e9 hierl&rsquo;Agence dans un communiqu\u00e9.La c\u00e9r\u00e9monie se tiendra au Centre international des Conf\u00e9rences (CIC) Abdelatif Rahal \u00e0 l&rsquo;occasion du Salon international des \u00e9quipements, des technologies et des services de l&rsquo;eau (POLLUTEC), qui se tiendra du 27 au 30 septembre, fait savoir la m\u00eame source.L&rsquo;AGIRE, en partenariat avec l&rsquo;Agence nationale de valorisation des r\u00e9sultats de la recherche et du d\u00e9veloppement technologique (ANVREDET), avait lanc\u00e9 la 3e \u00e9dition du concours en juillet dernier afin d&rsquo;encourager l&rsquo;innovation et la recherche scientifique dans le domaine de la gestion de l&rsquo;eau.Ce concours a \u00e9t\u00e9 ouvert \u00e0 tous les porteurs de projet issus des \u00e9tablissement de recherche tels que les centres de recherche, les universit\u00e9s et les laboratoires, dont le projet \u00e9tait assez mature et portait sur le domaine des ressources en eau, notamment sur l&rsquo;irrigation, l&rsquo;eau potable, l&rsquo;eau de l&rsquo;industrie, la r\u00e9utilisation et l&rsquo;assainissement.Les candidats pr\u00e9s\u00e9lectionn\u00e9s ont b\u00e9n\u00e9fici\u00e9 de s\u00e9ances en ligne de formation et de coaching anim\u00e9es par des experts en entreprenariat et en innovation pour les initier \u00e0 la communication entrepreneuriale, afin de transformer leur projet de recherche en business model.<\/p>\n\n\n\n<p>APS<\/p>\n","protected":false},"excerpt":{"rendered":"<p>L&rsquo;Agence nationale de gestion int\u00e9gr\u00e9e des ressources en eau (AGIRE) proc\u00e9dera aujourd\u2019hui \u00e0 la remise des prix aux laur\u00e9ats du<\/p>\n","protected":false},"author":3,"featured_media":9210,"comment_status":"open","ping_status":"closed","sticky":false,"template":"","format":"standard","meta":{"colormag_page_container_layout":"default_layout","colormag_page_sidebar_layout":"default_layout","om_disable_all_campaigns":false,"_monsterinsights_skip_tracking":false,"_monsterinsights_sitenote_active":false,"_monsterinsights_sitenote_note":"","_monsterinsights_sitenote_category":0,"footnotes":"","_wpscppro_dont_share_socialmedia":false,"_wpscppro_custom_social_share_image":0,"_facebook_share_type":"","_twitter_share_type":"","_linkedin_share_type":"","_pinterest_share_type":"","_linkedin_share_type_page":"","_instagram_share_type":"","_medium_share_type":"","_threads_share_type":"","_google_business_share_type":"","_selected_social_profile":[],"_wpsp_enable_custom_social_template":false,"_wpsp_social_scheduling":{"enabled":false,"datetime":null,"platforms":[],"status":"template_only","dateOption":"today","timeOption":"now","customDays":"","customHours":"","customDate":"","customTime":"","schedulingType":"absolute"},"_wpsp_active_default_template":true},"categories":[27],"tags":[],"class_list":["post-9199","post","type-post","status-publish","format-standard","has-post-thumbnail","hentry","category-actualite"],"aioseo_notices":[],"yoast_head":"<!-- This site is optimized with the Yoast SEO plugin v27.5 - https:\/\/yoast.com\/product\/yoast-seo-wordpress\/ -->\n<title>Ressources en eau: les laur\u00e9ats du concours national du meilleur projet de recherche connus - La Sentinelle<\/title>\n<meta name=\"robots\" content=\"index, follow, max-snippet:-1, max-image-preview:large, max-video-preview:-1\" \/>\n<link rel=\"canonical\" href=\"https:\/\/lasentinelle.dz\/index.php\/2021\/09\/27\/ressources-en-eau-les-laureats-du-concours-national-du-meilleur-projet-de-recherche-connus\/\" \/>\n<meta property=\"og:locale\" content=\"fr_FR\" \/>\n<meta property=\"og:type\" content=\"article\" \/>\n<meta property=\"og:title\" content=\"Ressources en eau: les laur\u00e9ats du concours national du meilleur projet de recherche connus - La Sentinelle\" \/>\n<meta property=\"og:description\" content=\"L&rsquo;Agence nationale de gestion int\u00e9gr\u00e9e des ressources en eau (AGIRE) proc\u00e9dera aujourd\u2019hui \u00e0 la remise des prix aux laur\u00e9ats du\" \/>\n<meta property=\"og:url\" content=\"https:\/\/lasentinelle.dz\/index.php\/2021\/09\/27\/ressources-en-eau-les-laureats-du-concours-national-du-meilleur-projet-de-recherche-connus\/\" \/>\n<meta property=\"og:site_name\" content=\"La Sentinelle\" \/>\n<meta property=\"article:publisher\" content=\"https:\/\/www.facebook.com\/La-Sentinelle-104059864394773\" \/>\n<meta property=\"article:published_time\" content=\"2021-09-26T23:01:00+00:00\" \/>\n<meta property=\"og:image\" content=\"https:\/\/lasentinelle.dz\/wp-content\/uploads\/2021\/09\/image_2021-09-26_155720-e1632668351302.png\" \/>\n\t<meta property=\"og:image:width\" content=\"1560\" \/>\n\t<meta property=\"og:image:height\" content=\"1234\" \/>\n\t<meta property=\"og:image:type\" content=\"image\/png\" \/>\n<meta name=\"author\" content=\"La Sentinelle\" \/>\n<meta name=\"twitter:card\" content=\"summary_large_image\" \/>\n<meta name=\"twitter:label1\" content=\"\u00c9crit par\" \/>\n\t<meta name=\"twitter:data1\" content=\"La Sentinelle\" \/>\n\t<meta name=\"twitter:label2\" content=\"Dur\u00e9e de lecture estim\u00e9e\" \/>\n\t<meta name=\"twitter:data2\" content=\"1 minute\" \/>\n<script type=\"application\/ld+json\" class=\"yoast-schema-graph\">{\"@context\":\"https:\\\/\\\/schema.org\",\"@graph\":[{\"@type\":\"Article\",\"@id\":\"https:\\\/\\\/lasentinelle.dz\\\/index.php\\\/2021\\\/09\\\/27\\\/ressources-en-eau-les-laureats-du-concours-national-du-meilleur-projet-de-recherche-connus\\\/#article\",\"isPartOf\":{\"@id\":\"https:\\\/\\\/lasentinelle.dz\\\/index.php\\\/2021\\\/09\\\/27\\\/ressources-en-eau-les-laureats-du-concours-national-du-meilleur-projet-de-recherche-connus\\\/\"},\"author\":{\"name\":\"La Sentinelle\",\"@id\":\"https:\\\/\\\/lasentinelle.dz\\\/#\\\/schema\\\/person\\\/d865044e22e70a75174ce8bcad3acfb3\"},\"headline\":\"Ressources en eau: les laur\u00e9ats du concours national du meilleur projet de recherche connus\",\"datePublished\":\"2021-09-26T23:01:00+00:00\",\"mainEntityOfPage\":{\"@id\":\"https:\\\/\\\/lasentinelle.dz\\\/index.php\\\/2021\\\/09\\\/27\\\/ressources-en-eau-les-laureats-du-concours-national-du-meilleur-projet-de-recherche-connus\\\/\"},\"wordCount\":266,\"commentCount\":0,\"publisher\":{\"@id\":\"https:\\\/\\\/lasentinelle.dz\\\/#organization\"},\"image\":{\"@id\":\"https:\\\/\\\/lasentinelle.dz\\\/index.php\\\/2021\\\/09\\\/27\\\/ressources-en-eau-les-laureats-du-concours-national-du-meilleur-projet-de-recherche-connus\\\/#primaryimage\"},\"thumbnailUrl\":\"https:\\\/\\\/lasentinelle.dz\\\/wp-content\\\/uploads\\\/2021\\\/09\\\/image_2021-09-26_155720-e1632668351302.png\",\"articleSection\":[\"Actualit\u00e9\"],\"inLanguage\":\"fr-FR\",\"potentialAction\":[{\"@type\":\"CommentAction\",\"name\":\"Comment\",\"target\":[\"https:\\\/\\\/lasentinelle.dz\\\/index.php\\\/2021\\\/09\\\/27\\\/ressources-en-eau-les-laureats-du-concours-national-du-meilleur-projet-de-recherche-connus\\\/#respond\"]}]},{\"@type\":\"WebPage\",\"@id\":\"https:\\\/\\\/lasentinelle.dz\\\/index.php\\\/2021\\\/09\\\/27\\\/ressources-en-eau-les-laureats-du-concours-national-du-meilleur-projet-de-recherche-connus\\\/\",\"url\":\"https:\\\/\\\/lasentinelle.dz\\\/index.php\\\/2021\\\/09\\\/27\\\/ressources-en-eau-les-laureats-du-concours-national-du-meilleur-projet-de-recherche-connus\\\/\",\"name\":\"Ressources en eau: les laur\u00e9ats du concours national du meilleur projet de recherche connus - La Sentinelle\",\"isPartOf\":{\"@id\":\"https:\\\/\\\/lasentinelle.dz\\\/#website\"},\"primaryImageOfPage\":{\"@id\":\"https:\\\/\\\/lasentinelle.dz\\\/index.php\\\/2021\\\/09\\\/27\\\/ressources-en-eau-les-laureats-du-concours-national-du-meilleur-projet-de-recherche-connus\\\/#primaryimage\"},\"image\":{\"@id\":\"https:\\\/\\\/lasentinelle.dz\\\/index.php\\\/2021\\\/09\\\/27\\\/ressources-en-eau-les-laureats-du-concours-national-du-meilleur-projet-de-recherche-connus\\\/#primaryimage\"},\"thumbnailUrl\":\"https:\\\/\\\/lasentinelle.dz\\\/wp-content\\\/uploads\\\/2021\\\/09\\\/image_2021-09-26_155720-e1632668351302.png\",\"datePublished\":\"2021-09-26T23:01:00+00:00\",\"breadcrumb\":{\"@id\":\"https:\\\/\\\/lasentinelle.dz\\\/index.php\\\/2021\\\/09\\\/27\\\/ressources-en-eau-les-laureats-du-concours-national-du-meilleur-projet-de-recherche-connus\\\/#breadcrumb\"},\"inLanguage\":\"fr-FR\",\"potentialAction\":[{\"@type\":\"ReadAction\",\"target\":[\"https:\\\/\\\/lasentinelle.dz\\\/index.php\\\/2021\\\/09\\\/27\\\/ressources-en-eau-les-laureats-du-concours-national-du-meilleur-projet-de-recherche-connus\\\/\"]}]},{\"@type\":\"ImageObject\",\"inLanguage\":\"fr-FR\",\"@id\":\"https:\\\/\\\/lasentinelle.dz\\\/index.php\\\/2021\\\/09\\\/27\\\/ressources-en-eau-les-laureats-du-concours-national-du-meilleur-projet-de-recherche-connus\\\/#primaryimage\",\"url\":\"https:\\\/\\\/lasentinelle.dz\\\/wp-content\\\/uploads\\\/2021\\\/09\\\/image_2021-09-26_155720-e1632668351302.png\",\"contentUrl\":\"https:\\\/\\\/lasentinelle.dz\\\/wp-content\\\/uploads\\\/2021\\\/09\\\/image_2021-09-26_155720-e1632668351302.png\",\"width\":1560,\"height\":1234},{\"@type\":\"BreadcrumbList\",\"@id\":\"https:\\\/\\\/lasentinelle.dz\\\/index.php\\\/2021\\\/09\\\/27\\\/ressources-en-eau-les-laureats-du-concours-national-du-meilleur-projet-de-recherche-connus\\\/#breadcrumb\",\"itemListElement\":[{\"@type\":\"ListItem\",\"position\":1,\"name\":\"Accueil\",\"item\":\"https:\\\/\\\/lasentinelle.dz\\\/\"},{\"@type\":\"ListItem\",\"position\":2,\"name\":\"Ressources en eau: les laur\u00e9ats du concours national du meilleur projet de recherche connus\"}]},{\"@type\":\"WebSite\",\"@id\":\"https:\\\/\\\/lasentinelle.dz\\\/#website\",\"url\":\"https:\\\/\\\/lasentinelle.dz\\\/\",\"name\":\"La Sentinelle\",\"description\":\"Quotidien national d&#039;information\",\"publisher\":{\"@id\":\"https:\\\/\\\/lasentinelle.dz\\\/#organization\"},\"potentialAction\":[{\"@type\":\"SearchAction\",\"target\":{\"@type\":\"EntryPoint\",\"urlTemplate\":\"https:\\\/\\\/lasentinelle.dz\\\/?s={search_term_string}\"},\"query-input\":{\"@type\":\"PropertyValueSpecification\",\"valueRequired\":true,\"valueName\":\"search_term_string\"}}],\"inLanguage\":\"fr-FR\"},{\"@type\":\"Organization\",\"@id\":\"https:\\\/\\\/lasentinelle.dz\\\/#organization\",\"name\":\"Quotidien La Sentinelle\",\"url\":\"https:\\\/\\\/lasentinelle.dz\\\/\",\"logo\":{\"@type\":\"ImageObject\",\"inLanguage\":\"fr-FR\",\"@id\":\"https:\\\/\\\/lasentinelle.dz\\\/#\\\/schema\\\/logo\\\/image\\\/\",\"url\":\"https:\\\/\\\/lasentinelle.dz\\\/wp-content\\\/uploads\\\/2021\\\/09\\\/logo-sentinelleSLOGAN-1.png\",\"contentUrl\":\"https:\\\/\\\/lasentinelle.dz\\\/wp-content\\\/uploads\\\/2021\\\/09\\\/logo-sentinelleSLOGAN-1.png\",\"width\":615,\"height\":142,\"caption\":\"Quotidien La Sentinelle\"},\"image\":{\"@id\":\"https:\\\/\\\/lasentinelle.dz\\\/#\\\/schema\\\/logo\\\/image\\\/\"},\"sameAs\":[\"https:\\\/\\\/www.facebook.com\\\/La-Sentinelle-104059864394773\"]},{\"@type\":\"Person\",\"@id\":\"https:\\\/\\\/lasentinelle.dz\\\/#\\\/schema\\\/person\\\/d865044e22e70a75174ce8bcad3acfb3\",\"name\":\"La Sentinelle\",\"image\":{\"@type\":\"ImageObject\",\"inLanguage\":\"fr-FR\",\"@id\":\"https:\\\/\\\/secure.gravatar.com\\\/avatar\\\/57de8e5d4b15d43fb361a71fbb36338450fe67865b528a43dd10ef7c51a20392?s=96&d=mm&r=g\",\"url\":\"https:\\\/\\\/secure.gravatar.com\\\/avatar\\\/57de8e5d4b15d43fb361a71fbb36338450fe67865b528a43dd10ef7c51a20392?s=96&d=mm&r=g\",\"contentUrl\":\"https:\\\/\\\/secure.gravatar.com\\\/avatar\\\/57de8e5d4b15d43fb361a71fbb36338450fe67865b528a43dd10ef7c51a20392?s=96&d=mm&r=g\",\"caption\":\"La Sentinelle\"},\"sameAs\":[\"http:\\\/\\\/www.lasentinelle.dz\"],\"url\":\"https:\\\/\\\/lasentinelle.dz\\\/author\\\/redaction\\\/\"}]}<\/script>\n<!-- \/ Yoast SEO plugin. -->","yoast_head_json":{"title":"Ressources en eau: les laur\u00e9ats du concours national du meilleur projet de recherche connus - La Sentinelle","robots":{"index":"index","follow":"follow","max-snippet":"max-snippet:-1","max-image-preview":"max-image-preview:large","max-video-preview":"max-video-preview:-1"},"canonical":"https:\/\/lasentinelle.dz\/index.php\/2021\/09\/27\/ressources-en-eau-les-laureats-du-concours-national-du-meilleur-projet-de-recherche-connus\/","og_locale":"fr_FR","og_type":"article","og_title":"Ressources en eau: les laur\u00e9ats du concours national du meilleur projet de recherche connus - La Sentinelle","og_description":"L&rsquo;Agence nationale de gestion int\u00e9gr\u00e9e des ressources en eau (AGIRE) proc\u00e9dera aujourd\u2019hui \u00e0 la remise des prix aux laur\u00e9ats du","og_url":"https:\/\/lasentinelle.dz\/index.php\/2021\/09\/27\/ressources-en-eau-les-laureats-du-concours-national-du-meilleur-projet-de-recherche-connus\/","og_site_name":"La Sentinelle","article_publisher":"https:\/\/www.facebook.com\/La-Sentinelle-104059864394773","article_published_time":"2021-09-26T23:01:00+00:00","og_image":[{"width":1560,"height":1234,"url":"https:\/\/lasentinelle.dz\/wp-content\/uploads\/2021\/09\/image_2021-09-26_155720-e1632668351302.png","type":"image\/png"}],"author":"La Sentinelle","twitter_card":"summary_large_image","twitter_misc":{"\u00c9crit par":"La Sentinelle","Dur\u00e9e de lecture estim\u00e9e":"1 minute"},"schema":{"@context":"https:\/\/schema.org","@graph":[{"@type":"Article","@id":"https:\/\/lasentinelle.dz\/index.php\/2021\/09\/27\/ressources-en-eau-les-laureats-du-concours-national-du-meilleur-projet-de-recherche-connus\/#article","isPartOf":{"@id":"https:\/\/lasentinelle.dz\/index.php\/2021\/09\/27\/ressources-en-eau-les-laureats-du-concours-national-du-meilleur-projet-de-recherche-connus\/"},"author":{"name":"La Sentinelle","@id":"https:\/\/lasentinelle.dz\/#\/schema\/person\/d865044e22e70a75174ce8bcad3acfb3"},"headline":"Ressources en eau: les laur\u00e9ats du concours national du meilleur projet de recherche connus","datePublished":"2021-09-26T23:01:00+00:00","mainEntityOfPage":{"@id":"https:\/\/lasentinelle.dz\/index.php\/2021\/09\/27\/ressources-en-eau-les-laureats-du-concours-national-du-meilleur-projet-de-recherche-connus\/"},"wordCount":266,"commentCount":0,"publisher":{"@id":"https:\/\/lasentinelle.dz\/#organization"},"image":{"@id":"https:\/\/lasentinelle.dz\/index.php\/2021\/09\/27\/ressources-en-eau-les-laureats-du-concours-national-du-meilleur-projet-de-recherche-connus\/#primaryimage"},"thumbnailUrl":"https:\/\/lasentinelle.dz\/wp-content\/uploads\/2021\/09\/image_2021-09-26_155720-e1632668351302.png","articleSection":["Actualit\u00e9"],"inLanguage":"fr-FR","potentialAction":[{"@type":"CommentAction","name":"Comment","target":["https:\/\/lasentinelle.dz\/index.php\/2021\/09\/27\/ressources-en-eau-les-laureats-du-concours-national-du-meilleur-projet-de-recherche-connus\/#respond"]}]},{"@type":"WebPage","@id":"https:\/\/lasentinelle.dz\/index.php\/2021\/09\/27\/ressources-en-eau-les-laureats-du-concours-national-du-meilleur-projet-de-recherche-connus\/","url":"https:\/\/lasentinelle.dz\/index.php\/2021\/09\/27\/ressources-en-eau-les-laureats-du-concours-national-du-meilleur-projet-de-recherche-connus\/","name":"Ressources en eau: les laur\u00e9ats du concours national du meilleur projet de recherche connus - La Sentinelle","isPartOf":{"@id":"https:\/\/lasentinelle.dz\/#website"},"primaryImageOfPage":{"@id":"https:\/\/lasentinelle.dz\/index.php\/2021\/09\/27\/ressources-en-eau-les-laureats-du-concours-national-du-meilleur-projet-de-recherche-connus\/#primaryimage"},"image":{"@id":"https:\/\/lasentinelle.dz\/index.php\/2021\/09\/27\/ressources-en-eau-les-laureats-du-concours-national-du-meilleur-projet-de-recherche-connus\/#primaryimage"},"thumbnailUrl":"https:\/\/lasentinelle.dz\/wp-content\/uploads\/2021\/09\/image_2021-09-26_155720-e1632668351302.png","datePublished":"2021-09-26T23:01:00+00:00","breadcrumb":{"@id":"https:\/\/lasentinelle.dz\/index.php\/2021\/09\/27\/ressources-en-eau-les-laureats-du-concours-national-du-meilleur-projet-de-recherche-connus\/#breadcrumb"},"inLanguage":"fr-FR","potentialAction":[{"@type":"ReadAction","target":["https:\/\/lasentinelle.dz\/index.php\/2021\/09\/27\/ressources-en-eau-les-laureats-du-concours-national-du-meilleur-projet-de-recherche-connus\/"]}]},{"@type":"ImageObject","inLanguage":"fr-FR","@id":"https:\/\/lasentinelle.dz\/index.php\/2021\/09\/27\/ressources-en-eau-les-laureats-du-concours-national-du-meilleur-projet-de-recherche-connus\/#primaryimage","url":"https:\/\/lasentinelle.dz\/wp-content\/uploads\/2021\/09\/image_2021-09-26_155720-e1632668351302.png","contentUrl":"https:\/\/lasentinelle.dz\/wp-content\/uploads\/2021\/09\/image_2021-09-26_155720-e1632668351302.png","width":1560,"height":1234},{"@type":"BreadcrumbList","@id":"https:\/\/lasentinelle.dz\/index.php\/2021\/09\/27\/ressources-en-eau-les-laureats-du-concours-national-du-meilleur-projet-de-recherche-connus\/#breadcrumb","itemListElement":[{"@type":"ListItem","position":1,"name":"Accueil","item":"https:\/\/lasentinelle.dz\/"},{"@type":"ListItem","position":2,"name":"Ressources en eau: les laur\u00e9ats du concours national du meilleur projet de recherche connus"}]},{"@type":"WebSite","@id":"https:\/\/lasentinelle.dz\/#website","url":"https:\/\/lasentinelle.dz\/","name":"La Sentinelle","description":"Quotidien national d&#039;information","publisher":{"@id":"https:\/\/lasentinelle.dz\/#organization"},"potentialAction":[{"@type":"SearchAction","target":{"@type":"EntryPoint","urlTemplate":"https:\/\/lasentinelle.dz\/?s={search_term_string}"},"query-input":{"@type":"PropertyValueSpecification","valueRequired":true,"valueName":"search_term_string"}}],"inLanguage":"fr-FR"},{"@type":"Organization","@id":"https:\/\/lasentinelle.dz\/#organization","name":"Quotidien La Sentinelle","url":"https:\/\/lasentinelle.dz\/","logo":{"@type":"ImageObject","inLanguage":"fr-FR","@id":"https:\/\/lasentinelle.dz\/#\/schema\/logo\/image\/","url":"https:\/\/lasentinelle.dz\/wp-content\/uploads\/2021\/09\/logo-sentinelleSLOGAN-1.png","contentUrl":"https:\/\/lasentinelle.dz\/wp-content\/uploads\/2021\/09\/logo-sentinelleSLOGAN-1.png","width":615,"height":142,"caption":"Quotidien La Sentinelle"},"image":{"@id":"https:\/\/lasentinelle.dz\/#\/schema\/logo\/image\/"},"sameAs":["https:\/\/www.facebook.com\/La-Sentinelle-104059864394773"]},{"@type":"Person","@id":"https:\/\/lasentinelle.dz\/#\/schema\/person\/d865044e22e70a75174ce8bcad3acfb3","name":"La Sentinelle","image":{"@type":"ImageObject","inLanguage":"fr-FR","@id":"https:\/\/secure.gravatar.com\/avatar\/57de8e5d4b15d43fb361a71fbb36338450fe67865b528a43dd10ef7c51a20392?s=96&d=mm&r=g","url":"https:\/\/secure.gravatar.com\/avatar\/57de8e5d4b15d43fb361a71fbb36338450fe67865b528a43dd10ef7c51a20392?s=96&d=mm&r=g","contentUrl":"https:\/\/secure.gravatar.com\/avatar\/57de8e5d4b15d43fb361a71fbb36338450fe67865b528a43dd10ef7c51a20392?s=96&d=mm&r=g","caption":"La Sentinelle"},"sameAs":["http:\/\/www.lasentinelle.dz"],"url":"https:\/\/lasentinelle.dz\/author\/redaction\/"}]}},"_links":{"self":[{"href":"https:\/\/lasentinelle.dz\/index.php\/wp-json\/wp\/v2\/posts\/9199","targetHints":{"allow":["GET"]}}],"collection":[{"href":"https:\/\/lasentinelle.dz\/index.php\/wp-json\/wp\/v2\/posts"}],"about":[{"href":"https:\/\/lasentinelle.dz\/index.php\/wp-json\/wp\/v2\/types\/post"}],"author":[{"embeddable":true,"href":"https:\/\/lasentinelle.dz\/index.php\/wp-json\/wp\/v2\/users\/3"}],"replies":[{"embeddable":true,"href":"https:\/\/lasentinelle.dz\/index.php\/wp-json\/wp\/v2\/comments?post=9199"}],"version-history":[{"count":1,"href":"https:\/\/lasentinelle.dz\/index.php\/wp-json\/wp\/v2\/posts\/9199\/revisions"}],"predecessor-version":[{"id":9208,"href":"https:\/\/lasentinelle.dz\/index.php\/wp-json\/wp\/v2\/posts\/9199\/revisions\/9208"}],"wp:featuredmedia":[{"embeddable":true,"href":"https:\/\/lasentinelle.dz\/index.php\/wp-json\/wp\/v2\/media\/9210"}],"wp:attachment":[{"href":"https:\/\/lasentinelle.dz\/index.php\/wp-json\/wp\/v2\/media?parent=9199"}],"wp:term":[{"taxonomy":"category","embeddable":true,"href":"https:\/\/lasentinelle.dz\/index.php\/wp-json\/wp\/v2\/categories?post=9199"},{"taxonomy":"post_tag","embeddable":true,"href":"https:\/\/lasentinelle.dz\/index.php\/wp-json\/wp\/v2\/tags?post=9199"}],"curies":[{"name":"wp","href":"https:\/\/api.w.org\/{rel}","templated":true}]}}