{"id":92028,"date":"2026-07-22T21:14:15","date_gmt":"2026-07-22T20:14:15","guid":{"rendered":"https:\/\/lasentinelle.dz\/?p=92028"},"modified":"2026-07-22T21:14:15","modified_gmt":"2026-07-22T20:14:15","slug":"le-president-de-la-republique-preside-la-ceremonie-de-distinction-des-laureats-du-bem-et-du-baccalaureat","status":"publish","type":"post","link":"https:\/\/lasentinelle.dz\/index.php\/2026\/07\/22\/le-president-de-la-republique-preside-la-ceremonie-de-distinction-des-laureats-du-bem-et-du-baccalaureat\/","title":{"rendered":"Le pr\u00e9sident de la R\u00e9publique pr\u00e9side la c\u00e9r\u00e9monie de distinction des laur\u00e9ats du BEM et du Baccalaur\u00e9at"},"content":{"rendered":"\n<p class=\"wp-block-paragraph\"><strong>Un investissement constant dans l\u2019excellence<\/strong><\/p>\n\n\n\n<p class=\"wp-block-paragraph\">Le pr\u00e9sident de la R\u00e9publique, M. Abdelmadjid Tebboune, a pr\u00e9sid\u00e9, mercredi au Palais du Peuple \u00e0 Alger, la c\u00e9r\u00e9monie de distinction des laur\u00e9ats du Brevet d&rsquo;enseignement moyen (BEM) et du Baccalaur\u00e9at, session 2026, en pr\u00e9sence de hauts responsables de l&rsquo;Etat.<\/p>\n\n\n\n<p class=\"wp-block-paragraph\">Au-del\u00e0 de la tradition qui accompagne chaque ann\u00e9e la cl\u00f4ture des examens nationaux, ce rendez-vous illustre l&rsquo;int\u00e9r\u00eat particulier qu&rsquo;accorde le chef de l&rsquo;Etat au secteur de l&rsquo;\u00e9ducation nationale, \u00e0 travers d&rsquo;importants investissements et r\u00e9formes destin\u00e9s \u00e0 moderniser le syst\u00e8me \u00e9ducatif et \u00e0 l&rsquo;adapter aux d\u00e9fis de l&rsquo;heure. Le budget allou\u00e9 au secteur pour l&rsquo;exercice 2026 a ainsi enregistr\u00e9 une hausse de 8% par rapport \u00e0 l&rsquo;ann\u00e9e pr\u00e9c\u00e9dente, des ressources suppl\u00e9mentaires devant soutenir l&rsquo;investissement, am\u00e9liorer les conditions de scolarisation et renforcer la qualit\u00e9 des services offerts aux \u00e9l\u00e8ves, tandis qu&rsquo;une r\u00e9flexion est engag\u00e9e, au niveau de la Direction g\u00e9n\u00e9rale de l&rsquo;enseignement, sur l&rsquo;\u00e9volution des programmes et du syst\u00e8me de coefficients.<\/p>\n\n\n\n<p class=\"wp-block-paragraph\">Lors de la c\u00e9r\u00e9monie, le pr\u00e9sident de la R\u00e9publique a distingu\u00e9 la Reine des math\u00e9matiques en Afrique, l&rsquo;\u00e9l\u00e8ve Alaa Yahia, du lyc\u00e9e Colonel Othmane de B\u00e9char, sacr\u00e9e lors de la 31e \u00e9dition des Olympiades panafricaines de math\u00e9matiques (PAMO 2026), disput\u00e9e du 26 juin au 4 juillet \u00e0 Yamoussoukro (C\u00f4te d&rsquo;Ivoire). L&rsquo;\u00e9quipe alg\u00e9rienne, compos\u00e9e de six lyc\u00e9ens, y a d\u00e9croch\u00e9 la premi\u00e8re place continentale parmi 26 pays, avec neuf m\u00e9dailles et deux scores parfaits.<\/p>\n\n\n\n<p class=\"wp-block-paragraph\">Concernant le Baccalaur\u00e9at 2026, dont le taux national de r\u00e9ussite s&rsquo;est \u00e9tabli \u00e0 56,18%, en hausse de pr\u00e8s de 5 points, les trois meilleures moyennes du pays reviennent \u00e0 Bouchra Hebat Allah Guerroumi, de Tiaret (fili\u00e8re Technique math\u00e9matique-G\u00e9nie m\u00e9canique, 19,26\/20), Yaqine Nasrallah, du Lyc\u00e9e des math\u00e9matiques d&rsquo;El-Kouba (fili\u00e8re Math\u00e9matiques, 19,21\/20), et Zineb Douaa Soual, d&rsquo;El Achour (Sciences exp\u00e9rimentales, 19,16\/20). Pour l&rsquo;Ecole des cadets de la Nation, la premi\u00e8re place revient \u00e0 Ziad Kaderz (Sciences exp\u00e9rimentales, 18,97\/20), tandis que, parmi les \u00e9l\u00e8ves en situation de handicap visuel, Abdelbasset Marouch, du lyc\u00e9e Mohamed Boudiaf d&rsquo;El Affroun (Blida), s&rsquo;est distingu\u00e9 en math\u00e9matiques avec 17,56\/20. Meriem Khelfa, scolaris\u00e9e en France, a obtenu la meilleure moyenne de la communaut\u00e9 alg\u00e9rienne \u00e0 l&rsquo;\u00e9tranger (17,38\/20).<\/p>\n\n\n\n<p class=\"wp-block-paragraph\">C\u00f4t\u00e9 BEM, o\u00f9 le taux de r\u00e9ussite a atteint 65,19% pour plus de 559.000 admis, le podium national est enti\u00e8rement f\u00e9minin, avec Ikhlas Guia, du CEM El Allama Khalifa Ben Hassan de Guemar (El Oued, 19,80\/20), Rania Mezredi, de Biskra (19,65\/20), et Basmala Boubidi, de Batna (19,60\/20).<\/p>\n\n\n\n<p class=\"wp-block-paragraph\">Le pr\u00e9sident de la R\u00e9publique a par ailleurs sign\u00e9 un d\u00e9cret pr\u00e9sidentiel portant mesures de gr\u00e2ce au profit des d\u00e9tenus admis au BEM, au Baccalaur\u00e9at et ayant obtenu un dipl\u00f4me de formation professionnelle au titre de l&rsquo;ann\u00e9e scolaire 2025-2026. \u00ab\u00a0Pr\u00e8s de 5.000 d\u00e9tenus de diff\u00e9rentes cat\u00e9gories et de divers modes sont concern\u00e9s par ces mesures de gr\u00e2ce pr\u00e9sidentielle\u00a0\u00bb, a indiqu\u00e9 un communiqu\u00e9 de la Pr\u00e9sidence de la R\u00e9publique.<\/p>\n\n\n\n<p class=\"wp-block-paragraph\">Lyna Larbi<\/p>\n\n\n\n<p class=\"wp-block-paragraph\"><strong>Pour leur sacre lors d&rsquo;une comp\u00e9tition internationale d&rsquo;ing\u00e9nierie au Royaume-Uni<\/strong><\/p>\n\n\n\n<p class=\"wp-block-paragraph\"><strong>Le pr\u00e9sident de la R\u00e9publique f\u00e9licite les \u00e9tudiants de l&rsquo;ENP d&rsquo;El Harrach<\/strong><\/p>\n\n\n\n<p class=\"wp-block-paragraph\">Le pr\u00e9sident de la R\u00e9publique, M. Abdelmadjid Tebboune, a f\u00e9licit\u00e9, mercredi, les \u00e9tudiants de l&rsquo;Ecole nationale polytechnique (ENP) d&rsquo;El Harrach pour avoir d\u00e9croch\u00e9 le prix de la meilleure \u00e9quipe participant, pour la premi\u00e8re fois, \u00e0 la comp\u00e9tition internationale d&rsquo;ing\u00e9nierie \u00ab\u00a0Formula Student UK 2026\u00a0\u00bb organis\u00e9e au Royaume-Uni. \u00ab\u00a0D&rsquo;un exploit \u00e0 un autre&#8230; Nous sommes fiers de nos \u00e9tudiants de l`Ecole nationale polytechnique d&rsquo;Alger pour avoir d\u00e9croch\u00e9 le prix +Allan Staniforth Best Newcomer Award+, r\u00e9compensant la meilleure \u00e9quipe participant pour la premi\u00e8re fois \u00e0 la comp\u00e9tition internationale d&rsquo;ing\u00e9nierie +Formula Student UK 2026+, organis\u00e9e sur le prestigieux circuit de Silverstone, au Royaume-Uni, avec la participation de plusieurs universit\u00e9s internationales\u00a0\u00bb, a \u00e9crit le pr\u00e9sident de la R\u00e9publique sur son compte officiel sur les r\u00e9seaux sociaux. Et d&rsquo;ajouter: \u00ab\u00a0Les perspectives prometteuses de notre jeunesse se confirment, et l&rsquo;avenir est entre vos mains&#8230;Poursuivez sur cette voie et bonne chance\u00a0\u00bb.<\/p>\n\n\n\n<p class=\"wp-block-paragraph\">APS<\/p>\n\n\n\n<p class=\"wp-block-paragraph\"><\/p>\n","protected":false},"excerpt":{"rendered":"<p>Un investissement constant dans l\u2019excellence Le pr\u00e9sident de la R\u00e9publique, M. Abdelmadjid Tebboune, a pr\u00e9sid\u00e9, mercredi au Palais du Peuple<\/p>\n","protected":false},"author":6,"featured_media":92029,"comment_status":"open","ping_status":"closed","sticky":false,"template":"","format":"standard","meta":{"colormag_page_container_layout":"default_layout","colormag_page_sidebar_layout":"default_layout","om_disable_all_campaigns":false,"_monsterinsights_skip_tracking":false,"footnotes":"","_wpscppro_dont_share_socialmedia":false,"_wpscppro_custom_social_share_image":0,"_facebook_share_type":"default","_twitter_share_type":"default","_linkedin_share_type":"default","_pinterest_share_type":"default","_linkedin_share_type_page":"","_instagram_share_type":"default","_medium_share_type":"default","_threads_share_type":"default","_google_business_share_type":"default","_bluesky_share_type":"default","_mastodon_share_type":"","_selected_social_profile":[],"_wpsp_enable_custom_social_template":false,"_wpsp_social_scheduling":{"enabled":false,"datetime":null,"platforms":[],"status":"template_only","dateOption":"today","timeOption":"now","customDays":"","customHours":"","customDate":"","customTime":"","schedulingType":"absolute"},"_wpsp_active_default_template":true},"categories":[52,27],"tags":[],"class_list":["post-92028","post","type-post","status-publish","format-standard","has-post-thumbnail","hentry","category-a-la-une","category-actualite"],"aioseo_notices":[],"aioseo_head":"\n\t\t<!-- All in One SEO 5.0.0.1 - aioseo.com -->\n\t<meta name=\"description\" content=\"Un investissement constant dans l\u2019excellence Le pr\u00e9sident de la R\u00e9publique, M. Abdelmadjid Tebboune, a pr\u00e9sid\u00e9, mercredi au Palais du Peuple \u00e0 Alger, la c\u00e9r\u00e9monie de distinction des laur\u00e9ats du Brevet d&#039;enseignement moyen (BEM) et du Baccalaur\u00e9at, session 2026, en pr\u00e9sence de hauts responsables de l&#039;Etat. Au-del\u00e0 de la tradition qui accompagne chaque ann\u00e9e la cl\u00f4ture\" \/>\n\t<meta name=\"robots\" content=\"max-image-preview:large\" \/>\n\t<meta name=\"author\" content=\"admin\"\/>\n\t<link rel=\"canonical\" href=\"https:\/\/lasentinelle.dz\/index.php\/2026\/07\/22\/le-president-de-la-republique-preside-la-ceremonie-de-distinction-des-laureats-du-bem-et-du-baccalaureat\/\" \/>\n\t<meta name=\"generator\" content=\"All in One SEO (AIOSEO) 5.0.0.1\" \/>\n\t\t<meta property=\"og:locale\" content=\"fr_FR\" \/>\n\t\t<meta property=\"og:site_name\" content=\"La Sentinelle - Quotidien national d&#039;information\" \/>\n\t\t<meta property=\"og:type\" content=\"article\" \/>\n\t\t<meta property=\"og:title\" content=\"Le pr\u00e9sident de la R\u00e9publique pr\u00e9side la c\u00e9r\u00e9monie de distinction des laur\u00e9ats du BEM et du Baccalaur\u00e9at - La Sentinelle\" \/>\n\t\t<meta property=\"og:description\" content=\"Un investissement constant dans l\u2019excellence Le pr\u00e9sident de la R\u00e9publique, M. Abdelmadjid Tebboune, a pr\u00e9sid\u00e9, mercredi au Palais du Peuple \u00e0 Alger, la c\u00e9r\u00e9monie de distinction des laur\u00e9ats du Brevet d&#039;enseignement moyen (BEM) et du Baccalaur\u00e9at, session 2026, en pr\u00e9sence de hauts responsables de l&#039;Etat. Au-del\u00e0 de la tradition qui accompagne chaque ann\u00e9e la cl\u00f4ture\" \/>\n\t\t<meta property=\"og:url\" content=\"https:\/\/lasentinelle.dz\/index.php\/2026\/07\/22\/le-president-de-la-republique-preside-la-ceremonie-de-distinction-des-laureats-du-bem-et-du-baccalaureat\/\" \/>\n\t\t<meta property=\"og:image\" content=\"https:\/\/lasentinelle.dz\/wp-content\/uploads\/2021\/09\/cropped-la-sentinelle-earth-golden-anima-5.gif\" \/>\n\t\t<meta property=\"og:image:secure_url\" content=\"https:\/\/lasentinelle.dz\/wp-content\/uploads\/2021\/09\/cropped-la-sentinelle-earth-golden-anima-5.gif\" \/>\n\t\t<meta property=\"og:image:width\" content=\"450\" \/>\n\t\t<meta property=\"og:image:height\" content=\"213\" \/>\n\t\t<meta property=\"article:published_time\" content=\"2026-07-22T20:14:15+00:00\" \/>\n\t\t<meta property=\"article:modified_time\" content=\"2026-07-22T20:14:15+00:00\" \/>\n\t\t<meta property=\"article:publisher\" content=\"https:\/\/www.facebook.com\/azzedine.lasentinelle.1\" \/>\n\t\t<meta name=\"twitter:card\" content=\"summary_large_image\" \/>\n\t\t<meta name=\"twitter:title\" content=\"Le pr\u00e9sident de la R\u00e9publique pr\u00e9side la c\u00e9r\u00e9monie de distinction des laur\u00e9ats du BEM et du Baccalaur\u00e9at - La Sentinelle\" \/>\n\t\t<meta name=\"twitter:description\" content=\"Un investissement constant dans l\u2019excellence Le pr\u00e9sident de la R\u00e9publique, M. Abdelmadjid Tebboune, a pr\u00e9sid\u00e9, mercredi au Palais du Peuple \u00e0 Alger, la c\u00e9r\u00e9monie de distinction des laur\u00e9ats du Brevet d&#039;enseignement moyen (BEM) et du Baccalaur\u00e9at, session 2026, en pr\u00e9sence de hauts responsables de l&#039;Etat. Au-del\u00e0 de la tradition qui accompagne chaque ann\u00e9e la cl\u00f4ture\" \/>\n\t\t<meta name=\"twitter:image\" content=\"https:\/\/lasentinelle.dz\/wp-content\/uploads\/2021\/09\/cropped-la-sentinelle-earth-golden-anima-5.gif\" \/>\n\t\t<script type=\"application\/ld+json\" class=\"aioseo-schema\">\n\t\t\t{\"@context\":\"https:\\\/\\\/schema.org\",\"@graph\":[{\"@type\":\"BlogPosting\",\"@id\":\"https:\\\/\\\/lasentinelle.dz\\\/index.php\\\/2026\\\/07\\\/22\\\/le-president-de-la-republique-preside-la-ceremonie-de-distinction-des-laureats-du-bem-et-du-baccalaureat\\\/#blogposting\",\"name\":\"Le pr\\u00e9sident de la R\\u00e9publique pr\\u00e9side la c\\u00e9r\\u00e9monie de distinction des laur\\u00e9ats du BEM et du Baccalaur\\u00e9at - La Sentinelle\",\"headline\":\"Le pr\\u00e9sident de la R\\u00e9publique pr\\u00e9side la c\\u00e9r\\u00e9monie de distinction des laur\\u00e9ats du BEM et du Baccalaur\\u00e9at\",\"author\":{\"@id\":\"https:\\\/\\\/lasentinelle.dz\\\/author\\\/admin\\\/#author\"},\"publisher\":{\"@id\":\"https:\\\/\\\/lasentinelle.dz\\\/#organization\"},\"image\":{\"@type\":\"ImageObject\",\"url\":\"https:\\\/\\\/lasentinelle.dz\\\/wp-content\\\/uploads\\\/2026\\\/07\\\/tebboune-bacheliers.jpeg\",\"width\":1280,\"height\":814},\"datePublished\":\"2026-07-22T21:14:15+01:00\",\"dateModified\":\"2026-07-22T21:14:15+01:00\",\"inLanguage\":\"fr-FR\",\"mainEntityOfPage\":{\"@id\":\"https:\\\/\\\/lasentinelle.dz\\\/index.php\\\/2026\\\/07\\\/22\\\/le-president-de-la-republique-preside-la-ceremonie-de-distinction-des-laureats-du-bem-et-du-baccalaureat\\\/#webpage\"},\"isPartOf\":{\"@id\":\"https:\\\/\\\/lasentinelle.dz\\\/index.php\\\/2026\\\/07\\\/22\\\/le-president-de-la-republique-preside-la-ceremonie-de-distinction-des-laureats-du-bem-et-du-baccalaureat\\\/#webpage\"},\"articleSection\":\"\\u00c0 la Une, Actualit\\u00e9\"},{\"@type\":\"BreadcrumbList\",\"@id\":\"https:\\\/\\\/lasentinelle.dz\\\/index.php\\\/2026\\\/07\\\/22\\\/le-president-de-la-republique-preside-la-ceremonie-de-distinction-des-laureats-du-bem-et-du-baccalaureat\\\/#breadcrumblist\",\"itemListElement\":[{\"@type\":\"ListItem\",\"@id\":\"https:\\\/\\\/lasentinelle.dz#listItem\",\"position\":1,\"name\":\"Home\",\"item\":\"https:\\\/\\\/lasentinelle.dz\",\"nextItem\":{\"@type\":\"ListItem\",\"@id\":\"https:\\\/\\\/lasentinelle.dz\\\/index.php\\\/category\\\/actualite\\\/#listItem\",\"name\":\"Actualit\\u00e9\"}},{\"@type\":\"ListItem\",\"@id\":\"https:\\\/\\\/lasentinelle.dz\\\/index.php\\\/category\\\/actualite\\\/#listItem\",\"position\":2,\"name\":\"Actualit\\u00e9\",\"item\":\"https:\\\/\\\/lasentinelle.dz\\\/index.php\\\/category\\\/actualite\\\/\",\"nextItem\":{\"@type\":\"ListItem\",\"@id\":\"https:\\\/\\\/lasentinelle.dz\\\/index.php\\\/2026\\\/07\\\/22\\\/le-president-de-la-republique-preside-la-ceremonie-de-distinction-des-laureats-du-bem-et-du-baccalaureat\\\/#listItem\",\"name\":\"Le pr\\u00e9sident de la R\\u00e9publique pr\\u00e9side la c\\u00e9r\\u00e9monie de distinction des laur\\u00e9ats du BEM et du Baccalaur\\u00e9at\"},\"previousItem\":{\"@type\":\"ListItem\",\"@id\":\"https:\\\/\\\/lasentinelle.dz#listItem\",\"name\":\"Home\"}},{\"@type\":\"ListItem\",\"@id\":\"https:\\\/\\\/lasentinelle.dz\\\/index.php\\\/2026\\\/07\\\/22\\\/le-president-de-la-republique-preside-la-ceremonie-de-distinction-des-laureats-du-bem-et-du-baccalaureat\\\/#listItem\",\"position\":3,\"name\":\"Le pr\\u00e9sident de la R\\u00e9publique pr\\u00e9side la c\\u00e9r\\u00e9monie de distinction des laur\\u00e9ats du BEM et du Baccalaur\\u00e9at\",\"previousItem\":{\"@type\":\"ListItem\",\"@id\":\"https:\\\/\\\/lasentinelle.dz\\\/index.php\\\/category\\\/actualite\\\/#listItem\",\"name\":\"Actualit\\u00e9\"}}]},{\"@type\":\"Organization\",\"@id\":\"https:\\\/\\\/lasentinelle.dz\\\/#organization\",\"name\":\"La Sentinelle La Sentinelle\",\"description\":\"Quotidien national d'information\",\"url\":\"https:\\\/\\\/lasentinelle.dz\\\/\",\"logo\":{\"@type\":\"ImageObject\",\"url\":\"https:\\\/\\\/lasentinelle.dz\\\/wp-content\\\/uploads\\\/2021\\\/09\\\/cropped-la-sentinelle-earth-golden-anima-5.gif\",\"@id\":\"https:\\\/\\\/lasentinelle.dz\\\/index.php\\\/2026\\\/07\\\/22\\\/le-president-de-la-republique-preside-la-ceremonie-de-distinction-des-laureats-du-bem-et-du-baccalaureat\\\/#organizationLogo\",\"width\":450,\"height\":213},\"image\":{\"@id\":\"https:\\\/\\\/lasentinelle.dz\\\/index.php\\\/2026\\\/07\\\/22\\\/le-president-de-la-republique-preside-la-ceremonie-de-distinction-des-laureats-du-bem-et-du-baccalaureat\\\/#organizationLogo\"},\"sameAs\":[\"https:\\\/\\\/www.facebook.com\\\/azzedine.lasentinelle.1\"]},{\"@type\":\"Person\",\"@id\":\"https:\\\/\\\/lasentinelle.dz\\\/author\\\/admin\\\/#author\",\"url\":\"https:\\\/\\\/lasentinelle.dz\\\/author\\\/admin\\\/\",\"name\":\"admin\",\"image\":{\"@type\":\"ImageObject\",\"@id\":\"https:\\\/\\\/lasentinelle.dz\\\/index.php\\\/2026\\\/07\\\/22\\\/le-president-de-la-republique-preside-la-ceremonie-de-distinction-des-laureats-du-bem-et-du-baccalaureat\\\/#authorImage\",\"url\":\"https:\\\/\\\/secure.gravatar.com\\\/avatar\\\/4c81fed838786e9b53f540bf46533e750f5d292099ae3b66cfc6fb1982e29df7?s=96&d=mm&r=g\",\"width\":96,\"height\":96,\"caption\":\"admin\"}},{\"@type\":\"WebPage\",\"@id\":\"https:\\\/\\\/lasentinelle.dz\\\/index.php\\\/2026\\\/07\\\/22\\\/le-president-de-la-republique-preside-la-ceremonie-de-distinction-des-laureats-du-bem-et-du-baccalaureat\\\/#webpage\",\"url\":\"https:\\\/\\\/lasentinelle.dz\\\/index.php\\\/2026\\\/07\\\/22\\\/le-president-de-la-republique-preside-la-ceremonie-de-distinction-des-laureats-du-bem-et-du-baccalaureat\\\/\",\"name\":\"Le pr\\u00e9sident de la R\\u00e9publique pr\\u00e9side la c\\u00e9r\\u00e9monie de distinction des laur\\u00e9ats du BEM et du Baccalaur\\u00e9at - La Sentinelle\",\"description\":\"Un investissement constant dans l\\u2019excellence Le pr\\u00e9sident de la R\\u00e9publique, M. Abdelmadjid Tebboune, a pr\\u00e9sid\\u00e9, mercredi au Palais du Peuple \\u00e0 Alger, la c\\u00e9r\\u00e9monie de distinction des laur\\u00e9ats du Brevet d'enseignement moyen (BEM) et du Baccalaur\\u00e9at, session 2026, en pr\\u00e9sence de hauts responsables de l'Etat. Au-del\\u00e0 de la tradition qui accompagne chaque ann\\u00e9e la cl\\u00f4ture\",\"inLanguage\":\"fr-FR\",\"isPartOf\":{\"@id\":\"https:\\\/\\\/lasentinelle.dz\\\/#website\"},\"breadcrumb\":{\"@id\":\"https:\\\/\\\/lasentinelle.dz\\\/index.php\\\/2026\\\/07\\\/22\\\/le-president-de-la-republique-preside-la-ceremonie-de-distinction-des-laureats-du-bem-et-du-baccalaureat\\\/#breadcrumblist\"},\"author\":{\"@id\":\"https:\\\/\\\/lasentinelle.dz\\\/author\\\/admin\\\/#author\"},\"creator\":{\"@id\":\"https:\\\/\\\/lasentinelle.dz\\\/author\\\/admin\\\/#author\"},\"image\":{\"@type\":\"ImageObject\",\"url\":\"https:\\\/\\\/lasentinelle.dz\\\/wp-content\\\/uploads\\\/2026\\\/07\\\/tebboune-bacheliers.jpeg\",\"@id\":\"https:\\\/\\\/lasentinelle.dz\\\/index.php\\\/2026\\\/07\\\/22\\\/le-president-de-la-republique-preside-la-ceremonie-de-distinction-des-laureats-du-bem-et-du-baccalaureat\\\/#mainImage\",\"width\":1280,\"height\":814},\"primaryImageOfPage\":{\"@id\":\"https:\\\/\\\/lasentinelle.dz\\\/index.php\\\/2026\\\/07\\\/22\\\/le-president-de-la-republique-preside-la-ceremonie-de-distinction-des-laureats-du-bem-et-du-baccalaureat\\\/#mainImage\"},\"datePublished\":\"2026-07-22T21:14:15+01:00\",\"dateModified\":\"2026-07-22T21:14:15+01:00\"},{\"@type\":\"WebSite\",\"@id\":\"https:\\\/\\\/lasentinelle.dz\\\/#website\",\"url\":\"https:\\\/\\\/lasentinelle.dz\\\/\",\"name\":\"La Sentinelle\",\"description\":\"Quotidien national d'information\",\"inLanguage\":\"fr-FR\",\"publisher\":{\"@id\":\"https:\\\/\\\/lasentinelle.dz\\\/#organization\"}}]}\n\t\t<\/script>\n\t\t<!-- All in One SEO -->\n\n","aioseo_head_json":{"title":"Le pr\u00e9sident de la R\u00e9publique pr\u00e9side la c\u00e9r\u00e9monie de distinction des laur\u00e9ats du BEM et du Baccalaur\u00e9at - La Sentinelle","description":"Un investissement constant dans l\u2019excellence Le pr\u00e9sident de la R\u00e9publique, M. Abdelmadjid Tebboune, a pr\u00e9sid\u00e9, mercredi au Palais du Peuple \u00e0 Alger, la c\u00e9r\u00e9monie de distinction des laur\u00e9ats du Brevet d'enseignement moyen (BEM) et du Baccalaur\u00e9at, session 2026, en pr\u00e9sence de hauts responsables de l'Etat. Au-del\u00e0 de la tradition qui accompagne chaque ann\u00e9e la cl\u00f4ture","canonical_url":"https:\/\/lasentinelle.dz\/index.php\/2026\/07\/22\/le-president-de-la-republique-preside-la-ceremonie-de-distinction-des-laureats-du-bem-et-du-baccalaureat\/","robots":"max-image-preview:large","keywords":"","webmasterTools":{"miscellaneous":""},"schema":{"@context":"https:\/\/schema.org","@graph":[{"@type":"BlogPosting","@id":"https:\/\/lasentinelle.dz\/index.php\/2026\/07\/22\/le-president-de-la-republique-preside-la-ceremonie-de-distinction-des-laureats-du-bem-et-du-baccalaureat\/#blogposting","name":"Le pr\u00e9sident de la R\u00e9publique pr\u00e9side la c\u00e9r\u00e9monie de distinction des laur\u00e9ats du BEM et du Baccalaur\u00e9at - La Sentinelle","headline":"Le pr\u00e9sident de la R\u00e9publique pr\u00e9side la c\u00e9r\u00e9monie de distinction des laur\u00e9ats du BEM et du Baccalaur\u00e9at","author":{"@id":"https:\/\/lasentinelle.dz\/author\/admin\/#author"},"publisher":{"@id":"https:\/\/lasentinelle.dz\/#organization"},"image":{"@type":"ImageObject","url":"https:\/\/lasentinelle.dz\/wp-content\/uploads\/2026\/07\/tebboune-bacheliers.jpeg","width":1280,"height":814},"datePublished":"2026-07-22T21:14:15+01:00","dateModified":"2026-07-22T21:14:15+01:00","inLanguage":"fr-FR","mainEntityOfPage":{"@id":"https:\/\/lasentinelle.dz\/index.php\/2026\/07\/22\/le-president-de-la-republique-preside-la-ceremonie-de-distinction-des-laureats-du-bem-et-du-baccalaureat\/#webpage"},"isPartOf":{"@id":"https:\/\/lasentinelle.dz\/index.php\/2026\/07\/22\/le-president-de-la-republique-preside-la-ceremonie-de-distinction-des-laureats-du-bem-et-du-baccalaureat\/#webpage"},"articleSection":"\u00c0 la Une, Actualit\u00e9"},{"@type":"BreadcrumbList","@id":"https:\/\/lasentinelle.dz\/index.php\/2026\/07\/22\/le-president-de-la-republique-preside-la-ceremonie-de-distinction-des-laureats-du-bem-et-du-baccalaureat\/#breadcrumblist","itemListElement":[{"@type":"ListItem","@id":"https:\/\/lasentinelle.dz#listItem","position":1,"name":"Home","item":"https:\/\/lasentinelle.dz","nextItem":{"@type":"ListItem","@id":"https:\/\/lasentinelle.dz\/index.php\/category\/actualite\/#listItem","name":"Actualit\u00e9"}},{"@type":"ListItem","@id":"https:\/\/lasentinelle.dz\/index.php\/category\/actualite\/#listItem","position":2,"name":"Actualit\u00e9","item":"https:\/\/lasentinelle.dz\/index.php\/category\/actualite\/","nextItem":{"@type":"ListItem","@id":"https:\/\/lasentinelle.dz\/index.php\/2026\/07\/22\/le-president-de-la-republique-preside-la-ceremonie-de-distinction-des-laureats-du-bem-et-du-baccalaureat\/#listItem","name":"Le pr\u00e9sident de la R\u00e9publique pr\u00e9side la c\u00e9r\u00e9monie de distinction des laur\u00e9ats du BEM et du Baccalaur\u00e9at"},"previousItem":{"@type":"ListItem","@id":"https:\/\/lasentinelle.dz#listItem","name":"Home"}},{"@type":"ListItem","@id":"https:\/\/lasentinelle.dz\/index.php\/2026\/07\/22\/le-president-de-la-republique-preside-la-ceremonie-de-distinction-des-laureats-du-bem-et-du-baccalaureat\/#listItem","position":3,"name":"Le pr\u00e9sident de la R\u00e9publique pr\u00e9side la c\u00e9r\u00e9monie de distinction des laur\u00e9ats du BEM et du Baccalaur\u00e9at","previousItem":{"@type":"ListItem","@id":"https:\/\/lasentinelle.dz\/index.php\/category\/actualite\/#listItem","name":"Actualit\u00e9"}}]},{"@type":"Organization","@id":"https:\/\/lasentinelle.dz\/#organization","name":"La Sentinelle La Sentinelle","description":"Quotidien national d'information","url":"https:\/\/lasentinelle.dz\/","logo":{"@type":"ImageObject","url":"https:\/\/lasentinelle.dz\/wp-content\/uploads\/2021\/09\/cropped-la-sentinelle-earth-golden-anima-5.gif","@id":"https:\/\/lasentinelle.dz\/index.php\/2026\/07\/22\/le-president-de-la-republique-preside-la-ceremonie-de-distinction-des-laureats-du-bem-et-du-baccalaureat\/#organizationLogo","width":450,"height":213},"image":{"@id":"https:\/\/lasentinelle.dz\/index.php\/2026\/07\/22\/le-president-de-la-republique-preside-la-ceremonie-de-distinction-des-laureats-du-bem-et-du-baccalaureat\/#organizationLogo"},"sameAs":["https:\/\/www.facebook.com\/azzedine.lasentinelle.1"]},{"@type":"Person","@id":"https:\/\/lasentinelle.dz\/author\/admin\/#author","url":"https:\/\/lasentinelle.dz\/author\/admin\/","name":"admin","image":{"@type":"ImageObject","@id":"https:\/\/lasentinelle.dz\/index.php\/2026\/07\/22\/le-president-de-la-republique-preside-la-ceremonie-de-distinction-des-laureats-du-bem-et-du-baccalaureat\/#authorImage","url":"https:\/\/secure.gravatar.com\/avatar\/4c81fed838786e9b53f540bf46533e750f5d292099ae3b66cfc6fb1982e29df7?s=96&d=mm&r=g","width":96,"height":96,"caption":"admin"}},{"@type":"WebPage","@id":"https:\/\/lasentinelle.dz\/index.php\/2026\/07\/22\/le-president-de-la-republique-preside-la-ceremonie-de-distinction-des-laureats-du-bem-et-du-baccalaureat\/#webpage","url":"https:\/\/lasentinelle.dz\/index.php\/2026\/07\/22\/le-president-de-la-republique-preside-la-ceremonie-de-distinction-des-laureats-du-bem-et-du-baccalaureat\/","name":"Le pr\u00e9sident de la R\u00e9publique pr\u00e9side la c\u00e9r\u00e9monie de distinction des laur\u00e9ats du BEM et du Baccalaur\u00e9at - La Sentinelle","description":"Un investissement constant dans l\u2019excellence Le pr\u00e9sident de la R\u00e9publique, M. Abdelmadjid Tebboune, a pr\u00e9sid\u00e9, mercredi au Palais du Peuple \u00e0 Alger, la c\u00e9r\u00e9monie de distinction des laur\u00e9ats du Brevet d'enseignement moyen (BEM) et du Baccalaur\u00e9at, session 2026, en pr\u00e9sence de hauts responsables de l'Etat. Au-del\u00e0 de la tradition qui accompagne chaque ann\u00e9e la cl\u00f4ture","inLanguage":"fr-FR","isPartOf":{"@id":"https:\/\/lasentinelle.dz\/#website"},"breadcrumb":{"@id":"https:\/\/lasentinelle.dz\/index.php\/2026\/07\/22\/le-president-de-la-republique-preside-la-ceremonie-de-distinction-des-laureats-du-bem-et-du-baccalaureat\/#breadcrumblist"},"author":{"@id":"https:\/\/lasentinelle.dz\/author\/admin\/#author"},"creator":{"@id":"https:\/\/lasentinelle.dz\/author\/admin\/#author"},"image":{"@type":"ImageObject","url":"https:\/\/lasentinelle.dz\/wp-content\/uploads\/2026\/07\/tebboune-bacheliers.jpeg","@id":"https:\/\/lasentinelle.dz\/index.php\/2026\/07\/22\/le-president-de-la-republique-preside-la-ceremonie-de-distinction-des-laureats-du-bem-et-du-baccalaureat\/#mainImage","width":1280,"height":814},"primaryImageOfPage":{"@id":"https:\/\/lasentinelle.dz\/index.php\/2026\/07\/22\/le-president-de-la-republique-preside-la-ceremonie-de-distinction-des-laureats-du-bem-et-du-baccalaureat\/#mainImage"},"datePublished":"2026-07-22T21:14:15+01:00","dateModified":"2026-07-22T21:14:15+01:00"},{"@type":"WebSite","@id":"https:\/\/lasentinelle.dz\/#website","url":"https:\/\/lasentinelle.dz\/","name":"La Sentinelle","description":"Quotidien national d'information","inLanguage":"fr-FR","publisher":{"@id":"https:\/\/lasentinelle.dz\/#organization"}}]},"og:locale":"fr_FR","og:site_name":"La Sentinelle - Quotidien national d'information","og:type":"article","og:title":"Le pr\u00e9sident de la R\u00e9publique pr\u00e9side la c\u00e9r\u00e9monie de distinction des laur\u00e9ats du BEM et du Baccalaur\u00e9at - La Sentinelle","og:description":"Un investissement constant dans l\u2019excellence Le pr\u00e9sident de la R\u00e9publique, M. Abdelmadjid Tebboune, a pr\u00e9sid\u00e9, mercredi au Palais du Peuple \u00e0 Alger, la c\u00e9r\u00e9monie de distinction des laur\u00e9ats du Brevet d'enseignement moyen (BEM) et du Baccalaur\u00e9at, session 2026, en pr\u00e9sence de hauts responsables de l'Etat. Au-del\u00e0 de la tradition qui accompagne chaque ann\u00e9e la cl\u00f4ture","og:url":"https:\/\/lasentinelle.dz\/index.php\/2026\/07\/22\/le-president-de-la-republique-preside-la-ceremonie-de-distinction-des-laureats-du-bem-et-du-baccalaureat\/","og:image":"https:\/\/lasentinelle.dz\/wp-content\/uploads\/2021\/09\/cropped-la-sentinelle-earth-golden-anima-5.gif","og:image:secure_url":"https:\/\/lasentinelle.dz\/wp-content\/uploads\/2021\/09\/cropped-la-sentinelle-earth-golden-anima-5.gif","og:image:width":450,"og:image:height":213,"article:published_time":"2026-07-22T20:14:15+00:00","article:modified_time":"2026-07-22T20:14:15+00:00","article:publisher":"https:\/\/www.facebook.com\/azzedine.lasentinelle.1","twitter:card":"summary_large_image","twitter:title":"Le pr\u00e9sident de la R\u00e9publique pr\u00e9side la c\u00e9r\u00e9monie de distinction des laur\u00e9ats du BEM et du Baccalaur\u00e9at - La Sentinelle","twitter:description":"Un investissement constant dans l\u2019excellence Le pr\u00e9sident de la R\u00e9publique, M. Abdelmadjid Tebboune, a pr\u00e9sid\u00e9, mercredi au Palais du Peuple \u00e0 Alger, la c\u00e9r\u00e9monie de distinction des laur\u00e9ats du Brevet d'enseignement moyen (BEM) et du Baccalaur\u00e9at, session 2026, en pr\u00e9sence de hauts responsables de l'Etat. Au-del\u00e0 de la tradition qui accompagne chaque ann\u00e9e la cl\u00f4ture","twitter:image":"https:\/\/lasentinelle.dz\/wp-content\/uploads\/2021\/09\/cropped-la-sentinelle-earth-golden-anima-5.gif"},"aioseo_meta_data":{"post_id":"92028","title":null,"description":null,"keywords":null,"keyphrases":null,"primary_term":null,"canonical_url":null,"og_title":null,"og_description":null,"og_object_type":"default","og_image_type":"default","og_image_url":null,"og_image_width":null,"og_image_height":null,"og_image_custom_url":null,"og_image_custom_fields":null,"og_video":null,"og_custom_url":null,"og_article_section":null,"og_article_tags":null,"twitter_use_og":false,"twitter_card":"default","twitter_image_type":"default","twitter_image_url":null,"twitter_image_custom_url":null,"twitter_image_custom_fields":null,"twitter_title":null,"twitter_description":null,"schema":{"blockGraphs":[],"customGraphs":[],"default":{"data":{"Article":[],"Course":[],"Dataset":[],"FAQPage":[],"Movie":[],"Person":[],"Product":[],"ProductReview":[],"Car":[],"Recipe":[],"Service":[],"SoftwareApplication":[],"WebPage":[]},"graphName":"","isEnabled":true},"graphs":[]},"schema_type":"default","schema_type_options":null,"pillar_content":false,"robots_default":true,"robots_noindex":false,"robots_noarchive":false,"robots_nosnippet":false,"robots_nofollow":false,"robots_noimageindex":false,"robots_noodp":false,"robots_notranslate":false,"robots_max_snippet":null,"robots_max_videopreview":null,"robots_max_imagepreview":"large","priority":null,"frequency":null,"local_seo":null,"breadcrumb_settings":null,"limit_modified_date":false,"ai":null,"created":"2026-07-22 21:17:03","updated":"2026-07-22 21:17:03","focus_keyword":null,"additional_keywords":null,"truseo_locale":null,"seo_analyzer_scan_date":null},"aioseo_breadcrumb":"<div class=\"aioseo-breadcrumbs\"><span class=\"aioseo-breadcrumb\">\n\t\t\t<a href=\"https:\/\/lasentinelle.dz\" title=\"Home\">Home<\/a>\n\t\t<\/span><span class=\"aioseo-breadcrumb-separator\">&raquo;<\/span><span class=\"aioseo-breadcrumb\">\n\t\t\t<a href=\"https:\/\/lasentinelle.dz\/index.php\/category\/actualite\/\" title=\"Actualit\u00e9\">Actualit\u00e9<\/a>\n\t\t<\/span><span class=\"aioseo-breadcrumb-separator\">&raquo;<\/span><span class=\"aioseo-breadcrumb\">\n\t\t\tLe pr\u00e9sident de la R\u00e9publique pr\u00e9side la c\u00e9r\u00e9monie de distinction des laur\u00e9ats du BEM et du Baccalaur\u00e9at\n\t\t<\/span><\/div>","aioseo_breadcrumb_json":[{"label":"Home","link":"https:\/\/lasentinelle.dz"},{"label":"Actualit\u00e9","link":"https:\/\/lasentinelle.dz\/index.php\/category\/actualite\/"},{"label":"Le pr\u00e9sident de la R\u00e9publique pr\u00e9side la c\u00e9r\u00e9monie de distinction des laur\u00e9ats du BEM et du Baccalaur\u00e9at","link":"https:\/\/lasentinelle.dz\/index.php\/2026\/07\/22\/le-president-de-la-republique-preside-la-ceremonie-de-distinction-des-laureats-du-bem-et-du-baccalaureat\/"}],"yoast_head":"<!-- This site is optimized with the Yoast SEO plugin v28.4 - https:\/\/yoast.com\/product\/yoast-seo-wordpress\/ -->\n<title>Le pr\u00e9sident de la R\u00e9publique pr\u00e9side la c\u00e9r\u00e9monie de distinction des laur\u00e9ats du BEM et du Baccalaur\u00e9at - La Sentinelle<\/title>\n<meta name=\"robots\" content=\"index, follow, max-snippet:-1, max-image-preview:large, max-video-preview:-1\" \/>\n<link rel=\"canonical\" href=\"https:\/\/lasentinelle.dz\/index.php\/2026\/07\/22\/le-president-de-la-republique-preside-la-ceremonie-de-distinction-des-laureats-du-bem-et-du-baccalaureat\/\" \/>\n<meta property=\"og:locale\" content=\"fr_FR\" \/>\n<meta property=\"og:type\" content=\"article\" \/>\n<meta property=\"og:title\" content=\"Le pr\u00e9sident de la R\u00e9publique pr\u00e9side la c\u00e9r\u00e9monie de distinction des laur\u00e9ats du BEM et du Baccalaur\u00e9at - La Sentinelle\" \/>\n<meta property=\"og:description\" content=\"Un investissement constant dans l\u2019excellence Le pr\u00e9sident de la R\u00e9publique, M. Abdelmadjid Tebboune, a pr\u00e9sid\u00e9, mercredi au Palais du Peuple\" \/>\n<meta property=\"og:url\" content=\"https:\/\/lasentinelle.dz\/index.php\/2026\/07\/22\/le-president-de-la-republique-preside-la-ceremonie-de-distinction-des-laureats-du-bem-et-du-baccalaureat\/\" \/>\n<meta property=\"og:site_name\" content=\"La Sentinelle\" \/>\n<meta property=\"article:publisher\" content=\"https:\/\/www.facebook.com\/La-Sentinelle-104059864394773\" \/>\n<meta property=\"article:published_time\" content=\"2026-07-22T20:14:15+00:00\" \/>\n<meta name=\"author\" content=\"admin\" \/>\n<meta name=\"twitter:card\" content=\"summary_large_image\" \/>\n<meta name=\"twitter:label1\" content=\"\u00c9crit par\" \/>\n\t<meta name=\"twitter:data1\" content=\"admin\" \/>\n\t<meta name=\"twitter:label2\" content=\"Dur\u00e9e de lecture estim\u00e9e\" \/>\n\t<meta name=\"twitter:data2\" content=\"4 minutes\" \/>\n<script type=\"application\/ld+json\" class=\"yoast-schema-graph\">{\"@context\":\"https:\\\/\\\/schema.org\",\"@graph\":[{\"@type\":\"Article\",\"@id\":\"https:\\\/\\\/lasentinelle.dz\\\/index.php\\\/2026\\\/07\\\/22\\\/le-president-de-la-republique-preside-la-ceremonie-de-distinction-des-laureats-du-bem-et-du-baccalaureat\\\/#article\",\"isPartOf\":{\"@id\":\"https:\\\/\\\/lasentinelle.dz\\\/index.php\\\/2026\\\/07\\\/22\\\/le-president-de-la-republique-preside-la-ceremonie-de-distinction-des-laureats-du-bem-et-du-baccalaureat\\\/\"},\"author\":{\"name\":\"admin\",\"@id\":\"https:\\\/\\\/lasentinelle.dz\\\/#\\\/schema\\\/person\\\/729ee0024f24e0b8c5ec17232f8e8b41\"},\"headline\":\"Le pr\u00e9sident de la R\u00e9publique pr\u00e9side la c\u00e9r\u00e9monie de distinction des laur\u00e9ats du BEM et du Baccalaur\u00e9at\",\"datePublished\":\"2026-07-22T20:14:15+00:00\",\"mainEntityOfPage\":{\"@id\":\"https:\\\/\\\/lasentinelle.dz\\\/index.php\\\/2026\\\/07\\\/22\\\/le-president-de-la-republique-preside-la-ceremonie-de-distinction-des-laureats-du-bem-et-du-baccalaureat\\\/\"},\"wordCount\":765,\"commentCount\":0,\"publisher\":{\"@id\":\"https:\\\/\\\/lasentinelle.dz\\\/#organization\"},\"image\":{\"@id\":\"https:\\\/\\\/lasentinelle.dz\\\/index.php\\\/2026\\\/07\\\/22\\\/le-president-de-la-republique-preside-la-ceremonie-de-distinction-des-laureats-du-bem-et-du-baccalaureat\\\/#primaryimage\"},\"thumbnailUrl\":\"https:\\\/\\\/lasentinelle.dz\\\/wp-content\\\/uploads\\\/2026\\\/07\\\/tebboune-bacheliers.jpeg\",\"articleSection\":[\"\u00c0 la Une\",\"Actualit\u00e9\"],\"inLanguage\":\"fr-FR\",\"potentialAction\":[{\"@type\":\"CommentAction\",\"name\":\"Comment\",\"target\":[\"https:\\\/\\\/lasentinelle.dz\\\/index.php\\\/2026\\\/07\\\/22\\\/le-president-de-la-republique-preside-la-ceremonie-de-distinction-des-laureats-du-bem-et-du-baccalaureat\\\/#respond\"]}]},{\"@type\":\"WebPage\",\"@id\":\"https:\\\/\\\/lasentinelle.dz\\\/index.php\\\/2026\\\/07\\\/22\\\/le-president-de-la-republique-preside-la-ceremonie-de-distinction-des-laureats-du-bem-et-du-baccalaureat\\\/\",\"url\":\"https:\\\/\\\/lasentinelle.dz\\\/index.php\\\/2026\\\/07\\\/22\\\/le-president-de-la-republique-preside-la-ceremonie-de-distinction-des-laureats-du-bem-et-du-baccalaureat\\\/\",\"name\":\"Le pr\u00e9sident de la R\u00e9publique pr\u00e9side la c\u00e9r\u00e9monie de distinction des laur\u00e9ats du BEM et du Baccalaur\u00e9at - La Sentinelle\",\"isPartOf\":{\"@id\":\"https:\\\/\\\/lasentinelle.dz\\\/#website\"},\"primaryImageOfPage\":{\"@id\":\"https:\\\/\\\/lasentinelle.dz\\\/index.php\\\/2026\\\/07\\\/22\\\/le-president-de-la-republique-preside-la-ceremonie-de-distinction-des-laureats-du-bem-et-du-baccalaureat\\\/#primaryimage\"},\"image\":{\"@id\":\"https:\\\/\\\/lasentinelle.dz\\\/index.php\\\/2026\\\/07\\\/22\\\/le-president-de-la-republique-preside-la-ceremonie-de-distinction-des-laureats-du-bem-et-du-baccalaureat\\\/#primaryimage\"},\"thumbnailUrl\":\"https:\\\/\\\/lasentinelle.dz\\\/wp-content\\\/uploads\\\/2026\\\/07\\\/tebboune-bacheliers.jpeg\",\"datePublished\":\"2026-07-22T20:14:15+00:00\",\"breadcrumb\":{\"@id\":\"https:\\\/\\\/lasentinelle.dz\\\/index.php\\\/2026\\\/07\\\/22\\\/le-president-de-la-republique-preside-la-ceremonie-de-distinction-des-laureats-du-bem-et-du-baccalaureat\\\/#breadcrumb\"},\"inLanguage\":\"fr-FR\",\"potentialAction\":[{\"@type\":\"ReadAction\",\"target\":[\"https:\\\/\\\/lasentinelle.dz\\\/index.php\\\/2026\\\/07\\\/22\\\/le-president-de-la-republique-preside-la-ceremonie-de-distinction-des-laureats-du-bem-et-du-baccalaureat\\\/\"]}]},{\"@type\":\"ImageObject\",\"inLanguage\":\"fr-FR\",\"@id\":\"https:\\\/\\\/lasentinelle.dz\\\/index.php\\\/2026\\\/07\\\/22\\\/le-president-de-la-republique-preside-la-ceremonie-de-distinction-des-laureats-du-bem-et-du-baccalaureat\\\/#primaryimage\",\"url\":\"https:\\\/\\\/lasentinelle.dz\\\/wp-content\\\/uploads\\\/2026\\\/07\\\/tebboune-bacheliers.jpeg\",\"contentUrl\":\"https:\\\/\\\/lasentinelle.dz\\\/wp-content\\\/uploads\\\/2026\\\/07\\\/tebboune-bacheliers.jpeg\",\"width\":1280,\"height\":814},{\"@type\":\"BreadcrumbList\",\"@id\":\"https:\\\/\\\/lasentinelle.dz\\\/index.php\\\/2026\\\/07\\\/22\\\/le-president-de-la-republique-preside-la-ceremonie-de-distinction-des-laureats-du-bem-et-du-baccalaureat\\\/#breadcrumb\",\"itemListElement\":[{\"@type\":\"ListItem\",\"position\":1,\"name\":\"Accueil\",\"item\":\"https:\\\/\\\/lasentinelle.dz\\\/\"},{\"@type\":\"ListItem\",\"position\":2,\"name\":\"Le pr\u00e9sident de la R\u00e9publique pr\u00e9side la c\u00e9r\u00e9monie de distinction des laur\u00e9ats du BEM et du Baccalaur\u00e9at\"}]},{\"@type\":\"WebSite\",\"@id\":\"https:\\\/\\\/lasentinelle.dz\\\/#website\",\"url\":\"https:\\\/\\\/lasentinelle.dz\\\/\",\"name\":\"La Sentinelle\",\"description\":\"Quotidien national d&#039;information\",\"publisher\":{\"@id\":\"https:\\\/\\\/lasentinelle.dz\\\/#organization\"},\"potentialAction\":[{\"@type\":\"SearchAction\",\"target\":{\"@type\":\"EntryPoint\",\"urlTemplate\":\"https:\\\/\\\/lasentinelle.dz\\\/?s={search_term_string}\"},\"query-input\":{\"@type\":\"PropertyValueSpecification\",\"valueRequired\":true,\"valueName\":\"search_term_string\"}}],\"inLanguage\":\"fr-FR\"},{\"@type\":\"Organization\",\"@id\":\"https:\\\/\\\/lasentinelle.dz\\\/#organization\",\"name\":\"Quotidien La Sentinelle\",\"url\":\"https:\\\/\\\/lasentinelle.dz\\\/\",\"logo\":{\"@type\":\"ImageObject\",\"inLanguage\":\"fr-FR\",\"@id\":\"https:\\\/\\\/lasentinelle.dz\\\/#\\\/schema\\\/logo\\\/image\\\/\",\"url\":\"https:\\\/\\\/lasentinelle.dz\\\/wp-content\\\/uploads\\\/2021\\\/09\\\/logo-sentinelleSLOGAN-1.png\",\"contentUrl\":\"https:\\\/\\\/lasentinelle.dz\\\/wp-content\\\/uploads\\\/2021\\\/09\\\/logo-sentinelleSLOGAN-1.png\",\"width\":615,\"height\":142,\"caption\":\"Quotidien La Sentinelle\"},\"image\":{\"@id\":\"https:\\\/\\\/lasentinelle.dz\\\/#\\\/schema\\\/logo\\\/image\\\/\"},\"sameAs\":[\"https:\\\/\\\/www.facebook.com\\\/La-Sentinelle-104059864394773\"]},{\"@type\":\"Person\",\"@id\":\"https:\\\/\\\/lasentinelle.dz\\\/#\\\/schema\\\/person\\\/729ee0024f24e0b8c5ec17232f8e8b41\",\"name\":\"admin\",\"image\":{\"@type\":\"ImageObject\",\"inLanguage\":\"fr-FR\",\"@id\":\"https:\\\/\\\/secure.gravatar.com\\\/avatar\\\/4c81fed838786e9b53f540bf46533e750f5d292099ae3b66cfc6fb1982e29df7?s=96&d=mm&r=g\",\"url\":\"https:\\\/\\\/secure.gravatar.com\\\/avatar\\\/4c81fed838786e9b53f540bf46533e750f5d292099ae3b66cfc6fb1982e29df7?s=96&d=mm&r=g\",\"contentUrl\":\"https:\\\/\\\/secure.gravatar.com\\\/avatar\\\/4c81fed838786e9b53f540bf46533e750f5d292099ae3b66cfc6fb1982e29df7?s=96&d=mm&r=g\",\"caption\":\"admin\"},\"description\":\"admin\",\"url\":\"https:\\\/\\\/lasentinelle.dz\\\/author\\\/admin\\\/\"}]}<\/script>\n<!-- \/ Yoast SEO plugin. -->","yoast_head_json":{"title":"Le pr\u00e9sident de la R\u00e9publique pr\u00e9side la c\u00e9r\u00e9monie de distinction des laur\u00e9ats du BEM et du Baccalaur\u00e9at - La Sentinelle","robots":{"index":"index","follow":"follow","max-snippet":"max-snippet:-1","max-image-preview":"max-image-preview:large","max-video-preview":"max-video-preview:-1"},"canonical":"https:\/\/lasentinelle.dz\/index.php\/2026\/07\/22\/le-president-de-la-republique-preside-la-ceremonie-de-distinction-des-laureats-du-bem-et-du-baccalaureat\/","og_locale":"fr_FR","og_type":"article","og_title":"Le pr\u00e9sident de la R\u00e9publique pr\u00e9side la c\u00e9r\u00e9monie de distinction des laur\u00e9ats du BEM et du Baccalaur\u00e9at - La Sentinelle","og_description":"Un investissement constant dans l\u2019excellence Le pr\u00e9sident de la R\u00e9publique, M. Abdelmadjid Tebboune, a pr\u00e9sid\u00e9, mercredi au Palais du Peuple","og_url":"https:\/\/lasentinelle.dz\/index.php\/2026\/07\/22\/le-president-de-la-republique-preside-la-ceremonie-de-distinction-des-laureats-du-bem-et-du-baccalaureat\/","og_site_name":"La Sentinelle","article_publisher":"https:\/\/www.facebook.com\/La-Sentinelle-104059864394773","article_published_time":"2026-07-22T20:14:15+00:00","author":"admin","twitter_card":"summary_large_image","twitter_misc":{"\u00c9crit par":"admin","Dur\u00e9e de lecture estim\u00e9e":"4 minutes"},"schema":{"@context":"https:\/\/schema.org","@graph":[{"@type":"Article","@id":"https:\/\/lasentinelle.dz\/index.php\/2026\/07\/22\/le-president-de-la-republique-preside-la-ceremonie-de-distinction-des-laureats-du-bem-et-du-baccalaureat\/#article","isPartOf":{"@id":"https:\/\/lasentinelle.dz\/index.php\/2026\/07\/22\/le-president-de-la-republique-preside-la-ceremonie-de-distinction-des-laureats-du-bem-et-du-baccalaureat\/"},"author":{"name":"admin","@id":"https:\/\/lasentinelle.dz\/#\/schema\/person\/729ee0024f24e0b8c5ec17232f8e8b41"},"headline":"Le pr\u00e9sident de la R\u00e9publique pr\u00e9side la c\u00e9r\u00e9monie de distinction des laur\u00e9ats du BEM et du Baccalaur\u00e9at","datePublished":"2026-07-22T20:14:15+00:00","mainEntityOfPage":{"@id":"https:\/\/lasentinelle.dz\/index.php\/2026\/07\/22\/le-president-de-la-republique-preside-la-ceremonie-de-distinction-des-laureats-du-bem-et-du-baccalaureat\/"},"wordCount":765,"commentCount":0,"publisher":{"@id":"https:\/\/lasentinelle.dz\/#organization"},"image":{"@id":"https:\/\/lasentinelle.dz\/index.php\/2026\/07\/22\/le-president-de-la-republique-preside-la-ceremonie-de-distinction-des-laureats-du-bem-et-du-baccalaureat\/#primaryimage"},"thumbnailUrl":"https:\/\/lasentinelle.dz\/wp-content\/uploads\/2026\/07\/tebboune-bacheliers.jpeg","articleSection":["\u00c0 la Une","Actualit\u00e9"],"inLanguage":"fr-FR","potentialAction":[{"@type":"CommentAction","name":"Comment","target":["https:\/\/lasentinelle.dz\/index.php\/2026\/07\/22\/le-president-de-la-republique-preside-la-ceremonie-de-distinction-des-laureats-du-bem-et-du-baccalaureat\/#respond"]}]},{"@type":"WebPage","@id":"https:\/\/lasentinelle.dz\/index.php\/2026\/07\/22\/le-president-de-la-republique-preside-la-ceremonie-de-distinction-des-laureats-du-bem-et-du-baccalaureat\/","url":"https:\/\/lasentinelle.dz\/index.php\/2026\/07\/22\/le-president-de-la-republique-preside-la-ceremonie-de-distinction-des-laureats-du-bem-et-du-baccalaureat\/","name":"Le pr\u00e9sident de la R\u00e9publique pr\u00e9side la c\u00e9r\u00e9monie de distinction des laur\u00e9ats du BEM et du Baccalaur\u00e9at - La Sentinelle","isPartOf":{"@id":"https:\/\/lasentinelle.dz\/#website"},"primaryImageOfPage":{"@id":"https:\/\/lasentinelle.dz\/index.php\/2026\/07\/22\/le-president-de-la-republique-preside-la-ceremonie-de-distinction-des-laureats-du-bem-et-du-baccalaureat\/#primaryimage"},"image":{"@id":"https:\/\/lasentinelle.dz\/index.php\/2026\/07\/22\/le-president-de-la-republique-preside-la-ceremonie-de-distinction-des-laureats-du-bem-et-du-baccalaureat\/#primaryimage"},"thumbnailUrl":"https:\/\/lasentinelle.dz\/wp-content\/uploads\/2026\/07\/tebboune-bacheliers.jpeg","datePublished":"2026-07-22T20:14:15+00:00","breadcrumb":{"@id":"https:\/\/lasentinelle.dz\/index.php\/2026\/07\/22\/le-president-de-la-republique-preside-la-ceremonie-de-distinction-des-laureats-du-bem-et-du-baccalaureat\/#breadcrumb"},"inLanguage":"fr-FR","potentialAction":[{"@type":"ReadAction","target":["https:\/\/lasentinelle.dz\/index.php\/2026\/07\/22\/le-president-de-la-republique-preside-la-ceremonie-de-distinction-des-laureats-du-bem-et-du-baccalaureat\/"]}]},{"@type":"ImageObject","inLanguage":"fr-FR","@id":"https:\/\/lasentinelle.dz\/index.php\/2026\/07\/22\/le-president-de-la-republique-preside-la-ceremonie-de-distinction-des-laureats-du-bem-et-du-baccalaureat\/#primaryimage","url":"https:\/\/lasentinelle.dz\/wp-content\/uploads\/2026\/07\/tebboune-bacheliers.jpeg","contentUrl":"https:\/\/lasentinelle.dz\/wp-content\/uploads\/2026\/07\/tebboune-bacheliers.jpeg","width":1280,"height":814},{"@type":"BreadcrumbList","@id":"https:\/\/lasentinelle.dz\/index.php\/2026\/07\/22\/le-president-de-la-republique-preside-la-ceremonie-de-distinction-des-laureats-du-bem-et-du-baccalaureat\/#breadcrumb","itemListElement":[{"@type":"ListItem","position":1,"name":"Accueil","item":"https:\/\/lasentinelle.dz\/"},{"@type":"ListItem","position":2,"name":"Le pr\u00e9sident de la R\u00e9publique pr\u00e9side la c\u00e9r\u00e9monie de distinction des laur\u00e9ats du BEM et du Baccalaur\u00e9at"}]},{"@type":"WebSite","@id":"https:\/\/lasentinelle.dz\/#website","url":"https:\/\/lasentinelle.dz\/","name":"La Sentinelle","description":"Quotidien national d&#039;information","publisher":{"@id":"https:\/\/lasentinelle.dz\/#organization"},"potentialAction":[{"@type":"SearchAction","target":{"@type":"EntryPoint","urlTemplate":"https:\/\/lasentinelle.dz\/?s={search_term_string}"},"query-input":{"@type":"PropertyValueSpecification","valueRequired":true,"valueName":"search_term_string"}}],"inLanguage":"fr-FR"},{"@type":"Organization","@id":"https:\/\/lasentinelle.dz\/#organization","name":"Quotidien La Sentinelle","url":"https:\/\/lasentinelle.dz\/","logo":{"@type":"ImageObject","inLanguage":"fr-FR","@id":"https:\/\/lasentinelle.dz\/#\/schema\/logo\/image\/","url":"https:\/\/lasentinelle.dz\/wp-content\/uploads\/2021\/09\/logo-sentinelleSLOGAN-1.png","contentUrl":"https:\/\/lasentinelle.dz\/wp-content\/uploads\/2021\/09\/logo-sentinelleSLOGAN-1.png","width":615,"height":142,"caption":"Quotidien La Sentinelle"},"image":{"@id":"https:\/\/lasentinelle.dz\/#\/schema\/logo\/image\/"},"sameAs":["https:\/\/www.facebook.com\/La-Sentinelle-104059864394773"]},{"@type":"Person","@id":"https:\/\/lasentinelle.dz\/#\/schema\/person\/729ee0024f24e0b8c5ec17232f8e8b41","name":"admin","image":{"@type":"ImageObject","inLanguage":"fr-FR","@id":"https:\/\/secure.gravatar.com\/avatar\/4c81fed838786e9b53f540bf46533e750f5d292099ae3b66cfc6fb1982e29df7?s=96&d=mm&r=g","url":"https:\/\/secure.gravatar.com\/avatar\/4c81fed838786e9b53f540bf46533e750f5d292099ae3b66cfc6fb1982e29df7?s=96&d=mm&r=g","contentUrl":"https:\/\/secure.gravatar.com\/avatar\/4c81fed838786e9b53f540bf46533e750f5d292099ae3b66cfc6fb1982e29df7?s=96&d=mm&r=g","caption":"admin"},"description":"admin","url":"https:\/\/lasentinelle.dz\/author\/admin\/"}]}},"_links":{"self":[{"href":"https:\/\/lasentinelle.dz\/index.php\/wp-json\/wp\/v2\/posts\/92028","targetHints":{"allow":["GET"]}}],"collection":[{"href":"https:\/\/lasentinelle.dz\/index.php\/wp-json\/wp\/v2\/posts"}],"about":[{"href":"https:\/\/lasentinelle.dz\/index.php\/wp-json\/wp\/v2\/types\/post"}],"author":[{"embeddable":true,"href":"https:\/\/lasentinelle.dz\/index.php\/wp-json\/wp\/v2\/users\/6"}],"replies":[{"embeddable":true,"href":"https:\/\/lasentinelle.dz\/index.php\/wp-json\/wp\/v2\/comments?post=92028"}],"version-history":[{"count":1,"href":"https:\/\/lasentinelle.dz\/index.php\/wp-json\/wp\/v2\/posts\/92028\/revisions"}],"predecessor-version":[{"id":92030,"href":"https:\/\/lasentinelle.dz\/index.php\/wp-json\/wp\/v2\/posts\/92028\/revisions\/92030"}],"wp:featuredmedia":[{"embeddable":true,"href":"https:\/\/lasentinelle.dz\/index.php\/wp-json\/wp\/v2\/media\/92029"}],"wp:attachment":[{"href":"https:\/\/lasentinelle.dz\/index.php\/wp-json\/wp\/v2\/media?parent=92028"}],"wp:term":[{"taxonomy":"category","embeddable":true,"href":"https:\/\/lasentinelle.dz\/index.php\/wp-json\/wp\/v2\/categories?post=92028"},{"taxonomy":"post_tag","embeddable":true,"href":"https:\/\/lasentinelle.dz\/index.php\/wp-json\/wp\/v2\/tags?post=92028"}],"curies":[{"name":"wp","href":"https:\/\/api.w.org\/{rel}","templated":true}]}}