{"id":9218,"date":"2021-09-27T00:01:00","date_gmt":"2021-09-26T23:01:00","guid":{"rendered":"https:\/\/lasentinelle.dz\/?p=9218"},"modified":"2021-09-26T18:37:26","modified_gmt":"2021-09-26T17:37:26","slug":"developpement-local-lever-les-obstacles-a-linvestissements","status":"publish","type":"post","link":"https:\/\/lasentinelle.dz\/index.php\/2021\/09\/27\/developpement-local-lever-les-obstacles-a-linvestissements\/","title":{"rendered":"D\u00e9veloppement local : Lever les obstacles \u00e0 l\u2019investissement"},"content":{"rendered":"\n<p>La rencontre Gouvernement-walis a \u00e9t\u00e9 marqu\u00e9e par de nombreux ateliers manag\u00e9s par des experts aux comp\u00e9tences av\u00e9r\u00e9es qui pourraient, une fois exploit\u00e9es, b\u00e9n\u00e9ficier aux prochains responsables \u00e0 la t\u00eate des collectivit\u00e9s locales. Cinq&nbsp; ateliers qui ont abord\u00e9 de nombreuses probl\u00e9matiques allant de l\u2019\u00e9valuation de la gestion pass\u00e9e aux recommandations ont connu ne forte participation sous des th\u00e8mes tels que \u00ab\u00a0l&rsquo;\u00e9valuation de l&rsquo;\u00e9tat d&rsquo;application des instructions donn\u00e9es par le pr\u00e9sident de la R\u00e9publique&nbsp; durant les pr\u00e9c\u00e9dentes rencontres\u00a0\u00bb, \u00ab\u00a0l&rsquo;examen des voies et moyens de relancer une nouvelle dynamique dans le processus du d\u00e9veloppement local notamment les axes li\u00e9s \u00e0 l&rsquo;adaptation des programmes du d\u00e9veloppement local et ceux du d\u00e9veloppement r\u00e9gional \u00e9quilibr\u00e9\u00a0\u00bb et \u00ab\u00a0les modalit\u00e9s et outils de relance de l&rsquo;investissement et de gestion des crises au niveau local\u00a0\u00bb ainsi que \u00ab\u00a0la r\u00e9formes des m\u00e9thodes de gestion des services publics\u00a0\u00bb.<\/p>\n\n\n\n<p>Ainsi, les obstacles qui se dressent devant les projets d&rsquo;investissement et de d\u00e9veloppement, en retard ou \u00e0 l&rsquo;arr\u00eat ont \u00e9t\u00e9 pass\u00e9s au crible hier par&nbsp; les experts pr\u00e9sents \u00e0 l&rsquo;atelier organis\u00e9 sous le th\u00e8me \u00ab\u00a0Les voies et moyens pour la redynamisation de l\u2019investissement, la cr\u00e9ation de richesse et des emplois durables\u00a0\u00bb. Des experts qui ont point\u00e9 du doigt, l&rsquo;absence d&rsquo;une approche claire sur le profil de l&rsquo;investisseur efficace\u00a0\u00bb.<\/p>\n\n\n\n<p>Ce dysfonctionnement a favoris\u00e9 l&rsquo;acc\u00e8s de personnes non s\u00e9rieuses \u00e0 l&rsquo;investissement et ouvert la voie \u00e0 des d\u00e9passements commis par des investisseurs effectifs, \u00e0 l&rsquo;instar du changement d&rsquo;activit\u00e9 sans autorisation ou encore le non respect des permis de construire, s\u2019accordaient les participants qui ont \u00e9galement soulev\u00e9 le ph\u00e9nom\u00e8ne de la bureaucratie administrative tout en expliquant que l\u2019atermoiement dans la r\u00e9alisation des contrats de concession marqu\u00e9 par le chevauchement des pr\u00e9rogatives entre les domaines de l&rsquo;Etat, le cadastre ainsi que la&nbsp; lenteur des proc\u00e9dures judiciaires au niveau des tribunaux administratifs.<\/p>\n\n\n\n<p>Aussi, pour pouvoir d\u00e9passer ces entraves, les participants qui ont plaid\u00e9 pour la r\u00e9forme de certains m\u00e9canismes r\u00e9gissant les d\u00e9cisions dans le domaine \u00e9conomique et financier, ont pr\u00e9conis\u00e9 le r\u00e8glement des dossiers en suspens relatifs aux projets r\u00e9alis\u00e9s ou en cours de r\u00e9alisation, \u00e0 travers la publication d&rsquo;une instruction interminist\u00e9rielle sur le r\u00e8glement des fonciers outre la publication d&rsquo;une instruction qui permet aux walis de trancher les dossiers dans le cadre de commissions compos\u00e9es des directions concern\u00e9es par le dossier d&rsquo;investissement.D\u2019autres recommandations ont par ailleurs sanctionn\u00e9 d\u2019autres ateliers organis\u00e9s hier dimanche et samedi.&nbsp; L\u2019\u00a0\u00bbAdaptation des programmes de d\u00e9veloppement local : vers une d\u00e9marche plus innovante et participative\u00a0\u00bb est un atelier qui a \u00e9t\u00e9 sanctionn\u00e9 par&nbsp; des recommandations telles que la proposition d\u2019une r\u00e9flexion pour une nouvelle approche en mati\u00e8re de d\u00e9veloppement local devant ouvrir des perspectives pour la mise en place d\u2019un nouveau cadre de conception et d\u2019\u00e9valuation des programmes locaux de d\u00e9veloppement. Mettre les moyens en vue de valoriser les ressources humaines, naturelles et patrimoniales locales, de soutenir les activit\u00e9s \u00e9conomiques productives, d\u2019att\u00e9nuer les \u00e9carts de d\u00e9veloppement entre les wilayas et entre les collectivit\u00e9s et localit\u00e9s au sein du m\u00eame territoire a \u00e9galement \u00e9t\u00e9 l\u2019une des propositions des participants qui ont pr\u00e9conis\u00e9 de consolider l\u2019approche participative locale et renforcer l\u2019\u00e9coute sociale, afin d\u2019impliquer le citoyen dans la d\u00e9termination des besoins et sa participation \u00e0 la r\u00e9ussite des actions \u00e0 mener dans le cadre des cellules de proximit\u00e9 et d\u2019animation rurale.<\/p>\n\n\n\n<p>Akli Amor<\/p>\n","protected":false},"excerpt":{"rendered":"<p>La rencontre Gouvernement-walis a \u00e9t\u00e9 marqu\u00e9e par de nombreux ateliers manag\u00e9s par des experts aux comp\u00e9tences av\u00e9r\u00e9es qui pourraient, une<\/p>\n","protected":false},"author":3,"featured_media":9222,"comment_status":"open","ping_status":"closed","sticky":false,"template":"","format":"standard","meta":{"colormag_page_container_layout":"default_layout","colormag_page_sidebar_layout":"default_layout","om_disable_all_campaigns":false,"_monsterinsights_skip_tracking":false,"_monsterinsights_sitenote_active":false,"_monsterinsights_sitenote_note":"","_monsterinsights_sitenote_category":0,"footnotes":"","_wpscppro_dont_share_socialmedia":false,"_wpscppro_custom_social_share_image":0,"_facebook_share_type":"","_twitter_share_type":"","_linkedin_share_type":"","_pinterest_share_type":"","_linkedin_share_type_page":"","_instagram_share_type":"","_medium_share_type":"","_threads_share_type":"","_google_business_share_type":"","_selected_social_profile":[],"_wpsp_enable_custom_social_template":false,"_wpsp_social_scheduling":{"enabled":false,"datetime":null,"platforms":[],"status":"template_only","dateOption":"today","timeOption":"now","customDays":"","customHours":"","customDate":"","customTime":"","schedulingType":"absolute"},"_wpsp_active_default_template":true},"categories":[27],"tags":[],"class_list":["post-9218","post","type-post","status-publish","format-standard","has-post-thumbnail","hentry","category-actualite"],"aioseo_notices":[],"yoast_head":"<!-- This site is optimized with the Yoast SEO plugin v27.5 - https:\/\/yoast.com\/product\/yoast-seo-wordpress\/ -->\n<title>D\u00e9veloppement local : Lever les obstacles \u00e0 l\u2019investissement - La Sentinelle<\/title>\n<meta name=\"robots\" content=\"index, follow, max-snippet:-1, max-image-preview:large, max-video-preview:-1\" \/>\n<link rel=\"canonical\" href=\"https:\/\/lasentinelle.dz\/index.php\/2021\/09\/27\/developpement-local-lever-les-obstacles-a-linvestissements\/\" \/>\n<meta property=\"og:locale\" content=\"fr_FR\" \/>\n<meta property=\"og:type\" content=\"article\" \/>\n<meta property=\"og:title\" content=\"D\u00e9veloppement local : Lever les obstacles \u00e0 l\u2019investissement - La Sentinelle\" \/>\n<meta property=\"og:description\" content=\"La rencontre Gouvernement-walis a \u00e9t\u00e9 marqu\u00e9e par de nombreux ateliers manag\u00e9s par des experts aux comp\u00e9tences av\u00e9r\u00e9es qui pourraient, une\" \/>\n<meta property=\"og:url\" content=\"https:\/\/lasentinelle.dz\/index.php\/2021\/09\/27\/developpement-local-lever-les-obstacles-a-linvestissements\/\" \/>\n<meta property=\"og:site_name\" content=\"La Sentinelle\" \/>\n<meta property=\"article:publisher\" content=\"https:\/\/www.facebook.com\/La-Sentinelle-104059864394773\" \/>\n<meta property=\"article:published_time\" content=\"2021-09-26T23:01:00+00:00\" \/>\n<meta property=\"og:image\" content=\"https:\/\/lasentinelle.dz\/wp-content\/uploads\/2021\/09\/image_2021-09-26_174348.png\" \/>\n\t<meta property=\"og:image:width\" content=\"580\" \/>\n\t<meta property=\"og:image:height\" content=\"350\" \/>\n\t<meta property=\"og:image:type\" content=\"image\/png\" \/>\n<meta name=\"author\" content=\"La Sentinelle\" \/>\n<meta name=\"twitter:card\" content=\"summary_large_image\" \/>\n<meta name=\"twitter:label1\" content=\"\u00c9crit par\" \/>\n\t<meta name=\"twitter:data1\" content=\"La Sentinelle\" \/>\n\t<meta name=\"twitter:label2\" content=\"Dur\u00e9e de lecture estim\u00e9e\" \/>\n\t<meta name=\"twitter:data2\" content=\"3 minutes\" \/>\n<script type=\"application\/ld+json\" class=\"yoast-schema-graph\">{\"@context\":\"https:\\\/\\\/schema.org\",\"@graph\":[{\"@type\":\"Article\",\"@id\":\"https:\\\/\\\/lasentinelle.dz\\\/index.php\\\/2021\\\/09\\\/27\\\/developpement-local-lever-les-obstacles-a-linvestissements\\\/#article\",\"isPartOf\":{\"@id\":\"https:\\\/\\\/lasentinelle.dz\\\/index.php\\\/2021\\\/09\\\/27\\\/developpement-local-lever-les-obstacles-a-linvestissements\\\/\"},\"author\":{\"name\":\"La Sentinelle\",\"@id\":\"https:\\\/\\\/lasentinelle.dz\\\/#\\\/schema\\\/person\\\/d865044e22e70a75174ce8bcad3acfb3\"},\"headline\":\"D\u00e9veloppement local : Lever les obstacles \u00e0 l\u2019investissement\",\"datePublished\":\"2021-09-26T23:01:00+00:00\",\"mainEntityOfPage\":{\"@id\":\"https:\\\/\\\/lasentinelle.dz\\\/index.php\\\/2021\\\/09\\\/27\\\/developpement-local-lever-les-obstacles-a-linvestissements\\\/\"},\"wordCount\":647,\"commentCount\":0,\"publisher\":{\"@id\":\"https:\\\/\\\/lasentinelle.dz\\\/#organization\"},\"image\":{\"@id\":\"https:\\\/\\\/lasentinelle.dz\\\/index.php\\\/2021\\\/09\\\/27\\\/developpement-local-lever-les-obstacles-a-linvestissements\\\/#primaryimage\"},\"thumbnailUrl\":\"https:\\\/\\\/lasentinelle.dz\\\/wp-content\\\/uploads\\\/2021\\\/09\\\/image_2021-09-26_174348.png\",\"articleSection\":[\"Actualit\u00e9\"],\"inLanguage\":\"fr-FR\",\"potentialAction\":[{\"@type\":\"CommentAction\",\"name\":\"Comment\",\"target\":[\"https:\\\/\\\/lasentinelle.dz\\\/index.php\\\/2021\\\/09\\\/27\\\/developpement-local-lever-les-obstacles-a-linvestissements\\\/#respond\"]}]},{\"@type\":\"WebPage\",\"@id\":\"https:\\\/\\\/lasentinelle.dz\\\/index.php\\\/2021\\\/09\\\/27\\\/developpement-local-lever-les-obstacles-a-linvestissements\\\/\",\"url\":\"https:\\\/\\\/lasentinelle.dz\\\/index.php\\\/2021\\\/09\\\/27\\\/developpement-local-lever-les-obstacles-a-linvestissements\\\/\",\"name\":\"D\u00e9veloppement local : Lever les obstacles \u00e0 l\u2019investissement - La Sentinelle\",\"isPartOf\":{\"@id\":\"https:\\\/\\\/lasentinelle.dz\\\/#website\"},\"primaryImageOfPage\":{\"@id\":\"https:\\\/\\\/lasentinelle.dz\\\/index.php\\\/2021\\\/09\\\/27\\\/developpement-local-lever-les-obstacles-a-linvestissements\\\/#primaryimage\"},\"image\":{\"@id\":\"https:\\\/\\\/lasentinelle.dz\\\/index.php\\\/2021\\\/09\\\/27\\\/developpement-local-lever-les-obstacles-a-linvestissements\\\/#primaryimage\"},\"thumbnailUrl\":\"https:\\\/\\\/lasentinelle.dz\\\/wp-content\\\/uploads\\\/2021\\\/09\\\/image_2021-09-26_174348.png\",\"datePublished\":\"2021-09-26T23:01:00+00:00\",\"breadcrumb\":{\"@id\":\"https:\\\/\\\/lasentinelle.dz\\\/index.php\\\/2021\\\/09\\\/27\\\/developpement-local-lever-les-obstacles-a-linvestissements\\\/#breadcrumb\"},\"inLanguage\":\"fr-FR\",\"potentialAction\":[{\"@type\":\"ReadAction\",\"target\":[\"https:\\\/\\\/lasentinelle.dz\\\/index.php\\\/2021\\\/09\\\/27\\\/developpement-local-lever-les-obstacles-a-linvestissements\\\/\"]}]},{\"@type\":\"ImageObject\",\"inLanguage\":\"fr-FR\",\"@id\":\"https:\\\/\\\/lasentinelle.dz\\\/index.php\\\/2021\\\/09\\\/27\\\/developpement-local-lever-les-obstacles-a-linvestissements\\\/#primaryimage\",\"url\":\"https:\\\/\\\/lasentinelle.dz\\\/wp-content\\\/uploads\\\/2021\\\/09\\\/image_2021-09-26_174348.png\",\"contentUrl\":\"https:\\\/\\\/lasentinelle.dz\\\/wp-content\\\/uploads\\\/2021\\\/09\\\/image_2021-09-26_174348.png\",\"width\":580,\"height\":350},{\"@type\":\"BreadcrumbList\",\"@id\":\"https:\\\/\\\/lasentinelle.dz\\\/index.php\\\/2021\\\/09\\\/27\\\/developpement-local-lever-les-obstacles-a-linvestissements\\\/#breadcrumb\",\"itemListElement\":[{\"@type\":\"ListItem\",\"position\":1,\"name\":\"Accueil\",\"item\":\"https:\\\/\\\/lasentinelle.dz\\\/\"},{\"@type\":\"ListItem\",\"position\":2,\"name\":\"D\u00e9veloppement local : Lever les obstacles \u00e0 l\u2019investissement\"}]},{\"@type\":\"WebSite\",\"@id\":\"https:\\\/\\\/lasentinelle.dz\\\/#website\",\"url\":\"https:\\\/\\\/lasentinelle.dz\\\/\",\"name\":\"La Sentinelle\",\"description\":\"Quotidien national d&#039;information\",\"publisher\":{\"@id\":\"https:\\\/\\\/lasentinelle.dz\\\/#organization\"},\"potentialAction\":[{\"@type\":\"SearchAction\",\"target\":{\"@type\":\"EntryPoint\",\"urlTemplate\":\"https:\\\/\\\/lasentinelle.dz\\\/?s={search_term_string}\"},\"query-input\":{\"@type\":\"PropertyValueSpecification\",\"valueRequired\":true,\"valueName\":\"search_term_string\"}}],\"inLanguage\":\"fr-FR\"},{\"@type\":\"Organization\",\"@id\":\"https:\\\/\\\/lasentinelle.dz\\\/#organization\",\"name\":\"Quotidien La Sentinelle\",\"url\":\"https:\\\/\\\/lasentinelle.dz\\\/\",\"logo\":{\"@type\":\"ImageObject\",\"inLanguage\":\"fr-FR\",\"@id\":\"https:\\\/\\\/lasentinelle.dz\\\/#\\\/schema\\\/logo\\\/image\\\/\",\"url\":\"https:\\\/\\\/lasentinelle.dz\\\/wp-content\\\/uploads\\\/2021\\\/09\\\/logo-sentinelleSLOGAN-1.png\",\"contentUrl\":\"https:\\\/\\\/lasentinelle.dz\\\/wp-content\\\/uploads\\\/2021\\\/09\\\/logo-sentinelleSLOGAN-1.png\",\"width\":615,\"height\":142,\"caption\":\"Quotidien La Sentinelle\"},\"image\":{\"@id\":\"https:\\\/\\\/lasentinelle.dz\\\/#\\\/schema\\\/logo\\\/image\\\/\"},\"sameAs\":[\"https:\\\/\\\/www.facebook.com\\\/La-Sentinelle-104059864394773\"]},{\"@type\":\"Person\",\"@id\":\"https:\\\/\\\/lasentinelle.dz\\\/#\\\/schema\\\/person\\\/d865044e22e70a75174ce8bcad3acfb3\",\"name\":\"La Sentinelle\",\"image\":{\"@type\":\"ImageObject\",\"inLanguage\":\"fr-FR\",\"@id\":\"https:\\\/\\\/secure.gravatar.com\\\/avatar\\\/57de8e5d4b15d43fb361a71fbb36338450fe67865b528a43dd10ef7c51a20392?s=96&d=mm&r=g\",\"url\":\"https:\\\/\\\/secure.gravatar.com\\\/avatar\\\/57de8e5d4b15d43fb361a71fbb36338450fe67865b528a43dd10ef7c51a20392?s=96&d=mm&r=g\",\"contentUrl\":\"https:\\\/\\\/secure.gravatar.com\\\/avatar\\\/57de8e5d4b15d43fb361a71fbb36338450fe67865b528a43dd10ef7c51a20392?s=96&d=mm&r=g\",\"caption\":\"La Sentinelle\"},\"sameAs\":[\"http:\\\/\\\/www.lasentinelle.dz\"],\"url\":\"https:\\\/\\\/lasentinelle.dz\\\/author\\\/redaction\\\/\"}]}<\/script>\n<!-- \/ Yoast SEO plugin. -->","yoast_head_json":{"title":"D\u00e9veloppement local : Lever les obstacles \u00e0 l\u2019investissement - La Sentinelle","robots":{"index":"index","follow":"follow","max-snippet":"max-snippet:-1","max-image-preview":"max-image-preview:large","max-video-preview":"max-video-preview:-1"},"canonical":"https:\/\/lasentinelle.dz\/index.php\/2021\/09\/27\/developpement-local-lever-les-obstacles-a-linvestissements\/","og_locale":"fr_FR","og_type":"article","og_title":"D\u00e9veloppement local : Lever les obstacles \u00e0 l\u2019investissement - La Sentinelle","og_description":"La rencontre Gouvernement-walis a \u00e9t\u00e9 marqu\u00e9e par de nombreux ateliers manag\u00e9s par des experts aux comp\u00e9tences av\u00e9r\u00e9es qui pourraient, une","og_url":"https:\/\/lasentinelle.dz\/index.php\/2021\/09\/27\/developpement-local-lever-les-obstacles-a-linvestissements\/","og_site_name":"La Sentinelle","article_publisher":"https:\/\/www.facebook.com\/La-Sentinelle-104059864394773","article_published_time":"2021-09-26T23:01:00+00:00","og_image":[{"width":580,"height":350,"url":"https:\/\/lasentinelle.dz\/wp-content\/uploads\/2021\/09\/image_2021-09-26_174348.png","type":"image\/png"}],"author":"La Sentinelle","twitter_card":"summary_large_image","twitter_misc":{"\u00c9crit par":"La Sentinelle","Dur\u00e9e de lecture estim\u00e9e":"3 minutes"},"schema":{"@context":"https:\/\/schema.org","@graph":[{"@type":"Article","@id":"https:\/\/lasentinelle.dz\/index.php\/2021\/09\/27\/developpement-local-lever-les-obstacles-a-linvestissements\/#article","isPartOf":{"@id":"https:\/\/lasentinelle.dz\/index.php\/2021\/09\/27\/developpement-local-lever-les-obstacles-a-linvestissements\/"},"author":{"name":"La Sentinelle","@id":"https:\/\/lasentinelle.dz\/#\/schema\/person\/d865044e22e70a75174ce8bcad3acfb3"},"headline":"D\u00e9veloppement local : Lever les obstacles \u00e0 l\u2019investissement","datePublished":"2021-09-26T23:01:00+00:00","mainEntityOfPage":{"@id":"https:\/\/lasentinelle.dz\/index.php\/2021\/09\/27\/developpement-local-lever-les-obstacles-a-linvestissements\/"},"wordCount":647,"commentCount":0,"publisher":{"@id":"https:\/\/lasentinelle.dz\/#organization"},"image":{"@id":"https:\/\/lasentinelle.dz\/index.php\/2021\/09\/27\/developpement-local-lever-les-obstacles-a-linvestissements\/#primaryimage"},"thumbnailUrl":"https:\/\/lasentinelle.dz\/wp-content\/uploads\/2021\/09\/image_2021-09-26_174348.png","articleSection":["Actualit\u00e9"],"inLanguage":"fr-FR","potentialAction":[{"@type":"CommentAction","name":"Comment","target":["https:\/\/lasentinelle.dz\/index.php\/2021\/09\/27\/developpement-local-lever-les-obstacles-a-linvestissements\/#respond"]}]},{"@type":"WebPage","@id":"https:\/\/lasentinelle.dz\/index.php\/2021\/09\/27\/developpement-local-lever-les-obstacles-a-linvestissements\/","url":"https:\/\/lasentinelle.dz\/index.php\/2021\/09\/27\/developpement-local-lever-les-obstacles-a-linvestissements\/","name":"D\u00e9veloppement local : Lever les obstacles \u00e0 l\u2019investissement - La Sentinelle","isPartOf":{"@id":"https:\/\/lasentinelle.dz\/#website"},"primaryImageOfPage":{"@id":"https:\/\/lasentinelle.dz\/index.php\/2021\/09\/27\/developpement-local-lever-les-obstacles-a-linvestissements\/#primaryimage"},"image":{"@id":"https:\/\/lasentinelle.dz\/index.php\/2021\/09\/27\/developpement-local-lever-les-obstacles-a-linvestissements\/#primaryimage"},"thumbnailUrl":"https:\/\/lasentinelle.dz\/wp-content\/uploads\/2021\/09\/image_2021-09-26_174348.png","datePublished":"2021-09-26T23:01:00+00:00","breadcrumb":{"@id":"https:\/\/lasentinelle.dz\/index.php\/2021\/09\/27\/developpement-local-lever-les-obstacles-a-linvestissements\/#breadcrumb"},"inLanguage":"fr-FR","potentialAction":[{"@type":"ReadAction","target":["https:\/\/lasentinelle.dz\/index.php\/2021\/09\/27\/developpement-local-lever-les-obstacles-a-linvestissements\/"]}]},{"@type":"ImageObject","inLanguage":"fr-FR","@id":"https:\/\/lasentinelle.dz\/index.php\/2021\/09\/27\/developpement-local-lever-les-obstacles-a-linvestissements\/#primaryimage","url":"https:\/\/lasentinelle.dz\/wp-content\/uploads\/2021\/09\/image_2021-09-26_174348.png","contentUrl":"https:\/\/lasentinelle.dz\/wp-content\/uploads\/2021\/09\/image_2021-09-26_174348.png","width":580,"height":350},{"@type":"BreadcrumbList","@id":"https:\/\/lasentinelle.dz\/index.php\/2021\/09\/27\/developpement-local-lever-les-obstacles-a-linvestissements\/#breadcrumb","itemListElement":[{"@type":"ListItem","position":1,"name":"Accueil","item":"https:\/\/lasentinelle.dz\/"},{"@type":"ListItem","position":2,"name":"D\u00e9veloppement local : Lever les obstacles \u00e0 l\u2019investissement"}]},{"@type":"WebSite","@id":"https:\/\/lasentinelle.dz\/#website","url":"https:\/\/lasentinelle.dz\/","name":"La Sentinelle","description":"Quotidien national d&#039;information","publisher":{"@id":"https:\/\/lasentinelle.dz\/#organization"},"potentialAction":[{"@type":"SearchAction","target":{"@type":"EntryPoint","urlTemplate":"https:\/\/lasentinelle.dz\/?s={search_term_string}"},"query-input":{"@type":"PropertyValueSpecification","valueRequired":true,"valueName":"search_term_string"}}],"inLanguage":"fr-FR"},{"@type":"Organization","@id":"https:\/\/lasentinelle.dz\/#organization","name":"Quotidien La Sentinelle","url":"https:\/\/lasentinelle.dz\/","logo":{"@type":"ImageObject","inLanguage":"fr-FR","@id":"https:\/\/lasentinelle.dz\/#\/schema\/logo\/image\/","url":"https:\/\/lasentinelle.dz\/wp-content\/uploads\/2021\/09\/logo-sentinelleSLOGAN-1.png","contentUrl":"https:\/\/lasentinelle.dz\/wp-content\/uploads\/2021\/09\/logo-sentinelleSLOGAN-1.png","width":615,"height":142,"caption":"Quotidien La Sentinelle"},"image":{"@id":"https:\/\/lasentinelle.dz\/#\/schema\/logo\/image\/"},"sameAs":["https:\/\/www.facebook.com\/La-Sentinelle-104059864394773"]},{"@type":"Person","@id":"https:\/\/lasentinelle.dz\/#\/schema\/person\/d865044e22e70a75174ce8bcad3acfb3","name":"La Sentinelle","image":{"@type":"ImageObject","inLanguage":"fr-FR","@id":"https:\/\/secure.gravatar.com\/avatar\/57de8e5d4b15d43fb361a71fbb36338450fe67865b528a43dd10ef7c51a20392?s=96&d=mm&r=g","url":"https:\/\/secure.gravatar.com\/avatar\/57de8e5d4b15d43fb361a71fbb36338450fe67865b528a43dd10ef7c51a20392?s=96&d=mm&r=g","contentUrl":"https:\/\/secure.gravatar.com\/avatar\/57de8e5d4b15d43fb361a71fbb36338450fe67865b528a43dd10ef7c51a20392?s=96&d=mm&r=g","caption":"La Sentinelle"},"sameAs":["http:\/\/www.lasentinelle.dz"],"url":"https:\/\/lasentinelle.dz\/author\/redaction\/"}]}},"_links":{"self":[{"href":"https:\/\/lasentinelle.dz\/index.php\/wp-json\/wp\/v2\/posts\/9218","targetHints":{"allow":["GET"]}}],"collection":[{"href":"https:\/\/lasentinelle.dz\/index.php\/wp-json\/wp\/v2\/posts"}],"about":[{"href":"https:\/\/lasentinelle.dz\/index.php\/wp-json\/wp\/v2\/types\/post"}],"author":[{"embeddable":true,"href":"https:\/\/lasentinelle.dz\/index.php\/wp-json\/wp\/v2\/users\/3"}],"replies":[{"embeddable":true,"href":"https:\/\/lasentinelle.dz\/index.php\/wp-json\/wp\/v2\/comments?post=9218"}],"version-history":[{"count":2,"href":"https:\/\/lasentinelle.dz\/index.php\/wp-json\/wp\/v2\/posts\/9218\/revisions"}],"predecessor-version":[{"id":9241,"href":"https:\/\/lasentinelle.dz\/index.php\/wp-json\/wp\/v2\/posts\/9218\/revisions\/9241"}],"wp:featuredmedia":[{"embeddable":true,"href":"https:\/\/lasentinelle.dz\/index.php\/wp-json\/wp\/v2\/media\/9222"}],"wp:attachment":[{"href":"https:\/\/lasentinelle.dz\/index.php\/wp-json\/wp\/v2\/media?parent=9218"}],"wp:term":[{"taxonomy":"category","embeddable":true,"href":"https:\/\/lasentinelle.dz\/index.php\/wp-json\/wp\/v2\/categories?post=9218"},{"taxonomy":"post_tag","embeddable":true,"href":"https:\/\/lasentinelle.dz\/index.php\/wp-json\/wp\/v2\/tags?post=9218"}],"curies":[{"name":"wp","href":"https:\/\/api.w.org\/{rel}","templated":true}]}}