{"id":9300,"date":"2021-09-28T00:01:00","date_gmt":"2021-09-27T23:01:00","guid":{"rendered":"https:\/\/lasentinelle.dz\/?p=9300"},"modified":"2021-09-27T16:19:03","modified_gmt":"2021-09-27T15:19:03","slug":"la-fondation-sayidet-el-ard-recompense-la-scenariste-ablabelamri","status":"publish","type":"post","link":"https:\/\/lasentinelle.dz\/index.php\/2021\/09\/28\/la-fondation-sayidet-el-ard-recompense-la-scenariste-ablabelamri\/","title":{"rendered":"La Fondation \u00ab\u00a0Sayidet El-Ard\u00a0\u00bb r\u00e9compense la sc\u00e9nariste AblaBelamri"},"content":{"rendered":"\n<p>La Fondation culturelle palestinienne \u00ab\u00a0SayidetEl-Ard\u00a0\u00bb a d\u00e9cern\u00e9 le prix de la \u00ab\u00a0cr\u00e9ativit\u00e9 artistique\u00a0\u00bb \u00e0 la sc\u00e9nariste alg\u00e9rienne AblaBelamri pour son texte th\u00e9\u00e2tral, \u00ab\u00a0El Seif El Mountadar\u00a0\u00bb qui traite de la cause palestinienne, a indiqu\u00e9 dimanche, la Fondation sur sa page Facebook.La Fondation \u00ab\u00a0SayidetEl-Ard\u00a0\u00bb, qui a pour habitude d&rsquo;honorer les plus grandes personnalit\u00e9s internationales qui soutiennent la cause palestinienne, a estim\u00e9 que le texte th\u00e9\u00e2tral \u00ab\u00a0El Seif El Mountadar\u00a0\u00bb de la sc\u00e9nariste alg\u00e9rienne AblaBelamri, une \u00e9pop\u00e9e dont la mise en sc\u00e8ne est actuellement en cours en Egypte par le r\u00e9alisateur \u00e9gyptien Mohamed Aizet, \u00ab\u00a0m\u00e9rite \u00e9loges et distinction\u00a0\u00bb.La Fondation a ajout\u00e9 que cet hommage rendu \u00e0 AblaBelamri et au metteur en sc\u00e8ne \u00e9gyptien Mohamed Aizet pour leur \u0153uvre th\u00e9\u00e2trale \u00ab\u00a0El Seif El Mountadar\u00a0\u00bb qui traite de la cause palestinienne et relate l&rsquo;histoire de l&rsquo;occupation isra\u00e9lienne, ses agressions contre les terres arabes, la position de certains dirigeants arabes, la guerre d&rsquo;octobre 1973 et les crimes contre l&rsquo;humanit\u00e9 commis \u00e0 l\u2019encontre des Palestiniens et la lib\u00e9ration de la mosqu\u00e9e El-Aqsa \u00e0 l&rsquo;\u00e9poque de Salaheddine El Ayoubi.La Fondation palestinienne \u00ab\u00a0Sayidet El Ard\u00a0\u00bb avait \u00e9galement d\u00e9cern\u00e9 le prix de la personnalit\u00e9 politique de l\u2019ann\u00e9e 2020 au pr\u00e9sident de la R\u00e9publique, Abdelmadjid Tebboune, pour son grand soutien aux droits du peuple palestinien.Un olivier avait \u00e9t\u00e9 plant\u00e9 \u00e0 cet effet au nom du chef de l\u2019Etat sur le plus haut mont de la ville sainte d\u2019El Qods, en hommage \u00e0 ses positions fermes et en tant que personnalit\u00e9 internationale qui a gagn\u00e9 le respect du peuple palestinien et des peuples qui rejettent la normalisation avec l&rsquo;entit\u00e9 sioniste.<\/p>\n\n\n\n<p>L&rsquo;\u0153uvre th\u00e9\u00e2trale pour laquelle la brillante sc\u00e9nariste alg\u00e9rienne AblaBelamri a \u00e9t\u00e9 honor\u00e9e est mise en sc\u00e8ne en Egypte sous la forme d&rsquo;une \u00e9pop\u00e9e qui relate, pendant plus d&rsquo;une heure, le conflit arabo-sioniste avec la participation de nombreux artistes \u00e9gyptiens comme IssamHaikel, Mohamed Farouk, Faten Abdallah et IssamKarika.La sc\u00e9nariste AblaBelamri a d\u00e9j\u00e0 acc\u00e9d\u00e9 au cin\u00e9ma \u00e9gyptien et syrien \u00e0 travers le film \u00e9gyptien \u00ab\u00a0SarkhateOunta\u00a0\u00bb, le film syrien \u00ab\u00a0AkhyaOumi\u00a0\u00bb et \u00e9galement le monde du cin\u00e9ma alg\u00e9rien avec sa production d&rsquo;un film r\u00e9volutionnaire-social qui sera projet\u00e9 \u00ab\u00a0bient\u00f4t\u00a0\u00bb, intitul\u00e9 \u00ab\u00a0Lahbal.<\/p>\n","protected":false},"excerpt":{"rendered":"<p>La Fondation culturelle palestinienne \u00ab\u00a0SayidetEl-Ard\u00a0\u00bb a d\u00e9cern\u00e9 le prix de la \u00ab\u00a0cr\u00e9ativit\u00e9 artistique\u00a0\u00bb \u00e0 la sc\u00e9nariste alg\u00e9rienne AblaBelamri pour son<\/p>\n","protected":false},"author":3,"featured_media":0,"comment_status":"open","ping_status":"closed","sticky":false,"template":"","format":"standard","meta":{"colormag_page_container_layout":"default_layout","colormag_page_sidebar_layout":"default_layout","om_disable_all_campaigns":false,"_monsterinsights_skip_tracking":false,"_monsterinsights_sitenote_active":false,"_monsterinsights_sitenote_note":"","_monsterinsights_sitenote_category":0,"footnotes":"","_wpscppro_dont_share_socialmedia":false,"_wpscppro_custom_social_share_image":0,"_facebook_share_type":"","_twitter_share_type":"","_linkedin_share_type":"","_pinterest_share_type":"","_linkedin_share_type_page":"","_instagram_share_type":"","_medium_share_type":"","_threads_share_type":"","_google_business_share_type":"","_selected_social_profile":[],"_wpsp_enable_custom_social_template":false,"_wpsp_social_scheduling":{"enabled":false,"datetime":null,"platforms":[],"status":"template_only","dateOption":"today","timeOption":"now","customDays":"","customHours":"","customDate":"","customTime":"","schedulingType":"absolute"},"_wpsp_active_default_template":true},"categories":[36],"tags":[],"class_list":["post-9300","post","type-post","status-publish","format-standard","hentry","category-culture"],"aioseo_notices":[],"yoast_head":"<!-- This site is optimized with the Yoast SEO plugin v27.5 - https:\/\/yoast.com\/product\/yoast-seo-wordpress\/ -->\n<title>La Fondation &quot;Sayidet El-Ard&quot; r\u00e9compense la sc\u00e9nariste AblaBelamri - La Sentinelle<\/title>\n<meta name=\"robots\" content=\"index, follow, max-snippet:-1, max-image-preview:large, max-video-preview:-1\" \/>\n<link rel=\"canonical\" href=\"https:\/\/lasentinelle.dz\/index.php\/2021\/09\/28\/la-fondation-sayidet-el-ard-recompense-la-scenariste-ablabelamri\/\" \/>\n<meta property=\"og:locale\" content=\"fr_FR\" \/>\n<meta property=\"og:type\" content=\"article\" \/>\n<meta property=\"og:title\" content=\"La Fondation &quot;Sayidet El-Ard&quot; r\u00e9compense la sc\u00e9nariste AblaBelamri - La Sentinelle\" \/>\n<meta property=\"og:description\" content=\"La Fondation culturelle palestinienne \u00ab\u00a0SayidetEl-Ard\u00a0\u00bb a d\u00e9cern\u00e9 le prix de la \u00ab\u00a0cr\u00e9ativit\u00e9 artistique\u00a0\u00bb \u00e0 la sc\u00e9nariste alg\u00e9rienne AblaBelamri pour son\" \/>\n<meta property=\"og:url\" content=\"https:\/\/lasentinelle.dz\/index.php\/2021\/09\/28\/la-fondation-sayidet-el-ard-recompense-la-scenariste-ablabelamri\/\" \/>\n<meta property=\"og:site_name\" content=\"La Sentinelle\" \/>\n<meta property=\"article:publisher\" content=\"https:\/\/www.facebook.com\/La-Sentinelle-104059864394773\" \/>\n<meta property=\"article:published_time\" content=\"2021-09-27T23:01:00+00:00\" \/>\n<meta name=\"author\" content=\"La Sentinelle\" \/>\n<meta name=\"twitter:card\" content=\"summary_large_image\" \/>\n<meta name=\"twitter:label1\" content=\"\u00c9crit par\" \/>\n\t<meta name=\"twitter:data1\" content=\"La Sentinelle\" \/>\n\t<meta name=\"twitter:label2\" content=\"Dur\u00e9e de lecture estim\u00e9e\" \/>\n\t<meta name=\"twitter:data2\" content=\"2 minutes\" \/>\n<script type=\"application\/ld+json\" class=\"yoast-schema-graph\">{\"@context\":\"https:\\\/\\\/schema.org\",\"@graph\":[{\"@type\":\"Article\",\"@id\":\"https:\\\/\\\/lasentinelle.dz\\\/index.php\\\/2021\\\/09\\\/28\\\/la-fondation-sayidet-el-ard-recompense-la-scenariste-ablabelamri\\\/#article\",\"isPartOf\":{\"@id\":\"https:\\\/\\\/lasentinelle.dz\\\/index.php\\\/2021\\\/09\\\/28\\\/la-fondation-sayidet-el-ard-recompense-la-scenariste-ablabelamri\\\/\"},\"author\":{\"name\":\"La Sentinelle\",\"@id\":\"https:\\\/\\\/lasentinelle.dz\\\/#\\\/schema\\\/person\\\/d865044e22e70a75174ce8bcad3acfb3\"},\"headline\":\"La Fondation \u00ab\u00a0Sayidet El-Ard\u00a0\u00bb r\u00e9compense la sc\u00e9nariste AblaBelamri\",\"datePublished\":\"2021-09-27T23:01:00+00:00\",\"mainEntityOfPage\":{\"@id\":\"https:\\\/\\\/lasentinelle.dz\\\/index.php\\\/2021\\\/09\\\/28\\\/la-fondation-sayidet-el-ard-recompense-la-scenariste-ablabelamri\\\/\"},\"wordCount\":402,\"commentCount\":0,\"publisher\":{\"@id\":\"https:\\\/\\\/lasentinelle.dz\\\/#organization\"},\"articleSection\":[\"Culture\"],\"inLanguage\":\"fr-FR\",\"potentialAction\":[{\"@type\":\"CommentAction\",\"name\":\"Comment\",\"target\":[\"https:\\\/\\\/lasentinelle.dz\\\/index.php\\\/2021\\\/09\\\/28\\\/la-fondation-sayidet-el-ard-recompense-la-scenariste-ablabelamri\\\/#respond\"]}]},{\"@type\":\"WebPage\",\"@id\":\"https:\\\/\\\/lasentinelle.dz\\\/index.php\\\/2021\\\/09\\\/28\\\/la-fondation-sayidet-el-ard-recompense-la-scenariste-ablabelamri\\\/\",\"url\":\"https:\\\/\\\/lasentinelle.dz\\\/index.php\\\/2021\\\/09\\\/28\\\/la-fondation-sayidet-el-ard-recompense-la-scenariste-ablabelamri\\\/\",\"name\":\"La Fondation \\\"Sayidet El-Ard\\\" r\u00e9compense la sc\u00e9nariste AblaBelamri - La Sentinelle\",\"isPartOf\":{\"@id\":\"https:\\\/\\\/lasentinelle.dz\\\/#website\"},\"datePublished\":\"2021-09-27T23:01:00+00:00\",\"breadcrumb\":{\"@id\":\"https:\\\/\\\/lasentinelle.dz\\\/index.php\\\/2021\\\/09\\\/28\\\/la-fondation-sayidet-el-ard-recompense-la-scenariste-ablabelamri\\\/#breadcrumb\"},\"inLanguage\":\"fr-FR\",\"potentialAction\":[{\"@type\":\"ReadAction\",\"target\":[\"https:\\\/\\\/lasentinelle.dz\\\/index.php\\\/2021\\\/09\\\/28\\\/la-fondation-sayidet-el-ard-recompense-la-scenariste-ablabelamri\\\/\"]}]},{\"@type\":\"BreadcrumbList\",\"@id\":\"https:\\\/\\\/lasentinelle.dz\\\/index.php\\\/2021\\\/09\\\/28\\\/la-fondation-sayidet-el-ard-recompense-la-scenariste-ablabelamri\\\/#breadcrumb\",\"itemListElement\":[{\"@type\":\"ListItem\",\"position\":1,\"name\":\"Accueil\",\"item\":\"https:\\\/\\\/lasentinelle.dz\\\/\"},{\"@type\":\"ListItem\",\"position\":2,\"name\":\"La Fondation \u00ab\u00a0Sayidet El-Ard\u00a0\u00bb r\u00e9compense la sc\u00e9nariste AblaBelamri\"}]},{\"@type\":\"WebSite\",\"@id\":\"https:\\\/\\\/lasentinelle.dz\\\/#website\",\"url\":\"https:\\\/\\\/lasentinelle.dz\\\/\",\"name\":\"La Sentinelle\",\"description\":\"Quotidien national d&#039;information\",\"publisher\":{\"@id\":\"https:\\\/\\\/lasentinelle.dz\\\/#organization\"},\"potentialAction\":[{\"@type\":\"SearchAction\",\"target\":{\"@type\":\"EntryPoint\",\"urlTemplate\":\"https:\\\/\\\/lasentinelle.dz\\\/?s={search_term_string}\"},\"query-input\":{\"@type\":\"PropertyValueSpecification\",\"valueRequired\":true,\"valueName\":\"search_term_string\"}}],\"inLanguage\":\"fr-FR\"},{\"@type\":\"Organization\",\"@id\":\"https:\\\/\\\/lasentinelle.dz\\\/#organization\",\"name\":\"Quotidien La Sentinelle\",\"url\":\"https:\\\/\\\/lasentinelle.dz\\\/\",\"logo\":{\"@type\":\"ImageObject\",\"inLanguage\":\"fr-FR\",\"@id\":\"https:\\\/\\\/lasentinelle.dz\\\/#\\\/schema\\\/logo\\\/image\\\/\",\"url\":\"https:\\\/\\\/lasentinelle.dz\\\/wp-content\\\/uploads\\\/2021\\\/09\\\/logo-sentinelleSLOGAN-1.png\",\"contentUrl\":\"https:\\\/\\\/lasentinelle.dz\\\/wp-content\\\/uploads\\\/2021\\\/09\\\/logo-sentinelleSLOGAN-1.png\",\"width\":615,\"height\":142,\"caption\":\"Quotidien La Sentinelle\"},\"image\":{\"@id\":\"https:\\\/\\\/lasentinelle.dz\\\/#\\\/schema\\\/logo\\\/image\\\/\"},\"sameAs\":[\"https:\\\/\\\/www.facebook.com\\\/La-Sentinelle-104059864394773\"]},{\"@type\":\"Person\",\"@id\":\"https:\\\/\\\/lasentinelle.dz\\\/#\\\/schema\\\/person\\\/d865044e22e70a75174ce8bcad3acfb3\",\"name\":\"La Sentinelle\",\"image\":{\"@type\":\"ImageObject\",\"inLanguage\":\"fr-FR\",\"@id\":\"https:\\\/\\\/secure.gravatar.com\\\/avatar\\\/57de8e5d4b15d43fb361a71fbb36338450fe67865b528a43dd10ef7c51a20392?s=96&d=mm&r=g\",\"url\":\"https:\\\/\\\/secure.gravatar.com\\\/avatar\\\/57de8e5d4b15d43fb361a71fbb36338450fe67865b528a43dd10ef7c51a20392?s=96&d=mm&r=g\",\"contentUrl\":\"https:\\\/\\\/secure.gravatar.com\\\/avatar\\\/57de8e5d4b15d43fb361a71fbb36338450fe67865b528a43dd10ef7c51a20392?s=96&d=mm&r=g\",\"caption\":\"La Sentinelle\"},\"sameAs\":[\"http:\\\/\\\/www.lasentinelle.dz\"],\"url\":\"https:\\\/\\\/lasentinelle.dz\\\/author\\\/redaction\\\/\"}]}<\/script>\n<!-- \/ Yoast SEO plugin. -->","yoast_head_json":{"title":"La Fondation \"Sayidet El-Ard\" r\u00e9compense la sc\u00e9nariste AblaBelamri - La Sentinelle","robots":{"index":"index","follow":"follow","max-snippet":"max-snippet:-1","max-image-preview":"max-image-preview:large","max-video-preview":"max-video-preview:-1"},"canonical":"https:\/\/lasentinelle.dz\/index.php\/2021\/09\/28\/la-fondation-sayidet-el-ard-recompense-la-scenariste-ablabelamri\/","og_locale":"fr_FR","og_type":"article","og_title":"La Fondation \"Sayidet El-Ard\" r\u00e9compense la sc\u00e9nariste AblaBelamri - La Sentinelle","og_description":"La Fondation culturelle palestinienne \u00ab\u00a0SayidetEl-Ard\u00a0\u00bb a d\u00e9cern\u00e9 le prix de la \u00ab\u00a0cr\u00e9ativit\u00e9 artistique\u00a0\u00bb \u00e0 la sc\u00e9nariste alg\u00e9rienne AblaBelamri pour son","og_url":"https:\/\/lasentinelle.dz\/index.php\/2021\/09\/28\/la-fondation-sayidet-el-ard-recompense-la-scenariste-ablabelamri\/","og_site_name":"La Sentinelle","article_publisher":"https:\/\/www.facebook.com\/La-Sentinelle-104059864394773","article_published_time":"2021-09-27T23:01:00+00:00","author":"La Sentinelle","twitter_card":"summary_large_image","twitter_misc":{"\u00c9crit par":"La Sentinelle","Dur\u00e9e de lecture estim\u00e9e":"2 minutes"},"schema":{"@context":"https:\/\/schema.org","@graph":[{"@type":"Article","@id":"https:\/\/lasentinelle.dz\/index.php\/2021\/09\/28\/la-fondation-sayidet-el-ard-recompense-la-scenariste-ablabelamri\/#article","isPartOf":{"@id":"https:\/\/lasentinelle.dz\/index.php\/2021\/09\/28\/la-fondation-sayidet-el-ard-recompense-la-scenariste-ablabelamri\/"},"author":{"name":"La Sentinelle","@id":"https:\/\/lasentinelle.dz\/#\/schema\/person\/d865044e22e70a75174ce8bcad3acfb3"},"headline":"La Fondation \u00ab\u00a0Sayidet El-Ard\u00a0\u00bb r\u00e9compense la sc\u00e9nariste AblaBelamri","datePublished":"2021-09-27T23:01:00+00:00","mainEntityOfPage":{"@id":"https:\/\/lasentinelle.dz\/index.php\/2021\/09\/28\/la-fondation-sayidet-el-ard-recompense-la-scenariste-ablabelamri\/"},"wordCount":402,"commentCount":0,"publisher":{"@id":"https:\/\/lasentinelle.dz\/#organization"},"articleSection":["Culture"],"inLanguage":"fr-FR","potentialAction":[{"@type":"CommentAction","name":"Comment","target":["https:\/\/lasentinelle.dz\/index.php\/2021\/09\/28\/la-fondation-sayidet-el-ard-recompense-la-scenariste-ablabelamri\/#respond"]}]},{"@type":"WebPage","@id":"https:\/\/lasentinelle.dz\/index.php\/2021\/09\/28\/la-fondation-sayidet-el-ard-recompense-la-scenariste-ablabelamri\/","url":"https:\/\/lasentinelle.dz\/index.php\/2021\/09\/28\/la-fondation-sayidet-el-ard-recompense-la-scenariste-ablabelamri\/","name":"La Fondation \"Sayidet El-Ard\" r\u00e9compense la sc\u00e9nariste AblaBelamri - La Sentinelle","isPartOf":{"@id":"https:\/\/lasentinelle.dz\/#website"},"datePublished":"2021-09-27T23:01:00+00:00","breadcrumb":{"@id":"https:\/\/lasentinelle.dz\/index.php\/2021\/09\/28\/la-fondation-sayidet-el-ard-recompense-la-scenariste-ablabelamri\/#breadcrumb"},"inLanguage":"fr-FR","potentialAction":[{"@type":"ReadAction","target":["https:\/\/lasentinelle.dz\/index.php\/2021\/09\/28\/la-fondation-sayidet-el-ard-recompense-la-scenariste-ablabelamri\/"]}]},{"@type":"BreadcrumbList","@id":"https:\/\/lasentinelle.dz\/index.php\/2021\/09\/28\/la-fondation-sayidet-el-ard-recompense-la-scenariste-ablabelamri\/#breadcrumb","itemListElement":[{"@type":"ListItem","position":1,"name":"Accueil","item":"https:\/\/lasentinelle.dz\/"},{"@type":"ListItem","position":2,"name":"La Fondation \u00ab\u00a0Sayidet El-Ard\u00a0\u00bb r\u00e9compense la sc\u00e9nariste AblaBelamri"}]},{"@type":"WebSite","@id":"https:\/\/lasentinelle.dz\/#website","url":"https:\/\/lasentinelle.dz\/","name":"La Sentinelle","description":"Quotidien national d&#039;information","publisher":{"@id":"https:\/\/lasentinelle.dz\/#organization"},"potentialAction":[{"@type":"SearchAction","target":{"@type":"EntryPoint","urlTemplate":"https:\/\/lasentinelle.dz\/?s={search_term_string}"},"query-input":{"@type":"PropertyValueSpecification","valueRequired":true,"valueName":"search_term_string"}}],"inLanguage":"fr-FR"},{"@type":"Organization","@id":"https:\/\/lasentinelle.dz\/#organization","name":"Quotidien La Sentinelle","url":"https:\/\/lasentinelle.dz\/","logo":{"@type":"ImageObject","inLanguage":"fr-FR","@id":"https:\/\/lasentinelle.dz\/#\/schema\/logo\/image\/","url":"https:\/\/lasentinelle.dz\/wp-content\/uploads\/2021\/09\/logo-sentinelleSLOGAN-1.png","contentUrl":"https:\/\/lasentinelle.dz\/wp-content\/uploads\/2021\/09\/logo-sentinelleSLOGAN-1.png","width":615,"height":142,"caption":"Quotidien La Sentinelle"},"image":{"@id":"https:\/\/lasentinelle.dz\/#\/schema\/logo\/image\/"},"sameAs":["https:\/\/www.facebook.com\/La-Sentinelle-104059864394773"]},{"@type":"Person","@id":"https:\/\/lasentinelle.dz\/#\/schema\/person\/d865044e22e70a75174ce8bcad3acfb3","name":"La Sentinelle","image":{"@type":"ImageObject","inLanguage":"fr-FR","@id":"https:\/\/secure.gravatar.com\/avatar\/57de8e5d4b15d43fb361a71fbb36338450fe67865b528a43dd10ef7c51a20392?s=96&d=mm&r=g","url":"https:\/\/secure.gravatar.com\/avatar\/57de8e5d4b15d43fb361a71fbb36338450fe67865b528a43dd10ef7c51a20392?s=96&d=mm&r=g","contentUrl":"https:\/\/secure.gravatar.com\/avatar\/57de8e5d4b15d43fb361a71fbb36338450fe67865b528a43dd10ef7c51a20392?s=96&d=mm&r=g","caption":"La Sentinelle"},"sameAs":["http:\/\/www.lasentinelle.dz"],"url":"https:\/\/lasentinelle.dz\/author\/redaction\/"}]}},"_links":{"self":[{"href":"https:\/\/lasentinelle.dz\/index.php\/wp-json\/wp\/v2\/posts\/9300","targetHints":{"allow":["GET"]}}],"collection":[{"href":"https:\/\/lasentinelle.dz\/index.php\/wp-json\/wp\/v2\/posts"}],"about":[{"href":"https:\/\/lasentinelle.dz\/index.php\/wp-json\/wp\/v2\/types\/post"}],"author":[{"embeddable":true,"href":"https:\/\/lasentinelle.dz\/index.php\/wp-json\/wp\/v2\/users\/3"}],"replies":[{"embeddable":true,"href":"https:\/\/lasentinelle.dz\/index.php\/wp-json\/wp\/v2\/comments?post=9300"}],"version-history":[{"count":1,"href":"https:\/\/lasentinelle.dz\/index.php\/wp-json\/wp\/v2\/posts\/9300\/revisions"}],"predecessor-version":[{"id":9310,"href":"https:\/\/lasentinelle.dz\/index.php\/wp-json\/wp\/v2\/posts\/9300\/revisions\/9310"}],"wp:attachment":[{"href":"https:\/\/lasentinelle.dz\/index.php\/wp-json\/wp\/v2\/media?parent=9300"}],"wp:term":[{"taxonomy":"category","embeddable":true,"href":"https:\/\/lasentinelle.dz\/index.php\/wp-json\/wp\/v2\/categories?post=9300"},{"taxonomy":"post_tag","embeddable":true,"href":"https:\/\/lasentinelle.dz\/index.php\/wp-json\/wp\/v2\/tags?post=9300"}],"curies":[{"name":"wp","href":"https:\/\/api.w.org\/{rel}","templated":true}]}}