{"id":9344,"date":"2021-09-28T00:01:00","date_gmt":"2021-09-27T23:01:00","guid":{"rendered":"https:\/\/lasentinelle.dz\/?p=9344"},"modified":"2021-09-27T18:15:40","modified_gmt":"2021-09-27T17:15:40","slug":"elections-locales-lanie-souligne-lenjeu-de-la-transparence-du-scrutin","status":"publish","type":"post","link":"https:\/\/lasentinelle.dz\/index.php\/2021\/09\/28\/elections-locales-lanie-souligne-lenjeu-de-la-transparence-du-scrutin\/","title":{"rendered":"\u00c9lections locales : L\u2019Anie souligne l\u2019enjeu de la transparence du scrutin"},"content":{"rendered":"\n<p>Le pr\u00e9sident de l\u2019Autorit\u00e9 nationale ind\u00e9pendante des \u00e9lections, Mohamed Charfi a une nouvelle fois r\u00e9affirm\u00e9, hier, l\u2019engagement de l\u2019instance qu\u2019il dirige \u00e0 garantir la transparence des \u00e9lections.<\/p>\n\n\n\n<p>Invit\u00e9 \u00e0 s\u2019exprimer hier sur les ondes de la Radio alg\u00e9rienne, le pr\u00e9sident de l\u2019Anie est revenu sur les derni\u00e8res d\u00e9clarations du pr\u00e9sident de la R\u00e9publique, Abdelmadjid Tebboune sur les tentatives des r\u00e9sidus de la Issaba de s\u2019immiscer dans les processus \u00e9lectoraux. C\u2019est dans ce contexte que Mohamed Charfi consid\u00e8re que les propos du Pr\u00e9sident Tebboune motivent l\u2019Anie dans sa mission d&rsquo;organiser des \u00e9lections propres, transparentes etcr\u00e9dibles aux yeux des citoyens alg\u00e9riens. Mohamed Charfi a expliqu\u00e9 que \u00ab\u00a0l&rsquo;Autorit\u00e9 nationale ind\u00e9pendante des \u00e9lections \u0153uvre \u00e0 passer au crible les dossiers sur le plan juridique et technique pour s&rsquo;assurer de la qualification des candidats \u00e0 aller \u00e0 ces \u00e9lections\u00a0\u00bb.<\/p>\n\n\n\n<p>Pour Mohamed Charfi, \u00ab&nbsp;la d\u00e9claration du pr\u00e9sident de la R\u00e9publiqueest tr\u00e8s importante surtout du point&nbsp; de vue moral, car elle participe \u00e0 la moralisation de la vie politique&nbsp;\u00bb. Soulignant le fait que l&rsquo;Anie ait d\u00e9j\u00e0 \u00e0 son actif l&rsquo;organisation de quatre \u00e9ch\u00e9ances \u00e9lectorales successive depuis sa cr\u00e9ation il y a deux ann\u00e9es, M. Charfi a assur\u00e9 que \u00ab&nbsp;d\u00e9sormais son institution est dot\u00e9e d&rsquo;un potentiel technique suffisant pour l&rsquo;organisation d&rsquo;\u00e9lections transparentes&nbsp;\u00bb.<\/p>\n\n\n\n<p>Abordant les chiffres de la prochaine \u00e9lections locale, l&rsquo;intervenant a insist\u00e9 sur \u00ab&nbsp;l&rsquo;importance de faire attention au nombre de nouveaux inscrits sur les listes \u00e9lectorales qui a enregistr\u00e9 un saut qualitatif en comparaison aux pr\u00e9c\u00e9dentes \u00e9ch\u00e9ances \u00e9lectorales&nbsp;\u00bb. A cet effet, l&rsquo;intervenant a fait savoir que \u00ab&nbsp;quelques 400.000nouveaux inscrits ont rejoint une masse \u00e9lectorale de 23 717 491 \u00e9lecteurs&nbsp;\u00bb. Au chapitre des candidatures, le pr\u00e9sident de l&rsquo;ANIE a soulign\u00e9 que \u00ab\u00a0jusqu&rsquo;\u00e0 hier des partis continuaient de se joindre \u00e0 la course selon des \u00e9chos qui parviennent de certaines wilayas. Le nombre de dossiers de candidatures aux assembl\u00e9es populaires de wilayas est \u00e9valu\u00e9 jusqu&rsquo;\u00e0 hier \u00e0 1 116 dossiers retir\u00e9s dont 853 dossiers de candidatures retir\u00e9s par quarante-huit partis agr\u00e9\u00e9s et deux cent soixante-trois dossiers retir\u00e9s par des listes ind\u00e9pendantes\u00a0\u00bb.Au sujet des dossiers retir\u00e9s par les candidats aux assembl\u00e9es populaires communales, M. Charfi a fait \u00e9tat de \u00ab\u00a021 558 dossiers de candidatures qui ont \u00e9t\u00e9 retir\u00e9s par des candidats dont 19 741 dossiers ont \u00e9t\u00e9 retir\u00e9s par cinquante partis politiques&nbsp; et 1 817 dossiers retir\u00e9s par des listes ind\u00e9pendantes\u00a0\u00bb. Le pr\u00e9sident de l&rsquo;Autorit\u00e9 Nationale Ind\u00e9pendante des Election a \u00e0 cet effet \u00e9galement fait \u00e9tat de \u00ab\u00a0six grands partis qui ont pu pr\u00e9senter des listes dans plus de 1.000 communes \u00e0 l&rsquo;instar du FLN, du RND, Mouvement El Binaa, le HMS, Front El Moustakbal et Sawt Echaab. M. Charfi a par ailleurs soulign\u00e9 la mont\u00e9e du Front des Forces Socialistes qui est pr\u00e9sent dans une quinzaine de wilayas\u00a0\u00bb.<\/p>\n\n\n\n<p><strong>Akli Amor<\/strong><\/p>\n","protected":false},"excerpt":{"rendered":"<p>Le pr\u00e9sident de l\u2019Autorit\u00e9 nationale ind\u00e9pendante des \u00e9lections, Mohamed Charfi a une nouvelle fois r\u00e9affirm\u00e9, hier, l\u2019engagement de l\u2019instance qu\u2019il<\/p>\n","protected":false},"author":3,"featured_media":9347,"comment_status":"open","ping_status":"closed","sticky":false,"template":"","format":"standard","meta":{"colormag_page_container_layout":"default_layout","colormag_page_sidebar_layout":"default_layout","om_disable_all_campaigns":false,"_monsterinsights_skip_tracking":false,"_monsterinsights_sitenote_active":false,"_monsterinsights_sitenote_note":"","_monsterinsights_sitenote_category":0,"footnotes":"","_wpscppro_dont_share_socialmedia":false,"_wpscppro_custom_social_share_image":0,"_facebook_share_type":"","_twitter_share_type":"","_linkedin_share_type":"","_pinterest_share_type":"","_linkedin_share_type_page":"","_instagram_share_type":"","_medium_share_type":"","_threads_share_type":"","_google_business_share_type":"","_selected_social_profile":[],"_wpsp_enable_custom_social_template":false,"_wpsp_social_scheduling":{"enabled":false,"datetime":null,"platforms":[],"status":"template_only","dateOption":"today","timeOption":"now","customDays":"","customHours":"","customDate":"","customTime":"","schedulingType":"absolute"},"_wpsp_active_default_template":true},"categories":[27],"tags":[],"class_list":["post-9344","post","type-post","status-publish","format-standard","has-post-thumbnail","hentry","category-actualite"],"aioseo_notices":[],"yoast_head":"<!-- This site is optimized with the Yoast SEO plugin v27.5 - https:\/\/yoast.com\/product\/yoast-seo-wordpress\/ -->\n<title>\u00c9lections locales : L\u2019Anie souligne l\u2019enjeu de la transparence du scrutin - La Sentinelle<\/title>\n<meta name=\"robots\" content=\"index, follow, max-snippet:-1, max-image-preview:large, max-video-preview:-1\" \/>\n<link rel=\"canonical\" href=\"https:\/\/lasentinelle.dz\/index.php\/2021\/09\/28\/elections-locales-lanie-souligne-lenjeu-de-la-transparence-du-scrutin\/\" \/>\n<meta property=\"og:locale\" content=\"fr_FR\" \/>\n<meta property=\"og:type\" content=\"article\" \/>\n<meta property=\"og:title\" content=\"\u00c9lections locales : L\u2019Anie souligne l\u2019enjeu de la transparence du scrutin - La Sentinelle\" \/>\n<meta property=\"og:description\" content=\"Le pr\u00e9sident de l\u2019Autorit\u00e9 nationale ind\u00e9pendante des \u00e9lections, Mohamed Charfi a une nouvelle fois r\u00e9affirm\u00e9, hier, l\u2019engagement de l\u2019instance qu\u2019il\" \/>\n<meta property=\"og:url\" content=\"https:\/\/lasentinelle.dz\/index.php\/2021\/09\/28\/elections-locales-lanie-souligne-lenjeu-de-la-transparence-du-scrutin\/\" \/>\n<meta property=\"og:site_name\" content=\"La Sentinelle\" \/>\n<meta property=\"article:publisher\" content=\"https:\/\/www.facebook.com\/La-Sentinelle-104059864394773\" \/>\n<meta property=\"article:published_time\" content=\"2021-09-27T23:01:00+00:00\" \/>\n<meta property=\"og:image\" content=\"https:\/\/lasentinelle.dz\/wp-content\/uploads\/2021\/09\/Mohamed-charfi.jpeg\" \/>\n\t<meta property=\"og:image:width\" content=\"620\" \/>\n\t<meta property=\"og:image:height\" content=\"400\" \/>\n\t<meta property=\"og:image:type\" content=\"image\/jpeg\" \/>\n<meta name=\"author\" content=\"La Sentinelle\" \/>\n<meta name=\"twitter:card\" content=\"summary_large_image\" \/>\n<meta name=\"twitter:label1\" content=\"\u00c9crit par\" \/>\n\t<meta name=\"twitter:data1\" content=\"La Sentinelle\" \/>\n\t<meta name=\"twitter:label2\" content=\"Dur\u00e9e de lecture estim\u00e9e\" \/>\n\t<meta name=\"twitter:data2\" content=\"2 minutes\" \/>\n<script type=\"application\/ld+json\" class=\"yoast-schema-graph\">{\"@context\":\"https:\\\/\\\/schema.org\",\"@graph\":[{\"@type\":\"Article\",\"@id\":\"https:\\\/\\\/lasentinelle.dz\\\/index.php\\\/2021\\\/09\\\/28\\\/elections-locales-lanie-souligne-lenjeu-de-la-transparence-du-scrutin\\\/#article\",\"isPartOf\":{\"@id\":\"https:\\\/\\\/lasentinelle.dz\\\/index.php\\\/2021\\\/09\\\/28\\\/elections-locales-lanie-souligne-lenjeu-de-la-transparence-du-scrutin\\\/\"},\"author\":{\"name\":\"La Sentinelle\",\"@id\":\"https:\\\/\\\/lasentinelle.dz\\\/#\\\/schema\\\/person\\\/d865044e22e70a75174ce8bcad3acfb3\"},\"headline\":\"\u00c9lections locales : L\u2019Anie souligne l\u2019enjeu de la transparence du scrutin\",\"datePublished\":\"2021-09-27T23:01:00+00:00\",\"mainEntityOfPage\":{\"@id\":\"https:\\\/\\\/lasentinelle.dz\\\/index.php\\\/2021\\\/09\\\/28\\\/elections-locales-lanie-souligne-lenjeu-de-la-transparence-du-scrutin\\\/\"},\"wordCount\":519,\"commentCount\":0,\"publisher\":{\"@id\":\"https:\\\/\\\/lasentinelle.dz\\\/#organization\"},\"image\":{\"@id\":\"https:\\\/\\\/lasentinelle.dz\\\/index.php\\\/2021\\\/09\\\/28\\\/elections-locales-lanie-souligne-lenjeu-de-la-transparence-du-scrutin\\\/#primaryimage\"},\"thumbnailUrl\":\"https:\\\/\\\/lasentinelle.dz\\\/wp-content\\\/uploads\\\/2021\\\/09\\\/Mohamed-charfi.jpeg\",\"articleSection\":[\"Actualit\u00e9\"],\"inLanguage\":\"fr-FR\",\"potentialAction\":[{\"@type\":\"CommentAction\",\"name\":\"Comment\",\"target\":[\"https:\\\/\\\/lasentinelle.dz\\\/index.php\\\/2021\\\/09\\\/28\\\/elections-locales-lanie-souligne-lenjeu-de-la-transparence-du-scrutin\\\/#respond\"]}]},{\"@type\":\"WebPage\",\"@id\":\"https:\\\/\\\/lasentinelle.dz\\\/index.php\\\/2021\\\/09\\\/28\\\/elections-locales-lanie-souligne-lenjeu-de-la-transparence-du-scrutin\\\/\",\"url\":\"https:\\\/\\\/lasentinelle.dz\\\/index.php\\\/2021\\\/09\\\/28\\\/elections-locales-lanie-souligne-lenjeu-de-la-transparence-du-scrutin\\\/\",\"name\":\"\u00c9lections locales : L\u2019Anie souligne l\u2019enjeu de la transparence du scrutin - La Sentinelle\",\"isPartOf\":{\"@id\":\"https:\\\/\\\/lasentinelle.dz\\\/#website\"},\"primaryImageOfPage\":{\"@id\":\"https:\\\/\\\/lasentinelle.dz\\\/index.php\\\/2021\\\/09\\\/28\\\/elections-locales-lanie-souligne-lenjeu-de-la-transparence-du-scrutin\\\/#primaryimage\"},\"image\":{\"@id\":\"https:\\\/\\\/lasentinelle.dz\\\/index.php\\\/2021\\\/09\\\/28\\\/elections-locales-lanie-souligne-lenjeu-de-la-transparence-du-scrutin\\\/#primaryimage\"},\"thumbnailUrl\":\"https:\\\/\\\/lasentinelle.dz\\\/wp-content\\\/uploads\\\/2021\\\/09\\\/Mohamed-charfi.jpeg\",\"datePublished\":\"2021-09-27T23:01:00+00:00\",\"breadcrumb\":{\"@id\":\"https:\\\/\\\/lasentinelle.dz\\\/index.php\\\/2021\\\/09\\\/28\\\/elections-locales-lanie-souligne-lenjeu-de-la-transparence-du-scrutin\\\/#breadcrumb\"},\"inLanguage\":\"fr-FR\",\"potentialAction\":[{\"@type\":\"ReadAction\",\"target\":[\"https:\\\/\\\/lasentinelle.dz\\\/index.php\\\/2021\\\/09\\\/28\\\/elections-locales-lanie-souligne-lenjeu-de-la-transparence-du-scrutin\\\/\"]}]},{\"@type\":\"ImageObject\",\"inLanguage\":\"fr-FR\",\"@id\":\"https:\\\/\\\/lasentinelle.dz\\\/index.php\\\/2021\\\/09\\\/28\\\/elections-locales-lanie-souligne-lenjeu-de-la-transparence-du-scrutin\\\/#primaryimage\",\"url\":\"https:\\\/\\\/lasentinelle.dz\\\/wp-content\\\/uploads\\\/2021\\\/09\\\/Mohamed-charfi.jpeg\",\"contentUrl\":\"https:\\\/\\\/lasentinelle.dz\\\/wp-content\\\/uploads\\\/2021\\\/09\\\/Mohamed-charfi.jpeg\",\"width\":620,\"height\":400},{\"@type\":\"BreadcrumbList\",\"@id\":\"https:\\\/\\\/lasentinelle.dz\\\/index.php\\\/2021\\\/09\\\/28\\\/elections-locales-lanie-souligne-lenjeu-de-la-transparence-du-scrutin\\\/#breadcrumb\",\"itemListElement\":[{\"@type\":\"ListItem\",\"position\":1,\"name\":\"Accueil\",\"item\":\"https:\\\/\\\/lasentinelle.dz\\\/\"},{\"@type\":\"ListItem\",\"position\":2,\"name\":\"\u00c9lections locales : L\u2019Anie souligne l\u2019enjeu de la transparence du scrutin\"}]},{\"@type\":\"WebSite\",\"@id\":\"https:\\\/\\\/lasentinelle.dz\\\/#website\",\"url\":\"https:\\\/\\\/lasentinelle.dz\\\/\",\"name\":\"La Sentinelle\",\"description\":\"Quotidien national d&#039;information\",\"publisher\":{\"@id\":\"https:\\\/\\\/lasentinelle.dz\\\/#organization\"},\"potentialAction\":[{\"@type\":\"SearchAction\",\"target\":{\"@type\":\"EntryPoint\",\"urlTemplate\":\"https:\\\/\\\/lasentinelle.dz\\\/?s={search_term_string}\"},\"query-input\":{\"@type\":\"PropertyValueSpecification\",\"valueRequired\":true,\"valueName\":\"search_term_string\"}}],\"inLanguage\":\"fr-FR\"},{\"@type\":\"Organization\",\"@id\":\"https:\\\/\\\/lasentinelle.dz\\\/#organization\",\"name\":\"Quotidien La Sentinelle\",\"url\":\"https:\\\/\\\/lasentinelle.dz\\\/\",\"logo\":{\"@type\":\"ImageObject\",\"inLanguage\":\"fr-FR\",\"@id\":\"https:\\\/\\\/lasentinelle.dz\\\/#\\\/schema\\\/logo\\\/image\\\/\",\"url\":\"https:\\\/\\\/lasentinelle.dz\\\/wp-content\\\/uploads\\\/2021\\\/09\\\/logo-sentinelleSLOGAN-1.png\",\"contentUrl\":\"https:\\\/\\\/lasentinelle.dz\\\/wp-content\\\/uploads\\\/2021\\\/09\\\/logo-sentinelleSLOGAN-1.png\",\"width\":615,\"height\":142,\"caption\":\"Quotidien La Sentinelle\"},\"image\":{\"@id\":\"https:\\\/\\\/lasentinelle.dz\\\/#\\\/schema\\\/logo\\\/image\\\/\"},\"sameAs\":[\"https:\\\/\\\/www.facebook.com\\\/La-Sentinelle-104059864394773\"]},{\"@type\":\"Person\",\"@id\":\"https:\\\/\\\/lasentinelle.dz\\\/#\\\/schema\\\/person\\\/d865044e22e70a75174ce8bcad3acfb3\",\"name\":\"La Sentinelle\",\"image\":{\"@type\":\"ImageObject\",\"inLanguage\":\"fr-FR\",\"@id\":\"https:\\\/\\\/secure.gravatar.com\\\/avatar\\\/57de8e5d4b15d43fb361a71fbb36338450fe67865b528a43dd10ef7c51a20392?s=96&d=mm&r=g\",\"url\":\"https:\\\/\\\/secure.gravatar.com\\\/avatar\\\/57de8e5d4b15d43fb361a71fbb36338450fe67865b528a43dd10ef7c51a20392?s=96&d=mm&r=g\",\"contentUrl\":\"https:\\\/\\\/secure.gravatar.com\\\/avatar\\\/57de8e5d4b15d43fb361a71fbb36338450fe67865b528a43dd10ef7c51a20392?s=96&d=mm&r=g\",\"caption\":\"La Sentinelle\"},\"sameAs\":[\"http:\\\/\\\/www.lasentinelle.dz\"],\"url\":\"https:\\\/\\\/lasentinelle.dz\\\/author\\\/redaction\\\/\"}]}<\/script>\n<!-- \/ Yoast SEO plugin. -->","yoast_head_json":{"title":"\u00c9lections locales : L\u2019Anie souligne l\u2019enjeu de la transparence du scrutin - La Sentinelle","robots":{"index":"index","follow":"follow","max-snippet":"max-snippet:-1","max-image-preview":"max-image-preview:large","max-video-preview":"max-video-preview:-1"},"canonical":"https:\/\/lasentinelle.dz\/index.php\/2021\/09\/28\/elections-locales-lanie-souligne-lenjeu-de-la-transparence-du-scrutin\/","og_locale":"fr_FR","og_type":"article","og_title":"\u00c9lections locales : L\u2019Anie souligne l\u2019enjeu de la transparence du scrutin - La Sentinelle","og_description":"Le pr\u00e9sident de l\u2019Autorit\u00e9 nationale ind\u00e9pendante des \u00e9lections, Mohamed Charfi a une nouvelle fois r\u00e9affirm\u00e9, hier, l\u2019engagement de l\u2019instance qu\u2019il","og_url":"https:\/\/lasentinelle.dz\/index.php\/2021\/09\/28\/elections-locales-lanie-souligne-lenjeu-de-la-transparence-du-scrutin\/","og_site_name":"La Sentinelle","article_publisher":"https:\/\/www.facebook.com\/La-Sentinelle-104059864394773","article_published_time":"2021-09-27T23:01:00+00:00","og_image":[{"width":620,"height":400,"url":"https:\/\/lasentinelle.dz\/wp-content\/uploads\/2021\/09\/Mohamed-charfi.jpeg","type":"image\/jpeg"}],"author":"La Sentinelle","twitter_card":"summary_large_image","twitter_misc":{"\u00c9crit par":"La Sentinelle","Dur\u00e9e de lecture estim\u00e9e":"2 minutes"},"schema":{"@context":"https:\/\/schema.org","@graph":[{"@type":"Article","@id":"https:\/\/lasentinelle.dz\/index.php\/2021\/09\/28\/elections-locales-lanie-souligne-lenjeu-de-la-transparence-du-scrutin\/#article","isPartOf":{"@id":"https:\/\/lasentinelle.dz\/index.php\/2021\/09\/28\/elections-locales-lanie-souligne-lenjeu-de-la-transparence-du-scrutin\/"},"author":{"name":"La Sentinelle","@id":"https:\/\/lasentinelle.dz\/#\/schema\/person\/d865044e22e70a75174ce8bcad3acfb3"},"headline":"\u00c9lections locales : L\u2019Anie souligne l\u2019enjeu de la transparence du scrutin","datePublished":"2021-09-27T23:01:00+00:00","mainEntityOfPage":{"@id":"https:\/\/lasentinelle.dz\/index.php\/2021\/09\/28\/elections-locales-lanie-souligne-lenjeu-de-la-transparence-du-scrutin\/"},"wordCount":519,"commentCount":0,"publisher":{"@id":"https:\/\/lasentinelle.dz\/#organization"},"image":{"@id":"https:\/\/lasentinelle.dz\/index.php\/2021\/09\/28\/elections-locales-lanie-souligne-lenjeu-de-la-transparence-du-scrutin\/#primaryimage"},"thumbnailUrl":"https:\/\/lasentinelle.dz\/wp-content\/uploads\/2021\/09\/Mohamed-charfi.jpeg","articleSection":["Actualit\u00e9"],"inLanguage":"fr-FR","potentialAction":[{"@type":"CommentAction","name":"Comment","target":["https:\/\/lasentinelle.dz\/index.php\/2021\/09\/28\/elections-locales-lanie-souligne-lenjeu-de-la-transparence-du-scrutin\/#respond"]}]},{"@type":"WebPage","@id":"https:\/\/lasentinelle.dz\/index.php\/2021\/09\/28\/elections-locales-lanie-souligne-lenjeu-de-la-transparence-du-scrutin\/","url":"https:\/\/lasentinelle.dz\/index.php\/2021\/09\/28\/elections-locales-lanie-souligne-lenjeu-de-la-transparence-du-scrutin\/","name":"\u00c9lections locales : L\u2019Anie souligne l\u2019enjeu de la transparence du scrutin - La Sentinelle","isPartOf":{"@id":"https:\/\/lasentinelle.dz\/#website"},"primaryImageOfPage":{"@id":"https:\/\/lasentinelle.dz\/index.php\/2021\/09\/28\/elections-locales-lanie-souligne-lenjeu-de-la-transparence-du-scrutin\/#primaryimage"},"image":{"@id":"https:\/\/lasentinelle.dz\/index.php\/2021\/09\/28\/elections-locales-lanie-souligne-lenjeu-de-la-transparence-du-scrutin\/#primaryimage"},"thumbnailUrl":"https:\/\/lasentinelle.dz\/wp-content\/uploads\/2021\/09\/Mohamed-charfi.jpeg","datePublished":"2021-09-27T23:01:00+00:00","breadcrumb":{"@id":"https:\/\/lasentinelle.dz\/index.php\/2021\/09\/28\/elections-locales-lanie-souligne-lenjeu-de-la-transparence-du-scrutin\/#breadcrumb"},"inLanguage":"fr-FR","potentialAction":[{"@type":"ReadAction","target":["https:\/\/lasentinelle.dz\/index.php\/2021\/09\/28\/elections-locales-lanie-souligne-lenjeu-de-la-transparence-du-scrutin\/"]}]},{"@type":"ImageObject","inLanguage":"fr-FR","@id":"https:\/\/lasentinelle.dz\/index.php\/2021\/09\/28\/elections-locales-lanie-souligne-lenjeu-de-la-transparence-du-scrutin\/#primaryimage","url":"https:\/\/lasentinelle.dz\/wp-content\/uploads\/2021\/09\/Mohamed-charfi.jpeg","contentUrl":"https:\/\/lasentinelle.dz\/wp-content\/uploads\/2021\/09\/Mohamed-charfi.jpeg","width":620,"height":400},{"@type":"BreadcrumbList","@id":"https:\/\/lasentinelle.dz\/index.php\/2021\/09\/28\/elections-locales-lanie-souligne-lenjeu-de-la-transparence-du-scrutin\/#breadcrumb","itemListElement":[{"@type":"ListItem","position":1,"name":"Accueil","item":"https:\/\/lasentinelle.dz\/"},{"@type":"ListItem","position":2,"name":"\u00c9lections locales : L\u2019Anie souligne l\u2019enjeu de la transparence du scrutin"}]},{"@type":"WebSite","@id":"https:\/\/lasentinelle.dz\/#website","url":"https:\/\/lasentinelle.dz\/","name":"La Sentinelle","description":"Quotidien national d&#039;information","publisher":{"@id":"https:\/\/lasentinelle.dz\/#organization"},"potentialAction":[{"@type":"SearchAction","target":{"@type":"EntryPoint","urlTemplate":"https:\/\/lasentinelle.dz\/?s={search_term_string}"},"query-input":{"@type":"PropertyValueSpecification","valueRequired":true,"valueName":"search_term_string"}}],"inLanguage":"fr-FR"},{"@type":"Organization","@id":"https:\/\/lasentinelle.dz\/#organization","name":"Quotidien La Sentinelle","url":"https:\/\/lasentinelle.dz\/","logo":{"@type":"ImageObject","inLanguage":"fr-FR","@id":"https:\/\/lasentinelle.dz\/#\/schema\/logo\/image\/","url":"https:\/\/lasentinelle.dz\/wp-content\/uploads\/2021\/09\/logo-sentinelleSLOGAN-1.png","contentUrl":"https:\/\/lasentinelle.dz\/wp-content\/uploads\/2021\/09\/logo-sentinelleSLOGAN-1.png","width":615,"height":142,"caption":"Quotidien La Sentinelle"},"image":{"@id":"https:\/\/lasentinelle.dz\/#\/schema\/logo\/image\/"},"sameAs":["https:\/\/www.facebook.com\/La-Sentinelle-104059864394773"]},{"@type":"Person","@id":"https:\/\/lasentinelle.dz\/#\/schema\/person\/d865044e22e70a75174ce8bcad3acfb3","name":"La Sentinelle","image":{"@type":"ImageObject","inLanguage":"fr-FR","@id":"https:\/\/secure.gravatar.com\/avatar\/57de8e5d4b15d43fb361a71fbb36338450fe67865b528a43dd10ef7c51a20392?s=96&d=mm&r=g","url":"https:\/\/secure.gravatar.com\/avatar\/57de8e5d4b15d43fb361a71fbb36338450fe67865b528a43dd10ef7c51a20392?s=96&d=mm&r=g","contentUrl":"https:\/\/secure.gravatar.com\/avatar\/57de8e5d4b15d43fb361a71fbb36338450fe67865b528a43dd10ef7c51a20392?s=96&d=mm&r=g","caption":"La Sentinelle"},"sameAs":["http:\/\/www.lasentinelle.dz"],"url":"https:\/\/lasentinelle.dz\/author\/redaction\/"}]}},"_links":{"self":[{"href":"https:\/\/lasentinelle.dz\/index.php\/wp-json\/wp\/v2\/posts\/9344","targetHints":{"allow":["GET"]}}],"collection":[{"href":"https:\/\/lasentinelle.dz\/index.php\/wp-json\/wp\/v2\/posts"}],"about":[{"href":"https:\/\/lasentinelle.dz\/index.php\/wp-json\/wp\/v2\/types\/post"}],"author":[{"embeddable":true,"href":"https:\/\/lasentinelle.dz\/index.php\/wp-json\/wp\/v2\/users\/3"}],"replies":[{"embeddable":true,"href":"https:\/\/lasentinelle.dz\/index.php\/wp-json\/wp\/v2\/comments?post=9344"}],"version-history":[{"count":1,"href":"https:\/\/lasentinelle.dz\/index.php\/wp-json\/wp\/v2\/posts\/9344\/revisions"}],"predecessor-version":[{"id":9348,"href":"https:\/\/lasentinelle.dz\/index.php\/wp-json\/wp\/v2\/posts\/9344\/revisions\/9348"}],"wp:featuredmedia":[{"embeddable":true,"href":"https:\/\/lasentinelle.dz\/index.php\/wp-json\/wp\/v2\/media\/9347"}],"wp:attachment":[{"href":"https:\/\/lasentinelle.dz\/index.php\/wp-json\/wp\/v2\/media?parent=9344"}],"wp:term":[{"taxonomy":"category","embeddable":true,"href":"https:\/\/lasentinelle.dz\/index.php\/wp-json\/wp\/v2\/categories?post=9344"},{"taxonomy":"post_tag","embeddable":true,"href":"https:\/\/lasentinelle.dz\/index.php\/wp-json\/wp\/v2\/tags?post=9344"}],"curies":[{"name":"wp","href":"https:\/\/api.w.org\/{rel}","templated":true}]}}