{"id":9434,"date":"2021-09-29T00:05:00","date_gmt":"2021-09-28T23:05:00","guid":{"rendered":"https:\/\/lasentinelle.dz\/?p=9434"},"modified":"2021-09-28T19:19:35","modified_gmt":"2021-09-28T18:19:35","slug":"un-texte-de-loi-est-en-preparation-vers-la-criminalisation-de-la-speculation","status":"publish","type":"post","link":"https:\/\/lasentinelle.dz\/index.php\/2021\/09\/29\/un-texte-de-loi-est-en-preparation-vers-la-criminalisation-de-la-speculation\/","title":{"rendered":"Un texte de loi est en pr\u00e9paration : Vers la criminalisation de la sp\u00e9culation"},"content":{"rendered":"\n<p>Le ministre du Commerce et de la Promotion des exportations, Kamel Rezig a annonc\u00e9, hier, \u00e0 Alger la r\u00e9vision de certains textes de loi, en coordination avec les secteurs minist\u00e9riels concern\u00e9s, en vue de criminaliser&nbsp; le ph\u00e9nom\u00e8ne de sp\u00e9culation.<\/p>\n\n\n\n<p>Une r\u00e9vision qui doit s\u2019accompagner du renforcement du contr\u00f4le sur les prix. C\u2019est dans ce sens que le ministre du Commerce a donn\u00e9 des instructions aux directeurs r\u00e9gionaux du secteur, \u00e0 l&rsquo;effet de r\u00e9guler les prix de certains produits agricoles. C\u2019est ce qu\u2019a indiqu\u00e9 un&nbsp; communiqu\u00e9 du minist\u00e8re du d\u00e9partement de Kamel Rezig cit\u00e9 par l\u2019APS. Le communiqu\u00e9 a soulign\u00e9 que \u00abces mesures ont \u00e9t\u00e9 annonc\u00e9es lors d&rsquo;une r\u00e9union de coordination avec les directeurs de commerce r\u00e9gionaux et de wilaya, pr\u00e9sid\u00e9e lundi soir par M. Rezig, et ce, dans le cadre de la mise en \u0153uvre des recommandations du pr\u00e9sident de la R\u00e9publique, M. Abdelmadjid Tebboune, issues de la rencontre Gouvernement-walis et relatives au secteur du commerce&nbsp;\u00bb. Selon la m\u00eame source, le ministre du Commerce a adress\u00e9, lors de cette rencontre, \u00abdes instructions fermes aux directeurs de commerce r\u00e9gionaux et de wilaya, portant essentiellement sur la n\u00e9cessit\u00e9 de r\u00e9guler le march\u00e9 pour certains produits agricoles dont les prix ont connu des niveaux record\u00bb, insistant au passage sur la n\u00e9cessit\u00e9 \u00abd&rsquo;une coordination s\u00e9rieuse et imm\u00e9diate avec les diff\u00e9rentes commissions mixtes, en vue de briser la cha\u00eene des sp\u00e9culateurs\u00bb. Aussi, le premier responsable du secteur du commerce a ordonn\u00e9 aux responsables de son secteur \u00abde suivre la tra\u00e7abilit\u00e9 de la production des produits de base, \u00e0 partir de leur cueillette jusqu&rsquo;\u00e0 leur entr\u00e9e dans les march\u00e9s de gros et de d\u00e9tail, avec organisation de sorties sur le terrain en vue de sortir les quantit\u00e9s stock\u00e9es au niveau de tout le territoire national\u00bb. Rappelons que le Pr\u00e9sident de la R\u00e9publique avait donn\u00e9, samedi dernier, lors des travaux de la rencontre Gouvernement-walis, des instructions pour l&rsquo;\u00e9laboration de textes de loi criminalisant la sp\u00e9culation sur les produits de base. Abordant la sp\u00e9culation dans les produits de consommation de base, Abdelmadjid Tebboune a indiqu\u00e9 que cette derni\u00e8re \u00e9tait exerc\u00e9e par des parasites et des intrus qui tentent d&rsquo;\u00e9puiser les moyens de l&rsquo;Etat en cr\u00e9ant des p\u00e9nuries, soulignant que l&rsquo;Etat sera intransigeant et est d\u00e9termin\u00e9 \u00e0 retrouver son autorit\u00e9 qui \u00e9mane du peuple.<\/p>\n\n\n\n<p><strong>Fai\u00e7al Bedjaoui<\/strong><\/p>\n","protected":false},"excerpt":{"rendered":"<p>Le ministre du Commerce et de la Promotion des exportations, Kamel Rezig a annonc\u00e9, hier, \u00e0 Alger la r\u00e9vision de<\/p>\n","protected":false},"author":3,"featured_media":9474,"comment_status":"open","ping_status":"closed","sticky":false,"template":"","format":"standard","meta":{"colormag_page_container_layout":"default_layout","colormag_page_sidebar_layout":"default_layout","om_disable_all_campaigns":false,"_monsterinsights_skip_tracking":false,"_monsterinsights_sitenote_active":false,"_monsterinsights_sitenote_note":"","_monsterinsights_sitenote_category":0,"footnotes":"","_wpscppro_dont_share_socialmedia":false,"_wpscppro_custom_social_share_image":0,"_facebook_share_type":"","_twitter_share_type":"","_linkedin_share_type":"","_pinterest_share_type":"","_linkedin_share_type_page":"","_instagram_share_type":"","_medium_share_type":"","_threads_share_type":"","_google_business_share_type":"","_selected_social_profile":[],"_wpsp_enable_custom_social_template":false,"_wpsp_social_scheduling":{"enabled":false,"datetime":null,"platforms":[],"status":"template_only","dateOption":"today","timeOption":"now","customDays":"","customHours":"","customDate":"","customTime":"","schedulingType":"absolute"},"_wpsp_active_default_template":true},"categories":[52,29],"tags":[],"class_list":["post-9434","post","type-post","status-publish","format-standard","has-post-thumbnail","hentry","category-a-la-une","category-economie"],"aioseo_notices":[],"yoast_head":"<!-- This site is optimized with the Yoast SEO plugin v27.5 - https:\/\/yoast.com\/product\/yoast-seo-wordpress\/ -->\n<title>Un texte de loi est en pr\u00e9paration : Vers la criminalisation de la sp\u00e9culation - La Sentinelle<\/title>\n<meta name=\"robots\" content=\"index, follow, max-snippet:-1, max-image-preview:large, max-video-preview:-1\" \/>\n<link rel=\"canonical\" href=\"https:\/\/lasentinelle.dz\/index.php\/2021\/09\/29\/un-texte-de-loi-est-en-preparation-vers-la-criminalisation-de-la-speculation\/\" \/>\n<meta property=\"og:locale\" content=\"fr_FR\" \/>\n<meta property=\"og:type\" content=\"article\" \/>\n<meta property=\"og:title\" content=\"Un texte de loi est en pr\u00e9paration : Vers la criminalisation de la sp\u00e9culation - La Sentinelle\" \/>\n<meta property=\"og:description\" content=\"Le ministre du Commerce et de la Promotion des exportations, Kamel Rezig a annonc\u00e9, hier, \u00e0 Alger la r\u00e9vision de\" \/>\n<meta property=\"og:url\" content=\"https:\/\/lasentinelle.dz\/index.php\/2021\/09\/29\/un-texte-de-loi-est-en-preparation-vers-la-criminalisation-de-la-speculation\/\" \/>\n<meta property=\"og:site_name\" content=\"La Sentinelle\" \/>\n<meta property=\"article:publisher\" content=\"https:\/\/www.facebook.com\/La-Sentinelle-104059864394773\" \/>\n<meta property=\"article:published_time\" content=\"2021-09-28T23:05:00+00:00\" \/>\n<meta property=\"og:image\" content=\"https:\/\/lasentinelle.dz\/wp-content\/uploads\/2021\/09\/marche.png\" \/>\n\t<meta property=\"og:image:width\" content=\"592\" \/>\n\t<meta property=\"og:image:height\" content=\"393\" \/>\n\t<meta property=\"og:image:type\" content=\"image\/png\" \/>\n<meta name=\"author\" content=\"La Sentinelle\" \/>\n<meta name=\"twitter:card\" content=\"summary_large_image\" \/>\n<meta name=\"twitter:label1\" content=\"\u00c9crit par\" \/>\n\t<meta name=\"twitter:data1\" content=\"La Sentinelle\" \/>\n\t<meta name=\"twitter:label2\" content=\"Dur\u00e9e de lecture estim\u00e9e\" \/>\n\t<meta name=\"twitter:data2\" content=\"2 minutes\" \/>\n<script type=\"application\/ld+json\" class=\"yoast-schema-graph\">{\"@context\":\"https:\\\/\\\/schema.org\",\"@graph\":[{\"@type\":\"Article\",\"@id\":\"https:\\\/\\\/lasentinelle.dz\\\/index.php\\\/2021\\\/09\\\/29\\\/un-texte-de-loi-est-en-preparation-vers-la-criminalisation-de-la-speculation\\\/#article\",\"isPartOf\":{\"@id\":\"https:\\\/\\\/lasentinelle.dz\\\/index.php\\\/2021\\\/09\\\/29\\\/un-texte-de-loi-est-en-preparation-vers-la-criminalisation-de-la-speculation\\\/\"},\"author\":{\"name\":\"La Sentinelle\",\"@id\":\"https:\\\/\\\/lasentinelle.dz\\\/#\\\/schema\\\/person\\\/d865044e22e70a75174ce8bcad3acfb3\"},\"headline\":\"Un texte de loi est en pr\u00e9paration : Vers la criminalisation de la sp\u00e9culation\",\"datePublished\":\"2021-09-28T23:05:00+00:00\",\"mainEntityOfPage\":{\"@id\":\"https:\\\/\\\/lasentinelle.dz\\\/index.php\\\/2021\\\/09\\\/29\\\/un-texte-de-loi-est-en-preparation-vers-la-criminalisation-de-la-speculation\\\/\"},\"wordCount\":448,\"commentCount\":0,\"publisher\":{\"@id\":\"https:\\\/\\\/lasentinelle.dz\\\/#organization\"},\"image\":{\"@id\":\"https:\\\/\\\/lasentinelle.dz\\\/index.php\\\/2021\\\/09\\\/29\\\/un-texte-de-loi-est-en-preparation-vers-la-criminalisation-de-la-speculation\\\/#primaryimage\"},\"thumbnailUrl\":\"https:\\\/\\\/lasentinelle.dz\\\/wp-content\\\/uploads\\\/2021\\\/09\\\/marche.png\",\"articleSection\":[\"\u00c0 la Une\",\"\u00c9conomie\"],\"inLanguage\":\"fr-FR\",\"potentialAction\":[{\"@type\":\"CommentAction\",\"name\":\"Comment\",\"target\":[\"https:\\\/\\\/lasentinelle.dz\\\/index.php\\\/2021\\\/09\\\/29\\\/un-texte-de-loi-est-en-preparation-vers-la-criminalisation-de-la-speculation\\\/#respond\"]}]},{\"@type\":\"WebPage\",\"@id\":\"https:\\\/\\\/lasentinelle.dz\\\/index.php\\\/2021\\\/09\\\/29\\\/un-texte-de-loi-est-en-preparation-vers-la-criminalisation-de-la-speculation\\\/\",\"url\":\"https:\\\/\\\/lasentinelle.dz\\\/index.php\\\/2021\\\/09\\\/29\\\/un-texte-de-loi-est-en-preparation-vers-la-criminalisation-de-la-speculation\\\/\",\"name\":\"Un texte de loi est en pr\u00e9paration : Vers la criminalisation de la sp\u00e9culation - La Sentinelle\",\"isPartOf\":{\"@id\":\"https:\\\/\\\/lasentinelle.dz\\\/#website\"},\"primaryImageOfPage\":{\"@id\":\"https:\\\/\\\/lasentinelle.dz\\\/index.php\\\/2021\\\/09\\\/29\\\/un-texte-de-loi-est-en-preparation-vers-la-criminalisation-de-la-speculation\\\/#primaryimage\"},\"image\":{\"@id\":\"https:\\\/\\\/lasentinelle.dz\\\/index.php\\\/2021\\\/09\\\/29\\\/un-texte-de-loi-est-en-preparation-vers-la-criminalisation-de-la-speculation\\\/#primaryimage\"},\"thumbnailUrl\":\"https:\\\/\\\/lasentinelle.dz\\\/wp-content\\\/uploads\\\/2021\\\/09\\\/marche.png\",\"datePublished\":\"2021-09-28T23:05:00+00:00\",\"breadcrumb\":{\"@id\":\"https:\\\/\\\/lasentinelle.dz\\\/index.php\\\/2021\\\/09\\\/29\\\/un-texte-de-loi-est-en-preparation-vers-la-criminalisation-de-la-speculation\\\/#breadcrumb\"},\"inLanguage\":\"fr-FR\",\"potentialAction\":[{\"@type\":\"ReadAction\",\"target\":[\"https:\\\/\\\/lasentinelle.dz\\\/index.php\\\/2021\\\/09\\\/29\\\/un-texte-de-loi-est-en-preparation-vers-la-criminalisation-de-la-speculation\\\/\"]}]},{\"@type\":\"ImageObject\",\"inLanguage\":\"fr-FR\",\"@id\":\"https:\\\/\\\/lasentinelle.dz\\\/index.php\\\/2021\\\/09\\\/29\\\/un-texte-de-loi-est-en-preparation-vers-la-criminalisation-de-la-speculation\\\/#primaryimage\",\"url\":\"https:\\\/\\\/lasentinelle.dz\\\/wp-content\\\/uploads\\\/2021\\\/09\\\/marche.png\",\"contentUrl\":\"https:\\\/\\\/lasentinelle.dz\\\/wp-content\\\/uploads\\\/2021\\\/09\\\/marche.png\",\"width\":592,\"height\":393},{\"@type\":\"BreadcrumbList\",\"@id\":\"https:\\\/\\\/lasentinelle.dz\\\/index.php\\\/2021\\\/09\\\/29\\\/un-texte-de-loi-est-en-preparation-vers-la-criminalisation-de-la-speculation\\\/#breadcrumb\",\"itemListElement\":[{\"@type\":\"ListItem\",\"position\":1,\"name\":\"Accueil\",\"item\":\"https:\\\/\\\/lasentinelle.dz\\\/\"},{\"@type\":\"ListItem\",\"position\":2,\"name\":\"Un texte de loi est en pr\u00e9paration : Vers la criminalisation de la sp\u00e9culation\"}]},{\"@type\":\"WebSite\",\"@id\":\"https:\\\/\\\/lasentinelle.dz\\\/#website\",\"url\":\"https:\\\/\\\/lasentinelle.dz\\\/\",\"name\":\"La Sentinelle\",\"description\":\"Quotidien national d&#039;information\",\"publisher\":{\"@id\":\"https:\\\/\\\/lasentinelle.dz\\\/#organization\"},\"potentialAction\":[{\"@type\":\"SearchAction\",\"target\":{\"@type\":\"EntryPoint\",\"urlTemplate\":\"https:\\\/\\\/lasentinelle.dz\\\/?s={search_term_string}\"},\"query-input\":{\"@type\":\"PropertyValueSpecification\",\"valueRequired\":true,\"valueName\":\"search_term_string\"}}],\"inLanguage\":\"fr-FR\"},{\"@type\":\"Organization\",\"@id\":\"https:\\\/\\\/lasentinelle.dz\\\/#organization\",\"name\":\"Quotidien La Sentinelle\",\"url\":\"https:\\\/\\\/lasentinelle.dz\\\/\",\"logo\":{\"@type\":\"ImageObject\",\"inLanguage\":\"fr-FR\",\"@id\":\"https:\\\/\\\/lasentinelle.dz\\\/#\\\/schema\\\/logo\\\/image\\\/\",\"url\":\"https:\\\/\\\/lasentinelle.dz\\\/wp-content\\\/uploads\\\/2021\\\/09\\\/logo-sentinelleSLOGAN-1.png\",\"contentUrl\":\"https:\\\/\\\/lasentinelle.dz\\\/wp-content\\\/uploads\\\/2021\\\/09\\\/logo-sentinelleSLOGAN-1.png\",\"width\":615,\"height\":142,\"caption\":\"Quotidien La Sentinelle\"},\"image\":{\"@id\":\"https:\\\/\\\/lasentinelle.dz\\\/#\\\/schema\\\/logo\\\/image\\\/\"},\"sameAs\":[\"https:\\\/\\\/www.facebook.com\\\/La-Sentinelle-104059864394773\"]},{\"@type\":\"Person\",\"@id\":\"https:\\\/\\\/lasentinelle.dz\\\/#\\\/schema\\\/person\\\/d865044e22e70a75174ce8bcad3acfb3\",\"name\":\"La Sentinelle\",\"image\":{\"@type\":\"ImageObject\",\"inLanguage\":\"fr-FR\",\"@id\":\"https:\\\/\\\/secure.gravatar.com\\\/avatar\\\/57de8e5d4b15d43fb361a71fbb36338450fe67865b528a43dd10ef7c51a20392?s=96&d=mm&r=g\",\"url\":\"https:\\\/\\\/secure.gravatar.com\\\/avatar\\\/57de8e5d4b15d43fb361a71fbb36338450fe67865b528a43dd10ef7c51a20392?s=96&d=mm&r=g\",\"contentUrl\":\"https:\\\/\\\/secure.gravatar.com\\\/avatar\\\/57de8e5d4b15d43fb361a71fbb36338450fe67865b528a43dd10ef7c51a20392?s=96&d=mm&r=g\",\"caption\":\"La Sentinelle\"},\"sameAs\":[\"http:\\\/\\\/www.lasentinelle.dz\"],\"url\":\"https:\\\/\\\/lasentinelle.dz\\\/author\\\/redaction\\\/\"}]}<\/script>\n<!-- \/ Yoast SEO plugin. -->","yoast_head_json":{"title":"Un texte de loi est en pr\u00e9paration : Vers la criminalisation de la sp\u00e9culation - La Sentinelle","robots":{"index":"index","follow":"follow","max-snippet":"max-snippet:-1","max-image-preview":"max-image-preview:large","max-video-preview":"max-video-preview:-1"},"canonical":"https:\/\/lasentinelle.dz\/index.php\/2021\/09\/29\/un-texte-de-loi-est-en-preparation-vers-la-criminalisation-de-la-speculation\/","og_locale":"fr_FR","og_type":"article","og_title":"Un texte de loi est en pr\u00e9paration : Vers la criminalisation de la sp\u00e9culation - La Sentinelle","og_description":"Le ministre du Commerce et de la Promotion des exportations, Kamel Rezig a annonc\u00e9, hier, \u00e0 Alger la r\u00e9vision de","og_url":"https:\/\/lasentinelle.dz\/index.php\/2021\/09\/29\/un-texte-de-loi-est-en-preparation-vers-la-criminalisation-de-la-speculation\/","og_site_name":"La Sentinelle","article_publisher":"https:\/\/www.facebook.com\/La-Sentinelle-104059864394773","article_published_time":"2021-09-28T23:05:00+00:00","og_image":[{"width":592,"height":393,"url":"https:\/\/lasentinelle.dz\/wp-content\/uploads\/2021\/09\/marche.png","type":"image\/png"}],"author":"La Sentinelle","twitter_card":"summary_large_image","twitter_misc":{"\u00c9crit par":"La Sentinelle","Dur\u00e9e de lecture estim\u00e9e":"2 minutes"},"schema":{"@context":"https:\/\/schema.org","@graph":[{"@type":"Article","@id":"https:\/\/lasentinelle.dz\/index.php\/2021\/09\/29\/un-texte-de-loi-est-en-preparation-vers-la-criminalisation-de-la-speculation\/#article","isPartOf":{"@id":"https:\/\/lasentinelle.dz\/index.php\/2021\/09\/29\/un-texte-de-loi-est-en-preparation-vers-la-criminalisation-de-la-speculation\/"},"author":{"name":"La Sentinelle","@id":"https:\/\/lasentinelle.dz\/#\/schema\/person\/d865044e22e70a75174ce8bcad3acfb3"},"headline":"Un texte de loi est en pr\u00e9paration : Vers la criminalisation de la sp\u00e9culation","datePublished":"2021-09-28T23:05:00+00:00","mainEntityOfPage":{"@id":"https:\/\/lasentinelle.dz\/index.php\/2021\/09\/29\/un-texte-de-loi-est-en-preparation-vers-la-criminalisation-de-la-speculation\/"},"wordCount":448,"commentCount":0,"publisher":{"@id":"https:\/\/lasentinelle.dz\/#organization"},"image":{"@id":"https:\/\/lasentinelle.dz\/index.php\/2021\/09\/29\/un-texte-de-loi-est-en-preparation-vers-la-criminalisation-de-la-speculation\/#primaryimage"},"thumbnailUrl":"https:\/\/lasentinelle.dz\/wp-content\/uploads\/2021\/09\/marche.png","articleSection":["\u00c0 la Une","\u00c9conomie"],"inLanguage":"fr-FR","potentialAction":[{"@type":"CommentAction","name":"Comment","target":["https:\/\/lasentinelle.dz\/index.php\/2021\/09\/29\/un-texte-de-loi-est-en-preparation-vers-la-criminalisation-de-la-speculation\/#respond"]}]},{"@type":"WebPage","@id":"https:\/\/lasentinelle.dz\/index.php\/2021\/09\/29\/un-texte-de-loi-est-en-preparation-vers-la-criminalisation-de-la-speculation\/","url":"https:\/\/lasentinelle.dz\/index.php\/2021\/09\/29\/un-texte-de-loi-est-en-preparation-vers-la-criminalisation-de-la-speculation\/","name":"Un texte de loi est en pr\u00e9paration : Vers la criminalisation de la sp\u00e9culation - La Sentinelle","isPartOf":{"@id":"https:\/\/lasentinelle.dz\/#website"},"primaryImageOfPage":{"@id":"https:\/\/lasentinelle.dz\/index.php\/2021\/09\/29\/un-texte-de-loi-est-en-preparation-vers-la-criminalisation-de-la-speculation\/#primaryimage"},"image":{"@id":"https:\/\/lasentinelle.dz\/index.php\/2021\/09\/29\/un-texte-de-loi-est-en-preparation-vers-la-criminalisation-de-la-speculation\/#primaryimage"},"thumbnailUrl":"https:\/\/lasentinelle.dz\/wp-content\/uploads\/2021\/09\/marche.png","datePublished":"2021-09-28T23:05:00+00:00","breadcrumb":{"@id":"https:\/\/lasentinelle.dz\/index.php\/2021\/09\/29\/un-texte-de-loi-est-en-preparation-vers-la-criminalisation-de-la-speculation\/#breadcrumb"},"inLanguage":"fr-FR","potentialAction":[{"@type":"ReadAction","target":["https:\/\/lasentinelle.dz\/index.php\/2021\/09\/29\/un-texte-de-loi-est-en-preparation-vers-la-criminalisation-de-la-speculation\/"]}]},{"@type":"ImageObject","inLanguage":"fr-FR","@id":"https:\/\/lasentinelle.dz\/index.php\/2021\/09\/29\/un-texte-de-loi-est-en-preparation-vers-la-criminalisation-de-la-speculation\/#primaryimage","url":"https:\/\/lasentinelle.dz\/wp-content\/uploads\/2021\/09\/marche.png","contentUrl":"https:\/\/lasentinelle.dz\/wp-content\/uploads\/2021\/09\/marche.png","width":592,"height":393},{"@type":"BreadcrumbList","@id":"https:\/\/lasentinelle.dz\/index.php\/2021\/09\/29\/un-texte-de-loi-est-en-preparation-vers-la-criminalisation-de-la-speculation\/#breadcrumb","itemListElement":[{"@type":"ListItem","position":1,"name":"Accueil","item":"https:\/\/lasentinelle.dz\/"},{"@type":"ListItem","position":2,"name":"Un texte de loi est en pr\u00e9paration : Vers la criminalisation de la sp\u00e9culation"}]},{"@type":"WebSite","@id":"https:\/\/lasentinelle.dz\/#website","url":"https:\/\/lasentinelle.dz\/","name":"La Sentinelle","description":"Quotidien national d&#039;information","publisher":{"@id":"https:\/\/lasentinelle.dz\/#organization"},"potentialAction":[{"@type":"SearchAction","target":{"@type":"EntryPoint","urlTemplate":"https:\/\/lasentinelle.dz\/?s={search_term_string}"},"query-input":{"@type":"PropertyValueSpecification","valueRequired":true,"valueName":"search_term_string"}}],"inLanguage":"fr-FR"},{"@type":"Organization","@id":"https:\/\/lasentinelle.dz\/#organization","name":"Quotidien La Sentinelle","url":"https:\/\/lasentinelle.dz\/","logo":{"@type":"ImageObject","inLanguage":"fr-FR","@id":"https:\/\/lasentinelle.dz\/#\/schema\/logo\/image\/","url":"https:\/\/lasentinelle.dz\/wp-content\/uploads\/2021\/09\/logo-sentinelleSLOGAN-1.png","contentUrl":"https:\/\/lasentinelle.dz\/wp-content\/uploads\/2021\/09\/logo-sentinelleSLOGAN-1.png","width":615,"height":142,"caption":"Quotidien La Sentinelle"},"image":{"@id":"https:\/\/lasentinelle.dz\/#\/schema\/logo\/image\/"},"sameAs":["https:\/\/www.facebook.com\/La-Sentinelle-104059864394773"]},{"@type":"Person","@id":"https:\/\/lasentinelle.dz\/#\/schema\/person\/d865044e22e70a75174ce8bcad3acfb3","name":"La Sentinelle","image":{"@type":"ImageObject","inLanguage":"fr-FR","@id":"https:\/\/secure.gravatar.com\/avatar\/57de8e5d4b15d43fb361a71fbb36338450fe67865b528a43dd10ef7c51a20392?s=96&d=mm&r=g","url":"https:\/\/secure.gravatar.com\/avatar\/57de8e5d4b15d43fb361a71fbb36338450fe67865b528a43dd10ef7c51a20392?s=96&d=mm&r=g","contentUrl":"https:\/\/secure.gravatar.com\/avatar\/57de8e5d4b15d43fb361a71fbb36338450fe67865b528a43dd10ef7c51a20392?s=96&d=mm&r=g","caption":"La Sentinelle"},"sameAs":["http:\/\/www.lasentinelle.dz"],"url":"https:\/\/lasentinelle.dz\/author\/redaction\/"}]}},"_links":{"self":[{"href":"https:\/\/lasentinelle.dz\/index.php\/wp-json\/wp\/v2\/posts\/9434","targetHints":{"allow":["GET"]}}],"collection":[{"href":"https:\/\/lasentinelle.dz\/index.php\/wp-json\/wp\/v2\/posts"}],"about":[{"href":"https:\/\/lasentinelle.dz\/index.php\/wp-json\/wp\/v2\/types\/post"}],"author":[{"embeddable":true,"href":"https:\/\/lasentinelle.dz\/index.php\/wp-json\/wp\/v2\/users\/3"}],"replies":[{"embeddable":true,"href":"https:\/\/lasentinelle.dz\/index.php\/wp-json\/wp\/v2\/comments?post=9434"}],"version-history":[{"count":1,"href":"https:\/\/lasentinelle.dz\/index.php\/wp-json\/wp\/v2\/posts\/9434\/revisions"}],"predecessor-version":[{"id":9475,"href":"https:\/\/lasentinelle.dz\/index.php\/wp-json\/wp\/v2\/posts\/9434\/revisions\/9475"}],"wp:featuredmedia":[{"embeddable":true,"href":"https:\/\/lasentinelle.dz\/index.php\/wp-json\/wp\/v2\/media\/9474"}],"wp:attachment":[{"href":"https:\/\/lasentinelle.dz\/index.php\/wp-json\/wp\/v2\/media?parent=9434"}],"wp:term":[{"taxonomy":"category","embeddable":true,"href":"https:\/\/lasentinelle.dz\/index.php\/wp-json\/wp\/v2\/categories?post=9434"},{"taxonomy":"post_tag","embeddable":true,"href":"https:\/\/lasentinelle.dz\/index.php\/wp-json\/wp\/v2\/tags?post=9434"}],"curies":[{"name":"wp","href":"https:\/\/api.w.org\/{rel}","templated":true}]}}