{"id":9450,"date":"2021-09-29T00:05:00","date_gmt":"2021-09-28T23:05:00","guid":{"rendered":"https:\/\/lasentinelle.dz\/?p=9450"},"modified":"2021-09-28T19:22:30","modified_gmt":"2021-09-28T18:22:30","slug":"graves-accidents-de-la-route-double-amende-pour-les-responsables","status":"publish","type":"post","link":"https:\/\/lasentinelle.dz\/index.php\/2021\/09\/29\/graves-accidents-de-la-route-double-amende-pour-les-responsables\/","title":{"rendered":"Graves accidents de la route : Double amende pour les responsables"},"content":{"rendered":"\n<p>Les amendes impos\u00e9es aux auteurs d&rsquo;accidents graves de la circulation seront d\u00e9sormais plus lourdes, selon la porte-parole de la D\u00e9l\u00e9gation nationale \u00e0 la s\u00e9curit\u00e9 routi\u00e8re (DNSR), Fatma Khellaf.<\/p>\n\n\n\n<p>La porte-parole de la DNSR, qui a annonc\u00e9 hier la r\u00e9vision en cours du Code de la route, a fait savoir dans une d\u00e9claration \u00e0 l&rsquo;APS que les amendes impos\u00e9es aux auteurs des accidents graves de la circulation, \u00e0 l&rsquo;instar des motocyclistes, impliqu\u00e9s dans 30% des accidents de la circulation enregistr\u00e9s durant les sept premiers mois de 2021, seront plus lourdes\u00a0\u00bb.&nbsp; Fatma Khellaf qui a pr\u00e9cis\u00e9 que \u00ab\u00a0la r\u00e9vision concernera notamment le son volet relatif aux amendes impos\u00e9es aux auteurs des accidents graves de la circulation, \u00e0 l&rsquo;instar des conducteurs de motocyclettes, des v\u00e9hicules impliqu\u00e9s dans 30 % des accidents de la circulation enregistr\u00e9s durant les sept premiers mois de 2021 a expliqu\u00e9 que \u00ab\u00a0les deux-roues sont impliqu\u00e9s ces derni\u00e8res ann\u00e9es dans un grand nombre d&rsquo;accidents, alors qu&rsquo;ils ne repr\u00e9sentent que 1,83% du parc national des v\u00e9hicules\u00a0\u00bb.\u00a0\u00bbUn ph\u00e9nom\u00e8ne principalement d\u00fb au non-respect des r\u00e8gles de conduite par les motocyclistes, pour la plupart des adolescents en qu\u00eate d&rsquo;aventure et de sensations fortes\u00a0\u00bb, ajoute-t-elle, pr\u00e9cisant que \u00ab\u00a0ces jeunes, pour qui la motocyclette est une v\u00e9ritable source d&rsquo;\u00e9panouissement, conduisent \u00e0 grande vitesse et vont m\u00eame jusqu&rsquo;\u00e0 faire des exhibitions, en faisant fi des r\u00e8gles de s\u00e9curit\u00e9\u00a0\u00bb. \u00ab\u00a0Ce type de v\u00e9hicules est \u00e0 l&rsquo;origine du plus grand nombre d&rsquo;accidents de la circulation, car ne disposant pas de syst\u00e8me de protection \u00e0 l&rsquo;instar des v\u00e9hicules, qui eux sont dot\u00e9s d&rsquo;une ceinture de s\u00e9curit\u00e9 et d&rsquo;airbags\u00a0\u00bb, explique M. Khellaf qui a r\u00e9v\u00e9l\u00e9 que \u00ab\u00a0parmi les principales infractions relev\u00e9es quotidiennement sur les autoroutes, figure le non-port du casque, ce qui cause -en cas d&rsquo;accident- des blessures graves, particuli\u00e8rement au niveau du cr\u00e2ne et de la colonne vert\u00e9brale, engendrant ainsi la mort ou un handicap \u00e0 vie\u00a0\u00bb.<\/p>\n\n\n\n<p>Rappelant que&nbsp; \u00ab\u00a0la conduite des motocycles de 50 cl 3, dont les scooters, requiert un permis de conduire voire m\u00eame une autorisation parentale pour les personnes \u00e2g\u00e9es entre 16 et 18 ans\u00a0\u00bb, M. Khellaf impute aux parents une grande responsabilit\u00e9 dans ce type d&rsquo;accidents, d&rsquo;autant que \u00ab\u00a0les auteurs sont souvent des adolescents novices au volant, inconscients des dangers sur la route\u00a0\u00bb. Pour sa part, Samir Khemici, auteur de l&rsquo;initiative \u00ab\u00a0Stop agressivit\u00e9 routi\u00e8re\u00a0\u00bb, consid\u00e8re que \u00ab\u00a0la seule solution pour \u00e9viter ces accidents est \u00ab\u00a0la formation stricte\u00a0\u00bb des futurs motards\u00a0\u00bb, d\u00e9plorant par la m\u00eame le fait que \u00ab\u00a0les auto \u00e9coles se contentent uniquement d&rsquo;un seul test\u00a0\u00bb alors que les textes de loi soumettent le candidat \u00e0 trois examens pour notamment les motos dot\u00e9es d&rsquo;un moteur de 125 cl 3&Prime;.<\/p>\n\n\n\n<p>Il estimera que les parents ont une grande responsabilit\u00e9 dans cette situation en&nbsp; c\u00e9dant souvent aux caprices des enfants d&rsquo;acheter des motos, puis abandonnent leur mission de contr\u00f4le. Il invite, d\u2019ailleurs, les agents de l&rsquo;ordre public et les \u00e9l\u00e9ments de la Gendarmerie nationale \u00e0 l&rsquo;application rigoureuse de la loi \u00e0 l&rsquo;encontre des motards qui ne portent pas de casques.<\/p>\n\n\n\n<p><strong>Akli Amor<\/strong><\/p>\n","protected":false},"excerpt":{"rendered":"<p>Les amendes impos\u00e9es aux auteurs d&rsquo;accidents graves de la circulation seront d\u00e9sormais plus lourdes, selon la porte-parole de la D\u00e9l\u00e9gation<\/p>\n","protected":false},"author":3,"featured_media":9460,"comment_status":"open","ping_status":"closed","sticky":false,"template":"","format":"standard","meta":{"colormag_page_container_layout":"default_layout","colormag_page_sidebar_layout":"default_layout","om_disable_all_campaigns":false,"_monsterinsights_skip_tracking":false,"_monsterinsights_sitenote_active":false,"_monsterinsights_sitenote_note":"","_monsterinsights_sitenote_category":0,"footnotes":"","_wpscppro_dont_share_socialmedia":false,"_wpscppro_custom_social_share_image":0,"_facebook_share_type":"","_twitter_share_type":"","_linkedin_share_type":"","_pinterest_share_type":"","_linkedin_share_type_page":"","_instagram_share_type":"","_medium_share_type":"","_threads_share_type":"","_google_business_share_type":"","_selected_social_profile":[],"_wpsp_enable_custom_social_template":false,"_wpsp_social_scheduling":{"enabled":false,"datetime":null,"platforms":[],"status":"template_only","dateOption":"today","timeOption":"now","customDays":"","customHours":"","customDate":"","customTime":"","schedulingType":"absolute"},"_wpsp_active_default_template":true},"categories":[52,27],"tags":[],"class_list":["post-9450","post","type-post","status-publish","format-standard","has-post-thumbnail","hentry","category-a-la-une","category-actualite"],"aioseo_notices":[],"yoast_head":"<!-- This site is optimized with the Yoast SEO plugin v27.5 - https:\/\/yoast.com\/product\/yoast-seo-wordpress\/ -->\n<title>Graves accidents de la route : Double amende pour les responsables - La Sentinelle<\/title>\n<meta name=\"robots\" content=\"index, follow, max-snippet:-1, max-image-preview:large, max-video-preview:-1\" \/>\n<link rel=\"canonical\" href=\"https:\/\/lasentinelle.dz\/index.php\/2021\/09\/29\/graves-accidents-de-la-route-double-amende-pour-les-responsables\/\" \/>\n<meta property=\"og:locale\" content=\"fr_FR\" \/>\n<meta property=\"og:type\" content=\"article\" \/>\n<meta property=\"og:title\" content=\"Graves accidents de la route : Double amende pour les responsables - La Sentinelle\" \/>\n<meta property=\"og:description\" content=\"Les amendes impos\u00e9es aux auteurs d&rsquo;accidents graves de la circulation seront d\u00e9sormais plus lourdes, selon la porte-parole de la D\u00e9l\u00e9gation\" \/>\n<meta property=\"og:url\" content=\"https:\/\/lasentinelle.dz\/index.php\/2021\/09\/29\/graves-accidents-de-la-route-double-amende-pour-les-responsables\/\" \/>\n<meta property=\"og:site_name\" content=\"La Sentinelle\" \/>\n<meta property=\"article:publisher\" content=\"https:\/\/www.facebook.com\/La-Sentinelle-104059864394773\" \/>\n<meta property=\"article:published_time\" content=\"2021-09-28T23:05:00+00:00\" \/>\n<meta property=\"og:image\" content=\"https:\/\/lasentinelle.dz\/wp-content\/uploads\/2021\/09\/accidents-scooter.jpeg\" \/>\n\t<meta property=\"og:image:width\" content=\"580\" \/>\n\t<meta property=\"og:image:height\" content=\"350\" \/>\n\t<meta property=\"og:image:type\" content=\"image\/jpeg\" \/>\n<meta name=\"author\" content=\"La Sentinelle\" \/>\n<meta name=\"twitter:card\" content=\"summary_large_image\" \/>\n<meta name=\"twitter:label1\" content=\"\u00c9crit par\" \/>\n\t<meta name=\"twitter:data1\" content=\"La Sentinelle\" \/>\n\t<meta name=\"twitter:label2\" content=\"Dur\u00e9e de lecture estim\u00e9e\" \/>\n\t<meta name=\"twitter:data2\" content=\"3 minutes\" \/>\n<script type=\"application\/ld+json\" class=\"yoast-schema-graph\">{\"@context\":\"https:\\\/\\\/schema.org\",\"@graph\":[{\"@type\":\"Article\",\"@id\":\"https:\\\/\\\/lasentinelle.dz\\\/index.php\\\/2021\\\/09\\\/29\\\/graves-accidents-de-la-route-double-amende-pour-les-responsables\\\/#article\",\"isPartOf\":{\"@id\":\"https:\\\/\\\/lasentinelle.dz\\\/index.php\\\/2021\\\/09\\\/29\\\/graves-accidents-de-la-route-double-amende-pour-les-responsables\\\/\"},\"author\":{\"name\":\"La Sentinelle\",\"@id\":\"https:\\\/\\\/lasentinelle.dz\\\/#\\\/schema\\\/person\\\/d865044e22e70a75174ce8bcad3acfb3\"},\"headline\":\"Graves accidents de la route : Double amende pour les responsables\",\"datePublished\":\"2021-09-28T23:05:00+00:00\",\"mainEntityOfPage\":{\"@id\":\"https:\\\/\\\/lasentinelle.dz\\\/index.php\\\/2021\\\/09\\\/29\\\/graves-accidents-de-la-route-double-amende-pour-les-responsables\\\/\"},\"wordCount\":562,\"commentCount\":0,\"publisher\":{\"@id\":\"https:\\\/\\\/lasentinelle.dz\\\/#organization\"},\"image\":{\"@id\":\"https:\\\/\\\/lasentinelle.dz\\\/index.php\\\/2021\\\/09\\\/29\\\/graves-accidents-de-la-route-double-amende-pour-les-responsables\\\/#primaryimage\"},\"thumbnailUrl\":\"https:\\\/\\\/lasentinelle.dz\\\/wp-content\\\/uploads\\\/2021\\\/09\\\/accidents-scooter.jpeg\",\"articleSection\":[\"\u00c0 la Une\",\"Actualit\u00e9\"],\"inLanguage\":\"fr-FR\",\"potentialAction\":[{\"@type\":\"CommentAction\",\"name\":\"Comment\",\"target\":[\"https:\\\/\\\/lasentinelle.dz\\\/index.php\\\/2021\\\/09\\\/29\\\/graves-accidents-de-la-route-double-amende-pour-les-responsables\\\/#respond\"]}]},{\"@type\":\"WebPage\",\"@id\":\"https:\\\/\\\/lasentinelle.dz\\\/index.php\\\/2021\\\/09\\\/29\\\/graves-accidents-de-la-route-double-amende-pour-les-responsables\\\/\",\"url\":\"https:\\\/\\\/lasentinelle.dz\\\/index.php\\\/2021\\\/09\\\/29\\\/graves-accidents-de-la-route-double-amende-pour-les-responsables\\\/\",\"name\":\"Graves accidents de la route : Double amende pour les responsables - La Sentinelle\",\"isPartOf\":{\"@id\":\"https:\\\/\\\/lasentinelle.dz\\\/#website\"},\"primaryImageOfPage\":{\"@id\":\"https:\\\/\\\/lasentinelle.dz\\\/index.php\\\/2021\\\/09\\\/29\\\/graves-accidents-de-la-route-double-amende-pour-les-responsables\\\/#primaryimage\"},\"image\":{\"@id\":\"https:\\\/\\\/lasentinelle.dz\\\/index.php\\\/2021\\\/09\\\/29\\\/graves-accidents-de-la-route-double-amende-pour-les-responsables\\\/#primaryimage\"},\"thumbnailUrl\":\"https:\\\/\\\/lasentinelle.dz\\\/wp-content\\\/uploads\\\/2021\\\/09\\\/accidents-scooter.jpeg\",\"datePublished\":\"2021-09-28T23:05:00+00:00\",\"breadcrumb\":{\"@id\":\"https:\\\/\\\/lasentinelle.dz\\\/index.php\\\/2021\\\/09\\\/29\\\/graves-accidents-de-la-route-double-amende-pour-les-responsables\\\/#breadcrumb\"},\"inLanguage\":\"fr-FR\",\"potentialAction\":[{\"@type\":\"ReadAction\",\"target\":[\"https:\\\/\\\/lasentinelle.dz\\\/index.php\\\/2021\\\/09\\\/29\\\/graves-accidents-de-la-route-double-amende-pour-les-responsables\\\/\"]}]},{\"@type\":\"ImageObject\",\"inLanguage\":\"fr-FR\",\"@id\":\"https:\\\/\\\/lasentinelle.dz\\\/index.php\\\/2021\\\/09\\\/29\\\/graves-accidents-de-la-route-double-amende-pour-les-responsables\\\/#primaryimage\",\"url\":\"https:\\\/\\\/lasentinelle.dz\\\/wp-content\\\/uploads\\\/2021\\\/09\\\/accidents-scooter.jpeg\",\"contentUrl\":\"https:\\\/\\\/lasentinelle.dz\\\/wp-content\\\/uploads\\\/2021\\\/09\\\/accidents-scooter.jpeg\",\"width\":580,\"height\":350},{\"@type\":\"BreadcrumbList\",\"@id\":\"https:\\\/\\\/lasentinelle.dz\\\/index.php\\\/2021\\\/09\\\/29\\\/graves-accidents-de-la-route-double-amende-pour-les-responsables\\\/#breadcrumb\",\"itemListElement\":[{\"@type\":\"ListItem\",\"position\":1,\"name\":\"Accueil\",\"item\":\"https:\\\/\\\/lasentinelle.dz\\\/\"},{\"@type\":\"ListItem\",\"position\":2,\"name\":\"Graves accidents de la route : Double amende pour les responsables\"}]},{\"@type\":\"WebSite\",\"@id\":\"https:\\\/\\\/lasentinelle.dz\\\/#website\",\"url\":\"https:\\\/\\\/lasentinelle.dz\\\/\",\"name\":\"La Sentinelle\",\"description\":\"Quotidien national d&#039;information\",\"publisher\":{\"@id\":\"https:\\\/\\\/lasentinelle.dz\\\/#organization\"},\"potentialAction\":[{\"@type\":\"SearchAction\",\"target\":{\"@type\":\"EntryPoint\",\"urlTemplate\":\"https:\\\/\\\/lasentinelle.dz\\\/?s={search_term_string}\"},\"query-input\":{\"@type\":\"PropertyValueSpecification\",\"valueRequired\":true,\"valueName\":\"search_term_string\"}}],\"inLanguage\":\"fr-FR\"},{\"@type\":\"Organization\",\"@id\":\"https:\\\/\\\/lasentinelle.dz\\\/#organization\",\"name\":\"Quotidien La Sentinelle\",\"url\":\"https:\\\/\\\/lasentinelle.dz\\\/\",\"logo\":{\"@type\":\"ImageObject\",\"inLanguage\":\"fr-FR\",\"@id\":\"https:\\\/\\\/lasentinelle.dz\\\/#\\\/schema\\\/logo\\\/image\\\/\",\"url\":\"https:\\\/\\\/lasentinelle.dz\\\/wp-content\\\/uploads\\\/2021\\\/09\\\/logo-sentinelleSLOGAN-1.png\",\"contentUrl\":\"https:\\\/\\\/lasentinelle.dz\\\/wp-content\\\/uploads\\\/2021\\\/09\\\/logo-sentinelleSLOGAN-1.png\",\"width\":615,\"height\":142,\"caption\":\"Quotidien La Sentinelle\"},\"image\":{\"@id\":\"https:\\\/\\\/lasentinelle.dz\\\/#\\\/schema\\\/logo\\\/image\\\/\"},\"sameAs\":[\"https:\\\/\\\/www.facebook.com\\\/La-Sentinelle-104059864394773\"]},{\"@type\":\"Person\",\"@id\":\"https:\\\/\\\/lasentinelle.dz\\\/#\\\/schema\\\/person\\\/d865044e22e70a75174ce8bcad3acfb3\",\"name\":\"La Sentinelle\",\"image\":{\"@type\":\"ImageObject\",\"inLanguage\":\"fr-FR\",\"@id\":\"https:\\\/\\\/secure.gravatar.com\\\/avatar\\\/57de8e5d4b15d43fb361a71fbb36338450fe67865b528a43dd10ef7c51a20392?s=96&d=mm&r=g\",\"url\":\"https:\\\/\\\/secure.gravatar.com\\\/avatar\\\/57de8e5d4b15d43fb361a71fbb36338450fe67865b528a43dd10ef7c51a20392?s=96&d=mm&r=g\",\"contentUrl\":\"https:\\\/\\\/secure.gravatar.com\\\/avatar\\\/57de8e5d4b15d43fb361a71fbb36338450fe67865b528a43dd10ef7c51a20392?s=96&d=mm&r=g\",\"caption\":\"La Sentinelle\"},\"sameAs\":[\"http:\\\/\\\/www.lasentinelle.dz\"],\"url\":\"https:\\\/\\\/lasentinelle.dz\\\/author\\\/redaction\\\/\"}]}<\/script>\n<!-- \/ Yoast SEO plugin. -->","yoast_head_json":{"title":"Graves accidents de la route : Double amende pour les responsables - La Sentinelle","robots":{"index":"index","follow":"follow","max-snippet":"max-snippet:-1","max-image-preview":"max-image-preview:large","max-video-preview":"max-video-preview:-1"},"canonical":"https:\/\/lasentinelle.dz\/index.php\/2021\/09\/29\/graves-accidents-de-la-route-double-amende-pour-les-responsables\/","og_locale":"fr_FR","og_type":"article","og_title":"Graves accidents de la route : Double amende pour les responsables - La Sentinelle","og_description":"Les amendes impos\u00e9es aux auteurs d&rsquo;accidents graves de la circulation seront d\u00e9sormais plus lourdes, selon la porte-parole de la D\u00e9l\u00e9gation","og_url":"https:\/\/lasentinelle.dz\/index.php\/2021\/09\/29\/graves-accidents-de-la-route-double-amende-pour-les-responsables\/","og_site_name":"La Sentinelle","article_publisher":"https:\/\/www.facebook.com\/La-Sentinelle-104059864394773","article_published_time":"2021-09-28T23:05:00+00:00","og_image":[{"width":580,"height":350,"url":"https:\/\/lasentinelle.dz\/wp-content\/uploads\/2021\/09\/accidents-scooter.jpeg","type":"image\/jpeg"}],"author":"La Sentinelle","twitter_card":"summary_large_image","twitter_misc":{"\u00c9crit par":"La Sentinelle","Dur\u00e9e de lecture estim\u00e9e":"3 minutes"},"schema":{"@context":"https:\/\/schema.org","@graph":[{"@type":"Article","@id":"https:\/\/lasentinelle.dz\/index.php\/2021\/09\/29\/graves-accidents-de-la-route-double-amende-pour-les-responsables\/#article","isPartOf":{"@id":"https:\/\/lasentinelle.dz\/index.php\/2021\/09\/29\/graves-accidents-de-la-route-double-amende-pour-les-responsables\/"},"author":{"name":"La Sentinelle","@id":"https:\/\/lasentinelle.dz\/#\/schema\/person\/d865044e22e70a75174ce8bcad3acfb3"},"headline":"Graves accidents de la route : Double amende pour les responsables","datePublished":"2021-09-28T23:05:00+00:00","mainEntityOfPage":{"@id":"https:\/\/lasentinelle.dz\/index.php\/2021\/09\/29\/graves-accidents-de-la-route-double-amende-pour-les-responsables\/"},"wordCount":562,"commentCount":0,"publisher":{"@id":"https:\/\/lasentinelle.dz\/#organization"},"image":{"@id":"https:\/\/lasentinelle.dz\/index.php\/2021\/09\/29\/graves-accidents-de-la-route-double-amende-pour-les-responsables\/#primaryimage"},"thumbnailUrl":"https:\/\/lasentinelle.dz\/wp-content\/uploads\/2021\/09\/accidents-scooter.jpeg","articleSection":["\u00c0 la Une","Actualit\u00e9"],"inLanguage":"fr-FR","potentialAction":[{"@type":"CommentAction","name":"Comment","target":["https:\/\/lasentinelle.dz\/index.php\/2021\/09\/29\/graves-accidents-de-la-route-double-amende-pour-les-responsables\/#respond"]}]},{"@type":"WebPage","@id":"https:\/\/lasentinelle.dz\/index.php\/2021\/09\/29\/graves-accidents-de-la-route-double-amende-pour-les-responsables\/","url":"https:\/\/lasentinelle.dz\/index.php\/2021\/09\/29\/graves-accidents-de-la-route-double-amende-pour-les-responsables\/","name":"Graves accidents de la route : Double amende pour les responsables - La Sentinelle","isPartOf":{"@id":"https:\/\/lasentinelle.dz\/#website"},"primaryImageOfPage":{"@id":"https:\/\/lasentinelle.dz\/index.php\/2021\/09\/29\/graves-accidents-de-la-route-double-amende-pour-les-responsables\/#primaryimage"},"image":{"@id":"https:\/\/lasentinelle.dz\/index.php\/2021\/09\/29\/graves-accidents-de-la-route-double-amende-pour-les-responsables\/#primaryimage"},"thumbnailUrl":"https:\/\/lasentinelle.dz\/wp-content\/uploads\/2021\/09\/accidents-scooter.jpeg","datePublished":"2021-09-28T23:05:00+00:00","breadcrumb":{"@id":"https:\/\/lasentinelle.dz\/index.php\/2021\/09\/29\/graves-accidents-de-la-route-double-amende-pour-les-responsables\/#breadcrumb"},"inLanguage":"fr-FR","potentialAction":[{"@type":"ReadAction","target":["https:\/\/lasentinelle.dz\/index.php\/2021\/09\/29\/graves-accidents-de-la-route-double-amende-pour-les-responsables\/"]}]},{"@type":"ImageObject","inLanguage":"fr-FR","@id":"https:\/\/lasentinelle.dz\/index.php\/2021\/09\/29\/graves-accidents-de-la-route-double-amende-pour-les-responsables\/#primaryimage","url":"https:\/\/lasentinelle.dz\/wp-content\/uploads\/2021\/09\/accidents-scooter.jpeg","contentUrl":"https:\/\/lasentinelle.dz\/wp-content\/uploads\/2021\/09\/accidents-scooter.jpeg","width":580,"height":350},{"@type":"BreadcrumbList","@id":"https:\/\/lasentinelle.dz\/index.php\/2021\/09\/29\/graves-accidents-de-la-route-double-amende-pour-les-responsables\/#breadcrumb","itemListElement":[{"@type":"ListItem","position":1,"name":"Accueil","item":"https:\/\/lasentinelle.dz\/"},{"@type":"ListItem","position":2,"name":"Graves accidents de la route : Double amende pour les responsables"}]},{"@type":"WebSite","@id":"https:\/\/lasentinelle.dz\/#website","url":"https:\/\/lasentinelle.dz\/","name":"La Sentinelle","description":"Quotidien national d&#039;information","publisher":{"@id":"https:\/\/lasentinelle.dz\/#organization"},"potentialAction":[{"@type":"SearchAction","target":{"@type":"EntryPoint","urlTemplate":"https:\/\/lasentinelle.dz\/?s={search_term_string}"},"query-input":{"@type":"PropertyValueSpecification","valueRequired":true,"valueName":"search_term_string"}}],"inLanguage":"fr-FR"},{"@type":"Organization","@id":"https:\/\/lasentinelle.dz\/#organization","name":"Quotidien La Sentinelle","url":"https:\/\/lasentinelle.dz\/","logo":{"@type":"ImageObject","inLanguage":"fr-FR","@id":"https:\/\/lasentinelle.dz\/#\/schema\/logo\/image\/","url":"https:\/\/lasentinelle.dz\/wp-content\/uploads\/2021\/09\/logo-sentinelleSLOGAN-1.png","contentUrl":"https:\/\/lasentinelle.dz\/wp-content\/uploads\/2021\/09\/logo-sentinelleSLOGAN-1.png","width":615,"height":142,"caption":"Quotidien La Sentinelle"},"image":{"@id":"https:\/\/lasentinelle.dz\/#\/schema\/logo\/image\/"},"sameAs":["https:\/\/www.facebook.com\/La-Sentinelle-104059864394773"]},{"@type":"Person","@id":"https:\/\/lasentinelle.dz\/#\/schema\/person\/d865044e22e70a75174ce8bcad3acfb3","name":"La Sentinelle","image":{"@type":"ImageObject","inLanguage":"fr-FR","@id":"https:\/\/secure.gravatar.com\/avatar\/57de8e5d4b15d43fb361a71fbb36338450fe67865b528a43dd10ef7c51a20392?s=96&d=mm&r=g","url":"https:\/\/secure.gravatar.com\/avatar\/57de8e5d4b15d43fb361a71fbb36338450fe67865b528a43dd10ef7c51a20392?s=96&d=mm&r=g","contentUrl":"https:\/\/secure.gravatar.com\/avatar\/57de8e5d4b15d43fb361a71fbb36338450fe67865b528a43dd10ef7c51a20392?s=96&d=mm&r=g","caption":"La Sentinelle"},"sameAs":["http:\/\/www.lasentinelle.dz"],"url":"https:\/\/lasentinelle.dz\/author\/redaction\/"}]}},"_links":{"self":[{"href":"https:\/\/lasentinelle.dz\/index.php\/wp-json\/wp\/v2\/posts\/9450","targetHints":{"allow":["GET"]}}],"collection":[{"href":"https:\/\/lasentinelle.dz\/index.php\/wp-json\/wp\/v2\/posts"}],"about":[{"href":"https:\/\/lasentinelle.dz\/index.php\/wp-json\/wp\/v2\/types\/post"}],"author":[{"embeddable":true,"href":"https:\/\/lasentinelle.dz\/index.php\/wp-json\/wp\/v2\/users\/3"}],"replies":[{"embeddable":true,"href":"https:\/\/lasentinelle.dz\/index.php\/wp-json\/wp\/v2\/comments?post=9450"}],"version-history":[{"count":1,"href":"https:\/\/lasentinelle.dz\/index.php\/wp-json\/wp\/v2\/posts\/9450\/revisions"}],"predecessor-version":[{"id":9461,"href":"https:\/\/lasentinelle.dz\/index.php\/wp-json\/wp\/v2\/posts\/9450\/revisions\/9461"}],"wp:featuredmedia":[{"embeddable":true,"href":"https:\/\/lasentinelle.dz\/index.php\/wp-json\/wp\/v2\/media\/9460"}],"wp:attachment":[{"href":"https:\/\/lasentinelle.dz\/index.php\/wp-json\/wp\/v2\/media?parent=9450"}],"wp:term":[{"taxonomy":"category","embeddable":true,"href":"https:\/\/lasentinelle.dz\/index.php\/wp-json\/wp\/v2\/categories?post=9450"},{"taxonomy":"post_tag","embeddable":true,"href":"https:\/\/lasentinelle.dz\/index.php\/wp-json\/wp\/v2\/tags?post=9450"}],"curies":[{"name":"wp","href":"https:\/\/api.w.org\/{rel}","templated":true}]}}