{"id":94508,"date":"2026-08-29T21:24:47","date_gmt":"2026-08-29T20:24:47","guid":{"rendered":"https:\/\/lasentinelle.dz\/?p=94508"},"modified":"2026-08-29T21:24:55","modified_gmt":"2026-08-29T20:24:55","slug":"une-photo-de-ghaza-censuree-a-deauville-quand-on-tente-deffacer-la-memoire-palestinienne-en-silence","status":"publish","type":"post","link":"https:\/\/lasentinelle.dz\/index.php\/2026\/08\/29\/une-photo-de-ghaza-censuree-a-deauville-quand-on-tente-deffacer-la-memoire-palestinienne-en-silence\/","title":{"rendered":"Une photo de Ghaza censur\u00e9e \u00e0 Deauville\u00a0: Quand on tente d\u2019effacer la m\u00e9moire palestinienne en silence"},"content":{"rendered":"\n<p class=\"wp-block-paragraph\">Une photographie du photojournaliste palestinien Jehad Alshrafi montrant un match de football disput\u00e9 au milieu des d\u00e9combres de Ghaza a \u00e9t\u00e9 discr\u00e8tement retir\u00e9e \u00e0 la mi-ao\u00fbt d&rsquo;une exposition en plein air organis\u00e9e \u00e0 Deauville, dans le nord de la France, provoquant l&rsquo;indignation de plusieurs \u00e9lus et d\u00e9fenseurs de la libert\u00e9 de la presse qui d\u00e9noncent une censure exerc\u00e9e sous la pression d&rsquo;activistes sionistes et pro-isra\u00e9liens. Le clich\u00e9, r\u00e9alis\u00e9 le 14 f\u00e9vrier 2026 par ce photojournaliste Ghazaoui collaborant avec l&rsquo;agence Associated Press, montrait des joueurs du Ghaza Sports Club affrontant une \u00e9quipe \u00e9gyptienne sur une pelouse improvis\u00e9e, cern\u00e9e d&rsquo;immeubles \u00e9ventr\u00e9s par les bombardements de l&rsquo;arm\u00e9e d\u2019occupation isra\u00e9lienne. Il figurait depuis juin dans le cadre du festival Deauville Sport Images, qui rassemble jusqu&rsquo;au 6 septembre environ 300 photographies de plus de 300 photographes venus du monde entier, autour du th\u00e8me du sport dans ses dimensions humaine et sociale.<\/p>\n\n\n\n<p class=\"wp-block-paragraph\">C&rsquo;est Sylvain Larcher, secr\u00e9taire de la section locale du Parti socialiste, qui a constat\u00e9 le 20 ao\u00fbt le remplacement de l&rsquo;image par une photographie de cyclistes. \u00c9mu par ce clich\u00e9 lors d&rsquo;une premi\u00e8re visite, il a aussit\u00f4t interrog\u00e9 la municipalit\u00e9, s&rsquo;inqui\u00e9tant d&rsquo;une atteinte port\u00e9e \u00e0 la libert\u00e9 d&rsquo;expression artistique. Sollicit\u00e9e par la presse, la mairie de Deauville, dirig\u00e9e par Philippe Augier, a reconnu que la photographie n&rsquo;avait \u00ab en rien \u00bb un caract\u00e8re pro Hamas et qu&rsquo;elle illustrait pleinement l&rsquo;esprit de l&rsquo;exposition en montrant que le sport peut se pratiquer partout, m\u00eame dans les circonstances les plus dramatiques. Elle a n\u00e9anmoins assur\u00e9 n&rsquo;avoir subi \u00ab aucune pression \u00bb, justifiant le retrait par un simple \u00ab souci d&rsquo;apaisement \u00bb, sans fournir davantage de pr\u00e9cisions sur l&rsquo;origine des demandes \u00e9voqu\u00e9es dans un premier temps aupr\u00e8s de la presse locale.<\/p>\n\n\n\n<p class=\"wp-block-paragraph\">Cette explication n&rsquo;a pas convaincu la classe politique de gauche fran\u00e7aise. Le d\u00e9put\u00e9 socialiste du Calvados Arthur Delaporte a r\u00e9clam\u00e9 la r\u00e9installation imm\u00e9diate de l&rsquo;\u0153uvre ainsi que des excuses publiques, d\u00e9non\u00e7ant une \u00ab censure \u00e0 bas bruit \u00bb incompatible avec la mission du photojournalisme, qui consiste \u00e0 montrer le r\u00e9el dans toute sa complexit\u00e9. Le d\u00e9put\u00e9 insoumis Emmanuel Fernandes a de son c\u00f4t\u00e9 accus\u00e9 des activistes pro-isra\u00e9liens d&rsquo;avoir voulu effacer la r\u00e9alit\u00e9 de la guerre men\u00e9e par l\u2019entit\u00e9 sioniste dans l&rsquo;enclave palestinienne, appelant \u00e0 diffuser largement l&rsquo;image. L&rsquo;eurod\u00e9put\u00e9e Emma Fourreau a qualifi\u00e9 la d\u00e9cision d&rsquo;\u00ab indigne \u00bb, \u00e9voquant une invisibilisation du peuple palestinien jusque dans le champ artistique, tandis que le premier secr\u00e9taire du Parti socialiste Olivier Faure a r\u00e9sum\u00e9 la situation en rappelant que la presse est interdite \u00e0 Ghaza et les photos d\u00e9sormais interdites \u00e0 Deauville.<\/p>\n\n\n\n<p class=\"wp-block-paragraph\">La secr\u00e9taire g\u00e9n\u00e9rale d&rsquo;Amnesty International, Agn\u00e8s Callamard, a pour sa part estim\u00e9 que le simple fait de montrer cette photographie constituait un acte de r\u00e9sistance face \u00e0 la censure. Jehad Alshrafi documente depuis le d\u00e9but du conflit les cons\u00e9quences humanitaires de la guerre g\u00e9nocidaire sioniste sur la bande de Ghaza. Sa s\u00e9rie consacr\u00e9e aux effets de la famine et de la guerre avait \u00e9t\u00e9 retenue parmi les finalistes du prix international Luis Valtuena de photographie humanitaire en Espagne. Son travail est r\u00e9guli\u00e8rement repris par les m\u00e9dias internationaux comme t\u00e9moignage direct de la situation sur le terrain et de la r\u00e9silience de la population palestinienne face \u00e0 la destruction et aux tentatives sionistes d\u2019effacement de la m\u00e9moire et de l\u2019identit\u00e9 palestiniennes.<\/p>\n\n\n\n<p class=\"wp-block-paragraph\">M.S.<\/p>\n","protected":false},"excerpt":{"rendered":"<p>Une photographie du photojournaliste palestinien Jehad Alshrafi montrant un match de football disput\u00e9 au milieu des d\u00e9combres de Ghaza a<\/p>\n","protected":false},"author":6,"featured_media":94509,"comment_status":"open","ping_status":"closed","sticky":false,"template":"","format":"standard","meta":{"colormag_page_container_layout":"default_layout","colormag_page_sidebar_layout":"default_layout","om_disable_all_campaigns":false,"_monsterinsights_skip_tracking":false,"footnotes":"","_wpscppro_dont_share_socialmedia":false,"_wpscppro_custom_social_share_image":0,"_facebook_share_type":"default","_twitter_share_type":"default","_linkedin_share_type":"default","_pinterest_share_type":"default","_linkedin_share_type_page":"","_instagram_share_type":"default","_medium_share_type":"default","_threads_share_type":"default","_google_business_share_type":"default","_bluesky_share_type":"default","_mastodon_share_type":"default","_selected_social_profile":[],"_wpsp_enable_custom_social_template":false,"_wpsp_social_scheduling":{"enabled":false,"datetime":null,"platforms":[],"status":"template_only","dateOption":"today","timeOption":"now","customDays":"","customHours":"","customDate":"","customTime":"","schedulingType":"absolute"},"_wpsp_active_default_template":true},"categories":[36],"tags":[],"class_list":["post-94508","post","type-post","status-publish","format-standard","has-post-thumbnail","hentry","category-culture"],"aioseo_notices":[],"aioseo_head":"\n\t\t<!-- All in One SEO 5.0.0.1 - aioseo.com -->\n\t<meta name=\"description\" content=\"Une photographie du photojournaliste palestinien Jehad Alshrafi montrant un match de football disput\u00e9 au milieu des d\u00e9combres de Ghaza a \u00e9t\u00e9 discr\u00e8tement retir\u00e9e \u00e0 la mi-ao\u00fbt d&#039;une exposition en plein air organis\u00e9e \u00e0 Deauville, dans le nord de la France, provoquant l&#039;indignation de plusieurs \u00e9lus et d\u00e9fenseurs de la libert\u00e9 de la presse qui d\u00e9noncent\" \/>\n\t<meta name=\"robots\" content=\"max-image-preview:large\" \/>\n\t<meta name=\"author\" content=\"admin\"\/>\n\t<link rel=\"canonical\" href=\"https:\/\/lasentinelle.dz\/index.php\/2026\/08\/29\/une-photo-de-ghaza-censuree-a-deauville-quand-on-tente-deffacer-la-memoire-palestinienne-en-silence\/\" \/>\n\t<meta name=\"generator\" content=\"All in One SEO (AIOSEO) 5.0.0.1\" \/>\n\t\t<meta property=\"og:locale\" content=\"fr_FR\" \/>\n\t\t<meta property=\"og:site_name\" content=\"La Sentinelle - Quotidien national d&#039;information\" \/>\n\t\t<meta property=\"og:type\" content=\"article\" \/>\n\t\t<meta property=\"og:title\" content=\"Une photo de Ghaza censur\u00e9e \u00e0 Deauville : Quand on tente d\u2019effacer la m\u00e9moire palestinienne en silence - La Sentinelle\" \/>\n\t\t<meta property=\"og:description\" content=\"Une photographie du photojournaliste palestinien Jehad Alshrafi montrant un match de football disput\u00e9 au milieu des d\u00e9combres de Ghaza a \u00e9t\u00e9 discr\u00e8tement retir\u00e9e \u00e0 la mi-ao\u00fbt d&#039;une exposition en plein air organis\u00e9e \u00e0 Deauville, dans le nord de la France, provoquant l&#039;indignation de plusieurs \u00e9lus et d\u00e9fenseurs de la libert\u00e9 de la presse qui d\u00e9noncent\" \/>\n\t\t<meta property=\"og:url\" content=\"https:\/\/lasentinelle.dz\/index.php\/2026\/08\/29\/une-photo-de-ghaza-censuree-a-deauville-quand-on-tente-deffacer-la-memoire-palestinienne-en-silence\/\" \/>\n\t\t<meta property=\"og:image\" content=\"https:\/\/lasentinelle.dz\/wp-content\/uploads\/2021\/09\/cropped-la-sentinelle-earth-golden-anima-5.gif\" \/>\n\t\t<meta property=\"og:image:secure_url\" content=\"https:\/\/lasentinelle.dz\/wp-content\/uploads\/2021\/09\/cropped-la-sentinelle-earth-golden-anima-5.gif\" \/>\n\t\t<meta property=\"og:image:width\" content=\"450\" \/>\n\t\t<meta property=\"og:image:height\" content=\"213\" \/>\n\t\t<meta property=\"article:published_time\" content=\"2026-08-29T20:24:47+00:00\" \/>\n\t\t<meta property=\"article:modified_time\" content=\"2026-08-29T20:24:55+00:00\" \/>\n\t\t<meta property=\"article:publisher\" content=\"https:\/\/www.facebook.com\/azzedine.lasentinelle.1\" \/>\n\t\t<meta name=\"twitter:card\" content=\"summary_large_image\" \/>\n\t\t<meta name=\"twitter:title\" content=\"Une photo de Ghaza censur\u00e9e \u00e0 Deauville : Quand on tente d\u2019effacer la m\u00e9moire palestinienne en silence - La Sentinelle\" \/>\n\t\t<meta name=\"twitter:description\" content=\"Une photographie du photojournaliste palestinien Jehad Alshrafi montrant un match de football disput\u00e9 au milieu des d\u00e9combres de Ghaza a \u00e9t\u00e9 discr\u00e8tement retir\u00e9e \u00e0 la mi-ao\u00fbt d&#039;une exposition en plein air organis\u00e9e \u00e0 Deauville, dans le nord de la France, provoquant l&#039;indignation de plusieurs \u00e9lus et d\u00e9fenseurs de la libert\u00e9 de la presse qui d\u00e9noncent\" \/>\n\t\t<meta name=\"twitter:image\" content=\"https:\/\/lasentinelle.dz\/wp-content\/uploads\/2021\/09\/cropped-la-sentinelle-earth-golden-anima-5.gif\" \/>\n\t\t<script type=\"application\/ld+json\" class=\"aioseo-schema\">\n\t\t\t{\"@context\":\"https:\\\/\\\/schema.org\",\"@graph\":[{\"@type\":\"BlogPosting\",\"@id\":\"https:\\\/\\\/lasentinelle.dz\\\/index.php\\\/2026\\\/08\\\/29\\\/une-photo-de-ghaza-censuree-a-deauville-quand-on-tente-deffacer-la-memoire-palestinienne-en-silence\\\/#blogposting\",\"name\":\"Une photo de Ghaza censur\\u00e9e \\u00e0 Deauville : Quand on tente d\\u2019effacer la m\\u00e9moire palestinienne en silence - La Sentinelle\",\"headline\":\"Une photo de Ghaza censur\\u00e9e \\u00e0 Deauville\\u00a0: Quand on tente d\\u2019effacer la m\\u00e9moire palestinienne en silence\",\"author\":{\"@id\":\"https:\\\/\\\/lasentinelle.dz\\\/author\\\/admin\\\/#author\"},\"publisher\":{\"@id\":\"https:\\\/\\\/lasentinelle.dz\\\/#organization\"},\"image\":{\"@type\":\"ImageObject\",\"url\":\"https:\\\/\\\/lasentinelle.dz\\\/wp-content\\\/uploads\\\/2026\\\/08\\\/merabet-unesco.png\",\"width\":1040,\"height\":628},\"datePublished\":\"2026-08-29T21:24:47+01:00\",\"dateModified\":\"2026-08-29T21:24:55+01:00\",\"inLanguage\":\"fr-FR\",\"mainEntityOfPage\":{\"@id\":\"https:\\\/\\\/lasentinelle.dz\\\/index.php\\\/2026\\\/08\\\/29\\\/une-photo-de-ghaza-censuree-a-deauville-quand-on-tente-deffacer-la-memoire-palestinienne-en-silence\\\/#webpage\"},\"isPartOf\":{\"@id\":\"https:\\\/\\\/lasentinelle.dz\\\/index.php\\\/2026\\\/08\\\/29\\\/une-photo-de-ghaza-censuree-a-deauville-quand-on-tente-deffacer-la-memoire-palestinienne-en-silence\\\/#webpage\"},\"articleSection\":\"Culture\"},{\"@type\":\"BreadcrumbList\",\"@id\":\"https:\\\/\\\/lasentinelle.dz\\\/index.php\\\/2026\\\/08\\\/29\\\/une-photo-de-ghaza-censuree-a-deauville-quand-on-tente-deffacer-la-memoire-palestinienne-en-silence\\\/#breadcrumblist\",\"itemListElement\":[{\"@type\":\"ListItem\",\"@id\":\"https:\\\/\\\/lasentinelle.dz#listItem\",\"position\":1,\"name\":\"Home\",\"item\":\"https:\\\/\\\/lasentinelle.dz\",\"nextItem\":{\"@type\":\"ListItem\",\"@id\":\"https:\\\/\\\/lasentinelle.dz\\\/index.php\\\/category\\\/culture\\\/#listItem\",\"name\":\"Culture\"}},{\"@type\":\"ListItem\",\"@id\":\"https:\\\/\\\/lasentinelle.dz\\\/index.php\\\/category\\\/culture\\\/#listItem\",\"position\":2,\"name\":\"Culture\",\"item\":\"https:\\\/\\\/lasentinelle.dz\\\/index.php\\\/category\\\/culture\\\/\",\"nextItem\":{\"@type\":\"ListItem\",\"@id\":\"https:\\\/\\\/lasentinelle.dz\\\/index.php\\\/2026\\\/08\\\/29\\\/une-photo-de-ghaza-censuree-a-deauville-quand-on-tente-deffacer-la-memoire-palestinienne-en-silence\\\/#listItem\",\"name\":\"Une photo de Ghaza censur\\u00e9e \\u00e0 Deauville\\u00a0: Quand on tente d\\u2019effacer la m\\u00e9moire palestinienne en silence\"},\"previousItem\":{\"@type\":\"ListItem\",\"@id\":\"https:\\\/\\\/lasentinelle.dz#listItem\",\"name\":\"Home\"}},{\"@type\":\"ListItem\",\"@id\":\"https:\\\/\\\/lasentinelle.dz\\\/index.php\\\/2026\\\/08\\\/29\\\/une-photo-de-ghaza-censuree-a-deauville-quand-on-tente-deffacer-la-memoire-palestinienne-en-silence\\\/#listItem\",\"position\":3,\"name\":\"Une photo de Ghaza censur\\u00e9e \\u00e0 Deauville\\u00a0: Quand on tente d\\u2019effacer la m\\u00e9moire palestinienne en silence\",\"previousItem\":{\"@type\":\"ListItem\",\"@id\":\"https:\\\/\\\/lasentinelle.dz\\\/index.php\\\/category\\\/culture\\\/#listItem\",\"name\":\"Culture\"}}]},{\"@type\":\"Organization\",\"@id\":\"https:\\\/\\\/lasentinelle.dz\\\/#organization\",\"name\":\"La Sentinelle La Sentinelle\",\"description\":\"Quotidien national d'information\",\"url\":\"https:\\\/\\\/lasentinelle.dz\\\/\",\"logo\":{\"@type\":\"ImageObject\",\"url\":\"https:\\\/\\\/lasentinelle.dz\\\/wp-content\\\/uploads\\\/2021\\\/09\\\/cropped-la-sentinelle-earth-golden-anima-5.gif\",\"@id\":\"https:\\\/\\\/lasentinelle.dz\\\/index.php\\\/2026\\\/08\\\/29\\\/une-photo-de-ghaza-censuree-a-deauville-quand-on-tente-deffacer-la-memoire-palestinienne-en-silence\\\/#organizationLogo\",\"width\":450,\"height\":213},\"image\":{\"@id\":\"https:\\\/\\\/lasentinelle.dz\\\/index.php\\\/2026\\\/08\\\/29\\\/une-photo-de-ghaza-censuree-a-deauville-quand-on-tente-deffacer-la-memoire-palestinienne-en-silence\\\/#organizationLogo\"},\"sameAs\":[\"https:\\\/\\\/www.facebook.com\\\/azzedine.lasentinelle.1\"]},{\"@type\":\"Person\",\"@id\":\"https:\\\/\\\/lasentinelle.dz\\\/author\\\/admin\\\/#author\",\"url\":\"https:\\\/\\\/lasentinelle.dz\\\/author\\\/admin\\\/\",\"name\":\"admin\",\"image\":{\"@type\":\"ImageObject\",\"@id\":\"https:\\\/\\\/lasentinelle.dz\\\/index.php\\\/2026\\\/08\\\/29\\\/une-photo-de-ghaza-censuree-a-deauville-quand-on-tente-deffacer-la-memoire-palestinienne-en-silence\\\/#authorImage\",\"url\":\"https:\\\/\\\/secure.gravatar.com\\\/avatar\\\/4c81fed838786e9b53f540bf46533e750f5d292099ae3b66cfc6fb1982e29df7?s=96&d=mm&r=g\",\"width\":96,\"height\":96,\"caption\":\"admin\"}},{\"@type\":\"WebPage\",\"@id\":\"https:\\\/\\\/lasentinelle.dz\\\/index.php\\\/2026\\\/08\\\/29\\\/une-photo-de-ghaza-censuree-a-deauville-quand-on-tente-deffacer-la-memoire-palestinienne-en-silence\\\/#webpage\",\"url\":\"https:\\\/\\\/lasentinelle.dz\\\/index.php\\\/2026\\\/08\\\/29\\\/une-photo-de-ghaza-censuree-a-deauville-quand-on-tente-deffacer-la-memoire-palestinienne-en-silence\\\/\",\"name\":\"Une photo de Ghaza censur\\u00e9e \\u00e0 Deauville : Quand on tente d\\u2019effacer la m\\u00e9moire palestinienne en silence - La Sentinelle\",\"description\":\"Une photographie du photojournaliste palestinien Jehad Alshrafi montrant un match de football disput\\u00e9 au milieu des d\\u00e9combres de Ghaza a \\u00e9t\\u00e9 discr\\u00e8tement retir\\u00e9e \\u00e0 la mi-ao\\u00fbt d'une exposition en plein air organis\\u00e9e \\u00e0 Deauville, dans le nord de la France, provoquant l'indignation de plusieurs \\u00e9lus et d\\u00e9fenseurs de la libert\\u00e9 de la presse qui d\\u00e9noncent\",\"inLanguage\":\"fr-FR\",\"isPartOf\":{\"@id\":\"https:\\\/\\\/lasentinelle.dz\\\/#website\"},\"breadcrumb\":{\"@id\":\"https:\\\/\\\/lasentinelle.dz\\\/index.php\\\/2026\\\/08\\\/29\\\/une-photo-de-ghaza-censuree-a-deauville-quand-on-tente-deffacer-la-memoire-palestinienne-en-silence\\\/#breadcrumblist\"},\"author\":{\"@id\":\"https:\\\/\\\/lasentinelle.dz\\\/author\\\/admin\\\/#author\"},\"creator\":{\"@id\":\"https:\\\/\\\/lasentinelle.dz\\\/author\\\/admin\\\/#author\"},\"image\":{\"@type\":\"ImageObject\",\"url\":\"https:\\\/\\\/lasentinelle.dz\\\/wp-content\\\/uploads\\\/2026\\\/08\\\/merabet-unesco.png\",\"@id\":\"https:\\\/\\\/lasentinelle.dz\\\/index.php\\\/2026\\\/08\\\/29\\\/une-photo-de-ghaza-censuree-a-deauville-quand-on-tente-deffacer-la-memoire-palestinienne-en-silence\\\/#mainImage\",\"width\":1040,\"height\":628},\"primaryImageOfPage\":{\"@id\":\"https:\\\/\\\/lasentinelle.dz\\\/index.php\\\/2026\\\/08\\\/29\\\/une-photo-de-ghaza-censuree-a-deauville-quand-on-tente-deffacer-la-memoire-palestinienne-en-silence\\\/#mainImage\"},\"datePublished\":\"2026-08-29T21:24:47+01:00\",\"dateModified\":\"2026-08-29T21:24:55+01:00\"},{\"@type\":\"WebSite\",\"@id\":\"https:\\\/\\\/lasentinelle.dz\\\/#website\",\"url\":\"https:\\\/\\\/lasentinelle.dz\\\/\",\"name\":\"La Sentinelle\",\"description\":\"Quotidien national d'information\",\"inLanguage\":\"fr-FR\",\"publisher\":{\"@id\":\"https:\\\/\\\/lasentinelle.dz\\\/#organization\"}}]}\n\t\t<\/script>\n\t\t<!-- All in One SEO -->\n\n","aioseo_head_json":{"title":"Une photo de Ghaza censur\u00e9e \u00e0 Deauville : Quand on tente d\u2019effacer la m\u00e9moire palestinienne en silence - La Sentinelle","description":"Une photographie du photojournaliste palestinien Jehad Alshrafi montrant un match de football disput\u00e9 au milieu des d\u00e9combres de Ghaza a \u00e9t\u00e9 discr\u00e8tement retir\u00e9e \u00e0 la mi-ao\u00fbt d'une exposition en plein air organis\u00e9e \u00e0 Deauville, dans le nord de la France, provoquant l'indignation de plusieurs \u00e9lus et d\u00e9fenseurs de la libert\u00e9 de la presse qui d\u00e9noncent","canonical_url":"https:\/\/lasentinelle.dz\/index.php\/2026\/08\/29\/une-photo-de-ghaza-censuree-a-deauville-quand-on-tente-deffacer-la-memoire-palestinienne-en-silence\/","robots":"max-image-preview:large","keywords":"","webmasterTools":{"miscellaneous":""},"schema":{"@context":"https:\/\/schema.org","@graph":[{"@type":"BlogPosting","@id":"https:\/\/lasentinelle.dz\/index.php\/2026\/08\/29\/une-photo-de-ghaza-censuree-a-deauville-quand-on-tente-deffacer-la-memoire-palestinienne-en-silence\/#blogposting","name":"Une photo de Ghaza censur\u00e9e \u00e0 Deauville : Quand on tente d\u2019effacer la m\u00e9moire palestinienne en silence - La Sentinelle","headline":"Une photo de Ghaza censur\u00e9e \u00e0 Deauville\u00a0: Quand on tente d\u2019effacer la m\u00e9moire palestinienne en silence","author":{"@id":"https:\/\/lasentinelle.dz\/author\/admin\/#author"},"publisher":{"@id":"https:\/\/lasentinelle.dz\/#organization"},"image":{"@type":"ImageObject","url":"https:\/\/lasentinelle.dz\/wp-content\/uploads\/2026\/08\/merabet-unesco.png","width":1040,"height":628},"datePublished":"2026-08-29T21:24:47+01:00","dateModified":"2026-08-29T21:24:55+01:00","inLanguage":"fr-FR","mainEntityOfPage":{"@id":"https:\/\/lasentinelle.dz\/index.php\/2026\/08\/29\/une-photo-de-ghaza-censuree-a-deauville-quand-on-tente-deffacer-la-memoire-palestinienne-en-silence\/#webpage"},"isPartOf":{"@id":"https:\/\/lasentinelle.dz\/index.php\/2026\/08\/29\/une-photo-de-ghaza-censuree-a-deauville-quand-on-tente-deffacer-la-memoire-palestinienne-en-silence\/#webpage"},"articleSection":"Culture"},{"@type":"BreadcrumbList","@id":"https:\/\/lasentinelle.dz\/index.php\/2026\/08\/29\/une-photo-de-ghaza-censuree-a-deauville-quand-on-tente-deffacer-la-memoire-palestinienne-en-silence\/#breadcrumblist","itemListElement":[{"@type":"ListItem","@id":"https:\/\/lasentinelle.dz#listItem","position":1,"name":"Home","item":"https:\/\/lasentinelle.dz","nextItem":{"@type":"ListItem","@id":"https:\/\/lasentinelle.dz\/index.php\/category\/culture\/#listItem","name":"Culture"}},{"@type":"ListItem","@id":"https:\/\/lasentinelle.dz\/index.php\/category\/culture\/#listItem","position":2,"name":"Culture","item":"https:\/\/lasentinelle.dz\/index.php\/category\/culture\/","nextItem":{"@type":"ListItem","@id":"https:\/\/lasentinelle.dz\/index.php\/2026\/08\/29\/une-photo-de-ghaza-censuree-a-deauville-quand-on-tente-deffacer-la-memoire-palestinienne-en-silence\/#listItem","name":"Une photo de Ghaza censur\u00e9e \u00e0 Deauville\u00a0: Quand on tente d\u2019effacer la m\u00e9moire palestinienne en silence"},"previousItem":{"@type":"ListItem","@id":"https:\/\/lasentinelle.dz#listItem","name":"Home"}},{"@type":"ListItem","@id":"https:\/\/lasentinelle.dz\/index.php\/2026\/08\/29\/une-photo-de-ghaza-censuree-a-deauville-quand-on-tente-deffacer-la-memoire-palestinienne-en-silence\/#listItem","position":3,"name":"Une photo de Ghaza censur\u00e9e \u00e0 Deauville\u00a0: Quand on tente d\u2019effacer la m\u00e9moire palestinienne en silence","previousItem":{"@type":"ListItem","@id":"https:\/\/lasentinelle.dz\/index.php\/category\/culture\/#listItem","name":"Culture"}}]},{"@type":"Organization","@id":"https:\/\/lasentinelle.dz\/#organization","name":"La Sentinelle La Sentinelle","description":"Quotidien national d'information","url":"https:\/\/lasentinelle.dz\/","logo":{"@type":"ImageObject","url":"https:\/\/lasentinelle.dz\/wp-content\/uploads\/2021\/09\/cropped-la-sentinelle-earth-golden-anima-5.gif","@id":"https:\/\/lasentinelle.dz\/index.php\/2026\/08\/29\/une-photo-de-ghaza-censuree-a-deauville-quand-on-tente-deffacer-la-memoire-palestinienne-en-silence\/#organizationLogo","width":450,"height":213},"image":{"@id":"https:\/\/lasentinelle.dz\/index.php\/2026\/08\/29\/une-photo-de-ghaza-censuree-a-deauville-quand-on-tente-deffacer-la-memoire-palestinienne-en-silence\/#organizationLogo"},"sameAs":["https:\/\/www.facebook.com\/azzedine.lasentinelle.1"]},{"@type":"Person","@id":"https:\/\/lasentinelle.dz\/author\/admin\/#author","url":"https:\/\/lasentinelle.dz\/author\/admin\/","name":"admin","image":{"@type":"ImageObject","@id":"https:\/\/lasentinelle.dz\/index.php\/2026\/08\/29\/une-photo-de-ghaza-censuree-a-deauville-quand-on-tente-deffacer-la-memoire-palestinienne-en-silence\/#authorImage","url":"https:\/\/secure.gravatar.com\/avatar\/4c81fed838786e9b53f540bf46533e750f5d292099ae3b66cfc6fb1982e29df7?s=96&d=mm&r=g","width":96,"height":96,"caption":"admin"}},{"@type":"WebPage","@id":"https:\/\/lasentinelle.dz\/index.php\/2026\/08\/29\/une-photo-de-ghaza-censuree-a-deauville-quand-on-tente-deffacer-la-memoire-palestinienne-en-silence\/#webpage","url":"https:\/\/lasentinelle.dz\/index.php\/2026\/08\/29\/une-photo-de-ghaza-censuree-a-deauville-quand-on-tente-deffacer-la-memoire-palestinienne-en-silence\/","name":"Une photo de Ghaza censur\u00e9e \u00e0 Deauville : Quand on tente d\u2019effacer la m\u00e9moire palestinienne en silence - La Sentinelle","description":"Une photographie du photojournaliste palestinien Jehad Alshrafi montrant un match de football disput\u00e9 au milieu des d\u00e9combres de Ghaza a \u00e9t\u00e9 discr\u00e8tement retir\u00e9e \u00e0 la mi-ao\u00fbt d'une exposition en plein air organis\u00e9e \u00e0 Deauville, dans le nord de la France, provoquant l'indignation de plusieurs \u00e9lus et d\u00e9fenseurs de la libert\u00e9 de la presse qui d\u00e9noncent","inLanguage":"fr-FR","isPartOf":{"@id":"https:\/\/lasentinelle.dz\/#website"},"breadcrumb":{"@id":"https:\/\/lasentinelle.dz\/index.php\/2026\/08\/29\/une-photo-de-ghaza-censuree-a-deauville-quand-on-tente-deffacer-la-memoire-palestinienne-en-silence\/#breadcrumblist"},"author":{"@id":"https:\/\/lasentinelle.dz\/author\/admin\/#author"},"creator":{"@id":"https:\/\/lasentinelle.dz\/author\/admin\/#author"},"image":{"@type":"ImageObject","url":"https:\/\/lasentinelle.dz\/wp-content\/uploads\/2026\/08\/merabet-unesco.png","@id":"https:\/\/lasentinelle.dz\/index.php\/2026\/08\/29\/une-photo-de-ghaza-censuree-a-deauville-quand-on-tente-deffacer-la-memoire-palestinienne-en-silence\/#mainImage","width":1040,"height":628},"primaryImageOfPage":{"@id":"https:\/\/lasentinelle.dz\/index.php\/2026\/08\/29\/une-photo-de-ghaza-censuree-a-deauville-quand-on-tente-deffacer-la-memoire-palestinienne-en-silence\/#mainImage"},"datePublished":"2026-08-29T21:24:47+01:00","dateModified":"2026-08-29T21:24:55+01:00"},{"@type":"WebSite","@id":"https:\/\/lasentinelle.dz\/#website","url":"https:\/\/lasentinelle.dz\/","name":"La Sentinelle","description":"Quotidien national d'information","inLanguage":"fr-FR","publisher":{"@id":"https:\/\/lasentinelle.dz\/#organization"}}]},"og:locale":"fr_FR","og:site_name":"La Sentinelle - Quotidien national d'information","og:type":"article","og:title":"Une photo de Ghaza censur\u00e9e \u00e0 Deauville : Quand on tente d\u2019effacer la m\u00e9moire palestinienne en silence - La Sentinelle","og:description":"Une photographie du photojournaliste palestinien Jehad Alshrafi montrant un match de football disput\u00e9 au milieu des d\u00e9combres de Ghaza a \u00e9t\u00e9 discr\u00e8tement retir\u00e9e \u00e0 la mi-ao\u00fbt d'une exposition en plein air organis\u00e9e \u00e0 Deauville, dans le nord de la France, provoquant l'indignation de plusieurs \u00e9lus et d\u00e9fenseurs de la libert\u00e9 de la presse qui d\u00e9noncent","og:url":"https:\/\/lasentinelle.dz\/index.php\/2026\/08\/29\/une-photo-de-ghaza-censuree-a-deauville-quand-on-tente-deffacer-la-memoire-palestinienne-en-silence\/","og:image":"https:\/\/lasentinelle.dz\/wp-content\/uploads\/2021\/09\/cropped-la-sentinelle-earth-golden-anima-5.gif","og:image:secure_url":"https:\/\/lasentinelle.dz\/wp-content\/uploads\/2021\/09\/cropped-la-sentinelle-earth-golden-anima-5.gif","og:image:width":450,"og:image:height":213,"article:published_time":"2026-08-29T20:24:47+00:00","article:modified_time":"2026-08-29T20:24:55+00:00","article:publisher":"https:\/\/www.facebook.com\/azzedine.lasentinelle.1","twitter:card":"summary_large_image","twitter:title":"Une photo de Ghaza censur\u00e9e \u00e0 Deauville : Quand on tente d\u2019effacer la m\u00e9moire palestinienne en silence - La Sentinelle","twitter:description":"Une photographie du photojournaliste palestinien Jehad Alshrafi montrant un match de football disput\u00e9 au milieu des d\u00e9combres de Ghaza a \u00e9t\u00e9 discr\u00e8tement retir\u00e9e \u00e0 la mi-ao\u00fbt d'une exposition en plein air organis\u00e9e \u00e0 Deauville, dans le nord de la France, provoquant l'indignation de plusieurs \u00e9lus et d\u00e9fenseurs de la libert\u00e9 de la presse qui d\u00e9noncent","twitter:image":"https:\/\/lasentinelle.dz\/wp-content\/uploads\/2021\/09\/cropped-la-sentinelle-earth-golden-anima-5.gif"},"aioseo_meta_data":{"post_id":"94508","title":null,"description":null,"keywords":null,"keyphrases":{"focus":{"keyphrase":"","score":0,"analysis":{"keyphraseInTitle":{"score":0,"maxScore":9,"error":1}}},"additional":[]},"primary_term":null,"canonical_url":null,"og_title":null,"og_description":null,"og_object_type":"default","og_image_type":"default","og_image_url":null,"og_image_width":null,"og_image_height":null,"og_image_custom_url":null,"og_image_custom_fields":null,"og_video":"","og_custom_url":null,"og_article_section":null,"og_article_tags":null,"twitter_use_og":false,"twitter_card":"default","twitter_image_type":"default","twitter_image_url":null,"twitter_image_custom_url":null,"twitter_image_custom_fields":null,"twitter_title":null,"twitter_description":null,"schema":{"blockGraphs":[],"customGraphs":[],"default":{"data":{"Article":[],"Course":[],"Dataset":[],"FAQPage":[],"Movie":[],"Person":[],"Product":[],"ProductReview":[],"Car":[],"Recipe":[],"Service":[],"SoftwareApplication":[],"WebPage":[]},"graphName":"BlogPosting","isEnabled":true},"graphs":[]},"schema_type":"default","schema_type_options":null,"pillar_content":false,"robots_default":true,"robots_noindex":false,"robots_noarchive":false,"robots_nosnippet":false,"robots_nofollow":false,"robots_noimageindex":false,"robots_noodp":false,"robots_notranslate":false,"robots_max_snippet":"-1","robots_max_videopreview":"-1","robots_max_imagepreview":"large","priority":null,"frequency":"default","local_seo":null,"breadcrumb_settings":null,"limit_modified_date":false,"ai":{"faqs":[],"keyPoints":[],"schemas":[],"titles":[],"descriptions":[],"socialPosts":{"email":{"subject":"","preview":"","content":""},"linkedin":[],"twitter":[],"facebook":[],"instagram":[]}},"created":"2026-08-29 20:24:55","updated":"2026-08-29 21:46:35","focus_keyword":null,"additional_keywords":null,"truseo_locale":null,"seo_analyzer_scan_date":null},"aioseo_breadcrumb":"<div class=\"aioseo-breadcrumbs\"><span class=\"aioseo-breadcrumb\">\n\t\t\t<a href=\"https:\/\/lasentinelle.dz\" title=\"Home\">Home<\/a>\n\t\t<\/span><span class=\"aioseo-breadcrumb-separator\">&raquo;<\/span><span class=\"aioseo-breadcrumb\">\n\t\t\t<a href=\"https:\/\/lasentinelle.dz\/index.php\/category\/culture\/\" title=\"Culture\">Culture<\/a>\n\t\t<\/span><span class=\"aioseo-breadcrumb-separator\">&raquo;<\/span><span class=\"aioseo-breadcrumb\">\n\t\t\tUne photo de Ghaza censur\u00e9e \u00e0 Deauville : Quand on tente d\u2019effacer la m\u00e9moire palestinienne en silence\n\t\t<\/span><\/div>","aioseo_breadcrumb_json":[{"label":"Home","link":"https:\/\/lasentinelle.dz"},{"label":"Culture","link":"https:\/\/lasentinelle.dz\/index.php\/category\/culture\/"},{"label":"Une photo de Ghaza censur\u00e9e \u00e0 Deauville\u00a0: Quand on tente d\u2019effacer la m\u00e9moire palestinienne en silence","link":"https:\/\/lasentinelle.dz\/index.php\/2026\/08\/29\/une-photo-de-ghaza-censuree-a-deauville-quand-on-tente-deffacer-la-memoire-palestinienne-en-silence\/"}],"yoast_head":"<!-- This site is optimized with the Yoast SEO plugin v28.3 - https:\/\/yoast.com\/product\/yoast-seo-wordpress\/ -->\n<title>Une photo de Ghaza censur\u00e9e \u00e0 Deauville\u00a0: Quand on tente d\u2019effacer la m\u00e9moire palestinienne en silence - La Sentinelle<\/title>\n<meta name=\"robots\" content=\"index, follow, max-snippet:-1, max-image-preview:large, max-video-preview:-1\" \/>\n<link rel=\"canonical\" href=\"https:\/\/lasentinelle.dz\/index.php\/2026\/08\/29\/une-photo-de-ghaza-censuree-a-deauville-quand-on-tente-deffacer-la-memoire-palestinienne-en-silence\/\" \/>\n<meta property=\"og:locale\" content=\"fr_FR\" \/>\n<meta property=\"og:type\" content=\"article\" \/>\n<meta property=\"og:title\" content=\"Une photo de Ghaza censur\u00e9e \u00e0 Deauville\u00a0: Quand on tente d\u2019effacer la m\u00e9moire palestinienne en silence - La Sentinelle\" \/>\n<meta property=\"og:description\" content=\"Une photographie du photojournaliste palestinien Jehad Alshrafi montrant un match de football disput\u00e9 au milieu des d\u00e9combres de Ghaza a\" \/>\n<meta property=\"og:url\" content=\"https:\/\/lasentinelle.dz\/index.php\/2026\/08\/29\/une-photo-de-ghaza-censuree-a-deauville-quand-on-tente-deffacer-la-memoire-palestinienne-en-silence\/\" \/>\n<meta property=\"og:site_name\" content=\"La Sentinelle\" \/>\n<meta property=\"article:publisher\" content=\"https:\/\/www.facebook.com\/La-Sentinelle-104059864394773\" \/>\n<meta property=\"article:published_time\" content=\"2026-08-29T20:24:47+00:00\" \/>\n<meta property=\"article:modified_time\" content=\"2026-08-29T20:24:55+00:00\" \/>\n<meta property=\"og:image\" content=\"https:\/\/lasentinelle.dz\/wp-content\/uploads\/2026\/08\/merabet-unesco.png\" \/>\n\t<meta property=\"og:image:width\" content=\"1040\" \/>\n\t<meta property=\"og:image:height\" content=\"628\" \/>\n\t<meta property=\"og:image:type\" content=\"image\/png\" \/>\n<meta name=\"author\" content=\"admin\" \/>\n<meta name=\"twitter:card\" content=\"summary_large_image\" \/>\n<meta name=\"twitter:label1\" content=\"\u00c9crit par\" \/>\n\t<meta name=\"twitter:data1\" content=\"admin\" \/>\n\t<meta name=\"twitter:label2\" content=\"Dur\u00e9e de lecture estim\u00e9e\" \/>\n\t<meta name=\"twitter:data2\" content=\"3 minutes\" \/>\n<script type=\"application\/ld+json\" class=\"yoast-schema-graph\">{\"@context\":\"https:\\\/\\\/schema.org\",\"@graph\":[{\"@type\":\"Article\",\"@id\":\"https:\\\/\\\/lasentinelle.dz\\\/index.php\\\/2026\\\/08\\\/29\\\/une-photo-de-ghaza-censuree-a-deauville-quand-on-tente-deffacer-la-memoire-palestinienne-en-silence\\\/#article\",\"isPartOf\":{\"@id\":\"https:\\\/\\\/lasentinelle.dz\\\/index.php\\\/2026\\\/08\\\/29\\\/une-photo-de-ghaza-censuree-a-deauville-quand-on-tente-deffacer-la-memoire-palestinienne-en-silence\\\/\"},\"author\":{\"name\":\"admin\",\"@id\":\"https:\\\/\\\/lasentinelle.dz\\\/#\\\/schema\\\/person\\\/729ee0024f24e0b8c5ec17232f8e8b41\"},\"headline\":\"Une photo de Ghaza censur\u00e9e \u00e0 Deauville\u00a0: Quand on tente d\u2019effacer la m\u00e9moire palestinienne en silence\",\"datePublished\":\"2026-08-29T20:24:47+00:00\",\"dateModified\":\"2026-08-29T20:24:55+00:00\",\"mainEntityOfPage\":{\"@id\":\"https:\\\/\\\/lasentinelle.dz\\\/index.php\\\/2026\\\/08\\\/29\\\/une-photo-de-ghaza-censuree-a-deauville-quand-on-tente-deffacer-la-memoire-palestinienne-en-silence\\\/\"},\"wordCount\":633,\"commentCount\":0,\"publisher\":{\"@id\":\"https:\\\/\\\/lasentinelle.dz\\\/#organization\"},\"image\":{\"@id\":\"https:\\\/\\\/lasentinelle.dz\\\/index.php\\\/2026\\\/08\\\/29\\\/une-photo-de-ghaza-censuree-a-deauville-quand-on-tente-deffacer-la-memoire-palestinienne-en-silence\\\/#primaryimage\"},\"thumbnailUrl\":\"https:\\\/\\\/lasentinelle.dz\\\/wp-content\\\/uploads\\\/2026\\\/08\\\/merabet-unesco.png\",\"articleSection\":[\"Culture\"],\"inLanguage\":\"fr-FR\",\"potentialAction\":[{\"@type\":\"CommentAction\",\"name\":\"Comment\",\"target\":[\"https:\\\/\\\/lasentinelle.dz\\\/index.php\\\/2026\\\/08\\\/29\\\/une-photo-de-ghaza-censuree-a-deauville-quand-on-tente-deffacer-la-memoire-palestinienne-en-silence\\\/#respond\"]}]},{\"@type\":\"WebPage\",\"@id\":\"https:\\\/\\\/lasentinelle.dz\\\/index.php\\\/2026\\\/08\\\/29\\\/une-photo-de-ghaza-censuree-a-deauville-quand-on-tente-deffacer-la-memoire-palestinienne-en-silence\\\/\",\"url\":\"https:\\\/\\\/lasentinelle.dz\\\/index.php\\\/2026\\\/08\\\/29\\\/une-photo-de-ghaza-censuree-a-deauville-quand-on-tente-deffacer-la-memoire-palestinienne-en-silence\\\/\",\"name\":\"Une photo de Ghaza censur\u00e9e \u00e0 Deauville\u00a0: Quand on tente d\u2019effacer la m\u00e9moire palestinienne en silence - La Sentinelle\",\"isPartOf\":{\"@id\":\"https:\\\/\\\/lasentinelle.dz\\\/#website\"},\"primaryImageOfPage\":{\"@id\":\"https:\\\/\\\/lasentinelle.dz\\\/index.php\\\/2026\\\/08\\\/29\\\/une-photo-de-ghaza-censuree-a-deauville-quand-on-tente-deffacer-la-memoire-palestinienne-en-silence\\\/#primaryimage\"},\"image\":{\"@id\":\"https:\\\/\\\/lasentinelle.dz\\\/index.php\\\/2026\\\/08\\\/29\\\/une-photo-de-ghaza-censuree-a-deauville-quand-on-tente-deffacer-la-memoire-palestinienne-en-silence\\\/#primaryimage\"},\"thumbnailUrl\":\"https:\\\/\\\/lasentinelle.dz\\\/wp-content\\\/uploads\\\/2026\\\/08\\\/merabet-unesco.png\",\"datePublished\":\"2026-08-29T20:24:47+00:00\",\"dateModified\":\"2026-08-29T20:24:55+00:00\",\"breadcrumb\":{\"@id\":\"https:\\\/\\\/lasentinelle.dz\\\/index.php\\\/2026\\\/08\\\/29\\\/une-photo-de-ghaza-censuree-a-deauville-quand-on-tente-deffacer-la-memoire-palestinienne-en-silence\\\/#breadcrumb\"},\"inLanguage\":\"fr-FR\",\"potentialAction\":[{\"@type\":\"ReadAction\",\"target\":[\"https:\\\/\\\/lasentinelle.dz\\\/index.php\\\/2026\\\/08\\\/29\\\/une-photo-de-ghaza-censuree-a-deauville-quand-on-tente-deffacer-la-memoire-palestinienne-en-silence\\\/\"]}]},{\"@type\":\"ImageObject\",\"inLanguage\":\"fr-FR\",\"@id\":\"https:\\\/\\\/lasentinelle.dz\\\/index.php\\\/2026\\\/08\\\/29\\\/une-photo-de-ghaza-censuree-a-deauville-quand-on-tente-deffacer-la-memoire-palestinienne-en-silence\\\/#primaryimage\",\"url\":\"https:\\\/\\\/lasentinelle.dz\\\/wp-content\\\/uploads\\\/2026\\\/08\\\/merabet-unesco.png\",\"contentUrl\":\"https:\\\/\\\/lasentinelle.dz\\\/wp-content\\\/uploads\\\/2026\\\/08\\\/merabet-unesco.png\",\"width\":1040,\"height\":628},{\"@type\":\"BreadcrumbList\",\"@id\":\"https:\\\/\\\/lasentinelle.dz\\\/index.php\\\/2026\\\/08\\\/29\\\/une-photo-de-ghaza-censuree-a-deauville-quand-on-tente-deffacer-la-memoire-palestinienne-en-silence\\\/#breadcrumb\",\"itemListElement\":[{\"@type\":\"ListItem\",\"position\":1,\"name\":\"Accueil\",\"item\":\"https:\\\/\\\/lasentinelle.dz\\\/\"},{\"@type\":\"ListItem\",\"position\":2,\"name\":\"Une photo de Ghaza censur\u00e9e \u00e0 Deauville\u00a0: Quand on tente d\u2019effacer la m\u00e9moire palestinienne en silence\"}]},{\"@type\":\"WebSite\",\"@id\":\"https:\\\/\\\/lasentinelle.dz\\\/#website\",\"url\":\"https:\\\/\\\/lasentinelle.dz\\\/\",\"name\":\"La Sentinelle\",\"description\":\"Quotidien national d&#039;information\",\"publisher\":{\"@id\":\"https:\\\/\\\/lasentinelle.dz\\\/#organization\"},\"potentialAction\":[{\"@type\":\"SearchAction\",\"target\":{\"@type\":\"EntryPoint\",\"urlTemplate\":\"https:\\\/\\\/lasentinelle.dz\\\/?s={search_term_string}\"},\"query-input\":{\"@type\":\"PropertyValueSpecification\",\"valueRequired\":true,\"valueName\":\"search_term_string\"}}],\"inLanguage\":\"fr-FR\"},{\"@type\":\"Organization\",\"@id\":\"https:\\\/\\\/lasentinelle.dz\\\/#organization\",\"name\":\"Quotidien La Sentinelle\",\"url\":\"https:\\\/\\\/lasentinelle.dz\\\/\",\"logo\":{\"@type\":\"ImageObject\",\"inLanguage\":\"fr-FR\",\"@id\":\"https:\\\/\\\/lasentinelle.dz\\\/#\\\/schema\\\/logo\\\/image\\\/\",\"url\":\"https:\\\/\\\/lasentinelle.dz\\\/wp-content\\\/uploads\\\/2021\\\/09\\\/logo-sentinelleSLOGAN-1.png\",\"contentUrl\":\"https:\\\/\\\/lasentinelle.dz\\\/wp-content\\\/uploads\\\/2021\\\/09\\\/logo-sentinelleSLOGAN-1.png\",\"width\":615,\"height\":142,\"caption\":\"Quotidien La Sentinelle\"},\"image\":{\"@id\":\"https:\\\/\\\/lasentinelle.dz\\\/#\\\/schema\\\/logo\\\/image\\\/\"},\"sameAs\":[\"https:\\\/\\\/www.facebook.com\\\/La-Sentinelle-104059864394773\"]},{\"@type\":\"Person\",\"@id\":\"https:\\\/\\\/lasentinelle.dz\\\/#\\\/schema\\\/person\\\/729ee0024f24e0b8c5ec17232f8e8b41\",\"name\":\"admin\",\"image\":{\"@type\":\"ImageObject\",\"inLanguage\":\"fr-FR\",\"@id\":\"https:\\\/\\\/secure.gravatar.com\\\/avatar\\\/4c81fed838786e9b53f540bf46533e750f5d292099ae3b66cfc6fb1982e29df7?s=96&d=mm&r=g\",\"url\":\"https:\\\/\\\/secure.gravatar.com\\\/avatar\\\/4c81fed838786e9b53f540bf46533e750f5d292099ae3b66cfc6fb1982e29df7?s=96&d=mm&r=g\",\"contentUrl\":\"https:\\\/\\\/secure.gravatar.com\\\/avatar\\\/4c81fed838786e9b53f540bf46533e750f5d292099ae3b66cfc6fb1982e29df7?s=96&d=mm&r=g\",\"caption\":\"admin\"},\"description\":\"admin\",\"url\":\"https:\\\/\\\/lasentinelle.dz\\\/author\\\/admin\\\/\"}]}<\/script>\n<!-- \/ Yoast SEO plugin. -->","yoast_head_json":{"title":"Une photo de Ghaza censur\u00e9e \u00e0 Deauville\u00a0: Quand on tente d\u2019effacer la m\u00e9moire palestinienne en silence - La Sentinelle","robots":{"index":"index","follow":"follow","max-snippet":"max-snippet:-1","max-image-preview":"max-image-preview:large","max-video-preview":"max-video-preview:-1"},"canonical":"https:\/\/lasentinelle.dz\/index.php\/2026\/08\/29\/une-photo-de-ghaza-censuree-a-deauville-quand-on-tente-deffacer-la-memoire-palestinienne-en-silence\/","og_locale":"fr_FR","og_type":"article","og_title":"Une photo de Ghaza censur\u00e9e \u00e0 Deauville\u00a0: Quand on tente d\u2019effacer la m\u00e9moire palestinienne en silence - La Sentinelle","og_description":"Une photographie du photojournaliste palestinien Jehad Alshrafi montrant un match de football disput\u00e9 au milieu des d\u00e9combres de Ghaza a","og_url":"https:\/\/lasentinelle.dz\/index.php\/2026\/08\/29\/une-photo-de-ghaza-censuree-a-deauville-quand-on-tente-deffacer-la-memoire-palestinienne-en-silence\/","og_site_name":"La Sentinelle","article_publisher":"https:\/\/www.facebook.com\/La-Sentinelle-104059864394773","article_published_time":"2026-08-29T20:24:47+00:00","article_modified_time":"2026-08-29T20:24:55+00:00","og_image":[{"width":1040,"height":628,"url":"https:\/\/lasentinelle.dz\/wp-content\/uploads\/2026\/08\/merabet-unesco.png","type":"image\/png"}],"author":"admin","twitter_card":"summary_large_image","twitter_misc":{"\u00c9crit par":"admin","Dur\u00e9e de lecture estim\u00e9e":"3 minutes"},"schema":{"@context":"https:\/\/schema.org","@graph":[{"@type":"Article","@id":"https:\/\/lasentinelle.dz\/index.php\/2026\/08\/29\/une-photo-de-ghaza-censuree-a-deauville-quand-on-tente-deffacer-la-memoire-palestinienne-en-silence\/#article","isPartOf":{"@id":"https:\/\/lasentinelle.dz\/index.php\/2026\/08\/29\/une-photo-de-ghaza-censuree-a-deauville-quand-on-tente-deffacer-la-memoire-palestinienne-en-silence\/"},"author":{"name":"admin","@id":"https:\/\/lasentinelle.dz\/#\/schema\/person\/729ee0024f24e0b8c5ec17232f8e8b41"},"headline":"Une photo de Ghaza censur\u00e9e \u00e0 Deauville\u00a0: Quand on tente d\u2019effacer la m\u00e9moire palestinienne en silence","datePublished":"2026-08-29T20:24:47+00:00","dateModified":"2026-08-29T20:24:55+00:00","mainEntityOfPage":{"@id":"https:\/\/lasentinelle.dz\/index.php\/2026\/08\/29\/une-photo-de-ghaza-censuree-a-deauville-quand-on-tente-deffacer-la-memoire-palestinienne-en-silence\/"},"wordCount":633,"commentCount":0,"publisher":{"@id":"https:\/\/lasentinelle.dz\/#organization"},"image":{"@id":"https:\/\/lasentinelle.dz\/index.php\/2026\/08\/29\/une-photo-de-ghaza-censuree-a-deauville-quand-on-tente-deffacer-la-memoire-palestinienne-en-silence\/#primaryimage"},"thumbnailUrl":"https:\/\/lasentinelle.dz\/wp-content\/uploads\/2026\/08\/merabet-unesco.png","articleSection":["Culture"],"inLanguage":"fr-FR","potentialAction":[{"@type":"CommentAction","name":"Comment","target":["https:\/\/lasentinelle.dz\/index.php\/2026\/08\/29\/une-photo-de-ghaza-censuree-a-deauville-quand-on-tente-deffacer-la-memoire-palestinienne-en-silence\/#respond"]}]},{"@type":"WebPage","@id":"https:\/\/lasentinelle.dz\/index.php\/2026\/08\/29\/une-photo-de-ghaza-censuree-a-deauville-quand-on-tente-deffacer-la-memoire-palestinienne-en-silence\/","url":"https:\/\/lasentinelle.dz\/index.php\/2026\/08\/29\/une-photo-de-ghaza-censuree-a-deauville-quand-on-tente-deffacer-la-memoire-palestinienne-en-silence\/","name":"Une photo de Ghaza censur\u00e9e \u00e0 Deauville\u00a0: Quand on tente d\u2019effacer la m\u00e9moire palestinienne en silence - La Sentinelle","isPartOf":{"@id":"https:\/\/lasentinelle.dz\/#website"},"primaryImageOfPage":{"@id":"https:\/\/lasentinelle.dz\/index.php\/2026\/08\/29\/une-photo-de-ghaza-censuree-a-deauville-quand-on-tente-deffacer-la-memoire-palestinienne-en-silence\/#primaryimage"},"image":{"@id":"https:\/\/lasentinelle.dz\/index.php\/2026\/08\/29\/une-photo-de-ghaza-censuree-a-deauville-quand-on-tente-deffacer-la-memoire-palestinienne-en-silence\/#primaryimage"},"thumbnailUrl":"https:\/\/lasentinelle.dz\/wp-content\/uploads\/2026\/08\/merabet-unesco.png","datePublished":"2026-08-29T20:24:47+00:00","dateModified":"2026-08-29T20:24:55+00:00","breadcrumb":{"@id":"https:\/\/lasentinelle.dz\/index.php\/2026\/08\/29\/une-photo-de-ghaza-censuree-a-deauville-quand-on-tente-deffacer-la-memoire-palestinienne-en-silence\/#breadcrumb"},"inLanguage":"fr-FR","potentialAction":[{"@type":"ReadAction","target":["https:\/\/lasentinelle.dz\/index.php\/2026\/08\/29\/une-photo-de-ghaza-censuree-a-deauville-quand-on-tente-deffacer-la-memoire-palestinienne-en-silence\/"]}]},{"@type":"ImageObject","inLanguage":"fr-FR","@id":"https:\/\/lasentinelle.dz\/index.php\/2026\/08\/29\/une-photo-de-ghaza-censuree-a-deauville-quand-on-tente-deffacer-la-memoire-palestinienne-en-silence\/#primaryimage","url":"https:\/\/lasentinelle.dz\/wp-content\/uploads\/2026\/08\/merabet-unesco.png","contentUrl":"https:\/\/lasentinelle.dz\/wp-content\/uploads\/2026\/08\/merabet-unesco.png","width":1040,"height":628},{"@type":"BreadcrumbList","@id":"https:\/\/lasentinelle.dz\/index.php\/2026\/08\/29\/une-photo-de-ghaza-censuree-a-deauville-quand-on-tente-deffacer-la-memoire-palestinienne-en-silence\/#breadcrumb","itemListElement":[{"@type":"ListItem","position":1,"name":"Accueil","item":"https:\/\/lasentinelle.dz\/"},{"@type":"ListItem","position":2,"name":"Une photo de Ghaza censur\u00e9e \u00e0 Deauville\u00a0: Quand on tente d\u2019effacer la m\u00e9moire palestinienne en silence"}]},{"@type":"WebSite","@id":"https:\/\/lasentinelle.dz\/#website","url":"https:\/\/lasentinelle.dz\/","name":"La Sentinelle","description":"Quotidien national d&#039;information","publisher":{"@id":"https:\/\/lasentinelle.dz\/#organization"},"potentialAction":[{"@type":"SearchAction","target":{"@type":"EntryPoint","urlTemplate":"https:\/\/lasentinelle.dz\/?s={search_term_string}"},"query-input":{"@type":"PropertyValueSpecification","valueRequired":true,"valueName":"search_term_string"}}],"inLanguage":"fr-FR"},{"@type":"Organization","@id":"https:\/\/lasentinelle.dz\/#organization","name":"Quotidien La Sentinelle","url":"https:\/\/lasentinelle.dz\/","logo":{"@type":"ImageObject","inLanguage":"fr-FR","@id":"https:\/\/lasentinelle.dz\/#\/schema\/logo\/image\/","url":"https:\/\/lasentinelle.dz\/wp-content\/uploads\/2021\/09\/logo-sentinelleSLOGAN-1.png","contentUrl":"https:\/\/lasentinelle.dz\/wp-content\/uploads\/2021\/09\/logo-sentinelleSLOGAN-1.png","width":615,"height":142,"caption":"Quotidien La Sentinelle"},"image":{"@id":"https:\/\/lasentinelle.dz\/#\/schema\/logo\/image\/"},"sameAs":["https:\/\/www.facebook.com\/La-Sentinelle-104059864394773"]},{"@type":"Person","@id":"https:\/\/lasentinelle.dz\/#\/schema\/person\/729ee0024f24e0b8c5ec17232f8e8b41","name":"admin","image":{"@type":"ImageObject","inLanguage":"fr-FR","@id":"https:\/\/secure.gravatar.com\/avatar\/4c81fed838786e9b53f540bf46533e750f5d292099ae3b66cfc6fb1982e29df7?s=96&d=mm&r=g","url":"https:\/\/secure.gravatar.com\/avatar\/4c81fed838786e9b53f540bf46533e750f5d292099ae3b66cfc6fb1982e29df7?s=96&d=mm&r=g","contentUrl":"https:\/\/secure.gravatar.com\/avatar\/4c81fed838786e9b53f540bf46533e750f5d292099ae3b66cfc6fb1982e29df7?s=96&d=mm&r=g","caption":"admin"},"description":"admin","url":"https:\/\/lasentinelle.dz\/author\/admin\/"}]}},"_links":{"self":[{"href":"https:\/\/lasentinelle.dz\/index.php\/wp-json\/wp\/v2\/posts\/94508","targetHints":{"allow":["GET"]}}],"collection":[{"href":"https:\/\/lasentinelle.dz\/index.php\/wp-json\/wp\/v2\/posts"}],"about":[{"href":"https:\/\/lasentinelle.dz\/index.php\/wp-json\/wp\/v2\/types\/post"}],"author":[{"embeddable":true,"href":"https:\/\/lasentinelle.dz\/index.php\/wp-json\/wp\/v2\/users\/6"}],"replies":[{"embeddable":true,"href":"https:\/\/lasentinelle.dz\/index.php\/wp-json\/wp\/v2\/comments?post=94508"}],"version-history":[{"count":1,"href":"https:\/\/lasentinelle.dz\/index.php\/wp-json\/wp\/v2\/posts\/94508\/revisions"}],"predecessor-version":[{"id":94510,"href":"https:\/\/lasentinelle.dz\/index.php\/wp-json\/wp\/v2\/posts\/94508\/revisions\/94510"}],"wp:featuredmedia":[{"embeddable":true,"href":"https:\/\/lasentinelle.dz\/index.php\/wp-json\/wp\/v2\/media\/94509"}],"wp:attachment":[{"href":"https:\/\/lasentinelle.dz\/index.php\/wp-json\/wp\/v2\/media?parent=94508"}],"wp:term":[{"taxonomy":"category","embeddable":true,"href":"https:\/\/lasentinelle.dz\/index.php\/wp-json\/wp\/v2\/categories?post=94508"},{"taxonomy":"post_tag","embeddable":true,"href":"https:\/\/lasentinelle.dz\/index.php\/wp-json\/wp\/v2\/tags?post=94508"}],"curies":[{"name":"wp","href":"https:\/\/api.w.org\/{rel}","templated":true}]}}