{"id":94511,"date":"2026-08-29T21:25:38","date_gmt":"2026-08-29T20:25:38","guid":{"rendered":"https:\/\/lasentinelle.dz\/?p=94511"},"modified":"2026-08-29T21:25:41","modified_gmt":"2026-08-29T20:25:41","slug":"abdelghani-merabet-nomme-a-lunesco-lalgerie-mise-sur-sa-diplomatie-culturelle","status":"publish","type":"post","link":"https:\/\/lasentinelle.dz\/index.php\/2026\/08\/29\/abdelghani-merabet-nomme-a-lunesco-lalgerie-mise-sur-sa-diplomatie-culturelle\/","title":{"rendered":"Abdelghani Merabet nomm\u00e9 \u00e0 l&rsquo;UNESCO\u00a0: L&rsquo;Alg\u00e9rie mise sur sa diplomatie culturelle"},"content":{"rendered":"\n<p class=\"wp-block-paragraph\">L&rsquo;ambassadeur Abdelghani Merabet a officiellement pris ses fonctions de d\u00e9l\u00e9gu\u00e9 permanent de l&rsquo;Alg\u00e9rie aupr\u00e8s de l&rsquo;UNESCO. La c\u00e9r\u00e9monie de remise des lettres de cr\u00e9ance s&rsquo;est d\u00e9roul\u00e9e il y a quelques jours au si\u00e8ge de l&rsquo;organisation, en pr\u00e9sence du directeur g\u00e9n\u00e9ral Khaled El Enany, marquant le d\u00e9but de son mandat. Le nouveau repr\u00e9sentant alg\u00e9rien n&rsquo;aborde pas ce poste en novice. Sa carri\u00e8re s&rsquo;est construite pas \u00e0 pas au sein du minist\u00e8re des Affaires \u00e9trang\u00e8res, o\u00f9 il a occup\u00e9 successivement les fonctions de directeur des Affaires politiques internationales puis de directeur g\u00e9n\u00e9ral des Relations multilat\u00e9rales. Son parcours s&rsquo;est ensuite \u00e9tendu jusqu&rsquo;\u00e0 New York, o\u00f9 il a exerc\u00e9 comme conseiller principal du pr\u00e9sident de l&rsquo;Assembl\u00e9e g\u00e9n\u00e9rale des Nations unies entre 2014 et 2020. Il avait auparavant pr\u00e9sid\u00e9, en 2012, le Groupe des 77 lors du sommet de la Terre Rio+20, un \u00e9pisode qui reste une r\u00e9f\u00e9rence dans son parcours onusien.<\/p>\n\n\n\n<p class=\"wp-block-paragraph\">Juste avant de rejoindre l&rsquo;UNESCO, Abdelghani Merabet a pilot\u00e9 deux dossiers sensibles pour l&rsquo;Alg\u00e9rie. De janvier 2022 \u00e0 ao\u00fbt 2026, il a pr\u00e9sid\u00e9 le Comit\u00e9 national de pr\u00e9vention et de lutte contre la traite des personnes. Entre avril 2024 et ao\u00fbt 2026, il a \u00e9galement dirig\u00e9 le Comit\u00e9 national de suivi des sanctions cibl\u00e9es du Conseil de s\u00e9curit\u00e9 de l&rsquo;ONU. Ces deux responsabilit\u00e9s t\u00e9moignent d&rsquo;une expertise qui d\u00e9passe le seul champ culturel et couvre aussi les questions de s\u00e9curit\u00e9 et de droits humains.<\/p>\n\n\n\n<p class=\"wp-block-paragraph\">Sa nomination intervient dans le cadre d&rsquo;une relation ancienne entre l&rsquo;Alg\u00e9rie et l&rsquo;organisation, puisque le pays est membre de l&rsquo;UNESCO depuis 1962. Le patrimoine alg\u00e9rien y occupe une place notable, avec sept biens inscrits sur la liste du patrimoine mondial, parmi lesquels la Casbah d&rsquo;Alger, les sites arch\u00e9ologiques de Tipasa, Timgad et Dj\u00e9mila, la Kal\u00e2a des B\u00e9ni Hammad, la vall\u00e9e du M&rsquo;Zab et le Tassili n&rsquo;Ajjer. \u00c0 cela s&rsquo;ajoutent treize pratiques et expressions culturelles inscrites au patrimoine immat\u00e9riel, quatre chaires et r\u00e9seaux universitaires relevant du programme UNITWIN, trois inscriptions au Registre international de la M\u00e9moire du monde ainsi que neuf r\u00e9serves de biosph\u00e8re.<\/p>\n\n\n\n<p class=\"wp-block-paragraph\">L&rsquo;un des volets les plus symboliques du dossier alg\u00e9rien concerne justement le patrimoine vivant. L&rsquo;Alg\u00e9rie a \u00e9t\u00e9 le premier pays au monde \u00e0 ratifier, d\u00e8s 2004, la Convention pour la sauvegarde du patrimoine culturel immat\u00e9riel, une ant\u00e9riorit\u00e9 qui lui conf\u00e8re une responsabilit\u00e9 particuli\u00e8re dans la promotion de ce trait\u00e9. Le pays abrite et finance \u00e9galement le Centre r\u00e9gional pour la sauvegarde du patrimoine culturel immat\u00e9riel en Afrique, plac\u00e9 sous l&rsquo;\u00e9gide de l&rsquo;UNESCO, \u00e0 travers lequel il accompagne d&rsquo;autres \u00c9tats africains dans l&rsquo;inventaire et la pr\u00e9servation de leurs traditions.<\/p>\n\n\n\n<p class=\"wp-block-paragraph\">Sur le plan de la gouvernance, l&rsquo;Alg\u00e9rie occupe depuis 2024 un mandat au sein du Comit\u00e9 intergouvernemental pour la sauvegarde du patrimoine culturel immat\u00e9riel, o\u00f9 elle a \u00e9t\u00e9 \u00e9lue \u00e0 l&rsquo;unanimit\u00e9 pour repr\u00e9senter le groupe arabe jusqu&rsquo;en 2028. Cette position lui permet de peser directement sur l&rsquo;orientation des politiques mondiales en la mati\u00e8re et sur l&rsquo;examen des candidatures internationales d&rsquo;inscription.<\/p>\n\n\n\n<p class=\"wp-block-paragraph\">C&rsquo;est ce dossier \u00e9toff\u00e9 qu&rsquo;Abdelghani Merabet aura d\u00e9sormais la charge de porter depuis Paris, en assurant la liaison entre le secr\u00e9tariat de l&rsquo;UNESCO, les minist\u00e8res alg\u00e9riens concern\u00e9s, notamment ceux de la Culture, de l&rsquo;\u00c9ducation et de l&rsquo;Enseignement sup\u00e9rieur, et les autres \u00c9tats membres de l&rsquo;organisation. Son arriv\u00e9e est per\u00e7ue par plusieurs diplomates comme le signe d&rsquo;une volont\u00e9 d&rsquo;Alger de consolider sa voix sur les enjeux li\u00e9s \u00e0 l&rsquo;\u00e9ducation, \u00e0 la science et \u00e0 la pr\u00e9servation du patrimoine, dans un contexte international o\u00f9 la diplomatie culturelle prend une place grandissante.<\/p>\n\n\n\n<p class=\"wp-block-paragraph\">Mohand S.<\/p>\n","protected":false},"excerpt":{"rendered":"<p>L&rsquo;ambassadeur Abdelghani Merabet a officiellement pris ses fonctions de d\u00e9l\u00e9gu\u00e9 permanent de l&rsquo;Alg\u00e9rie aupr\u00e8s de l&rsquo;UNESCO. La c\u00e9r\u00e9monie de remise<\/p>\n","protected":false},"author":6,"featured_media":94512,"comment_status":"open","ping_status":"closed","sticky":false,"template":"","format":"standard","meta":{"colormag_page_container_layout":"default_layout","colormag_page_sidebar_layout":"default_layout","om_disable_all_campaigns":false,"_monsterinsights_skip_tracking":false,"footnotes":"","_wpscppro_dont_share_socialmedia":false,"_wpscppro_custom_social_share_image":0,"_facebook_share_type":"default","_twitter_share_type":"default","_linkedin_share_type":"default","_pinterest_share_type":"default","_linkedin_share_type_page":"","_instagram_share_type":"default","_medium_share_type":"default","_threads_share_type":"default","_google_business_share_type":"default","_bluesky_share_type":"default","_mastodon_share_type":"default","_selected_social_profile":[],"_wpsp_enable_custom_social_template":false,"_wpsp_social_scheduling":{"enabled":false,"datetime":null,"platforms":[],"status":"template_only","dateOption":"today","timeOption":"now","customDays":"","customHours":"","customDate":"","customTime":"","schedulingType":"absolute"},"_wpsp_active_default_template":true},"categories":[36],"tags":[],"class_list":["post-94511","post","type-post","status-publish","format-standard","has-post-thumbnail","hentry","category-culture"],"aioseo_notices":[],"aioseo_head":"\n\t\t<!-- All in One SEO 5.0.0.1 - aioseo.com -->\n\t<meta name=\"description\" content=\"L&#039;ambassadeur Abdelghani Merabet a officiellement pris ses fonctions de d\u00e9l\u00e9gu\u00e9 permanent de l&#039;Alg\u00e9rie aupr\u00e8s de l&#039;UNESCO. La c\u00e9r\u00e9monie de remise des lettres de cr\u00e9ance s&#039;est d\u00e9roul\u00e9e il y a quelques jours au si\u00e8ge de l&#039;organisation, en pr\u00e9sence du directeur g\u00e9n\u00e9ral Khaled El Enany, marquant le d\u00e9but de son mandat. Le nouveau repr\u00e9sentant alg\u00e9rien n&#039;aborde pas\" \/>\n\t<meta name=\"robots\" content=\"max-image-preview:large\" \/>\n\t<meta name=\"author\" content=\"admin\"\/>\n\t<link rel=\"canonical\" href=\"https:\/\/lasentinelle.dz\/index.php\/2026\/08\/29\/abdelghani-merabet-nomme-a-lunesco-lalgerie-mise-sur-sa-diplomatie-culturelle\/\" \/>\n\t<meta name=\"generator\" content=\"All in One SEO (AIOSEO) 5.0.0.1\" \/>\n\t\t<meta property=\"og:locale\" content=\"fr_FR\" \/>\n\t\t<meta property=\"og:site_name\" content=\"La Sentinelle - Quotidien national d&#039;information\" \/>\n\t\t<meta property=\"og:type\" content=\"article\" \/>\n\t\t<meta property=\"og:title\" content=\"Abdelghani Merabet nomm\u00e9 \u00e0 l\u2019UNESCO : L\u2019Alg\u00e9rie mise sur sa diplomatie culturelle - La Sentinelle\" \/>\n\t\t<meta property=\"og:description\" content=\"L&#039;ambassadeur Abdelghani Merabet a officiellement pris ses fonctions de d\u00e9l\u00e9gu\u00e9 permanent de l&#039;Alg\u00e9rie aupr\u00e8s de l&#039;UNESCO. La c\u00e9r\u00e9monie de remise des lettres de cr\u00e9ance s&#039;est d\u00e9roul\u00e9e il y a quelques jours au si\u00e8ge de l&#039;organisation, en pr\u00e9sence du directeur g\u00e9n\u00e9ral Khaled El Enany, marquant le d\u00e9but de son mandat. Le nouveau repr\u00e9sentant alg\u00e9rien n&#039;aborde pas\" \/>\n\t\t<meta property=\"og:url\" content=\"https:\/\/lasentinelle.dz\/index.php\/2026\/08\/29\/abdelghani-merabet-nomme-a-lunesco-lalgerie-mise-sur-sa-diplomatie-culturelle\/\" \/>\n\t\t<meta property=\"og:image\" content=\"https:\/\/lasentinelle.dz\/wp-content\/uploads\/2021\/09\/cropped-la-sentinelle-earth-golden-anima-5.gif\" \/>\n\t\t<meta property=\"og:image:secure_url\" content=\"https:\/\/lasentinelle.dz\/wp-content\/uploads\/2021\/09\/cropped-la-sentinelle-earth-golden-anima-5.gif\" \/>\n\t\t<meta property=\"og:image:width\" content=\"450\" \/>\n\t\t<meta property=\"og:image:height\" content=\"213\" \/>\n\t\t<meta property=\"article:published_time\" content=\"2026-08-29T20:25:38+00:00\" \/>\n\t\t<meta property=\"article:modified_time\" content=\"2026-08-29T20:25:41+00:00\" \/>\n\t\t<meta property=\"article:publisher\" content=\"https:\/\/www.facebook.com\/azzedine.lasentinelle.1\" \/>\n\t\t<meta name=\"twitter:card\" content=\"summary_large_image\" \/>\n\t\t<meta name=\"twitter:title\" content=\"Abdelghani Merabet nomm\u00e9 \u00e0 l\u2019UNESCO : L\u2019Alg\u00e9rie mise sur sa diplomatie culturelle - La Sentinelle\" \/>\n\t\t<meta name=\"twitter:description\" content=\"L&#039;ambassadeur Abdelghani Merabet a officiellement pris ses fonctions de d\u00e9l\u00e9gu\u00e9 permanent de l&#039;Alg\u00e9rie aupr\u00e8s de l&#039;UNESCO. La c\u00e9r\u00e9monie de remise des lettres de cr\u00e9ance s&#039;est d\u00e9roul\u00e9e il y a quelques jours au si\u00e8ge de l&#039;organisation, en pr\u00e9sence du directeur g\u00e9n\u00e9ral Khaled El Enany, marquant le d\u00e9but de son mandat. Le nouveau repr\u00e9sentant alg\u00e9rien n&#039;aborde pas\" \/>\n\t\t<meta name=\"twitter:image\" content=\"https:\/\/lasentinelle.dz\/wp-content\/uploads\/2021\/09\/cropped-la-sentinelle-earth-golden-anima-5.gif\" \/>\n\t\t<script type=\"application\/ld+json\" class=\"aioseo-schema\">\n\t\t\t{\"@context\":\"https:\\\/\\\/schema.org\",\"@graph\":[{\"@type\":\"BlogPosting\",\"@id\":\"https:\\\/\\\/lasentinelle.dz\\\/index.php\\\/2026\\\/08\\\/29\\\/abdelghani-merabet-nomme-a-lunesco-lalgerie-mise-sur-sa-diplomatie-culturelle\\\/#blogposting\",\"name\":\"Abdelghani Merabet nomm\\u00e9 \\u00e0 l\\u2019UNESCO : L\\u2019Alg\\u00e9rie mise sur sa diplomatie culturelle - La Sentinelle\",\"headline\":\"Abdelghani Merabet nomm\\u00e9 \\u00e0 l&rsquo;UNESCO\\u00a0: L&rsquo;Alg\\u00e9rie mise sur sa diplomatie culturelle\",\"author\":{\"@id\":\"https:\\\/\\\/lasentinelle.dz\\\/author\\\/admin\\\/#author\"},\"publisher\":{\"@id\":\"https:\\\/\\\/lasentinelle.dz\\\/#organization\"},\"image\":{\"@type\":\"ImageObject\",\"url\":\"https:\\\/\\\/lasentinelle.dz\\\/wp-content\\\/uploads\\\/2026\\\/08\\\/merabet-unesco-1.png\",\"width\":1040,\"height\":628},\"datePublished\":\"2026-08-29T21:25:38+01:00\",\"dateModified\":\"2026-08-29T21:25:41+01:00\",\"inLanguage\":\"fr-FR\",\"mainEntityOfPage\":{\"@id\":\"https:\\\/\\\/lasentinelle.dz\\\/index.php\\\/2026\\\/08\\\/29\\\/abdelghani-merabet-nomme-a-lunesco-lalgerie-mise-sur-sa-diplomatie-culturelle\\\/#webpage\"},\"isPartOf\":{\"@id\":\"https:\\\/\\\/lasentinelle.dz\\\/index.php\\\/2026\\\/08\\\/29\\\/abdelghani-merabet-nomme-a-lunesco-lalgerie-mise-sur-sa-diplomatie-culturelle\\\/#webpage\"},\"articleSection\":\"Culture\"},{\"@type\":\"BreadcrumbList\",\"@id\":\"https:\\\/\\\/lasentinelle.dz\\\/index.php\\\/2026\\\/08\\\/29\\\/abdelghani-merabet-nomme-a-lunesco-lalgerie-mise-sur-sa-diplomatie-culturelle\\\/#breadcrumblist\",\"itemListElement\":[{\"@type\":\"ListItem\",\"@id\":\"https:\\\/\\\/lasentinelle.dz#listItem\",\"position\":1,\"name\":\"Home\",\"item\":\"https:\\\/\\\/lasentinelle.dz\",\"nextItem\":{\"@type\":\"ListItem\",\"@id\":\"https:\\\/\\\/lasentinelle.dz\\\/index.php\\\/category\\\/culture\\\/#listItem\",\"name\":\"Culture\"}},{\"@type\":\"ListItem\",\"@id\":\"https:\\\/\\\/lasentinelle.dz\\\/index.php\\\/category\\\/culture\\\/#listItem\",\"position\":2,\"name\":\"Culture\",\"item\":\"https:\\\/\\\/lasentinelle.dz\\\/index.php\\\/category\\\/culture\\\/\",\"nextItem\":{\"@type\":\"ListItem\",\"@id\":\"https:\\\/\\\/lasentinelle.dz\\\/index.php\\\/2026\\\/08\\\/29\\\/abdelghani-merabet-nomme-a-lunesco-lalgerie-mise-sur-sa-diplomatie-culturelle\\\/#listItem\",\"name\":\"Abdelghani Merabet nomm\\u00e9 \\u00e0 l&rsquo;UNESCO\\u00a0: L&rsquo;Alg\\u00e9rie mise sur sa diplomatie culturelle\"},\"previousItem\":{\"@type\":\"ListItem\",\"@id\":\"https:\\\/\\\/lasentinelle.dz#listItem\",\"name\":\"Home\"}},{\"@type\":\"ListItem\",\"@id\":\"https:\\\/\\\/lasentinelle.dz\\\/index.php\\\/2026\\\/08\\\/29\\\/abdelghani-merabet-nomme-a-lunesco-lalgerie-mise-sur-sa-diplomatie-culturelle\\\/#listItem\",\"position\":3,\"name\":\"Abdelghani Merabet nomm\\u00e9 \\u00e0 l&rsquo;UNESCO\\u00a0: L&rsquo;Alg\\u00e9rie mise sur sa diplomatie culturelle\",\"previousItem\":{\"@type\":\"ListItem\",\"@id\":\"https:\\\/\\\/lasentinelle.dz\\\/index.php\\\/category\\\/culture\\\/#listItem\",\"name\":\"Culture\"}}]},{\"@type\":\"Organization\",\"@id\":\"https:\\\/\\\/lasentinelle.dz\\\/#organization\",\"name\":\"La Sentinelle La Sentinelle\",\"description\":\"Quotidien national d'information\",\"url\":\"https:\\\/\\\/lasentinelle.dz\\\/\",\"logo\":{\"@type\":\"ImageObject\",\"url\":\"https:\\\/\\\/lasentinelle.dz\\\/wp-content\\\/uploads\\\/2021\\\/09\\\/cropped-la-sentinelle-earth-golden-anima-5.gif\",\"@id\":\"https:\\\/\\\/lasentinelle.dz\\\/index.php\\\/2026\\\/08\\\/29\\\/abdelghani-merabet-nomme-a-lunesco-lalgerie-mise-sur-sa-diplomatie-culturelle\\\/#organizationLogo\",\"width\":450,\"height\":213},\"image\":{\"@id\":\"https:\\\/\\\/lasentinelle.dz\\\/index.php\\\/2026\\\/08\\\/29\\\/abdelghani-merabet-nomme-a-lunesco-lalgerie-mise-sur-sa-diplomatie-culturelle\\\/#organizationLogo\"},\"sameAs\":[\"https:\\\/\\\/www.facebook.com\\\/azzedine.lasentinelle.1\"]},{\"@type\":\"Person\",\"@id\":\"https:\\\/\\\/lasentinelle.dz\\\/author\\\/admin\\\/#author\",\"url\":\"https:\\\/\\\/lasentinelle.dz\\\/author\\\/admin\\\/\",\"name\":\"admin\",\"image\":{\"@type\":\"ImageObject\",\"@id\":\"https:\\\/\\\/lasentinelle.dz\\\/index.php\\\/2026\\\/08\\\/29\\\/abdelghani-merabet-nomme-a-lunesco-lalgerie-mise-sur-sa-diplomatie-culturelle\\\/#authorImage\",\"url\":\"https:\\\/\\\/secure.gravatar.com\\\/avatar\\\/4c81fed838786e9b53f540bf46533e750f5d292099ae3b66cfc6fb1982e29df7?s=96&d=mm&r=g\",\"width\":96,\"height\":96,\"caption\":\"admin\"}},{\"@type\":\"WebPage\",\"@id\":\"https:\\\/\\\/lasentinelle.dz\\\/index.php\\\/2026\\\/08\\\/29\\\/abdelghani-merabet-nomme-a-lunesco-lalgerie-mise-sur-sa-diplomatie-culturelle\\\/#webpage\",\"url\":\"https:\\\/\\\/lasentinelle.dz\\\/index.php\\\/2026\\\/08\\\/29\\\/abdelghani-merabet-nomme-a-lunesco-lalgerie-mise-sur-sa-diplomatie-culturelle\\\/\",\"name\":\"Abdelghani Merabet nomm\\u00e9 \\u00e0 l\\u2019UNESCO : L\\u2019Alg\\u00e9rie mise sur sa diplomatie culturelle - La Sentinelle\",\"description\":\"L'ambassadeur Abdelghani Merabet a officiellement pris ses fonctions de d\\u00e9l\\u00e9gu\\u00e9 permanent de l'Alg\\u00e9rie aupr\\u00e8s de l'UNESCO. La c\\u00e9r\\u00e9monie de remise des lettres de cr\\u00e9ance s'est d\\u00e9roul\\u00e9e il y a quelques jours au si\\u00e8ge de l'organisation, en pr\\u00e9sence du directeur g\\u00e9n\\u00e9ral Khaled El Enany, marquant le d\\u00e9but de son mandat. Le nouveau repr\\u00e9sentant alg\\u00e9rien n'aborde pas\",\"inLanguage\":\"fr-FR\",\"isPartOf\":{\"@id\":\"https:\\\/\\\/lasentinelle.dz\\\/#website\"},\"breadcrumb\":{\"@id\":\"https:\\\/\\\/lasentinelle.dz\\\/index.php\\\/2026\\\/08\\\/29\\\/abdelghani-merabet-nomme-a-lunesco-lalgerie-mise-sur-sa-diplomatie-culturelle\\\/#breadcrumblist\"},\"author\":{\"@id\":\"https:\\\/\\\/lasentinelle.dz\\\/author\\\/admin\\\/#author\"},\"creator\":{\"@id\":\"https:\\\/\\\/lasentinelle.dz\\\/author\\\/admin\\\/#author\"},\"image\":{\"@type\":\"ImageObject\",\"url\":\"https:\\\/\\\/lasentinelle.dz\\\/wp-content\\\/uploads\\\/2026\\\/08\\\/merabet-unesco-1.png\",\"@id\":\"https:\\\/\\\/lasentinelle.dz\\\/index.php\\\/2026\\\/08\\\/29\\\/abdelghani-merabet-nomme-a-lunesco-lalgerie-mise-sur-sa-diplomatie-culturelle\\\/#mainImage\",\"width\":1040,\"height\":628},\"primaryImageOfPage\":{\"@id\":\"https:\\\/\\\/lasentinelle.dz\\\/index.php\\\/2026\\\/08\\\/29\\\/abdelghani-merabet-nomme-a-lunesco-lalgerie-mise-sur-sa-diplomatie-culturelle\\\/#mainImage\"},\"datePublished\":\"2026-08-29T21:25:38+01:00\",\"dateModified\":\"2026-08-29T21:25:41+01:00\"},{\"@type\":\"WebSite\",\"@id\":\"https:\\\/\\\/lasentinelle.dz\\\/#website\",\"url\":\"https:\\\/\\\/lasentinelle.dz\\\/\",\"name\":\"La Sentinelle\",\"description\":\"Quotidien national d'information\",\"inLanguage\":\"fr-FR\",\"publisher\":{\"@id\":\"https:\\\/\\\/lasentinelle.dz\\\/#organization\"}}]}\n\t\t<\/script>\n\t\t<!-- All in One SEO -->\n\n","aioseo_head_json":{"title":"Abdelghani Merabet nomm\u00e9 \u00e0 l\u2019UNESCO : L\u2019Alg\u00e9rie mise sur sa diplomatie culturelle - La Sentinelle","description":"L'ambassadeur Abdelghani Merabet a officiellement pris ses fonctions de d\u00e9l\u00e9gu\u00e9 permanent de l'Alg\u00e9rie aupr\u00e8s de l'UNESCO. La c\u00e9r\u00e9monie de remise des lettres de cr\u00e9ance s'est d\u00e9roul\u00e9e il y a quelques jours au si\u00e8ge de l'organisation, en pr\u00e9sence du directeur g\u00e9n\u00e9ral Khaled El Enany, marquant le d\u00e9but de son mandat. Le nouveau repr\u00e9sentant alg\u00e9rien n'aborde pas","canonical_url":"https:\/\/lasentinelle.dz\/index.php\/2026\/08\/29\/abdelghani-merabet-nomme-a-lunesco-lalgerie-mise-sur-sa-diplomatie-culturelle\/","robots":"max-image-preview:large","keywords":"","webmasterTools":{"miscellaneous":""},"schema":{"@context":"https:\/\/schema.org","@graph":[{"@type":"BlogPosting","@id":"https:\/\/lasentinelle.dz\/index.php\/2026\/08\/29\/abdelghani-merabet-nomme-a-lunesco-lalgerie-mise-sur-sa-diplomatie-culturelle\/#blogposting","name":"Abdelghani Merabet nomm\u00e9 \u00e0 l\u2019UNESCO : L\u2019Alg\u00e9rie mise sur sa diplomatie culturelle - La Sentinelle","headline":"Abdelghani Merabet nomm\u00e9 \u00e0 l&rsquo;UNESCO\u00a0: L&rsquo;Alg\u00e9rie mise sur sa diplomatie culturelle","author":{"@id":"https:\/\/lasentinelle.dz\/author\/admin\/#author"},"publisher":{"@id":"https:\/\/lasentinelle.dz\/#organization"},"image":{"@type":"ImageObject","url":"https:\/\/lasentinelle.dz\/wp-content\/uploads\/2026\/08\/merabet-unesco-1.png","width":1040,"height":628},"datePublished":"2026-08-29T21:25:38+01:00","dateModified":"2026-08-29T21:25:41+01:00","inLanguage":"fr-FR","mainEntityOfPage":{"@id":"https:\/\/lasentinelle.dz\/index.php\/2026\/08\/29\/abdelghani-merabet-nomme-a-lunesco-lalgerie-mise-sur-sa-diplomatie-culturelle\/#webpage"},"isPartOf":{"@id":"https:\/\/lasentinelle.dz\/index.php\/2026\/08\/29\/abdelghani-merabet-nomme-a-lunesco-lalgerie-mise-sur-sa-diplomatie-culturelle\/#webpage"},"articleSection":"Culture"},{"@type":"BreadcrumbList","@id":"https:\/\/lasentinelle.dz\/index.php\/2026\/08\/29\/abdelghani-merabet-nomme-a-lunesco-lalgerie-mise-sur-sa-diplomatie-culturelle\/#breadcrumblist","itemListElement":[{"@type":"ListItem","@id":"https:\/\/lasentinelle.dz#listItem","position":1,"name":"Home","item":"https:\/\/lasentinelle.dz","nextItem":{"@type":"ListItem","@id":"https:\/\/lasentinelle.dz\/index.php\/category\/culture\/#listItem","name":"Culture"}},{"@type":"ListItem","@id":"https:\/\/lasentinelle.dz\/index.php\/category\/culture\/#listItem","position":2,"name":"Culture","item":"https:\/\/lasentinelle.dz\/index.php\/category\/culture\/","nextItem":{"@type":"ListItem","@id":"https:\/\/lasentinelle.dz\/index.php\/2026\/08\/29\/abdelghani-merabet-nomme-a-lunesco-lalgerie-mise-sur-sa-diplomatie-culturelle\/#listItem","name":"Abdelghani Merabet nomm\u00e9 \u00e0 l&rsquo;UNESCO\u00a0: L&rsquo;Alg\u00e9rie mise sur sa diplomatie culturelle"},"previousItem":{"@type":"ListItem","@id":"https:\/\/lasentinelle.dz#listItem","name":"Home"}},{"@type":"ListItem","@id":"https:\/\/lasentinelle.dz\/index.php\/2026\/08\/29\/abdelghani-merabet-nomme-a-lunesco-lalgerie-mise-sur-sa-diplomatie-culturelle\/#listItem","position":3,"name":"Abdelghani Merabet nomm\u00e9 \u00e0 l&rsquo;UNESCO\u00a0: L&rsquo;Alg\u00e9rie mise sur sa diplomatie culturelle","previousItem":{"@type":"ListItem","@id":"https:\/\/lasentinelle.dz\/index.php\/category\/culture\/#listItem","name":"Culture"}}]},{"@type":"Organization","@id":"https:\/\/lasentinelle.dz\/#organization","name":"La Sentinelle La Sentinelle","description":"Quotidien national d'information","url":"https:\/\/lasentinelle.dz\/","logo":{"@type":"ImageObject","url":"https:\/\/lasentinelle.dz\/wp-content\/uploads\/2021\/09\/cropped-la-sentinelle-earth-golden-anima-5.gif","@id":"https:\/\/lasentinelle.dz\/index.php\/2026\/08\/29\/abdelghani-merabet-nomme-a-lunesco-lalgerie-mise-sur-sa-diplomatie-culturelle\/#organizationLogo","width":450,"height":213},"image":{"@id":"https:\/\/lasentinelle.dz\/index.php\/2026\/08\/29\/abdelghani-merabet-nomme-a-lunesco-lalgerie-mise-sur-sa-diplomatie-culturelle\/#organizationLogo"},"sameAs":["https:\/\/www.facebook.com\/azzedine.lasentinelle.1"]},{"@type":"Person","@id":"https:\/\/lasentinelle.dz\/author\/admin\/#author","url":"https:\/\/lasentinelle.dz\/author\/admin\/","name":"admin","image":{"@type":"ImageObject","@id":"https:\/\/lasentinelle.dz\/index.php\/2026\/08\/29\/abdelghani-merabet-nomme-a-lunesco-lalgerie-mise-sur-sa-diplomatie-culturelle\/#authorImage","url":"https:\/\/secure.gravatar.com\/avatar\/4c81fed838786e9b53f540bf46533e750f5d292099ae3b66cfc6fb1982e29df7?s=96&d=mm&r=g","width":96,"height":96,"caption":"admin"}},{"@type":"WebPage","@id":"https:\/\/lasentinelle.dz\/index.php\/2026\/08\/29\/abdelghani-merabet-nomme-a-lunesco-lalgerie-mise-sur-sa-diplomatie-culturelle\/#webpage","url":"https:\/\/lasentinelle.dz\/index.php\/2026\/08\/29\/abdelghani-merabet-nomme-a-lunesco-lalgerie-mise-sur-sa-diplomatie-culturelle\/","name":"Abdelghani Merabet nomm\u00e9 \u00e0 l\u2019UNESCO : L\u2019Alg\u00e9rie mise sur sa diplomatie culturelle - La Sentinelle","description":"L'ambassadeur Abdelghani Merabet a officiellement pris ses fonctions de d\u00e9l\u00e9gu\u00e9 permanent de l'Alg\u00e9rie aupr\u00e8s de l'UNESCO. La c\u00e9r\u00e9monie de remise des lettres de cr\u00e9ance s'est d\u00e9roul\u00e9e il y a quelques jours au si\u00e8ge de l'organisation, en pr\u00e9sence du directeur g\u00e9n\u00e9ral Khaled El Enany, marquant le d\u00e9but de son mandat. Le nouveau repr\u00e9sentant alg\u00e9rien n'aborde pas","inLanguage":"fr-FR","isPartOf":{"@id":"https:\/\/lasentinelle.dz\/#website"},"breadcrumb":{"@id":"https:\/\/lasentinelle.dz\/index.php\/2026\/08\/29\/abdelghani-merabet-nomme-a-lunesco-lalgerie-mise-sur-sa-diplomatie-culturelle\/#breadcrumblist"},"author":{"@id":"https:\/\/lasentinelle.dz\/author\/admin\/#author"},"creator":{"@id":"https:\/\/lasentinelle.dz\/author\/admin\/#author"},"image":{"@type":"ImageObject","url":"https:\/\/lasentinelle.dz\/wp-content\/uploads\/2026\/08\/merabet-unesco-1.png","@id":"https:\/\/lasentinelle.dz\/index.php\/2026\/08\/29\/abdelghani-merabet-nomme-a-lunesco-lalgerie-mise-sur-sa-diplomatie-culturelle\/#mainImage","width":1040,"height":628},"primaryImageOfPage":{"@id":"https:\/\/lasentinelle.dz\/index.php\/2026\/08\/29\/abdelghani-merabet-nomme-a-lunesco-lalgerie-mise-sur-sa-diplomatie-culturelle\/#mainImage"},"datePublished":"2026-08-29T21:25:38+01:00","dateModified":"2026-08-29T21:25:41+01:00"},{"@type":"WebSite","@id":"https:\/\/lasentinelle.dz\/#website","url":"https:\/\/lasentinelle.dz\/","name":"La Sentinelle","description":"Quotidien national d'information","inLanguage":"fr-FR","publisher":{"@id":"https:\/\/lasentinelle.dz\/#organization"}}]},"og:locale":"fr_FR","og:site_name":"La Sentinelle - Quotidien national d'information","og:type":"article","og:title":"Abdelghani Merabet nomm\u00e9 \u00e0 l\u2019UNESCO : L\u2019Alg\u00e9rie mise sur sa diplomatie culturelle - La Sentinelle","og:description":"L'ambassadeur Abdelghani Merabet a officiellement pris ses fonctions de d\u00e9l\u00e9gu\u00e9 permanent de l'Alg\u00e9rie aupr\u00e8s de l'UNESCO. La c\u00e9r\u00e9monie de remise des lettres de cr\u00e9ance s'est d\u00e9roul\u00e9e il y a quelques jours au si\u00e8ge de l'organisation, en pr\u00e9sence du directeur g\u00e9n\u00e9ral Khaled El Enany, marquant le d\u00e9but de son mandat. Le nouveau repr\u00e9sentant alg\u00e9rien n'aborde pas","og:url":"https:\/\/lasentinelle.dz\/index.php\/2026\/08\/29\/abdelghani-merabet-nomme-a-lunesco-lalgerie-mise-sur-sa-diplomatie-culturelle\/","og:image":"https:\/\/lasentinelle.dz\/wp-content\/uploads\/2021\/09\/cropped-la-sentinelle-earth-golden-anima-5.gif","og:image:secure_url":"https:\/\/lasentinelle.dz\/wp-content\/uploads\/2021\/09\/cropped-la-sentinelle-earth-golden-anima-5.gif","og:image:width":450,"og:image:height":213,"article:published_time":"2026-08-29T20:25:38+00:00","article:modified_time":"2026-08-29T20:25:41+00:00","article:publisher":"https:\/\/www.facebook.com\/azzedine.lasentinelle.1","twitter:card":"summary_large_image","twitter:title":"Abdelghani Merabet nomm\u00e9 \u00e0 l\u2019UNESCO : L\u2019Alg\u00e9rie mise sur sa diplomatie culturelle - La Sentinelle","twitter:description":"L'ambassadeur Abdelghani Merabet a officiellement pris ses fonctions de d\u00e9l\u00e9gu\u00e9 permanent de l'Alg\u00e9rie aupr\u00e8s de l'UNESCO. La c\u00e9r\u00e9monie de remise des lettres de cr\u00e9ance s'est d\u00e9roul\u00e9e il y a quelques jours au si\u00e8ge de l'organisation, en pr\u00e9sence du directeur g\u00e9n\u00e9ral Khaled El Enany, marquant le d\u00e9but de son mandat. Le nouveau repr\u00e9sentant alg\u00e9rien n'aborde pas","twitter:image":"https:\/\/lasentinelle.dz\/wp-content\/uploads\/2021\/09\/cropped-la-sentinelle-earth-golden-anima-5.gif"},"aioseo_meta_data":{"post_id":"94511","title":null,"description":null,"keywords":null,"keyphrases":{"focus":{"keyphrase":"","score":0,"analysis":{"keyphraseInTitle":{"score":0,"maxScore":9,"error":1}}},"additional":[]},"primary_term":null,"canonical_url":null,"og_title":null,"og_description":null,"og_object_type":"default","og_image_type":"default","og_image_url":null,"og_image_width":null,"og_image_height":null,"og_image_custom_url":null,"og_image_custom_fields":null,"og_video":"","og_custom_url":null,"og_article_section":null,"og_article_tags":null,"twitter_use_og":false,"twitter_card":"default","twitter_image_type":"default","twitter_image_url":null,"twitter_image_custom_url":null,"twitter_image_custom_fields":null,"twitter_title":null,"twitter_description":null,"schema":{"blockGraphs":[],"customGraphs":[],"default":{"data":{"Article":[],"Course":[],"Dataset":[],"FAQPage":[],"Movie":[],"Person":[],"Product":[],"ProductReview":[],"Car":[],"Recipe":[],"Service":[],"SoftwareApplication":[],"WebPage":[]},"graphName":"BlogPosting","isEnabled":true},"graphs":[]},"schema_type":"default","schema_type_options":null,"pillar_content":false,"robots_default":true,"robots_noindex":false,"robots_noarchive":false,"robots_nosnippet":false,"robots_nofollow":false,"robots_noimageindex":false,"robots_noodp":false,"robots_notranslate":false,"robots_max_snippet":"-1","robots_max_videopreview":"-1","robots_max_imagepreview":"large","priority":null,"frequency":"default","local_seo":null,"breadcrumb_settings":null,"limit_modified_date":false,"ai":{"faqs":[],"keyPoints":[],"schemas":[],"titles":[],"descriptions":[],"socialPosts":{"email":{"subject":"","preview":"","content":""},"linkedin":[],"twitter":[],"facebook":[],"instagram":[]}},"created":"2026-08-29 20:25:42","updated":"2026-08-29 21:46:36","focus_keyword":null,"additional_keywords":null,"truseo_locale":null,"seo_analyzer_scan_date":null},"aioseo_breadcrumb":"<div class=\"aioseo-breadcrumbs\"><span class=\"aioseo-breadcrumb\">\n\t\t\t<a href=\"https:\/\/lasentinelle.dz\" title=\"Home\">Home<\/a>\n\t\t<\/span><span class=\"aioseo-breadcrumb-separator\">&raquo;<\/span><span class=\"aioseo-breadcrumb\">\n\t\t\t<a href=\"https:\/\/lasentinelle.dz\/index.php\/category\/culture\/\" title=\"Culture\">Culture<\/a>\n\t\t<\/span><span class=\"aioseo-breadcrumb-separator\">&raquo;<\/span><span class=\"aioseo-breadcrumb\">\n\t\t\tAbdelghani Merabet nomm\u00e9 \u00e0 l\u2019UNESCO : L\u2019Alg\u00e9rie mise sur sa diplomatie culturelle\n\t\t<\/span><\/div>","aioseo_breadcrumb_json":[{"label":"Home","link":"https:\/\/lasentinelle.dz"},{"label":"Culture","link":"https:\/\/lasentinelle.dz\/index.php\/category\/culture\/"},{"label":"Abdelghani Merabet nomm\u00e9 \u00e0 l&rsquo;UNESCO\u00a0: L&rsquo;Alg\u00e9rie mise sur sa diplomatie culturelle","link":"https:\/\/lasentinelle.dz\/index.php\/2026\/08\/29\/abdelghani-merabet-nomme-a-lunesco-lalgerie-mise-sur-sa-diplomatie-culturelle\/"}],"yoast_head":"<!-- This site is optimized with the Yoast SEO plugin v28.3 - https:\/\/yoast.com\/product\/yoast-seo-wordpress\/ -->\n<title>Abdelghani Merabet nomm\u00e9 \u00e0 l&rsquo;UNESCO\u00a0: L&rsquo;Alg\u00e9rie mise sur sa diplomatie culturelle - La Sentinelle<\/title>\n<meta name=\"robots\" content=\"index, follow, max-snippet:-1, max-image-preview:large, max-video-preview:-1\" \/>\n<link rel=\"canonical\" href=\"https:\/\/lasentinelle.dz\/index.php\/2026\/08\/29\/abdelghani-merabet-nomme-a-lunesco-lalgerie-mise-sur-sa-diplomatie-culturelle\/\" \/>\n<meta property=\"og:locale\" content=\"fr_FR\" \/>\n<meta property=\"og:type\" content=\"article\" \/>\n<meta property=\"og:title\" content=\"Abdelghani Merabet nomm\u00e9 \u00e0 l&rsquo;UNESCO\u00a0: L&rsquo;Alg\u00e9rie mise sur sa diplomatie culturelle - La Sentinelle\" \/>\n<meta property=\"og:description\" content=\"L&rsquo;ambassadeur Abdelghani Merabet a officiellement pris ses fonctions de d\u00e9l\u00e9gu\u00e9 permanent de l&rsquo;Alg\u00e9rie aupr\u00e8s de l&rsquo;UNESCO. La c\u00e9r\u00e9monie de remise\" \/>\n<meta property=\"og:url\" content=\"https:\/\/lasentinelle.dz\/index.php\/2026\/08\/29\/abdelghani-merabet-nomme-a-lunesco-lalgerie-mise-sur-sa-diplomatie-culturelle\/\" \/>\n<meta property=\"og:site_name\" content=\"La Sentinelle\" \/>\n<meta property=\"article:publisher\" content=\"https:\/\/www.facebook.com\/La-Sentinelle-104059864394773\" \/>\n<meta property=\"article:published_time\" content=\"2026-08-29T20:25:38+00:00\" \/>\n<meta property=\"article:modified_time\" content=\"2026-08-29T20:25:41+00:00\" \/>\n<meta property=\"og:image\" content=\"https:\/\/lasentinelle.dz\/wp-content\/uploads\/2026\/08\/merabet-unesco-1.png\" \/>\n\t<meta property=\"og:image:width\" content=\"1040\" \/>\n\t<meta property=\"og:image:height\" content=\"628\" \/>\n\t<meta property=\"og:image:type\" content=\"image\/png\" \/>\n<meta name=\"author\" content=\"admin\" \/>\n<meta name=\"twitter:card\" content=\"summary_large_image\" \/>\n<meta name=\"twitter:label1\" content=\"\u00c9crit par\" \/>\n\t<meta name=\"twitter:data1\" content=\"admin\" \/>\n\t<meta name=\"twitter:label2\" content=\"Dur\u00e9e de lecture estim\u00e9e\" \/>\n\t<meta name=\"twitter:data2\" content=\"4 minutes\" \/>\n<script type=\"application\/ld+json\" class=\"yoast-schema-graph\">{\"@context\":\"https:\\\/\\\/schema.org\",\"@graph\":[{\"@type\":\"Article\",\"@id\":\"https:\\\/\\\/lasentinelle.dz\\\/index.php\\\/2026\\\/08\\\/29\\\/abdelghani-merabet-nomme-a-lunesco-lalgerie-mise-sur-sa-diplomatie-culturelle\\\/#article\",\"isPartOf\":{\"@id\":\"https:\\\/\\\/lasentinelle.dz\\\/index.php\\\/2026\\\/08\\\/29\\\/abdelghani-merabet-nomme-a-lunesco-lalgerie-mise-sur-sa-diplomatie-culturelle\\\/\"},\"author\":{\"name\":\"admin\",\"@id\":\"https:\\\/\\\/lasentinelle.dz\\\/#\\\/schema\\\/person\\\/729ee0024f24e0b8c5ec17232f8e8b41\"},\"headline\":\"Abdelghani Merabet nomm\u00e9 \u00e0 l&rsquo;UNESCO\u00a0: L&rsquo;Alg\u00e9rie mise sur sa diplomatie culturelle\",\"datePublished\":\"2026-08-29T20:25:38+00:00\",\"dateModified\":\"2026-08-29T20:25:41+00:00\",\"mainEntityOfPage\":{\"@id\":\"https:\\\/\\\/lasentinelle.dz\\\/index.php\\\/2026\\\/08\\\/29\\\/abdelghani-merabet-nomme-a-lunesco-lalgerie-mise-sur-sa-diplomatie-culturelle\\\/\"},\"wordCount\":684,\"commentCount\":0,\"publisher\":{\"@id\":\"https:\\\/\\\/lasentinelle.dz\\\/#organization\"},\"image\":{\"@id\":\"https:\\\/\\\/lasentinelle.dz\\\/index.php\\\/2026\\\/08\\\/29\\\/abdelghani-merabet-nomme-a-lunesco-lalgerie-mise-sur-sa-diplomatie-culturelle\\\/#primaryimage\"},\"thumbnailUrl\":\"https:\\\/\\\/lasentinelle.dz\\\/wp-content\\\/uploads\\\/2026\\\/08\\\/merabet-unesco-1.png\",\"articleSection\":[\"Culture\"],\"inLanguage\":\"fr-FR\",\"potentialAction\":[{\"@type\":\"CommentAction\",\"name\":\"Comment\",\"target\":[\"https:\\\/\\\/lasentinelle.dz\\\/index.php\\\/2026\\\/08\\\/29\\\/abdelghani-merabet-nomme-a-lunesco-lalgerie-mise-sur-sa-diplomatie-culturelle\\\/#respond\"]}]},{\"@type\":\"WebPage\",\"@id\":\"https:\\\/\\\/lasentinelle.dz\\\/index.php\\\/2026\\\/08\\\/29\\\/abdelghani-merabet-nomme-a-lunesco-lalgerie-mise-sur-sa-diplomatie-culturelle\\\/\",\"url\":\"https:\\\/\\\/lasentinelle.dz\\\/index.php\\\/2026\\\/08\\\/29\\\/abdelghani-merabet-nomme-a-lunesco-lalgerie-mise-sur-sa-diplomatie-culturelle\\\/\",\"name\":\"Abdelghani Merabet nomm\u00e9 \u00e0 l&rsquo;UNESCO\u00a0: L&rsquo;Alg\u00e9rie mise sur sa diplomatie culturelle - La Sentinelle\",\"isPartOf\":{\"@id\":\"https:\\\/\\\/lasentinelle.dz\\\/#website\"},\"primaryImageOfPage\":{\"@id\":\"https:\\\/\\\/lasentinelle.dz\\\/index.php\\\/2026\\\/08\\\/29\\\/abdelghani-merabet-nomme-a-lunesco-lalgerie-mise-sur-sa-diplomatie-culturelle\\\/#primaryimage\"},\"image\":{\"@id\":\"https:\\\/\\\/lasentinelle.dz\\\/index.php\\\/2026\\\/08\\\/29\\\/abdelghani-merabet-nomme-a-lunesco-lalgerie-mise-sur-sa-diplomatie-culturelle\\\/#primaryimage\"},\"thumbnailUrl\":\"https:\\\/\\\/lasentinelle.dz\\\/wp-content\\\/uploads\\\/2026\\\/08\\\/merabet-unesco-1.png\",\"datePublished\":\"2026-08-29T20:25:38+00:00\",\"dateModified\":\"2026-08-29T20:25:41+00:00\",\"breadcrumb\":{\"@id\":\"https:\\\/\\\/lasentinelle.dz\\\/index.php\\\/2026\\\/08\\\/29\\\/abdelghani-merabet-nomme-a-lunesco-lalgerie-mise-sur-sa-diplomatie-culturelle\\\/#breadcrumb\"},\"inLanguage\":\"fr-FR\",\"potentialAction\":[{\"@type\":\"ReadAction\",\"target\":[\"https:\\\/\\\/lasentinelle.dz\\\/index.php\\\/2026\\\/08\\\/29\\\/abdelghani-merabet-nomme-a-lunesco-lalgerie-mise-sur-sa-diplomatie-culturelle\\\/\"]}]},{\"@type\":\"ImageObject\",\"inLanguage\":\"fr-FR\",\"@id\":\"https:\\\/\\\/lasentinelle.dz\\\/index.php\\\/2026\\\/08\\\/29\\\/abdelghani-merabet-nomme-a-lunesco-lalgerie-mise-sur-sa-diplomatie-culturelle\\\/#primaryimage\",\"url\":\"https:\\\/\\\/lasentinelle.dz\\\/wp-content\\\/uploads\\\/2026\\\/08\\\/merabet-unesco-1.png\",\"contentUrl\":\"https:\\\/\\\/lasentinelle.dz\\\/wp-content\\\/uploads\\\/2026\\\/08\\\/merabet-unesco-1.png\",\"width\":1040,\"height\":628},{\"@type\":\"BreadcrumbList\",\"@id\":\"https:\\\/\\\/lasentinelle.dz\\\/index.php\\\/2026\\\/08\\\/29\\\/abdelghani-merabet-nomme-a-lunesco-lalgerie-mise-sur-sa-diplomatie-culturelle\\\/#breadcrumb\",\"itemListElement\":[{\"@type\":\"ListItem\",\"position\":1,\"name\":\"Accueil\",\"item\":\"https:\\\/\\\/lasentinelle.dz\\\/\"},{\"@type\":\"ListItem\",\"position\":2,\"name\":\"Abdelghani Merabet nomm\u00e9 \u00e0 l&rsquo;UNESCO\u00a0: L&rsquo;Alg\u00e9rie mise sur sa diplomatie culturelle\"}]},{\"@type\":\"WebSite\",\"@id\":\"https:\\\/\\\/lasentinelle.dz\\\/#website\",\"url\":\"https:\\\/\\\/lasentinelle.dz\\\/\",\"name\":\"La Sentinelle\",\"description\":\"Quotidien national d&#039;information\",\"publisher\":{\"@id\":\"https:\\\/\\\/lasentinelle.dz\\\/#organization\"},\"potentialAction\":[{\"@type\":\"SearchAction\",\"target\":{\"@type\":\"EntryPoint\",\"urlTemplate\":\"https:\\\/\\\/lasentinelle.dz\\\/?s={search_term_string}\"},\"query-input\":{\"@type\":\"PropertyValueSpecification\",\"valueRequired\":true,\"valueName\":\"search_term_string\"}}],\"inLanguage\":\"fr-FR\"},{\"@type\":\"Organization\",\"@id\":\"https:\\\/\\\/lasentinelle.dz\\\/#organization\",\"name\":\"Quotidien La Sentinelle\",\"url\":\"https:\\\/\\\/lasentinelle.dz\\\/\",\"logo\":{\"@type\":\"ImageObject\",\"inLanguage\":\"fr-FR\",\"@id\":\"https:\\\/\\\/lasentinelle.dz\\\/#\\\/schema\\\/logo\\\/image\\\/\",\"url\":\"https:\\\/\\\/lasentinelle.dz\\\/wp-content\\\/uploads\\\/2021\\\/09\\\/logo-sentinelleSLOGAN-1.png\",\"contentUrl\":\"https:\\\/\\\/lasentinelle.dz\\\/wp-content\\\/uploads\\\/2021\\\/09\\\/logo-sentinelleSLOGAN-1.png\",\"width\":615,\"height\":142,\"caption\":\"Quotidien La Sentinelle\"},\"image\":{\"@id\":\"https:\\\/\\\/lasentinelle.dz\\\/#\\\/schema\\\/logo\\\/image\\\/\"},\"sameAs\":[\"https:\\\/\\\/www.facebook.com\\\/La-Sentinelle-104059864394773\"]},{\"@type\":\"Person\",\"@id\":\"https:\\\/\\\/lasentinelle.dz\\\/#\\\/schema\\\/person\\\/729ee0024f24e0b8c5ec17232f8e8b41\",\"name\":\"admin\",\"image\":{\"@type\":\"ImageObject\",\"inLanguage\":\"fr-FR\",\"@id\":\"https:\\\/\\\/secure.gravatar.com\\\/avatar\\\/4c81fed838786e9b53f540bf46533e750f5d292099ae3b66cfc6fb1982e29df7?s=96&d=mm&r=g\",\"url\":\"https:\\\/\\\/secure.gravatar.com\\\/avatar\\\/4c81fed838786e9b53f540bf46533e750f5d292099ae3b66cfc6fb1982e29df7?s=96&d=mm&r=g\",\"contentUrl\":\"https:\\\/\\\/secure.gravatar.com\\\/avatar\\\/4c81fed838786e9b53f540bf46533e750f5d292099ae3b66cfc6fb1982e29df7?s=96&d=mm&r=g\",\"caption\":\"admin\"},\"description\":\"admin\",\"url\":\"https:\\\/\\\/lasentinelle.dz\\\/author\\\/admin\\\/\"}]}<\/script>\n<!-- \/ Yoast SEO plugin. -->","yoast_head_json":{"title":"Abdelghani Merabet nomm\u00e9 \u00e0 l&rsquo;UNESCO\u00a0: L&rsquo;Alg\u00e9rie mise sur sa diplomatie culturelle - La Sentinelle","robots":{"index":"index","follow":"follow","max-snippet":"max-snippet:-1","max-image-preview":"max-image-preview:large","max-video-preview":"max-video-preview:-1"},"canonical":"https:\/\/lasentinelle.dz\/index.php\/2026\/08\/29\/abdelghani-merabet-nomme-a-lunesco-lalgerie-mise-sur-sa-diplomatie-culturelle\/","og_locale":"fr_FR","og_type":"article","og_title":"Abdelghani Merabet nomm\u00e9 \u00e0 l&rsquo;UNESCO\u00a0: L&rsquo;Alg\u00e9rie mise sur sa diplomatie culturelle - La Sentinelle","og_description":"L&rsquo;ambassadeur Abdelghani Merabet a officiellement pris ses fonctions de d\u00e9l\u00e9gu\u00e9 permanent de l&rsquo;Alg\u00e9rie aupr\u00e8s de l&rsquo;UNESCO. La c\u00e9r\u00e9monie de remise","og_url":"https:\/\/lasentinelle.dz\/index.php\/2026\/08\/29\/abdelghani-merabet-nomme-a-lunesco-lalgerie-mise-sur-sa-diplomatie-culturelle\/","og_site_name":"La Sentinelle","article_publisher":"https:\/\/www.facebook.com\/La-Sentinelle-104059864394773","article_published_time":"2026-08-29T20:25:38+00:00","article_modified_time":"2026-08-29T20:25:41+00:00","og_image":[{"width":1040,"height":628,"url":"https:\/\/lasentinelle.dz\/wp-content\/uploads\/2026\/08\/merabet-unesco-1.png","type":"image\/png"}],"author":"admin","twitter_card":"summary_large_image","twitter_misc":{"\u00c9crit par":"admin","Dur\u00e9e de lecture estim\u00e9e":"4 minutes"},"schema":{"@context":"https:\/\/schema.org","@graph":[{"@type":"Article","@id":"https:\/\/lasentinelle.dz\/index.php\/2026\/08\/29\/abdelghani-merabet-nomme-a-lunesco-lalgerie-mise-sur-sa-diplomatie-culturelle\/#article","isPartOf":{"@id":"https:\/\/lasentinelle.dz\/index.php\/2026\/08\/29\/abdelghani-merabet-nomme-a-lunesco-lalgerie-mise-sur-sa-diplomatie-culturelle\/"},"author":{"name":"admin","@id":"https:\/\/lasentinelle.dz\/#\/schema\/person\/729ee0024f24e0b8c5ec17232f8e8b41"},"headline":"Abdelghani Merabet nomm\u00e9 \u00e0 l&rsquo;UNESCO\u00a0: L&rsquo;Alg\u00e9rie mise sur sa diplomatie culturelle","datePublished":"2026-08-29T20:25:38+00:00","dateModified":"2026-08-29T20:25:41+00:00","mainEntityOfPage":{"@id":"https:\/\/lasentinelle.dz\/index.php\/2026\/08\/29\/abdelghani-merabet-nomme-a-lunesco-lalgerie-mise-sur-sa-diplomatie-culturelle\/"},"wordCount":684,"commentCount":0,"publisher":{"@id":"https:\/\/lasentinelle.dz\/#organization"},"image":{"@id":"https:\/\/lasentinelle.dz\/index.php\/2026\/08\/29\/abdelghani-merabet-nomme-a-lunesco-lalgerie-mise-sur-sa-diplomatie-culturelle\/#primaryimage"},"thumbnailUrl":"https:\/\/lasentinelle.dz\/wp-content\/uploads\/2026\/08\/merabet-unesco-1.png","articleSection":["Culture"],"inLanguage":"fr-FR","potentialAction":[{"@type":"CommentAction","name":"Comment","target":["https:\/\/lasentinelle.dz\/index.php\/2026\/08\/29\/abdelghani-merabet-nomme-a-lunesco-lalgerie-mise-sur-sa-diplomatie-culturelle\/#respond"]}]},{"@type":"WebPage","@id":"https:\/\/lasentinelle.dz\/index.php\/2026\/08\/29\/abdelghani-merabet-nomme-a-lunesco-lalgerie-mise-sur-sa-diplomatie-culturelle\/","url":"https:\/\/lasentinelle.dz\/index.php\/2026\/08\/29\/abdelghani-merabet-nomme-a-lunesco-lalgerie-mise-sur-sa-diplomatie-culturelle\/","name":"Abdelghani Merabet nomm\u00e9 \u00e0 l&rsquo;UNESCO\u00a0: L&rsquo;Alg\u00e9rie mise sur sa diplomatie culturelle - La Sentinelle","isPartOf":{"@id":"https:\/\/lasentinelle.dz\/#website"},"primaryImageOfPage":{"@id":"https:\/\/lasentinelle.dz\/index.php\/2026\/08\/29\/abdelghani-merabet-nomme-a-lunesco-lalgerie-mise-sur-sa-diplomatie-culturelle\/#primaryimage"},"image":{"@id":"https:\/\/lasentinelle.dz\/index.php\/2026\/08\/29\/abdelghani-merabet-nomme-a-lunesco-lalgerie-mise-sur-sa-diplomatie-culturelle\/#primaryimage"},"thumbnailUrl":"https:\/\/lasentinelle.dz\/wp-content\/uploads\/2026\/08\/merabet-unesco-1.png","datePublished":"2026-08-29T20:25:38+00:00","dateModified":"2026-08-29T20:25:41+00:00","breadcrumb":{"@id":"https:\/\/lasentinelle.dz\/index.php\/2026\/08\/29\/abdelghani-merabet-nomme-a-lunesco-lalgerie-mise-sur-sa-diplomatie-culturelle\/#breadcrumb"},"inLanguage":"fr-FR","potentialAction":[{"@type":"ReadAction","target":["https:\/\/lasentinelle.dz\/index.php\/2026\/08\/29\/abdelghani-merabet-nomme-a-lunesco-lalgerie-mise-sur-sa-diplomatie-culturelle\/"]}]},{"@type":"ImageObject","inLanguage":"fr-FR","@id":"https:\/\/lasentinelle.dz\/index.php\/2026\/08\/29\/abdelghani-merabet-nomme-a-lunesco-lalgerie-mise-sur-sa-diplomatie-culturelle\/#primaryimage","url":"https:\/\/lasentinelle.dz\/wp-content\/uploads\/2026\/08\/merabet-unesco-1.png","contentUrl":"https:\/\/lasentinelle.dz\/wp-content\/uploads\/2026\/08\/merabet-unesco-1.png","width":1040,"height":628},{"@type":"BreadcrumbList","@id":"https:\/\/lasentinelle.dz\/index.php\/2026\/08\/29\/abdelghani-merabet-nomme-a-lunesco-lalgerie-mise-sur-sa-diplomatie-culturelle\/#breadcrumb","itemListElement":[{"@type":"ListItem","position":1,"name":"Accueil","item":"https:\/\/lasentinelle.dz\/"},{"@type":"ListItem","position":2,"name":"Abdelghani Merabet nomm\u00e9 \u00e0 l&rsquo;UNESCO\u00a0: L&rsquo;Alg\u00e9rie mise sur sa diplomatie culturelle"}]},{"@type":"WebSite","@id":"https:\/\/lasentinelle.dz\/#website","url":"https:\/\/lasentinelle.dz\/","name":"La Sentinelle","description":"Quotidien national d&#039;information","publisher":{"@id":"https:\/\/lasentinelle.dz\/#organization"},"potentialAction":[{"@type":"SearchAction","target":{"@type":"EntryPoint","urlTemplate":"https:\/\/lasentinelle.dz\/?s={search_term_string}"},"query-input":{"@type":"PropertyValueSpecification","valueRequired":true,"valueName":"search_term_string"}}],"inLanguage":"fr-FR"},{"@type":"Organization","@id":"https:\/\/lasentinelle.dz\/#organization","name":"Quotidien La Sentinelle","url":"https:\/\/lasentinelle.dz\/","logo":{"@type":"ImageObject","inLanguage":"fr-FR","@id":"https:\/\/lasentinelle.dz\/#\/schema\/logo\/image\/","url":"https:\/\/lasentinelle.dz\/wp-content\/uploads\/2021\/09\/logo-sentinelleSLOGAN-1.png","contentUrl":"https:\/\/lasentinelle.dz\/wp-content\/uploads\/2021\/09\/logo-sentinelleSLOGAN-1.png","width":615,"height":142,"caption":"Quotidien La Sentinelle"},"image":{"@id":"https:\/\/lasentinelle.dz\/#\/schema\/logo\/image\/"},"sameAs":["https:\/\/www.facebook.com\/La-Sentinelle-104059864394773"]},{"@type":"Person","@id":"https:\/\/lasentinelle.dz\/#\/schema\/person\/729ee0024f24e0b8c5ec17232f8e8b41","name":"admin","image":{"@type":"ImageObject","inLanguage":"fr-FR","@id":"https:\/\/secure.gravatar.com\/avatar\/4c81fed838786e9b53f540bf46533e750f5d292099ae3b66cfc6fb1982e29df7?s=96&d=mm&r=g","url":"https:\/\/secure.gravatar.com\/avatar\/4c81fed838786e9b53f540bf46533e750f5d292099ae3b66cfc6fb1982e29df7?s=96&d=mm&r=g","contentUrl":"https:\/\/secure.gravatar.com\/avatar\/4c81fed838786e9b53f540bf46533e750f5d292099ae3b66cfc6fb1982e29df7?s=96&d=mm&r=g","caption":"admin"},"description":"admin","url":"https:\/\/lasentinelle.dz\/author\/admin\/"}]}},"_links":{"self":[{"href":"https:\/\/lasentinelle.dz\/index.php\/wp-json\/wp\/v2\/posts\/94511","targetHints":{"allow":["GET"]}}],"collection":[{"href":"https:\/\/lasentinelle.dz\/index.php\/wp-json\/wp\/v2\/posts"}],"about":[{"href":"https:\/\/lasentinelle.dz\/index.php\/wp-json\/wp\/v2\/types\/post"}],"author":[{"embeddable":true,"href":"https:\/\/lasentinelle.dz\/index.php\/wp-json\/wp\/v2\/users\/6"}],"replies":[{"embeddable":true,"href":"https:\/\/lasentinelle.dz\/index.php\/wp-json\/wp\/v2\/comments?post=94511"}],"version-history":[{"count":2,"href":"https:\/\/lasentinelle.dz\/index.php\/wp-json\/wp\/v2\/posts\/94511\/revisions"}],"predecessor-version":[{"id":94514,"href":"https:\/\/lasentinelle.dz\/index.php\/wp-json\/wp\/v2\/posts\/94511\/revisions\/94514"}],"wp:featuredmedia":[{"embeddable":true,"href":"https:\/\/lasentinelle.dz\/index.php\/wp-json\/wp\/v2\/media\/94512"}],"wp:attachment":[{"href":"https:\/\/lasentinelle.dz\/index.php\/wp-json\/wp\/v2\/media?parent=94511"}],"wp:term":[{"taxonomy":"category","embeddable":true,"href":"https:\/\/lasentinelle.dz\/index.php\/wp-json\/wp\/v2\/categories?post=94511"},{"taxonomy":"post_tag","embeddable":true,"href":"https:\/\/lasentinelle.dz\/index.php\/wp-json\/wp\/v2\/tags?post=94511"}],"curies":[{"name":"wp","href":"https:\/\/api.w.org\/{rel}","templated":true}]}}