{"id":94516,"date":"2026-08-29T21:26:46","date_gmt":"2026-08-29T20:26:46","guid":{"rendered":"https:\/\/lasentinelle.dz\/?p=94516"},"modified":"2026-08-29T21:26:48","modified_gmt":"2026-08-29T20:26:48","slug":"les-evenements-a-caractere-festif-suspendus-a-la-suite-des-incendies-qui-ont-endeuille-le-pays-le-monde-de-la-culture-mobilise","status":"publish","type":"post","link":"https:\/\/lasentinelle.dz\/index.php\/2026\/08\/29\/les-evenements-a-caractere-festif-suspendus-a-la-suite-des-incendies-qui-ont-endeuille-le-pays-le-monde-de-la-culture-mobilise\/","title":{"rendered":"Les \u00e9v\u00e8nements \u00e0 caract\u00e8re festif suspendus \u00e0 la suite des incendies qui ont endeuill\u00e9 le pays\u00a0: Le monde de la culture mobilis\u00e9"},"content":{"rendered":"\n<p class=\"wp-block-paragraph\">Le minist\u00e8re de la Culture et des Arts a d\u00e9cid\u00e9 de suspendre, sur tout le territoire national, les festivals et rendez-vous artistiques \u00e0 caract\u00e8re festif, par solidarit\u00e9 avec les sinistr\u00e9s des incendies ayant frapp\u00e9 plusieurs wilayas du Centre et de l&rsquo;Est du pays. La ministre Malika Bendouda a accompagn\u00e9 cette d\u00e9cision d&rsquo;un message appelant le monde de la culture \u00e0 se mobiliser.<\/p>\n\n\n\n<p class=\"wp-block-paragraph\">Le minist\u00e8re de la Culture et des Arts a fait savoir, jeudi, qu&rsquo;il mettait \u00e0 l&rsquo;arr\u00eat toutes les manifestations \u00e0 caract\u00e8re festif pr\u00e9vues \u00e0 travers le pays, un geste de solidarit\u00e9 envers les familles des victimes, les bless\u00e9s et les populations touch\u00e9es par les feux qui ont ravag\u00e9 plusieurs wilayas du Centre et de l&rsquo;Est du territoire national.<\/p>\n\n\n\n<p class=\"wp-block-paragraph\">Le d\u00e9partement minist\u00e9riel pr\u00e9cise, dans un communiqu\u00e9, que cette mesure \u00e9pargne les activit\u00e9s culturelles d\u00e9pourvues de caract\u00e8re festif, celles pouvant s&rsquo;inscrire dans une d\u00e9marche \u00e9ducative, p\u00e9dagogique ou de sensibilisation. Le minist\u00e8re indique que l&rsquo;application de cette disposition tiendra compte de la conjoncture g\u00e9n\u00e9rale ainsi que des particularit\u00e9s propres \u00e0 chaque r\u00e9gion concern\u00e9e. Les rendez-vous ainsi report\u00e9s seront r\u00e9organis\u00e9s \u00e0 des dates ult\u00e9rieures, en concertation avec les instances comp\u00e9tentes et dans le respect des textes r\u00e9glementaires en vigueur.<\/p>\n\n\n\n<p class=\"wp-block-paragraph\">C&rsquo;est dans ce contexte que Malika Bendouda a publi\u00e9 un message o\u00f9 elle exprime son \u00e9motion face au drame et lance un appel \u00e0 la mobilisation, sous le hashtag \u00ab\u00a0main dans la main, l&rsquo;Alg\u00e9rie est une\u00a0\u00bb. La ministre y rappelle que \u00ab\u00a0nous avons grandi avec une conviction profond\u00e9ment ancr\u00e9e dans notre \u00e9ducation alg\u00e9rienne, celle de ne jamais laisser personne seul face \u00e0 l&rsquo;\u00e9preuve\u00a0\u00bb, avant de s&rsquo;interroger sur l&rsquo;ampleur du drame lorsque celui-ci \u00ab\u00a0touche un grand nombre des n\u00f4tres\u00a0\u00bb et que sa douleur \u00ab\u00a0s&rsquo;\u00e9tend \u00e0 des foyers, des villages et des hameaux de notre pays\u00a0\u00bb.<\/p>\n\n\n\n<p class=\"wp-block-paragraph\">Pour la ministre, \u00ab\u00a0la douleur ne concerne pas uniquement ceux qui sont directement touch\u00e9s par l&rsquo;\u00e9preuve\u00a0\u00bb, car ce qui frappe une partie de l&rsquo;Alg\u00e9rie \u00ab\u00a0nous atteint tous\u00a0\u00bb. Elle estime que les \u00e9preuves travers\u00e9es par la nation font \u00e9merger \u00ab\u00a0les plus beaux sens de l&rsquo;unit\u00e9 nationale\u00a0\u00bb, celui o\u00f9 chaque Alg\u00e9rien \u00ab\u00a0ressent la souffrance de son fr\u00e8re et trouve en lui un soutien lorsque l&rsquo;\u00e9preuve devient lourde\u00a0\u00bb.<\/p>\n\n\n\n<p class=\"wp-block-paragraph\">Malika Bendouda consid\u00e8re que la culture porte en elle la capacit\u00e9 de \u00ab\u00a0toucher l&rsquo;humain et r\u00e9parer ce que les trag\u00e9dies laissent dans la m\u00e9moire et dans les \u00e2mes\u00a0\u00bb, et qu&rsquo;elle se trouve aujourd&rsquo;hui appel\u00e9e \u00e0 occuper une place centrale dans cet \u00e9lan collectif. Elle invite \u00e0 ce titre \u00ab\u00a0les intellectuels, les artistes, les cr\u00e9ateurs ainsi que les associations culturelles et artistiques\u00a0\u00bb \u00e0 s&rsquo;engager dans cette dynamique de solidarit\u00e9, concluant que \u00ab\u00a0main dans la main, l&rsquo;Alg\u00e9rie demeure une\u00a0\u00bb et qu'\u00a0\u00bbau nom de l&rsquo;Alg\u00e9rie, nous partageons la capacit\u00e9 de nous relever\u00a0\u00bb. La ministre termine son message en formulant le v\u0153u que Dieu \u00ab\u00a0prot\u00e8ge l&rsquo;Alg\u00e9rie et son peuple\u00a0\u00bb et accorde Sa mis\u00e9ricorde aux victimes de cette \u00e9preuve.<\/p>\n\n\n\n<p class=\"wp-block-paragraph\">Mohand Seghir<\/p>\n","protected":false},"excerpt":{"rendered":"<p>Le minist\u00e8re de la Culture et des Arts a d\u00e9cid\u00e9 de suspendre, sur tout le territoire national, les festivals et<\/p>\n","protected":false},"author":6,"featured_media":72292,"comment_status":"open","ping_status":"closed","sticky":false,"template":"","format":"standard","meta":{"colormag_page_container_layout":"default_layout","colormag_page_sidebar_layout":"default_layout","om_disable_all_campaigns":false,"_monsterinsights_skip_tracking":false,"footnotes":"","_wpscppro_dont_share_socialmedia":false,"_wpscppro_custom_social_share_image":0,"_facebook_share_type":"default","_twitter_share_type":"default","_linkedin_share_type":"default","_pinterest_share_type":"default","_linkedin_share_type_page":"","_instagram_share_type":"default","_medium_share_type":"default","_threads_share_type":"default","_google_business_share_type":"default","_bluesky_share_type":"default","_mastodon_share_type":"default","_selected_social_profile":[],"_wpsp_enable_custom_social_template":false,"_wpsp_social_scheduling":{"enabled":false,"datetime":null,"platforms":[],"status":"template_only","dateOption":"today","timeOption":"now","customDays":"","customHours":"","customDate":"","customTime":"","schedulingType":"absolute"},"_wpsp_active_default_template":true},"categories":[36],"tags":[],"class_list":["post-94516","post","type-post","status-publish","format-standard","has-post-thumbnail","hentry","category-culture"],"aioseo_notices":[],"aioseo_head":"\n\t\t<!-- All in One SEO 5.0.0.1 - aioseo.com -->\n\t<meta name=\"description\" content=\"Le minist\u00e8re de la Culture et des Arts a d\u00e9cid\u00e9 de suspendre, sur tout le territoire national, les festivals et rendez-vous artistiques \u00e0 caract\u00e8re festif, par solidarit\u00e9 avec les sinistr\u00e9s des incendies ayant frapp\u00e9 plusieurs wilayas du Centre et de l&#039;Est du pays. La ministre Malika Bendouda a accompagn\u00e9 cette d\u00e9cision d&#039;un message appelant le\" \/>\n\t<meta name=\"robots\" content=\"max-image-preview:large\" \/>\n\t<meta name=\"author\" content=\"admin\"\/>\n\t<link rel=\"canonical\" href=\"https:\/\/lasentinelle.dz\/index.php\/2026\/08\/29\/les-evenements-a-caractere-festif-suspendus-a-la-suite-des-incendies-qui-ont-endeuille-le-pays-le-monde-de-la-culture-mobilise\/\" \/>\n\t<meta name=\"generator\" content=\"All in One SEO (AIOSEO) 5.0.0.1\" \/>\n\t\t<meta property=\"og:locale\" content=\"fr_FR\" \/>\n\t\t<meta property=\"og:site_name\" content=\"La Sentinelle - Quotidien national d&#039;information\" \/>\n\t\t<meta property=\"og:type\" content=\"article\" \/>\n\t\t<meta property=\"og:title\" content=\"Les \u00e9v\u00e8nements \u00e0 caract\u00e8re festif suspendus \u00e0 la suite des incendies qui ont endeuill\u00e9 le pays : Le monde de la culture mobilis\u00e9 - La Sentinelle\" \/>\n\t\t<meta property=\"og:description\" content=\"Le minist\u00e8re de la Culture et des Arts a d\u00e9cid\u00e9 de suspendre, sur tout le territoire national, les festivals et rendez-vous artistiques \u00e0 caract\u00e8re festif, par solidarit\u00e9 avec les sinistr\u00e9s des incendies ayant frapp\u00e9 plusieurs wilayas du Centre et de l&#039;Est du pays. La ministre Malika Bendouda a accompagn\u00e9 cette d\u00e9cision d&#039;un message appelant le\" \/>\n\t\t<meta property=\"og:url\" content=\"https:\/\/lasentinelle.dz\/index.php\/2026\/08\/29\/les-evenements-a-caractere-festif-suspendus-a-la-suite-des-incendies-qui-ont-endeuille-le-pays-le-monde-de-la-culture-mobilise\/\" \/>\n\t\t<meta property=\"og:image\" content=\"https:\/\/lasentinelle.dz\/wp-content\/uploads\/2021\/09\/cropped-la-sentinelle-earth-golden-anima-5.gif\" \/>\n\t\t<meta property=\"og:image:secure_url\" content=\"https:\/\/lasentinelle.dz\/wp-content\/uploads\/2021\/09\/cropped-la-sentinelle-earth-golden-anima-5.gif\" \/>\n\t\t<meta property=\"og:image:width\" content=\"450\" \/>\n\t\t<meta property=\"og:image:height\" content=\"213\" \/>\n\t\t<meta property=\"article:published_time\" content=\"2026-08-29T20:26:46+00:00\" \/>\n\t\t<meta property=\"article:modified_time\" content=\"2026-08-29T20:26:48+00:00\" \/>\n\t\t<meta property=\"article:publisher\" content=\"https:\/\/www.facebook.com\/azzedine.lasentinelle.1\" \/>\n\t\t<meta name=\"twitter:card\" content=\"summary_large_image\" \/>\n\t\t<meta name=\"twitter:title\" content=\"Les \u00e9v\u00e8nements \u00e0 caract\u00e8re festif suspendus \u00e0 la suite des incendies qui ont endeuill\u00e9 le pays : Le monde de la culture mobilis\u00e9 - La Sentinelle\" \/>\n\t\t<meta name=\"twitter:description\" content=\"Le minist\u00e8re de la Culture et des Arts a d\u00e9cid\u00e9 de suspendre, sur tout le territoire national, les festivals et rendez-vous artistiques \u00e0 caract\u00e8re festif, par solidarit\u00e9 avec les sinistr\u00e9s des incendies ayant frapp\u00e9 plusieurs wilayas du Centre et de l&#039;Est du pays. La ministre Malika Bendouda a accompagn\u00e9 cette d\u00e9cision d&#039;un message appelant le\" \/>\n\t\t<meta name=\"twitter:image\" content=\"https:\/\/lasentinelle.dz\/wp-content\/uploads\/2021\/09\/cropped-la-sentinelle-earth-golden-anima-5.gif\" \/>\n\t\t<script type=\"application\/ld+json\" class=\"aioseo-schema\">\n\t\t\t{\"@context\":\"https:\\\/\\\/schema.org\",\"@graph\":[{\"@type\":\"BlogPosting\",\"@id\":\"https:\\\/\\\/lasentinelle.dz\\\/index.php\\\/2026\\\/08\\\/29\\\/les-evenements-a-caractere-festif-suspendus-a-la-suite-des-incendies-qui-ont-endeuille-le-pays-le-monde-de-la-culture-mobilise\\\/#blogposting\",\"name\":\"Les \\u00e9v\\u00e8nements \\u00e0 caract\\u00e8re festif suspendus \\u00e0 la suite des incendies qui ont endeuill\\u00e9 le pays : Le monde de la culture mobilis\\u00e9 - La Sentinelle\",\"headline\":\"Les \\u00e9v\\u00e8nements \\u00e0 caract\\u00e8re festif suspendus \\u00e0 la suite des incendies qui ont endeuill\\u00e9 le pays\\u00a0: Le monde de la culture mobilis\\u00e9\",\"author\":{\"@id\":\"https:\\\/\\\/lasentinelle.dz\\\/author\\\/admin\\\/#author\"},\"publisher\":{\"@id\":\"https:\\\/\\\/lasentinelle.dz\\\/#organization\"},\"image\":{\"@type\":\"ImageObject\",\"url\":\"https:\\\/\\\/lasentinelle.dz\\\/wp-content\\\/uploads\\\/2025\\\/08\\\/ministere-de-la-culture.jpg\",\"width\":1440,\"height\":960},\"datePublished\":\"2026-08-29T21:26:46+01:00\",\"dateModified\":\"2026-08-29T21:26:48+01:00\",\"inLanguage\":\"fr-FR\",\"mainEntityOfPage\":{\"@id\":\"https:\\\/\\\/lasentinelle.dz\\\/index.php\\\/2026\\\/08\\\/29\\\/les-evenements-a-caractere-festif-suspendus-a-la-suite-des-incendies-qui-ont-endeuille-le-pays-le-monde-de-la-culture-mobilise\\\/#webpage\"},\"isPartOf\":{\"@id\":\"https:\\\/\\\/lasentinelle.dz\\\/index.php\\\/2026\\\/08\\\/29\\\/les-evenements-a-caractere-festif-suspendus-a-la-suite-des-incendies-qui-ont-endeuille-le-pays-le-monde-de-la-culture-mobilise\\\/#webpage\"},\"articleSection\":\"Culture\"},{\"@type\":\"BreadcrumbList\",\"@id\":\"https:\\\/\\\/lasentinelle.dz\\\/index.php\\\/2026\\\/08\\\/29\\\/les-evenements-a-caractere-festif-suspendus-a-la-suite-des-incendies-qui-ont-endeuille-le-pays-le-monde-de-la-culture-mobilise\\\/#breadcrumblist\",\"itemListElement\":[{\"@type\":\"ListItem\",\"@id\":\"https:\\\/\\\/lasentinelle.dz#listItem\",\"position\":1,\"name\":\"Home\",\"item\":\"https:\\\/\\\/lasentinelle.dz\",\"nextItem\":{\"@type\":\"ListItem\",\"@id\":\"https:\\\/\\\/lasentinelle.dz\\\/index.php\\\/category\\\/culture\\\/#listItem\",\"name\":\"Culture\"}},{\"@type\":\"ListItem\",\"@id\":\"https:\\\/\\\/lasentinelle.dz\\\/index.php\\\/category\\\/culture\\\/#listItem\",\"position\":2,\"name\":\"Culture\",\"item\":\"https:\\\/\\\/lasentinelle.dz\\\/index.php\\\/category\\\/culture\\\/\",\"nextItem\":{\"@type\":\"ListItem\",\"@id\":\"https:\\\/\\\/lasentinelle.dz\\\/index.php\\\/2026\\\/08\\\/29\\\/les-evenements-a-caractere-festif-suspendus-a-la-suite-des-incendies-qui-ont-endeuille-le-pays-le-monde-de-la-culture-mobilise\\\/#listItem\",\"name\":\"Les \\u00e9v\\u00e8nements \\u00e0 caract\\u00e8re festif suspendus \\u00e0 la suite des incendies qui ont endeuill\\u00e9 le pays\\u00a0: Le monde de la culture mobilis\\u00e9\"},\"previousItem\":{\"@type\":\"ListItem\",\"@id\":\"https:\\\/\\\/lasentinelle.dz#listItem\",\"name\":\"Home\"}},{\"@type\":\"ListItem\",\"@id\":\"https:\\\/\\\/lasentinelle.dz\\\/index.php\\\/2026\\\/08\\\/29\\\/les-evenements-a-caractere-festif-suspendus-a-la-suite-des-incendies-qui-ont-endeuille-le-pays-le-monde-de-la-culture-mobilise\\\/#listItem\",\"position\":3,\"name\":\"Les \\u00e9v\\u00e8nements \\u00e0 caract\\u00e8re festif suspendus \\u00e0 la suite des incendies qui ont endeuill\\u00e9 le pays\\u00a0: Le monde de la culture mobilis\\u00e9\",\"previousItem\":{\"@type\":\"ListItem\",\"@id\":\"https:\\\/\\\/lasentinelle.dz\\\/index.php\\\/category\\\/culture\\\/#listItem\",\"name\":\"Culture\"}}]},{\"@type\":\"Organization\",\"@id\":\"https:\\\/\\\/lasentinelle.dz\\\/#organization\",\"name\":\"La Sentinelle La Sentinelle\",\"description\":\"Quotidien national d'information\",\"url\":\"https:\\\/\\\/lasentinelle.dz\\\/\",\"logo\":{\"@type\":\"ImageObject\",\"url\":\"https:\\\/\\\/lasentinelle.dz\\\/wp-content\\\/uploads\\\/2021\\\/09\\\/cropped-la-sentinelle-earth-golden-anima-5.gif\",\"@id\":\"https:\\\/\\\/lasentinelle.dz\\\/index.php\\\/2026\\\/08\\\/29\\\/les-evenements-a-caractere-festif-suspendus-a-la-suite-des-incendies-qui-ont-endeuille-le-pays-le-monde-de-la-culture-mobilise\\\/#organizationLogo\",\"width\":450,\"height\":213},\"image\":{\"@id\":\"https:\\\/\\\/lasentinelle.dz\\\/index.php\\\/2026\\\/08\\\/29\\\/les-evenements-a-caractere-festif-suspendus-a-la-suite-des-incendies-qui-ont-endeuille-le-pays-le-monde-de-la-culture-mobilise\\\/#organizationLogo\"},\"sameAs\":[\"https:\\\/\\\/www.facebook.com\\\/azzedine.lasentinelle.1\"]},{\"@type\":\"Person\",\"@id\":\"https:\\\/\\\/lasentinelle.dz\\\/author\\\/admin\\\/#author\",\"url\":\"https:\\\/\\\/lasentinelle.dz\\\/author\\\/admin\\\/\",\"name\":\"admin\",\"image\":{\"@type\":\"ImageObject\",\"@id\":\"https:\\\/\\\/lasentinelle.dz\\\/index.php\\\/2026\\\/08\\\/29\\\/les-evenements-a-caractere-festif-suspendus-a-la-suite-des-incendies-qui-ont-endeuille-le-pays-le-monde-de-la-culture-mobilise\\\/#authorImage\",\"url\":\"https:\\\/\\\/secure.gravatar.com\\\/avatar\\\/4c81fed838786e9b53f540bf46533e750f5d292099ae3b66cfc6fb1982e29df7?s=96&d=mm&r=g\",\"width\":96,\"height\":96,\"caption\":\"admin\"}},{\"@type\":\"WebPage\",\"@id\":\"https:\\\/\\\/lasentinelle.dz\\\/index.php\\\/2026\\\/08\\\/29\\\/les-evenements-a-caractere-festif-suspendus-a-la-suite-des-incendies-qui-ont-endeuille-le-pays-le-monde-de-la-culture-mobilise\\\/#webpage\",\"url\":\"https:\\\/\\\/lasentinelle.dz\\\/index.php\\\/2026\\\/08\\\/29\\\/les-evenements-a-caractere-festif-suspendus-a-la-suite-des-incendies-qui-ont-endeuille-le-pays-le-monde-de-la-culture-mobilise\\\/\",\"name\":\"Les \\u00e9v\\u00e8nements \\u00e0 caract\\u00e8re festif suspendus \\u00e0 la suite des incendies qui ont endeuill\\u00e9 le pays : Le monde de la culture mobilis\\u00e9 - La Sentinelle\",\"description\":\"Le minist\\u00e8re de la Culture et des Arts a d\\u00e9cid\\u00e9 de suspendre, sur tout le territoire national, les festivals et rendez-vous artistiques \\u00e0 caract\\u00e8re festif, par solidarit\\u00e9 avec les sinistr\\u00e9s des incendies ayant frapp\\u00e9 plusieurs wilayas du Centre et de l'Est du pays. La ministre Malika Bendouda a accompagn\\u00e9 cette d\\u00e9cision d'un message appelant le\",\"inLanguage\":\"fr-FR\",\"isPartOf\":{\"@id\":\"https:\\\/\\\/lasentinelle.dz\\\/#website\"},\"breadcrumb\":{\"@id\":\"https:\\\/\\\/lasentinelle.dz\\\/index.php\\\/2026\\\/08\\\/29\\\/les-evenements-a-caractere-festif-suspendus-a-la-suite-des-incendies-qui-ont-endeuille-le-pays-le-monde-de-la-culture-mobilise\\\/#breadcrumblist\"},\"author\":{\"@id\":\"https:\\\/\\\/lasentinelle.dz\\\/author\\\/admin\\\/#author\"},\"creator\":{\"@id\":\"https:\\\/\\\/lasentinelle.dz\\\/author\\\/admin\\\/#author\"},\"image\":{\"@type\":\"ImageObject\",\"url\":\"https:\\\/\\\/lasentinelle.dz\\\/wp-content\\\/uploads\\\/2025\\\/08\\\/ministere-de-la-culture.jpg\",\"@id\":\"https:\\\/\\\/lasentinelle.dz\\\/index.php\\\/2026\\\/08\\\/29\\\/les-evenements-a-caractere-festif-suspendus-a-la-suite-des-incendies-qui-ont-endeuille-le-pays-le-monde-de-la-culture-mobilise\\\/#mainImage\",\"width\":1440,\"height\":960},\"primaryImageOfPage\":{\"@id\":\"https:\\\/\\\/lasentinelle.dz\\\/index.php\\\/2026\\\/08\\\/29\\\/les-evenements-a-caractere-festif-suspendus-a-la-suite-des-incendies-qui-ont-endeuille-le-pays-le-monde-de-la-culture-mobilise\\\/#mainImage\"},\"datePublished\":\"2026-08-29T21:26:46+01:00\",\"dateModified\":\"2026-08-29T21:26:48+01:00\"},{\"@type\":\"WebSite\",\"@id\":\"https:\\\/\\\/lasentinelle.dz\\\/#website\",\"url\":\"https:\\\/\\\/lasentinelle.dz\\\/\",\"name\":\"La Sentinelle\",\"description\":\"Quotidien national d'information\",\"inLanguage\":\"fr-FR\",\"publisher\":{\"@id\":\"https:\\\/\\\/lasentinelle.dz\\\/#organization\"}}]}\n\t\t<\/script>\n\t\t<!-- All in One SEO -->\n\n","aioseo_head_json":{"title":"Les \u00e9v\u00e8nements \u00e0 caract\u00e8re festif suspendus \u00e0 la suite des incendies qui ont endeuill\u00e9 le pays : Le monde de la culture mobilis\u00e9 - La Sentinelle","description":"Le minist\u00e8re de la Culture et des Arts a d\u00e9cid\u00e9 de suspendre, sur tout le territoire national, les festivals et rendez-vous artistiques \u00e0 caract\u00e8re festif, par solidarit\u00e9 avec les sinistr\u00e9s des incendies ayant frapp\u00e9 plusieurs wilayas du Centre et de l'Est du pays. La ministre Malika Bendouda a accompagn\u00e9 cette d\u00e9cision d'un message appelant le","canonical_url":"https:\/\/lasentinelle.dz\/index.php\/2026\/08\/29\/les-evenements-a-caractere-festif-suspendus-a-la-suite-des-incendies-qui-ont-endeuille-le-pays-le-monde-de-la-culture-mobilise\/","robots":"max-image-preview:large","keywords":"","webmasterTools":{"miscellaneous":""},"schema":{"@context":"https:\/\/schema.org","@graph":[{"@type":"BlogPosting","@id":"https:\/\/lasentinelle.dz\/index.php\/2026\/08\/29\/les-evenements-a-caractere-festif-suspendus-a-la-suite-des-incendies-qui-ont-endeuille-le-pays-le-monde-de-la-culture-mobilise\/#blogposting","name":"Les \u00e9v\u00e8nements \u00e0 caract\u00e8re festif suspendus \u00e0 la suite des incendies qui ont endeuill\u00e9 le pays : Le monde de la culture mobilis\u00e9 - La Sentinelle","headline":"Les \u00e9v\u00e8nements \u00e0 caract\u00e8re festif suspendus \u00e0 la suite des incendies qui ont endeuill\u00e9 le pays\u00a0: Le monde de la culture mobilis\u00e9","author":{"@id":"https:\/\/lasentinelle.dz\/author\/admin\/#author"},"publisher":{"@id":"https:\/\/lasentinelle.dz\/#organization"},"image":{"@type":"ImageObject","url":"https:\/\/lasentinelle.dz\/wp-content\/uploads\/2025\/08\/ministere-de-la-culture.jpg","width":1440,"height":960},"datePublished":"2026-08-29T21:26:46+01:00","dateModified":"2026-08-29T21:26:48+01:00","inLanguage":"fr-FR","mainEntityOfPage":{"@id":"https:\/\/lasentinelle.dz\/index.php\/2026\/08\/29\/les-evenements-a-caractere-festif-suspendus-a-la-suite-des-incendies-qui-ont-endeuille-le-pays-le-monde-de-la-culture-mobilise\/#webpage"},"isPartOf":{"@id":"https:\/\/lasentinelle.dz\/index.php\/2026\/08\/29\/les-evenements-a-caractere-festif-suspendus-a-la-suite-des-incendies-qui-ont-endeuille-le-pays-le-monde-de-la-culture-mobilise\/#webpage"},"articleSection":"Culture"},{"@type":"BreadcrumbList","@id":"https:\/\/lasentinelle.dz\/index.php\/2026\/08\/29\/les-evenements-a-caractere-festif-suspendus-a-la-suite-des-incendies-qui-ont-endeuille-le-pays-le-monde-de-la-culture-mobilise\/#breadcrumblist","itemListElement":[{"@type":"ListItem","@id":"https:\/\/lasentinelle.dz#listItem","position":1,"name":"Home","item":"https:\/\/lasentinelle.dz","nextItem":{"@type":"ListItem","@id":"https:\/\/lasentinelle.dz\/index.php\/category\/culture\/#listItem","name":"Culture"}},{"@type":"ListItem","@id":"https:\/\/lasentinelle.dz\/index.php\/category\/culture\/#listItem","position":2,"name":"Culture","item":"https:\/\/lasentinelle.dz\/index.php\/category\/culture\/","nextItem":{"@type":"ListItem","@id":"https:\/\/lasentinelle.dz\/index.php\/2026\/08\/29\/les-evenements-a-caractere-festif-suspendus-a-la-suite-des-incendies-qui-ont-endeuille-le-pays-le-monde-de-la-culture-mobilise\/#listItem","name":"Les \u00e9v\u00e8nements \u00e0 caract\u00e8re festif suspendus \u00e0 la suite des incendies qui ont endeuill\u00e9 le pays\u00a0: Le monde de la culture mobilis\u00e9"},"previousItem":{"@type":"ListItem","@id":"https:\/\/lasentinelle.dz#listItem","name":"Home"}},{"@type":"ListItem","@id":"https:\/\/lasentinelle.dz\/index.php\/2026\/08\/29\/les-evenements-a-caractere-festif-suspendus-a-la-suite-des-incendies-qui-ont-endeuille-le-pays-le-monde-de-la-culture-mobilise\/#listItem","position":3,"name":"Les \u00e9v\u00e8nements \u00e0 caract\u00e8re festif suspendus \u00e0 la suite des incendies qui ont endeuill\u00e9 le pays\u00a0: Le monde de la culture mobilis\u00e9","previousItem":{"@type":"ListItem","@id":"https:\/\/lasentinelle.dz\/index.php\/category\/culture\/#listItem","name":"Culture"}}]},{"@type":"Organization","@id":"https:\/\/lasentinelle.dz\/#organization","name":"La Sentinelle La Sentinelle","description":"Quotidien national d'information","url":"https:\/\/lasentinelle.dz\/","logo":{"@type":"ImageObject","url":"https:\/\/lasentinelle.dz\/wp-content\/uploads\/2021\/09\/cropped-la-sentinelle-earth-golden-anima-5.gif","@id":"https:\/\/lasentinelle.dz\/index.php\/2026\/08\/29\/les-evenements-a-caractere-festif-suspendus-a-la-suite-des-incendies-qui-ont-endeuille-le-pays-le-monde-de-la-culture-mobilise\/#organizationLogo","width":450,"height":213},"image":{"@id":"https:\/\/lasentinelle.dz\/index.php\/2026\/08\/29\/les-evenements-a-caractere-festif-suspendus-a-la-suite-des-incendies-qui-ont-endeuille-le-pays-le-monde-de-la-culture-mobilise\/#organizationLogo"},"sameAs":["https:\/\/www.facebook.com\/azzedine.lasentinelle.1"]},{"@type":"Person","@id":"https:\/\/lasentinelle.dz\/author\/admin\/#author","url":"https:\/\/lasentinelle.dz\/author\/admin\/","name":"admin","image":{"@type":"ImageObject","@id":"https:\/\/lasentinelle.dz\/index.php\/2026\/08\/29\/les-evenements-a-caractere-festif-suspendus-a-la-suite-des-incendies-qui-ont-endeuille-le-pays-le-monde-de-la-culture-mobilise\/#authorImage","url":"https:\/\/secure.gravatar.com\/avatar\/4c81fed838786e9b53f540bf46533e750f5d292099ae3b66cfc6fb1982e29df7?s=96&d=mm&r=g","width":96,"height":96,"caption":"admin"}},{"@type":"WebPage","@id":"https:\/\/lasentinelle.dz\/index.php\/2026\/08\/29\/les-evenements-a-caractere-festif-suspendus-a-la-suite-des-incendies-qui-ont-endeuille-le-pays-le-monde-de-la-culture-mobilise\/#webpage","url":"https:\/\/lasentinelle.dz\/index.php\/2026\/08\/29\/les-evenements-a-caractere-festif-suspendus-a-la-suite-des-incendies-qui-ont-endeuille-le-pays-le-monde-de-la-culture-mobilise\/","name":"Les \u00e9v\u00e8nements \u00e0 caract\u00e8re festif suspendus \u00e0 la suite des incendies qui ont endeuill\u00e9 le pays : Le monde de la culture mobilis\u00e9 - La Sentinelle","description":"Le minist\u00e8re de la Culture et des Arts a d\u00e9cid\u00e9 de suspendre, sur tout le territoire national, les festivals et rendez-vous artistiques \u00e0 caract\u00e8re festif, par solidarit\u00e9 avec les sinistr\u00e9s des incendies ayant frapp\u00e9 plusieurs wilayas du Centre et de l'Est du pays. La ministre Malika Bendouda a accompagn\u00e9 cette d\u00e9cision d'un message appelant le","inLanguage":"fr-FR","isPartOf":{"@id":"https:\/\/lasentinelle.dz\/#website"},"breadcrumb":{"@id":"https:\/\/lasentinelle.dz\/index.php\/2026\/08\/29\/les-evenements-a-caractere-festif-suspendus-a-la-suite-des-incendies-qui-ont-endeuille-le-pays-le-monde-de-la-culture-mobilise\/#breadcrumblist"},"author":{"@id":"https:\/\/lasentinelle.dz\/author\/admin\/#author"},"creator":{"@id":"https:\/\/lasentinelle.dz\/author\/admin\/#author"},"image":{"@type":"ImageObject","url":"https:\/\/lasentinelle.dz\/wp-content\/uploads\/2025\/08\/ministere-de-la-culture.jpg","@id":"https:\/\/lasentinelle.dz\/index.php\/2026\/08\/29\/les-evenements-a-caractere-festif-suspendus-a-la-suite-des-incendies-qui-ont-endeuille-le-pays-le-monde-de-la-culture-mobilise\/#mainImage","width":1440,"height":960},"primaryImageOfPage":{"@id":"https:\/\/lasentinelle.dz\/index.php\/2026\/08\/29\/les-evenements-a-caractere-festif-suspendus-a-la-suite-des-incendies-qui-ont-endeuille-le-pays-le-monde-de-la-culture-mobilise\/#mainImage"},"datePublished":"2026-08-29T21:26:46+01:00","dateModified":"2026-08-29T21:26:48+01:00"},{"@type":"WebSite","@id":"https:\/\/lasentinelle.dz\/#website","url":"https:\/\/lasentinelle.dz\/","name":"La Sentinelle","description":"Quotidien national d'information","inLanguage":"fr-FR","publisher":{"@id":"https:\/\/lasentinelle.dz\/#organization"}}]},"og:locale":"fr_FR","og:site_name":"La Sentinelle - Quotidien national d'information","og:type":"article","og:title":"Les \u00e9v\u00e8nements \u00e0 caract\u00e8re festif suspendus \u00e0 la suite des incendies qui ont endeuill\u00e9 le pays : Le monde de la culture mobilis\u00e9 - La Sentinelle","og:description":"Le minist\u00e8re de la Culture et des Arts a d\u00e9cid\u00e9 de suspendre, sur tout le territoire national, les festivals et rendez-vous artistiques \u00e0 caract\u00e8re festif, par solidarit\u00e9 avec les sinistr\u00e9s des incendies ayant frapp\u00e9 plusieurs wilayas du Centre et de l'Est du pays. La ministre Malika Bendouda a accompagn\u00e9 cette d\u00e9cision d'un message appelant le","og:url":"https:\/\/lasentinelle.dz\/index.php\/2026\/08\/29\/les-evenements-a-caractere-festif-suspendus-a-la-suite-des-incendies-qui-ont-endeuille-le-pays-le-monde-de-la-culture-mobilise\/","og:image":"https:\/\/lasentinelle.dz\/wp-content\/uploads\/2021\/09\/cropped-la-sentinelle-earth-golden-anima-5.gif","og:image:secure_url":"https:\/\/lasentinelle.dz\/wp-content\/uploads\/2021\/09\/cropped-la-sentinelle-earth-golden-anima-5.gif","og:image:width":450,"og:image:height":213,"article:published_time":"2026-08-29T20:26:46+00:00","article:modified_time":"2026-08-29T20:26:48+00:00","article:publisher":"https:\/\/www.facebook.com\/azzedine.lasentinelle.1","twitter:card":"summary_large_image","twitter:title":"Les \u00e9v\u00e8nements \u00e0 caract\u00e8re festif suspendus \u00e0 la suite des incendies qui ont endeuill\u00e9 le pays : Le monde de la culture mobilis\u00e9 - La Sentinelle","twitter:description":"Le minist\u00e8re de la Culture et des Arts a d\u00e9cid\u00e9 de suspendre, sur tout le territoire national, les festivals et rendez-vous artistiques \u00e0 caract\u00e8re festif, par solidarit\u00e9 avec les sinistr\u00e9s des incendies ayant frapp\u00e9 plusieurs wilayas du Centre et de l'Est du pays. La ministre Malika Bendouda a accompagn\u00e9 cette d\u00e9cision d'un message appelant le","twitter:image":"https:\/\/lasentinelle.dz\/wp-content\/uploads\/2021\/09\/cropped-la-sentinelle-earth-golden-anima-5.gif"},"aioseo_meta_data":{"post_id":"94516","title":null,"description":null,"keywords":null,"keyphrases":{"focus":{"keyphrase":"","score":0,"analysis":{"keyphraseInTitle":{"score":0,"maxScore":9,"error":1}}},"additional":[]},"primary_term":null,"canonical_url":null,"og_title":null,"og_description":null,"og_object_type":"default","og_image_type":"default","og_image_url":null,"og_image_width":null,"og_image_height":null,"og_image_custom_url":null,"og_image_custom_fields":null,"og_video":"","og_custom_url":null,"og_article_section":null,"og_article_tags":null,"twitter_use_og":false,"twitter_card":"default","twitter_image_type":"default","twitter_image_url":null,"twitter_image_custom_url":null,"twitter_image_custom_fields":null,"twitter_title":null,"twitter_description":null,"schema":{"blockGraphs":[],"customGraphs":[],"default":{"data":{"Article":[],"Course":[],"Dataset":[],"FAQPage":[],"Movie":[],"Person":[],"Product":[],"ProductReview":[],"Car":[],"Recipe":[],"Service":[],"SoftwareApplication":[],"WebPage":[]},"graphName":"BlogPosting","isEnabled":true},"graphs":[]},"schema_type":"default","schema_type_options":null,"pillar_content":false,"robots_default":true,"robots_noindex":false,"robots_noarchive":false,"robots_nosnippet":false,"robots_nofollow":false,"robots_noimageindex":false,"robots_noodp":false,"robots_notranslate":false,"robots_max_snippet":"-1","robots_max_videopreview":"-1","robots_max_imagepreview":"large","priority":null,"frequency":"default","local_seo":null,"breadcrumb_settings":null,"limit_modified_date":false,"ai":{"faqs":[],"keyPoints":[],"schemas":[],"titles":[],"descriptions":[],"socialPosts":{"email":{"subject":"","preview":"","content":""},"linkedin":[],"twitter":[],"facebook":[],"instagram":[]}},"created":"2026-08-29 20:26:49","updated":"2026-08-29 21:46:36","focus_keyword":null,"additional_keywords":null,"truseo_locale":null,"seo_analyzer_scan_date":null},"aioseo_breadcrumb":"<div class=\"aioseo-breadcrumbs\"><span class=\"aioseo-breadcrumb\">\n\t\t\t<a href=\"https:\/\/lasentinelle.dz\" title=\"Home\">Home<\/a>\n\t\t<\/span><span class=\"aioseo-breadcrumb-separator\">&raquo;<\/span><span class=\"aioseo-breadcrumb\">\n\t\t\t<a href=\"https:\/\/lasentinelle.dz\/index.php\/category\/culture\/\" title=\"Culture\">Culture<\/a>\n\t\t<\/span><span class=\"aioseo-breadcrumb-separator\">&raquo;<\/span><span class=\"aioseo-breadcrumb\">\n\t\t\tLes \u00e9v\u00e8nements \u00e0 caract\u00e8re festif suspendus \u00e0 la suite des incendies qui ont endeuill\u00e9 le pays : Le monde de la culture mobilis\u00e9\n\t\t<\/span><\/div>","aioseo_breadcrumb_json":[{"label":"Home","link":"https:\/\/lasentinelle.dz"},{"label":"Culture","link":"https:\/\/lasentinelle.dz\/index.php\/category\/culture\/"},{"label":"Les \u00e9v\u00e8nements \u00e0 caract\u00e8re festif suspendus \u00e0 la suite des incendies qui ont endeuill\u00e9 le pays\u00a0: Le monde de la culture mobilis\u00e9","link":"https:\/\/lasentinelle.dz\/index.php\/2026\/08\/29\/les-evenements-a-caractere-festif-suspendus-a-la-suite-des-incendies-qui-ont-endeuille-le-pays-le-monde-de-la-culture-mobilise\/"}],"yoast_head":"<!-- This site is optimized with the Yoast SEO plugin v28.3 - https:\/\/yoast.com\/product\/yoast-seo-wordpress\/ -->\n<title>Les \u00e9v\u00e8nements \u00e0 caract\u00e8re festif suspendus \u00e0 la suite des incendies qui ont endeuill\u00e9 le pays\u00a0: Le monde de la culture mobilis\u00e9 - La Sentinelle<\/title>\n<meta name=\"robots\" content=\"index, follow, max-snippet:-1, max-image-preview:large, max-video-preview:-1\" \/>\n<link rel=\"canonical\" href=\"https:\/\/lasentinelle.dz\/index.php\/2026\/08\/29\/les-evenements-a-caractere-festif-suspendus-a-la-suite-des-incendies-qui-ont-endeuille-le-pays-le-monde-de-la-culture-mobilise\/\" \/>\n<meta property=\"og:locale\" content=\"fr_FR\" \/>\n<meta property=\"og:type\" content=\"article\" \/>\n<meta property=\"og:title\" content=\"Les \u00e9v\u00e8nements \u00e0 caract\u00e8re festif suspendus \u00e0 la suite des incendies qui ont endeuill\u00e9 le pays\u00a0: Le monde de la culture mobilis\u00e9 - La Sentinelle\" \/>\n<meta property=\"og:description\" content=\"Le minist\u00e8re de la Culture et des Arts a d\u00e9cid\u00e9 de suspendre, sur tout le territoire national, les festivals et\" \/>\n<meta property=\"og:url\" content=\"https:\/\/lasentinelle.dz\/index.php\/2026\/08\/29\/les-evenements-a-caractere-festif-suspendus-a-la-suite-des-incendies-qui-ont-endeuille-le-pays-le-monde-de-la-culture-mobilise\/\" \/>\n<meta property=\"og:site_name\" content=\"La Sentinelle\" \/>\n<meta property=\"article:publisher\" content=\"https:\/\/www.facebook.com\/La-Sentinelle-104059864394773\" \/>\n<meta property=\"article:published_time\" content=\"2026-08-29T20:26:46+00:00\" \/>\n<meta property=\"article:modified_time\" content=\"2026-08-29T20:26:48+00:00\" \/>\n<meta property=\"og:image\" content=\"https:\/\/lasentinelle.dz\/wp-content\/uploads\/2025\/08\/ministere-de-la-culture.jpg\" \/>\n\t<meta property=\"og:image:width\" content=\"1440\" \/>\n\t<meta property=\"og:image:height\" content=\"960\" \/>\n\t<meta property=\"og:image:type\" content=\"image\/jpeg\" \/>\n<meta name=\"author\" content=\"admin\" \/>\n<meta name=\"twitter:card\" content=\"summary_large_image\" \/>\n<meta name=\"twitter:label1\" content=\"\u00c9crit par\" \/>\n\t<meta name=\"twitter:data1\" content=\"admin\" \/>\n\t<meta name=\"twitter:label2\" content=\"Dur\u00e9e de lecture estim\u00e9e\" \/>\n\t<meta name=\"twitter:data2\" content=\"3 minutes\" \/>\n<script type=\"application\/ld+json\" class=\"yoast-schema-graph\">{\"@context\":\"https:\\\/\\\/schema.org\",\"@graph\":[{\"@type\":\"Article\",\"@id\":\"https:\\\/\\\/lasentinelle.dz\\\/index.php\\\/2026\\\/08\\\/29\\\/les-evenements-a-caractere-festif-suspendus-a-la-suite-des-incendies-qui-ont-endeuille-le-pays-le-monde-de-la-culture-mobilise\\\/#article\",\"isPartOf\":{\"@id\":\"https:\\\/\\\/lasentinelle.dz\\\/index.php\\\/2026\\\/08\\\/29\\\/les-evenements-a-caractere-festif-suspendus-a-la-suite-des-incendies-qui-ont-endeuille-le-pays-le-monde-de-la-culture-mobilise\\\/\"},\"author\":{\"name\":\"admin\",\"@id\":\"https:\\\/\\\/lasentinelle.dz\\\/#\\\/schema\\\/person\\\/729ee0024f24e0b8c5ec17232f8e8b41\"},\"headline\":\"Les \u00e9v\u00e8nements \u00e0 caract\u00e8re festif suspendus \u00e0 la suite des incendies qui ont endeuill\u00e9 le pays\u00a0: Le monde de la culture mobilis\u00e9\",\"datePublished\":\"2026-08-29T20:26:46+00:00\",\"dateModified\":\"2026-08-29T20:26:48+00:00\",\"mainEntityOfPage\":{\"@id\":\"https:\\\/\\\/lasentinelle.dz\\\/index.php\\\/2026\\\/08\\\/29\\\/les-evenements-a-caractere-festif-suspendus-a-la-suite-des-incendies-qui-ont-endeuille-le-pays-le-monde-de-la-culture-mobilise\\\/\"},\"wordCount\":559,\"commentCount\":0,\"publisher\":{\"@id\":\"https:\\\/\\\/lasentinelle.dz\\\/#organization\"},\"image\":{\"@id\":\"https:\\\/\\\/lasentinelle.dz\\\/index.php\\\/2026\\\/08\\\/29\\\/les-evenements-a-caractere-festif-suspendus-a-la-suite-des-incendies-qui-ont-endeuille-le-pays-le-monde-de-la-culture-mobilise\\\/#primaryimage\"},\"thumbnailUrl\":\"https:\\\/\\\/lasentinelle.dz\\\/wp-content\\\/uploads\\\/2025\\\/08\\\/ministere-de-la-culture.jpg\",\"articleSection\":[\"Culture\"],\"inLanguage\":\"fr-FR\",\"potentialAction\":[{\"@type\":\"CommentAction\",\"name\":\"Comment\",\"target\":[\"https:\\\/\\\/lasentinelle.dz\\\/index.php\\\/2026\\\/08\\\/29\\\/les-evenements-a-caractere-festif-suspendus-a-la-suite-des-incendies-qui-ont-endeuille-le-pays-le-monde-de-la-culture-mobilise\\\/#respond\"]}]},{\"@type\":\"WebPage\",\"@id\":\"https:\\\/\\\/lasentinelle.dz\\\/index.php\\\/2026\\\/08\\\/29\\\/les-evenements-a-caractere-festif-suspendus-a-la-suite-des-incendies-qui-ont-endeuille-le-pays-le-monde-de-la-culture-mobilise\\\/\",\"url\":\"https:\\\/\\\/lasentinelle.dz\\\/index.php\\\/2026\\\/08\\\/29\\\/les-evenements-a-caractere-festif-suspendus-a-la-suite-des-incendies-qui-ont-endeuille-le-pays-le-monde-de-la-culture-mobilise\\\/\",\"name\":\"Les \u00e9v\u00e8nements \u00e0 caract\u00e8re festif suspendus \u00e0 la suite des incendies qui ont endeuill\u00e9 le pays\u00a0: Le monde de la culture mobilis\u00e9 - La Sentinelle\",\"isPartOf\":{\"@id\":\"https:\\\/\\\/lasentinelle.dz\\\/#website\"},\"primaryImageOfPage\":{\"@id\":\"https:\\\/\\\/lasentinelle.dz\\\/index.php\\\/2026\\\/08\\\/29\\\/les-evenements-a-caractere-festif-suspendus-a-la-suite-des-incendies-qui-ont-endeuille-le-pays-le-monde-de-la-culture-mobilise\\\/#primaryimage\"},\"image\":{\"@id\":\"https:\\\/\\\/lasentinelle.dz\\\/index.php\\\/2026\\\/08\\\/29\\\/les-evenements-a-caractere-festif-suspendus-a-la-suite-des-incendies-qui-ont-endeuille-le-pays-le-monde-de-la-culture-mobilise\\\/#primaryimage\"},\"thumbnailUrl\":\"https:\\\/\\\/lasentinelle.dz\\\/wp-content\\\/uploads\\\/2025\\\/08\\\/ministere-de-la-culture.jpg\",\"datePublished\":\"2026-08-29T20:26:46+00:00\",\"dateModified\":\"2026-08-29T20:26:48+00:00\",\"breadcrumb\":{\"@id\":\"https:\\\/\\\/lasentinelle.dz\\\/index.php\\\/2026\\\/08\\\/29\\\/les-evenements-a-caractere-festif-suspendus-a-la-suite-des-incendies-qui-ont-endeuille-le-pays-le-monde-de-la-culture-mobilise\\\/#breadcrumb\"},\"inLanguage\":\"fr-FR\",\"potentialAction\":[{\"@type\":\"ReadAction\",\"target\":[\"https:\\\/\\\/lasentinelle.dz\\\/index.php\\\/2026\\\/08\\\/29\\\/les-evenements-a-caractere-festif-suspendus-a-la-suite-des-incendies-qui-ont-endeuille-le-pays-le-monde-de-la-culture-mobilise\\\/\"]}]},{\"@type\":\"ImageObject\",\"inLanguage\":\"fr-FR\",\"@id\":\"https:\\\/\\\/lasentinelle.dz\\\/index.php\\\/2026\\\/08\\\/29\\\/les-evenements-a-caractere-festif-suspendus-a-la-suite-des-incendies-qui-ont-endeuille-le-pays-le-monde-de-la-culture-mobilise\\\/#primaryimage\",\"url\":\"https:\\\/\\\/lasentinelle.dz\\\/wp-content\\\/uploads\\\/2025\\\/08\\\/ministere-de-la-culture.jpg\",\"contentUrl\":\"https:\\\/\\\/lasentinelle.dz\\\/wp-content\\\/uploads\\\/2025\\\/08\\\/ministere-de-la-culture.jpg\",\"width\":1440,\"height\":960},{\"@type\":\"BreadcrumbList\",\"@id\":\"https:\\\/\\\/lasentinelle.dz\\\/index.php\\\/2026\\\/08\\\/29\\\/les-evenements-a-caractere-festif-suspendus-a-la-suite-des-incendies-qui-ont-endeuille-le-pays-le-monde-de-la-culture-mobilise\\\/#breadcrumb\",\"itemListElement\":[{\"@type\":\"ListItem\",\"position\":1,\"name\":\"Accueil\",\"item\":\"https:\\\/\\\/lasentinelle.dz\\\/\"},{\"@type\":\"ListItem\",\"position\":2,\"name\":\"Les \u00e9v\u00e8nements \u00e0 caract\u00e8re festif suspendus \u00e0 la suite des incendies qui ont endeuill\u00e9 le pays\u00a0: Le monde de la culture mobilis\u00e9\"}]},{\"@type\":\"WebSite\",\"@id\":\"https:\\\/\\\/lasentinelle.dz\\\/#website\",\"url\":\"https:\\\/\\\/lasentinelle.dz\\\/\",\"name\":\"La Sentinelle\",\"description\":\"Quotidien national d&#039;information\",\"publisher\":{\"@id\":\"https:\\\/\\\/lasentinelle.dz\\\/#organization\"},\"potentialAction\":[{\"@type\":\"SearchAction\",\"target\":{\"@type\":\"EntryPoint\",\"urlTemplate\":\"https:\\\/\\\/lasentinelle.dz\\\/?s={search_term_string}\"},\"query-input\":{\"@type\":\"PropertyValueSpecification\",\"valueRequired\":true,\"valueName\":\"search_term_string\"}}],\"inLanguage\":\"fr-FR\"},{\"@type\":\"Organization\",\"@id\":\"https:\\\/\\\/lasentinelle.dz\\\/#organization\",\"name\":\"Quotidien La Sentinelle\",\"url\":\"https:\\\/\\\/lasentinelle.dz\\\/\",\"logo\":{\"@type\":\"ImageObject\",\"inLanguage\":\"fr-FR\",\"@id\":\"https:\\\/\\\/lasentinelle.dz\\\/#\\\/schema\\\/logo\\\/image\\\/\",\"url\":\"https:\\\/\\\/lasentinelle.dz\\\/wp-content\\\/uploads\\\/2021\\\/09\\\/logo-sentinelleSLOGAN-1.png\",\"contentUrl\":\"https:\\\/\\\/lasentinelle.dz\\\/wp-content\\\/uploads\\\/2021\\\/09\\\/logo-sentinelleSLOGAN-1.png\",\"width\":615,\"height\":142,\"caption\":\"Quotidien La Sentinelle\"},\"image\":{\"@id\":\"https:\\\/\\\/lasentinelle.dz\\\/#\\\/schema\\\/logo\\\/image\\\/\"},\"sameAs\":[\"https:\\\/\\\/www.facebook.com\\\/La-Sentinelle-104059864394773\"]},{\"@type\":\"Person\",\"@id\":\"https:\\\/\\\/lasentinelle.dz\\\/#\\\/schema\\\/person\\\/729ee0024f24e0b8c5ec17232f8e8b41\",\"name\":\"admin\",\"image\":{\"@type\":\"ImageObject\",\"inLanguage\":\"fr-FR\",\"@id\":\"https:\\\/\\\/secure.gravatar.com\\\/avatar\\\/4c81fed838786e9b53f540bf46533e750f5d292099ae3b66cfc6fb1982e29df7?s=96&d=mm&r=g\",\"url\":\"https:\\\/\\\/secure.gravatar.com\\\/avatar\\\/4c81fed838786e9b53f540bf46533e750f5d292099ae3b66cfc6fb1982e29df7?s=96&d=mm&r=g\",\"contentUrl\":\"https:\\\/\\\/secure.gravatar.com\\\/avatar\\\/4c81fed838786e9b53f540bf46533e750f5d292099ae3b66cfc6fb1982e29df7?s=96&d=mm&r=g\",\"caption\":\"admin\"},\"description\":\"admin\",\"url\":\"https:\\\/\\\/lasentinelle.dz\\\/author\\\/admin\\\/\"}]}<\/script>\n<!-- \/ Yoast SEO plugin. -->","yoast_head_json":{"title":"Les \u00e9v\u00e8nements \u00e0 caract\u00e8re festif suspendus \u00e0 la suite des incendies qui ont endeuill\u00e9 le pays\u00a0: Le monde de la culture mobilis\u00e9 - La Sentinelle","robots":{"index":"index","follow":"follow","max-snippet":"max-snippet:-1","max-image-preview":"max-image-preview:large","max-video-preview":"max-video-preview:-1"},"canonical":"https:\/\/lasentinelle.dz\/index.php\/2026\/08\/29\/les-evenements-a-caractere-festif-suspendus-a-la-suite-des-incendies-qui-ont-endeuille-le-pays-le-monde-de-la-culture-mobilise\/","og_locale":"fr_FR","og_type":"article","og_title":"Les \u00e9v\u00e8nements \u00e0 caract\u00e8re festif suspendus \u00e0 la suite des incendies qui ont endeuill\u00e9 le pays\u00a0: Le monde de la culture mobilis\u00e9 - La Sentinelle","og_description":"Le minist\u00e8re de la Culture et des Arts a d\u00e9cid\u00e9 de suspendre, sur tout le territoire national, les festivals et","og_url":"https:\/\/lasentinelle.dz\/index.php\/2026\/08\/29\/les-evenements-a-caractere-festif-suspendus-a-la-suite-des-incendies-qui-ont-endeuille-le-pays-le-monde-de-la-culture-mobilise\/","og_site_name":"La Sentinelle","article_publisher":"https:\/\/www.facebook.com\/La-Sentinelle-104059864394773","article_published_time":"2026-08-29T20:26:46+00:00","article_modified_time":"2026-08-29T20:26:48+00:00","og_image":[{"width":1440,"height":960,"url":"https:\/\/lasentinelle.dz\/wp-content\/uploads\/2025\/08\/ministere-de-la-culture.jpg","type":"image\/jpeg"}],"author":"admin","twitter_card":"summary_large_image","twitter_misc":{"\u00c9crit par":"admin","Dur\u00e9e de lecture estim\u00e9e":"3 minutes"},"schema":{"@context":"https:\/\/schema.org","@graph":[{"@type":"Article","@id":"https:\/\/lasentinelle.dz\/index.php\/2026\/08\/29\/les-evenements-a-caractere-festif-suspendus-a-la-suite-des-incendies-qui-ont-endeuille-le-pays-le-monde-de-la-culture-mobilise\/#article","isPartOf":{"@id":"https:\/\/lasentinelle.dz\/index.php\/2026\/08\/29\/les-evenements-a-caractere-festif-suspendus-a-la-suite-des-incendies-qui-ont-endeuille-le-pays-le-monde-de-la-culture-mobilise\/"},"author":{"name":"admin","@id":"https:\/\/lasentinelle.dz\/#\/schema\/person\/729ee0024f24e0b8c5ec17232f8e8b41"},"headline":"Les \u00e9v\u00e8nements \u00e0 caract\u00e8re festif suspendus \u00e0 la suite des incendies qui ont endeuill\u00e9 le pays\u00a0: Le monde de la culture mobilis\u00e9","datePublished":"2026-08-29T20:26:46+00:00","dateModified":"2026-08-29T20:26:48+00:00","mainEntityOfPage":{"@id":"https:\/\/lasentinelle.dz\/index.php\/2026\/08\/29\/les-evenements-a-caractere-festif-suspendus-a-la-suite-des-incendies-qui-ont-endeuille-le-pays-le-monde-de-la-culture-mobilise\/"},"wordCount":559,"commentCount":0,"publisher":{"@id":"https:\/\/lasentinelle.dz\/#organization"},"image":{"@id":"https:\/\/lasentinelle.dz\/index.php\/2026\/08\/29\/les-evenements-a-caractere-festif-suspendus-a-la-suite-des-incendies-qui-ont-endeuille-le-pays-le-monde-de-la-culture-mobilise\/#primaryimage"},"thumbnailUrl":"https:\/\/lasentinelle.dz\/wp-content\/uploads\/2025\/08\/ministere-de-la-culture.jpg","articleSection":["Culture"],"inLanguage":"fr-FR","potentialAction":[{"@type":"CommentAction","name":"Comment","target":["https:\/\/lasentinelle.dz\/index.php\/2026\/08\/29\/les-evenements-a-caractere-festif-suspendus-a-la-suite-des-incendies-qui-ont-endeuille-le-pays-le-monde-de-la-culture-mobilise\/#respond"]}]},{"@type":"WebPage","@id":"https:\/\/lasentinelle.dz\/index.php\/2026\/08\/29\/les-evenements-a-caractere-festif-suspendus-a-la-suite-des-incendies-qui-ont-endeuille-le-pays-le-monde-de-la-culture-mobilise\/","url":"https:\/\/lasentinelle.dz\/index.php\/2026\/08\/29\/les-evenements-a-caractere-festif-suspendus-a-la-suite-des-incendies-qui-ont-endeuille-le-pays-le-monde-de-la-culture-mobilise\/","name":"Les \u00e9v\u00e8nements \u00e0 caract\u00e8re festif suspendus \u00e0 la suite des incendies qui ont endeuill\u00e9 le pays\u00a0: Le monde de la culture mobilis\u00e9 - La Sentinelle","isPartOf":{"@id":"https:\/\/lasentinelle.dz\/#website"},"primaryImageOfPage":{"@id":"https:\/\/lasentinelle.dz\/index.php\/2026\/08\/29\/les-evenements-a-caractere-festif-suspendus-a-la-suite-des-incendies-qui-ont-endeuille-le-pays-le-monde-de-la-culture-mobilise\/#primaryimage"},"image":{"@id":"https:\/\/lasentinelle.dz\/index.php\/2026\/08\/29\/les-evenements-a-caractere-festif-suspendus-a-la-suite-des-incendies-qui-ont-endeuille-le-pays-le-monde-de-la-culture-mobilise\/#primaryimage"},"thumbnailUrl":"https:\/\/lasentinelle.dz\/wp-content\/uploads\/2025\/08\/ministere-de-la-culture.jpg","datePublished":"2026-08-29T20:26:46+00:00","dateModified":"2026-08-29T20:26:48+00:00","breadcrumb":{"@id":"https:\/\/lasentinelle.dz\/index.php\/2026\/08\/29\/les-evenements-a-caractere-festif-suspendus-a-la-suite-des-incendies-qui-ont-endeuille-le-pays-le-monde-de-la-culture-mobilise\/#breadcrumb"},"inLanguage":"fr-FR","potentialAction":[{"@type":"ReadAction","target":["https:\/\/lasentinelle.dz\/index.php\/2026\/08\/29\/les-evenements-a-caractere-festif-suspendus-a-la-suite-des-incendies-qui-ont-endeuille-le-pays-le-monde-de-la-culture-mobilise\/"]}]},{"@type":"ImageObject","inLanguage":"fr-FR","@id":"https:\/\/lasentinelle.dz\/index.php\/2026\/08\/29\/les-evenements-a-caractere-festif-suspendus-a-la-suite-des-incendies-qui-ont-endeuille-le-pays-le-monde-de-la-culture-mobilise\/#primaryimage","url":"https:\/\/lasentinelle.dz\/wp-content\/uploads\/2025\/08\/ministere-de-la-culture.jpg","contentUrl":"https:\/\/lasentinelle.dz\/wp-content\/uploads\/2025\/08\/ministere-de-la-culture.jpg","width":1440,"height":960},{"@type":"BreadcrumbList","@id":"https:\/\/lasentinelle.dz\/index.php\/2026\/08\/29\/les-evenements-a-caractere-festif-suspendus-a-la-suite-des-incendies-qui-ont-endeuille-le-pays-le-monde-de-la-culture-mobilise\/#breadcrumb","itemListElement":[{"@type":"ListItem","position":1,"name":"Accueil","item":"https:\/\/lasentinelle.dz\/"},{"@type":"ListItem","position":2,"name":"Les \u00e9v\u00e8nements \u00e0 caract\u00e8re festif suspendus \u00e0 la suite des incendies qui ont endeuill\u00e9 le pays\u00a0: Le monde de la culture mobilis\u00e9"}]},{"@type":"WebSite","@id":"https:\/\/lasentinelle.dz\/#website","url":"https:\/\/lasentinelle.dz\/","name":"La Sentinelle","description":"Quotidien national d&#039;information","publisher":{"@id":"https:\/\/lasentinelle.dz\/#organization"},"potentialAction":[{"@type":"SearchAction","target":{"@type":"EntryPoint","urlTemplate":"https:\/\/lasentinelle.dz\/?s={search_term_string}"},"query-input":{"@type":"PropertyValueSpecification","valueRequired":true,"valueName":"search_term_string"}}],"inLanguage":"fr-FR"},{"@type":"Organization","@id":"https:\/\/lasentinelle.dz\/#organization","name":"Quotidien La Sentinelle","url":"https:\/\/lasentinelle.dz\/","logo":{"@type":"ImageObject","inLanguage":"fr-FR","@id":"https:\/\/lasentinelle.dz\/#\/schema\/logo\/image\/","url":"https:\/\/lasentinelle.dz\/wp-content\/uploads\/2021\/09\/logo-sentinelleSLOGAN-1.png","contentUrl":"https:\/\/lasentinelle.dz\/wp-content\/uploads\/2021\/09\/logo-sentinelleSLOGAN-1.png","width":615,"height":142,"caption":"Quotidien La Sentinelle"},"image":{"@id":"https:\/\/lasentinelle.dz\/#\/schema\/logo\/image\/"},"sameAs":["https:\/\/www.facebook.com\/La-Sentinelle-104059864394773"]},{"@type":"Person","@id":"https:\/\/lasentinelle.dz\/#\/schema\/person\/729ee0024f24e0b8c5ec17232f8e8b41","name":"admin","image":{"@type":"ImageObject","inLanguage":"fr-FR","@id":"https:\/\/secure.gravatar.com\/avatar\/4c81fed838786e9b53f540bf46533e750f5d292099ae3b66cfc6fb1982e29df7?s=96&d=mm&r=g","url":"https:\/\/secure.gravatar.com\/avatar\/4c81fed838786e9b53f540bf46533e750f5d292099ae3b66cfc6fb1982e29df7?s=96&d=mm&r=g","contentUrl":"https:\/\/secure.gravatar.com\/avatar\/4c81fed838786e9b53f540bf46533e750f5d292099ae3b66cfc6fb1982e29df7?s=96&d=mm&r=g","caption":"admin"},"description":"admin","url":"https:\/\/lasentinelle.dz\/author\/admin\/"}]}},"_links":{"self":[{"href":"https:\/\/lasentinelle.dz\/index.php\/wp-json\/wp\/v2\/posts\/94516","targetHints":{"allow":["GET"]}}],"collection":[{"href":"https:\/\/lasentinelle.dz\/index.php\/wp-json\/wp\/v2\/posts"}],"about":[{"href":"https:\/\/lasentinelle.dz\/index.php\/wp-json\/wp\/v2\/types\/post"}],"author":[{"embeddable":true,"href":"https:\/\/lasentinelle.dz\/index.php\/wp-json\/wp\/v2\/users\/6"}],"replies":[{"embeddable":true,"href":"https:\/\/lasentinelle.dz\/index.php\/wp-json\/wp\/v2\/comments?post=94516"}],"version-history":[{"count":1,"href":"https:\/\/lasentinelle.dz\/index.php\/wp-json\/wp\/v2\/posts\/94516\/revisions"}],"predecessor-version":[{"id":94517,"href":"https:\/\/lasentinelle.dz\/index.php\/wp-json\/wp\/v2\/posts\/94516\/revisions\/94517"}],"wp:featuredmedia":[{"embeddable":true,"href":"https:\/\/lasentinelle.dz\/index.php\/wp-json\/wp\/v2\/media\/72292"}],"wp:attachment":[{"href":"https:\/\/lasentinelle.dz\/index.php\/wp-json\/wp\/v2\/media?parent=94516"}],"wp:term":[{"taxonomy":"category","embeddable":true,"href":"https:\/\/lasentinelle.dz\/index.php\/wp-json\/wp\/v2\/categories?post=94516"},{"taxonomy":"post_tag","embeddable":true,"href":"https:\/\/lasentinelle.dz\/index.php\/wp-json\/wp\/v2\/tags?post=94516"}],"curies":[{"name":"wp","href":"https:\/\/api.w.org\/{rel}","templated":true}]}}