{"id":94518,"date":"2026-08-29T21:28:51","date_gmt":"2026-08-29T20:28:51","guid":{"rendered":"https:\/\/lasentinelle.dz\/?p=94518"},"modified":"2026-08-29T21:28:56","modified_gmt":"2026-08-29T20:28:56","slug":"athletisme-sedjati-valide-son-ticket-pour-pekin-avec-la-maniere-a-zurich","status":"publish","type":"post","link":"https:\/\/lasentinelle.dz\/index.php\/2026\/08\/29\/athletisme-sedjati-valide-son-ticket-pour-pekin-avec-la-maniere-a-zurich\/","title":{"rendered":"Athl\u00e9tisme\u00a0: Sedjati valide son ticket pour P\u00e9kin avec la mani\u00e8re \u00e0 Zurich"},"content":{"rendered":"\n<p class=\"wp-block-paragraph\">Le demi-fondeur alg\u00e9rien Djamel Sedjati a d\u00e9finitivement rang\u00e9 la question de sa pr\u00e9sence aux prochains Mondiaux d&rsquo;athl\u00e9tisme dans la case des certitudes. Le natif de Tiaret a couru jeudi soir en 1:41.83 sur 800 m\u00e8tres lors du meeting de Zurich, comptant pour la Ligue de diamant, devenant ainsi le premier athl\u00e8te alg\u00e9rien \u00e0 valider officiellement son billet pour le rendez vous mondial de P\u00e9kin pr\u00e9vu en 2027. Sur la piste suisse, seul le K\u00e9nyan Emmanuel Wanyonyi s&rsquo;est montr\u00e9 plus rapide que l&rsquo;Alg\u00e9rien, s&rsquo;imposant en 1:41.76 pour signer au passage la meilleure performance mondiale de l&rsquo;ann\u00e9e sur la distance. Derri\u00e8re ce duo, un autre repr\u00e9sentant alg\u00e9rien a brill\u00e9 puisque Slimane Moula a compl\u00e9t\u00e9 le podium en 1:43.52, offrant \u00e0 la d\u00e9l\u00e9gation nationale un doubl\u00e9 qui confirme la densit\u00e9 du demi-fond alg\u00e9rien sur la sc\u00e8ne internationale. Ce chrono de 1:41.83 repr\u00e9sente une nette progression par rapport \u00e0 sa meilleure marque de la saison, r\u00e9alis\u00e9e quelques jours plus t\u00f4t \u00e0 Lausanne en 1:42.31, course o\u00f9 il avait d\u00e9j\u00e0 termin\u00e9 dauphin du m\u00eame Wanyonyi. Il se situe surtout tr\u00e8s largement sous le minima fix\u00e9 \u00e0 1:43.00 pour d\u00e9crocher une place aux Championnats du monde chinois, dont la fen\u00eatre de qualification a d\u00e9but\u00e9 le 23 ao\u00fbt dernier.<\/p>\n\n\n\n<p class=\"wp-block-paragraph\">Cette performance n&rsquo;a rien d&rsquo;un coup d&rsquo;\u00e9clat isol\u00e9 pour un athl\u00e8te qui s&rsquo;est impos\u00e9 ces derni\u00e8res saisons parmi les meilleurs sp\u00e9cialistes mondiaux du tour de piste. M\u00e9daill\u00e9 de bronze aux Jeux olympiques de Paris en 2024, Sedjati avait ensuite d\u00e9croch\u00e9 l&rsquo;argent lors des Mondiaux de Tokyo en 2025, s&rsquo;inclinant d\u00e9j\u00e0 face \u00e0 Wanyonyi dans une finale tr\u00e8s disput\u00e9e boucl\u00e9e en 1:41.90. Il occupe aujourd&rsquo;hui la troisi\u00e8me place du classement mondial de la discipline \u00e9tabli par World Athletics, un rang qui t\u00e9moigne de sa r\u00e9gularit\u00e9 au sommet depuis plusieurs saisons.<\/p>\n\n\n\n<p class=\"wp-block-paragraph\">Son record personnel, \u00e9tabli \u00e0 Monaco en 2024 avec un chrono de 1:41.46, reste l&rsquo;une des r\u00e9f\u00e9rences de l&rsquo;histoire de la discipline et le classe parmi les cinq hommes les plus rapides jamais chronom\u00e9tr\u00e9s sur la distance. La rivalit\u00e9 qui l&rsquo;oppose au K\u00e9nyan Wanyonyi s&rsquo;est d&rsquo;ailleurs install\u00e9e comme l&rsquo;une des plus r\u00e9guli\u00e8res du circuit international, les deux hommes s&rsquo;\u00e9tant d\u00e9j\u00e0 retrouv\u00e9s \u00e0 plusieurs reprises sur les pistes europ\u00e9ennes cette saison, que ce soit \u00e0 Lausanne, \u00e0 Zurich ou lors d&rsquo;autres \u00e9tapes de la tourn\u00e9e estivale.<\/p>\n\n\n\n<p class=\"wp-block-paragraph\">Avec cette qualification acquise avant m\u00eame la fin de la Ligue de diamant, Sedjati devrait pouvoir aborder la fin de saison avec un peu plus de s\u00e9r\u00e9nit\u00e9, tout en continuant de viser les meilleures performances possibles pour peaufiner sa pr\u00e9paration en vue de l&rsquo;\u00e9ch\u00e9ance mondiale de P\u00e9kin, o\u00f9 il tentera cette fois de faire un pas de plus vers le titre qui lui \u00e9chappe encore.<\/p>\n\n\n\n<p class=\"wp-block-paragraph\">M.D.<\/p>\n","protected":false},"excerpt":{"rendered":"<p>Le demi-fondeur alg\u00e9rien Djamel Sedjati a d\u00e9finitivement rang\u00e9 la question de sa pr\u00e9sence aux prochains Mondiaux d&rsquo;athl\u00e9tisme dans la case<\/p>\n","protected":false},"author":6,"featured_media":73526,"comment_status":"open","ping_status":"closed","sticky":false,"template":"","format":"standard","meta":{"colormag_page_container_layout":"default_layout","colormag_page_sidebar_layout":"default_layout","om_disable_all_campaigns":false,"_monsterinsights_skip_tracking":false,"footnotes":"","_wpscppro_dont_share_socialmedia":false,"_wpscppro_custom_social_share_image":0,"_facebook_share_type":"default","_twitter_share_type":"default","_linkedin_share_type":"default","_pinterest_share_type":"default","_linkedin_share_type_page":"","_instagram_share_type":"default","_medium_share_type":"default","_threads_share_type":"default","_google_business_share_type":"default","_bluesky_share_type":"default","_mastodon_share_type":"default","_selected_social_profile":[],"_wpsp_enable_custom_social_template":false,"_wpsp_social_scheduling":{"enabled":false,"datetime":null,"platforms":[],"status":"template_only","dateOption":"today","timeOption":"now","customDays":"","customHours":"","customDate":"","customTime":"","schedulingType":"absolute"},"_wpsp_active_default_template":true},"categories":[33],"tags":[],"class_list":["post-94518","post","type-post","status-publish","format-standard","has-post-thumbnail","hentry","category-sports"],"aioseo_notices":[],"aioseo_head":"\n\t\t<!-- All in One SEO 5.0.0.1 - aioseo.com -->\n\t<meta name=\"description\" content=\"Le demi-fondeur alg\u00e9rien Djamel Sedjati a d\u00e9finitivement rang\u00e9 la question de sa pr\u00e9sence aux prochains Mondiaux d&#039;athl\u00e9tisme dans la case des certitudes. Le natif de Tiaret a couru jeudi soir en 1:41.83 sur 800 m\u00e8tres lors du meeting de Zurich, comptant pour la Ligue de diamant, devenant ainsi le premier athl\u00e8te alg\u00e9rien \u00e0 valider officiellement\" \/>\n\t<meta name=\"robots\" content=\"max-image-preview:large\" \/>\n\t<meta name=\"author\" content=\"admin\"\/>\n\t<link rel=\"canonical\" href=\"https:\/\/lasentinelle.dz\/index.php\/2026\/08\/29\/athletisme-sedjati-valide-son-ticket-pour-pekin-avec-la-maniere-a-zurich\/\" \/>\n\t<meta name=\"generator\" content=\"All in One SEO (AIOSEO) 5.0.0.1\" \/>\n\t\t<meta property=\"og:locale\" content=\"fr_FR\" \/>\n\t\t<meta property=\"og:site_name\" content=\"La Sentinelle - Quotidien national d&#039;information\" \/>\n\t\t<meta property=\"og:type\" content=\"article\" \/>\n\t\t<meta property=\"og:title\" content=\"Athl\u00e9tisme : Sedjati valide son ticket pour P\u00e9kin avec la mani\u00e8re \u00e0 Zurich - La Sentinelle\" \/>\n\t\t<meta property=\"og:description\" content=\"Le demi-fondeur alg\u00e9rien Djamel Sedjati a d\u00e9finitivement rang\u00e9 la question de sa pr\u00e9sence aux prochains Mondiaux d&#039;athl\u00e9tisme dans la case des certitudes. Le natif de Tiaret a couru jeudi soir en 1:41.83 sur 800 m\u00e8tres lors du meeting de Zurich, comptant pour la Ligue de diamant, devenant ainsi le premier athl\u00e8te alg\u00e9rien \u00e0 valider officiellement\" \/>\n\t\t<meta property=\"og:url\" content=\"https:\/\/lasentinelle.dz\/index.php\/2026\/08\/29\/athletisme-sedjati-valide-son-ticket-pour-pekin-avec-la-maniere-a-zurich\/\" \/>\n\t\t<meta property=\"og:image\" content=\"https:\/\/lasentinelle.dz\/wp-content\/uploads\/2021\/09\/cropped-la-sentinelle-earth-golden-anima-5.gif\" \/>\n\t\t<meta property=\"og:image:secure_url\" content=\"https:\/\/lasentinelle.dz\/wp-content\/uploads\/2021\/09\/cropped-la-sentinelle-earth-golden-anima-5.gif\" \/>\n\t\t<meta property=\"og:image:width\" content=\"450\" \/>\n\t\t<meta property=\"og:image:height\" content=\"213\" \/>\n\t\t<meta property=\"article:published_time\" content=\"2026-08-29T20:28:51+00:00\" \/>\n\t\t<meta property=\"article:modified_time\" content=\"2026-08-29T20:28:56+00:00\" \/>\n\t\t<meta property=\"article:publisher\" content=\"https:\/\/www.facebook.com\/azzedine.lasentinelle.1\" \/>\n\t\t<meta name=\"twitter:card\" content=\"summary_large_image\" \/>\n\t\t<meta name=\"twitter:title\" content=\"Athl\u00e9tisme : Sedjati valide son ticket pour P\u00e9kin avec la mani\u00e8re \u00e0 Zurich - La Sentinelle\" \/>\n\t\t<meta name=\"twitter:description\" content=\"Le demi-fondeur alg\u00e9rien Djamel Sedjati a d\u00e9finitivement rang\u00e9 la question de sa pr\u00e9sence aux prochains Mondiaux d&#039;athl\u00e9tisme dans la case des certitudes. Le natif de Tiaret a couru jeudi soir en 1:41.83 sur 800 m\u00e8tres lors du meeting de Zurich, comptant pour la Ligue de diamant, devenant ainsi le premier athl\u00e8te alg\u00e9rien \u00e0 valider officiellement\" \/>\n\t\t<meta name=\"twitter:image\" content=\"https:\/\/lasentinelle.dz\/wp-content\/uploads\/2021\/09\/cropped-la-sentinelle-earth-golden-anima-5.gif\" \/>\n\t\t<script type=\"application\/ld+json\" class=\"aioseo-schema\">\n\t\t\t{\"@context\":\"https:\\\/\\\/schema.org\",\"@graph\":[{\"@type\":\"BlogPosting\",\"@id\":\"https:\\\/\\\/lasentinelle.dz\\\/index.php\\\/2026\\\/08\\\/29\\\/athletisme-sedjati-valide-son-ticket-pour-pekin-avec-la-maniere-a-zurich\\\/#blogposting\",\"name\":\"Athl\\u00e9tisme : Sedjati valide son ticket pour P\\u00e9kin avec la mani\\u00e8re \\u00e0 Zurich - La Sentinelle\",\"headline\":\"Athl\\u00e9tisme\\u00a0: Sedjati valide son ticket pour P\\u00e9kin avec la mani\\u00e8re \\u00e0 Zurich\",\"author\":{\"@id\":\"https:\\\/\\\/lasentinelle.dz\\\/author\\\/admin\\\/#author\"},\"publisher\":{\"@id\":\"https:\\\/\\\/lasentinelle.dz\\\/#organization\"},\"image\":{\"@type\":\"ImageObject\",\"url\":\"https:\\\/\\\/lasentinelle.dz\\\/wp-content\\\/uploads\\\/2025\\\/09\\\/Sedjati.jpg\",\"width\":745,\"height\":470},\"datePublished\":\"2026-08-29T21:28:51+01:00\",\"dateModified\":\"2026-08-29T21:28:56+01:00\",\"inLanguage\":\"fr-FR\",\"mainEntityOfPage\":{\"@id\":\"https:\\\/\\\/lasentinelle.dz\\\/index.php\\\/2026\\\/08\\\/29\\\/athletisme-sedjati-valide-son-ticket-pour-pekin-avec-la-maniere-a-zurich\\\/#webpage\"},\"isPartOf\":{\"@id\":\"https:\\\/\\\/lasentinelle.dz\\\/index.php\\\/2026\\\/08\\\/29\\\/athletisme-sedjati-valide-son-ticket-pour-pekin-avec-la-maniere-a-zurich\\\/#webpage\"},\"articleSection\":\"Sports\"},{\"@type\":\"BreadcrumbList\",\"@id\":\"https:\\\/\\\/lasentinelle.dz\\\/index.php\\\/2026\\\/08\\\/29\\\/athletisme-sedjati-valide-son-ticket-pour-pekin-avec-la-maniere-a-zurich\\\/#breadcrumblist\",\"itemListElement\":[{\"@type\":\"ListItem\",\"@id\":\"https:\\\/\\\/lasentinelle.dz#listItem\",\"position\":1,\"name\":\"Home\",\"item\":\"https:\\\/\\\/lasentinelle.dz\",\"nextItem\":{\"@type\":\"ListItem\",\"@id\":\"https:\\\/\\\/lasentinelle.dz\\\/index.php\\\/category\\\/sports\\\/#listItem\",\"name\":\"Sports\"}},{\"@type\":\"ListItem\",\"@id\":\"https:\\\/\\\/lasentinelle.dz\\\/index.php\\\/category\\\/sports\\\/#listItem\",\"position\":2,\"name\":\"Sports\",\"item\":\"https:\\\/\\\/lasentinelle.dz\\\/index.php\\\/category\\\/sports\\\/\",\"nextItem\":{\"@type\":\"ListItem\",\"@id\":\"https:\\\/\\\/lasentinelle.dz\\\/index.php\\\/2026\\\/08\\\/29\\\/athletisme-sedjati-valide-son-ticket-pour-pekin-avec-la-maniere-a-zurich\\\/#listItem\",\"name\":\"Athl\\u00e9tisme\\u00a0: Sedjati valide son ticket pour P\\u00e9kin avec la mani\\u00e8re \\u00e0 Zurich\"},\"previousItem\":{\"@type\":\"ListItem\",\"@id\":\"https:\\\/\\\/lasentinelle.dz#listItem\",\"name\":\"Home\"}},{\"@type\":\"ListItem\",\"@id\":\"https:\\\/\\\/lasentinelle.dz\\\/index.php\\\/2026\\\/08\\\/29\\\/athletisme-sedjati-valide-son-ticket-pour-pekin-avec-la-maniere-a-zurich\\\/#listItem\",\"position\":3,\"name\":\"Athl\\u00e9tisme\\u00a0: Sedjati valide son ticket pour P\\u00e9kin avec la mani\\u00e8re \\u00e0 Zurich\",\"previousItem\":{\"@type\":\"ListItem\",\"@id\":\"https:\\\/\\\/lasentinelle.dz\\\/index.php\\\/category\\\/sports\\\/#listItem\",\"name\":\"Sports\"}}]},{\"@type\":\"Organization\",\"@id\":\"https:\\\/\\\/lasentinelle.dz\\\/#organization\",\"name\":\"La Sentinelle La Sentinelle\",\"description\":\"Quotidien national d'information\",\"url\":\"https:\\\/\\\/lasentinelle.dz\\\/\",\"logo\":{\"@type\":\"ImageObject\",\"url\":\"https:\\\/\\\/lasentinelle.dz\\\/wp-content\\\/uploads\\\/2021\\\/09\\\/cropped-la-sentinelle-earth-golden-anima-5.gif\",\"@id\":\"https:\\\/\\\/lasentinelle.dz\\\/index.php\\\/2026\\\/08\\\/29\\\/athletisme-sedjati-valide-son-ticket-pour-pekin-avec-la-maniere-a-zurich\\\/#organizationLogo\",\"width\":450,\"height\":213},\"image\":{\"@id\":\"https:\\\/\\\/lasentinelle.dz\\\/index.php\\\/2026\\\/08\\\/29\\\/athletisme-sedjati-valide-son-ticket-pour-pekin-avec-la-maniere-a-zurich\\\/#organizationLogo\"},\"sameAs\":[\"https:\\\/\\\/www.facebook.com\\\/azzedine.lasentinelle.1\"]},{\"@type\":\"Person\",\"@id\":\"https:\\\/\\\/lasentinelle.dz\\\/author\\\/admin\\\/#author\",\"url\":\"https:\\\/\\\/lasentinelle.dz\\\/author\\\/admin\\\/\",\"name\":\"admin\",\"image\":{\"@type\":\"ImageObject\",\"@id\":\"https:\\\/\\\/lasentinelle.dz\\\/index.php\\\/2026\\\/08\\\/29\\\/athletisme-sedjati-valide-son-ticket-pour-pekin-avec-la-maniere-a-zurich\\\/#authorImage\",\"url\":\"https:\\\/\\\/secure.gravatar.com\\\/avatar\\\/4c81fed838786e9b53f540bf46533e750f5d292099ae3b66cfc6fb1982e29df7?s=96&d=mm&r=g\",\"width\":96,\"height\":96,\"caption\":\"admin\"}},{\"@type\":\"WebPage\",\"@id\":\"https:\\\/\\\/lasentinelle.dz\\\/index.php\\\/2026\\\/08\\\/29\\\/athletisme-sedjati-valide-son-ticket-pour-pekin-avec-la-maniere-a-zurich\\\/#webpage\",\"url\":\"https:\\\/\\\/lasentinelle.dz\\\/index.php\\\/2026\\\/08\\\/29\\\/athletisme-sedjati-valide-son-ticket-pour-pekin-avec-la-maniere-a-zurich\\\/\",\"name\":\"Athl\\u00e9tisme : Sedjati valide son ticket pour P\\u00e9kin avec la mani\\u00e8re \\u00e0 Zurich - La Sentinelle\",\"description\":\"Le demi-fondeur alg\\u00e9rien Djamel Sedjati a d\\u00e9finitivement rang\\u00e9 la question de sa pr\\u00e9sence aux prochains Mondiaux d'athl\\u00e9tisme dans la case des certitudes. Le natif de Tiaret a couru jeudi soir en 1:41.83 sur 800 m\\u00e8tres lors du meeting de Zurich, comptant pour la Ligue de diamant, devenant ainsi le premier athl\\u00e8te alg\\u00e9rien \\u00e0 valider officiellement\",\"inLanguage\":\"fr-FR\",\"isPartOf\":{\"@id\":\"https:\\\/\\\/lasentinelle.dz\\\/#website\"},\"breadcrumb\":{\"@id\":\"https:\\\/\\\/lasentinelle.dz\\\/index.php\\\/2026\\\/08\\\/29\\\/athletisme-sedjati-valide-son-ticket-pour-pekin-avec-la-maniere-a-zurich\\\/#breadcrumblist\"},\"author\":{\"@id\":\"https:\\\/\\\/lasentinelle.dz\\\/author\\\/admin\\\/#author\"},\"creator\":{\"@id\":\"https:\\\/\\\/lasentinelle.dz\\\/author\\\/admin\\\/#author\"},\"image\":{\"@type\":\"ImageObject\",\"url\":\"https:\\\/\\\/lasentinelle.dz\\\/wp-content\\\/uploads\\\/2025\\\/09\\\/Sedjati.jpg\",\"@id\":\"https:\\\/\\\/lasentinelle.dz\\\/index.php\\\/2026\\\/08\\\/29\\\/athletisme-sedjati-valide-son-ticket-pour-pekin-avec-la-maniere-a-zurich\\\/#mainImage\",\"width\":745,\"height\":470},\"primaryImageOfPage\":{\"@id\":\"https:\\\/\\\/lasentinelle.dz\\\/index.php\\\/2026\\\/08\\\/29\\\/athletisme-sedjati-valide-son-ticket-pour-pekin-avec-la-maniere-a-zurich\\\/#mainImage\"},\"datePublished\":\"2026-08-29T21:28:51+01:00\",\"dateModified\":\"2026-08-29T21:28:56+01:00\"},{\"@type\":\"WebSite\",\"@id\":\"https:\\\/\\\/lasentinelle.dz\\\/#website\",\"url\":\"https:\\\/\\\/lasentinelle.dz\\\/\",\"name\":\"La Sentinelle\",\"description\":\"Quotidien national d'information\",\"inLanguage\":\"fr-FR\",\"publisher\":{\"@id\":\"https:\\\/\\\/lasentinelle.dz\\\/#organization\"}}]}\n\t\t<\/script>\n\t\t<!-- All in One SEO -->\n\n","aioseo_head_json":{"title":"Athl\u00e9tisme : Sedjati valide son ticket pour P\u00e9kin avec la mani\u00e8re \u00e0 Zurich - La Sentinelle","description":"Le demi-fondeur alg\u00e9rien Djamel Sedjati a d\u00e9finitivement rang\u00e9 la question de sa pr\u00e9sence aux prochains Mondiaux d'athl\u00e9tisme dans la case des certitudes. Le natif de Tiaret a couru jeudi soir en 1:41.83 sur 800 m\u00e8tres lors du meeting de Zurich, comptant pour la Ligue de diamant, devenant ainsi le premier athl\u00e8te alg\u00e9rien \u00e0 valider officiellement","canonical_url":"https:\/\/lasentinelle.dz\/index.php\/2026\/08\/29\/athletisme-sedjati-valide-son-ticket-pour-pekin-avec-la-maniere-a-zurich\/","robots":"max-image-preview:large","keywords":"","webmasterTools":{"miscellaneous":""},"schema":{"@context":"https:\/\/schema.org","@graph":[{"@type":"BlogPosting","@id":"https:\/\/lasentinelle.dz\/index.php\/2026\/08\/29\/athletisme-sedjati-valide-son-ticket-pour-pekin-avec-la-maniere-a-zurich\/#blogposting","name":"Athl\u00e9tisme : Sedjati valide son ticket pour P\u00e9kin avec la mani\u00e8re \u00e0 Zurich - La Sentinelle","headline":"Athl\u00e9tisme\u00a0: Sedjati valide son ticket pour P\u00e9kin avec la mani\u00e8re \u00e0 Zurich","author":{"@id":"https:\/\/lasentinelle.dz\/author\/admin\/#author"},"publisher":{"@id":"https:\/\/lasentinelle.dz\/#organization"},"image":{"@type":"ImageObject","url":"https:\/\/lasentinelle.dz\/wp-content\/uploads\/2025\/09\/Sedjati.jpg","width":745,"height":470},"datePublished":"2026-08-29T21:28:51+01:00","dateModified":"2026-08-29T21:28:56+01:00","inLanguage":"fr-FR","mainEntityOfPage":{"@id":"https:\/\/lasentinelle.dz\/index.php\/2026\/08\/29\/athletisme-sedjati-valide-son-ticket-pour-pekin-avec-la-maniere-a-zurich\/#webpage"},"isPartOf":{"@id":"https:\/\/lasentinelle.dz\/index.php\/2026\/08\/29\/athletisme-sedjati-valide-son-ticket-pour-pekin-avec-la-maniere-a-zurich\/#webpage"},"articleSection":"Sports"},{"@type":"BreadcrumbList","@id":"https:\/\/lasentinelle.dz\/index.php\/2026\/08\/29\/athletisme-sedjati-valide-son-ticket-pour-pekin-avec-la-maniere-a-zurich\/#breadcrumblist","itemListElement":[{"@type":"ListItem","@id":"https:\/\/lasentinelle.dz#listItem","position":1,"name":"Home","item":"https:\/\/lasentinelle.dz","nextItem":{"@type":"ListItem","@id":"https:\/\/lasentinelle.dz\/index.php\/category\/sports\/#listItem","name":"Sports"}},{"@type":"ListItem","@id":"https:\/\/lasentinelle.dz\/index.php\/category\/sports\/#listItem","position":2,"name":"Sports","item":"https:\/\/lasentinelle.dz\/index.php\/category\/sports\/","nextItem":{"@type":"ListItem","@id":"https:\/\/lasentinelle.dz\/index.php\/2026\/08\/29\/athletisme-sedjati-valide-son-ticket-pour-pekin-avec-la-maniere-a-zurich\/#listItem","name":"Athl\u00e9tisme\u00a0: Sedjati valide son ticket pour P\u00e9kin avec la mani\u00e8re \u00e0 Zurich"},"previousItem":{"@type":"ListItem","@id":"https:\/\/lasentinelle.dz#listItem","name":"Home"}},{"@type":"ListItem","@id":"https:\/\/lasentinelle.dz\/index.php\/2026\/08\/29\/athletisme-sedjati-valide-son-ticket-pour-pekin-avec-la-maniere-a-zurich\/#listItem","position":3,"name":"Athl\u00e9tisme\u00a0: Sedjati valide son ticket pour P\u00e9kin avec la mani\u00e8re \u00e0 Zurich","previousItem":{"@type":"ListItem","@id":"https:\/\/lasentinelle.dz\/index.php\/category\/sports\/#listItem","name":"Sports"}}]},{"@type":"Organization","@id":"https:\/\/lasentinelle.dz\/#organization","name":"La Sentinelle La Sentinelle","description":"Quotidien national d'information","url":"https:\/\/lasentinelle.dz\/","logo":{"@type":"ImageObject","url":"https:\/\/lasentinelle.dz\/wp-content\/uploads\/2021\/09\/cropped-la-sentinelle-earth-golden-anima-5.gif","@id":"https:\/\/lasentinelle.dz\/index.php\/2026\/08\/29\/athletisme-sedjati-valide-son-ticket-pour-pekin-avec-la-maniere-a-zurich\/#organizationLogo","width":450,"height":213},"image":{"@id":"https:\/\/lasentinelle.dz\/index.php\/2026\/08\/29\/athletisme-sedjati-valide-son-ticket-pour-pekin-avec-la-maniere-a-zurich\/#organizationLogo"},"sameAs":["https:\/\/www.facebook.com\/azzedine.lasentinelle.1"]},{"@type":"Person","@id":"https:\/\/lasentinelle.dz\/author\/admin\/#author","url":"https:\/\/lasentinelle.dz\/author\/admin\/","name":"admin","image":{"@type":"ImageObject","@id":"https:\/\/lasentinelle.dz\/index.php\/2026\/08\/29\/athletisme-sedjati-valide-son-ticket-pour-pekin-avec-la-maniere-a-zurich\/#authorImage","url":"https:\/\/secure.gravatar.com\/avatar\/4c81fed838786e9b53f540bf46533e750f5d292099ae3b66cfc6fb1982e29df7?s=96&d=mm&r=g","width":96,"height":96,"caption":"admin"}},{"@type":"WebPage","@id":"https:\/\/lasentinelle.dz\/index.php\/2026\/08\/29\/athletisme-sedjati-valide-son-ticket-pour-pekin-avec-la-maniere-a-zurich\/#webpage","url":"https:\/\/lasentinelle.dz\/index.php\/2026\/08\/29\/athletisme-sedjati-valide-son-ticket-pour-pekin-avec-la-maniere-a-zurich\/","name":"Athl\u00e9tisme : Sedjati valide son ticket pour P\u00e9kin avec la mani\u00e8re \u00e0 Zurich - La Sentinelle","description":"Le demi-fondeur alg\u00e9rien Djamel Sedjati a d\u00e9finitivement rang\u00e9 la question de sa pr\u00e9sence aux prochains Mondiaux d'athl\u00e9tisme dans la case des certitudes. Le natif de Tiaret a couru jeudi soir en 1:41.83 sur 800 m\u00e8tres lors du meeting de Zurich, comptant pour la Ligue de diamant, devenant ainsi le premier athl\u00e8te alg\u00e9rien \u00e0 valider officiellement","inLanguage":"fr-FR","isPartOf":{"@id":"https:\/\/lasentinelle.dz\/#website"},"breadcrumb":{"@id":"https:\/\/lasentinelle.dz\/index.php\/2026\/08\/29\/athletisme-sedjati-valide-son-ticket-pour-pekin-avec-la-maniere-a-zurich\/#breadcrumblist"},"author":{"@id":"https:\/\/lasentinelle.dz\/author\/admin\/#author"},"creator":{"@id":"https:\/\/lasentinelle.dz\/author\/admin\/#author"},"image":{"@type":"ImageObject","url":"https:\/\/lasentinelle.dz\/wp-content\/uploads\/2025\/09\/Sedjati.jpg","@id":"https:\/\/lasentinelle.dz\/index.php\/2026\/08\/29\/athletisme-sedjati-valide-son-ticket-pour-pekin-avec-la-maniere-a-zurich\/#mainImage","width":745,"height":470},"primaryImageOfPage":{"@id":"https:\/\/lasentinelle.dz\/index.php\/2026\/08\/29\/athletisme-sedjati-valide-son-ticket-pour-pekin-avec-la-maniere-a-zurich\/#mainImage"},"datePublished":"2026-08-29T21:28:51+01:00","dateModified":"2026-08-29T21:28:56+01:00"},{"@type":"WebSite","@id":"https:\/\/lasentinelle.dz\/#website","url":"https:\/\/lasentinelle.dz\/","name":"La Sentinelle","description":"Quotidien national d'information","inLanguage":"fr-FR","publisher":{"@id":"https:\/\/lasentinelle.dz\/#organization"}}]},"og:locale":"fr_FR","og:site_name":"La Sentinelle - Quotidien national d'information","og:type":"article","og:title":"Athl\u00e9tisme : Sedjati valide son ticket pour P\u00e9kin avec la mani\u00e8re \u00e0 Zurich - La Sentinelle","og:description":"Le demi-fondeur alg\u00e9rien Djamel Sedjati a d\u00e9finitivement rang\u00e9 la question de sa pr\u00e9sence aux prochains Mondiaux d'athl\u00e9tisme dans la case des certitudes. Le natif de Tiaret a couru jeudi soir en 1:41.83 sur 800 m\u00e8tres lors du meeting de Zurich, comptant pour la Ligue de diamant, devenant ainsi le premier athl\u00e8te alg\u00e9rien \u00e0 valider officiellement","og:url":"https:\/\/lasentinelle.dz\/index.php\/2026\/08\/29\/athletisme-sedjati-valide-son-ticket-pour-pekin-avec-la-maniere-a-zurich\/","og:image":"https:\/\/lasentinelle.dz\/wp-content\/uploads\/2021\/09\/cropped-la-sentinelle-earth-golden-anima-5.gif","og:image:secure_url":"https:\/\/lasentinelle.dz\/wp-content\/uploads\/2021\/09\/cropped-la-sentinelle-earth-golden-anima-5.gif","og:image:width":450,"og:image:height":213,"article:published_time":"2026-08-29T20:28:51+00:00","article:modified_time":"2026-08-29T20:28:56+00:00","article:publisher":"https:\/\/www.facebook.com\/azzedine.lasentinelle.1","twitter:card":"summary_large_image","twitter:title":"Athl\u00e9tisme : Sedjati valide son ticket pour P\u00e9kin avec la mani\u00e8re \u00e0 Zurich - La Sentinelle","twitter:description":"Le demi-fondeur alg\u00e9rien Djamel Sedjati a d\u00e9finitivement rang\u00e9 la question de sa pr\u00e9sence aux prochains Mondiaux d'athl\u00e9tisme dans la case des certitudes. Le natif de Tiaret a couru jeudi soir en 1:41.83 sur 800 m\u00e8tres lors du meeting de Zurich, comptant pour la Ligue de diamant, devenant ainsi le premier athl\u00e8te alg\u00e9rien \u00e0 valider officiellement","twitter:image":"https:\/\/lasentinelle.dz\/wp-content\/uploads\/2021\/09\/cropped-la-sentinelle-earth-golden-anima-5.gif"},"aioseo_meta_data":{"post_id":"94518","title":null,"description":null,"keywords":null,"keyphrases":{"focus":{"keyphrase":"","score":0,"analysis":{"keyphraseInTitle":{"score":0,"maxScore":9,"error":1}}},"additional":[]},"primary_term":null,"canonical_url":null,"og_title":null,"og_description":null,"og_object_type":"default","og_image_type":"default","og_image_url":null,"og_image_width":null,"og_image_height":null,"og_image_custom_url":null,"og_image_custom_fields":null,"og_video":"","og_custom_url":null,"og_article_section":null,"og_article_tags":null,"twitter_use_og":false,"twitter_card":"default","twitter_image_type":"default","twitter_image_url":null,"twitter_image_custom_url":null,"twitter_image_custom_fields":null,"twitter_title":null,"twitter_description":null,"schema":{"blockGraphs":[],"customGraphs":[],"default":{"data":{"Article":[],"Course":[],"Dataset":[],"FAQPage":[],"Movie":[],"Person":[],"Product":[],"ProductReview":[],"Car":[],"Recipe":[],"Service":[],"SoftwareApplication":[],"WebPage":[]},"graphName":"BlogPosting","isEnabled":true},"graphs":[]},"schema_type":"default","schema_type_options":null,"pillar_content":false,"robots_default":true,"robots_noindex":false,"robots_noarchive":false,"robots_nosnippet":false,"robots_nofollow":false,"robots_noimageindex":false,"robots_noodp":false,"robots_notranslate":false,"robots_max_snippet":"-1","robots_max_videopreview":"-1","robots_max_imagepreview":"large","priority":null,"frequency":"default","local_seo":null,"breadcrumb_settings":null,"limit_modified_date":false,"ai":{"faqs":[],"keyPoints":[],"schemas":[],"titles":[],"descriptions":[],"socialPosts":{"email":{"subject":"","preview":"","content":""},"linkedin":[],"twitter":[],"facebook":[],"instagram":[]}},"created":"2026-08-29 20:28:56","updated":"2026-08-29 21:46:36","focus_keyword":null,"additional_keywords":null,"truseo_locale":null,"seo_analyzer_scan_date":null},"aioseo_breadcrumb":"<div class=\"aioseo-breadcrumbs\"><span class=\"aioseo-breadcrumb\">\n\t\t\t<a href=\"https:\/\/lasentinelle.dz\" title=\"Home\">Home<\/a>\n\t\t<\/span><span class=\"aioseo-breadcrumb-separator\">&raquo;<\/span><span class=\"aioseo-breadcrumb\">\n\t\t\t<a href=\"https:\/\/lasentinelle.dz\/index.php\/category\/sports\/\" title=\"Sports\">Sports<\/a>\n\t\t<\/span><span class=\"aioseo-breadcrumb-separator\">&raquo;<\/span><span class=\"aioseo-breadcrumb\">\n\t\t\tAthl\u00e9tisme : Sedjati valide son ticket pour P\u00e9kin avec la mani\u00e8re \u00e0 Zurich\n\t\t<\/span><\/div>","aioseo_breadcrumb_json":[{"label":"Home","link":"https:\/\/lasentinelle.dz"},{"label":"Sports","link":"https:\/\/lasentinelle.dz\/index.php\/category\/sports\/"},{"label":"Athl\u00e9tisme\u00a0: Sedjati valide son ticket pour P\u00e9kin avec la mani\u00e8re \u00e0 Zurich","link":"https:\/\/lasentinelle.dz\/index.php\/2026\/08\/29\/athletisme-sedjati-valide-son-ticket-pour-pekin-avec-la-maniere-a-zurich\/"}],"yoast_head":"<!-- This site is optimized with the Yoast SEO plugin v28.3 - https:\/\/yoast.com\/product\/yoast-seo-wordpress\/ -->\n<title>Athl\u00e9tisme\u00a0: Sedjati valide son ticket pour P\u00e9kin avec la mani\u00e8re \u00e0 Zurich - La Sentinelle<\/title>\n<meta name=\"robots\" content=\"index, follow, max-snippet:-1, max-image-preview:large, max-video-preview:-1\" \/>\n<link rel=\"canonical\" href=\"https:\/\/lasentinelle.dz\/index.php\/2026\/08\/29\/athletisme-sedjati-valide-son-ticket-pour-pekin-avec-la-maniere-a-zurich\/\" \/>\n<meta property=\"og:locale\" content=\"fr_FR\" \/>\n<meta property=\"og:type\" content=\"article\" \/>\n<meta property=\"og:title\" content=\"Athl\u00e9tisme\u00a0: Sedjati valide son ticket pour P\u00e9kin avec la mani\u00e8re \u00e0 Zurich - La Sentinelle\" \/>\n<meta property=\"og:description\" content=\"Le demi-fondeur alg\u00e9rien Djamel Sedjati a d\u00e9finitivement rang\u00e9 la question de sa pr\u00e9sence aux prochains Mondiaux d&rsquo;athl\u00e9tisme dans la case\" \/>\n<meta property=\"og:url\" content=\"https:\/\/lasentinelle.dz\/index.php\/2026\/08\/29\/athletisme-sedjati-valide-son-ticket-pour-pekin-avec-la-maniere-a-zurich\/\" \/>\n<meta property=\"og:site_name\" content=\"La Sentinelle\" \/>\n<meta property=\"article:publisher\" content=\"https:\/\/www.facebook.com\/La-Sentinelle-104059864394773\" \/>\n<meta property=\"article:published_time\" content=\"2026-08-29T20:28:51+00:00\" \/>\n<meta property=\"article:modified_time\" content=\"2026-08-29T20:28:56+00:00\" \/>\n<meta property=\"og:image\" content=\"https:\/\/lasentinelle.dz\/wp-content\/uploads\/2025\/09\/Sedjati.jpg\" \/>\n\t<meta property=\"og:image:width\" content=\"745\" \/>\n\t<meta property=\"og:image:height\" content=\"470\" \/>\n\t<meta property=\"og:image:type\" content=\"image\/jpeg\" \/>\n<meta name=\"author\" content=\"admin\" \/>\n<meta name=\"twitter:card\" content=\"summary_large_image\" \/>\n<meta name=\"twitter:label1\" content=\"\u00c9crit par\" \/>\n\t<meta name=\"twitter:data1\" content=\"admin\" \/>\n\t<meta name=\"twitter:label2\" content=\"Dur\u00e9e de lecture estim\u00e9e\" \/>\n\t<meta name=\"twitter:data2\" content=\"3 minutes\" \/>\n<script type=\"application\/ld+json\" class=\"yoast-schema-graph\">{\"@context\":\"https:\\\/\\\/schema.org\",\"@graph\":[{\"@type\":\"Article\",\"@id\":\"https:\\\/\\\/lasentinelle.dz\\\/index.php\\\/2026\\\/08\\\/29\\\/athletisme-sedjati-valide-son-ticket-pour-pekin-avec-la-maniere-a-zurich\\\/#article\",\"isPartOf\":{\"@id\":\"https:\\\/\\\/lasentinelle.dz\\\/index.php\\\/2026\\\/08\\\/29\\\/athletisme-sedjati-valide-son-ticket-pour-pekin-avec-la-maniere-a-zurich\\\/\"},\"author\":{\"name\":\"admin\",\"@id\":\"https:\\\/\\\/lasentinelle.dz\\\/#\\\/schema\\\/person\\\/729ee0024f24e0b8c5ec17232f8e8b41\"},\"headline\":\"Athl\u00e9tisme\u00a0: Sedjati valide son ticket pour P\u00e9kin avec la mani\u00e8re \u00e0 Zurich\",\"datePublished\":\"2026-08-29T20:28:51+00:00\",\"dateModified\":\"2026-08-29T20:28:56+00:00\",\"mainEntityOfPage\":{\"@id\":\"https:\\\/\\\/lasentinelle.dz\\\/index.php\\\/2026\\\/08\\\/29\\\/athletisme-sedjati-valide-son-ticket-pour-pekin-avec-la-maniere-a-zurich\\\/\"},\"wordCount\":515,\"commentCount\":0,\"publisher\":{\"@id\":\"https:\\\/\\\/lasentinelle.dz\\\/#organization\"},\"image\":{\"@id\":\"https:\\\/\\\/lasentinelle.dz\\\/index.php\\\/2026\\\/08\\\/29\\\/athletisme-sedjati-valide-son-ticket-pour-pekin-avec-la-maniere-a-zurich\\\/#primaryimage\"},\"thumbnailUrl\":\"https:\\\/\\\/lasentinelle.dz\\\/wp-content\\\/uploads\\\/2025\\\/09\\\/Sedjati.jpg\",\"articleSection\":[\"Sports\"],\"inLanguage\":\"fr-FR\",\"potentialAction\":[{\"@type\":\"CommentAction\",\"name\":\"Comment\",\"target\":[\"https:\\\/\\\/lasentinelle.dz\\\/index.php\\\/2026\\\/08\\\/29\\\/athletisme-sedjati-valide-son-ticket-pour-pekin-avec-la-maniere-a-zurich\\\/#respond\"]}]},{\"@type\":\"WebPage\",\"@id\":\"https:\\\/\\\/lasentinelle.dz\\\/index.php\\\/2026\\\/08\\\/29\\\/athletisme-sedjati-valide-son-ticket-pour-pekin-avec-la-maniere-a-zurich\\\/\",\"url\":\"https:\\\/\\\/lasentinelle.dz\\\/index.php\\\/2026\\\/08\\\/29\\\/athletisme-sedjati-valide-son-ticket-pour-pekin-avec-la-maniere-a-zurich\\\/\",\"name\":\"Athl\u00e9tisme\u00a0: Sedjati valide son ticket pour P\u00e9kin avec la mani\u00e8re \u00e0 Zurich - La Sentinelle\",\"isPartOf\":{\"@id\":\"https:\\\/\\\/lasentinelle.dz\\\/#website\"},\"primaryImageOfPage\":{\"@id\":\"https:\\\/\\\/lasentinelle.dz\\\/index.php\\\/2026\\\/08\\\/29\\\/athletisme-sedjati-valide-son-ticket-pour-pekin-avec-la-maniere-a-zurich\\\/#primaryimage\"},\"image\":{\"@id\":\"https:\\\/\\\/lasentinelle.dz\\\/index.php\\\/2026\\\/08\\\/29\\\/athletisme-sedjati-valide-son-ticket-pour-pekin-avec-la-maniere-a-zurich\\\/#primaryimage\"},\"thumbnailUrl\":\"https:\\\/\\\/lasentinelle.dz\\\/wp-content\\\/uploads\\\/2025\\\/09\\\/Sedjati.jpg\",\"datePublished\":\"2026-08-29T20:28:51+00:00\",\"dateModified\":\"2026-08-29T20:28:56+00:00\",\"breadcrumb\":{\"@id\":\"https:\\\/\\\/lasentinelle.dz\\\/index.php\\\/2026\\\/08\\\/29\\\/athletisme-sedjati-valide-son-ticket-pour-pekin-avec-la-maniere-a-zurich\\\/#breadcrumb\"},\"inLanguage\":\"fr-FR\",\"potentialAction\":[{\"@type\":\"ReadAction\",\"target\":[\"https:\\\/\\\/lasentinelle.dz\\\/index.php\\\/2026\\\/08\\\/29\\\/athletisme-sedjati-valide-son-ticket-pour-pekin-avec-la-maniere-a-zurich\\\/\"]}]},{\"@type\":\"ImageObject\",\"inLanguage\":\"fr-FR\",\"@id\":\"https:\\\/\\\/lasentinelle.dz\\\/index.php\\\/2026\\\/08\\\/29\\\/athletisme-sedjati-valide-son-ticket-pour-pekin-avec-la-maniere-a-zurich\\\/#primaryimage\",\"url\":\"https:\\\/\\\/lasentinelle.dz\\\/wp-content\\\/uploads\\\/2025\\\/09\\\/Sedjati.jpg\",\"contentUrl\":\"https:\\\/\\\/lasentinelle.dz\\\/wp-content\\\/uploads\\\/2025\\\/09\\\/Sedjati.jpg\",\"width\":745,\"height\":470},{\"@type\":\"BreadcrumbList\",\"@id\":\"https:\\\/\\\/lasentinelle.dz\\\/index.php\\\/2026\\\/08\\\/29\\\/athletisme-sedjati-valide-son-ticket-pour-pekin-avec-la-maniere-a-zurich\\\/#breadcrumb\",\"itemListElement\":[{\"@type\":\"ListItem\",\"position\":1,\"name\":\"Accueil\",\"item\":\"https:\\\/\\\/lasentinelle.dz\\\/\"},{\"@type\":\"ListItem\",\"position\":2,\"name\":\"Athl\u00e9tisme\u00a0: Sedjati valide son ticket pour P\u00e9kin avec la mani\u00e8re \u00e0 Zurich\"}]},{\"@type\":\"WebSite\",\"@id\":\"https:\\\/\\\/lasentinelle.dz\\\/#website\",\"url\":\"https:\\\/\\\/lasentinelle.dz\\\/\",\"name\":\"La Sentinelle\",\"description\":\"Quotidien national d&#039;information\",\"publisher\":{\"@id\":\"https:\\\/\\\/lasentinelle.dz\\\/#organization\"},\"potentialAction\":[{\"@type\":\"SearchAction\",\"target\":{\"@type\":\"EntryPoint\",\"urlTemplate\":\"https:\\\/\\\/lasentinelle.dz\\\/?s={search_term_string}\"},\"query-input\":{\"@type\":\"PropertyValueSpecification\",\"valueRequired\":true,\"valueName\":\"search_term_string\"}}],\"inLanguage\":\"fr-FR\"},{\"@type\":\"Organization\",\"@id\":\"https:\\\/\\\/lasentinelle.dz\\\/#organization\",\"name\":\"Quotidien La Sentinelle\",\"url\":\"https:\\\/\\\/lasentinelle.dz\\\/\",\"logo\":{\"@type\":\"ImageObject\",\"inLanguage\":\"fr-FR\",\"@id\":\"https:\\\/\\\/lasentinelle.dz\\\/#\\\/schema\\\/logo\\\/image\\\/\",\"url\":\"https:\\\/\\\/lasentinelle.dz\\\/wp-content\\\/uploads\\\/2021\\\/09\\\/logo-sentinelleSLOGAN-1.png\",\"contentUrl\":\"https:\\\/\\\/lasentinelle.dz\\\/wp-content\\\/uploads\\\/2021\\\/09\\\/logo-sentinelleSLOGAN-1.png\",\"width\":615,\"height\":142,\"caption\":\"Quotidien La Sentinelle\"},\"image\":{\"@id\":\"https:\\\/\\\/lasentinelle.dz\\\/#\\\/schema\\\/logo\\\/image\\\/\"},\"sameAs\":[\"https:\\\/\\\/www.facebook.com\\\/La-Sentinelle-104059864394773\"]},{\"@type\":\"Person\",\"@id\":\"https:\\\/\\\/lasentinelle.dz\\\/#\\\/schema\\\/person\\\/729ee0024f24e0b8c5ec17232f8e8b41\",\"name\":\"admin\",\"image\":{\"@type\":\"ImageObject\",\"inLanguage\":\"fr-FR\",\"@id\":\"https:\\\/\\\/secure.gravatar.com\\\/avatar\\\/4c81fed838786e9b53f540bf46533e750f5d292099ae3b66cfc6fb1982e29df7?s=96&d=mm&r=g\",\"url\":\"https:\\\/\\\/secure.gravatar.com\\\/avatar\\\/4c81fed838786e9b53f540bf46533e750f5d292099ae3b66cfc6fb1982e29df7?s=96&d=mm&r=g\",\"contentUrl\":\"https:\\\/\\\/secure.gravatar.com\\\/avatar\\\/4c81fed838786e9b53f540bf46533e750f5d292099ae3b66cfc6fb1982e29df7?s=96&d=mm&r=g\",\"caption\":\"admin\"},\"description\":\"admin\",\"url\":\"https:\\\/\\\/lasentinelle.dz\\\/author\\\/admin\\\/\"}]}<\/script>\n<!-- \/ Yoast SEO plugin. -->","yoast_head_json":{"title":"Athl\u00e9tisme\u00a0: Sedjati valide son ticket pour P\u00e9kin avec la mani\u00e8re \u00e0 Zurich - La Sentinelle","robots":{"index":"index","follow":"follow","max-snippet":"max-snippet:-1","max-image-preview":"max-image-preview:large","max-video-preview":"max-video-preview:-1"},"canonical":"https:\/\/lasentinelle.dz\/index.php\/2026\/08\/29\/athletisme-sedjati-valide-son-ticket-pour-pekin-avec-la-maniere-a-zurich\/","og_locale":"fr_FR","og_type":"article","og_title":"Athl\u00e9tisme\u00a0: Sedjati valide son ticket pour P\u00e9kin avec la mani\u00e8re \u00e0 Zurich - La Sentinelle","og_description":"Le demi-fondeur alg\u00e9rien Djamel Sedjati a d\u00e9finitivement rang\u00e9 la question de sa pr\u00e9sence aux prochains Mondiaux d&rsquo;athl\u00e9tisme dans la case","og_url":"https:\/\/lasentinelle.dz\/index.php\/2026\/08\/29\/athletisme-sedjati-valide-son-ticket-pour-pekin-avec-la-maniere-a-zurich\/","og_site_name":"La Sentinelle","article_publisher":"https:\/\/www.facebook.com\/La-Sentinelle-104059864394773","article_published_time":"2026-08-29T20:28:51+00:00","article_modified_time":"2026-08-29T20:28:56+00:00","og_image":[{"width":745,"height":470,"url":"https:\/\/lasentinelle.dz\/wp-content\/uploads\/2025\/09\/Sedjati.jpg","type":"image\/jpeg"}],"author":"admin","twitter_card":"summary_large_image","twitter_misc":{"\u00c9crit par":"admin","Dur\u00e9e de lecture estim\u00e9e":"3 minutes"},"schema":{"@context":"https:\/\/schema.org","@graph":[{"@type":"Article","@id":"https:\/\/lasentinelle.dz\/index.php\/2026\/08\/29\/athletisme-sedjati-valide-son-ticket-pour-pekin-avec-la-maniere-a-zurich\/#article","isPartOf":{"@id":"https:\/\/lasentinelle.dz\/index.php\/2026\/08\/29\/athletisme-sedjati-valide-son-ticket-pour-pekin-avec-la-maniere-a-zurich\/"},"author":{"name":"admin","@id":"https:\/\/lasentinelle.dz\/#\/schema\/person\/729ee0024f24e0b8c5ec17232f8e8b41"},"headline":"Athl\u00e9tisme\u00a0: Sedjati valide son ticket pour P\u00e9kin avec la mani\u00e8re \u00e0 Zurich","datePublished":"2026-08-29T20:28:51+00:00","dateModified":"2026-08-29T20:28:56+00:00","mainEntityOfPage":{"@id":"https:\/\/lasentinelle.dz\/index.php\/2026\/08\/29\/athletisme-sedjati-valide-son-ticket-pour-pekin-avec-la-maniere-a-zurich\/"},"wordCount":515,"commentCount":0,"publisher":{"@id":"https:\/\/lasentinelle.dz\/#organization"},"image":{"@id":"https:\/\/lasentinelle.dz\/index.php\/2026\/08\/29\/athletisme-sedjati-valide-son-ticket-pour-pekin-avec-la-maniere-a-zurich\/#primaryimage"},"thumbnailUrl":"https:\/\/lasentinelle.dz\/wp-content\/uploads\/2025\/09\/Sedjati.jpg","articleSection":["Sports"],"inLanguage":"fr-FR","potentialAction":[{"@type":"CommentAction","name":"Comment","target":["https:\/\/lasentinelle.dz\/index.php\/2026\/08\/29\/athletisme-sedjati-valide-son-ticket-pour-pekin-avec-la-maniere-a-zurich\/#respond"]}]},{"@type":"WebPage","@id":"https:\/\/lasentinelle.dz\/index.php\/2026\/08\/29\/athletisme-sedjati-valide-son-ticket-pour-pekin-avec-la-maniere-a-zurich\/","url":"https:\/\/lasentinelle.dz\/index.php\/2026\/08\/29\/athletisme-sedjati-valide-son-ticket-pour-pekin-avec-la-maniere-a-zurich\/","name":"Athl\u00e9tisme\u00a0: Sedjati valide son ticket pour P\u00e9kin avec la mani\u00e8re \u00e0 Zurich - La Sentinelle","isPartOf":{"@id":"https:\/\/lasentinelle.dz\/#website"},"primaryImageOfPage":{"@id":"https:\/\/lasentinelle.dz\/index.php\/2026\/08\/29\/athletisme-sedjati-valide-son-ticket-pour-pekin-avec-la-maniere-a-zurich\/#primaryimage"},"image":{"@id":"https:\/\/lasentinelle.dz\/index.php\/2026\/08\/29\/athletisme-sedjati-valide-son-ticket-pour-pekin-avec-la-maniere-a-zurich\/#primaryimage"},"thumbnailUrl":"https:\/\/lasentinelle.dz\/wp-content\/uploads\/2025\/09\/Sedjati.jpg","datePublished":"2026-08-29T20:28:51+00:00","dateModified":"2026-08-29T20:28:56+00:00","breadcrumb":{"@id":"https:\/\/lasentinelle.dz\/index.php\/2026\/08\/29\/athletisme-sedjati-valide-son-ticket-pour-pekin-avec-la-maniere-a-zurich\/#breadcrumb"},"inLanguage":"fr-FR","potentialAction":[{"@type":"ReadAction","target":["https:\/\/lasentinelle.dz\/index.php\/2026\/08\/29\/athletisme-sedjati-valide-son-ticket-pour-pekin-avec-la-maniere-a-zurich\/"]}]},{"@type":"ImageObject","inLanguage":"fr-FR","@id":"https:\/\/lasentinelle.dz\/index.php\/2026\/08\/29\/athletisme-sedjati-valide-son-ticket-pour-pekin-avec-la-maniere-a-zurich\/#primaryimage","url":"https:\/\/lasentinelle.dz\/wp-content\/uploads\/2025\/09\/Sedjati.jpg","contentUrl":"https:\/\/lasentinelle.dz\/wp-content\/uploads\/2025\/09\/Sedjati.jpg","width":745,"height":470},{"@type":"BreadcrumbList","@id":"https:\/\/lasentinelle.dz\/index.php\/2026\/08\/29\/athletisme-sedjati-valide-son-ticket-pour-pekin-avec-la-maniere-a-zurich\/#breadcrumb","itemListElement":[{"@type":"ListItem","position":1,"name":"Accueil","item":"https:\/\/lasentinelle.dz\/"},{"@type":"ListItem","position":2,"name":"Athl\u00e9tisme\u00a0: Sedjati valide son ticket pour P\u00e9kin avec la mani\u00e8re \u00e0 Zurich"}]},{"@type":"WebSite","@id":"https:\/\/lasentinelle.dz\/#website","url":"https:\/\/lasentinelle.dz\/","name":"La Sentinelle","description":"Quotidien national d&#039;information","publisher":{"@id":"https:\/\/lasentinelle.dz\/#organization"},"potentialAction":[{"@type":"SearchAction","target":{"@type":"EntryPoint","urlTemplate":"https:\/\/lasentinelle.dz\/?s={search_term_string}"},"query-input":{"@type":"PropertyValueSpecification","valueRequired":true,"valueName":"search_term_string"}}],"inLanguage":"fr-FR"},{"@type":"Organization","@id":"https:\/\/lasentinelle.dz\/#organization","name":"Quotidien La Sentinelle","url":"https:\/\/lasentinelle.dz\/","logo":{"@type":"ImageObject","inLanguage":"fr-FR","@id":"https:\/\/lasentinelle.dz\/#\/schema\/logo\/image\/","url":"https:\/\/lasentinelle.dz\/wp-content\/uploads\/2021\/09\/logo-sentinelleSLOGAN-1.png","contentUrl":"https:\/\/lasentinelle.dz\/wp-content\/uploads\/2021\/09\/logo-sentinelleSLOGAN-1.png","width":615,"height":142,"caption":"Quotidien La Sentinelle"},"image":{"@id":"https:\/\/lasentinelle.dz\/#\/schema\/logo\/image\/"},"sameAs":["https:\/\/www.facebook.com\/La-Sentinelle-104059864394773"]},{"@type":"Person","@id":"https:\/\/lasentinelle.dz\/#\/schema\/person\/729ee0024f24e0b8c5ec17232f8e8b41","name":"admin","image":{"@type":"ImageObject","inLanguage":"fr-FR","@id":"https:\/\/secure.gravatar.com\/avatar\/4c81fed838786e9b53f540bf46533e750f5d292099ae3b66cfc6fb1982e29df7?s=96&d=mm&r=g","url":"https:\/\/secure.gravatar.com\/avatar\/4c81fed838786e9b53f540bf46533e750f5d292099ae3b66cfc6fb1982e29df7?s=96&d=mm&r=g","contentUrl":"https:\/\/secure.gravatar.com\/avatar\/4c81fed838786e9b53f540bf46533e750f5d292099ae3b66cfc6fb1982e29df7?s=96&d=mm&r=g","caption":"admin"},"description":"admin","url":"https:\/\/lasentinelle.dz\/author\/admin\/"}]}},"_links":{"self":[{"href":"https:\/\/lasentinelle.dz\/index.php\/wp-json\/wp\/v2\/posts\/94518","targetHints":{"allow":["GET"]}}],"collection":[{"href":"https:\/\/lasentinelle.dz\/index.php\/wp-json\/wp\/v2\/posts"}],"about":[{"href":"https:\/\/lasentinelle.dz\/index.php\/wp-json\/wp\/v2\/types\/post"}],"author":[{"embeddable":true,"href":"https:\/\/lasentinelle.dz\/index.php\/wp-json\/wp\/v2\/users\/6"}],"replies":[{"embeddable":true,"href":"https:\/\/lasentinelle.dz\/index.php\/wp-json\/wp\/v2\/comments?post=94518"}],"version-history":[{"count":1,"href":"https:\/\/lasentinelle.dz\/index.php\/wp-json\/wp\/v2\/posts\/94518\/revisions"}],"predecessor-version":[{"id":94519,"href":"https:\/\/lasentinelle.dz\/index.php\/wp-json\/wp\/v2\/posts\/94518\/revisions\/94519"}],"wp:featuredmedia":[{"embeddable":true,"href":"https:\/\/lasentinelle.dz\/index.php\/wp-json\/wp\/v2\/media\/73526"}],"wp:attachment":[{"href":"https:\/\/lasentinelle.dz\/index.php\/wp-json\/wp\/v2\/media?parent=94518"}],"wp:term":[{"taxonomy":"category","embeddable":true,"href":"https:\/\/lasentinelle.dz\/index.php\/wp-json\/wp\/v2\/categories?post=94518"},{"taxonomy":"post_tag","embeddable":true,"href":"https:\/\/lasentinelle.dz\/index.php\/wp-json\/wp\/v2\/tags?post=94518"}],"curies":[{"name":"wp","href":"https:\/\/api.w.org\/{rel}","templated":true}]}}