{"id":94561,"date":"2026-08-29T21:50:13","date_gmt":"2026-08-29T20:50:13","guid":{"rendered":"https:\/\/lasentinelle.dz\/?p=94561"},"modified":"2026-08-29T21:50:19","modified_gmt":"2026-08-29T20:50:19","slug":"face-aux-guerres-de-linformation-plaidoyer-pour-un-recit-national-offensif","status":"publish","type":"post","link":"https:\/\/lasentinelle.dz\/index.php\/2026\/08\/29\/face-aux-guerres-de-linformation-plaidoyer-pour-un-recit-national-offensif\/","title":{"rendered":"Face aux guerres de l&rsquo;information\u00a0: Plaidoyer pour un r\u00e9cit national offensif"},"content":{"rendered":"\n<p class=\"wp-block-paragraph\">La premi\u00e8re Universit\u00e9 d&rsquo;\u00e9t\u00e9 de l&rsquo;Organisation nationale des journalistes alg\u00e9riens, tenue deux jours durant \u00e0 Oran autour du th\u00e8me \u00ab\u00a0Les m\u00e9dias nationaux face aux guerres narratives\u00a0\u00bb, s&rsquo;est achev\u00e9e samedi sur un appel \u00e0 doter le pays d&rsquo;un r\u00e9cit national capable de r\u00e9sister aux guerres de l&rsquo;information et de s&rsquo;adapter aux bouleversements induits par l&rsquo;intelligence artificielle. Ouvrant les travaux vendredi, la pr\u00e9sidente de l&rsquo;Assembl\u00e9e populaire nationale, Mme Khalida Boufedeche, avait donn\u00e9 le ton de la rencontre par une allocution lue en son nom par le vice-pr\u00e9sident de l&rsquo;APN, Amine Allouche. Elle a estim\u00e9 que faire face aux guerres des r\u00e9cits impose de \u00ab\u00a0passer de la phase de d\u00e9fense et de r\u00e9action \u00e0 celle de l&rsquo;initiative et de l&rsquo;anticipation\u00a0\u00bb, \u00e0 travers un r\u00e9cit national fond\u00e9 sur la cr\u00e9dibilit\u00e9 du contenu et la rapidit\u00e9 d&rsquo;ex\u00e9cution. Selon elle, le monde traverse des conflits o\u00f9 l&rsquo;affrontement \u00ab\u00a0ne se limite plus \u00e0 l&rsquo;influence de l&rsquo;opinion publique\u00a0\u00bb mais s&rsquo;\u00e9tend \u00e0 la formation des perceptions et \u00e0 la construction des repr\u00e9sentations mentales. Compte tenu de sa position au carrefour de l&rsquo;Afrique du Nord, du Sahel et de la M\u00e9diterran\u00e9e, l&rsquo;Alg\u00e9rie a besoin, a-t-elle ajout\u00e9, d&rsquo;un \u00ab\u00a0r\u00e9cit souverain\u00a0\u00bb portant clairement sa vision face \u00e0 un environnement r\u00e9gional complexe.<\/p>\n\n\n\n<p class=\"wp-block-paragraph\">Les ateliers qui ont suivi ont approfondi cette r\u00e9flexion sur les guerres dites de quatri\u00e8me g\u00e9n\u00e9ration. Le Dr Ahmed Bens\u00e2ada, qui animait l&rsquo;atelier \u00ab\u00a0Les guerres cognitives, le cerveau comme nouveau champ de bataille\u00a0\u00bb, a rappel\u00e9 que ce type de guerre mobilise d\u00e9sormais des cellules sp\u00e9cialis\u00e9es au sein de grandes puissances, et qu&rsquo;il ne s&rsquo;agit plus seulement de modifier l&rsquo;information mais \u00ab\u00a0d&rsquo;influencer la mani\u00e8re dont les individus pensent et de fa\u00e7onner leurs positions et leurs convictions\u00a0\u00bb. Il a plaid\u00e9 pour une formation des journalistes croisant psychologie, sociologie, intelligence artificielle et analyse des m\u00e9gadonn\u00e9es.<\/p>\n\n\n\n<p class=\"wp-block-paragraph\">Le pr\u00e9sident de l&rsquo;organisation, Slimane Abdouche, a de son c\u00f4t\u00e9 estim\u00e9 que la bataille m\u00e9diatique n&rsquo;est plus une simple transmission de l&rsquo;information mais \u00ab\u00a0une v\u00e9ritable bataille pour les esprits, la conscience et la fabrication de l&rsquo;opinion publique\u00a0\u00bb, avertissant qu'\u00a0\u00bbune image tronqu\u00e9e, une information erron\u00e9e ou des comptes fictifs peuvent contribuer \u00e0 fabriquer un r\u00e9cit complet\u00a0\u00bb difficile \u00e0 corriger. Le secr\u00e9taire g\u00e9n\u00e9ral de l&rsquo;Union des travailleurs sahraouis, Nefa\u00e2 Ahmed, a pour sa part salu\u00e9 le r\u00f4le de l&rsquo;Alg\u00e9rie comme soutien constant aux causes sahraouie et palestinienne.<\/p>\n\n\n\n<p class=\"wp-block-paragraph\">Au terme des travaux, les participants ont insist\u00e9 sur la n\u00e9cessit\u00e9 d&rsquo;accompagner les transformations li\u00e9es \u00e0 l&rsquo;intelligence artificielle, appelant \u00e0 des r\u00e8gles professionnelles et \u00e9thiques encadrant son usage dans la v\u00e9rification et la production de contenus, et \u00e0 une vigilance accrue face aux contenus synth\u00e9tiques. Ils ont recommand\u00e9 de renforcer la formation des jeunes journalistes \u00e0 la v\u00e9rification num\u00e9rique, au journalisme de donn\u00e9es et \u00e0 l&rsquo;authentification des images, tout en d\u00e9veloppant le journalisme explicatif et les enqu\u00eates fond\u00e9es sur les faits. Les participants ont enfin souhait\u00e9 faire de cette universit\u00e9 d&rsquo;\u00e9t\u00e9 un rendez-vous annuel permanent.<\/p>\n\n\n\n<p class=\"wp-block-paragraph\">Chokri Hafed<\/p>\n","protected":false},"excerpt":{"rendered":"<p>La premi\u00e8re Universit\u00e9 d&rsquo;\u00e9t\u00e9 de l&rsquo;Organisation nationale des journalistes alg\u00e9riens, tenue deux jours durant \u00e0 Oran autour du th\u00e8me \u00ab\u00a0Les<\/p>\n","protected":false},"author":6,"featured_media":66627,"comment_status":"open","ping_status":"closed","sticky":false,"template":"","format":"standard","meta":{"colormag_page_container_layout":"default_layout","colormag_page_sidebar_layout":"default_layout","om_disable_all_campaigns":false,"_monsterinsights_skip_tracking":false,"footnotes":"","_wpscppro_dont_share_socialmedia":false,"_wpscppro_custom_social_share_image":0,"_facebook_share_type":"default","_twitter_share_type":"default","_linkedin_share_type":"default","_pinterest_share_type":"default","_linkedin_share_type_page":"","_instagram_share_type":"default","_medium_share_type":"default","_threads_share_type":"default","_google_business_share_type":"default","_bluesky_share_type":"default","_mastodon_share_type":"default","_selected_social_profile":[],"_wpsp_enable_custom_social_template":false,"_wpsp_social_scheduling":{"enabled":false,"datetime":null,"platforms":[],"status":"template_only","dateOption":"today","timeOption":"now","customDays":"","customHours":"","customDate":"","customTime":"","schedulingType":"absolute"},"_wpsp_active_default_template":true},"categories":[27],"tags":[],"class_list":["post-94561","post","type-post","status-publish","format-standard","has-post-thumbnail","hentry","category-actualite"],"aioseo_notices":[],"aioseo_head":"\n\t\t<!-- All in One SEO 5.0.0.1 - aioseo.com -->\n\t<meta name=\"description\" content=\"La premi\u00e8re Universit\u00e9 d&#039;\u00e9t\u00e9 de l&#039;Organisation nationale des journalistes alg\u00e9riens, tenue deux jours durant \u00e0 Oran autour du th\u00e8me &quot;Les m\u00e9dias nationaux face aux guerres narratives&quot;, s&#039;est achev\u00e9e samedi sur un appel \u00e0 doter le pays d&#039;un r\u00e9cit national capable de r\u00e9sister aux guerres de l&#039;information et de s&#039;adapter aux bouleversements induits par l&#039;intelligence artificielle.\" \/>\n\t<meta name=\"robots\" content=\"max-image-preview:large\" \/>\n\t<meta name=\"author\" content=\"admin\"\/>\n\t<link rel=\"canonical\" href=\"https:\/\/lasentinelle.dz\/index.php\/2026\/08\/29\/face-aux-guerres-de-linformation-plaidoyer-pour-un-recit-national-offensif\/\" \/>\n\t<meta name=\"generator\" content=\"All in One SEO (AIOSEO) 5.0.0.1\" \/>\n\t\t<meta property=\"og:locale\" content=\"fr_FR\" \/>\n\t\t<meta property=\"og:site_name\" content=\"La Sentinelle - Quotidien national d&#039;information\" \/>\n\t\t<meta property=\"og:type\" content=\"article\" \/>\n\t\t<meta property=\"og:title\" content=\"Face aux guerres de l\u2019information : Plaidoyer pour un r\u00e9cit national offensif - La Sentinelle\" \/>\n\t\t<meta property=\"og:description\" content=\"La premi\u00e8re Universit\u00e9 d&#039;\u00e9t\u00e9 de l&#039;Organisation nationale des journalistes alg\u00e9riens, tenue deux jours durant \u00e0 Oran autour du th\u00e8me &quot;Les m\u00e9dias nationaux face aux guerres narratives&quot;, s&#039;est achev\u00e9e samedi sur un appel \u00e0 doter le pays d&#039;un r\u00e9cit national capable de r\u00e9sister aux guerres de l&#039;information et de s&#039;adapter aux bouleversements induits par l&#039;intelligence artificielle.\" \/>\n\t\t<meta property=\"og:url\" content=\"https:\/\/lasentinelle.dz\/index.php\/2026\/08\/29\/face-aux-guerres-de-linformation-plaidoyer-pour-un-recit-national-offensif\/\" \/>\n\t\t<meta property=\"og:image\" content=\"https:\/\/lasentinelle.dz\/wp-content\/uploads\/2021\/09\/cropped-la-sentinelle-earth-golden-anima-5.gif\" \/>\n\t\t<meta property=\"og:image:secure_url\" content=\"https:\/\/lasentinelle.dz\/wp-content\/uploads\/2021\/09\/cropped-la-sentinelle-earth-golden-anima-5.gif\" \/>\n\t\t<meta property=\"og:image:width\" content=\"450\" \/>\n\t\t<meta property=\"og:image:height\" content=\"213\" \/>\n\t\t<meta property=\"article:published_time\" content=\"2026-08-29T20:50:13+00:00\" \/>\n\t\t<meta property=\"article:modified_time\" content=\"2026-08-29T20:50:19+00:00\" \/>\n\t\t<meta property=\"article:publisher\" content=\"https:\/\/www.facebook.com\/azzedine.lasentinelle.1\" \/>\n\t\t<meta name=\"twitter:card\" content=\"summary_large_image\" \/>\n\t\t<meta name=\"twitter:title\" content=\"Face aux guerres de l\u2019information : Plaidoyer pour un r\u00e9cit national offensif - La Sentinelle\" \/>\n\t\t<meta name=\"twitter:description\" content=\"La premi\u00e8re Universit\u00e9 d&#039;\u00e9t\u00e9 de l&#039;Organisation nationale des journalistes alg\u00e9riens, tenue deux jours durant \u00e0 Oran autour du th\u00e8me &quot;Les m\u00e9dias nationaux face aux guerres narratives&quot;, s&#039;est achev\u00e9e samedi sur un appel \u00e0 doter le pays d&#039;un r\u00e9cit national capable de r\u00e9sister aux guerres de l&#039;information et de s&#039;adapter aux bouleversements induits par l&#039;intelligence artificielle.\" \/>\n\t\t<meta name=\"twitter:image\" content=\"https:\/\/lasentinelle.dz\/wp-content\/uploads\/2021\/09\/cropped-la-sentinelle-earth-golden-anima-5.gif\" \/>\n\t\t<script type=\"application\/ld+json\" class=\"aioseo-schema\">\n\t\t\t{\"@context\":\"https:\\\/\\\/schema.org\",\"@graph\":[{\"@type\":\"BlogPosting\",\"@id\":\"https:\\\/\\\/lasentinelle.dz\\\/index.php\\\/2026\\\/08\\\/29\\\/face-aux-guerres-de-linformation-plaidoyer-pour-un-recit-national-offensif\\\/#blogposting\",\"name\":\"Face aux guerres de l\\u2019information : Plaidoyer pour un r\\u00e9cit national offensif - La Sentinelle\",\"headline\":\"Face aux guerres de l&rsquo;information\\u00a0: Plaidoyer pour un r\\u00e9cit national offensif\",\"author\":{\"@id\":\"https:\\\/\\\/lasentinelle.dz\\\/author\\\/admin\\\/#author\"},\"publisher\":{\"@id\":\"https:\\\/\\\/lasentinelle.dz\\\/#organization\"},\"image\":{\"@type\":\"ImageObject\",\"url\":\"https:\\\/\\\/lasentinelle.dz\\\/wp-content\\\/uploads\\\/2025\\\/04\\\/desinformation.jpeg\",\"width\":900,\"height\":600,\"caption\":\"Fake news, false information fly into a person. Information war, hybrid war, war in the media space. Cyber warfare, DDoS attack, fakes, hackers and cybercrime, phishing, propaganda\"},\"datePublished\":\"2026-08-29T21:50:13+01:00\",\"dateModified\":\"2026-08-29T21:50:19+01:00\",\"inLanguage\":\"fr-FR\",\"mainEntityOfPage\":{\"@id\":\"https:\\\/\\\/lasentinelle.dz\\\/index.php\\\/2026\\\/08\\\/29\\\/face-aux-guerres-de-linformation-plaidoyer-pour-un-recit-national-offensif\\\/#webpage\"},\"isPartOf\":{\"@id\":\"https:\\\/\\\/lasentinelle.dz\\\/index.php\\\/2026\\\/08\\\/29\\\/face-aux-guerres-de-linformation-plaidoyer-pour-un-recit-national-offensif\\\/#webpage\"},\"articleSection\":\"Actualit\\u00e9\"},{\"@type\":\"BreadcrumbList\",\"@id\":\"https:\\\/\\\/lasentinelle.dz\\\/index.php\\\/2026\\\/08\\\/29\\\/face-aux-guerres-de-linformation-plaidoyer-pour-un-recit-national-offensif\\\/#breadcrumblist\",\"itemListElement\":[{\"@type\":\"ListItem\",\"@id\":\"https:\\\/\\\/lasentinelle.dz#listItem\",\"position\":1,\"name\":\"Home\",\"item\":\"https:\\\/\\\/lasentinelle.dz\",\"nextItem\":{\"@type\":\"ListItem\",\"@id\":\"https:\\\/\\\/lasentinelle.dz\\\/index.php\\\/category\\\/actualite\\\/#listItem\",\"name\":\"Actualit\\u00e9\"}},{\"@type\":\"ListItem\",\"@id\":\"https:\\\/\\\/lasentinelle.dz\\\/index.php\\\/category\\\/actualite\\\/#listItem\",\"position\":2,\"name\":\"Actualit\\u00e9\",\"item\":\"https:\\\/\\\/lasentinelle.dz\\\/index.php\\\/category\\\/actualite\\\/\",\"nextItem\":{\"@type\":\"ListItem\",\"@id\":\"https:\\\/\\\/lasentinelle.dz\\\/index.php\\\/2026\\\/08\\\/29\\\/face-aux-guerres-de-linformation-plaidoyer-pour-un-recit-national-offensif\\\/#listItem\",\"name\":\"Face aux guerres de l&rsquo;information\\u00a0: Plaidoyer pour un r\\u00e9cit national offensif\"},\"previousItem\":{\"@type\":\"ListItem\",\"@id\":\"https:\\\/\\\/lasentinelle.dz#listItem\",\"name\":\"Home\"}},{\"@type\":\"ListItem\",\"@id\":\"https:\\\/\\\/lasentinelle.dz\\\/index.php\\\/2026\\\/08\\\/29\\\/face-aux-guerres-de-linformation-plaidoyer-pour-un-recit-national-offensif\\\/#listItem\",\"position\":3,\"name\":\"Face aux guerres de l&rsquo;information\\u00a0: Plaidoyer pour un r\\u00e9cit national offensif\",\"previousItem\":{\"@type\":\"ListItem\",\"@id\":\"https:\\\/\\\/lasentinelle.dz\\\/index.php\\\/category\\\/actualite\\\/#listItem\",\"name\":\"Actualit\\u00e9\"}}]},{\"@type\":\"Organization\",\"@id\":\"https:\\\/\\\/lasentinelle.dz\\\/#organization\",\"name\":\"La Sentinelle La Sentinelle\",\"description\":\"Quotidien national d'information\",\"url\":\"https:\\\/\\\/lasentinelle.dz\\\/\",\"logo\":{\"@type\":\"ImageObject\",\"url\":\"https:\\\/\\\/lasentinelle.dz\\\/wp-content\\\/uploads\\\/2021\\\/09\\\/cropped-la-sentinelle-earth-golden-anima-5.gif\",\"@id\":\"https:\\\/\\\/lasentinelle.dz\\\/index.php\\\/2026\\\/08\\\/29\\\/face-aux-guerres-de-linformation-plaidoyer-pour-un-recit-national-offensif\\\/#organizationLogo\",\"width\":450,\"height\":213},\"image\":{\"@id\":\"https:\\\/\\\/lasentinelle.dz\\\/index.php\\\/2026\\\/08\\\/29\\\/face-aux-guerres-de-linformation-plaidoyer-pour-un-recit-national-offensif\\\/#organizationLogo\"},\"sameAs\":[\"https:\\\/\\\/www.facebook.com\\\/azzedine.lasentinelle.1\"]},{\"@type\":\"Person\",\"@id\":\"https:\\\/\\\/lasentinelle.dz\\\/author\\\/admin\\\/#author\",\"url\":\"https:\\\/\\\/lasentinelle.dz\\\/author\\\/admin\\\/\",\"name\":\"admin\",\"image\":{\"@type\":\"ImageObject\",\"@id\":\"https:\\\/\\\/lasentinelle.dz\\\/index.php\\\/2026\\\/08\\\/29\\\/face-aux-guerres-de-linformation-plaidoyer-pour-un-recit-national-offensif\\\/#authorImage\",\"url\":\"https:\\\/\\\/secure.gravatar.com\\\/avatar\\\/4c81fed838786e9b53f540bf46533e750f5d292099ae3b66cfc6fb1982e29df7?s=96&d=mm&r=g\",\"width\":96,\"height\":96,\"caption\":\"admin\"}},{\"@type\":\"WebPage\",\"@id\":\"https:\\\/\\\/lasentinelle.dz\\\/index.php\\\/2026\\\/08\\\/29\\\/face-aux-guerres-de-linformation-plaidoyer-pour-un-recit-national-offensif\\\/#webpage\",\"url\":\"https:\\\/\\\/lasentinelle.dz\\\/index.php\\\/2026\\\/08\\\/29\\\/face-aux-guerres-de-linformation-plaidoyer-pour-un-recit-national-offensif\\\/\",\"name\":\"Face aux guerres de l\\u2019information : Plaidoyer pour un r\\u00e9cit national offensif - La Sentinelle\",\"description\":\"La premi\\u00e8re Universit\\u00e9 d'\\u00e9t\\u00e9 de l'Organisation nationale des journalistes alg\\u00e9riens, tenue deux jours durant \\u00e0 Oran autour du th\\u00e8me \\\"Les m\\u00e9dias nationaux face aux guerres narratives\\\", s'est achev\\u00e9e samedi sur un appel \\u00e0 doter le pays d'un r\\u00e9cit national capable de r\\u00e9sister aux guerres de l'information et de s'adapter aux bouleversements induits par l'intelligence artificielle.\",\"inLanguage\":\"fr-FR\",\"isPartOf\":{\"@id\":\"https:\\\/\\\/lasentinelle.dz\\\/#website\"},\"breadcrumb\":{\"@id\":\"https:\\\/\\\/lasentinelle.dz\\\/index.php\\\/2026\\\/08\\\/29\\\/face-aux-guerres-de-linformation-plaidoyer-pour-un-recit-national-offensif\\\/#breadcrumblist\"},\"author\":{\"@id\":\"https:\\\/\\\/lasentinelle.dz\\\/author\\\/admin\\\/#author\"},\"creator\":{\"@id\":\"https:\\\/\\\/lasentinelle.dz\\\/author\\\/admin\\\/#author\"},\"image\":{\"@type\":\"ImageObject\",\"url\":\"https:\\\/\\\/lasentinelle.dz\\\/wp-content\\\/uploads\\\/2025\\\/04\\\/desinformation.jpeg\",\"@id\":\"https:\\\/\\\/lasentinelle.dz\\\/index.php\\\/2026\\\/08\\\/29\\\/face-aux-guerres-de-linformation-plaidoyer-pour-un-recit-national-offensif\\\/#mainImage\",\"width\":900,\"height\":600,\"caption\":\"Fake news, false information fly into a person. Information war, hybrid war, war in the media space. Cyber warfare, DDoS attack, fakes, hackers and cybercrime, phishing, propaganda\"},\"primaryImageOfPage\":{\"@id\":\"https:\\\/\\\/lasentinelle.dz\\\/index.php\\\/2026\\\/08\\\/29\\\/face-aux-guerres-de-linformation-plaidoyer-pour-un-recit-national-offensif\\\/#mainImage\"},\"datePublished\":\"2026-08-29T21:50:13+01:00\",\"dateModified\":\"2026-08-29T21:50:19+01:00\"},{\"@type\":\"WebSite\",\"@id\":\"https:\\\/\\\/lasentinelle.dz\\\/#website\",\"url\":\"https:\\\/\\\/lasentinelle.dz\\\/\",\"name\":\"La Sentinelle\",\"description\":\"Quotidien national d'information\",\"inLanguage\":\"fr-FR\",\"publisher\":{\"@id\":\"https:\\\/\\\/lasentinelle.dz\\\/#organization\"}}]}\n\t\t<\/script>\n\t\t<!-- All in One SEO -->\n\n","aioseo_head_json":{"title":"Face aux guerres de l\u2019information : Plaidoyer pour un r\u00e9cit national offensif - La Sentinelle","description":"La premi\u00e8re Universit\u00e9 d'\u00e9t\u00e9 de l'Organisation nationale des journalistes alg\u00e9riens, tenue deux jours durant \u00e0 Oran autour du th\u00e8me \"Les m\u00e9dias nationaux face aux guerres narratives\", s'est achev\u00e9e samedi sur un appel \u00e0 doter le pays d'un r\u00e9cit national capable de r\u00e9sister aux guerres de l'information et de s'adapter aux bouleversements induits par l'intelligence artificielle.","canonical_url":"https:\/\/lasentinelle.dz\/index.php\/2026\/08\/29\/face-aux-guerres-de-linformation-plaidoyer-pour-un-recit-national-offensif\/","robots":"max-image-preview:large","keywords":"","webmasterTools":{"miscellaneous":""},"schema":{"@context":"https:\/\/schema.org","@graph":[{"@type":"BlogPosting","@id":"https:\/\/lasentinelle.dz\/index.php\/2026\/08\/29\/face-aux-guerres-de-linformation-plaidoyer-pour-un-recit-national-offensif\/#blogposting","name":"Face aux guerres de l\u2019information : Plaidoyer pour un r\u00e9cit national offensif - La Sentinelle","headline":"Face aux guerres de l&rsquo;information\u00a0: Plaidoyer pour un r\u00e9cit national offensif","author":{"@id":"https:\/\/lasentinelle.dz\/author\/admin\/#author"},"publisher":{"@id":"https:\/\/lasentinelle.dz\/#organization"},"image":{"@type":"ImageObject","url":"https:\/\/lasentinelle.dz\/wp-content\/uploads\/2025\/04\/desinformation.jpeg","width":900,"height":600,"caption":"Fake news, false information fly into a person. Information war, hybrid war, war in the media space. Cyber warfare, DDoS attack, fakes, hackers and cybercrime, phishing, propaganda"},"datePublished":"2026-08-29T21:50:13+01:00","dateModified":"2026-08-29T21:50:19+01:00","inLanguage":"fr-FR","mainEntityOfPage":{"@id":"https:\/\/lasentinelle.dz\/index.php\/2026\/08\/29\/face-aux-guerres-de-linformation-plaidoyer-pour-un-recit-national-offensif\/#webpage"},"isPartOf":{"@id":"https:\/\/lasentinelle.dz\/index.php\/2026\/08\/29\/face-aux-guerres-de-linformation-plaidoyer-pour-un-recit-national-offensif\/#webpage"},"articleSection":"Actualit\u00e9"},{"@type":"BreadcrumbList","@id":"https:\/\/lasentinelle.dz\/index.php\/2026\/08\/29\/face-aux-guerres-de-linformation-plaidoyer-pour-un-recit-national-offensif\/#breadcrumblist","itemListElement":[{"@type":"ListItem","@id":"https:\/\/lasentinelle.dz#listItem","position":1,"name":"Home","item":"https:\/\/lasentinelle.dz","nextItem":{"@type":"ListItem","@id":"https:\/\/lasentinelle.dz\/index.php\/category\/actualite\/#listItem","name":"Actualit\u00e9"}},{"@type":"ListItem","@id":"https:\/\/lasentinelle.dz\/index.php\/category\/actualite\/#listItem","position":2,"name":"Actualit\u00e9","item":"https:\/\/lasentinelle.dz\/index.php\/category\/actualite\/","nextItem":{"@type":"ListItem","@id":"https:\/\/lasentinelle.dz\/index.php\/2026\/08\/29\/face-aux-guerres-de-linformation-plaidoyer-pour-un-recit-national-offensif\/#listItem","name":"Face aux guerres de l&rsquo;information\u00a0: Plaidoyer pour un r\u00e9cit national offensif"},"previousItem":{"@type":"ListItem","@id":"https:\/\/lasentinelle.dz#listItem","name":"Home"}},{"@type":"ListItem","@id":"https:\/\/lasentinelle.dz\/index.php\/2026\/08\/29\/face-aux-guerres-de-linformation-plaidoyer-pour-un-recit-national-offensif\/#listItem","position":3,"name":"Face aux guerres de l&rsquo;information\u00a0: Plaidoyer pour un r\u00e9cit national offensif","previousItem":{"@type":"ListItem","@id":"https:\/\/lasentinelle.dz\/index.php\/category\/actualite\/#listItem","name":"Actualit\u00e9"}}]},{"@type":"Organization","@id":"https:\/\/lasentinelle.dz\/#organization","name":"La Sentinelle La Sentinelle","description":"Quotidien national d'information","url":"https:\/\/lasentinelle.dz\/","logo":{"@type":"ImageObject","url":"https:\/\/lasentinelle.dz\/wp-content\/uploads\/2021\/09\/cropped-la-sentinelle-earth-golden-anima-5.gif","@id":"https:\/\/lasentinelle.dz\/index.php\/2026\/08\/29\/face-aux-guerres-de-linformation-plaidoyer-pour-un-recit-national-offensif\/#organizationLogo","width":450,"height":213},"image":{"@id":"https:\/\/lasentinelle.dz\/index.php\/2026\/08\/29\/face-aux-guerres-de-linformation-plaidoyer-pour-un-recit-national-offensif\/#organizationLogo"},"sameAs":["https:\/\/www.facebook.com\/azzedine.lasentinelle.1"]},{"@type":"Person","@id":"https:\/\/lasentinelle.dz\/author\/admin\/#author","url":"https:\/\/lasentinelle.dz\/author\/admin\/","name":"admin","image":{"@type":"ImageObject","@id":"https:\/\/lasentinelle.dz\/index.php\/2026\/08\/29\/face-aux-guerres-de-linformation-plaidoyer-pour-un-recit-national-offensif\/#authorImage","url":"https:\/\/secure.gravatar.com\/avatar\/4c81fed838786e9b53f540bf46533e750f5d292099ae3b66cfc6fb1982e29df7?s=96&d=mm&r=g","width":96,"height":96,"caption":"admin"}},{"@type":"WebPage","@id":"https:\/\/lasentinelle.dz\/index.php\/2026\/08\/29\/face-aux-guerres-de-linformation-plaidoyer-pour-un-recit-national-offensif\/#webpage","url":"https:\/\/lasentinelle.dz\/index.php\/2026\/08\/29\/face-aux-guerres-de-linformation-plaidoyer-pour-un-recit-national-offensif\/","name":"Face aux guerres de l\u2019information : Plaidoyer pour un r\u00e9cit national offensif - La Sentinelle","description":"La premi\u00e8re Universit\u00e9 d'\u00e9t\u00e9 de l'Organisation nationale des journalistes alg\u00e9riens, tenue deux jours durant \u00e0 Oran autour du th\u00e8me \"Les m\u00e9dias nationaux face aux guerres narratives\", s'est achev\u00e9e samedi sur un appel \u00e0 doter le pays d'un r\u00e9cit national capable de r\u00e9sister aux guerres de l'information et de s'adapter aux bouleversements induits par l'intelligence artificielle.","inLanguage":"fr-FR","isPartOf":{"@id":"https:\/\/lasentinelle.dz\/#website"},"breadcrumb":{"@id":"https:\/\/lasentinelle.dz\/index.php\/2026\/08\/29\/face-aux-guerres-de-linformation-plaidoyer-pour-un-recit-national-offensif\/#breadcrumblist"},"author":{"@id":"https:\/\/lasentinelle.dz\/author\/admin\/#author"},"creator":{"@id":"https:\/\/lasentinelle.dz\/author\/admin\/#author"},"image":{"@type":"ImageObject","url":"https:\/\/lasentinelle.dz\/wp-content\/uploads\/2025\/04\/desinformation.jpeg","@id":"https:\/\/lasentinelle.dz\/index.php\/2026\/08\/29\/face-aux-guerres-de-linformation-plaidoyer-pour-un-recit-national-offensif\/#mainImage","width":900,"height":600,"caption":"Fake news, false information fly into a person. Information war, hybrid war, war in the media space. Cyber warfare, DDoS attack, fakes, hackers and cybercrime, phishing, propaganda"},"primaryImageOfPage":{"@id":"https:\/\/lasentinelle.dz\/index.php\/2026\/08\/29\/face-aux-guerres-de-linformation-plaidoyer-pour-un-recit-national-offensif\/#mainImage"},"datePublished":"2026-08-29T21:50:13+01:00","dateModified":"2026-08-29T21:50:19+01:00"},{"@type":"WebSite","@id":"https:\/\/lasentinelle.dz\/#website","url":"https:\/\/lasentinelle.dz\/","name":"La Sentinelle","description":"Quotidien national d'information","inLanguage":"fr-FR","publisher":{"@id":"https:\/\/lasentinelle.dz\/#organization"}}]},"og:locale":"fr_FR","og:site_name":"La Sentinelle - Quotidien national d'information","og:type":"article","og:title":"Face aux guerres de l\u2019information : Plaidoyer pour un r\u00e9cit national offensif - La Sentinelle","og:description":"La premi\u00e8re Universit\u00e9 d'\u00e9t\u00e9 de l'Organisation nationale des journalistes alg\u00e9riens, tenue deux jours durant \u00e0 Oran autour du th\u00e8me &quot;Les m\u00e9dias nationaux face aux guerres narratives&quot;, s'est achev\u00e9e samedi sur un appel \u00e0 doter le pays d'un r\u00e9cit national capable de r\u00e9sister aux guerres de l'information et de s'adapter aux bouleversements induits par l'intelligence artificielle.","og:url":"https:\/\/lasentinelle.dz\/index.php\/2026\/08\/29\/face-aux-guerres-de-linformation-plaidoyer-pour-un-recit-national-offensif\/","og:image":"https:\/\/lasentinelle.dz\/wp-content\/uploads\/2021\/09\/cropped-la-sentinelle-earth-golden-anima-5.gif","og:image:secure_url":"https:\/\/lasentinelle.dz\/wp-content\/uploads\/2021\/09\/cropped-la-sentinelle-earth-golden-anima-5.gif","og:image:width":450,"og:image:height":213,"article:published_time":"2026-08-29T20:50:13+00:00","article:modified_time":"2026-08-29T20:50:19+00:00","article:publisher":"https:\/\/www.facebook.com\/azzedine.lasentinelle.1","twitter:card":"summary_large_image","twitter:title":"Face aux guerres de l\u2019information : Plaidoyer pour un r\u00e9cit national offensif - La Sentinelle","twitter:description":"La premi\u00e8re Universit\u00e9 d'\u00e9t\u00e9 de l'Organisation nationale des journalistes alg\u00e9riens, tenue deux jours durant \u00e0 Oran autour du th\u00e8me &quot;Les m\u00e9dias nationaux face aux guerres narratives&quot;, s'est achev\u00e9e samedi sur un appel \u00e0 doter le pays d'un r\u00e9cit national capable de r\u00e9sister aux guerres de l'information et de s'adapter aux bouleversements induits par l'intelligence artificielle.","twitter:image":"https:\/\/lasentinelle.dz\/wp-content\/uploads\/2021\/09\/cropped-la-sentinelle-earth-golden-anima-5.gif"},"aioseo_meta_data":{"post_id":"94561","title":null,"description":null,"keywords":null,"keyphrases":{"focus":{"keyphrase":"","score":0,"analysis":{"keyphraseInTitle":{"score":0,"maxScore":9,"error":1}}},"additional":[]},"primary_term":null,"canonical_url":null,"og_title":null,"og_description":null,"og_object_type":"default","og_image_type":"default","og_image_url":null,"og_image_width":null,"og_image_height":null,"og_image_custom_url":null,"og_image_custom_fields":null,"og_video":"","og_custom_url":null,"og_article_section":null,"og_article_tags":null,"twitter_use_og":false,"twitter_card":"default","twitter_image_type":"default","twitter_image_url":null,"twitter_image_custom_url":null,"twitter_image_custom_fields":null,"twitter_title":null,"twitter_description":null,"schema":{"blockGraphs":[],"customGraphs":[],"default":{"data":{"Article":[],"Course":[],"Dataset":[],"FAQPage":[],"Movie":[],"Person":[],"Product":[],"ProductReview":[],"Car":[],"Recipe":[],"Service":[],"SoftwareApplication":[],"WebPage":[]},"graphName":"BlogPosting","isEnabled":true},"graphs":[]},"schema_type":"default","schema_type_options":null,"pillar_content":false,"robots_default":true,"robots_noindex":false,"robots_noarchive":false,"robots_nosnippet":false,"robots_nofollow":false,"robots_noimageindex":false,"robots_noodp":false,"robots_notranslate":false,"robots_max_snippet":"-1","robots_max_videopreview":"-1","robots_max_imagepreview":"large","priority":null,"frequency":"default","local_seo":null,"breadcrumb_settings":null,"limit_modified_date":false,"ai":{"faqs":[],"keyPoints":[],"schemas":[],"titles":[],"descriptions":[],"socialPosts":{"email":{"subject":"","preview":"","content":""},"linkedin":[],"twitter":[],"facebook":[],"instagram":[]}},"created":"2026-08-29 20:50:21","updated":"2026-08-29 22:01:39","focus_keyword":null,"additional_keywords":null,"truseo_locale":null,"seo_analyzer_scan_date":null},"aioseo_breadcrumb":"<div class=\"aioseo-breadcrumbs\"><span class=\"aioseo-breadcrumb\">\n\t\t\t<a href=\"https:\/\/lasentinelle.dz\" title=\"Home\">Home<\/a>\n\t\t<\/span><span class=\"aioseo-breadcrumb-separator\">&raquo;<\/span><span class=\"aioseo-breadcrumb\">\n\t\t\t<a href=\"https:\/\/lasentinelle.dz\/index.php\/category\/actualite\/\" title=\"Actualit\u00e9\">Actualit\u00e9<\/a>\n\t\t<\/span><span class=\"aioseo-breadcrumb-separator\">&raquo;<\/span><span class=\"aioseo-breadcrumb\">\n\t\t\tFace aux guerres de l\u2019information : Plaidoyer pour un r\u00e9cit national offensif\n\t\t<\/span><\/div>","aioseo_breadcrumb_json":[{"label":"Home","link":"https:\/\/lasentinelle.dz"},{"label":"Actualit\u00e9","link":"https:\/\/lasentinelle.dz\/index.php\/category\/actualite\/"},{"label":"Face aux guerres de l&rsquo;information\u00a0: Plaidoyer pour un r\u00e9cit national offensif","link":"https:\/\/lasentinelle.dz\/index.php\/2026\/08\/29\/face-aux-guerres-de-linformation-plaidoyer-pour-un-recit-national-offensif\/"}],"yoast_head":"<!-- This site is optimized with the Yoast SEO plugin v28.3 - https:\/\/yoast.com\/product\/yoast-seo-wordpress\/ -->\n<title>Face aux guerres de l&rsquo;information\u00a0: Plaidoyer pour un r\u00e9cit national offensif - La Sentinelle<\/title>\n<meta name=\"robots\" content=\"index, follow, max-snippet:-1, max-image-preview:large, max-video-preview:-1\" \/>\n<link rel=\"canonical\" href=\"https:\/\/lasentinelle.dz\/index.php\/2026\/08\/29\/face-aux-guerres-de-linformation-plaidoyer-pour-un-recit-national-offensif\/\" \/>\n<meta property=\"og:locale\" content=\"fr_FR\" \/>\n<meta property=\"og:type\" content=\"article\" \/>\n<meta property=\"og:title\" content=\"Face aux guerres de l&rsquo;information\u00a0: Plaidoyer pour un r\u00e9cit national offensif - La Sentinelle\" \/>\n<meta property=\"og:description\" content=\"La premi\u00e8re Universit\u00e9 d&rsquo;\u00e9t\u00e9 de l&rsquo;Organisation nationale des journalistes alg\u00e9riens, tenue deux jours durant \u00e0 Oran autour du th\u00e8me \u00ab\u00a0Les\" \/>\n<meta property=\"og:url\" content=\"https:\/\/lasentinelle.dz\/index.php\/2026\/08\/29\/face-aux-guerres-de-linformation-plaidoyer-pour-un-recit-national-offensif\/\" \/>\n<meta property=\"og:site_name\" content=\"La Sentinelle\" \/>\n<meta property=\"article:publisher\" content=\"https:\/\/www.facebook.com\/La-Sentinelle-104059864394773\" \/>\n<meta property=\"article:published_time\" content=\"2026-08-29T20:50:13+00:00\" \/>\n<meta property=\"article:modified_time\" content=\"2026-08-29T20:50:19+00:00\" \/>\n<meta property=\"og:image\" content=\"https:\/\/lasentinelle.dz\/wp-content\/uploads\/2025\/04\/desinformation.jpeg\" \/>\n\t<meta property=\"og:image:width\" content=\"900\" \/>\n\t<meta property=\"og:image:height\" content=\"600\" \/>\n\t<meta property=\"og:image:type\" content=\"image\/jpeg\" \/>\n<meta name=\"author\" content=\"admin\" \/>\n<meta name=\"twitter:card\" content=\"summary_large_image\" \/>\n<meta name=\"twitter:label1\" content=\"\u00c9crit par\" \/>\n\t<meta name=\"twitter:data1\" content=\"admin\" \/>\n\t<meta name=\"twitter:label2\" content=\"Dur\u00e9e de lecture estim\u00e9e\" \/>\n\t<meta name=\"twitter:data2\" content=\"3 minutes\" \/>\n<script type=\"application\/ld+json\" class=\"yoast-schema-graph\">{\"@context\":\"https:\\\/\\\/schema.org\",\"@graph\":[{\"@type\":\"Article\",\"@id\":\"https:\\\/\\\/lasentinelle.dz\\\/index.php\\\/2026\\\/08\\\/29\\\/face-aux-guerres-de-linformation-plaidoyer-pour-un-recit-national-offensif\\\/#article\",\"isPartOf\":{\"@id\":\"https:\\\/\\\/lasentinelle.dz\\\/index.php\\\/2026\\\/08\\\/29\\\/face-aux-guerres-de-linformation-plaidoyer-pour-un-recit-national-offensif\\\/\"},\"author\":{\"name\":\"admin\",\"@id\":\"https:\\\/\\\/lasentinelle.dz\\\/#\\\/schema\\\/person\\\/729ee0024f24e0b8c5ec17232f8e8b41\"},\"headline\":\"Face aux guerres de l&rsquo;information\u00a0: Plaidoyer pour un r\u00e9cit national offensif\",\"datePublished\":\"2026-08-29T20:50:13+00:00\",\"dateModified\":\"2026-08-29T20:50:19+00:00\",\"mainEntityOfPage\":{\"@id\":\"https:\\\/\\\/lasentinelle.dz\\\/index.php\\\/2026\\\/08\\\/29\\\/face-aux-guerres-de-linformation-plaidoyer-pour-un-recit-national-offensif\\\/\"},\"wordCount\":564,\"commentCount\":0,\"publisher\":{\"@id\":\"https:\\\/\\\/lasentinelle.dz\\\/#organization\"},\"image\":{\"@id\":\"https:\\\/\\\/lasentinelle.dz\\\/index.php\\\/2026\\\/08\\\/29\\\/face-aux-guerres-de-linformation-plaidoyer-pour-un-recit-national-offensif\\\/#primaryimage\"},\"thumbnailUrl\":\"https:\\\/\\\/lasentinelle.dz\\\/wp-content\\\/uploads\\\/2025\\\/04\\\/desinformation.jpeg\",\"articleSection\":[\"Actualit\u00e9\"],\"inLanguage\":\"fr-FR\",\"potentialAction\":[{\"@type\":\"CommentAction\",\"name\":\"Comment\",\"target\":[\"https:\\\/\\\/lasentinelle.dz\\\/index.php\\\/2026\\\/08\\\/29\\\/face-aux-guerres-de-linformation-plaidoyer-pour-un-recit-national-offensif\\\/#respond\"]}]},{\"@type\":\"WebPage\",\"@id\":\"https:\\\/\\\/lasentinelle.dz\\\/index.php\\\/2026\\\/08\\\/29\\\/face-aux-guerres-de-linformation-plaidoyer-pour-un-recit-national-offensif\\\/\",\"url\":\"https:\\\/\\\/lasentinelle.dz\\\/index.php\\\/2026\\\/08\\\/29\\\/face-aux-guerres-de-linformation-plaidoyer-pour-un-recit-national-offensif\\\/\",\"name\":\"Face aux guerres de l&rsquo;information\u00a0: Plaidoyer pour un r\u00e9cit national offensif - La Sentinelle\",\"isPartOf\":{\"@id\":\"https:\\\/\\\/lasentinelle.dz\\\/#website\"},\"primaryImageOfPage\":{\"@id\":\"https:\\\/\\\/lasentinelle.dz\\\/index.php\\\/2026\\\/08\\\/29\\\/face-aux-guerres-de-linformation-plaidoyer-pour-un-recit-national-offensif\\\/#primaryimage\"},\"image\":{\"@id\":\"https:\\\/\\\/lasentinelle.dz\\\/index.php\\\/2026\\\/08\\\/29\\\/face-aux-guerres-de-linformation-plaidoyer-pour-un-recit-national-offensif\\\/#primaryimage\"},\"thumbnailUrl\":\"https:\\\/\\\/lasentinelle.dz\\\/wp-content\\\/uploads\\\/2025\\\/04\\\/desinformation.jpeg\",\"datePublished\":\"2026-08-29T20:50:13+00:00\",\"dateModified\":\"2026-08-29T20:50:19+00:00\",\"breadcrumb\":{\"@id\":\"https:\\\/\\\/lasentinelle.dz\\\/index.php\\\/2026\\\/08\\\/29\\\/face-aux-guerres-de-linformation-plaidoyer-pour-un-recit-national-offensif\\\/#breadcrumb\"},\"inLanguage\":\"fr-FR\",\"potentialAction\":[{\"@type\":\"ReadAction\",\"target\":[\"https:\\\/\\\/lasentinelle.dz\\\/index.php\\\/2026\\\/08\\\/29\\\/face-aux-guerres-de-linformation-plaidoyer-pour-un-recit-national-offensif\\\/\"]}]},{\"@type\":\"ImageObject\",\"inLanguage\":\"fr-FR\",\"@id\":\"https:\\\/\\\/lasentinelle.dz\\\/index.php\\\/2026\\\/08\\\/29\\\/face-aux-guerres-de-linformation-plaidoyer-pour-un-recit-national-offensif\\\/#primaryimage\",\"url\":\"https:\\\/\\\/lasentinelle.dz\\\/wp-content\\\/uploads\\\/2025\\\/04\\\/desinformation.jpeg\",\"contentUrl\":\"https:\\\/\\\/lasentinelle.dz\\\/wp-content\\\/uploads\\\/2025\\\/04\\\/desinformation.jpeg\",\"width\":900,\"height\":600,\"caption\":\"Fake news, false information fly into a person. Information war, hybrid war, war in the media space. Cyber warfare, DDoS attack, fakes, hackers and cybercrime, phishing, propaganda\"},{\"@type\":\"BreadcrumbList\",\"@id\":\"https:\\\/\\\/lasentinelle.dz\\\/index.php\\\/2026\\\/08\\\/29\\\/face-aux-guerres-de-linformation-plaidoyer-pour-un-recit-national-offensif\\\/#breadcrumb\",\"itemListElement\":[{\"@type\":\"ListItem\",\"position\":1,\"name\":\"Accueil\",\"item\":\"https:\\\/\\\/lasentinelle.dz\\\/\"},{\"@type\":\"ListItem\",\"position\":2,\"name\":\"Face aux guerres de l&rsquo;information\u00a0: Plaidoyer pour un r\u00e9cit national offensif\"}]},{\"@type\":\"WebSite\",\"@id\":\"https:\\\/\\\/lasentinelle.dz\\\/#website\",\"url\":\"https:\\\/\\\/lasentinelle.dz\\\/\",\"name\":\"La Sentinelle\",\"description\":\"Quotidien national d&#039;information\",\"publisher\":{\"@id\":\"https:\\\/\\\/lasentinelle.dz\\\/#organization\"},\"potentialAction\":[{\"@type\":\"SearchAction\",\"target\":{\"@type\":\"EntryPoint\",\"urlTemplate\":\"https:\\\/\\\/lasentinelle.dz\\\/?s={search_term_string}\"},\"query-input\":{\"@type\":\"PropertyValueSpecification\",\"valueRequired\":true,\"valueName\":\"search_term_string\"}}],\"inLanguage\":\"fr-FR\"},{\"@type\":\"Organization\",\"@id\":\"https:\\\/\\\/lasentinelle.dz\\\/#organization\",\"name\":\"Quotidien La Sentinelle\",\"url\":\"https:\\\/\\\/lasentinelle.dz\\\/\",\"logo\":{\"@type\":\"ImageObject\",\"inLanguage\":\"fr-FR\",\"@id\":\"https:\\\/\\\/lasentinelle.dz\\\/#\\\/schema\\\/logo\\\/image\\\/\",\"url\":\"https:\\\/\\\/lasentinelle.dz\\\/wp-content\\\/uploads\\\/2021\\\/09\\\/logo-sentinelleSLOGAN-1.png\",\"contentUrl\":\"https:\\\/\\\/lasentinelle.dz\\\/wp-content\\\/uploads\\\/2021\\\/09\\\/logo-sentinelleSLOGAN-1.png\",\"width\":615,\"height\":142,\"caption\":\"Quotidien La Sentinelle\"},\"image\":{\"@id\":\"https:\\\/\\\/lasentinelle.dz\\\/#\\\/schema\\\/logo\\\/image\\\/\"},\"sameAs\":[\"https:\\\/\\\/www.facebook.com\\\/La-Sentinelle-104059864394773\"]},{\"@type\":\"Person\",\"@id\":\"https:\\\/\\\/lasentinelle.dz\\\/#\\\/schema\\\/person\\\/729ee0024f24e0b8c5ec17232f8e8b41\",\"name\":\"admin\",\"image\":{\"@type\":\"ImageObject\",\"inLanguage\":\"fr-FR\",\"@id\":\"https:\\\/\\\/secure.gravatar.com\\\/avatar\\\/4c81fed838786e9b53f540bf46533e750f5d292099ae3b66cfc6fb1982e29df7?s=96&d=mm&r=g\",\"url\":\"https:\\\/\\\/secure.gravatar.com\\\/avatar\\\/4c81fed838786e9b53f540bf46533e750f5d292099ae3b66cfc6fb1982e29df7?s=96&d=mm&r=g\",\"contentUrl\":\"https:\\\/\\\/secure.gravatar.com\\\/avatar\\\/4c81fed838786e9b53f540bf46533e750f5d292099ae3b66cfc6fb1982e29df7?s=96&d=mm&r=g\",\"caption\":\"admin\"},\"description\":\"admin\",\"url\":\"https:\\\/\\\/lasentinelle.dz\\\/author\\\/admin\\\/\"}]}<\/script>\n<!-- \/ Yoast SEO plugin. -->","yoast_head_json":{"title":"Face aux guerres de l&rsquo;information\u00a0: Plaidoyer pour un r\u00e9cit national offensif - La Sentinelle","robots":{"index":"index","follow":"follow","max-snippet":"max-snippet:-1","max-image-preview":"max-image-preview:large","max-video-preview":"max-video-preview:-1"},"canonical":"https:\/\/lasentinelle.dz\/index.php\/2026\/08\/29\/face-aux-guerres-de-linformation-plaidoyer-pour-un-recit-national-offensif\/","og_locale":"fr_FR","og_type":"article","og_title":"Face aux guerres de l&rsquo;information\u00a0: Plaidoyer pour un r\u00e9cit national offensif - La Sentinelle","og_description":"La premi\u00e8re Universit\u00e9 d&rsquo;\u00e9t\u00e9 de l&rsquo;Organisation nationale des journalistes alg\u00e9riens, tenue deux jours durant \u00e0 Oran autour du th\u00e8me \u00ab\u00a0Les","og_url":"https:\/\/lasentinelle.dz\/index.php\/2026\/08\/29\/face-aux-guerres-de-linformation-plaidoyer-pour-un-recit-national-offensif\/","og_site_name":"La Sentinelle","article_publisher":"https:\/\/www.facebook.com\/La-Sentinelle-104059864394773","article_published_time":"2026-08-29T20:50:13+00:00","article_modified_time":"2026-08-29T20:50:19+00:00","og_image":[{"width":900,"height":600,"url":"https:\/\/lasentinelle.dz\/wp-content\/uploads\/2025\/04\/desinformation.jpeg","type":"image\/jpeg"}],"author":"admin","twitter_card":"summary_large_image","twitter_misc":{"\u00c9crit par":"admin","Dur\u00e9e de lecture estim\u00e9e":"3 minutes"},"schema":{"@context":"https:\/\/schema.org","@graph":[{"@type":"Article","@id":"https:\/\/lasentinelle.dz\/index.php\/2026\/08\/29\/face-aux-guerres-de-linformation-plaidoyer-pour-un-recit-national-offensif\/#article","isPartOf":{"@id":"https:\/\/lasentinelle.dz\/index.php\/2026\/08\/29\/face-aux-guerres-de-linformation-plaidoyer-pour-un-recit-national-offensif\/"},"author":{"name":"admin","@id":"https:\/\/lasentinelle.dz\/#\/schema\/person\/729ee0024f24e0b8c5ec17232f8e8b41"},"headline":"Face aux guerres de l&rsquo;information\u00a0: Plaidoyer pour un r\u00e9cit national offensif","datePublished":"2026-08-29T20:50:13+00:00","dateModified":"2026-08-29T20:50:19+00:00","mainEntityOfPage":{"@id":"https:\/\/lasentinelle.dz\/index.php\/2026\/08\/29\/face-aux-guerres-de-linformation-plaidoyer-pour-un-recit-national-offensif\/"},"wordCount":564,"commentCount":0,"publisher":{"@id":"https:\/\/lasentinelle.dz\/#organization"},"image":{"@id":"https:\/\/lasentinelle.dz\/index.php\/2026\/08\/29\/face-aux-guerres-de-linformation-plaidoyer-pour-un-recit-national-offensif\/#primaryimage"},"thumbnailUrl":"https:\/\/lasentinelle.dz\/wp-content\/uploads\/2025\/04\/desinformation.jpeg","articleSection":["Actualit\u00e9"],"inLanguage":"fr-FR","potentialAction":[{"@type":"CommentAction","name":"Comment","target":["https:\/\/lasentinelle.dz\/index.php\/2026\/08\/29\/face-aux-guerres-de-linformation-plaidoyer-pour-un-recit-national-offensif\/#respond"]}]},{"@type":"WebPage","@id":"https:\/\/lasentinelle.dz\/index.php\/2026\/08\/29\/face-aux-guerres-de-linformation-plaidoyer-pour-un-recit-national-offensif\/","url":"https:\/\/lasentinelle.dz\/index.php\/2026\/08\/29\/face-aux-guerres-de-linformation-plaidoyer-pour-un-recit-national-offensif\/","name":"Face aux guerres de l&rsquo;information\u00a0: Plaidoyer pour un r\u00e9cit national offensif - La Sentinelle","isPartOf":{"@id":"https:\/\/lasentinelle.dz\/#website"},"primaryImageOfPage":{"@id":"https:\/\/lasentinelle.dz\/index.php\/2026\/08\/29\/face-aux-guerres-de-linformation-plaidoyer-pour-un-recit-national-offensif\/#primaryimage"},"image":{"@id":"https:\/\/lasentinelle.dz\/index.php\/2026\/08\/29\/face-aux-guerres-de-linformation-plaidoyer-pour-un-recit-national-offensif\/#primaryimage"},"thumbnailUrl":"https:\/\/lasentinelle.dz\/wp-content\/uploads\/2025\/04\/desinformation.jpeg","datePublished":"2026-08-29T20:50:13+00:00","dateModified":"2026-08-29T20:50:19+00:00","breadcrumb":{"@id":"https:\/\/lasentinelle.dz\/index.php\/2026\/08\/29\/face-aux-guerres-de-linformation-plaidoyer-pour-un-recit-national-offensif\/#breadcrumb"},"inLanguage":"fr-FR","potentialAction":[{"@type":"ReadAction","target":["https:\/\/lasentinelle.dz\/index.php\/2026\/08\/29\/face-aux-guerres-de-linformation-plaidoyer-pour-un-recit-national-offensif\/"]}]},{"@type":"ImageObject","inLanguage":"fr-FR","@id":"https:\/\/lasentinelle.dz\/index.php\/2026\/08\/29\/face-aux-guerres-de-linformation-plaidoyer-pour-un-recit-national-offensif\/#primaryimage","url":"https:\/\/lasentinelle.dz\/wp-content\/uploads\/2025\/04\/desinformation.jpeg","contentUrl":"https:\/\/lasentinelle.dz\/wp-content\/uploads\/2025\/04\/desinformation.jpeg","width":900,"height":600,"caption":"Fake news, false information fly into a person. Information war, hybrid war, war in the media space. Cyber warfare, DDoS attack, fakes, hackers and cybercrime, phishing, propaganda"},{"@type":"BreadcrumbList","@id":"https:\/\/lasentinelle.dz\/index.php\/2026\/08\/29\/face-aux-guerres-de-linformation-plaidoyer-pour-un-recit-national-offensif\/#breadcrumb","itemListElement":[{"@type":"ListItem","position":1,"name":"Accueil","item":"https:\/\/lasentinelle.dz\/"},{"@type":"ListItem","position":2,"name":"Face aux guerres de l&rsquo;information\u00a0: Plaidoyer pour un r\u00e9cit national offensif"}]},{"@type":"WebSite","@id":"https:\/\/lasentinelle.dz\/#website","url":"https:\/\/lasentinelle.dz\/","name":"La Sentinelle","description":"Quotidien national d&#039;information","publisher":{"@id":"https:\/\/lasentinelle.dz\/#organization"},"potentialAction":[{"@type":"SearchAction","target":{"@type":"EntryPoint","urlTemplate":"https:\/\/lasentinelle.dz\/?s={search_term_string}"},"query-input":{"@type":"PropertyValueSpecification","valueRequired":true,"valueName":"search_term_string"}}],"inLanguage":"fr-FR"},{"@type":"Organization","@id":"https:\/\/lasentinelle.dz\/#organization","name":"Quotidien La Sentinelle","url":"https:\/\/lasentinelle.dz\/","logo":{"@type":"ImageObject","inLanguage":"fr-FR","@id":"https:\/\/lasentinelle.dz\/#\/schema\/logo\/image\/","url":"https:\/\/lasentinelle.dz\/wp-content\/uploads\/2021\/09\/logo-sentinelleSLOGAN-1.png","contentUrl":"https:\/\/lasentinelle.dz\/wp-content\/uploads\/2021\/09\/logo-sentinelleSLOGAN-1.png","width":615,"height":142,"caption":"Quotidien La Sentinelle"},"image":{"@id":"https:\/\/lasentinelle.dz\/#\/schema\/logo\/image\/"},"sameAs":["https:\/\/www.facebook.com\/La-Sentinelle-104059864394773"]},{"@type":"Person","@id":"https:\/\/lasentinelle.dz\/#\/schema\/person\/729ee0024f24e0b8c5ec17232f8e8b41","name":"admin","image":{"@type":"ImageObject","inLanguage":"fr-FR","@id":"https:\/\/secure.gravatar.com\/avatar\/4c81fed838786e9b53f540bf46533e750f5d292099ae3b66cfc6fb1982e29df7?s=96&d=mm&r=g","url":"https:\/\/secure.gravatar.com\/avatar\/4c81fed838786e9b53f540bf46533e750f5d292099ae3b66cfc6fb1982e29df7?s=96&d=mm&r=g","contentUrl":"https:\/\/secure.gravatar.com\/avatar\/4c81fed838786e9b53f540bf46533e750f5d292099ae3b66cfc6fb1982e29df7?s=96&d=mm&r=g","caption":"admin"},"description":"admin","url":"https:\/\/lasentinelle.dz\/author\/admin\/"}]}},"_links":{"self":[{"href":"https:\/\/lasentinelle.dz\/index.php\/wp-json\/wp\/v2\/posts\/94561","targetHints":{"allow":["GET"]}}],"collection":[{"href":"https:\/\/lasentinelle.dz\/index.php\/wp-json\/wp\/v2\/posts"}],"about":[{"href":"https:\/\/lasentinelle.dz\/index.php\/wp-json\/wp\/v2\/types\/post"}],"author":[{"embeddable":true,"href":"https:\/\/lasentinelle.dz\/index.php\/wp-json\/wp\/v2\/users\/6"}],"replies":[{"embeddable":true,"href":"https:\/\/lasentinelle.dz\/index.php\/wp-json\/wp\/v2\/comments?post=94561"}],"version-history":[{"count":2,"href":"https:\/\/lasentinelle.dz\/index.php\/wp-json\/wp\/v2\/posts\/94561\/revisions"}],"predecessor-version":[{"id":94563,"href":"https:\/\/lasentinelle.dz\/index.php\/wp-json\/wp\/v2\/posts\/94561\/revisions\/94563"}],"wp:featuredmedia":[{"embeddable":true,"href":"https:\/\/lasentinelle.dz\/index.php\/wp-json\/wp\/v2\/media\/66627"}],"wp:attachment":[{"href":"https:\/\/lasentinelle.dz\/index.php\/wp-json\/wp\/v2\/media?parent=94561"}],"wp:term":[{"taxonomy":"category","embeddable":true,"href":"https:\/\/lasentinelle.dz\/index.php\/wp-json\/wp\/v2\/categories?post=94561"},{"taxonomy":"post_tag","embeddable":true,"href":"https:\/\/lasentinelle.dz\/index.php\/wp-json\/wp\/v2\/tags?post=94561"}],"curies":[{"name":"wp","href":"https:\/\/api.w.org\/{rel}","templated":true}]}}