{"id":94564,"date":"2026-08-29T21:51:34","date_gmt":"2026-08-29T20:51:34","guid":{"rendered":"https:\/\/lasentinelle.dz\/?p=94564"},"modified":"2026-08-29T21:51:37","modified_gmt":"2026-08-29T20:51:37","slug":"affaire-aissou-la-france-remet-en-scene-sa-propagande-usee","status":"publish","type":"post","link":"https:\/\/lasentinelle.dz\/index.php\/2026\/08\/29\/affaire-aissou-la-france-remet-en-scene-sa-propagande-usee\/","title":{"rendered":"Affaire Aissou\u00a0: La France remet en sc\u00e8ne sa propagande us\u00e9e"},"content":{"rendered":"\n<p class=\"wp-block-paragraph\">Des m\u00e9dias fran\u00e7ais s&rsquo;appr\u00eatent \u00e0 monter une nouvelle campagne m\u00e9diatique en faveur d&rsquo;Ayoub Aissou, un fugitif condamn\u00e9 par la justice alg\u00e9rienne pour vol, dilapidation de deniers publics, blanchiment d&rsquo;argent, financement d&rsquo;acteurs subversifs et spoliation de biens de citoyens, et aujourd&rsquo;hui d\u00e9tenu en Espagne dans l&rsquo;attente d&rsquo;une extradition vers Alger, selon un commentaire diffus\u00e9 samedi par l&rsquo;Agence presse service (APS). Selon les informations relay\u00e9es par l&rsquo;agence officielle, les cha\u00eenes TF1 et France T\u00e9l\u00e9visions pr\u00e9parent une offensive \u00e9ditoriale destin\u00e9e \u00e0 d\u00e9fendre ce fugitif, arr\u00eat\u00e9 par les autorit\u00e9s espagnoles en ex\u00e9cution d&rsquo;un mandat d&rsquo;arr\u00eat international \u00e9mis par la justice alg\u00e9rienne. Elle souligne ainsi une op\u00e9ration visant \u00e0 peser sur la d\u00e9cision de la justice espagnole, et d\u00e9nonce une France qui \u00ab confirme sa r\u00e9putation de d\u00e9fenseur et de protecteur de tout acteur qui agit contre l&rsquo;Alg\u00e9rie, y compris ceux impliqu\u00e9s dans des affaires de corruption, de d\u00e9tournement d&rsquo;argent du tr\u00e9sor public \u00bb, en violation du droit international. En ouvrant ses antennes \u00e0 ce dossier, ajoute la d\u00e9p\u00eache, Paris \u00ab r\u00e9active son mode op\u00e9ratoire \u00e9cul\u00e9 pour s&rsquo;attaquer \u00e0 l&rsquo;Alg\u00e9rie et en faire ses proxys \u00bb, une man\u0153uvre vou\u00e9e au m\u00eame sort que les pr\u00e9c\u00e9dentes, celui d&rsquo;\u00ab un acharnement st\u00e9rile et sans impact \u00bb.<\/p>\n\n\n\n<p class=\"wp-block-paragraph\">Cette sortie de l&rsquo;agence officielle intervient apr\u00e8s la publication, ces derniers jours, d&rsquo;une lettre ouverte sign\u00e9e par une vingtaine de personnalit\u00e9s fran\u00e7aises r\u00e9clamant la lib\u00e9ration d&rsquo;Ayoub Aissou, pr\u00e9sent\u00e9 par ses signataires comme un homme de m\u00e9dias poursuivi pour avoir critiqu\u00e9 le pouvoir alg\u00e9rien \u00e0 travers sa cha\u00eene El Djazairia One. Le texte, adress\u00e9 \u00e0 Emmanuel Macron et \u00e0 Pedro S\u00e1nchez, passe sous silence l&rsquo;essentiel du dossier judiciaire, puisque les poursuites visant Aissou portent sur des faits de corruption et de dilapidation de fonds publics remontant \u00e0 l&rsquo;\u00e8re Bouteflika, dans le cadre de la lutte contre la grande corruption ouverte apr\u00e8s avril 2019. La liste de ses biens saisis avait n\u00e9cessit\u00e9, en d\u00e9cembre dernier, 27 minutes de lecture au tribunal, tant l&#8217;empire immobilier et multisectoriel qu&rsquo;il avait b\u00e2ti s&rsquo;\u00e9tait \u00e9tendu.<\/p>\n\n\n\n<p class=\"wp-block-paragraph\">La composition des signataires de cette lettre, parmi lesquels l&rsquo;avocat Arno Klarsfeld, l&rsquo;essayiste \u00c9ric Naulleau, l&rsquo;\u00e9crivain Boualem Sansal, la pol\u00e9miste C\u00e9line Pina, l&rsquo;ancien ministre Bernard Kouchner ou encore Hassen Chalghoumi, renseigne aussi la nature r\u00e9elle des r\u00e9seaux qui soutiennent le fugitif, des r\u00e9seaux connus pour leur proximit\u00e9 avec les lobbies sionistes et pro-isra\u00e9liens. N\u2019oublions pas non plus les connexions entre Aissou et le Maroc depuis 2014, avec une acc\u00e9l\u00e9ration apr\u00e8s la rupture des relations diplomatiques entre Alger et Rabat, ainsi que des voyages dans l&rsquo;entit\u00e9 sioniste depuis 2022, selon des informations relay\u00e9es par son entourage.<\/p>\n\n\n\n<p class=\"wp-block-paragraph\">L&rsquo;instruction judiciaire se poursuit en parall\u00e8le de ce tapage m\u00e9diatique. D&rsquo;anciens proches d&rsquo;Aissou pourraient \u00eatre entendus prochainement pour reconstituer ses d\u00e9placements entre le Maroc, l&rsquo;Europe et l\u2019entit\u00e9 sioniste, tandis que la justice alg\u00e9rienne attend d\u00e9sormais la r\u00e9ponse des autorit\u00e9s espagnoles \u00e0 sa demande d&rsquo;extradition.<\/p>\n\n\n\n<p class=\"wp-block-paragraph\">Salim Amokrane<\/p>\n","protected":false},"excerpt":{"rendered":"<p>Des m\u00e9dias fran\u00e7ais s&rsquo;appr\u00eatent \u00e0 monter une nouvelle campagne m\u00e9diatique en faveur d&rsquo;Ayoub Aissou, un fugitif condamn\u00e9 par la justice<\/p>\n","protected":false},"author":6,"featured_media":94565,"comment_status":"open","ping_status":"closed","sticky":false,"template":"","format":"standard","meta":{"colormag_page_container_layout":"default_layout","colormag_page_sidebar_layout":"default_layout","om_disable_all_campaigns":false,"_monsterinsights_skip_tracking":false,"footnotes":"","_wpscppro_dont_share_socialmedia":false,"_wpscppro_custom_social_share_image":0,"_facebook_share_type":"default","_twitter_share_type":"default","_linkedin_share_type":"default","_pinterest_share_type":"default","_linkedin_share_type_page":"","_instagram_share_type":"default","_medium_share_type":"default","_threads_share_type":"default","_google_business_share_type":"default","_bluesky_share_type":"default","_mastodon_share_type":"default","_selected_social_profile":[],"_wpsp_enable_custom_social_template":false,"_wpsp_social_scheduling":{"enabled":false,"datetime":null,"platforms":[],"status":"template_only","dateOption":"today","timeOption":"now","customDays":"","customHours":"","customDate":"","customTime":"","schedulingType":"absolute"},"_wpsp_active_default_template":true},"categories":[27],"tags":[],"class_list":["post-94564","post","type-post","status-publish","format-standard","has-post-thumbnail","hentry","category-actualite"],"aioseo_notices":[],"aioseo_head":"\n\t\t<!-- All in One SEO 5.0.0.1 - aioseo.com -->\n\t<meta name=\"description\" content=\"Des m\u00e9dias fran\u00e7ais s&#039;appr\u00eatent \u00e0 monter une nouvelle campagne m\u00e9diatique en faveur d&#039;Ayoub Aissou, un fugitif condamn\u00e9 par la justice alg\u00e9rienne pour vol, dilapidation de deniers publics, blanchiment d&#039;argent, financement d&#039;acteurs subversifs et spoliation de biens de citoyens, et aujourd&#039;hui d\u00e9tenu en Espagne dans l&#039;attente d&#039;une extradition vers Alger, selon un commentaire diffus\u00e9 samedi par\" \/>\n\t<meta name=\"robots\" content=\"max-image-preview:large\" \/>\n\t<meta name=\"author\" content=\"admin\"\/>\n\t<link rel=\"canonical\" href=\"https:\/\/lasentinelle.dz\/index.php\/2026\/08\/29\/affaire-aissou-la-france-remet-en-scene-sa-propagande-usee\/\" \/>\n\t<meta name=\"generator\" content=\"All in One SEO (AIOSEO) 5.0.0.1\" \/>\n\t\t<meta property=\"og:locale\" content=\"fr_FR\" \/>\n\t\t<meta property=\"og:site_name\" content=\"La Sentinelle - Quotidien national d&#039;information\" \/>\n\t\t<meta property=\"og:type\" content=\"article\" \/>\n\t\t<meta property=\"og:title\" content=\"Affaire Aissou : La France remet en sc\u00e8ne sa propagande us\u00e9e - La Sentinelle\" \/>\n\t\t<meta property=\"og:description\" content=\"Des m\u00e9dias fran\u00e7ais s&#039;appr\u00eatent \u00e0 monter une nouvelle campagne m\u00e9diatique en faveur d&#039;Ayoub Aissou, un fugitif condamn\u00e9 par la justice alg\u00e9rienne pour vol, dilapidation de deniers publics, blanchiment d&#039;argent, financement d&#039;acteurs subversifs et spoliation de biens de citoyens, et aujourd&#039;hui d\u00e9tenu en Espagne dans l&#039;attente d&#039;une extradition vers Alger, selon un commentaire diffus\u00e9 samedi par\" \/>\n\t\t<meta property=\"og:url\" content=\"https:\/\/lasentinelle.dz\/index.php\/2026\/08\/29\/affaire-aissou-la-france-remet-en-scene-sa-propagande-usee\/\" \/>\n\t\t<meta property=\"og:image\" content=\"https:\/\/lasentinelle.dz\/wp-content\/uploads\/2021\/09\/cropped-la-sentinelle-earth-golden-anima-5.gif\" \/>\n\t\t<meta property=\"og:image:secure_url\" content=\"https:\/\/lasentinelle.dz\/wp-content\/uploads\/2021\/09\/cropped-la-sentinelle-earth-golden-anima-5.gif\" \/>\n\t\t<meta property=\"og:image:width\" content=\"450\" \/>\n\t\t<meta property=\"og:image:height\" content=\"213\" \/>\n\t\t<meta property=\"article:published_time\" content=\"2026-08-29T20:51:34+00:00\" \/>\n\t\t<meta property=\"article:modified_time\" content=\"2026-08-29T20:51:37+00:00\" \/>\n\t\t<meta property=\"article:publisher\" content=\"https:\/\/www.facebook.com\/azzedine.lasentinelle.1\" \/>\n\t\t<meta name=\"twitter:card\" content=\"summary_large_image\" \/>\n\t\t<meta name=\"twitter:title\" content=\"Affaire Aissou : La France remet en sc\u00e8ne sa propagande us\u00e9e - La Sentinelle\" \/>\n\t\t<meta name=\"twitter:description\" content=\"Des m\u00e9dias fran\u00e7ais s&#039;appr\u00eatent \u00e0 monter une nouvelle campagne m\u00e9diatique en faveur d&#039;Ayoub Aissou, un fugitif condamn\u00e9 par la justice alg\u00e9rienne pour vol, dilapidation de deniers publics, blanchiment d&#039;argent, financement d&#039;acteurs subversifs et spoliation de biens de citoyens, et aujourd&#039;hui d\u00e9tenu en Espagne dans l&#039;attente d&#039;une extradition vers Alger, selon un commentaire diffus\u00e9 samedi par\" \/>\n\t\t<meta name=\"twitter:image\" content=\"https:\/\/lasentinelle.dz\/wp-content\/uploads\/2021\/09\/cropped-la-sentinelle-earth-golden-anima-5.gif\" \/>\n\t\t<script type=\"application\/ld+json\" class=\"aioseo-schema\">\n\t\t\t{\"@context\":\"https:\\\/\\\/schema.org\",\"@graph\":[{\"@type\":\"BlogPosting\",\"@id\":\"https:\\\/\\\/lasentinelle.dz\\\/index.php\\\/2026\\\/08\\\/29\\\/affaire-aissou-la-france-remet-en-scene-sa-propagande-usee\\\/#blogposting\",\"name\":\"Affaire Aissou : La France remet en sc\\u00e8ne sa propagande us\\u00e9e - La Sentinelle\",\"headline\":\"Affaire Aissou\\u00a0: La France remet en sc\\u00e8ne sa propagande us\\u00e9e\",\"author\":{\"@id\":\"https:\\\/\\\/lasentinelle.dz\\\/author\\\/admin\\\/#author\"},\"publisher\":{\"@id\":\"https:\\\/\\\/lasentinelle.dz\\\/#organization\"},\"image\":{\"@type\":\"ImageObject\",\"url\":\"https:\\\/\\\/lasentinelle.dz\\\/wp-content\\\/uploads\\\/2026\\\/08\\\/television-francaise.webp\",\"width\":1400,\"height\":1050},\"datePublished\":\"2026-08-29T21:51:34+01:00\",\"dateModified\":\"2026-08-29T21:51:37+01:00\",\"inLanguage\":\"fr-FR\",\"mainEntityOfPage\":{\"@id\":\"https:\\\/\\\/lasentinelle.dz\\\/index.php\\\/2026\\\/08\\\/29\\\/affaire-aissou-la-france-remet-en-scene-sa-propagande-usee\\\/#webpage\"},\"isPartOf\":{\"@id\":\"https:\\\/\\\/lasentinelle.dz\\\/index.php\\\/2026\\\/08\\\/29\\\/affaire-aissou-la-france-remet-en-scene-sa-propagande-usee\\\/#webpage\"},\"articleSection\":\"Actualit\\u00e9\"},{\"@type\":\"BreadcrumbList\",\"@id\":\"https:\\\/\\\/lasentinelle.dz\\\/index.php\\\/2026\\\/08\\\/29\\\/affaire-aissou-la-france-remet-en-scene-sa-propagande-usee\\\/#breadcrumblist\",\"itemListElement\":[{\"@type\":\"ListItem\",\"@id\":\"https:\\\/\\\/lasentinelle.dz#listItem\",\"position\":1,\"name\":\"Home\",\"item\":\"https:\\\/\\\/lasentinelle.dz\",\"nextItem\":{\"@type\":\"ListItem\",\"@id\":\"https:\\\/\\\/lasentinelle.dz\\\/index.php\\\/category\\\/actualite\\\/#listItem\",\"name\":\"Actualit\\u00e9\"}},{\"@type\":\"ListItem\",\"@id\":\"https:\\\/\\\/lasentinelle.dz\\\/index.php\\\/category\\\/actualite\\\/#listItem\",\"position\":2,\"name\":\"Actualit\\u00e9\",\"item\":\"https:\\\/\\\/lasentinelle.dz\\\/index.php\\\/category\\\/actualite\\\/\",\"nextItem\":{\"@type\":\"ListItem\",\"@id\":\"https:\\\/\\\/lasentinelle.dz\\\/index.php\\\/2026\\\/08\\\/29\\\/affaire-aissou-la-france-remet-en-scene-sa-propagande-usee\\\/#listItem\",\"name\":\"Affaire Aissou\\u00a0: La France remet en sc\\u00e8ne sa propagande us\\u00e9e\"},\"previousItem\":{\"@type\":\"ListItem\",\"@id\":\"https:\\\/\\\/lasentinelle.dz#listItem\",\"name\":\"Home\"}},{\"@type\":\"ListItem\",\"@id\":\"https:\\\/\\\/lasentinelle.dz\\\/index.php\\\/2026\\\/08\\\/29\\\/affaire-aissou-la-france-remet-en-scene-sa-propagande-usee\\\/#listItem\",\"position\":3,\"name\":\"Affaire Aissou\\u00a0: La France remet en sc\\u00e8ne sa propagande us\\u00e9e\",\"previousItem\":{\"@type\":\"ListItem\",\"@id\":\"https:\\\/\\\/lasentinelle.dz\\\/index.php\\\/category\\\/actualite\\\/#listItem\",\"name\":\"Actualit\\u00e9\"}}]},{\"@type\":\"Organization\",\"@id\":\"https:\\\/\\\/lasentinelle.dz\\\/#organization\",\"name\":\"La Sentinelle La Sentinelle\",\"description\":\"Quotidien national d'information\",\"url\":\"https:\\\/\\\/lasentinelle.dz\\\/\",\"logo\":{\"@type\":\"ImageObject\",\"url\":\"https:\\\/\\\/lasentinelle.dz\\\/wp-content\\\/uploads\\\/2021\\\/09\\\/cropped-la-sentinelle-earth-golden-anima-5.gif\",\"@id\":\"https:\\\/\\\/lasentinelle.dz\\\/index.php\\\/2026\\\/08\\\/29\\\/affaire-aissou-la-france-remet-en-scene-sa-propagande-usee\\\/#organizationLogo\",\"width\":450,\"height\":213},\"image\":{\"@id\":\"https:\\\/\\\/lasentinelle.dz\\\/index.php\\\/2026\\\/08\\\/29\\\/affaire-aissou-la-france-remet-en-scene-sa-propagande-usee\\\/#organizationLogo\"},\"sameAs\":[\"https:\\\/\\\/www.facebook.com\\\/azzedine.lasentinelle.1\"]},{\"@type\":\"Person\",\"@id\":\"https:\\\/\\\/lasentinelle.dz\\\/author\\\/admin\\\/#author\",\"url\":\"https:\\\/\\\/lasentinelle.dz\\\/author\\\/admin\\\/\",\"name\":\"admin\",\"image\":{\"@type\":\"ImageObject\",\"@id\":\"https:\\\/\\\/lasentinelle.dz\\\/index.php\\\/2026\\\/08\\\/29\\\/affaire-aissou-la-france-remet-en-scene-sa-propagande-usee\\\/#authorImage\",\"url\":\"https:\\\/\\\/secure.gravatar.com\\\/avatar\\\/4c81fed838786e9b53f540bf46533e750f5d292099ae3b66cfc6fb1982e29df7?s=96&d=mm&r=g\",\"width\":96,\"height\":96,\"caption\":\"admin\"}},{\"@type\":\"WebPage\",\"@id\":\"https:\\\/\\\/lasentinelle.dz\\\/index.php\\\/2026\\\/08\\\/29\\\/affaire-aissou-la-france-remet-en-scene-sa-propagande-usee\\\/#webpage\",\"url\":\"https:\\\/\\\/lasentinelle.dz\\\/index.php\\\/2026\\\/08\\\/29\\\/affaire-aissou-la-france-remet-en-scene-sa-propagande-usee\\\/\",\"name\":\"Affaire Aissou : La France remet en sc\\u00e8ne sa propagande us\\u00e9e - La Sentinelle\",\"description\":\"Des m\\u00e9dias fran\\u00e7ais s'appr\\u00eatent \\u00e0 monter une nouvelle campagne m\\u00e9diatique en faveur d'Ayoub Aissou, un fugitif condamn\\u00e9 par la justice alg\\u00e9rienne pour vol, dilapidation de deniers publics, blanchiment d'argent, financement d'acteurs subversifs et spoliation de biens de citoyens, et aujourd'hui d\\u00e9tenu en Espagne dans l'attente d'une extradition vers Alger, selon un commentaire diffus\\u00e9 samedi par\",\"inLanguage\":\"fr-FR\",\"isPartOf\":{\"@id\":\"https:\\\/\\\/lasentinelle.dz\\\/#website\"},\"breadcrumb\":{\"@id\":\"https:\\\/\\\/lasentinelle.dz\\\/index.php\\\/2026\\\/08\\\/29\\\/affaire-aissou-la-france-remet-en-scene-sa-propagande-usee\\\/#breadcrumblist\"},\"author\":{\"@id\":\"https:\\\/\\\/lasentinelle.dz\\\/author\\\/admin\\\/#author\"},\"creator\":{\"@id\":\"https:\\\/\\\/lasentinelle.dz\\\/author\\\/admin\\\/#author\"},\"image\":{\"@type\":\"ImageObject\",\"url\":\"https:\\\/\\\/lasentinelle.dz\\\/wp-content\\\/uploads\\\/2026\\\/08\\\/television-francaise.webp\",\"@id\":\"https:\\\/\\\/lasentinelle.dz\\\/index.php\\\/2026\\\/08\\\/29\\\/affaire-aissou-la-france-remet-en-scene-sa-propagande-usee\\\/#mainImage\",\"width\":1400,\"height\":1050},\"primaryImageOfPage\":{\"@id\":\"https:\\\/\\\/lasentinelle.dz\\\/index.php\\\/2026\\\/08\\\/29\\\/affaire-aissou-la-france-remet-en-scene-sa-propagande-usee\\\/#mainImage\"},\"datePublished\":\"2026-08-29T21:51:34+01:00\",\"dateModified\":\"2026-08-29T21:51:37+01:00\"},{\"@type\":\"WebSite\",\"@id\":\"https:\\\/\\\/lasentinelle.dz\\\/#website\",\"url\":\"https:\\\/\\\/lasentinelle.dz\\\/\",\"name\":\"La Sentinelle\",\"description\":\"Quotidien national d'information\",\"inLanguage\":\"fr-FR\",\"publisher\":{\"@id\":\"https:\\\/\\\/lasentinelle.dz\\\/#organization\"}}]}\n\t\t<\/script>\n\t\t<!-- All in One SEO -->\n\n","aioseo_head_json":{"title":"Affaire Aissou : La France remet en sc\u00e8ne sa propagande us\u00e9e - La Sentinelle","description":"Des m\u00e9dias fran\u00e7ais s'appr\u00eatent \u00e0 monter une nouvelle campagne m\u00e9diatique en faveur d'Ayoub Aissou, un fugitif condamn\u00e9 par la justice alg\u00e9rienne pour vol, dilapidation de deniers publics, blanchiment d'argent, financement d'acteurs subversifs et spoliation de biens de citoyens, et aujourd'hui d\u00e9tenu en Espagne dans l'attente d'une extradition vers Alger, selon un commentaire diffus\u00e9 samedi par","canonical_url":"https:\/\/lasentinelle.dz\/index.php\/2026\/08\/29\/affaire-aissou-la-france-remet-en-scene-sa-propagande-usee\/","robots":"max-image-preview:large","keywords":"","webmasterTools":{"miscellaneous":""},"schema":{"@context":"https:\/\/schema.org","@graph":[{"@type":"BlogPosting","@id":"https:\/\/lasentinelle.dz\/index.php\/2026\/08\/29\/affaire-aissou-la-france-remet-en-scene-sa-propagande-usee\/#blogposting","name":"Affaire Aissou : La France remet en sc\u00e8ne sa propagande us\u00e9e - La Sentinelle","headline":"Affaire Aissou\u00a0: La France remet en sc\u00e8ne sa propagande us\u00e9e","author":{"@id":"https:\/\/lasentinelle.dz\/author\/admin\/#author"},"publisher":{"@id":"https:\/\/lasentinelle.dz\/#organization"},"image":{"@type":"ImageObject","url":"https:\/\/lasentinelle.dz\/wp-content\/uploads\/2026\/08\/television-francaise.webp","width":1400,"height":1050},"datePublished":"2026-08-29T21:51:34+01:00","dateModified":"2026-08-29T21:51:37+01:00","inLanguage":"fr-FR","mainEntityOfPage":{"@id":"https:\/\/lasentinelle.dz\/index.php\/2026\/08\/29\/affaire-aissou-la-france-remet-en-scene-sa-propagande-usee\/#webpage"},"isPartOf":{"@id":"https:\/\/lasentinelle.dz\/index.php\/2026\/08\/29\/affaire-aissou-la-france-remet-en-scene-sa-propagande-usee\/#webpage"},"articleSection":"Actualit\u00e9"},{"@type":"BreadcrumbList","@id":"https:\/\/lasentinelle.dz\/index.php\/2026\/08\/29\/affaire-aissou-la-france-remet-en-scene-sa-propagande-usee\/#breadcrumblist","itemListElement":[{"@type":"ListItem","@id":"https:\/\/lasentinelle.dz#listItem","position":1,"name":"Home","item":"https:\/\/lasentinelle.dz","nextItem":{"@type":"ListItem","@id":"https:\/\/lasentinelle.dz\/index.php\/category\/actualite\/#listItem","name":"Actualit\u00e9"}},{"@type":"ListItem","@id":"https:\/\/lasentinelle.dz\/index.php\/category\/actualite\/#listItem","position":2,"name":"Actualit\u00e9","item":"https:\/\/lasentinelle.dz\/index.php\/category\/actualite\/","nextItem":{"@type":"ListItem","@id":"https:\/\/lasentinelle.dz\/index.php\/2026\/08\/29\/affaire-aissou-la-france-remet-en-scene-sa-propagande-usee\/#listItem","name":"Affaire Aissou\u00a0: La France remet en sc\u00e8ne sa propagande us\u00e9e"},"previousItem":{"@type":"ListItem","@id":"https:\/\/lasentinelle.dz#listItem","name":"Home"}},{"@type":"ListItem","@id":"https:\/\/lasentinelle.dz\/index.php\/2026\/08\/29\/affaire-aissou-la-france-remet-en-scene-sa-propagande-usee\/#listItem","position":3,"name":"Affaire Aissou\u00a0: La France remet en sc\u00e8ne sa propagande us\u00e9e","previousItem":{"@type":"ListItem","@id":"https:\/\/lasentinelle.dz\/index.php\/category\/actualite\/#listItem","name":"Actualit\u00e9"}}]},{"@type":"Organization","@id":"https:\/\/lasentinelle.dz\/#organization","name":"La Sentinelle La Sentinelle","description":"Quotidien national d'information","url":"https:\/\/lasentinelle.dz\/","logo":{"@type":"ImageObject","url":"https:\/\/lasentinelle.dz\/wp-content\/uploads\/2021\/09\/cropped-la-sentinelle-earth-golden-anima-5.gif","@id":"https:\/\/lasentinelle.dz\/index.php\/2026\/08\/29\/affaire-aissou-la-france-remet-en-scene-sa-propagande-usee\/#organizationLogo","width":450,"height":213},"image":{"@id":"https:\/\/lasentinelle.dz\/index.php\/2026\/08\/29\/affaire-aissou-la-france-remet-en-scene-sa-propagande-usee\/#organizationLogo"},"sameAs":["https:\/\/www.facebook.com\/azzedine.lasentinelle.1"]},{"@type":"Person","@id":"https:\/\/lasentinelle.dz\/author\/admin\/#author","url":"https:\/\/lasentinelle.dz\/author\/admin\/","name":"admin","image":{"@type":"ImageObject","@id":"https:\/\/lasentinelle.dz\/index.php\/2026\/08\/29\/affaire-aissou-la-france-remet-en-scene-sa-propagande-usee\/#authorImage","url":"https:\/\/secure.gravatar.com\/avatar\/4c81fed838786e9b53f540bf46533e750f5d292099ae3b66cfc6fb1982e29df7?s=96&d=mm&r=g","width":96,"height":96,"caption":"admin"}},{"@type":"WebPage","@id":"https:\/\/lasentinelle.dz\/index.php\/2026\/08\/29\/affaire-aissou-la-france-remet-en-scene-sa-propagande-usee\/#webpage","url":"https:\/\/lasentinelle.dz\/index.php\/2026\/08\/29\/affaire-aissou-la-france-remet-en-scene-sa-propagande-usee\/","name":"Affaire Aissou : La France remet en sc\u00e8ne sa propagande us\u00e9e - La Sentinelle","description":"Des m\u00e9dias fran\u00e7ais s'appr\u00eatent \u00e0 monter une nouvelle campagne m\u00e9diatique en faveur d'Ayoub Aissou, un fugitif condamn\u00e9 par la justice alg\u00e9rienne pour vol, dilapidation de deniers publics, blanchiment d'argent, financement d'acteurs subversifs et spoliation de biens de citoyens, et aujourd'hui d\u00e9tenu en Espagne dans l'attente d'une extradition vers Alger, selon un commentaire diffus\u00e9 samedi par","inLanguage":"fr-FR","isPartOf":{"@id":"https:\/\/lasentinelle.dz\/#website"},"breadcrumb":{"@id":"https:\/\/lasentinelle.dz\/index.php\/2026\/08\/29\/affaire-aissou-la-france-remet-en-scene-sa-propagande-usee\/#breadcrumblist"},"author":{"@id":"https:\/\/lasentinelle.dz\/author\/admin\/#author"},"creator":{"@id":"https:\/\/lasentinelle.dz\/author\/admin\/#author"},"image":{"@type":"ImageObject","url":"https:\/\/lasentinelle.dz\/wp-content\/uploads\/2026\/08\/television-francaise.webp","@id":"https:\/\/lasentinelle.dz\/index.php\/2026\/08\/29\/affaire-aissou-la-france-remet-en-scene-sa-propagande-usee\/#mainImage","width":1400,"height":1050},"primaryImageOfPage":{"@id":"https:\/\/lasentinelle.dz\/index.php\/2026\/08\/29\/affaire-aissou-la-france-remet-en-scene-sa-propagande-usee\/#mainImage"},"datePublished":"2026-08-29T21:51:34+01:00","dateModified":"2026-08-29T21:51:37+01:00"},{"@type":"WebSite","@id":"https:\/\/lasentinelle.dz\/#website","url":"https:\/\/lasentinelle.dz\/","name":"La Sentinelle","description":"Quotidien national d'information","inLanguage":"fr-FR","publisher":{"@id":"https:\/\/lasentinelle.dz\/#organization"}}]},"og:locale":"fr_FR","og:site_name":"La Sentinelle - Quotidien national d'information","og:type":"article","og:title":"Affaire Aissou : La France remet en sc\u00e8ne sa propagande us\u00e9e - La Sentinelle","og:description":"Des m\u00e9dias fran\u00e7ais s'appr\u00eatent \u00e0 monter une nouvelle campagne m\u00e9diatique en faveur d'Ayoub Aissou, un fugitif condamn\u00e9 par la justice alg\u00e9rienne pour vol, dilapidation de deniers publics, blanchiment d'argent, financement d'acteurs subversifs et spoliation de biens de citoyens, et aujourd'hui d\u00e9tenu en Espagne dans l'attente d'une extradition vers Alger, selon un commentaire diffus\u00e9 samedi par","og:url":"https:\/\/lasentinelle.dz\/index.php\/2026\/08\/29\/affaire-aissou-la-france-remet-en-scene-sa-propagande-usee\/","og:image":"https:\/\/lasentinelle.dz\/wp-content\/uploads\/2021\/09\/cropped-la-sentinelle-earth-golden-anima-5.gif","og:image:secure_url":"https:\/\/lasentinelle.dz\/wp-content\/uploads\/2021\/09\/cropped-la-sentinelle-earth-golden-anima-5.gif","og:image:width":450,"og:image:height":213,"article:published_time":"2026-08-29T20:51:34+00:00","article:modified_time":"2026-08-29T20:51:37+00:00","article:publisher":"https:\/\/www.facebook.com\/azzedine.lasentinelle.1","twitter:card":"summary_large_image","twitter:title":"Affaire Aissou : La France remet en sc\u00e8ne sa propagande us\u00e9e - La Sentinelle","twitter:description":"Des m\u00e9dias fran\u00e7ais s'appr\u00eatent \u00e0 monter une nouvelle campagne m\u00e9diatique en faveur d'Ayoub Aissou, un fugitif condamn\u00e9 par la justice alg\u00e9rienne pour vol, dilapidation de deniers publics, blanchiment d'argent, financement d'acteurs subversifs et spoliation de biens de citoyens, et aujourd'hui d\u00e9tenu en Espagne dans l'attente d'une extradition vers Alger, selon un commentaire diffus\u00e9 samedi par","twitter:image":"https:\/\/lasentinelle.dz\/wp-content\/uploads\/2021\/09\/cropped-la-sentinelle-earth-golden-anima-5.gif"},"aioseo_meta_data":{"post_id":"94564","title":null,"description":null,"keywords":null,"keyphrases":{"focus":{"keyphrase":"","score":0,"analysis":{"keyphraseInTitle":{"score":0,"maxScore":9,"error":1}}},"additional":[]},"primary_term":null,"canonical_url":null,"og_title":null,"og_description":null,"og_object_type":"default","og_image_type":"default","og_image_url":null,"og_image_width":null,"og_image_height":null,"og_image_custom_url":null,"og_image_custom_fields":null,"og_video":"","og_custom_url":null,"og_article_section":null,"og_article_tags":null,"twitter_use_og":false,"twitter_card":"default","twitter_image_type":"default","twitter_image_url":null,"twitter_image_custom_url":null,"twitter_image_custom_fields":null,"twitter_title":null,"twitter_description":null,"schema":{"blockGraphs":[],"customGraphs":[],"default":{"data":{"Article":[],"Course":[],"Dataset":[],"FAQPage":[],"Movie":[],"Person":[],"Product":[],"ProductReview":[],"Car":[],"Recipe":[],"Service":[],"SoftwareApplication":[],"WebPage":[]},"graphName":"BlogPosting","isEnabled":true},"graphs":[]},"schema_type":"default","schema_type_options":null,"pillar_content":false,"robots_default":true,"robots_noindex":false,"robots_noarchive":false,"robots_nosnippet":false,"robots_nofollow":false,"robots_noimageindex":false,"robots_noodp":false,"robots_notranslate":false,"robots_max_snippet":"-1","robots_max_videopreview":"-1","robots_max_imagepreview":"large","priority":null,"frequency":"default","local_seo":null,"breadcrumb_settings":null,"limit_modified_date":false,"ai":{"faqs":[],"keyPoints":[],"schemas":[],"titles":[],"descriptions":[],"socialPosts":{"email":{"subject":"","preview":"","content":""},"linkedin":[],"twitter":[],"facebook":[],"instagram":[]}},"created":"2026-08-29 20:51:37","updated":"2026-08-29 22:01:39","focus_keyword":null,"additional_keywords":null,"truseo_locale":null,"seo_analyzer_scan_date":null},"aioseo_breadcrumb":"<div class=\"aioseo-breadcrumbs\"><span class=\"aioseo-breadcrumb\">\n\t\t\t<a href=\"https:\/\/lasentinelle.dz\" title=\"Home\">Home<\/a>\n\t\t<\/span><span class=\"aioseo-breadcrumb-separator\">&raquo;<\/span><span class=\"aioseo-breadcrumb\">\n\t\t\t<a href=\"https:\/\/lasentinelle.dz\/index.php\/category\/actualite\/\" title=\"Actualit\u00e9\">Actualit\u00e9<\/a>\n\t\t<\/span><span class=\"aioseo-breadcrumb-separator\">&raquo;<\/span><span class=\"aioseo-breadcrumb\">\n\t\t\tAffaire Aissou : La France remet en sc\u00e8ne sa propagande us\u00e9e\n\t\t<\/span><\/div>","aioseo_breadcrumb_json":[{"label":"Home","link":"https:\/\/lasentinelle.dz"},{"label":"Actualit\u00e9","link":"https:\/\/lasentinelle.dz\/index.php\/category\/actualite\/"},{"label":"Affaire Aissou\u00a0: La France remet en sc\u00e8ne sa propagande us\u00e9e","link":"https:\/\/lasentinelle.dz\/index.php\/2026\/08\/29\/affaire-aissou-la-france-remet-en-scene-sa-propagande-usee\/"}],"yoast_head":"<!-- This site is optimized with the Yoast SEO plugin v28.3 - https:\/\/yoast.com\/product\/yoast-seo-wordpress\/ -->\n<title>Affaire Aissou\u00a0: La France remet en sc\u00e8ne sa propagande us\u00e9e - La Sentinelle<\/title>\n<meta name=\"robots\" content=\"index, follow, max-snippet:-1, max-image-preview:large, max-video-preview:-1\" \/>\n<link rel=\"canonical\" href=\"https:\/\/lasentinelle.dz\/index.php\/2026\/08\/29\/affaire-aissou-la-france-remet-en-scene-sa-propagande-usee\/\" \/>\n<meta property=\"og:locale\" content=\"fr_FR\" \/>\n<meta property=\"og:type\" content=\"article\" \/>\n<meta property=\"og:title\" content=\"Affaire Aissou\u00a0: La France remet en sc\u00e8ne sa propagande us\u00e9e - La Sentinelle\" \/>\n<meta property=\"og:description\" content=\"Des m\u00e9dias fran\u00e7ais s&rsquo;appr\u00eatent \u00e0 monter une nouvelle campagne m\u00e9diatique en faveur d&rsquo;Ayoub Aissou, un fugitif condamn\u00e9 par la justice\" \/>\n<meta property=\"og:url\" content=\"https:\/\/lasentinelle.dz\/index.php\/2026\/08\/29\/affaire-aissou-la-france-remet-en-scene-sa-propagande-usee\/\" \/>\n<meta property=\"og:site_name\" content=\"La Sentinelle\" \/>\n<meta property=\"article:publisher\" content=\"https:\/\/www.facebook.com\/La-Sentinelle-104059864394773\" \/>\n<meta property=\"article:published_time\" content=\"2026-08-29T20:51:34+00:00\" \/>\n<meta property=\"article:modified_time\" content=\"2026-08-29T20:51:37+00:00\" \/>\n<meta property=\"og:image\" content=\"https:\/\/lasentinelle.dz\/wp-content\/uploads\/2026\/08\/television-francaise.webp\" \/>\n\t<meta property=\"og:image:width\" content=\"1400\" \/>\n\t<meta property=\"og:image:height\" content=\"1050\" \/>\n\t<meta property=\"og:image:type\" content=\"image\/webp\" \/>\n<meta name=\"author\" content=\"admin\" \/>\n<meta name=\"twitter:card\" content=\"summary_large_image\" \/>\n<meta name=\"twitter:label1\" content=\"\u00c9crit par\" \/>\n\t<meta name=\"twitter:data1\" content=\"admin\" \/>\n\t<meta name=\"twitter:label2\" content=\"Dur\u00e9e de lecture estim\u00e9e\" \/>\n\t<meta name=\"twitter:data2\" content=\"3 minutes\" \/>\n<script type=\"application\/ld+json\" class=\"yoast-schema-graph\">{\"@context\":\"https:\\\/\\\/schema.org\",\"@graph\":[{\"@type\":\"Article\",\"@id\":\"https:\\\/\\\/lasentinelle.dz\\\/index.php\\\/2026\\\/08\\\/29\\\/affaire-aissou-la-france-remet-en-scene-sa-propagande-usee\\\/#article\",\"isPartOf\":{\"@id\":\"https:\\\/\\\/lasentinelle.dz\\\/index.php\\\/2026\\\/08\\\/29\\\/affaire-aissou-la-france-remet-en-scene-sa-propagande-usee\\\/\"},\"author\":{\"name\":\"admin\",\"@id\":\"https:\\\/\\\/lasentinelle.dz\\\/#\\\/schema\\\/person\\\/729ee0024f24e0b8c5ec17232f8e8b41\"},\"headline\":\"Affaire Aissou\u00a0: La France remet en sc\u00e8ne sa propagande us\u00e9e\",\"datePublished\":\"2026-08-29T20:51:34+00:00\",\"dateModified\":\"2026-08-29T20:51:37+00:00\",\"mainEntityOfPage\":{\"@id\":\"https:\\\/\\\/lasentinelle.dz\\\/index.php\\\/2026\\\/08\\\/29\\\/affaire-aissou-la-france-remet-en-scene-sa-propagande-usee\\\/\"},\"wordCount\":567,\"commentCount\":0,\"publisher\":{\"@id\":\"https:\\\/\\\/lasentinelle.dz\\\/#organization\"},\"image\":{\"@id\":\"https:\\\/\\\/lasentinelle.dz\\\/index.php\\\/2026\\\/08\\\/29\\\/affaire-aissou-la-france-remet-en-scene-sa-propagande-usee\\\/#primaryimage\"},\"thumbnailUrl\":\"https:\\\/\\\/lasentinelle.dz\\\/wp-content\\\/uploads\\\/2026\\\/08\\\/television-francaise.webp\",\"articleSection\":[\"Actualit\u00e9\"],\"inLanguage\":\"fr-FR\",\"potentialAction\":[{\"@type\":\"CommentAction\",\"name\":\"Comment\",\"target\":[\"https:\\\/\\\/lasentinelle.dz\\\/index.php\\\/2026\\\/08\\\/29\\\/affaire-aissou-la-france-remet-en-scene-sa-propagande-usee\\\/#respond\"]}]},{\"@type\":\"WebPage\",\"@id\":\"https:\\\/\\\/lasentinelle.dz\\\/index.php\\\/2026\\\/08\\\/29\\\/affaire-aissou-la-france-remet-en-scene-sa-propagande-usee\\\/\",\"url\":\"https:\\\/\\\/lasentinelle.dz\\\/index.php\\\/2026\\\/08\\\/29\\\/affaire-aissou-la-france-remet-en-scene-sa-propagande-usee\\\/\",\"name\":\"Affaire Aissou\u00a0: La France remet en sc\u00e8ne sa propagande us\u00e9e - La Sentinelle\",\"isPartOf\":{\"@id\":\"https:\\\/\\\/lasentinelle.dz\\\/#website\"},\"primaryImageOfPage\":{\"@id\":\"https:\\\/\\\/lasentinelle.dz\\\/index.php\\\/2026\\\/08\\\/29\\\/affaire-aissou-la-france-remet-en-scene-sa-propagande-usee\\\/#primaryimage\"},\"image\":{\"@id\":\"https:\\\/\\\/lasentinelle.dz\\\/index.php\\\/2026\\\/08\\\/29\\\/affaire-aissou-la-france-remet-en-scene-sa-propagande-usee\\\/#primaryimage\"},\"thumbnailUrl\":\"https:\\\/\\\/lasentinelle.dz\\\/wp-content\\\/uploads\\\/2026\\\/08\\\/television-francaise.webp\",\"datePublished\":\"2026-08-29T20:51:34+00:00\",\"dateModified\":\"2026-08-29T20:51:37+00:00\",\"breadcrumb\":{\"@id\":\"https:\\\/\\\/lasentinelle.dz\\\/index.php\\\/2026\\\/08\\\/29\\\/affaire-aissou-la-france-remet-en-scene-sa-propagande-usee\\\/#breadcrumb\"},\"inLanguage\":\"fr-FR\",\"potentialAction\":[{\"@type\":\"ReadAction\",\"target\":[\"https:\\\/\\\/lasentinelle.dz\\\/index.php\\\/2026\\\/08\\\/29\\\/affaire-aissou-la-france-remet-en-scene-sa-propagande-usee\\\/\"]}]},{\"@type\":\"ImageObject\",\"inLanguage\":\"fr-FR\",\"@id\":\"https:\\\/\\\/lasentinelle.dz\\\/index.php\\\/2026\\\/08\\\/29\\\/affaire-aissou-la-france-remet-en-scene-sa-propagande-usee\\\/#primaryimage\",\"url\":\"https:\\\/\\\/lasentinelle.dz\\\/wp-content\\\/uploads\\\/2026\\\/08\\\/television-francaise.webp\",\"contentUrl\":\"https:\\\/\\\/lasentinelle.dz\\\/wp-content\\\/uploads\\\/2026\\\/08\\\/television-francaise.webp\",\"width\":1400,\"height\":1050},{\"@type\":\"BreadcrumbList\",\"@id\":\"https:\\\/\\\/lasentinelle.dz\\\/index.php\\\/2026\\\/08\\\/29\\\/affaire-aissou-la-france-remet-en-scene-sa-propagande-usee\\\/#breadcrumb\",\"itemListElement\":[{\"@type\":\"ListItem\",\"position\":1,\"name\":\"Accueil\",\"item\":\"https:\\\/\\\/lasentinelle.dz\\\/\"},{\"@type\":\"ListItem\",\"position\":2,\"name\":\"Affaire Aissou\u00a0: La France remet en sc\u00e8ne sa propagande us\u00e9e\"}]},{\"@type\":\"WebSite\",\"@id\":\"https:\\\/\\\/lasentinelle.dz\\\/#website\",\"url\":\"https:\\\/\\\/lasentinelle.dz\\\/\",\"name\":\"La Sentinelle\",\"description\":\"Quotidien national d&#039;information\",\"publisher\":{\"@id\":\"https:\\\/\\\/lasentinelle.dz\\\/#organization\"},\"potentialAction\":[{\"@type\":\"SearchAction\",\"target\":{\"@type\":\"EntryPoint\",\"urlTemplate\":\"https:\\\/\\\/lasentinelle.dz\\\/?s={search_term_string}\"},\"query-input\":{\"@type\":\"PropertyValueSpecification\",\"valueRequired\":true,\"valueName\":\"search_term_string\"}}],\"inLanguage\":\"fr-FR\"},{\"@type\":\"Organization\",\"@id\":\"https:\\\/\\\/lasentinelle.dz\\\/#organization\",\"name\":\"Quotidien La Sentinelle\",\"url\":\"https:\\\/\\\/lasentinelle.dz\\\/\",\"logo\":{\"@type\":\"ImageObject\",\"inLanguage\":\"fr-FR\",\"@id\":\"https:\\\/\\\/lasentinelle.dz\\\/#\\\/schema\\\/logo\\\/image\\\/\",\"url\":\"https:\\\/\\\/lasentinelle.dz\\\/wp-content\\\/uploads\\\/2021\\\/09\\\/logo-sentinelleSLOGAN-1.png\",\"contentUrl\":\"https:\\\/\\\/lasentinelle.dz\\\/wp-content\\\/uploads\\\/2021\\\/09\\\/logo-sentinelleSLOGAN-1.png\",\"width\":615,\"height\":142,\"caption\":\"Quotidien La Sentinelle\"},\"image\":{\"@id\":\"https:\\\/\\\/lasentinelle.dz\\\/#\\\/schema\\\/logo\\\/image\\\/\"},\"sameAs\":[\"https:\\\/\\\/www.facebook.com\\\/La-Sentinelle-104059864394773\"]},{\"@type\":\"Person\",\"@id\":\"https:\\\/\\\/lasentinelle.dz\\\/#\\\/schema\\\/person\\\/729ee0024f24e0b8c5ec17232f8e8b41\",\"name\":\"admin\",\"image\":{\"@type\":\"ImageObject\",\"inLanguage\":\"fr-FR\",\"@id\":\"https:\\\/\\\/secure.gravatar.com\\\/avatar\\\/4c81fed838786e9b53f540bf46533e750f5d292099ae3b66cfc6fb1982e29df7?s=96&d=mm&r=g\",\"url\":\"https:\\\/\\\/secure.gravatar.com\\\/avatar\\\/4c81fed838786e9b53f540bf46533e750f5d292099ae3b66cfc6fb1982e29df7?s=96&d=mm&r=g\",\"contentUrl\":\"https:\\\/\\\/secure.gravatar.com\\\/avatar\\\/4c81fed838786e9b53f540bf46533e750f5d292099ae3b66cfc6fb1982e29df7?s=96&d=mm&r=g\",\"caption\":\"admin\"},\"description\":\"admin\",\"url\":\"https:\\\/\\\/lasentinelle.dz\\\/author\\\/admin\\\/\"}]}<\/script>\n<!-- \/ Yoast SEO plugin. -->","yoast_head_json":{"title":"Affaire Aissou\u00a0: La France remet en sc\u00e8ne sa propagande us\u00e9e - La Sentinelle","robots":{"index":"index","follow":"follow","max-snippet":"max-snippet:-1","max-image-preview":"max-image-preview:large","max-video-preview":"max-video-preview:-1"},"canonical":"https:\/\/lasentinelle.dz\/index.php\/2026\/08\/29\/affaire-aissou-la-france-remet-en-scene-sa-propagande-usee\/","og_locale":"fr_FR","og_type":"article","og_title":"Affaire Aissou\u00a0: La France remet en sc\u00e8ne sa propagande us\u00e9e - La Sentinelle","og_description":"Des m\u00e9dias fran\u00e7ais s&rsquo;appr\u00eatent \u00e0 monter une nouvelle campagne m\u00e9diatique en faveur d&rsquo;Ayoub Aissou, un fugitif condamn\u00e9 par la justice","og_url":"https:\/\/lasentinelle.dz\/index.php\/2026\/08\/29\/affaire-aissou-la-france-remet-en-scene-sa-propagande-usee\/","og_site_name":"La Sentinelle","article_publisher":"https:\/\/www.facebook.com\/La-Sentinelle-104059864394773","article_published_time":"2026-08-29T20:51:34+00:00","article_modified_time":"2026-08-29T20:51:37+00:00","og_image":[{"width":1400,"height":1050,"url":"https:\/\/lasentinelle.dz\/wp-content\/uploads\/2026\/08\/television-francaise.webp","type":"image\/webp"}],"author":"admin","twitter_card":"summary_large_image","twitter_misc":{"\u00c9crit par":"admin","Dur\u00e9e de lecture estim\u00e9e":"3 minutes"},"schema":{"@context":"https:\/\/schema.org","@graph":[{"@type":"Article","@id":"https:\/\/lasentinelle.dz\/index.php\/2026\/08\/29\/affaire-aissou-la-france-remet-en-scene-sa-propagande-usee\/#article","isPartOf":{"@id":"https:\/\/lasentinelle.dz\/index.php\/2026\/08\/29\/affaire-aissou-la-france-remet-en-scene-sa-propagande-usee\/"},"author":{"name":"admin","@id":"https:\/\/lasentinelle.dz\/#\/schema\/person\/729ee0024f24e0b8c5ec17232f8e8b41"},"headline":"Affaire Aissou\u00a0: La France remet en sc\u00e8ne sa propagande us\u00e9e","datePublished":"2026-08-29T20:51:34+00:00","dateModified":"2026-08-29T20:51:37+00:00","mainEntityOfPage":{"@id":"https:\/\/lasentinelle.dz\/index.php\/2026\/08\/29\/affaire-aissou-la-france-remet-en-scene-sa-propagande-usee\/"},"wordCount":567,"commentCount":0,"publisher":{"@id":"https:\/\/lasentinelle.dz\/#organization"},"image":{"@id":"https:\/\/lasentinelle.dz\/index.php\/2026\/08\/29\/affaire-aissou-la-france-remet-en-scene-sa-propagande-usee\/#primaryimage"},"thumbnailUrl":"https:\/\/lasentinelle.dz\/wp-content\/uploads\/2026\/08\/television-francaise.webp","articleSection":["Actualit\u00e9"],"inLanguage":"fr-FR","potentialAction":[{"@type":"CommentAction","name":"Comment","target":["https:\/\/lasentinelle.dz\/index.php\/2026\/08\/29\/affaire-aissou-la-france-remet-en-scene-sa-propagande-usee\/#respond"]}]},{"@type":"WebPage","@id":"https:\/\/lasentinelle.dz\/index.php\/2026\/08\/29\/affaire-aissou-la-france-remet-en-scene-sa-propagande-usee\/","url":"https:\/\/lasentinelle.dz\/index.php\/2026\/08\/29\/affaire-aissou-la-france-remet-en-scene-sa-propagande-usee\/","name":"Affaire Aissou\u00a0: La France remet en sc\u00e8ne sa propagande us\u00e9e - La Sentinelle","isPartOf":{"@id":"https:\/\/lasentinelle.dz\/#website"},"primaryImageOfPage":{"@id":"https:\/\/lasentinelle.dz\/index.php\/2026\/08\/29\/affaire-aissou-la-france-remet-en-scene-sa-propagande-usee\/#primaryimage"},"image":{"@id":"https:\/\/lasentinelle.dz\/index.php\/2026\/08\/29\/affaire-aissou-la-france-remet-en-scene-sa-propagande-usee\/#primaryimage"},"thumbnailUrl":"https:\/\/lasentinelle.dz\/wp-content\/uploads\/2026\/08\/television-francaise.webp","datePublished":"2026-08-29T20:51:34+00:00","dateModified":"2026-08-29T20:51:37+00:00","breadcrumb":{"@id":"https:\/\/lasentinelle.dz\/index.php\/2026\/08\/29\/affaire-aissou-la-france-remet-en-scene-sa-propagande-usee\/#breadcrumb"},"inLanguage":"fr-FR","potentialAction":[{"@type":"ReadAction","target":["https:\/\/lasentinelle.dz\/index.php\/2026\/08\/29\/affaire-aissou-la-france-remet-en-scene-sa-propagande-usee\/"]}]},{"@type":"ImageObject","inLanguage":"fr-FR","@id":"https:\/\/lasentinelle.dz\/index.php\/2026\/08\/29\/affaire-aissou-la-france-remet-en-scene-sa-propagande-usee\/#primaryimage","url":"https:\/\/lasentinelle.dz\/wp-content\/uploads\/2026\/08\/television-francaise.webp","contentUrl":"https:\/\/lasentinelle.dz\/wp-content\/uploads\/2026\/08\/television-francaise.webp","width":1400,"height":1050},{"@type":"BreadcrumbList","@id":"https:\/\/lasentinelle.dz\/index.php\/2026\/08\/29\/affaire-aissou-la-france-remet-en-scene-sa-propagande-usee\/#breadcrumb","itemListElement":[{"@type":"ListItem","position":1,"name":"Accueil","item":"https:\/\/lasentinelle.dz\/"},{"@type":"ListItem","position":2,"name":"Affaire Aissou\u00a0: La France remet en sc\u00e8ne sa propagande us\u00e9e"}]},{"@type":"WebSite","@id":"https:\/\/lasentinelle.dz\/#website","url":"https:\/\/lasentinelle.dz\/","name":"La Sentinelle","description":"Quotidien national d&#039;information","publisher":{"@id":"https:\/\/lasentinelle.dz\/#organization"},"potentialAction":[{"@type":"SearchAction","target":{"@type":"EntryPoint","urlTemplate":"https:\/\/lasentinelle.dz\/?s={search_term_string}"},"query-input":{"@type":"PropertyValueSpecification","valueRequired":true,"valueName":"search_term_string"}}],"inLanguage":"fr-FR"},{"@type":"Organization","@id":"https:\/\/lasentinelle.dz\/#organization","name":"Quotidien La Sentinelle","url":"https:\/\/lasentinelle.dz\/","logo":{"@type":"ImageObject","inLanguage":"fr-FR","@id":"https:\/\/lasentinelle.dz\/#\/schema\/logo\/image\/","url":"https:\/\/lasentinelle.dz\/wp-content\/uploads\/2021\/09\/logo-sentinelleSLOGAN-1.png","contentUrl":"https:\/\/lasentinelle.dz\/wp-content\/uploads\/2021\/09\/logo-sentinelleSLOGAN-1.png","width":615,"height":142,"caption":"Quotidien La Sentinelle"},"image":{"@id":"https:\/\/lasentinelle.dz\/#\/schema\/logo\/image\/"},"sameAs":["https:\/\/www.facebook.com\/La-Sentinelle-104059864394773"]},{"@type":"Person","@id":"https:\/\/lasentinelle.dz\/#\/schema\/person\/729ee0024f24e0b8c5ec17232f8e8b41","name":"admin","image":{"@type":"ImageObject","inLanguage":"fr-FR","@id":"https:\/\/secure.gravatar.com\/avatar\/4c81fed838786e9b53f540bf46533e750f5d292099ae3b66cfc6fb1982e29df7?s=96&d=mm&r=g","url":"https:\/\/secure.gravatar.com\/avatar\/4c81fed838786e9b53f540bf46533e750f5d292099ae3b66cfc6fb1982e29df7?s=96&d=mm&r=g","contentUrl":"https:\/\/secure.gravatar.com\/avatar\/4c81fed838786e9b53f540bf46533e750f5d292099ae3b66cfc6fb1982e29df7?s=96&d=mm&r=g","caption":"admin"},"description":"admin","url":"https:\/\/lasentinelle.dz\/author\/admin\/"}]}},"_links":{"self":[{"href":"https:\/\/lasentinelle.dz\/index.php\/wp-json\/wp\/v2\/posts\/94564","targetHints":{"allow":["GET"]}}],"collection":[{"href":"https:\/\/lasentinelle.dz\/index.php\/wp-json\/wp\/v2\/posts"}],"about":[{"href":"https:\/\/lasentinelle.dz\/index.php\/wp-json\/wp\/v2\/types\/post"}],"author":[{"embeddable":true,"href":"https:\/\/lasentinelle.dz\/index.php\/wp-json\/wp\/v2\/users\/6"}],"replies":[{"embeddable":true,"href":"https:\/\/lasentinelle.dz\/index.php\/wp-json\/wp\/v2\/comments?post=94564"}],"version-history":[{"count":1,"href":"https:\/\/lasentinelle.dz\/index.php\/wp-json\/wp\/v2\/posts\/94564\/revisions"}],"predecessor-version":[{"id":94566,"href":"https:\/\/lasentinelle.dz\/index.php\/wp-json\/wp\/v2\/posts\/94564\/revisions\/94566"}],"wp:featuredmedia":[{"embeddable":true,"href":"https:\/\/lasentinelle.dz\/index.php\/wp-json\/wp\/v2\/media\/94565"}],"wp:attachment":[{"href":"https:\/\/lasentinelle.dz\/index.php\/wp-json\/wp\/v2\/media?parent=94564"}],"wp:term":[{"taxonomy":"category","embeddable":true,"href":"https:\/\/lasentinelle.dz\/index.php\/wp-json\/wp\/v2\/categories?post=94564"},{"taxonomy":"post_tag","embeddable":true,"href":"https:\/\/lasentinelle.dz\/index.php\/wp-json\/wp\/v2\/tags?post=94564"}],"curies":[{"name":"wp","href":"https:\/\/api.w.org\/{rel}","templated":true}]}}