{"id":94569,"date":"2026-08-29T21:54:58","date_gmt":"2026-08-29T20:54:58","guid":{"rendered":"https:\/\/lasentinelle.dz\/?p=94569"},"modified":"2026-08-29T21:55:00","modified_gmt":"2026-08-29T20:55:00","slug":"extinction-de-la-majorite-des-foyers-dincendies-recenses-la-situation-maitrisee","status":"publish","type":"post","link":"https:\/\/lasentinelle.dz\/index.php\/2026\/08\/29\/extinction-de-la-majorite-des-foyers-dincendies-recenses-la-situation-maitrisee\/","title":{"rendered":"Extinction de la majorit\u00e9 des foyers d\u2019incendies recens\u00e9s\u00a0: La situation ma\u00eetris\u00e9e"},"content":{"rendered":"\n<p class=\"wp-block-paragraph\">Les unit\u00e9s de la Protection civile ont maitris\u00e9 la majorit\u00e9 des foyers d\u2019incendies recens\u00e9s m\u00eame si une dizaine reste encore active. Ces unit\u00e9s ont d\u00e9nombr\u00e9 47 incendies de for\u00eats, de maquis et de r\u00e9coltes agricoles \u00e0 travers le pays entre samedi 07h00 et samedi 17h00, dont 36 \u00e9taient \u00e9teints et 11 restaient actifs en fin d&rsquo;apr\u00e8s-midi, essentiellement \u00e0 Jijel, \u00e0 El Taref et \u00e0 S\u00e9tif, selon le dernier bilan communiqu\u00e9 samedi par la Direction g\u00e9n\u00e9rale de la Protection civile (DGPC), au terme de cinq jours de mobilisation intense contre les feux qui touchent plusieurs wilayas de l&rsquo;est du pays depuis le 25 ao\u00fbt. La journ\u00e9e de samedi a \u00e9t\u00e9 marqu\u00e9e par une d\u00e9crue progressive du nombre de d\u00e9parts de feu par rapport aux bilans des jours pr\u00e9c\u00e9dents, mais sans que la situation soit totalement ma\u00eetris\u00e9e. \u00c0 07h00, la DGPC recensait encore 123 incendies enregistr\u00e9s au cours des 24 heures pr\u00e9c\u00e9dentes, dont 118 avaient pu \u00eatre \u00e9teints, les cinq derniers foyers actifs se r\u00e9partissant entre Jijel, S\u00e9tif et T\u00e9bessa. Six heures plus tard, \u00e0 13h00, le bilan faisait \u00e9tat de 43 incendies dont 30 \u00e9taient \u00e9teints, les treize autres se poursuivant \u00e0 Jijel, Skikda, Mila, El Meghaier et S\u00e9tif. En fin de journ\u00e9e, le dernier point de situation \u00e9tabli \u00e0 17h00 fixait le total \u00e0 47 incendies, avec 36 extinctions et 11 foyers toujours actifs, r\u00e9partis sur cinq wilayas, quatre \u00e0 Jijel, trois \u00e0 El Taref, deux \u00e0 S\u00e9tif, un \u00e0 M&rsquo;Sila et un \u00e0 Mila. C&rsquo;est la wilaya de Jijel qui concentre l&rsquo;essentiel du dispositif de lutte. Un incendie \u00e9tait encore en phase de refroidissement entre les communes de Selma Benziada et de Ouadjana, avec l&rsquo;appui de deux avions bombardiers d&rsquo;eau de type AT-802, tandis que d&rsquo;autres foyers demeuraient sous surveillance \u00e0 Texenna, Selma Benziada, Ouled Askeur et Chahna. Plusieurs incendies ont en revanche pu \u00eatre ma\u00eetris\u00e9s dans la journ\u00e9e, notamment \u00e0 La Meskiana, Djemaa Beni Habibi, Bouaroui Lehaddef, Ouled Yahia Khedrouche et Selma Benziada.<\/p>\n\n\n\n<p class=\"wp-block-paragraph\">\u00c0 El Tarf, deux incendies ont \u00e9clat\u00e9 dans les communes d&rsquo;Asfour et d&rsquo;Ain El Assel, entra\u00eenant une op\u00e9ration d&rsquo;\u00e9vacuation pr\u00e9ventive d&rsquo;une partie des habitants, appuy\u00e9e par un avion bombardier d&rsquo;eau BE-200 venu renforcer les \u00e9quipes au sol. Les op\u00e9rations d&rsquo;extinction se poursuivaient \u00e9galement samedi soir dans la commune d&rsquo;Ain Abessa, \u00e0 S\u00e9tif, ainsi que dans les wilayas de M&rsquo;Sila et de Mila.<\/p>\n\n\n\n<p class=\"wp-block-paragraph\">Des renforts \u00e0 Jijel<\/p>\n\n\n\n<p class=\"wp-block-paragraph\">Face \u00e0 la persistance des foyers dans l&rsquo;est du pays, la DGPC a annonc\u00e9 l&rsquo;envoi de renforts suppl\u00e9mentaires vers Jijel, avec deux d\u00e9tachements r\u00e9gionaux de lutte contre les feux de for\u00eat d\u00e9p\u00each\u00e9s depuis la wilaya de Bouira ainsi qu&rsquo;un d\u00e9tachement de l&rsquo;Unit\u00e9 nationale de formation et d&rsquo;intervention. Cette mesure vise, selon le communiqu\u00e9 de la Protection civile, \u00e0 \u00ab renforcer les \u00e9quipes engag\u00e9es sur le terrain, accro\u00eetre les capacit\u00e9s d&rsquo;intervention et de r\u00e9ponse rapide et consolider la pr\u00e9paration op\u00e9rationnelle face \u00e0 toute \u00e9volution \u00e9ventuelle de la situation \u00bb. Elle s&rsquo;inscrit plus largement dans des \u00ab dispositions pr\u00e9ventives adopt\u00e9es pour renforcer la couverture op\u00e9rationnelle dans les wilayas de l&rsquo;est du pays, en pr\u00e9vision de toute propagation ou reprise \u00e9ventuelle des foyers d&rsquo;incendie \u00bb.<\/p>\n\n\n\n<p class=\"wp-block-paragraph\">Derri\u00e8re les extinctions, la remise en \u00e9tat des zones sinistr\u00e9es a \u00e9galement d\u00e9but\u00e9. \u00c0 Jijel, la circulation a repris progressivement sur la RN77 reliant Texenna \u00e0 Kaous apr\u00e8s des op\u00e9rations de d\u00e9blaiement, tandis que Sonelgaz s&#8217;emploie \u00e0 remplacer les c\u00e2bles et poteaux endommag\u00e9s dans plusieurs communes touch\u00e9es, avec des brigades venues de Constantine, Batna et Annaba, et que l&rsquo;Alg\u00e9rienne des eaux a r\u00e9par\u00e9 une fuite sur une conduite \u00e0 Ziama Mansouriah. \u00c0 Annaba, Sonelgaz a entam\u00e9 la r\u00e9habilitation de pr\u00e8s de 12 km de r\u00e9seaux \u00e9lectriques endommag\u00e9s dans les communes de Cheta\u00efbi, El Eulma, El Bouni et Sera\u00efdi, un chantier d\u00e9j\u00e0 achev\u00e9 \u00e0 90 % selon la responsable de communication de la direction locale, Widad Bouhouche, qui a pr\u00e9cis\u00e9 que la priorit\u00e9 est donn\u00e9e aux installations vitales, notamment les stations de pompage d&rsquo;eau potable.<\/p>\n\n\n\n<p class=\"wp-block-paragraph\">Massinissa Ra\u00efs<\/p>\n","protected":false},"excerpt":{"rendered":"<p>Les unit\u00e9s de la Protection civile ont maitris\u00e9 la majorit\u00e9 des foyers d\u2019incendies recens\u00e9s m\u00eame si une dizaine reste encore<\/p>\n","protected":false},"author":6,"featured_media":94570,"comment_status":"open","ping_status":"closed","sticky":false,"template":"","format":"standard","meta":{"colormag_page_container_layout":"default_layout","colormag_page_sidebar_layout":"default_layout","om_disable_all_campaigns":false,"_monsterinsights_skip_tracking":false,"footnotes":"","_wpscppro_dont_share_socialmedia":false,"_wpscppro_custom_social_share_image":0,"_facebook_share_type":"default","_twitter_share_type":"default","_linkedin_share_type":"default","_pinterest_share_type":"default","_linkedin_share_type_page":"","_instagram_share_type":"default","_medium_share_type":"default","_threads_share_type":"default","_google_business_share_type":"default","_bluesky_share_type":"default","_mastodon_share_type":"default","_selected_social_profile":[],"_wpsp_enable_custom_social_template":false,"_wpsp_social_scheduling":{"enabled":false,"datetime":null,"platforms":[],"status":"template_only","dateOption":"today","timeOption":"now","customDays":"","customHours":"","customDate":"","customTime":"","schedulingType":"absolute"},"_wpsp_active_default_template":true},"categories":[27],"tags":[],"class_list":["post-94569","post","type-post","status-publish","format-standard","has-post-thumbnail","hentry","category-actualite"],"aioseo_notices":[],"aioseo_head":"\n\t\t<!-- All in One SEO 5.0.0.1 - aioseo.com -->\n\t<meta name=\"description\" content=\"Les unit\u00e9s de la Protection civile ont maitris\u00e9 la majorit\u00e9 des foyers d\u2019incendies recens\u00e9s m\u00eame si une dizaine reste encore active. Ces unit\u00e9s ont d\u00e9nombr\u00e9 47 incendies de for\u00eats, de maquis et de r\u00e9coltes agricoles \u00e0 travers le pays entre samedi 07h00 et samedi 17h00, dont 36 \u00e9taient \u00e9teints et 11 restaient actifs en fin\" \/>\n\t<meta name=\"robots\" content=\"max-image-preview:large\" \/>\n\t<meta name=\"author\" content=\"admin\"\/>\n\t<link rel=\"canonical\" href=\"https:\/\/lasentinelle.dz\/index.php\/2026\/08\/29\/extinction-de-la-majorite-des-foyers-dincendies-recenses-la-situation-maitrisee\/\" \/>\n\t<meta name=\"generator\" content=\"All in One SEO (AIOSEO) 5.0.0.1\" \/>\n\t\t<meta property=\"og:locale\" content=\"fr_FR\" \/>\n\t\t<meta property=\"og:site_name\" content=\"La Sentinelle - Quotidien national d&#039;information\" \/>\n\t\t<meta property=\"og:type\" content=\"article\" \/>\n\t\t<meta property=\"og:title\" content=\"Extinction de la majorit\u00e9 des foyers d\u2019incendies recens\u00e9s : La situation ma\u00eetris\u00e9e - La Sentinelle\" \/>\n\t\t<meta property=\"og:description\" content=\"Les unit\u00e9s de la Protection civile ont maitris\u00e9 la majorit\u00e9 des foyers d\u2019incendies recens\u00e9s m\u00eame si une dizaine reste encore active. Ces unit\u00e9s ont d\u00e9nombr\u00e9 47 incendies de for\u00eats, de maquis et de r\u00e9coltes agricoles \u00e0 travers le pays entre samedi 07h00 et samedi 17h00, dont 36 \u00e9taient \u00e9teints et 11 restaient actifs en fin\" \/>\n\t\t<meta property=\"og:url\" content=\"https:\/\/lasentinelle.dz\/index.php\/2026\/08\/29\/extinction-de-la-majorite-des-foyers-dincendies-recenses-la-situation-maitrisee\/\" \/>\n\t\t<meta property=\"og:image\" content=\"https:\/\/lasentinelle.dz\/wp-content\/uploads\/2021\/09\/cropped-la-sentinelle-earth-golden-anima-5.gif\" \/>\n\t\t<meta property=\"og:image:secure_url\" content=\"https:\/\/lasentinelle.dz\/wp-content\/uploads\/2021\/09\/cropped-la-sentinelle-earth-golden-anima-5.gif\" \/>\n\t\t<meta property=\"og:image:width\" content=\"450\" \/>\n\t\t<meta property=\"og:image:height\" content=\"213\" \/>\n\t\t<meta property=\"article:published_time\" content=\"2026-08-29T20:54:58+00:00\" \/>\n\t\t<meta property=\"article:modified_time\" content=\"2026-08-29T20:55:00+00:00\" \/>\n\t\t<meta property=\"article:publisher\" content=\"https:\/\/www.facebook.com\/azzedine.lasentinelle.1\" \/>\n\t\t<meta name=\"twitter:card\" content=\"summary_large_image\" \/>\n\t\t<meta name=\"twitter:title\" content=\"Extinction de la majorit\u00e9 des foyers d\u2019incendies recens\u00e9s : La situation ma\u00eetris\u00e9e - La Sentinelle\" \/>\n\t\t<meta name=\"twitter:description\" content=\"Les unit\u00e9s de la Protection civile ont maitris\u00e9 la majorit\u00e9 des foyers d\u2019incendies recens\u00e9s m\u00eame si une dizaine reste encore active. Ces unit\u00e9s ont d\u00e9nombr\u00e9 47 incendies de for\u00eats, de maquis et de r\u00e9coltes agricoles \u00e0 travers le pays entre samedi 07h00 et samedi 17h00, dont 36 \u00e9taient \u00e9teints et 11 restaient actifs en fin\" \/>\n\t\t<meta name=\"twitter:image\" content=\"https:\/\/lasentinelle.dz\/wp-content\/uploads\/2021\/09\/cropped-la-sentinelle-earth-golden-anima-5.gif\" \/>\n\t\t<script type=\"application\/ld+json\" class=\"aioseo-schema\">\n\t\t\t{\"@context\":\"https:\\\/\\\/schema.org\",\"@graph\":[{\"@type\":\"BlogPosting\",\"@id\":\"https:\\\/\\\/lasentinelle.dz\\\/index.php\\\/2026\\\/08\\\/29\\\/extinction-de-la-majorite-des-foyers-dincendies-recenses-la-situation-maitrisee\\\/#blogposting\",\"name\":\"Extinction de la majorit\\u00e9 des foyers d\\u2019incendies recens\\u00e9s : La situation ma\\u00eetris\\u00e9e - La Sentinelle\",\"headline\":\"Extinction de la majorit\\u00e9 des foyers d\\u2019incendies recens\\u00e9s\\u00a0: La situation ma\\u00eetris\\u00e9e\",\"author\":{\"@id\":\"https:\\\/\\\/lasentinelle.dz\\\/author\\\/admin\\\/#author\"},\"publisher\":{\"@id\":\"https:\\\/\\\/lasentinelle.dz\\\/#organization\"},\"image\":{\"@type\":\"ImageObject\",\"url\":\"https:\\\/\\\/lasentinelle.dz\\\/wp-content\\\/uploads\\\/2026\\\/08\\\/782169172_1567445662092145_8945243914197827610_n.jpg\",\"width\":1200,\"height\":800},\"datePublished\":\"2026-08-29T21:54:58+01:00\",\"dateModified\":\"2026-08-29T21:55:00+01:00\",\"inLanguage\":\"fr-FR\",\"mainEntityOfPage\":{\"@id\":\"https:\\\/\\\/lasentinelle.dz\\\/index.php\\\/2026\\\/08\\\/29\\\/extinction-de-la-majorite-des-foyers-dincendies-recenses-la-situation-maitrisee\\\/#webpage\"},\"isPartOf\":{\"@id\":\"https:\\\/\\\/lasentinelle.dz\\\/index.php\\\/2026\\\/08\\\/29\\\/extinction-de-la-majorite-des-foyers-dincendies-recenses-la-situation-maitrisee\\\/#webpage\"},\"articleSection\":\"Actualit\\u00e9\"},{\"@type\":\"BreadcrumbList\",\"@id\":\"https:\\\/\\\/lasentinelle.dz\\\/index.php\\\/2026\\\/08\\\/29\\\/extinction-de-la-majorite-des-foyers-dincendies-recenses-la-situation-maitrisee\\\/#breadcrumblist\",\"itemListElement\":[{\"@type\":\"ListItem\",\"@id\":\"https:\\\/\\\/lasentinelle.dz#listItem\",\"position\":1,\"name\":\"Home\",\"item\":\"https:\\\/\\\/lasentinelle.dz\",\"nextItem\":{\"@type\":\"ListItem\",\"@id\":\"https:\\\/\\\/lasentinelle.dz\\\/index.php\\\/category\\\/actualite\\\/#listItem\",\"name\":\"Actualit\\u00e9\"}},{\"@type\":\"ListItem\",\"@id\":\"https:\\\/\\\/lasentinelle.dz\\\/index.php\\\/category\\\/actualite\\\/#listItem\",\"position\":2,\"name\":\"Actualit\\u00e9\",\"item\":\"https:\\\/\\\/lasentinelle.dz\\\/index.php\\\/category\\\/actualite\\\/\",\"nextItem\":{\"@type\":\"ListItem\",\"@id\":\"https:\\\/\\\/lasentinelle.dz\\\/index.php\\\/2026\\\/08\\\/29\\\/extinction-de-la-majorite-des-foyers-dincendies-recenses-la-situation-maitrisee\\\/#listItem\",\"name\":\"Extinction de la majorit\\u00e9 des foyers d\\u2019incendies recens\\u00e9s\\u00a0: La situation ma\\u00eetris\\u00e9e\"},\"previousItem\":{\"@type\":\"ListItem\",\"@id\":\"https:\\\/\\\/lasentinelle.dz#listItem\",\"name\":\"Home\"}},{\"@type\":\"ListItem\",\"@id\":\"https:\\\/\\\/lasentinelle.dz\\\/index.php\\\/2026\\\/08\\\/29\\\/extinction-de-la-majorite-des-foyers-dincendies-recenses-la-situation-maitrisee\\\/#listItem\",\"position\":3,\"name\":\"Extinction de la majorit\\u00e9 des foyers d\\u2019incendies recens\\u00e9s\\u00a0: La situation ma\\u00eetris\\u00e9e\",\"previousItem\":{\"@type\":\"ListItem\",\"@id\":\"https:\\\/\\\/lasentinelle.dz\\\/index.php\\\/category\\\/actualite\\\/#listItem\",\"name\":\"Actualit\\u00e9\"}}]},{\"@type\":\"Organization\",\"@id\":\"https:\\\/\\\/lasentinelle.dz\\\/#organization\",\"name\":\"La Sentinelle La Sentinelle\",\"description\":\"Quotidien national d'information\",\"url\":\"https:\\\/\\\/lasentinelle.dz\\\/\",\"logo\":{\"@type\":\"ImageObject\",\"url\":\"https:\\\/\\\/lasentinelle.dz\\\/wp-content\\\/uploads\\\/2021\\\/09\\\/cropped-la-sentinelle-earth-golden-anima-5.gif\",\"@id\":\"https:\\\/\\\/lasentinelle.dz\\\/index.php\\\/2026\\\/08\\\/29\\\/extinction-de-la-majorite-des-foyers-dincendies-recenses-la-situation-maitrisee\\\/#organizationLogo\",\"width\":450,\"height\":213},\"image\":{\"@id\":\"https:\\\/\\\/lasentinelle.dz\\\/index.php\\\/2026\\\/08\\\/29\\\/extinction-de-la-majorite-des-foyers-dincendies-recenses-la-situation-maitrisee\\\/#organizationLogo\"},\"sameAs\":[\"https:\\\/\\\/www.facebook.com\\\/azzedine.lasentinelle.1\"]},{\"@type\":\"Person\",\"@id\":\"https:\\\/\\\/lasentinelle.dz\\\/author\\\/admin\\\/#author\",\"url\":\"https:\\\/\\\/lasentinelle.dz\\\/author\\\/admin\\\/\",\"name\":\"admin\",\"image\":{\"@type\":\"ImageObject\",\"@id\":\"https:\\\/\\\/lasentinelle.dz\\\/index.php\\\/2026\\\/08\\\/29\\\/extinction-de-la-majorite-des-foyers-dincendies-recenses-la-situation-maitrisee\\\/#authorImage\",\"url\":\"https:\\\/\\\/secure.gravatar.com\\\/avatar\\\/4c81fed838786e9b53f540bf46533e750f5d292099ae3b66cfc6fb1982e29df7?s=96&d=mm&r=g\",\"width\":96,\"height\":96,\"caption\":\"admin\"}},{\"@type\":\"WebPage\",\"@id\":\"https:\\\/\\\/lasentinelle.dz\\\/index.php\\\/2026\\\/08\\\/29\\\/extinction-de-la-majorite-des-foyers-dincendies-recenses-la-situation-maitrisee\\\/#webpage\",\"url\":\"https:\\\/\\\/lasentinelle.dz\\\/index.php\\\/2026\\\/08\\\/29\\\/extinction-de-la-majorite-des-foyers-dincendies-recenses-la-situation-maitrisee\\\/\",\"name\":\"Extinction de la majorit\\u00e9 des foyers d\\u2019incendies recens\\u00e9s : La situation ma\\u00eetris\\u00e9e - La Sentinelle\",\"description\":\"Les unit\\u00e9s de la Protection civile ont maitris\\u00e9 la majorit\\u00e9 des foyers d\\u2019incendies recens\\u00e9s m\\u00eame si une dizaine reste encore active. Ces unit\\u00e9s ont d\\u00e9nombr\\u00e9 47 incendies de for\\u00eats, de maquis et de r\\u00e9coltes agricoles \\u00e0 travers le pays entre samedi 07h00 et samedi 17h00, dont 36 \\u00e9taient \\u00e9teints et 11 restaient actifs en fin\",\"inLanguage\":\"fr-FR\",\"isPartOf\":{\"@id\":\"https:\\\/\\\/lasentinelle.dz\\\/#website\"},\"breadcrumb\":{\"@id\":\"https:\\\/\\\/lasentinelle.dz\\\/index.php\\\/2026\\\/08\\\/29\\\/extinction-de-la-majorite-des-foyers-dincendies-recenses-la-situation-maitrisee\\\/#breadcrumblist\"},\"author\":{\"@id\":\"https:\\\/\\\/lasentinelle.dz\\\/author\\\/admin\\\/#author\"},\"creator\":{\"@id\":\"https:\\\/\\\/lasentinelle.dz\\\/author\\\/admin\\\/#author\"},\"image\":{\"@type\":\"ImageObject\",\"url\":\"https:\\\/\\\/lasentinelle.dz\\\/wp-content\\\/uploads\\\/2026\\\/08\\\/782169172_1567445662092145_8945243914197827610_n.jpg\",\"@id\":\"https:\\\/\\\/lasentinelle.dz\\\/index.php\\\/2026\\\/08\\\/29\\\/extinction-de-la-majorite-des-foyers-dincendies-recenses-la-situation-maitrisee\\\/#mainImage\",\"width\":1200,\"height\":800},\"primaryImageOfPage\":{\"@id\":\"https:\\\/\\\/lasentinelle.dz\\\/index.php\\\/2026\\\/08\\\/29\\\/extinction-de-la-majorite-des-foyers-dincendies-recenses-la-situation-maitrisee\\\/#mainImage\"},\"datePublished\":\"2026-08-29T21:54:58+01:00\",\"dateModified\":\"2026-08-29T21:55:00+01:00\"},{\"@type\":\"WebSite\",\"@id\":\"https:\\\/\\\/lasentinelle.dz\\\/#website\",\"url\":\"https:\\\/\\\/lasentinelle.dz\\\/\",\"name\":\"La Sentinelle\",\"description\":\"Quotidien national d'information\",\"inLanguage\":\"fr-FR\",\"publisher\":{\"@id\":\"https:\\\/\\\/lasentinelle.dz\\\/#organization\"}}]}\n\t\t<\/script>\n\t\t<!-- All in One SEO -->\n\n","aioseo_head_json":{"title":"Extinction de la majorit\u00e9 des foyers d\u2019incendies recens\u00e9s : La situation ma\u00eetris\u00e9e - La Sentinelle","description":"Les unit\u00e9s de la Protection civile ont maitris\u00e9 la majorit\u00e9 des foyers d\u2019incendies recens\u00e9s m\u00eame si une dizaine reste encore active. Ces unit\u00e9s ont d\u00e9nombr\u00e9 47 incendies de for\u00eats, de maquis et de r\u00e9coltes agricoles \u00e0 travers le pays entre samedi 07h00 et samedi 17h00, dont 36 \u00e9taient \u00e9teints et 11 restaient actifs en fin","canonical_url":"https:\/\/lasentinelle.dz\/index.php\/2026\/08\/29\/extinction-de-la-majorite-des-foyers-dincendies-recenses-la-situation-maitrisee\/","robots":"max-image-preview:large","keywords":"","webmasterTools":{"miscellaneous":""},"schema":{"@context":"https:\/\/schema.org","@graph":[{"@type":"BlogPosting","@id":"https:\/\/lasentinelle.dz\/index.php\/2026\/08\/29\/extinction-de-la-majorite-des-foyers-dincendies-recenses-la-situation-maitrisee\/#blogposting","name":"Extinction de la majorit\u00e9 des foyers d\u2019incendies recens\u00e9s : La situation ma\u00eetris\u00e9e - La Sentinelle","headline":"Extinction de la majorit\u00e9 des foyers d\u2019incendies recens\u00e9s\u00a0: La situation ma\u00eetris\u00e9e","author":{"@id":"https:\/\/lasentinelle.dz\/author\/admin\/#author"},"publisher":{"@id":"https:\/\/lasentinelle.dz\/#organization"},"image":{"@type":"ImageObject","url":"https:\/\/lasentinelle.dz\/wp-content\/uploads\/2026\/08\/782169172_1567445662092145_8945243914197827610_n.jpg","width":1200,"height":800},"datePublished":"2026-08-29T21:54:58+01:00","dateModified":"2026-08-29T21:55:00+01:00","inLanguage":"fr-FR","mainEntityOfPage":{"@id":"https:\/\/lasentinelle.dz\/index.php\/2026\/08\/29\/extinction-de-la-majorite-des-foyers-dincendies-recenses-la-situation-maitrisee\/#webpage"},"isPartOf":{"@id":"https:\/\/lasentinelle.dz\/index.php\/2026\/08\/29\/extinction-de-la-majorite-des-foyers-dincendies-recenses-la-situation-maitrisee\/#webpage"},"articleSection":"Actualit\u00e9"},{"@type":"BreadcrumbList","@id":"https:\/\/lasentinelle.dz\/index.php\/2026\/08\/29\/extinction-de-la-majorite-des-foyers-dincendies-recenses-la-situation-maitrisee\/#breadcrumblist","itemListElement":[{"@type":"ListItem","@id":"https:\/\/lasentinelle.dz#listItem","position":1,"name":"Home","item":"https:\/\/lasentinelle.dz","nextItem":{"@type":"ListItem","@id":"https:\/\/lasentinelle.dz\/index.php\/category\/actualite\/#listItem","name":"Actualit\u00e9"}},{"@type":"ListItem","@id":"https:\/\/lasentinelle.dz\/index.php\/category\/actualite\/#listItem","position":2,"name":"Actualit\u00e9","item":"https:\/\/lasentinelle.dz\/index.php\/category\/actualite\/","nextItem":{"@type":"ListItem","@id":"https:\/\/lasentinelle.dz\/index.php\/2026\/08\/29\/extinction-de-la-majorite-des-foyers-dincendies-recenses-la-situation-maitrisee\/#listItem","name":"Extinction de la majorit\u00e9 des foyers d\u2019incendies recens\u00e9s\u00a0: La situation ma\u00eetris\u00e9e"},"previousItem":{"@type":"ListItem","@id":"https:\/\/lasentinelle.dz#listItem","name":"Home"}},{"@type":"ListItem","@id":"https:\/\/lasentinelle.dz\/index.php\/2026\/08\/29\/extinction-de-la-majorite-des-foyers-dincendies-recenses-la-situation-maitrisee\/#listItem","position":3,"name":"Extinction de la majorit\u00e9 des foyers d\u2019incendies recens\u00e9s\u00a0: La situation ma\u00eetris\u00e9e","previousItem":{"@type":"ListItem","@id":"https:\/\/lasentinelle.dz\/index.php\/category\/actualite\/#listItem","name":"Actualit\u00e9"}}]},{"@type":"Organization","@id":"https:\/\/lasentinelle.dz\/#organization","name":"La Sentinelle La Sentinelle","description":"Quotidien national d'information","url":"https:\/\/lasentinelle.dz\/","logo":{"@type":"ImageObject","url":"https:\/\/lasentinelle.dz\/wp-content\/uploads\/2021\/09\/cropped-la-sentinelle-earth-golden-anima-5.gif","@id":"https:\/\/lasentinelle.dz\/index.php\/2026\/08\/29\/extinction-de-la-majorite-des-foyers-dincendies-recenses-la-situation-maitrisee\/#organizationLogo","width":450,"height":213},"image":{"@id":"https:\/\/lasentinelle.dz\/index.php\/2026\/08\/29\/extinction-de-la-majorite-des-foyers-dincendies-recenses-la-situation-maitrisee\/#organizationLogo"},"sameAs":["https:\/\/www.facebook.com\/azzedine.lasentinelle.1"]},{"@type":"Person","@id":"https:\/\/lasentinelle.dz\/author\/admin\/#author","url":"https:\/\/lasentinelle.dz\/author\/admin\/","name":"admin","image":{"@type":"ImageObject","@id":"https:\/\/lasentinelle.dz\/index.php\/2026\/08\/29\/extinction-de-la-majorite-des-foyers-dincendies-recenses-la-situation-maitrisee\/#authorImage","url":"https:\/\/secure.gravatar.com\/avatar\/4c81fed838786e9b53f540bf46533e750f5d292099ae3b66cfc6fb1982e29df7?s=96&d=mm&r=g","width":96,"height":96,"caption":"admin"}},{"@type":"WebPage","@id":"https:\/\/lasentinelle.dz\/index.php\/2026\/08\/29\/extinction-de-la-majorite-des-foyers-dincendies-recenses-la-situation-maitrisee\/#webpage","url":"https:\/\/lasentinelle.dz\/index.php\/2026\/08\/29\/extinction-de-la-majorite-des-foyers-dincendies-recenses-la-situation-maitrisee\/","name":"Extinction de la majorit\u00e9 des foyers d\u2019incendies recens\u00e9s : La situation ma\u00eetris\u00e9e - La Sentinelle","description":"Les unit\u00e9s de la Protection civile ont maitris\u00e9 la majorit\u00e9 des foyers d\u2019incendies recens\u00e9s m\u00eame si une dizaine reste encore active. Ces unit\u00e9s ont d\u00e9nombr\u00e9 47 incendies de for\u00eats, de maquis et de r\u00e9coltes agricoles \u00e0 travers le pays entre samedi 07h00 et samedi 17h00, dont 36 \u00e9taient \u00e9teints et 11 restaient actifs en fin","inLanguage":"fr-FR","isPartOf":{"@id":"https:\/\/lasentinelle.dz\/#website"},"breadcrumb":{"@id":"https:\/\/lasentinelle.dz\/index.php\/2026\/08\/29\/extinction-de-la-majorite-des-foyers-dincendies-recenses-la-situation-maitrisee\/#breadcrumblist"},"author":{"@id":"https:\/\/lasentinelle.dz\/author\/admin\/#author"},"creator":{"@id":"https:\/\/lasentinelle.dz\/author\/admin\/#author"},"image":{"@type":"ImageObject","url":"https:\/\/lasentinelle.dz\/wp-content\/uploads\/2026\/08\/782169172_1567445662092145_8945243914197827610_n.jpg","@id":"https:\/\/lasentinelle.dz\/index.php\/2026\/08\/29\/extinction-de-la-majorite-des-foyers-dincendies-recenses-la-situation-maitrisee\/#mainImage","width":1200,"height":800},"primaryImageOfPage":{"@id":"https:\/\/lasentinelle.dz\/index.php\/2026\/08\/29\/extinction-de-la-majorite-des-foyers-dincendies-recenses-la-situation-maitrisee\/#mainImage"},"datePublished":"2026-08-29T21:54:58+01:00","dateModified":"2026-08-29T21:55:00+01:00"},{"@type":"WebSite","@id":"https:\/\/lasentinelle.dz\/#website","url":"https:\/\/lasentinelle.dz\/","name":"La Sentinelle","description":"Quotidien national d'information","inLanguage":"fr-FR","publisher":{"@id":"https:\/\/lasentinelle.dz\/#organization"}}]},"og:locale":"fr_FR","og:site_name":"La Sentinelle - Quotidien national d'information","og:type":"article","og:title":"Extinction de la majorit\u00e9 des foyers d\u2019incendies recens\u00e9s : La situation ma\u00eetris\u00e9e - La Sentinelle","og:description":"Les unit\u00e9s de la Protection civile ont maitris\u00e9 la majorit\u00e9 des foyers d\u2019incendies recens\u00e9s m\u00eame si une dizaine reste encore active. Ces unit\u00e9s ont d\u00e9nombr\u00e9 47 incendies de for\u00eats, de maquis et de r\u00e9coltes agricoles \u00e0 travers le pays entre samedi 07h00 et samedi 17h00, dont 36 \u00e9taient \u00e9teints et 11 restaient actifs en fin","og:url":"https:\/\/lasentinelle.dz\/index.php\/2026\/08\/29\/extinction-de-la-majorite-des-foyers-dincendies-recenses-la-situation-maitrisee\/","og:image":"https:\/\/lasentinelle.dz\/wp-content\/uploads\/2021\/09\/cropped-la-sentinelle-earth-golden-anima-5.gif","og:image:secure_url":"https:\/\/lasentinelle.dz\/wp-content\/uploads\/2021\/09\/cropped-la-sentinelle-earth-golden-anima-5.gif","og:image:width":450,"og:image:height":213,"article:published_time":"2026-08-29T20:54:58+00:00","article:modified_time":"2026-08-29T20:55:00+00:00","article:publisher":"https:\/\/www.facebook.com\/azzedine.lasentinelle.1","twitter:card":"summary_large_image","twitter:title":"Extinction de la majorit\u00e9 des foyers d\u2019incendies recens\u00e9s : La situation ma\u00eetris\u00e9e - La Sentinelle","twitter:description":"Les unit\u00e9s de la Protection civile ont maitris\u00e9 la majorit\u00e9 des foyers d\u2019incendies recens\u00e9s m\u00eame si une dizaine reste encore active. Ces unit\u00e9s ont d\u00e9nombr\u00e9 47 incendies de for\u00eats, de maquis et de r\u00e9coltes agricoles \u00e0 travers le pays entre samedi 07h00 et samedi 17h00, dont 36 \u00e9taient \u00e9teints et 11 restaient actifs en fin","twitter:image":"https:\/\/lasentinelle.dz\/wp-content\/uploads\/2021\/09\/cropped-la-sentinelle-earth-golden-anima-5.gif"},"aioseo_meta_data":{"post_id":"94569","title":null,"description":null,"keywords":null,"keyphrases":{"focus":{"keyphrase":"","score":0,"analysis":{"keyphraseInTitle":{"score":0,"maxScore":9,"error":1}}},"additional":[]},"primary_term":null,"canonical_url":null,"og_title":null,"og_description":null,"og_object_type":"default","og_image_type":"default","og_image_url":null,"og_image_width":null,"og_image_height":null,"og_image_custom_url":null,"og_image_custom_fields":null,"og_video":"","og_custom_url":null,"og_article_section":null,"og_article_tags":null,"twitter_use_og":false,"twitter_card":"default","twitter_image_type":"default","twitter_image_url":null,"twitter_image_custom_url":null,"twitter_image_custom_fields":null,"twitter_title":null,"twitter_description":null,"schema":{"blockGraphs":[],"customGraphs":[],"default":{"data":{"Article":[],"Course":[],"Dataset":[],"FAQPage":[],"Movie":[],"Person":[],"Product":[],"ProductReview":[],"Car":[],"Recipe":[],"Service":[],"SoftwareApplication":[],"WebPage":[]},"graphName":"BlogPosting","isEnabled":true},"graphs":[]},"schema_type":"default","schema_type_options":null,"pillar_content":false,"robots_default":true,"robots_noindex":false,"robots_noarchive":false,"robots_nosnippet":false,"robots_nofollow":false,"robots_noimageindex":false,"robots_noodp":false,"robots_notranslate":false,"robots_max_snippet":"-1","robots_max_videopreview":"-1","robots_max_imagepreview":"large","priority":null,"frequency":"default","local_seo":null,"breadcrumb_settings":null,"limit_modified_date":false,"ai":{"faqs":[],"keyPoints":[],"schemas":[],"titles":[],"descriptions":[],"socialPosts":{"email":{"subject":"","preview":"","content":""},"linkedin":[],"twitter":[],"facebook":[],"instagram":[]}},"created":"2026-08-29 20:55:01","updated":"2026-08-29 22:01:40","focus_keyword":null,"additional_keywords":null,"truseo_locale":null,"seo_analyzer_scan_date":null},"aioseo_breadcrumb":"<div class=\"aioseo-breadcrumbs\"><span class=\"aioseo-breadcrumb\">\n\t\t\t<a href=\"https:\/\/lasentinelle.dz\" title=\"Home\">Home<\/a>\n\t\t<\/span><span class=\"aioseo-breadcrumb-separator\">&raquo;<\/span><span class=\"aioseo-breadcrumb\">\n\t\t\t<a href=\"https:\/\/lasentinelle.dz\/index.php\/category\/actualite\/\" title=\"Actualit\u00e9\">Actualit\u00e9<\/a>\n\t\t<\/span><span class=\"aioseo-breadcrumb-separator\">&raquo;<\/span><span class=\"aioseo-breadcrumb\">\n\t\t\tExtinction de la majorit\u00e9 des foyers d\u2019incendies recens\u00e9s : La situation ma\u00eetris\u00e9e\n\t\t<\/span><\/div>","aioseo_breadcrumb_json":[{"label":"Home","link":"https:\/\/lasentinelle.dz"},{"label":"Actualit\u00e9","link":"https:\/\/lasentinelle.dz\/index.php\/category\/actualite\/"},{"label":"Extinction de la majorit\u00e9 des foyers d\u2019incendies recens\u00e9s\u00a0: La situation ma\u00eetris\u00e9e","link":"https:\/\/lasentinelle.dz\/index.php\/2026\/08\/29\/extinction-de-la-majorite-des-foyers-dincendies-recenses-la-situation-maitrisee\/"}],"yoast_head":"<!-- This site is optimized with the Yoast SEO plugin v28.3 - https:\/\/yoast.com\/product\/yoast-seo-wordpress\/ -->\n<title>Extinction de la majorit\u00e9 des foyers d\u2019incendies recens\u00e9s\u00a0: La situation ma\u00eetris\u00e9e - La Sentinelle<\/title>\n<meta name=\"robots\" content=\"index, follow, max-snippet:-1, max-image-preview:large, max-video-preview:-1\" \/>\n<link rel=\"canonical\" href=\"https:\/\/lasentinelle.dz\/index.php\/2026\/08\/29\/extinction-de-la-majorite-des-foyers-dincendies-recenses-la-situation-maitrisee\/\" \/>\n<meta property=\"og:locale\" content=\"fr_FR\" \/>\n<meta property=\"og:type\" content=\"article\" \/>\n<meta property=\"og:title\" content=\"Extinction de la majorit\u00e9 des foyers d\u2019incendies recens\u00e9s\u00a0: La situation ma\u00eetris\u00e9e - La Sentinelle\" \/>\n<meta property=\"og:description\" content=\"Les unit\u00e9s de la Protection civile ont maitris\u00e9 la majorit\u00e9 des foyers d\u2019incendies recens\u00e9s m\u00eame si une dizaine reste encore\" \/>\n<meta property=\"og:url\" content=\"https:\/\/lasentinelle.dz\/index.php\/2026\/08\/29\/extinction-de-la-majorite-des-foyers-dincendies-recenses-la-situation-maitrisee\/\" \/>\n<meta property=\"og:site_name\" content=\"La Sentinelle\" \/>\n<meta property=\"article:publisher\" content=\"https:\/\/www.facebook.com\/La-Sentinelle-104059864394773\" \/>\n<meta property=\"article:published_time\" content=\"2026-08-29T20:54:58+00:00\" \/>\n<meta property=\"article:modified_time\" content=\"2026-08-29T20:55:00+00:00\" \/>\n<meta property=\"og:image\" content=\"https:\/\/lasentinelle.dz\/wp-content\/uploads\/2026\/08\/782169172_1567445662092145_8945243914197827610_n.jpg\" \/>\n\t<meta property=\"og:image:width\" content=\"1200\" \/>\n\t<meta property=\"og:image:height\" content=\"800\" \/>\n\t<meta property=\"og:image:type\" content=\"image\/jpeg\" \/>\n<meta name=\"author\" content=\"admin\" \/>\n<meta name=\"twitter:card\" content=\"summary_large_image\" \/>\n<meta name=\"twitter:label1\" content=\"\u00c9crit par\" \/>\n\t<meta name=\"twitter:data1\" content=\"admin\" \/>\n\t<meta name=\"twitter:label2\" content=\"Dur\u00e9e de lecture estim\u00e9e\" \/>\n\t<meta name=\"twitter:data2\" content=\"4 minutes\" \/>\n<script type=\"application\/ld+json\" class=\"yoast-schema-graph\">{\"@context\":\"https:\\\/\\\/schema.org\",\"@graph\":[{\"@type\":\"Article\",\"@id\":\"https:\\\/\\\/lasentinelle.dz\\\/index.php\\\/2026\\\/08\\\/29\\\/extinction-de-la-majorite-des-foyers-dincendies-recenses-la-situation-maitrisee\\\/#article\",\"isPartOf\":{\"@id\":\"https:\\\/\\\/lasentinelle.dz\\\/index.php\\\/2026\\\/08\\\/29\\\/extinction-de-la-majorite-des-foyers-dincendies-recenses-la-situation-maitrisee\\\/\"},\"author\":{\"name\":\"admin\",\"@id\":\"https:\\\/\\\/lasentinelle.dz\\\/#\\\/schema\\\/person\\\/729ee0024f24e0b8c5ec17232f8e8b41\"},\"headline\":\"Extinction de la majorit\u00e9 des foyers d\u2019incendies recens\u00e9s\u00a0: La situation ma\u00eetris\u00e9e\",\"datePublished\":\"2026-08-29T20:54:58+00:00\",\"dateModified\":\"2026-08-29T20:55:00+00:00\",\"mainEntityOfPage\":{\"@id\":\"https:\\\/\\\/lasentinelle.dz\\\/index.php\\\/2026\\\/08\\\/29\\\/extinction-de-la-majorite-des-foyers-dincendies-recenses-la-situation-maitrisee\\\/\"},\"wordCount\":724,\"commentCount\":0,\"publisher\":{\"@id\":\"https:\\\/\\\/lasentinelle.dz\\\/#organization\"},\"image\":{\"@id\":\"https:\\\/\\\/lasentinelle.dz\\\/index.php\\\/2026\\\/08\\\/29\\\/extinction-de-la-majorite-des-foyers-dincendies-recenses-la-situation-maitrisee\\\/#primaryimage\"},\"thumbnailUrl\":\"https:\\\/\\\/lasentinelle.dz\\\/wp-content\\\/uploads\\\/2026\\\/08\\\/782169172_1567445662092145_8945243914197827610_n.jpg\",\"articleSection\":[\"Actualit\u00e9\"],\"inLanguage\":\"fr-FR\",\"potentialAction\":[{\"@type\":\"CommentAction\",\"name\":\"Comment\",\"target\":[\"https:\\\/\\\/lasentinelle.dz\\\/index.php\\\/2026\\\/08\\\/29\\\/extinction-de-la-majorite-des-foyers-dincendies-recenses-la-situation-maitrisee\\\/#respond\"]}]},{\"@type\":\"WebPage\",\"@id\":\"https:\\\/\\\/lasentinelle.dz\\\/index.php\\\/2026\\\/08\\\/29\\\/extinction-de-la-majorite-des-foyers-dincendies-recenses-la-situation-maitrisee\\\/\",\"url\":\"https:\\\/\\\/lasentinelle.dz\\\/index.php\\\/2026\\\/08\\\/29\\\/extinction-de-la-majorite-des-foyers-dincendies-recenses-la-situation-maitrisee\\\/\",\"name\":\"Extinction de la majorit\u00e9 des foyers d\u2019incendies recens\u00e9s\u00a0: La situation ma\u00eetris\u00e9e - La Sentinelle\",\"isPartOf\":{\"@id\":\"https:\\\/\\\/lasentinelle.dz\\\/#website\"},\"primaryImageOfPage\":{\"@id\":\"https:\\\/\\\/lasentinelle.dz\\\/index.php\\\/2026\\\/08\\\/29\\\/extinction-de-la-majorite-des-foyers-dincendies-recenses-la-situation-maitrisee\\\/#primaryimage\"},\"image\":{\"@id\":\"https:\\\/\\\/lasentinelle.dz\\\/index.php\\\/2026\\\/08\\\/29\\\/extinction-de-la-majorite-des-foyers-dincendies-recenses-la-situation-maitrisee\\\/#primaryimage\"},\"thumbnailUrl\":\"https:\\\/\\\/lasentinelle.dz\\\/wp-content\\\/uploads\\\/2026\\\/08\\\/782169172_1567445662092145_8945243914197827610_n.jpg\",\"datePublished\":\"2026-08-29T20:54:58+00:00\",\"dateModified\":\"2026-08-29T20:55:00+00:00\",\"breadcrumb\":{\"@id\":\"https:\\\/\\\/lasentinelle.dz\\\/index.php\\\/2026\\\/08\\\/29\\\/extinction-de-la-majorite-des-foyers-dincendies-recenses-la-situation-maitrisee\\\/#breadcrumb\"},\"inLanguage\":\"fr-FR\",\"potentialAction\":[{\"@type\":\"ReadAction\",\"target\":[\"https:\\\/\\\/lasentinelle.dz\\\/index.php\\\/2026\\\/08\\\/29\\\/extinction-de-la-majorite-des-foyers-dincendies-recenses-la-situation-maitrisee\\\/\"]}]},{\"@type\":\"ImageObject\",\"inLanguage\":\"fr-FR\",\"@id\":\"https:\\\/\\\/lasentinelle.dz\\\/index.php\\\/2026\\\/08\\\/29\\\/extinction-de-la-majorite-des-foyers-dincendies-recenses-la-situation-maitrisee\\\/#primaryimage\",\"url\":\"https:\\\/\\\/lasentinelle.dz\\\/wp-content\\\/uploads\\\/2026\\\/08\\\/782169172_1567445662092145_8945243914197827610_n.jpg\",\"contentUrl\":\"https:\\\/\\\/lasentinelle.dz\\\/wp-content\\\/uploads\\\/2026\\\/08\\\/782169172_1567445662092145_8945243914197827610_n.jpg\",\"width\":1200,\"height\":800},{\"@type\":\"BreadcrumbList\",\"@id\":\"https:\\\/\\\/lasentinelle.dz\\\/index.php\\\/2026\\\/08\\\/29\\\/extinction-de-la-majorite-des-foyers-dincendies-recenses-la-situation-maitrisee\\\/#breadcrumb\",\"itemListElement\":[{\"@type\":\"ListItem\",\"position\":1,\"name\":\"Accueil\",\"item\":\"https:\\\/\\\/lasentinelle.dz\\\/\"},{\"@type\":\"ListItem\",\"position\":2,\"name\":\"Extinction de la majorit\u00e9 des foyers d\u2019incendies recens\u00e9s\u00a0: La situation ma\u00eetris\u00e9e\"}]},{\"@type\":\"WebSite\",\"@id\":\"https:\\\/\\\/lasentinelle.dz\\\/#website\",\"url\":\"https:\\\/\\\/lasentinelle.dz\\\/\",\"name\":\"La Sentinelle\",\"description\":\"Quotidien national d&#039;information\",\"publisher\":{\"@id\":\"https:\\\/\\\/lasentinelle.dz\\\/#organization\"},\"potentialAction\":[{\"@type\":\"SearchAction\",\"target\":{\"@type\":\"EntryPoint\",\"urlTemplate\":\"https:\\\/\\\/lasentinelle.dz\\\/?s={search_term_string}\"},\"query-input\":{\"@type\":\"PropertyValueSpecification\",\"valueRequired\":true,\"valueName\":\"search_term_string\"}}],\"inLanguage\":\"fr-FR\"},{\"@type\":\"Organization\",\"@id\":\"https:\\\/\\\/lasentinelle.dz\\\/#organization\",\"name\":\"Quotidien La Sentinelle\",\"url\":\"https:\\\/\\\/lasentinelle.dz\\\/\",\"logo\":{\"@type\":\"ImageObject\",\"inLanguage\":\"fr-FR\",\"@id\":\"https:\\\/\\\/lasentinelle.dz\\\/#\\\/schema\\\/logo\\\/image\\\/\",\"url\":\"https:\\\/\\\/lasentinelle.dz\\\/wp-content\\\/uploads\\\/2021\\\/09\\\/logo-sentinelleSLOGAN-1.png\",\"contentUrl\":\"https:\\\/\\\/lasentinelle.dz\\\/wp-content\\\/uploads\\\/2021\\\/09\\\/logo-sentinelleSLOGAN-1.png\",\"width\":615,\"height\":142,\"caption\":\"Quotidien La Sentinelle\"},\"image\":{\"@id\":\"https:\\\/\\\/lasentinelle.dz\\\/#\\\/schema\\\/logo\\\/image\\\/\"},\"sameAs\":[\"https:\\\/\\\/www.facebook.com\\\/La-Sentinelle-104059864394773\"]},{\"@type\":\"Person\",\"@id\":\"https:\\\/\\\/lasentinelle.dz\\\/#\\\/schema\\\/person\\\/729ee0024f24e0b8c5ec17232f8e8b41\",\"name\":\"admin\",\"image\":{\"@type\":\"ImageObject\",\"inLanguage\":\"fr-FR\",\"@id\":\"https:\\\/\\\/secure.gravatar.com\\\/avatar\\\/4c81fed838786e9b53f540bf46533e750f5d292099ae3b66cfc6fb1982e29df7?s=96&d=mm&r=g\",\"url\":\"https:\\\/\\\/secure.gravatar.com\\\/avatar\\\/4c81fed838786e9b53f540bf46533e750f5d292099ae3b66cfc6fb1982e29df7?s=96&d=mm&r=g\",\"contentUrl\":\"https:\\\/\\\/secure.gravatar.com\\\/avatar\\\/4c81fed838786e9b53f540bf46533e750f5d292099ae3b66cfc6fb1982e29df7?s=96&d=mm&r=g\",\"caption\":\"admin\"},\"description\":\"admin\",\"url\":\"https:\\\/\\\/lasentinelle.dz\\\/author\\\/admin\\\/\"}]}<\/script>\n<!-- \/ Yoast SEO plugin. -->","yoast_head_json":{"title":"Extinction de la majorit\u00e9 des foyers d\u2019incendies recens\u00e9s\u00a0: La situation ma\u00eetris\u00e9e - La Sentinelle","robots":{"index":"index","follow":"follow","max-snippet":"max-snippet:-1","max-image-preview":"max-image-preview:large","max-video-preview":"max-video-preview:-1"},"canonical":"https:\/\/lasentinelle.dz\/index.php\/2026\/08\/29\/extinction-de-la-majorite-des-foyers-dincendies-recenses-la-situation-maitrisee\/","og_locale":"fr_FR","og_type":"article","og_title":"Extinction de la majorit\u00e9 des foyers d\u2019incendies recens\u00e9s\u00a0: La situation ma\u00eetris\u00e9e - La Sentinelle","og_description":"Les unit\u00e9s de la Protection civile ont maitris\u00e9 la majorit\u00e9 des foyers d\u2019incendies recens\u00e9s m\u00eame si une dizaine reste encore","og_url":"https:\/\/lasentinelle.dz\/index.php\/2026\/08\/29\/extinction-de-la-majorite-des-foyers-dincendies-recenses-la-situation-maitrisee\/","og_site_name":"La Sentinelle","article_publisher":"https:\/\/www.facebook.com\/La-Sentinelle-104059864394773","article_published_time":"2026-08-29T20:54:58+00:00","article_modified_time":"2026-08-29T20:55:00+00:00","og_image":[{"width":1200,"height":800,"url":"https:\/\/lasentinelle.dz\/wp-content\/uploads\/2026\/08\/782169172_1567445662092145_8945243914197827610_n.jpg","type":"image\/jpeg"}],"author":"admin","twitter_card":"summary_large_image","twitter_misc":{"\u00c9crit par":"admin","Dur\u00e9e de lecture estim\u00e9e":"4 minutes"},"schema":{"@context":"https:\/\/schema.org","@graph":[{"@type":"Article","@id":"https:\/\/lasentinelle.dz\/index.php\/2026\/08\/29\/extinction-de-la-majorite-des-foyers-dincendies-recenses-la-situation-maitrisee\/#article","isPartOf":{"@id":"https:\/\/lasentinelle.dz\/index.php\/2026\/08\/29\/extinction-de-la-majorite-des-foyers-dincendies-recenses-la-situation-maitrisee\/"},"author":{"name":"admin","@id":"https:\/\/lasentinelle.dz\/#\/schema\/person\/729ee0024f24e0b8c5ec17232f8e8b41"},"headline":"Extinction de la majorit\u00e9 des foyers d\u2019incendies recens\u00e9s\u00a0: La situation ma\u00eetris\u00e9e","datePublished":"2026-08-29T20:54:58+00:00","dateModified":"2026-08-29T20:55:00+00:00","mainEntityOfPage":{"@id":"https:\/\/lasentinelle.dz\/index.php\/2026\/08\/29\/extinction-de-la-majorite-des-foyers-dincendies-recenses-la-situation-maitrisee\/"},"wordCount":724,"commentCount":0,"publisher":{"@id":"https:\/\/lasentinelle.dz\/#organization"},"image":{"@id":"https:\/\/lasentinelle.dz\/index.php\/2026\/08\/29\/extinction-de-la-majorite-des-foyers-dincendies-recenses-la-situation-maitrisee\/#primaryimage"},"thumbnailUrl":"https:\/\/lasentinelle.dz\/wp-content\/uploads\/2026\/08\/782169172_1567445662092145_8945243914197827610_n.jpg","articleSection":["Actualit\u00e9"],"inLanguage":"fr-FR","potentialAction":[{"@type":"CommentAction","name":"Comment","target":["https:\/\/lasentinelle.dz\/index.php\/2026\/08\/29\/extinction-de-la-majorite-des-foyers-dincendies-recenses-la-situation-maitrisee\/#respond"]}]},{"@type":"WebPage","@id":"https:\/\/lasentinelle.dz\/index.php\/2026\/08\/29\/extinction-de-la-majorite-des-foyers-dincendies-recenses-la-situation-maitrisee\/","url":"https:\/\/lasentinelle.dz\/index.php\/2026\/08\/29\/extinction-de-la-majorite-des-foyers-dincendies-recenses-la-situation-maitrisee\/","name":"Extinction de la majorit\u00e9 des foyers d\u2019incendies recens\u00e9s\u00a0: La situation ma\u00eetris\u00e9e - La Sentinelle","isPartOf":{"@id":"https:\/\/lasentinelle.dz\/#website"},"primaryImageOfPage":{"@id":"https:\/\/lasentinelle.dz\/index.php\/2026\/08\/29\/extinction-de-la-majorite-des-foyers-dincendies-recenses-la-situation-maitrisee\/#primaryimage"},"image":{"@id":"https:\/\/lasentinelle.dz\/index.php\/2026\/08\/29\/extinction-de-la-majorite-des-foyers-dincendies-recenses-la-situation-maitrisee\/#primaryimage"},"thumbnailUrl":"https:\/\/lasentinelle.dz\/wp-content\/uploads\/2026\/08\/782169172_1567445662092145_8945243914197827610_n.jpg","datePublished":"2026-08-29T20:54:58+00:00","dateModified":"2026-08-29T20:55:00+00:00","breadcrumb":{"@id":"https:\/\/lasentinelle.dz\/index.php\/2026\/08\/29\/extinction-de-la-majorite-des-foyers-dincendies-recenses-la-situation-maitrisee\/#breadcrumb"},"inLanguage":"fr-FR","potentialAction":[{"@type":"ReadAction","target":["https:\/\/lasentinelle.dz\/index.php\/2026\/08\/29\/extinction-de-la-majorite-des-foyers-dincendies-recenses-la-situation-maitrisee\/"]}]},{"@type":"ImageObject","inLanguage":"fr-FR","@id":"https:\/\/lasentinelle.dz\/index.php\/2026\/08\/29\/extinction-de-la-majorite-des-foyers-dincendies-recenses-la-situation-maitrisee\/#primaryimage","url":"https:\/\/lasentinelle.dz\/wp-content\/uploads\/2026\/08\/782169172_1567445662092145_8945243914197827610_n.jpg","contentUrl":"https:\/\/lasentinelle.dz\/wp-content\/uploads\/2026\/08\/782169172_1567445662092145_8945243914197827610_n.jpg","width":1200,"height":800},{"@type":"BreadcrumbList","@id":"https:\/\/lasentinelle.dz\/index.php\/2026\/08\/29\/extinction-de-la-majorite-des-foyers-dincendies-recenses-la-situation-maitrisee\/#breadcrumb","itemListElement":[{"@type":"ListItem","position":1,"name":"Accueil","item":"https:\/\/lasentinelle.dz\/"},{"@type":"ListItem","position":2,"name":"Extinction de la majorit\u00e9 des foyers d\u2019incendies recens\u00e9s\u00a0: La situation ma\u00eetris\u00e9e"}]},{"@type":"WebSite","@id":"https:\/\/lasentinelle.dz\/#website","url":"https:\/\/lasentinelle.dz\/","name":"La Sentinelle","description":"Quotidien national d&#039;information","publisher":{"@id":"https:\/\/lasentinelle.dz\/#organization"},"potentialAction":[{"@type":"SearchAction","target":{"@type":"EntryPoint","urlTemplate":"https:\/\/lasentinelle.dz\/?s={search_term_string}"},"query-input":{"@type":"PropertyValueSpecification","valueRequired":true,"valueName":"search_term_string"}}],"inLanguage":"fr-FR"},{"@type":"Organization","@id":"https:\/\/lasentinelle.dz\/#organization","name":"Quotidien La Sentinelle","url":"https:\/\/lasentinelle.dz\/","logo":{"@type":"ImageObject","inLanguage":"fr-FR","@id":"https:\/\/lasentinelle.dz\/#\/schema\/logo\/image\/","url":"https:\/\/lasentinelle.dz\/wp-content\/uploads\/2021\/09\/logo-sentinelleSLOGAN-1.png","contentUrl":"https:\/\/lasentinelle.dz\/wp-content\/uploads\/2021\/09\/logo-sentinelleSLOGAN-1.png","width":615,"height":142,"caption":"Quotidien La Sentinelle"},"image":{"@id":"https:\/\/lasentinelle.dz\/#\/schema\/logo\/image\/"},"sameAs":["https:\/\/www.facebook.com\/La-Sentinelle-104059864394773"]},{"@type":"Person","@id":"https:\/\/lasentinelle.dz\/#\/schema\/person\/729ee0024f24e0b8c5ec17232f8e8b41","name":"admin","image":{"@type":"ImageObject","inLanguage":"fr-FR","@id":"https:\/\/secure.gravatar.com\/avatar\/4c81fed838786e9b53f540bf46533e750f5d292099ae3b66cfc6fb1982e29df7?s=96&d=mm&r=g","url":"https:\/\/secure.gravatar.com\/avatar\/4c81fed838786e9b53f540bf46533e750f5d292099ae3b66cfc6fb1982e29df7?s=96&d=mm&r=g","contentUrl":"https:\/\/secure.gravatar.com\/avatar\/4c81fed838786e9b53f540bf46533e750f5d292099ae3b66cfc6fb1982e29df7?s=96&d=mm&r=g","caption":"admin"},"description":"admin","url":"https:\/\/lasentinelle.dz\/author\/admin\/"}]}},"_links":{"self":[{"href":"https:\/\/lasentinelle.dz\/index.php\/wp-json\/wp\/v2\/posts\/94569","targetHints":{"allow":["GET"]}}],"collection":[{"href":"https:\/\/lasentinelle.dz\/index.php\/wp-json\/wp\/v2\/posts"}],"about":[{"href":"https:\/\/lasentinelle.dz\/index.php\/wp-json\/wp\/v2\/types\/post"}],"author":[{"embeddable":true,"href":"https:\/\/lasentinelle.dz\/index.php\/wp-json\/wp\/v2\/users\/6"}],"replies":[{"embeddable":true,"href":"https:\/\/lasentinelle.dz\/index.php\/wp-json\/wp\/v2\/comments?post=94569"}],"version-history":[{"count":1,"href":"https:\/\/lasentinelle.dz\/index.php\/wp-json\/wp\/v2\/posts\/94569\/revisions"}],"predecessor-version":[{"id":94571,"href":"https:\/\/lasentinelle.dz\/index.php\/wp-json\/wp\/v2\/posts\/94569\/revisions\/94571"}],"wp:featuredmedia":[{"embeddable":true,"href":"https:\/\/lasentinelle.dz\/index.php\/wp-json\/wp\/v2\/media\/94570"}],"wp:attachment":[{"href":"https:\/\/lasentinelle.dz\/index.php\/wp-json\/wp\/v2\/media?parent=94569"}],"wp:term":[{"taxonomy":"category","embeddable":true,"href":"https:\/\/lasentinelle.dz\/index.php\/wp-json\/wp\/v2\/categories?post=94569"},{"taxonomy":"post_tag","embeddable":true,"href":"https:\/\/lasentinelle.dz\/index.php\/wp-json\/wp\/v2\/tags?post=94569"}],"curies":[{"name":"wp","href":"https:\/\/api.w.org\/{rel}","templated":true}]}}