{"id":94573,"date":"2026-08-29T21:56:49","date_gmt":"2026-08-29T20:56:49","guid":{"rendered":"https:\/\/lasentinelle.dz\/?p=94573"},"modified":"2026-08-29T21:56:51","modified_gmt":"2026-08-29T20:56:51","slug":"face-aux-violents-incendies-qui-endeuillent-la-nation-les-algeriens-unis-et-solidaires","status":"publish","type":"post","link":"https:\/\/lasentinelle.dz\/index.php\/2026\/08\/29\/face-aux-violents-incendies-qui-endeuillent-la-nation-les-algeriens-unis-et-solidaires\/","title":{"rendered":"Face aux violents incendies qui endeuillent la Nation\u00a0: Les Alg\u00e9riens unis et solidaires"},"content":{"rendered":"\n<p class=\"wp-block-paragraph\"><em>Des wilayas de l&rsquo;Est et du Centre du pays pansent leurs plaies apr\u00e8s une vague d&rsquo;incendies qui a sem\u00e9 le deuil et la d\u00e9solation. Face \u00e0 l&rsquo;\u00e9preuve, un immense mouvement d&rsquo;entraide s&rsquo;est lev\u00e9 aux quatre coins du<\/em> <em>pays, portant citoyens, associations, institutions religieuses et op\u00e9rateurs \u00e9conomiques dans un m\u00eame \u00e9lan de fraternit\u00e9.<\/em><\/p>\n\n\n\n<p class=\"wp-block-paragraph\">Les flammes ont fini par reculer dans plusieurs localit\u00e9s de Jijel, B\u00e9ja\u00efa, Skikda, Annaba, Guelma et Oum El Bouaghi, mais les s\u00e9quelles restent b\u00e9antes pour des familles priv\u00e9es de toit. Pendant que la Protection civile s&#8217;emploie encore \u00e0 circonscrire les derniers foyers actifs, l&rsquo;\u00c9tat a enclench\u00e9 un dispositif d&rsquo;urgence pour prendre en charge rapidement les populations sinistr\u00e9es, \u00e9paul\u00e9 par un mouvement citoyen d&rsquo;une ampleur peu commune.<\/p>\n\n\n\n<p class=\"wp-block-paragraph\">De toutes les r\u00e9gions d&rsquo;Alg\u00e9rie, des convois de solidarit\u00e9 prennent, jour apr\u00e8s jour, la direction des zones touch\u00e9es, charg\u00e9s de vivres, d&rsquo;eau, de couvertures et de m\u00e9dicaments. Des points de collecte ont surgi dans les grandes comme dans les petites villes, avec une affluence qui ne faiblit ni de jour ni de nuit, des familles venant y d\u00e9poser denr\u00e9es, eau min\u00e9rale, couvertures ou m\u00e9dicaments. D\u00e8s les premi\u00e8res heures, plusieurs administrations avaient d\u00e9j\u00e0 mis leurs \u00e9quipes de terrain en mouvement, \u00e0 commencer par le minist\u00e8re de la Solidarit\u00e9 nationale, en coordination avec les autorit\u00e9s locales.<\/p>\n\n\n\n<p class=\"wp-block-paragraph\">Des instructions ont \u00e9t\u00e9 donn\u00e9es pour activer les cellules de proximit\u00e9 de la solidarit\u00e9 dans les wilayas concern\u00e9es, charg\u00e9es d&rsquo;\u00e9valuer la situation des familles, de mesurer les d\u00e9g\u00e2ts et d&rsquo;acheminer sans d\u00e9lai les aides d&rsquo;urgence. La ministre de la Solidarit\u00e9 nationale, de la Famille et de la Condition de la femme, Mme Soraya Mouloudji, a demand\u00e9 \u00e0 l&rsquo;Agence de d\u00e9veloppement social de renforcer les \u00e9quipes de Jijel avec des effectifs des wilayas voisines, pour atteindre les zones enclav\u00e9es et montagneuses. Elle a insist\u00e9, selon un communiqu\u00e9 du minist\u00e8re, sur \u00ab\u00a0la n\u00e9cessit\u00e9 d&rsquo;adopter un plan de d\u00e9ploiement sur le terrain bien \u00e9tudi\u00e9, permettant aux \u00e9quipes de se rapprocher des familles sinistr\u00e9es et de s&rsquo;enqu\u00e9rir de pr\u00e8s de leurs besoins\u00a0\u00bb. Les cellules de proximit\u00e9 demeurent, pr\u00e9cise le texte, \u00ab\u00a0en \u00e9tat de mobilisation totale, afin de poursuivre leurs interventions sur le terrain et d&rsquo;actualiser en permanence les donn\u00e9es\u00a0\u00bb, un accompagnement psychologique \u00e9tant assur\u00e9 pour les enfants, les femmes et les personnes \u00e2g\u00e9es.<\/p>\n\n\n\n<p class=\"wp-block-paragraph\">Le Croissant-Rouge alg\u00e9rien (CRA) a activ\u00e9 \u00ab\u00a0le syst\u00e8me de r\u00e9ponse sur le terrain\u00a0\u00bb, avec douze ambulances et des \u00e9quipes envoy\u00e9es depuis Bordj Bou Arr\u00e9ridj, Constantine, S\u00e9tif et Tizi Ouzou vers Jijel et B\u00e9ja\u00efa. L&rsquo;organisation a ensuite ouvert une collecte de dons sous le slogan \u00ab\u00a0Ensemble&#8230; pour la solidarit\u00e9 et le secours\u00a0\u00bb, afin d&rsquo; \u00ab\u00a0organiser, trier et acheminer ces aides en fonction des priorit\u00e9s et des besoins r\u00e9els recens\u00e9s\u00a0\u00bb. Des points de regroupement ont \u00e9t\u00e9 am\u00e9nag\u00e9s \u00e0 l&rsquo;entrep\u00f4t central de Blida, \u00e9rig\u00e9 en point central, ainsi qu&rsquo;au si\u00e8ge national d&rsquo;Alger et dans tous les bureaux de wilaya. Les citoyens peuvent joindre les num\u00e9ros 05 58 10 33 99, 07 79 43 70 28, 06 97 02 24 24 et 06 71 12 16 94. Le CRA rappelle avoir d\u00e9j\u00e0 d\u00e9p\u00each\u00e9 vers Skikda, Jijel et Annaba des convois \u00ab\u00a0charg\u00e9s de matelas, couvertures, m\u00e9dicaments, couches et autres produits de premi\u00e8re n\u00e9cessit\u00e9\u00a0\u00bb.<\/p>\n\n\n\n<p class=\"wp-block-paragraph\"><strong>Les jeunes en premi\u00e8re ligne<\/strong><\/p>\n\n\n\n<p class=\"wp-block-paragraph\">Le minist\u00e8re de la Jeunesse a mobilis\u00e9 les \u00e9tablissements sous sa tutelle pour l&rsquo;h\u00e9bergement des sinistr\u00e9s, une action pr\u00e9sent\u00e9e comme l&rsquo;incarnation des \u00ab\u00a0valeurs de solidarit\u00e9 et d&rsquo;entraide sociale en temps de crise\u00a0\u00bb. \u00c0 Guelma, les familles cern\u00e9es par les flammes \u00e0 Bouati Mahmoud ont \u00e9t\u00e9 \u00e9vacu\u00e9es vers la Maison de jeunes Bouchmal Rabah, rest\u00e9e ouverte en permanence. \u00c0 Jijel, complexes sportifs et \u00e9tablissements de jeunesse ont \u00e9t\u00e9 plac\u00e9s en alerte pour accueillir les sinistr\u00e9s. \u00c0 Oum El Bouaghi, la Maison de jeunes Mouloud Kacem Na\u00eft Belkacem, \u00e0 A\u00efn M&rsquo;lila, a \u00e9t\u00e9 transform\u00e9e en centre de collecte des dons. Le minist\u00e8re souligne que ces actions \u00ab\u00a0refl\u00e8tent les valeurs de solidarit\u00e9 et d&rsquo;entraide nationales\u00a0\u00bb, les jeunes volontaires participant aussi \u00e0 l&rsquo;accompagnement psychologique des sinistr\u00e9s.<\/p>\n\n\n\n<p class=\"wp-block-paragraph\">Le minist\u00e8re de la Poste et des T\u00e9l\u00e9communications a annonc\u00e9 le d\u00e9ploiement de stations mobiles pour remplacer les installations endommag\u00e9es, afin de \u00ab\u00a0permettre aux services de s\u00e9curit\u00e9, \u00e0 la Protection civile et aux \u00e9quipes de secours de disposer de moyens de communication rapides et stables\u00a0\u00bb. Le ministre a demand\u00e9 aux op\u00e9rateurs d&rsquo;assurer la gratuit\u00e9 temporaire de leurs services dans les zones touch\u00e9es. Djezzy a ainsi annonc\u00e9 des volumes gratuits d&rsquo;appels, de SMS et d&rsquo;Internet \u00e0 ses clients concern\u00e9s, en soutien \u00e0 \u00ab\u00a0l&rsquo;\u00e9lan national pour surmonter cette \u00e9preuve\u00a0\u00bb. Mobilis offre, pendant une semaine, appels et SMS gratuits vers tous les r\u00e9seaux ainsi qu&rsquo;un acc\u00e8s Internet illimit\u00e9 \u00e0 ses abonn\u00e9s sinistr\u00e9s. Alg\u00e9rie T\u00e9l\u00e9com a rendu gratuits, pour une semaine, ses services Internet et t\u00e9l\u00e9phonie fixe dans les zones touch\u00e9es et avoisinantes.<\/p>\n\n\n\n<p class=\"wp-block-paragraph\"><strong>Les mosqu\u00e9es relaient l&rsquo;appel \u00e0 la fraternit\u00e9<\/strong><\/p>\n\n\n\n<p class=\"wp-block-paragraph\">Apr\u00e8s la pri\u00e8re du vendredi, de vastes campagnes ont \u00e9t\u00e9 lanc\u00e9es \u00e0 travers les mosqu\u00e9es du pays, \u00e0 l&rsquo;initiative des conseils Souboul El Khairat et des mosqu\u00e9es de la R\u00e9publique, se traduisant par l&rsquo;envoi de convois d&rsquo;aides vers les zones touch\u00e9es. Le minist\u00e8re des Affaires religieuses et des Wakfs souligne que ces campagnes \u00ab\u00a0refl\u00e8tent l&rsquo;esprit de solidarit\u00e9 et d&rsquo;entraide caract\u00e9risant la soci\u00e9t\u00e9 alg\u00e9rienne et illustrent le soutien des citoyens aux familles sinistr\u00e9es dans ces moments difficiles\u00a0\u00bb. Les imams avaient rappel\u00e9, dans leurs pr\u00eaches, la n\u00e9cessit\u00e9 de venir en aide aux sinistr\u00e9s, conform\u00e9ment aux valeurs de fraternit\u00e9 pr\u00f4n\u00e9es par l&rsquo;Islam. De l&rsquo;entrep\u00f4t de Blida aux mosqu\u00e9es de quartier, des standards du Croissant-Rouge aux maisons de jeunes transform\u00e9es en centres d&rsquo;accueil, une m\u00eame cha\u00eene de solidarit\u00e9 s&rsquo;est constitu\u00e9e en quelques jours \u00e0 peine. Elle rappelle, dans un moment douloureux pour plusieurs r\u00e9gions du pays, que face aux \u00e9preuves collectives, l&rsquo;Alg\u00e9rie a toujours su r\u00e9pondre par l&rsquo;union et l&rsquo;entraide de ses enfants.<\/p>\n\n\n\n<p class=\"wp-block-paragraph\">Lyna Larbi<\/p>\n","protected":false},"excerpt":{"rendered":"<p>Des wilayas de l&rsquo;Est et du Centre du pays pansent leurs plaies apr\u00e8s une vague d&rsquo;incendies qui a sem\u00e9 le<\/p>\n","protected":false},"author":6,"featured_media":94574,"comment_status":"open","ping_status":"closed","sticky":false,"template":"","format":"standard","meta":{"colormag_page_container_layout":"default_layout","colormag_page_sidebar_layout":"default_layout","om_disable_all_campaigns":false,"_monsterinsights_skip_tracking":false,"footnotes":"","_wpscppro_dont_share_socialmedia":false,"_wpscppro_custom_social_share_image":0,"_facebook_share_type":"default","_twitter_share_type":"default","_linkedin_share_type":"default","_pinterest_share_type":"default","_linkedin_share_type_page":"","_instagram_share_type":"default","_medium_share_type":"default","_threads_share_type":"default","_google_business_share_type":"default","_bluesky_share_type":"default","_mastodon_share_type":"default","_selected_social_profile":[],"_wpsp_enable_custom_social_template":false,"_wpsp_social_scheduling":{"enabled":false,"datetime":null,"platforms":[],"status":"template_only","dateOption":"today","timeOption":"now","customDays":"","customHours":"","customDate":"","customTime":"","schedulingType":"absolute"},"_wpsp_active_default_template":true},"categories":[52,27],"tags":[],"class_list":["post-94573","post","type-post","status-publish","format-standard","has-post-thumbnail","hentry","category-a-la-une","category-actualite"],"aioseo_notices":[],"aioseo_head":"\n\t\t<!-- All in One SEO 5.0.0.1 - aioseo.com -->\n\t<meta name=\"description\" content=\"Des wilayas de l&#039;Est et du Centre du pays pansent leurs plaies apr\u00e8s une vague d&#039;incendies qui a sem\u00e9 le deuil et la d\u00e9solation. Face \u00e0 l&#039;\u00e9preuve, un immense mouvement d&#039;entraide s&#039;est lev\u00e9 aux quatre coins du pays, portant citoyens, associations, institutions religieuses et op\u00e9rateurs \u00e9conomiques dans un m\u00eame \u00e9lan de fraternit\u00e9. Les flammes ont\" \/>\n\t<meta name=\"robots\" content=\"max-image-preview:large\" \/>\n\t<meta name=\"author\" content=\"admin\"\/>\n\t<link rel=\"canonical\" href=\"https:\/\/lasentinelle.dz\/index.php\/2026\/08\/29\/face-aux-violents-incendies-qui-endeuillent-la-nation-les-algeriens-unis-et-solidaires\/\" \/>\n\t<meta name=\"generator\" content=\"All in One SEO (AIOSEO) 5.0.0.1\" \/>\n\t\t<meta property=\"og:locale\" content=\"fr_FR\" \/>\n\t\t<meta property=\"og:site_name\" content=\"La Sentinelle - Quotidien national d&#039;information\" \/>\n\t\t<meta property=\"og:type\" content=\"article\" \/>\n\t\t<meta property=\"og:title\" content=\"Face aux violents incendies qui endeuillent la Nation : Les Alg\u00e9riens unis et solidaires - La Sentinelle\" \/>\n\t\t<meta property=\"og:description\" content=\"Des wilayas de l&#039;Est et du Centre du pays pansent leurs plaies apr\u00e8s une vague d&#039;incendies qui a sem\u00e9 le deuil et la d\u00e9solation. Face \u00e0 l&#039;\u00e9preuve, un immense mouvement d&#039;entraide s&#039;est lev\u00e9 aux quatre coins du pays, portant citoyens, associations, institutions religieuses et op\u00e9rateurs \u00e9conomiques dans un m\u00eame \u00e9lan de fraternit\u00e9. Les flammes ont\" \/>\n\t\t<meta property=\"og:url\" content=\"https:\/\/lasentinelle.dz\/index.php\/2026\/08\/29\/face-aux-violents-incendies-qui-endeuillent-la-nation-les-algeriens-unis-et-solidaires\/\" \/>\n\t\t<meta property=\"og:image\" content=\"https:\/\/lasentinelle.dz\/wp-content\/uploads\/2021\/09\/cropped-la-sentinelle-earth-golden-anima-5.gif\" \/>\n\t\t<meta property=\"og:image:secure_url\" content=\"https:\/\/lasentinelle.dz\/wp-content\/uploads\/2021\/09\/cropped-la-sentinelle-earth-golden-anima-5.gif\" \/>\n\t\t<meta property=\"og:image:width\" content=\"450\" \/>\n\t\t<meta property=\"og:image:height\" content=\"213\" \/>\n\t\t<meta property=\"article:published_time\" content=\"2026-08-29T20:56:49+00:00\" \/>\n\t\t<meta property=\"article:modified_time\" content=\"2026-08-29T20:56:51+00:00\" \/>\n\t\t<meta property=\"article:publisher\" content=\"https:\/\/www.facebook.com\/azzedine.lasentinelle.1\" \/>\n\t\t<meta name=\"twitter:card\" content=\"summary_large_image\" \/>\n\t\t<meta name=\"twitter:title\" content=\"Face aux violents incendies qui endeuillent la Nation : Les Alg\u00e9riens unis et solidaires - La Sentinelle\" \/>\n\t\t<meta name=\"twitter:description\" content=\"Des wilayas de l&#039;Est et du Centre du pays pansent leurs plaies apr\u00e8s une vague d&#039;incendies qui a sem\u00e9 le deuil et la d\u00e9solation. Face \u00e0 l&#039;\u00e9preuve, un immense mouvement d&#039;entraide s&#039;est lev\u00e9 aux quatre coins du pays, portant citoyens, associations, institutions religieuses et op\u00e9rateurs \u00e9conomiques dans un m\u00eame \u00e9lan de fraternit\u00e9. Les flammes ont\" \/>\n\t\t<meta name=\"twitter:image\" content=\"https:\/\/lasentinelle.dz\/wp-content\/uploads\/2021\/09\/cropped-la-sentinelle-earth-golden-anima-5.gif\" \/>\n\t\t<script type=\"application\/ld+json\" class=\"aioseo-schema\">\n\t\t\t{\"@context\":\"https:\\\/\\\/schema.org\",\"@graph\":[{\"@type\":\"BlogPosting\",\"@id\":\"https:\\\/\\\/lasentinelle.dz\\\/index.php\\\/2026\\\/08\\\/29\\\/face-aux-violents-incendies-qui-endeuillent-la-nation-les-algeriens-unis-et-solidaires\\\/#blogposting\",\"name\":\"Face aux violents incendies qui endeuillent la Nation : Les Alg\\u00e9riens unis et solidaires - La Sentinelle\",\"headline\":\"Face aux violents incendies qui endeuillent la Nation\\u00a0: Les Alg\\u00e9riens unis et solidaires\",\"author\":{\"@id\":\"https:\\\/\\\/lasentinelle.dz\\\/author\\\/admin\\\/#author\"},\"publisher\":{\"@id\":\"https:\\\/\\\/lasentinelle.dz\\\/#organization\"},\"image\":{\"@type\":\"ImageObject\",\"url\":\"https:\\\/\\\/lasentinelle.dz\\\/wp-content\\\/uploads\\\/2026\\\/08\\\/solidarite-algerie.webp\",\"width\":1619,\"height\":971},\"datePublished\":\"2026-08-29T21:56:49+01:00\",\"dateModified\":\"2026-08-29T21:56:51+01:00\",\"inLanguage\":\"fr-FR\",\"mainEntityOfPage\":{\"@id\":\"https:\\\/\\\/lasentinelle.dz\\\/index.php\\\/2026\\\/08\\\/29\\\/face-aux-violents-incendies-qui-endeuillent-la-nation-les-algeriens-unis-et-solidaires\\\/#webpage\"},\"isPartOf\":{\"@id\":\"https:\\\/\\\/lasentinelle.dz\\\/index.php\\\/2026\\\/08\\\/29\\\/face-aux-violents-incendies-qui-endeuillent-la-nation-les-algeriens-unis-et-solidaires\\\/#webpage\"},\"articleSection\":\"\\u00c0 la Une, Actualit\\u00e9\"},{\"@type\":\"BreadcrumbList\",\"@id\":\"https:\\\/\\\/lasentinelle.dz\\\/index.php\\\/2026\\\/08\\\/29\\\/face-aux-violents-incendies-qui-endeuillent-la-nation-les-algeriens-unis-et-solidaires\\\/#breadcrumblist\",\"itemListElement\":[{\"@type\":\"ListItem\",\"@id\":\"https:\\\/\\\/lasentinelle.dz#listItem\",\"position\":1,\"name\":\"Home\",\"item\":\"https:\\\/\\\/lasentinelle.dz\",\"nextItem\":{\"@type\":\"ListItem\",\"@id\":\"https:\\\/\\\/lasentinelle.dz\\\/index.php\\\/category\\\/actualite\\\/#listItem\",\"name\":\"Actualit\\u00e9\"}},{\"@type\":\"ListItem\",\"@id\":\"https:\\\/\\\/lasentinelle.dz\\\/index.php\\\/category\\\/actualite\\\/#listItem\",\"position\":2,\"name\":\"Actualit\\u00e9\",\"item\":\"https:\\\/\\\/lasentinelle.dz\\\/index.php\\\/category\\\/actualite\\\/\",\"nextItem\":{\"@type\":\"ListItem\",\"@id\":\"https:\\\/\\\/lasentinelle.dz\\\/index.php\\\/2026\\\/08\\\/29\\\/face-aux-violents-incendies-qui-endeuillent-la-nation-les-algeriens-unis-et-solidaires\\\/#listItem\",\"name\":\"Face aux violents incendies qui endeuillent la Nation\\u00a0: Les Alg\\u00e9riens unis et solidaires\"},\"previousItem\":{\"@type\":\"ListItem\",\"@id\":\"https:\\\/\\\/lasentinelle.dz#listItem\",\"name\":\"Home\"}},{\"@type\":\"ListItem\",\"@id\":\"https:\\\/\\\/lasentinelle.dz\\\/index.php\\\/2026\\\/08\\\/29\\\/face-aux-violents-incendies-qui-endeuillent-la-nation-les-algeriens-unis-et-solidaires\\\/#listItem\",\"position\":3,\"name\":\"Face aux violents incendies qui endeuillent la Nation\\u00a0: Les Alg\\u00e9riens unis et solidaires\",\"previousItem\":{\"@type\":\"ListItem\",\"@id\":\"https:\\\/\\\/lasentinelle.dz\\\/index.php\\\/category\\\/actualite\\\/#listItem\",\"name\":\"Actualit\\u00e9\"}}]},{\"@type\":\"Organization\",\"@id\":\"https:\\\/\\\/lasentinelle.dz\\\/#organization\",\"name\":\"La Sentinelle La Sentinelle\",\"description\":\"Quotidien national d'information\",\"url\":\"https:\\\/\\\/lasentinelle.dz\\\/\",\"logo\":{\"@type\":\"ImageObject\",\"url\":\"https:\\\/\\\/lasentinelle.dz\\\/wp-content\\\/uploads\\\/2021\\\/09\\\/cropped-la-sentinelle-earth-golden-anima-5.gif\",\"@id\":\"https:\\\/\\\/lasentinelle.dz\\\/index.php\\\/2026\\\/08\\\/29\\\/face-aux-violents-incendies-qui-endeuillent-la-nation-les-algeriens-unis-et-solidaires\\\/#organizationLogo\",\"width\":450,\"height\":213},\"image\":{\"@id\":\"https:\\\/\\\/lasentinelle.dz\\\/index.php\\\/2026\\\/08\\\/29\\\/face-aux-violents-incendies-qui-endeuillent-la-nation-les-algeriens-unis-et-solidaires\\\/#organizationLogo\"},\"sameAs\":[\"https:\\\/\\\/www.facebook.com\\\/azzedine.lasentinelle.1\"]},{\"@type\":\"Person\",\"@id\":\"https:\\\/\\\/lasentinelle.dz\\\/author\\\/admin\\\/#author\",\"url\":\"https:\\\/\\\/lasentinelle.dz\\\/author\\\/admin\\\/\",\"name\":\"admin\",\"image\":{\"@type\":\"ImageObject\",\"@id\":\"https:\\\/\\\/lasentinelle.dz\\\/index.php\\\/2026\\\/08\\\/29\\\/face-aux-violents-incendies-qui-endeuillent-la-nation-les-algeriens-unis-et-solidaires\\\/#authorImage\",\"url\":\"https:\\\/\\\/secure.gravatar.com\\\/avatar\\\/4c81fed838786e9b53f540bf46533e750f5d292099ae3b66cfc6fb1982e29df7?s=96&d=mm&r=g\",\"width\":96,\"height\":96,\"caption\":\"admin\"}},{\"@type\":\"WebPage\",\"@id\":\"https:\\\/\\\/lasentinelle.dz\\\/index.php\\\/2026\\\/08\\\/29\\\/face-aux-violents-incendies-qui-endeuillent-la-nation-les-algeriens-unis-et-solidaires\\\/#webpage\",\"url\":\"https:\\\/\\\/lasentinelle.dz\\\/index.php\\\/2026\\\/08\\\/29\\\/face-aux-violents-incendies-qui-endeuillent-la-nation-les-algeriens-unis-et-solidaires\\\/\",\"name\":\"Face aux violents incendies qui endeuillent la Nation : Les Alg\\u00e9riens unis et solidaires - La Sentinelle\",\"description\":\"Des wilayas de l'Est et du Centre du pays pansent leurs plaies apr\\u00e8s une vague d'incendies qui a sem\\u00e9 le deuil et la d\\u00e9solation. Face \\u00e0 l'\\u00e9preuve, un immense mouvement d'entraide s'est lev\\u00e9 aux quatre coins du pays, portant citoyens, associations, institutions religieuses et op\\u00e9rateurs \\u00e9conomiques dans un m\\u00eame \\u00e9lan de fraternit\\u00e9. Les flammes ont\",\"inLanguage\":\"fr-FR\",\"isPartOf\":{\"@id\":\"https:\\\/\\\/lasentinelle.dz\\\/#website\"},\"breadcrumb\":{\"@id\":\"https:\\\/\\\/lasentinelle.dz\\\/index.php\\\/2026\\\/08\\\/29\\\/face-aux-violents-incendies-qui-endeuillent-la-nation-les-algeriens-unis-et-solidaires\\\/#breadcrumblist\"},\"author\":{\"@id\":\"https:\\\/\\\/lasentinelle.dz\\\/author\\\/admin\\\/#author\"},\"creator\":{\"@id\":\"https:\\\/\\\/lasentinelle.dz\\\/author\\\/admin\\\/#author\"},\"image\":{\"@type\":\"ImageObject\",\"url\":\"https:\\\/\\\/lasentinelle.dz\\\/wp-content\\\/uploads\\\/2026\\\/08\\\/solidarite-algerie.webp\",\"@id\":\"https:\\\/\\\/lasentinelle.dz\\\/index.php\\\/2026\\\/08\\\/29\\\/face-aux-violents-incendies-qui-endeuillent-la-nation-les-algeriens-unis-et-solidaires\\\/#mainImage\",\"width\":1619,\"height\":971},\"primaryImageOfPage\":{\"@id\":\"https:\\\/\\\/lasentinelle.dz\\\/index.php\\\/2026\\\/08\\\/29\\\/face-aux-violents-incendies-qui-endeuillent-la-nation-les-algeriens-unis-et-solidaires\\\/#mainImage\"},\"datePublished\":\"2026-08-29T21:56:49+01:00\",\"dateModified\":\"2026-08-29T21:56:51+01:00\"},{\"@type\":\"WebSite\",\"@id\":\"https:\\\/\\\/lasentinelle.dz\\\/#website\",\"url\":\"https:\\\/\\\/lasentinelle.dz\\\/\",\"name\":\"La Sentinelle\",\"description\":\"Quotidien national d'information\",\"inLanguage\":\"fr-FR\",\"publisher\":{\"@id\":\"https:\\\/\\\/lasentinelle.dz\\\/#organization\"}}]}\n\t\t<\/script>\n\t\t<!-- All in One SEO -->\n\n","aioseo_head_json":{"title":"Face aux violents incendies qui endeuillent la Nation : Les Alg\u00e9riens unis et solidaires - La Sentinelle","description":"Des wilayas de l'Est et du Centre du pays pansent leurs plaies apr\u00e8s une vague d'incendies qui a sem\u00e9 le deuil et la d\u00e9solation. Face \u00e0 l'\u00e9preuve, un immense mouvement d'entraide s'est lev\u00e9 aux quatre coins du pays, portant citoyens, associations, institutions religieuses et op\u00e9rateurs \u00e9conomiques dans un m\u00eame \u00e9lan de fraternit\u00e9. Les flammes ont","canonical_url":"https:\/\/lasentinelle.dz\/index.php\/2026\/08\/29\/face-aux-violents-incendies-qui-endeuillent-la-nation-les-algeriens-unis-et-solidaires\/","robots":"max-image-preview:large","keywords":"","webmasterTools":{"miscellaneous":""},"schema":{"@context":"https:\/\/schema.org","@graph":[{"@type":"BlogPosting","@id":"https:\/\/lasentinelle.dz\/index.php\/2026\/08\/29\/face-aux-violents-incendies-qui-endeuillent-la-nation-les-algeriens-unis-et-solidaires\/#blogposting","name":"Face aux violents incendies qui endeuillent la Nation : Les Alg\u00e9riens unis et solidaires - La Sentinelle","headline":"Face aux violents incendies qui endeuillent la Nation\u00a0: Les Alg\u00e9riens unis et solidaires","author":{"@id":"https:\/\/lasentinelle.dz\/author\/admin\/#author"},"publisher":{"@id":"https:\/\/lasentinelle.dz\/#organization"},"image":{"@type":"ImageObject","url":"https:\/\/lasentinelle.dz\/wp-content\/uploads\/2026\/08\/solidarite-algerie.webp","width":1619,"height":971},"datePublished":"2026-08-29T21:56:49+01:00","dateModified":"2026-08-29T21:56:51+01:00","inLanguage":"fr-FR","mainEntityOfPage":{"@id":"https:\/\/lasentinelle.dz\/index.php\/2026\/08\/29\/face-aux-violents-incendies-qui-endeuillent-la-nation-les-algeriens-unis-et-solidaires\/#webpage"},"isPartOf":{"@id":"https:\/\/lasentinelle.dz\/index.php\/2026\/08\/29\/face-aux-violents-incendies-qui-endeuillent-la-nation-les-algeriens-unis-et-solidaires\/#webpage"},"articleSection":"\u00c0 la Une, Actualit\u00e9"},{"@type":"BreadcrumbList","@id":"https:\/\/lasentinelle.dz\/index.php\/2026\/08\/29\/face-aux-violents-incendies-qui-endeuillent-la-nation-les-algeriens-unis-et-solidaires\/#breadcrumblist","itemListElement":[{"@type":"ListItem","@id":"https:\/\/lasentinelle.dz#listItem","position":1,"name":"Home","item":"https:\/\/lasentinelle.dz","nextItem":{"@type":"ListItem","@id":"https:\/\/lasentinelle.dz\/index.php\/category\/actualite\/#listItem","name":"Actualit\u00e9"}},{"@type":"ListItem","@id":"https:\/\/lasentinelle.dz\/index.php\/category\/actualite\/#listItem","position":2,"name":"Actualit\u00e9","item":"https:\/\/lasentinelle.dz\/index.php\/category\/actualite\/","nextItem":{"@type":"ListItem","@id":"https:\/\/lasentinelle.dz\/index.php\/2026\/08\/29\/face-aux-violents-incendies-qui-endeuillent-la-nation-les-algeriens-unis-et-solidaires\/#listItem","name":"Face aux violents incendies qui endeuillent la Nation\u00a0: Les Alg\u00e9riens unis et solidaires"},"previousItem":{"@type":"ListItem","@id":"https:\/\/lasentinelle.dz#listItem","name":"Home"}},{"@type":"ListItem","@id":"https:\/\/lasentinelle.dz\/index.php\/2026\/08\/29\/face-aux-violents-incendies-qui-endeuillent-la-nation-les-algeriens-unis-et-solidaires\/#listItem","position":3,"name":"Face aux violents incendies qui endeuillent la Nation\u00a0: Les Alg\u00e9riens unis et solidaires","previousItem":{"@type":"ListItem","@id":"https:\/\/lasentinelle.dz\/index.php\/category\/actualite\/#listItem","name":"Actualit\u00e9"}}]},{"@type":"Organization","@id":"https:\/\/lasentinelle.dz\/#organization","name":"La Sentinelle La Sentinelle","description":"Quotidien national d'information","url":"https:\/\/lasentinelle.dz\/","logo":{"@type":"ImageObject","url":"https:\/\/lasentinelle.dz\/wp-content\/uploads\/2021\/09\/cropped-la-sentinelle-earth-golden-anima-5.gif","@id":"https:\/\/lasentinelle.dz\/index.php\/2026\/08\/29\/face-aux-violents-incendies-qui-endeuillent-la-nation-les-algeriens-unis-et-solidaires\/#organizationLogo","width":450,"height":213},"image":{"@id":"https:\/\/lasentinelle.dz\/index.php\/2026\/08\/29\/face-aux-violents-incendies-qui-endeuillent-la-nation-les-algeriens-unis-et-solidaires\/#organizationLogo"},"sameAs":["https:\/\/www.facebook.com\/azzedine.lasentinelle.1"]},{"@type":"Person","@id":"https:\/\/lasentinelle.dz\/author\/admin\/#author","url":"https:\/\/lasentinelle.dz\/author\/admin\/","name":"admin","image":{"@type":"ImageObject","@id":"https:\/\/lasentinelle.dz\/index.php\/2026\/08\/29\/face-aux-violents-incendies-qui-endeuillent-la-nation-les-algeriens-unis-et-solidaires\/#authorImage","url":"https:\/\/secure.gravatar.com\/avatar\/4c81fed838786e9b53f540bf46533e750f5d292099ae3b66cfc6fb1982e29df7?s=96&d=mm&r=g","width":96,"height":96,"caption":"admin"}},{"@type":"WebPage","@id":"https:\/\/lasentinelle.dz\/index.php\/2026\/08\/29\/face-aux-violents-incendies-qui-endeuillent-la-nation-les-algeriens-unis-et-solidaires\/#webpage","url":"https:\/\/lasentinelle.dz\/index.php\/2026\/08\/29\/face-aux-violents-incendies-qui-endeuillent-la-nation-les-algeriens-unis-et-solidaires\/","name":"Face aux violents incendies qui endeuillent la Nation : Les Alg\u00e9riens unis et solidaires - La Sentinelle","description":"Des wilayas de l'Est et du Centre du pays pansent leurs plaies apr\u00e8s une vague d'incendies qui a sem\u00e9 le deuil et la d\u00e9solation. Face \u00e0 l'\u00e9preuve, un immense mouvement d'entraide s'est lev\u00e9 aux quatre coins du pays, portant citoyens, associations, institutions religieuses et op\u00e9rateurs \u00e9conomiques dans un m\u00eame \u00e9lan de fraternit\u00e9. Les flammes ont","inLanguage":"fr-FR","isPartOf":{"@id":"https:\/\/lasentinelle.dz\/#website"},"breadcrumb":{"@id":"https:\/\/lasentinelle.dz\/index.php\/2026\/08\/29\/face-aux-violents-incendies-qui-endeuillent-la-nation-les-algeriens-unis-et-solidaires\/#breadcrumblist"},"author":{"@id":"https:\/\/lasentinelle.dz\/author\/admin\/#author"},"creator":{"@id":"https:\/\/lasentinelle.dz\/author\/admin\/#author"},"image":{"@type":"ImageObject","url":"https:\/\/lasentinelle.dz\/wp-content\/uploads\/2026\/08\/solidarite-algerie.webp","@id":"https:\/\/lasentinelle.dz\/index.php\/2026\/08\/29\/face-aux-violents-incendies-qui-endeuillent-la-nation-les-algeriens-unis-et-solidaires\/#mainImage","width":1619,"height":971},"primaryImageOfPage":{"@id":"https:\/\/lasentinelle.dz\/index.php\/2026\/08\/29\/face-aux-violents-incendies-qui-endeuillent-la-nation-les-algeriens-unis-et-solidaires\/#mainImage"},"datePublished":"2026-08-29T21:56:49+01:00","dateModified":"2026-08-29T21:56:51+01:00"},{"@type":"WebSite","@id":"https:\/\/lasentinelle.dz\/#website","url":"https:\/\/lasentinelle.dz\/","name":"La Sentinelle","description":"Quotidien national d'information","inLanguage":"fr-FR","publisher":{"@id":"https:\/\/lasentinelle.dz\/#organization"}}]},"og:locale":"fr_FR","og:site_name":"La Sentinelle - Quotidien national d'information","og:type":"article","og:title":"Face aux violents incendies qui endeuillent la Nation : Les Alg\u00e9riens unis et solidaires - La Sentinelle","og:description":"Des wilayas de l'Est et du Centre du pays pansent leurs plaies apr\u00e8s une vague d'incendies qui a sem\u00e9 le deuil et la d\u00e9solation. Face \u00e0 l'\u00e9preuve, un immense mouvement d'entraide s'est lev\u00e9 aux quatre coins du pays, portant citoyens, associations, institutions religieuses et op\u00e9rateurs \u00e9conomiques dans un m\u00eame \u00e9lan de fraternit\u00e9. Les flammes ont","og:url":"https:\/\/lasentinelle.dz\/index.php\/2026\/08\/29\/face-aux-violents-incendies-qui-endeuillent-la-nation-les-algeriens-unis-et-solidaires\/","og:image":"https:\/\/lasentinelle.dz\/wp-content\/uploads\/2021\/09\/cropped-la-sentinelle-earth-golden-anima-5.gif","og:image:secure_url":"https:\/\/lasentinelle.dz\/wp-content\/uploads\/2021\/09\/cropped-la-sentinelle-earth-golden-anima-5.gif","og:image:width":450,"og:image:height":213,"article:published_time":"2026-08-29T20:56:49+00:00","article:modified_time":"2026-08-29T20:56:51+00:00","article:publisher":"https:\/\/www.facebook.com\/azzedine.lasentinelle.1","twitter:card":"summary_large_image","twitter:title":"Face aux violents incendies qui endeuillent la Nation : Les Alg\u00e9riens unis et solidaires - La Sentinelle","twitter:description":"Des wilayas de l'Est et du Centre du pays pansent leurs plaies apr\u00e8s une vague d'incendies qui a sem\u00e9 le deuil et la d\u00e9solation. Face \u00e0 l'\u00e9preuve, un immense mouvement d'entraide s'est lev\u00e9 aux quatre coins du pays, portant citoyens, associations, institutions religieuses et op\u00e9rateurs \u00e9conomiques dans un m\u00eame \u00e9lan de fraternit\u00e9. Les flammes ont","twitter:image":"https:\/\/lasentinelle.dz\/wp-content\/uploads\/2021\/09\/cropped-la-sentinelle-earth-golden-anima-5.gif"},"aioseo_meta_data":{"post_id":"94573","title":null,"description":null,"keywords":null,"keyphrases":{"focus":{"keyphrase":"","score":0,"analysis":{"keyphraseInTitle":{"score":0,"maxScore":9,"error":1}}},"additional":[]},"primary_term":null,"canonical_url":null,"og_title":null,"og_description":null,"og_object_type":"default","og_image_type":"default","og_image_url":null,"og_image_width":null,"og_image_height":null,"og_image_custom_url":null,"og_image_custom_fields":null,"og_video":"","og_custom_url":null,"og_article_section":null,"og_article_tags":null,"twitter_use_og":false,"twitter_card":"default","twitter_image_type":"default","twitter_image_url":null,"twitter_image_custom_url":null,"twitter_image_custom_fields":null,"twitter_title":null,"twitter_description":null,"schema":{"blockGraphs":[],"customGraphs":[],"default":{"data":{"Article":[],"Course":[],"Dataset":[],"FAQPage":[],"Movie":[],"Person":[],"Product":[],"ProductReview":[],"Car":[],"Recipe":[],"Service":[],"SoftwareApplication":[],"WebPage":[]},"graphName":"BlogPosting","isEnabled":true},"graphs":[]},"schema_type":"default","schema_type_options":null,"pillar_content":false,"robots_default":true,"robots_noindex":false,"robots_noarchive":false,"robots_nosnippet":false,"robots_nofollow":false,"robots_noimageindex":false,"robots_noodp":false,"robots_notranslate":false,"robots_max_snippet":"-1","robots_max_videopreview":"-1","robots_max_imagepreview":"large","priority":null,"frequency":"default","local_seo":null,"breadcrumb_settings":null,"limit_modified_date":false,"ai":{"faqs":[],"keyPoints":[],"schemas":[],"titles":[],"descriptions":[],"socialPosts":{"email":{"subject":"","preview":"","content":""},"linkedin":[],"twitter":[],"facebook":[],"instagram":[]}},"created":"2026-08-29 20:56:51","updated":"2026-08-29 22:01:40","focus_keyword":null,"additional_keywords":null,"truseo_locale":null,"seo_analyzer_scan_date":null},"aioseo_breadcrumb":"<div class=\"aioseo-breadcrumbs\"><span class=\"aioseo-breadcrumb\">\n\t\t\t<a href=\"https:\/\/lasentinelle.dz\" title=\"Home\">Home<\/a>\n\t\t<\/span><span class=\"aioseo-breadcrumb-separator\">&raquo;<\/span><span class=\"aioseo-breadcrumb\">\n\t\t\t<a href=\"https:\/\/lasentinelle.dz\/index.php\/category\/actualite\/\" title=\"Actualit\u00e9\">Actualit\u00e9<\/a>\n\t\t<\/span><span class=\"aioseo-breadcrumb-separator\">&raquo;<\/span><span class=\"aioseo-breadcrumb\">\n\t\t\tFace aux violents incendies qui endeuillent la Nation : Les Alg\u00e9riens unis et solidaires\n\t\t<\/span><\/div>","aioseo_breadcrumb_json":[{"label":"Home","link":"https:\/\/lasentinelle.dz"},{"label":"Actualit\u00e9","link":"https:\/\/lasentinelle.dz\/index.php\/category\/actualite\/"},{"label":"Face aux violents incendies qui endeuillent la Nation\u00a0: Les Alg\u00e9riens unis et solidaires","link":"https:\/\/lasentinelle.dz\/index.php\/2026\/08\/29\/face-aux-violents-incendies-qui-endeuillent-la-nation-les-algeriens-unis-et-solidaires\/"}],"yoast_head":"<!-- This site is optimized with the Yoast SEO plugin v28.3 - https:\/\/yoast.com\/product\/yoast-seo-wordpress\/ -->\n<title>Face aux violents incendies qui endeuillent la Nation\u00a0: Les Alg\u00e9riens unis et solidaires - La Sentinelle<\/title>\n<meta name=\"robots\" content=\"index, follow, max-snippet:-1, max-image-preview:large, max-video-preview:-1\" \/>\n<link rel=\"canonical\" href=\"https:\/\/lasentinelle.dz\/index.php\/2026\/08\/29\/face-aux-violents-incendies-qui-endeuillent-la-nation-les-algeriens-unis-et-solidaires\/\" \/>\n<meta property=\"og:locale\" content=\"fr_FR\" \/>\n<meta property=\"og:type\" content=\"article\" \/>\n<meta property=\"og:title\" content=\"Face aux violents incendies qui endeuillent la Nation\u00a0: Les Alg\u00e9riens unis et solidaires - La Sentinelle\" \/>\n<meta property=\"og:description\" content=\"Des wilayas de l&rsquo;Est et du Centre du pays pansent leurs plaies apr\u00e8s une vague d&rsquo;incendies qui a sem\u00e9 le\" \/>\n<meta property=\"og:url\" content=\"https:\/\/lasentinelle.dz\/index.php\/2026\/08\/29\/face-aux-violents-incendies-qui-endeuillent-la-nation-les-algeriens-unis-et-solidaires\/\" \/>\n<meta property=\"og:site_name\" content=\"La Sentinelle\" \/>\n<meta property=\"article:publisher\" content=\"https:\/\/www.facebook.com\/La-Sentinelle-104059864394773\" \/>\n<meta property=\"article:published_time\" content=\"2026-08-29T20:56:49+00:00\" \/>\n<meta property=\"article:modified_time\" content=\"2026-08-29T20:56:51+00:00\" \/>\n<meta property=\"og:image\" content=\"https:\/\/lasentinelle.dz\/wp-content\/uploads\/2026\/08\/solidarite-algerie.webp\" \/>\n\t<meta property=\"og:image:width\" content=\"1619\" \/>\n\t<meta property=\"og:image:height\" content=\"971\" \/>\n\t<meta property=\"og:image:type\" content=\"image\/webp\" \/>\n<meta name=\"author\" content=\"admin\" \/>\n<meta name=\"twitter:card\" content=\"summary_large_image\" \/>\n<meta name=\"twitter:label1\" content=\"\u00c9crit par\" \/>\n\t<meta name=\"twitter:data1\" content=\"admin\" \/>\n\t<meta name=\"twitter:label2\" content=\"Dur\u00e9e de lecture estim\u00e9e\" \/>\n\t<meta name=\"twitter:data2\" content=\"6 minutes\" \/>\n<script type=\"application\/ld+json\" class=\"yoast-schema-graph\">{\"@context\":\"https:\\\/\\\/schema.org\",\"@graph\":[{\"@type\":\"Article\",\"@id\":\"https:\\\/\\\/lasentinelle.dz\\\/index.php\\\/2026\\\/08\\\/29\\\/face-aux-violents-incendies-qui-endeuillent-la-nation-les-algeriens-unis-et-solidaires\\\/#article\",\"isPartOf\":{\"@id\":\"https:\\\/\\\/lasentinelle.dz\\\/index.php\\\/2026\\\/08\\\/29\\\/face-aux-violents-incendies-qui-endeuillent-la-nation-les-algeriens-unis-et-solidaires\\\/\"},\"author\":{\"name\":\"admin\",\"@id\":\"https:\\\/\\\/lasentinelle.dz\\\/#\\\/schema\\\/person\\\/729ee0024f24e0b8c5ec17232f8e8b41\"},\"headline\":\"Face aux violents incendies qui endeuillent la Nation\u00a0: Les Alg\u00e9riens unis et solidaires\",\"datePublished\":\"2026-08-29T20:56:49+00:00\",\"dateModified\":\"2026-08-29T20:56:51+00:00\",\"mainEntityOfPage\":{\"@id\":\"https:\\\/\\\/lasentinelle.dz\\\/index.php\\\/2026\\\/08\\\/29\\\/face-aux-violents-incendies-qui-endeuillent-la-nation-les-algeriens-unis-et-solidaires\\\/\"},\"wordCount\":1095,\"commentCount\":0,\"publisher\":{\"@id\":\"https:\\\/\\\/lasentinelle.dz\\\/#organization\"},\"image\":{\"@id\":\"https:\\\/\\\/lasentinelle.dz\\\/index.php\\\/2026\\\/08\\\/29\\\/face-aux-violents-incendies-qui-endeuillent-la-nation-les-algeriens-unis-et-solidaires\\\/#primaryimage\"},\"thumbnailUrl\":\"https:\\\/\\\/lasentinelle.dz\\\/wp-content\\\/uploads\\\/2026\\\/08\\\/solidarite-algerie.webp\",\"articleSection\":[\"\u00c0 la Une\",\"Actualit\u00e9\"],\"inLanguage\":\"fr-FR\",\"potentialAction\":[{\"@type\":\"CommentAction\",\"name\":\"Comment\",\"target\":[\"https:\\\/\\\/lasentinelle.dz\\\/index.php\\\/2026\\\/08\\\/29\\\/face-aux-violents-incendies-qui-endeuillent-la-nation-les-algeriens-unis-et-solidaires\\\/#respond\"]}]},{\"@type\":\"WebPage\",\"@id\":\"https:\\\/\\\/lasentinelle.dz\\\/index.php\\\/2026\\\/08\\\/29\\\/face-aux-violents-incendies-qui-endeuillent-la-nation-les-algeriens-unis-et-solidaires\\\/\",\"url\":\"https:\\\/\\\/lasentinelle.dz\\\/index.php\\\/2026\\\/08\\\/29\\\/face-aux-violents-incendies-qui-endeuillent-la-nation-les-algeriens-unis-et-solidaires\\\/\",\"name\":\"Face aux violents incendies qui endeuillent la Nation\u00a0: Les Alg\u00e9riens unis et solidaires - La Sentinelle\",\"isPartOf\":{\"@id\":\"https:\\\/\\\/lasentinelle.dz\\\/#website\"},\"primaryImageOfPage\":{\"@id\":\"https:\\\/\\\/lasentinelle.dz\\\/index.php\\\/2026\\\/08\\\/29\\\/face-aux-violents-incendies-qui-endeuillent-la-nation-les-algeriens-unis-et-solidaires\\\/#primaryimage\"},\"image\":{\"@id\":\"https:\\\/\\\/lasentinelle.dz\\\/index.php\\\/2026\\\/08\\\/29\\\/face-aux-violents-incendies-qui-endeuillent-la-nation-les-algeriens-unis-et-solidaires\\\/#primaryimage\"},\"thumbnailUrl\":\"https:\\\/\\\/lasentinelle.dz\\\/wp-content\\\/uploads\\\/2026\\\/08\\\/solidarite-algerie.webp\",\"datePublished\":\"2026-08-29T20:56:49+00:00\",\"dateModified\":\"2026-08-29T20:56:51+00:00\",\"breadcrumb\":{\"@id\":\"https:\\\/\\\/lasentinelle.dz\\\/index.php\\\/2026\\\/08\\\/29\\\/face-aux-violents-incendies-qui-endeuillent-la-nation-les-algeriens-unis-et-solidaires\\\/#breadcrumb\"},\"inLanguage\":\"fr-FR\",\"potentialAction\":[{\"@type\":\"ReadAction\",\"target\":[\"https:\\\/\\\/lasentinelle.dz\\\/index.php\\\/2026\\\/08\\\/29\\\/face-aux-violents-incendies-qui-endeuillent-la-nation-les-algeriens-unis-et-solidaires\\\/\"]}]},{\"@type\":\"ImageObject\",\"inLanguage\":\"fr-FR\",\"@id\":\"https:\\\/\\\/lasentinelle.dz\\\/index.php\\\/2026\\\/08\\\/29\\\/face-aux-violents-incendies-qui-endeuillent-la-nation-les-algeriens-unis-et-solidaires\\\/#primaryimage\",\"url\":\"https:\\\/\\\/lasentinelle.dz\\\/wp-content\\\/uploads\\\/2026\\\/08\\\/solidarite-algerie.webp\",\"contentUrl\":\"https:\\\/\\\/lasentinelle.dz\\\/wp-content\\\/uploads\\\/2026\\\/08\\\/solidarite-algerie.webp\",\"width\":1619,\"height\":971},{\"@type\":\"BreadcrumbList\",\"@id\":\"https:\\\/\\\/lasentinelle.dz\\\/index.php\\\/2026\\\/08\\\/29\\\/face-aux-violents-incendies-qui-endeuillent-la-nation-les-algeriens-unis-et-solidaires\\\/#breadcrumb\",\"itemListElement\":[{\"@type\":\"ListItem\",\"position\":1,\"name\":\"Accueil\",\"item\":\"https:\\\/\\\/lasentinelle.dz\\\/\"},{\"@type\":\"ListItem\",\"position\":2,\"name\":\"Face aux violents incendies qui endeuillent la Nation\u00a0: Les Alg\u00e9riens unis et solidaires\"}]},{\"@type\":\"WebSite\",\"@id\":\"https:\\\/\\\/lasentinelle.dz\\\/#website\",\"url\":\"https:\\\/\\\/lasentinelle.dz\\\/\",\"name\":\"La Sentinelle\",\"description\":\"Quotidien national d&#039;information\",\"publisher\":{\"@id\":\"https:\\\/\\\/lasentinelle.dz\\\/#organization\"},\"potentialAction\":[{\"@type\":\"SearchAction\",\"target\":{\"@type\":\"EntryPoint\",\"urlTemplate\":\"https:\\\/\\\/lasentinelle.dz\\\/?s={search_term_string}\"},\"query-input\":{\"@type\":\"PropertyValueSpecification\",\"valueRequired\":true,\"valueName\":\"search_term_string\"}}],\"inLanguage\":\"fr-FR\"},{\"@type\":\"Organization\",\"@id\":\"https:\\\/\\\/lasentinelle.dz\\\/#organization\",\"name\":\"Quotidien La Sentinelle\",\"url\":\"https:\\\/\\\/lasentinelle.dz\\\/\",\"logo\":{\"@type\":\"ImageObject\",\"inLanguage\":\"fr-FR\",\"@id\":\"https:\\\/\\\/lasentinelle.dz\\\/#\\\/schema\\\/logo\\\/image\\\/\",\"url\":\"https:\\\/\\\/lasentinelle.dz\\\/wp-content\\\/uploads\\\/2021\\\/09\\\/logo-sentinelleSLOGAN-1.png\",\"contentUrl\":\"https:\\\/\\\/lasentinelle.dz\\\/wp-content\\\/uploads\\\/2021\\\/09\\\/logo-sentinelleSLOGAN-1.png\",\"width\":615,\"height\":142,\"caption\":\"Quotidien La Sentinelle\"},\"image\":{\"@id\":\"https:\\\/\\\/lasentinelle.dz\\\/#\\\/schema\\\/logo\\\/image\\\/\"},\"sameAs\":[\"https:\\\/\\\/www.facebook.com\\\/La-Sentinelle-104059864394773\"]},{\"@type\":\"Person\",\"@id\":\"https:\\\/\\\/lasentinelle.dz\\\/#\\\/schema\\\/person\\\/729ee0024f24e0b8c5ec17232f8e8b41\",\"name\":\"admin\",\"image\":{\"@type\":\"ImageObject\",\"inLanguage\":\"fr-FR\",\"@id\":\"https:\\\/\\\/secure.gravatar.com\\\/avatar\\\/4c81fed838786e9b53f540bf46533e750f5d292099ae3b66cfc6fb1982e29df7?s=96&d=mm&r=g\",\"url\":\"https:\\\/\\\/secure.gravatar.com\\\/avatar\\\/4c81fed838786e9b53f540bf46533e750f5d292099ae3b66cfc6fb1982e29df7?s=96&d=mm&r=g\",\"contentUrl\":\"https:\\\/\\\/secure.gravatar.com\\\/avatar\\\/4c81fed838786e9b53f540bf46533e750f5d292099ae3b66cfc6fb1982e29df7?s=96&d=mm&r=g\",\"caption\":\"admin\"},\"description\":\"admin\",\"url\":\"https:\\\/\\\/lasentinelle.dz\\\/author\\\/admin\\\/\"}]}<\/script>\n<!-- \/ Yoast SEO plugin. -->","yoast_head_json":{"title":"Face aux violents incendies qui endeuillent la Nation\u00a0: Les Alg\u00e9riens unis et solidaires - La Sentinelle","robots":{"index":"index","follow":"follow","max-snippet":"max-snippet:-1","max-image-preview":"max-image-preview:large","max-video-preview":"max-video-preview:-1"},"canonical":"https:\/\/lasentinelle.dz\/index.php\/2026\/08\/29\/face-aux-violents-incendies-qui-endeuillent-la-nation-les-algeriens-unis-et-solidaires\/","og_locale":"fr_FR","og_type":"article","og_title":"Face aux violents incendies qui endeuillent la Nation\u00a0: Les Alg\u00e9riens unis et solidaires - La Sentinelle","og_description":"Des wilayas de l&rsquo;Est et du Centre du pays pansent leurs plaies apr\u00e8s une vague d&rsquo;incendies qui a sem\u00e9 le","og_url":"https:\/\/lasentinelle.dz\/index.php\/2026\/08\/29\/face-aux-violents-incendies-qui-endeuillent-la-nation-les-algeriens-unis-et-solidaires\/","og_site_name":"La Sentinelle","article_publisher":"https:\/\/www.facebook.com\/La-Sentinelle-104059864394773","article_published_time":"2026-08-29T20:56:49+00:00","article_modified_time":"2026-08-29T20:56:51+00:00","og_image":[{"width":1619,"height":971,"url":"https:\/\/lasentinelle.dz\/wp-content\/uploads\/2026\/08\/solidarite-algerie.webp","type":"image\/webp"}],"author":"admin","twitter_card":"summary_large_image","twitter_misc":{"\u00c9crit par":"admin","Dur\u00e9e de lecture estim\u00e9e":"6 minutes"},"schema":{"@context":"https:\/\/schema.org","@graph":[{"@type":"Article","@id":"https:\/\/lasentinelle.dz\/index.php\/2026\/08\/29\/face-aux-violents-incendies-qui-endeuillent-la-nation-les-algeriens-unis-et-solidaires\/#article","isPartOf":{"@id":"https:\/\/lasentinelle.dz\/index.php\/2026\/08\/29\/face-aux-violents-incendies-qui-endeuillent-la-nation-les-algeriens-unis-et-solidaires\/"},"author":{"name":"admin","@id":"https:\/\/lasentinelle.dz\/#\/schema\/person\/729ee0024f24e0b8c5ec17232f8e8b41"},"headline":"Face aux violents incendies qui endeuillent la Nation\u00a0: Les Alg\u00e9riens unis et solidaires","datePublished":"2026-08-29T20:56:49+00:00","dateModified":"2026-08-29T20:56:51+00:00","mainEntityOfPage":{"@id":"https:\/\/lasentinelle.dz\/index.php\/2026\/08\/29\/face-aux-violents-incendies-qui-endeuillent-la-nation-les-algeriens-unis-et-solidaires\/"},"wordCount":1095,"commentCount":0,"publisher":{"@id":"https:\/\/lasentinelle.dz\/#organization"},"image":{"@id":"https:\/\/lasentinelle.dz\/index.php\/2026\/08\/29\/face-aux-violents-incendies-qui-endeuillent-la-nation-les-algeriens-unis-et-solidaires\/#primaryimage"},"thumbnailUrl":"https:\/\/lasentinelle.dz\/wp-content\/uploads\/2026\/08\/solidarite-algerie.webp","articleSection":["\u00c0 la Une","Actualit\u00e9"],"inLanguage":"fr-FR","potentialAction":[{"@type":"CommentAction","name":"Comment","target":["https:\/\/lasentinelle.dz\/index.php\/2026\/08\/29\/face-aux-violents-incendies-qui-endeuillent-la-nation-les-algeriens-unis-et-solidaires\/#respond"]}]},{"@type":"WebPage","@id":"https:\/\/lasentinelle.dz\/index.php\/2026\/08\/29\/face-aux-violents-incendies-qui-endeuillent-la-nation-les-algeriens-unis-et-solidaires\/","url":"https:\/\/lasentinelle.dz\/index.php\/2026\/08\/29\/face-aux-violents-incendies-qui-endeuillent-la-nation-les-algeriens-unis-et-solidaires\/","name":"Face aux violents incendies qui endeuillent la Nation\u00a0: Les Alg\u00e9riens unis et solidaires - La Sentinelle","isPartOf":{"@id":"https:\/\/lasentinelle.dz\/#website"},"primaryImageOfPage":{"@id":"https:\/\/lasentinelle.dz\/index.php\/2026\/08\/29\/face-aux-violents-incendies-qui-endeuillent-la-nation-les-algeriens-unis-et-solidaires\/#primaryimage"},"image":{"@id":"https:\/\/lasentinelle.dz\/index.php\/2026\/08\/29\/face-aux-violents-incendies-qui-endeuillent-la-nation-les-algeriens-unis-et-solidaires\/#primaryimage"},"thumbnailUrl":"https:\/\/lasentinelle.dz\/wp-content\/uploads\/2026\/08\/solidarite-algerie.webp","datePublished":"2026-08-29T20:56:49+00:00","dateModified":"2026-08-29T20:56:51+00:00","breadcrumb":{"@id":"https:\/\/lasentinelle.dz\/index.php\/2026\/08\/29\/face-aux-violents-incendies-qui-endeuillent-la-nation-les-algeriens-unis-et-solidaires\/#breadcrumb"},"inLanguage":"fr-FR","potentialAction":[{"@type":"ReadAction","target":["https:\/\/lasentinelle.dz\/index.php\/2026\/08\/29\/face-aux-violents-incendies-qui-endeuillent-la-nation-les-algeriens-unis-et-solidaires\/"]}]},{"@type":"ImageObject","inLanguage":"fr-FR","@id":"https:\/\/lasentinelle.dz\/index.php\/2026\/08\/29\/face-aux-violents-incendies-qui-endeuillent-la-nation-les-algeriens-unis-et-solidaires\/#primaryimage","url":"https:\/\/lasentinelle.dz\/wp-content\/uploads\/2026\/08\/solidarite-algerie.webp","contentUrl":"https:\/\/lasentinelle.dz\/wp-content\/uploads\/2026\/08\/solidarite-algerie.webp","width":1619,"height":971},{"@type":"BreadcrumbList","@id":"https:\/\/lasentinelle.dz\/index.php\/2026\/08\/29\/face-aux-violents-incendies-qui-endeuillent-la-nation-les-algeriens-unis-et-solidaires\/#breadcrumb","itemListElement":[{"@type":"ListItem","position":1,"name":"Accueil","item":"https:\/\/lasentinelle.dz\/"},{"@type":"ListItem","position":2,"name":"Face aux violents incendies qui endeuillent la Nation\u00a0: Les Alg\u00e9riens unis et solidaires"}]},{"@type":"WebSite","@id":"https:\/\/lasentinelle.dz\/#website","url":"https:\/\/lasentinelle.dz\/","name":"La Sentinelle","description":"Quotidien national d&#039;information","publisher":{"@id":"https:\/\/lasentinelle.dz\/#organization"},"potentialAction":[{"@type":"SearchAction","target":{"@type":"EntryPoint","urlTemplate":"https:\/\/lasentinelle.dz\/?s={search_term_string}"},"query-input":{"@type":"PropertyValueSpecification","valueRequired":true,"valueName":"search_term_string"}}],"inLanguage":"fr-FR"},{"@type":"Organization","@id":"https:\/\/lasentinelle.dz\/#organization","name":"Quotidien La Sentinelle","url":"https:\/\/lasentinelle.dz\/","logo":{"@type":"ImageObject","inLanguage":"fr-FR","@id":"https:\/\/lasentinelle.dz\/#\/schema\/logo\/image\/","url":"https:\/\/lasentinelle.dz\/wp-content\/uploads\/2021\/09\/logo-sentinelleSLOGAN-1.png","contentUrl":"https:\/\/lasentinelle.dz\/wp-content\/uploads\/2021\/09\/logo-sentinelleSLOGAN-1.png","width":615,"height":142,"caption":"Quotidien La Sentinelle"},"image":{"@id":"https:\/\/lasentinelle.dz\/#\/schema\/logo\/image\/"},"sameAs":["https:\/\/www.facebook.com\/La-Sentinelle-104059864394773"]},{"@type":"Person","@id":"https:\/\/lasentinelle.dz\/#\/schema\/person\/729ee0024f24e0b8c5ec17232f8e8b41","name":"admin","image":{"@type":"ImageObject","inLanguage":"fr-FR","@id":"https:\/\/secure.gravatar.com\/avatar\/4c81fed838786e9b53f540bf46533e750f5d292099ae3b66cfc6fb1982e29df7?s=96&d=mm&r=g","url":"https:\/\/secure.gravatar.com\/avatar\/4c81fed838786e9b53f540bf46533e750f5d292099ae3b66cfc6fb1982e29df7?s=96&d=mm&r=g","contentUrl":"https:\/\/secure.gravatar.com\/avatar\/4c81fed838786e9b53f540bf46533e750f5d292099ae3b66cfc6fb1982e29df7?s=96&d=mm&r=g","caption":"admin"},"description":"admin","url":"https:\/\/lasentinelle.dz\/author\/admin\/"}]}},"_links":{"self":[{"href":"https:\/\/lasentinelle.dz\/index.php\/wp-json\/wp\/v2\/posts\/94573","targetHints":{"allow":["GET"]}}],"collection":[{"href":"https:\/\/lasentinelle.dz\/index.php\/wp-json\/wp\/v2\/posts"}],"about":[{"href":"https:\/\/lasentinelle.dz\/index.php\/wp-json\/wp\/v2\/types\/post"}],"author":[{"embeddable":true,"href":"https:\/\/lasentinelle.dz\/index.php\/wp-json\/wp\/v2\/users\/6"}],"replies":[{"embeddable":true,"href":"https:\/\/lasentinelle.dz\/index.php\/wp-json\/wp\/v2\/comments?post=94573"}],"version-history":[{"count":1,"href":"https:\/\/lasentinelle.dz\/index.php\/wp-json\/wp\/v2\/posts\/94573\/revisions"}],"predecessor-version":[{"id":94575,"href":"https:\/\/lasentinelle.dz\/index.php\/wp-json\/wp\/v2\/posts\/94573\/revisions\/94575"}],"wp:featuredmedia":[{"embeddable":true,"href":"https:\/\/lasentinelle.dz\/index.php\/wp-json\/wp\/v2\/media\/94574"}],"wp:attachment":[{"href":"https:\/\/lasentinelle.dz\/index.php\/wp-json\/wp\/v2\/media?parent=94573"}],"wp:term":[{"taxonomy":"category","embeddable":true,"href":"https:\/\/lasentinelle.dz\/index.php\/wp-json\/wp\/v2\/categories?post=94573"},{"taxonomy":"post_tag","embeddable":true,"href":"https:\/\/lasentinelle.dz\/index.php\/wp-json\/wp\/v2\/tags?post=94573"}],"curies":[{"name":"wp","href":"https:\/\/api.w.org\/{rel}","templated":true}]}}