{"id":94583,"date":"2026-08-31T11:02:26","date_gmt":"2026-08-31T10:02:26","guid":{"rendered":"https:\/\/lasentinelle.dz\/?p=94583"},"modified":"2026-08-31T11:02:28","modified_gmt":"2026-08-31T10:02:28","slug":"autoroutes-la-traque-aux-points-noirs-se-poursuit","status":"publish","type":"post","link":"https:\/\/lasentinelle.dz\/index.php\/2026\/08\/31\/autoroutes-la-traque-aux-points-noirs-se-poursuit\/","title":{"rendered":"Autoroutes\u00a0: La traque aux points noirs se poursuit"},"content":{"rendered":"\n<p class=\"wp-block-paragraph\">Rabotage de la chauss\u00e9e sur l&rsquo;autoroute A2, r\u00e9paration des glissi\u00e8res de s\u00e9curit\u00e9 sur l&rsquo;A3, nouveau panneau directionnel pr\u00e8s des Bibans, l&rsquo;Alg\u00e9rienne de gestion des autoroutes a multipli\u00e9 ces derniers jours les chantiers cibl\u00e9s sur les tron\u00e7ons class\u00e9s comme points noirs du r\u00e9seau autoroutier national, dans un effort continu pour am\u00e9liorer l&rsquo;\u00e9tat des routes et renforcer la s\u00e9curit\u00e9 de leurs usagers.<\/p>\n\n\n\n<p class=\"wp-block-paragraph\">Dans un communiqu\u00e9 diffus\u00e9 sur sa page Facebook le minist\u00e8re des Travaux publics pr\u00e9cise que \u00ab\u00a0les efforts des agents et cadres de l&rsquo;Alg\u00e9rienne des autoroutes se poursuivent pour la prise en charge des tron\u00e7ons class\u00e9s comme points noirs au niveau du r\u00e9seau autoroutier, y compris l&rsquo;autoroute est-ouest, \u00e0 travers des op\u00e9rations de maintenance, d&rsquo;am\u00e9nagement et de r\u00e9paration des \u00e9quipements de s\u00e9curit\u00e9\u00a0\u00bb. L&rsquo;objectif affich\u00e9 est d'\u00a0\u00bbam\u00e9liorer l&rsquo;\u00e9tat de la route et renforcer les conditions de s\u00e9curit\u00e9 au profit de ses usagers\u00a0\u00bb, des mots qui r\u00e9sument l&rsquo;esprit d&rsquo;une campagne d&rsquo;entretien men\u00e9e sur plusieurs fronts \u00e0 la fois.<\/p>\n\n\n\n<p class=\"wp-block-paragraph\">Sur l&rsquo;autoroute A2, au niveau de la r\u00e9gion de La\u00e2djiba, en direction d&rsquo;Alger, les \u00e9quipes ont entam\u00e9 une op\u00e9ration de rabotage de la couche de roulement. Le communiqu\u00e9 indique que ce chantier \u00ab\u00a0concerne le rabotage de la couche de roulement au niveau de la voie d&rsquo;urgence et de la premi\u00e8re voie\u00a0\u00bb, sur un tron\u00e7on allant du PK 121+510 au PK 121+428.<\/p>\n\n\n\n<p class=\"wp-block-paragraph\">Plus loin, sur l&rsquo;autoroute A3, au niveau du tron\u00e7on de Bouricha, les agents s&rsquo;attellent \u00e0 la r\u00e9paration des \u00e9quipements de s\u00e9curit\u00e9 de l&rsquo;ouvrage d&rsquo;art OA 07, situ\u00e9 au point kilom\u00e9trique PK 116+620, c\u00f4t\u00e9 terre-plein central, toujours en direction d&rsquo;Alger. L&rsquo;op\u00e9ration, pr\u00e9cise le communiqu\u00e9, \u00ab\u00a0concerne la r\u00e9paration des glissi\u00e8res de s\u00e9curit\u00e9 m\u00e9talliques\u00a0\u00bb, dans le but de \u00ab\u00a0remettre les \u00e9quipements de protection dans leur \u00e9tat normal et de renforcer les conditions de s\u00e9curit\u00e9 routi\u00e8re au niveau de l&rsquo;ouvrage\u00a0\u00bb.<\/p>\n\n\n\n<p class=\"wp-block-paragraph\">Toujours sur l&rsquo;A2, au niveau de l&rsquo;\u00e9changeur des Bibans, un nouveau panneau directionnel a \u00e9t\u00e9 install\u00e9 au point kilom\u00e9trique PK 160+800, apr\u00e8s s\u00e9curisation du site par les agents de patrouille. Une op\u00e9ration pr\u00e9sent\u00e9e comme un moyen d'\u00a0\u00bbam\u00e9liorer la clart\u00e9 de la signalisation et l&rsquo;efficacit\u00e9 de l&rsquo;orientation routi\u00e8re\u00a0\u00bb, afin de \u00ab\u00a0faciliter la circulation des automobilistes et d&rsquo;\u00e9lever le niveau de s\u00e9curit\u00e9 sur la route\u00a0\u00bb.<\/p>\n\n\n\n<p class=\"wp-block-paragraph\">L&rsquo;ensemble de ces chantiers s&rsquo;est accompagn\u00e9 de la mise en place de la signalisation n\u00e9cessaire pour s\u00e9curiser la premi\u00e8re et la troisi\u00e8me voie de circulation. L&rsquo;Alg\u00e9rienne des autoroutes affirme qu&rsquo;une \u00ab\u00a0circulation fluide\u00a0\u00bb a \u00e9t\u00e9 enregistr\u00e9e tout au long de ces interventions, qui s&rsquo;inscrivent, selon ses termes, \u00ab\u00a0dans le cadre des interventions continues visant \u00e0 entretenir le r\u00e9seau autoroutier, \u00e0 am\u00e9liorer les conditions de circulation et \u00e0 garantir la s\u00e9curit\u00e9 de ses usagers\u00a0\u00bb.<\/p>\n\n\n\n<p class=\"wp-block-paragraph\">Samir Benisid<\/p>\n","protected":false},"excerpt":{"rendered":"<p>Rabotage de la chauss\u00e9e sur l&rsquo;autoroute A2, r\u00e9paration des glissi\u00e8res de s\u00e9curit\u00e9 sur l&rsquo;A3, nouveau panneau directionnel pr\u00e8s des Bibans,<\/p>\n","protected":false},"author":6,"featured_media":94584,"comment_status":"open","ping_status":"closed","sticky":false,"template":"","format":"standard","meta":{"colormag_page_container_layout":"default_layout","colormag_page_sidebar_layout":"default_layout","om_disable_all_campaigns":false,"_monsterinsights_skip_tracking":false,"footnotes":"","_wpscppro_dont_share_socialmedia":false,"_wpscppro_custom_social_share_image":0,"_facebook_share_type":"default","_twitter_share_type":"default","_linkedin_share_type":"default","_pinterest_share_type":"default","_linkedin_share_type_page":"","_instagram_share_type":"default","_medium_share_type":"default","_threads_share_type":"default","_google_business_share_type":"default","_bluesky_share_type":"default","_mastodon_share_type":"default","_selected_social_profile":[],"_wpsp_enable_custom_social_template":false,"_wpsp_social_scheduling":{"enabled":false,"datetime":null,"platforms":[],"status":"template_only","dateOption":"today","timeOption":"now","customDays":"","customHours":"","customDate":"","customTime":"","schedulingType":"absolute"},"_wpsp_active_default_template":true},"categories":[27],"tags":[],"class_list":["post-94583","post","type-post","status-publish","format-standard","has-post-thumbnail","hentry","category-actualite"],"aioseo_notices":[],"aioseo_head":"\n\t\t<!-- All in One SEO 5.0.0.1 - aioseo.com -->\n\t<meta name=\"description\" content=\"Rabotage de la chauss\u00e9e sur l&#039;autoroute A2, r\u00e9paration des glissi\u00e8res de s\u00e9curit\u00e9 sur l&#039;A3, nouveau panneau directionnel pr\u00e8s des Bibans, l&#039;Alg\u00e9rienne de gestion des autoroutes a multipli\u00e9 ces derniers jours les chantiers cibl\u00e9s sur les tron\u00e7ons class\u00e9s comme points noirs du r\u00e9seau autoroutier national, dans un effort continu pour am\u00e9liorer l&#039;\u00e9tat des routes et renforcer\" \/>\n\t<meta name=\"robots\" content=\"max-image-preview:large\" \/>\n\t<meta name=\"author\" content=\"admin\"\/>\n\t<link rel=\"canonical\" href=\"https:\/\/lasentinelle.dz\/index.php\/2026\/08\/31\/autoroutes-la-traque-aux-points-noirs-se-poursuit\/\" \/>\n\t<meta name=\"generator\" content=\"All in One SEO (AIOSEO) 5.0.0.1\" \/>\n\t\t<meta property=\"og:locale\" content=\"fr_FR\" \/>\n\t\t<meta property=\"og:site_name\" content=\"La Sentinelle - Quotidien national d&#039;information\" \/>\n\t\t<meta property=\"og:type\" content=\"article\" \/>\n\t\t<meta property=\"og:title\" content=\"Autoroutes : La traque aux points noirs se poursuit - La Sentinelle\" \/>\n\t\t<meta property=\"og:description\" content=\"Rabotage de la chauss\u00e9e sur l&#039;autoroute A2, r\u00e9paration des glissi\u00e8res de s\u00e9curit\u00e9 sur l&#039;A3, nouveau panneau directionnel pr\u00e8s des Bibans, l&#039;Alg\u00e9rienne de gestion des autoroutes a multipli\u00e9 ces derniers jours les chantiers cibl\u00e9s sur les tron\u00e7ons class\u00e9s comme points noirs du r\u00e9seau autoroutier national, dans un effort continu pour am\u00e9liorer l&#039;\u00e9tat des routes et renforcer\" \/>\n\t\t<meta property=\"og:url\" content=\"https:\/\/lasentinelle.dz\/index.php\/2026\/08\/31\/autoroutes-la-traque-aux-points-noirs-se-poursuit\/\" \/>\n\t\t<meta property=\"og:image\" content=\"https:\/\/lasentinelle.dz\/wp-content\/uploads\/2021\/09\/cropped-la-sentinelle-earth-golden-anima-5.gif\" \/>\n\t\t<meta property=\"og:image:secure_url\" content=\"https:\/\/lasentinelle.dz\/wp-content\/uploads\/2021\/09\/cropped-la-sentinelle-earth-golden-anima-5.gif\" \/>\n\t\t<meta property=\"og:image:width\" content=\"450\" \/>\n\t\t<meta property=\"og:image:height\" content=\"213\" \/>\n\t\t<meta property=\"article:published_time\" content=\"2026-08-31T10:02:26+00:00\" \/>\n\t\t<meta property=\"article:modified_time\" content=\"2026-08-31T10:02:28+00:00\" \/>\n\t\t<meta property=\"article:publisher\" content=\"https:\/\/www.facebook.com\/azzedine.lasentinelle.1\" \/>\n\t\t<meta name=\"twitter:card\" content=\"summary_large_image\" \/>\n\t\t<meta name=\"twitter:title\" content=\"Autoroutes : La traque aux points noirs se poursuit - La Sentinelle\" \/>\n\t\t<meta name=\"twitter:description\" content=\"Rabotage de la chauss\u00e9e sur l&#039;autoroute A2, r\u00e9paration des glissi\u00e8res de s\u00e9curit\u00e9 sur l&#039;A3, nouveau panneau directionnel pr\u00e8s des Bibans, l&#039;Alg\u00e9rienne de gestion des autoroutes a multipli\u00e9 ces derniers jours les chantiers cibl\u00e9s sur les tron\u00e7ons class\u00e9s comme points noirs du r\u00e9seau autoroutier national, dans un effort continu pour am\u00e9liorer l&#039;\u00e9tat des routes et renforcer\" \/>\n\t\t<meta name=\"twitter:image\" content=\"https:\/\/lasentinelle.dz\/wp-content\/uploads\/2021\/09\/cropped-la-sentinelle-earth-golden-anima-5.gif\" \/>\n\t\t<script type=\"application\/ld+json\" class=\"aioseo-schema\">\n\t\t\t{\"@context\":\"https:\\\/\\\/schema.org\",\"@graph\":[{\"@type\":\"BlogPosting\",\"@id\":\"https:\\\/\\\/lasentinelle.dz\\\/index.php\\\/2026\\\/08\\\/31\\\/autoroutes-la-traque-aux-points-noirs-se-poursuit\\\/#blogposting\",\"name\":\"Autoroutes : La traque aux points noirs se poursuit - La Sentinelle\",\"headline\":\"Autoroutes\\u00a0: La traque aux points noirs se poursuit\",\"author\":{\"@id\":\"https:\\\/\\\/lasentinelle.dz\\\/author\\\/admin\\\/#author\"},\"publisher\":{\"@id\":\"https:\\\/\\\/lasentinelle.dz\\\/#organization\"},\"image\":{\"@type\":\"ImageObject\",\"url\":\"https:\\\/\\\/lasentinelle.dz\\\/wp-content\\\/uploads\\\/2026\\\/08\\\/travaux-1.jpeg\",\"width\":744,\"height\":464},\"datePublished\":\"2026-08-31T11:02:26+01:00\",\"dateModified\":\"2026-08-31T11:02:28+01:00\",\"inLanguage\":\"fr-FR\",\"mainEntityOfPage\":{\"@id\":\"https:\\\/\\\/lasentinelle.dz\\\/index.php\\\/2026\\\/08\\\/31\\\/autoroutes-la-traque-aux-points-noirs-se-poursuit\\\/#webpage\"},\"isPartOf\":{\"@id\":\"https:\\\/\\\/lasentinelle.dz\\\/index.php\\\/2026\\\/08\\\/31\\\/autoroutes-la-traque-aux-points-noirs-se-poursuit\\\/#webpage\"},\"articleSection\":\"Actualit\\u00e9\"},{\"@type\":\"BreadcrumbList\",\"@id\":\"https:\\\/\\\/lasentinelle.dz\\\/index.php\\\/2026\\\/08\\\/31\\\/autoroutes-la-traque-aux-points-noirs-se-poursuit\\\/#breadcrumblist\",\"itemListElement\":[{\"@type\":\"ListItem\",\"@id\":\"https:\\\/\\\/lasentinelle.dz#listItem\",\"position\":1,\"name\":\"Home\",\"item\":\"https:\\\/\\\/lasentinelle.dz\",\"nextItem\":{\"@type\":\"ListItem\",\"@id\":\"https:\\\/\\\/lasentinelle.dz\\\/index.php\\\/category\\\/actualite\\\/#listItem\",\"name\":\"Actualit\\u00e9\"}},{\"@type\":\"ListItem\",\"@id\":\"https:\\\/\\\/lasentinelle.dz\\\/index.php\\\/category\\\/actualite\\\/#listItem\",\"position\":2,\"name\":\"Actualit\\u00e9\",\"item\":\"https:\\\/\\\/lasentinelle.dz\\\/index.php\\\/category\\\/actualite\\\/\",\"nextItem\":{\"@type\":\"ListItem\",\"@id\":\"https:\\\/\\\/lasentinelle.dz\\\/index.php\\\/2026\\\/08\\\/31\\\/autoroutes-la-traque-aux-points-noirs-se-poursuit\\\/#listItem\",\"name\":\"Autoroutes\\u00a0: La traque aux points noirs se poursuit\"},\"previousItem\":{\"@type\":\"ListItem\",\"@id\":\"https:\\\/\\\/lasentinelle.dz#listItem\",\"name\":\"Home\"}},{\"@type\":\"ListItem\",\"@id\":\"https:\\\/\\\/lasentinelle.dz\\\/index.php\\\/2026\\\/08\\\/31\\\/autoroutes-la-traque-aux-points-noirs-se-poursuit\\\/#listItem\",\"position\":3,\"name\":\"Autoroutes\\u00a0: La traque aux points noirs se poursuit\",\"previousItem\":{\"@type\":\"ListItem\",\"@id\":\"https:\\\/\\\/lasentinelle.dz\\\/index.php\\\/category\\\/actualite\\\/#listItem\",\"name\":\"Actualit\\u00e9\"}}]},{\"@type\":\"Organization\",\"@id\":\"https:\\\/\\\/lasentinelle.dz\\\/#organization\",\"name\":\"La Sentinelle La Sentinelle\",\"description\":\"Quotidien national d'information\",\"url\":\"https:\\\/\\\/lasentinelle.dz\\\/\",\"logo\":{\"@type\":\"ImageObject\",\"url\":\"https:\\\/\\\/lasentinelle.dz\\\/wp-content\\\/uploads\\\/2021\\\/09\\\/cropped-la-sentinelle-earth-golden-anima-5.gif\",\"@id\":\"https:\\\/\\\/lasentinelle.dz\\\/index.php\\\/2026\\\/08\\\/31\\\/autoroutes-la-traque-aux-points-noirs-se-poursuit\\\/#organizationLogo\",\"width\":450,\"height\":213},\"image\":{\"@id\":\"https:\\\/\\\/lasentinelle.dz\\\/index.php\\\/2026\\\/08\\\/31\\\/autoroutes-la-traque-aux-points-noirs-se-poursuit\\\/#organizationLogo\"},\"sameAs\":[\"https:\\\/\\\/www.facebook.com\\\/azzedine.lasentinelle.1\"]},{\"@type\":\"Person\",\"@id\":\"https:\\\/\\\/lasentinelle.dz\\\/author\\\/admin\\\/#author\",\"url\":\"https:\\\/\\\/lasentinelle.dz\\\/author\\\/admin\\\/\",\"name\":\"admin\",\"image\":{\"@type\":\"ImageObject\",\"@id\":\"https:\\\/\\\/lasentinelle.dz\\\/index.php\\\/2026\\\/08\\\/31\\\/autoroutes-la-traque-aux-points-noirs-se-poursuit\\\/#authorImage\",\"url\":\"https:\\\/\\\/secure.gravatar.com\\\/avatar\\\/4c81fed838786e9b53f540bf46533e750f5d292099ae3b66cfc6fb1982e29df7?s=96&d=mm&r=g\",\"width\":96,\"height\":96,\"caption\":\"admin\"}},{\"@type\":\"WebPage\",\"@id\":\"https:\\\/\\\/lasentinelle.dz\\\/index.php\\\/2026\\\/08\\\/31\\\/autoroutes-la-traque-aux-points-noirs-se-poursuit\\\/#webpage\",\"url\":\"https:\\\/\\\/lasentinelle.dz\\\/index.php\\\/2026\\\/08\\\/31\\\/autoroutes-la-traque-aux-points-noirs-se-poursuit\\\/\",\"name\":\"Autoroutes : La traque aux points noirs se poursuit - La Sentinelle\",\"description\":\"Rabotage de la chauss\\u00e9e sur l'autoroute A2, r\\u00e9paration des glissi\\u00e8res de s\\u00e9curit\\u00e9 sur l'A3, nouveau panneau directionnel pr\\u00e8s des Bibans, l'Alg\\u00e9rienne de gestion des autoroutes a multipli\\u00e9 ces derniers jours les chantiers cibl\\u00e9s sur les tron\\u00e7ons class\\u00e9s comme points noirs du r\\u00e9seau autoroutier national, dans un effort continu pour am\\u00e9liorer l'\\u00e9tat des routes et renforcer\",\"inLanguage\":\"fr-FR\",\"isPartOf\":{\"@id\":\"https:\\\/\\\/lasentinelle.dz\\\/#website\"},\"breadcrumb\":{\"@id\":\"https:\\\/\\\/lasentinelle.dz\\\/index.php\\\/2026\\\/08\\\/31\\\/autoroutes-la-traque-aux-points-noirs-se-poursuit\\\/#breadcrumblist\"},\"author\":{\"@id\":\"https:\\\/\\\/lasentinelle.dz\\\/author\\\/admin\\\/#author\"},\"creator\":{\"@id\":\"https:\\\/\\\/lasentinelle.dz\\\/author\\\/admin\\\/#author\"},\"image\":{\"@type\":\"ImageObject\",\"url\":\"https:\\\/\\\/lasentinelle.dz\\\/wp-content\\\/uploads\\\/2026\\\/08\\\/travaux-1.jpeg\",\"@id\":\"https:\\\/\\\/lasentinelle.dz\\\/index.php\\\/2026\\\/08\\\/31\\\/autoroutes-la-traque-aux-points-noirs-se-poursuit\\\/#mainImage\",\"width\":744,\"height\":464},\"primaryImageOfPage\":{\"@id\":\"https:\\\/\\\/lasentinelle.dz\\\/index.php\\\/2026\\\/08\\\/31\\\/autoroutes-la-traque-aux-points-noirs-se-poursuit\\\/#mainImage\"},\"datePublished\":\"2026-08-31T11:02:26+01:00\",\"dateModified\":\"2026-08-31T11:02:28+01:00\"},{\"@type\":\"WebSite\",\"@id\":\"https:\\\/\\\/lasentinelle.dz\\\/#website\",\"url\":\"https:\\\/\\\/lasentinelle.dz\\\/\",\"name\":\"La Sentinelle\",\"description\":\"Quotidien national d'information\",\"inLanguage\":\"fr-FR\",\"publisher\":{\"@id\":\"https:\\\/\\\/lasentinelle.dz\\\/#organization\"}}]}\n\t\t<\/script>\n\t\t<!-- All in One SEO -->\n\n","aioseo_head_json":{"title":"Autoroutes : La traque aux points noirs se poursuit - La Sentinelle","description":"Rabotage de la chauss\u00e9e sur l'autoroute A2, r\u00e9paration des glissi\u00e8res de s\u00e9curit\u00e9 sur l'A3, nouveau panneau directionnel pr\u00e8s des Bibans, l'Alg\u00e9rienne de gestion des autoroutes a multipli\u00e9 ces derniers jours les chantiers cibl\u00e9s sur les tron\u00e7ons class\u00e9s comme points noirs du r\u00e9seau autoroutier national, dans un effort continu pour am\u00e9liorer l'\u00e9tat des routes et renforcer","canonical_url":"https:\/\/lasentinelle.dz\/index.php\/2026\/08\/31\/autoroutes-la-traque-aux-points-noirs-se-poursuit\/","robots":"max-image-preview:large","keywords":"","webmasterTools":{"miscellaneous":""},"schema":{"@context":"https:\/\/schema.org","@graph":[{"@type":"BlogPosting","@id":"https:\/\/lasentinelle.dz\/index.php\/2026\/08\/31\/autoroutes-la-traque-aux-points-noirs-se-poursuit\/#blogposting","name":"Autoroutes : La traque aux points noirs se poursuit - La Sentinelle","headline":"Autoroutes\u00a0: La traque aux points noirs se poursuit","author":{"@id":"https:\/\/lasentinelle.dz\/author\/admin\/#author"},"publisher":{"@id":"https:\/\/lasentinelle.dz\/#organization"},"image":{"@type":"ImageObject","url":"https:\/\/lasentinelle.dz\/wp-content\/uploads\/2026\/08\/travaux-1.jpeg","width":744,"height":464},"datePublished":"2026-08-31T11:02:26+01:00","dateModified":"2026-08-31T11:02:28+01:00","inLanguage":"fr-FR","mainEntityOfPage":{"@id":"https:\/\/lasentinelle.dz\/index.php\/2026\/08\/31\/autoroutes-la-traque-aux-points-noirs-se-poursuit\/#webpage"},"isPartOf":{"@id":"https:\/\/lasentinelle.dz\/index.php\/2026\/08\/31\/autoroutes-la-traque-aux-points-noirs-se-poursuit\/#webpage"},"articleSection":"Actualit\u00e9"},{"@type":"BreadcrumbList","@id":"https:\/\/lasentinelle.dz\/index.php\/2026\/08\/31\/autoroutes-la-traque-aux-points-noirs-se-poursuit\/#breadcrumblist","itemListElement":[{"@type":"ListItem","@id":"https:\/\/lasentinelle.dz#listItem","position":1,"name":"Home","item":"https:\/\/lasentinelle.dz","nextItem":{"@type":"ListItem","@id":"https:\/\/lasentinelle.dz\/index.php\/category\/actualite\/#listItem","name":"Actualit\u00e9"}},{"@type":"ListItem","@id":"https:\/\/lasentinelle.dz\/index.php\/category\/actualite\/#listItem","position":2,"name":"Actualit\u00e9","item":"https:\/\/lasentinelle.dz\/index.php\/category\/actualite\/","nextItem":{"@type":"ListItem","@id":"https:\/\/lasentinelle.dz\/index.php\/2026\/08\/31\/autoroutes-la-traque-aux-points-noirs-se-poursuit\/#listItem","name":"Autoroutes\u00a0: La traque aux points noirs se poursuit"},"previousItem":{"@type":"ListItem","@id":"https:\/\/lasentinelle.dz#listItem","name":"Home"}},{"@type":"ListItem","@id":"https:\/\/lasentinelle.dz\/index.php\/2026\/08\/31\/autoroutes-la-traque-aux-points-noirs-se-poursuit\/#listItem","position":3,"name":"Autoroutes\u00a0: La traque aux points noirs se poursuit","previousItem":{"@type":"ListItem","@id":"https:\/\/lasentinelle.dz\/index.php\/category\/actualite\/#listItem","name":"Actualit\u00e9"}}]},{"@type":"Organization","@id":"https:\/\/lasentinelle.dz\/#organization","name":"La Sentinelle La Sentinelle","description":"Quotidien national d'information","url":"https:\/\/lasentinelle.dz\/","logo":{"@type":"ImageObject","url":"https:\/\/lasentinelle.dz\/wp-content\/uploads\/2021\/09\/cropped-la-sentinelle-earth-golden-anima-5.gif","@id":"https:\/\/lasentinelle.dz\/index.php\/2026\/08\/31\/autoroutes-la-traque-aux-points-noirs-se-poursuit\/#organizationLogo","width":450,"height":213},"image":{"@id":"https:\/\/lasentinelle.dz\/index.php\/2026\/08\/31\/autoroutes-la-traque-aux-points-noirs-se-poursuit\/#organizationLogo"},"sameAs":["https:\/\/www.facebook.com\/azzedine.lasentinelle.1"]},{"@type":"Person","@id":"https:\/\/lasentinelle.dz\/author\/admin\/#author","url":"https:\/\/lasentinelle.dz\/author\/admin\/","name":"admin","image":{"@type":"ImageObject","@id":"https:\/\/lasentinelle.dz\/index.php\/2026\/08\/31\/autoroutes-la-traque-aux-points-noirs-se-poursuit\/#authorImage","url":"https:\/\/secure.gravatar.com\/avatar\/4c81fed838786e9b53f540bf46533e750f5d292099ae3b66cfc6fb1982e29df7?s=96&d=mm&r=g","width":96,"height":96,"caption":"admin"}},{"@type":"WebPage","@id":"https:\/\/lasentinelle.dz\/index.php\/2026\/08\/31\/autoroutes-la-traque-aux-points-noirs-se-poursuit\/#webpage","url":"https:\/\/lasentinelle.dz\/index.php\/2026\/08\/31\/autoroutes-la-traque-aux-points-noirs-se-poursuit\/","name":"Autoroutes : La traque aux points noirs se poursuit - La Sentinelle","description":"Rabotage de la chauss\u00e9e sur l'autoroute A2, r\u00e9paration des glissi\u00e8res de s\u00e9curit\u00e9 sur l'A3, nouveau panneau directionnel pr\u00e8s des Bibans, l'Alg\u00e9rienne de gestion des autoroutes a multipli\u00e9 ces derniers jours les chantiers cibl\u00e9s sur les tron\u00e7ons class\u00e9s comme points noirs du r\u00e9seau autoroutier national, dans un effort continu pour am\u00e9liorer l'\u00e9tat des routes et renforcer","inLanguage":"fr-FR","isPartOf":{"@id":"https:\/\/lasentinelle.dz\/#website"},"breadcrumb":{"@id":"https:\/\/lasentinelle.dz\/index.php\/2026\/08\/31\/autoroutes-la-traque-aux-points-noirs-se-poursuit\/#breadcrumblist"},"author":{"@id":"https:\/\/lasentinelle.dz\/author\/admin\/#author"},"creator":{"@id":"https:\/\/lasentinelle.dz\/author\/admin\/#author"},"image":{"@type":"ImageObject","url":"https:\/\/lasentinelle.dz\/wp-content\/uploads\/2026\/08\/travaux-1.jpeg","@id":"https:\/\/lasentinelle.dz\/index.php\/2026\/08\/31\/autoroutes-la-traque-aux-points-noirs-se-poursuit\/#mainImage","width":744,"height":464},"primaryImageOfPage":{"@id":"https:\/\/lasentinelle.dz\/index.php\/2026\/08\/31\/autoroutes-la-traque-aux-points-noirs-se-poursuit\/#mainImage"},"datePublished":"2026-08-31T11:02:26+01:00","dateModified":"2026-08-31T11:02:28+01:00"},{"@type":"WebSite","@id":"https:\/\/lasentinelle.dz\/#website","url":"https:\/\/lasentinelle.dz\/","name":"La Sentinelle","description":"Quotidien national d'information","inLanguage":"fr-FR","publisher":{"@id":"https:\/\/lasentinelle.dz\/#organization"}}]},"og:locale":"fr_FR","og:site_name":"La Sentinelle - Quotidien national d'information","og:type":"article","og:title":"Autoroutes : La traque aux points noirs se poursuit - La Sentinelle","og:description":"Rabotage de la chauss\u00e9e sur l'autoroute A2, r\u00e9paration des glissi\u00e8res de s\u00e9curit\u00e9 sur l'A3, nouveau panneau directionnel pr\u00e8s des Bibans, l'Alg\u00e9rienne de gestion des autoroutes a multipli\u00e9 ces derniers jours les chantiers cibl\u00e9s sur les tron\u00e7ons class\u00e9s comme points noirs du r\u00e9seau autoroutier national, dans un effort continu pour am\u00e9liorer l'\u00e9tat des routes et renforcer","og:url":"https:\/\/lasentinelle.dz\/index.php\/2026\/08\/31\/autoroutes-la-traque-aux-points-noirs-se-poursuit\/","og:image":"https:\/\/lasentinelle.dz\/wp-content\/uploads\/2021\/09\/cropped-la-sentinelle-earth-golden-anima-5.gif","og:image:secure_url":"https:\/\/lasentinelle.dz\/wp-content\/uploads\/2021\/09\/cropped-la-sentinelle-earth-golden-anima-5.gif","og:image:width":450,"og:image:height":213,"article:published_time":"2026-08-31T10:02:26+00:00","article:modified_time":"2026-08-31T10:02:28+00:00","article:publisher":"https:\/\/www.facebook.com\/azzedine.lasentinelle.1","twitter:card":"summary_large_image","twitter:title":"Autoroutes : La traque aux points noirs se poursuit - La Sentinelle","twitter:description":"Rabotage de la chauss\u00e9e sur l'autoroute A2, r\u00e9paration des glissi\u00e8res de s\u00e9curit\u00e9 sur l'A3, nouveau panneau directionnel pr\u00e8s des Bibans, l'Alg\u00e9rienne de gestion des autoroutes a multipli\u00e9 ces derniers jours les chantiers cibl\u00e9s sur les tron\u00e7ons class\u00e9s comme points noirs du r\u00e9seau autoroutier national, dans un effort continu pour am\u00e9liorer l'\u00e9tat des routes et renforcer","twitter:image":"https:\/\/lasentinelle.dz\/wp-content\/uploads\/2021\/09\/cropped-la-sentinelle-earth-golden-anima-5.gif"},"aioseo_meta_data":{"post_id":"94583","title":null,"description":null,"keywords":null,"keyphrases":{"focus":{"keyphrase":"","score":0,"analysis":{"keyphraseInTitle":{"score":0,"maxScore":9,"error":1}}},"additional":[]},"primary_term":null,"canonical_url":null,"og_title":null,"og_description":null,"og_object_type":"default","og_image_type":"default","og_image_url":null,"og_image_width":null,"og_image_height":null,"og_image_custom_url":null,"og_image_custom_fields":null,"og_video":"","og_custom_url":null,"og_article_section":null,"og_article_tags":null,"twitter_use_og":false,"twitter_card":"default","twitter_image_type":"default","twitter_image_url":null,"twitter_image_custom_url":null,"twitter_image_custom_fields":null,"twitter_title":null,"twitter_description":null,"schema":{"blockGraphs":[],"customGraphs":[],"default":{"data":{"Article":[],"Course":[],"Dataset":[],"FAQPage":[],"Movie":[],"Person":[],"Product":[],"ProductReview":[],"Car":[],"Recipe":[],"Service":[],"SoftwareApplication":[],"WebPage":[]},"graphName":"BlogPosting","isEnabled":true},"graphs":[]},"schema_type":"default","schema_type_options":null,"pillar_content":false,"robots_default":true,"robots_noindex":false,"robots_noarchive":false,"robots_nosnippet":false,"robots_nofollow":false,"robots_noimageindex":false,"robots_noodp":false,"robots_notranslate":false,"robots_max_snippet":"-1","robots_max_videopreview":"-1","robots_max_imagepreview":"large","priority":null,"frequency":"default","local_seo":null,"breadcrumb_settings":null,"limit_modified_date":false,"ai":{"faqs":[],"keyPoints":[],"schemas":[],"titles":[],"descriptions":[],"socialPosts":{"email":{"subject":"","preview":"","content":""},"linkedin":[],"twitter":[],"facebook":[],"instagram":[]}},"created":"2026-08-31 10:02:29","updated":"2026-08-31 11:08:49","focus_keyword":null,"additional_keywords":null,"truseo_locale":null,"seo_analyzer_scan_date":null},"aioseo_breadcrumb":"<div class=\"aioseo-breadcrumbs\"><span class=\"aioseo-breadcrumb\">\n\t\t\t<a href=\"https:\/\/lasentinelle.dz\" title=\"Home\">Home<\/a>\n\t\t<\/span><span class=\"aioseo-breadcrumb-separator\">&raquo;<\/span><span class=\"aioseo-breadcrumb\">\n\t\t\t<a href=\"https:\/\/lasentinelle.dz\/index.php\/category\/actualite\/\" title=\"Actualit\u00e9\">Actualit\u00e9<\/a>\n\t\t<\/span><span class=\"aioseo-breadcrumb-separator\">&raquo;<\/span><span class=\"aioseo-breadcrumb\">\n\t\t\tAutoroutes : La traque aux points noirs se poursuit\n\t\t<\/span><\/div>","aioseo_breadcrumb_json":[{"label":"Home","link":"https:\/\/lasentinelle.dz"},{"label":"Actualit\u00e9","link":"https:\/\/lasentinelle.dz\/index.php\/category\/actualite\/"},{"label":"Autoroutes\u00a0: La traque aux points noirs se poursuit","link":"https:\/\/lasentinelle.dz\/index.php\/2026\/08\/31\/autoroutes-la-traque-aux-points-noirs-se-poursuit\/"}],"yoast_head":"<!-- This site is optimized with the Yoast SEO plugin v28.3 - https:\/\/yoast.com\/product\/yoast-seo-wordpress\/ -->\n<title>Autoroutes\u00a0: La traque aux points noirs se poursuit - La Sentinelle<\/title>\n<meta name=\"robots\" content=\"index, follow, max-snippet:-1, max-image-preview:large, max-video-preview:-1\" \/>\n<link rel=\"canonical\" href=\"https:\/\/lasentinelle.dz\/index.php\/2026\/08\/31\/autoroutes-la-traque-aux-points-noirs-se-poursuit\/\" \/>\n<meta property=\"og:locale\" content=\"fr_FR\" \/>\n<meta property=\"og:type\" content=\"article\" \/>\n<meta property=\"og:title\" content=\"Autoroutes\u00a0: La traque aux points noirs se poursuit - La Sentinelle\" \/>\n<meta property=\"og:description\" content=\"Rabotage de la chauss\u00e9e sur l&rsquo;autoroute A2, r\u00e9paration des glissi\u00e8res de s\u00e9curit\u00e9 sur l&rsquo;A3, nouveau panneau directionnel pr\u00e8s des Bibans,\" \/>\n<meta property=\"og:url\" content=\"https:\/\/lasentinelle.dz\/index.php\/2026\/08\/31\/autoroutes-la-traque-aux-points-noirs-se-poursuit\/\" \/>\n<meta property=\"og:site_name\" content=\"La Sentinelle\" \/>\n<meta property=\"article:publisher\" content=\"https:\/\/www.facebook.com\/La-Sentinelle-104059864394773\" \/>\n<meta property=\"article:published_time\" content=\"2026-08-31T10:02:26+00:00\" \/>\n<meta property=\"article:modified_time\" content=\"2026-08-31T10:02:28+00:00\" \/>\n<meta property=\"og:image\" content=\"https:\/\/lasentinelle.dz\/wp-content\/uploads\/2026\/08\/travaux-1.jpeg\" \/>\n\t<meta property=\"og:image:width\" content=\"744\" \/>\n\t<meta property=\"og:image:height\" content=\"464\" \/>\n\t<meta property=\"og:image:type\" content=\"image\/jpeg\" \/>\n<meta name=\"author\" content=\"admin\" \/>\n<meta name=\"twitter:card\" content=\"summary_large_image\" \/>\n<meta name=\"twitter:label1\" content=\"\u00c9crit par\" \/>\n\t<meta name=\"twitter:data1\" content=\"admin\" \/>\n\t<meta name=\"twitter:label2\" content=\"Dur\u00e9e de lecture estim\u00e9e\" \/>\n\t<meta name=\"twitter:data2\" content=\"3 minutes\" \/>\n<script type=\"application\/ld+json\" class=\"yoast-schema-graph\">{\"@context\":\"https:\\\/\\\/schema.org\",\"@graph\":[{\"@type\":\"Article\",\"@id\":\"https:\\\/\\\/lasentinelle.dz\\\/index.php\\\/2026\\\/08\\\/31\\\/autoroutes-la-traque-aux-points-noirs-se-poursuit\\\/#article\",\"isPartOf\":{\"@id\":\"https:\\\/\\\/lasentinelle.dz\\\/index.php\\\/2026\\\/08\\\/31\\\/autoroutes-la-traque-aux-points-noirs-se-poursuit\\\/\"},\"author\":{\"name\":\"admin\",\"@id\":\"https:\\\/\\\/lasentinelle.dz\\\/#\\\/schema\\\/person\\\/729ee0024f24e0b8c5ec17232f8e8b41\"},\"headline\":\"Autoroutes\u00a0: La traque aux points noirs se poursuit\",\"datePublished\":\"2026-08-31T10:02:26+00:00\",\"dateModified\":\"2026-08-31T10:02:28+00:00\",\"mainEntityOfPage\":{\"@id\":\"https:\\\/\\\/lasentinelle.dz\\\/index.php\\\/2026\\\/08\\\/31\\\/autoroutes-la-traque-aux-points-noirs-se-poursuit\\\/\"},\"wordCount\":522,\"commentCount\":0,\"publisher\":{\"@id\":\"https:\\\/\\\/lasentinelle.dz\\\/#organization\"},\"image\":{\"@id\":\"https:\\\/\\\/lasentinelle.dz\\\/index.php\\\/2026\\\/08\\\/31\\\/autoroutes-la-traque-aux-points-noirs-se-poursuit\\\/#primaryimage\"},\"thumbnailUrl\":\"https:\\\/\\\/lasentinelle.dz\\\/wp-content\\\/uploads\\\/2026\\\/08\\\/travaux-1.jpeg\",\"articleSection\":[\"Actualit\u00e9\"],\"inLanguage\":\"fr-FR\",\"potentialAction\":[{\"@type\":\"CommentAction\",\"name\":\"Comment\",\"target\":[\"https:\\\/\\\/lasentinelle.dz\\\/index.php\\\/2026\\\/08\\\/31\\\/autoroutes-la-traque-aux-points-noirs-se-poursuit\\\/#respond\"]}]},{\"@type\":\"WebPage\",\"@id\":\"https:\\\/\\\/lasentinelle.dz\\\/index.php\\\/2026\\\/08\\\/31\\\/autoroutes-la-traque-aux-points-noirs-se-poursuit\\\/\",\"url\":\"https:\\\/\\\/lasentinelle.dz\\\/index.php\\\/2026\\\/08\\\/31\\\/autoroutes-la-traque-aux-points-noirs-se-poursuit\\\/\",\"name\":\"Autoroutes\u00a0: La traque aux points noirs se poursuit - La Sentinelle\",\"isPartOf\":{\"@id\":\"https:\\\/\\\/lasentinelle.dz\\\/#website\"},\"primaryImageOfPage\":{\"@id\":\"https:\\\/\\\/lasentinelle.dz\\\/index.php\\\/2026\\\/08\\\/31\\\/autoroutes-la-traque-aux-points-noirs-se-poursuit\\\/#primaryimage\"},\"image\":{\"@id\":\"https:\\\/\\\/lasentinelle.dz\\\/index.php\\\/2026\\\/08\\\/31\\\/autoroutes-la-traque-aux-points-noirs-se-poursuit\\\/#primaryimage\"},\"thumbnailUrl\":\"https:\\\/\\\/lasentinelle.dz\\\/wp-content\\\/uploads\\\/2026\\\/08\\\/travaux-1.jpeg\",\"datePublished\":\"2026-08-31T10:02:26+00:00\",\"dateModified\":\"2026-08-31T10:02:28+00:00\",\"breadcrumb\":{\"@id\":\"https:\\\/\\\/lasentinelle.dz\\\/index.php\\\/2026\\\/08\\\/31\\\/autoroutes-la-traque-aux-points-noirs-se-poursuit\\\/#breadcrumb\"},\"inLanguage\":\"fr-FR\",\"potentialAction\":[{\"@type\":\"ReadAction\",\"target\":[\"https:\\\/\\\/lasentinelle.dz\\\/index.php\\\/2026\\\/08\\\/31\\\/autoroutes-la-traque-aux-points-noirs-se-poursuit\\\/\"]}]},{\"@type\":\"ImageObject\",\"inLanguage\":\"fr-FR\",\"@id\":\"https:\\\/\\\/lasentinelle.dz\\\/index.php\\\/2026\\\/08\\\/31\\\/autoroutes-la-traque-aux-points-noirs-se-poursuit\\\/#primaryimage\",\"url\":\"https:\\\/\\\/lasentinelle.dz\\\/wp-content\\\/uploads\\\/2026\\\/08\\\/travaux-1.jpeg\",\"contentUrl\":\"https:\\\/\\\/lasentinelle.dz\\\/wp-content\\\/uploads\\\/2026\\\/08\\\/travaux-1.jpeg\",\"width\":744,\"height\":464},{\"@type\":\"BreadcrumbList\",\"@id\":\"https:\\\/\\\/lasentinelle.dz\\\/index.php\\\/2026\\\/08\\\/31\\\/autoroutes-la-traque-aux-points-noirs-se-poursuit\\\/#breadcrumb\",\"itemListElement\":[{\"@type\":\"ListItem\",\"position\":1,\"name\":\"Accueil\",\"item\":\"https:\\\/\\\/lasentinelle.dz\\\/\"},{\"@type\":\"ListItem\",\"position\":2,\"name\":\"Autoroutes\u00a0: La traque aux points noirs se poursuit\"}]},{\"@type\":\"WebSite\",\"@id\":\"https:\\\/\\\/lasentinelle.dz\\\/#website\",\"url\":\"https:\\\/\\\/lasentinelle.dz\\\/\",\"name\":\"La Sentinelle\",\"description\":\"Quotidien national d&#039;information\",\"publisher\":{\"@id\":\"https:\\\/\\\/lasentinelle.dz\\\/#organization\"},\"potentialAction\":[{\"@type\":\"SearchAction\",\"target\":{\"@type\":\"EntryPoint\",\"urlTemplate\":\"https:\\\/\\\/lasentinelle.dz\\\/?s={search_term_string}\"},\"query-input\":{\"@type\":\"PropertyValueSpecification\",\"valueRequired\":true,\"valueName\":\"search_term_string\"}}],\"inLanguage\":\"fr-FR\"},{\"@type\":\"Organization\",\"@id\":\"https:\\\/\\\/lasentinelle.dz\\\/#organization\",\"name\":\"Quotidien La Sentinelle\",\"url\":\"https:\\\/\\\/lasentinelle.dz\\\/\",\"logo\":{\"@type\":\"ImageObject\",\"inLanguage\":\"fr-FR\",\"@id\":\"https:\\\/\\\/lasentinelle.dz\\\/#\\\/schema\\\/logo\\\/image\\\/\",\"url\":\"https:\\\/\\\/lasentinelle.dz\\\/wp-content\\\/uploads\\\/2021\\\/09\\\/logo-sentinelleSLOGAN-1.png\",\"contentUrl\":\"https:\\\/\\\/lasentinelle.dz\\\/wp-content\\\/uploads\\\/2021\\\/09\\\/logo-sentinelleSLOGAN-1.png\",\"width\":615,\"height\":142,\"caption\":\"Quotidien La Sentinelle\"},\"image\":{\"@id\":\"https:\\\/\\\/lasentinelle.dz\\\/#\\\/schema\\\/logo\\\/image\\\/\"},\"sameAs\":[\"https:\\\/\\\/www.facebook.com\\\/La-Sentinelle-104059864394773\"]},{\"@type\":\"Person\",\"@id\":\"https:\\\/\\\/lasentinelle.dz\\\/#\\\/schema\\\/person\\\/729ee0024f24e0b8c5ec17232f8e8b41\",\"name\":\"admin\",\"image\":{\"@type\":\"ImageObject\",\"inLanguage\":\"fr-FR\",\"@id\":\"https:\\\/\\\/secure.gravatar.com\\\/avatar\\\/4c81fed838786e9b53f540bf46533e750f5d292099ae3b66cfc6fb1982e29df7?s=96&d=mm&r=g\",\"url\":\"https:\\\/\\\/secure.gravatar.com\\\/avatar\\\/4c81fed838786e9b53f540bf46533e750f5d292099ae3b66cfc6fb1982e29df7?s=96&d=mm&r=g\",\"contentUrl\":\"https:\\\/\\\/secure.gravatar.com\\\/avatar\\\/4c81fed838786e9b53f540bf46533e750f5d292099ae3b66cfc6fb1982e29df7?s=96&d=mm&r=g\",\"caption\":\"admin\"},\"description\":\"admin\",\"url\":\"https:\\\/\\\/lasentinelle.dz\\\/author\\\/admin\\\/\"}]}<\/script>\n<!-- \/ Yoast SEO plugin. -->","yoast_head_json":{"title":"Autoroutes\u00a0: La traque aux points noirs se poursuit - La Sentinelle","robots":{"index":"index","follow":"follow","max-snippet":"max-snippet:-1","max-image-preview":"max-image-preview:large","max-video-preview":"max-video-preview:-1"},"canonical":"https:\/\/lasentinelle.dz\/index.php\/2026\/08\/31\/autoroutes-la-traque-aux-points-noirs-se-poursuit\/","og_locale":"fr_FR","og_type":"article","og_title":"Autoroutes\u00a0: La traque aux points noirs se poursuit - La Sentinelle","og_description":"Rabotage de la chauss\u00e9e sur l&rsquo;autoroute A2, r\u00e9paration des glissi\u00e8res de s\u00e9curit\u00e9 sur l&rsquo;A3, nouveau panneau directionnel pr\u00e8s des Bibans,","og_url":"https:\/\/lasentinelle.dz\/index.php\/2026\/08\/31\/autoroutes-la-traque-aux-points-noirs-se-poursuit\/","og_site_name":"La Sentinelle","article_publisher":"https:\/\/www.facebook.com\/La-Sentinelle-104059864394773","article_published_time":"2026-08-31T10:02:26+00:00","article_modified_time":"2026-08-31T10:02:28+00:00","og_image":[{"width":744,"height":464,"url":"https:\/\/lasentinelle.dz\/wp-content\/uploads\/2026\/08\/travaux-1.jpeg","type":"image\/jpeg"}],"author":"admin","twitter_card":"summary_large_image","twitter_misc":{"\u00c9crit par":"admin","Dur\u00e9e de lecture estim\u00e9e":"3 minutes"},"schema":{"@context":"https:\/\/schema.org","@graph":[{"@type":"Article","@id":"https:\/\/lasentinelle.dz\/index.php\/2026\/08\/31\/autoroutes-la-traque-aux-points-noirs-se-poursuit\/#article","isPartOf":{"@id":"https:\/\/lasentinelle.dz\/index.php\/2026\/08\/31\/autoroutes-la-traque-aux-points-noirs-se-poursuit\/"},"author":{"name":"admin","@id":"https:\/\/lasentinelle.dz\/#\/schema\/person\/729ee0024f24e0b8c5ec17232f8e8b41"},"headline":"Autoroutes\u00a0: La traque aux points noirs se poursuit","datePublished":"2026-08-31T10:02:26+00:00","dateModified":"2026-08-31T10:02:28+00:00","mainEntityOfPage":{"@id":"https:\/\/lasentinelle.dz\/index.php\/2026\/08\/31\/autoroutes-la-traque-aux-points-noirs-se-poursuit\/"},"wordCount":522,"commentCount":0,"publisher":{"@id":"https:\/\/lasentinelle.dz\/#organization"},"image":{"@id":"https:\/\/lasentinelle.dz\/index.php\/2026\/08\/31\/autoroutes-la-traque-aux-points-noirs-se-poursuit\/#primaryimage"},"thumbnailUrl":"https:\/\/lasentinelle.dz\/wp-content\/uploads\/2026\/08\/travaux-1.jpeg","articleSection":["Actualit\u00e9"],"inLanguage":"fr-FR","potentialAction":[{"@type":"CommentAction","name":"Comment","target":["https:\/\/lasentinelle.dz\/index.php\/2026\/08\/31\/autoroutes-la-traque-aux-points-noirs-se-poursuit\/#respond"]}]},{"@type":"WebPage","@id":"https:\/\/lasentinelle.dz\/index.php\/2026\/08\/31\/autoroutes-la-traque-aux-points-noirs-se-poursuit\/","url":"https:\/\/lasentinelle.dz\/index.php\/2026\/08\/31\/autoroutes-la-traque-aux-points-noirs-se-poursuit\/","name":"Autoroutes\u00a0: La traque aux points noirs se poursuit - La Sentinelle","isPartOf":{"@id":"https:\/\/lasentinelle.dz\/#website"},"primaryImageOfPage":{"@id":"https:\/\/lasentinelle.dz\/index.php\/2026\/08\/31\/autoroutes-la-traque-aux-points-noirs-se-poursuit\/#primaryimage"},"image":{"@id":"https:\/\/lasentinelle.dz\/index.php\/2026\/08\/31\/autoroutes-la-traque-aux-points-noirs-se-poursuit\/#primaryimage"},"thumbnailUrl":"https:\/\/lasentinelle.dz\/wp-content\/uploads\/2026\/08\/travaux-1.jpeg","datePublished":"2026-08-31T10:02:26+00:00","dateModified":"2026-08-31T10:02:28+00:00","breadcrumb":{"@id":"https:\/\/lasentinelle.dz\/index.php\/2026\/08\/31\/autoroutes-la-traque-aux-points-noirs-se-poursuit\/#breadcrumb"},"inLanguage":"fr-FR","potentialAction":[{"@type":"ReadAction","target":["https:\/\/lasentinelle.dz\/index.php\/2026\/08\/31\/autoroutes-la-traque-aux-points-noirs-se-poursuit\/"]}]},{"@type":"ImageObject","inLanguage":"fr-FR","@id":"https:\/\/lasentinelle.dz\/index.php\/2026\/08\/31\/autoroutes-la-traque-aux-points-noirs-se-poursuit\/#primaryimage","url":"https:\/\/lasentinelle.dz\/wp-content\/uploads\/2026\/08\/travaux-1.jpeg","contentUrl":"https:\/\/lasentinelle.dz\/wp-content\/uploads\/2026\/08\/travaux-1.jpeg","width":744,"height":464},{"@type":"BreadcrumbList","@id":"https:\/\/lasentinelle.dz\/index.php\/2026\/08\/31\/autoroutes-la-traque-aux-points-noirs-se-poursuit\/#breadcrumb","itemListElement":[{"@type":"ListItem","position":1,"name":"Accueil","item":"https:\/\/lasentinelle.dz\/"},{"@type":"ListItem","position":2,"name":"Autoroutes\u00a0: La traque aux points noirs se poursuit"}]},{"@type":"WebSite","@id":"https:\/\/lasentinelle.dz\/#website","url":"https:\/\/lasentinelle.dz\/","name":"La Sentinelle","description":"Quotidien national d&#039;information","publisher":{"@id":"https:\/\/lasentinelle.dz\/#organization"},"potentialAction":[{"@type":"SearchAction","target":{"@type":"EntryPoint","urlTemplate":"https:\/\/lasentinelle.dz\/?s={search_term_string}"},"query-input":{"@type":"PropertyValueSpecification","valueRequired":true,"valueName":"search_term_string"}}],"inLanguage":"fr-FR"},{"@type":"Organization","@id":"https:\/\/lasentinelle.dz\/#organization","name":"Quotidien La Sentinelle","url":"https:\/\/lasentinelle.dz\/","logo":{"@type":"ImageObject","inLanguage":"fr-FR","@id":"https:\/\/lasentinelle.dz\/#\/schema\/logo\/image\/","url":"https:\/\/lasentinelle.dz\/wp-content\/uploads\/2021\/09\/logo-sentinelleSLOGAN-1.png","contentUrl":"https:\/\/lasentinelle.dz\/wp-content\/uploads\/2021\/09\/logo-sentinelleSLOGAN-1.png","width":615,"height":142,"caption":"Quotidien La Sentinelle"},"image":{"@id":"https:\/\/lasentinelle.dz\/#\/schema\/logo\/image\/"},"sameAs":["https:\/\/www.facebook.com\/La-Sentinelle-104059864394773"]},{"@type":"Person","@id":"https:\/\/lasentinelle.dz\/#\/schema\/person\/729ee0024f24e0b8c5ec17232f8e8b41","name":"admin","image":{"@type":"ImageObject","inLanguage":"fr-FR","@id":"https:\/\/secure.gravatar.com\/avatar\/4c81fed838786e9b53f540bf46533e750f5d292099ae3b66cfc6fb1982e29df7?s=96&d=mm&r=g","url":"https:\/\/secure.gravatar.com\/avatar\/4c81fed838786e9b53f540bf46533e750f5d292099ae3b66cfc6fb1982e29df7?s=96&d=mm&r=g","contentUrl":"https:\/\/secure.gravatar.com\/avatar\/4c81fed838786e9b53f540bf46533e750f5d292099ae3b66cfc6fb1982e29df7?s=96&d=mm&r=g","caption":"admin"},"description":"admin","url":"https:\/\/lasentinelle.dz\/author\/admin\/"}]}},"_links":{"self":[{"href":"https:\/\/lasentinelle.dz\/index.php\/wp-json\/wp\/v2\/posts\/94583","targetHints":{"allow":["GET"]}}],"collection":[{"href":"https:\/\/lasentinelle.dz\/index.php\/wp-json\/wp\/v2\/posts"}],"about":[{"href":"https:\/\/lasentinelle.dz\/index.php\/wp-json\/wp\/v2\/types\/post"}],"author":[{"embeddable":true,"href":"https:\/\/lasentinelle.dz\/index.php\/wp-json\/wp\/v2\/users\/6"}],"replies":[{"embeddable":true,"href":"https:\/\/lasentinelle.dz\/index.php\/wp-json\/wp\/v2\/comments?post=94583"}],"version-history":[{"count":1,"href":"https:\/\/lasentinelle.dz\/index.php\/wp-json\/wp\/v2\/posts\/94583\/revisions"}],"predecessor-version":[{"id":94585,"href":"https:\/\/lasentinelle.dz\/index.php\/wp-json\/wp\/v2\/posts\/94583\/revisions\/94585"}],"wp:featuredmedia":[{"embeddable":true,"href":"https:\/\/lasentinelle.dz\/index.php\/wp-json\/wp\/v2\/media\/94584"}],"wp:attachment":[{"href":"https:\/\/lasentinelle.dz\/index.php\/wp-json\/wp\/v2\/media?parent=94583"}],"wp:term":[{"taxonomy":"category","embeddable":true,"href":"https:\/\/lasentinelle.dz\/index.php\/wp-json\/wp\/v2\/categories?post=94583"},{"taxonomy":"post_tag","embeddable":true,"href":"https:\/\/lasentinelle.dz\/index.php\/wp-json\/wp\/v2\/tags?post=94583"}],"curies":[{"name":"wp","href":"https:\/\/api.w.org\/{rel}","templated":true}]}}