{"id":94586,"date":"2026-08-31T11:03:22","date_gmt":"2026-08-31T10:03:22","guid":{"rendered":"https:\/\/lasentinelle.dz\/?p=94586"},"modified":"2026-08-31T11:03:24","modified_gmt":"2026-08-31T10:03:24","slug":"le-rechauffement-climatique-un-multiplicateur-de-menaces-pour-la-securite-mondiale","status":"publish","type":"post","link":"https:\/\/lasentinelle.dz\/index.php\/2026\/08\/31\/le-rechauffement-climatique-un-multiplicateur-de-menaces-pour-la-securite-mondiale\/","title":{"rendered":"Le r\u00e9chauffement climatique, un multiplicateur de menaces pour la s\u00e9curit\u00e9 mondiale"},"content":{"rendered":"\n<p class=\"wp-block-paragraph\"><strong>Par Abderrahmane Mebtoul<\/strong><\/p>\n\n\n\n<p class=\"wp-block-paragraph\"><strong>Professeur des universit\u00e9s, expert international, docteur d&rsquo;\u00c9tat (1974) en management strat\u00e9gique, membre du Forum mondial du d\u00e9veloppement durable, pr\u00e9sident de la commission Transition \u00e9nerg\u00e9tique du 5+5+Allemagne (2019-2021).<\/strong><\/p>\n\n\n\n<p class=\"wp-block-paragraph\">Le r\u00e9chauffement climatique agit comme un multiplicateur de menaces pour la s\u00e9curit\u00e9 mondiale, en aggravant les conflits, la faim due \u00e0 la crise alimentaire, et les d\u00e9placements de populations.<\/p>\n\n\n\n<p class=\"wp-block-paragraph\">Les impacts du r\u00e9chauffement climatique s&rsquo;aggravent \u00e0 travers le monde, avec des drames humains dont le plus grave est la crue d\u00e9vastatrice survenue \u00e0 la fronti\u00e8re du N\u00e9pal et de la Chine, qui a fait, selon un bilan provisoire du 28 ao\u00fbt 2026, au moins 700 morts, pr\u00e8s de 3000 disparus et des milliers de bless\u00e9s, avec des maisons, immeubles et \u00e9coles engloutis par des torrents de boue. \u00c0 l&rsquo;origine, une vague caus\u00e9e par l&rsquo;effondrement d&rsquo;une partie d&rsquo;un glacier, d&rsquo;une telle violence qu&rsquo;elle a \u00e9t\u00e9 enregistr\u00e9e comme un s\u00e9isme de magnitude 5,2. Dans d&rsquo;autres contr\u00e9es du monde, des pays font face \u00e0 des incendies de grande ampleur, in\u00e9gal\u00e9s, favoris\u00e9s par la s\u00e9cheresse qui s\u00e9vit depuis quelque temps. <strong>Nous assistons, impuissants, \u00e0 l&rsquo;intensification des vagues de chaleur et au retour marqu\u00e9 du ph\u00e9nom\u00e8ne El Ni\u00f1o, aggravant les conflits, la faim et les d\u00e9placements de populations.<\/strong> Ce nuage catastrophique fut quasiment ubiquitaire en cette ann\u00e9e 2026, avec des inondations et des incendies d&rsquo;une violence inou\u00efe touchant l&rsquo;ensemble du bassin m\u00e9diterran\u00e9en, l&rsquo;Europe, l&rsquo;Am\u00e9rique, l&rsquo;Asie, l&rsquo;Afrique, le Moyen-Orient et les contr\u00e9es du Pacifique. Le r\u00e9chauffement climatique agit comme un multiplicateur de menaces pour la s\u00e9curit\u00e9 mondiale, en aggravant les conflits, la faim due \u00e0 la crise alimentaire, et les d\u00e9placements de populations. Fondamentalement, si les gouvernants \u00e9chouent \u00e0 faire passer le monde \u00e0 un mod\u00e8le \u00e0 faible \u00e9mission de carbone, c&rsquo;est l&rsquo;int\u00e9grit\u00e9 globale de l&rsquo;\u00e9conomie mondiale qui sera menac\u00e9e, car le climat mondial est un vaste syst\u00e8me interconnect\u00e9. Le co\u00fbt financier de l&rsquo;inaction face au r\u00e9chauffement climatique est estim\u00e9 \u00e0 environ 19 % du PIB mondial par an d&rsquo;ici 2050, soit plus de 43 000 milliards de dollars sur un PIB mondial estim\u00e9 \u00e0 228 000 milliards de dollars, et pourrait atteindre, selon les experts du climat, environ 50 % d&rsquo;ici 2100, d&rsquo;o\u00f9 l&rsquo;urgence d&rsquo;un nouveau mod\u00e8le de production et de consommation mondial.<\/p>\n\n\n\n<p class=\"wp-block-paragraph\"><strong>La n\u00e9cessit\u00e9 d&rsquo;une gouvernance mondiale<\/strong><\/p>\n\n\n\n<p class=\"wp-block-paragraph\">Entre 2023 et 2026, dans plusieurs contributions internationales, j&rsquo;ai mis en relief qu&rsquo;avec les diff\u00e9rents conflits pouvant conduire \u00e0 des guerres pour l&rsquo;eau dans diff\u00e9rentes contr\u00e9es du monde, les impacts principaux du changement climatique se traduisent par une p\u00e9nurie des ressources hydriques, la d\u00e9gradation de la qualit\u00e9 de l&rsquo;eau, l&rsquo;intrusion des eaux marines au niveau des nappes aquif\u00e8res et la d\u00e9t\u00e9rioration des infrastructures, caus\u00e9e principalement par les inondations et les incendies. Depuis 1850, notre plan\u00e8te s&rsquo;est r\u00e9chauff\u00e9e en moyenne de 1,1 \u00b0C et, selon le rapport d&rsquo;\u00e9valuation du Groupe d&rsquo;experts intergouvernemental sur l&rsquo;\u00e9volution du climat (GIEC), le r\u00e9chauffement plan\u00e9taire en cours pourrait atteindre 1,5 \u00b0C \u00e0 4,4 \u00b0C d&rsquo;ici 2100. Les experts du GIEC indiquent que le r\u00e9chauffement climatique devrait \u00eatre contenu \u00e0 1,5 \u00b0C au maximum d&rsquo;ici 2100 pour \u00e9viter que notre climat ne s&#8217;emballe. Cette limitation sera hors de port\u00e9e \u00e0 moins de r\u00e9ductions imm\u00e9diates, rapides et massives des \u00e9missions de gaz \u00e0 effet de serre, afin d&rsquo;atteindre la neutralit\u00e9 carbone en 2050. La lutte contre le r\u00e9chauffement climatique est donc une question de s\u00e9curit\u00e9 mondiale, car si l&rsquo;Afrique et l&rsquo;Asie, dont la Chine et l&rsquo;Inde, qui abritent plus de 4 milliards d&rsquo;habitants sur les 8 milliards que compte notre plan\u00e8te depuis janvier 2023, avaient le m\u00eame mod\u00e8le de consommation \u00e9nerg\u00e9tique que l&rsquo;Europe et les \u00c9tats-Unis (moins d&rsquo;un milliard d&rsquo;habitants pour un PIB mondial d\u00e9passant les 40 % en 2025), il faudrait, selon les experts, trois \u00e0 quatre fois la plan\u00e8te Terre pour couvrir les besoins. Le monde conna\u00eet un bouleversement in\u00e9gal\u00e9 depuis des si\u00e8cles, d&rsquo;un c\u00f4t\u00e9 des pluies diluviennes et des inondations, de l&rsquo;autre des s\u00e9cheresses et des incendies. Pour r\u00e9duire les co\u00fbts, impossibles \u00e0 supporter par un seul \u00c9tat, il s&rsquo;agira d&rsquo;acc\u00e9l\u00e9rer la coop\u00e9ration internationale et la transition \u00e9nerg\u00e9tique, de revoir notre mod\u00e8le de consommation et de penser \u00e0 une \u00e9conomie de l&rsquo;eau.<\/p>\n\n\n\n<p class=\"wp-block-paragraph\">Les gouvernants du monde, sachant qu&rsquo;il est impossible pour un seul pays de r\u00e9guler le ph\u00e9nom\u00e8ne, doivent prendre conscience que les impacts du r\u00e9chauffement climatique, outre le co\u00fbt financier qui se chiffre \u00e0 des centaines de milliards de dollars par an en d\u00e9g\u00e2ts imm\u00e9diats, sont consid\u00e9rables. Sans compter les impacts des pluies diluviennes, en raison d&rsquo;une s\u00e9cheresse historique et prolong\u00e9e qui touche plusieurs pays, dont ceux d&rsquo;Asie, les feux de for\u00eat ont ravag\u00e9 plus de 200 000 hectares en Indon\u00e9sie, environ 3,73 millions d&rsquo;hectares en Inde en moyenne chaque ann\u00e9e, selon les \u00e9valuations du Forest Survey of India (FSI), et pour la Chine, selon Global Forest Watch, une perte d&rsquo;environ un million d&rsquo;hectares de couverture arbor\u00e9e \u00e0 cause des incendies sur une p\u00e9riode de 24 ans, ce qui montre une relative ma\u00eetrise par rapport \u00e0 ce qui se passe dans le monde. En 2026, le Canada a perdu de 3,7 \u00e0 3,8 millions d&rsquo;hectares consum\u00e9s par les flammes en raison d&rsquo;une intense vague de chaleur, notamment en Ontario, au Qu\u00e9bec et en Colombie-Britannique, et les \u00c9tats-Unis plus de 1,85 million d&rsquo;hectares. Des foyers majeurs ont touch\u00e9 l&rsquo;\u00c9tat de Washington, avec plus de 80 000 hectares d\u00e9truits pr\u00e8s de Spokane au mois d&rsquo;ao\u00fbt, ainsi que le Nevada, o\u00f9 un incendie r\u00e9cent pr\u00e8s de Reno a parcouru plus de 6 000 hectares et entra\u00een\u00e9 l&rsquo;\u00e9vacuation de dizaines de milliers de personnes. Sur le pourtour m\u00e9diterran\u00e9en et en Europe, plus de 450 000 hectares ont \u00e9t\u00e9 d\u00e9truits par les incendies entre janvier et ao\u00fbt 2026, dont 295 000 hectares en Espagne, plus de 120 000 hectares en France, 80 000 hectares en Italie et environ 56 500 hectares au Portugal, sans compter les pertes humaines, la destruction des habitations et les d\u00e9placements de populations qui en r\u00e9sultent.<\/p>\n\n\n\n<p class=\"wp-block-paragraph\"><strong>L\u2019Afrique particuli\u00e8rement affect\u00e9e<\/strong><\/p>\n\n\n\n<p class=\"wp-block-paragraph\">L&rsquo;Afrique concentre entre 50 % et 64 % des surfaces br\u00fbl\u00e9es de la plan\u00e8te, avec des millions d&rsquo;hectares chaque ann\u00e9e, la grande majorit\u00e9 de ces surfaces provenant de feux de savane ou de pratiques agricoles (comme la culture sur br\u00fblis), en plus des incendies provoqu\u00e9s par la s\u00e9cheresse ou par des actes humains destructeurs. Selon l&rsquo;Organisation internationale pour les migrations, les chocs climatiques en Afrique provoquent des millions de d\u00e9placements, s&rsquo;ajoutant aux crises de conflit, les populations quittant les campagnes pour rejoindre les villes ou les r\u00e9gions mieux arros\u00e9es, ce qui modifie durablement la r\u00e9partition de la population. Parmi les pays les plus touch\u00e9s figurent la R\u00e9publique d\u00e9mocratique du Congo (RDC), avec environ 13,6 millions d&rsquo;hectares de v\u00e9g\u00e9tation disparus, l&rsquo;Angola, le Soudan du Sud et la R\u00e9publique centrafricaine, entre 6 et 7,5 millions d&rsquo;hectares par pays, la Guin\u00e9e (3,3 millions d&rsquo;hectares), la Zambie (3,2 millions d&rsquo;hectares) et le Nigeria (2,8 millions d&rsquo;hectares), l&rsquo;Alg\u00e9rie avec plus de 17 000 \u00e0 23 000 hectares, avec une intensit\u00e9 accrue en 2026 (le pr\u00e9sident alg\u00e9rien a d\u00e9cr\u00e9t\u00e9 un deuil national de trois jours), le Maroc avec 4 100 hectares et la Tunisie avec 4 000 hectares. Selon la Banque mondiale, l&rsquo;Afrique n&rsquo;est responsable que de 3,8 % des \u00e9missions totales de gaz \u00e0 effet de serre dans le monde et, pourtant, les pays africains subissent de plein fouet les effets d\u00e9vastateurs de s\u00e9cheresses et d&rsquo;inondations de plus en plus s\u00e9v\u00e8res, avec des cons\u00e9quences dramatiques en termes de pertes humaines, sur l&rsquo;agriculture et sur l&rsquo;eau douce qui en constitue le fondement. L&rsquo;Afrique a besoin d&rsquo;environ 2 500 milliards de dollars d&rsquo;ici 2030 pour financer sa lutte contre le r\u00e9chauffement climatique, selon les estimations de l&rsquo;ONU, et, pour la seule Afrique de l&rsquo;Ouest, l&rsquo;OUA \u00e9value ses besoins \u00e0 294 milliards de dollars.<\/p>\n\n\n\n<p class=\"wp-block-paragraph\"><strong>Les sept impacts du r\u00e9chauffement climatique<\/strong><\/p>\n\n\n\n<p class=\"wp-block-paragraph\">Premi\u00e8rement, la hausse du niveau des mers. La hausse moyenne des temp\u00e9ratures provoque une fonte des glaces continentales (glaciers, icebergs, etc.). Le volume de glace fondue vient s&rsquo;ajouter \u00e0 celui de l&rsquo;oc\u00e9an, ce qui entra\u00eene une \u00e9l\u00e9vation du niveau des mers. Pr\u00e8s de 30 % de cette \u00e9l\u00e9vation est due \u00e0 la dilatation caus\u00e9e par l&rsquo;augmentation de la temp\u00e9rature de l&rsquo;eau. Le taux moyen d&rsquo;\u00e9l\u00e9vation du niveau marin s&rsquo;acc\u00e9l\u00e8re. Il \u00e9tait de pr\u00e8s d&rsquo;1,3 mm par an entre 1901 et 1971, d&rsquo;environ 1,9 mm par an entre 1971 et 2006, et il atteint pr\u00e8s de 3,7 mm par an entre 2006 et 2020, le GIEC estimant que le niveau des mers pourrait augmenter de 1,1 m d&rsquo;ici 2100. Comme impact, les zones c\u00f4ti\u00e8res seront confront\u00e9es \u00e0 des inondations plus fr\u00e9quentes et plus violentes dans les zones de faible altitude, ainsi qu&rsquo;\u00e0 une augmentation de l&rsquo;\u00e9rosion du littoral.<\/p>\n\n\n\n<p class=\"wp-block-paragraph\">Deuxi\u00e8mement, la modification des oc\u00e9ans, qui absorbent naturellement le gaz carbonique. En exc\u00e8s dans les oc\u00e9ans, le gaz carbonique acidifie le milieu sous-marin, ce qui provoque la disparition de certaines esp\u00e8ces, notamment des v\u00e9g\u00e9taux et des animaux tels que les hu\u00eetres ou les coraux. En plus de son acidification, la modification des oc\u00e9ans entra\u00eene une baisse de leur teneur en oxyg\u00e8ne, un r\u00e9chauffement et une augmentation de la fr\u00e9quence des vagues de chaleur, affectant les \u00e9cosyst\u00e8mes marins et les populations qui en d\u00e9pendent.<\/p>\n\n\n\n<p class=\"wp-block-paragraph\">Troisi\u00e8mement, l&rsquo;amplification des ph\u00e9nom\u00e8nes m\u00e9t\u00e9orologiques extr\u00eames. Cela provoque l&rsquo;\u00e9vaporation de l&rsquo;eau, ce qui modifie le r\u00e9gime des pluies, plus intenses, avec les inondations qui les accompagnent dans certaines r\u00e9gions, et des s\u00e9cheresses plus intenses et plus fr\u00e9quentes dans de nombreuses autres r\u00e9gions. En effet, lors de pluies violentes, les sols ne peuvent pas fixer l&rsquo;eau, qui s&rsquo;\u00e9coule alors directement vers les cours d&rsquo;eau plut\u00f4t que de s&rsquo;infiltrer, si bien que les nappes d&rsquo;eau souterraines ne peuvent se reconstituer. Le r\u00e9chauffement plan\u00e9taire entra\u00eene le d\u00e9r\u00e8glement des saisons et le d\u00e9placement des masses d&rsquo;air, qui pourraient, \u00e0 long terme, accro\u00eetre le nombre d&rsquo;\u00e9v\u00e9nements climatiques extr\u00eames, temp\u00eates, ouragans, cyclones, inondations, vagues de chaleur, s\u00e9cheresses, incendies.<\/p>\n\n\n\n<p class=\"wp-block-paragraph\">Quatri\u00e8mement, le r\u00e9chauffement climatique constitue une menace pour les plantes et les animaux, car les cycles de croissance des v\u00e9g\u00e9taux sauvages et cultiv\u00e9s sont modifi\u00e9s, avec des gel\u00e9es tardives, des fruits pr\u00e9coces, une chute tardive des feuilles, etc. Beaucoup d&rsquo;esp\u00e8ces ne supporteront pas les nouvelles conditions climatiques et l&rsquo;agriculture devra s&rsquo;adapter en choisissant des esp\u00e8ces pr\u00e9coces. Les comportements de nombreuses esp\u00e8ces animales sont perturb\u00e9s et devront migrer ou s&rsquo;adapter sous peine d&rsquo;extinction.<\/p>\n\n\n\n<p class=\"wp-block-paragraph\">Cinqui\u00e8mement, l&rsquo;impact du r\u00e9chauffement climatique bouleverse les conditions de vie humaine. Certains de ces effets sont irr\u00e9versibles. Selon le rapport du GIEC, environ 3,3 \u00e0 3,6 milliards de personnes vivent dans des habitats tr\u00e8s vuln\u00e9rables au changement climatique. Si le niveau des mers augmente d&rsquo;1,1 m d&rsquo;ici 2100, pr\u00e8s de 100 millions de personnes seront contraintes de changer de lieu d&rsquo;habitation, et certaines terres c\u00f4ti\u00e8res ne seront plus cultivables. De plus, le changement climatique accro\u00eet les risques sanitaires, avec des vagues de chaleur, des cyclones, des inondations, des s\u00e9cheresses et une propagation facilit\u00e9e des maladies.<\/p>\n\n\n\n<p class=\"wp-block-paragraph\">Sixi\u00e8mement, les d\u00e9r\u00e8glements climatiques perturbent la distribution des ressources naturelles, leur quantit\u00e9 et leur qualit\u00e9. De plus, les rendements agricoles et les activit\u00e9s de p\u00eache sont impact\u00e9s. Les rendements agricoles pourraient baisser d&rsquo;environ 2 % tous les dix ans tout au long du XXIe si\u00e8cle, avec des fluctuations chaque ann\u00e9e.<\/p>\n\n\n\n<p class=\"wp-block-paragraph\">Septi\u00e8mement, les impacts sur les co\u00fbts. Ainsi, selon l&rsquo;AIE, les engagements gouvernementaux actuels ne permettraient d&rsquo;atteindre que 20 % des r\u00e9ductions d&rsquo;\u00e9missions d&rsquo;ici 2030, alors qu&rsquo;il faudrait investir chaque ann\u00e9e jusqu&rsquo;\u00e0 4 000 milliards de dollars au cours de la prochaine d\u00e9cennie, en dirigeant la majorit\u00e9 de ces investissements vers les \u00e9conomies en d\u00e9veloppement, vers les v\u00e9hicules \u00e9lectriques, l&rsquo;hydrog\u00e8ne, le captage et le stockage du carbone, les biocarburants, et vers l&rsquo;efficacit\u00e9 \u00e9nerg\u00e9tique, en premier lieu dans le transport de l&rsquo;\u00e9nergie, le BTPH et l&rsquo;industrie, sans compter les co\u00fbts li\u00e9s \u00e0 la sant\u00e9, \u00e0 l&rsquo;agriculture et aux loisirs, avec un nouveau mode de tourisme, ce qui n\u00e9cessite une r\u00e9forme du syst\u00e8me financier mondial, les obligations vertes ne repr\u00e9sentant aujourd&rsquo;hui que 2 % de la valeur du march\u00e9 obligataire mondial.<\/p>\n\n\n\n<p class=\"wp-block-paragraph\"><strong>En<\/strong> <strong>conclusion<\/strong><\/p>\n\n\n\n<p class=\"wp-block-paragraph\">L&rsquo;ann\u00e9e 2026 se positionne parmi les trois ou quatre ann\u00e9es les plus chaudes de l&rsquo;histoire, et les perspectives pour 2030, 2040 et 2050 iront en s&rsquo;aggravant si rien n&rsquo;est fait pour contrer les effets n\u00e9gatifs, avec pour cons\u00e9quence une recomposition des relations internationales et du pouvoir \u00e9conomique mondial au profit des pays qui investissent dans les industries de l&rsquo;avenir, dont les industries \u00e9cologiques, et une marginalisation des pays les plus vuln\u00e9rables. Aussi devient-il imp\u00e9ratif, pour les pays d\u00e9velopp\u00e9s et pour l&rsquo;int\u00e9r\u00eat de l&rsquo;humanit\u00e9, de mettre en \u0153uvre des strat\u00e9gies d&rsquo;adaptation et de substituer \u00e0 une vision strictement marchande un co-d\u00e9veloppement pour une richesse partag\u00e9e, ce qui suppose une large coordination internationale et des partenariats gagnant-gagnant. Car l&rsquo;incertitude s&rsquo;installe au c\u0153ur du paysage mondial, selon le Global Risks Report 2026 du World Economic Forum (WEF), publi\u00e9 le 14 janvier 2026. Dans cette 21e \u00e9dition, le WEF alerte sur un monde de plus en plus marqu\u00e9 par la confrontation, la fragmentation et le recul de la coop\u00e9ration internationale. L&rsquo;enjeu du XXIe si\u00e8cle est celui d&rsquo;une v\u00e9ritable politique \u00e9cologique tenant compte de la protection de l&rsquo;environnement et du cadre de vie, impliquant une r\u00e9orientation de la politique agricole, industrielle et \u00e9nerg\u00e9tique. <strong>Le dialogue des civilisations et la tol\u00e9rance sont des \u00e9l\u00e9ments plus que jamais n\u00e9cessaires \u00e0 la cohabitation entre les peuples et les nations.<\/strong><\/p>\n","protected":false},"excerpt":{"rendered":"<p>Par Abderrahmane Mebtoul Professeur des universit\u00e9s, expert international, docteur d&rsquo;\u00c9tat (1974) en management strat\u00e9gique, membre du Forum mondial du d\u00e9veloppement<\/p>\n","protected":false},"author":6,"featured_media":7876,"comment_status":"open","ping_status":"closed","sticky":false,"template":"","format":"standard","meta":{"colormag_page_container_layout":"default_layout","colormag_page_sidebar_layout":"default_layout","om_disable_all_campaigns":false,"_monsterinsights_skip_tracking":false,"footnotes":"","_wpscppro_dont_share_socialmedia":false,"_wpscppro_custom_social_share_image":0,"_facebook_share_type":"default","_twitter_share_type":"default","_linkedin_share_type":"default","_pinterest_share_type":"default","_linkedin_share_type_page":"","_instagram_share_type":"default","_medium_share_type":"default","_threads_share_type":"default","_google_business_share_type":"default","_bluesky_share_type":"default","_mastodon_share_type":"default","_selected_social_profile":[],"_wpsp_enable_custom_social_template":false,"_wpsp_social_scheduling":{"enabled":false,"datetime":null,"platforms":[],"status":"template_only","dateOption":"today","timeOption":"now","customDays":"","customHours":"","customDate":"","customTime":"","schedulingType":"absolute"},"_wpsp_active_default_template":true},"categories":[56,38],"tags":[],"class_list":["post-94586","post","type-post","status-publish","format-standard","has-post-thumbnail","hentry","category-contribution","category-debats"],"aioseo_notices":[],"aioseo_head":"\n\t\t<!-- All in One SEO 5.0.0.1 - aioseo.com -->\n\t<meta name=\"description\" content=\"Par Abderrahmane Mebtoul Professeur des universit\u00e9s, expert international, docteur d&#039;\u00c9tat (1974) en management strat\u00e9gique, membre du Forum mondial du d\u00e9veloppement durable, pr\u00e9sident de la commission Transition \u00e9nerg\u00e9tique du 5+5+Allemagne (2019-2021). Le r\u00e9chauffement climatique agit comme un multiplicateur de menaces pour la s\u00e9curit\u00e9 mondiale, en aggravant les conflits, la faim due \u00e0 la crise alimentaire, et\" \/>\n\t<meta name=\"robots\" content=\"max-image-preview:large\" \/>\n\t<meta name=\"author\" content=\"admin\"\/>\n\t<link rel=\"canonical\" href=\"https:\/\/lasentinelle.dz\/index.php\/2026\/08\/31\/le-rechauffement-climatique-un-multiplicateur-de-menaces-pour-la-securite-mondiale\/\" \/>\n\t<meta name=\"generator\" content=\"All in One SEO (AIOSEO) 5.0.0.1\" \/>\n\t\t<meta property=\"og:locale\" content=\"fr_FR\" \/>\n\t\t<meta property=\"og:site_name\" content=\"La Sentinelle - Quotidien national d&#039;information\" \/>\n\t\t<meta property=\"og:type\" content=\"article\" \/>\n\t\t<meta property=\"og:title\" content=\"Le r\u00e9chauffement climatique, un multiplicateur de menaces pour la s\u00e9curit\u00e9 mondiale - La Sentinelle\" \/>\n\t\t<meta property=\"og:description\" content=\"Par Abderrahmane Mebtoul Professeur des universit\u00e9s, expert international, docteur d&#039;\u00c9tat (1974) en management strat\u00e9gique, membre du Forum mondial du d\u00e9veloppement durable, pr\u00e9sident de la commission Transition \u00e9nerg\u00e9tique du 5+5+Allemagne (2019-2021). Le r\u00e9chauffement climatique agit comme un multiplicateur de menaces pour la s\u00e9curit\u00e9 mondiale, en aggravant les conflits, la faim due \u00e0 la crise alimentaire, et\" \/>\n\t\t<meta property=\"og:url\" content=\"https:\/\/lasentinelle.dz\/index.php\/2026\/08\/31\/le-rechauffement-climatique-un-multiplicateur-de-menaces-pour-la-securite-mondiale\/\" \/>\n\t\t<meta property=\"og:image\" content=\"https:\/\/lasentinelle.dz\/wp-content\/uploads\/2021\/09\/cropped-la-sentinelle-earth-golden-anima-5.gif\" \/>\n\t\t<meta property=\"og:image:secure_url\" content=\"https:\/\/lasentinelle.dz\/wp-content\/uploads\/2021\/09\/cropped-la-sentinelle-earth-golden-anima-5.gif\" \/>\n\t\t<meta property=\"og:image:width\" content=\"450\" \/>\n\t\t<meta property=\"og:image:height\" content=\"213\" \/>\n\t\t<meta property=\"article:published_time\" content=\"2026-08-31T10:03:22+00:00\" \/>\n\t\t<meta property=\"article:modified_time\" content=\"2026-08-31T10:03:24+00:00\" \/>\n\t\t<meta property=\"article:publisher\" content=\"https:\/\/www.facebook.com\/azzedine.lasentinelle.1\" \/>\n\t\t<meta name=\"twitter:card\" content=\"summary_large_image\" \/>\n\t\t<meta name=\"twitter:title\" content=\"Le r\u00e9chauffement climatique, un multiplicateur de menaces pour la s\u00e9curit\u00e9 mondiale - La Sentinelle\" \/>\n\t\t<meta name=\"twitter:description\" content=\"Par Abderrahmane Mebtoul Professeur des universit\u00e9s, expert international, docteur d&#039;\u00c9tat (1974) en management strat\u00e9gique, membre du Forum mondial du d\u00e9veloppement durable, pr\u00e9sident de la commission Transition \u00e9nerg\u00e9tique du 5+5+Allemagne (2019-2021). Le r\u00e9chauffement climatique agit comme un multiplicateur de menaces pour la s\u00e9curit\u00e9 mondiale, en aggravant les conflits, la faim due \u00e0 la crise alimentaire, et\" \/>\n\t\t<meta name=\"twitter:image\" content=\"https:\/\/lasentinelle.dz\/wp-content\/uploads\/2021\/09\/cropped-la-sentinelle-earth-golden-anima-5.gif\" \/>\n\t\t<script type=\"application\/ld+json\" class=\"aioseo-schema\">\n\t\t\t{\"@context\":\"https:\\\/\\\/schema.org\",\"@graph\":[{\"@type\":\"BlogPosting\",\"@id\":\"https:\\\/\\\/lasentinelle.dz\\\/index.php\\\/2026\\\/08\\\/31\\\/le-rechauffement-climatique-un-multiplicateur-de-menaces-pour-la-securite-mondiale\\\/#blogposting\",\"name\":\"Le r\\u00e9chauffement climatique, un multiplicateur de menaces pour la s\\u00e9curit\\u00e9 mondiale - La Sentinelle\",\"headline\":\"Le r\\u00e9chauffement climatique, un multiplicateur de menaces pour la s\\u00e9curit\\u00e9 mondiale\",\"author\":{\"@id\":\"https:\\\/\\\/lasentinelle.dz\\\/author\\\/admin\\\/#author\"},\"publisher\":{\"@id\":\"https:\\\/\\\/lasentinelle.dz\\\/#organization\"},\"image\":{\"@type\":\"ImageObject\",\"url\":\"https:\\\/\\\/lasentinelle.dz\\\/wp-content\\\/uploads\\\/2021\\\/09\\\/contribution.png\",\"width\":1600,\"height\":900},\"datePublished\":\"2026-08-31T11:03:22+01:00\",\"dateModified\":\"2026-08-31T11:03:24+01:00\",\"inLanguage\":\"fr-FR\",\"mainEntityOfPage\":{\"@id\":\"https:\\\/\\\/lasentinelle.dz\\\/index.php\\\/2026\\\/08\\\/31\\\/le-rechauffement-climatique-un-multiplicateur-de-menaces-pour-la-securite-mondiale\\\/#webpage\"},\"isPartOf\":{\"@id\":\"https:\\\/\\\/lasentinelle.dz\\\/index.php\\\/2026\\\/08\\\/31\\\/le-rechauffement-climatique-un-multiplicateur-de-menaces-pour-la-securite-mondiale\\\/#webpage\"},\"articleSection\":\"Contribution, D\\u00e9bats\"},{\"@type\":\"BreadcrumbList\",\"@id\":\"https:\\\/\\\/lasentinelle.dz\\\/index.php\\\/2026\\\/08\\\/31\\\/le-rechauffement-climatique-un-multiplicateur-de-menaces-pour-la-securite-mondiale\\\/#breadcrumblist\",\"itemListElement\":[{\"@type\":\"ListItem\",\"@id\":\"https:\\\/\\\/lasentinelle.dz#listItem\",\"position\":1,\"name\":\"Home\",\"item\":\"https:\\\/\\\/lasentinelle.dz\",\"nextItem\":{\"@type\":\"ListItem\",\"@id\":\"https:\\\/\\\/lasentinelle.dz\\\/index.php\\\/category\\\/debats\\\/#listItem\",\"name\":\"D\\u00e9bats\"}},{\"@type\":\"ListItem\",\"@id\":\"https:\\\/\\\/lasentinelle.dz\\\/index.php\\\/category\\\/debats\\\/#listItem\",\"position\":2,\"name\":\"D\\u00e9bats\",\"item\":\"https:\\\/\\\/lasentinelle.dz\\\/index.php\\\/category\\\/debats\\\/\",\"nextItem\":{\"@type\":\"ListItem\",\"@id\":\"https:\\\/\\\/lasentinelle.dz\\\/index.php\\\/2026\\\/08\\\/31\\\/le-rechauffement-climatique-un-multiplicateur-de-menaces-pour-la-securite-mondiale\\\/#listItem\",\"name\":\"Le r\\u00e9chauffement climatique, un multiplicateur de menaces pour la s\\u00e9curit\\u00e9 mondiale\"},\"previousItem\":{\"@type\":\"ListItem\",\"@id\":\"https:\\\/\\\/lasentinelle.dz#listItem\",\"name\":\"Home\"}},{\"@type\":\"ListItem\",\"@id\":\"https:\\\/\\\/lasentinelle.dz\\\/index.php\\\/2026\\\/08\\\/31\\\/le-rechauffement-climatique-un-multiplicateur-de-menaces-pour-la-securite-mondiale\\\/#listItem\",\"position\":3,\"name\":\"Le r\\u00e9chauffement climatique, un multiplicateur de menaces pour la s\\u00e9curit\\u00e9 mondiale\",\"previousItem\":{\"@type\":\"ListItem\",\"@id\":\"https:\\\/\\\/lasentinelle.dz\\\/index.php\\\/category\\\/debats\\\/#listItem\",\"name\":\"D\\u00e9bats\"}}]},{\"@type\":\"Organization\",\"@id\":\"https:\\\/\\\/lasentinelle.dz\\\/#organization\",\"name\":\"La Sentinelle La Sentinelle\",\"description\":\"Quotidien national d'information\",\"url\":\"https:\\\/\\\/lasentinelle.dz\\\/\",\"logo\":{\"@type\":\"ImageObject\",\"url\":\"https:\\\/\\\/lasentinelle.dz\\\/wp-content\\\/uploads\\\/2021\\\/09\\\/cropped-la-sentinelle-earth-golden-anima-5.gif\",\"@id\":\"https:\\\/\\\/lasentinelle.dz\\\/index.php\\\/2026\\\/08\\\/31\\\/le-rechauffement-climatique-un-multiplicateur-de-menaces-pour-la-securite-mondiale\\\/#organizationLogo\",\"width\":450,\"height\":213},\"image\":{\"@id\":\"https:\\\/\\\/lasentinelle.dz\\\/index.php\\\/2026\\\/08\\\/31\\\/le-rechauffement-climatique-un-multiplicateur-de-menaces-pour-la-securite-mondiale\\\/#organizationLogo\"},\"sameAs\":[\"https:\\\/\\\/www.facebook.com\\\/azzedine.lasentinelle.1\"]},{\"@type\":\"Person\",\"@id\":\"https:\\\/\\\/lasentinelle.dz\\\/author\\\/admin\\\/#author\",\"url\":\"https:\\\/\\\/lasentinelle.dz\\\/author\\\/admin\\\/\",\"name\":\"admin\",\"image\":{\"@type\":\"ImageObject\",\"@id\":\"https:\\\/\\\/lasentinelle.dz\\\/index.php\\\/2026\\\/08\\\/31\\\/le-rechauffement-climatique-un-multiplicateur-de-menaces-pour-la-securite-mondiale\\\/#authorImage\",\"url\":\"https:\\\/\\\/secure.gravatar.com\\\/avatar\\\/4c81fed838786e9b53f540bf46533e750f5d292099ae3b66cfc6fb1982e29df7?s=96&d=mm&r=g\",\"width\":96,\"height\":96,\"caption\":\"admin\"}},{\"@type\":\"WebPage\",\"@id\":\"https:\\\/\\\/lasentinelle.dz\\\/index.php\\\/2026\\\/08\\\/31\\\/le-rechauffement-climatique-un-multiplicateur-de-menaces-pour-la-securite-mondiale\\\/#webpage\",\"url\":\"https:\\\/\\\/lasentinelle.dz\\\/index.php\\\/2026\\\/08\\\/31\\\/le-rechauffement-climatique-un-multiplicateur-de-menaces-pour-la-securite-mondiale\\\/\",\"name\":\"Le r\\u00e9chauffement climatique, un multiplicateur de menaces pour la s\\u00e9curit\\u00e9 mondiale - La Sentinelle\",\"description\":\"Par Abderrahmane Mebtoul Professeur des universit\\u00e9s, expert international, docteur d'\\u00c9tat (1974) en management strat\\u00e9gique, membre du Forum mondial du d\\u00e9veloppement durable, pr\\u00e9sident de la commission Transition \\u00e9nerg\\u00e9tique du 5+5+Allemagne (2019-2021). Le r\\u00e9chauffement climatique agit comme un multiplicateur de menaces pour la s\\u00e9curit\\u00e9 mondiale, en aggravant les conflits, la faim due \\u00e0 la crise alimentaire, et\",\"inLanguage\":\"fr-FR\",\"isPartOf\":{\"@id\":\"https:\\\/\\\/lasentinelle.dz\\\/#website\"},\"breadcrumb\":{\"@id\":\"https:\\\/\\\/lasentinelle.dz\\\/index.php\\\/2026\\\/08\\\/31\\\/le-rechauffement-climatique-un-multiplicateur-de-menaces-pour-la-securite-mondiale\\\/#breadcrumblist\"},\"author\":{\"@id\":\"https:\\\/\\\/lasentinelle.dz\\\/author\\\/admin\\\/#author\"},\"creator\":{\"@id\":\"https:\\\/\\\/lasentinelle.dz\\\/author\\\/admin\\\/#author\"},\"image\":{\"@type\":\"ImageObject\",\"url\":\"https:\\\/\\\/lasentinelle.dz\\\/wp-content\\\/uploads\\\/2021\\\/09\\\/contribution.png\",\"@id\":\"https:\\\/\\\/lasentinelle.dz\\\/index.php\\\/2026\\\/08\\\/31\\\/le-rechauffement-climatique-un-multiplicateur-de-menaces-pour-la-securite-mondiale\\\/#mainImage\",\"width\":1600,\"height\":900},\"primaryImageOfPage\":{\"@id\":\"https:\\\/\\\/lasentinelle.dz\\\/index.php\\\/2026\\\/08\\\/31\\\/le-rechauffement-climatique-un-multiplicateur-de-menaces-pour-la-securite-mondiale\\\/#mainImage\"},\"datePublished\":\"2026-08-31T11:03:22+01:00\",\"dateModified\":\"2026-08-31T11:03:24+01:00\"},{\"@type\":\"WebSite\",\"@id\":\"https:\\\/\\\/lasentinelle.dz\\\/#website\",\"url\":\"https:\\\/\\\/lasentinelle.dz\\\/\",\"name\":\"La Sentinelle\",\"description\":\"Quotidien national d'information\",\"inLanguage\":\"fr-FR\",\"publisher\":{\"@id\":\"https:\\\/\\\/lasentinelle.dz\\\/#organization\"}}]}\n\t\t<\/script>\n\t\t<!-- All in One SEO -->\n\n","aioseo_head_json":{"title":"Le r\u00e9chauffement climatique, un multiplicateur de menaces pour la s\u00e9curit\u00e9 mondiale - La Sentinelle","description":"Par Abderrahmane Mebtoul Professeur des universit\u00e9s, expert international, docteur d'\u00c9tat (1974) en management strat\u00e9gique, membre du Forum mondial du d\u00e9veloppement durable, pr\u00e9sident de la commission Transition \u00e9nerg\u00e9tique du 5+5+Allemagne (2019-2021). Le r\u00e9chauffement climatique agit comme un multiplicateur de menaces pour la s\u00e9curit\u00e9 mondiale, en aggravant les conflits, la faim due \u00e0 la crise alimentaire, et","canonical_url":"https:\/\/lasentinelle.dz\/index.php\/2026\/08\/31\/le-rechauffement-climatique-un-multiplicateur-de-menaces-pour-la-securite-mondiale\/","robots":"max-image-preview:large","keywords":"","webmasterTools":{"miscellaneous":""},"schema":{"@context":"https:\/\/schema.org","@graph":[{"@type":"BlogPosting","@id":"https:\/\/lasentinelle.dz\/index.php\/2026\/08\/31\/le-rechauffement-climatique-un-multiplicateur-de-menaces-pour-la-securite-mondiale\/#blogposting","name":"Le r\u00e9chauffement climatique, un multiplicateur de menaces pour la s\u00e9curit\u00e9 mondiale - La Sentinelle","headline":"Le r\u00e9chauffement climatique, un multiplicateur de menaces pour la s\u00e9curit\u00e9 mondiale","author":{"@id":"https:\/\/lasentinelle.dz\/author\/admin\/#author"},"publisher":{"@id":"https:\/\/lasentinelle.dz\/#organization"},"image":{"@type":"ImageObject","url":"https:\/\/lasentinelle.dz\/wp-content\/uploads\/2021\/09\/contribution.png","width":1600,"height":900},"datePublished":"2026-08-31T11:03:22+01:00","dateModified":"2026-08-31T11:03:24+01:00","inLanguage":"fr-FR","mainEntityOfPage":{"@id":"https:\/\/lasentinelle.dz\/index.php\/2026\/08\/31\/le-rechauffement-climatique-un-multiplicateur-de-menaces-pour-la-securite-mondiale\/#webpage"},"isPartOf":{"@id":"https:\/\/lasentinelle.dz\/index.php\/2026\/08\/31\/le-rechauffement-climatique-un-multiplicateur-de-menaces-pour-la-securite-mondiale\/#webpage"},"articleSection":"Contribution, D\u00e9bats"},{"@type":"BreadcrumbList","@id":"https:\/\/lasentinelle.dz\/index.php\/2026\/08\/31\/le-rechauffement-climatique-un-multiplicateur-de-menaces-pour-la-securite-mondiale\/#breadcrumblist","itemListElement":[{"@type":"ListItem","@id":"https:\/\/lasentinelle.dz#listItem","position":1,"name":"Home","item":"https:\/\/lasentinelle.dz","nextItem":{"@type":"ListItem","@id":"https:\/\/lasentinelle.dz\/index.php\/category\/debats\/#listItem","name":"D\u00e9bats"}},{"@type":"ListItem","@id":"https:\/\/lasentinelle.dz\/index.php\/category\/debats\/#listItem","position":2,"name":"D\u00e9bats","item":"https:\/\/lasentinelle.dz\/index.php\/category\/debats\/","nextItem":{"@type":"ListItem","@id":"https:\/\/lasentinelle.dz\/index.php\/2026\/08\/31\/le-rechauffement-climatique-un-multiplicateur-de-menaces-pour-la-securite-mondiale\/#listItem","name":"Le r\u00e9chauffement climatique, un multiplicateur de menaces pour la s\u00e9curit\u00e9 mondiale"},"previousItem":{"@type":"ListItem","@id":"https:\/\/lasentinelle.dz#listItem","name":"Home"}},{"@type":"ListItem","@id":"https:\/\/lasentinelle.dz\/index.php\/2026\/08\/31\/le-rechauffement-climatique-un-multiplicateur-de-menaces-pour-la-securite-mondiale\/#listItem","position":3,"name":"Le r\u00e9chauffement climatique, un multiplicateur de menaces pour la s\u00e9curit\u00e9 mondiale","previousItem":{"@type":"ListItem","@id":"https:\/\/lasentinelle.dz\/index.php\/category\/debats\/#listItem","name":"D\u00e9bats"}}]},{"@type":"Organization","@id":"https:\/\/lasentinelle.dz\/#organization","name":"La Sentinelle La Sentinelle","description":"Quotidien national d'information","url":"https:\/\/lasentinelle.dz\/","logo":{"@type":"ImageObject","url":"https:\/\/lasentinelle.dz\/wp-content\/uploads\/2021\/09\/cropped-la-sentinelle-earth-golden-anima-5.gif","@id":"https:\/\/lasentinelle.dz\/index.php\/2026\/08\/31\/le-rechauffement-climatique-un-multiplicateur-de-menaces-pour-la-securite-mondiale\/#organizationLogo","width":450,"height":213},"image":{"@id":"https:\/\/lasentinelle.dz\/index.php\/2026\/08\/31\/le-rechauffement-climatique-un-multiplicateur-de-menaces-pour-la-securite-mondiale\/#organizationLogo"},"sameAs":["https:\/\/www.facebook.com\/azzedine.lasentinelle.1"]},{"@type":"Person","@id":"https:\/\/lasentinelle.dz\/author\/admin\/#author","url":"https:\/\/lasentinelle.dz\/author\/admin\/","name":"admin","image":{"@type":"ImageObject","@id":"https:\/\/lasentinelle.dz\/index.php\/2026\/08\/31\/le-rechauffement-climatique-un-multiplicateur-de-menaces-pour-la-securite-mondiale\/#authorImage","url":"https:\/\/secure.gravatar.com\/avatar\/4c81fed838786e9b53f540bf46533e750f5d292099ae3b66cfc6fb1982e29df7?s=96&d=mm&r=g","width":96,"height":96,"caption":"admin"}},{"@type":"WebPage","@id":"https:\/\/lasentinelle.dz\/index.php\/2026\/08\/31\/le-rechauffement-climatique-un-multiplicateur-de-menaces-pour-la-securite-mondiale\/#webpage","url":"https:\/\/lasentinelle.dz\/index.php\/2026\/08\/31\/le-rechauffement-climatique-un-multiplicateur-de-menaces-pour-la-securite-mondiale\/","name":"Le r\u00e9chauffement climatique, un multiplicateur de menaces pour la s\u00e9curit\u00e9 mondiale - La Sentinelle","description":"Par Abderrahmane Mebtoul Professeur des universit\u00e9s, expert international, docteur d'\u00c9tat (1974) en management strat\u00e9gique, membre du Forum mondial du d\u00e9veloppement durable, pr\u00e9sident de la commission Transition \u00e9nerg\u00e9tique du 5+5+Allemagne (2019-2021). Le r\u00e9chauffement climatique agit comme un multiplicateur de menaces pour la s\u00e9curit\u00e9 mondiale, en aggravant les conflits, la faim due \u00e0 la crise alimentaire, et","inLanguage":"fr-FR","isPartOf":{"@id":"https:\/\/lasentinelle.dz\/#website"},"breadcrumb":{"@id":"https:\/\/lasentinelle.dz\/index.php\/2026\/08\/31\/le-rechauffement-climatique-un-multiplicateur-de-menaces-pour-la-securite-mondiale\/#breadcrumblist"},"author":{"@id":"https:\/\/lasentinelle.dz\/author\/admin\/#author"},"creator":{"@id":"https:\/\/lasentinelle.dz\/author\/admin\/#author"},"image":{"@type":"ImageObject","url":"https:\/\/lasentinelle.dz\/wp-content\/uploads\/2021\/09\/contribution.png","@id":"https:\/\/lasentinelle.dz\/index.php\/2026\/08\/31\/le-rechauffement-climatique-un-multiplicateur-de-menaces-pour-la-securite-mondiale\/#mainImage","width":1600,"height":900},"primaryImageOfPage":{"@id":"https:\/\/lasentinelle.dz\/index.php\/2026\/08\/31\/le-rechauffement-climatique-un-multiplicateur-de-menaces-pour-la-securite-mondiale\/#mainImage"},"datePublished":"2026-08-31T11:03:22+01:00","dateModified":"2026-08-31T11:03:24+01:00"},{"@type":"WebSite","@id":"https:\/\/lasentinelle.dz\/#website","url":"https:\/\/lasentinelle.dz\/","name":"La Sentinelle","description":"Quotidien national d'information","inLanguage":"fr-FR","publisher":{"@id":"https:\/\/lasentinelle.dz\/#organization"}}]},"og:locale":"fr_FR","og:site_name":"La Sentinelle - Quotidien national d'information","og:type":"article","og:title":"Le r\u00e9chauffement climatique, un multiplicateur de menaces pour la s\u00e9curit\u00e9 mondiale - La Sentinelle","og:description":"Par Abderrahmane Mebtoul Professeur des universit\u00e9s, expert international, docteur d'\u00c9tat (1974) en management strat\u00e9gique, membre du Forum mondial du d\u00e9veloppement durable, pr\u00e9sident de la commission Transition \u00e9nerg\u00e9tique du 5+5+Allemagne (2019-2021). Le r\u00e9chauffement climatique agit comme un multiplicateur de menaces pour la s\u00e9curit\u00e9 mondiale, en aggravant les conflits, la faim due \u00e0 la crise alimentaire, et","og:url":"https:\/\/lasentinelle.dz\/index.php\/2026\/08\/31\/le-rechauffement-climatique-un-multiplicateur-de-menaces-pour-la-securite-mondiale\/","og:image":"https:\/\/lasentinelle.dz\/wp-content\/uploads\/2021\/09\/cropped-la-sentinelle-earth-golden-anima-5.gif","og:image:secure_url":"https:\/\/lasentinelle.dz\/wp-content\/uploads\/2021\/09\/cropped-la-sentinelle-earth-golden-anima-5.gif","og:image:width":450,"og:image:height":213,"article:published_time":"2026-08-31T10:03:22+00:00","article:modified_time":"2026-08-31T10:03:24+00:00","article:publisher":"https:\/\/www.facebook.com\/azzedine.lasentinelle.1","twitter:card":"summary_large_image","twitter:title":"Le r\u00e9chauffement climatique, un multiplicateur de menaces pour la s\u00e9curit\u00e9 mondiale - La Sentinelle","twitter:description":"Par Abderrahmane Mebtoul Professeur des universit\u00e9s, expert international, docteur d'\u00c9tat (1974) en management strat\u00e9gique, membre du Forum mondial du d\u00e9veloppement durable, pr\u00e9sident de la commission Transition \u00e9nerg\u00e9tique du 5+5+Allemagne (2019-2021). Le r\u00e9chauffement climatique agit comme un multiplicateur de menaces pour la s\u00e9curit\u00e9 mondiale, en aggravant les conflits, la faim due \u00e0 la crise alimentaire, et","twitter:image":"https:\/\/lasentinelle.dz\/wp-content\/uploads\/2021\/09\/cropped-la-sentinelle-earth-golden-anima-5.gif"},"aioseo_meta_data":{"post_id":"94586","title":null,"description":null,"keywords":null,"keyphrases":{"focus":{"keyphrase":"","score":0,"analysis":{"keyphraseInTitle":{"score":0,"maxScore":9,"error":1}}},"additional":[]},"primary_term":null,"canonical_url":null,"og_title":null,"og_description":null,"og_object_type":"default","og_image_type":"default","og_image_url":null,"og_image_width":null,"og_image_height":null,"og_image_custom_url":null,"og_image_custom_fields":null,"og_video":"","og_custom_url":null,"og_article_section":null,"og_article_tags":null,"twitter_use_og":false,"twitter_card":"default","twitter_image_type":"default","twitter_image_url":null,"twitter_image_custom_url":null,"twitter_image_custom_fields":null,"twitter_title":null,"twitter_description":null,"schema":{"blockGraphs":[],"customGraphs":[],"default":{"data":{"Article":[],"Course":[],"Dataset":[],"FAQPage":[],"Movie":[],"Person":[],"Product":[],"ProductReview":[],"Car":[],"Recipe":[],"Service":[],"SoftwareApplication":[],"WebPage":[]},"graphName":"BlogPosting","isEnabled":true},"graphs":[]},"schema_type":"default","schema_type_options":null,"pillar_content":false,"robots_default":true,"robots_noindex":false,"robots_noarchive":false,"robots_nosnippet":false,"robots_nofollow":false,"robots_noimageindex":false,"robots_noodp":false,"robots_notranslate":false,"robots_max_snippet":"-1","robots_max_videopreview":"-1","robots_max_imagepreview":"large","priority":null,"frequency":"default","local_seo":null,"breadcrumb_settings":null,"limit_modified_date":false,"ai":{"faqs":[],"keyPoints":[],"schemas":[],"titles":[],"descriptions":[],"socialPosts":{"email":{"subject":"","preview":"","content":""},"linkedin":[],"twitter":[],"facebook":[],"instagram":[]}},"created":"2026-08-31 10:03:25","updated":"2026-08-31 11:08:49","focus_keyword":null,"additional_keywords":null,"truseo_locale":null,"seo_analyzer_scan_date":null},"aioseo_breadcrumb":"<div class=\"aioseo-breadcrumbs\"><span class=\"aioseo-breadcrumb\">\n\t\t\t<a href=\"https:\/\/lasentinelle.dz\" title=\"Home\">Home<\/a>\n\t\t<\/span><span class=\"aioseo-breadcrumb-separator\">&raquo;<\/span><span class=\"aioseo-breadcrumb\">\n\t\t\t<a href=\"https:\/\/lasentinelle.dz\/index.php\/category\/debats\/\" title=\"D\u00e9bats\">D\u00e9bats<\/a>\n\t\t<\/span><span class=\"aioseo-breadcrumb-separator\">&raquo;<\/span><span class=\"aioseo-breadcrumb\">\n\t\t\tLe r\u00e9chauffement climatique, un multiplicateur de menaces pour la s\u00e9curit\u00e9 mondiale\n\t\t<\/span><\/div>","aioseo_breadcrumb_json":[{"label":"Home","link":"https:\/\/lasentinelle.dz"},{"label":"D\u00e9bats","link":"https:\/\/lasentinelle.dz\/index.php\/category\/debats\/"},{"label":"Le r\u00e9chauffement climatique, un multiplicateur de menaces pour la s\u00e9curit\u00e9 mondiale","link":"https:\/\/lasentinelle.dz\/index.php\/2026\/08\/31\/le-rechauffement-climatique-un-multiplicateur-de-menaces-pour-la-securite-mondiale\/"}],"yoast_head":"<!-- This site is optimized with the Yoast SEO plugin v28.3 - https:\/\/yoast.com\/product\/yoast-seo-wordpress\/ -->\n<title>Le r\u00e9chauffement climatique, un multiplicateur de menaces pour la s\u00e9curit\u00e9 mondiale - La Sentinelle<\/title>\n<meta name=\"robots\" content=\"index, follow, max-snippet:-1, max-image-preview:large, max-video-preview:-1\" \/>\n<link rel=\"canonical\" href=\"https:\/\/lasentinelle.dz\/index.php\/2026\/08\/31\/le-rechauffement-climatique-un-multiplicateur-de-menaces-pour-la-securite-mondiale\/\" \/>\n<meta property=\"og:locale\" content=\"fr_FR\" \/>\n<meta property=\"og:type\" content=\"article\" \/>\n<meta property=\"og:title\" content=\"Le r\u00e9chauffement climatique, un multiplicateur de menaces pour la s\u00e9curit\u00e9 mondiale - La Sentinelle\" \/>\n<meta property=\"og:description\" content=\"Par Abderrahmane Mebtoul Professeur des universit\u00e9s, expert international, docteur d&rsquo;\u00c9tat (1974) en management strat\u00e9gique, membre du Forum mondial du d\u00e9veloppement\" \/>\n<meta property=\"og:url\" content=\"https:\/\/lasentinelle.dz\/index.php\/2026\/08\/31\/le-rechauffement-climatique-un-multiplicateur-de-menaces-pour-la-securite-mondiale\/\" \/>\n<meta property=\"og:site_name\" content=\"La Sentinelle\" \/>\n<meta property=\"article:publisher\" content=\"https:\/\/www.facebook.com\/La-Sentinelle-104059864394773\" \/>\n<meta property=\"article:published_time\" content=\"2026-08-31T10:03:22+00:00\" \/>\n<meta property=\"article:modified_time\" content=\"2026-08-31T10:03:24+00:00\" \/>\n<meta property=\"og:image\" content=\"https:\/\/lasentinelle.dz\/wp-content\/uploads\/2021\/09\/contribution.png\" \/>\n\t<meta property=\"og:image:width\" content=\"1600\" \/>\n\t<meta property=\"og:image:height\" content=\"900\" \/>\n\t<meta property=\"og:image:type\" content=\"image\/png\" \/>\n<meta name=\"author\" content=\"admin\" \/>\n<meta name=\"twitter:card\" content=\"summary_large_image\" \/>\n<meta name=\"twitter:label1\" content=\"\u00c9crit par\" \/>\n\t<meta name=\"twitter:data1\" content=\"admin\" \/>\n\t<meta name=\"twitter:label2\" content=\"Dur\u00e9e de lecture estim\u00e9e\" \/>\n\t<meta name=\"twitter:data2\" content=\"12 minutes\" \/>\n<script type=\"application\/ld+json\" class=\"yoast-schema-graph\">{\"@context\":\"https:\\\/\\\/schema.org\",\"@graph\":[{\"@type\":\"Article\",\"@id\":\"https:\\\/\\\/lasentinelle.dz\\\/index.php\\\/2026\\\/08\\\/31\\\/le-rechauffement-climatique-un-multiplicateur-de-menaces-pour-la-securite-mondiale\\\/#article\",\"isPartOf\":{\"@id\":\"https:\\\/\\\/lasentinelle.dz\\\/index.php\\\/2026\\\/08\\\/31\\\/le-rechauffement-climatique-un-multiplicateur-de-menaces-pour-la-securite-mondiale\\\/\"},\"author\":{\"name\":\"admin\",\"@id\":\"https:\\\/\\\/lasentinelle.dz\\\/#\\\/schema\\\/person\\\/729ee0024f24e0b8c5ec17232f8e8b41\"},\"headline\":\"Le r\u00e9chauffement climatique, un multiplicateur de menaces pour la s\u00e9curit\u00e9 mondiale\",\"datePublished\":\"2026-08-31T10:03:22+00:00\",\"dateModified\":\"2026-08-31T10:03:24+00:00\",\"mainEntityOfPage\":{\"@id\":\"https:\\\/\\\/lasentinelle.dz\\\/index.php\\\/2026\\\/08\\\/31\\\/le-rechauffement-climatique-un-multiplicateur-de-menaces-pour-la-securite-mondiale\\\/\"},\"wordCount\":2462,\"commentCount\":0,\"publisher\":{\"@id\":\"https:\\\/\\\/lasentinelle.dz\\\/#organization\"},\"image\":{\"@id\":\"https:\\\/\\\/lasentinelle.dz\\\/index.php\\\/2026\\\/08\\\/31\\\/le-rechauffement-climatique-un-multiplicateur-de-menaces-pour-la-securite-mondiale\\\/#primaryimage\"},\"thumbnailUrl\":\"https:\\\/\\\/lasentinelle.dz\\\/wp-content\\\/uploads\\\/2021\\\/09\\\/contribution.png\",\"articleSection\":[\"Contribution\",\"D\u00e9bats\"],\"inLanguage\":\"fr-FR\",\"potentialAction\":[{\"@type\":\"CommentAction\",\"name\":\"Comment\",\"target\":[\"https:\\\/\\\/lasentinelle.dz\\\/index.php\\\/2026\\\/08\\\/31\\\/le-rechauffement-climatique-un-multiplicateur-de-menaces-pour-la-securite-mondiale\\\/#respond\"]}]},{\"@type\":\"WebPage\",\"@id\":\"https:\\\/\\\/lasentinelle.dz\\\/index.php\\\/2026\\\/08\\\/31\\\/le-rechauffement-climatique-un-multiplicateur-de-menaces-pour-la-securite-mondiale\\\/\",\"url\":\"https:\\\/\\\/lasentinelle.dz\\\/index.php\\\/2026\\\/08\\\/31\\\/le-rechauffement-climatique-un-multiplicateur-de-menaces-pour-la-securite-mondiale\\\/\",\"name\":\"Le r\u00e9chauffement climatique, un multiplicateur de menaces pour la s\u00e9curit\u00e9 mondiale - La Sentinelle\",\"isPartOf\":{\"@id\":\"https:\\\/\\\/lasentinelle.dz\\\/#website\"},\"primaryImageOfPage\":{\"@id\":\"https:\\\/\\\/lasentinelle.dz\\\/index.php\\\/2026\\\/08\\\/31\\\/le-rechauffement-climatique-un-multiplicateur-de-menaces-pour-la-securite-mondiale\\\/#primaryimage\"},\"image\":{\"@id\":\"https:\\\/\\\/lasentinelle.dz\\\/index.php\\\/2026\\\/08\\\/31\\\/le-rechauffement-climatique-un-multiplicateur-de-menaces-pour-la-securite-mondiale\\\/#primaryimage\"},\"thumbnailUrl\":\"https:\\\/\\\/lasentinelle.dz\\\/wp-content\\\/uploads\\\/2021\\\/09\\\/contribution.png\",\"datePublished\":\"2026-08-31T10:03:22+00:00\",\"dateModified\":\"2026-08-31T10:03:24+00:00\",\"breadcrumb\":{\"@id\":\"https:\\\/\\\/lasentinelle.dz\\\/index.php\\\/2026\\\/08\\\/31\\\/le-rechauffement-climatique-un-multiplicateur-de-menaces-pour-la-securite-mondiale\\\/#breadcrumb\"},\"inLanguage\":\"fr-FR\",\"potentialAction\":[{\"@type\":\"ReadAction\",\"target\":[\"https:\\\/\\\/lasentinelle.dz\\\/index.php\\\/2026\\\/08\\\/31\\\/le-rechauffement-climatique-un-multiplicateur-de-menaces-pour-la-securite-mondiale\\\/\"]}]},{\"@type\":\"ImageObject\",\"inLanguage\":\"fr-FR\",\"@id\":\"https:\\\/\\\/lasentinelle.dz\\\/index.php\\\/2026\\\/08\\\/31\\\/le-rechauffement-climatique-un-multiplicateur-de-menaces-pour-la-securite-mondiale\\\/#primaryimage\",\"url\":\"https:\\\/\\\/lasentinelle.dz\\\/wp-content\\\/uploads\\\/2021\\\/09\\\/contribution.png\",\"contentUrl\":\"https:\\\/\\\/lasentinelle.dz\\\/wp-content\\\/uploads\\\/2021\\\/09\\\/contribution.png\",\"width\":1600,\"height\":900},{\"@type\":\"BreadcrumbList\",\"@id\":\"https:\\\/\\\/lasentinelle.dz\\\/index.php\\\/2026\\\/08\\\/31\\\/le-rechauffement-climatique-un-multiplicateur-de-menaces-pour-la-securite-mondiale\\\/#breadcrumb\",\"itemListElement\":[{\"@type\":\"ListItem\",\"position\":1,\"name\":\"Accueil\",\"item\":\"https:\\\/\\\/lasentinelle.dz\\\/\"},{\"@type\":\"ListItem\",\"position\":2,\"name\":\"Le r\u00e9chauffement climatique, un multiplicateur de menaces pour la s\u00e9curit\u00e9 mondiale\"}]},{\"@type\":\"WebSite\",\"@id\":\"https:\\\/\\\/lasentinelle.dz\\\/#website\",\"url\":\"https:\\\/\\\/lasentinelle.dz\\\/\",\"name\":\"La Sentinelle\",\"description\":\"Quotidien national d&#039;information\",\"publisher\":{\"@id\":\"https:\\\/\\\/lasentinelle.dz\\\/#organization\"},\"potentialAction\":[{\"@type\":\"SearchAction\",\"target\":{\"@type\":\"EntryPoint\",\"urlTemplate\":\"https:\\\/\\\/lasentinelle.dz\\\/?s={search_term_string}\"},\"query-input\":{\"@type\":\"PropertyValueSpecification\",\"valueRequired\":true,\"valueName\":\"search_term_string\"}}],\"inLanguage\":\"fr-FR\"},{\"@type\":\"Organization\",\"@id\":\"https:\\\/\\\/lasentinelle.dz\\\/#organization\",\"name\":\"Quotidien La Sentinelle\",\"url\":\"https:\\\/\\\/lasentinelle.dz\\\/\",\"logo\":{\"@type\":\"ImageObject\",\"inLanguage\":\"fr-FR\",\"@id\":\"https:\\\/\\\/lasentinelle.dz\\\/#\\\/schema\\\/logo\\\/image\\\/\",\"url\":\"https:\\\/\\\/lasentinelle.dz\\\/wp-content\\\/uploads\\\/2021\\\/09\\\/logo-sentinelleSLOGAN-1.png\",\"contentUrl\":\"https:\\\/\\\/lasentinelle.dz\\\/wp-content\\\/uploads\\\/2021\\\/09\\\/logo-sentinelleSLOGAN-1.png\",\"width\":615,\"height\":142,\"caption\":\"Quotidien La Sentinelle\"},\"image\":{\"@id\":\"https:\\\/\\\/lasentinelle.dz\\\/#\\\/schema\\\/logo\\\/image\\\/\"},\"sameAs\":[\"https:\\\/\\\/www.facebook.com\\\/La-Sentinelle-104059864394773\"]},{\"@type\":\"Person\",\"@id\":\"https:\\\/\\\/lasentinelle.dz\\\/#\\\/schema\\\/person\\\/729ee0024f24e0b8c5ec17232f8e8b41\",\"name\":\"admin\",\"image\":{\"@type\":\"ImageObject\",\"inLanguage\":\"fr-FR\",\"@id\":\"https:\\\/\\\/secure.gravatar.com\\\/avatar\\\/4c81fed838786e9b53f540bf46533e750f5d292099ae3b66cfc6fb1982e29df7?s=96&d=mm&r=g\",\"url\":\"https:\\\/\\\/secure.gravatar.com\\\/avatar\\\/4c81fed838786e9b53f540bf46533e750f5d292099ae3b66cfc6fb1982e29df7?s=96&d=mm&r=g\",\"contentUrl\":\"https:\\\/\\\/secure.gravatar.com\\\/avatar\\\/4c81fed838786e9b53f540bf46533e750f5d292099ae3b66cfc6fb1982e29df7?s=96&d=mm&r=g\",\"caption\":\"admin\"},\"description\":\"admin\",\"url\":\"https:\\\/\\\/lasentinelle.dz\\\/author\\\/admin\\\/\"}]}<\/script>\n<!-- \/ Yoast SEO plugin. -->","yoast_head_json":{"title":"Le r\u00e9chauffement climatique, un multiplicateur de menaces pour la s\u00e9curit\u00e9 mondiale - La Sentinelle","robots":{"index":"index","follow":"follow","max-snippet":"max-snippet:-1","max-image-preview":"max-image-preview:large","max-video-preview":"max-video-preview:-1"},"canonical":"https:\/\/lasentinelle.dz\/index.php\/2026\/08\/31\/le-rechauffement-climatique-un-multiplicateur-de-menaces-pour-la-securite-mondiale\/","og_locale":"fr_FR","og_type":"article","og_title":"Le r\u00e9chauffement climatique, un multiplicateur de menaces pour la s\u00e9curit\u00e9 mondiale - La Sentinelle","og_description":"Par Abderrahmane Mebtoul Professeur des universit\u00e9s, expert international, docteur d&rsquo;\u00c9tat (1974) en management strat\u00e9gique, membre du Forum mondial du d\u00e9veloppement","og_url":"https:\/\/lasentinelle.dz\/index.php\/2026\/08\/31\/le-rechauffement-climatique-un-multiplicateur-de-menaces-pour-la-securite-mondiale\/","og_site_name":"La Sentinelle","article_publisher":"https:\/\/www.facebook.com\/La-Sentinelle-104059864394773","article_published_time":"2026-08-31T10:03:22+00:00","article_modified_time":"2026-08-31T10:03:24+00:00","og_image":[{"width":1600,"height":900,"url":"https:\/\/lasentinelle.dz\/wp-content\/uploads\/2021\/09\/contribution.png","type":"image\/png"}],"author":"admin","twitter_card":"summary_large_image","twitter_misc":{"\u00c9crit par":"admin","Dur\u00e9e de lecture estim\u00e9e":"12 minutes"},"schema":{"@context":"https:\/\/schema.org","@graph":[{"@type":"Article","@id":"https:\/\/lasentinelle.dz\/index.php\/2026\/08\/31\/le-rechauffement-climatique-un-multiplicateur-de-menaces-pour-la-securite-mondiale\/#article","isPartOf":{"@id":"https:\/\/lasentinelle.dz\/index.php\/2026\/08\/31\/le-rechauffement-climatique-un-multiplicateur-de-menaces-pour-la-securite-mondiale\/"},"author":{"name":"admin","@id":"https:\/\/lasentinelle.dz\/#\/schema\/person\/729ee0024f24e0b8c5ec17232f8e8b41"},"headline":"Le r\u00e9chauffement climatique, un multiplicateur de menaces pour la s\u00e9curit\u00e9 mondiale","datePublished":"2026-08-31T10:03:22+00:00","dateModified":"2026-08-31T10:03:24+00:00","mainEntityOfPage":{"@id":"https:\/\/lasentinelle.dz\/index.php\/2026\/08\/31\/le-rechauffement-climatique-un-multiplicateur-de-menaces-pour-la-securite-mondiale\/"},"wordCount":2462,"commentCount":0,"publisher":{"@id":"https:\/\/lasentinelle.dz\/#organization"},"image":{"@id":"https:\/\/lasentinelle.dz\/index.php\/2026\/08\/31\/le-rechauffement-climatique-un-multiplicateur-de-menaces-pour-la-securite-mondiale\/#primaryimage"},"thumbnailUrl":"https:\/\/lasentinelle.dz\/wp-content\/uploads\/2021\/09\/contribution.png","articleSection":["Contribution","D\u00e9bats"],"inLanguage":"fr-FR","potentialAction":[{"@type":"CommentAction","name":"Comment","target":["https:\/\/lasentinelle.dz\/index.php\/2026\/08\/31\/le-rechauffement-climatique-un-multiplicateur-de-menaces-pour-la-securite-mondiale\/#respond"]}]},{"@type":"WebPage","@id":"https:\/\/lasentinelle.dz\/index.php\/2026\/08\/31\/le-rechauffement-climatique-un-multiplicateur-de-menaces-pour-la-securite-mondiale\/","url":"https:\/\/lasentinelle.dz\/index.php\/2026\/08\/31\/le-rechauffement-climatique-un-multiplicateur-de-menaces-pour-la-securite-mondiale\/","name":"Le r\u00e9chauffement climatique, un multiplicateur de menaces pour la s\u00e9curit\u00e9 mondiale - La Sentinelle","isPartOf":{"@id":"https:\/\/lasentinelle.dz\/#website"},"primaryImageOfPage":{"@id":"https:\/\/lasentinelle.dz\/index.php\/2026\/08\/31\/le-rechauffement-climatique-un-multiplicateur-de-menaces-pour-la-securite-mondiale\/#primaryimage"},"image":{"@id":"https:\/\/lasentinelle.dz\/index.php\/2026\/08\/31\/le-rechauffement-climatique-un-multiplicateur-de-menaces-pour-la-securite-mondiale\/#primaryimage"},"thumbnailUrl":"https:\/\/lasentinelle.dz\/wp-content\/uploads\/2021\/09\/contribution.png","datePublished":"2026-08-31T10:03:22+00:00","dateModified":"2026-08-31T10:03:24+00:00","breadcrumb":{"@id":"https:\/\/lasentinelle.dz\/index.php\/2026\/08\/31\/le-rechauffement-climatique-un-multiplicateur-de-menaces-pour-la-securite-mondiale\/#breadcrumb"},"inLanguage":"fr-FR","potentialAction":[{"@type":"ReadAction","target":["https:\/\/lasentinelle.dz\/index.php\/2026\/08\/31\/le-rechauffement-climatique-un-multiplicateur-de-menaces-pour-la-securite-mondiale\/"]}]},{"@type":"ImageObject","inLanguage":"fr-FR","@id":"https:\/\/lasentinelle.dz\/index.php\/2026\/08\/31\/le-rechauffement-climatique-un-multiplicateur-de-menaces-pour-la-securite-mondiale\/#primaryimage","url":"https:\/\/lasentinelle.dz\/wp-content\/uploads\/2021\/09\/contribution.png","contentUrl":"https:\/\/lasentinelle.dz\/wp-content\/uploads\/2021\/09\/contribution.png","width":1600,"height":900},{"@type":"BreadcrumbList","@id":"https:\/\/lasentinelle.dz\/index.php\/2026\/08\/31\/le-rechauffement-climatique-un-multiplicateur-de-menaces-pour-la-securite-mondiale\/#breadcrumb","itemListElement":[{"@type":"ListItem","position":1,"name":"Accueil","item":"https:\/\/lasentinelle.dz\/"},{"@type":"ListItem","position":2,"name":"Le r\u00e9chauffement climatique, un multiplicateur de menaces pour la s\u00e9curit\u00e9 mondiale"}]},{"@type":"WebSite","@id":"https:\/\/lasentinelle.dz\/#website","url":"https:\/\/lasentinelle.dz\/","name":"La Sentinelle","description":"Quotidien national d&#039;information","publisher":{"@id":"https:\/\/lasentinelle.dz\/#organization"},"potentialAction":[{"@type":"SearchAction","target":{"@type":"EntryPoint","urlTemplate":"https:\/\/lasentinelle.dz\/?s={search_term_string}"},"query-input":{"@type":"PropertyValueSpecification","valueRequired":true,"valueName":"search_term_string"}}],"inLanguage":"fr-FR"},{"@type":"Organization","@id":"https:\/\/lasentinelle.dz\/#organization","name":"Quotidien La Sentinelle","url":"https:\/\/lasentinelle.dz\/","logo":{"@type":"ImageObject","inLanguage":"fr-FR","@id":"https:\/\/lasentinelle.dz\/#\/schema\/logo\/image\/","url":"https:\/\/lasentinelle.dz\/wp-content\/uploads\/2021\/09\/logo-sentinelleSLOGAN-1.png","contentUrl":"https:\/\/lasentinelle.dz\/wp-content\/uploads\/2021\/09\/logo-sentinelleSLOGAN-1.png","width":615,"height":142,"caption":"Quotidien La Sentinelle"},"image":{"@id":"https:\/\/lasentinelle.dz\/#\/schema\/logo\/image\/"},"sameAs":["https:\/\/www.facebook.com\/La-Sentinelle-104059864394773"]},{"@type":"Person","@id":"https:\/\/lasentinelle.dz\/#\/schema\/person\/729ee0024f24e0b8c5ec17232f8e8b41","name":"admin","image":{"@type":"ImageObject","inLanguage":"fr-FR","@id":"https:\/\/secure.gravatar.com\/avatar\/4c81fed838786e9b53f540bf46533e750f5d292099ae3b66cfc6fb1982e29df7?s=96&d=mm&r=g","url":"https:\/\/secure.gravatar.com\/avatar\/4c81fed838786e9b53f540bf46533e750f5d292099ae3b66cfc6fb1982e29df7?s=96&d=mm&r=g","contentUrl":"https:\/\/secure.gravatar.com\/avatar\/4c81fed838786e9b53f540bf46533e750f5d292099ae3b66cfc6fb1982e29df7?s=96&d=mm&r=g","caption":"admin"},"description":"admin","url":"https:\/\/lasentinelle.dz\/author\/admin\/"}]}},"_links":{"self":[{"href":"https:\/\/lasentinelle.dz\/index.php\/wp-json\/wp\/v2\/posts\/94586","targetHints":{"allow":["GET"]}}],"collection":[{"href":"https:\/\/lasentinelle.dz\/index.php\/wp-json\/wp\/v2\/posts"}],"about":[{"href":"https:\/\/lasentinelle.dz\/index.php\/wp-json\/wp\/v2\/types\/post"}],"author":[{"embeddable":true,"href":"https:\/\/lasentinelle.dz\/index.php\/wp-json\/wp\/v2\/users\/6"}],"replies":[{"embeddable":true,"href":"https:\/\/lasentinelle.dz\/index.php\/wp-json\/wp\/v2\/comments?post=94586"}],"version-history":[{"count":1,"href":"https:\/\/lasentinelle.dz\/index.php\/wp-json\/wp\/v2\/posts\/94586\/revisions"}],"predecessor-version":[{"id":94587,"href":"https:\/\/lasentinelle.dz\/index.php\/wp-json\/wp\/v2\/posts\/94586\/revisions\/94587"}],"wp:featuredmedia":[{"embeddable":true,"href":"https:\/\/lasentinelle.dz\/index.php\/wp-json\/wp\/v2\/media\/7876"}],"wp:attachment":[{"href":"https:\/\/lasentinelle.dz\/index.php\/wp-json\/wp\/v2\/media?parent=94586"}],"wp:term":[{"taxonomy":"category","embeddable":true,"href":"https:\/\/lasentinelle.dz\/index.php\/wp-json\/wp\/v2\/categories?post=94586"},{"taxonomy":"post_tag","embeddable":true,"href":"https:\/\/lasentinelle.dz\/index.php\/wp-json\/wp\/v2\/tags?post=94586"}],"curies":[{"name":"wp","href":"https:\/\/api.w.org\/{rel}","templated":true}]}}