{"id":94598,"date":"2026-08-31T11:10:48","date_gmt":"2026-08-31T10:10:48","guid":{"rendered":"https:\/\/lasentinelle.dz\/?p=94598"},"modified":"2026-08-31T11:10:50","modified_gmt":"2026-08-31T10:10:50","slug":"eliminatoires-de-la-can-2027-des-arbitres-congolais-pour-algerie-zambie","status":"publish","type":"post","link":"https:\/\/lasentinelle.dz\/index.php\/2026\/08\/31\/eliminatoires-de-la-can-2027-des-arbitres-congolais-pour-algerie-zambie\/","title":{"rendered":"Eliminatoires de la CAN 2027\u00a0: Des arbitres congolais pour Alg\u00e9rie &#8211; Zambie"},"content":{"rendered":"\n<p class=\"wp-block-paragraph\">La Conf\u00e9d\u00e9ration africaine de football (CAF) a d\u00e9sign\u00e9 un quatuor arbitral congolais pour diriger la rencontre entre l&rsquo;Alg\u00e9rie et la Zambie, pr\u00e9vue le 25 septembre prochain au stade Hocine A\u00eft Ahmed de Tizi Ouzou (20h00), pour le compte de la premi\u00e8re journ\u00e9e dans le groupe I, des \u00e9liminatoires de la Coupe d&rsquo;Afrique des Nations CAN 2027. L&rsquo;arbitre central sera Malala Kabanga Yannick, qui sera assist\u00e9 par Kola Archange Matalatala et Mwengesyali Jospin Mumbere. Le r\u00f4le de quatri\u00e8me arbitre a \u00e9t\u00e9 confi\u00e9 \u00e0 Masangune Louis Mwamba. Arbitre international depuis 2015, Kabanga dispose d&rsquo;une exp\u00e9rience appr\u00e9ciable sur la sc\u00e8ne continentale. Il a notamment \u00e9t\u00e9 retenu par la CAF pour le CHAN 2024 et a d\u00e9j\u00e0 offici\u00e9 dans des comp\u00e9titions interclubs africaines. Log\u00e9s dans le groupe I, les Verts encha\u00eeneront en se rendant au Burundi pour d\u00e9fier les \u00ab\u00a0Hirondelles\u00a0\u00bb, lors de la deuxi\u00e8me journ\u00e9e. Les deux premiers du groupe se qualifieront pour la 36e \u00e9dition de la CAN qui se d\u00e9roulera du 19 juin au 17 juillet 2027 dans trois pays, le Kenya, la Tanzanie et l&rsquo;Ouganda.<\/p>\n\n\n\n<p class=\"wp-block-paragraph\">APS<\/p>\n","protected":false},"excerpt":{"rendered":"<p>La Conf\u00e9d\u00e9ration africaine de football (CAF) a d\u00e9sign\u00e9 un quatuor arbitral congolais pour diriger la rencontre entre l&rsquo;Alg\u00e9rie et la<\/p>\n","protected":false},"author":6,"featured_media":79754,"comment_status":"open","ping_status":"closed","sticky":false,"template":"","format":"standard","meta":{"colormag_page_container_layout":"default_layout","colormag_page_sidebar_layout":"default_layout","om_disable_all_campaigns":false,"_monsterinsights_skip_tracking":false,"footnotes":"","_wpscppro_dont_share_socialmedia":false,"_wpscppro_custom_social_share_image":0,"_facebook_share_type":"default","_twitter_share_type":"default","_linkedin_share_type":"default","_pinterest_share_type":"default","_linkedin_share_type_page":"","_instagram_share_type":"default","_medium_share_type":"default","_threads_share_type":"default","_google_business_share_type":"default","_bluesky_share_type":"default","_mastodon_share_type":"default","_selected_social_profile":[],"_wpsp_enable_custom_social_template":false,"_wpsp_social_scheduling":{"enabled":false,"datetime":null,"platforms":[],"status":"template_only","dateOption":"today","timeOption":"now","customDays":"","customHours":"","customDate":"","customTime":"","schedulingType":"absolute"},"_wpsp_active_default_template":true},"categories":[33],"tags":[],"class_list":["post-94598","post","type-post","status-publish","format-standard","has-post-thumbnail","hentry","category-sports"],"aioseo_notices":[],"aioseo_head":"\n\t\t<!-- All in One SEO 5.0.0.1 - aioseo.com -->\n\t<meta name=\"description\" content=\"La Conf\u00e9d\u00e9ration africaine de football (CAF) a d\u00e9sign\u00e9 un quatuor arbitral congolais pour diriger la rencontre entre l&#039;Alg\u00e9rie et la Zambie, pr\u00e9vue le 25 septembre prochain au stade Hocine A\u00eft Ahmed de Tizi Ouzou (20h00), pour le compte de la premi\u00e8re journ\u00e9e dans le groupe I, des \u00e9liminatoires de la Coupe d&#039;Afrique des Nations CAN\" \/>\n\t<meta name=\"robots\" content=\"max-image-preview:large\" \/>\n\t<meta name=\"author\" content=\"admin\"\/>\n\t<link rel=\"canonical\" href=\"https:\/\/lasentinelle.dz\/index.php\/2026\/08\/31\/eliminatoires-de-la-can-2027-des-arbitres-congolais-pour-algerie-zambie\/\" \/>\n\t<meta name=\"generator\" content=\"All in One SEO (AIOSEO) 5.0.0.1\" \/>\n\t\t<meta property=\"og:locale\" content=\"fr_FR\" \/>\n\t\t<meta property=\"og:site_name\" content=\"La Sentinelle - Quotidien national d&#039;information\" \/>\n\t\t<meta property=\"og:type\" content=\"article\" \/>\n\t\t<meta property=\"og:title\" content=\"Eliminatoires de la CAN 2027 : Des arbitres congolais pour Alg\u00e9rie \u2013 Zambie - La Sentinelle\" \/>\n\t\t<meta property=\"og:description\" content=\"La Conf\u00e9d\u00e9ration africaine de football (CAF) a d\u00e9sign\u00e9 un quatuor arbitral congolais pour diriger la rencontre entre l&#039;Alg\u00e9rie et la Zambie, pr\u00e9vue le 25 septembre prochain au stade Hocine A\u00eft Ahmed de Tizi Ouzou (20h00), pour le compte de la premi\u00e8re journ\u00e9e dans le groupe I, des \u00e9liminatoires de la Coupe d&#039;Afrique des Nations CAN\" \/>\n\t\t<meta property=\"og:url\" content=\"https:\/\/lasentinelle.dz\/index.php\/2026\/08\/31\/eliminatoires-de-la-can-2027-des-arbitres-congolais-pour-algerie-zambie\/\" \/>\n\t\t<meta property=\"og:image\" content=\"https:\/\/lasentinelle.dz\/wp-content\/uploads\/2021\/09\/cropped-la-sentinelle-earth-golden-anima-5.gif\" \/>\n\t\t<meta property=\"og:image:secure_url\" content=\"https:\/\/lasentinelle.dz\/wp-content\/uploads\/2021\/09\/cropped-la-sentinelle-earth-golden-anima-5.gif\" \/>\n\t\t<meta property=\"og:image:width\" content=\"450\" \/>\n\t\t<meta property=\"og:image:height\" content=\"213\" \/>\n\t\t<meta property=\"article:published_time\" content=\"2026-08-31T10:10:48+00:00\" \/>\n\t\t<meta property=\"article:modified_time\" content=\"2026-08-31T10:10:50+00:00\" \/>\n\t\t<meta property=\"article:publisher\" content=\"https:\/\/www.facebook.com\/azzedine.lasentinelle.1\" \/>\n\t\t<meta name=\"twitter:card\" content=\"summary_large_image\" \/>\n\t\t<meta name=\"twitter:title\" content=\"Eliminatoires de la CAN 2027 : Des arbitres congolais pour Alg\u00e9rie \u2013 Zambie - La Sentinelle\" \/>\n\t\t<meta name=\"twitter:description\" content=\"La Conf\u00e9d\u00e9ration africaine de football (CAF) a d\u00e9sign\u00e9 un quatuor arbitral congolais pour diriger la rencontre entre l&#039;Alg\u00e9rie et la Zambie, pr\u00e9vue le 25 septembre prochain au stade Hocine A\u00eft Ahmed de Tizi Ouzou (20h00), pour le compte de la premi\u00e8re journ\u00e9e dans le groupe I, des \u00e9liminatoires de la Coupe d&#039;Afrique des Nations CAN\" \/>\n\t\t<meta name=\"twitter:image\" content=\"https:\/\/lasentinelle.dz\/wp-content\/uploads\/2021\/09\/cropped-la-sentinelle-earth-golden-anima-5.gif\" \/>\n\t\t<script type=\"application\/ld+json\" class=\"aioseo-schema\">\n\t\t\t{\"@context\":\"https:\\\/\\\/schema.org\",\"@graph\":[{\"@type\":\"BlogPosting\",\"@id\":\"https:\\\/\\\/lasentinelle.dz\\\/index.php\\\/2026\\\/08\\\/31\\\/eliminatoires-de-la-can-2027-des-arbitres-congolais-pour-algerie-zambie\\\/#blogposting\",\"name\":\"Eliminatoires de la CAN 2027 : Des arbitres congolais pour Alg\\u00e9rie \\u2013 Zambie - La Sentinelle\",\"headline\":\"Eliminatoires de la CAN 2027\\u00a0: Des arbitres congolais pour Alg\\u00e9rie &#8211; Zambie\",\"author\":{\"@id\":\"https:\\\/\\\/lasentinelle.dz\\\/author\\\/admin\\\/#author\"},\"publisher\":{\"@id\":\"https:\\\/\\\/lasentinelle.dz\\\/#organization\"},\"image\":{\"@type\":\"ImageObject\",\"url\":\"https:\\\/\\\/lasentinelle.dz\\\/wp-content\\\/uploads\\\/2026\\\/01\\\/CAN.jpeg\",\"width\":1200,\"height\":675,\"caption\":\"Troph\\u00e4e des Afrikanischen Nationen-Pokals waehrend des Spiels der TotalEnergies CAF Africa Cup of Nations Final zwischen Nigeria v Ivory Coast, Alassane Ouattara Stadion am 11. February 2024 in Abidjan, Elfenbeinkueste. (Foto von Ulrik Pedersen\\\/DeFodi Images) Africa Cup of Nations trophy during the TotalEnergies CAF Africa Cup of Nations Final match between Nigeria v Ivory Coast at Alassane Ouattara Stadium on February 11, 2024 in Abidjan, Ivory Coast. (Photo by Ulrik Pedersen\\\/DeFodi Images) - Photo by Icon Sport\"},\"datePublished\":\"2026-08-31T11:10:48+01:00\",\"dateModified\":\"2026-08-31T11:10:50+01:00\",\"inLanguage\":\"fr-FR\",\"mainEntityOfPage\":{\"@id\":\"https:\\\/\\\/lasentinelle.dz\\\/index.php\\\/2026\\\/08\\\/31\\\/eliminatoires-de-la-can-2027-des-arbitres-congolais-pour-algerie-zambie\\\/#webpage\"},\"isPartOf\":{\"@id\":\"https:\\\/\\\/lasentinelle.dz\\\/index.php\\\/2026\\\/08\\\/31\\\/eliminatoires-de-la-can-2027-des-arbitres-congolais-pour-algerie-zambie\\\/#webpage\"},\"articleSection\":\"Sports\"},{\"@type\":\"BreadcrumbList\",\"@id\":\"https:\\\/\\\/lasentinelle.dz\\\/index.php\\\/2026\\\/08\\\/31\\\/eliminatoires-de-la-can-2027-des-arbitres-congolais-pour-algerie-zambie\\\/#breadcrumblist\",\"itemListElement\":[{\"@type\":\"ListItem\",\"@id\":\"https:\\\/\\\/lasentinelle.dz#listItem\",\"position\":1,\"name\":\"Home\",\"item\":\"https:\\\/\\\/lasentinelle.dz\",\"nextItem\":{\"@type\":\"ListItem\",\"@id\":\"https:\\\/\\\/lasentinelle.dz\\\/index.php\\\/category\\\/sports\\\/#listItem\",\"name\":\"Sports\"}},{\"@type\":\"ListItem\",\"@id\":\"https:\\\/\\\/lasentinelle.dz\\\/index.php\\\/category\\\/sports\\\/#listItem\",\"position\":2,\"name\":\"Sports\",\"item\":\"https:\\\/\\\/lasentinelle.dz\\\/index.php\\\/category\\\/sports\\\/\",\"nextItem\":{\"@type\":\"ListItem\",\"@id\":\"https:\\\/\\\/lasentinelle.dz\\\/index.php\\\/2026\\\/08\\\/31\\\/eliminatoires-de-la-can-2027-des-arbitres-congolais-pour-algerie-zambie\\\/#listItem\",\"name\":\"Eliminatoires de la CAN 2027\\u00a0: Des arbitres congolais pour Alg\\u00e9rie &#8211; Zambie\"},\"previousItem\":{\"@type\":\"ListItem\",\"@id\":\"https:\\\/\\\/lasentinelle.dz#listItem\",\"name\":\"Home\"}},{\"@type\":\"ListItem\",\"@id\":\"https:\\\/\\\/lasentinelle.dz\\\/index.php\\\/2026\\\/08\\\/31\\\/eliminatoires-de-la-can-2027-des-arbitres-congolais-pour-algerie-zambie\\\/#listItem\",\"position\":3,\"name\":\"Eliminatoires de la CAN 2027\\u00a0: Des arbitres congolais pour Alg\\u00e9rie &#8211; Zambie\",\"previousItem\":{\"@type\":\"ListItem\",\"@id\":\"https:\\\/\\\/lasentinelle.dz\\\/index.php\\\/category\\\/sports\\\/#listItem\",\"name\":\"Sports\"}}]},{\"@type\":\"Organization\",\"@id\":\"https:\\\/\\\/lasentinelle.dz\\\/#organization\",\"name\":\"La Sentinelle La Sentinelle\",\"description\":\"Quotidien national d'information\",\"url\":\"https:\\\/\\\/lasentinelle.dz\\\/\",\"logo\":{\"@type\":\"ImageObject\",\"url\":\"https:\\\/\\\/lasentinelle.dz\\\/wp-content\\\/uploads\\\/2021\\\/09\\\/cropped-la-sentinelle-earth-golden-anima-5.gif\",\"@id\":\"https:\\\/\\\/lasentinelle.dz\\\/index.php\\\/2026\\\/08\\\/31\\\/eliminatoires-de-la-can-2027-des-arbitres-congolais-pour-algerie-zambie\\\/#organizationLogo\",\"width\":450,\"height\":213},\"image\":{\"@id\":\"https:\\\/\\\/lasentinelle.dz\\\/index.php\\\/2026\\\/08\\\/31\\\/eliminatoires-de-la-can-2027-des-arbitres-congolais-pour-algerie-zambie\\\/#organizationLogo\"},\"sameAs\":[\"https:\\\/\\\/www.facebook.com\\\/azzedine.lasentinelle.1\"]},{\"@type\":\"Person\",\"@id\":\"https:\\\/\\\/lasentinelle.dz\\\/author\\\/admin\\\/#author\",\"url\":\"https:\\\/\\\/lasentinelle.dz\\\/author\\\/admin\\\/\",\"name\":\"admin\",\"image\":{\"@type\":\"ImageObject\",\"@id\":\"https:\\\/\\\/lasentinelle.dz\\\/index.php\\\/2026\\\/08\\\/31\\\/eliminatoires-de-la-can-2027-des-arbitres-congolais-pour-algerie-zambie\\\/#authorImage\",\"url\":\"https:\\\/\\\/secure.gravatar.com\\\/avatar\\\/4c81fed838786e9b53f540bf46533e750f5d292099ae3b66cfc6fb1982e29df7?s=96&d=mm&r=g\",\"width\":96,\"height\":96,\"caption\":\"admin\"}},{\"@type\":\"WebPage\",\"@id\":\"https:\\\/\\\/lasentinelle.dz\\\/index.php\\\/2026\\\/08\\\/31\\\/eliminatoires-de-la-can-2027-des-arbitres-congolais-pour-algerie-zambie\\\/#webpage\",\"url\":\"https:\\\/\\\/lasentinelle.dz\\\/index.php\\\/2026\\\/08\\\/31\\\/eliminatoires-de-la-can-2027-des-arbitres-congolais-pour-algerie-zambie\\\/\",\"name\":\"Eliminatoires de la CAN 2027 : Des arbitres congolais pour Alg\\u00e9rie \\u2013 Zambie - La Sentinelle\",\"description\":\"La Conf\\u00e9d\\u00e9ration africaine de football (CAF) a d\\u00e9sign\\u00e9 un quatuor arbitral congolais pour diriger la rencontre entre l'Alg\\u00e9rie et la Zambie, pr\\u00e9vue le 25 septembre prochain au stade Hocine A\\u00eft Ahmed de Tizi Ouzou (20h00), pour le compte de la premi\\u00e8re journ\\u00e9e dans le groupe I, des \\u00e9liminatoires de la Coupe d'Afrique des Nations CAN\",\"inLanguage\":\"fr-FR\",\"isPartOf\":{\"@id\":\"https:\\\/\\\/lasentinelle.dz\\\/#website\"},\"breadcrumb\":{\"@id\":\"https:\\\/\\\/lasentinelle.dz\\\/index.php\\\/2026\\\/08\\\/31\\\/eliminatoires-de-la-can-2027-des-arbitres-congolais-pour-algerie-zambie\\\/#breadcrumblist\"},\"author\":{\"@id\":\"https:\\\/\\\/lasentinelle.dz\\\/author\\\/admin\\\/#author\"},\"creator\":{\"@id\":\"https:\\\/\\\/lasentinelle.dz\\\/author\\\/admin\\\/#author\"},\"image\":{\"@type\":\"ImageObject\",\"url\":\"https:\\\/\\\/lasentinelle.dz\\\/wp-content\\\/uploads\\\/2026\\\/01\\\/CAN.jpeg\",\"@id\":\"https:\\\/\\\/lasentinelle.dz\\\/index.php\\\/2026\\\/08\\\/31\\\/eliminatoires-de-la-can-2027-des-arbitres-congolais-pour-algerie-zambie\\\/#mainImage\",\"width\":1200,\"height\":675,\"caption\":\"Troph\\u00e4e des Afrikanischen Nationen-Pokals waehrend des Spiels der TotalEnergies CAF Africa Cup of Nations Final zwischen Nigeria v Ivory Coast, Alassane Ouattara Stadion am 11. February 2024 in Abidjan, Elfenbeinkueste. (Foto von Ulrik Pedersen\\\/DeFodi Images) Africa Cup of Nations trophy during the TotalEnergies CAF Africa Cup of Nations Final match between Nigeria v Ivory Coast at Alassane Ouattara Stadium on February 11, 2024 in Abidjan, Ivory Coast. (Photo by Ulrik Pedersen\\\/DeFodi Images) - Photo by Icon Sport\"},\"primaryImageOfPage\":{\"@id\":\"https:\\\/\\\/lasentinelle.dz\\\/index.php\\\/2026\\\/08\\\/31\\\/eliminatoires-de-la-can-2027-des-arbitres-congolais-pour-algerie-zambie\\\/#mainImage\"},\"datePublished\":\"2026-08-31T11:10:48+01:00\",\"dateModified\":\"2026-08-31T11:10:50+01:00\"},{\"@type\":\"WebSite\",\"@id\":\"https:\\\/\\\/lasentinelle.dz\\\/#website\",\"url\":\"https:\\\/\\\/lasentinelle.dz\\\/\",\"name\":\"La Sentinelle\",\"description\":\"Quotidien national d'information\",\"inLanguage\":\"fr-FR\",\"publisher\":{\"@id\":\"https:\\\/\\\/lasentinelle.dz\\\/#organization\"}}]}\n\t\t<\/script>\n\t\t<!-- All in One SEO -->\n\n","aioseo_head_json":{"title":"Eliminatoires de la CAN 2027 : Des arbitres congolais pour Alg\u00e9rie \u2013 Zambie - La Sentinelle","description":"La Conf\u00e9d\u00e9ration africaine de football (CAF) a d\u00e9sign\u00e9 un quatuor arbitral congolais pour diriger la rencontre entre l'Alg\u00e9rie et la Zambie, pr\u00e9vue le 25 septembre prochain au stade Hocine A\u00eft Ahmed de Tizi Ouzou (20h00), pour le compte de la premi\u00e8re journ\u00e9e dans le groupe I, des \u00e9liminatoires de la Coupe d'Afrique des Nations CAN","canonical_url":"https:\/\/lasentinelle.dz\/index.php\/2026\/08\/31\/eliminatoires-de-la-can-2027-des-arbitres-congolais-pour-algerie-zambie\/","robots":"max-image-preview:large","keywords":"","webmasterTools":{"miscellaneous":""},"schema":{"@context":"https:\/\/schema.org","@graph":[{"@type":"BlogPosting","@id":"https:\/\/lasentinelle.dz\/index.php\/2026\/08\/31\/eliminatoires-de-la-can-2027-des-arbitres-congolais-pour-algerie-zambie\/#blogposting","name":"Eliminatoires de la CAN 2027 : Des arbitres congolais pour Alg\u00e9rie \u2013 Zambie - La Sentinelle","headline":"Eliminatoires de la CAN 2027\u00a0: Des arbitres congolais pour Alg\u00e9rie &#8211; Zambie","author":{"@id":"https:\/\/lasentinelle.dz\/author\/admin\/#author"},"publisher":{"@id":"https:\/\/lasentinelle.dz\/#organization"},"image":{"@type":"ImageObject","url":"https:\/\/lasentinelle.dz\/wp-content\/uploads\/2026\/01\/CAN.jpeg","width":1200,"height":675,"caption":"Troph\u00e4e des Afrikanischen Nationen-Pokals waehrend des Spiels der TotalEnergies CAF Africa Cup of Nations Final zwischen Nigeria v Ivory Coast, Alassane Ouattara Stadion am 11. February 2024 in Abidjan, Elfenbeinkueste. (Foto von Ulrik Pedersen\/DeFodi Images) Africa Cup of Nations trophy during the TotalEnergies CAF Africa Cup of Nations Final match between Nigeria v Ivory Coast at Alassane Ouattara Stadium on February 11, 2024 in Abidjan, Ivory Coast. (Photo by Ulrik Pedersen\/DeFodi Images) - Photo by Icon Sport"},"datePublished":"2026-08-31T11:10:48+01:00","dateModified":"2026-08-31T11:10:50+01:00","inLanguage":"fr-FR","mainEntityOfPage":{"@id":"https:\/\/lasentinelle.dz\/index.php\/2026\/08\/31\/eliminatoires-de-la-can-2027-des-arbitres-congolais-pour-algerie-zambie\/#webpage"},"isPartOf":{"@id":"https:\/\/lasentinelle.dz\/index.php\/2026\/08\/31\/eliminatoires-de-la-can-2027-des-arbitres-congolais-pour-algerie-zambie\/#webpage"},"articleSection":"Sports"},{"@type":"BreadcrumbList","@id":"https:\/\/lasentinelle.dz\/index.php\/2026\/08\/31\/eliminatoires-de-la-can-2027-des-arbitres-congolais-pour-algerie-zambie\/#breadcrumblist","itemListElement":[{"@type":"ListItem","@id":"https:\/\/lasentinelle.dz#listItem","position":1,"name":"Home","item":"https:\/\/lasentinelle.dz","nextItem":{"@type":"ListItem","@id":"https:\/\/lasentinelle.dz\/index.php\/category\/sports\/#listItem","name":"Sports"}},{"@type":"ListItem","@id":"https:\/\/lasentinelle.dz\/index.php\/category\/sports\/#listItem","position":2,"name":"Sports","item":"https:\/\/lasentinelle.dz\/index.php\/category\/sports\/","nextItem":{"@type":"ListItem","@id":"https:\/\/lasentinelle.dz\/index.php\/2026\/08\/31\/eliminatoires-de-la-can-2027-des-arbitres-congolais-pour-algerie-zambie\/#listItem","name":"Eliminatoires de la CAN 2027\u00a0: Des arbitres congolais pour Alg\u00e9rie &#8211; Zambie"},"previousItem":{"@type":"ListItem","@id":"https:\/\/lasentinelle.dz#listItem","name":"Home"}},{"@type":"ListItem","@id":"https:\/\/lasentinelle.dz\/index.php\/2026\/08\/31\/eliminatoires-de-la-can-2027-des-arbitres-congolais-pour-algerie-zambie\/#listItem","position":3,"name":"Eliminatoires de la CAN 2027\u00a0: Des arbitres congolais pour Alg\u00e9rie &#8211; Zambie","previousItem":{"@type":"ListItem","@id":"https:\/\/lasentinelle.dz\/index.php\/category\/sports\/#listItem","name":"Sports"}}]},{"@type":"Organization","@id":"https:\/\/lasentinelle.dz\/#organization","name":"La Sentinelle La Sentinelle","description":"Quotidien national d'information","url":"https:\/\/lasentinelle.dz\/","logo":{"@type":"ImageObject","url":"https:\/\/lasentinelle.dz\/wp-content\/uploads\/2021\/09\/cropped-la-sentinelle-earth-golden-anima-5.gif","@id":"https:\/\/lasentinelle.dz\/index.php\/2026\/08\/31\/eliminatoires-de-la-can-2027-des-arbitres-congolais-pour-algerie-zambie\/#organizationLogo","width":450,"height":213},"image":{"@id":"https:\/\/lasentinelle.dz\/index.php\/2026\/08\/31\/eliminatoires-de-la-can-2027-des-arbitres-congolais-pour-algerie-zambie\/#organizationLogo"},"sameAs":["https:\/\/www.facebook.com\/azzedine.lasentinelle.1"]},{"@type":"Person","@id":"https:\/\/lasentinelle.dz\/author\/admin\/#author","url":"https:\/\/lasentinelle.dz\/author\/admin\/","name":"admin","image":{"@type":"ImageObject","@id":"https:\/\/lasentinelle.dz\/index.php\/2026\/08\/31\/eliminatoires-de-la-can-2027-des-arbitres-congolais-pour-algerie-zambie\/#authorImage","url":"https:\/\/secure.gravatar.com\/avatar\/4c81fed838786e9b53f540bf46533e750f5d292099ae3b66cfc6fb1982e29df7?s=96&d=mm&r=g","width":96,"height":96,"caption":"admin"}},{"@type":"WebPage","@id":"https:\/\/lasentinelle.dz\/index.php\/2026\/08\/31\/eliminatoires-de-la-can-2027-des-arbitres-congolais-pour-algerie-zambie\/#webpage","url":"https:\/\/lasentinelle.dz\/index.php\/2026\/08\/31\/eliminatoires-de-la-can-2027-des-arbitres-congolais-pour-algerie-zambie\/","name":"Eliminatoires de la CAN 2027 : Des arbitres congolais pour Alg\u00e9rie \u2013 Zambie - La Sentinelle","description":"La Conf\u00e9d\u00e9ration africaine de football (CAF) a d\u00e9sign\u00e9 un quatuor arbitral congolais pour diriger la rencontre entre l'Alg\u00e9rie et la Zambie, pr\u00e9vue le 25 septembre prochain au stade Hocine A\u00eft Ahmed de Tizi Ouzou (20h00), pour le compte de la premi\u00e8re journ\u00e9e dans le groupe I, des \u00e9liminatoires de la Coupe d'Afrique des Nations CAN","inLanguage":"fr-FR","isPartOf":{"@id":"https:\/\/lasentinelle.dz\/#website"},"breadcrumb":{"@id":"https:\/\/lasentinelle.dz\/index.php\/2026\/08\/31\/eliminatoires-de-la-can-2027-des-arbitres-congolais-pour-algerie-zambie\/#breadcrumblist"},"author":{"@id":"https:\/\/lasentinelle.dz\/author\/admin\/#author"},"creator":{"@id":"https:\/\/lasentinelle.dz\/author\/admin\/#author"},"image":{"@type":"ImageObject","url":"https:\/\/lasentinelle.dz\/wp-content\/uploads\/2026\/01\/CAN.jpeg","@id":"https:\/\/lasentinelle.dz\/index.php\/2026\/08\/31\/eliminatoires-de-la-can-2027-des-arbitres-congolais-pour-algerie-zambie\/#mainImage","width":1200,"height":675,"caption":"Troph\u00e4e des Afrikanischen Nationen-Pokals waehrend des Spiels der TotalEnergies CAF Africa Cup of Nations Final zwischen Nigeria v Ivory Coast, Alassane Ouattara Stadion am 11. February 2024 in Abidjan, Elfenbeinkueste. (Foto von Ulrik Pedersen\/DeFodi Images) Africa Cup of Nations trophy during the TotalEnergies CAF Africa Cup of Nations Final match between Nigeria v Ivory Coast at Alassane Ouattara Stadium on February 11, 2024 in Abidjan, Ivory Coast. (Photo by Ulrik Pedersen\/DeFodi Images) - Photo by Icon Sport"},"primaryImageOfPage":{"@id":"https:\/\/lasentinelle.dz\/index.php\/2026\/08\/31\/eliminatoires-de-la-can-2027-des-arbitres-congolais-pour-algerie-zambie\/#mainImage"},"datePublished":"2026-08-31T11:10:48+01:00","dateModified":"2026-08-31T11:10:50+01:00"},{"@type":"WebSite","@id":"https:\/\/lasentinelle.dz\/#website","url":"https:\/\/lasentinelle.dz\/","name":"La Sentinelle","description":"Quotidien national d'information","inLanguage":"fr-FR","publisher":{"@id":"https:\/\/lasentinelle.dz\/#organization"}}]},"og:locale":"fr_FR","og:site_name":"La Sentinelle - Quotidien national d'information","og:type":"article","og:title":"Eliminatoires de la CAN 2027 : Des arbitres congolais pour Alg\u00e9rie \u2013 Zambie - La Sentinelle","og:description":"La Conf\u00e9d\u00e9ration africaine de football (CAF) a d\u00e9sign\u00e9 un quatuor arbitral congolais pour diriger la rencontre entre l'Alg\u00e9rie et la Zambie, pr\u00e9vue le 25 septembre prochain au stade Hocine A\u00eft Ahmed de Tizi Ouzou (20h00), pour le compte de la premi\u00e8re journ\u00e9e dans le groupe I, des \u00e9liminatoires de la Coupe d'Afrique des Nations CAN","og:url":"https:\/\/lasentinelle.dz\/index.php\/2026\/08\/31\/eliminatoires-de-la-can-2027-des-arbitres-congolais-pour-algerie-zambie\/","og:image":"https:\/\/lasentinelle.dz\/wp-content\/uploads\/2021\/09\/cropped-la-sentinelle-earth-golden-anima-5.gif","og:image:secure_url":"https:\/\/lasentinelle.dz\/wp-content\/uploads\/2021\/09\/cropped-la-sentinelle-earth-golden-anima-5.gif","og:image:width":450,"og:image:height":213,"article:published_time":"2026-08-31T10:10:48+00:00","article:modified_time":"2026-08-31T10:10:50+00:00","article:publisher":"https:\/\/www.facebook.com\/azzedine.lasentinelle.1","twitter:card":"summary_large_image","twitter:title":"Eliminatoires de la CAN 2027 : Des arbitres congolais pour Alg\u00e9rie \u2013 Zambie - La Sentinelle","twitter:description":"La Conf\u00e9d\u00e9ration africaine de football (CAF) a d\u00e9sign\u00e9 un quatuor arbitral congolais pour diriger la rencontre entre l'Alg\u00e9rie et la Zambie, pr\u00e9vue le 25 septembre prochain au stade Hocine A\u00eft Ahmed de Tizi Ouzou (20h00), pour le compte de la premi\u00e8re journ\u00e9e dans le groupe I, des \u00e9liminatoires de la Coupe d'Afrique des Nations CAN","twitter:image":"https:\/\/lasentinelle.dz\/wp-content\/uploads\/2021\/09\/cropped-la-sentinelle-earth-golden-anima-5.gif"},"aioseo_meta_data":{"post_id":"94598","title":null,"description":null,"keywords":null,"keyphrases":{"focus":{"keyphrase":"","score":0,"analysis":{"keyphraseInTitle":{"score":0,"maxScore":9,"error":1}}},"additional":[]},"primary_term":null,"canonical_url":null,"og_title":null,"og_description":null,"og_object_type":"default","og_image_type":"default","og_image_url":null,"og_image_width":null,"og_image_height":null,"og_image_custom_url":null,"og_image_custom_fields":null,"og_video":"","og_custom_url":null,"og_article_section":null,"og_article_tags":null,"twitter_use_og":false,"twitter_card":"default","twitter_image_type":"default","twitter_image_url":null,"twitter_image_custom_url":null,"twitter_image_custom_fields":null,"twitter_title":null,"twitter_description":null,"schema":{"blockGraphs":[],"customGraphs":[],"default":{"data":{"Article":[],"Course":[],"Dataset":[],"FAQPage":[],"Movie":[],"Person":[],"Product":[],"ProductReview":[],"Car":[],"Recipe":[],"Service":[],"SoftwareApplication":[],"WebPage":[]},"graphName":"BlogPosting","isEnabled":true},"graphs":[]},"schema_type":"default","schema_type_options":null,"pillar_content":false,"robots_default":true,"robots_noindex":false,"robots_noarchive":false,"robots_nosnippet":false,"robots_nofollow":false,"robots_noimageindex":false,"robots_noodp":false,"robots_notranslate":false,"robots_max_snippet":"-1","robots_max_videopreview":"-1","robots_max_imagepreview":"large","priority":null,"frequency":"default","local_seo":null,"breadcrumb_settings":null,"limit_modified_date":false,"ai":{"faqs":[],"keyPoints":[],"schemas":[],"titles":[],"descriptions":[],"socialPosts":{"email":{"subject":"","preview":"","content":""},"linkedin":[],"twitter":[],"facebook":[],"instagram":[]}},"created":"2026-08-31 10:10:50","updated":"2026-08-31 11:12:54","focus_keyword":null,"additional_keywords":null,"truseo_locale":null,"seo_analyzer_scan_date":null},"aioseo_breadcrumb":"<div class=\"aioseo-breadcrumbs\"><span class=\"aioseo-breadcrumb\">\n\t\t\t<a href=\"https:\/\/lasentinelle.dz\" title=\"Home\">Home<\/a>\n\t\t<\/span><span class=\"aioseo-breadcrumb-separator\">&raquo;<\/span><span class=\"aioseo-breadcrumb\">\n\t\t\t<a href=\"https:\/\/lasentinelle.dz\/index.php\/category\/sports\/\" title=\"Sports\">Sports<\/a>\n\t\t<\/span><span class=\"aioseo-breadcrumb-separator\">&raquo;<\/span><span class=\"aioseo-breadcrumb\">\n\t\t\tEliminatoires de la CAN 2027 : Des arbitres congolais pour Alg\u00e9rie \u2013 Zambie\n\t\t<\/span><\/div>","aioseo_breadcrumb_json":[{"label":"Home","link":"https:\/\/lasentinelle.dz"},{"label":"Sports","link":"https:\/\/lasentinelle.dz\/index.php\/category\/sports\/"},{"label":"Eliminatoires de la CAN 2027\u00a0: Des arbitres congolais pour Alg\u00e9rie &#8211; Zambie","link":"https:\/\/lasentinelle.dz\/index.php\/2026\/08\/31\/eliminatoires-de-la-can-2027-des-arbitres-congolais-pour-algerie-zambie\/"}],"yoast_head":"<!-- This site is optimized with the Yoast SEO plugin v28.3 - https:\/\/yoast.com\/product\/yoast-seo-wordpress\/ -->\n<title>Eliminatoires de la CAN 2027\u00a0: Des arbitres congolais pour Alg\u00e9rie &#8211; Zambie - La Sentinelle<\/title>\n<meta name=\"robots\" content=\"index, follow, max-snippet:-1, max-image-preview:large, max-video-preview:-1\" \/>\n<link rel=\"canonical\" href=\"https:\/\/lasentinelle.dz\/index.php\/2026\/08\/31\/eliminatoires-de-la-can-2027-des-arbitres-congolais-pour-algerie-zambie\/\" \/>\n<meta property=\"og:locale\" content=\"fr_FR\" \/>\n<meta property=\"og:type\" content=\"article\" \/>\n<meta property=\"og:title\" content=\"Eliminatoires de la CAN 2027\u00a0: Des arbitres congolais pour Alg\u00e9rie &#8211; Zambie - La Sentinelle\" \/>\n<meta property=\"og:description\" content=\"La Conf\u00e9d\u00e9ration africaine de football (CAF) a d\u00e9sign\u00e9 un quatuor arbitral congolais pour diriger la rencontre entre l&rsquo;Alg\u00e9rie et la\" \/>\n<meta property=\"og:url\" content=\"https:\/\/lasentinelle.dz\/index.php\/2026\/08\/31\/eliminatoires-de-la-can-2027-des-arbitres-congolais-pour-algerie-zambie\/\" \/>\n<meta property=\"og:site_name\" content=\"La Sentinelle\" \/>\n<meta property=\"article:publisher\" content=\"https:\/\/www.facebook.com\/La-Sentinelle-104059864394773\" \/>\n<meta property=\"article:published_time\" content=\"2026-08-31T10:10:48+00:00\" \/>\n<meta property=\"article:modified_time\" content=\"2026-08-31T10:10:50+00:00\" \/>\n<meta property=\"og:image\" content=\"https:\/\/lasentinelle.dz\/wp-content\/uploads\/2026\/01\/CAN.jpeg\" \/>\n\t<meta property=\"og:image:width\" content=\"1200\" \/>\n\t<meta property=\"og:image:height\" content=\"675\" \/>\n\t<meta property=\"og:image:type\" content=\"image\/jpeg\" \/>\n<meta name=\"author\" content=\"admin\" \/>\n<meta name=\"twitter:card\" content=\"summary_large_image\" \/>\n<meta name=\"twitter:label1\" content=\"\u00c9crit par\" \/>\n\t<meta name=\"twitter:data1\" content=\"admin\" \/>\n\t<meta name=\"twitter:label2\" content=\"Dur\u00e9e de lecture estim\u00e9e\" \/>\n\t<meta name=\"twitter:data2\" content=\"2 minutes\" \/>\n<script type=\"application\/ld+json\" class=\"yoast-schema-graph\">{\"@context\":\"https:\\\/\\\/schema.org\",\"@graph\":[{\"@type\":\"Article\",\"@id\":\"https:\\\/\\\/lasentinelle.dz\\\/index.php\\\/2026\\\/08\\\/31\\\/eliminatoires-de-la-can-2027-des-arbitres-congolais-pour-algerie-zambie\\\/#article\",\"isPartOf\":{\"@id\":\"https:\\\/\\\/lasentinelle.dz\\\/index.php\\\/2026\\\/08\\\/31\\\/eliminatoires-de-la-can-2027-des-arbitres-congolais-pour-algerie-zambie\\\/\"},\"author\":{\"name\":\"admin\",\"@id\":\"https:\\\/\\\/lasentinelle.dz\\\/#\\\/schema\\\/person\\\/729ee0024f24e0b8c5ec17232f8e8b41\"},\"headline\":\"Eliminatoires de la CAN 2027\u00a0: Des arbitres congolais pour Alg\u00e9rie &#8211; Zambie\",\"datePublished\":\"2026-08-31T10:10:48+00:00\",\"dateModified\":\"2026-08-31T10:10:50+00:00\",\"mainEntityOfPage\":{\"@id\":\"https:\\\/\\\/lasentinelle.dz\\\/index.php\\\/2026\\\/08\\\/31\\\/eliminatoires-de-la-can-2027-des-arbitres-congolais-pour-algerie-zambie\\\/\"},\"wordCount\":204,\"commentCount\":0,\"publisher\":{\"@id\":\"https:\\\/\\\/lasentinelle.dz\\\/#organization\"},\"image\":{\"@id\":\"https:\\\/\\\/lasentinelle.dz\\\/index.php\\\/2026\\\/08\\\/31\\\/eliminatoires-de-la-can-2027-des-arbitres-congolais-pour-algerie-zambie\\\/#primaryimage\"},\"thumbnailUrl\":\"https:\\\/\\\/lasentinelle.dz\\\/wp-content\\\/uploads\\\/2026\\\/01\\\/CAN.jpeg\",\"articleSection\":[\"Sports\"],\"inLanguage\":\"fr-FR\",\"potentialAction\":[{\"@type\":\"CommentAction\",\"name\":\"Comment\",\"target\":[\"https:\\\/\\\/lasentinelle.dz\\\/index.php\\\/2026\\\/08\\\/31\\\/eliminatoires-de-la-can-2027-des-arbitres-congolais-pour-algerie-zambie\\\/#respond\"]}]},{\"@type\":\"WebPage\",\"@id\":\"https:\\\/\\\/lasentinelle.dz\\\/index.php\\\/2026\\\/08\\\/31\\\/eliminatoires-de-la-can-2027-des-arbitres-congolais-pour-algerie-zambie\\\/\",\"url\":\"https:\\\/\\\/lasentinelle.dz\\\/index.php\\\/2026\\\/08\\\/31\\\/eliminatoires-de-la-can-2027-des-arbitres-congolais-pour-algerie-zambie\\\/\",\"name\":\"Eliminatoires de la CAN 2027\u00a0: Des arbitres congolais pour Alg\u00e9rie &#8211; Zambie - La Sentinelle\",\"isPartOf\":{\"@id\":\"https:\\\/\\\/lasentinelle.dz\\\/#website\"},\"primaryImageOfPage\":{\"@id\":\"https:\\\/\\\/lasentinelle.dz\\\/index.php\\\/2026\\\/08\\\/31\\\/eliminatoires-de-la-can-2027-des-arbitres-congolais-pour-algerie-zambie\\\/#primaryimage\"},\"image\":{\"@id\":\"https:\\\/\\\/lasentinelle.dz\\\/index.php\\\/2026\\\/08\\\/31\\\/eliminatoires-de-la-can-2027-des-arbitres-congolais-pour-algerie-zambie\\\/#primaryimage\"},\"thumbnailUrl\":\"https:\\\/\\\/lasentinelle.dz\\\/wp-content\\\/uploads\\\/2026\\\/01\\\/CAN.jpeg\",\"datePublished\":\"2026-08-31T10:10:48+00:00\",\"dateModified\":\"2026-08-31T10:10:50+00:00\",\"breadcrumb\":{\"@id\":\"https:\\\/\\\/lasentinelle.dz\\\/index.php\\\/2026\\\/08\\\/31\\\/eliminatoires-de-la-can-2027-des-arbitres-congolais-pour-algerie-zambie\\\/#breadcrumb\"},\"inLanguage\":\"fr-FR\",\"potentialAction\":[{\"@type\":\"ReadAction\",\"target\":[\"https:\\\/\\\/lasentinelle.dz\\\/index.php\\\/2026\\\/08\\\/31\\\/eliminatoires-de-la-can-2027-des-arbitres-congolais-pour-algerie-zambie\\\/\"]}]},{\"@type\":\"ImageObject\",\"inLanguage\":\"fr-FR\",\"@id\":\"https:\\\/\\\/lasentinelle.dz\\\/index.php\\\/2026\\\/08\\\/31\\\/eliminatoires-de-la-can-2027-des-arbitres-congolais-pour-algerie-zambie\\\/#primaryimage\",\"url\":\"https:\\\/\\\/lasentinelle.dz\\\/wp-content\\\/uploads\\\/2026\\\/01\\\/CAN.jpeg\",\"contentUrl\":\"https:\\\/\\\/lasentinelle.dz\\\/wp-content\\\/uploads\\\/2026\\\/01\\\/CAN.jpeg\",\"width\":1200,\"height\":675,\"caption\":\"Troph\u00e4e des Afrikanischen Nationen-Pokals waehrend des Spiels der TotalEnergies CAF Africa Cup of Nations Final zwischen Nigeria v Ivory Coast, Alassane Ouattara Stadion am 11. February 2024 in Abidjan, Elfenbeinkueste. (Foto von Ulrik Pedersen\\\/DeFodi Images) Africa Cup of Nations trophy during the TotalEnergies CAF Africa Cup of Nations Final match between Nigeria v Ivory Coast at Alassane Ouattara Stadium on February 11, 2024 in Abidjan, Ivory Coast. (Photo by Ulrik Pedersen\\\/DeFodi Images) - Photo by Icon Sport\"},{\"@type\":\"BreadcrumbList\",\"@id\":\"https:\\\/\\\/lasentinelle.dz\\\/index.php\\\/2026\\\/08\\\/31\\\/eliminatoires-de-la-can-2027-des-arbitres-congolais-pour-algerie-zambie\\\/#breadcrumb\",\"itemListElement\":[{\"@type\":\"ListItem\",\"position\":1,\"name\":\"Accueil\",\"item\":\"https:\\\/\\\/lasentinelle.dz\\\/\"},{\"@type\":\"ListItem\",\"position\":2,\"name\":\"Eliminatoires de la CAN 2027\u00a0: Des arbitres congolais pour Alg\u00e9rie &#8211; Zambie\"}]},{\"@type\":\"WebSite\",\"@id\":\"https:\\\/\\\/lasentinelle.dz\\\/#website\",\"url\":\"https:\\\/\\\/lasentinelle.dz\\\/\",\"name\":\"La Sentinelle\",\"description\":\"Quotidien national d&#039;information\",\"publisher\":{\"@id\":\"https:\\\/\\\/lasentinelle.dz\\\/#organization\"},\"potentialAction\":[{\"@type\":\"SearchAction\",\"target\":{\"@type\":\"EntryPoint\",\"urlTemplate\":\"https:\\\/\\\/lasentinelle.dz\\\/?s={search_term_string}\"},\"query-input\":{\"@type\":\"PropertyValueSpecification\",\"valueRequired\":true,\"valueName\":\"search_term_string\"}}],\"inLanguage\":\"fr-FR\"},{\"@type\":\"Organization\",\"@id\":\"https:\\\/\\\/lasentinelle.dz\\\/#organization\",\"name\":\"Quotidien La Sentinelle\",\"url\":\"https:\\\/\\\/lasentinelle.dz\\\/\",\"logo\":{\"@type\":\"ImageObject\",\"inLanguage\":\"fr-FR\",\"@id\":\"https:\\\/\\\/lasentinelle.dz\\\/#\\\/schema\\\/logo\\\/image\\\/\",\"url\":\"https:\\\/\\\/lasentinelle.dz\\\/wp-content\\\/uploads\\\/2021\\\/09\\\/logo-sentinelleSLOGAN-1.png\",\"contentUrl\":\"https:\\\/\\\/lasentinelle.dz\\\/wp-content\\\/uploads\\\/2021\\\/09\\\/logo-sentinelleSLOGAN-1.png\",\"width\":615,\"height\":142,\"caption\":\"Quotidien La Sentinelle\"},\"image\":{\"@id\":\"https:\\\/\\\/lasentinelle.dz\\\/#\\\/schema\\\/logo\\\/image\\\/\"},\"sameAs\":[\"https:\\\/\\\/www.facebook.com\\\/La-Sentinelle-104059864394773\"]},{\"@type\":\"Person\",\"@id\":\"https:\\\/\\\/lasentinelle.dz\\\/#\\\/schema\\\/person\\\/729ee0024f24e0b8c5ec17232f8e8b41\",\"name\":\"admin\",\"image\":{\"@type\":\"ImageObject\",\"inLanguage\":\"fr-FR\",\"@id\":\"https:\\\/\\\/secure.gravatar.com\\\/avatar\\\/4c81fed838786e9b53f540bf46533e750f5d292099ae3b66cfc6fb1982e29df7?s=96&d=mm&r=g\",\"url\":\"https:\\\/\\\/secure.gravatar.com\\\/avatar\\\/4c81fed838786e9b53f540bf46533e750f5d292099ae3b66cfc6fb1982e29df7?s=96&d=mm&r=g\",\"contentUrl\":\"https:\\\/\\\/secure.gravatar.com\\\/avatar\\\/4c81fed838786e9b53f540bf46533e750f5d292099ae3b66cfc6fb1982e29df7?s=96&d=mm&r=g\",\"caption\":\"admin\"},\"description\":\"admin\",\"url\":\"https:\\\/\\\/lasentinelle.dz\\\/author\\\/admin\\\/\"}]}<\/script>\n<!-- \/ Yoast SEO plugin. -->","yoast_head_json":{"title":"Eliminatoires de la CAN 2027\u00a0: Des arbitres congolais pour Alg\u00e9rie &#8211; Zambie - La Sentinelle","robots":{"index":"index","follow":"follow","max-snippet":"max-snippet:-1","max-image-preview":"max-image-preview:large","max-video-preview":"max-video-preview:-1"},"canonical":"https:\/\/lasentinelle.dz\/index.php\/2026\/08\/31\/eliminatoires-de-la-can-2027-des-arbitres-congolais-pour-algerie-zambie\/","og_locale":"fr_FR","og_type":"article","og_title":"Eliminatoires de la CAN 2027\u00a0: Des arbitres congolais pour Alg\u00e9rie &#8211; Zambie - La Sentinelle","og_description":"La Conf\u00e9d\u00e9ration africaine de football (CAF) a d\u00e9sign\u00e9 un quatuor arbitral congolais pour diriger la rencontre entre l&rsquo;Alg\u00e9rie et la","og_url":"https:\/\/lasentinelle.dz\/index.php\/2026\/08\/31\/eliminatoires-de-la-can-2027-des-arbitres-congolais-pour-algerie-zambie\/","og_site_name":"La Sentinelle","article_publisher":"https:\/\/www.facebook.com\/La-Sentinelle-104059864394773","article_published_time":"2026-08-31T10:10:48+00:00","article_modified_time":"2026-08-31T10:10:50+00:00","og_image":[{"width":1200,"height":675,"url":"https:\/\/lasentinelle.dz\/wp-content\/uploads\/2026\/01\/CAN.jpeg","type":"image\/jpeg"}],"author":"admin","twitter_card":"summary_large_image","twitter_misc":{"\u00c9crit par":"admin","Dur\u00e9e de lecture estim\u00e9e":"2 minutes"},"schema":{"@context":"https:\/\/schema.org","@graph":[{"@type":"Article","@id":"https:\/\/lasentinelle.dz\/index.php\/2026\/08\/31\/eliminatoires-de-la-can-2027-des-arbitres-congolais-pour-algerie-zambie\/#article","isPartOf":{"@id":"https:\/\/lasentinelle.dz\/index.php\/2026\/08\/31\/eliminatoires-de-la-can-2027-des-arbitres-congolais-pour-algerie-zambie\/"},"author":{"name":"admin","@id":"https:\/\/lasentinelle.dz\/#\/schema\/person\/729ee0024f24e0b8c5ec17232f8e8b41"},"headline":"Eliminatoires de la CAN 2027\u00a0: Des arbitres congolais pour Alg\u00e9rie &#8211; Zambie","datePublished":"2026-08-31T10:10:48+00:00","dateModified":"2026-08-31T10:10:50+00:00","mainEntityOfPage":{"@id":"https:\/\/lasentinelle.dz\/index.php\/2026\/08\/31\/eliminatoires-de-la-can-2027-des-arbitres-congolais-pour-algerie-zambie\/"},"wordCount":204,"commentCount":0,"publisher":{"@id":"https:\/\/lasentinelle.dz\/#organization"},"image":{"@id":"https:\/\/lasentinelle.dz\/index.php\/2026\/08\/31\/eliminatoires-de-la-can-2027-des-arbitres-congolais-pour-algerie-zambie\/#primaryimage"},"thumbnailUrl":"https:\/\/lasentinelle.dz\/wp-content\/uploads\/2026\/01\/CAN.jpeg","articleSection":["Sports"],"inLanguage":"fr-FR","potentialAction":[{"@type":"CommentAction","name":"Comment","target":["https:\/\/lasentinelle.dz\/index.php\/2026\/08\/31\/eliminatoires-de-la-can-2027-des-arbitres-congolais-pour-algerie-zambie\/#respond"]}]},{"@type":"WebPage","@id":"https:\/\/lasentinelle.dz\/index.php\/2026\/08\/31\/eliminatoires-de-la-can-2027-des-arbitres-congolais-pour-algerie-zambie\/","url":"https:\/\/lasentinelle.dz\/index.php\/2026\/08\/31\/eliminatoires-de-la-can-2027-des-arbitres-congolais-pour-algerie-zambie\/","name":"Eliminatoires de la CAN 2027\u00a0: Des arbitres congolais pour Alg\u00e9rie &#8211; Zambie - La Sentinelle","isPartOf":{"@id":"https:\/\/lasentinelle.dz\/#website"},"primaryImageOfPage":{"@id":"https:\/\/lasentinelle.dz\/index.php\/2026\/08\/31\/eliminatoires-de-la-can-2027-des-arbitres-congolais-pour-algerie-zambie\/#primaryimage"},"image":{"@id":"https:\/\/lasentinelle.dz\/index.php\/2026\/08\/31\/eliminatoires-de-la-can-2027-des-arbitres-congolais-pour-algerie-zambie\/#primaryimage"},"thumbnailUrl":"https:\/\/lasentinelle.dz\/wp-content\/uploads\/2026\/01\/CAN.jpeg","datePublished":"2026-08-31T10:10:48+00:00","dateModified":"2026-08-31T10:10:50+00:00","breadcrumb":{"@id":"https:\/\/lasentinelle.dz\/index.php\/2026\/08\/31\/eliminatoires-de-la-can-2027-des-arbitres-congolais-pour-algerie-zambie\/#breadcrumb"},"inLanguage":"fr-FR","potentialAction":[{"@type":"ReadAction","target":["https:\/\/lasentinelle.dz\/index.php\/2026\/08\/31\/eliminatoires-de-la-can-2027-des-arbitres-congolais-pour-algerie-zambie\/"]}]},{"@type":"ImageObject","inLanguage":"fr-FR","@id":"https:\/\/lasentinelle.dz\/index.php\/2026\/08\/31\/eliminatoires-de-la-can-2027-des-arbitres-congolais-pour-algerie-zambie\/#primaryimage","url":"https:\/\/lasentinelle.dz\/wp-content\/uploads\/2026\/01\/CAN.jpeg","contentUrl":"https:\/\/lasentinelle.dz\/wp-content\/uploads\/2026\/01\/CAN.jpeg","width":1200,"height":675,"caption":"Troph\u00e4e des Afrikanischen Nationen-Pokals waehrend des Spiels der TotalEnergies CAF Africa Cup of Nations Final zwischen Nigeria v Ivory Coast, Alassane Ouattara Stadion am 11. February 2024 in Abidjan, Elfenbeinkueste. (Foto von Ulrik Pedersen\/DeFodi Images) Africa Cup of Nations trophy during the TotalEnergies CAF Africa Cup of Nations Final match between Nigeria v Ivory Coast at Alassane Ouattara Stadium on February 11, 2024 in Abidjan, Ivory Coast. (Photo by Ulrik Pedersen\/DeFodi Images) - Photo by Icon Sport"},{"@type":"BreadcrumbList","@id":"https:\/\/lasentinelle.dz\/index.php\/2026\/08\/31\/eliminatoires-de-la-can-2027-des-arbitres-congolais-pour-algerie-zambie\/#breadcrumb","itemListElement":[{"@type":"ListItem","position":1,"name":"Accueil","item":"https:\/\/lasentinelle.dz\/"},{"@type":"ListItem","position":2,"name":"Eliminatoires de la CAN 2027\u00a0: Des arbitres congolais pour Alg\u00e9rie &#8211; Zambie"}]},{"@type":"WebSite","@id":"https:\/\/lasentinelle.dz\/#website","url":"https:\/\/lasentinelle.dz\/","name":"La Sentinelle","description":"Quotidien national d&#039;information","publisher":{"@id":"https:\/\/lasentinelle.dz\/#organization"},"potentialAction":[{"@type":"SearchAction","target":{"@type":"EntryPoint","urlTemplate":"https:\/\/lasentinelle.dz\/?s={search_term_string}"},"query-input":{"@type":"PropertyValueSpecification","valueRequired":true,"valueName":"search_term_string"}}],"inLanguage":"fr-FR"},{"@type":"Organization","@id":"https:\/\/lasentinelle.dz\/#organization","name":"Quotidien La Sentinelle","url":"https:\/\/lasentinelle.dz\/","logo":{"@type":"ImageObject","inLanguage":"fr-FR","@id":"https:\/\/lasentinelle.dz\/#\/schema\/logo\/image\/","url":"https:\/\/lasentinelle.dz\/wp-content\/uploads\/2021\/09\/logo-sentinelleSLOGAN-1.png","contentUrl":"https:\/\/lasentinelle.dz\/wp-content\/uploads\/2021\/09\/logo-sentinelleSLOGAN-1.png","width":615,"height":142,"caption":"Quotidien La Sentinelle"},"image":{"@id":"https:\/\/lasentinelle.dz\/#\/schema\/logo\/image\/"},"sameAs":["https:\/\/www.facebook.com\/La-Sentinelle-104059864394773"]},{"@type":"Person","@id":"https:\/\/lasentinelle.dz\/#\/schema\/person\/729ee0024f24e0b8c5ec17232f8e8b41","name":"admin","image":{"@type":"ImageObject","inLanguage":"fr-FR","@id":"https:\/\/secure.gravatar.com\/avatar\/4c81fed838786e9b53f540bf46533e750f5d292099ae3b66cfc6fb1982e29df7?s=96&d=mm&r=g","url":"https:\/\/secure.gravatar.com\/avatar\/4c81fed838786e9b53f540bf46533e750f5d292099ae3b66cfc6fb1982e29df7?s=96&d=mm&r=g","contentUrl":"https:\/\/secure.gravatar.com\/avatar\/4c81fed838786e9b53f540bf46533e750f5d292099ae3b66cfc6fb1982e29df7?s=96&d=mm&r=g","caption":"admin"},"description":"admin","url":"https:\/\/lasentinelle.dz\/author\/admin\/"}]}},"_links":{"self":[{"href":"https:\/\/lasentinelle.dz\/index.php\/wp-json\/wp\/v2\/posts\/94598","targetHints":{"allow":["GET"]}}],"collection":[{"href":"https:\/\/lasentinelle.dz\/index.php\/wp-json\/wp\/v2\/posts"}],"about":[{"href":"https:\/\/lasentinelle.dz\/index.php\/wp-json\/wp\/v2\/types\/post"}],"author":[{"embeddable":true,"href":"https:\/\/lasentinelle.dz\/index.php\/wp-json\/wp\/v2\/users\/6"}],"replies":[{"embeddable":true,"href":"https:\/\/lasentinelle.dz\/index.php\/wp-json\/wp\/v2\/comments?post=94598"}],"version-history":[{"count":2,"href":"https:\/\/lasentinelle.dz\/index.php\/wp-json\/wp\/v2\/posts\/94598\/revisions"}],"predecessor-version":[{"id":94600,"href":"https:\/\/lasentinelle.dz\/index.php\/wp-json\/wp\/v2\/posts\/94598\/revisions\/94600"}],"wp:featuredmedia":[{"embeddable":true,"href":"https:\/\/lasentinelle.dz\/index.php\/wp-json\/wp\/v2\/media\/79754"}],"wp:attachment":[{"href":"https:\/\/lasentinelle.dz\/index.php\/wp-json\/wp\/v2\/media?parent=94598"}],"wp:term":[{"taxonomy":"category","embeddable":true,"href":"https:\/\/lasentinelle.dz\/index.php\/wp-json\/wp\/v2\/categories?post=94598"},{"taxonomy":"post_tag","embeddable":true,"href":"https:\/\/lasentinelle.dz\/index.php\/wp-json\/wp\/v2\/tags?post=94598"}],"curies":[{"name":"wp","href":"https:\/\/api.w.org\/{rel}","templated":true}]}}