{"id":94601,"date":"2026-08-31T11:13:02","date_gmt":"2026-08-31T10:13:02","guid":{"rendered":"https:\/\/lasentinelle.dz\/?p=94601"},"modified":"2026-08-31T11:13:04","modified_gmt":"2026-08-31T10:13:04","slug":"ligue-1-mobilis-le-mc-oran-peaufine-sa-preparation-a-travers-trois-rencontres-amicales","status":"publish","type":"post","link":"https:\/\/lasentinelle.dz\/index.php\/2026\/08\/31\/ligue-1-mobilis-le-mc-oran-peaufine-sa-preparation-a-travers-trois-rencontres-amicales\/","title":{"rendered":"Ligue 1 Mobilis\u00a0: Le MC Oran peaufine sa pr\u00e9paration \u00e0 travers trois rencontres amicales"},"content":{"rendered":"\n<p class=\"wp-block-paragraph\">Le MC Oran disputera trois matchs amicaux au cours de la semaine, contre Sidi Abdelmoum\u00e8ne, le MC Sa\u00efda puis le GC Mascara, avant d&rsquo;entamer son championnat de Ligue 1 le 11 septembre prochain face au CR T\u00e9mouchent, a-t-on appris dimanche aupr\u00e8s du club oranais. Apr\u00e8s le report de leur premier match de championnat contre le MC Alger, engag\u00e9 en Ligue des champions africaine, les Hamraoua ont choisi de reprendre le fil de leur pr\u00e9paration \u00e0 travers cette s\u00e9rie de trois confrontations, programm\u00e9es sur le terrain annexe du complexe sportif Miloud Hadefi. La premi\u00e8re opposera le club oranais \u00e0 la formation de Sidi Abdelmoum\u00e8ne, \u00e9voluant en Inter r\u00e9gions, avant d&rsquo;encha\u00eener avec le MC Sa\u00efda puis le GC Mascara, pour un dernier galop d&rsquo;essai avant le lancement officiel de la saison. Ces rencontres doivent permettre \u00e0 l&rsquo;entra\u00eeneur Cherif El Ouazzani d&rsquo;\u00e9valuer la forme de l&rsquo;ensemble de son effectif tout en maintenant une concurrence saine entre les joueurs, dans la perspective d&rsquo;arr\u00eater les choix qui composeront son \u00e9quipe pour l&rsquo;entame du championnat. Un exercice d&rsquo;autant plus important que le MCO, priv\u00e9 de sa premi\u00e8re sortie officielle en raison de l&rsquo;engagement continental de son adversaire initial, disputera finalement son entr\u00e9e en lice le 11 septembre face au promu du CR T\u00e9mouchent, avec l&rsquo;ambition de s&rsquo;imposer devant son public d\u00e8s la deuxi\u00e8me journ\u00e9e.<\/p>\n\n\n\n<p class=\"wp-block-paragraph\">De son c\u00f4t\u00e9, le GC Mascara a \u00e9galement entam\u00e9 sa derni\u00e8re ligne droite de pr\u00e9paration avant le coup d&rsquo;envoi du championnat de Ligue 2 amateur, fix\u00e9 \u00e0 la m\u00eame date. La barre technique de la formation mascar\u00e9enne est d\u00e9sormais confi\u00e9e \u00e0 l&rsquo;ancien gardien international Lamine Bougherara, arriv\u00e9 durant le mercato estival avec pour mission de remettre l&rsquo;\u00e9quipe en jambes avant la reprise de la comp\u00e9tition. Un effectif par ailleurs renforc\u00e9 par plusieurs recrues, dans le cadre d&rsquo;une strat\u00e9gie visant \u00e0 consolider les diff\u00e9rents compartiments de jeu et \u00e0 viser de meilleurs r\u00e9sultats que ceux affich\u00e9s la saison pass\u00e9e. Le GC Mascara, actuellement dirig\u00e9 par une commission provisoire apr\u00e8s l&rsquo;\u00e9chec de son assembl\u00e9e g\u00e9n\u00e9rale \u00e0 d\u00e9signer un nouveau pr\u00e9sident, avait assur\u00e9 son maintien de justesse la saison derni\u00e8re et affiche cette fois l&rsquo;ambition de jouer les premiers r\u00f4les en Ligue 2.<\/p>\n\n\n\n<p class=\"wp-block-paragraph\">R.S.<\/p>\n","protected":false},"excerpt":{"rendered":"<p>Le MC Oran disputera trois matchs amicaux au cours de la semaine, contre Sidi Abdelmoum\u00e8ne, le MC Sa\u00efda puis le<\/p>\n","protected":false},"author":6,"featured_media":94602,"comment_status":"open","ping_status":"closed","sticky":false,"template":"","format":"standard","meta":{"colormag_page_container_layout":"default_layout","colormag_page_sidebar_layout":"default_layout","om_disable_all_campaigns":false,"_monsterinsights_skip_tracking":false,"footnotes":"","_wpscppro_dont_share_socialmedia":false,"_wpscppro_custom_social_share_image":0,"_facebook_share_type":"default","_twitter_share_type":"default","_linkedin_share_type":"default","_pinterest_share_type":"default","_linkedin_share_type_page":"","_instagram_share_type":"default","_medium_share_type":"default","_threads_share_type":"default","_google_business_share_type":"default","_bluesky_share_type":"default","_mastodon_share_type":"default","_selected_social_profile":[],"_wpsp_enable_custom_social_template":false,"_wpsp_social_scheduling":{"enabled":false,"datetime":null,"platforms":[],"status":"template_only","dateOption":"today","timeOption":"now","customDays":"","customHours":"","customDate":"","customTime":"","schedulingType":"absolute"},"_wpsp_active_default_template":true},"categories":[33],"tags":[],"class_list":["post-94601","post","type-post","status-publish","format-standard","has-post-thumbnail","hentry","category-sports"],"aioseo_notices":[],"aioseo_head":"\n\t\t<!-- All in One SEO 5.0.0.1 - aioseo.com -->\n\t<meta name=\"description\" content=\"Le MC Oran disputera trois matchs amicaux au cours de la semaine, contre Sidi Abdelmoum\u00e8ne, le MC Sa\u00efda puis le GC Mascara, avant d&#039;entamer son championnat de Ligue 1 le 11 septembre prochain face au CR T\u00e9mouchent, a-t-on appris dimanche aupr\u00e8s du club oranais. Apr\u00e8s le report de leur premier match de championnat contre le\" \/>\n\t<meta name=\"robots\" content=\"max-image-preview:large\" \/>\n\t<meta name=\"author\" content=\"admin\"\/>\n\t<link rel=\"canonical\" href=\"https:\/\/lasentinelle.dz\/index.php\/2026\/08\/31\/ligue-1-mobilis-le-mc-oran-peaufine-sa-preparation-a-travers-trois-rencontres-amicales\/\" \/>\n\t<meta name=\"generator\" content=\"All in One SEO (AIOSEO) 5.0.0.1\" \/>\n\t\t<meta property=\"og:locale\" content=\"fr_FR\" \/>\n\t\t<meta property=\"og:site_name\" content=\"La Sentinelle - Quotidien national d&#039;information\" \/>\n\t\t<meta property=\"og:type\" content=\"article\" \/>\n\t\t<meta property=\"og:title\" content=\"Ligue 1 Mobilis : Le MC Oran peaufine sa pr\u00e9paration \u00e0 travers trois rencontres amicales - La Sentinelle\" \/>\n\t\t<meta property=\"og:description\" content=\"Le MC Oran disputera trois matchs amicaux au cours de la semaine, contre Sidi Abdelmoum\u00e8ne, le MC Sa\u00efda puis le GC Mascara, avant d&#039;entamer son championnat de Ligue 1 le 11 septembre prochain face au CR T\u00e9mouchent, a-t-on appris dimanche aupr\u00e8s du club oranais. Apr\u00e8s le report de leur premier match de championnat contre le\" \/>\n\t\t<meta property=\"og:url\" content=\"https:\/\/lasentinelle.dz\/index.php\/2026\/08\/31\/ligue-1-mobilis-le-mc-oran-peaufine-sa-preparation-a-travers-trois-rencontres-amicales\/\" \/>\n\t\t<meta property=\"og:image\" content=\"https:\/\/lasentinelle.dz\/wp-content\/uploads\/2021\/09\/cropped-la-sentinelle-earth-golden-anima-5.gif\" \/>\n\t\t<meta property=\"og:image:secure_url\" content=\"https:\/\/lasentinelle.dz\/wp-content\/uploads\/2021\/09\/cropped-la-sentinelle-earth-golden-anima-5.gif\" \/>\n\t\t<meta property=\"og:image:width\" content=\"450\" \/>\n\t\t<meta property=\"og:image:height\" content=\"213\" \/>\n\t\t<meta property=\"article:published_time\" content=\"2026-08-31T10:13:02+00:00\" \/>\n\t\t<meta property=\"article:modified_time\" content=\"2026-08-31T10:13:04+00:00\" \/>\n\t\t<meta property=\"article:publisher\" content=\"https:\/\/www.facebook.com\/azzedine.lasentinelle.1\" \/>\n\t\t<meta name=\"twitter:card\" content=\"summary_large_image\" \/>\n\t\t<meta name=\"twitter:title\" content=\"Ligue 1 Mobilis : Le MC Oran peaufine sa pr\u00e9paration \u00e0 travers trois rencontres amicales - La Sentinelle\" \/>\n\t\t<meta name=\"twitter:description\" content=\"Le MC Oran disputera trois matchs amicaux au cours de la semaine, contre Sidi Abdelmoum\u00e8ne, le MC Sa\u00efda puis le GC Mascara, avant d&#039;entamer son championnat de Ligue 1 le 11 septembre prochain face au CR T\u00e9mouchent, a-t-on appris dimanche aupr\u00e8s du club oranais. Apr\u00e8s le report de leur premier match de championnat contre le\" \/>\n\t\t<meta name=\"twitter:image\" content=\"https:\/\/lasentinelle.dz\/wp-content\/uploads\/2021\/09\/cropped-la-sentinelle-earth-golden-anima-5.gif\" \/>\n\t\t<script type=\"application\/ld+json\" class=\"aioseo-schema\">\n\t\t\t{\"@context\":\"https:\\\/\\\/schema.org\",\"@graph\":[{\"@type\":\"BlogPosting\",\"@id\":\"https:\\\/\\\/lasentinelle.dz\\\/index.php\\\/2026\\\/08\\\/31\\\/ligue-1-mobilis-le-mc-oran-peaufine-sa-preparation-a-travers-trois-rencontres-amicales\\\/#blogposting\",\"name\":\"Ligue 1 Mobilis : Le MC Oran peaufine sa pr\\u00e9paration \\u00e0 travers trois rencontres amicales - La Sentinelle\",\"headline\":\"Ligue 1 Mobilis\\u00a0: Le MC Oran peaufine sa pr\\u00e9paration \\u00e0 travers trois rencontres amicales\",\"author\":{\"@id\":\"https:\\\/\\\/lasentinelle.dz\\\/author\\\/admin\\\/#author\"},\"publisher\":{\"@id\":\"https:\\\/\\\/lasentinelle.dz\\\/#organization\"},\"image\":{\"@type\":\"ImageObject\",\"url\":\"https:\\\/\\\/lasentinelle.dz\\\/wp-content\\\/uploads\\\/2026\\\/08\\\/MCO-e1788171159107.jpg\",\"width\":2048,\"height\":1650},\"datePublished\":\"2026-08-31T11:13:02+01:00\",\"dateModified\":\"2026-08-31T11:13:04+01:00\",\"inLanguage\":\"fr-FR\",\"mainEntityOfPage\":{\"@id\":\"https:\\\/\\\/lasentinelle.dz\\\/index.php\\\/2026\\\/08\\\/31\\\/ligue-1-mobilis-le-mc-oran-peaufine-sa-preparation-a-travers-trois-rencontres-amicales\\\/#webpage\"},\"isPartOf\":{\"@id\":\"https:\\\/\\\/lasentinelle.dz\\\/index.php\\\/2026\\\/08\\\/31\\\/ligue-1-mobilis-le-mc-oran-peaufine-sa-preparation-a-travers-trois-rencontres-amicales\\\/#webpage\"},\"articleSection\":\"Sports\"},{\"@type\":\"BreadcrumbList\",\"@id\":\"https:\\\/\\\/lasentinelle.dz\\\/index.php\\\/2026\\\/08\\\/31\\\/ligue-1-mobilis-le-mc-oran-peaufine-sa-preparation-a-travers-trois-rencontres-amicales\\\/#breadcrumblist\",\"itemListElement\":[{\"@type\":\"ListItem\",\"@id\":\"https:\\\/\\\/lasentinelle.dz#listItem\",\"position\":1,\"name\":\"Home\",\"item\":\"https:\\\/\\\/lasentinelle.dz\",\"nextItem\":{\"@type\":\"ListItem\",\"@id\":\"https:\\\/\\\/lasentinelle.dz\\\/index.php\\\/category\\\/sports\\\/#listItem\",\"name\":\"Sports\"}},{\"@type\":\"ListItem\",\"@id\":\"https:\\\/\\\/lasentinelle.dz\\\/index.php\\\/category\\\/sports\\\/#listItem\",\"position\":2,\"name\":\"Sports\",\"item\":\"https:\\\/\\\/lasentinelle.dz\\\/index.php\\\/category\\\/sports\\\/\",\"nextItem\":{\"@type\":\"ListItem\",\"@id\":\"https:\\\/\\\/lasentinelle.dz\\\/index.php\\\/2026\\\/08\\\/31\\\/ligue-1-mobilis-le-mc-oran-peaufine-sa-preparation-a-travers-trois-rencontres-amicales\\\/#listItem\",\"name\":\"Ligue 1 Mobilis\\u00a0: Le MC Oran peaufine sa pr\\u00e9paration \\u00e0 travers trois rencontres amicales\"},\"previousItem\":{\"@type\":\"ListItem\",\"@id\":\"https:\\\/\\\/lasentinelle.dz#listItem\",\"name\":\"Home\"}},{\"@type\":\"ListItem\",\"@id\":\"https:\\\/\\\/lasentinelle.dz\\\/index.php\\\/2026\\\/08\\\/31\\\/ligue-1-mobilis-le-mc-oran-peaufine-sa-preparation-a-travers-trois-rencontres-amicales\\\/#listItem\",\"position\":3,\"name\":\"Ligue 1 Mobilis\\u00a0: Le MC Oran peaufine sa pr\\u00e9paration \\u00e0 travers trois rencontres amicales\",\"previousItem\":{\"@type\":\"ListItem\",\"@id\":\"https:\\\/\\\/lasentinelle.dz\\\/index.php\\\/category\\\/sports\\\/#listItem\",\"name\":\"Sports\"}}]},{\"@type\":\"Organization\",\"@id\":\"https:\\\/\\\/lasentinelle.dz\\\/#organization\",\"name\":\"La Sentinelle La Sentinelle\",\"description\":\"Quotidien national d'information\",\"url\":\"https:\\\/\\\/lasentinelle.dz\\\/\",\"logo\":{\"@type\":\"ImageObject\",\"url\":\"https:\\\/\\\/lasentinelle.dz\\\/wp-content\\\/uploads\\\/2021\\\/09\\\/cropped-la-sentinelle-earth-golden-anima-5.gif\",\"@id\":\"https:\\\/\\\/lasentinelle.dz\\\/index.php\\\/2026\\\/08\\\/31\\\/ligue-1-mobilis-le-mc-oran-peaufine-sa-preparation-a-travers-trois-rencontres-amicales\\\/#organizationLogo\",\"width\":450,\"height\":213},\"image\":{\"@id\":\"https:\\\/\\\/lasentinelle.dz\\\/index.php\\\/2026\\\/08\\\/31\\\/ligue-1-mobilis-le-mc-oran-peaufine-sa-preparation-a-travers-trois-rencontres-amicales\\\/#organizationLogo\"},\"sameAs\":[\"https:\\\/\\\/www.facebook.com\\\/azzedine.lasentinelle.1\"]},{\"@type\":\"Person\",\"@id\":\"https:\\\/\\\/lasentinelle.dz\\\/author\\\/admin\\\/#author\",\"url\":\"https:\\\/\\\/lasentinelle.dz\\\/author\\\/admin\\\/\",\"name\":\"admin\",\"image\":{\"@type\":\"ImageObject\",\"@id\":\"https:\\\/\\\/lasentinelle.dz\\\/index.php\\\/2026\\\/08\\\/31\\\/ligue-1-mobilis-le-mc-oran-peaufine-sa-preparation-a-travers-trois-rencontres-amicales\\\/#authorImage\",\"url\":\"https:\\\/\\\/secure.gravatar.com\\\/avatar\\\/4c81fed838786e9b53f540bf46533e750f5d292099ae3b66cfc6fb1982e29df7?s=96&d=mm&r=g\",\"width\":96,\"height\":96,\"caption\":\"admin\"}},{\"@type\":\"WebPage\",\"@id\":\"https:\\\/\\\/lasentinelle.dz\\\/index.php\\\/2026\\\/08\\\/31\\\/ligue-1-mobilis-le-mc-oran-peaufine-sa-preparation-a-travers-trois-rencontres-amicales\\\/#webpage\",\"url\":\"https:\\\/\\\/lasentinelle.dz\\\/index.php\\\/2026\\\/08\\\/31\\\/ligue-1-mobilis-le-mc-oran-peaufine-sa-preparation-a-travers-trois-rencontres-amicales\\\/\",\"name\":\"Ligue 1 Mobilis : Le MC Oran peaufine sa pr\\u00e9paration \\u00e0 travers trois rencontres amicales - La Sentinelle\",\"description\":\"Le MC Oran disputera trois matchs amicaux au cours de la semaine, contre Sidi Abdelmoum\\u00e8ne, le MC Sa\\u00efda puis le GC Mascara, avant d'entamer son championnat de Ligue 1 le 11 septembre prochain face au CR T\\u00e9mouchent, a-t-on appris dimanche aupr\\u00e8s du club oranais. Apr\\u00e8s le report de leur premier match de championnat contre le\",\"inLanguage\":\"fr-FR\",\"isPartOf\":{\"@id\":\"https:\\\/\\\/lasentinelle.dz\\\/#website\"},\"breadcrumb\":{\"@id\":\"https:\\\/\\\/lasentinelle.dz\\\/index.php\\\/2026\\\/08\\\/31\\\/ligue-1-mobilis-le-mc-oran-peaufine-sa-preparation-a-travers-trois-rencontres-amicales\\\/#breadcrumblist\"},\"author\":{\"@id\":\"https:\\\/\\\/lasentinelle.dz\\\/author\\\/admin\\\/#author\"},\"creator\":{\"@id\":\"https:\\\/\\\/lasentinelle.dz\\\/author\\\/admin\\\/#author\"},\"image\":{\"@type\":\"ImageObject\",\"url\":\"https:\\\/\\\/lasentinelle.dz\\\/wp-content\\\/uploads\\\/2026\\\/08\\\/MCO-e1788171159107.jpg\",\"@id\":\"https:\\\/\\\/lasentinelle.dz\\\/index.php\\\/2026\\\/08\\\/31\\\/ligue-1-mobilis-le-mc-oran-peaufine-sa-preparation-a-travers-trois-rencontres-amicales\\\/#mainImage\",\"width\":2048,\"height\":1650},\"primaryImageOfPage\":{\"@id\":\"https:\\\/\\\/lasentinelle.dz\\\/index.php\\\/2026\\\/08\\\/31\\\/ligue-1-mobilis-le-mc-oran-peaufine-sa-preparation-a-travers-trois-rencontres-amicales\\\/#mainImage\"},\"datePublished\":\"2026-08-31T11:13:02+01:00\",\"dateModified\":\"2026-08-31T11:13:04+01:00\"},{\"@type\":\"WebSite\",\"@id\":\"https:\\\/\\\/lasentinelle.dz\\\/#website\",\"url\":\"https:\\\/\\\/lasentinelle.dz\\\/\",\"name\":\"La Sentinelle\",\"description\":\"Quotidien national d'information\",\"inLanguage\":\"fr-FR\",\"publisher\":{\"@id\":\"https:\\\/\\\/lasentinelle.dz\\\/#organization\"}}]}\n\t\t<\/script>\n\t\t<!-- All in One SEO -->\n\n","aioseo_head_json":{"title":"Ligue 1 Mobilis : Le MC Oran peaufine sa pr\u00e9paration \u00e0 travers trois rencontres amicales - La Sentinelle","description":"Le MC Oran disputera trois matchs amicaux au cours de la semaine, contre Sidi Abdelmoum\u00e8ne, le MC Sa\u00efda puis le GC Mascara, avant d'entamer son championnat de Ligue 1 le 11 septembre prochain face au CR T\u00e9mouchent, a-t-on appris dimanche aupr\u00e8s du club oranais. Apr\u00e8s le report de leur premier match de championnat contre le","canonical_url":"https:\/\/lasentinelle.dz\/index.php\/2026\/08\/31\/ligue-1-mobilis-le-mc-oran-peaufine-sa-preparation-a-travers-trois-rencontres-amicales\/","robots":"max-image-preview:large","keywords":"","webmasterTools":{"miscellaneous":""},"schema":{"@context":"https:\/\/schema.org","@graph":[{"@type":"BlogPosting","@id":"https:\/\/lasentinelle.dz\/index.php\/2026\/08\/31\/ligue-1-mobilis-le-mc-oran-peaufine-sa-preparation-a-travers-trois-rencontres-amicales\/#blogposting","name":"Ligue 1 Mobilis : Le MC Oran peaufine sa pr\u00e9paration \u00e0 travers trois rencontres amicales - La Sentinelle","headline":"Ligue 1 Mobilis\u00a0: Le MC Oran peaufine sa pr\u00e9paration \u00e0 travers trois rencontres amicales","author":{"@id":"https:\/\/lasentinelle.dz\/author\/admin\/#author"},"publisher":{"@id":"https:\/\/lasentinelle.dz\/#organization"},"image":{"@type":"ImageObject","url":"https:\/\/lasentinelle.dz\/wp-content\/uploads\/2026\/08\/MCO-e1788171159107.jpg","width":2048,"height":1650},"datePublished":"2026-08-31T11:13:02+01:00","dateModified":"2026-08-31T11:13:04+01:00","inLanguage":"fr-FR","mainEntityOfPage":{"@id":"https:\/\/lasentinelle.dz\/index.php\/2026\/08\/31\/ligue-1-mobilis-le-mc-oran-peaufine-sa-preparation-a-travers-trois-rencontres-amicales\/#webpage"},"isPartOf":{"@id":"https:\/\/lasentinelle.dz\/index.php\/2026\/08\/31\/ligue-1-mobilis-le-mc-oran-peaufine-sa-preparation-a-travers-trois-rencontres-amicales\/#webpage"},"articleSection":"Sports"},{"@type":"BreadcrumbList","@id":"https:\/\/lasentinelle.dz\/index.php\/2026\/08\/31\/ligue-1-mobilis-le-mc-oran-peaufine-sa-preparation-a-travers-trois-rencontres-amicales\/#breadcrumblist","itemListElement":[{"@type":"ListItem","@id":"https:\/\/lasentinelle.dz#listItem","position":1,"name":"Home","item":"https:\/\/lasentinelle.dz","nextItem":{"@type":"ListItem","@id":"https:\/\/lasentinelle.dz\/index.php\/category\/sports\/#listItem","name":"Sports"}},{"@type":"ListItem","@id":"https:\/\/lasentinelle.dz\/index.php\/category\/sports\/#listItem","position":2,"name":"Sports","item":"https:\/\/lasentinelle.dz\/index.php\/category\/sports\/","nextItem":{"@type":"ListItem","@id":"https:\/\/lasentinelle.dz\/index.php\/2026\/08\/31\/ligue-1-mobilis-le-mc-oran-peaufine-sa-preparation-a-travers-trois-rencontres-amicales\/#listItem","name":"Ligue 1 Mobilis\u00a0: Le MC Oran peaufine sa pr\u00e9paration \u00e0 travers trois rencontres amicales"},"previousItem":{"@type":"ListItem","@id":"https:\/\/lasentinelle.dz#listItem","name":"Home"}},{"@type":"ListItem","@id":"https:\/\/lasentinelle.dz\/index.php\/2026\/08\/31\/ligue-1-mobilis-le-mc-oran-peaufine-sa-preparation-a-travers-trois-rencontres-amicales\/#listItem","position":3,"name":"Ligue 1 Mobilis\u00a0: Le MC Oran peaufine sa pr\u00e9paration \u00e0 travers trois rencontres amicales","previousItem":{"@type":"ListItem","@id":"https:\/\/lasentinelle.dz\/index.php\/category\/sports\/#listItem","name":"Sports"}}]},{"@type":"Organization","@id":"https:\/\/lasentinelle.dz\/#organization","name":"La Sentinelle La Sentinelle","description":"Quotidien national d'information","url":"https:\/\/lasentinelle.dz\/","logo":{"@type":"ImageObject","url":"https:\/\/lasentinelle.dz\/wp-content\/uploads\/2021\/09\/cropped-la-sentinelle-earth-golden-anima-5.gif","@id":"https:\/\/lasentinelle.dz\/index.php\/2026\/08\/31\/ligue-1-mobilis-le-mc-oran-peaufine-sa-preparation-a-travers-trois-rencontres-amicales\/#organizationLogo","width":450,"height":213},"image":{"@id":"https:\/\/lasentinelle.dz\/index.php\/2026\/08\/31\/ligue-1-mobilis-le-mc-oran-peaufine-sa-preparation-a-travers-trois-rencontres-amicales\/#organizationLogo"},"sameAs":["https:\/\/www.facebook.com\/azzedine.lasentinelle.1"]},{"@type":"Person","@id":"https:\/\/lasentinelle.dz\/author\/admin\/#author","url":"https:\/\/lasentinelle.dz\/author\/admin\/","name":"admin","image":{"@type":"ImageObject","@id":"https:\/\/lasentinelle.dz\/index.php\/2026\/08\/31\/ligue-1-mobilis-le-mc-oran-peaufine-sa-preparation-a-travers-trois-rencontres-amicales\/#authorImage","url":"https:\/\/secure.gravatar.com\/avatar\/4c81fed838786e9b53f540bf46533e750f5d292099ae3b66cfc6fb1982e29df7?s=96&d=mm&r=g","width":96,"height":96,"caption":"admin"}},{"@type":"WebPage","@id":"https:\/\/lasentinelle.dz\/index.php\/2026\/08\/31\/ligue-1-mobilis-le-mc-oran-peaufine-sa-preparation-a-travers-trois-rencontres-amicales\/#webpage","url":"https:\/\/lasentinelle.dz\/index.php\/2026\/08\/31\/ligue-1-mobilis-le-mc-oran-peaufine-sa-preparation-a-travers-trois-rencontres-amicales\/","name":"Ligue 1 Mobilis : Le MC Oran peaufine sa pr\u00e9paration \u00e0 travers trois rencontres amicales - La Sentinelle","description":"Le MC Oran disputera trois matchs amicaux au cours de la semaine, contre Sidi Abdelmoum\u00e8ne, le MC Sa\u00efda puis le GC Mascara, avant d'entamer son championnat de Ligue 1 le 11 septembre prochain face au CR T\u00e9mouchent, a-t-on appris dimanche aupr\u00e8s du club oranais. Apr\u00e8s le report de leur premier match de championnat contre le","inLanguage":"fr-FR","isPartOf":{"@id":"https:\/\/lasentinelle.dz\/#website"},"breadcrumb":{"@id":"https:\/\/lasentinelle.dz\/index.php\/2026\/08\/31\/ligue-1-mobilis-le-mc-oran-peaufine-sa-preparation-a-travers-trois-rencontres-amicales\/#breadcrumblist"},"author":{"@id":"https:\/\/lasentinelle.dz\/author\/admin\/#author"},"creator":{"@id":"https:\/\/lasentinelle.dz\/author\/admin\/#author"},"image":{"@type":"ImageObject","url":"https:\/\/lasentinelle.dz\/wp-content\/uploads\/2026\/08\/MCO-e1788171159107.jpg","@id":"https:\/\/lasentinelle.dz\/index.php\/2026\/08\/31\/ligue-1-mobilis-le-mc-oran-peaufine-sa-preparation-a-travers-trois-rencontres-amicales\/#mainImage","width":2048,"height":1650},"primaryImageOfPage":{"@id":"https:\/\/lasentinelle.dz\/index.php\/2026\/08\/31\/ligue-1-mobilis-le-mc-oran-peaufine-sa-preparation-a-travers-trois-rencontres-amicales\/#mainImage"},"datePublished":"2026-08-31T11:13:02+01:00","dateModified":"2026-08-31T11:13:04+01:00"},{"@type":"WebSite","@id":"https:\/\/lasentinelle.dz\/#website","url":"https:\/\/lasentinelle.dz\/","name":"La Sentinelle","description":"Quotidien national d'information","inLanguage":"fr-FR","publisher":{"@id":"https:\/\/lasentinelle.dz\/#organization"}}]},"og:locale":"fr_FR","og:site_name":"La Sentinelle - Quotidien national d'information","og:type":"article","og:title":"Ligue 1 Mobilis : Le MC Oran peaufine sa pr\u00e9paration \u00e0 travers trois rencontres amicales - La Sentinelle","og:description":"Le MC Oran disputera trois matchs amicaux au cours de la semaine, contre Sidi Abdelmoum\u00e8ne, le MC Sa\u00efda puis le GC Mascara, avant d'entamer son championnat de Ligue 1 le 11 septembre prochain face au CR T\u00e9mouchent, a-t-on appris dimanche aupr\u00e8s du club oranais. Apr\u00e8s le report de leur premier match de championnat contre le","og:url":"https:\/\/lasentinelle.dz\/index.php\/2026\/08\/31\/ligue-1-mobilis-le-mc-oran-peaufine-sa-preparation-a-travers-trois-rencontres-amicales\/","og:image":"https:\/\/lasentinelle.dz\/wp-content\/uploads\/2021\/09\/cropped-la-sentinelle-earth-golden-anima-5.gif","og:image:secure_url":"https:\/\/lasentinelle.dz\/wp-content\/uploads\/2021\/09\/cropped-la-sentinelle-earth-golden-anima-5.gif","og:image:width":450,"og:image:height":213,"article:published_time":"2026-08-31T10:13:02+00:00","article:modified_time":"2026-08-31T10:13:04+00:00","article:publisher":"https:\/\/www.facebook.com\/azzedine.lasentinelle.1","twitter:card":"summary_large_image","twitter:title":"Ligue 1 Mobilis : Le MC Oran peaufine sa pr\u00e9paration \u00e0 travers trois rencontres amicales - La Sentinelle","twitter:description":"Le MC Oran disputera trois matchs amicaux au cours de la semaine, contre Sidi Abdelmoum\u00e8ne, le MC Sa\u00efda puis le GC Mascara, avant d'entamer son championnat de Ligue 1 le 11 septembre prochain face au CR T\u00e9mouchent, a-t-on appris dimanche aupr\u00e8s du club oranais. Apr\u00e8s le report de leur premier match de championnat contre le","twitter:image":"https:\/\/lasentinelle.dz\/wp-content\/uploads\/2021\/09\/cropped-la-sentinelle-earth-golden-anima-5.gif"},"aioseo_meta_data":{"post_id":"94601","title":null,"description":null,"keywords":null,"keyphrases":{"focus":{"keyphrase":"","score":0,"analysis":{"keyphraseInTitle":{"score":0,"maxScore":9,"error":1}}},"additional":[]},"primary_term":null,"canonical_url":null,"og_title":null,"og_description":null,"og_object_type":"default","og_image_type":"default","og_image_url":null,"og_image_width":null,"og_image_height":null,"og_image_custom_url":null,"og_image_custom_fields":null,"og_video":"","og_custom_url":null,"og_article_section":null,"og_article_tags":null,"twitter_use_og":false,"twitter_card":"default","twitter_image_type":"default","twitter_image_url":null,"twitter_image_custom_url":null,"twitter_image_custom_fields":null,"twitter_title":null,"twitter_description":null,"schema":{"blockGraphs":[],"customGraphs":[],"default":{"data":{"Article":[],"Course":[],"Dataset":[],"FAQPage":[],"Movie":[],"Person":[],"Product":[],"ProductReview":[],"Car":[],"Recipe":[],"Service":[],"SoftwareApplication":[],"WebPage":[]},"graphName":"BlogPosting","isEnabled":true},"graphs":[]},"schema_type":"default","schema_type_options":null,"pillar_content":false,"robots_default":true,"robots_noindex":false,"robots_noarchive":false,"robots_nosnippet":false,"robots_nofollow":false,"robots_noimageindex":false,"robots_noodp":false,"robots_notranslate":false,"robots_max_snippet":"-1","robots_max_videopreview":"-1","robots_max_imagepreview":"large","priority":null,"frequency":"default","local_seo":null,"breadcrumb_settings":null,"limit_modified_date":false,"ai":{"faqs":[],"keyPoints":[],"schemas":[],"titles":[],"descriptions":[],"socialPosts":{"email":{"subject":"","preview":"","content":""},"linkedin":[],"twitter":[],"facebook":[],"instagram":[]}},"created":"2026-08-31 10:13:04","updated":"2026-08-31 11:12:54","focus_keyword":null,"additional_keywords":null,"truseo_locale":null,"seo_analyzer_scan_date":null},"aioseo_breadcrumb":"<div class=\"aioseo-breadcrumbs\"><span class=\"aioseo-breadcrumb\">\n\t\t\t<a href=\"https:\/\/lasentinelle.dz\" title=\"Home\">Home<\/a>\n\t\t<\/span><span class=\"aioseo-breadcrumb-separator\">&raquo;<\/span><span class=\"aioseo-breadcrumb\">\n\t\t\t<a href=\"https:\/\/lasentinelle.dz\/index.php\/category\/sports\/\" title=\"Sports\">Sports<\/a>\n\t\t<\/span><span class=\"aioseo-breadcrumb-separator\">&raquo;<\/span><span class=\"aioseo-breadcrumb\">\n\t\t\tLigue 1 Mobilis : Le MC Oran peaufine sa pr\u00e9paration \u00e0 travers trois rencontres amicales\n\t\t<\/span><\/div>","aioseo_breadcrumb_json":[{"label":"Home","link":"https:\/\/lasentinelle.dz"},{"label":"Sports","link":"https:\/\/lasentinelle.dz\/index.php\/category\/sports\/"},{"label":"Ligue 1 Mobilis\u00a0: Le MC Oran peaufine sa pr\u00e9paration \u00e0 travers trois rencontres amicales","link":"https:\/\/lasentinelle.dz\/index.php\/2026\/08\/31\/ligue-1-mobilis-le-mc-oran-peaufine-sa-preparation-a-travers-trois-rencontres-amicales\/"}],"yoast_head":"<!-- This site is optimized with the Yoast SEO plugin v28.3 - https:\/\/yoast.com\/product\/yoast-seo-wordpress\/ -->\n<title>Ligue 1 Mobilis\u00a0: Le MC Oran peaufine sa pr\u00e9paration \u00e0 travers trois rencontres amicales - La Sentinelle<\/title>\n<meta name=\"robots\" content=\"index, follow, max-snippet:-1, max-image-preview:large, max-video-preview:-1\" \/>\n<link rel=\"canonical\" href=\"https:\/\/lasentinelle.dz\/index.php\/2026\/08\/31\/ligue-1-mobilis-le-mc-oran-peaufine-sa-preparation-a-travers-trois-rencontres-amicales\/\" \/>\n<meta property=\"og:locale\" content=\"fr_FR\" \/>\n<meta property=\"og:type\" content=\"article\" \/>\n<meta property=\"og:title\" content=\"Ligue 1 Mobilis\u00a0: Le MC Oran peaufine sa pr\u00e9paration \u00e0 travers trois rencontres amicales - La Sentinelle\" \/>\n<meta property=\"og:description\" content=\"Le MC Oran disputera trois matchs amicaux au cours de la semaine, contre Sidi Abdelmoum\u00e8ne, le MC Sa\u00efda puis le\" \/>\n<meta property=\"og:url\" content=\"https:\/\/lasentinelle.dz\/index.php\/2026\/08\/31\/ligue-1-mobilis-le-mc-oran-peaufine-sa-preparation-a-travers-trois-rencontres-amicales\/\" \/>\n<meta property=\"og:site_name\" content=\"La Sentinelle\" \/>\n<meta property=\"article:publisher\" content=\"https:\/\/www.facebook.com\/La-Sentinelle-104059864394773\" \/>\n<meta property=\"article:published_time\" content=\"2026-08-31T10:13:02+00:00\" \/>\n<meta property=\"article:modified_time\" content=\"2026-08-31T10:13:04+00:00\" \/>\n<meta property=\"og:image\" content=\"https:\/\/lasentinelle.dz\/wp-content\/uploads\/2026\/08\/MCO-e1788171159107.jpg\" \/>\n\t<meta property=\"og:image:width\" content=\"2048\" \/>\n\t<meta property=\"og:image:height\" content=\"1650\" \/>\n\t<meta property=\"og:image:type\" content=\"image\/jpeg\" \/>\n<meta name=\"author\" content=\"admin\" \/>\n<meta name=\"twitter:card\" content=\"summary_large_image\" \/>\n<meta name=\"twitter:label1\" content=\"\u00c9crit par\" \/>\n\t<meta name=\"twitter:data1\" content=\"admin\" \/>\n\t<meta name=\"twitter:label2\" content=\"Dur\u00e9e de lecture estim\u00e9e\" \/>\n\t<meta name=\"twitter:data2\" content=\"3 minutes\" \/>\n<script type=\"application\/ld+json\" class=\"yoast-schema-graph\">{\"@context\":\"https:\\\/\\\/schema.org\",\"@graph\":[{\"@type\":\"Article\",\"@id\":\"https:\\\/\\\/lasentinelle.dz\\\/index.php\\\/2026\\\/08\\\/31\\\/ligue-1-mobilis-le-mc-oran-peaufine-sa-preparation-a-travers-trois-rencontres-amicales\\\/#article\",\"isPartOf\":{\"@id\":\"https:\\\/\\\/lasentinelle.dz\\\/index.php\\\/2026\\\/08\\\/31\\\/ligue-1-mobilis-le-mc-oran-peaufine-sa-preparation-a-travers-trois-rencontres-amicales\\\/\"},\"author\":{\"name\":\"admin\",\"@id\":\"https:\\\/\\\/lasentinelle.dz\\\/#\\\/schema\\\/person\\\/729ee0024f24e0b8c5ec17232f8e8b41\"},\"headline\":\"Ligue 1 Mobilis\u00a0: Le MC Oran peaufine sa pr\u00e9paration \u00e0 travers trois rencontres amicales\",\"datePublished\":\"2026-08-31T10:13:02+00:00\",\"dateModified\":\"2026-08-31T10:13:04+00:00\",\"mainEntityOfPage\":{\"@id\":\"https:\\\/\\\/lasentinelle.dz\\\/index.php\\\/2026\\\/08\\\/31\\\/ligue-1-mobilis-le-mc-oran-peaufine-sa-preparation-a-travers-trois-rencontres-amicales\\\/\"},\"wordCount\":420,\"commentCount\":0,\"publisher\":{\"@id\":\"https:\\\/\\\/lasentinelle.dz\\\/#organization\"},\"image\":{\"@id\":\"https:\\\/\\\/lasentinelle.dz\\\/index.php\\\/2026\\\/08\\\/31\\\/ligue-1-mobilis-le-mc-oran-peaufine-sa-preparation-a-travers-trois-rencontres-amicales\\\/#primaryimage\"},\"thumbnailUrl\":\"https:\\\/\\\/lasentinelle.dz\\\/wp-content\\\/uploads\\\/2026\\\/08\\\/MCO-e1788171159107.jpg\",\"articleSection\":[\"Sports\"],\"inLanguage\":\"fr-FR\",\"potentialAction\":[{\"@type\":\"CommentAction\",\"name\":\"Comment\",\"target\":[\"https:\\\/\\\/lasentinelle.dz\\\/index.php\\\/2026\\\/08\\\/31\\\/ligue-1-mobilis-le-mc-oran-peaufine-sa-preparation-a-travers-trois-rencontres-amicales\\\/#respond\"]}]},{\"@type\":\"WebPage\",\"@id\":\"https:\\\/\\\/lasentinelle.dz\\\/index.php\\\/2026\\\/08\\\/31\\\/ligue-1-mobilis-le-mc-oran-peaufine-sa-preparation-a-travers-trois-rencontres-amicales\\\/\",\"url\":\"https:\\\/\\\/lasentinelle.dz\\\/index.php\\\/2026\\\/08\\\/31\\\/ligue-1-mobilis-le-mc-oran-peaufine-sa-preparation-a-travers-trois-rencontres-amicales\\\/\",\"name\":\"Ligue 1 Mobilis\u00a0: Le MC Oran peaufine sa pr\u00e9paration \u00e0 travers trois rencontres amicales - La Sentinelle\",\"isPartOf\":{\"@id\":\"https:\\\/\\\/lasentinelle.dz\\\/#website\"},\"primaryImageOfPage\":{\"@id\":\"https:\\\/\\\/lasentinelle.dz\\\/index.php\\\/2026\\\/08\\\/31\\\/ligue-1-mobilis-le-mc-oran-peaufine-sa-preparation-a-travers-trois-rencontres-amicales\\\/#primaryimage\"},\"image\":{\"@id\":\"https:\\\/\\\/lasentinelle.dz\\\/index.php\\\/2026\\\/08\\\/31\\\/ligue-1-mobilis-le-mc-oran-peaufine-sa-preparation-a-travers-trois-rencontres-amicales\\\/#primaryimage\"},\"thumbnailUrl\":\"https:\\\/\\\/lasentinelle.dz\\\/wp-content\\\/uploads\\\/2026\\\/08\\\/MCO-e1788171159107.jpg\",\"datePublished\":\"2026-08-31T10:13:02+00:00\",\"dateModified\":\"2026-08-31T10:13:04+00:00\",\"breadcrumb\":{\"@id\":\"https:\\\/\\\/lasentinelle.dz\\\/index.php\\\/2026\\\/08\\\/31\\\/ligue-1-mobilis-le-mc-oran-peaufine-sa-preparation-a-travers-trois-rencontres-amicales\\\/#breadcrumb\"},\"inLanguage\":\"fr-FR\",\"potentialAction\":[{\"@type\":\"ReadAction\",\"target\":[\"https:\\\/\\\/lasentinelle.dz\\\/index.php\\\/2026\\\/08\\\/31\\\/ligue-1-mobilis-le-mc-oran-peaufine-sa-preparation-a-travers-trois-rencontres-amicales\\\/\"]}]},{\"@type\":\"ImageObject\",\"inLanguage\":\"fr-FR\",\"@id\":\"https:\\\/\\\/lasentinelle.dz\\\/index.php\\\/2026\\\/08\\\/31\\\/ligue-1-mobilis-le-mc-oran-peaufine-sa-preparation-a-travers-trois-rencontres-amicales\\\/#primaryimage\",\"url\":\"https:\\\/\\\/lasentinelle.dz\\\/wp-content\\\/uploads\\\/2026\\\/08\\\/MCO-e1788171159107.jpg\",\"contentUrl\":\"https:\\\/\\\/lasentinelle.dz\\\/wp-content\\\/uploads\\\/2026\\\/08\\\/MCO-e1788171159107.jpg\",\"width\":2048,\"height\":1650},{\"@type\":\"BreadcrumbList\",\"@id\":\"https:\\\/\\\/lasentinelle.dz\\\/index.php\\\/2026\\\/08\\\/31\\\/ligue-1-mobilis-le-mc-oran-peaufine-sa-preparation-a-travers-trois-rencontres-amicales\\\/#breadcrumb\",\"itemListElement\":[{\"@type\":\"ListItem\",\"position\":1,\"name\":\"Accueil\",\"item\":\"https:\\\/\\\/lasentinelle.dz\\\/\"},{\"@type\":\"ListItem\",\"position\":2,\"name\":\"Ligue 1 Mobilis\u00a0: Le MC Oran peaufine sa pr\u00e9paration \u00e0 travers trois rencontres amicales\"}]},{\"@type\":\"WebSite\",\"@id\":\"https:\\\/\\\/lasentinelle.dz\\\/#website\",\"url\":\"https:\\\/\\\/lasentinelle.dz\\\/\",\"name\":\"La Sentinelle\",\"description\":\"Quotidien national d&#039;information\",\"publisher\":{\"@id\":\"https:\\\/\\\/lasentinelle.dz\\\/#organization\"},\"potentialAction\":[{\"@type\":\"SearchAction\",\"target\":{\"@type\":\"EntryPoint\",\"urlTemplate\":\"https:\\\/\\\/lasentinelle.dz\\\/?s={search_term_string}\"},\"query-input\":{\"@type\":\"PropertyValueSpecification\",\"valueRequired\":true,\"valueName\":\"search_term_string\"}}],\"inLanguage\":\"fr-FR\"},{\"@type\":\"Organization\",\"@id\":\"https:\\\/\\\/lasentinelle.dz\\\/#organization\",\"name\":\"Quotidien La Sentinelle\",\"url\":\"https:\\\/\\\/lasentinelle.dz\\\/\",\"logo\":{\"@type\":\"ImageObject\",\"inLanguage\":\"fr-FR\",\"@id\":\"https:\\\/\\\/lasentinelle.dz\\\/#\\\/schema\\\/logo\\\/image\\\/\",\"url\":\"https:\\\/\\\/lasentinelle.dz\\\/wp-content\\\/uploads\\\/2021\\\/09\\\/logo-sentinelleSLOGAN-1.png\",\"contentUrl\":\"https:\\\/\\\/lasentinelle.dz\\\/wp-content\\\/uploads\\\/2021\\\/09\\\/logo-sentinelleSLOGAN-1.png\",\"width\":615,\"height\":142,\"caption\":\"Quotidien La Sentinelle\"},\"image\":{\"@id\":\"https:\\\/\\\/lasentinelle.dz\\\/#\\\/schema\\\/logo\\\/image\\\/\"},\"sameAs\":[\"https:\\\/\\\/www.facebook.com\\\/La-Sentinelle-104059864394773\"]},{\"@type\":\"Person\",\"@id\":\"https:\\\/\\\/lasentinelle.dz\\\/#\\\/schema\\\/person\\\/729ee0024f24e0b8c5ec17232f8e8b41\",\"name\":\"admin\",\"image\":{\"@type\":\"ImageObject\",\"inLanguage\":\"fr-FR\",\"@id\":\"https:\\\/\\\/secure.gravatar.com\\\/avatar\\\/4c81fed838786e9b53f540bf46533e750f5d292099ae3b66cfc6fb1982e29df7?s=96&d=mm&r=g\",\"url\":\"https:\\\/\\\/secure.gravatar.com\\\/avatar\\\/4c81fed838786e9b53f540bf46533e750f5d292099ae3b66cfc6fb1982e29df7?s=96&d=mm&r=g\",\"contentUrl\":\"https:\\\/\\\/secure.gravatar.com\\\/avatar\\\/4c81fed838786e9b53f540bf46533e750f5d292099ae3b66cfc6fb1982e29df7?s=96&d=mm&r=g\",\"caption\":\"admin\"},\"description\":\"admin\",\"url\":\"https:\\\/\\\/lasentinelle.dz\\\/author\\\/admin\\\/\"}]}<\/script>\n<!-- \/ Yoast SEO plugin. -->","yoast_head_json":{"title":"Ligue 1 Mobilis\u00a0: Le MC Oran peaufine sa pr\u00e9paration \u00e0 travers trois rencontres amicales - La Sentinelle","robots":{"index":"index","follow":"follow","max-snippet":"max-snippet:-1","max-image-preview":"max-image-preview:large","max-video-preview":"max-video-preview:-1"},"canonical":"https:\/\/lasentinelle.dz\/index.php\/2026\/08\/31\/ligue-1-mobilis-le-mc-oran-peaufine-sa-preparation-a-travers-trois-rencontres-amicales\/","og_locale":"fr_FR","og_type":"article","og_title":"Ligue 1 Mobilis\u00a0: Le MC Oran peaufine sa pr\u00e9paration \u00e0 travers trois rencontres amicales - La Sentinelle","og_description":"Le MC Oran disputera trois matchs amicaux au cours de la semaine, contre Sidi Abdelmoum\u00e8ne, le MC Sa\u00efda puis le","og_url":"https:\/\/lasentinelle.dz\/index.php\/2026\/08\/31\/ligue-1-mobilis-le-mc-oran-peaufine-sa-preparation-a-travers-trois-rencontres-amicales\/","og_site_name":"La Sentinelle","article_publisher":"https:\/\/www.facebook.com\/La-Sentinelle-104059864394773","article_published_time":"2026-08-31T10:13:02+00:00","article_modified_time":"2026-08-31T10:13:04+00:00","og_image":[{"width":2048,"height":1650,"url":"https:\/\/lasentinelle.dz\/wp-content\/uploads\/2026\/08\/MCO-e1788171159107.jpg","type":"image\/jpeg"}],"author":"admin","twitter_card":"summary_large_image","twitter_misc":{"\u00c9crit par":"admin","Dur\u00e9e de lecture estim\u00e9e":"3 minutes"},"schema":{"@context":"https:\/\/schema.org","@graph":[{"@type":"Article","@id":"https:\/\/lasentinelle.dz\/index.php\/2026\/08\/31\/ligue-1-mobilis-le-mc-oran-peaufine-sa-preparation-a-travers-trois-rencontres-amicales\/#article","isPartOf":{"@id":"https:\/\/lasentinelle.dz\/index.php\/2026\/08\/31\/ligue-1-mobilis-le-mc-oran-peaufine-sa-preparation-a-travers-trois-rencontres-amicales\/"},"author":{"name":"admin","@id":"https:\/\/lasentinelle.dz\/#\/schema\/person\/729ee0024f24e0b8c5ec17232f8e8b41"},"headline":"Ligue 1 Mobilis\u00a0: Le MC Oran peaufine sa pr\u00e9paration \u00e0 travers trois rencontres amicales","datePublished":"2026-08-31T10:13:02+00:00","dateModified":"2026-08-31T10:13:04+00:00","mainEntityOfPage":{"@id":"https:\/\/lasentinelle.dz\/index.php\/2026\/08\/31\/ligue-1-mobilis-le-mc-oran-peaufine-sa-preparation-a-travers-trois-rencontres-amicales\/"},"wordCount":420,"commentCount":0,"publisher":{"@id":"https:\/\/lasentinelle.dz\/#organization"},"image":{"@id":"https:\/\/lasentinelle.dz\/index.php\/2026\/08\/31\/ligue-1-mobilis-le-mc-oran-peaufine-sa-preparation-a-travers-trois-rencontres-amicales\/#primaryimage"},"thumbnailUrl":"https:\/\/lasentinelle.dz\/wp-content\/uploads\/2026\/08\/MCO-e1788171159107.jpg","articleSection":["Sports"],"inLanguage":"fr-FR","potentialAction":[{"@type":"CommentAction","name":"Comment","target":["https:\/\/lasentinelle.dz\/index.php\/2026\/08\/31\/ligue-1-mobilis-le-mc-oran-peaufine-sa-preparation-a-travers-trois-rencontres-amicales\/#respond"]}]},{"@type":"WebPage","@id":"https:\/\/lasentinelle.dz\/index.php\/2026\/08\/31\/ligue-1-mobilis-le-mc-oran-peaufine-sa-preparation-a-travers-trois-rencontres-amicales\/","url":"https:\/\/lasentinelle.dz\/index.php\/2026\/08\/31\/ligue-1-mobilis-le-mc-oran-peaufine-sa-preparation-a-travers-trois-rencontres-amicales\/","name":"Ligue 1 Mobilis\u00a0: Le MC Oran peaufine sa pr\u00e9paration \u00e0 travers trois rencontres amicales - La Sentinelle","isPartOf":{"@id":"https:\/\/lasentinelle.dz\/#website"},"primaryImageOfPage":{"@id":"https:\/\/lasentinelle.dz\/index.php\/2026\/08\/31\/ligue-1-mobilis-le-mc-oran-peaufine-sa-preparation-a-travers-trois-rencontres-amicales\/#primaryimage"},"image":{"@id":"https:\/\/lasentinelle.dz\/index.php\/2026\/08\/31\/ligue-1-mobilis-le-mc-oran-peaufine-sa-preparation-a-travers-trois-rencontres-amicales\/#primaryimage"},"thumbnailUrl":"https:\/\/lasentinelle.dz\/wp-content\/uploads\/2026\/08\/MCO-e1788171159107.jpg","datePublished":"2026-08-31T10:13:02+00:00","dateModified":"2026-08-31T10:13:04+00:00","breadcrumb":{"@id":"https:\/\/lasentinelle.dz\/index.php\/2026\/08\/31\/ligue-1-mobilis-le-mc-oran-peaufine-sa-preparation-a-travers-trois-rencontres-amicales\/#breadcrumb"},"inLanguage":"fr-FR","potentialAction":[{"@type":"ReadAction","target":["https:\/\/lasentinelle.dz\/index.php\/2026\/08\/31\/ligue-1-mobilis-le-mc-oran-peaufine-sa-preparation-a-travers-trois-rencontres-amicales\/"]}]},{"@type":"ImageObject","inLanguage":"fr-FR","@id":"https:\/\/lasentinelle.dz\/index.php\/2026\/08\/31\/ligue-1-mobilis-le-mc-oran-peaufine-sa-preparation-a-travers-trois-rencontres-amicales\/#primaryimage","url":"https:\/\/lasentinelle.dz\/wp-content\/uploads\/2026\/08\/MCO-e1788171159107.jpg","contentUrl":"https:\/\/lasentinelle.dz\/wp-content\/uploads\/2026\/08\/MCO-e1788171159107.jpg","width":2048,"height":1650},{"@type":"BreadcrumbList","@id":"https:\/\/lasentinelle.dz\/index.php\/2026\/08\/31\/ligue-1-mobilis-le-mc-oran-peaufine-sa-preparation-a-travers-trois-rencontres-amicales\/#breadcrumb","itemListElement":[{"@type":"ListItem","position":1,"name":"Accueil","item":"https:\/\/lasentinelle.dz\/"},{"@type":"ListItem","position":2,"name":"Ligue 1 Mobilis\u00a0: Le MC Oran peaufine sa pr\u00e9paration \u00e0 travers trois rencontres amicales"}]},{"@type":"WebSite","@id":"https:\/\/lasentinelle.dz\/#website","url":"https:\/\/lasentinelle.dz\/","name":"La Sentinelle","description":"Quotidien national d&#039;information","publisher":{"@id":"https:\/\/lasentinelle.dz\/#organization"},"potentialAction":[{"@type":"SearchAction","target":{"@type":"EntryPoint","urlTemplate":"https:\/\/lasentinelle.dz\/?s={search_term_string}"},"query-input":{"@type":"PropertyValueSpecification","valueRequired":true,"valueName":"search_term_string"}}],"inLanguage":"fr-FR"},{"@type":"Organization","@id":"https:\/\/lasentinelle.dz\/#organization","name":"Quotidien La Sentinelle","url":"https:\/\/lasentinelle.dz\/","logo":{"@type":"ImageObject","inLanguage":"fr-FR","@id":"https:\/\/lasentinelle.dz\/#\/schema\/logo\/image\/","url":"https:\/\/lasentinelle.dz\/wp-content\/uploads\/2021\/09\/logo-sentinelleSLOGAN-1.png","contentUrl":"https:\/\/lasentinelle.dz\/wp-content\/uploads\/2021\/09\/logo-sentinelleSLOGAN-1.png","width":615,"height":142,"caption":"Quotidien La Sentinelle"},"image":{"@id":"https:\/\/lasentinelle.dz\/#\/schema\/logo\/image\/"},"sameAs":["https:\/\/www.facebook.com\/La-Sentinelle-104059864394773"]},{"@type":"Person","@id":"https:\/\/lasentinelle.dz\/#\/schema\/person\/729ee0024f24e0b8c5ec17232f8e8b41","name":"admin","image":{"@type":"ImageObject","inLanguage":"fr-FR","@id":"https:\/\/secure.gravatar.com\/avatar\/4c81fed838786e9b53f540bf46533e750f5d292099ae3b66cfc6fb1982e29df7?s=96&d=mm&r=g","url":"https:\/\/secure.gravatar.com\/avatar\/4c81fed838786e9b53f540bf46533e750f5d292099ae3b66cfc6fb1982e29df7?s=96&d=mm&r=g","contentUrl":"https:\/\/secure.gravatar.com\/avatar\/4c81fed838786e9b53f540bf46533e750f5d292099ae3b66cfc6fb1982e29df7?s=96&d=mm&r=g","caption":"admin"},"description":"admin","url":"https:\/\/lasentinelle.dz\/author\/admin\/"}]}},"_links":{"self":[{"href":"https:\/\/lasentinelle.dz\/index.php\/wp-json\/wp\/v2\/posts\/94601","targetHints":{"allow":["GET"]}}],"collection":[{"href":"https:\/\/lasentinelle.dz\/index.php\/wp-json\/wp\/v2\/posts"}],"about":[{"href":"https:\/\/lasentinelle.dz\/index.php\/wp-json\/wp\/v2\/types\/post"}],"author":[{"embeddable":true,"href":"https:\/\/lasentinelle.dz\/index.php\/wp-json\/wp\/v2\/users\/6"}],"replies":[{"embeddable":true,"href":"https:\/\/lasentinelle.dz\/index.php\/wp-json\/wp\/v2\/comments?post=94601"}],"version-history":[{"count":1,"href":"https:\/\/lasentinelle.dz\/index.php\/wp-json\/wp\/v2\/posts\/94601\/revisions"}],"predecessor-version":[{"id":94603,"href":"https:\/\/lasentinelle.dz\/index.php\/wp-json\/wp\/v2\/posts\/94601\/revisions\/94603"}],"wp:featuredmedia":[{"embeddable":true,"href":"https:\/\/lasentinelle.dz\/index.php\/wp-json\/wp\/v2\/media\/94602"}],"wp:attachment":[{"href":"https:\/\/lasentinelle.dz\/index.php\/wp-json\/wp\/v2\/media?parent=94601"}],"wp:term":[{"taxonomy":"category","embeddable":true,"href":"https:\/\/lasentinelle.dz\/index.php\/wp-json\/wp\/v2\/categories?post=94601"},{"taxonomy":"post_tag","embeddable":true,"href":"https:\/\/lasentinelle.dz\/index.php\/wp-json\/wp\/v2\/tags?post=94601"}],"curies":[{"name":"wp","href":"https:\/\/api.w.org\/{rel}","templated":true}]}}