{"id":94604,"date":"2026-08-31T11:14:13","date_gmt":"2026-08-31T10:14:13","guid":{"rendered":"https:\/\/lasentinelle.dz\/?p=94604"},"modified":"2026-08-31T11:14:15","modified_gmt":"2026-08-31T10:14:15","slug":"transferts-amoura-le-feuilleton-azureen-vire-a-la-lyonnaise","status":"publish","type":"post","link":"https:\/\/lasentinelle.dz\/index.php\/2026\/08\/31\/transferts-amoura-le-feuilleton-azureen-vire-a-la-lyonnaise\/","title":{"rendered":"Transferts\u00a0: Amoura, le feuilleton azur\u00e9en vir\u00e9 \u00e0 la lyonnaise"},"content":{"rendered":"\n<p class=\"wp-block-paragraph\">Le mercato s&#8217;emballe sur la C\u00f4te d&rsquo;Azur o\u00f9 l&rsquo;Olympique Lyonnais tente un coup de force pour arracher Mohamed Amoura \u00e0 l&rsquo;OGC Nice, alors que l&rsquo;attaquant international semblait pourtant sur le point de boucler son arriv\u00e9e dans le Sud de la France, selon les informations r\u00e9v\u00e9l\u00e9es samedi par le journaliste de \u00ab&nbsp;l\u2019\u00c9quipe&nbsp;\u00bbNabil Djellit. L&rsquo;affaire paraissait entendue. Nice avait acc\u00e9l\u00e9r\u00e9 ces derniers jours pour s&rsquo;attacher les services de l&rsquo;ancien joueur du VfL Wolfsburg, au point que sa venue sur la C\u00f4te d&rsquo;Azur semblait d\u00e9j\u00e0 act\u00e9e. Le club azur\u00e9en avait mis\u00e9 sur une formule de pr\u00eat d&rsquo;une saison assortie d&rsquo;une option d&rsquo;achat non obligatoire \u00e9valu\u00e9e \u00e0 20 millions d&rsquo;euros, un montage accept\u00e9 par la direction allemande et qui pla\u00e7ait les Aiglons devant plusieurs concurrents rest\u00e9s en embuscade, dont l&rsquo;Udinese, le Stade Rennais et l&rsquo;OL lui m\u00eame. Mais Lyon n&rsquo;a visiblement pas dit son dernier mot. Le club rhodanien pousse d\u00e9sormais tr\u00e8s fort pour convaincre le l\u2019international alg\u00e9rien de changer ses plans, dans un ultime baroud d&rsquo;honneur qui pourrait rebattre les cartes de ce dossier chaud du mercato estival.<\/p>\n\n\n\n<p class=\"wp-block-paragraph\">Amoura sort d&rsquo;une saison individuelle honorable malgr\u00e9 les difficult\u00e9s collectives de Wolfsbourg, avec huit buts et trois passes d\u00e9cisives en 33 rencontres, avant que le club allemand ne soit rel\u00e9gu\u00e9 en deuxi\u00e8me division. Une saison marqu\u00e9e aussi par une panne de rendement en seconde partie d&rsquo;exercice, qui s&rsquo;est prolong\u00e9e jusqu&rsquo;en s\u00e9lection nationale o\u00f9 l&rsquo;attaquant a travers\u00e9 ses neuf derni\u00e8res capes sans trouver le chemin des filets, sa plus longue disette sous le maillot vert. Avec les Fennecs, il reste toutefois auteur d&rsquo;une campagne remarqu\u00e9e lors des qualifications africaines pour la Coupe du monde, o\u00f9 il a termin\u00e9 meilleur buteur avec dix r\u00e9alisations. Cette p\u00e9riode de disette n&rsquo;a pas emp\u00each\u00e9 Nice de foncer, le club azur\u00e9en cherchant un profil explosif capable d&rsquo;apporter de la vitesse et de la percussion dans un secteur offensif d\u00e9j\u00e0 renforc\u00e9 par les arriv\u00e9es de Gautier Hein et Elye Wahi.<\/p>\n\n\n\n<p class=\"wp-block-paragraph\"><strong>Boudaoui proche d&rsquo;un d\u00e9part vers l&rsquo;Arabie saoudite<\/strong><\/p>\n\n\n\n<p class=\"wp-block-paragraph\">Toujours du c\u00f4t\u00e9 de Nice, un autre international alg\u00e9rien s&rsquo;appr\u00eate \u00e0 quitter le club. \u00c0 un an seulement de la fin de son contrat, Hicham Boudaoui ne prolongera pas l&rsquo;aventure sur la C\u00f4te d&rsquo;Azur et se rapproche tr\u00e8s concr\u00e8tement d&rsquo;un transfert vers Al Ittihad, dans le championnat saoudien. Le directeur sportif ni\u00e7ois Roger Ricort a confirm\u00e9 l&rsquo;avanc\u00e9e du dossier aupr\u00e8s du m\u00e9dia Winwin, pr\u00e9cisant qu&rsquo;aucun accord d\u00e9finitif n&rsquo;a encore \u00e9t\u00e9 trouv\u00e9 entre les deux clubs mais que les n\u00e9gociations touchent \u00e0 leur terme. Un montant proche de 10 millions d&rsquo;euros serait \u00e9voqu\u00e9 pour racheter la derni\u00e8re ann\u00e9e de contrat du milieu r\u00e9cup\u00e9rateur, d\u00e9j\u00e0 annonc\u00e9 sur le d\u00e9part lors du dernier mercato hivernal.<\/p>\n\n\n\n<p class=\"wp-block-paragraph\">\u00c0 27 ans, le natif de B\u00e9char semble ouvert \u00e0 ce nouveau d\u00e9fi qui le rapprocherait de son compatriote Houssem Aouar, install\u00e9 \u00e0 Djeddah depuis l&rsquo;\u00e9t\u00e9 2024. Apr\u00e8s sept saisons pass\u00e9es sous le maillot ni\u00e7ois, marqu\u00e9es par 173 matchs disput\u00e9s et 13 buts inscrits, l&rsquo;ancien joueur du Paradou AC s&rsquo;appr\u00eate \u00e0 tourner une page importante de sa carri\u00e8re europ\u00e9enne.<\/p>\n\n\n\n<p class=\"wp-block-paragraph\">M.D.<\/p>\n","protected":false},"excerpt":{"rendered":"<p>Le mercato s&#8217;emballe sur la C\u00f4te d&rsquo;Azur o\u00f9 l&rsquo;Olympique Lyonnais tente un coup de force pour arracher Mohamed Amoura \u00e0<\/p>\n","protected":false},"author":6,"featured_media":57963,"comment_status":"open","ping_status":"closed","sticky":false,"template":"","format":"standard","meta":{"colormag_page_container_layout":"default_layout","colormag_page_sidebar_layout":"default_layout","om_disable_all_campaigns":false,"_monsterinsights_skip_tracking":false,"footnotes":"","_wpscppro_dont_share_socialmedia":false,"_wpscppro_custom_social_share_image":0,"_facebook_share_type":"default","_twitter_share_type":"default","_linkedin_share_type":"default","_pinterest_share_type":"default","_linkedin_share_type_page":"","_instagram_share_type":"default","_medium_share_type":"default","_threads_share_type":"default","_google_business_share_type":"default","_bluesky_share_type":"default","_mastodon_share_type":"default","_selected_social_profile":[],"_wpsp_enable_custom_social_template":false,"_wpsp_social_scheduling":{"enabled":false,"datetime":null,"platforms":[],"status":"template_only","dateOption":"today","timeOption":"now","customDays":"","customHours":"","customDate":"","customTime":"","schedulingType":"absolute"},"_wpsp_active_default_template":true},"categories":[33],"tags":[],"class_list":["post-94604","post","type-post","status-publish","format-standard","has-post-thumbnail","hentry","category-sports"],"aioseo_notices":[],"aioseo_head":"\n\t\t<!-- All in One SEO 5.0.0.1 - aioseo.com -->\n\t<meta name=\"description\" content=\"Le mercato s&#039;emballe sur la C\u00f4te d&#039;Azur o\u00f9 l&#039;Olympique Lyonnais tente un coup de force pour arracher Mohamed Amoura \u00e0 l&#039;OGC Nice, alors que l&#039;attaquant international semblait pourtant sur le point de boucler son arriv\u00e9e dans le Sud de la France, selon les informations r\u00e9v\u00e9l\u00e9es samedi par le journaliste de \u00ab l\u2019\u00c9quipe \u00bbNabil Djellit. L&#039;affaire paraissait entendue.\" \/>\n\t<meta name=\"robots\" content=\"max-image-preview:large\" \/>\n\t<meta name=\"author\" content=\"admin\"\/>\n\t<link rel=\"canonical\" href=\"https:\/\/lasentinelle.dz\/index.php\/2026\/08\/31\/transferts-amoura-le-feuilleton-azureen-vire-a-la-lyonnaise\/\" \/>\n\t<meta name=\"generator\" content=\"All in One SEO (AIOSEO) 5.0.0.1\" \/>\n\t\t<meta property=\"og:locale\" content=\"fr_FR\" \/>\n\t\t<meta property=\"og:site_name\" content=\"La Sentinelle - Quotidien national d&#039;information\" \/>\n\t\t<meta property=\"og:type\" content=\"article\" \/>\n\t\t<meta property=\"og:title\" content=\"Transferts : Amoura, le feuilleton azur\u00e9en vir\u00e9 \u00e0 la lyonnaise - La Sentinelle\" \/>\n\t\t<meta property=\"og:description\" content=\"Le mercato s&#039;emballe sur la C\u00f4te d&#039;Azur o\u00f9 l&#039;Olympique Lyonnais tente un coup de force pour arracher Mohamed Amoura \u00e0 l&#039;OGC Nice, alors que l&#039;attaquant international semblait pourtant sur le point de boucler son arriv\u00e9e dans le Sud de la France, selon les informations r\u00e9v\u00e9l\u00e9es samedi par le journaliste de \u00ab l\u2019\u00c9quipe \u00bbNabil Djellit. L&#039;affaire paraissait entendue.\" \/>\n\t\t<meta property=\"og:url\" content=\"https:\/\/lasentinelle.dz\/index.php\/2026\/08\/31\/transferts-amoura-le-feuilleton-azureen-vire-a-la-lyonnaise\/\" \/>\n\t\t<meta property=\"og:image\" content=\"https:\/\/lasentinelle.dz\/wp-content\/uploads\/2021\/09\/cropped-la-sentinelle-earth-golden-anima-5.gif\" \/>\n\t\t<meta property=\"og:image:secure_url\" content=\"https:\/\/lasentinelle.dz\/wp-content\/uploads\/2021\/09\/cropped-la-sentinelle-earth-golden-anima-5.gif\" \/>\n\t\t<meta property=\"og:image:width\" content=\"450\" \/>\n\t\t<meta property=\"og:image:height\" content=\"213\" \/>\n\t\t<meta property=\"article:published_time\" content=\"2026-08-31T10:14:13+00:00\" \/>\n\t\t<meta property=\"article:modified_time\" content=\"2026-08-31T10:14:15+00:00\" \/>\n\t\t<meta property=\"article:publisher\" content=\"https:\/\/www.facebook.com\/azzedine.lasentinelle.1\" \/>\n\t\t<meta name=\"twitter:card\" content=\"summary_large_image\" \/>\n\t\t<meta name=\"twitter:title\" content=\"Transferts : Amoura, le feuilleton azur\u00e9en vir\u00e9 \u00e0 la lyonnaise - La Sentinelle\" \/>\n\t\t<meta name=\"twitter:description\" content=\"Le mercato s&#039;emballe sur la C\u00f4te d&#039;Azur o\u00f9 l&#039;Olympique Lyonnais tente un coup de force pour arracher Mohamed Amoura \u00e0 l&#039;OGC Nice, alors que l&#039;attaquant international semblait pourtant sur le point de boucler son arriv\u00e9e dans le Sud de la France, selon les informations r\u00e9v\u00e9l\u00e9es samedi par le journaliste de \u00ab l\u2019\u00c9quipe \u00bbNabil Djellit. L&#039;affaire paraissait entendue.\" \/>\n\t\t<meta name=\"twitter:image\" content=\"https:\/\/lasentinelle.dz\/wp-content\/uploads\/2021\/09\/cropped-la-sentinelle-earth-golden-anima-5.gif\" \/>\n\t\t<script type=\"application\/ld+json\" class=\"aioseo-schema\">\n\t\t\t{\"@context\":\"https:\\\/\\\/schema.org\",\"@graph\":[{\"@type\":\"BlogPosting\",\"@id\":\"https:\\\/\\\/lasentinelle.dz\\\/index.php\\\/2026\\\/08\\\/31\\\/transferts-amoura-le-feuilleton-azureen-vire-a-la-lyonnaise\\\/#blogposting\",\"name\":\"Transferts : Amoura, le feuilleton azur\\u00e9en vir\\u00e9 \\u00e0 la lyonnaise - La Sentinelle\",\"headline\":\"Transferts\\u00a0: Amoura, le feuilleton azur\\u00e9en vir\\u00e9 \\u00e0 la lyonnaise\",\"author\":{\"@id\":\"https:\\\/\\\/lasentinelle.dz\\\/author\\\/admin\\\/#author\"},\"publisher\":{\"@id\":\"https:\\\/\\\/lasentinelle.dz\\\/#organization\"},\"image\":{\"@type\":\"ImageObject\",\"url\":\"https:\\\/\\\/lasentinelle.dz\\\/wp-content\\\/uploads\\\/2024\\\/10\\\/amoura.jpg\",\"width\":1200,\"height\":640},\"datePublished\":\"2026-08-31T11:14:13+01:00\",\"dateModified\":\"2026-08-31T11:14:15+01:00\",\"inLanguage\":\"fr-FR\",\"mainEntityOfPage\":{\"@id\":\"https:\\\/\\\/lasentinelle.dz\\\/index.php\\\/2026\\\/08\\\/31\\\/transferts-amoura-le-feuilleton-azureen-vire-a-la-lyonnaise\\\/#webpage\"},\"isPartOf\":{\"@id\":\"https:\\\/\\\/lasentinelle.dz\\\/index.php\\\/2026\\\/08\\\/31\\\/transferts-amoura-le-feuilleton-azureen-vire-a-la-lyonnaise\\\/#webpage\"},\"articleSection\":\"Sports\"},{\"@type\":\"BreadcrumbList\",\"@id\":\"https:\\\/\\\/lasentinelle.dz\\\/index.php\\\/2026\\\/08\\\/31\\\/transferts-amoura-le-feuilleton-azureen-vire-a-la-lyonnaise\\\/#breadcrumblist\",\"itemListElement\":[{\"@type\":\"ListItem\",\"@id\":\"https:\\\/\\\/lasentinelle.dz#listItem\",\"position\":1,\"name\":\"Home\",\"item\":\"https:\\\/\\\/lasentinelle.dz\",\"nextItem\":{\"@type\":\"ListItem\",\"@id\":\"https:\\\/\\\/lasentinelle.dz\\\/index.php\\\/category\\\/sports\\\/#listItem\",\"name\":\"Sports\"}},{\"@type\":\"ListItem\",\"@id\":\"https:\\\/\\\/lasentinelle.dz\\\/index.php\\\/category\\\/sports\\\/#listItem\",\"position\":2,\"name\":\"Sports\",\"item\":\"https:\\\/\\\/lasentinelle.dz\\\/index.php\\\/category\\\/sports\\\/\",\"nextItem\":{\"@type\":\"ListItem\",\"@id\":\"https:\\\/\\\/lasentinelle.dz\\\/index.php\\\/2026\\\/08\\\/31\\\/transferts-amoura-le-feuilleton-azureen-vire-a-la-lyonnaise\\\/#listItem\",\"name\":\"Transferts\\u00a0: Amoura, le feuilleton azur\\u00e9en vir\\u00e9 \\u00e0 la lyonnaise\"},\"previousItem\":{\"@type\":\"ListItem\",\"@id\":\"https:\\\/\\\/lasentinelle.dz#listItem\",\"name\":\"Home\"}},{\"@type\":\"ListItem\",\"@id\":\"https:\\\/\\\/lasentinelle.dz\\\/index.php\\\/2026\\\/08\\\/31\\\/transferts-amoura-le-feuilleton-azureen-vire-a-la-lyonnaise\\\/#listItem\",\"position\":3,\"name\":\"Transferts\\u00a0: Amoura, le feuilleton azur\\u00e9en vir\\u00e9 \\u00e0 la lyonnaise\",\"previousItem\":{\"@type\":\"ListItem\",\"@id\":\"https:\\\/\\\/lasentinelle.dz\\\/index.php\\\/category\\\/sports\\\/#listItem\",\"name\":\"Sports\"}}]},{\"@type\":\"Organization\",\"@id\":\"https:\\\/\\\/lasentinelle.dz\\\/#organization\",\"name\":\"La Sentinelle La Sentinelle\",\"description\":\"Quotidien national d'information\",\"url\":\"https:\\\/\\\/lasentinelle.dz\\\/\",\"logo\":{\"@type\":\"ImageObject\",\"url\":\"https:\\\/\\\/lasentinelle.dz\\\/wp-content\\\/uploads\\\/2021\\\/09\\\/cropped-la-sentinelle-earth-golden-anima-5.gif\",\"@id\":\"https:\\\/\\\/lasentinelle.dz\\\/index.php\\\/2026\\\/08\\\/31\\\/transferts-amoura-le-feuilleton-azureen-vire-a-la-lyonnaise\\\/#organizationLogo\",\"width\":450,\"height\":213},\"image\":{\"@id\":\"https:\\\/\\\/lasentinelle.dz\\\/index.php\\\/2026\\\/08\\\/31\\\/transferts-amoura-le-feuilleton-azureen-vire-a-la-lyonnaise\\\/#organizationLogo\"},\"sameAs\":[\"https:\\\/\\\/www.facebook.com\\\/azzedine.lasentinelle.1\"]},{\"@type\":\"Person\",\"@id\":\"https:\\\/\\\/lasentinelle.dz\\\/author\\\/admin\\\/#author\",\"url\":\"https:\\\/\\\/lasentinelle.dz\\\/author\\\/admin\\\/\",\"name\":\"admin\",\"image\":{\"@type\":\"ImageObject\",\"@id\":\"https:\\\/\\\/lasentinelle.dz\\\/index.php\\\/2026\\\/08\\\/31\\\/transferts-amoura-le-feuilleton-azureen-vire-a-la-lyonnaise\\\/#authorImage\",\"url\":\"https:\\\/\\\/secure.gravatar.com\\\/avatar\\\/4c81fed838786e9b53f540bf46533e750f5d292099ae3b66cfc6fb1982e29df7?s=96&d=mm&r=g\",\"width\":96,\"height\":96,\"caption\":\"admin\"}},{\"@type\":\"WebPage\",\"@id\":\"https:\\\/\\\/lasentinelle.dz\\\/index.php\\\/2026\\\/08\\\/31\\\/transferts-amoura-le-feuilleton-azureen-vire-a-la-lyonnaise\\\/#webpage\",\"url\":\"https:\\\/\\\/lasentinelle.dz\\\/index.php\\\/2026\\\/08\\\/31\\\/transferts-amoura-le-feuilleton-azureen-vire-a-la-lyonnaise\\\/\",\"name\":\"Transferts : Amoura, le feuilleton azur\\u00e9en vir\\u00e9 \\u00e0 la lyonnaise - La Sentinelle\",\"description\":\"Le mercato s'emballe sur la C\\u00f4te d'Azur o\\u00f9 l'Olympique Lyonnais tente un coup de force pour arracher Mohamed Amoura \\u00e0 l'OGC Nice, alors que l'attaquant international semblait pourtant sur le point de boucler son arriv\\u00e9e dans le Sud de la France, selon les informations r\\u00e9v\\u00e9l\\u00e9es samedi par le journaliste de \\u00ab l\\u2019\\u00c9quipe \\u00bbNabil Djellit. L'affaire paraissait entendue.\",\"inLanguage\":\"fr-FR\",\"isPartOf\":{\"@id\":\"https:\\\/\\\/lasentinelle.dz\\\/#website\"},\"breadcrumb\":{\"@id\":\"https:\\\/\\\/lasentinelle.dz\\\/index.php\\\/2026\\\/08\\\/31\\\/transferts-amoura-le-feuilleton-azureen-vire-a-la-lyonnaise\\\/#breadcrumblist\"},\"author\":{\"@id\":\"https:\\\/\\\/lasentinelle.dz\\\/author\\\/admin\\\/#author\"},\"creator\":{\"@id\":\"https:\\\/\\\/lasentinelle.dz\\\/author\\\/admin\\\/#author\"},\"image\":{\"@type\":\"ImageObject\",\"url\":\"https:\\\/\\\/lasentinelle.dz\\\/wp-content\\\/uploads\\\/2024\\\/10\\\/amoura.jpg\",\"@id\":\"https:\\\/\\\/lasentinelle.dz\\\/index.php\\\/2026\\\/08\\\/31\\\/transferts-amoura-le-feuilleton-azureen-vire-a-la-lyonnaise\\\/#mainImage\",\"width\":1200,\"height\":640},\"primaryImageOfPage\":{\"@id\":\"https:\\\/\\\/lasentinelle.dz\\\/index.php\\\/2026\\\/08\\\/31\\\/transferts-amoura-le-feuilleton-azureen-vire-a-la-lyonnaise\\\/#mainImage\"},\"datePublished\":\"2026-08-31T11:14:13+01:00\",\"dateModified\":\"2026-08-31T11:14:15+01:00\"},{\"@type\":\"WebSite\",\"@id\":\"https:\\\/\\\/lasentinelle.dz\\\/#website\",\"url\":\"https:\\\/\\\/lasentinelle.dz\\\/\",\"name\":\"La Sentinelle\",\"description\":\"Quotidien national d'information\",\"inLanguage\":\"fr-FR\",\"publisher\":{\"@id\":\"https:\\\/\\\/lasentinelle.dz\\\/#organization\"}}]}\n\t\t<\/script>\n\t\t<!-- All in One SEO -->\n\n","aioseo_head_json":{"title":"Transferts : Amoura, le feuilleton azur\u00e9en vir\u00e9 \u00e0 la lyonnaise - La Sentinelle","description":"Le mercato s'emballe sur la C\u00f4te d'Azur o\u00f9 l'Olympique Lyonnais tente un coup de force pour arracher Mohamed Amoura \u00e0 l'OGC Nice, alors que l'attaquant international semblait pourtant sur le point de boucler son arriv\u00e9e dans le Sud de la France, selon les informations r\u00e9v\u00e9l\u00e9es samedi par le journaliste de \u00ab l\u2019\u00c9quipe \u00bbNabil Djellit. L'affaire paraissait entendue.","canonical_url":"https:\/\/lasentinelle.dz\/index.php\/2026\/08\/31\/transferts-amoura-le-feuilleton-azureen-vire-a-la-lyonnaise\/","robots":"max-image-preview:large","keywords":"","webmasterTools":{"miscellaneous":""},"schema":{"@context":"https:\/\/schema.org","@graph":[{"@type":"BlogPosting","@id":"https:\/\/lasentinelle.dz\/index.php\/2026\/08\/31\/transferts-amoura-le-feuilleton-azureen-vire-a-la-lyonnaise\/#blogposting","name":"Transferts : Amoura, le feuilleton azur\u00e9en vir\u00e9 \u00e0 la lyonnaise - La Sentinelle","headline":"Transferts\u00a0: Amoura, le feuilleton azur\u00e9en vir\u00e9 \u00e0 la lyonnaise","author":{"@id":"https:\/\/lasentinelle.dz\/author\/admin\/#author"},"publisher":{"@id":"https:\/\/lasentinelle.dz\/#organization"},"image":{"@type":"ImageObject","url":"https:\/\/lasentinelle.dz\/wp-content\/uploads\/2024\/10\/amoura.jpg","width":1200,"height":640},"datePublished":"2026-08-31T11:14:13+01:00","dateModified":"2026-08-31T11:14:15+01:00","inLanguage":"fr-FR","mainEntityOfPage":{"@id":"https:\/\/lasentinelle.dz\/index.php\/2026\/08\/31\/transferts-amoura-le-feuilleton-azureen-vire-a-la-lyonnaise\/#webpage"},"isPartOf":{"@id":"https:\/\/lasentinelle.dz\/index.php\/2026\/08\/31\/transferts-amoura-le-feuilleton-azureen-vire-a-la-lyonnaise\/#webpage"},"articleSection":"Sports"},{"@type":"BreadcrumbList","@id":"https:\/\/lasentinelle.dz\/index.php\/2026\/08\/31\/transferts-amoura-le-feuilleton-azureen-vire-a-la-lyonnaise\/#breadcrumblist","itemListElement":[{"@type":"ListItem","@id":"https:\/\/lasentinelle.dz#listItem","position":1,"name":"Home","item":"https:\/\/lasentinelle.dz","nextItem":{"@type":"ListItem","@id":"https:\/\/lasentinelle.dz\/index.php\/category\/sports\/#listItem","name":"Sports"}},{"@type":"ListItem","@id":"https:\/\/lasentinelle.dz\/index.php\/category\/sports\/#listItem","position":2,"name":"Sports","item":"https:\/\/lasentinelle.dz\/index.php\/category\/sports\/","nextItem":{"@type":"ListItem","@id":"https:\/\/lasentinelle.dz\/index.php\/2026\/08\/31\/transferts-amoura-le-feuilleton-azureen-vire-a-la-lyonnaise\/#listItem","name":"Transferts\u00a0: Amoura, le feuilleton azur\u00e9en vir\u00e9 \u00e0 la lyonnaise"},"previousItem":{"@type":"ListItem","@id":"https:\/\/lasentinelle.dz#listItem","name":"Home"}},{"@type":"ListItem","@id":"https:\/\/lasentinelle.dz\/index.php\/2026\/08\/31\/transferts-amoura-le-feuilleton-azureen-vire-a-la-lyonnaise\/#listItem","position":3,"name":"Transferts\u00a0: Amoura, le feuilleton azur\u00e9en vir\u00e9 \u00e0 la lyonnaise","previousItem":{"@type":"ListItem","@id":"https:\/\/lasentinelle.dz\/index.php\/category\/sports\/#listItem","name":"Sports"}}]},{"@type":"Organization","@id":"https:\/\/lasentinelle.dz\/#organization","name":"La Sentinelle La Sentinelle","description":"Quotidien national d'information","url":"https:\/\/lasentinelle.dz\/","logo":{"@type":"ImageObject","url":"https:\/\/lasentinelle.dz\/wp-content\/uploads\/2021\/09\/cropped-la-sentinelle-earth-golden-anima-5.gif","@id":"https:\/\/lasentinelle.dz\/index.php\/2026\/08\/31\/transferts-amoura-le-feuilleton-azureen-vire-a-la-lyonnaise\/#organizationLogo","width":450,"height":213},"image":{"@id":"https:\/\/lasentinelle.dz\/index.php\/2026\/08\/31\/transferts-amoura-le-feuilleton-azureen-vire-a-la-lyonnaise\/#organizationLogo"},"sameAs":["https:\/\/www.facebook.com\/azzedine.lasentinelle.1"]},{"@type":"Person","@id":"https:\/\/lasentinelle.dz\/author\/admin\/#author","url":"https:\/\/lasentinelle.dz\/author\/admin\/","name":"admin","image":{"@type":"ImageObject","@id":"https:\/\/lasentinelle.dz\/index.php\/2026\/08\/31\/transferts-amoura-le-feuilleton-azureen-vire-a-la-lyonnaise\/#authorImage","url":"https:\/\/secure.gravatar.com\/avatar\/4c81fed838786e9b53f540bf46533e750f5d292099ae3b66cfc6fb1982e29df7?s=96&d=mm&r=g","width":96,"height":96,"caption":"admin"}},{"@type":"WebPage","@id":"https:\/\/lasentinelle.dz\/index.php\/2026\/08\/31\/transferts-amoura-le-feuilleton-azureen-vire-a-la-lyonnaise\/#webpage","url":"https:\/\/lasentinelle.dz\/index.php\/2026\/08\/31\/transferts-amoura-le-feuilleton-azureen-vire-a-la-lyonnaise\/","name":"Transferts : Amoura, le feuilleton azur\u00e9en vir\u00e9 \u00e0 la lyonnaise - La Sentinelle","description":"Le mercato s'emballe sur la C\u00f4te d'Azur o\u00f9 l'Olympique Lyonnais tente un coup de force pour arracher Mohamed Amoura \u00e0 l'OGC Nice, alors que l'attaquant international semblait pourtant sur le point de boucler son arriv\u00e9e dans le Sud de la France, selon les informations r\u00e9v\u00e9l\u00e9es samedi par le journaliste de \u00ab l\u2019\u00c9quipe \u00bbNabil Djellit. L'affaire paraissait entendue.","inLanguage":"fr-FR","isPartOf":{"@id":"https:\/\/lasentinelle.dz\/#website"},"breadcrumb":{"@id":"https:\/\/lasentinelle.dz\/index.php\/2026\/08\/31\/transferts-amoura-le-feuilleton-azureen-vire-a-la-lyonnaise\/#breadcrumblist"},"author":{"@id":"https:\/\/lasentinelle.dz\/author\/admin\/#author"},"creator":{"@id":"https:\/\/lasentinelle.dz\/author\/admin\/#author"},"image":{"@type":"ImageObject","url":"https:\/\/lasentinelle.dz\/wp-content\/uploads\/2024\/10\/amoura.jpg","@id":"https:\/\/lasentinelle.dz\/index.php\/2026\/08\/31\/transferts-amoura-le-feuilleton-azureen-vire-a-la-lyonnaise\/#mainImage","width":1200,"height":640},"primaryImageOfPage":{"@id":"https:\/\/lasentinelle.dz\/index.php\/2026\/08\/31\/transferts-amoura-le-feuilleton-azureen-vire-a-la-lyonnaise\/#mainImage"},"datePublished":"2026-08-31T11:14:13+01:00","dateModified":"2026-08-31T11:14:15+01:00"},{"@type":"WebSite","@id":"https:\/\/lasentinelle.dz\/#website","url":"https:\/\/lasentinelle.dz\/","name":"La Sentinelle","description":"Quotidien national d'information","inLanguage":"fr-FR","publisher":{"@id":"https:\/\/lasentinelle.dz\/#organization"}}]},"og:locale":"fr_FR","og:site_name":"La Sentinelle - Quotidien national d'information","og:type":"article","og:title":"Transferts : Amoura, le feuilleton azur\u00e9en vir\u00e9 \u00e0 la lyonnaise - La Sentinelle","og:description":"Le mercato s'emballe sur la C\u00f4te d'Azur o\u00f9 l'Olympique Lyonnais tente un coup de force pour arracher Mohamed Amoura \u00e0 l'OGC Nice, alors que l'attaquant international semblait pourtant sur le point de boucler son arriv\u00e9e dans le Sud de la France, selon les informations r\u00e9v\u00e9l\u00e9es samedi par le journaliste de \u00ab l\u2019\u00c9quipe \u00bbNabil Djellit. L'affaire paraissait entendue.","og:url":"https:\/\/lasentinelle.dz\/index.php\/2026\/08\/31\/transferts-amoura-le-feuilleton-azureen-vire-a-la-lyonnaise\/","og:image":"https:\/\/lasentinelle.dz\/wp-content\/uploads\/2021\/09\/cropped-la-sentinelle-earth-golden-anima-5.gif","og:image:secure_url":"https:\/\/lasentinelle.dz\/wp-content\/uploads\/2021\/09\/cropped-la-sentinelle-earth-golden-anima-5.gif","og:image:width":450,"og:image:height":213,"article:published_time":"2026-08-31T10:14:13+00:00","article:modified_time":"2026-08-31T10:14:15+00:00","article:publisher":"https:\/\/www.facebook.com\/azzedine.lasentinelle.1","twitter:card":"summary_large_image","twitter:title":"Transferts : Amoura, le feuilleton azur\u00e9en vir\u00e9 \u00e0 la lyonnaise - La Sentinelle","twitter:description":"Le mercato s'emballe sur la C\u00f4te d'Azur o\u00f9 l'Olympique Lyonnais tente un coup de force pour arracher Mohamed Amoura \u00e0 l'OGC Nice, alors que l'attaquant international semblait pourtant sur le point de boucler son arriv\u00e9e dans le Sud de la France, selon les informations r\u00e9v\u00e9l\u00e9es samedi par le journaliste de \u00ab l\u2019\u00c9quipe \u00bbNabil Djellit. L'affaire paraissait entendue.","twitter:image":"https:\/\/lasentinelle.dz\/wp-content\/uploads\/2021\/09\/cropped-la-sentinelle-earth-golden-anima-5.gif"},"aioseo_meta_data":{"post_id":"94604","title":null,"description":null,"keywords":null,"keyphrases":{"focus":{"keyphrase":"","score":0,"analysis":{"keyphraseInTitle":{"score":0,"maxScore":9,"error":1}}},"additional":[]},"primary_term":null,"canonical_url":null,"og_title":null,"og_description":null,"og_object_type":"default","og_image_type":"default","og_image_url":null,"og_image_width":null,"og_image_height":null,"og_image_custom_url":null,"og_image_custom_fields":null,"og_video":"","og_custom_url":null,"og_article_section":null,"og_article_tags":null,"twitter_use_og":false,"twitter_card":"default","twitter_image_type":"default","twitter_image_url":null,"twitter_image_custom_url":null,"twitter_image_custom_fields":null,"twitter_title":null,"twitter_description":null,"schema":{"blockGraphs":[],"customGraphs":[],"default":{"data":{"Article":[],"Course":[],"Dataset":[],"FAQPage":[],"Movie":[],"Person":[],"Product":[],"ProductReview":[],"Car":[],"Recipe":[],"Service":[],"SoftwareApplication":[],"WebPage":[]},"graphName":"BlogPosting","isEnabled":true},"graphs":[]},"schema_type":"default","schema_type_options":null,"pillar_content":false,"robots_default":true,"robots_noindex":false,"robots_noarchive":false,"robots_nosnippet":false,"robots_nofollow":false,"robots_noimageindex":false,"robots_noodp":false,"robots_notranslate":false,"robots_max_snippet":"-1","robots_max_videopreview":"-1","robots_max_imagepreview":"large","priority":null,"frequency":"default","local_seo":null,"breadcrumb_settings":null,"limit_modified_date":false,"ai":{"faqs":[],"keyPoints":[],"schemas":[],"titles":[],"descriptions":[],"socialPosts":{"email":{"subject":"","preview":"","content":""},"linkedin":[],"twitter":[],"facebook":[],"instagram":[]}},"created":"2026-08-31 10:14:16","updated":"2026-08-31 11:12:56","focus_keyword":null,"additional_keywords":null,"truseo_locale":null,"seo_analyzer_scan_date":null},"aioseo_breadcrumb":"<div class=\"aioseo-breadcrumbs\"><span class=\"aioseo-breadcrumb\">\n\t\t\t<a href=\"https:\/\/lasentinelle.dz\" title=\"Home\">Home<\/a>\n\t\t<\/span><span class=\"aioseo-breadcrumb-separator\">&raquo;<\/span><span class=\"aioseo-breadcrumb\">\n\t\t\t<a href=\"https:\/\/lasentinelle.dz\/index.php\/category\/sports\/\" title=\"Sports\">Sports<\/a>\n\t\t<\/span><span class=\"aioseo-breadcrumb-separator\">&raquo;<\/span><span class=\"aioseo-breadcrumb\">\n\t\t\tTransferts : Amoura, le feuilleton azur\u00e9en vir\u00e9 \u00e0 la lyonnaise\n\t\t<\/span><\/div>","aioseo_breadcrumb_json":[{"label":"Home","link":"https:\/\/lasentinelle.dz"},{"label":"Sports","link":"https:\/\/lasentinelle.dz\/index.php\/category\/sports\/"},{"label":"Transferts\u00a0: Amoura, le feuilleton azur\u00e9en vir\u00e9 \u00e0 la lyonnaise","link":"https:\/\/lasentinelle.dz\/index.php\/2026\/08\/31\/transferts-amoura-le-feuilleton-azureen-vire-a-la-lyonnaise\/"}],"yoast_head":"<!-- This site is optimized with the Yoast SEO plugin v28.3 - https:\/\/yoast.com\/product\/yoast-seo-wordpress\/ -->\n<title>Transferts\u00a0: Amoura, le feuilleton azur\u00e9en vir\u00e9 \u00e0 la lyonnaise - La Sentinelle<\/title>\n<meta name=\"robots\" content=\"index, follow, max-snippet:-1, max-image-preview:large, max-video-preview:-1\" \/>\n<link rel=\"canonical\" href=\"https:\/\/lasentinelle.dz\/index.php\/2026\/08\/31\/transferts-amoura-le-feuilleton-azureen-vire-a-la-lyonnaise\/\" \/>\n<meta property=\"og:locale\" content=\"fr_FR\" \/>\n<meta property=\"og:type\" content=\"article\" \/>\n<meta property=\"og:title\" content=\"Transferts\u00a0: Amoura, le feuilleton azur\u00e9en vir\u00e9 \u00e0 la lyonnaise - La Sentinelle\" \/>\n<meta property=\"og:description\" content=\"Le mercato s&#8217;emballe sur la C\u00f4te d&rsquo;Azur o\u00f9 l&rsquo;Olympique Lyonnais tente un coup de force pour arracher Mohamed Amoura \u00e0\" \/>\n<meta property=\"og:url\" content=\"https:\/\/lasentinelle.dz\/index.php\/2026\/08\/31\/transferts-amoura-le-feuilleton-azureen-vire-a-la-lyonnaise\/\" \/>\n<meta property=\"og:site_name\" content=\"La Sentinelle\" \/>\n<meta property=\"article:publisher\" content=\"https:\/\/www.facebook.com\/La-Sentinelle-104059864394773\" \/>\n<meta property=\"article:published_time\" content=\"2026-08-31T10:14:13+00:00\" \/>\n<meta property=\"article:modified_time\" content=\"2026-08-31T10:14:15+00:00\" \/>\n<meta property=\"og:image\" content=\"https:\/\/lasentinelle.dz\/wp-content\/uploads\/2024\/10\/amoura.jpg\" \/>\n\t<meta property=\"og:image:width\" content=\"1200\" \/>\n\t<meta property=\"og:image:height\" content=\"640\" \/>\n\t<meta property=\"og:image:type\" content=\"image\/jpeg\" \/>\n<meta name=\"author\" content=\"admin\" \/>\n<meta name=\"twitter:card\" content=\"summary_large_image\" \/>\n<meta name=\"twitter:label1\" content=\"\u00c9crit par\" \/>\n\t<meta name=\"twitter:data1\" content=\"admin\" \/>\n\t<meta name=\"twitter:label2\" content=\"Dur\u00e9e de lecture estim\u00e9e\" \/>\n\t<meta name=\"twitter:data2\" content=\"3 minutes\" \/>\n<script type=\"application\/ld+json\" class=\"yoast-schema-graph\">{\"@context\":\"https:\\\/\\\/schema.org\",\"@graph\":[{\"@type\":\"Article\",\"@id\":\"https:\\\/\\\/lasentinelle.dz\\\/index.php\\\/2026\\\/08\\\/31\\\/transferts-amoura-le-feuilleton-azureen-vire-a-la-lyonnaise\\\/#article\",\"isPartOf\":{\"@id\":\"https:\\\/\\\/lasentinelle.dz\\\/index.php\\\/2026\\\/08\\\/31\\\/transferts-amoura-le-feuilleton-azureen-vire-a-la-lyonnaise\\\/\"},\"author\":{\"name\":\"admin\",\"@id\":\"https:\\\/\\\/lasentinelle.dz\\\/#\\\/schema\\\/person\\\/729ee0024f24e0b8c5ec17232f8e8b41\"},\"headline\":\"Transferts\u00a0: Amoura, le feuilleton azur\u00e9en vir\u00e9 \u00e0 la lyonnaise\",\"datePublished\":\"2026-08-31T10:14:13+00:00\",\"dateModified\":\"2026-08-31T10:14:15+00:00\",\"mainEntityOfPage\":{\"@id\":\"https:\\\/\\\/lasentinelle.dz\\\/index.php\\\/2026\\\/08\\\/31\\\/transferts-amoura-le-feuilleton-azureen-vire-a-la-lyonnaise\\\/\"},\"wordCount\":598,\"commentCount\":0,\"publisher\":{\"@id\":\"https:\\\/\\\/lasentinelle.dz\\\/#organization\"},\"image\":{\"@id\":\"https:\\\/\\\/lasentinelle.dz\\\/index.php\\\/2026\\\/08\\\/31\\\/transferts-amoura-le-feuilleton-azureen-vire-a-la-lyonnaise\\\/#primaryimage\"},\"thumbnailUrl\":\"https:\\\/\\\/lasentinelle.dz\\\/wp-content\\\/uploads\\\/2024\\\/10\\\/amoura.jpg\",\"articleSection\":[\"Sports\"],\"inLanguage\":\"fr-FR\",\"potentialAction\":[{\"@type\":\"CommentAction\",\"name\":\"Comment\",\"target\":[\"https:\\\/\\\/lasentinelle.dz\\\/index.php\\\/2026\\\/08\\\/31\\\/transferts-amoura-le-feuilleton-azureen-vire-a-la-lyonnaise\\\/#respond\"]}]},{\"@type\":\"WebPage\",\"@id\":\"https:\\\/\\\/lasentinelle.dz\\\/index.php\\\/2026\\\/08\\\/31\\\/transferts-amoura-le-feuilleton-azureen-vire-a-la-lyonnaise\\\/\",\"url\":\"https:\\\/\\\/lasentinelle.dz\\\/index.php\\\/2026\\\/08\\\/31\\\/transferts-amoura-le-feuilleton-azureen-vire-a-la-lyonnaise\\\/\",\"name\":\"Transferts\u00a0: Amoura, le feuilleton azur\u00e9en vir\u00e9 \u00e0 la lyonnaise - La Sentinelle\",\"isPartOf\":{\"@id\":\"https:\\\/\\\/lasentinelle.dz\\\/#website\"},\"primaryImageOfPage\":{\"@id\":\"https:\\\/\\\/lasentinelle.dz\\\/index.php\\\/2026\\\/08\\\/31\\\/transferts-amoura-le-feuilleton-azureen-vire-a-la-lyonnaise\\\/#primaryimage\"},\"image\":{\"@id\":\"https:\\\/\\\/lasentinelle.dz\\\/index.php\\\/2026\\\/08\\\/31\\\/transferts-amoura-le-feuilleton-azureen-vire-a-la-lyonnaise\\\/#primaryimage\"},\"thumbnailUrl\":\"https:\\\/\\\/lasentinelle.dz\\\/wp-content\\\/uploads\\\/2024\\\/10\\\/amoura.jpg\",\"datePublished\":\"2026-08-31T10:14:13+00:00\",\"dateModified\":\"2026-08-31T10:14:15+00:00\",\"breadcrumb\":{\"@id\":\"https:\\\/\\\/lasentinelle.dz\\\/index.php\\\/2026\\\/08\\\/31\\\/transferts-amoura-le-feuilleton-azureen-vire-a-la-lyonnaise\\\/#breadcrumb\"},\"inLanguage\":\"fr-FR\",\"potentialAction\":[{\"@type\":\"ReadAction\",\"target\":[\"https:\\\/\\\/lasentinelle.dz\\\/index.php\\\/2026\\\/08\\\/31\\\/transferts-amoura-le-feuilleton-azureen-vire-a-la-lyonnaise\\\/\"]}]},{\"@type\":\"ImageObject\",\"inLanguage\":\"fr-FR\",\"@id\":\"https:\\\/\\\/lasentinelle.dz\\\/index.php\\\/2026\\\/08\\\/31\\\/transferts-amoura-le-feuilleton-azureen-vire-a-la-lyonnaise\\\/#primaryimage\",\"url\":\"https:\\\/\\\/lasentinelle.dz\\\/wp-content\\\/uploads\\\/2024\\\/10\\\/amoura.jpg\",\"contentUrl\":\"https:\\\/\\\/lasentinelle.dz\\\/wp-content\\\/uploads\\\/2024\\\/10\\\/amoura.jpg\",\"width\":1200,\"height\":640},{\"@type\":\"BreadcrumbList\",\"@id\":\"https:\\\/\\\/lasentinelle.dz\\\/index.php\\\/2026\\\/08\\\/31\\\/transferts-amoura-le-feuilleton-azureen-vire-a-la-lyonnaise\\\/#breadcrumb\",\"itemListElement\":[{\"@type\":\"ListItem\",\"position\":1,\"name\":\"Accueil\",\"item\":\"https:\\\/\\\/lasentinelle.dz\\\/\"},{\"@type\":\"ListItem\",\"position\":2,\"name\":\"Transferts\u00a0: Amoura, le feuilleton azur\u00e9en vir\u00e9 \u00e0 la lyonnaise\"}]},{\"@type\":\"WebSite\",\"@id\":\"https:\\\/\\\/lasentinelle.dz\\\/#website\",\"url\":\"https:\\\/\\\/lasentinelle.dz\\\/\",\"name\":\"La Sentinelle\",\"description\":\"Quotidien national d&#039;information\",\"publisher\":{\"@id\":\"https:\\\/\\\/lasentinelle.dz\\\/#organization\"},\"potentialAction\":[{\"@type\":\"SearchAction\",\"target\":{\"@type\":\"EntryPoint\",\"urlTemplate\":\"https:\\\/\\\/lasentinelle.dz\\\/?s={search_term_string}\"},\"query-input\":{\"@type\":\"PropertyValueSpecification\",\"valueRequired\":true,\"valueName\":\"search_term_string\"}}],\"inLanguage\":\"fr-FR\"},{\"@type\":\"Organization\",\"@id\":\"https:\\\/\\\/lasentinelle.dz\\\/#organization\",\"name\":\"Quotidien La Sentinelle\",\"url\":\"https:\\\/\\\/lasentinelle.dz\\\/\",\"logo\":{\"@type\":\"ImageObject\",\"inLanguage\":\"fr-FR\",\"@id\":\"https:\\\/\\\/lasentinelle.dz\\\/#\\\/schema\\\/logo\\\/image\\\/\",\"url\":\"https:\\\/\\\/lasentinelle.dz\\\/wp-content\\\/uploads\\\/2021\\\/09\\\/logo-sentinelleSLOGAN-1.png\",\"contentUrl\":\"https:\\\/\\\/lasentinelle.dz\\\/wp-content\\\/uploads\\\/2021\\\/09\\\/logo-sentinelleSLOGAN-1.png\",\"width\":615,\"height\":142,\"caption\":\"Quotidien La Sentinelle\"},\"image\":{\"@id\":\"https:\\\/\\\/lasentinelle.dz\\\/#\\\/schema\\\/logo\\\/image\\\/\"},\"sameAs\":[\"https:\\\/\\\/www.facebook.com\\\/La-Sentinelle-104059864394773\"]},{\"@type\":\"Person\",\"@id\":\"https:\\\/\\\/lasentinelle.dz\\\/#\\\/schema\\\/person\\\/729ee0024f24e0b8c5ec17232f8e8b41\",\"name\":\"admin\",\"image\":{\"@type\":\"ImageObject\",\"inLanguage\":\"fr-FR\",\"@id\":\"https:\\\/\\\/secure.gravatar.com\\\/avatar\\\/4c81fed838786e9b53f540bf46533e750f5d292099ae3b66cfc6fb1982e29df7?s=96&d=mm&r=g\",\"url\":\"https:\\\/\\\/secure.gravatar.com\\\/avatar\\\/4c81fed838786e9b53f540bf46533e750f5d292099ae3b66cfc6fb1982e29df7?s=96&d=mm&r=g\",\"contentUrl\":\"https:\\\/\\\/secure.gravatar.com\\\/avatar\\\/4c81fed838786e9b53f540bf46533e750f5d292099ae3b66cfc6fb1982e29df7?s=96&d=mm&r=g\",\"caption\":\"admin\"},\"description\":\"admin\",\"url\":\"https:\\\/\\\/lasentinelle.dz\\\/author\\\/admin\\\/\"}]}<\/script>\n<!-- \/ Yoast SEO plugin. -->","yoast_head_json":{"title":"Transferts\u00a0: Amoura, le feuilleton azur\u00e9en vir\u00e9 \u00e0 la lyonnaise - La Sentinelle","robots":{"index":"index","follow":"follow","max-snippet":"max-snippet:-1","max-image-preview":"max-image-preview:large","max-video-preview":"max-video-preview:-1"},"canonical":"https:\/\/lasentinelle.dz\/index.php\/2026\/08\/31\/transferts-amoura-le-feuilleton-azureen-vire-a-la-lyonnaise\/","og_locale":"fr_FR","og_type":"article","og_title":"Transferts\u00a0: Amoura, le feuilleton azur\u00e9en vir\u00e9 \u00e0 la lyonnaise - La Sentinelle","og_description":"Le mercato s&#8217;emballe sur la C\u00f4te d&rsquo;Azur o\u00f9 l&rsquo;Olympique Lyonnais tente un coup de force pour arracher Mohamed Amoura \u00e0","og_url":"https:\/\/lasentinelle.dz\/index.php\/2026\/08\/31\/transferts-amoura-le-feuilleton-azureen-vire-a-la-lyonnaise\/","og_site_name":"La Sentinelle","article_publisher":"https:\/\/www.facebook.com\/La-Sentinelle-104059864394773","article_published_time":"2026-08-31T10:14:13+00:00","article_modified_time":"2026-08-31T10:14:15+00:00","og_image":[{"width":1200,"height":640,"url":"https:\/\/lasentinelle.dz\/wp-content\/uploads\/2024\/10\/amoura.jpg","type":"image\/jpeg"}],"author":"admin","twitter_card":"summary_large_image","twitter_misc":{"\u00c9crit par":"admin","Dur\u00e9e de lecture estim\u00e9e":"3 minutes"},"schema":{"@context":"https:\/\/schema.org","@graph":[{"@type":"Article","@id":"https:\/\/lasentinelle.dz\/index.php\/2026\/08\/31\/transferts-amoura-le-feuilleton-azureen-vire-a-la-lyonnaise\/#article","isPartOf":{"@id":"https:\/\/lasentinelle.dz\/index.php\/2026\/08\/31\/transferts-amoura-le-feuilleton-azureen-vire-a-la-lyonnaise\/"},"author":{"name":"admin","@id":"https:\/\/lasentinelle.dz\/#\/schema\/person\/729ee0024f24e0b8c5ec17232f8e8b41"},"headline":"Transferts\u00a0: Amoura, le feuilleton azur\u00e9en vir\u00e9 \u00e0 la lyonnaise","datePublished":"2026-08-31T10:14:13+00:00","dateModified":"2026-08-31T10:14:15+00:00","mainEntityOfPage":{"@id":"https:\/\/lasentinelle.dz\/index.php\/2026\/08\/31\/transferts-amoura-le-feuilleton-azureen-vire-a-la-lyonnaise\/"},"wordCount":598,"commentCount":0,"publisher":{"@id":"https:\/\/lasentinelle.dz\/#organization"},"image":{"@id":"https:\/\/lasentinelle.dz\/index.php\/2026\/08\/31\/transferts-amoura-le-feuilleton-azureen-vire-a-la-lyonnaise\/#primaryimage"},"thumbnailUrl":"https:\/\/lasentinelle.dz\/wp-content\/uploads\/2024\/10\/amoura.jpg","articleSection":["Sports"],"inLanguage":"fr-FR","potentialAction":[{"@type":"CommentAction","name":"Comment","target":["https:\/\/lasentinelle.dz\/index.php\/2026\/08\/31\/transferts-amoura-le-feuilleton-azureen-vire-a-la-lyonnaise\/#respond"]}]},{"@type":"WebPage","@id":"https:\/\/lasentinelle.dz\/index.php\/2026\/08\/31\/transferts-amoura-le-feuilleton-azureen-vire-a-la-lyonnaise\/","url":"https:\/\/lasentinelle.dz\/index.php\/2026\/08\/31\/transferts-amoura-le-feuilleton-azureen-vire-a-la-lyonnaise\/","name":"Transferts\u00a0: Amoura, le feuilleton azur\u00e9en vir\u00e9 \u00e0 la lyonnaise - La Sentinelle","isPartOf":{"@id":"https:\/\/lasentinelle.dz\/#website"},"primaryImageOfPage":{"@id":"https:\/\/lasentinelle.dz\/index.php\/2026\/08\/31\/transferts-amoura-le-feuilleton-azureen-vire-a-la-lyonnaise\/#primaryimage"},"image":{"@id":"https:\/\/lasentinelle.dz\/index.php\/2026\/08\/31\/transferts-amoura-le-feuilleton-azureen-vire-a-la-lyonnaise\/#primaryimage"},"thumbnailUrl":"https:\/\/lasentinelle.dz\/wp-content\/uploads\/2024\/10\/amoura.jpg","datePublished":"2026-08-31T10:14:13+00:00","dateModified":"2026-08-31T10:14:15+00:00","breadcrumb":{"@id":"https:\/\/lasentinelle.dz\/index.php\/2026\/08\/31\/transferts-amoura-le-feuilleton-azureen-vire-a-la-lyonnaise\/#breadcrumb"},"inLanguage":"fr-FR","potentialAction":[{"@type":"ReadAction","target":["https:\/\/lasentinelle.dz\/index.php\/2026\/08\/31\/transferts-amoura-le-feuilleton-azureen-vire-a-la-lyonnaise\/"]}]},{"@type":"ImageObject","inLanguage":"fr-FR","@id":"https:\/\/lasentinelle.dz\/index.php\/2026\/08\/31\/transferts-amoura-le-feuilleton-azureen-vire-a-la-lyonnaise\/#primaryimage","url":"https:\/\/lasentinelle.dz\/wp-content\/uploads\/2024\/10\/amoura.jpg","contentUrl":"https:\/\/lasentinelle.dz\/wp-content\/uploads\/2024\/10\/amoura.jpg","width":1200,"height":640},{"@type":"BreadcrumbList","@id":"https:\/\/lasentinelle.dz\/index.php\/2026\/08\/31\/transferts-amoura-le-feuilleton-azureen-vire-a-la-lyonnaise\/#breadcrumb","itemListElement":[{"@type":"ListItem","position":1,"name":"Accueil","item":"https:\/\/lasentinelle.dz\/"},{"@type":"ListItem","position":2,"name":"Transferts\u00a0: Amoura, le feuilleton azur\u00e9en vir\u00e9 \u00e0 la lyonnaise"}]},{"@type":"WebSite","@id":"https:\/\/lasentinelle.dz\/#website","url":"https:\/\/lasentinelle.dz\/","name":"La Sentinelle","description":"Quotidien national d&#039;information","publisher":{"@id":"https:\/\/lasentinelle.dz\/#organization"},"potentialAction":[{"@type":"SearchAction","target":{"@type":"EntryPoint","urlTemplate":"https:\/\/lasentinelle.dz\/?s={search_term_string}"},"query-input":{"@type":"PropertyValueSpecification","valueRequired":true,"valueName":"search_term_string"}}],"inLanguage":"fr-FR"},{"@type":"Organization","@id":"https:\/\/lasentinelle.dz\/#organization","name":"Quotidien La Sentinelle","url":"https:\/\/lasentinelle.dz\/","logo":{"@type":"ImageObject","inLanguage":"fr-FR","@id":"https:\/\/lasentinelle.dz\/#\/schema\/logo\/image\/","url":"https:\/\/lasentinelle.dz\/wp-content\/uploads\/2021\/09\/logo-sentinelleSLOGAN-1.png","contentUrl":"https:\/\/lasentinelle.dz\/wp-content\/uploads\/2021\/09\/logo-sentinelleSLOGAN-1.png","width":615,"height":142,"caption":"Quotidien La Sentinelle"},"image":{"@id":"https:\/\/lasentinelle.dz\/#\/schema\/logo\/image\/"},"sameAs":["https:\/\/www.facebook.com\/La-Sentinelle-104059864394773"]},{"@type":"Person","@id":"https:\/\/lasentinelle.dz\/#\/schema\/person\/729ee0024f24e0b8c5ec17232f8e8b41","name":"admin","image":{"@type":"ImageObject","inLanguage":"fr-FR","@id":"https:\/\/secure.gravatar.com\/avatar\/4c81fed838786e9b53f540bf46533e750f5d292099ae3b66cfc6fb1982e29df7?s=96&d=mm&r=g","url":"https:\/\/secure.gravatar.com\/avatar\/4c81fed838786e9b53f540bf46533e750f5d292099ae3b66cfc6fb1982e29df7?s=96&d=mm&r=g","contentUrl":"https:\/\/secure.gravatar.com\/avatar\/4c81fed838786e9b53f540bf46533e750f5d292099ae3b66cfc6fb1982e29df7?s=96&d=mm&r=g","caption":"admin"},"description":"admin","url":"https:\/\/lasentinelle.dz\/author\/admin\/"}]}},"_links":{"self":[{"href":"https:\/\/lasentinelle.dz\/index.php\/wp-json\/wp\/v2\/posts\/94604","targetHints":{"allow":["GET"]}}],"collection":[{"href":"https:\/\/lasentinelle.dz\/index.php\/wp-json\/wp\/v2\/posts"}],"about":[{"href":"https:\/\/lasentinelle.dz\/index.php\/wp-json\/wp\/v2\/types\/post"}],"author":[{"embeddable":true,"href":"https:\/\/lasentinelle.dz\/index.php\/wp-json\/wp\/v2\/users\/6"}],"replies":[{"embeddable":true,"href":"https:\/\/lasentinelle.dz\/index.php\/wp-json\/wp\/v2\/comments?post=94604"}],"version-history":[{"count":1,"href":"https:\/\/lasentinelle.dz\/index.php\/wp-json\/wp\/v2\/posts\/94604\/revisions"}],"predecessor-version":[{"id":94605,"href":"https:\/\/lasentinelle.dz\/index.php\/wp-json\/wp\/v2\/posts\/94604\/revisions\/94605"}],"wp:featuredmedia":[{"embeddable":true,"href":"https:\/\/lasentinelle.dz\/index.php\/wp-json\/wp\/v2\/media\/57963"}],"wp:attachment":[{"href":"https:\/\/lasentinelle.dz\/index.php\/wp-json\/wp\/v2\/media?parent=94604"}],"wp:term":[{"taxonomy":"category","embeddable":true,"href":"https:\/\/lasentinelle.dz\/index.php\/wp-json\/wp\/v2\/categories?post=94604"},{"taxonomy":"post_tag","embeddable":true,"href":"https:\/\/lasentinelle.dz\/index.php\/wp-json\/wp\/v2\/tags?post=94604"}],"curies":[{"name":"wp","href":"https:\/\/api.w.org\/{rel}","templated":true}]}}