{"id":94611,"date":"2026-08-31T11:19:03","date_gmt":"2026-08-31T10:19:03","guid":{"rendered":"https:\/\/lasentinelle.dz\/?p=94611"},"modified":"2026-08-31T11:19:09","modified_gmt":"2026-08-31T10:19:09","slug":"pres-de-11-tonnes-saisies-en-espagne-et-au-portugal-loffensive-silencieuse-du-cannabis-marocain-en-europe","status":"publish","type":"post","link":"https:\/\/lasentinelle.dz\/index.php\/2026\/08\/31\/pres-de-11-tonnes-saisies-en-espagne-et-au-portugal-loffensive-silencieuse-du-cannabis-marocain-en-europe\/","title":{"rendered":"Pr\u00e8s de 11 tonnes saisies en Espagne et au Portugal\u00a0: L\u2019offensive silencieuse du cannabis marocain en Europe"},"content":{"rendered":"\n<p class=\"wp-block-paragraph\">Une op\u00e9ration conjointe men\u00e9e par l&rsquo;Espagne et le Portugal a permis la saisie de 10,6 tonnes de haschich et le d\u00e9mant\u00e8lement d&rsquo;un r\u00e9seau de trafiquants actif le long du fleuve Guadiana, \u00e0 la fronti\u00e8re entre les deux pays ib\u00e9riques, selon un communiqu\u00e9 publi\u00e9 samedi par la Garde civile espagnole et la Garde nationale r\u00e9publicaine portugaise.<\/p>\n\n\n\n<p class=\"wp-block-paragraph\">Baptis\u00e9e \u00ab Tridente \u00bb, l&rsquo;op\u00e9ration a d\u00e9but\u00e9 le 20 ao\u00fbt dans la ville d&rsquo;Ayamonte, en Andalousie. Les forces de s\u00e9curit\u00e9 y ont d\u00e9couvert 132 ballots de haschich pesant 5,28 tonnes, dissimul\u00e9s dans une propri\u00e9t\u00e9. Six v\u00e9hicules ont \u00e9galement \u00e9t\u00e9 saisis, dont cinq vol\u00e9s et transform\u00e9s pour le transport de la drogue, ainsi qu&rsquo;un pistolet et un fusil d&rsquo;assaut charg\u00e9s et pr\u00eats \u00e0 l&#8217;emploi. Trois personnes interpell\u00e9es sur place ont \u00e9t\u00e9 pr\u00e9sent\u00e9es \u00e0 la justice pour trafic de stup\u00e9fiants, d\u00e9tention ill\u00e9gale d&rsquo;armes, vol de v\u00e9hicules et faux, avant leur placement en d\u00e9tention provisoire. Le 22 ao\u00fbt, les recherches se sont \u00e9tendues \u00e0 la rive portugaise du fleuve. Les autorit\u00e9s y ont r\u00e9cup\u00e9r\u00e9 133 ballots suppl\u00e9mentaires, soit 5,32 tonnes de r\u00e9sine, en plus de trois v\u00e9hicules et d&rsquo;une arme de poing. Les membres du r\u00e9seau ont tent\u00e9 de fuir \u00e0 bord d&rsquo;une embarcation, mais les forces espagnoles et portugaises les ont intercept\u00e9s gr\u00e2ce \u00e0 un dispositif combinant moyens a\u00e9riens, maritimes et terrestres. Sept personnes ont \u00e9t\u00e9 arr\u00eat\u00e9es puis d\u00e9f\u00e9r\u00e9es le 24 ao\u00fbt devant la justice portugaise, qui a ordonn\u00e9 leur d\u00e9tention provisoire. Au total, dix personnes ont \u00e9t\u00e9 interpell\u00e9es, neuf v\u00e9hicules et trois armes \u00e0 feu saisis dans le cadre de cette op\u00e9ration.<\/p>\n\n\n\n<p class=\"wp-block-paragraph\">Cette saisie intervient au moment o\u00f9 le procureur de Bruxelles, Julien Moinil, r\u00e9v\u00e8le que certains commanditaires de r\u00e9seaux de trafic de drogue continuent de diriger leurs activit\u00e9s depuis le Maroc, tandis que d&rsquo;autres poursuivent leurs affaires depuis l&rsquo;int\u00e9rieur des prisons. Le magistrat belge a appel\u00e9 \u00e0 un renforcement de la coop\u00e9ration judiciaire avec les pays o\u00f9 se trouvent ces figures criminelles, sans quoi les efforts de d\u00e9mant\u00e8lement sur le sol europ\u00e9en resteront limit\u00e9s face \u00e0 des chefs de r\u00e9seaux hors d&rsquo;atteinte.<\/p>\n\n\n\n<p class=\"wp-block-paragraph\">L&rsquo;op\u00e9ration Tridente illustre l&rsquo;ampleur de \u00ab l&rsquo;\u00e9conomie du haschich \u00bb marocain, qui continue de trouver des voies d&rsquo;acc\u00e8s vers le march\u00e9 europ\u00e9en malgr\u00e9 la multiplication des coups port\u00e9s par les services de s\u00e9curit\u00e9. Les autorit\u00e9s espagnoles et portugaises multiplient les interceptions et les saisies de plusieurs tonnes, sans parvenir \u00e0 tarir durablement les circuits d&rsquo;approvisionnement.<\/p>\n\n\n\n<p class=\"wp-block-paragraph\">Le Maroc demeure cit\u00e9 \u00e0 plusieurs reprises par des enqu\u00eateurs europ\u00e9ens comme un point d&rsquo;ancrage pour des t\u00eates de r\u00e9seaux qui op\u00e8rent au-del\u00e0 des fronti\u00e8res, profitant des failles dans la coop\u00e9ration judiciaire internationale et de la difficult\u00e9 \u00e0 extrader ou poursuivre des suspects bas\u00e9s hors d&rsquo;Europe. Cette situation alimente les appels, comme celui formul\u00e9 par le procureur de Bruxelles, \u00e0 une coordination plus \u00e9troite entre les pays producteurs, de transit et de destination pour remonter jusqu&rsquo;aux commanditaires plut\u00f4t que de se limiter \u00e0 l&rsquo;interception des cargaisons sur le terrain.<\/p>\n\n\n\n<p class=\"wp-block-paragraph\">R.I.<\/p>\n","protected":false},"excerpt":{"rendered":"<p>Une op\u00e9ration conjointe men\u00e9e par l&rsquo;Espagne et le Portugal a permis la saisie de 10,6 tonnes de haschich et le<\/p>\n","protected":false},"author":6,"featured_media":94612,"comment_status":"open","ping_status":"closed","sticky":false,"template":"","format":"standard","meta":{"colormag_page_container_layout":"default_layout","colormag_page_sidebar_layout":"default_layout","om_disable_all_campaigns":false,"_monsterinsights_skip_tracking":false,"footnotes":"","_wpscppro_dont_share_socialmedia":false,"_wpscppro_custom_social_share_image":0,"_facebook_share_type":"default","_twitter_share_type":"default","_linkedin_share_type":"default","_pinterest_share_type":"default","_linkedin_share_type_page":"","_instagram_share_type":"default","_medium_share_type":"default","_threads_share_type":"default","_google_business_share_type":"default","_bluesky_share_type":"default","_mastodon_share_type":"default","_selected_social_profile":[],"_wpsp_enable_custom_social_template":false,"_wpsp_social_scheduling":{"enabled":false,"datetime":null,"platforms":[],"status":"template_only","dateOption":"today","timeOption":"now","customDays":"","customHours":"","customDate":"","customTime":"","schedulingType":"absolute"},"_wpsp_active_default_template":true},"categories":[52,37],"tags":[],"class_list":["post-94611","post","type-post","status-publish","format-standard","has-post-thumbnail","hentry","category-a-la-une","category-monde"],"aioseo_notices":[],"aioseo_head":"\n\t\t<!-- All in One SEO 5.0.0.1 - aioseo.com -->\n\t<meta name=\"description\" content=\"Une op\u00e9ration conjointe men\u00e9e par l&#039;Espagne et le Portugal a permis la saisie de 10,6 tonnes de haschich et le d\u00e9mant\u00e8lement d&#039;un r\u00e9seau de trafiquants actif le long du fleuve Guadiana, \u00e0 la fronti\u00e8re entre les deux pays ib\u00e9riques, selon un communiqu\u00e9 publi\u00e9 samedi par la Garde civile espagnole et la Garde nationale r\u00e9publicaine portugaise.\" \/>\n\t<meta name=\"robots\" content=\"max-image-preview:large\" \/>\n\t<meta name=\"author\" content=\"admin\"\/>\n\t<link rel=\"canonical\" href=\"https:\/\/lasentinelle.dz\/index.php\/2026\/08\/31\/pres-de-11-tonnes-saisies-en-espagne-et-au-portugal-loffensive-silencieuse-du-cannabis-marocain-en-europe\/\" \/>\n\t<meta name=\"generator\" content=\"All in One SEO (AIOSEO) 5.0.0.1\" \/>\n\t\t<meta property=\"og:locale\" content=\"fr_FR\" \/>\n\t\t<meta property=\"og:site_name\" content=\"La Sentinelle - Quotidien national d&#039;information\" \/>\n\t\t<meta property=\"og:type\" content=\"article\" \/>\n\t\t<meta property=\"og:title\" content=\"Pr\u00e8s de 11 tonnes saisies en Espagne et au Portugal : L\u2019offensive silencieuse du cannabis marocain en Europe - La Sentinelle\" \/>\n\t\t<meta property=\"og:description\" content=\"Une op\u00e9ration conjointe men\u00e9e par l&#039;Espagne et le Portugal a permis la saisie de 10,6 tonnes de haschich et le d\u00e9mant\u00e8lement d&#039;un r\u00e9seau de trafiquants actif le long du fleuve Guadiana, \u00e0 la fronti\u00e8re entre les deux pays ib\u00e9riques, selon un communiqu\u00e9 publi\u00e9 samedi par la Garde civile espagnole et la Garde nationale r\u00e9publicaine portugaise.\" \/>\n\t\t<meta property=\"og:url\" content=\"https:\/\/lasentinelle.dz\/index.php\/2026\/08\/31\/pres-de-11-tonnes-saisies-en-espagne-et-au-portugal-loffensive-silencieuse-du-cannabis-marocain-en-europe\/\" \/>\n\t\t<meta property=\"og:image\" content=\"https:\/\/lasentinelle.dz\/wp-content\/uploads\/2021\/09\/cropped-la-sentinelle-earth-golden-anima-5.gif\" \/>\n\t\t<meta property=\"og:image:secure_url\" content=\"https:\/\/lasentinelle.dz\/wp-content\/uploads\/2021\/09\/cropped-la-sentinelle-earth-golden-anima-5.gif\" \/>\n\t\t<meta property=\"og:image:width\" content=\"450\" \/>\n\t\t<meta property=\"og:image:height\" content=\"213\" \/>\n\t\t<meta property=\"article:published_time\" content=\"2026-08-31T10:19:03+00:00\" \/>\n\t\t<meta property=\"article:modified_time\" content=\"2026-08-31T10:19:09+00:00\" \/>\n\t\t<meta property=\"article:publisher\" content=\"https:\/\/www.facebook.com\/azzedine.lasentinelle.1\" \/>\n\t\t<meta name=\"twitter:card\" content=\"summary_large_image\" \/>\n\t\t<meta name=\"twitter:title\" content=\"Pr\u00e8s de 11 tonnes saisies en Espagne et au Portugal : L\u2019offensive silencieuse du cannabis marocain en Europe - La Sentinelle\" \/>\n\t\t<meta name=\"twitter:description\" content=\"Une op\u00e9ration conjointe men\u00e9e par l&#039;Espagne et le Portugal a permis la saisie de 10,6 tonnes de haschich et le d\u00e9mant\u00e8lement d&#039;un r\u00e9seau de trafiquants actif le long du fleuve Guadiana, \u00e0 la fronti\u00e8re entre les deux pays ib\u00e9riques, selon un communiqu\u00e9 publi\u00e9 samedi par la Garde civile espagnole et la Garde nationale r\u00e9publicaine portugaise.\" \/>\n\t\t<meta name=\"twitter:image\" content=\"https:\/\/lasentinelle.dz\/wp-content\/uploads\/2021\/09\/cropped-la-sentinelle-earth-golden-anima-5.gif\" \/>\n\t\t<script type=\"application\/ld+json\" class=\"aioseo-schema\">\n\t\t\t{\"@context\":\"https:\\\/\\\/schema.org\",\"@graph\":[{\"@type\":\"BlogPosting\",\"@id\":\"https:\\\/\\\/lasentinelle.dz\\\/index.php\\\/2026\\\/08\\\/31\\\/pres-de-11-tonnes-saisies-en-espagne-et-au-portugal-loffensive-silencieuse-du-cannabis-marocain-en-europe\\\/#blogposting\",\"name\":\"Pr\\u00e8s de 11 tonnes saisies en Espagne et au Portugal : L\\u2019offensive silencieuse du cannabis marocain en Europe - La Sentinelle\",\"headline\":\"Pr\\u00e8s de 11 tonnes saisies en Espagne et au Portugal\\u00a0: L\\u2019offensive silencieuse du cannabis marocain en Europe\",\"author\":{\"@id\":\"https:\\\/\\\/lasentinelle.dz\\\/author\\\/admin\\\/#author\"},\"publisher\":{\"@id\":\"https:\\\/\\\/lasentinelle.dz\\\/#organization\"},\"image\":{\"@type\":\"ImageObject\",\"url\":\"https:\\\/\\\/lasentinelle.dz\\\/wp-content\\\/uploads\\\/2026\\\/08\\\/drogue-maroc-espagne.png\",\"width\":1317,\"height\":878},\"datePublished\":\"2026-08-31T11:19:03+01:00\",\"dateModified\":\"2026-08-31T11:19:09+01:00\",\"inLanguage\":\"fr-FR\",\"mainEntityOfPage\":{\"@id\":\"https:\\\/\\\/lasentinelle.dz\\\/index.php\\\/2026\\\/08\\\/31\\\/pres-de-11-tonnes-saisies-en-espagne-et-au-portugal-loffensive-silencieuse-du-cannabis-marocain-en-europe\\\/#webpage\"},\"isPartOf\":{\"@id\":\"https:\\\/\\\/lasentinelle.dz\\\/index.php\\\/2026\\\/08\\\/31\\\/pres-de-11-tonnes-saisies-en-espagne-et-au-portugal-loffensive-silencieuse-du-cannabis-marocain-en-europe\\\/#webpage\"},\"articleSection\":\"\\u00c0 la Une, Monde\"},{\"@type\":\"BreadcrumbList\",\"@id\":\"https:\\\/\\\/lasentinelle.dz\\\/index.php\\\/2026\\\/08\\\/31\\\/pres-de-11-tonnes-saisies-en-espagne-et-au-portugal-loffensive-silencieuse-du-cannabis-marocain-en-europe\\\/#breadcrumblist\",\"itemListElement\":[{\"@type\":\"ListItem\",\"@id\":\"https:\\\/\\\/lasentinelle.dz#listItem\",\"position\":1,\"name\":\"Home\",\"item\":\"https:\\\/\\\/lasentinelle.dz\",\"nextItem\":{\"@type\":\"ListItem\",\"@id\":\"https:\\\/\\\/lasentinelle.dz\\\/index.php\\\/category\\\/monde\\\/#listItem\",\"name\":\"Monde\"}},{\"@type\":\"ListItem\",\"@id\":\"https:\\\/\\\/lasentinelle.dz\\\/index.php\\\/category\\\/monde\\\/#listItem\",\"position\":2,\"name\":\"Monde\",\"item\":\"https:\\\/\\\/lasentinelle.dz\\\/index.php\\\/category\\\/monde\\\/\",\"nextItem\":{\"@type\":\"ListItem\",\"@id\":\"https:\\\/\\\/lasentinelle.dz\\\/index.php\\\/2026\\\/08\\\/31\\\/pres-de-11-tonnes-saisies-en-espagne-et-au-portugal-loffensive-silencieuse-du-cannabis-marocain-en-europe\\\/#listItem\",\"name\":\"Pr\\u00e8s de 11 tonnes saisies en Espagne et au Portugal\\u00a0: L\\u2019offensive silencieuse du cannabis marocain en Europe\"},\"previousItem\":{\"@type\":\"ListItem\",\"@id\":\"https:\\\/\\\/lasentinelle.dz#listItem\",\"name\":\"Home\"}},{\"@type\":\"ListItem\",\"@id\":\"https:\\\/\\\/lasentinelle.dz\\\/index.php\\\/2026\\\/08\\\/31\\\/pres-de-11-tonnes-saisies-en-espagne-et-au-portugal-loffensive-silencieuse-du-cannabis-marocain-en-europe\\\/#listItem\",\"position\":3,\"name\":\"Pr\\u00e8s de 11 tonnes saisies en Espagne et au Portugal\\u00a0: L\\u2019offensive silencieuse du cannabis marocain en Europe\",\"previousItem\":{\"@type\":\"ListItem\",\"@id\":\"https:\\\/\\\/lasentinelle.dz\\\/index.php\\\/category\\\/monde\\\/#listItem\",\"name\":\"Monde\"}}]},{\"@type\":\"Organization\",\"@id\":\"https:\\\/\\\/lasentinelle.dz\\\/#organization\",\"name\":\"La Sentinelle La Sentinelle\",\"description\":\"Quotidien national d'information\",\"url\":\"https:\\\/\\\/lasentinelle.dz\\\/\",\"logo\":{\"@type\":\"ImageObject\",\"url\":\"https:\\\/\\\/lasentinelle.dz\\\/wp-content\\\/uploads\\\/2021\\\/09\\\/cropped-la-sentinelle-earth-golden-anima-5.gif\",\"@id\":\"https:\\\/\\\/lasentinelle.dz\\\/index.php\\\/2026\\\/08\\\/31\\\/pres-de-11-tonnes-saisies-en-espagne-et-au-portugal-loffensive-silencieuse-du-cannabis-marocain-en-europe\\\/#organizationLogo\",\"width\":450,\"height\":213},\"image\":{\"@id\":\"https:\\\/\\\/lasentinelle.dz\\\/index.php\\\/2026\\\/08\\\/31\\\/pres-de-11-tonnes-saisies-en-espagne-et-au-portugal-loffensive-silencieuse-du-cannabis-marocain-en-europe\\\/#organizationLogo\"},\"sameAs\":[\"https:\\\/\\\/www.facebook.com\\\/azzedine.lasentinelle.1\"]},{\"@type\":\"Person\",\"@id\":\"https:\\\/\\\/lasentinelle.dz\\\/author\\\/admin\\\/#author\",\"url\":\"https:\\\/\\\/lasentinelle.dz\\\/author\\\/admin\\\/\",\"name\":\"admin\",\"image\":{\"@type\":\"ImageObject\",\"@id\":\"https:\\\/\\\/lasentinelle.dz\\\/index.php\\\/2026\\\/08\\\/31\\\/pres-de-11-tonnes-saisies-en-espagne-et-au-portugal-loffensive-silencieuse-du-cannabis-marocain-en-europe\\\/#authorImage\",\"url\":\"https:\\\/\\\/secure.gravatar.com\\\/avatar\\\/4c81fed838786e9b53f540bf46533e750f5d292099ae3b66cfc6fb1982e29df7?s=96&d=mm&r=g\",\"width\":96,\"height\":96,\"caption\":\"admin\"}},{\"@type\":\"WebPage\",\"@id\":\"https:\\\/\\\/lasentinelle.dz\\\/index.php\\\/2026\\\/08\\\/31\\\/pres-de-11-tonnes-saisies-en-espagne-et-au-portugal-loffensive-silencieuse-du-cannabis-marocain-en-europe\\\/#webpage\",\"url\":\"https:\\\/\\\/lasentinelle.dz\\\/index.php\\\/2026\\\/08\\\/31\\\/pres-de-11-tonnes-saisies-en-espagne-et-au-portugal-loffensive-silencieuse-du-cannabis-marocain-en-europe\\\/\",\"name\":\"Pr\\u00e8s de 11 tonnes saisies en Espagne et au Portugal : L\\u2019offensive silencieuse du cannabis marocain en Europe - La Sentinelle\",\"description\":\"Une op\\u00e9ration conjointe men\\u00e9e par l'Espagne et le Portugal a permis la saisie de 10,6 tonnes de haschich et le d\\u00e9mant\\u00e8lement d'un r\\u00e9seau de trafiquants actif le long du fleuve Guadiana, \\u00e0 la fronti\\u00e8re entre les deux pays ib\\u00e9riques, selon un communiqu\\u00e9 publi\\u00e9 samedi par la Garde civile espagnole et la Garde nationale r\\u00e9publicaine portugaise.\",\"inLanguage\":\"fr-FR\",\"isPartOf\":{\"@id\":\"https:\\\/\\\/lasentinelle.dz\\\/#website\"},\"breadcrumb\":{\"@id\":\"https:\\\/\\\/lasentinelle.dz\\\/index.php\\\/2026\\\/08\\\/31\\\/pres-de-11-tonnes-saisies-en-espagne-et-au-portugal-loffensive-silencieuse-du-cannabis-marocain-en-europe\\\/#breadcrumblist\"},\"author\":{\"@id\":\"https:\\\/\\\/lasentinelle.dz\\\/author\\\/admin\\\/#author\"},\"creator\":{\"@id\":\"https:\\\/\\\/lasentinelle.dz\\\/author\\\/admin\\\/#author\"},\"image\":{\"@type\":\"ImageObject\",\"url\":\"https:\\\/\\\/lasentinelle.dz\\\/wp-content\\\/uploads\\\/2026\\\/08\\\/drogue-maroc-espagne.png\",\"@id\":\"https:\\\/\\\/lasentinelle.dz\\\/index.php\\\/2026\\\/08\\\/31\\\/pres-de-11-tonnes-saisies-en-espagne-et-au-portugal-loffensive-silencieuse-du-cannabis-marocain-en-europe\\\/#mainImage\",\"width\":1317,\"height\":878},\"primaryImageOfPage\":{\"@id\":\"https:\\\/\\\/lasentinelle.dz\\\/index.php\\\/2026\\\/08\\\/31\\\/pres-de-11-tonnes-saisies-en-espagne-et-au-portugal-loffensive-silencieuse-du-cannabis-marocain-en-europe\\\/#mainImage\"},\"datePublished\":\"2026-08-31T11:19:03+01:00\",\"dateModified\":\"2026-08-31T11:19:09+01:00\"},{\"@type\":\"WebSite\",\"@id\":\"https:\\\/\\\/lasentinelle.dz\\\/#website\",\"url\":\"https:\\\/\\\/lasentinelle.dz\\\/\",\"name\":\"La Sentinelle\",\"description\":\"Quotidien national d'information\",\"inLanguage\":\"fr-FR\",\"publisher\":{\"@id\":\"https:\\\/\\\/lasentinelle.dz\\\/#organization\"}}]}\n\t\t<\/script>\n\t\t<!-- All in One SEO -->\n\n","aioseo_head_json":{"title":"Pr\u00e8s de 11 tonnes saisies en Espagne et au Portugal : L\u2019offensive silencieuse du cannabis marocain en Europe - La Sentinelle","description":"Une op\u00e9ration conjointe men\u00e9e par l'Espagne et le Portugal a permis la saisie de 10,6 tonnes de haschich et le d\u00e9mant\u00e8lement d'un r\u00e9seau de trafiquants actif le long du fleuve Guadiana, \u00e0 la fronti\u00e8re entre les deux pays ib\u00e9riques, selon un communiqu\u00e9 publi\u00e9 samedi par la Garde civile espagnole et la Garde nationale r\u00e9publicaine portugaise.","canonical_url":"https:\/\/lasentinelle.dz\/index.php\/2026\/08\/31\/pres-de-11-tonnes-saisies-en-espagne-et-au-portugal-loffensive-silencieuse-du-cannabis-marocain-en-europe\/","robots":"max-image-preview:large","keywords":"","webmasterTools":{"miscellaneous":""},"schema":{"@context":"https:\/\/schema.org","@graph":[{"@type":"BlogPosting","@id":"https:\/\/lasentinelle.dz\/index.php\/2026\/08\/31\/pres-de-11-tonnes-saisies-en-espagne-et-au-portugal-loffensive-silencieuse-du-cannabis-marocain-en-europe\/#blogposting","name":"Pr\u00e8s de 11 tonnes saisies en Espagne et au Portugal : L\u2019offensive silencieuse du cannabis marocain en Europe - La Sentinelle","headline":"Pr\u00e8s de 11 tonnes saisies en Espagne et au Portugal\u00a0: L\u2019offensive silencieuse du cannabis marocain en Europe","author":{"@id":"https:\/\/lasentinelle.dz\/author\/admin\/#author"},"publisher":{"@id":"https:\/\/lasentinelle.dz\/#organization"},"image":{"@type":"ImageObject","url":"https:\/\/lasentinelle.dz\/wp-content\/uploads\/2026\/08\/drogue-maroc-espagne.png","width":1317,"height":878},"datePublished":"2026-08-31T11:19:03+01:00","dateModified":"2026-08-31T11:19:09+01:00","inLanguage":"fr-FR","mainEntityOfPage":{"@id":"https:\/\/lasentinelle.dz\/index.php\/2026\/08\/31\/pres-de-11-tonnes-saisies-en-espagne-et-au-portugal-loffensive-silencieuse-du-cannabis-marocain-en-europe\/#webpage"},"isPartOf":{"@id":"https:\/\/lasentinelle.dz\/index.php\/2026\/08\/31\/pres-de-11-tonnes-saisies-en-espagne-et-au-portugal-loffensive-silencieuse-du-cannabis-marocain-en-europe\/#webpage"},"articleSection":"\u00c0 la Une, Monde"},{"@type":"BreadcrumbList","@id":"https:\/\/lasentinelle.dz\/index.php\/2026\/08\/31\/pres-de-11-tonnes-saisies-en-espagne-et-au-portugal-loffensive-silencieuse-du-cannabis-marocain-en-europe\/#breadcrumblist","itemListElement":[{"@type":"ListItem","@id":"https:\/\/lasentinelle.dz#listItem","position":1,"name":"Home","item":"https:\/\/lasentinelle.dz","nextItem":{"@type":"ListItem","@id":"https:\/\/lasentinelle.dz\/index.php\/category\/monde\/#listItem","name":"Monde"}},{"@type":"ListItem","@id":"https:\/\/lasentinelle.dz\/index.php\/category\/monde\/#listItem","position":2,"name":"Monde","item":"https:\/\/lasentinelle.dz\/index.php\/category\/monde\/","nextItem":{"@type":"ListItem","@id":"https:\/\/lasentinelle.dz\/index.php\/2026\/08\/31\/pres-de-11-tonnes-saisies-en-espagne-et-au-portugal-loffensive-silencieuse-du-cannabis-marocain-en-europe\/#listItem","name":"Pr\u00e8s de 11 tonnes saisies en Espagne et au Portugal\u00a0: L\u2019offensive silencieuse du cannabis marocain en Europe"},"previousItem":{"@type":"ListItem","@id":"https:\/\/lasentinelle.dz#listItem","name":"Home"}},{"@type":"ListItem","@id":"https:\/\/lasentinelle.dz\/index.php\/2026\/08\/31\/pres-de-11-tonnes-saisies-en-espagne-et-au-portugal-loffensive-silencieuse-du-cannabis-marocain-en-europe\/#listItem","position":3,"name":"Pr\u00e8s de 11 tonnes saisies en Espagne et au Portugal\u00a0: L\u2019offensive silencieuse du cannabis marocain en Europe","previousItem":{"@type":"ListItem","@id":"https:\/\/lasentinelle.dz\/index.php\/category\/monde\/#listItem","name":"Monde"}}]},{"@type":"Organization","@id":"https:\/\/lasentinelle.dz\/#organization","name":"La Sentinelle La Sentinelle","description":"Quotidien national d'information","url":"https:\/\/lasentinelle.dz\/","logo":{"@type":"ImageObject","url":"https:\/\/lasentinelle.dz\/wp-content\/uploads\/2021\/09\/cropped-la-sentinelle-earth-golden-anima-5.gif","@id":"https:\/\/lasentinelle.dz\/index.php\/2026\/08\/31\/pres-de-11-tonnes-saisies-en-espagne-et-au-portugal-loffensive-silencieuse-du-cannabis-marocain-en-europe\/#organizationLogo","width":450,"height":213},"image":{"@id":"https:\/\/lasentinelle.dz\/index.php\/2026\/08\/31\/pres-de-11-tonnes-saisies-en-espagne-et-au-portugal-loffensive-silencieuse-du-cannabis-marocain-en-europe\/#organizationLogo"},"sameAs":["https:\/\/www.facebook.com\/azzedine.lasentinelle.1"]},{"@type":"Person","@id":"https:\/\/lasentinelle.dz\/author\/admin\/#author","url":"https:\/\/lasentinelle.dz\/author\/admin\/","name":"admin","image":{"@type":"ImageObject","@id":"https:\/\/lasentinelle.dz\/index.php\/2026\/08\/31\/pres-de-11-tonnes-saisies-en-espagne-et-au-portugal-loffensive-silencieuse-du-cannabis-marocain-en-europe\/#authorImage","url":"https:\/\/secure.gravatar.com\/avatar\/4c81fed838786e9b53f540bf46533e750f5d292099ae3b66cfc6fb1982e29df7?s=96&d=mm&r=g","width":96,"height":96,"caption":"admin"}},{"@type":"WebPage","@id":"https:\/\/lasentinelle.dz\/index.php\/2026\/08\/31\/pres-de-11-tonnes-saisies-en-espagne-et-au-portugal-loffensive-silencieuse-du-cannabis-marocain-en-europe\/#webpage","url":"https:\/\/lasentinelle.dz\/index.php\/2026\/08\/31\/pres-de-11-tonnes-saisies-en-espagne-et-au-portugal-loffensive-silencieuse-du-cannabis-marocain-en-europe\/","name":"Pr\u00e8s de 11 tonnes saisies en Espagne et au Portugal : L\u2019offensive silencieuse du cannabis marocain en Europe - La Sentinelle","description":"Une op\u00e9ration conjointe men\u00e9e par l'Espagne et le Portugal a permis la saisie de 10,6 tonnes de haschich et le d\u00e9mant\u00e8lement d'un r\u00e9seau de trafiquants actif le long du fleuve Guadiana, \u00e0 la fronti\u00e8re entre les deux pays ib\u00e9riques, selon un communiqu\u00e9 publi\u00e9 samedi par la Garde civile espagnole et la Garde nationale r\u00e9publicaine portugaise.","inLanguage":"fr-FR","isPartOf":{"@id":"https:\/\/lasentinelle.dz\/#website"},"breadcrumb":{"@id":"https:\/\/lasentinelle.dz\/index.php\/2026\/08\/31\/pres-de-11-tonnes-saisies-en-espagne-et-au-portugal-loffensive-silencieuse-du-cannabis-marocain-en-europe\/#breadcrumblist"},"author":{"@id":"https:\/\/lasentinelle.dz\/author\/admin\/#author"},"creator":{"@id":"https:\/\/lasentinelle.dz\/author\/admin\/#author"},"image":{"@type":"ImageObject","url":"https:\/\/lasentinelle.dz\/wp-content\/uploads\/2026\/08\/drogue-maroc-espagne.png","@id":"https:\/\/lasentinelle.dz\/index.php\/2026\/08\/31\/pres-de-11-tonnes-saisies-en-espagne-et-au-portugal-loffensive-silencieuse-du-cannabis-marocain-en-europe\/#mainImage","width":1317,"height":878},"primaryImageOfPage":{"@id":"https:\/\/lasentinelle.dz\/index.php\/2026\/08\/31\/pres-de-11-tonnes-saisies-en-espagne-et-au-portugal-loffensive-silencieuse-du-cannabis-marocain-en-europe\/#mainImage"},"datePublished":"2026-08-31T11:19:03+01:00","dateModified":"2026-08-31T11:19:09+01:00"},{"@type":"WebSite","@id":"https:\/\/lasentinelle.dz\/#website","url":"https:\/\/lasentinelle.dz\/","name":"La Sentinelle","description":"Quotidien national d'information","inLanguage":"fr-FR","publisher":{"@id":"https:\/\/lasentinelle.dz\/#organization"}}]},"og:locale":"fr_FR","og:site_name":"La Sentinelle - Quotidien national d'information","og:type":"article","og:title":"Pr\u00e8s de 11 tonnes saisies en Espagne et au Portugal : L\u2019offensive silencieuse du cannabis marocain en Europe - La Sentinelle","og:description":"Une op\u00e9ration conjointe men\u00e9e par l'Espagne et le Portugal a permis la saisie de 10,6 tonnes de haschich et le d\u00e9mant\u00e8lement d'un r\u00e9seau de trafiquants actif le long du fleuve Guadiana, \u00e0 la fronti\u00e8re entre les deux pays ib\u00e9riques, selon un communiqu\u00e9 publi\u00e9 samedi par la Garde civile espagnole et la Garde nationale r\u00e9publicaine portugaise.","og:url":"https:\/\/lasentinelle.dz\/index.php\/2026\/08\/31\/pres-de-11-tonnes-saisies-en-espagne-et-au-portugal-loffensive-silencieuse-du-cannabis-marocain-en-europe\/","og:image":"https:\/\/lasentinelle.dz\/wp-content\/uploads\/2021\/09\/cropped-la-sentinelle-earth-golden-anima-5.gif","og:image:secure_url":"https:\/\/lasentinelle.dz\/wp-content\/uploads\/2021\/09\/cropped-la-sentinelle-earth-golden-anima-5.gif","og:image:width":450,"og:image:height":213,"article:published_time":"2026-08-31T10:19:03+00:00","article:modified_time":"2026-08-31T10:19:09+00:00","article:publisher":"https:\/\/www.facebook.com\/azzedine.lasentinelle.1","twitter:card":"summary_large_image","twitter:title":"Pr\u00e8s de 11 tonnes saisies en Espagne et au Portugal : L\u2019offensive silencieuse du cannabis marocain en Europe - La Sentinelle","twitter:description":"Une op\u00e9ration conjointe men\u00e9e par l'Espagne et le Portugal a permis la saisie de 10,6 tonnes de haschich et le d\u00e9mant\u00e8lement d'un r\u00e9seau de trafiquants actif le long du fleuve Guadiana, \u00e0 la fronti\u00e8re entre les deux pays ib\u00e9riques, selon un communiqu\u00e9 publi\u00e9 samedi par la Garde civile espagnole et la Garde nationale r\u00e9publicaine portugaise.","twitter:image":"https:\/\/lasentinelle.dz\/wp-content\/uploads\/2021\/09\/cropped-la-sentinelle-earth-golden-anima-5.gif"},"aioseo_meta_data":{"post_id":"94611","title":null,"description":null,"keywords":null,"keyphrases":{"focus":{"keyphrase":"","score":0,"analysis":{"keyphraseInTitle":{"score":0,"maxScore":9,"error":1}}},"additional":[]},"primary_term":null,"canonical_url":null,"og_title":null,"og_description":null,"og_object_type":"default","og_image_type":"default","og_image_url":null,"og_image_width":null,"og_image_height":null,"og_image_custom_url":null,"og_image_custom_fields":null,"og_video":"","og_custom_url":null,"og_article_section":null,"og_article_tags":null,"twitter_use_og":false,"twitter_card":"default","twitter_image_type":"default","twitter_image_url":null,"twitter_image_custom_url":null,"twitter_image_custom_fields":null,"twitter_title":null,"twitter_description":null,"schema":{"blockGraphs":[],"customGraphs":[],"default":{"data":{"Article":[],"Course":[],"Dataset":[],"FAQPage":[],"Movie":[],"Person":[],"Product":[],"ProductReview":[],"Car":[],"Recipe":[],"Service":[],"SoftwareApplication":[],"WebPage":[]},"graphName":"BlogPosting","isEnabled":true},"graphs":[]},"schema_type":"default","schema_type_options":null,"pillar_content":false,"robots_default":true,"robots_noindex":false,"robots_noarchive":false,"robots_nosnippet":false,"robots_nofollow":false,"robots_noimageindex":false,"robots_noodp":false,"robots_notranslate":false,"robots_max_snippet":"-1","robots_max_videopreview":"-1","robots_max_imagepreview":"large","priority":null,"frequency":"default","local_seo":null,"breadcrumb_settings":null,"limit_modified_date":false,"ai":{"faqs":[],"keyPoints":[],"schemas":[],"titles":[],"descriptions":[],"socialPosts":{"email":{"subject":"","preview":"","content":""},"linkedin":[],"twitter":[],"facebook":[],"instagram":[]}},"created":"2026-08-31 10:19:11","updated":"2026-08-31 11:12:58","focus_keyword":null,"additional_keywords":null,"truseo_locale":null,"seo_analyzer_scan_date":null},"aioseo_breadcrumb":"<div class=\"aioseo-breadcrumbs\"><span class=\"aioseo-breadcrumb\">\n\t\t\t<a href=\"https:\/\/lasentinelle.dz\" title=\"Home\">Home<\/a>\n\t\t<\/span><span class=\"aioseo-breadcrumb-separator\">&raquo;<\/span><span class=\"aioseo-breadcrumb\">\n\t\t\t<a href=\"https:\/\/lasentinelle.dz\/index.php\/category\/monde\/\" title=\"Monde\">Monde<\/a>\n\t\t<\/span><span class=\"aioseo-breadcrumb-separator\">&raquo;<\/span><span class=\"aioseo-breadcrumb\">\n\t\t\tPr\u00e8s de 11 tonnes saisies en Espagne et au Portugal : L\u2019offensive silencieuse du cannabis marocain en Europe\n\t\t<\/span><\/div>","aioseo_breadcrumb_json":[{"label":"Home","link":"https:\/\/lasentinelle.dz"},{"label":"Monde","link":"https:\/\/lasentinelle.dz\/index.php\/category\/monde\/"},{"label":"Pr\u00e8s de 11 tonnes saisies en Espagne et au Portugal\u00a0: L\u2019offensive silencieuse du cannabis marocain en Europe","link":"https:\/\/lasentinelle.dz\/index.php\/2026\/08\/31\/pres-de-11-tonnes-saisies-en-espagne-et-au-portugal-loffensive-silencieuse-du-cannabis-marocain-en-europe\/"}],"yoast_head":"<!-- This site is optimized with the Yoast SEO plugin v28.3 - https:\/\/yoast.com\/product\/yoast-seo-wordpress\/ -->\n<title>Pr\u00e8s de 11 tonnes saisies en Espagne et au Portugal\u00a0: L\u2019offensive silencieuse du cannabis marocain en Europe - La Sentinelle<\/title>\n<meta name=\"robots\" content=\"index, follow, max-snippet:-1, max-image-preview:large, max-video-preview:-1\" \/>\n<link rel=\"canonical\" href=\"https:\/\/lasentinelle.dz\/index.php\/2026\/08\/31\/pres-de-11-tonnes-saisies-en-espagne-et-au-portugal-loffensive-silencieuse-du-cannabis-marocain-en-europe\/\" \/>\n<meta property=\"og:locale\" content=\"fr_FR\" \/>\n<meta property=\"og:type\" content=\"article\" \/>\n<meta property=\"og:title\" content=\"Pr\u00e8s de 11 tonnes saisies en Espagne et au Portugal\u00a0: L\u2019offensive silencieuse du cannabis marocain en Europe - La Sentinelle\" \/>\n<meta property=\"og:description\" content=\"Une op\u00e9ration conjointe men\u00e9e par l&rsquo;Espagne et le Portugal a permis la saisie de 10,6 tonnes de haschich et le\" \/>\n<meta property=\"og:url\" content=\"https:\/\/lasentinelle.dz\/index.php\/2026\/08\/31\/pres-de-11-tonnes-saisies-en-espagne-et-au-portugal-loffensive-silencieuse-du-cannabis-marocain-en-europe\/\" \/>\n<meta property=\"og:site_name\" content=\"La Sentinelle\" \/>\n<meta property=\"article:publisher\" content=\"https:\/\/www.facebook.com\/La-Sentinelle-104059864394773\" \/>\n<meta property=\"article:published_time\" content=\"2026-08-31T10:19:03+00:00\" \/>\n<meta property=\"article:modified_time\" content=\"2026-08-31T10:19:09+00:00\" \/>\n<meta property=\"og:image\" content=\"https:\/\/lasentinelle.dz\/wp-content\/uploads\/2026\/08\/drogue-maroc-espagne.png\" \/>\n\t<meta property=\"og:image:width\" content=\"1317\" \/>\n\t<meta property=\"og:image:height\" content=\"878\" \/>\n\t<meta property=\"og:image:type\" content=\"image\/png\" \/>\n<meta name=\"author\" content=\"admin\" \/>\n<meta name=\"twitter:card\" content=\"summary_large_image\" \/>\n<meta name=\"twitter:label1\" content=\"\u00c9crit par\" \/>\n\t<meta name=\"twitter:data1\" content=\"admin\" \/>\n\t<meta name=\"twitter:label2\" content=\"Dur\u00e9e de lecture estim\u00e9e\" \/>\n\t<meta name=\"twitter:data2\" content=\"3 minutes\" \/>\n<script type=\"application\/ld+json\" class=\"yoast-schema-graph\">{\"@context\":\"https:\\\/\\\/schema.org\",\"@graph\":[{\"@type\":\"Article\",\"@id\":\"https:\\\/\\\/lasentinelle.dz\\\/index.php\\\/2026\\\/08\\\/31\\\/pres-de-11-tonnes-saisies-en-espagne-et-au-portugal-loffensive-silencieuse-du-cannabis-marocain-en-europe\\\/#article\",\"isPartOf\":{\"@id\":\"https:\\\/\\\/lasentinelle.dz\\\/index.php\\\/2026\\\/08\\\/31\\\/pres-de-11-tonnes-saisies-en-espagne-et-au-portugal-loffensive-silencieuse-du-cannabis-marocain-en-europe\\\/\"},\"author\":{\"name\":\"admin\",\"@id\":\"https:\\\/\\\/lasentinelle.dz\\\/#\\\/schema\\\/person\\\/729ee0024f24e0b8c5ec17232f8e8b41\"},\"headline\":\"Pr\u00e8s de 11 tonnes saisies en Espagne et au Portugal\u00a0: L\u2019offensive silencieuse du cannabis marocain en Europe\",\"datePublished\":\"2026-08-31T10:19:03+00:00\",\"dateModified\":\"2026-08-31T10:19:09+00:00\",\"mainEntityOfPage\":{\"@id\":\"https:\\\/\\\/lasentinelle.dz\\\/index.php\\\/2026\\\/08\\\/31\\\/pres-de-11-tonnes-saisies-en-espagne-et-au-portugal-loffensive-silencieuse-du-cannabis-marocain-en-europe\\\/\"},\"wordCount\":573,\"commentCount\":0,\"publisher\":{\"@id\":\"https:\\\/\\\/lasentinelle.dz\\\/#organization\"},\"image\":{\"@id\":\"https:\\\/\\\/lasentinelle.dz\\\/index.php\\\/2026\\\/08\\\/31\\\/pres-de-11-tonnes-saisies-en-espagne-et-au-portugal-loffensive-silencieuse-du-cannabis-marocain-en-europe\\\/#primaryimage\"},\"thumbnailUrl\":\"https:\\\/\\\/lasentinelle.dz\\\/wp-content\\\/uploads\\\/2026\\\/08\\\/drogue-maroc-espagne.png\",\"articleSection\":[\"\u00c0 la Une\",\"Monde\"],\"inLanguage\":\"fr-FR\",\"potentialAction\":[{\"@type\":\"CommentAction\",\"name\":\"Comment\",\"target\":[\"https:\\\/\\\/lasentinelle.dz\\\/index.php\\\/2026\\\/08\\\/31\\\/pres-de-11-tonnes-saisies-en-espagne-et-au-portugal-loffensive-silencieuse-du-cannabis-marocain-en-europe\\\/#respond\"]}]},{\"@type\":\"WebPage\",\"@id\":\"https:\\\/\\\/lasentinelle.dz\\\/index.php\\\/2026\\\/08\\\/31\\\/pres-de-11-tonnes-saisies-en-espagne-et-au-portugal-loffensive-silencieuse-du-cannabis-marocain-en-europe\\\/\",\"url\":\"https:\\\/\\\/lasentinelle.dz\\\/index.php\\\/2026\\\/08\\\/31\\\/pres-de-11-tonnes-saisies-en-espagne-et-au-portugal-loffensive-silencieuse-du-cannabis-marocain-en-europe\\\/\",\"name\":\"Pr\u00e8s de 11 tonnes saisies en Espagne et au Portugal\u00a0: L\u2019offensive silencieuse du cannabis marocain en Europe - La Sentinelle\",\"isPartOf\":{\"@id\":\"https:\\\/\\\/lasentinelle.dz\\\/#website\"},\"primaryImageOfPage\":{\"@id\":\"https:\\\/\\\/lasentinelle.dz\\\/index.php\\\/2026\\\/08\\\/31\\\/pres-de-11-tonnes-saisies-en-espagne-et-au-portugal-loffensive-silencieuse-du-cannabis-marocain-en-europe\\\/#primaryimage\"},\"image\":{\"@id\":\"https:\\\/\\\/lasentinelle.dz\\\/index.php\\\/2026\\\/08\\\/31\\\/pres-de-11-tonnes-saisies-en-espagne-et-au-portugal-loffensive-silencieuse-du-cannabis-marocain-en-europe\\\/#primaryimage\"},\"thumbnailUrl\":\"https:\\\/\\\/lasentinelle.dz\\\/wp-content\\\/uploads\\\/2026\\\/08\\\/drogue-maroc-espagne.png\",\"datePublished\":\"2026-08-31T10:19:03+00:00\",\"dateModified\":\"2026-08-31T10:19:09+00:00\",\"breadcrumb\":{\"@id\":\"https:\\\/\\\/lasentinelle.dz\\\/index.php\\\/2026\\\/08\\\/31\\\/pres-de-11-tonnes-saisies-en-espagne-et-au-portugal-loffensive-silencieuse-du-cannabis-marocain-en-europe\\\/#breadcrumb\"},\"inLanguage\":\"fr-FR\",\"potentialAction\":[{\"@type\":\"ReadAction\",\"target\":[\"https:\\\/\\\/lasentinelle.dz\\\/index.php\\\/2026\\\/08\\\/31\\\/pres-de-11-tonnes-saisies-en-espagne-et-au-portugal-loffensive-silencieuse-du-cannabis-marocain-en-europe\\\/\"]}]},{\"@type\":\"ImageObject\",\"inLanguage\":\"fr-FR\",\"@id\":\"https:\\\/\\\/lasentinelle.dz\\\/index.php\\\/2026\\\/08\\\/31\\\/pres-de-11-tonnes-saisies-en-espagne-et-au-portugal-loffensive-silencieuse-du-cannabis-marocain-en-europe\\\/#primaryimage\",\"url\":\"https:\\\/\\\/lasentinelle.dz\\\/wp-content\\\/uploads\\\/2026\\\/08\\\/drogue-maroc-espagne.png\",\"contentUrl\":\"https:\\\/\\\/lasentinelle.dz\\\/wp-content\\\/uploads\\\/2026\\\/08\\\/drogue-maroc-espagne.png\",\"width\":1317,\"height\":878},{\"@type\":\"BreadcrumbList\",\"@id\":\"https:\\\/\\\/lasentinelle.dz\\\/index.php\\\/2026\\\/08\\\/31\\\/pres-de-11-tonnes-saisies-en-espagne-et-au-portugal-loffensive-silencieuse-du-cannabis-marocain-en-europe\\\/#breadcrumb\",\"itemListElement\":[{\"@type\":\"ListItem\",\"position\":1,\"name\":\"Accueil\",\"item\":\"https:\\\/\\\/lasentinelle.dz\\\/\"},{\"@type\":\"ListItem\",\"position\":2,\"name\":\"Pr\u00e8s de 11 tonnes saisies en Espagne et au Portugal\u00a0: L\u2019offensive silencieuse du cannabis marocain en Europe\"}]},{\"@type\":\"WebSite\",\"@id\":\"https:\\\/\\\/lasentinelle.dz\\\/#website\",\"url\":\"https:\\\/\\\/lasentinelle.dz\\\/\",\"name\":\"La Sentinelle\",\"description\":\"Quotidien national d&#039;information\",\"publisher\":{\"@id\":\"https:\\\/\\\/lasentinelle.dz\\\/#organization\"},\"potentialAction\":[{\"@type\":\"SearchAction\",\"target\":{\"@type\":\"EntryPoint\",\"urlTemplate\":\"https:\\\/\\\/lasentinelle.dz\\\/?s={search_term_string}\"},\"query-input\":{\"@type\":\"PropertyValueSpecification\",\"valueRequired\":true,\"valueName\":\"search_term_string\"}}],\"inLanguage\":\"fr-FR\"},{\"@type\":\"Organization\",\"@id\":\"https:\\\/\\\/lasentinelle.dz\\\/#organization\",\"name\":\"Quotidien La Sentinelle\",\"url\":\"https:\\\/\\\/lasentinelle.dz\\\/\",\"logo\":{\"@type\":\"ImageObject\",\"inLanguage\":\"fr-FR\",\"@id\":\"https:\\\/\\\/lasentinelle.dz\\\/#\\\/schema\\\/logo\\\/image\\\/\",\"url\":\"https:\\\/\\\/lasentinelle.dz\\\/wp-content\\\/uploads\\\/2021\\\/09\\\/logo-sentinelleSLOGAN-1.png\",\"contentUrl\":\"https:\\\/\\\/lasentinelle.dz\\\/wp-content\\\/uploads\\\/2021\\\/09\\\/logo-sentinelleSLOGAN-1.png\",\"width\":615,\"height\":142,\"caption\":\"Quotidien La Sentinelle\"},\"image\":{\"@id\":\"https:\\\/\\\/lasentinelle.dz\\\/#\\\/schema\\\/logo\\\/image\\\/\"},\"sameAs\":[\"https:\\\/\\\/www.facebook.com\\\/La-Sentinelle-104059864394773\"]},{\"@type\":\"Person\",\"@id\":\"https:\\\/\\\/lasentinelle.dz\\\/#\\\/schema\\\/person\\\/729ee0024f24e0b8c5ec17232f8e8b41\",\"name\":\"admin\",\"image\":{\"@type\":\"ImageObject\",\"inLanguage\":\"fr-FR\",\"@id\":\"https:\\\/\\\/secure.gravatar.com\\\/avatar\\\/4c81fed838786e9b53f540bf46533e750f5d292099ae3b66cfc6fb1982e29df7?s=96&d=mm&r=g\",\"url\":\"https:\\\/\\\/secure.gravatar.com\\\/avatar\\\/4c81fed838786e9b53f540bf46533e750f5d292099ae3b66cfc6fb1982e29df7?s=96&d=mm&r=g\",\"contentUrl\":\"https:\\\/\\\/secure.gravatar.com\\\/avatar\\\/4c81fed838786e9b53f540bf46533e750f5d292099ae3b66cfc6fb1982e29df7?s=96&d=mm&r=g\",\"caption\":\"admin\"},\"description\":\"admin\",\"url\":\"https:\\\/\\\/lasentinelle.dz\\\/author\\\/admin\\\/\"}]}<\/script>\n<!-- \/ Yoast SEO plugin. -->","yoast_head_json":{"title":"Pr\u00e8s de 11 tonnes saisies en Espagne et au Portugal\u00a0: L\u2019offensive silencieuse du cannabis marocain en Europe - La Sentinelle","robots":{"index":"index","follow":"follow","max-snippet":"max-snippet:-1","max-image-preview":"max-image-preview:large","max-video-preview":"max-video-preview:-1"},"canonical":"https:\/\/lasentinelle.dz\/index.php\/2026\/08\/31\/pres-de-11-tonnes-saisies-en-espagne-et-au-portugal-loffensive-silencieuse-du-cannabis-marocain-en-europe\/","og_locale":"fr_FR","og_type":"article","og_title":"Pr\u00e8s de 11 tonnes saisies en Espagne et au Portugal\u00a0: L\u2019offensive silencieuse du cannabis marocain en Europe - La Sentinelle","og_description":"Une op\u00e9ration conjointe men\u00e9e par l&rsquo;Espagne et le Portugal a permis la saisie de 10,6 tonnes de haschich et le","og_url":"https:\/\/lasentinelle.dz\/index.php\/2026\/08\/31\/pres-de-11-tonnes-saisies-en-espagne-et-au-portugal-loffensive-silencieuse-du-cannabis-marocain-en-europe\/","og_site_name":"La Sentinelle","article_publisher":"https:\/\/www.facebook.com\/La-Sentinelle-104059864394773","article_published_time":"2026-08-31T10:19:03+00:00","article_modified_time":"2026-08-31T10:19:09+00:00","og_image":[{"width":1317,"height":878,"url":"https:\/\/lasentinelle.dz\/wp-content\/uploads\/2026\/08\/drogue-maroc-espagne.png","type":"image\/png"}],"author":"admin","twitter_card":"summary_large_image","twitter_misc":{"\u00c9crit par":"admin","Dur\u00e9e de lecture estim\u00e9e":"3 minutes"},"schema":{"@context":"https:\/\/schema.org","@graph":[{"@type":"Article","@id":"https:\/\/lasentinelle.dz\/index.php\/2026\/08\/31\/pres-de-11-tonnes-saisies-en-espagne-et-au-portugal-loffensive-silencieuse-du-cannabis-marocain-en-europe\/#article","isPartOf":{"@id":"https:\/\/lasentinelle.dz\/index.php\/2026\/08\/31\/pres-de-11-tonnes-saisies-en-espagne-et-au-portugal-loffensive-silencieuse-du-cannabis-marocain-en-europe\/"},"author":{"name":"admin","@id":"https:\/\/lasentinelle.dz\/#\/schema\/person\/729ee0024f24e0b8c5ec17232f8e8b41"},"headline":"Pr\u00e8s de 11 tonnes saisies en Espagne et au Portugal\u00a0: L\u2019offensive silencieuse du cannabis marocain en Europe","datePublished":"2026-08-31T10:19:03+00:00","dateModified":"2026-08-31T10:19:09+00:00","mainEntityOfPage":{"@id":"https:\/\/lasentinelle.dz\/index.php\/2026\/08\/31\/pres-de-11-tonnes-saisies-en-espagne-et-au-portugal-loffensive-silencieuse-du-cannabis-marocain-en-europe\/"},"wordCount":573,"commentCount":0,"publisher":{"@id":"https:\/\/lasentinelle.dz\/#organization"},"image":{"@id":"https:\/\/lasentinelle.dz\/index.php\/2026\/08\/31\/pres-de-11-tonnes-saisies-en-espagne-et-au-portugal-loffensive-silencieuse-du-cannabis-marocain-en-europe\/#primaryimage"},"thumbnailUrl":"https:\/\/lasentinelle.dz\/wp-content\/uploads\/2026\/08\/drogue-maroc-espagne.png","articleSection":["\u00c0 la Une","Monde"],"inLanguage":"fr-FR","potentialAction":[{"@type":"CommentAction","name":"Comment","target":["https:\/\/lasentinelle.dz\/index.php\/2026\/08\/31\/pres-de-11-tonnes-saisies-en-espagne-et-au-portugal-loffensive-silencieuse-du-cannabis-marocain-en-europe\/#respond"]}]},{"@type":"WebPage","@id":"https:\/\/lasentinelle.dz\/index.php\/2026\/08\/31\/pres-de-11-tonnes-saisies-en-espagne-et-au-portugal-loffensive-silencieuse-du-cannabis-marocain-en-europe\/","url":"https:\/\/lasentinelle.dz\/index.php\/2026\/08\/31\/pres-de-11-tonnes-saisies-en-espagne-et-au-portugal-loffensive-silencieuse-du-cannabis-marocain-en-europe\/","name":"Pr\u00e8s de 11 tonnes saisies en Espagne et au Portugal\u00a0: L\u2019offensive silencieuse du cannabis marocain en Europe - La Sentinelle","isPartOf":{"@id":"https:\/\/lasentinelle.dz\/#website"},"primaryImageOfPage":{"@id":"https:\/\/lasentinelle.dz\/index.php\/2026\/08\/31\/pres-de-11-tonnes-saisies-en-espagne-et-au-portugal-loffensive-silencieuse-du-cannabis-marocain-en-europe\/#primaryimage"},"image":{"@id":"https:\/\/lasentinelle.dz\/index.php\/2026\/08\/31\/pres-de-11-tonnes-saisies-en-espagne-et-au-portugal-loffensive-silencieuse-du-cannabis-marocain-en-europe\/#primaryimage"},"thumbnailUrl":"https:\/\/lasentinelle.dz\/wp-content\/uploads\/2026\/08\/drogue-maroc-espagne.png","datePublished":"2026-08-31T10:19:03+00:00","dateModified":"2026-08-31T10:19:09+00:00","breadcrumb":{"@id":"https:\/\/lasentinelle.dz\/index.php\/2026\/08\/31\/pres-de-11-tonnes-saisies-en-espagne-et-au-portugal-loffensive-silencieuse-du-cannabis-marocain-en-europe\/#breadcrumb"},"inLanguage":"fr-FR","potentialAction":[{"@type":"ReadAction","target":["https:\/\/lasentinelle.dz\/index.php\/2026\/08\/31\/pres-de-11-tonnes-saisies-en-espagne-et-au-portugal-loffensive-silencieuse-du-cannabis-marocain-en-europe\/"]}]},{"@type":"ImageObject","inLanguage":"fr-FR","@id":"https:\/\/lasentinelle.dz\/index.php\/2026\/08\/31\/pres-de-11-tonnes-saisies-en-espagne-et-au-portugal-loffensive-silencieuse-du-cannabis-marocain-en-europe\/#primaryimage","url":"https:\/\/lasentinelle.dz\/wp-content\/uploads\/2026\/08\/drogue-maroc-espagne.png","contentUrl":"https:\/\/lasentinelle.dz\/wp-content\/uploads\/2026\/08\/drogue-maroc-espagne.png","width":1317,"height":878},{"@type":"BreadcrumbList","@id":"https:\/\/lasentinelle.dz\/index.php\/2026\/08\/31\/pres-de-11-tonnes-saisies-en-espagne-et-au-portugal-loffensive-silencieuse-du-cannabis-marocain-en-europe\/#breadcrumb","itemListElement":[{"@type":"ListItem","position":1,"name":"Accueil","item":"https:\/\/lasentinelle.dz\/"},{"@type":"ListItem","position":2,"name":"Pr\u00e8s de 11 tonnes saisies en Espagne et au Portugal\u00a0: L\u2019offensive silencieuse du cannabis marocain en Europe"}]},{"@type":"WebSite","@id":"https:\/\/lasentinelle.dz\/#website","url":"https:\/\/lasentinelle.dz\/","name":"La Sentinelle","description":"Quotidien national d&#039;information","publisher":{"@id":"https:\/\/lasentinelle.dz\/#organization"},"potentialAction":[{"@type":"SearchAction","target":{"@type":"EntryPoint","urlTemplate":"https:\/\/lasentinelle.dz\/?s={search_term_string}"},"query-input":{"@type":"PropertyValueSpecification","valueRequired":true,"valueName":"search_term_string"}}],"inLanguage":"fr-FR"},{"@type":"Organization","@id":"https:\/\/lasentinelle.dz\/#organization","name":"Quotidien La Sentinelle","url":"https:\/\/lasentinelle.dz\/","logo":{"@type":"ImageObject","inLanguage":"fr-FR","@id":"https:\/\/lasentinelle.dz\/#\/schema\/logo\/image\/","url":"https:\/\/lasentinelle.dz\/wp-content\/uploads\/2021\/09\/logo-sentinelleSLOGAN-1.png","contentUrl":"https:\/\/lasentinelle.dz\/wp-content\/uploads\/2021\/09\/logo-sentinelleSLOGAN-1.png","width":615,"height":142,"caption":"Quotidien La Sentinelle"},"image":{"@id":"https:\/\/lasentinelle.dz\/#\/schema\/logo\/image\/"},"sameAs":["https:\/\/www.facebook.com\/La-Sentinelle-104059864394773"]},{"@type":"Person","@id":"https:\/\/lasentinelle.dz\/#\/schema\/person\/729ee0024f24e0b8c5ec17232f8e8b41","name":"admin","image":{"@type":"ImageObject","inLanguage":"fr-FR","@id":"https:\/\/secure.gravatar.com\/avatar\/4c81fed838786e9b53f540bf46533e750f5d292099ae3b66cfc6fb1982e29df7?s=96&d=mm&r=g","url":"https:\/\/secure.gravatar.com\/avatar\/4c81fed838786e9b53f540bf46533e750f5d292099ae3b66cfc6fb1982e29df7?s=96&d=mm&r=g","contentUrl":"https:\/\/secure.gravatar.com\/avatar\/4c81fed838786e9b53f540bf46533e750f5d292099ae3b66cfc6fb1982e29df7?s=96&d=mm&r=g","caption":"admin"},"description":"admin","url":"https:\/\/lasentinelle.dz\/author\/admin\/"}]}},"_links":{"self":[{"href":"https:\/\/lasentinelle.dz\/index.php\/wp-json\/wp\/v2\/posts\/94611","targetHints":{"allow":["GET"]}}],"collection":[{"href":"https:\/\/lasentinelle.dz\/index.php\/wp-json\/wp\/v2\/posts"}],"about":[{"href":"https:\/\/lasentinelle.dz\/index.php\/wp-json\/wp\/v2\/types\/post"}],"author":[{"embeddable":true,"href":"https:\/\/lasentinelle.dz\/index.php\/wp-json\/wp\/v2\/users\/6"}],"replies":[{"embeddable":true,"href":"https:\/\/lasentinelle.dz\/index.php\/wp-json\/wp\/v2\/comments?post=94611"}],"version-history":[{"count":1,"href":"https:\/\/lasentinelle.dz\/index.php\/wp-json\/wp\/v2\/posts\/94611\/revisions"}],"predecessor-version":[{"id":94613,"href":"https:\/\/lasentinelle.dz\/index.php\/wp-json\/wp\/v2\/posts\/94611\/revisions\/94613"}],"wp:featuredmedia":[{"embeddable":true,"href":"https:\/\/lasentinelle.dz\/index.php\/wp-json\/wp\/v2\/media\/94612"}],"wp:attachment":[{"href":"https:\/\/lasentinelle.dz\/index.php\/wp-json\/wp\/v2\/media?parent=94611"}],"wp:term":[{"taxonomy":"category","embeddable":true,"href":"https:\/\/lasentinelle.dz\/index.php\/wp-json\/wp\/v2\/categories?post=94611"},{"taxonomy":"post_tag","embeddable":true,"href":"https:\/\/lasentinelle.dz\/index.php\/wp-json\/wp\/v2\/tags?post=94611"}],"curies":[{"name":"wp","href":"https:\/\/api.w.org\/{rel}","templated":true}]}}